{"id":21063,"date":"2024-08-19T15:19:02","date_gmt":"2024-08-19T18:19:02","guid":{"rendered":"https:\/\/www.mpc.pr.gov.br\/?p=21063"},"modified":"2024-08-27T10:07:35","modified_gmt":"2024-08-27T13:07:35","slug":"procurador-geral-do-mpc-pr-discute-politicas-publicas-inclusivas-no-xii-forum-nacional-do-ministerio-publico-de-contas","status":"publish","type":"post","link":"https:\/\/www.mpc.pr.gov.br\/index.php\/procurador-geral-do-mpc-pr-discute-politicas-publicas-inclusivas-no-xii-forum-nacional-do-ministerio-publico-de-contas\/","title":{"rendered":"Procurador-Geral do MPC-PR discute \u201cPol\u00edticas P\u00fablicas Inclusivas\u201d no XII F\u00f3rum Nacional do Minist\u00e9rio P\u00fablico de Contas"},"content":{"rendered":"<p><span data-contrast=\"auto\"><img fetchpriority=\"high\" decoding=\"async\" class=\"size-medium wp-image-21061 alignleft\" src=\"https:\/\/www.mpc.pr.gov.br\/wp-content\/uploads\/2024\/08\/53925550578_dc983845fe_k-300x200.jpg\" alt=\"\" width=\"300\" height=\"200\" srcset=\"https:\/\/www.mpc.pr.gov.br\/wp-content\/uploads\/2024\/08\/53925550578_dc983845fe_k-300x200.jpg 300w, https:\/\/www.mpc.pr.gov.br\/wp-content\/uploads\/2024\/08\/53925550578_dc983845fe_k-1024x683.jpg 1024w, https:\/\/www.mpc.pr.gov.br\/wp-content\/uploads\/2024\/08\/53925550578_dc983845fe_k-768x512.jpg 768w, https:\/\/www.mpc.pr.gov.br\/wp-content\/uploads\/2024\/08\/53925550578_dc983845fe_k-1536x1025.jpg 1536w, https:\/\/www.mpc.pr.gov.br\/wp-content\/uploads\/2024\/08\/53925550578_dc983845fe_k.jpg 2048w\" sizes=\"(max-width: 300px) 100vw, 300px\" \/>O Procurador-Geral do Minist\u00e9rio P\u00fablico de Contas do Estado do Paran\u00e1 (MPC-PR), Gabriel Guy L\u00e9ger, foi um dos palestrantes do XII F\u00f3rum Nacional do Minist\u00e9rio P\u00fablico de Contas, realizado em Aracaju (SE), entre os dias 14 e 16 de agosto. Com o tema \u201cNosso Trabalho Transformando Vidas\u201d, o evento reuniu Procuradores de Contas de todo o Brasil com o objetivo de discutir pr\u00e1ticas de fiscaliza\u00e7\u00e3o e a import\u00e2ncia das pol\u00edticas p\u00fablicas para a transforma\u00e7\u00e3o social, al\u00e9m de proporcionar um espa\u00e7o para troca de experi\u00eancia entre os membros e servidores dos \u00f3rg\u00e3os participantes.\u00a0<\/span><span data-ccp-props=\"{&quot;134233117&quot;:false,&quot;134233118&quot;:false,&quot;201341983&quot;:0,&quot;335551550&quot;:6,&quot;335551620&quot;:6,&quot;335559738&quot;:240,&quot;335559739&quot;:240,&quot;335559740&quot;:360}\">\u00a0<\/span><\/p>\n<p><span data-contrast=\"auto\">Durante o segundo dia do f\u00f3rum (15 de agosto), o Procurador-Geral integrou o painel \u201cPol\u00edticas P\u00fablicas Inclusivas\u201d, junto com a Procuradora do Minist\u00e9rio P\u00fablico de Goi\u00e1s (MPC-GO), Maisa Castro, e o Procurador do Minist\u00e9rio P\u00fablico de Contas junto ao Tribunal de Contas dos Munic\u00edpios de Goi\u00e1s (MPCm-GO), Jos\u00e9 Gustavo Athayde.<\/span><span data-ccp-props=\"{&quot;134233117&quot;:false,&quot;134233118&quot;:false,&quot;201341983&quot;:0,&quot;335551550&quot;:6,&quot;335551620&quot;:6,&quot;335559738&quot;:240,&quot;335559739&quot;:240,&quot;335559740&quot;:360}\">\u00a0<\/span><\/p>\n<p><span data-contrast=\"auto\"><img decoding=\"async\" class=\"size-medium wp-image-21062 alignright\" src=\"https:\/\/www.mpc.pr.gov.br\/wp-content\/uploads\/2024\/08\/53925657169_a07dce4e4f_k-300x200.jpg\" alt=\"\" width=\"300\" height=\"200\" srcset=\"https:\/\/www.mpc.pr.gov.br\/wp-content\/uploads\/2024\/08\/53925657169_a07dce4e4f_k-300x200.jpg 300w, https:\/\/www.mpc.pr.gov.br\/wp-content\/uploads\/2024\/08\/53925657169_a07dce4e4f_k-1024x683.jpg 1024w, https:\/\/www.mpc.pr.gov.br\/wp-content\/uploads\/2024\/08\/53925657169_a07dce4e4f_k-768x512.jpg 768w, https:\/\/www.mpc.pr.gov.br\/wp-content\/uploads\/2024\/08\/53925657169_a07dce4e4f_k-1536x1025.jpg 1536w, https:\/\/www.mpc.pr.gov.br\/wp-content\/uploads\/2024\/08\/53925657169_a07dce4e4f_k.jpg 2048w\" sizes=\"(max-width: 300px) 100vw, 300px\" \/>L\u00e9ger fez uma breve retrospectiva da campanha nacional \u201cMinist\u00e9rio P\u00fablico de Contas pela Acessibilidade Total\u201d, desenvolvida ao longo dos anos de 2011 a 2016, que teve como objetivo promover a fiscaliza\u00e7\u00e3o e o acompanhamento das pol\u00edticas p\u00fablicas de acessibilidade relacionadas a mobilidade.\u00a0<\/span><span data-ccp-props=\"{&quot;134233117&quot;:false,&quot;134233118&quot;:false,&quot;201341983&quot;:0,&quot;335551550&quot;:6,&quot;335551620&quot;:6,&quot;335559738&quot;:240,&quot;335559739&quot;:240,&quot;335559740&quot;:360}\">\u00a0<\/span><\/p>\n<p><span data-contrast=\"auto\">Em sua fala, ele enfatizou a import\u00e2ncia de olhar para a diversidade da sociedade, pois a inclus\u00e3o vai al\u00e9m das pessoas com defici\u00eancia, abrangendo tamb\u00e9m grupos como gestantes e idosos. <\/span><span data-ccp-props=\"{&quot;134233117&quot;:false,&quot;134233118&quot;:false,&quot;201341983&quot;:0,&quot;335551550&quot;:6,&quot;335551620&quot;:6,&quot;335559738&quot;:240,&quot;335559739&quot;:240,&quot;335559740&quot;:360}\">\u00a0<\/span><\/p>\n<p><span data-contrast=\"auto\">\u201cAs pol\u00edticas p\u00fablicas de inclus\u00e3o s\u00e3o muitas, s\u00e3o variadas e n\u00f3s temos que ter um olhar atento para que a gente incentive os munic\u00edpios e as administra\u00e7\u00f5es estaduais e federal a continuar sempre com os projetos de inclus\u00e3o, <img decoding=\"async\" class=\"size-medium wp-image-21064 alignright\" src=\"https:\/\/www.mpc.pr.gov.br\/wp-content\/uploads\/2024\/08\/53925657119_3a7921c535_k-300x200.jpg\" alt=\"\" width=\"300\" height=\"200\" srcset=\"https:\/\/www.mpc.pr.gov.br\/wp-content\/uploads\/2024\/08\/53925657119_3a7921c535_k-300x200.jpg 300w, https:\/\/www.mpc.pr.gov.br\/wp-content\/uploads\/2024\/08\/53925657119_3a7921c535_k-1024x683.jpg 1024w, https:\/\/www.mpc.pr.gov.br\/wp-content\/uploads\/2024\/08\/53925657119_3a7921c535_k-768x512.jpg 768w, https:\/\/www.mpc.pr.gov.br\/wp-content\/uploads\/2024\/08\/53925657119_3a7921c535_k-1536x1025.jpg 1536w, https:\/\/www.mpc.pr.gov.br\/wp-content\/uploads\/2024\/08\/53925657119_3a7921c535_k.jpg 2048w\" sizes=\"(max-width: 300px) 100vw, 300px\" \/>porque \u00e9 uma maneira de voc\u00ea facilitar a vida das pessoas, e n\u00e3o s\u00f3 pensando nas pessoas com defici\u00eancia. \u00c9 a sociedade como um todo, porque a gestante, o obeso, a pessoa com mais idade, ela tamb\u00e9m precisa ter alguma pol\u00edtica p\u00fablica que olhe para ela, que perceba as suas dificuldades e que ajude a ter uma vida com mais qualidade\u201d, destacou o Procurador-Geral do MPC-PR.<\/span><span data-ccp-props=\"{&quot;134233117&quot;:false,&quot;134233118&quot;:false,&quot;201341983&quot;:0,&quot;335551550&quot;:6,&quot;335551620&quot;:6,&quot;335559738&quot;:240,&quot;335559739&quot;:240,&quot;335559740&quot;:360}\">\u00a0<\/span><\/p>\n<p><span data-contrast=\"auto\">Na mesma linha, a Procuradora Maisa Castro ressaltou o papel fundamental do MPC como catalisador das pol\u00edticas p\u00fablicas de inclus\u00e3o. J\u00e1 o Procurador Jos\u00e9 Gustavo Athayde falou sobre o trabalho realizado pelo MPCm-GO junto aos gestores para garantir o cumprimento dos requisitos de acessibilidade em obras p\u00fablicas. <\/span><span data-ccp-props=\"{&quot;134233117&quot;:false,&quot;134233118&quot;:false,&quot;201341983&quot;:0,&quot;335551550&quot;:6,&quot;335551620&quot;:6,&quot;335559738&quot;:240,&quot;335559739&quot;:240,&quot;335559740&quot;:360}\">\u00a0<\/span><\/p>\n<p><b><span data-contrast=\"auto\">A Reuni\u00e3o dos Procuradores<\/span><\/b><span data-ccp-props=\"{&quot;134233117&quot;:false,&quot;134233118&quot;:false,&quot;201341983&quot;:0,&quot;335551550&quot;:6,&quot;335551620&quot;:6,&quot;335559738&quot;:240,&quot;335559739&quot;:240,&quot;335559740&quot;:360}\">\u00a0<\/span><\/p>\n<p><span data-contrast=\"auto\">Antes da abertura oficial do XII F\u00f3rum, o Procurador-Geral Gabriel Guy L\u00e9ger participou de uma reuni\u00e3o restrita aos membros da carreira, que foi conduzida pelo Presidente da Associa\u00e7\u00e3o Nacional do Minist\u00e9rio P\u00fablico de Contas e Procurador do Minist\u00e9rio P\u00fablico de Contas de Sergipe (MPC-SE), Jo\u00e3o Augusto Bandeira de Mello.<\/span><span data-ccp-props=\"{&quot;134233117&quot;:false,&quot;134233118&quot;:false,&quot;201341983&quot;:0,&quot;335551550&quot;:6,&quot;335551620&quot;:6,&quot;335559738&quot;:240,&quot;335559739&quot;:240,&quot;335559740&quot;:360}\">\u00a0<\/span><\/p>\n<p><span data-contrast=\"auto\"><img loading=\"lazy\" decoding=\"async\" class=\"size-medium wp-image-21065 alignleft\" src=\"https:\/\/www.mpc.pr.gov.br\/wp-content\/uploads\/2024\/08\/53921612472_3c94e44f8b_o-300x200.jpg\" alt=\"\" width=\"300\" height=\"200\" srcset=\"https:\/\/www.mpc.pr.gov.br\/wp-content\/uploads\/2024\/08\/53921612472_3c94e44f8b_o-300x200.jpg 300w, https:\/\/www.mpc.pr.gov.br\/wp-content\/uploads\/2024\/08\/53921612472_3c94e44f8b_o-1024x683.jpg 1024w, https:\/\/www.mpc.pr.gov.br\/wp-content\/uploads\/2024\/08\/53921612472_3c94e44f8b_o-768x512.jpg 768w, https:\/\/www.mpc.pr.gov.br\/wp-content\/uploads\/2024\/08\/53921612472_3c94e44f8b_o-1536x1024.jpg 1536w, https:\/\/www.mpc.pr.gov.br\/wp-content\/uploads\/2024\/08\/53921612472_3c94e44f8b_o-2048x1366.jpg 2048w\" sizes=\"(max-width: 300px) 100vw, 300px\" \/>Um dos temas abordados por L\u00e9ger foi o cen\u00e1rio das Corregedorias dos MPCs, que tamb\u00e9m contou com a exposi\u00e7\u00e3o por parte dos Procuradores e Procuradoras Cl\u00e9sio Cunha (MPC-AP), Rodrigo Medeiros de Lima (MPC-TCU), De\u00edla Maia (MPC-PA) e \u00c9rika Saldanha (MPC-RO).<\/span><span data-ccp-props=\"{&quot;134233117&quot;:false,&quot;134233118&quot;:false,&quot;201341983&quot;:0,&quot;335551550&quot;:6,&quot;335551620&quot;:6,&quot;335559738&quot;:240,&quot;335559739&quot;:240,&quot;335559740&quot;:360}\">\u00a0<\/span><\/p>\n<p><span data-contrast=\"auto\">A reuni\u00e3o ainda incluiu discuss\u00f5es sobre experi\u00eancias internacionais na gest\u00e3o de recursos p\u00fablicos, conduzidas pelo Procurador do Minist\u00e9rio P\u00fablico junto ao Tribunal de Contas da Uni\u00e3o (MPC-TCU), Rodrigo Medeiros. J\u00e1 a Procuradora do Minist\u00e9rio P\u00fablico da Bahia (MPC-BA), Camila Luz, explicou como acontece o painel dos festejos juninos no estado baiano, uma ferramenta que disponibiliza a transpar\u00eancia das contrata\u00e7\u00f5es para os eventos.<\/span><span data-ccp-props=\"{&quot;134233117&quot;:false,&quot;134233118&quot;:false,&quot;201341983&quot;:0,&quot;335551550&quot;:6,&quot;335551620&quot;:6,&quot;335559738&quot;:240,&quot;335559739&quot;:240,&quot;335559740&quot;:360}\">\u00a0<\/span><\/p>\n<p><span data-contrast=\"auto\">Al\u00e9m dos Procuradores de Sergipe, estiveram presentes procuradores do TCU, Santa Catarina, Par\u00e1, Tocantins, Amazonas, Paran\u00e1, Rio de Janeiro, Distrito Federal, Cear\u00e1, Acre, Amap\u00e1, Piau\u00ed, Bahia, Mato Grosso, Mato Grosso do Sul, Rond\u00f4nia, Minas Gerais, Goi\u00e1s e Pernambuco.<\/span><span data-ccp-props=\"{&quot;134233117&quot;:false,&quot;134233118&quot;:false,&quot;201341983&quot;:0,&quot;335551550&quot;:6,&quot;335551620&quot;:6,&quot;335559738&quot;:240,&quot;335559739&quot;:240,&quot;335559740&quot;:360}\">\u00a0<\/span><\/p>\n<p><span data-contrast=\"auto\">Ao longo dos tr\u00eas dias, al\u00e9m das quest\u00f5es sobre inclus\u00e3o, temas como educa\u00e7\u00e3o, igualdade de g\u00eanero, meio ambiente e auditoria p\u00fablica foram discutidos, refor\u00e7ando o compromisso do Minist\u00e9rio P\u00fablico de Contas na promo\u00e7\u00e3o da efici\u00eancia da gest\u00e3o p\u00fablica e na garantia dos dos direitos dos cidad\u00e3os.<\/span><span data-ccp-props=\"{&quot;134233117&quot;:false,&quot;134233118&quot;:false,&quot;201341983&quot;:0,&quot;335551550&quot;:6,&quot;335551620&quot;:6,&quot;335559685&quot;:0,&quot;335559738&quot;:240,&quot;335559739&quot;:240,&quot;335559740&quot;:360}\">\u00a0<\/span><\/p>\n<p><b><span data-contrast=\"auto\">Boas pr\u00e1ticas do MPC-PR: compartilhando ideias<\/span><\/b><span data-ccp-props=\"{&quot;134233117&quot;:false,&quot;134233118&quot;:false,&quot;201341983&quot;:0,&quot;335551550&quot;:6,&quot;335551620&quot;:6,&quot;335559738&quot;:240,&quot;335559739&quot;:240,&quot;335559740&quot;:360}\">\u00a0<\/span><\/p>\n<p><span data-contrast=\"auto\"><img loading=\"lazy\" decoding=\"async\" class=\"alignleft wp-image-21067 size-medium\" src=\"https:\/\/www.mpc.pr.gov.br\/wp-content\/uploads\/2024\/08\/20240815_153730-scaled-e1724091208608-214x300.jpg\" alt=\"\" width=\"214\" height=\"300\" srcset=\"https:\/\/www.mpc.pr.gov.br\/wp-content\/uploads\/2024\/08\/20240815_153730-scaled-e1724091208608-214x300.jpg 214w, https:\/\/www.mpc.pr.gov.br\/wp-content\/uploads\/2024\/08\/20240815_153730-scaled-e1724091208608-732x1024.jpg 732w, https:\/\/www.mpc.pr.gov.br\/wp-content\/uploads\/2024\/08\/20240815_153730-scaled-e1724091208608-768x1075.jpg 768w, https:\/\/www.mpc.pr.gov.br\/wp-content\/uploads\/2024\/08\/20240815_153730-scaled-e1724091208608-1098x1536.jpg 1098w, https:\/\/www.mpc.pr.gov.br\/wp-content\/uploads\/2024\/08\/20240815_153730-scaled-e1724091208608.jpg 1442w\" sizes=\"(max-width: 214px) 100vw, 214px\" \/>Durante o evento, tamb\u00e9m foi montado um stand para que os \u00f3rg\u00e3os compartilhassem materiais informativos sobre a\u00e7\u00f5es, projetos e boas pr\u00e1ticas realizadas no \u00e2mbito do controle externo.<\/span><span data-ccp-props=\"{&quot;134233117&quot;:false,&quot;134233118&quot;:false,&quot;201341983&quot;:0,&quot;335551550&quot;:6,&quot;335551620&quot;:6,&quot;335559738&quot;:240,&quot;335559739&quot;:240,&quot;335559740&quot;:360}\">\u00a0<\/span><\/p>\n<p><span data-contrast=\"auto\">O Minist\u00e9rio P\u00fablico de Contas do Paran\u00e1 disponibilizou um folder com informa\u00e7\u00f5es sobre suas publica\u00e7\u00f5es (revista, manuais e cartilhas), que fazem parte de uma iniciativa educativa que visa promover a orienta\u00e7\u00e3o de gestores e servidores p\u00fablicos, bem como auxiliar o cidad\u00e3o. Dentre os materiais destacados est\u00e3o:<\/span><span data-ccp-props=\"{&quot;134233117&quot;:false,&quot;134233118&quot;:false,&quot;201341983&quot;:0,&quot;335551550&quot;:6,&quot;335551620&quot;:6,&quot;335559738&quot;:240,&quot;335559739&quot;:240,&quot;335559740&quot;:360}\">\u00a0<\/span><\/p>\n<ul>\n<li data-leveltext=\"\uf0b7\" data-font=\"Symbol\" data-listid=\"1\" data-list-defn-props=\"{&quot;335552541&quot;:1,&quot;335559685&quot;:720,&quot;335559991&quot;:360,&quot;469769226&quot;:&quot;Symbol&quot;,&quot;469769242&quot;:[8226],&quot;469777803&quot;:&quot;left&quot;,&quot;469777804&quot;:&quot;\uf0b7&quot;,&quot;469777815&quot;:&quot;hybridMultilevel&quot;}\" aria-setsize=\"-1\" data-aria-posinset=\"1\" data-aria-level=\"1\"><span data-contrast=\"auto\"><a href=\"https:\/\/revista.mpc.pr.gov.br\/index.php\/RMPCPR\/index\">Revista do MPC-PR (estrato B3 Qualis Peri\u00f3dico)<\/a>;<\/span><span data-ccp-props=\"{&quot;134233117&quot;:false,&quot;134233118&quot;:false,&quot;201341983&quot;:0,&quot;335551550&quot;:6,&quot;335551620&quot;:6,&quot;335559738&quot;:240,&quot;335559739&quot;:240,&quot;335559740&quot;:360}\">\u00a0<\/span><\/li>\n<\/ul>\n<ul>\n<li data-leveltext=\"\uf0b7\" data-font=\"Symbol\" data-listid=\"1\" data-list-defn-props=\"{&quot;335552541&quot;:1,&quot;335559685&quot;:720,&quot;335559991&quot;:360,&quot;469769226&quot;:&quot;Symbol&quot;,&quot;469769242&quot;:[8226],&quot;469777803&quot;:&quot;left&quot;,&quot;469777804&quot;:&quot;\uf0b7&quot;,&quot;469777815&quot;:&quot;hybridMultilevel&quot;}\" aria-setsize=\"-1\" data-aria-posinset=\"2\" data-aria-level=\"1\"><span data-contrast=\"auto\"><a href=\"https:\/\/www.mpc.pr.gov.br\/index.php\/guia-de-boas-praticas-portais-da-transparencia\/\">Guia de Boas Pr\u00e1ticas: Portais da Transpar\u00eancia<\/a>;<\/span><span data-ccp-props=\"{&quot;134233117&quot;:false,&quot;134233118&quot;:false,&quot;201341983&quot;:0,&quot;335551550&quot;:6,&quot;335551620&quot;:6,&quot;335559738&quot;:240,&quot;335559739&quot;:240,&quot;335559740&quot;:360}\">\u00a0<\/span><\/li>\n<\/ul>\n<ul>\n<li data-leveltext=\"\uf0b7\" data-font=\"Symbol\" data-listid=\"1\" data-list-defn-props=\"{&quot;335552541&quot;:1,&quot;335559685&quot;:720,&quot;335559991&quot;:360,&quot;469769226&quot;:&quot;Symbol&quot;,&quot;469769242&quot;:[8226],&quot;469777803&quot;:&quot;left&quot;,&quot;469777804&quot;:&quot;\uf0b7&quot;,&quot;469777815&quot;:&quot;hybridMultilevel&quot;}\" aria-setsize=\"-1\" data-aria-posinset=\"3\" data-aria-level=\"1\"><span data-contrast=\"auto\"><a href=\"https:\/\/www.mpc.pr.gov.br\/index.php\/manual-de-orientacao-aos-gestores-alimentacao-escolar\/\">Manual de Orienta\u00e7\u00e3o aos Gestores: Alimenta\u00e7\u00e3o Escolar<\/a>;<\/span><span data-ccp-props=\"{&quot;134233117&quot;:false,&quot;134233118&quot;:false,&quot;201341983&quot;:0,&quot;335551550&quot;:6,&quot;335551620&quot;:6,&quot;335559738&quot;:240,&quot;335559739&quot;:240,&quot;335559740&quot;:360}\">\u00a0<\/span><\/li>\n<\/ul>\n<ul>\n<li data-leveltext=\"\uf0b7\" data-font=\"Symbol\" data-listid=\"1\" data-list-defn-props=\"{&quot;335552541&quot;:1,&quot;335559685&quot;:720,&quot;335559991&quot;:360,&quot;469769226&quot;:&quot;Symbol&quot;,&quot;469769242&quot;:[8226],&quot;469777803&quot;:&quot;left&quot;,&quot;469777804&quot;:&quot;\uf0b7&quot;,&quot;469777815&quot;:&quot;hybridMultilevel&quot;}\" aria-setsize=\"-1\" data-aria-posinset=\"4\" data-aria-level=\"1\"><span data-contrast=\"auto\"><a href=\"https:\/\/www.mpc.pr.gov.br\/index.php\/cartilha-mpc-explica-para-voce-lgpd-x-lai\/\">Cartilha MPC Explica pra Voc\u00ea: LAI x LGPD<\/a>;<\/span><span data-ccp-props=\"{&quot;134233117&quot;:false,&quot;134233118&quot;:false,&quot;201341983&quot;:0,&quot;335551550&quot;:6,&quot;335551620&quot;:6,&quot;335559738&quot;:240,&quot;335559739&quot;:240,&quot;335559740&quot;:360}\">\u00a0<\/span><\/li>\n<\/ul>\n<ul>\n<li data-leveltext=\"\uf0b7\" data-font=\"Symbol\" data-listid=\"1\" data-list-defn-props=\"{&quot;335552541&quot;:1,&quot;335559685&quot;:720,&quot;335559991&quot;:360,&quot;469769226&quot;:&quot;Symbol&quot;,&quot;469769242&quot;:[8226],&quot;469777803&quot;:&quot;left&quot;,&quot;469777804&quot;:&quot;\uf0b7&quot;,&quot;469777815&quot;:&quot;hybridMultilevel&quot;}\" aria-setsize=\"-1\" data-aria-posinset=\"5\" data-aria-level=\"1\"><span data-contrast=\"auto\"><a href=\"https:\/\/www.mpc.pr.gov.br\/index.php\/cartilha-cidadao-no-controle\/\">Cartilha Cidad\u00e3o no Controle<\/a>.<\/span><span data-ccp-props=\"{&quot;134233117&quot;:false,&quot;134233118&quot;:false,&quot;201341983&quot;:0,&quot;335551550&quot;:6,&quot;335551620&quot;:6,&quot;335559738&quot;:240,&quot;335559739&quot;:240,&quot;335559740&quot;:360}\">\u00a0<\/span><\/li>\n<\/ul>\n<p><span data-contrast=\"auto\"><img loading=\"lazy\" decoding=\"async\" class=\"size-medium wp-image-21068 alignright\" src=\"https:\/\/www.mpc.pr.gov.br\/wp-content\/uploads\/2024\/08\/20240815_091429-scaled-e1724091168315-243x300.jpg\" alt=\"\" width=\"243\" height=\"300\" srcset=\"https:\/\/www.mpc.pr.gov.br\/wp-content\/uploads\/2024\/08\/20240815_091429-scaled-e1724091168315-243x300.jpg 243w, https:\/\/www.mpc.pr.gov.br\/wp-content\/uploads\/2024\/08\/20240815_091429-scaled-e1724091168315-830x1024.jpg 830w, https:\/\/www.mpc.pr.gov.br\/wp-content\/uploads\/2024\/08\/20240815_091429-scaled-e1724091168315-768x947.jpg 768w, https:\/\/www.mpc.pr.gov.br\/wp-content\/uploads\/2024\/08\/20240815_091429-scaled-e1724091168315-1245x1536.jpg 1245w, https:\/\/www.mpc.pr.gov.br\/wp-content\/uploads\/2024\/08\/20240815_091429-scaled-e1724091168315.jpg 1442w\" sizes=\"(max-width: 243px) 100vw, 243px\" \/>Al\u00e9m do MPC-PR, tamb\u00e9m participaram do stand o Minist\u00e9rio P\u00fablico de Contas do Par\u00e1 (MPC-PR), que disponibilizou exemplares da edi\u00e7\u00e3o n\u00b0 3 da sua Revista institucional, e o Minist\u00e9rio P\u00fablico de Contas de Minas Gerais (MG), que distribuiu c\u00f3pias do seu boletim informativo \u201cMPC Not\u00edcias\u201d, do m\u00eas de junho (edi\u00e7\u00e3o n\u00b0 25).<\/span><span data-ccp-props=\"{&quot;134233117&quot;:false,&quot;134233118&quot;:false,&quot;201341983&quot;:0,&quot;335551550&quot;:6,&quot;335551620&quot;:6,&quot;335559685&quot;:0,&quot;335559738&quot;:240,&quot;335559739&quot;:240,&quot;335559740&quot;:360}\">\u00a0<\/span><\/p>\n<p><b><span data-contrast=\"auto\">IV Encontro de Comunica\u00e7\u00e3o do MPC Brasileiro<\/span><\/b><span data-ccp-props=\"{&quot;134233117&quot;:false,&quot;134233118&quot;:false,&quot;201341983&quot;:0,&quot;335551550&quot;:6,&quot;335551620&quot;:6,&quot;335559685&quot;:0,&quot;335559738&quot;:240,&quot;335559739&quot;:240,&quot;335559740&quot;:360}\">\u00a0<\/span><\/p>\n<p><span data-contrast=\"auto\">Representando o Minist\u00e9rio P\u00fablico de Contas do Paran\u00e1, as assessoras do N\u00facleo de Comunica\u00e7\u00e3o, Giovanna Menezes Faria e Mykaella Ribeiro Mello, tamb\u00e9m participaram da IV edi\u00e7\u00e3o do Encontro Nacional de Comunica\u00e7\u00e3o do Minist\u00e9rio P\u00fablico de Contas, realizado em Aracaju (SE).<\/span><span data-ccp-props=\"{&quot;134233117&quot;:false,&quot;134233118&quot;:false,&quot;201341983&quot;:0,&quot;335551550&quot;:6,&quot;335551620&quot;:6,&quot;335559685&quot;:0,&quot;335559738&quot;:240,&quot;335559739&quot;:240,&quot;335559740&quot;:360}\">\u00a0<\/span><\/p>\n<p><span data-contrast=\"auto\">O encontro ocorreu paralelamente ao XII F\u00f3rum Nacional do Minist\u00e9rio P\u00fablico de Contas, com objetivo de promover a capacita\u00e7\u00e3o dos assessores de comunica\u00e7\u00e3o e demais servidores que atuam nos \u00f3rg\u00e3os.<\/span><span data-ccp-props=\"{&quot;134233117&quot;:false,&quot;134233118&quot;:false,&quot;201341983&quot;:0,&quot;335551550&quot;:6,&quot;335551620&quot;:6,&quot;335559685&quot;:0,&quot;335559738&quot;:240,&quot;335559739&quot;:240,&quot;335559740&quot;:360}\">\u00a0<\/span><\/p>\n<p><span data-contrast=\"auto\"><img loading=\"lazy\" decoding=\"async\" class=\"size-medium wp-image-21066 alignleft\" src=\"https:\/\/www.mpc.pr.gov.br\/wp-content\/uploads\/2024\/08\/IMG-20240815-WA0011-300x225.jpg\" alt=\"\" width=\"300\" height=\"225\" srcset=\"https:\/\/www.mpc.pr.gov.br\/wp-content\/uploads\/2024\/08\/IMG-20240815-WA0011-300x225.jpg 300w, https:\/\/www.mpc.pr.gov.br\/wp-content\/uploads\/2024\/08\/IMG-20240815-WA0011-1024x768.jpg 1024w, https:\/\/www.mpc.pr.gov.br\/wp-content\/uploads\/2024\/08\/IMG-20240815-WA0011-768x576.jpg 768w, https:\/\/www.mpc.pr.gov.br\/wp-content\/uploads\/2024\/08\/IMG-20240815-WA0011-1536x1152.jpg 1536w, https:\/\/www.mpc.pr.gov.br\/wp-content\/uploads\/2024\/08\/IMG-20240815-WA0011.jpg 1600w\" sizes=\"(max-width: 300px) 100vw, 300px\" \/>No evento, as assessoras do MPC-PR participaram da oficina \u201cInstagram na pr\u00e1tica\u201d, que foi conduzida pela advogada e social media, Marcela Dam\u00e1zio, e pela jornalista Mayusane Matsunae, ambas servidoras do Minist\u00e9rio P\u00fablico de Contas de Sergipe (MPC-SE).<\/span><span data-ccp-props=\"{&quot;134233117&quot;:false,&quot;134233118&quot;:false,&quot;201341983&quot;:0,&quot;335551550&quot;:6,&quot;335551620&quot;:6,&quot;335559685&quot;:0,&quot;335559738&quot;:240,&quot;335559739&quot;:240,&quot;335559740&quot;:360}\">\u00a0<\/span><\/p>\n","protected":false},"excerpt":{"rendered":"<p>O Procurador-Geral do Minist\u00e9rio P\u00fablico de Contas do Estado do Paran\u00e1 (MPC-PR), Gabriel Guy L\u00e9ger, foi um dos palestrantes do XII F\u00f3rum Nacional do Minist\u00e9rio P\u00fablico de Contas, realizado em Aracaju (SE), entre os dias 14 e 16 de agosto. Com o tema \u201cNosso Trabalho Transformando Vidas\u201d, o evento reuniu Procuradores de Contas de todo [&hellip;]<\/p>\n","protected":false},"author":1,"featured_media":21061,"comment_status":"open","ping_status":"open","sticky":false,"template":"","format":"standard","meta":{"_monsterinsights_skip_tracking":false,"_monsterinsights_sitenote_active":false,"_monsterinsights_sitenote_note":"","_monsterinsights_sitenote_category":0,"footnotes":""},"categories":[7],"tags":[63,274,611,114,372,13],"class_list":["post-21063","post","type-post","status-publish","format-standard","has-post-thumbnail","hentry","category-todas-as-noticias","tag-ampcon","tag-comunicacao","tag-forum-nacional","tag-inclusao","tag-ministerio-publico-de-contas","tag-mpc-pr","entry","has-media"],"yoast_head":"<!-- This site is optimized with the Yoast SEO plugin v27.3 - https:\/\/yoast.com\/product\/yoast-seo-wordpress\/ -->\n<title>Procurador-Geral do MPC-PR discute \u201cPol\u00edticas P\u00fablicas Inclusivas\u201d no XII F\u00f3rum Nacional do Minist\u00e9rio P\u00fablico de Contas - Minist\u00e9rio P\u00fablico de Contas do Estado do Paran\u00e1<\/title>\n<meta name=\"robots\" content=\"index, follow, max-snippet:-1, max-image-preview:large, max-video-preview:-1\" \/>\n<link rel=\"canonical\" href=\"https:\/\/www.mpc.pr.gov.br\/index.php\/procurador-geral-do-mpc-pr-discute-politicas-publicas-inclusivas-no-xii-forum-nacional-do-ministerio-publico-de-contas\/\" \/>\n<meta property=\"og:locale\" content=\"pt_BR\" \/>\n<meta property=\"og:type\" content=\"article\" \/>\n<meta property=\"og:title\" content=\"Procurador-Geral do MPC-PR discute \u201cPol\u00edticas P\u00fablicas Inclusivas\u201d no XII F\u00f3rum Nacional do Minist\u00e9rio P\u00fablico de Contas - Minist\u00e9rio P\u00fablico de Contas do Estado do Paran\u00e1\" \/>\n<meta property=\"og:description\" content=\"O Procurador-Geral do Minist\u00e9rio P\u00fablico de Contas do Estado do Paran\u00e1 (MPC-PR), Gabriel Guy L\u00e9ger, foi um dos palestrantes do XII F\u00f3rum Nacional do Minist\u00e9rio P\u00fablico de Contas, realizado em Aracaju (SE), entre os dias 14 e 16 de agosto. Com o tema \u201cNosso Trabalho Transformando Vidas\u201d, o evento reuniu Procuradores de Contas de todo [&hellip;]\" \/>\n<meta property=\"og:url\" content=\"https:\/\/www.mpc.pr.gov.br\/index.php\/procurador-geral-do-mpc-pr-discute-politicas-publicas-inclusivas-no-xii-forum-nacional-do-ministerio-publico-de-contas\/\" \/>\n<meta property=\"og:site_name\" content=\"Minist\u00e9rio P\u00fablico de Contas do Estado do Paran\u00e1\" \/>\n<meta property=\"article:publisher\" content=\"https:\/\/www.facebook.com\/mpc.pr\" \/>\n<meta property=\"article:published_time\" content=\"2024-08-19T18:19:02+00:00\" \/>\n<meta property=\"article:modified_time\" content=\"2024-08-27T13:07:35+00:00\" \/>\n<meta property=\"og:image\" content=\"https:\/\/www.mpc.pr.gov.br\/wp-content\/uploads\/2024\/08\/53925550578_dc983845fe_k.jpg\" \/>\n\t<meta property=\"og:image:width\" content=\"2048\" \/>\n\t<meta property=\"og:image:height\" content=\"1366\" \/>\n\t<meta property=\"og:image:type\" content=\"image\/jpeg\" \/>\n<meta name=\"author\" content=\"mpcontaspr\" \/>\n<meta name=\"twitter:card\" content=\"summary_large_image\" \/>\n<meta name=\"twitter:label1\" content=\"Escrito por\" \/>\n\t<meta name=\"twitter:data1\" content=\"mpcontaspr\" \/>\n\t<meta name=\"twitter:label2\" content=\"Est. tempo de leitura\" \/>\n\t<meta name=\"twitter:data2\" content=\"7 minutos\" \/>\n<script type=\"application\/ld+json\" class=\"yoast-schema-graph\">{\"@context\":\"https:\\\/\\\/schema.org\",\"@graph\":[{\"@type\":\"Article\",\"@id\":\"https:\\\/\\\/www.mpc.pr.gov.br\\\/index.php\\\/procurador-geral-do-mpc-pr-discute-politicas-publicas-inclusivas-no-xii-forum-nacional-do-ministerio-publico-de-contas\\\/#article\",\"isPartOf\":{\"@id\":\"https:\\\/\\\/www.mpc.pr.gov.br\\\/index.php\\\/procurador-geral-do-mpc-pr-discute-politicas-publicas-inclusivas-no-xii-forum-nacional-do-ministerio-publico-de-contas\\\/\"},\"author\":{\"name\":\"mpcontaspr\",\"@id\":\"https:\\\/\\\/www.mpc.pr.gov.br\\\/#\\\/schema\\\/person\\\/2d83cb8980538d0ec174e8a6284f5e11\"},\"headline\":\"Procurador-Geral do MPC-PR discute \u201cPol\u00edticas P\u00fablicas Inclusivas\u201d no XII F\u00f3rum Nacional do Minist\u00e9rio P\u00fablico de Contas\",\"datePublished\":\"2024-08-19T18:19:02+00:00\",\"dateModified\":\"2024-08-27T13:07:35+00:00\",\"mainEntityOfPage\":{\"@id\":\"https:\\\/\\\/www.mpc.pr.gov.br\\\/index.php\\\/procurador-geral-do-mpc-pr-discute-politicas-publicas-inclusivas-no-xii-forum-nacional-do-ministerio-publico-de-contas\\\/\"},\"wordCount\":1045,\"commentCount\":0,\"publisher\":{\"@id\":\"https:\\\/\\\/www.mpc.pr.gov.br\\\/#organization\"},\"image\":{\"@id\":\"https:\\\/\\\/www.mpc.pr.gov.br\\\/index.php\\\/procurador-geral-do-mpc-pr-discute-politicas-publicas-inclusivas-no-xii-forum-nacional-do-ministerio-publico-de-contas\\\/#primaryimage\"},\"thumbnailUrl\":\"https:\\\/\\\/www.mpc.pr.gov.br\\\/wp-content\\\/uploads\\\/2024\\\/08\\\/53925550578_dc983845fe_k.jpg\",\"keywords\":[\"AMPCON\",\"Comunica\u00e7\u00e3o\",\"F\u00f3rum Nacional\",\"Inclus\u00e3o\",\"Minist\u00e9rio P\u00fablico de Contas\",\"MPC-PR\"],\"articleSection\":[\"Todas as not\u00edcias\"],\"inLanguage\":\"pt-BR\",\"potentialAction\":[{\"@type\":\"CommentAction\",\"name\":\"Comment\",\"target\":[\"https:\\\/\\\/www.mpc.pr.gov.br\\\/index.php\\\/procurador-geral-do-mpc-pr-discute-politicas-publicas-inclusivas-no-xii-forum-nacional-do-ministerio-publico-de-contas\\\/#respond\"]}]},{\"@type\":\"WebPage\",\"@id\":\"https:\\\/\\\/www.mpc.pr.gov.br\\\/index.php\\\/procurador-geral-do-mpc-pr-discute-politicas-publicas-inclusivas-no-xii-forum-nacional-do-ministerio-publico-de-contas\\\/\",\"url\":\"https:\\\/\\\/www.mpc.pr.gov.br\\\/index.php\\\/procurador-geral-do-mpc-pr-discute-politicas-publicas-inclusivas-no-xii-forum-nacional-do-ministerio-publico-de-contas\\\/\",\"name\":\"Procurador-Geral do MPC-PR discute \u201cPol\u00edticas P\u00fablicas Inclusivas\u201d no XII F\u00f3rum Nacional do Minist\u00e9rio P\u00fablico de Contas - Minist\u00e9rio P\u00fablico de Contas do Estado do Paran\u00e1\",\"isPartOf\":{\"@id\":\"https:\\\/\\\/www.mpc.pr.gov.br\\\/#website\"},\"primaryImageOfPage\":{\"@id\":\"https:\\\/\\\/www.mpc.pr.gov.br\\\/index.php\\\/procurador-geral-do-mpc-pr-discute-politicas-publicas-inclusivas-no-xii-forum-nacional-do-ministerio-publico-de-contas\\\/#primaryimage\"},\"image\":{\"@id\":\"https:\\\/\\\/www.mpc.pr.gov.br\\\/index.php\\\/procurador-geral-do-mpc-pr-discute-politicas-publicas-inclusivas-no-xii-forum-nacional-do-ministerio-publico-de-contas\\\/#primaryimage\"},\"thumbnailUrl\":\"https:\\\/\\\/www.mpc.pr.gov.br\\\/wp-content\\\/uploads\\\/2024\\\/08\\\/53925550578_dc983845fe_k.jpg\",\"datePublished\":\"2024-08-19T18:19:02+00:00\",\"dateModified\":\"2024-08-27T13:07:35+00:00\",\"breadcrumb\":{\"@id\":\"https:\\\/\\\/www.mpc.pr.gov.br\\\/index.php\\\/procurador-geral-do-mpc-pr-discute-politicas-publicas-inclusivas-no-xii-forum-nacional-do-ministerio-publico-de-contas\\\/#breadcrumb\"},\"inLanguage\":\"pt-BR\",\"potentialAction\":[{\"@type\":\"ReadAction\",\"target\":[\"https:\\\/\\\/www.mpc.pr.gov.br\\\/index.php\\\/procurador-geral-do-mpc-pr-discute-politicas-publicas-inclusivas-no-xii-forum-nacional-do-ministerio-publico-de-contas\\\/\"]}]},{\"@type\":\"ImageObject\",\"inLanguage\":\"pt-BR\",\"@id\":\"https:\\\/\\\/www.mpc.pr.gov.br\\\/index.php\\\/procurador-geral-do-mpc-pr-discute-politicas-publicas-inclusivas-no-xii-forum-nacional-do-ministerio-publico-de-contas\\\/#primaryimage\",\"url\":\"https:\\\/\\\/www.mpc.pr.gov.br\\\/wp-content\\\/uploads\\\/2024\\\/08\\\/53925550578_dc983845fe_k.jpg\",\"contentUrl\":\"https:\\\/\\\/www.mpc.pr.gov.br\\\/wp-content\\\/uploads\\\/2024\\\/08\\\/53925550578_dc983845fe_k.jpg\",\"width\":2048,\"height\":1366},{\"@type\":\"BreadcrumbList\",\"@id\":\"https:\\\/\\\/www.mpc.pr.gov.br\\\/index.php\\\/procurador-geral-do-mpc-pr-discute-politicas-publicas-inclusivas-no-xii-forum-nacional-do-ministerio-publico-de-contas\\\/#breadcrumb\",\"itemListElement\":[{\"@type\":\"ListItem\",\"position\":1,\"name\":\"In\u00edcio\",\"item\":\"https:\\\/\\\/www.mpc.pr.gov.br\\\/\"},{\"@type\":\"ListItem\",\"position\":2,\"name\":\"Procurador-Geral do MPC-PR discute \u201cPol\u00edticas P\u00fablicas Inclusivas\u201d no XII F\u00f3rum Nacional do Minist\u00e9rio P\u00fablico de Contas\"}]},{\"@type\":\"WebSite\",\"@id\":\"https:\\\/\\\/www.mpc.pr.gov.br\\\/#website\",\"url\":\"https:\\\/\\\/www.mpc.pr.gov.br\\\/\",\"name\":\"Minist\u00e9rio P\u00fablico de Contas do Estado do Paran\u00e1\",\"description\":\"\",\"publisher\":{\"@id\":\"https:\\\/\\\/www.mpc.pr.gov.br\\\/#organization\"},\"potentialAction\":[{\"@type\":\"SearchAction\",\"target\":{\"@type\":\"EntryPoint\",\"urlTemplate\":\"https:\\\/\\\/www.mpc.pr.gov.br\\\/?s={search_term_string}\"},\"query-input\":{\"@type\":\"PropertyValueSpecification\",\"valueRequired\":true,\"valueName\":\"search_term_string\"}}],\"inLanguage\":\"pt-BR\"},{\"@type\":\"Organization\",\"@id\":\"https:\\\/\\\/www.mpc.pr.gov.br\\\/#organization\",\"name\":\"Minist\u00e9rio P\u00fablico de Contas do Estado do Paran\u00e1\",\"url\":\"https:\\\/\\\/www.mpc.pr.gov.br\\\/\",\"logo\":{\"@type\":\"ImageObject\",\"inLanguage\":\"pt-BR\",\"@id\":\"https:\\\/\\\/www.mpc.pr.gov.br\\\/#\\\/schema\\\/logo\\\/image\\\/\",\"url\":\"https:\\\/\\\/www.mpc.pr.gov.br\\\/wp-content\\\/uploads\\\/2020\\\/06\\\/99423647_1593460364143890_6706793420720963584_n-1-e1591387983167.png\",\"contentUrl\":\"https:\\\/\\\/www.mpc.pr.gov.br\\\/wp-content\\\/uploads\\\/2020\\\/06\\\/99423647_1593460364143890_6706793420720963584_n-1-e1591387983167.png\",\"width\":243,\"height\":73,\"caption\":\"Minist\u00e9rio P\u00fablico de Contas do Estado do Paran\u00e1\"},\"image\":{\"@id\":\"https:\\\/\\\/www.mpc.pr.gov.br\\\/#\\\/schema\\\/logo\\\/image\\\/\"},\"sameAs\":[\"https:\\\/\\\/www.facebook.com\\\/mpc.pr\",\"https:\\\/\\\/www.instagram.com\\\/mpc.pr\\\/?hl=pt-br\",\"https:\\\/\\\/www.youtube.com\\\/channel\\\/UCHri5oEM8DV0ztX57E0sBSw\"]},{\"@type\":\"Person\",\"@id\":\"https:\\\/\\\/www.mpc.pr.gov.br\\\/#\\\/schema\\\/person\\\/2d83cb8980538d0ec174e8a6284f5e11\",\"name\":\"mpcontaspr\",\"image\":{\"@type\":\"ImageObject\",\"inLanguage\":\"pt-BR\",\"@id\":\"https:\\\/\\\/secure.gravatar.com\\\/avatar\\\/1aef51541db7622e05fd639336c9c9f312c2a618396e2b6ca96846362fc5403f?s=96&d=mm&r=g\",\"url\":\"https:\\\/\\\/secure.gravatar.com\\\/avatar\\\/1aef51541db7622e05fd639336c9c9f312c2a618396e2b6ca96846362fc5403f?s=96&d=mm&r=g\",\"contentUrl\":\"https:\\\/\\\/secure.gravatar.com\\\/avatar\\\/1aef51541db7622e05fd639336c9c9f312c2a618396e2b6ca96846362fc5403f?s=96&d=mm&r=g\",\"caption\":\"mpcontaspr\"},\"sameAs\":[\"http:\\\/\\\/www.mpc.pr.gov.br\"]}]}<\/script>\n<!-- \/ Yoast SEO plugin. -->","yoast_head_json":{"title":"Procurador-Geral do MPC-PR discute \u201cPol\u00edticas P\u00fablicas Inclusivas\u201d no XII F\u00f3rum Nacional do Minist\u00e9rio P\u00fablico de Contas - Minist\u00e9rio P\u00fablico de Contas do Estado do Paran\u00e1","robots":{"index":"index","follow":"follow","max-snippet":"max-snippet:-1","max-image-preview":"max-image-preview:large","max-video-preview":"max-video-preview:-1"},"canonical":"https:\/\/www.mpc.pr.gov.br\/index.php\/procurador-geral-do-mpc-pr-discute-politicas-publicas-inclusivas-no-xii-forum-nacional-do-ministerio-publico-de-contas\/","og_locale":"pt_BR","og_type":"article","og_title":"Procurador-Geral do MPC-PR discute \u201cPol\u00edticas P\u00fablicas Inclusivas\u201d no XII F\u00f3rum Nacional do Minist\u00e9rio P\u00fablico de Contas - Minist\u00e9rio P\u00fablico de Contas do Estado do Paran\u00e1","og_description":"O Procurador-Geral do Minist\u00e9rio P\u00fablico de Contas do Estado do Paran\u00e1 (MPC-PR), Gabriel Guy L\u00e9ger, foi um dos palestrantes do XII F\u00f3rum Nacional do Minist\u00e9rio P\u00fablico de Contas, realizado em Aracaju (SE), entre os dias 14 e 16 de agosto. Com o tema \u201cNosso Trabalho Transformando Vidas\u201d, o evento reuniu Procuradores de Contas de todo [&hellip;]","og_url":"https:\/\/www.mpc.pr.gov.br\/index.php\/procurador-geral-do-mpc-pr-discute-politicas-publicas-inclusivas-no-xii-forum-nacional-do-ministerio-publico-de-contas\/","og_site_name":"Minist\u00e9rio P\u00fablico de Contas do Estado do Paran\u00e1","article_publisher":"https:\/\/www.facebook.com\/mpc.pr","article_published_time":"2024-08-19T18:19:02+00:00","article_modified_time":"2024-08-27T13:07:35+00:00","og_image":[{"width":2048,"height":1366,"url":"https:\/\/www.mpc.pr.gov.br\/wp-content\/uploads\/2024\/08\/53925550578_dc983845fe_k.jpg","type":"image\/jpeg"}],"author":"mpcontaspr","twitter_card":"summary_large_image","twitter_misc":{"Escrito por":"mpcontaspr","Est. tempo de leitura":"7 minutos"},"schema":{"@context":"https:\/\/schema.org","@graph":[{"@type":"Article","@id":"https:\/\/www.mpc.pr.gov.br\/index.php\/procurador-geral-do-mpc-pr-discute-politicas-publicas-inclusivas-no-xii-forum-nacional-do-ministerio-publico-de-contas\/#article","isPartOf":{"@id":"https:\/\/www.mpc.pr.gov.br\/index.php\/procurador-geral-do-mpc-pr-discute-politicas-publicas-inclusivas-no-xii-forum-nacional-do-ministerio-publico-de-contas\/"},"author":{"name":"mpcontaspr","@id":"https:\/\/www.mpc.pr.gov.br\/#\/schema\/person\/2d83cb8980538d0ec174e8a6284f5e11"},"headline":"Procurador-Geral do MPC-PR discute \u201cPol\u00edticas P\u00fablicas Inclusivas\u201d no XII F\u00f3rum Nacional do Minist\u00e9rio P\u00fablico de Contas","datePublished":"2024-08-19T18:19:02+00:00","dateModified":"2024-08-27T13:07:35+00:00","mainEntityOfPage":{"@id":"https:\/\/www.mpc.pr.gov.br\/index.php\/procurador-geral-do-mpc-pr-discute-politicas-publicas-inclusivas-no-xii-forum-nacional-do-ministerio-publico-de-contas\/"},"wordCount":1045,"commentCount":0,"publisher":{"@id":"https:\/\/www.mpc.pr.gov.br\/#organization"},"image":{"@id":"https:\/\/www.mpc.pr.gov.br\/index.php\/procurador-geral-do-mpc-pr-discute-politicas-publicas-inclusivas-no-xii-forum-nacional-do-ministerio-publico-de-contas\/#primaryimage"},"thumbnailUrl":"https:\/\/www.mpc.pr.gov.br\/wp-content\/uploads\/2024\/08\/53925550578_dc983845fe_k.jpg","keywords":["AMPCON","Comunica\u00e7\u00e3o","F\u00f3rum Nacional","Inclus\u00e3o","Minist\u00e9rio P\u00fablico de Contas","MPC-PR"],"articleSection":["Todas as not\u00edcias"],"inLanguage":"pt-BR","potentialAction":[{"@type":"CommentAction","name":"Comment","target":["https:\/\/www.mpc.pr.gov.br\/index.php\/procurador-geral-do-mpc-pr-discute-politicas-publicas-inclusivas-no-xii-forum-nacional-do-ministerio-publico-de-contas\/#respond"]}]},{"@type":"WebPage","@id":"https:\/\/www.mpc.pr.gov.br\/index.php\/procurador-geral-do-mpc-pr-discute-politicas-publicas-inclusivas-no-xii-forum-nacional-do-ministerio-publico-de-contas\/","url":"https:\/\/www.mpc.pr.gov.br\/index.php\/procurador-geral-do-mpc-pr-discute-politicas-publicas-inclusivas-no-xii-forum-nacional-do-ministerio-publico-de-contas\/","name":"Procurador-Geral do MPC-PR discute \u201cPol\u00edticas P\u00fablicas Inclusivas\u201d no XII F\u00f3rum Nacional do Minist\u00e9rio P\u00fablico de Contas - Minist\u00e9rio P\u00fablico de Contas do Estado do Paran\u00e1","isPartOf":{"@id":"https:\/\/www.mpc.pr.gov.br\/#website"},"primaryImageOfPage":{"@id":"https:\/\/www.mpc.pr.gov.br\/index.php\/procurador-geral-do-mpc-pr-discute-politicas-publicas-inclusivas-no-xii-forum-nacional-do-ministerio-publico-de-contas\/#primaryimage"},"image":{"@id":"https:\/\/www.mpc.pr.gov.br\/index.php\/procurador-geral-do-mpc-pr-discute-politicas-publicas-inclusivas-no-xii-forum-nacional-do-ministerio-publico-de-contas\/#primaryimage"},"thumbnailUrl":"https:\/\/www.mpc.pr.gov.br\/wp-content\/uploads\/2024\/08\/53925550578_dc983845fe_k.jpg","datePublished":"2024-08-19T18:19:02+00:00","dateModified":"2024-08-27T13:07:35+00:00","breadcrumb":{"@id":"https:\/\/www.mpc.pr.gov.br\/index.php\/procurador-geral-do-mpc-pr-discute-politicas-publicas-inclusivas-no-xii-forum-nacional-do-ministerio-publico-de-contas\/#breadcrumb"},"inLanguage":"pt-BR","potentialAction":[{"@type":"ReadAction","target":["https:\/\/www.mpc.pr.gov.br\/index.php\/procurador-geral-do-mpc-pr-discute-politicas-publicas-inclusivas-no-xii-forum-nacional-do-ministerio-publico-de-contas\/"]}]},{"@type":"ImageObject","inLanguage":"pt-BR","@id":"https:\/\/www.mpc.pr.gov.br\/index.php\/procurador-geral-do-mpc-pr-discute-politicas-publicas-inclusivas-no-xii-forum-nacional-do-ministerio-publico-de-contas\/#primaryimage","url":"https:\/\/www.mpc.pr.gov.br\/wp-content\/uploads\/2024\/08\/53925550578_dc983845fe_k.jpg","contentUrl":"https:\/\/www.mpc.pr.gov.br\/wp-content\/uploads\/2024\/08\/53925550578_dc983845fe_k.jpg","width":2048,"height":1366},{"@type":"BreadcrumbList","@id":"https:\/\/www.mpc.pr.gov.br\/index.php\/procurador-geral-do-mpc-pr-discute-politicas-publicas-inclusivas-no-xii-forum-nacional-do-ministerio-publico-de-contas\/#breadcrumb","itemListElement":[{"@type":"ListItem","position":1,"name":"In\u00edcio","item":"https:\/\/www.mpc.pr.gov.br\/"},{"@type":"ListItem","position":2,"name":"Procurador-Geral do MPC-PR discute \u201cPol\u00edticas P\u00fablicas Inclusivas\u201d no XII F\u00f3rum Nacional do Minist\u00e9rio P\u00fablico de Contas"}]},{"@type":"WebSite","@id":"https:\/\/www.mpc.pr.gov.br\/#website","url":"https:\/\/www.mpc.pr.gov.br\/","name":"Minist\u00e9rio P\u00fablico de Contas do Estado do Paran\u00e1","description":"","publisher":{"@id":"https:\/\/www.mpc.pr.gov.br\/#organization"},"potentialAction":[{"@type":"SearchAction","target":{"@type":"EntryPoint","urlTemplate":"https:\/\/www.mpc.pr.gov.br\/?s={search_term_string}"},"query-input":{"@type":"PropertyValueSpecification","valueRequired":true,"valueName":"search_term_string"}}],"inLanguage":"pt-BR"},{"@type":"Organization","@id":"https:\/\/www.mpc.pr.gov.br\/#organization","name":"Minist\u00e9rio P\u00fablico de Contas do Estado do Paran\u00e1","url":"https:\/\/www.mpc.pr.gov.br\/","logo":{"@type":"ImageObject","inLanguage":"pt-BR","@id":"https:\/\/www.mpc.pr.gov.br\/#\/schema\/logo\/image\/","url":"https:\/\/www.mpc.pr.gov.br\/wp-content\/uploads\/2020\/06\/99423647_1593460364143890_6706793420720963584_n-1-e1591387983167.png","contentUrl":"https:\/\/www.mpc.pr.gov.br\/wp-content\/uploads\/2020\/06\/99423647_1593460364143890_6706793420720963584_n-1-e1591387983167.png","width":243,"height":73,"caption":"Minist\u00e9rio P\u00fablico de Contas do Estado do Paran\u00e1"},"image":{"@id":"https:\/\/www.mpc.pr.gov.br\/#\/schema\/logo\/image\/"},"sameAs":["https:\/\/www.facebook.com\/mpc.pr","https:\/\/www.instagram.com\/mpc.pr\/?hl=pt-br","https:\/\/www.youtube.com\/channel\/UCHri5oEM8DV0ztX57E0sBSw"]},{"@type":"Person","@id":"https:\/\/www.mpc.pr.gov.br\/#\/schema\/person\/2d83cb8980538d0ec174e8a6284f5e11","name":"mpcontaspr","image":{"@type":"ImageObject","inLanguage":"pt-BR","@id":"https:\/\/secure.gravatar.com\/avatar\/1aef51541db7622e05fd639336c9c9f312c2a618396e2b6ca96846362fc5403f?s=96&d=mm&r=g","url":"https:\/\/secure.gravatar.com\/avatar\/1aef51541db7622e05fd639336c9c9f312c2a618396e2b6ca96846362fc5403f?s=96&d=mm&r=g","contentUrl":"https:\/\/secure.gravatar.com\/avatar\/1aef51541db7622e05fd639336c9c9f312c2a618396e2b6ca96846362fc5403f?s=96&d=mm&r=g","caption":"mpcontaspr"},"sameAs":["http:\/\/www.mpc.pr.gov.br"]}]}},"rttpg_featured_image_url":{"full":["https:\/\/www.mpc.pr.gov.br\/wp-content\/uploads\/2024\/08\/53925550578_dc983845fe_k.jpg",2048,1366,false],"landscape":["https:\/\/www.mpc.pr.gov.br\/wp-content\/uploads\/2024\/08\/53925550578_dc983845fe_k.jpg",2048,1366,false],"portraits":["https:\/\/www.mpc.pr.gov.br\/wp-content\/uploads\/2024\/08\/53925550578_dc983845fe_k.jpg",2048,1366,false],"thumbnail":["https:\/\/www.mpc.pr.gov.br\/wp-content\/uploads\/2024\/08\/53925550578_dc983845fe_k-150x150.jpg",150,150,true],"medium":["https:\/\/www.mpc.pr.gov.br\/wp-content\/uploads\/2024\/08\/53925550578_dc983845fe_k-300x200.jpg",300,200,true],"large":["https:\/\/www.mpc.pr.gov.br\/wp-content\/uploads\/2024\/08\/53925550578_dc983845fe_k-1024x683.jpg",1024,683,true],"1536x1536":["https:\/\/www.mpc.pr.gov.br\/wp-content\/uploads\/2024\/08\/53925550578_dc983845fe_k-1536x1025.jpg",1536,1025,true],"2048x2048":["https:\/\/www.mpc.pr.gov.br\/wp-content\/uploads\/2024\/08\/53925550578_dc983845fe_k.jpg",2048,1366,false],"ocean-thumb-m":["https:\/\/www.mpc.pr.gov.br\/wp-content\/uploads\/2024\/08\/53925550578_dc983845fe_k-600x600.jpg",600,600,true],"ocean-thumb-ml":["https:\/\/www.mpc.pr.gov.br\/wp-content\/uploads\/2024\/08\/53925550578_dc983845fe_k-800x450.jpg",800,450,true],"ocean-thumb-l":["https:\/\/www.mpc.pr.gov.br\/wp-content\/uploads\/2024\/08\/53925550578_dc983845fe_k-1200x700.jpg",1200,700,true]},"rttpg_author":{"display_name":"mpcontaspr","author_link":"https:\/\/www.mpc.pr.gov.br\/index.php\/author\/mpcontaspr\/"},"rttpg_comment":0,"rttpg_category":"<a href=\"https:\/\/www.mpc.pr.gov.br\/index.php\/category\/todas-as-noticias\/\" rel=\"category tag\">Todas as not\u00edcias<\/a>","rttpg_excerpt":"O Procurador-Geral do Minist\u00e9rio P\u00fablico de Contas do Estado do Paran\u00e1 (MPC-PR), Gabriel Guy L\u00e9ger, foi um dos palestrantes do XII F\u00f3rum Nacional do Minist\u00e9rio P\u00fablico de Contas, realizado em Aracaju (SE), entre os dias 14 e 16 de agosto. Com o tema \u201cNosso Trabalho Transformando Vidas\u201d, o evento reuniu Procuradores de Contas de todo&hellip;","_links":{"self":[{"href":"https:\/\/www.mpc.pr.gov.br\/index.php\/wp-json\/wp\/v2\/posts\/21063","targetHints":{"allow":["GET"]}}],"collection":[{"href":"https:\/\/www.mpc.pr.gov.br\/index.php\/wp-json\/wp\/v2\/posts"}],"about":[{"href":"https:\/\/www.mpc.pr.gov.br\/index.php\/wp-json\/wp\/v2\/types\/post"}],"author":[{"embeddable":true,"href":"https:\/\/www.mpc.pr.gov.br\/index.php\/wp-json\/wp\/v2\/users\/1"}],"replies":[{"embeddable":true,"href":"https:\/\/www.mpc.pr.gov.br\/index.php\/wp-json\/wp\/v2\/comments?post=21063"}],"version-history":[{"count":5,"href":"https:\/\/www.mpc.pr.gov.br\/index.php\/wp-json\/wp\/v2\/posts\/21063\/revisions"}],"predecessor-version":[{"id":21074,"href":"https:\/\/www.mpc.pr.gov.br\/index.php\/wp-json\/wp\/v2\/posts\/21063\/revisions\/21074"}],"wp:featuredmedia":[{"embeddable":true,"href":"https:\/\/www.mpc.pr.gov.br\/index.php\/wp-json\/wp\/v2\/media\/21061"}],"wp:attachment":[{"href":"https:\/\/www.mpc.pr.gov.br\/index.php\/wp-json\/wp\/v2\/media?parent=21063"}],"wp:term":[{"taxonomy":"category","embeddable":true,"href":"https:\/\/www.mpc.pr.gov.br\/index.php\/wp-json\/wp\/v2\/categories?post=21063"},{"taxonomy":"post_tag","embeddable":true,"href":"https:\/\/www.mpc.pr.gov.br\/index.php\/wp-json\/wp\/v2\/tags?post=21063"}],"curies":[{"name":"wp","href":"https:\/\/api.w.org\/{rel}","templated":true}]}}