{"id":21075,"date":"2024-08-19T16:38:12","date_gmt":"2024-08-19T19:38:12","guid":{"rendered":"https:\/\/www.mpc.pr.gov.br\/?p=21075"},"modified":"2024-08-29T09:53:40","modified_gmt":"2024-08-29T12:53:40","slug":"nucleo-de-comunicacao-do-mpc-pr-marca-presenca-no-iv-encontro-nacional-de-capacitacao","status":"publish","type":"post","link":"https:\/\/www.mpc.pr.gov.br\/index.php\/nucleo-de-comunicacao-do-mpc-pr-marca-presenca-no-iv-encontro-nacional-de-capacitacao\/","title":{"rendered":"N\u00facleo de Comunica\u00e7\u00e3o do MPC-PR marca presen\u00e7a no IV Encontro Nacional de Capacita\u00e7\u00e3o"},"content":{"rendered":"<p><span data-contrast=\"auto\"><img fetchpriority=\"high\" decoding=\"async\" class=\"size-medium wp-image-21066 alignleft\" src=\"https:\/\/www.mpc.pr.gov.br\/wp-content\/uploads\/2024\/08\/IMG-20240815-WA0011-300x225.jpg\" alt=\"\" width=\"300\" height=\"225\" srcset=\"https:\/\/www.mpc.pr.gov.br\/wp-content\/uploads\/2024\/08\/IMG-20240815-WA0011-300x225.jpg 300w, https:\/\/www.mpc.pr.gov.br\/wp-content\/uploads\/2024\/08\/IMG-20240815-WA0011-1024x768.jpg 1024w, https:\/\/www.mpc.pr.gov.br\/wp-content\/uploads\/2024\/08\/IMG-20240815-WA0011-768x576.jpg 768w, https:\/\/www.mpc.pr.gov.br\/wp-content\/uploads\/2024\/08\/IMG-20240815-WA0011-1536x1152.jpg 1536w, https:\/\/www.mpc.pr.gov.br\/wp-content\/uploads\/2024\/08\/IMG-20240815-WA0011.jpg 1600w\" sizes=\"(max-width: 300px) 100vw, 300px\" \/>As assessoras do N\u00facleo de Comunica\u00e7\u00e3o do Minist\u00e9rio P\u00fablico de Contas do Paran\u00e1 (MPC-PR), Giovanna Menezes Faria e Mykaella Ribeiro Mello, representaram a institui\u00e7\u00e3o durante o IV Encontro Nacional de Comunica\u00e7\u00e3o do Minist\u00e9rio P\u00fablico de Contas Nacional, realizado em Aracaju (SE).<\/span><span data-ccp-props=\"{&quot;134233117&quot;:false,&quot;134233118&quot;:false,&quot;201341983&quot;:0,&quot;335551550&quot;:6,&quot;335551620&quot;:6,&quot;335559685&quot;:0,&quot;335559737&quot;:0,&quot;335559738&quot;:240,&quot;335559739&quot;:240,&quot;335559740&quot;:360}\">\u00a0<\/span><\/p>\n<figure id=\"attachment_21081\" aria-describedby=\"caption-attachment-21081\" style=\"width: 288px\" class=\"wp-caption alignright\"><img decoding=\"async\" class=\"wp-image-21081 size-medium\" src=\"https:\/\/www.mpc.pr.gov.br\/wp-content\/uploads\/2024\/08\/IMG-20240816-WA0028-scaled-e1724092944584-288x300.jpg\" alt=\"\" width=\"288\" height=\"300\" srcset=\"https:\/\/www.mpc.pr.gov.br\/wp-content\/uploads\/2024\/08\/IMG-20240816-WA0028-scaled-e1724092944584-288x300.jpg 288w, https:\/\/www.mpc.pr.gov.br\/wp-content\/uploads\/2024\/08\/IMG-20240816-WA0028-scaled-e1724092944584-983x1024.jpg 983w, https:\/\/www.mpc.pr.gov.br\/wp-content\/uploads\/2024\/08\/IMG-20240816-WA0028-scaled-e1724092944584-768x800.jpg 768w, https:\/\/www.mpc.pr.gov.br\/wp-content\/uploads\/2024\/08\/IMG-20240816-WA0028-scaled-e1724092944584-1474x1536.jpg 1474w, https:\/\/www.mpc.pr.gov.br\/wp-content\/uploads\/2024\/08\/IMG-20240816-WA0028-scaled-e1724092944584.jpg 1843w\" sizes=\"(max-width: 288px) 100vw, 288px\" \/><figcaption id=\"caption-attachment-21081\" class=\"wp-caption-text\">Na foto, as assessoras aparecem ao lado do Procurador-Geral do MPC-PR, Gabriel Guy L\u00e9ger, que participou do painel \u201cPol\u00edticas P\u00fablicas Inclusivas\u201d, no XII F\u00f3rum.<\/figcaption><\/figure>\n<p><span data-contrast=\"auto\">O evento ocorreu paralelamente ao XII F\u00f3rum Nacional do Minist\u00e9rio P\u00fablico de Contas, e \u00e9 resultado de uma iniciativa da Associa\u00e7\u00e3o Nacional do Minist\u00e9rio P\u00fablico de Contas (AMPCON), por meio da qual busca promover a capacita\u00e7\u00e3o de todos os servidores que atuam nos setores de comunica\u00e7\u00e3o ministerial.<\/span><span data-ccp-props=\"{&quot;134233117&quot;:false,&quot;134233118&quot;:false,&quot;201341983&quot;:0,&quot;335551550&quot;:6,&quot;335551620&quot;:6,&quot;335559685&quot;:0,&quot;335559738&quot;:240,&quot;335559739&quot;:240,&quot;335559740&quot;:360}\">\u00a0<\/span><\/p>\n<p><b><span data-contrast=\"auto\">Oficina de capacita\u00e7\u00e3o<\/span><\/b><span data-ccp-props=\"{&quot;134233117&quot;:false,&quot;134233118&quot;:false,&quot;201341983&quot;:0,&quot;335551550&quot;:6,&quot;335551620&quot;:6,&quot;335559685&quot;:0,&quot;335559738&quot;:240,&quot;335559739&quot;:240,&quot;335559740&quot;:360}\">\u00a0<\/span><\/p>\n<p><span data-contrast=\"auto\"><img decoding=\"async\" class=\"size-medium wp-image-21078 alignleft\" src=\"https:\/\/www.mpc.pr.gov.br\/wp-content\/uploads\/2024\/08\/IMG-20240819-WA0004-225x300.jpg\" alt=\"\" width=\"225\" height=\"300\" srcset=\"https:\/\/www.mpc.pr.gov.br\/wp-content\/uploads\/2024\/08\/IMG-20240819-WA0004-225x300.jpg 225w, https:\/\/www.mpc.pr.gov.br\/wp-content\/uploads\/2024\/08\/IMG-20240819-WA0004-768x1024.jpg 768w, https:\/\/www.mpc.pr.gov.br\/wp-content\/uploads\/2024\/08\/IMG-20240819-WA0004-1152x1536.jpg 1152w, https:\/\/www.mpc.pr.gov.br\/wp-content\/uploads\/2024\/08\/IMG-20240819-WA0004-1536x2048.jpg 1536w, https:\/\/www.mpc.pr.gov.br\/wp-content\/uploads\/2024\/08\/IMG-20240819-WA0004-scaled.jpg 1920w\" sizes=\"(max-width: 225px) 100vw, 225px\" \/>Como parte da programa\u00e7\u00e3o do encontro, nos dias 15 e 16 de agosto, as assessoras de comunica\u00e7\u00e3o participaram da oficina &#8220;Instagram na pr\u00e1tica&#8221;, ministrada pela advogada e social media, Marcela Dam\u00e1zio, e pela jornalista Mayusane Matsunae, ambas servidoras do Minist\u00e9rio P\u00fablico de Contas de Sergipe (MPC-SE). <\/span><span data-ccp-props=\"{&quot;134233117&quot;:false,&quot;134233118&quot;:false,&quot;201341983&quot;:0,&quot;335551550&quot;:6,&quot;335551620&quot;:6,&quot;335559685&quot;:0,&quot;335559738&quot;:240,&quot;335559739&quot;:240,&quot;335559740&quot;:360}\">\u00a0<\/span><\/p>\n<p><span data-contrast=\"auto\"><img loading=\"lazy\" decoding=\"async\" class=\"size-medium wp-image-21076 alignright\" src=\"https:\/\/www.mpc.pr.gov.br\/wp-content\/uploads\/2024\/08\/IMG-20240817-WA0067-225x300.jpg\" alt=\"\" width=\"225\" height=\"300\" srcset=\"https:\/\/www.mpc.pr.gov.br\/wp-content\/uploads\/2024\/08\/IMG-20240817-WA0067-225x300.jpg 225w, https:\/\/www.mpc.pr.gov.br\/wp-content\/uploads\/2024\/08\/IMG-20240817-WA0067-768x1024.jpg 768w, https:\/\/www.mpc.pr.gov.br\/wp-content\/uploads\/2024\/08\/IMG-20240817-WA0067-1152x1536.jpg 1152w, https:\/\/www.mpc.pr.gov.br\/wp-content\/uploads\/2024\/08\/IMG-20240817-WA0067-1536x2048.jpg 1536w, https:\/\/www.mpc.pr.gov.br\/wp-content\/uploads\/2024\/08\/IMG-20240817-WA0067-scaled.jpg 1920w\" sizes=\"(max-width: 225px) 100vw, 225px\" \/>No primeiro dia do Encontro (15 de agosto), as palestrantes falaram sobre t\u00e9cnicas de reda\u00e7\u00e3o para produ\u00e7\u00e3o de conte\u00fado para as redes sociais, al\u00e9m de dividir um pouco da rotina de trabalho da assessoria de comunica\u00e7\u00e3o do MPC-SE.<\/span><span data-ccp-props=\"{&quot;134233117&quot;:false,&quot;134233118&quot;:false,&quot;201341983&quot;:0,&quot;335551550&quot;:6,&quot;335551620&quot;:6,&quot;335559685&quot;:0,&quot;335559738&quot;:240,&quot;335559739&quot;:240,&quot;335559740&quot;:360}\">\u00a0<\/span><\/p>\n<p><span data-contrast=\"auto\">Por sua vez, no dia 16 agosto, foi realizada uma atividade pr\u00e1tica sobre cobertura de eventos, com dicas de edi\u00e7\u00e3o na plataforma Canva, que oferece ferramentas de design para produ\u00e7\u00e3o de materiais gr\u00e1ficos e audiovisuais.<\/span><span data-ccp-props=\"{&quot;134233117&quot;:false,&quot;134233118&quot;:false,&quot;201341983&quot;:0,&quot;335551550&quot;:6,&quot;335551620&quot;:6,&quot;335559685&quot;:0,&quot;335559738&quot;:240,&quot;335559739&quot;:240,&quot;335559740&quot;:360}\">\u00a0<\/span><\/p>\n<p><span data-contrast=\"auto\">O encontro reuniu assessores de comunica\u00e7\u00e3o de diversos Estados, que tiveram a oportunidade de trocar experi\u00eancias e compartilhar projetos e iniciativas do setor.<\/span><\/p>\n<p>A participa\u00e7\u00e3o do MPC-PR no evento representa um investimento na capacita\u00e7\u00e3o dos servidores que atuam na institui\u00e7\u00e3o, pois possibilita que a equipe esteja alinhada com os demais Minist\u00e9rios P\u00fablicos de Contas, reunindo as melhores pr\u00e1ticas de comunica\u00e7\u00e3o e fiscaliza\u00e7\u00e3o, o que contribui para uma atua\u00e7\u00e3o conjunta mais forte e eficiente.<\/p>\n","protected":false},"excerpt":{"rendered":"<p>As assessoras do N\u00facleo de Comunica\u00e7\u00e3o do Minist\u00e9rio P\u00fablico de Contas do Paran\u00e1 (MPC-PR), Giovanna Menezes Faria e Mykaella Ribeiro Mello, representaram a institui\u00e7\u00e3o durante o IV Encontro Nacional de Comunica\u00e7\u00e3o do Minist\u00e9rio P\u00fablico de Contas Nacional, realizado em Aracaju (SE).\u00a0 O evento ocorreu paralelamente ao XII F\u00f3rum Nacional do Minist\u00e9rio P\u00fablico de Contas, e [&hellip;]<\/p>\n","protected":false},"author":1,"featured_media":21066,"comment_status":"open","ping_status":"open","sticky":false,"template":"","format":"standard","meta":{"_monsterinsights_skip_tracking":false,"_monsterinsights_sitenote_active":false,"_monsterinsights_sitenote_note":"","_monsterinsights_sitenote_category":0,"footnotes":""},"categories":[7],"tags":[63,577,274,13],"class_list":["post-21075","post","type-post","status-publish","format-standard","has-post-thumbnail","hentry","category-todas-as-noticias","tag-ampcon","tag-assessoria-de-comunicacao","tag-comunicacao","tag-mpc-pr","entry","has-media"],"yoast_head":"<!-- This site is optimized with the Yoast SEO plugin v27.3 - https:\/\/yoast.com\/product\/yoast-seo-wordpress\/ -->\n<title>N\u00facleo de Comunica\u00e7\u00e3o do MPC-PR marca presen\u00e7a no IV Encontro Nacional de Capacita\u00e7\u00e3o - Minist\u00e9rio P\u00fablico de Contas do Estado do Paran\u00e1<\/title>\n<meta name=\"robots\" content=\"index, follow, max-snippet:-1, max-image-preview:large, max-video-preview:-1\" \/>\n<link rel=\"canonical\" href=\"https:\/\/www.mpc.pr.gov.br\/index.php\/nucleo-de-comunicacao-do-mpc-pr-marca-presenca-no-iv-encontro-nacional-de-capacitacao\/\" \/>\n<meta property=\"og:locale\" content=\"pt_BR\" \/>\n<meta property=\"og:type\" content=\"article\" \/>\n<meta property=\"og:title\" content=\"N\u00facleo de Comunica\u00e7\u00e3o do MPC-PR marca presen\u00e7a no IV Encontro Nacional de Capacita\u00e7\u00e3o - Minist\u00e9rio P\u00fablico de Contas do Estado do Paran\u00e1\" \/>\n<meta property=\"og:description\" content=\"As assessoras do N\u00facleo de Comunica\u00e7\u00e3o do Minist\u00e9rio P\u00fablico de Contas do Paran\u00e1 (MPC-PR), Giovanna Menezes Faria e Mykaella Ribeiro Mello, representaram a institui\u00e7\u00e3o durante o IV Encontro Nacional de Comunica\u00e7\u00e3o do Minist\u00e9rio P\u00fablico de Contas Nacional, realizado em Aracaju (SE).\u00a0 O evento ocorreu paralelamente ao XII F\u00f3rum Nacional do Minist\u00e9rio P\u00fablico de Contas, e [&hellip;]\" \/>\n<meta property=\"og:url\" content=\"https:\/\/www.mpc.pr.gov.br\/index.php\/nucleo-de-comunicacao-do-mpc-pr-marca-presenca-no-iv-encontro-nacional-de-capacitacao\/\" \/>\n<meta property=\"og:site_name\" content=\"Minist\u00e9rio P\u00fablico de Contas do Estado do Paran\u00e1\" \/>\n<meta property=\"article:publisher\" content=\"https:\/\/www.facebook.com\/mpc.pr\" \/>\n<meta property=\"article:published_time\" content=\"2024-08-19T19:38:12+00:00\" \/>\n<meta property=\"article:modified_time\" content=\"2024-08-29T12:53:40+00:00\" \/>\n<meta property=\"og:image\" content=\"https:\/\/www.mpc.pr.gov.br\/wp-content\/uploads\/2024\/08\/IMG-20240815-WA0011.jpg\" \/>\n\t<meta property=\"og:image:width\" content=\"1600\" \/>\n\t<meta property=\"og:image:height\" content=\"1200\" \/>\n\t<meta property=\"og:image:type\" content=\"image\/jpeg\" \/>\n<meta name=\"author\" content=\"mpcontaspr\" \/>\n<meta name=\"twitter:card\" content=\"summary_large_image\" \/>\n<meta name=\"twitter:label1\" content=\"Escrito por\" \/>\n\t<meta name=\"twitter:data1\" content=\"mpcontaspr\" \/>\n\t<meta name=\"twitter:label2\" content=\"Est. tempo de leitura\" \/>\n\t<meta name=\"twitter:data2\" content=\"3 minutos\" \/>\n<script type=\"application\/ld+json\" class=\"yoast-schema-graph\">{\"@context\":\"https:\\\/\\\/schema.org\",\"@graph\":[{\"@type\":\"Article\",\"@id\":\"https:\\\/\\\/www.mpc.pr.gov.br\\\/index.php\\\/nucleo-de-comunicacao-do-mpc-pr-marca-presenca-no-iv-encontro-nacional-de-capacitacao\\\/#article\",\"isPartOf\":{\"@id\":\"https:\\\/\\\/www.mpc.pr.gov.br\\\/index.php\\\/nucleo-de-comunicacao-do-mpc-pr-marca-presenca-no-iv-encontro-nacional-de-capacitacao\\\/\"},\"author\":{\"name\":\"mpcontaspr\",\"@id\":\"https:\\\/\\\/www.mpc.pr.gov.br\\\/#\\\/schema\\\/person\\\/2d83cb8980538d0ec174e8a6284f5e11\"},\"headline\":\"N\u00facleo de Comunica\u00e7\u00e3o do MPC-PR marca presen\u00e7a no IV Encontro Nacional de Capacita\u00e7\u00e3o\",\"datePublished\":\"2024-08-19T19:38:12+00:00\",\"dateModified\":\"2024-08-29T12:53:40+00:00\",\"mainEntityOfPage\":{\"@id\":\"https:\\\/\\\/www.mpc.pr.gov.br\\\/index.php\\\/nucleo-de-comunicacao-do-mpc-pr-marca-presenca-no-iv-encontro-nacional-de-capacitacao\\\/\"},\"wordCount\":374,\"commentCount\":1,\"publisher\":{\"@id\":\"https:\\\/\\\/www.mpc.pr.gov.br\\\/#organization\"},\"image\":{\"@id\":\"https:\\\/\\\/www.mpc.pr.gov.br\\\/index.php\\\/nucleo-de-comunicacao-do-mpc-pr-marca-presenca-no-iv-encontro-nacional-de-capacitacao\\\/#primaryimage\"},\"thumbnailUrl\":\"https:\\\/\\\/www.mpc.pr.gov.br\\\/wp-content\\\/uploads\\\/2024\\\/08\\\/IMG-20240815-WA0011.jpg\",\"keywords\":[\"AMPCON\",\"Assessoria de Comunica\u00e7\u00e3o\",\"Comunica\u00e7\u00e3o\",\"MPC-PR\"],\"articleSection\":[\"Todas as not\u00edcias\"],\"inLanguage\":\"pt-BR\",\"potentialAction\":[{\"@type\":\"CommentAction\",\"name\":\"Comment\",\"target\":[\"https:\\\/\\\/www.mpc.pr.gov.br\\\/index.php\\\/nucleo-de-comunicacao-do-mpc-pr-marca-presenca-no-iv-encontro-nacional-de-capacitacao\\\/#respond\"]}]},{\"@type\":\"WebPage\",\"@id\":\"https:\\\/\\\/www.mpc.pr.gov.br\\\/index.php\\\/nucleo-de-comunicacao-do-mpc-pr-marca-presenca-no-iv-encontro-nacional-de-capacitacao\\\/\",\"url\":\"https:\\\/\\\/www.mpc.pr.gov.br\\\/index.php\\\/nucleo-de-comunicacao-do-mpc-pr-marca-presenca-no-iv-encontro-nacional-de-capacitacao\\\/\",\"name\":\"N\u00facleo de Comunica\u00e7\u00e3o do MPC-PR marca presen\u00e7a no IV Encontro Nacional de Capacita\u00e7\u00e3o - Minist\u00e9rio P\u00fablico de Contas do Estado do Paran\u00e1\",\"isPartOf\":{\"@id\":\"https:\\\/\\\/www.mpc.pr.gov.br\\\/#website\"},\"primaryImageOfPage\":{\"@id\":\"https:\\\/\\\/www.mpc.pr.gov.br\\\/index.php\\\/nucleo-de-comunicacao-do-mpc-pr-marca-presenca-no-iv-encontro-nacional-de-capacitacao\\\/#primaryimage\"},\"image\":{\"@id\":\"https:\\\/\\\/www.mpc.pr.gov.br\\\/index.php\\\/nucleo-de-comunicacao-do-mpc-pr-marca-presenca-no-iv-encontro-nacional-de-capacitacao\\\/#primaryimage\"},\"thumbnailUrl\":\"https:\\\/\\\/www.mpc.pr.gov.br\\\/wp-content\\\/uploads\\\/2024\\\/08\\\/IMG-20240815-WA0011.jpg\",\"datePublished\":\"2024-08-19T19:38:12+00:00\",\"dateModified\":\"2024-08-29T12:53:40+00:00\",\"breadcrumb\":{\"@id\":\"https:\\\/\\\/www.mpc.pr.gov.br\\\/index.php\\\/nucleo-de-comunicacao-do-mpc-pr-marca-presenca-no-iv-encontro-nacional-de-capacitacao\\\/#breadcrumb\"},\"inLanguage\":\"pt-BR\",\"potentialAction\":[{\"@type\":\"ReadAction\",\"target\":[\"https:\\\/\\\/www.mpc.pr.gov.br\\\/index.php\\\/nucleo-de-comunicacao-do-mpc-pr-marca-presenca-no-iv-encontro-nacional-de-capacitacao\\\/\"]}]},{\"@type\":\"ImageObject\",\"inLanguage\":\"pt-BR\",\"@id\":\"https:\\\/\\\/www.mpc.pr.gov.br\\\/index.php\\\/nucleo-de-comunicacao-do-mpc-pr-marca-presenca-no-iv-encontro-nacional-de-capacitacao\\\/#primaryimage\",\"url\":\"https:\\\/\\\/www.mpc.pr.gov.br\\\/wp-content\\\/uploads\\\/2024\\\/08\\\/IMG-20240815-WA0011.jpg\",\"contentUrl\":\"https:\\\/\\\/www.mpc.pr.gov.br\\\/wp-content\\\/uploads\\\/2024\\\/08\\\/IMG-20240815-WA0011.jpg\",\"width\":1600,\"height\":1200},{\"@type\":\"BreadcrumbList\",\"@id\":\"https:\\\/\\\/www.mpc.pr.gov.br\\\/index.php\\\/nucleo-de-comunicacao-do-mpc-pr-marca-presenca-no-iv-encontro-nacional-de-capacitacao\\\/#breadcrumb\",\"itemListElement\":[{\"@type\":\"ListItem\",\"position\":1,\"name\":\"In\u00edcio\",\"item\":\"https:\\\/\\\/www.mpc.pr.gov.br\\\/\"},{\"@type\":\"ListItem\",\"position\":2,\"name\":\"N\u00facleo de Comunica\u00e7\u00e3o do MPC-PR marca presen\u00e7a no IV Encontro Nacional de Capacita\u00e7\u00e3o\"}]},{\"@type\":\"WebSite\",\"@id\":\"https:\\\/\\\/www.mpc.pr.gov.br\\\/#website\",\"url\":\"https:\\\/\\\/www.mpc.pr.gov.br\\\/\",\"name\":\"Minist\u00e9rio P\u00fablico de Contas do Estado do Paran\u00e1\",\"description\":\"\",\"publisher\":{\"@id\":\"https:\\\/\\\/www.mpc.pr.gov.br\\\/#organization\"},\"potentialAction\":[{\"@type\":\"SearchAction\",\"target\":{\"@type\":\"EntryPoint\",\"urlTemplate\":\"https:\\\/\\\/www.mpc.pr.gov.br\\\/?s={search_term_string}\"},\"query-input\":{\"@type\":\"PropertyValueSpecification\",\"valueRequired\":true,\"valueName\":\"search_term_string\"}}],\"inLanguage\":\"pt-BR\"},{\"@type\":\"Organization\",\"@id\":\"https:\\\/\\\/www.mpc.pr.gov.br\\\/#organization\",\"name\":\"Minist\u00e9rio P\u00fablico de Contas do Estado do Paran\u00e1\",\"url\":\"https:\\\/\\\/www.mpc.pr.gov.br\\\/\",\"logo\":{\"@type\":\"ImageObject\",\"inLanguage\":\"pt-BR\",\"@id\":\"https:\\\/\\\/www.mpc.pr.gov.br\\\/#\\\/schema\\\/logo\\\/image\\\/\",\"url\":\"https:\\\/\\\/www.mpc.pr.gov.br\\\/wp-content\\\/uploads\\\/2020\\\/06\\\/99423647_1593460364143890_6706793420720963584_n-1-e1591387983167.png\",\"contentUrl\":\"https:\\\/\\\/www.mpc.pr.gov.br\\\/wp-content\\\/uploads\\\/2020\\\/06\\\/99423647_1593460364143890_6706793420720963584_n-1-e1591387983167.png\",\"width\":243,\"height\":73,\"caption\":\"Minist\u00e9rio P\u00fablico de Contas do Estado do Paran\u00e1\"},\"image\":{\"@id\":\"https:\\\/\\\/www.mpc.pr.gov.br\\\/#\\\/schema\\\/logo\\\/image\\\/\"},\"sameAs\":[\"https:\\\/\\\/www.facebook.com\\\/mpc.pr\",\"https:\\\/\\\/www.instagram.com\\\/mpc.pr\\\/?hl=pt-br\",\"https:\\\/\\\/www.youtube.com\\\/channel\\\/UCHri5oEM8DV0ztX57E0sBSw\"]},{\"@type\":\"Person\",\"@id\":\"https:\\\/\\\/www.mpc.pr.gov.br\\\/#\\\/schema\\\/person\\\/2d83cb8980538d0ec174e8a6284f5e11\",\"name\":\"mpcontaspr\",\"image\":{\"@type\":\"ImageObject\",\"inLanguage\":\"pt-BR\",\"@id\":\"https:\\\/\\\/secure.gravatar.com\\\/avatar\\\/1aef51541db7622e05fd639336c9c9f312c2a618396e2b6ca96846362fc5403f?s=96&d=mm&r=g\",\"url\":\"https:\\\/\\\/secure.gravatar.com\\\/avatar\\\/1aef51541db7622e05fd639336c9c9f312c2a618396e2b6ca96846362fc5403f?s=96&d=mm&r=g\",\"contentUrl\":\"https:\\\/\\\/secure.gravatar.com\\\/avatar\\\/1aef51541db7622e05fd639336c9c9f312c2a618396e2b6ca96846362fc5403f?s=96&d=mm&r=g\",\"caption\":\"mpcontaspr\"},\"sameAs\":[\"http:\\\/\\\/www.mpc.pr.gov.br\"]}]}<\/script>\n<!-- \/ Yoast SEO plugin. -->","yoast_head_json":{"title":"N\u00facleo de Comunica\u00e7\u00e3o do MPC-PR marca presen\u00e7a no IV Encontro Nacional de Capacita\u00e7\u00e3o - Minist\u00e9rio P\u00fablico de Contas do Estado do Paran\u00e1","robots":{"index":"index","follow":"follow","max-snippet":"max-snippet:-1","max-image-preview":"max-image-preview:large","max-video-preview":"max-video-preview:-1"},"canonical":"https:\/\/www.mpc.pr.gov.br\/index.php\/nucleo-de-comunicacao-do-mpc-pr-marca-presenca-no-iv-encontro-nacional-de-capacitacao\/","og_locale":"pt_BR","og_type":"article","og_title":"N\u00facleo de Comunica\u00e7\u00e3o do MPC-PR marca presen\u00e7a no IV Encontro Nacional de Capacita\u00e7\u00e3o - Minist\u00e9rio P\u00fablico de Contas do Estado do Paran\u00e1","og_description":"As assessoras do N\u00facleo de Comunica\u00e7\u00e3o do Minist\u00e9rio P\u00fablico de Contas do Paran\u00e1 (MPC-PR), Giovanna Menezes Faria e Mykaella Ribeiro Mello, representaram a institui\u00e7\u00e3o durante o IV Encontro Nacional de Comunica\u00e7\u00e3o do Minist\u00e9rio P\u00fablico de Contas Nacional, realizado em Aracaju (SE).\u00a0 O evento ocorreu paralelamente ao XII F\u00f3rum Nacional do Minist\u00e9rio P\u00fablico de Contas, e [&hellip;]","og_url":"https:\/\/www.mpc.pr.gov.br\/index.php\/nucleo-de-comunicacao-do-mpc-pr-marca-presenca-no-iv-encontro-nacional-de-capacitacao\/","og_site_name":"Minist\u00e9rio P\u00fablico de Contas do Estado do Paran\u00e1","article_publisher":"https:\/\/www.facebook.com\/mpc.pr","article_published_time":"2024-08-19T19:38:12+00:00","article_modified_time":"2024-08-29T12:53:40+00:00","og_image":[{"width":1600,"height":1200,"url":"https:\/\/www.mpc.pr.gov.br\/wp-content\/uploads\/2024\/08\/IMG-20240815-WA0011.jpg","type":"image\/jpeg"}],"author":"mpcontaspr","twitter_card":"summary_large_image","twitter_misc":{"Escrito por":"mpcontaspr","Est. tempo de leitura":"3 minutos"},"schema":{"@context":"https:\/\/schema.org","@graph":[{"@type":"Article","@id":"https:\/\/www.mpc.pr.gov.br\/index.php\/nucleo-de-comunicacao-do-mpc-pr-marca-presenca-no-iv-encontro-nacional-de-capacitacao\/#article","isPartOf":{"@id":"https:\/\/www.mpc.pr.gov.br\/index.php\/nucleo-de-comunicacao-do-mpc-pr-marca-presenca-no-iv-encontro-nacional-de-capacitacao\/"},"author":{"name":"mpcontaspr","@id":"https:\/\/www.mpc.pr.gov.br\/#\/schema\/person\/2d83cb8980538d0ec174e8a6284f5e11"},"headline":"N\u00facleo de Comunica\u00e7\u00e3o do MPC-PR marca presen\u00e7a no IV Encontro Nacional de Capacita\u00e7\u00e3o","datePublished":"2024-08-19T19:38:12+00:00","dateModified":"2024-08-29T12:53:40+00:00","mainEntityOfPage":{"@id":"https:\/\/www.mpc.pr.gov.br\/index.php\/nucleo-de-comunicacao-do-mpc-pr-marca-presenca-no-iv-encontro-nacional-de-capacitacao\/"},"wordCount":374,"commentCount":1,"publisher":{"@id":"https:\/\/www.mpc.pr.gov.br\/#organization"},"image":{"@id":"https:\/\/www.mpc.pr.gov.br\/index.php\/nucleo-de-comunicacao-do-mpc-pr-marca-presenca-no-iv-encontro-nacional-de-capacitacao\/#primaryimage"},"thumbnailUrl":"https:\/\/www.mpc.pr.gov.br\/wp-content\/uploads\/2024\/08\/IMG-20240815-WA0011.jpg","keywords":["AMPCON","Assessoria de Comunica\u00e7\u00e3o","Comunica\u00e7\u00e3o","MPC-PR"],"articleSection":["Todas as not\u00edcias"],"inLanguage":"pt-BR","potentialAction":[{"@type":"CommentAction","name":"Comment","target":["https:\/\/www.mpc.pr.gov.br\/index.php\/nucleo-de-comunicacao-do-mpc-pr-marca-presenca-no-iv-encontro-nacional-de-capacitacao\/#respond"]}]},{"@type":"WebPage","@id":"https:\/\/www.mpc.pr.gov.br\/index.php\/nucleo-de-comunicacao-do-mpc-pr-marca-presenca-no-iv-encontro-nacional-de-capacitacao\/","url":"https:\/\/www.mpc.pr.gov.br\/index.php\/nucleo-de-comunicacao-do-mpc-pr-marca-presenca-no-iv-encontro-nacional-de-capacitacao\/","name":"N\u00facleo de Comunica\u00e7\u00e3o do MPC-PR marca presen\u00e7a no IV Encontro Nacional de Capacita\u00e7\u00e3o - Minist\u00e9rio P\u00fablico de Contas do Estado do Paran\u00e1","isPartOf":{"@id":"https:\/\/www.mpc.pr.gov.br\/#website"},"primaryImageOfPage":{"@id":"https:\/\/www.mpc.pr.gov.br\/index.php\/nucleo-de-comunicacao-do-mpc-pr-marca-presenca-no-iv-encontro-nacional-de-capacitacao\/#primaryimage"},"image":{"@id":"https:\/\/www.mpc.pr.gov.br\/index.php\/nucleo-de-comunicacao-do-mpc-pr-marca-presenca-no-iv-encontro-nacional-de-capacitacao\/#primaryimage"},"thumbnailUrl":"https:\/\/www.mpc.pr.gov.br\/wp-content\/uploads\/2024\/08\/IMG-20240815-WA0011.jpg","datePublished":"2024-08-19T19:38:12+00:00","dateModified":"2024-08-29T12:53:40+00:00","breadcrumb":{"@id":"https:\/\/www.mpc.pr.gov.br\/index.php\/nucleo-de-comunicacao-do-mpc-pr-marca-presenca-no-iv-encontro-nacional-de-capacitacao\/#breadcrumb"},"inLanguage":"pt-BR","potentialAction":[{"@type":"ReadAction","target":["https:\/\/www.mpc.pr.gov.br\/index.php\/nucleo-de-comunicacao-do-mpc-pr-marca-presenca-no-iv-encontro-nacional-de-capacitacao\/"]}]},{"@type":"ImageObject","inLanguage":"pt-BR","@id":"https:\/\/www.mpc.pr.gov.br\/index.php\/nucleo-de-comunicacao-do-mpc-pr-marca-presenca-no-iv-encontro-nacional-de-capacitacao\/#primaryimage","url":"https:\/\/www.mpc.pr.gov.br\/wp-content\/uploads\/2024\/08\/IMG-20240815-WA0011.jpg","contentUrl":"https:\/\/www.mpc.pr.gov.br\/wp-content\/uploads\/2024\/08\/IMG-20240815-WA0011.jpg","width":1600,"height":1200},{"@type":"BreadcrumbList","@id":"https:\/\/www.mpc.pr.gov.br\/index.php\/nucleo-de-comunicacao-do-mpc-pr-marca-presenca-no-iv-encontro-nacional-de-capacitacao\/#breadcrumb","itemListElement":[{"@type":"ListItem","position":1,"name":"In\u00edcio","item":"https:\/\/www.mpc.pr.gov.br\/"},{"@type":"ListItem","position":2,"name":"N\u00facleo de Comunica\u00e7\u00e3o do MPC-PR marca presen\u00e7a no IV Encontro Nacional de Capacita\u00e7\u00e3o"}]},{"@type":"WebSite","@id":"https:\/\/www.mpc.pr.gov.br\/#website","url":"https:\/\/www.mpc.pr.gov.br\/","name":"Minist\u00e9rio P\u00fablico de Contas do Estado do Paran\u00e1","description":"","publisher":{"@id":"https:\/\/www.mpc.pr.gov.br\/#organization"},"potentialAction":[{"@type":"SearchAction","target":{"@type":"EntryPoint","urlTemplate":"https:\/\/www.mpc.pr.gov.br\/?s={search_term_string}"},"query-input":{"@type":"PropertyValueSpecification","valueRequired":true,"valueName":"search_term_string"}}],"inLanguage":"pt-BR"},{"@type":"Organization","@id":"https:\/\/www.mpc.pr.gov.br\/#organization","name":"Minist\u00e9rio P\u00fablico de Contas do Estado do Paran\u00e1","url":"https:\/\/www.mpc.pr.gov.br\/","logo":{"@type":"ImageObject","inLanguage":"pt-BR","@id":"https:\/\/www.mpc.pr.gov.br\/#\/schema\/logo\/image\/","url":"https:\/\/www.mpc.pr.gov.br\/wp-content\/uploads\/2020\/06\/99423647_1593460364143890_6706793420720963584_n-1-e1591387983167.png","contentUrl":"https:\/\/www.mpc.pr.gov.br\/wp-content\/uploads\/2020\/06\/99423647_1593460364143890_6706793420720963584_n-1-e1591387983167.png","width":243,"height":73,"caption":"Minist\u00e9rio P\u00fablico de Contas do Estado do Paran\u00e1"},"image":{"@id":"https:\/\/www.mpc.pr.gov.br\/#\/schema\/logo\/image\/"},"sameAs":["https:\/\/www.facebook.com\/mpc.pr","https:\/\/www.instagram.com\/mpc.pr\/?hl=pt-br","https:\/\/www.youtube.com\/channel\/UCHri5oEM8DV0ztX57E0sBSw"]},{"@type":"Person","@id":"https:\/\/www.mpc.pr.gov.br\/#\/schema\/person\/2d83cb8980538d0ec174e8a6284f5e11","name":"mpcontaspr","image":{"@type":"ImageObject","inLanguage":"pt-BR","@id":"https:\/\/secure.gravatar.com\/avatar\/1aef51541db7622e05fd639336c9c9f312c2a618396e2b6ca96846362fc5403f?s=96&d=mm&r=g","url":"https:\/\/secure.gravatar.com\/avatar\/1aef51541db7622e05fd639336c9c9f312c2a618396e2b6ca96846362fc5403f?s=96&d=mm&r=g","contentUrl":"https:\/\/secure.gravatar.com\/avatar\/1aef51541db7622e05fd639336c9c9f312c2a618396e2b6ca96846362fc5403f?s=96&d=mm&r=g","caption":"mpcontaspr"},"sameAs":["http:\/\/www.mpc.pr.gov.br"]}]}},"rttpg_featured_image_url":{"full":["https:\/\/www.mpc.pr.gov.br\/wp-content\/uploads\/2024\/08\/IMG-20240815-WA0011.jpg",1600,1200,false],"landscape":["https:\/\/www.mpc.pr.gov.br\/wp-content\/uploads\/2024\/08\/IMG-20240815-WA0011.jpg",1600,1200,false],"portraits":["https:\/\/www.mpc.pr.gov.br\/wp-content\/uploads\/2024\/08\/IMG-20240815-WA0011.jpg",1600,1200,false],"thumbnail":["https:\/\/www.mpc.pr.gov.br\/wp-content\/uploads\/2024\/08\/IMG-20240815-WA0011-150x150.jpg",150,150,true],"medium":["https:\/\/www.mpc.pr.gov.br\/wp-content\/uploads\/2024\/08\/IMG-20240815-WA0011-300x225.jpg",300,225,true],"large":["https:\/\/www.mpc.pr.gov.br\/wp-content\/uploads\/2024\/08\/IMG-20240815-WA0011-1024x768.jpg",1024,768,true],"1536x1536":["https:\/\/www.mpc.pr.gov.br\/wp-content\/uploads\/2024\/08\/IMG-20240815-WA0011-1536x1152.jpg",1536,1152,true],"2048x2048":["https:\/\/www.mpc.pr.gov.br\/wp-content\/uploads\/2024\/08\/IMG-20240815-WA0011.jpg",1600,1200,false],"ocean-thumb-m":["https:\/\/www.mpc.pr.gov.br\/wp-content\/uploads\/2024\/08\/IMG-20240815-WA0011-600x600.jpg",600,600,true],"ocean-thumb-ml":["https:\/\/www.mpc.pr.gov.br\/wp-content\/uploads\/2024\/08\/IMG-20240815-WA0011-800x450.jpg",800,450,true],"ocean-thumb-l":["https:\/\/www.mpc.pr.gov.br\/wp-content\/uploads\/2024\/08\/IMG-20240815-WA0011-1200x700.jpg",1200,700,true]},"rttpg_author":{"display_name":"mpcontaspr","author_link":"https:\/\/www.mpc.pr.gov.br\/index.php\/author\/mpcontaspr\/"},"rttpg_comment":1,"rttpg_category":"<a href=\"https:\/\/www.mpc.pr.gov.br\/index.php\/category\/todas-as-noticias\/\" rel=\"category tag\">Todas as not\u00edcias<\/a>","rttpg_excerpt":"As assessoras do N\u00facleo de Comunica\u00e7\u00e3o do Minist\u00e9rio P\u00fablico de Contas do Paran\u00e1 (MPC-PR), Giovanna Menezes Faria e Mykaella Ribeiro Mello, representaram a institui\u00e7\u00e3o durante o IV Encontro Nacional de Comunica\u00e7\u00e3o do Minist\u00e9rio P\u00fablico de Contas Nacional, realizado em Aracaju (SE).\u00a0 O evento ocorreu paralelamente ao XII F\u00f3rum Nacional do Minist\u00e9rio P\u00fablico de Contas, e&hellip;","_links":{"self":[{"href":"https:\/\/www.mpc.pr.gov.br\/index.php\/wp-json\/wp\/v2\/posts\/21075","targetHints":{"allow":["GET"]}}],"collection":[{"href":"https:\/\/www.mpc.pr.gov.br\/index.php\/wp-json\/wp\/v2\/posts"}],"about":[{"href":"https:\/\/www.mpc.pr.gov.br\/index.php\/wp-json\/wp\/v2\/types\/post"}],"author":[{"embeddable":true,"href":"https:\/\/www.mpc.pr.gov.br\/index.php\/wp-json\/wp\/v2\/users\/1"}],"replies":[{"embeddable":true,"href":"https:\/\/www.mpc.pr.gov.br\/index.php\/wp-json\/wp\/v2\/comments?post=21075"}],"version-history":[{"count":8,"href":"https:\/\/www.mpc.pr.gov.br\/index.php\/wp-json\/wp\/v2\/posts\/21075\/revisions"}],"predecessor-version":[{"id":21088,"href":"https:\/\/www.mpc.pr.gov.br\/index.php\/wp-json\/wp\/v2\/posts\/21075\/revisions\/21088"}],"wp:featuredmedia":[{"embeddable":true,"href":"https:\/\/www.mpc.pr.gov.br\/index.php\/wp-json\/wp\/v2\/media\/21066"}],"wp:attachment":[{"href":"https:\/\/www.mpc.pr.gov.br\/index.php\/wp-json\/wp\/v2\/media?parent=21075"}],"wp:term":[{"taxonomy":"category","embeddable":true,"href":"https:\/\/www.mpc.pr.gov.br\/index.php\/wp-json\/wp\/v2\/categories?post=21075"},{"taxonomy":"post_tag","embeddable":true,"href":"https:\/\/www.mpc.pr.gov.br\/index.php\/wp-json\/wp\/v2\/tags?post=21075"}],"curies":[{"name":"wp","href":"https:\/\/api.w.org\/{rel}","templated":true}]}}