{"id":21145,"date":"2024-08-22T09:59:22","date_gmt":"2024-08-22T12:59:22","guid":{"rendered":"https:\/\/www.mpc.pr.gov.br\/?p=21145"},"modified":"2024-09-05T09:59:19","modified_gmt":"2024-09-05T12:59:19","slug":"apos-trabalho-de-fiscalizacao-do-mpc-pr-municipio-de-dois-vizinhos-estabelece-nova-exigencia-para-concurso-de-medicos-especialistas","status":"publish","type":"post","link":"https:\/\/www.mpc.pr.gov.br\/index.php\/apos-trabalho-de-fiscalizacao-do-mpc-pr-municipio-de-dois-vizinhos-estabelece-nova-exigencia-para-concurso-de-medicos-especialistas\/","title":{"rendered":"Ap\u00f3s trabalho de fiscaliza\u00e7\u00e3o do MPC-PR, Munic\u00edpio de Dois Vizinhos estabelece nova exig\u00eancia para concurso de m\u00e9dicos especialistas"},"content":{"rendered":"<figure id=\"attachment_21146\" aria-describedby=\"caption-attachment-21146\" style=\"width: 300px\" class=\"wp-caption alignleft\"><img fetchpriority=\"high\" decoding=\"async\" class=\"size-medium wp-image-21146\" src=\"https:\/\/www.mpc.pr.gov.br\/wp-content\/uploads\/2024\/08\/DOIS-VIZINHOS-Vista-do-centro-de-Dois-Vizinhos.-Cidade-e-a-terceira-em-populacao-no-Sudoeste.-Foto-Educadora-AM-300x169.jpg\" alt=\"\" width=\"300\" height=\"169\" srcset=\"https:\/\/www.mpc.pr.gov.br\/wp-content\/uploads\/2024\/08\/DOIS-VIZINHOS-Vista-do-centro-de-Dois-Vizinhos.-Cidade-e-a-terceira-em-populacao-no-Sudoeste.-Foto-Educadora-AM-300x169.jpg 300w, https:\/\/www.mpc.pr.gov.br\/wp-content\/uploads\/2024\/08\/DOIS-VIZINHOS-Vista-do-centro-de-Dois-Vizinhos.-Cidade-e-a-terceira-em-populacao-no-Sudoeste.-Foto-Educadora-AM.jpg 768w\" sizes=\"(max-width: 300px) 100vw, 300px\" \/><figcaption id=\"caption-attachment-21146\" class=\"wp-caption-text\">Vista do centro do Munic\u00edpio de Dois Vizinhos. Cidade \u00e9 a terceira com maior popula\u00e7\u00e3o no Sudoeste. Foto: Educadora AM.<\/figcaption><\/figure>\n<p><span data-contrast=\"auto\">O Minist\u00e9rio P\u00fablico de Contas do Estado do Paran\u00e1 (MPC-PR), por meio do N\u00facleo de An\u00e1lise T\u00e9cnica (NAT), instaurou Procedimento de Apura\u00e7\u00e3o Preliminar (PAP) para averiguar poss\u00edveis irregularidades ocorridas no <a href=\"https:\/\/doisvizinhos.pr.gov.br\/\">Munic\u00edpio de Dois Vizinhos<\/a>, quando da realiza\u00e7\u00e3o do Edital de Concurso P\u00fablico n\u00ba 001\/2023.\u00a0<\/span><span data-ccp-props=\"{&quot;201341983&quot;:0,&quot;335551550&quot;:6,&quot;335551620&quot;:6,&quot;335559731&quot;:0,&quot;335559739&quot;:160,&quot;335559740&quot;:360}\">\u00a0<\/span><\/p>\n<p><span data-contrast=\"auto\">A fiscaliza\u00e7\u00e3o ocorreu ap\u00f3s recebimento de den\u00fancia, por meio da qual noticiava-se que o referido Edital previa vagas para o cargo de m\u00e9dico dermatologista, contudo, exigia documenta\u00e7\u00e3o apenas em rela\u00e7\u00e3o ao certificado de especializa\u00e7\u00e3o m\u00e9dica, sem a necess\u00e1ria aprova\u00e7\u00e3o ou valida\u00e7\u00e3o pelo Conselho Federal de Medicina (CFM) ou pela Sociedade Brasileira de Dermatologia (SDB).\u00a0<\/span><span data-ccp-props=\"{&quot;201341983&quot;:0,&quot;335551550&quot;:6,&quot;335551620&quot;:6,&quot;335559739&quot;:160,&quot;335559740&quot;:360}\">\u00a0<\/span><\/p>\n<h4><b><span data-contrast=\"auto\">Dilig\u00eancias<\/span><\/b><span data-ccp-props=\"{&quot;134233117&quot;:false,&quot;134233118&quot;:false,&quot;201341983&quot;:0,&quot;335551550&quot;:6,&quot;335551620&quot;:6,&quot;335559685&quot;:0,&quot;335559737&quot;:0,&quot;335559738&quot;:0,&quot;335559739&quot;:160,&quot;335559740&quot;:360}\">\u00a0<\/span><\/h4>\n<p><span data-contrast=\"auto\">A Instru\u00e7\u00e3o Normativa n\u00ba 71\/2021 do MPC-PR \u00e9 respons\u00e1vel por instituir o N\u00facleo de An\u00e1lise T\u00e9cnica e regulamentar a instaura\u00e7\u00e3o e tramita\u00e7\u00e3o dos Procedimentos de Apura\u00e7\u00e3o Preliminar \u2013 PAP. Conforme rito estabelecido por esta Instru\u00e7\u00e3o, a den\u00fancia \u00e9 recebida e, depois, instru\u00edda, momento em que os servidores do MPC-PR realizam uma investiga\u00e7\u00e3o aprofundada para verificar a ocorr\u00eancia (ou n\u00e3o) das irregularidades mencionadas.<\/span><span data-ccp-props=\"{&quot;201341983&quot;:0,&quot;335551550&quot;:6,&quot;335551620&quot;:6,&quot;335559739&quot;:160,&quot;335559740&quot;:360}\">\u00a0<\/span><\/p>\n<p><span data-contrast=\"auto\">Para verificar a conformidade dos requisitos exigidos no Edital, o MPC-PR entrou em contato com a Sociedade Brasileira de Dermatologia (SBD) para obter mais informa\u00e7\u00f5es a respeito da especialidade do cargo de m\u00e9dico dermatologista.\u00a0<\/span><span data-ccp-props=\"{&quot;134233117&quot;:false,&quot;134233118&quot;:false,&quot;201341983&quot;:0,&quot;335551550&quot;:6,&quot;335551620&quot;:6,&quot;335559685&quot;:0,&quot;335559737&quot;:0,&quot;335559738&quot;:0,&quot;335559739&quot;:160,&quot;335559740&quot;:360}\">\u00a0<\/span><\/p>\n<p><span data-contrast=\"auto\">Em resposta, a SBD informou que \u201c<span style=\"color: #800000;\">o T\u00edtulo de Especialista em Dermatologia ou o cargo a qual espec\u00edfica ser especialista na \u00e1rea<\/span><\/span><span style=\"color: #800000;\"> \u00e9 exclusivo do profissional m\u00e9dico que concluiu a resid\u00eancia m\u00e9dica ou foi aprovado na prova de t\u00edtulo da Sociedade Brasileira de Dermatologia (SBD), com subsequente Registro de Qualifica\u00e7\u00e3o de Especialista (RQE), junto ao Conselho Regional de Medicina local<\/span><span data-contrast=\"auto\"><span style=\"color: #800000;\">. Portanto, somente o Profissional M\u00e9dico com o registro do RQE, pode intitular-se especialista. Se n\u00e3o o fizer, n\u00e3o poder\u00e1 divulgar-se especialista sob pena de viola\u00e7\u00e3o \u00e0 publicidade m\u00e9dica, conforme Resolu\u00e7\u00e3o 1.974\/11 do Conselho Federal de Medicina<\/span>\u201d.<\/span><span data-ccp-props=\"{&quot;134233117&quot;:false,&quot;134233118&quot;:false,&quot;201341983&quot;:0,&quot;335551550&quot;:6,&quot;335551620&quot;:6,&quot;335559685&quot;:0,&quot;335559737&quot;:0,&quot;335559738&quot;:0,&quot;335559739&quot;:160,&quot;335559740&quot;:360}\">\u00a0<\/span><\/p>\n<p><span data-contrast=\"auto\">Em complemento, a SBD concluiu que, em rela\u00e7\u00e3o aos Editais de Concurso P\u00fablico, os Munic\u00edpios do Paran\u00e1 devem prever o requisito do registro de especialidade do cargo, na seguinte forma: \u201cGradua\u00e7\u00e3o em Medicina, com certificado de resid\u00eancia m\u00e9dica (reconhecido pela CNRM) ou t\u00edtulo de especialista em dermatologia (emitido pela AMB ap\u00f3s aprova\u00e7\u00e3o na Prova de T\u00edtulo realizada pela SBD) e Registro de Qualifica\u00e7\u00e3o de Especialista (RQE), junto ao Conselho Regional de Medicina local (CRMPR)\u201d.<\/span><span data-ccp-props=\"{&quot;134233117&quot;:false,&quot;134233118&quot;:false,&quot;201341983&quot;:0,&quot;335551550&quot;:6,&quot;335551620&quot;:6,&quot;335559685&quot;:0,&quot;335559737&quot;:0,&quot;335559738&quot;:0,&quot;335559739&quot;:160,&quot;335559740&quot;:360}\">\u00a0<\/span><\/p>\n<h4><b><span data-contrast=\"auto\">Dois Vizinhos<\/span><\/b><span data-ccp-props=\"{&quot;134233117&quot;:false,&quot;134233118&quot;:false,&quot;201341983&quot;:0,&quot;335551550&quot;:6,&quot;335551620&quot;:6,&quot;335559685&quot;:0,&quot;335559737&quot;:0,&quot;335559738&quot;:0,&quot;335559739&quot;:160,&quot;335559740&quot;:360}\">\u00a0<\/span><\/h4>\n<p><span data-contrast=\"auto\">De acordo com o Relat\u00f3rio de An\u00e1lise T\u00e9cnica n\u00ba 23\/2023, foi encaminhada demanda para a Prefeitura de Dois Vizinhos por meio do Canal de Comunica\u00e7\u00e3o do Tribunal de Contas do Paran\u00e1 (CACO), solicitando informa\u00e7\u00f5es e esclarecimentos sobre o concurso.\u00a0<\/span><span data-ccp-props=\"{&quot;134233117&quot;:false,&quot;134233118&quot;:false,&quot;201341983&quot;:0,&quot;335551550&quot;:6,&quot;335551620&quot;:6,&quot;335559685&quot;:0,&quot;335559737&quot;:0,&quot;335559738&quot;:0,&quot;335559739&quot;:160,&quot;335559740&quot;:360}\">\u00a0<\/span><\/p>\n<p><span data-contrast=\"auto\">Em resposta, o ente municipal informou que, na \u00e9poca, n\u00e3o houve qualquer impugna\u00e7\u00e3o ao Edital de Concurso P\u00fablico n\u00ba 001\/2023, de forma que eventuais manifesta\u00e7\u00f5es posteriores para altera\u00e7\u00e3o de seu conte\u00fado seria considerada intempestiva.\u00a0<\/span><span data-ccp-props=\"{&quot;134233117&quot;:false,&quot;134233118&quot;:false,&quot;201341983&quot;:0,&quot;335551550&quot;:6,&quot;335551620&quot;:6,&quot;335559685&quot;:0,&quot;335559737&quot;:0,&quot;335559738&quot;:0,&quot;335559739&quot;:160,&quot;335559740&quot;:360}\">\u00a0<\/span><\/p>\n<p><span data-contrast=\"auto\">O mesmo argumento foi utilizado pela Funda\u00e7\u00e3o de Apoio ao Desenvolvimento da Universidade Estadual do Centro-Oeste (FAU), entidade respons\u00e1vel pela elabora\u00e7\u00e3o do Concurso. Neste caso, a FAU informou que <\/span><span data-contrast=\"auto\">apenas respeitou os ditames legais, cumprindo com seu dever, n\u00e3o havendo possibilidade cronol\u00f3gica de qualquer impugna\u00e7\u00e3o ou modifica\u00e7\u00e3o ao Edital depois do decurso do tempo.<\/span><span data-ccp-props=\"{&quot;134233117&quot;:false,&quot;134233118&quot;:false,&quot;201341983&quot;:0,&quot;335551550&quot;:6,&quot;335551620&quot;:6,&quot;335559685&quot;:0,&quot;335559737&quot;:0,&quot;335559738&quot;:0,&quot;335559739&quot;:160,&quot;335559740&quot;:360}\">\u00a0<\/span><\/p>\n<h4><b><span data-contrast=\"auto\">An\u00e1lise Conclusiva<\/span><\/b><span data-ccp-props=\"{&quot;134233117&quot;:false,&quot;134233118&quot;:false,&quot;201341983&quot;:0,&quot;335551550&quot;:6,&quot;335551620&quot;:6,&quot;335559685&quot;:0,&quot;335559737&quot;:0,&quot;335559738&quot;:0,&quot;335559739&quot;:160,&quot;335559740&quot;:360}\">\u00a0<\/span><\/h4>\n<p><span data-contrast=\"auto\">Ap\u00f3s instru\u00e7\u00e3o do feito, o PAP \u00e9 redistribu\u00eddo para uma das Procuradorias do MPC-PR para que o Procurador de Contas verifique qual a melhor a\u00e7\u00e3o para solu\u00e7\u00e3o do referido caso, podendo: requerer novas informa\u00e7\u00f5es ou documentos; propor a emiss\u00e3o de recomenda\u00e7\u00f5es administrativas; representar perante o Tribunal de Contas; e, at\u00e9 mesmo, propor o arquivamento do feito quando n\u00e3o houver ind\u00edcios suficientes para prosseguimento da den\u00fancia.\u00a0<\/span><span data-ccp-props=\"{&quot;134233117&quot;:false,&quot;134233118&quot;:false,&quot;201341983&quot;:0,&quot;335551550&quot;:6,&quot;335551620&quot;:6,&quot;335559685&quot;:0,&quot;335559737&quot;:0,&quot;335559738&quot;:0,&quot;335559739&quot;:160,&quot;335559740&quot;:360}\">\u00a0<\/span><\/p>\n<p><span data-contrast=\"auto\">Neste caso, conforme <a href=\"https:\/\/www.mpc.pr.gov.br\/wp-content\/uploads\/2024\/08\/PAP-DOIS-VIZINHOS-parecer-707-23-4pc.pdf\">Parecer Ministerial n\u00ba 707\/23<\/a>, a 4\u00aa Procuradoria de Contas do MPC-PR corroborou a conclus\u00e3o do N\u00facleo de An\u00e1lise T\u00e9cnica em propor o envio de Recomenda\u00e7\u00e3o Administrativa ao Munic\u00edpio de Dois Vizinhos, na pessoa de seu representante legal, Prefeito Lu\u00eds Carlos Turatto, com cientifica\u00e7\u00e3o da Controladora Interna, Adriana Nicaretta Nunes, nos seguintes termos:<\/span><span data-ccp-props=\"{&quot;134233117&quot;:false,&quot;134233118&quot;:false,&quot;201341983&quot;:0,&quot;335551550&quot;:6,&quot;335551620&quot;:6,&quot;335559685&quot;:0,&quot;335559737&quot;:0,&quot;335559738&quot;:0,&quot;335559739&quot;:160,&quot;335559740&quot;:360}\">\u00a0<\/span><\/p>\n<p><span data-contrast=\"auto\">\u201cQue nos futuros processos de sele\u00e7\u00e3o de pessoal deflagrados pelo Poder Executivo de Dois Vizinhos, conste expressamente a exig\u00eancia da comprova\u00e7\u00e3o de resid\u00eancia m\u00e9dica credenciada pela Comiss\u00e3o Nacional de Resid\u00eancia M\u00e9dica (CNRM) ou o Registro de Qualifica\u00e7\u00e3o de Especialista (RQE) junto ao Conselho Regional de Medicina (CRM) local, como requisito de investidura aos cargos de m\u00e9dicos especialistas previstos no quadro de pessoal da municipalidade; bem como se avalie a conveni\u00eancia e oportunidade de incluir tal requisito na legisla\u00e7\u00e3o de reg\u00eancia dos respectivos cargos m\u00e9dicos.\u201d<\/span><span data-ccp-props=\"{&quot;134233117&quot;:false,&quot;134233118&quot;:false,&quot;201341983&quot;:0,&quot;335551550&quot;:6,&quot;335551620&quot;:6,&quot;335559685&quot;:708,&quot;335559737&quot;:0,&quot;335559738&quot;:0,&quot;335559739&quot;:160,&quot;335559740&quot;:360}\">\u00a0<\/span><\/p>\n<h4><b><span data-contrast=\"auto\">Retorno<\/span><\/b><span data-ccp-props=\"{&quot;134233117&quot;:false,&quot;134233118&quot;:false,&quot;201341983&quot;:0,&quot;335551550&quot;:6,&quot;335551620&quot;:6,&quot;335559685&quot;:0,&quot;335559737&quot;:0,&quot;335559738&quot;:0,&quot;335559739&quot;:160,&quot;335559740&quot;:360}\">\u00a0<\/span><\/h4>\n<p><span data-contrast=\"auto\">Em aten\u00e7\u00e3o \u00e0 Recomenda\u00e7\u00e3o Administrativa emitida pelo MPC-PR, o <a href=\"https:\/\/www.mpc.pr.gov.br\/wp-content\/uploads\/2024\/08\/PAP-DOIS-VIZINHOS-Resp_Procedimento.pdf\">Munic\u00edpio de Dois Vizinhos informou que<\/a> a Prefeitura acatou integralmente os termos da Recomenda\u00e7\u00e3o, comprovando documentalmente a publica\u00e7\u00e3o da Lei Municipal n\u00ba 2.786\/2024, que estabelece a exig\u00eancia do Registro de Qualifica\u00e7\u00e3o de Especialista (RQE) para futuras investiduras nos cargos de m\u00e9dicos especialistas.<\/span><span data-ccp-props=\"{&quot;134233117&quot;:false,&quot;134233118&quot;:false,&quot;201341983&quot;:0,&quot;335551550&quot;:6,&quot;335551620&quot;:6,&quot;335559685&quot;:0,&quot;335559737&quot;:0,&quot;335559738&quot;:0,&quot;335559739&quot;:160,&quot;335559740&quot;:360}\">\u00a0<\/span><\/p>\n<h4><b><span data-contrast=\"auto\">Fale Conosco do MPC-PR<\/span><\/b><span data-ccp-props=\"{&quot;134233117&quot;:false,&quot;134233118&quot;:false,&quot;201341983&quot;:0,&quot;335551550&quot;:6,&quot;335551620&quot;:6,&quot;335559685&quot;:0,&quot;335559737&quot;:0,&quot;335559738&quot;:0,&quot;335559739&quot;:160,&quot;335559740&quot;:360}\">\u00a0<\/span><\/h4>\n<p><span data-contrast=\"auto\">O Fale Conosco \u00e9 um canal de comunica\u00e7\u00e3o do MPC-PR exclusivo para recebimento de of\u00edcios e den\u00fancias. Qualquer pessoa, f\u00edsica ou jur\u00eddica, brasileira ou estrangeira, pode encaminhar sua den\u00fancia ao e-mail <\/span><a href=\"mailto:faleconosco@mpc.pr.gov.br\"><span data-contrast=\"none\">faleconosco@mpc.pr.gov.br.<\/span><\/a><span data-contrast=\"auto\">\u00a0\u00a0<\/span><span data-ccp-props=\"{&quot;134233117&quot;:false,&quot;134233118&quot;:false,&quot;201341983&quot;:0,&quot;335551550&quot;:6,&quot;335551620&quot;:6,&quot;335559685&quot;:0,&quot;335559737&quot;:0,&quot;335559738&quot;:0,&quot;335559739&quot;:160,&quot;335559740&quot;:360}\">\u00a0<\/span><\/p>\n<p><span data-contrast=\"auto\">Nosso \u00e2mbito de atua\u00e7\u00e3o \u00e9 voltado para<\/span> <em><span style=\"color: #800000;\">irregularidades ocorridas no \u00e2mbito cont\u00e1bil, financeiro, or\u00e7ament\u00e1rio, operacional e patrimonial, de \u00f3rg\u00e3os e entidades sujeitas \u00e0 jurisdi\u00e7\u00e3o dos Tribunais de Contas<\/span><\/em><span data-contrast=\"auto\">,<\/span><span data-contrast=\"auto\"> sejam elas praticadas por agentes p\u00fablicos ou por qualquer pessoa f\u00edsica ou jur\u00eddica que receba verba p\u00fablica.\u00a0<\/span><span data-ccp-props=\"{&quot;134233117&quot;:false,&quot;134233118&quot;:false,&quot;201341983&quot;:0,&quot;335551550&quot;:6,&quot;335551620&quot;:6,&quot;335559685&quot;:0,&quot;335559737&quot;:0,&quot;335559738&quot;:0,&quot;335559739&quot;:160,&quot;335559740&quot;:360}\">\u00a0<\/span><\/p>\n<p><span data-contrast=\"auto\">Voc\u00ea pode conhecer mais sobre este trabalho em nossa <\/span><span data-contrast=\"auto\">Cartilha Institucional: \u201cCidad\u00e3o no Controle\u201d, <\/span><a href=\"https:\/\/www.mpc.pr.gov.br\/wp-content\/uploads\/2023\/10\/CARTILHA-CIDADAO-NO-CONTROLE-MPC-PR-atualizada-em-out.2023.pdf\"><b><span data-contrast=\"auto\">clicando aqui<\/span><\/b><\/a><span data-contrast=\"auto\">.<\/span><span data-ccp-props=\"{&quot;134233117&quot;:false,&quot;134233118&quot;:false,&quot;201341983&quot;:0,&quot;335551550&quot;:6,&quot;335551620&quot;:6,&quot;335559685&quot;:0,&quot;335559737&quot;:0,&quot;335559738&quot;:0,&quot;335559739&quot;:160,&quot;335559740&quot;:360}\">\u00a0<\/span><\/p>\n<blockquote><p><span style=\"color: #820007;\"><strong><u>Informa\u00e7\u00e3o para consulta processual<\/u><\/strong><\/span><\/p>\n<table style=\"height: 183px;\" border=\"0\" width=\"478\" cellspacing=\"0\" cellpadding=\"0\">\n<tbody>\n<tr>\n<td><strong>Processo n\u00ba<\/strong>:<\/td>\n<td>518778\/23<\/td>\n<\/tr>\n<tr>\n<td><strong>Ac\u00f3rd\u00e3o n\u00ba<\/strong>:<\/td>\n<td><span class=\"NormalTextRun SCXW188288879 BCX0\">Ac\u00f3rd\u00e3o\u00a0 n\u00ba 2296\/24 &#8211; Tribunal Pleno<\/span><\/td>\n<\/tr>\n<tr>\n<td><strong>Assunto<\/strong>:<\/td>\n<td>Den\u00fancia ao Fale Conosco<\/td>\n<\/tr>\n<tr>\n<td><strong>Entidade<\/strong>:<\/td>\n<td>Munic\u00edpio de Dois Vizinhos<\/td>\n<\/tr>\n<\/tbody>\n<\/table>\n<\/blockquote>\n","protected":false},"excerpt":{"rendered":"<p>O Minist\u00e9rio P\u00fablico de Contas do Estado do Paran\u00e1 (MPC-PR), por meio do N\u00facleo de An\u00e1lise T\u00e9cnica (NAT), instaurou Procedimento de Apura\u00e7\u00e3o Preliminar (PAP) para averiguar poss\u00edveis irregularidades ocorridas no Munic\u00edpio de Dois Vizinhos, quando da realiza\u00e7\u00e3o do Edital de Concurso P\u00fablico n\u00ba 001\/2023.\u00a0\u00a0 A fiscaliza\u00e7\u00e3o ocorreu ap\u00f3s recebimento de den\u00fancia, por meio da qual [&hellip;]<\/p>\n","protected":false},"author":1,"featured_media":21146,"comment_status":"open","ping_status":"open","sticky":false,"template":"","format":"standard","meta":{"_monsterinsights_skip_tracking":false,"_monsterinsights_sitenote_active":false,"_monsterinsights_sitenote_note":"","_monsterinsights_sitenote_category":0,"footnotes":""},"categories":[7],"tags":[],"class_list":["post-21145","post","type-post","status-publish","format-standard","has-post-thumbnail","hentry","category-todas-as-noticias","entry","has-media"],"yoast_head":"<!-- This site is optimized with the Yoast SEO plugin v27.3 - https:\/\/yoast.com\/product\/yoast-seo-wordpress\/ -->\n<title>Ap\u00f3s trabalho de fiscaliza\u00e7\u00e3o do MPC-PR, Munic\u00edpio de Dois Vizinhos estabelece nova exig\u00eancia para concurso de m\u00e9dicos especialistas - Minist\u00e9rio P\u00fablico de Contas do Estado do Paran\u00e1<\/title>\n<meta name=\"robots\" content=\"index, follow, max-snippet:-1, max-image-preview:large, max-video-preview:-1\" \/>\n<link rel=\"canonical\" href=\"https:\/\/www.mpc.pr.gov.br\/index.php\/apos-trabalho-de-fiscalizacao-do-mpc-pr-municipio-de-dois-vizinhos-estabelece-nova-exigencia-para-concurso-de-medicos-especialistas\/\" \/>\n<meta property=\"og:locale\" content=\"pt_BR\" \/>\n<meta property=\"og:type\" content=\"article\" \/>\n<meta property=\"og:title\" content=\"Ap\u00f3s trabalho de fiscaliza\u00e7\u00e3o do MPC-PR, Munic\u00edpio de Dois Vizinhos estabelece nova exig\u00eancia para concurso de m\u00e9dicos especialistas - Minist\u00e9rio P\u00fablico de Contas do Estado do Paran\u00e1\" \/>\n<meta property=\"og:description\" content=\"O Minist\u00e9rio P\u00fablico de Contas do Estado do Paran\u00e1 (MPC-PR), por meio do N\u00facleo de An\u00e1lise T\u00e9cnica (NAT), instaurou Procedimento de Apura\u00e7\u00e3o Preliminar (PAP) para averiguar poss\u00edveis irregularidades ocorridas no Munic\u00edpio de Dois Vizinhos, quando da realiza\u00e7\u00e3o do Edital de Concurso P\u00fablico n\u00ba 001\/2023.\u00a0\u00a0 A fiscaliza\u00e7\u00e3o ocorreu ap\u00f3s recebimento de den\u00fancia, por meio da qual [&hellip;]\" \/>\n<meta property=\"og:url\" content=\"https:\/\/www.mpc.pr.gov.br\/index.php\/apos-trabalho-de-fiscalizacao-do-mpc-pr-municipio-de-dois-vizinhos-estabelece-nova-exigencia-para-concurso-de-medicos-especialistas\/\" \/>\n<meta property=\"og:site_name\" content=\"Minist\u00e9rio P\u00fablico de Contas do Estado do Paran\u00e1\" \/>\n<meta property=\"article:publisher\" content=\"https:\/\/www.facebook.com\/mpc.pr\" \/>\n<meta property=\"article:published_time\" content=\"2024-08-22T12:59:22+00:00\" \/>\n<meta property=\"article:modified_time\" content=\"2024-09-05T12:59:19+00:00\" \/>\n<meta property=\"og:image\" content=\"https:\/\/www.mpc.pr.gov.br\/wp-content\/uploads\/2024\/08\/DOIS-VIZINHOS-Vista-do-centro-de-Dois-Vizinhos.-Cidade-e-a-terceira-em-populacao-no-Sudoeste.-Foto-Educadora-AM.jpg\" \/>\n\t<meta property=\"og:image:width\" content=\"768\" \/>\n\t<meta property=\"og:image:height\" content=\"432\" \/>\n\t<meta property=\"og:image:type\" content=\"image\/jpeg\" \/>\n<meta name=\"author\" content=\"mpcontaspr\" \/>\n<meta name=\"twitter:card\" content=\"summary_large_image\" \/>\n<meta name=\"twitter:label1\" content=\"Escrito por\" \/>\n\t<meta name=\"twitter:data1\" content=\"mpcontaspr\" \/>\n\t<meta name=\"twitter:label2\" content=\"Est. tempo de leitura\" \/>\n\t<meta name=\"twitter:data2\" content=\"6 minutos\" \/>\n<script type=\"application\/ld+json\" class=\"yoast-schema-graph\">{\"@context\":\"https:\\\/\\\/schema.org\",\"@graph\":[{\"@type\":\"Article\",\"@id\":\"https:\\\/\\\/www.mpc.pr.gov.br\\\/index.php\\\/apos-trabalho-de-fiscalizacao-do-mpc-pr-municipio-de-dois-vizinhos-estabelece-nova-exigencia-para-concurso-de-medicos-especialistas\\\/#article\",\"isPartOf\":{\"@id\":\"https:\\\/\\\/www.mpc.pr.gov.br\\\/index.php\\\/apos-trabalho-de-fiscalizacao-do-mpc-pr-municipio-de-dois-vizinhos-estabelece-nova-exigencia-para-concurso-de-medicos-especialistas\\\/\"},\"author\":{\"name\":\"mpcontaspr\",\"@id\":\"https:\\\/\\\/www.mpc.pr.gov.br\\\/#\\\/schema\\\/person\\\/2d83cb8980538d0ec174e8a6284f5e11\"},\"headline\":\"Ap\u00f3s trabalho de fiscaliza\u00e7\u00e3o do MPC-PR, Munic\u00edpio de Dois Vizinhos estabelece nova exig\u00eancia para concurso de m\u00e9dicos especialistas\",\"datePublished\":\"2024-08-22T12:59:22+00:00\",\"dateModified\":\"2024-09-05T12:59:19+00:00\",\"mainEntityOfPage\":{\"@id\":\"https:\\\/\\\/www.mpc.pr.gov.br\\\/index.php\\\/apos-trabalho-de-fiscalizacao-do-mpc-pr-municipio-de-dois-vizinhos-estabelece-nova-exigencia-para-concurso-de-medicos-especialistas\\\/\"},\"wordCount\":1055,\"commentCount\":1,\"publisher\":{\"@id\":\"https:\\\/\\\/www.mpc.pr.gov.br\\\/#organization\"},\"image\":{\"@id\":\"https:\\\/\\\/www.mpc.pr.gov.br\\\/index.php\\\/apos-trabalho-de-fiscalizacao-do-mpc-pr-municipio-de-dois-vizinhos-estabelece-nova-exigencia-para-concurso-de-medicos-especialistas\\\/#primaryimage\"},\"thumbnailUrl\":\"https:\\\/\\\/www.mpc.pr.gov.br\\\/wp-content\\\/uploads\\\/2024\\\/08\\\/DOIS-VIZINHOS-Vista-do-centro-de-Dois-Vizinhos.-Cidade-e-a-terceira-em-populacao-no-Sudoeste.-Foto-Educadora-AM.jpg\",\"articleSection\":[\"Todas as not\u00edcias\"],\"inLanguage\":\"pt-BR\",\"potentialAction\":[{\"@type\":\"CommentAction\",\"name\":\"Comment\",\"target\":[\"https:\\\/\\\/www.mpc.pr.gov.br\\\/index.php\\\/apos-trabalho-de-fiscalizacao-do-mpc-pr-municipio-de-dois-vizinhos-estabelece-nova-exigencia-para-concurso-de-medicos-especialistas\\\/#respond\"]}]},{\"@type\":\"WebPage\",\"@id\":\"https:\\\/\\\/www.mpc.pr.gov.br\\\/index.php\\\/apos-trabalho-de-fiscalizacao-do-mpc-pr-municipio-de-dois-vizinhos-estabelece-nova-exigencia-para-concurso-de-medicos-especialistas\\\/\",\"url\":\"https:\\\/\\\/www.mpc.pr.gov.br\\\/index.php\\\/apos-trabalho-de-fiscalizacao-do-mpc-pr-municipio-de-dois-vizinhos-estabelece-nova-exigencia-para-concurso-de-medicos-especialistas\\\/\",\"name\":\"Ap\u00f3s trabalho de fiscaliza\u00e7\u00e3o do MPC-PR, Munic\u00edpio de Dois Vizinhos estabelece nova exig\u00eancia para concurso de m\u00e9dicos especialistas - Minist\u00e9rio P\u00fablico de Contas do Estado do Paran\u00e1\",\"isPartOf\":{\"@id\":\"https:\\\/\\\/www.mpc.pr.gov.br\\\/#website\"},\"primaryImageOfPage\":{\"@id\":\"https:\\\/\\\/www.mpc.pr.gov.br\\\/index.php\\\/apos-trabalho-de-fiscalizacao-do-mpc-pr-municipio-de-dois-vizinhos-estabelece-nova-exigencia-para-concurso-de-medicos-especialistas\\\/#primaryimage\"},\"image\":{\"@id\":\"https:\\\/\\\/www.mpc.pr.gov.br\\\/index.php\\\/apos-trabalho-de-fiscalizacao-do-mpc-pr-municipio-de-dois-vizinhos-estabelece-nova-exigencia-para-concurso-de-medicos-especialistas\\\/#primaryimage\"},\"thumbnailUrl\":\"https:\\\/\\\/www.mpc.pr.gov.br\\\/wp-content\\\/uploads\\\/2024\\\/08\\\/DOIS-VIZINHOS-Vista-do-centro-de-Dois-Vizinhos.-Cidade-e-a-terceira-em-populacao-no-Sudoeste.-Foto-Educadora-AM.jpg\",\"datePublished\":\"2024-08-22T12:59:22+00:00\",\"dateModified\":\"2024-09-05T12:59:19+00:00\",\"breadcrumb\":{\"@id\":\"https:\\\/\\\/www.mpc.pr.gov.br\\\/index.php\\\/apos-trabalho-de-fiscalizacao-do-mpc-pr-municipio-de-dois-vizinhos-estabelece-nova-exigencia-para-concurso-de-medicos-especialistas\\\/#breadcrumb\"},\"inLanguage\":\"pt-BR\",\"potentialAction\":[{\"@type\":\"ReadAction\",\"target\":[\"https:\\\/\\\/www.mpc.pr.gov.br\\\/index.php\\\/apos-trabalho-de-fiscalizacao-do-mpc-pr-municipio-de-dois-vizinhos-estabelece-nova-exigencia-para-concurso-de-medicos-especialistas\\\/\"]}]},{\"@type\":\"ImageObject\",\"inLanguage\":\"pt-BR\",\"@id\":\"https:\\\/\\\/www.mpc.pr.gov.br\\\/index.php\\\/apos-trabalho-de-fiscalizacao-do-mpc-pr-municipio-de-dois-vizinhos-estabelece-nova-exigencia-para-concurso-de-medicos-especialistas\\\/#primaryimage\",\"url\":\"https:\\\/\\\/www.mpc.pr.gov.br\\\/wp-content\\\/uploads\\\/2024\\\/08\\\/DOIS-VIZINHOS-Vista-do-centro-de-Dois-Vizinhos.-Cidade-e-a-terceira-em-populacao-no-Sudoeste.-Foto-Educadora-AM.jpg\",\"contentUrl\":\"https:\\\/\\\/www.mpc.pr.gov.br\\\/wp-content\\\/uploads\\\/2024\\\/08\\\/DOIS-VIZINHOS-Vista-do-centro-de-Dois-Vizinhos.-Cidade-e-a-terceira-em-populacao-no-Sudoeste.-Foto-Educadora-AM.jpg\",\"width\":768,\"height\":432,\"caption\":\"Vista do centro de Dois Vizinhos. Cidade \u00e9 a terceira em popula\u00e7\u00e3o no Sudoeste. Foto: Educadora AM.\"},{\"@type\":\"BreadcrumbList\",\"@id\":\"https:\\\/\\\/www.mpc.pr.gov.br\\\/index.php\\\/apos-trabalho-de-fiscalizacao-do-mpc-pr-municipio-de-dois-vizinhos-estabelece-nova-exigencia-para-concurso-de-medicos-especialistas\\\/#breadcrumb\",\"itemListElement\":[{\"@type\":\"ListItem\",\"position\":1,\"name\":\"In\u00edcio\",\"item\":\"https:\\\/\\\/www.mpc.pr.gov.br\\\/\"},{\"@type\":\"ListItem\",\"position\":2,\"name\":\"Ap\u00f3s trabalho de fiscaliza\u00e7\u00e3o do MPC-PR, Munic\u00edpio de Dois Vizinhos estabelece nova exig\u00eancia para concurso de m\u00e9dicos especialistas\"}]},{\"@type\":\"WebSite\",\"@id\":\"https:\\\/\\\/www.mpc.pr.gov.br\\\/#website\",\"url\":\"https:\\\/\\\/www.mpc.pr.gov.br\\\/\",\"name\":\"Minist\u00e9rio P\u00fablico de Contas do Estado do Paran\u00e1\",\"description\":\"\",\"publisher\":{\"@id\":\"https:\\\/\\\/www.mpc.pr.gov.br\\\/#organization\"},\"potentialAction\":[{\"@type\":\"SearchAction\",\"target\":{\"@type\":\"EntryPoint\",\"urlTemplate\":\"https:\\\/\\\/www.mpc.pr.gov.br\\\/?s={search_term_string}\"},\"query-input\":{\"@type\":\"PropertyValueSpecification\",\"valueRequired\":true,\"valueName\":\"search_term_string\"}}],\"inLanguage\":\"pt-BR\"},{\"@type\":\"Organization\",\"@id\":\"https:\\\/\\\/www.mpc.pr.gov.br\\\/#organization\",\"name\":\"Minist\u00e9rio P\u00fablico de Contas do Estado do Paran\u00e1\",\"url\":\"https:\\\/\\\/www.mpc.pr.gov.br\\\/\",\"logo\":{\"@type\":\"ImageObject\",\"inLanguage\":\"pt-BR\",\"@id\":\"https:\\\/\\\/www.mpc.pr.gov.br\\\/#\\\/schema\\\/logo\\\/image\\\/\",\"url\":\"https:\\\/\\\/www.mpc.pr.gov.br\\\/wp-content\\\/uploads\\\/2020\\\/06\\\/99423647_1593460364143890_6706793420720963584_n-1-e1591387983167.png\",\"contentUrl\":\"https:\\\/\\\/www.mpc.pr.gov.br\\\/wp-content\\\/uploads\\\/2020\\\/06\\\/99423647_1593460364143890_6706793420720963584_n-1-e1591387983167.png\",\"width\":243,\"height\":73,\"caption\":\"Minist\u00e9rio P\u00fablico de Contas do Estado do Paran\u00e1\"},\"image\":{\"@id\":\"https:\\\/\\\/www.mpc.pr.gov.br\\\/#\\\/schema\\\/logo\\\/image\\\/\"},\"sameAs\":[\"https:\\\/\\\/www.facebook.com\\\/mpc.pr\",\"https:\\\/\\\/www.instagram.com\\\/mpc.pr\\\/?hl=pt-br\",\"https:\\\/\\\/www.youtube.com\\\/channel\\\/UCHri5oEM8DV0ztX57E0sBSw\"]},{\"@type\":\"Person\",\"@id\":\"https:\\\/\\\/www.mpc.pr.gov.br\\\/#\\\/schema\\\/person\\\/2d83cb8980538d0ec174e8a6284f5e11\",\"name\":\"mpcontaspr\",\"image\":{\"@type\":\"ImageObject\",\"inLanguage\":\"pt-BR\",\"@id\":\"https:\\\/\\\/secure.gravatar.com\\\/avatar\\\/1aef51541db7622e05fd639336c9c9f312c2a618396e2b6ca96846362fc5403f?s=96&d=mm&r=g\",\"url\":\"https:\\\/\\\/secure.gravatar.com\\\/avatar\\\/1aef51541db7622e05fd639336c9c9f312c2a618396e2b6ca96846362fc5403f?s=96&d=mm&r=g\",\"contentUrl\":\"https:\\\/\\\/secure.gravatar.com\\\/avatar\\\/1aef51541db7622e05fd639336c9c9f312c2a618396e2b6ca96846362fc5403f?s=96&d=mm&r=g\",\"caption\":\"mpcontaspr\"},\"sameAs\":[\"http:\\\/\\\/www.mpc.pr.gov.br\"]}]}<\/script>\n<!-- \/ Yoast SEO plugin. -->","yoast_head_json":{"title":"Ap\u00f3s trabalho de fiscaliza\u00e7\u00e3o do MPC-PR, Munic\u00edpio de Dois Vizinhos estabelece nova exig\u00eancia para concurso de m\u00e9dicos especialistas - Minist\u00e9rio P\u00fablico de Contas do Estado do Paran\u00e1","robots":{"index":"index","follow":"follow","max-snippet":"max-snippet:-1","max-image-preview":"max-image-preview:large","max-video-preview":"max-video-preview:-1"},"canonical":"https:\/\/www.mpc.pr.gov.br\/index.php\/apos-trabalho-de-fiscalizacao-do-mpc-pr-municipio-de-dois-vizinhos-estabelece-nova-exigencia-para-concurso-de-medicos-especialistas\/","og_locale":"pt_BR","og_type":"article","og_title":"Ap\u00f3s trabalho de fiscaliza\u00e7\u00e3o do MPC-PR, Munic\u00edpio de Dois Vizinhos estabelece nova exig\u00eancia para concurso de m\u00e9dicos especialistas - Minist\u00e9rio P\u00fablico de Contas do Estado do Paran\u00e1","og_description":"O Minist\u00e9rio P\u00fablico de Contas do Estado do Paran\u00e1 (MPC-PR), por meio do N\u00facleo de An\u00e1lise T\u00e9cnica (NAT), instaurou Procedimento de Apura\u00e7\u00e3o Preliminar (PAP) para averiguar poss\u00edveis irregularidades ocorridas no Munic\u00edpio de Dois Vizinhos, quando da realiza\u00e7\u00e3o do Edital de Concurso P\u00fablico n\u00ba 001\/2023.\u00a0\u00a0 A fiscaliza\u00e7\u00e3o ocorreu ap\u00f3s recebimento de den\u00fancia, por meio da qual [&hellip;]","og_url":"https:\/\/www.mpc.pr.gov.br\/index.php\/apos-trabalho-de-fiscalizacao-do-mpc-pr-municipio-de-dois-vizinhos-estabelece-nova-exigencia-para-concurso-de-medicos-especialistas\/","og_site_name":"Minist\u00e9rio P\u00fablico de Contas do Estado do Paran\u00e1","article_publisher":"https:\/\/www.facebook.com\/mpc.pr","article_published_time":"2024-08-22T12:59:22+00:00","article_modified_time":"2024-09-05T12:59:19+00:00","og_image":[{"width":768,"height":432,"url":"https:\/\/www.mpc.pr.gov.br\/wp-content\/uploads\/2024\/08\/DOIS-VIZINHOS-Vista-do-centro-de-Dois-Vizinhos.-Cidade-e-a-terceira-em-populacao-no-Sudoeste.-Foto-Educadora-AM.jpg","type":"image\/jpeg"}],"author":"mpcontaspr","twitter_card":"summary_large_image","twitter_misc":{"Escrito por":"mpcontaspr","Est. tempo de leitura":"6 minutos"},"schema":{"@context":"https:\/\/schema.org","@graph":[{"@type":"Article","@id":"https:\/\/www.mpc.pr.gov.br\/index.php\/apos-trabalho-de-fiscalizacao-do-mpc-pr-municipio-de-dois-vizinhos-estabelece-nova-exigencia-para-concurso-de-medicos-especialistas\/#article","isPartOf":{"@id":"https:\/\/www.mpc.pr.gov.br\/index.php\/apos-trabalho-de-fiscalizacao-do-mpc-pr-municipio-de-dois-vizinhos-estabelece-nova-exigencia-para-concurso-de-medicos-especialistas\/"},"author":{"name":"mpcontaspr","@id":"https:\/\/www.mpc.pr.gov.br\/#\/schema\/person\/2d83cb8980538d0ec174e8a6284f5e11"},"headline":"Ap\u00f3s trabalho de fiscaliza\u00e7\u00e3o do MPC-PR, Munic\u00edpio de Dois Vizinhos estabelece nova exig\u00eancia para concurso de m\u00e9dicos especialistas","datePublished":"2024-08-22T12:59:22+00:00","dateModified":"2024-09-05T12:59:19+00:00","mainEntityOfPage":{"@id":"https:\/\/www.mpc.pr.gov.br\/index.php\/apos-trabalho-de-fiscalizacao-do-mpc-pr-municipio-de-dois-vizinhos-estabelece-nova-exigencia-para-concurso-de-medicos-especialistas\/"},"wordCount":1055,"commentCount":1,"publisher":{"@id":"https:\/\/www.mpc.pr.gov.br\/#organization"},"image":{"@id":"https:\/\/www.mpc.pr.gov.br\/index.php\/apos-trabalho-de-fiscalizacao-do-mpc-pr-municipio-de-dois-vizinhos-estabelece-nova-exigencia-para-concurso-de-medicos-especialistas\/#primaryimage"},"thumbnailUrl":"https:\/\/www.mpc.pr.gov.br\/wp-content\/uploads\/2024\/08\/DOIS-VIZINHOS-Vista-do-centro-de-Dois-Vizinhos.-Cidade-e-a-terceira-em-populacao-no-Sudoeste.-Foto-Educadora-AM.jpg","articleSection":["Todas as not\u00edcias"],"inLanguage":"pt-BR","potentialAction":[{"@type":"CommentAction","name":"Comment","target":["https:\/\/www.mpc.pr.gov.br\/index.php\/apos-trabalho-de-fiscalizacao-do-mpc-pr-municipio-de-dois-vizinhos-estabelece-nova-exigencia-para-concurso-de-medicos-especialistas\/#respond"]}]},{"@type":"WebPage","@id":"https:\/\/www.mpc.pr.gov.br\/index.php\/apos-trabalho-de-fiscalizacao-do-mpc-pr-municipio-de-dois-vizinhos-estabelece-nova-exigencia-para-concurso-de-medicos-especialistas\/","url":"https:\/\/www.mpc.pr.gov.br\/index.php\/apos-trabalho-de-fiscalizacao-do-mpc-pr-municipio-de-dois-vizinhos-estabelece-nova-exigencia-para-concurso-de-medicos-especialistas\/","name":"Ap\u00f3s trabalho de fiscaliza\u00e7\u00e3o do MPC-PR, Munic\u00edpio de Dois Vizinhos estabelece nova exig\u00eancia para concurso de m\u00e9dicos especialistas - Minist\u00e9rio P\u00fablico de Contas do Estado do Paran\u00e1","isPartOf":{"@id":"https:\/\/www.mpc.pr.gov.br\/#website"},"primaryImageOfPage":{"@id":"https:\/\/www.mpc.pr.gov.br\/index.php\/apos-trabalho-de-fiscalizacao-do-mpc-pr-municipio-de-dois-vizinhos-estabelece-nova-exigencia-para-concurso-de-medicos-especialistas\/#primaryimage"},"image":{"@id":"https:\/\/www.mpc.pr.gov.br\/index.php\/apos-trabalho-de-fiscalizacao-do-mpc-pr-municipio-de-dois-vizinhos-estabelece-nova-exigencia-para-concurso-de-medicos-especialistas\/#primaryimage"},"thumbnailUrl":"https:\/\/www.mpc.pr.gov.br\/wp-content\/uploads\/2024\/08\/DOIS-VIZINHOS-Vista-do-centro-de-Dois-Vizinhos.-Cidade-e-a-terceira-em-populacao-no-Sudoeste.-Foto-Educadora-AM.jpg","datePublished":"2024-08-22T12:59:22+00:00","dateModified":"2024-09-05T12:59:19+00:00","breadcrumb":{"@id":"https:\/\/www.mpc.pr.gov.br\/index.php\/apos-trabalho-de-fiscalizacao-do-mpc-pr-municipio-de-dois-vizinhos-estabelece-nova-exigencia-para-concurso-de-medicos-especialistas\/#breadcrumb"},"inLanguage":"pt-BR","potentialAction":[{"@type":"ReadAction","target":["https:\/\/www.mpc.pr.gov.br\/index.php\/apos-trabalho-de-fiscalizacao-do-mpc-pr-municipio-de-dois-vizinhos-estabelece-nova-exigencia-para-concurso-de-medicos-especialistas\/"]}]},{"@type":"ImageObject","inLanguage":"pt-BR","@id":"https:\/\/www.mpc.pr.gov.br\/index.php\/apos-trabalho-de-fiscalizacao-do-mpc-pr-municipio-de-dois-vizinhos-estabelece-nova-exigencia-para-concurso-de-medicos-especialistas\/#primaryimage","url":"https:\/\/www.mpc.pr.gov.br\/wp-content\/uploads\/2024\/08\/DOIS-VIZINHOS-Vista-do-centro-de-Dois-Vizinhos.-Cidade-e-a-terceira-em-populacao-no-Sudoeste.-Foto-Educadora-AM.jpg","contentUrl":"https:\/\/www.mpc.pr.gov.br\/wp-content\/uploads\/2024\/08\/DOIS-VIZINHOS-Vista-do-centro-de-Dois-Vizinhos.-Cidade-e-a-terceira-em-populacao-no-Sudoeste.-Foto-Educadora-AM.jpg","width":768,"height":432,"caption":"Vista do centro de Dois Vizinhos. Cidade \u00e9 a terceira em popula\u00e7\u00e3o no Sudoeste. Foto: Educadora AM."},{"@type":"BreadcrumbList","@id":"https:\/\/www.mpc.pr.gov.br\/index.php\/apos-trabalho-de-fiscalizacao-do-mpc-pr-municipio-de-dois-vizinhos-estabelece-nova-exigencia-para-concurso-de-medicos-especialistas\/#breadcrumb","itemListElement":[{"@type":"ListItem","position":1,"name":"In\u00edcio","item":"https:\/\/www.mpc.pr.gov.br\/"},{"@type":"ListItem","position":2,"name":"Ap\u00f3s trabalho de fiscaliza\u00e7\u00e3o do MPC-PR, Munic\u00edpio de Dois Vizinhos estabelece nova exig\u00eancia para concurso de m\u00e9dicos especialistas"}]},{"@type":"WebSite","@id":"https:\/\/www.mpc.pr.gov.br\/#website","url":"https:\/\/www.mpc.pr.gov.br\/","name":"Minist\u00e9rio P\u00fablico de Contas do Estado do Paran\u00e1","description":"","publisher":{"@id":"https:\/\/www.mpc.pr.gov.br\/#organization"},"potentialAction":[{"@type":"SearchAction","target":{"@type":"EntryPoint","urlTemplate":"https:\/\/www.mpc.pr.gov.br\/?s={search_term_string}"},"query-input":{"@type":"PropertyValueSpecification","valueRequired":true,"valueName":"search_term_string"}}],"inLanguage":"pt-BR"},{"@type":"Organization","@id":"https:\/\/www.mpc.pr.gov.br\/#organization","name":"Minist\u00e9rio P\u00fablico de Contas do Estado do Paran\u00e1","url":"https:\/\/www.mpc.pr.gov.br\/","logo":{"@type":"ImageObject","inLanguage":"pt-BR","@id":"https:\/\/www.mpc.pr.gov.br\/#\/schema\/logo\/image\/","url":"https:\/\/www.mpc.pr.gov.br\/wp-content\/uploads\/2020\/06\/99423647_1593460364143890_6706793420720963584_n-1-e1591387983167.png","contentUrl":"https:\/\/www.mpc.pr.gov.br\/wp-content\/uploads\/2020\/06\/99423647_1593460364143890_6706793420720963584_n-1-e1591387983167.png","width":243,"height":73,"caption":"Minist\u00e9rio P\u00fablico de Contas do Estado do Paran\u00e1"},"image":{"@id":"https:\/\/www.mpc.pr.gov.br\/#\/schema\/logo\/image\/"},"sameAs":["https:\/\/www.facebook.com\/mpc.pr","https:\/\/www.instagram.com\/mpc.pr\/?hl=pt-br","https:\/\/www.youtube.com\/channel\/UCHri5oEM8DV0ztX57E0sBSw"]},{"@type":"Person","@id":"https:\/\/www.mpc.pr.gov.br\/#\/schema\/person\/2d83cb8980538d0ec174e8a6284f5e11","name":"mpcontaspr","image":{"@type":"ImageObject","inLanguage":"pt-BR","@id":"https:\/\/secure.gravatar.com\/avatar\/1aef51541db7622e05fd639336c9c9f312c2a618396e2b6ca96846362fc5403f?s=96&d=mm&r=g","url":"https:\/\/secure.gravatar.com\/avatar\/1aef51541db7622e05fd639336c9c9f312c2a618396e2b6ca96846362fc5403f?s=96&d=mm&r=g","contentUrl":"https:\/\/secure.gravatar.com\/avatar\/1aef51541db7622e05fd639336c9c9f312c2a618396e2b6ca96846362fc5403f?s=96&d=mm&r=g","caption":"mpcontaspr"},"sameAs":["http:\/\/www.mpc.pr.gov.br"]}]}},"rttpg_featured_image_url":{"full":["https:\/\/www.mpc.pr.gov.br\/wp-content\/uploads\/2024\/08\/DOIS-VIZINHOS-Vista-do-centro-de-Dois-Vizinhos.-Cidade-e-a-terceira-em-populacao-no-Sudoeste.-Foto-Educadora-AM.jpg",768,432,false],"landscape":["https:\/\/www.mpc.pr.gov.br\/wp-content\/uploads\/2024\/08\/DOIS-VIZINHOS-Vista-do-centro-de-Dois-Vizinhos.-Cidade-e-a-terceira-em-populacao-no-Sudoeste.-Foto-Educadora-AM.jpg",768,432,false],"portraits":["https:\/\/www.mpc.pr.gov.br\/wp-content\/uploads\/2024\/08\/DOIS-VIZINHOS-Vista-do-centro-de-Dois-Vizinhos.-Cidade-e-a-terceira-em-populacao-no-Sudoeste.-Foto-Educadora-AM.jpg",768,432,false],"thumbnail":["https:\/\/www.mpc.pr.gov.br\/wp-content\/uploads\/2024\/08\/DOIS-VIZINHOS-Vista-do-centro-de-Dois-Vizinhos.-Cidade-e-a-terceira-em-populacao-no-Sudoeste.-Foto-Educadora-AM-150x150.jpg",150,150,true],"medium":["https:\/\/www.mpc.pr.gov.br\/wp-content\/uploads\/2024\/08\/DOIS-VIZINHOS-Vista-do-centro-de-Dois-Vizinhos.-Cidade-e-a-terceira-em-populacao-no-Sudoeste.-Foto-Educadora-AM-300x169.jpg",300,169,true],"large":["https:\/\/www.mpc.pr.gov.br\/wp-content\/uploads\/2024\/08\/DOIS-VIZINHOS-Vista-do-centro-de-Dois-Vizinhos.-Cidade-e-a-terceira-em-populacao-no-Sudoeste.-Foto-Educadora-AM.jpg",768,432,false],"1536x1536":["https:\/\/www.mpc.pr.gov.br\/wp-content\/uploads\/2024\/08\/DOIS-VIZINHOS-Vista-do-centro-de-Dois-Vizinhos.-Cidade-e-a-terceira-em-populacao-no-Sudoeste.-Foto-Educadora-AM.jpg",768,432,false],"2048x2048":["https:\/\/www.mpc.pr.gov.br\/wp-content\/uploads\/2024\/08\/DOIS-VIZINHOS-Vista-do-centro-de-Dois-Vizinhos.-Cidade-e-a-terceira-em-populacao-no-Sudoeste.-Foto-Educadora-AM.jpg",768,432,false],"ocean-thumb-m":["https:\/\/www.mpc.pr.gov.br\/wp-content\/uploads\/2024\/08\/DOIS-VIZINHOS-Vista-do-centro-de-Dois-Vizinhos.-Cidade-e-a-terceira-em-populacao-no-Sudoeste.-Foto-Educadora-AM-600x432.jpg",600,432,true],"ocean-thumb-ml":["https:\/\/www.mpc.pr.gov.br\/wp-content\/uploads\/2024\/08\/DOIS-VIZINHOS-Vista-do-centro-de-Dois-Vizinhos.-Cidade-e-a-terceira-em-populacao-no-Sudoeste.-Foto-Educadora-AM.jpg",768,432,false],"ocean-thumb-l":["https:\/\/www.mpc.pr.gov.br\/wp-content\/uploads\/2024\/08\/DOIS-VIZINHOS-Vista-do-centro-de-Dois-Vizinhos.-Cidade-e-a-terceira-em-populacao-no-Sudoeste.-Foto-Educadora-AM.jpg",768,432,false]},"rttpg_author":{"display_name":"mpcontaspr","author_link":"https:\/\/www.mpc.pr.gov.br\/index.php\/author\/mpcontaspr\/"},"rttpg_comment":2,"rttpg_category":"<a href=\"https:\/\/www.mpc.pr.gov.br\/index.php\/category\/todas-as-noticias\/\" rel=\"category tag\">Todas as not\u00edcias<\/a>","rttpg_excerpt":"O Minist\u00e9rio P\u00fablico de Contas do Estado do Paran\u00e1 (MPC-PR), por meio do N\u00facleo de An\u00e1lise T\u00e9cnica (NAT), instaurou Procedimento de Apura\u00e7\u00e3o Preliminar (PAP) para averiguar poss\u00edveis irregularidades ocorridas no Munic\u00edpio de Dois Vizinhos, quando da realiza\u00e7\u00e3o do Edital de Concurso P\u00fablico n\u00ba 001\/2023.\u00a0\u00a0 A fiscaliza\u00e7\u00e3o ocorreu ap\u00f3s recebimento de den\u00fancia, por meio da qual&hellip;","_links":{"self":[{"href":"https:\/\/www.mpc.pr.gov.br\/index.php\/wp-json\/wp\/v2\/posts\/21145","targetHints":{"allow":["GET"]}}],"collection":[{"href":"https:\/\/www.mpc.pr.gov.br\/index.php\/wp-json\/wp\/v2\/posts"}],"about":[{"href":"https:\/\/www.mpc.pr.gov.br\/index.php\/wp-json\/wp\/v2\/types\/post"}],"author":[{"embeddable":true,"href":"https:\/\/www.mpc.pr.gov.br\/index.php\/wp-json\/wp\/v2\/users\/1"}],"replies":[{"embeddable":true,"href":"https:\/\/www.mpc.pr.gov.br\/index.php\/wp-json\/wp\/v2\/comments?post=21145"}],"version-history":[{"count":5,"href":"https:\/\/www.mpc.pr.gov.br\/index.php\/wp-json\/wp\/v2\/posts\/21145\/revisions"}],"predecessor-version":[{"id":21165,"href":"https:\/\/www.mpc.pr.gov.br\/index.php\/wp-json\/wp\/v2\/posts\/21145\/revisions\/21165"}],"wp:featuredmedia":[{"embeddable":true,"href":"https:\/\/www.mpc.pr.gov.br\/index.php\/wp-json\/wp\/v2\/media\/21146"}],"wp:attachment":[{"href":"https:\/\/www.mpc.pr.gov.br\/index.php\/wp-json\/wp\/v2\/media?parent=21145"}],"wp:term":[{"taxonomy":"category","embeddable":true,"href":"https:\/\/www.mpc.pr.gov.br\/index.php\/wp-json\/wp\/v2\/categories?post=21145"},{"taxonomy":"post_tag","embeddable":true,"href":"https:\/\/www.mpc.pr.gov.br\/index.php\/wp-json\/wp\/v2\/tags?post=21145"}],"curies":[{"name":"wp","href":"https:\/\/api.w.org\/{rel}","templated":true}]}}