{"id":21196,"date":"2024-08-26T16:25:15","date_gmt":"2024-08-26T19:25:15","guid":{"rendered":"https:\/\/www.mpc.pr.gov.br\/?p=21196"},"modified":"2024-09-10T09:55:50","modified_gmt":"2024-09-10T12:55:50","slug":"carta-de-macapa-mpc-pr-adere-a-iniciativa-nacional-pela-defesa-do-meio-ambiente","status":"publish","type":"post","link":"https:\/\/www.mpc.pr.gov.br\/index.php\/carta-de-macapa-mpc-pr-adere-a-iniciativa-nacional-pela-defesa-do-meio-ambiente\/","title":{"rendered":"Carta de Macap\u00e1: MPC-PR adere \u00e0 iniciativa nacional pela defesa do meio ambiente"},"content":{"rendered":"<figure id=\"attachment_21195\" aria-describedby=\"caption-attachment-21195\" style=\"width: 300px\" class=\"wp-caption alignleft\"><img fetchpriority=\"high\" decoding=\"async\" class=\"size-medium wp-image-21195\" src=\"https:\/\/www.mpc.pr.gov.br\/wp-content\/uploads\/2024\/08\/IMAGEM-SITE_20240826_155444_0000-300x169.png\" alt=\"\" width=\"300\" height=\"169\" srcset=\"https:\/\/www.mpc.pr.gov.br\/wp-content\/uploads\/2024\/08\/IMAGEM-SITE_20240826_155444_0000-300x169.png 300w, https:\/\/www.mpc.pr.gov.br\/wp-content\/uploads\/2024\/08\/IMAGEM-SITE_20240826_155444_0000.png 560w\" sizes=\"(max-width: 300px) 100vw, 300px\" \/><figcaption id=\"caption-attachment-21195\" class=\"wp-caption-text\">A &#8220;Carta de Macap\u00e1&#8221; simboliza um compromisso do Minist\u00e9rio P\u00fablico de Contas Brasileiro em prol da sustentabilidade ambiental e seguran\u00e7a clim\u00e1tica. Foto: Divulga\u00e7\u00e3o.<\/figcaption><\/figure>\n<p><span data-contrast=\"auto\">O Minist\u00e9rio P\u00fablico de Contas do Paran\u00e1 (MPC-PR), representado pelo Procurador-Geral Gabriel Guy L\u00e9ger, assinou a &#8220;Carta de Macap\u00e1\u201d, reafirmando seu compromisso com a prote\u00e7\u00e3o ambiental. O documento destaca a necessidade urgente de uma atua\u00e7\u00e3o conjunta direcionada para garantir que pol\u00edticas p\u00fablicas eficazes sejam implementadas e que os recursos p\u00fablicos sejam empregados de forma eficiente para a promo\u00e7\u00e3o de um meio ambiente seguro, sadio e equilibrado.<\/span><span data-ccp-props=\"{&quot;201341983&quot;:0,&quot;335551550&quot;:6,&quot;335551620&quot;:6,&quot;335559739&quot;:160,&quot;335559740&quot;:360}\">\u00a0<\/span><\/p>\n<p><span data-contrast=\"auto\">A Carta foi redigida pelos Procuradores de Contas presentes no <a href=\"https:\/\/3congressoambiental.tce.ap.gov.br\/\">III Congresso Ambiental dos Tribunais de Contas<\/a>, realizado nos dias 22 e 23 de agosto, na capital Macap\u00e1 (AP), e lida ao final do evento pela Procuradora do Minist\u00e9rio P\u00fablico de Contas do Amap\u00e1 (MPC-AP), Rachel Barbalho Ribeiro da Silva.<\/span><span data-ccp-props=\"{&quot;134233117&quot;:false,&quot;134233118&quot;:false,&quot;201341983&quot;:0,&quot;335551550&quot;:6,&quot;335551620&quot;:6,&quot;335559738&quot;:240,&quot;335559739&quot;:240,&quot;335559740&quot;:360}\">\u00a0<\/span><\/p>\n<p><span data-contrast=\"auto\">A ades\u00e3o do MPC-PR simboliza o comprometimento da institui\u00e7\u00e3o com a rede de prote\u00e7\u00e3o ambiental do Estado do Paran\u00e1 e de todo o Brasil, por meio de uma gest\u00e3o p\u00fablica respons\u00e1vel e sustent\u00e1vel, em conson\u00e2ncia com os <a href=\"https:\/\/brasil.un.org\/pt-br\/sdgs\">Objetivos de Desenvolvimento Sustent\u00e1vel (ODS)<\/a> da Agenda 2030 da Organiza\u00e7\u00e3o das Na\u00e7\u00f5es Unidas (ONU).<\/span><span data-ccp-props=\"{&quot;134233117&quot;:false,&quot;134233118&quot;:false,&quot;201341983&quot;:0,&quot;335551550&quot;:6,&quot;335551620&quot;:6,&quot;335559738&quot;:240,&quot;335559739&quot;:240,&quot;335559740&quot;:360}\">\u00a0<\/span><\/p>\n<h4><b><span data-contrast=\"auto\">A import\u00e2ncia da &#8220;Carta de Macap\u00e1&#8221;<\/span><\/b><span data-ccp-props=\"{&quot;201341983&quot;:0,&quot;335551550&quot;:6,&quot;335551620&quot;:6,&quot;335559739&quot;:160,&quot;335559740&quot;:360}\">\u00a0<\/span><\/h4>\n<p><span data-contrast=\"auto\">O\u00a0Minist\u00e9rio P\u00fablico de Conta Brasileiro reconhece a gravidade da crise ambiental e clim\u00e1tica que afeta o Brasil e o mundo, bem como a import\u00e2ncia de a\u00e7\u00f5es preventivas e de mitiga\u00e7\u00e3o para evitar desastres naturais e seus impactos devastadores.\u00a0 <\/span><span data-ccp-props=\"{&quot;134233117&quot;:false,&quot;134233118&quot;:false,&quot;201341983&quot;:0,&quot;335551550&quot;:6,&quot;335551620&quot;:6,&quot;335559738&quot;:240,&quot;335559739&quot;:240,&quot;335559740&quot;:360}\">\u00a0<\/span><\/p>\n<p><span data-contrast=\"auto\">Sendo assim, como atores relevantes na fiscaliza\u00e7\u00e3o e promo\u00e7\u00e3o de pol\u00edticas p\u00fablicas que assegurem o desenvolvimento sustent\u00e1vel e a prote\u00e7\u00e3o dos recursos naturais, os Procuradores de Contas das diversas esferas da federa\u00e7\u00e3o est\u00e3o comprometidos em usar de suas atribui\u00e7\u00f5es para garantir a defesa do meio ambiente.<\/span><span data-ccp-props=\"{&quot;134233117&quot;:false,&quot;134233118&quot;:false,&quot;201341983&quot;:0,&quot;335551550&quot;:6,&quot;335551620&quot;:6,&quot;335559685&quot;:0,&quot;335559737&quot;:0,&quot;335559738&quot;:240,&quot;335559739&quot;:240,&quot;335559740&quot;:360}\">\u00a0<\/span><\/p>\n<p><span data-contrast=\"auto\">Nessa perspectiva, entre as a\u00e7\u00f5es propostas por meio da &#8220;Carta de Macap\u00e1&#8221; est\u00e1 a estrutura\u00e7\u00e3o de uma campanha nacional do Minist\u00e9rio P\u00fablico de Contas Brasileiro, com vistas a uma atua\u00e7\u00e3o conjunta em prol da sustentabilidade ambiental e seguran\u00e7a clim\u00e1tica, interc\u00e2mbio de boas pr\u00e1ticas e apresenta\u00e7\u00e3o dos resultados, mediante relat\u00f3rios peri\u00f3dicos das iniciativas adotadas em respectivos \u00e2mbitos de atua\u00e7\u00e3o.<\/span><span data-ccp-props=\"{&quot;134233117&quot;:false,&quot;134233118&quot;:false,&quot;201341983&quot;:0,&quot;335551550&quot;:6,&quot;335551620&quot;:6,&quot;335559738&quot;:240,&quot;335559739&quot;:240,&quot;335559740&quot;:360}\">\u00a0<\/span><\/p>\n<p><span data-contrast=\"auto\">Al\u00e9m disso, o documento tamb\u00e9m destaca que para al\u00e9m da atua\u00e7\u00e3o em parceria com os\u00a0\u00f3rg\u00e3os de controle externo, \u00e9 preciso reunir esfor\u00e7os com a sociedade civil e outras institui\u00e7\u00f5es p\u00fablicas para viabilizar a implanta\u00e7\u00e3o de pol\u00edticas ambientais eficientes e sustent\u00e1veis que garantam a qualidade de vida para as futuras gera\u00e7\u00f5es.<\/span><span data-ccp-props=\"{&quot;134233117&quot;:false,&quot;134233118&quot;:false,&quot;201341983&quot;:0,&quot;335551550&quot;:6,&quot;335551620&quot;:6,&quot;335559738&quot;:240,&quot;335559739&quot;:240,&quot;335559740&quot;:360}\">\u00a0<\/span><\/p>\n<h4><b><span data-contrast=\"auto\">MPCs em A\u00e7\u00e3o\u00a0<\/span><\/b><span data-ccp-props=\"{&quot;134233117&quot;:false,&quot;134233118&quot;:false,&quot;201341983&quot;:0,&quot;335551550&quot;:6,&quot;335551620&quot;:6,&quot;335559685&quot;:0,&quot;335559737&quot;:0,&quot;335559738&quot;:240,&quot;335559739&quot;:240,&quot;335559740&quot;:360}\">\u00a0<\/span><\/h4>\n<p><span data-contrast=\"auto\">Al\u00e9m do Procurador-Geral do MPC-PR, Gabriel Guy L\u00e9ger, outros membros do Minist\u00e9rio P\u00fablico de Contas Brasileiro tamb\u00e9m assinaram a &#8220;Carta de Macap\u00e1&#8221;, demonstrando o compromisso coletivo com a promo\u00e7\u00e3o de uma gest\u00e3o p\u00fablica respons\u00e1vel, que contemple a prote\u00e7\u00e3o ambiental como uma prioridade estrat\u00e9gica, especialmente em tempos de mudan\u00e7as clim\u00e1ticas intensas.<\/span><span data-ccp-props=\"{&quot;134233117&quot;:false,&quot;134233118&quot;:false,&quot;201341983&quot;:0,&quot;335551550&quot;:6,&quot;335551620&quot;:6,&quot;335559738&quot;:240,&quot;335559739&quot;:240,&quot;335559740&quot;:360}\">\u00a0<\/span><\/p>\n<p><span data-contrast=\"auto\">Assinaram o documento os Procuradores e Procuradoras Am\u00e9lia Paula Gurj\u00e3o Sampaio Freitas (MPC-AP); Ant\u00f4nio Cl\u00e9sio Cunha dos Santos (MPC-AP); Rachel Barbalho Ribeiro da Silva (MPC-AP); Aline Pires Carvalho Assuf (MPC-RJ); De\u00edla Barbosa Maia (MPC-PA); Diogo Roberto Ringenberg (MPC-SC); Eduardo Santos Rolemberg C\u00f4rtes (MPC-SE); Jos\u00e9 Gustavo Athayde (MPCM-GO); J\u00falio Marcelo de Oliveira (MPC-TCU); Marc\u00edlio Barenco Corr\u00eaa de Mello (MPC-MG); Maria Cecilia Mendes Borges (MPC-MG); Paulo Soares Bugarin (MPC-TCU); Rodrigo Medeiros de Lima (MPC-TCU); Ruy Marcelo Alencar de Mendon\u00e7a (MPC-AM); Silaine Karine Vendramin (MPC-PA); e Stanley Botti Fernandes (MPC-PA).<\/span><span data-ccp-props=\"{&quot;134233117&quot;:false,&quot;134233118&quot;:false,&quot;201341983&quot;:0,&quot;335551550&quot;:6,&quot;335551620&quot;:6,&quot;335559738&quot;:240,&quot;335559739&quot;:240,&quot;335559740&quot;:360}\">\u00a0<\/span><\/p>\n<p><span data-contrast=\"auto\">O comprometimento dos\u00a0membros de diferentes Estados \u00e9 um reflexo da miss\u00e3o constitucional do Minist\u00e9rio P\u00fablico de Contas de zelar pela defesa da ordem jur\u00eddica e pela garantia a direitos fundamentais, com destaque ao direito fundamental \u00e0 boa administra\u00e7\u00e3o p\u00fablica e ao meio ambiente seguro.<\/span><span data-ccp-props=\"{&quot;134233117&quot;:false,&quot;134233118&quot;:false,&quot;201341983&quot;:0,&quot;335551550&quot;:6,&quot;335551620&quot;:6,&quot;335559685&quot;:0,&quot;335559737&quot;:0,&quot;335559738&quot;:240,&quot;335559739&quot;:240,&quot;335559740&quot;:360}\">\u00a0<\/span><\/p>\n<p>Leia a \u00edntegra da &#8220;Carta de Macap\u00e1&#8221; clicando <a href=\"https:\/\/www.mpc.pr.gov.br\/wp-content\/uploads\/2024\/08\/CARTA-DE-MACAPA-Procuradores-de-Conta-em-defesa-do-Meio-Ambiente.pdf\">aqui<\/a>.<\/p>\n","protected":false},"excerpt":{"rendered":"<p>O Minist\u00e9rio P\u00fablico de Contas do Paran\u00e1 (MPC-PR), representado pelo Procurador-Geral Gabriel Guy L\u00e9ger, assinou a &#8220;Carta de Macap\u00e1\u201d, reafirmando seu compromisso com a prote\u00e7\u00e3o ambiental. O documento destaca a necessidade urgente de uma atua\u00e7\u00e3o conjunta direcionada para garantir que pol\u00edticas p\u00fablicas eficazes sejam implementadas e que os recursos p\u00fablicos sejam empregados de forma eficiente [&hellip;]<\/p>\n","protected":false},"author":1,"featured_media":21195,"comment_status":"open","ping_status":"open","sticky":false,"template":"","format":"standard","meta":{"_monsterinsights_skip_tracking":false,"_monsterinsights_sitenote_active":false,"_monsterinsights_sitenote_note":"","_monsterinsights_sitenote_category":0,"footnotes":""},"categories":[7],"tags":[617,616,614,372,13,350,615,351],"class_list":["post-21196","post","type-post","status-publish","format-standard","has-post-thumbnail","hentry","category-todas-as-noticias","tag-acao-nacional","tag-agenda-2030","tag-meio-ambiente","tag-ministerio-publico-de-contas","tag-mpc-pr","tag-objetivos-de-desenvolvimento-sustentavel","tag-onu","tag-sustentabilidade","entry","has-media"],"yoast_head":"<!-- This site is optimized with the Yoast SEO plugin v27.3 - https:\/\/yoast.com\/product\/yoast-seo-wordpress\/ -->\n<title>Carta de Macap\u00e1: MPC-PR adere \u00e0 iniciativa nacional pela defesa do meio ambiente - Minist\u00e9rio P\u00fablico de Contas do Estado do Paran\u00e1<\/title>\n<meta name=\"robots\" content=\"index, follow, max-snippet:-1, max-image-preview:large, max-video-preview:-1\" \/>\n<link rel=\"canonical\" href=\"https:\/\/www.mpc.pr.gov.br\/index.php\/carta-de-macapa-mpc-pr-adere-a-iniciativa-nacional-pela-defesa-do-meio-ambiente\/\" \/>\n<meta property=\"og:locale\" content=\"pt_BR\" \/>\n<meta property=\"og:type\" content=\"article\" \/>\n<meta property=\"og:title\" content=\"Carta de Macap\u00e1: MPC-PR adere \u00e0 iniciativa nacional pela defesa do meio ambiente - Minist\u00e9rio P\u00fablico de Contas do Estado do Paran\u00e1\" \/>\n<meta property=\"og:description\" content=\"O Minist\u00e9rio P\u00fablico de Contas do Paran\u00e1 (MPC-PR), representado pelo Procurador-Geral Gabriel Guy L\u00e9ger, assinou a &#8220;Carta de Macap\u00e1\u201d, reafirmando seu compromisso com a prote\u00e7\u00e3o ambiental. O documento destaca a necessidade urgente de uma atua\u00e7\u00e3o conjunta direcionada para garantir que pol\u00edticas p\u00fablicas eficazes sejam implementadas e que os recursos p\u00fablicos sejam empregados de forma eficiente [&hellip;]\" \/>\n<meta property=\"og:url\" content=\"https:\/\/www.mpc.pr.gov.br\/index.php\/carta-de-macapa-mpc-pr-adere-a-iniciativa-nacional-pela-defesa-do-meio-ambiente\/\" \/>\n<meta property=\"og:site_name\" content=\"Minist\u00e9rio P\u00fablico de Contas do Estado do Paran\u00e1\" \/>\n<meta property=\"article:publisher\" content=\"https:\/\/www.facebook.com\/mpc.pr\" \/>\n<meta property=\"article:published_time\" content=\"2024-08-26T19:25:15+00:00\" \/>\n<meta property=\"article:modified_time\" content=\"2024-09-10T12:55:50+00:00\" \/>\n<meta property=\"og:image\" content=\"https:\/\/www.mpc.pr.gov.br\/wp-content\/uploads\/2024\/08\/IMAGEM-SITE_20240826_155444_0000.png\" \/>\n\t<meta property=\"og:image:width\" content=\"560\" \/>\n\t<meta property=\"og:image:height\" content=\"315\" \/>\n\t<meta property=\"og:image:type\" content=\"image\/png\" \/>\n<meta name=\"author\" content=\"mpcontaspr\" \/>\n<meta name=\"twitter:card\" content=\"summary_large_image\" \/>\n<meta name=\"twitter:label1\" content=\"Escrito por\" \/>\n\t<meta name=\"twitter:data1\" content=\"mpcontaspr\" \/>\n\t<meta name=\"twitter:label2\" content=\"Est. tempo de leitura\" \/>\n\t<meta name=\"twitter:data2\" content=\"4 minutos\" \/>\n<script type=\"application\/ld+json\" class=\"yoast-schema-graph\">{\"@context\":\"https:\\\/\\\/schema.org\",\"@graph\":[{\"@type\":\"Article\",\"@id\":\"https:\\\/\\\/www.mpc.pr.gov.br\\\/index.php\\\/carta-de-macapa-mpc-pr-adere-a-iniciativa-nacional-pela-defesa-do-meio-ambiente\\\/#article\",\"isPartOf\":{\"@id\":\"https:\\\/\\\/www.mpc.pr.gov.br\\\/index.php\\\/carta-de-macapa-mpc-pr-adere-a-iniciativa-nacional-pela-defesa-do-meio-ambiente\\\/\"},\"author\":{\"name\":\"mpcontaspr\",\"@id\":\"https:\\\/\\\/www.mpc.pr.gov.br\\\/#\\\/schema\\\/person\\\/2d83cb8980538d0ec174e8a6284f5e11\"},\"headline\":\"Carta de Macap\u00e1: MPC-PR adere \u00e0 iniciativa nacional pela defesa do meio ambiente\",\"datePublished\":\"2024-08-26T19:25:15+00:00\",\"dateModified\":\"2024-09-10T12:55:50+00:00\",\"mainEntityOfPage\":{\"@id\":\"https:\\\/\\\/www.mpc.pr.gov.br\\\/index.php\\\/carta-de-macapa-mpc-pr-adere-a-iniciativa-nacional-pela-defesa-do-meio-ambiente\\\/\"},\"wordCount\":695,\"commentCount\":1,\"publisher\":{\"@id\":\"https:\\\/\\\/www.mpc.pr.gov.br\\\/#organization\"},\"image\":{\"@id\":\"https:\\\/\\\/www.mpc.pr.gov.br\\\/index.php\\\/carta-de-macapa-mpc-pr-adere-a-iniciativa-nacional-pela-defesa-do-meio-ambiente\\\/#primaryimage\"},\"thumbnailUrl\":\"https:\\\/\\\/www.mpc.pr.gov.br\\\/wp-content\\\/uploads\\\/2024\\\/08\\\/IMAGEM-SITE_20240826_155444_0000.png\",\"keywords\":[\"A\u00e7\u00e3o Nacional\",\"Agenda 2030\",\"Meio Ambiente\",\"Minist\u00e9rio P\u00fablico de Contas\",\"MPC-PR\",\"Objetivos de Desenvolvimento Sustent\u00e1vel\",\"ONU\",\"Sustentabilidade\"],\"articleSection\":[\"Todas as not\u00edcias\"],\"inLanguage\":\"pt-BR\",\"potentialAction\":[{\"@type\":\"CommentAction\",\"name\":\"Comment\",\"target\":[\"https:\\\/\\\/www.mpc.pr.gov.br\\\/index.php\\\/carta-de-macapa-mpc-pr-adere-a-iniciativa-nacional-pela-defesa-do-meio-ambiente\\\/#respond\"]}]},{\"@type\":\"WebPage\",\"@id\":\"https:\\\/\\\/www.mpc.pr.gov.br\\\/index.php\\\/carta-de-macapa-mpc-pr-adere-a-iniciativa-nacional-pela-defesa-do-meio-ambiente\\\/\",\"url\":\"https:\\\/\\\/www.mpc.pr.gov.br\\\/index.php\\\/carta-de-macapa-mpc-pr-adere-a-iniciativa-nacional-pela-defesa-do-meio-ambiente\\\/\",\"name\":\"Carta de Macap\u00e1: MPC-PR adere \u00e0 iniciativa nacional pela defesa do meio ambiente - Minist\u00e9rio P\u00fablico de Contas do Estado do Paran\u00e1\",\"isPartOf\":{\"@id\":\"https:\\\/\\\/www.mpc.pr.gov.br\\\/#website\"},\"primaryImageOfPage\":{\"@id\":\"https:\\\/\\\/www.mpc.pr.gov.br\\\/index.php\\\/carta-de-macapa-mpc-pr-adere-a-iniciativa-nacional-pela-defesa-do-meio-ambiente\\\/#primaryimage\"},\"image\":{\"@id\":\"https:\\\/\\\/www.mpc.pr.gov.br\\\/index.php\\\/carta-de-macapa-mpc-pr-adere-a-iniciativa-nacional-pela-defesa-do-meio-ambiente\\\/#primaryimage\"},\"thumbnailUrl\":\"https:\\\/\\\/www.mpc.pr.gov.br\\\/wp-content\\\/uploads\\\/2024\\\/08\\\/IMAGEM-SITE_20240826_155444_0000.png\",\"datePublished\":\"2024-08-26T19:25:15+00:00\",\"dateModified\":\"2024-09-10T12:55:50+00:00\",\"breadcrumb\":{\"@id\":\"https:\\\/\\\/www.mpc.pr.gov.br\\\/index.php\\\/carta-de-macapa-mpc-pr-adere-a-iniciativa-nacional-pela-defesa-do-meio-ambiente\\\/#breadcrumb\"},\"inLanguage\":\"pt-BR\",\"potentialAction\":[{\"@type\":\"ReadAction\",\"target\":[\"https:\\\/\\\/www.mpc.pr.gov.br\\\/index.php\\\/carta-de-macapa-mpc-pr-adere-a-iniciativa-nacional-pela-defesa-do-meio-ambiente\\\/\"]}]},{\"@type\":\"ImageObject\",\"inLanguage\":\"pt-BR\",\"@id\":\"https:\\\/\\\/www.mpc.pr.gov.br\\\/index.php\\\/carta-de-macapa-mpc-pr-adere-a-iniciativa-nacional-pela-defesa-do-meio-ambiente\\\/#primaryimage\",\"url\":\"https:\\\/\\\/www.mpc.pr.gov.br\\\/wp-content\\\/uploads\\\/2024\\\/08\\\/IMAGEM-SITE_20240826_155444_0000.png\",\"contentUrl\":\"https:\\\/\\\/www.mpc.pr.gov.br\\\/wp-content\\\/uploads\\\/2024\\\/08\\\/IMAGEM-SITE_20240826_155444_0000.png\",\"width\":560,\"height\":315,\"caption\":\"Foto: Divulga\u00e7\u00e3o.\"},{\"@type\":\"BreadcrumbList\",\"@id\":\"https:\\\/\\\/www.mpc.pr.gov.br\\\/index.php\\\/carta-de-macapa-mpc-pr-adere-a-iniciativa-nacional-pela-defesa-do-meio-ambiente\\\/#breadcrumb\",\"itemListElement\":[{\"@type\":\"ListItem\",\"position\":1,\"name\":\"In\u00edcio\",\"item\":\"https:\\\/\\\/www.mpc.pr.gov.br\\\/\"},{\"@type\":\"ListItem\",\"position\":2,\"name\":\"Carta de Macap\u00e1: MPC-PR adere \u00e0 iniciativa nacional pela defesa do meio ambiente\"}]},{\"@type\":\"WebSite\",\"@id\":\"https:\\\/\\\/www.mpc.pr.gov.br\\\/#website\",\"url\":\"https:\\\/\\\/www.mpc.pr.gov.br\\\/\",\"name\":\"Minist\u00e9rio P\u00fablico de Contas do Estado do Paran\u00e1\",\"description\":\"\",\"publisher\":{\"@id\":\"https:\\\/\\\/www.mpc.pr.gov.br\\\/#organization\"},\"potentialAction\":[{\"@type\":\"SearchAction\",\"target\":{\"@type\":\"EntryPoint\",\"urlTemplate\":\"https:\\\/\\\/www.mpc.pr.gov.br\\\/?s={search_term_string}\"},\"query-input\":{\"@type\":\"PropertyValueSpecification\",\"valueRequired\":true,\"valueName\":\"search_term_string\"}}],\"inLanguage\":\"pt-BR\"},{\"@type\":\"Organization\",\"@id\":\"https:\\\/\\\/www.mpc.pr.gov.br\\\/#organization\",\"name\":\"Minist\u00e9rio P\u00fablico de Contas do Estado do Paran\u00e1\",\"url\":\"https:\\\/\\\/www.mpc.pr.gov.br\\\/\",\"logo\":{\"@type\":\"ImageObject\",\"inLanguage\":\"pt-BR\",\"@id\":\"https:\\\/\\\/www.mpc.pr.gov.br\\\/#\\\/schema\\\/logo\\\/image\\\/\",\"url\":\"https:\\\/\\\/www.mpc.pr.gov.br\\\/wp-content\\\/uploads\\\/2020\\\/06\\\/99423647_1593460364143890_6706793420720963584_n-1-e1591387983167.png\",\"contentUrl\":\"https:\\\/\\\/www.mpc.pr.gov.br\\\/wp-content\\\/uploads\\\/2020\\\/06\\\/99423647_1593460364143890_6706793420720963584_n-1-e1591387983167.png\",\"width\":243,\"height\":73,\"caption\":\"Minist\u00e9rio P\u00fablico de Contas do Estado do Paran\u00e1\"},\"image\":{\"@id\":\"https:\\\/\\\/www.mpc.pr.gov.br\\\/#\\\/schema\\\/logo\\\/image\\\/\"},\"sameAs\":[\"https:\\\/\\\/www.facebook.com\\\/mpc.pr\",\"https:\\\/\\\/www.instagram.com\\\/mpc.pr\\\/?hl=pt-br\",\"https:\\\/\\\/www.youtube.com\\\/channel\\\/UCHri5oEM8DV0ztX57E0sBSw\"]},{\"@type\":\"Person\",\"@id\":\"https:\\\/\\\/www.mpc.pr.gov.br\\\/#\\\/schema\\\/person\\\/2d83cb8980538d0ec174e8a6284f5e11\",\"name\":\"mpcontaspr\",\"image\":{\"@type\":\"ImageObject\",\"inLanguage\":\"pt-BR\",\"@id\":\"https:\\\/\\\/secure.gravatar.com\\\/avatar\\\/1aef51541db7622e05fd639336c9c9f312c2a618396e2b6ca96846362fc5403f?s=96&d=mm&r=g\",\"url\":\"https:\\\/\\\/secure.gravatar.com\\\/avatar\\\/1aef51541db7622e05fd639336c9c9f312c2a618396e2b6ca96846362fc5403f?s=96&d=mm&r=g\",\"contentUrl\":\"https:\\\/\\\/secure.gravatar.com\\\/avatar\\\/1aef51541db7622e05fd639336c9c9f312c2a618396e2b6ca96846362fc5403f?s=96&d=mm&r=g\",\"caption\":\"mpcontaspr\"},\"sameAs\":[\"http:\\\/\\\/www.mpc.pr.gov.br\"]}]}<\/script>\n<!-- \/ Yoast SEO plugin. -->","yoast_head_json":{"title":"Carta de Macap\u00e1: MPC-PR adere \u00e0 iniciativa nacional pela defesa do meio ambiente - Minist\u00e9rio P\u00fablico de Contas do Estado do Paran\u00e1","robots":{"index":"index","follow":"follow","max-snippet":"max-snippet:-1","max-image-preview":"max-image-preview:large","max-video-preview":"max-video-preview:-1"},"canonical":"https:\/\/www.mpc.pr.gov.br\/index.php\/carta-de-macapa-mpc-pr-adere-a-iniciativa-nacional-pela-defesa-do-meio-ambiente\/","og_locale":"pt_BR","og_type":"article","og_title":"Carta de Macap\u00e1: MPC-PR adere \u00e0 iniciativa nacional pela defesa do meio ambiente - Minist\u00e9rio P\u00fablico de Contas do Estado do Paran\u00e1","og_description":"O Minist\u00e9rio P\u00fablico de Contas do Paran\u00e1 (MPC-PR), representado pelo Procurador-Geral Gabriel Guy L\u00e9ger, assinou a &#8220;Carta de Macap\u00e1\u201d, reafirmando seu compromisso com a prote\u00e7\u00e3o ambiental. O documento destaca a necessidade urgente de uma atua\u00e7\u00e3o conjunta direcionada para garantir que pol\u00edticas p\u00fablicas eficazes sejam implementadas e que os recursos p\u00fablicos sejam empregados de forma eficiente [&hellip;]","og_url":"https:\/\/www.mpc.pr.gov.br\/index.php\/carta-de-macapa-mpc-pr-adere-a-iniciativa-nacional-pela-defesa-do-meio-ambiente\/","og_site_name":"Minist\u00e9rio P\u00fablico de Contas do Estado do Paran\u00e1","article_publisher":"https:\/\/www.facebook.com\/mpc.pr","article_published_time":"2024-08-26T19:25:15+00:00","article_modified_time":"2024-09-10T12:55:50+00:00","og_image":[{"width":560,"height":315,"url":"https:\/\/www.mpc.pr.gov.br\/wp-content\/uploads\/2024\/08\/IMAGEM-SITE_20240826_155444_0000.png","type":"image\/png"}],"author":"mpcontaspr","twitter_card":"summary_large_image","twitter_misc":{"Escrito por":"mpcontaspr","Est. tempo de leitura":"4 minutos"},"schema":{"@context":"https:\/\/schema.org","@graph":[{"@type":"Article","@id":"https:\/\/www.mpc.pr.gov.br\/index.php\/carta-de-macapa-mpc-pr-adere-a-iniciativa-nacional-pela-defesa-do-meio-ambiente\/#article","isPartOf":{"@id":"https:\/\/www.mpc.pr.gov.br\/index.php\/carta-de-macapa-mpc-pr-adere-a-iniciativa-nacional-pela-defesa-do-meio-ambiente\/"},"author":{"name":"mpcontaspr","@id":"https:\/\/www.mpc.pr.gov.br\/#\/schema\/person\/2d83cb8980538d0ec174e8a6284f5e11"},"headline":"Carta de Macap\u00e1: MPC-PR adere \u00e0 iniciativa nacional pela defesa do meio ambiente","datePublished":"2024-08-26T19:25:15+00:00","dateModified":"2024-09-10T12:55:50+00:00","mainEntityOfPage":{"@id":"https:\/\/www.mpc.pr.gov.br\/index.php\/carta-de-macapa-mpc-pr-adere-a-iniciativa-nacional-pela-defesa-do-meio-ambiente\/"},"wordCount":695,"commentCount":1,"publisher":{"@id":"https:\/\/www.mpc.pr.gov.br\/#organization"},"image":{"@id":"https:\/\/www.mpc.pr.gov.br\/index.php\/carta-de-macapa-mpc-pr-adere-a-iniciativa-nacional-pela-defesa-do-meio-ambiente\/#primaryimage"},"thumbnailUrl":"https:\/\/www.mpc.pr.gov.br\/wp-content\/uploads\/2024\/08\/IMAGEM-SITE_20240826_155444_0000.png","keywords":["A\u00e7\u00e3o Nacional","Agenda 2030","Meio Ambiente","Minist\u00e9rio P\u00fablico de Contas","MPC-PR","Objetivos de Desenvolvimento Sustent\u00e1vel","ONU","Sustentabilidade"],"articleSection":["Todas as not\u00edcias"],"inLanguage":"pt-BR","potentialAction":[{"@type":"CommentAction","name":"Comment","target":["https:\/\/www.mpc.pr.gov.br\/index.php\/carta-de-macapa-mpc-pr-adere-a-iniciativa-nacional-pela-defesa-do-meio-ambiente\/#respond"]}]},{"@type":"WebPage","@id":"https:\/\/www.mpc.pr.gov.br\/index.php\/carta-de-macapa-mpc-pr-adere-a-iniciativa-nacional-pela-defesa-do-meio-ambiente\/","url":"https:\/\/www.mpc.pr.gov.br\/index.php\/carta-de-macapa-mpc-pr-adere-a-iniciativa-nacional-pela-defesa-do-meio-ambiente\/","name":"Carta de Macap\u00e1: MPC-PR adere \u00e0 iniciativa nacional pela defesa do meio ambiente - Minist\u00e9rio P\u00fablico de Contas do Estado do Paran\u00e1","isPartOf":{"@id":"https:\/\/www.mpc.pr.gov.br\/#website"},"primaryImageOfPage":{"@id":"https:\/\/www.mpc.pr.gov.br\/index.php\/carta-de-macapa-mpc-pr-adere-a-iniciativa-nacional-pela-defesa-do-meio-ambiente\/#primaryimage"},"image":{"@id":"https:\/\/www.mpc.pr.gov.br\/index.php\/carta-de-macapa-mpc-pr-adere-a-iniciativa-nacional-pela-defesa-do-meio-ambiente\/#primaryimage"},"thumbnailUrl":"https:\/\/www.mpc.pr.gov.br\/wp-content\/uploads\/2024\/08\/IMAGEM-SITE_20240826_155444_0000.png","datePublished":"2024-08-26T19:25:15+00:00","dateModified":"2024-09-10T12:55:50+00:00","breadcrumb":{"@id":"https:\/\/www.mpc.pr.gov.br\/index.php\/carta-de-macapa-mpc-pr-adere-a-iniciativa-nacional-pela-defesa-do-meio-ambiente\/#breadcrumb"},"inLanguage":"pt-BR","potentialAction":[{"@type":"ReadAction","target":["https:\/\/www.mpc.pr.gov.br\/index.php\/carta-de-macapa-mpc-pr-adere-a-iniciativa-nacional-pela-defesa-do-meio-ambiente\/"]}]},{"@type":"ImageObject","inLanguage":"pt-BR","@id":"https:\/\/www.mpc.pr.gov.br\/index.php\/carta-de-macapa-mpc-pr-adere-a-iniciativa-nacional-pela-defesa-do-meio-ambiente\/#primaryimage","url":"https:\/\/www.mpc.pr.gov.br\/wp-content\/uploads\/2024\/08\/IMAGEM-SITE_20240826_155444_0000.png","contentUrl":"https:\/\/www.mpc.pr.gov.br\/wp-content\/uploads\/2024\/08\/IMAGEM-SITE_20240826_155444_0000.png","width":560,"height":315,"caption":"Foto: Divulga\u00e7\u00e3o."},{"@type":"BreadcrumbList","@id":"https:\/\/www.mpc.pr.gov.br\/index.php\/carta-de-macapa-mpc-pr-adere-a-iniciativa-nacional-pela-defesa-do-meio-ambiente\/#breadcrumb","itemListElement":[{"@type":"ListItem","position":1,"name":"In\u00edcio","item":"https:\/\/www.mpc.pr.gov.br\/"},{"@type":"ListItem","position":2,"name":"Carta de Macap\u00e1: MPC-PR adere \u00e0 iniciativa nacional pela defesa do meio ambiente"}]},{"@type":"WebSite","@id":"https:\/\/www.mpc.pr.gov.br\/#website","url":"https:\/\/www.mpc.pr.gov.br\/","name":"Minist\u00e9rio P\u00fablico de Contas do Estado do Paran\u00e1","description":"","publisher":{"@id":"https:\/\/www.mpc.pr.gov.br\/#organization"},"potentialAction":[{"@type":"SearchAction","target":{"@type":"EntryPoint","urlTemplate":"https:\/\/www.mpc.pr.gov.br\/?s={search_term_string}"},"query-input":{"@type":"PropertyValueSpecification","valueRequired":true,"valueName":"search_term_string"}}],"inLanguage":"pt-BR"},{"@type":"Organization","@id":"https:\/\/www.mpc.pr.gov.br\/#organization","name":"Minist\u00e9rio P\u00fablico de Contas do Estado do Paran\u00e1","url":"https:\/\/www.mpc.pr.gov.br\/","logo":{"@type":"ImageObject","inLanguage":"pt-BR","@id":"https:\/\/www.mpc.pr.gov.br\/#\/schema\/logo\/image\/","url":"https:\/\/www.mpc.pr.gov.br\/wp-content\/uploads\/2020\/06\/99423647_1593460364143890_6706793420720963584_n-1-e1591387983167.png","contentUrl":"https:\/\/www.mpc.pr.gov.br\/wp-content\/uploads\/2020\/06\/99423647_1593460364143890_6706793420720963584_n-1-e1591387983167.png","width":243,"height":73,"caption":"Minist\u00e9rio P\u00fablico de Contas do Estado do Paran\u00e1"},"image":{"@id":"https:\/\/www.mpc.pr.gov.br\/#\/schema\/logo\/image\/"},"sameAs":["https:\/\/www.facebook.com\/mpc.pr","https:\/\/www.instagram.com\/mpc.pr\/?hl=pt-br","https:\/\/www.youtube.com\/channel\/UCHri5oEM8DV0ztX57E0sBSw"]},{"@type":"Person","@id":"https:\/\/www.mpc.pr.gov.br\/#\/schema\/person\/2d83cb8980538d0ec174e8a6284f5e11","name":"mpcontaspr","image":{"@type":"ImageObject","inLanguage":"pt-BR","@id":"https:\/\/secure.gravatar.com\/avatar\/1aef51541db7622e05fd639336c9c9f312c2a618396e2b6ca96846362fc5403f?s=96&d=mm&r=g","url":"https:\/\/secure.gravatar.com\/avatar\/1aef51541db7622e05fd639336c9c9f312c2a618396e2b6ca96846362fc5403f?s=96&d=mm&r=g","contentUrl":"https:\/\/secure.gravatar.com\/avatar\/1aef51541db7622e05fd639336c9c9f312c2a618396e2b6ca96846362fc5403f?s=96&d=mm&r=g","caption":"mpcontaspr"},"sameAs":["http:\/\/www.mpc.pr.gov.br"]}]}},"rttpg_featured_image_url":{"full":["https:\/\/www.mpc.pr.gov.br\/wp-content\/uploads\/2024\/08\/IMAGEM-SITE_20240826_155444_0000.png",560,315,false],"landscape":["https:\/\/www.mpc.pr.gov.br\/wp-content\/uploads\/2024\/08\/IMAGEM-SITE_20240826_155444_0000.png",560,315,false],"portraits":["https:\/\/www.mpc.pr.gov.br\/wp-content\/uploads\/2024\/08\/IMAGEM-SITE_20240826_155444_0000.png",560,315,false],"thumbnail":["https:\/\/www.mpc.pr.gov.br\/wp-content\/uploads\/2024\/08\/IMAGEM-SITE_20240826_155444_0000-150x150.png",150,150,true],"medium":["https:\/\/www.mpc.pr.gov.br\/wp-content\/uploads\/2024\/08\/IMAGEM-SITE_20240826_155444_0000-300x169.png",300,169,true],"large":["https:\/\/www.mpc.pr.gov.br\/wp-content\/uploads\/2024\/08\/IMAGEM-SITE_20240826_155444_0000.png",560,315,false],"1536x1536":["https:\/\/www.mpc.pr.gov.br\/wp-content\/uploads\/2024\/08\/IMAGEM-SITE_20240826_155444_0000.png",560,315,false],"2048x2048":["https:\/\/www.mpc.pr.gov.br\/wp-content\/uploads\/2024\/08\/IMAGEM-SITE_20240826_155444_0000.png",560,315,false],"ocean-thumb-m":["https:\/\/www.mpc.pr.gov.br\/wp-content\/uploads\/2024\/08\/IMAGEM-SITE_20240826_155444_0000.png",560,315,false],"ocean-thumb-ml":["https:\/\/www.mpc.pr.gov.br\/wp-content\/uploads\/2024\/08\/IMAGEM-SITE_20240826_155444_0000.png",560,315,false],"ocean-thumb-l":["https:\/\/www.mpc.pr.gov.br\/wp-content\/uploads\/2024\/08\/IMAGEM-SITE_20240826_155444_0000.png",560,315,false]},"rttpg_author":{"display_name":"mpcontaspr","author_link":"https:\/\/www.mpc.pr.gov.br\/index.php\/author\/mpcontaspr\/"},"rttpg_comment":1,"rttpg_category":"<a href=\"https:\/\/www.mpc.pr.gov.br\/index.php\/category\/todas-as-noticias\/\" rel=\"category tag\">Todas as not\u00edcias<\/a>","rttpg_excerpt":"O Minist\u00e9rio P\u00fablico de Contas do Paran\u00e1 (MPC-PR), representado pelo Procurador-Geral Gabriel Guy L\u00e9ger, assinou a &#8220;Carta de Macap\u00e1\u201d, reafirmando seu compromisso com a prote\u00e7\u00e3o ambiental. O documento destaca a necessidade urgente de uma atua\u00e7\u00e3o conjunta direcionada para garantir que pol\u00edticas p\u00fablicas eficazes sejam implementadas e que os recursos p\u00fablicos sejam empregados de forma eficiente&hellip;","_links":{"self":[{"href":"https:\/\/www.mpc.pr.gov.br\/index.php\/wp-json\/wp\/v2\/posts\/21196","targetHints":{"allow":["GET"]}}],"collection":[{"href":"https:\/\/www.mpc.pr.gov.br\/index.php\/wp-json\/wp\/v2\/posts"}],"about":[{"href":"https:\/\/www.mpc.pr.gov.br\/index.php\/wp-json\/wp\/v2\/types\/post"}],"author":[{"embeddable":true,"href":"https:\/\/www.mpc.pr.gov.br\/index.php\/wp-json\/wp\/v2\/users\/1"}],"replies":[{"embeddable":true,"href":"https:\/\/www.mpc.pr.gov.br\/index.php\/wp-json\/wp\/v2\/comments?post=21196"}],"version-history":[{"count":4,"href":"https:\/\/www.mpc.pr.gov.br\/index.php\/wp-json\/wp\/v2\/posts\/21196\/revisions"}],"predecessor-version":[{"id":21201,"href":"https:\/\/www.mpc.pr.gov.br\/index.php\/wp-json\/wp\/v2\/posts\/21196\/revisions\/21201"}],"wp:featuredmedia":[{"embeddable":true,"href":"https:\/\/www.mpc.pr.gov.br\/index.php\/wp-json\/wp\/v2\/media\/21195"}],"wp:attachment":[{"href":"https:\/\/www.mpc.pr.gov.br\/index.php\/wp-json\/wp\/v2\/media?parent=21196"}],"wp:term":[{"taxonomy":"category","embeddable":true,"href":"https:\/\/www.mpc.pr.gov.br\/index.php\/wp-json\/wp\/v2\/categories?post=21196"},{"taxonomy":"post_tag","embeddable":true,"href":"https:\/\/www.mpc.pr.gov.br\/index.php\/wp-json\/wp\/v2\/tags?post=21196"}],"curies":[{"name":"wp","href":"https:\/\/api.w.org\/{rel}","templated":true}]}}