{"id":21516,"date":"2024-09-19T10:00:30","date_gmt":"2024-09-19T13:00:30","guid":{"rendered":"https:\/\/www.mpc.pr.gov.br\/?p=21516"},"modified":"2024-10-04T10:49:03","modified_gmt":"2024-10-04T13:49:03","slug":"ausencia-de-manifestacao-pela-entidade-previdenciaria-de-uniao-da-vitoria-resulta-em-negativa-de-registro-da-aposentadoria-de-servidor-municipal","status":"publish","type":"post","link":"https:\/\/www.mpc.pr.gov.br\/index.php\/ausencia-de-manifestacao-pela-entidade-previdenciaria-de-uniao-da-vitoria-resulta-em-negativa-de-registro-da-aposentadoria-de-servidor-municipal\/","title":{"rendered":"Aus\u00eancia de manifesta\u00e7\u00e3o pela entidade previdenci\u00e1ria de Uni\u00e3o da Vit\u00f3ria resulta em negativa de registro da aposentadoria de servidor municipal"},"content":{"rendered":"<figure id=\"attachment_21518\" aria-describedby=\"caption-attachment-21518\" style=\"width: 300px\" class=\"wp-caption alignleft\"><img fetchpriority=\"high\" decoding=\"async\" class=\"size-medium wp-image-21518\" src=\"https:\/\/www.mpc.pr.gov.br\/wp-content\/uploads\/2024\/09\/uniao-da-vitoria-foto-ATEMA-300x183.jpg\" alt=\"\" width=\"300\" height=\"183\" srcset=\"https:\/\/www.mpc.pr.gov.br\/wp-content\/uploads\/2024\/09\/uniao-da-vitoria-foto-ATEMA-300x183.jpg 300w, https:\/\/www.mpc.pr.gov.br\/wp-content\/uploads\/2024\/09\/uniao-da-vitoria-foto-ATEMA-768x468.jpg 768w, https:\/\/www.mpc.pr.gov.br\/wp-content\/uploads\/2024\/09\/uniao-da-vitoria-foto-ATEMA.jpg 912w\" sizes=\"(max-width: 300px) 100vw, 300px\" \/><figcaption id=\"caption-attachment-21518\" class=\"wp-caption-text\">Conhecida como a &#8220;Ponte do Arco&#8221;, foi inaugurada em 1944, possuindo 279 metros. Faz parte da estrada que liga Uni\u00e3o da Vit\u00f3ria a Curitiba. Foto: ATEMA.<\/figcaption><\/figure>\n<p><span data-contrast=\"auto\">Acompanhando o opinativo da 4\u00aa Procuradoria do Minist\u00e9rio P\u00fablico de Contas do Paran\u00e1 (MPC-PR), os Membros da Primeira C\u00e2mara do Tribunal de Contas do Estado (TCE-PR) decidiram pela negativa de registro do ato de aposentadoria de servidor do Munic\u00edpio de Uni\u00e3o da Vit\u00f3ria.<\/span><span data-ccp-props=\"{&quot;201341983&quot;:0,&quot;335551550&quot;:6,&quot;335551620&quot;:6,&quot;335559739&quot;:160,&quot;335559740&quot;:360}\">\u00a0<\/span><\/p>\n<p><span data-contrast=\"auto\">A decis\u00e3o pela negativa de registro ocorreu em raz\u00e3o das diversas irregularidades verificadas ao longo do processo que impediram a an\u00e1lise da legalidade e manifesta\u00e7\u00e3o pelo registro do ato de inativa\u00e7\u00e3o, de modo que, apesar de intimada diversas vezes, a entidade previdenci\u00e1ria (FUMPREVI) n\u00e3o apresentou os documentos necess\u00e1rios e n\u00e3o retificou os erros constatados, mesmo ap\u00f3s dada a oportunidade para corrigi-los.<\/span><span data-ccp-props=\"{&quot;201341983&quot;:0,&quot;335551550&quot;:6,&quot;335551620&quot;:6,&quot;335559739&quot;:160,&quot;335559740&quot;:360}\">\u00a0<\/span><\/p>\n<h4><b><span data-contrast=\"auto\">An\u00e1lise T\u00e9cnica<\/span><\/b><span data-ccp-props=\"{&quot;201341983&quot;:0,&quot;335551550&quot;:6,&quot;335551620&quot;:6,&quot;335559739&quot;:160,&quot;335559740&quot;:360}\">\u00a0<\/span><\/h4>\n<p><span data-contrast=\"auto\">Tanto a Coordenadoria de Gest\u00e3o Municipal (CGM) como a Coordenadoria de Acompanhamento de Atos de Gest\u00e3o (CAGE) manifestaram-se pela negativa do registro da aposentadoria, em raz\u00e3o das seguintes irregularidades:<\/span><span data-ccp-props=\"{&quot;201341983&quot;:0,&quot;335551550&quot;:6,&quot;335551620&quot;:6,&quot;335559739&quot;:160,&quot;335559740&quot;:360}\">\u00a0<\/span><\/p>\n<ol>\n<li data-leveltext=\"%1)\" data-font=\"\" data-listid=\"1\" data-list-defn-props=\"{&quot;335552541&quot;:0,&quot;335559685&quot;:720,&quot;335559991&quot;:360,&quot;469769242&quot;:[65533,4],&quot;469777803&quot;:&quot;left&quot;,&quot;469777804&quot;:&quot;%1)&quot;,&quot;469777815&quot;:&quot;hybridMultilevel&quot;}\" aria-setsize=\"-1\" data-aria-posinset=\"1\" data-aria-level=\"1\"><em>Disson\u00e2ncia de informa\u00e7\u00f5es em rela\u00e7\u00e3o ao cargo indicado pela entidade (c\u00f3digos diferentes);\u00a0<\/em><\/li>\n<li data-leveltext=\"%1)\" data-font=\"\" data-listid=\"1\" data-list-defn-props=\"{&quot;335552541&quot;:0,&quot;335559685&quot;:720,&quot;335559991&quot;:360,&quot;469769242&quot;:[65533,4],&quot;469777803&quot;:&quot;left&quot;,&quot;469777804&quot;:&quot;%1)&quot;,&quot;469777815&quot;:&quot;hybridMultilevel&quot;}\" aria-setsize=\"-1\" data-aria-posinset=\"1\" data-aria-level=\"1\"><em>Dados informados no SIAP n\u00e3o eram compat\u00edveis com os documentos apresentados;\u00a0<\/em><\/li>\n<li data-leveltext=\"%1)\" data-font=\"\" data-listid=\"1\" data-list-defn-props=\"{&quot;335552541&quot;:0,&quot;335559685&quot;:720,&quot;335559991&quot;:360,&quot;469769242&quot;:[65533,4],&quot;469777803&quot;:&quot;left&quot;,&quot;469777804&quot;:&quot;%1)&quot;,&quot;469777815&quot;:&quot;hybridMultilevel&quot;}\" aria-setsize=\"-1\" data-aria-posinset=\"1\" data-aria-level=\"1\"><em>Desobedi\u00eancia ao Princ\u00edpio da Contributividade;\u00a0<\/em><\/li>\n<li data-leveltext=\"%1)\" data-font=\"\" data-listid=\"1\" data-list-defn-props=\"{&quot;335552541&quot;:0,&quot;335559685&quot;:720,&quot;335559991&quot;:360,&quot;469769242&quot;:[65533,4],&quot;469777803&quot;:&quot;left&quot;,&quot;469777804&quot;:&quot;%1)&quot;,&quot;469777815&quot;:&quot;hybridMultilevel&quot;}\" aria-setsize=\"-1\" data-aria-posinset=\"1\" data-aria-level=\"1\"><em>Aus\u00eancia de fundamento normativo para a inclus\u00e3o do adicional noturno;\u00a0<\/em><\/li>\n<li data-leveltext=\"%1)\" data-font=\"\" data-listid=\"1\" data-list-defn-props=\"{&quot;335552541&quot;:0,&quot;335559685&quot;:720,&quot;335559991&quot;:360,&quot;469769242&quot;:[65533,4],&quot;469777803&quot;:&quot;left&quot;,&quot;469777804&quot;:&quot;%1)&quot;,&quot;469777815&quot;:&quot;hybridMultilevel&quot;}\" aria-setsize=\"-1\" data-aria-posinset=\"1\" data-aria-level=\"1\"><em>Aus\u00eancia de documentos que comprovem a exposi\u00e7\u00e3o \u00e0 agentes prejudiciais \u00e0 sa\u00fade, como PPP, LTCAT ou laudo pericial;\u00a0<\/em><\/li>\n<li data-leveltext=\"%1)\" data-font=\"\" data-listid=\"1\" data-list-defn-props=\"{&quot;335552541&quot;:0,&quot;335559685&quot;:720,&quot;335559991&quot;:360,&quot;469769242&quot;:[65533,4],&quot;469777803&quot;:&quot;left&quot;,&quot;469777804&quot;:&quot;%1)&quot;,&quot;469777815&quot;:&quot;hybridMultilevel&quot;}\" aria-setsize=\"-1\" data-aria-posinset=\"1\" data-aria-level=\"1\"><em>O ato de concess\u00e3o n\u00e3o atendeu \u00e0s formalidades legais;\u00a0<\/em><\/li>\n<li data-leveltext=\"%1)\" data-font=\"\" data-listid=\"1\" data-list-defn-props=\"{&quot;335552541&quot;:0,&quot;335559685&quot;:720,&quot;335559991&quot;:360,&quot;469769242&quot;:[65533,4],&quot;469777803&quot;:&quot;left&quot;,&quot;469777804&quot;:&quot;%1)&quot;,&quot;469777815&quot;:&quot;hybridMultilevel&quot;}\" aria-setsize=\"-1\" data-aria-posinset=\"1\" data-aria-level=\"1\"><em>Defasagem do c\u00e1lculo considerando a data de emiss\u00e3o do ato e sua efetiva publica\u00e7\u00e3o;\u00a0<\/em><\/li>\n<li data-leveltext=\"%1)\" data-font=\"\" data-listid=\"1\" data-list-defn-props=\"{&quot;335552541&quot;:0,&quot;335559685&quot;:720,&quot;335559991&quot;:360,&quot;469769242&quot;:[65533,4],&quot;469777803&quot;:&quot;left&quot;,&quot;469777804&quot;:&quot;%1)&quot;,&quot;469777815&quot;:&quot;hybridMultilevel&quot;}\" aria-setsize=\"-1\" data-aria-posinset=\"1\" data-aria-level=\"1\"><em>Valor dos proventos n\u00e3o era compat\u00edvel com a m\u00e9dia das 80% maiores remunera\u00e7\u00f5es; e\u00a0<\/em><\/li>\n<li data-leveltext=\"%1)\" data-font=\"\" data-listid=\"1\" data-list-defn-props=\"{&quot;335552541&quot;:0,&quot;335559685&quot;:720,&quot;335559991&quot;:360,&quot;469769242&quot;:[65533,4],&quot;469777803&quot;:&quot;left&quot;,&quot;469777804&quot;:&quot;%1)&quot;,&quot;469777815&quot;:&quot;hybridMultilevel&quot;}\" aria-setsize=\"-1\" data-aria-posinset=\"1\" data-aria-level=\"1\"><em>Disson\u00e2ncia de informa\u00e7\u00f5es em rela\u00e7\u00e3o ao valor dos sal\u00e1rios-de-contribui\u00e7\u00e3o.\u00a0<\/em><\/li>\n<\/ol>\n<p><span data-contrast=\"auto\">Aberta a oportunidade para exerc\u00edcio do contradit\u00f3rio, a FUMPREVI requereu dila\u00e7\u00e3o do prazo para resposta, justificando a necessidade de juntar a documenta\u00e7\u00e3o para atendimento da dilig\u00eancia solicitada pelas unidades t\u00e9cnicas do TCE-PR.\u00a0<\/span><span data-ccp-props=\"{&quot;201341983&quot;:0,&quot;335551550&quot;:6,&quot;335551620&quot;:6,&quot;335559685&quot;:0,&quot;335559739&quot;:160,&quot;335559740&quot;:360}\">\u00a0<\/span><\/p>\n<p><span data-contrast=\"auto\">No entanto, mesmo ap\u00f3s abertura de novo prazo para manifesta\u00e7\u00e3o, a entidade previdenci\u00e1ria deixou de <\/span><span data-contrast=\"auto\">se manifestar sobre as irregularidades e efetuar as corre\u00e7\u00f5es necess\u00e1rias, por diversas oportunidades, o que n\u00e3o o fez, mesmo sendo alertada da possibilidade de aplica\u00e7\u00e3o de multa pelo n\u00e3o envio dos documentos ou informa\u00e7\u00f5es.<\/span><span data-ccp-props=\"{&quot;201341983&quot;:0,&quot;335551550&quot;:6,&quot;335551620&quot;:6,&quot;335559685&quot;:0,&quot;335559739&quot;:160,&quot;335559740&quot;:360}\">\u00a0<\/span><\/p>\n<h4><b><span data-contrast=\"auto\">Parecer Ministerial<\/span><\/b><span data-ccp-props=\"{&quot;201341983&quot;:0,&quot;335551550&quot;:6,&quot;335551620&quot;:6,&quot;335559685&quot;:0,&quot;335559739&quot;:160,&quot;335559740&quot;:360}\">\u00a0<\/span><\/h4>\n<p><span data-contrast=\"auto\">O Minist\u00e9rio P\u00fablico de Contas, por sua vez, corroborou seu opinativo anterior (Parecer n\u00ba 795\/23), tendo em vista que n\u00e3o houve mudan\u00e7as no panorama f\u00e1tico apresentado no caso. Devido \u00e0 aus\u00eancia de informa\u00e7\u00f5es e esclarecimentos, n\u00e3o foram feitas as corre\u00e7\u00f5es das irregularidades apontadas anteriormente, <\/span><i><span data-contrast=\"auto\">in verbis<\/span><\/i><span data-contrast=\"auto\">: \u201cCertificado pela unidade instrutiva que o Munic\u00edpio de Uni\u00e3o da Vit\u00f3ria e o FUMPREVI n\u00e3o lograram informar as irregularidades suscitadas no curso da instru\u00e7\u00e3o, imp\u00f5e-se a negativa de registro do ato de inativa\u00e7\u00e3o em exame.\u201d<\/span><span data-ccp-props=\"{&quot;201341983&quot;:0,&quot;335551550&quot;:6,&quot;335551620&quot;:6,&quot;335559685&quot;:0,&quot;335559739&quot;:160,&quot;335559740&quot;:360}\">\u00a0<\/span><\/p>\n<p><span data-contrast=\"auto\">Logo, em manifesta\u00e7\u00e3o conclusiva por meio do Parecer n\u00ba 280\/24, o MPC-PR opinou pela negativa de registro do Decreto n\u00ba 94\/2020, em raz\u00e3o das irregularidades apontadas na Instru\u00e7\u00e3o n\u00ba 14.212\/23 da CAGE.\u00a0<\/span><span data-ccp-props=\"{&quot;201341983&quot;:0,&quot;335551550&quot;:6,&quot;335551620&quot;:6,&quot;335559685&quot;:0,&quot;335559739&quot;:160,&quot;335559740&quot;:360}\">\u00a0<\/span><\/p>\n<p><span data-contrast=\"auto\">No entanto, destacou a <\/span><b><span data-contrast=\"auto\">necessidade de que seja atendido o item n\u00ba 2 do Prejulgado n\u00ba 11 do TCE-PR<\/span><\/b><span data-contrast=\"auto\">, o qual define que: <\/span><i><span data-contrast=\"auto\">\u201chavendo decis\u00e3o pela negativa de registro, dever\u00e1 o \u00f3rg\u00e3o interessado, no prazo de 15 dias, n\u00e3o s\u00f3 apresentar pe\u00e7as demonstrando o atendimento \u00e0 decis\u00e3o, mas tamb\u00e9m documentos que comprovem a data de cientifica\u00e7\u00e3o dos servidores afetados, uma vez que, de acordo com orienta\u00e7\u00e3o do Supremo Tribunal Federal, a partir de tal momento resta configurado o interesse dos mesmos no processo\u201d.<\/span><\/i><span data-ccp-props=\"{&quot;201341983&quot;:0,&quot;335551550&quot;:6,&quot;335551620&quot;:6,&quot;335559685&quot;:0,&quot;335559739&quot;:160,&quot;335559740&quot;:360}\">\u00a0<\/span><\/p>\n<p><span data-contrast=\"auto\">Al\u00e9m da negativa de registro, o Procurador de Contas prop\u00f4s a emiss\u00e3o de determina\u00e7\u00e3o ao Munic\u00edpio de Uni\u00e3o da Vit\u00f3ria e ao FUMPREVI, para que, no prazo de 30 dias, adotem as medidas cab\u00edveis para altera\u00e7\u00e3o no fundamento legal e no c\u00e1lculo dos proventos estabelecidos pelo Decreto n\u00ba 94\/2020, al\u00e9m da instaura\u00e7\u00e3o de novo processo para o exame da legalidade do respectivo ato de inativa\u00e7\u00e3o.<\/span><span data-ccp-props=\"{&quot;201341983&quot;:0,&quot;335551550&quot;:6,&quot;335551620&quot;:6,&quot;335559685&quot;:0,&quot;335559739&quot;:160,&quot;335559740&quot;:360}\">\u00a0<\/span><\/p>\n<h4><b><span data-contrast=\"auto\">Decis\u00e3o<\/span><\/b><span data-ccp-props=\"{&quot;201341983&quot;:0,&quot;335551550&quot;:6,&quot;335551620&quot;:6,&quot;335559685&quot;:0,&quot;335559739&quot;:160,&quot;335559740&quot;:360}\">\u00a0<\/span><\/h4>\n<p><span data-contrast=\"auto\">O Relator Conselheiro-Substituto <\/span><span data-contrast=\"auto\">Jose Mauricio de Andrade Neto, conforme voto contido no Ac\u00f3rd\u00e3o n\u00ba 2670\/24, acolheu a manifesta\u00e7\u00e3o da Coordenadoria de Acompanhamento de Atos de Gest\u00e3o ratificada pela Coordenadoria de Gest\u00e3o Municipal, e do Minist\u00e9rio P\u00fablico de Contas pela negativa de registro do ato de inativa\u00e7\u00e3o.<\/span><span data-ccp-props=\"{&quot;201341983&quot;:0,&quot;335551550&quot;:6,&quot;335551620&quot;:6,&quot;335559685&quot;:0,&quot;335559739&quot;:160,&quot;335559740&quot;:360}\">\u00a0<\/span><\/p>\n<p><span data-contrast=\"auto\">Reconheceu que, nos autos, houve des\u00eddia por parte da entidade previdenci\u00e1ria em rela\u00e7\u00e3o ao processamento e requisitos de verifica\u00e7\u00e3o inerentes ao ato de aposentadoria, sendo tal fato amparado pelos erros de alimenta\u00e7\u00e3o do sistema e no atraso\/aus\u00eancia na juntada de documentos solicitados pelo Tribunal.<\/span><span data-ccp-props=\"{&quot;201341983&quot;:0,&quot;335551550&quot;:6,&quot;335551620&quot;:6,&quot;335559685&quot;:0,&quot;335559739&quot;:160,&quot;335559740&quot;:360}\">\u00a0<\/span><\/p>\n<p><span data-contrast=\"auto\">Por outro lado, deixou de acolher a proposta de emiss\u00e3o de determina\u00e7\u00e3o feita pelo MPC-PR, visto que, o reencaminhamento do ato na forma como se encontra, ainda que em um novo protocolo \u2013 sob os mesmos alicerces f\u00e1tico-jur\u00eddicos \u2013 n\u00e3o gerar\u00e1 o registro, sendo mais eficaz que a entidade providencie o saneamento das irregularidades apontadas pela unidade para que assim consiga submeter novamente o ato aposentadoria da servidora para an\u00e1lise deste Tribunal.<\/span><span data-ccp-props=\"{&quot;201341983&quot;:0,&quot;335551550&quot;:6,&quot;335551620&quot;:6,&quot;335559685&quot;:0,&quot;335559739&quot;:160,&quot;335559740&quot;:360}\">\u00a0<\/span><\/p>\n<p><span data-contrast=\"auto\">Com rela\u00e7\u00e3o \u00e0 aplica\u00e7\u00e3o de multa sugerida pela unidade t\u00e9cnica, corroborou o opinativo do MPC-PR, visto entender n\u00e3o ser razo\u00e1vel imputar ao gestor do ato (Sr. Hilton Santin Roveda) a multa por n\u00e3o atendimento de dilig\u00eancias do TCE-PR, uma vez que n\u00e3o faz mais parte da administra\u00e7\u00e3o municipal e, portanto, n\u00e3o possui mais acesso aos documentos que foram solicitados. No que se refere ao atual gestor, Sr. Bachir Abbas, em que pese n\u00e3o ter sanado as irregularidades, apresentou manifesta\u00e7\u00e3o e, ainda que brevemente, como destacou o Minist\u00e9rio P\u00fablico de Contas, manifestou-se nos autos e juntou os documentos que entendia pertinentes, o que, por si, afastaria a imposi\u00e7\u00e3o de multa.<\/span><span data-ccp-props=\"{&quot;201341983&quot;:0,&quot;335551550&quot;:6,&quot;335551620&quot;:6,&quot;335559685&quot;:0,&quot;335559739&quot;:160,&quot;335559740&quot;:360}\">\u00a0<\/span><\/p>\n<p>Ao final, o Relator determinou o encaminhamento dos autos \u00e0 Diretoria de Protocolo para que seja feita a comunica\u00e7\u00e3o processual \u00e0 Entidade para que, e<strong>m atendimento ao Prejulgado n.\u00ba 11 do TCE-PR<\/strong>, <strong>d\u00ea ci\u00eancia da presente decis\u00e3o ao servidor interessado<\/strong>, dentro do prazo de 15 dias, para que, querendo, possa recorrer da decis\u00e3o e, tamb\u00e9m no prazo de 15 dias, seja feita a juntada ao processo de documentos que comprovem a devida intima\u00e7\u00e3o do interessado.<\/p>\n<blockquote><p><span style=\"color: #820007;\"><strong><u>Informa\u00e7\u00e3o para consulta processual<\/u><\/strong><\/span><\/p>\n<table style=\"height: 183px;\" border=\"0\" width=\"478\" cellspacing=\"0\" cellpadding=\"0\">\n<tbody>\n<tr>\n<td><strong>Processo n\u00ba<\/strong>:<\/td>\n<td>382049\/20<\/td>\n<\/tr>\n<tr>\n<td><strong>Ac\u00f3rd\u00e3o n\u00ba<\/strong>:<\/td>\n<td><span class=\"NormalTextRun SCXW188288879 BCX0\">Ac\u00f3rd\u00e3o\u00a0 n\u00ba 2670\/24 &#8211; Primeira C\u00e2mara<\/span><\/td>\n<\/tr>\n<tr>\n<td><strong>Assunto<\/strong>:<\/td>\n<td>Ato de Inativa\u00e7\u00e3o<\/td>\n<\/tr>\n<tr>\n<td><strong>Entidade<\/strong>:<\/td>\n<td>Munic\u00edpio de Uni\u00e3o da Vit\u00f3ria<\/td>\n<\/tr>\n<tr>\n<td><strong>Relator<\/strong>:<\/td>\n<td><span class=\"TextRun SCXW72281638 BCX0\" lang=\"PT-BR\" xml:lang=\"PT-BR\" data-contrast=\"auto\"><span class=\"NormalTextRun SCXW72281638 BCX0\"><span class=\"TextRun SCXW49990095 BCX0\" lang=\"PT-BR\" xml:lang=\"PT-BR\" data-contrast=\"auto\"><span class=\"NormalTextRun SCXW49990095 BCX0\"><span data-contrast=\"auto\"><span class=\"TextRun SCXW215723900 BCX0\" lang=\"PT-BR\" xml:lang=\"PT-BR\" data-contrast=\"auto\"><span class=\"NormalTextRun SCXW215723900 BCX0\">Conselheiro-Substituto Jose Mauricio de Andrade Neto<\/span><\/span><span class=\"EOP SCXW215723900 BCX0\" data-ccp-props=\"{&quot;201341983&quot;:0,&quot;335559739&quot;:160,&quot;335559740&quot;:279}\">\u00a0<\/span><\/span><\/span><\/span><\/span><\/span><\/td>\n<\/tr>\n<\/tbody>\n<\/table>\n<\/blockquote>\n","protected":false},"excerpt":{"rendered":"<p>Acompanhando o opinativo da 4\u00aa Procuradoria do Minist\u00e9rio P\u00fablico de Contas do Paran\u00e1 (MPC-PR), os Membros da Primeira C\u00e2mara do Tribunal de Contas do Estado (TCE-PR) decidiram pela negativa de registro do ato de aposentadoria de servidor do Munic\u00edpio de Uni\u00e3o da Vit\u00f3ria.\u00a0 A decis\u00e3o pela negativa de registro ocorreu em raz\u00e3o das diversas irregularidades [&hellip;]<\/p>\n","protected":false},"author":1,"featured_media":21518,"comment_status":"open","ping_status":"open","sticky":false,"template":"","format":"standard","meta":{"_monsterinsights_skip_tracking":false,"_monsterinsights_sitenote_active":false,"_monsterinsights_sitenote_note":"","_monsterinsights_sitenote_category":0,"footnotes":""},"categories":[7],"tags":[29,13,628,149,39,157],"class_list":["post-21516","post","type-post","status-publish","format-standard","has-post-thumbnail","hentry","category-todas-as-noticias","tag-aposentadoria","tag-mpc-pr","tag-negativa-de-registro","tag-primeira-camara","tag-tce-pr","tag-uniao-da-vitoria","entry","has-media"],"yoast_head":"<!-- This site is optimized with the Yoast SEO plugin v27.3 - https:\/\/yoast.com\/product\/yoast-seo-wordpress\/ -->\n<title>Aus\u00eancia de manifesta\u00e7\u00e3o pela entidade previdenci\u00e1ria de Uni\u00e3o da Vit\u00f3ria resulta em negativa de registro da aposentadoria de servidor municipal - Minist\u00e9rio P\u00fablico de Contas do Estado do Paran\u00e1<\/title>\n<meta name=\"robots\" content=\"index, follow, max-snippet:-1, max-image-preview:large, max-video-preview:-1\" \/>\n<link rel=\"canonical\" href=\"https:\/\/www.mpc.pr.gov.br\/index.php\/ausencia-de-manifestacao-pela-entidade-previdenciaria-de-uniao-da-vitoria-resulta-em-negativa-de-registro-da-aposentadoria-de-servidor-municipal\/\" \/>\n<meta property=\"og:locale\" content=\"pt_BR\" \/>\n<meta property=\"og:type\" content=\"article\" \/>\n<meta property=\"og:title\" content=\"Aus\u00eancia de manifesta\u00e7\u00e3o pela entidade previdenci\u00e1ria de Uni\u00e3o da Vit\u00f3ria resulta em negativa de registro da aposentadoria de servidor municipal - Minist\u00e9rio P\u00fablico de Contas do Estado do Paran\u00e1\" \/>\n<meta property=\"og:description\" content=\"Acompanhando o opinativo da 4\u00aa Procuradoria do Minist\u00e9rio P\u00fablico de Contas do Paran\u00e1 (MPC-PR), os Membros da Primeira C\u00e2mara do Tribunal de Contas do Estado (TCE-PR) decidiram pela negativa de registro do ato de aposentadoria de servidor do Munic\u00edpio de Uni\u00e3o da Vit\u00f3ria.\u00a0 A decis\u00e3o pela negativa de registro ocorreu em raz\u00e3o das diversas irregularidades [&hellip;]\" \/>\n<meta property=\"og:url\" content=\"https:\/\/www.mpc.pr.gov.br\/index.php\/ausencia-de-manifestacao-pela-entidade-previdenciaria-de-uniao-da-vitoria-resulta-em-negativa-de-registro-da-aposentadoria-de-servidor-municipal\/\" \/>\n<meta property=\"og:site_name\" content=\"Minist\u00e9rio P\u00fablico de Contas do Estado do Paran\u00e1\" \/>\n<meta property=\"article:publisher\" content=\"https:\/\/www.facebook.com\/mpc.pr\" \/>\n<meta property=\"article:published_time\" content=\"2024-09-19T13:00:30+00:00\" \/>\n<meta property=\"article:modified_time\" content=\"2024-10-04T13:49:03+00:00\" \/>\n<meta property=\"og:image\" content=\"https:\/\/www.mpc.pr.gov.br\/wp-content\/uploads\/2024\/09\/uniao-da-vitoria-foto-ATEMA.jpg\" \/>\n\t<meta property=\"og:image:width\" content=\"912\" \/>\n\t<meta property=\"og:image:height\" content=\"556\" \/>\n\t<meta property=\"og:image:type\" content=\"image\/jpeg\" \/>\n<meta name=\"author\" content=\"mpcontaspr\" \/>\n<meta name=\"twitter:card\" content=\"summary_large_image\" \/>\n<meta name=\"twitter:label1\" content=\"Escrito por\" \/>\n\t<meta name=\"twitter:data1\" content=\"mpcontaspr\" \/>\n\t<meta name=\"twitter:label2\" content=\"Est. tempo de leitura\" \/>\n\t<meta name=\"twitter:data2\" content=\"6 minutos\" \/>\n<script type=\"application\/ld+json\" class=\"yoast-schema-graph\">{\"@context\":\"https:\\\/\\\/schema.org\",\"@graph\":[{\"@type\":\"Article\",\"@id\":\"https:\\\/\\\/www.mpc.pr.gov.br\\\/index.php\\\/ausencia-de-manifestacao-pela-entidade-previdenciaria-de-uniao-da-vitoria-resulta-em-negativa-de-registro-da-aposentadoria-de-servidor-municipal\\\/#article\",\"isPartOf\":{\"@id\":\"https:\\\/\\\/www.mpc.pr.gov.br\\\/index.php\\\/ausencia-de-manifestacao-pela-entidade-previdenciaria-de-uniao-da-vitoria-resulta-em-negativa-de-registro-da-aposentadoria-de-servidor-municipal\\\/\"},\"author\":{\"name\":\"mpcontaspr\",\"@id\":\"https:\\\/\\\/www.mpc.pr.gov.br\\\/#\\\/schema\\\/person\\\/2d83cb8980538d0ec174e8a6284f5e11\"},\"headline\":\"Aus\u00eancia de manifesta\u00e7\u00e3o pela entidade previdenci\u00e1ria de Uni\u00e3o da Vit\u00f3ria resulta em negativa de registro da aposentadoria de servidor municipal\",\"datePublished\":\"2024-09-19T13:00:30+00:00\",\"dateModified\":\"2024-10-04T13:49:03+00:00\",\"mainEntityOfPage\":{\"@id\":\"https:\\\/\\\/www.mpc.pr.gov.br\\\/index.php\\\/ausencia-de-manifestacao-pela-entidade-previdenciaria-de-uniao-da-vitoria-resulta-em-negativa-de-registro-da-aposentadoria-de-servidor-municipal\\\/\"},\"wordCount\":1148,\"commentCount\":0,\"publisher\":{\"@id\":\"https:\\\/\\\/www.mpc.pr.gov.br\\\/#organization\"},\"image\":{\"@id\":\"https:\\\/\\\/www.mpc.pr.gov.br\\\/index.php\\\/ausencia-de-manifestacao-pela-entidade-previdenciaria-de-uniao-da-vitoria-resulta-em-negativa-de-registro-da-aposentadoria-de-servidor-municipal\\\/#primaryimage\"},\"thumbnailUrl\":\"https:\\\/\\\/www.mpc.pr.gov.br\\\/wp-content\\\/uploads\\\/2024\\\/09\\\/uniao-da-vitoria-foto-ATEMA.jpg\",\"keywords\":[\"Aposentadoria\",\"MPC-PR\",\"Negativa de registro\",\"Primeira C\u00e2mara\",\"TCE-PR\",\"Uni\u00e3o da Vit\u00f3ria\"],\"articleSection\":[\"Todas as not\u00edcias\"],\"inLanguage\":\"pt-BR\",\"potentialAction\":[{\"@type\":\"CommentAction\",\"name\":\"Comment\",\"target\":[\"https:\\\/\\\/www.mpc.pr.gov.br\\\/index.php\\\/ausencia-de-manifestacao-pela-entidade-previdenciaria-de-uniao-da-vitoria-resulta-em-negativa-de-registro-da-aposentadoria-de-servidor-municipal\\\/#respond\"]}]},{\"@type\":\"WebPage\",\"@id\":\"https:\\\/\\\/www.mpc.pr.gov.br\\\/index.php\\\/ausencia-de-manifestacao-pela-entidade-previdenciaria-de-uniao-da-vitoria-resulta-em-negativa-de-registro-da-aposentadoria-de-servidor-municipal\\\/\",\"url\":\"https:\\\/\\\/www.mpc.pr.gov.br\\\/index.php\\\/ausencia-de-manifestacao-pela-entidade-previdenciaria-de-uniao-da-vitoria-resulta-em-negativa-de-registro-da-aposentadoria-de-servidor-municipal\\\/\",\"name\":\"Aus\u00eancia de manifesta\u00e7\u00e3o pela entidade previdenci\u00e1ria de Uni\u00e3o da Vit\u00f3ria resulta em negativa de registro da aposentadoria de servidor municipal - Minist\u00e9rio P\u00fablico de Contas do Estado do Paran\u00e1\",\"isPartOf\":{\"@id\":\"https:\\\/\\\/www.mpc.pr.gov.br\\\/#website\"},\"primaryImageOfPage\":{\"@id\":\"https:\\\/\\\/www.mpc.pr.gov.br\\\/index.php\\\/ausencia-de-manifestacao-pela-entidade-previdenciaria-de-uniao-da-vitoria-resulta-em-negativa-de-registro-da-aposentadoria-de-servidor-municipal\\\/#primaryimage\"},\"image\":{\"@id\":\"https:\\\/\\\/www.mpc.pr.gov.br\\\/index.php\\\/ausencia-de-manifestacao-pela-entidade-previdenciaria-de-uniao-da-vitoria-resulta-em-negativa-de-registro-da-aposentadoria-de-servidor-municipal\\\/#primaryimage\"},\"thumbnailUrl\":\"https:\\\/\\\/www.mpc.pr.gov.br\\\/wp-content\\\/uploads\\\/2024\\\/09\\\/uniao-da-vitoria-foto-ATEMA.jpg\",\"datePublished\":\"2024-09-19T13:00:30+00:00\",\"dateModified\":\"2024-10-04T13:49:03+00:00\",\"breadcrumb\":{\"@id\":\"https:\\\/\\\/www.mpc.pr.gov.br\\\/index.php\\\/ausencia-de-manifestacao-pela-entidade-previdenciaria-de-uniao-da-vitoria-resulta-em-negativa-de-registro-da-aposentadoria-de-servidor-municipal\\\/#breadcrumb\"},\"inLanguage\":\"pt-BR\",\"potentialAction\":[{\"@type\":\"ReadAction\",\"target\":[\"https:\\\/\\\/www.mpc.pr.gov.br\\\/index.php\\\/ausencia-de-manifestacao-pela-entidade-previdenciaria-de-uniao-da-vitoria-resulta-em-negativa-de-registro-da-aposentadoria-de-servidor-municipal\\\/\"]}]},{\"@type\":\"ImageObject\",\"inLanguage\":\"pt-BR\",\"@id\":\"https:\\\/\\\/www.mpc.pr.gov.br\\\/index.php\\\/ausencia-de-manifestacao-pela-entidade-previdenciaria-de-uniao-da-vitoria-resulta-em-negativa-de-registro-da-aposentadoria-de-servidor-municipal\\\/#primaryimage\",\"url\":\"https:\\\/\\\/www.mpc.pr.gov.br\\\/wp-content\\\/uploads\\\/2024\\\/09\\\/uniao-da-vitoria-foto-ATEMA.jpg\",\"contentUrl\":\"https:\\\/\\\/www.mpc.pr.gov.br\\\/wp-content\\\/uploads\\\/2024\\\/09\\\/uniao-da-vitoria-foto-ATEMA.jpg\",\"width\":912,\"height\":556,\"caption\":\"Conhecida como a \\\"Ponte do Arco\\\", foi inaugurada em 1944, possuindo 279 metros. Oficialmente, recebeu o nome de Ponte Manoel Ribas, por ter sido dele a iniciativa de construir a ponte e a estrada que liga Uni\u00e3o da Vit\u00f3ria a Curitiba. Foto: ATEMA.\"},{\"@type\":\"BreadcrumbList\",\"@id\":\"https:\\\/\\\/www.mpc.pr.gov.br\\\/index.php\\\/ausencia-de-manifestacao-pela-entidade-previdenciaria-de-uniao-da-vitoria-resulta-em-negativa-de-registro-da-aposentadoria-de-servidor-municipal\\\/#breadcrumb\",\"itemListElement\":[{\"@type\":\"ListItem\",\"position\":1,\"name\":\"In\u00edcio\",\"item\":\"https:\\\/\\\/www.mpc.pr.gov.br\\\/\"},{\"@type\":\"ListItem\",\"position\":2,\"name\":\"Aus\u00eancia de manifesta\u00e7\u00e3o pela entidade previdenci\u00e1ria de Uni\u00e3o da Vit\u00f3ria resulta em negativa de registro da aposentadoria de servidor municipal\"}]},{\"@type\":\"WebSite\",\"@id\":\"https:\\\/\\\/www.mpc.pr.gov.br\\\/#website\",\"url\":\"https:\\\/\\\/www.mpc.pr.gov.br\\\/\",\"name\":\"Minist\u00e9rio P\u00fablico de Contas do Estado do Paran\u00e1\",\"description\":\"\",\"publisher\":{\"@id\":\"https:\\\/\\\/www.mpc.pr.gov.br\\\/#organization\"},\"potentialAction\":[{\"@type\":\"SearchAction\",\"target\":{\"@type\":\"EntryPoint\",\"urlTemplate\":\"https:\\\/\\\/www.mpc.pr.gov.br\\\/?s={search_term_string}\"},\"query-input\":{\"@type\":\"PropertyValueSpecification\",\"valueRequired\":true,\"valueName\":\"search_term_string\"}}],\"inLanguage\":\"pt-BR\"},{\"@type\":\"Organization\",\"@id\":\"https:\\\/\\\/www.mpc.pr.gov.br\\\/#organization\",\"name\":\"Minist\u00e9rio P\u00fablico de Contas do Estado do Paran\u00e1\",\"url\":\"https:\\\/\\\/www.mpc.pr.gov.br\\\/\",\"logo\":{\"@type\":\"ImageObject\",\"inLanguage\":\"pt-BR\",\"@id\":\"https:\\\/\\\/www.mpc.pr.gov.br\\\/#\\\/schema\\\/logo\\\/image\\\/\",\"url\":\"https:\\\/\\\/www.mpc.pr.gov.br\\\/wp-content\\\/uploads\\\/2020\\\/06\\\/99423647_1593460364143890_6706793420720963584_n-1-e1591387983167.png\",\"contentUrl\":\"https:\\\/\\\/www.mpc.pr.gov.br\\\/wp-content\\\/uploads\\\/2020\\\/06\\\/99423647_1593460364143890_6706793420720963584_n-1-e1591387983167.png\",\"width\":243,\"height\":73,\"caption\":\"Minist\u00e9rio P\u00fablico de Contas do Estado do Paran\u00e1\"},\"image\":{\"@id\":\"https:\\\/\\\/www.mpc.pr.gov.br\\\/#\\\/schema\\\/logo\\\/image\\\/\"},\"sameAs\":[\"https:\\\/\\\/www.facebook.com\\\/mpc.pr\",\"https:\\\/\\\/www.instagram.com\\\/mpc.pr\\\/?hl=pt-br\",\"https:\\\/\\\/www.youtube.com\\\/channel\\\/UCHri5oEM8DV0ztX57E0sBSw\"]},{\"@type\":\"Person\",\"@id\":\"https:\\\/\\\/www.mpc.pr.gov.br\\\/#\\\/schema\\\/person\\\/2d83cb8980538d0ec174e8a6284f5e11\",\"name\":\"mpcontaspr\",\"image\":{\"@type\":\"ImageObject\",\"inLanguage\":\"pt-BR\",\"@id\":\"https:\\\/\\\/secure.gravatar.com\\\/avatar\\\/1aef51541db7622e05fd639336c9c9f312c2a618396e2b6ca96846362fc5403f?s=96&d=mm&r=g\",\"url\":\"https:\\\/\\\/secure.gravatar.com\\\/avatar\\\/1aef51541db7622e05fd639336c9c9f312c2a618396e2b6ca96846362fc5403f?s=96&d=mm&r=g\",\"contentUrl\":\"https:\\\/\\\/secure.gravatar.com\\\/avatar\\\/1aef51541db7622e05fd639336c9c9f312c2a618396e2b6ca96846362fc5403f?s=96&d=mm&r=g\",\"caption\":\"mpcontaspr\"},\"sameAs\":[\"http:\\\/\\\/www.mpc.pr.gov.br\"]}]}<\/script>\n<!-- \/ Yoast SEO plugin. -->","yoast_head_json":{"title":"Aus\u00eancia de manifesta\u00e7\u00e3o pela entidade previdenci\u00e1ria de Uni\u00e3o da Vit\u00f3ria resulta em negativa de registro da aposentadoria de servidor municipal - Minist\u00e9rio P\u00fablico de Contas do Estado do Paran\u00e1","robots":{"index":"index","follow":"follow","max-snippet":"max-snippet:-1","max-image-preview":"max-image-preview:large","max-video-preview":"max-video-preview:-1"},"canonical":"https:\/\/www.mpc.pr.gov.br\/index.php\/ausencia-de-manifestacao-pela-entidade-previdenciaria-de-uniao-da-vitoria-resulta-em-negativa-de-registro-da-aposentadoria-de-servidor-municipal\/","og_locale":"pt_BR","og_type":"article","og_title":"Aus\u00eancia de manifesta\u00e7\u00e3o pela entidade previdenci\u00e1ria de Uni\u00e3o da Vit\u00f3ria resulta em negativa de registro da aposentadoria de servidor municipal - Minist\u00e9rio P\u00fablico de Contas do Estado do Paran\u00e1","og_description":"Acompanhando o opinativo da 4\u00aa Procuradoria do Minist\u00e9rio P\u00fablico de Contas do Paran\u00e1 (MPC-PR), os Membros da Primeira C\u00e2mara do Tribunal de Contas do Estado (TCE-PR) decidiram pela negativa de registro do ato de aposentadoria de servidor do Munic\u00edpio de Uni\u00e3o da Vit\u00f3ria.\u00a0 A decis\u00e3o pela negativa de registro ocorreu em raz\u00e3o das diversas irregularidades [&hellip;]","og_url":"https:\/\/www.mpc.pr.gov.br\/index.php\/ausencia-de-manifestacao-pela-entidade-previdenciaria-de-uniao-da-vitoria-resulta-em-negativa-de-registro-da-aposentadoria-de-servidor-municipal\/","og_site_name":"Minist\u00e9rio P\u00fablico de Contas do Estado do Paran\u00e1","article_publisher":"https:\/\/www.facebook.com\/mpc.pr","article_published_time":"2024-09-19T13:00:30+00:00","article_modified_time":"2024-10-04T13:49:03+00:00","og_image":[{"width":912,"height":556,"url":"https:\/\/www.mpc.pr.gov.br\/wp-content\/uploads\/2024\/09\/uniao-da-vitoria-foto-ATEMA.jpg","type":"image\/jpeg"}],"author":"mpcontaspr","twitter_card":"summary_large_image","twitter_misc":{"Escrito por":"mpcontaspr","Est. tempo de leitura":"6 minutos"},"schema":{"@context":"https:\/\/schema.org","@graph":[{"@type":"Article","@id":"https:\/\/www.mpc.pr.gov.br\/index.php\/ausencia-de-manifestacao-pela-entidade-previdenciaria-de-uniao-da-vitoria-resulta-em-negativa-de-registro-da-aposentadoria-de-servidor-municipal\/#article","isPartOf":{"@id":"https:\/\/www.mpc.pr.gov.br\/index.php\/ausencia-de-manifestacao-pela-entidade-previdenciaria-de-uniao-da-vitoria-resulta-em-negativa-de-registro-da-aposentadoria-de-servidor-municipal\/"},"author":{"name":"mpcontaspr","@id":"https:\/\/www.mpc.pr.gov.br\/#\/schema\/person\/2d83cb8980538d0ec174e8a6284f5e11"},"headline":"Aus\u00eancia de manifesta\u00e7\u00e3o pela entidade previdenci\u00e1ria de Uni\u00e3o da Vit\u00f3ria resulta em negativa de registro da aposentadoria de servidor municipal","datePublished":"2024-09-19T13:00:30+00:00","dateModified":"2024-10-04T13:49:03+00:00","mainEntityOfPage":{"@id":"https:\/\/www.mpc.pr.gov.br\/index.php\/ausencia-de-manifestacao-pela-entidade-previdenciaria-de-uniao-da-vitoria-resulta-em-negativa-de-registro-da-aposentadoria-de-servidor-municipal\/"},"wordCount":1148,"commentCount":0,"publisher":{"@id":"https:\/\/www.mpc.pr.gov.br\/#organization"},"image":{"@id":"https:\/\/www.mpc.pr.gov.br\/index.php\/ausencia-de-manifestacao-pela-entidade-previdenciaria-de-uniao-da-vitoria-resulta-em-negativa-de-registro-da-aposentadoria-de-servidor-municipal\/#primaryimage"},"thumbnailUrl":"https:\/\/www.mpc.pr.gov.br\/wp-content\/uploads\/2024\/09\/uniao-da-vitoria-foto-ATEMA.jpg","keywords":["Aposentadoria","MPC-PR","Negativa de registro","Primeira C\u00e2mara","TCE-PR","Uni\u00e3o da Vit\u00f3ria"],"articleSection":["Todas as not\u00edcias"],"inLanguage":"pt-BR","potentialAction":[{"@type":"CommentAction","name":"Comment","target":["https:\/\/www.mpc.pr.gov.br\/index.php\/ausencia-de-manifestacao-pela-entidade-previdenciaria-de-uniao-da-vitoria-resulta-em-negativa-de-registro-da-aposentadoria-de-servidor-municipal\/#respond"]}]},{"@type":"WebPage","@id":"https:\/\/www.mpc.pr.gov.br\/index.php\/ausencia-de-manifestacao-pela-entidade-previdenciaria-de-uniao-da-vitoria-resulta-em-negativa-de-registro-da-aposentadoria-de-servidor-municipal\/","url":"https:\/\/www.mpc.pr.gov.br\/index.php\/ausencia-de-manifestacao-pela-entidade-previdenciaria-de-uniao-da-vitoria-resulta-em-negativa-de-registro-da-aposentadoria-de-servidor-municipal\/","name":"Aus\u00eancia de manifesta\u00e7\u00e3o pela entidade previdenci\u00e1ria de Uni\u00e3o da Vit\u00f3ria resulta em negativa de registro da aposentadoria de servidor municipal - Minist\u00e9rio P\u00fablico de Contas do Estado do Paran\u00e1","isPartOf":{"@id":"https:\/\/www.mpc.pr.gov.br\/#website"},"primaryImageOfPage":{"@id":"https:\/\/www.mpc.pr.gov.br\/index.php\/ausencia-de-manifestacao-pela-entidade-previdenciaria-de-uniao-da-vitoria-resulta-em-negativa-de-registro-da-aposentadoria-de-servidor-municipal\/#primaryimage"},"image":{"@id":"https:\/\/www.mpc.pr.gov.br\/index.php\/ausencia-de-manifestacao-pela-entidade-previdenciaria-de-uniao-da-vitoria-resulta-em-negativa-de-registro-da-aposentadoria-de-servidor-municipal\/#primaryimage"},"thumbnailUrl":"https:\/\/www.mpc.pr.gov.br\/wp-content\/uploads\/2024\/09\/uniao-da-vitoria-foto-ATEMA.jpg","datePublished":"2024-09-19T13:00:30+00:00","dateModified":"2024-10-04T13:49:03+00:00","breadcrumb":{"@id":"https:\/\/www.mpc.pr.gov.br\/index.php\/ausencia-de-manifestacao-pela-entidade-previdenciaria-de-uniao-da-vitoria-resulta-em-negativa-de-registro-da-aposentadoria-de-servidor-municipal\/#breadcrumb"},"inLanguage":"pt-BR","potentialAction":[{"@type":"ReadAction","target":["https:\/\/www.mpc.pr.gov.br\/index.php\/ausencia-de-manifestacao-pela-entidade-previdenciaria-de-uniao-da-vitoria-resulta-em-negativa-de-registro-da-aposentadoria-de-servidor-municipal\/"]}]},{"@type":"ImageObject","inLanguage":"pt-BR","@id":"https:\/\/www.mpc.pr.gov.br\/index.php\/ausencia-de-manifestacao-pela-entidade-previdenciaria-de-uniao-da-vitoria-resulta-em-negativa-de-registro-da-aposentadoria-de-servidor-municipal\/#primaryimage","url":"https:\/\/www.mpc.pr.gov.br\/wp-content\/uploads\/2024\/09\/uniao-da-vitoria-foto-ATEMA.jpg","contentUrl":"https:\/\/www.mpc.pr.gov.br\/wp-content\/uploads\/2024\/09\/uniao-da-vitoria-foto-ATEMA.jpg","width":912,"height":556,"caption":"Conhecida como a \"Ponte do Arco\", foi inaugurada em 1944, possuindo 279 metros. Oficialmente, recebeu o nome de Ponte Manoel Ribas, por ter sido dele a iniciativa de construir a ponte e a estrada que liga Uni\u00e3o da Vit\u00f3ria a Curitiba. Foto: ATEMA."},{"@type":"BreadcrumbList","@id":"https:\/\/www.mpc.pr.gov.br\/index.php\/ausencia-de-manifestacao-pela-entidade-previdenciaria-de-uniao-da-vitoria-resulta-em-negativa-de-registro-da-aposentadoria-de-servidor-municipal\/#breadcrumb","itemListElement":[{"@type":"ListItem","position":1,"name":"In\u00edcio","item":"https:\/\/www.mpc.pr.gov.br\/"},{"@type":"ListItem","position":2,"name":"Aus\u00eancia de manifesta\u00e7\u00e3o pela entidade previdenci\u00e1ria de Uni\u00e3o da Vit\u00f3ria resulta em negativa de registro da aposentadoria de servidor municipal"}]},{"@type":"WebSite","@id":"https:\/\/www.mpc.pr.gov.br\/#website","url":"https:\/\/www.mpc.pr.gov.br\/","name":"Minist\u00e9rio P\u00fablico de Contas do Estado do Paran\u00e1","description":"","publisher":{"@id":"https:\/\/www.mpc.pr.gov.br\/#organization"},"potentialAction":[{"@type":"SearchAction","target":{"@type":"EntryPoint","urlTemplate":"https:\/\/www.mpc.pr.gov.br\/?s={search_term_string}"},"query-input":{"@type":"PropertyValueSpecification","valueRequired":true,"valueName":"search_term_string"}}],"inLanguage":"pt-BR"},{"@type":"Organization","@id":"https:\/\/www.mpc.pr.gov.br\/#organization","name":"Minist\u00e9rio P\u00fablico de Contas do Estado do Paran\u00e1","url":"https:\/\/www.mpc.pr.gov.br\/","logo":{"@type":"ImageObject","inLanguage":"pt-BR","@id":"https:\/\/www.mpc.pr.gov.br\/#\/schema\/logo\/image\/","url":"https:\/\/www.mpc.pr.gov.br\/wp-content\/uploads\/2020\/06\/99423647_1593460364143890_6706793420720963584_n-1-e1591387983167.png","contentUrl":"https:\/\/www.mpc.pr.gov.br\/wp-content\/uploads\/2020\/06\/99423647_1593460364143890_6706793420720963584_n-1-e1591387983167.png","width":243,"height":73,"caption":"Minist\u00e9rio P\u00fablico de Contas do Estado do Paran\u00e1"},"image":{"@id":"https:\/\/www.mpc.pr.gov.br\/#\/schema\/logo\/image\/"},"sameAs":["https:\/\/www.facebook.com\/mpc.pr","https:\/\/www.instagram.com\/mpc.pr\/?hl=pt-br","https:\/\/www.youtube.com\/channel\/UCHri5oEM8DV0ztX57E0sBSw"]},{"@type":"Person","@id":"https:\/\/www.mpc.pr.gov.br\/#\/schema\/person\/2d83cb8980538d0ec174e8a6284f5e11","name":"mpcontaspr","image":{"@type":"ImageObject","inLanguage":"pt-BR","@id":"https:\/\/secure.gravatar.com\/avatar\/1aef51541db7622e05fd639336c9c9f312c2a618396e2b6ca96846362fc5403f?s=96&d=mm&r=g","url":"https:\/\/secure.gravatar.com\/avatar\/1aef51541db7622e05fd639336c9c9f312c2a618396e2b6ca96846362fc5403f?s=96&d=mm&r=g","contentUrl":"https:\/\/secure.gravatar.com\/avatar\/1aef51541db7622e05fd639336c9c9f312c2a618396e2b6ca96846362fc5403f?s=96&d=mm&r=g","caption":"mpcontaspr"},"sameAs":["http:\/\/www.mpc.pr.gov.br"]}]}},"rttpg_featured_image_url":{"full":["https:\/\/www.mpc.pr.gov.br\/wp-content\/uploads\/2024\/09\/uniao-da-vitoria-foto-ATEMA.jpg",912,556,false],"landscape":["https:\/\/www.mpc.pr.gov.br\/wp-content\/uploads\/2024\/09\/uniao-da-vitoria-foto-ATEMA.jpg",912,556,false],"portraits":["https:\/\/www.mpc.pr.gov.br\/wp-content\/uploads\/2024\/09\/uniao-da-vitoria-foto-ATEMA.jpg",912,556,false],"thumbnail":["https:\/\/www.mpc.pr.gov.br\/wp-content\/uploads\/2024\/09\/uniao-da-vitoria-foto-ATEMA-150x150.jpg",150,150,true],"medium":["https:\/\/www.mpc.pr.gov.br\/wp-content\/uploads\/2024\/09\/uniao-da-vitoria-foto-ATEMA-300x183.jpg",300,183,true],"large":["https:\/\/www.mpc.pr.gov.br\/wp-content\/uploads\/2024\/09\/uniao-da-vitoria-foto-ATEMA.jpg",912,556,false],"1536x1536":["https:\/\/www.mpc.pr.gov.br\/wp-content\/uploads\/2024\/09\/uniao-da-vitoria-foto-ATEMA.jpg",912,556,false],"2048x2048":["https:\/\/www.mpc.pr.gov.br\/wp-content\/uploads\/2024\/09\/uniao-da-vitoria-foto-ATEMA.jpg",912,556,false],"ocean-thumb-m":["https:\/\/www.mpc.pr.gov.br\/wp-content\/uploads\/2024\/09\/uniao-da-vitoria-foto-ATEMA-600x556.jpg",600,556,true],"ocean-thumb-ml":["https:\/\/www.mpc.pr.gov.br\/wp-content\/uploads\/2024\/09\/uniao-da-vitoria-foto-ATEMA-800x450.jpg",800,450,true],"ocean-thumb-l":["https:\/\/www.mpc.pr.gov.br\/wp-content\/uploads\/2024\/09\/uniao-da-vitoria-foto-ATEMA.jpg",912,556,false]},"rttpg_author":{"display_name":"mpcontaspr","author_link":"https:\/\/www.mpc.pr.gov.br\/index.php\/author\/mpcontaspr\/"},"rttpg_comment":0,"rttpg_category":"<a href=\"https:\/\/www.mpc.pr.gov.br\/index.php\/category\/todas-as-noticias\/\" rel=\"category tag\">Todas as not\u00edcias<\/a>","rttpg_excerpt":"Acompanhando o opinativo da 4\u00aa Procuradoria do Minist\u00e9rio P\u00fablico de Contas do Paran\u00e1 (MPC-PR), os Membros da Primeira C\u00e2mara do Tribunal de Contas do Estado (TCE-PR) decidiram pela negativa de registro do ato de aposentadoria de servidor do Munic\u00edpio de Uni\u00e3o da Vit\u00f3ria.\u00a0 A decis\u00e3o pela negativa de registro ocorreu em raz\u00e3o das diversas irregularidades&hellip;","_links":{"self":[{"href":"https:\/\/www.mpc.pr.gov.br\/index.php\/wp-json\/wp\/v2\/posts\/21516","targetHints":{"allow":["GET"]}}],"collection":[{"href":"https:\/\/www.mpc.pr.gov.br\/index.php\/wp-json\/wp\/v2\/posts"}],"about":[{"href":"https:\/\/www.mpc.pr.gov.br\/index.php\/wp-json\/wp\/v2\/types\/post"}],"author":[{"embeddable":true,"href":"https:\/\/www.mpc.pr.gov.br\/index.php\/wp-json\/wp\/v2\/users\/1"}],"replies":[{"embeddable":true,"href":"https:\/\/www.mpc.pr.gov.br\/index.php\/wp-json\/wp\/v2\/comments?post=21516"}],"version-history":[{"count":4,"href":"https:\/\/www.mpc.pr.gov.br\/index.php\/wp-json\/wp\/v2\/posts\/21516\/revisions"}],"predecessor-version":[{"id":21527,"href":"https:\/\/www.mpc.pr.gov.br\/index.php\/wp-json\/wp\/v2\/posts\/21516\/revisions\/21527"}],"wp:featuredmedia":[{"embeddable":true,"href":"https:\/\/www.mpc.pr.gov.br\/index.php\/wp-json\/wp\/v2\/media\/21518"}],"wp:attachment":[{"href":"https:\/\/www.mpc.pr.gov.br\/index.php\/wp-json\/wp\/v2\/media?parent=21516"}],"wp:term":[{"taxonomy":"category","embeddable":true,"href":"https:\/\/www.mpc.pr.gov.br\/index.php\/wp-json\/wp\/v2\/categories?post=21516"},{"taxonomy":"post_tag","embeddable":true,"href":"https:\/\/www.mpc.pr.gov.br\/index.php\/wp-json\/wp\/v2\/tags?post=21516"}],"curies":[{"name":"wp","href":"https:\/\/api.w.org\/{rel}","templated":true}]}}