{"id":21543,"date":"2024-09-24T09:57:40","date_gmt":"2024-09-24T12:57:40","guid":{"rendered":"https:\/\/www.mpc.pr.gov.br\/?p=21543"},"modified":"2024-10-08T10:29:30","modified_gmt":"2024-10-08T13:29:30","slug":"consulta-esclarece-sobre-a-possibilidade-de-concessao-de-progressao-funcional-a-servidores-inativos","status":"publish","type":"post","link":"https:\/\/www.mpc.pr.gov.br\/index.php\/consulta-esclarece-sobre-a-possibilidade-de-concessao-de-progressao-funcional-a-servidores-inativos\/","title":{"rendered":"Consulta esclarece sobre a possibilidade de concess\u00e3o de progress\u00e3o funcional \u00e0 servidores inativos"},"content":{"rendered":"<figure id=\"attachment_21545\" aria-describedby=\"caption-attachment-21545\" style=\"width: 300px\" class=\"wp-caption alignleft\"><img fetchpriority=\"high\" decoding=\"async\" class=\"size-medium wp-image-21545\" src=\"https:\/\/www.mpc.pr.gov.br\/wp-content\/uploads\/2024\/09\/querencia-do-norte-300x200.jpg\" alt=\"\" width=\"300\" height=\"200\" srcset=\"https:\/\/www.mpc.pr.gov.br\/wp-content\/uploads\/2024\/09\/querencia-do-norte-300x200.jpg 300w, https:\/\/www.mpc.pr.gov.br\/wp-content\/uploads\/2024\/09\/querencia-do-norte-1024x683.jpg 1024w, https:\/\/www.mpc.pr.gov.br\/wp-content\/uploads\/2024\/09\/querencia-do-norte-768x512.jpg 768w, https:\/\/www.mpc.pr.gov.br\/wp-content\/uploads\/2024\/09\/querencia-do-norte.jpg 1200w\" sizes=\"(max-width: 300px) 100vw, 300px\" \/><figcaption id=\"caption-attachment-21545\" class=\"wp-caption-text\">Portal do Cristo Redentor, localizado na Rodovia Jorge Baggio, no Munic\u00edpio de Quer\u00eancia do Norte, regi\u00e3o Noroeste do Estado do Paran\u00e1. Foto: divulga\u00e7\u00e3o.<\/figcaption><\/figure>\n<p><span data-contrast=\"auto\">O direito \u00e0 paridade n\u00e3o assegura ao servidor inativo ou pensionista o avan\u00e7o e\/ou progress\u00e3o funcional, somente sendo poss\u00edvel a concess\u00e3o de progress\u00e3o funcional ao servidor que preencheu os requisitos anteriormente \u00e0 inativa\u00e7\u00e3o ou falecimento, e cujo reconhecimento foi posterior, por via administrativa ou judicial.<\/span><span data-ccp-props=\"{&quot;201341983&quot;:0,&quot;335551550&quot;:6,&quot;335551620&quot;:6,&quot;335559739&quot;:160,&quot;335559740&quot;:360}\">\u00a0<\/span><\/p>\n<p><span data-contrast=\"auto\">No caso dessa hip\u00f3tese, do reconhecimento posterior de direito \u00e0 progress\u00e3o cujos requisitos foram preenchidos quando em atividade, deve haver o recolhimento das respectivas contribui\u00e7\u00f5es previdenci\u00e1rias incidentes sobre o valor do avan\u00e7o\/progress\u00e3o incorporado na inatividade, sob pena de manifesta viola\u00e7\u00e3o aos princ\u00edpios da contributividade e do equil\u00edbrio financeiro e atuarial.<\/span><span data-ccp-props=\"{&quot;201341983&quot;:0,&quot;335551550&quot;:6,&quot;335551620&quot;:6,&quot;335559739&quot;:160,&quot;335559740&quot;:360}\">\u00a0<\/span><\/p>\n<p><span data-contrast=\"auto\">Essa \u00e9 a orienta\u00e7\u00e3o dos Membros do Tribunal de Contas do Estado (TCE-PR), expressa no Ac\u00f3rd\u00e3o n\u00b0 2728\/24, que acolheu o opinativo da Coordenadoria de Gest\u00e3o Municipal (CGM) e Minist\u00e9rio P\u00fablico de Contas do Paran\u00e1 (MPC-PR), na resposta \u00e0 <a href=\"https:\/\/www.mpc.pr.gov.br\/wp-content\/uploads\/2024\/09\/querencia-consulta.pdf\">Consulta<\/a> formulada pela Diretora Presidente do Instituto Previdenci\u00e1rio Municipal de Quer\u00eancia do Norte, Adelaide Cruz.\u00a0<\/span><span data-ccp-props=\"{&quot;201341983&quot;:0,&quot;335551550&quot;:6,&quot;335551620&quot;:6,&quot;335559739&quot;:160,&quot;335559740&quot;:360}\">\u00a0<\/span><\/p>\n<h4><b><span data-contrast=\"auto\">Entenda a Consulta<\/span><\/b><span data-ccp-props=\"{&quot;201341983&quot;:0,&quot;335551550&quot;:6,&quot;335551620&quot;:6,&quot;335559739&quot;:160,&quot;335559740&quot;:360}\">\u00a0<\/span><\/h4>\n<p><span data-contrast=\"auto\">Em s\u00edntese, a consulente apresentou sete questionamentos acerca da possibilidade de concess\u00e3o de progress\u00e3o funcional \u00e0 servidores inativos, com fundamento no direito \u00e0 paridade, em raz\u00e3o da publica\u00e7\u00e3o da Lei n\u00b0 1897\/2022 do Munic\u00edpio de Quer\u00eancia do Norte, a qual prev\u00ea em seu artigo 76 que, \u201cpara efeitos de reenquadramento dos servidores inativos, aposentados com paridade, ter\u00e3o validade para os avan\u00e7os dos n\u00edveis de Carreira os t\u00edtulos expedidos at\u00e9 a data da promulga\u00e7\u00e3o da presente Lei.\u201d<\/span><span data-ccp-props=\"{&quot;201341983&quot;:0,&quot;335551550&quot;:6,&quot;335551620&quot;:6,&quot;335559739&quot;:160,&quot;335559740&quot;:360}\">\u00a0<\/span><\/p>\n<p><span data-contrast=\"auto\">A peti\u00e7\u00e3o veio acompanhada do parecer jur\u00eddico, o qual citou a ampla jurisprud\u00eancia do TCE-PR, inclusive,\u00a0de outras cortes superiores, como do Tribunal de Justi\u00e7a do Paran\u00e1 (TJ-PR), concluindo pela impossibilidade de conceder qualquer tipo de progress\u00e3o a servidor inativo, que n\u00e3o tenha obtido quando em atividade.<\/span><span data-ccp-props=\"{&quot;201341983&quot;:0,&quot;335551550&quot;:6,&quot;335551620&quot;:6,&quot;335559739&quot;:160,&quot;335559740&quot;:360}\">\u00a0<\/span><\/p>\n<h4><b><span data-contrast=\"auto\">Instru\u00e7\u00e3o do processo<\/span><\/b><span data-ccp-props=\"{&quot;201341983&quot;:0,&quot;335551550&quot;:6,&quot;335551620&quot;:6,&quot;335559739&quot;:160,&quot;335559740&quot;:360}\">\u00a0<\/span><\/h4>\n<p><span data-contrast=\"auto\">O Relator Conselheiro Ivens Zschoerper Linhares recebeu parcialmente a Consulta, visto que satisfeitos os requisitos de admissibilidade constantes dos artigos 311 e 312, do Regimento Interno do TCE-PR, \u00e0 exce\u00e7\u00e3o do \u00faltimo questionamento, na medida em que n\u00e3o foi abordado no parecer jur\u00eddico anexado \u00e0 inicial e, mesmo devidamente intimado em duas oportunidades, o ente previdenci\u00e1rio deixou transcorrer o prazo sem apresentar manifesta\u00e7\u00e3o sobre o item. Dessa forma, por meio do Despacho n\u00ba 698\/24, foi determinado o prosseguimento ao exame da consulta, apenas em rela\u00e7\u00e3o aos demais seis questionamentos.<\/span><span data-ccp-props=\"{&quot;201341983&quot;:0,&quot;335551550&quot;:6,&quot;335551620&quot;:6,&quot;335559739&quot;:160,&quot;335559740&quot;:360}\">\u00a0<\/span><\/p>\n<p><span data-contrast=\"auto\">Instada a se manifestar, a Coordenadoria de Gest\u00e3o Municipal (CGM) observou que a reda\u00e7\u00e3o original da Constitui\u00e7\u00e3o Federal em seu \u00a7 4\u00ba do art. 40, compreendia a paridade de direitos entre inativos e ativos de forma ampla. Contudo, com a nova reda\u00e7\u00e3o do art. 40, \u00a7 8\u00ba, decorrente da Emenda Constitucional n\u00ba 41\/2023, restou assegurado apenas o reajuste dos benef\u00edcios aos detentores da paridade, de modo que foi exclu\u00edda a possibilidade de extens\u00e3o aos inativos de reclassifica\u00e7\u00f5es, ou vantagens posteriores atribu\u00eddas aos servidores ativos.<\/span><span data-ccp-props=\"{&quot;201341983&quot;:0,&quot;335551550&quot;:6,&quot;335551620&quot;:6,&quot;335559739&quot;:160,&quot;335559740&quot;:360}\">\u00a0<\/span><\/p>\n<p><span data-contrast=\"auto\">Sendo assim, concluiu que o direito \u00e0 paridade se restringe \u00e0 revis\u00e3o dos proventos na mesma propor\u00e7\u00e3o e data dos servidores ativos, n\u00e3o incluindo benef\u00edcios e vantagens concedidas posteriormente \u00e0 inativa\u00e7\u00e3o, aos servidores em atividade. Nesse sentido, a unidade t\u00e9cnica esclareceu que o servidor inativo s\u00f3 ter\u00e1 direito a progress\u00e3o funcional caso tenha preenchido os requisitos quando na atividade, e, por qualquer raz\u00e3o, esta n\u00e3o tenha sido concedida, destacando que sobre tal progress\u00e3o dever\u00e1 incidir a respectiva contribui\u00e7\u00e3o previdenci\u00e1ria.<\/span><span data-ccp-props=\"{&quot;134233117&quot;:false,&quot;134233118&quot;:false,&quot;201341983&quot;:0,&quot;335551550&quot;:6,&quot;335551620&quot;:6,&quot;335559685&quot;:0,&quot;335559737&quot;:0,&quot;335559738&quot;:0,&quot;335559739&quot;:160,&quot;335559740&quot;:360}\">\u00a0<\/span><\/p>\n<h4><b><span data-contrast=\"auto\">Parecer Ministerial<\/span><\/b><span data-ccp-props=\"{&quot;134233117&quot;:false,&quot;134233118&quot;:false,&quot;201341983&quot;:0,&quot;335551550&quot;:6,&quot;335551620&quot;:6,&quot;335559685&quot;:0,&quot;335559737&quot;:0,&quot;335559738&quot;:0,&quot;335559739&quot;:160,&quot;335559740&quot;:360}\">\u00a0<\/span><\/h4>\n<p><span data-contrast=\"auto\">Mediante o <a href=\"https:\/\/www.mpc.pr.gov.br\/wp-content\/uploads\/2024\/09\/querencia-PAR-162_24-PGC.pdf\">Parecer n\u00ba 162\/24<\/a>, o Minist\u00e9rio P\u00fablico de Contas pugnou pela convers\u00e3o da Consulta em incidente de inconstitucionalidade, tendo em vista que, embora os questionamentos apresentados pela entidade previdenci\u00e1ria versem abstratamente sobre a possiblidade de concess\u00e3o de progress\u00e3o funcional \u00e0 servidores inativos com fundamento no direito \u00e0 paridade, eis que a finalidade da Consulta \u00e9 a tentativa de valida\u00e7\u00e3o de preceito legal recentemente editado \u2013 o art. 76 da Lei Municipal n\u00ba 1.897\/2022 \u2013 o qual \u00e9 frontalmente incompat\u00edvel com o disposto no art. 40, \u00a7 8\u00ba da Constitui\u00e7\u00e3o Federal, bem como com o disposto no art. 7\u00ba da EC n\u00ba 41\/03.<\/span><span data-ccp-props=\"{&quot;201341983&quot;:0,&quot;335551550&quot;:6,&quot;335551620&quot;:6,&quot;335559739&quot;:160,&quot;335559740&quot;:360}\">\u00a0<\/span><\/p>\n<p><span data-contrast=\"auto\">Isso porque, a Lei Municipal permite que titula\u00e7\u00f5es obtidas ap\u00f3s a aposentadoria gerem reflexos no valor dos proventos, mediante progress\u00e3o na inatividade, bastando que tal titula\u00e7\u00e3o tenha sido obtida antes da promulga\u00e7\u00e3o da Lei, em 21 de dezembro de 2022. Ocorre que, conforme estabelece o texto constitucional, a progress\u00e3o funcional somente \u00e9 poss\u00edvel quando o servidor p\u00fablico estiver em atividade.\u00a0<\/span><span data-ccp-props=\"{&quot;201341983&quot;:0,&quot;335551550&quot;:6,&quot;335551620&quot;:6,&quot;335559739&quot;:160,&quot;335559740&quot;:360}\">\u00a0<\/span><\/p>\n<p><span data-contrast=\"auto\">Esse \u00e9 o entendimento do Supremo Tribunal Federal (STF), conforme decis\u00e3o proferida no julgamento do RE 606.1996, ocasi\u00e3o em que a Suprema Corte fixou a seguinte tese de repercuss\u00e3o geral, sob Tema n\u00ba 439: <\/span><i><span data-contrast=\"auto\">\u201cDesde que mantida a irredutibilidade, n\u00e3o tem o servidor inativo, embora aposentado na \u00faltima classe da carreira anterior, o direito de perceber proventos correspondentes aos da \u00faltima classe da nova carreira, reestruturada por lei superveniente.\u201d<\/span><\/i><span data-ccp-props=\"{&quot;201341983&quot;:0,&quot;335551550&quot;:6,&quot;335551620&quot;:6,&quot;335559739&quot;:160,&quot;335559740&quot;:360}\">\u00a0<\/span><\/p>\n<p><span data-contrast=\"auto\">Por sua vez, no caso de n\u00e3o acolhimento da proposta de convers\u00e3o da Consulta em incidente de inconstitucionalidade, o MPC-PR corroborou com o entendimento da unidade t\u00e9cnica, sugerindo, apenas,\u00a0ressaltar que as progress\u00f5es na carreira institu\u00eddas com a advento de Lei nova, aplicam-se exclusivamente aos servidores em atividade, ou, que venham a ingressar no servi\u00e7o p\u00fablico a partir da vig\u00eancia de novo Plano de Cargos e Carreira.<\/span><span data-ccp-props=\"{&quot;201341983&quot;:0,&quot;335551550&quot;:6,&quot;335551620&quot;:6,&quot;335559739&quot;:160,&quot;335559740&quot;:360}\">\u00a0<\/span><\/p>\n<h4><b><span data-contrast=\"auto\">Decis\u00e3o<\/span><\/b><span data-ccp-props=\"{&quot;201341983&quot;:0,&quot;335551550&quot;:6,&quot;335551620&quot;:6,&quot;335559739&quot;:160,&quot;335559740&quot;:360}\">\u00a0<\/span><\/h4>\n<p><span data-contrast=\"auto\">Em sede de julgamento, o Relator entendeu n\u00e3o ser oportuna a convers\u00e3o requerida pelo Minist\u00e9rio P\u00fablico de Contas pois, a resposta \u00e0 Consulta, nos termos do art. 316 do Regimento Interno do TCE-PR, possui for\u00e7a normativa se tomada por qu\u00f3rum qualificado, e que, nessas condi\u00e7\u00f5es, estaria igualmente atendida a cl\u00e1usula de reserva de plen\u00e1rio de que trata o art. 97, da Constitui\u00e7\u00e3o Federal. Dessa forma, uma vez que a decis\u00e3o adotada pelo Tribunal Pleno ter\u00e1 o mesmo efeito daquela proferida em incidente de inconstitucionalidade, n\u00e3o se faz necess\u00e1ria a convers\u00e3o do processo.<\/span><span data-ccp-props=\"{&quot;134233117&quot;:false,&quot;134233118&quot;:false,&quot;201341983&quot;:0,&quot;335551550&quot;:6,&quot;335551620&quot;:6,&quot;335559685&quot;:0,&quot;335559737&quot;:0,&quot;335559738&quot;:0,&quot;335559739&quot;:160,&quot;335559740&quot;:360}\">\u00a0<\/span><\/p>\n<p><span data-contrast=\"auto\">Quanto aos questionamentos apresentados pela entidade previdenci\u00e1ria, nos termos da decis\u00e3o expressa no <a href=\"https:\/\/www.mpc.pr.gov.br\/wp-content\/uploads\/2024\/09\/querencia-ACO-2728_24-STP.pdf\">Ac\u00f3rd\u00e3o n\u00b0 2728\/24<\/a>, conforme as manifesta\u00e7\u00f5es uniformes da CGM e MPC-PR, <strong>os Membros do Tribunal Pleno acompanharam o voto do Relator, pela resposta \u00e0 Consulta nos seguintes termos<\/strong>:<\/span><span data-ccp-props=\"{&quot;134233117&quot;:false,&quot;134233118&quot;:false,&quot;201341983&quot;:0,&quot;335551550&quot;:6,&quot;335551620&quot;:6,&quot;335559685&quot;:0,&quot;335559737&quot;:0,&quot;335559738&quot;:0,&quot;335559739&quot;:160,&quot;335559740&quot;:360}\">\u00a0<\/span><\/p>\n<p><b><span data-contrast=\"auto\">a)<\/span><\/b><span data-contrast=\"auto\"> \u00c9 poss\u00edvel ser concedido avan\u00e7o e\/ou progress\u00e3o funcional a servidor inativo ou pensionista abrangido pelo instituto da paridade, que n\u00e3o teve seu direito reconhecido antes da aposentadoria?<\/span><\/p>\n<p><b><span data-contrast=\"auto\">b)<\/span><\/b><span data-contrast=\"auto\"> \u00c9 poss\u00edvel ser concedido avan\u00e7o e\/ou progress\u00e3o funcional a servidor inativo ou pensionista abrangido pelo instituto da paridade, que obteve t\u00edtulos (progress\u00e3o vertical), ap\u00f3s a concess\u00e3o do benef\u00edcio previdenci\u00e1rio?\u00a0<\/span><\/p>\n<p><b><span data-contrast=\"auto\">Resposta conjunta \u00e0s quest\u00f5es \u201ca\u201d e \u201cb\u201d:<\/span><\/b><span data-contrast=\"auto\"> O direito \u00e0 paridade n\u00e3o assegura ao servidor inativo ou pensionista avan\u00e7o e\/ou progress\u00e3o funcional, somente sendo poss\u00edvel a concess\u00e3o de progress\u00e3o funcional ao servidor que preencheu os requisitos anteriormente \u00e0 inativa\u00e7\u00e3o ou falecimento, e cujo reconhecimento foi posterior, por via administrativa ou judicial.<\/span><span data-ccp-props=\"{&quot;134233117&quot;:false,&quot;134233118&quot;:false,&quot;201341983&quot;:0,&quot;335551550&quot;:6,&quot;335551620&quot;:6,&quot;335559685&quot;:708,&quot;335559731&quot;:708,&quot;335559737&quot;:0,&quot;335559738&quot;:0,&quot;335559739&quot;:160,&quot;335559740&quot;:360}\">\u00a0<\/span><\/p>\n<p><b><span data-contrast=\"auto\">c) <\/span><\/b><span data-contrast=\"auto\">Em sendo afirmativo quanto \u00e0 possibilidade dos quesitos constantes dos itens \u201ca\u201d e \u201cb\u201d acima, tal previs\u00e3o est\u00e1 de acordo com o disposto no art. 7\u00ba da EC 41\/2003?\u00a0<\/span><\/p>\n<p><b><span data-contrast=\"auto\">Resposta: <\/span><\/b><span data-contrast=\"auto\">Quest\u00e3o prejudicada pela resposta anterior.<\/span><span data-ccp-props=\"{&quot;134233117&quot;:false,&quot;134233118&quot;:false,&quot;201341983&quot;:0,&quot;335551550&quot;:6,&quot;335551620&quot;:6,&quot;335559685&quot;:708,&quot;335559731&quot;:708,&quot;335559737&quot;:0,&quot;335559738&quot;:0,&quot;335559739&quot;:160,&quot;335559740&quot;:360}\">\u00a0<\/span><\/p>\n<p><b><span data-contrast=\"auto\">d) <\/span><\/b><span data-contrast=\"auto\">A concess\u00e3o de avan\u00e7o e\/ou progress\u00e3o funcional de servidor inativo ou pensionista abrangido pelo instituto da paridade, ap\u00f3s a concess\u00e3o do benef\u00edcio previdenci\u00e1rio fere o princ\u00edpio da contributividade previsto no art. 40 da Constitui\u00e7\u00e3o Federal, j\u00e1 que n\u00e3o houve contribui\u00e7\u00e3o sobre a mesma quando em atividade?\u00a0<\/span><\/p>\n<p><b><span data-contrast=\"auto\">e)<\/span><\/b><span data-contrast=\"auto\"> A concess\u00e3o de avan\u00e7o e\/ou progress\u00e3o funcional a servidor inativo ou pensionista abrangido pelo instituto da paridade, ap\u00f3s a concess\u00e3o de benef\u00edcio previdenci\u00e1rio fere os princ\u00edpios do equil\u00edbrio financeiro e atuarial do regime previdenci\u00e1rio previstos no art. 40 da Constitui\u00e7\u00e3o Federal, j\u00e1 que n\u00e3o houve contribui\u00e7\u00e3o sobre a mesma quando em atividade?<\/span><\/p>\n<p><b><span data-contrast=\"auto\">Resposta conjunta \u00e0s quest\u00f5es \u201cd\u201d e \u201ce\u201d:<\/span><\/b><span data-contrast=\"auto\"> Na hip\u00f3tese de reconhecimento posterior de direito \u00e0 progress\u00e3o cujos requisitos foram preenchidos quando em atividade, deve haver o recolhimento das respectivas contribui\u00e7\u00f5es previdenci\u00e1rias incidentes sobre o valor do avan\u00e7o\/progress\u00e3o incorporado na inatividade, sob pena de manifesta viola\u00e7\u00e3o aos princ\u00edpios da contributividade e do equil\u00edbrio financeiro e atuarial.<\/span><span data-ccp-props=\"{&quot;134233117&quot;:false,&quot;134233118&quot;:false,&quot;201341983&quot;:0,&quot;335551550&quot;:6,&quot;335551620&quot;:6,&quot;335559685&quot;:708,&quot;335559731&quot;:708,&quot;335559737&quot;:0,&quot;335559738&quot;:0,&quot;335559739&quot;:160,&quot;335559740&quot;:360}\">\u00a0<\/span><\/p>\n<p>&nbsp;<\/p>\n<blockquote><p><span style=\"color: #820007;\"><strong><u>Informa\u00e7\u00e3o para consulta processual<\/u><\/strong><\/span><\/p>\n<table style=\"height: 183px;\" border=\"0\" width=\"478\" cellspacing=\"0\" cellpadding=\"0\">\n<tbody>\n<tr>\n<td><strong>Processo n\u00ba<\/strong>:<\/td>\n<td>488557\/23<\/td>\n<\/tr>\n<tr>\n<td><strong>Ac\u00f3rd\u00e3o n\u00ba<\/strong>:<\/td>\n<td><span class=\"NormalTextRun SCXW188288879 BCX0\">Ac\u00f3rd\u00e3o\u00a0 n\u00ba 2728\/24 &#8211; Tribunal Pleno<\/span><\/td>\n<\/tr>\n<tr>\n<td><strong>Assunto<\/strong>:<\/td>\n<td>Consulta<\/td>\n<\/tr>\n<tr>\n<td><strong>Entidade<\/strong>:<\/td>\n<td>Munic\u00edpio de Quer\u00eancia do Norte<\/td>\n<\/tr>\n<tr>\n<td><strong>Relator<\/strong>:<\/td>\n<td><span class=\"TextRun SCXW72281638 BCX0\" lang=\"PT-BR\" xml:lang=\"PT-BR\" data-contrast=\"auto\"><span class=\"NormalTextRun SCXW72281638 BCX0\"><span class=\"TextRun SCXW49990095 BCX0\" lang=\"PT-BR\" xml:lang=\"PT-BR\" data-contrast=\"auto\"><span class=\"NormalTextRun SCXW49990095 BCX0\"><span data-contrast=\"auto\"><span class=\"TextRun SCXW215723900 BCX0\" lang=\"PT-BR\" xml:lang=\"PT-BR\" data-contrast=\"auto\"><span class=\"NormalTextRun SCXW215723900 BCX0\">Conselheiro Ivens Zschoerper Linhares<\/span><\/span><\/span><\/span><\/span><\/span><\/span><\/td>\n<\/tr>\n<\/tbody>\n<\/table>\n<\/blockquote>\n","protected":false},"excerpt":{"rendered":"<p>O direito \u00e0 paridade n\u00e3o assegura ao servidor inativo ou pensionista o avan\u00e7o e\/ou progress\u00e3o funcional, somente sendo poss\u00edvel a concess\u00e3o de progress\u00e3o funcional ao servidor que preencheu os requisitos anteriormente \u00e0 inativa\u00e7\u00e3o ou falecimento, e cujo reconhecimento foi posterior, por via administrativa ou judicial.\u00a0 No caso dessa hip\u00f3tese, do reconhecimento posterior de direito \u00e0 [&hellip;]<\/p>\n","protected":false},"author":1,"featured_media":21545,"comment_status":"open","ping_status":"open","sticky":false,"template":"","format":"standard","meta":{"_monsterinsights_skip_tracking":false,"_monsterinsights_sitenote_active":false,"_monsterinsights_sitenote_note":"","_monsterinsights_sitenote_category":0,"footnotes":""},"categories":[7],"tags":[197,13,538,629,506,39],"class_list":["post-21543","post","type-post","status-publish","format-standard","has-post-thumbnail","hentry","category-todas-as-noticias","tag-consulta","tag-mpc-pr","tag-pleno","tag-querencia-do-norte","tag-regras-de-aposentadoria","tag-tce-pr","entry","has-media"],"yoast_head":"<!-- This site is optimized with the Yoast SEO plugin v27.3 - https:\/\/yoast.com\/product\/yoast-seo-wordpress\/ -->\n<title>Consulta esclarece sobre a possibilidade de concess\u00e3o de progress\u00e3o funcional \u00e0 servidores inativos - Minist\u00e9rio P\u00fablico de Contas do Estado do Paran\u00e1<\/title>\n<meta name=\"robots\" content=\"index, follow, max-snippet:-1, max-image-preview:large, max-video-preview:-1\" \/>\n<link rel=\"canonical\" href=\"https:\/\/www.mpc.pr.gov.br\/index.php\/consulta-esclarece-sobre-a-possibilidade-de-concessao-de-progressao-funcional-a-servidores-inativos\/\" \/>\n<meta property=\"og:locale\" content=\"pt_BR\" \/>\n<meta property=\"og:type\" content=\"article\" \/>\n<meta property=\"og:title\" content=\"Consulta esclarece sobre a possibilidade de concess\u00e3o de progress\u00e3o funcional \u00e0 servidores inativos - Minist\u00e9rio P\u00fablico de Contas do Estado do Paran\u00e1\" \/>\n<meta property=\"og:description\" content=\"O direito \u00e0 paridade n\u00e3o assegura ao servidor inativo ou pensionista o avan\u00e7o e\/ou progress\u00e3o funcional, somente sendo poss\u00edvel a concess\u00e3o de progress\u00e3o funcional ao servidor que preencheu os requisitos anteriormente \u00e0 inativa\u00e7\u00e3o ou falecimento, e cujo reconhecimento foi posterior, por via administrativa ou judicial.\u00a0 No caso dessa hip\u00f3tese, do reconhecimento posterior de direito \u00e0 [&hellip;]\" \/>\n<meta property=\"og:url\" content=\"https:\/\/www.mpc.pr.gov.br\/index.php\/consulta-esclarece-sobre-a-possibilidade-de-concessao-de-progressao-funcional-a-servidores-inativos\/\" \/>\n<meta property=\"og:site_name\" content=\"Minist\u00e9rio P\u00fablico de Contas do Estado do Paran\u00e1\" \/>\n<meta property=\"article:publisher\" content=\"https:\/\/www.facebook.com\/mpc.pr\" \/>\n<meta property=\"article:published_time\" content=\"2024-09-24T12:57:40+00:00\" \/>\n<meta property=\"article:modified_time\" content=\"2024-10-08T13:29:30+00:00\" \/>\n<meta property=\"og:image\" content=\"https:\/\/www.mpc.pr.gov.br\/wp-content\/uploads\/2024\/09\/querencia-do-norte.jpg\" \/>\n\t<meta property=\"og:image:width\" content=\"1200\" \/>\n\t<meta property=\"og:image:height\" content=\"800\" \/>\n\t<meta property=\"og:image:type\" content=\"image\/jpeg\" \/>\n<meta name=\"author\" content=\"mpcontaspr\" \/>\n<meta name=\"twitter:card\" content=\"summary_large_image\" \/>\n<meta name=\"twitter:label1\" content=\"Escrito por\" \/>\n\t<meta name=\"twitter:data1\" content=\"mpcontaspr\" \/>\n\t<meta name=\"twitter:label2\" content=\"Est. tempo de leitura\" \/>\n\t<meta name=\"twitter:data2\" content=\"8 minutos\" \/>\n<script type=\"application\/ld+json\" class=\"yoast-schema-graph\">{\"@context\":\"https:\\\/\\\/schema.org\",\"@graph\":[{\"@type\":\"Article\",\"@id\":\"https:\\\/\\\/www.mpc.pr.gov.br\\\/index.php\\\/consulta-esclarece-sobre-a-possibilidade-de-concessao-de-progressao-funcional-a-servidores-inativos\\\/#article\",\"isPartOf\":{\"@id\":\"https:\\\/\\\/www.mpc.pr.gov.br\\\/index.php\\\/consulta-esclarece-sobre-a-possibilidade-de-concessao-de-progressao-funcional-a-servidores-inativos\\\/\"},\"author\":{\"name\":\"mpcontaspr\",\"@id\":\"https:\\\/\\\/www.mpc.pr.gov.br\\\/#\\\/schema\\\/person\\\/2d83cb8980538d0ec174e8a6284f5e11\"},\"headline\":\"Consulta esclarece sobre a possibilidade de concess\u00e3o de progress\u00e3o funcional \u00e0 servidores inativos\",\"datePublished\":\"2024-09-24T12:57:40+00:00\",\"dateModified\":\"2024-10-08T13:29:30+00:00\",\"mainEntityOfPage\":{\"@id\":\"https:\\\/\\\/www.mpc.pr.gov.br\\\/index.php\\\/consulta-esclarece-sobre-a-possibilidade-de-concessao-de-progressao-funcional-a-servidores-inativos\\\/\"},\"wordCount\":1471,\"commentCount\":0,\"publisher\":{\"@id\":\"https:\\\/\\\/www.mpc.pr.gov.br\\\/#organization\"},\"image\":{\"@id\":\"https:\\\/\\\/www.mpc.pr.gov.br\\\/index.php\\\/consulta-esclarece-sobre-a-possibilidade-de-concessao-de-progressao-funcional-a-servidores-inativos\\\/#primaryimage\"},\"thumbnailUrl\":\"https:\\\/\\\/www.mpc.pr.gov.br\\\/wp-content\\\/uploads\\\/2024\\\/09\\\/querencia-do-norte.jpg\",\"keywords\":[\"Consulta\",\"MPC-PR\",\"Pleno\",\"Quer\u00eancia do Norte\",\"Regras de Aposentadoria\",\"TCE-PR\"],\"articleSection\":[\"Todas as not\u00edcias\"],\"inLanguage\":\"pt-BR\",\"potentialAction\":[{\"@type\":\"CommentAction\",\"name\":\"Comment\",\"target\":[\"https:\\\/\\\/www.mpc.pr.gov.br\\\/index.php\\\/consulta-esclarece-sobre-a-possibilidade-de-concessao-de-progressao-funcional-a-servidores-inativos\\\/#respond\"]}]},{\"@type\":\"WebPage\",\"@id\":\"https:\\\/\\\/www.mpc.pr.gov.br\\\/index.php\\\/consulta-esclarece-sobre-a-possibilidade-de-concessao-de-progressao-funcional-a-servidores-inativos\\\/\",\"url\":\"https:\\\/\\\/www.mpc.pr.gov.br\\\/index.php\\\/consulta-esclarece-sobre-a-possibilidade-de-concessao-de-progressao-funcional-a-servidores-inativos\\\/\",\"name\":\"Consulta esclarece sobre a possibilidade de concess\u00e3o de progress\u00e3o funcional \u00e0 servidores inativos - Minist\u00e9rio P\u00fablico de Contas do Estado do Paran\u00e1\",\"isPartOf\":{\"@id\":\"https:\\\/\\\/www.mpc.pr.gov.br\\\/#website\"},\"primaryImageOfPage\":{\"@id\":\"https:\\\/\\\/www.mpc.pr.gov.br\\\/index.php\\\/consulta-esclarece-sobre-a-possibilidade-de-concessao-de-progressao-funcional-a-servidores-inativos\\\/#primaryimage\"},\"image\":{\"@id\":\"https:\\\/\\\/www.mpc.pr.gov.br\\\/index.php\\\/consulta-esclarece-sobre-a-possibilidade-de-concessao-de-progressao-funcional-a-servidores-inativos\\\/#primaryimage\"},\"thumbnailUrl\":\"https:\\\/\\\/www.mpc.pr.gov.br\\\/wp-content\\\/uploads\\\/2024\\\/09\\\/querencia-do-norte.jpg\",\"datePublished\":\"2024-09-24T12:57:40+00:00\",\"dateModified\":\"2024-10-08T13:29:30+00:00\",\"breadcrumb\":{\"@id\":\"https:\\\/\\\/www.mpc.pr.gov.br\\\/index.php\\\/consulta-esclarece-sobre-a-possibilidade-de-concessao-de-progressao-funcional-a-servidores-inativos\\\/#breadcrumb\"},\"inLanguage\":\"pt-BR\",\"potentialAction\":[{\"@type\":\"ReadAction\",\"target\":[\"https:\\\/\\\/www.mpc.pr.gov.br\\\/index.php\\\/consulta-esclarece-sobre-a-possibilidade-de-concessao-de-progressao-funcional-a-servidores-inativos\\\/\"]}]},{\"@type\":\"ImageObject\",\"inLanguage\":\"pt-BR\",\"@id\":\"https:\\\/\\\/www.mpc.pr.gov.br\\\/index.php\\\/consulta-esclarece-sobre-a-possibilidade-de-concessao-de-progressao-funcional-a-servidores-inativos\\\/#primaryimage\",\"url\":\"https:\\\/\\\/www.mpc.pr.gov.br\\\/wp-content\\\/uploads\\\/2024\\\/09\\\/querencia-do-norte.jpg\",\"contentUrl\":\"https:\\\/\\\/www.mpc.pr.gov.br\\\/wp-content\\\/uploads\\\/2024\\\/09\\\/querencia-do-norte.jpg\",\"width\":1200,\"height\":800,\"caption\":\"Portal do Cristo Redentor, localizado na Rodovia Jorge Baggio, no Munic\u00edpio de Quer\u00eancia do Norte, regi\u00e3o Noroeste do Estado do Paran\u00e1. Foto: divulga\u00e7\u00e3o.\"},{\"@type\":\"BreadcrumbList\",\"@id\":\"https:\\\/\\\/www.mpc.pr.gov.br\\\/index.php\\\/consulta-esclarece-sobre-a-possibilidade-de-concessao-de-progressao-funcional-a-servidores-inativos\\\/#breadcrumb\",\"itemListElement\":[{\"@type\":\"ListItem\",\"position\":1,\"name\":\"In\u00edcio\",\"item\":\"https:\\\/\\\/www.mpc.pr.gov.br\\\/\"},{\"@type\":\"ListItem\",\"position\":2,\"name\":\"Consulta esclarece sobre a possibilidade de concess\u00e3o de progress\u00e3o funcional \u00e0 servidores inativos\"}]},{\"@type\":\"WebSite\",\"@id\":\"https:\\\/\\\/www.mpc.pr.gov.br\\\/#website\",\"url\":\"https:\\\/\\\/www.mpc.pr.gov.br\\\/\",\"name\":\"Minist\u00e9rio P\u00fablico de Contas do Estado do Paran\u00e1\",\"description\":\"\",\"publisher\":{\"@id\":\"https:\\\/\\\/www.mpc.pr.gov.br\\\/#organization\"},\"potentialAction\":[{\"@type\":\"SearchAction\",\"target\":{\"@type\":\"EntryPoint\",\"urlTemplate\":\"https:\\\/\\\/www.mpc.pr.gov.br\\\/?s={search_term_string}\"},\"query-input\":{\"@type\":\"PropertyValueSpecification\",\"valueRequired\":true,\"valueName\":\"search_term_string\"}}],\"inLanguage\":\"pt-BR\"},{\"@type\":\"Organization\",\"@id\":\"https:\\\/\\\/www.mpc.pr.gov.br\\\/#organization\",\"name\":\"Minist\u00e9rio P\u00fablico de Contas do Estado do Paran\u00e1\",\"url\":\"https:\\\/\\\/www.mpc.pr.gov.br\\\/\",\"logo\":{\"@type\":\"ImageObject\",\"inLanguage\":\"pt-BR\",\"@id\":\"https:\\\/\\\/www.mpc.pr.gov.br\\\/#\\\/schema\\\/logo\\\/image\\\/\",\"url\":\"https:\\\/\\\/www.mpc.pr.gov.br\\\/wp-content\\\/uploads\\\/2020\\\/06\\\/99423647_1593460364143890_6706793420720963584_n-1-e1591387983167.png\",\"contentUrl\":\"https:\\\/\\\/www.mpc.pr.gov.br\\\/wp-content\\\/uploads\\\/2020\\\/06\\\/99423647_1593460364143890_6706793420720963584_n-1-e1591387983167.png\",\"width\":243,\"height\":73,\"caption\":\"Minist\u00e9rio P\u00fablico de Contas do Estado do Paran\u00e1\"},\"image\":{\"@id\":\"https:\\\/\\\/www.mpc.pr.gov.br\\\/#\\\/schema\\\/logo\\\/image\\\/\"},\"sameAs\":[\"https:\\\/\\\/www.facebook.com\\\/mpc.pr\",\"https:\\\/\\\/www.instagram.com\\\/mpc.pr\\\/?hl=pt-br\",\"https:\\\/\\\/www.youtube.com\\\/channel\\\/UCHri5oEM8DV0ztX57E0sBSw\"]},{\"@type\":\"Person\",\"@id\":\"https:\\\/\\\/www.mpc.pr.gov.br\\\/#\\\/schema\\\/person\\\/2d83cb8980538d0ec174e8a6284f5e11\",\"name\":\"mpcontaspr\",\"image\":{\"@type\":\"ImageObject\",\"inLanguage\":\"pt-BR\",\"@id\":\"https:\\\/\\\/secure.gravatar.com\\\/avatar\\\/1aef51541db7622e05fd639336c9c9f312c2a618396e2b6ca96846362fc5403f?s=96&d=mm&r=g\",\"url\":\"https:\\\/\\\/secure.gravatar.com\\\/avatar\\\/1aef51541db7622e05fd639336c9c9f312c2a618396e2b6ca96846362fc5403f?s=96&d=mm&r=g\",\"contentUrl\":\"https:\\\/\\\/secure.gravatar.com\\\/avatar\\\/1aef51541db7622e05fd639336c9c9f312c2a618396e2b6ca96846362fc5403f?s=96&d=mm&r=g\",\"caption\":\"mpcontaspr\"},\"sameAs\":[\"http:\\\/\\\/www.mpc.pr.gov.br\"]}]}<\/script>\n<!-- \/ Yoast SEO plugin. -->","yoast_head_json":{"title":"Consulta esclarece sobre a possibilidade de concess\u00e3o de progress\u00e3o funcional \u00e0 servidores inativos - Minist\u00e9rio P\u00fablico de Contas do Estado do Paran\u00e1","robots":{"index":"index","follow":"follow","max-snippet":"max-snippet:-1","max-image-preview":"max-image-preview:large","max-video-preview":"max-video-preview:-1"},"canonical":"https:\/\/www.mpc.pr.gov.br\/index.php\/consulta-esclarece-sobre-a-possibilidade-de-concessao-de-progressao-funcional-a-servidores-inativos\/","og_locale":"pt_BR","og_type":"article","og_title":"Consulta esclarece sobre a possibilidade de concess\u00e3o de progress\u00e3o funcional \u00e0 servidores inativos - Minist\u00e9rio P\u00fablico de Contas do Estado do Paran\u00e1","og_description":"O direito \u00e0 paridade n\u00e3o assegura ao servidor inativo ou pensionista o avan\u00e7o e\/ou progress\u00e3o funcional, somente sendo poss\u00edvel a concess\u00e3o de progress\u00e3o funcional ao servidor que preencheu os requisitos anteriormente \u00e0 inativa\u00e7\u00e3o ou falecimento, e cujo reconhecimento foi posterior, por via administrativa ou judicial.\u00a0 No caso dessa hip\u00f3tese, do reconhecimento posterior de direito \u00e0 [&hellip;]","og_url":"https:\/\/www.mpc.pr.gov.br\/index.php\/consulta-esclarece-sobre-a-possibilidade-de-concessao-de-progressao-funcional-a-servidores-inativos\/","og_site_name":"Minist\u00e9rio P\u00fablico de Contas do Estado do Paran\u00e1","article_publisher":"https:\/\/www.facebook.com\/mpc.pr","article_published_time":"2024-09-24T12:57:40+00:00","article_modified_time":"2024-10-08T13:29:30+00:00","og_image":[{"width":1200,"height":800,"url":"https:\/\/www.mpc.pr.gov.br\/wp-content\/uploads\/2024\/09\/querencia-do-norte.jpg","type":"image\/jpeg"}],"author":"mpcontaspr","twitter_card":"summary_large_image","twitter_misc":{"Escrito por":"mpcontaspr","Est. tempo de leitura":"8 minutos"},"schema":{"@context":"https:\/\/schema.org","@graph":[{"@type":"Article","@id":"https:\/\/www.mpc.pr.gov.br\/index.php\/consulta-esclarece-sobre-a-possibilidade-de-concessao-de-progressao-funcional-a-servidores-inativos\/#article","isPartOf":{"@id":"https:\/\/www.mpc.pr.gov.br\/index.php\/consulta-esclarece-sobre-a-possibilidade-de-concessao-de-progressao-funcional-a-servidores-inativos\/"},"author":{"name":"mpcontaspr","@id":"https:\/\/www.mpc.pr.gov.br\/#\/schema\/person\/2d83cb8980538d0ec174e8a6284f5e11"},"headline":"Consulta esclarece sobre a possibilidade de concess\u00e3o de progress\u00e3o funcional \u00e0 servidores inativos","datePublished":"2024-09-24T12:57:40+00:00","dateModified":"2024-10-08T13:29:30+00:00","mainEntityOfPage":{"@id":"https:\/\/www.mpc.pr.gov.br\/index.php\/consulta-esclarece-sobre-a-possibilidade-de-concessao-de-progressao-funcional-a-servidores-inativos\/"},"wordCount":1471,"commentCount":0,"publisher":{"@id":"https:\/\/www.mpc.pr.gov.br\/#organization"},"image":{"@id":"https:\/\/www.mpc.pr.gov.br\/index.php\/consulta-esclarece-sobre-a-possibilidade-de-concessao-de-progressao-funcional-a-servidores-inativos\/#primaryimage"},"thumbnailUrl":"https:\/\/www.mpc.pr.gov.br\/wp-content\/uploads\/2024\/09\/querencia-do-norte.jpg","keywords":["Consulta","MPC-PR","Pleno","Quer\u00eancia do Norte","Regras de Aposentadoria","TCE-PR"],"articleSection":["Todas as not\u00edcias"],"inLanguage":"pt-BR","potentialAction":[{"@type":"CommentAction","name":"Comment","target":["https:\/\/www.mpc.pr.gov.br\/index.php\/consulta-esclarece-sobre-a-possibilidade-de-concessao-de-progressao-funcional-a-servidores-inativos\/#respond"]}]},{"@type":"WebPage","@id":"https:\/\/www.mpc.pr.gov.br\/index.php\/consulta-esclarece-sobre-a-possibilidade-de-concessao-de-progressao-funcional-a-servidores-inativos\/","url":"https:\/\/www.mpc.pr.gov.br\/index.php\/consulta-esclarece-sobre-a-possibilidade-de-concessao-de-progressao-funcional-a-servidores-inativos\/","name":"Consulta esclarece sobre a possibilidade de concess\u00e3o de progress\u00e3o funcional \u00e0 servidores inativos - Minist\u00e9rio P\u00fablico de Contas do Estado do Paran\u00e1","isPartOf":{"@id":"https:\/\/www.mpc.pr.gov.br\/#website"},"primaryImageOfPage":{"@id":"https:\/\/www.mpc.pr.gov.br\/index.php\/consulta-esclarece-sobre-a-possibilidade-de-concessao-de-progressao-funcional-a-servidores-inativos\/#primaryimage"},"image":{"@id":"https:\/\/www.mpc.pr.gov.br\/index.php\/consulta-esclarece-sobre-a-possibilidade-de-concessao-de-progressao-funcional-a-servidores-inativos\/#primaryimage"},"thumbnailUrl":"https:\/\/www.mpc.pr.gov.br\/wp-content\/uploads\/2024\/09\/querencia-do-norte.jpg","datePublished":"2024-09-24T12:57:40+00:00","dateModified":"2024-10-08T13:29:30+00:00","breadcrumb":{"@id":"https:\/\/www.mpc.pr.gov.br\/index.php\/consulta-esclarece-sobre-a-possibilidade-de-concessao-de-progressao-funcional-a-servidores-inativos\/#breadcrumb"},"inLanguage":"pt-BR","potentialAction":[{"@type":"ReadAction","target":["https:\/\/www.mpc.pr.gov.br\/index.php\/consulta-esclarece-sobre-a-possibilidade-de-concessao-de-progressao-funcional-a-servidores-inativos\/"]}]},{"@type":"ImageObject","inLanguage":"pt-BR","@id":"https:\/\/www.mpc.pr.gov.br\/index.php\/consulta-esclarece-sobre-a-possibilidade-de-concessao-de-progressao-funcional-a-servidores-inativos\/#primaryimage","url":"https:\/\/www.mpc.pr.gov.br\/wp-content\/uploads\/2024\/09\/querencia-do-norte.jpg","contentUrl":"https:\/\/www.mpc.pr.gov.br\/wp-content\/uploads\/2024\/09\/querencia-do-norte.jpg","width":1200,"height":800,"caption":"Portal do Cristo Redentor, localizado na Rodovia Jorge Baggio, no Munic\u00edpio de Quer\u00eancia do Norte, regi\u00e3o Noroeste do Estado do Paran\u00e1. Foto: divulga\u00e7\u00e3o."},{"@type":"BreadcrumbList","@id":"https:\/\/www.mpc.pr.gov.br\/index.php\/consulta-esclarece-sobre-a-possibilidade-de-concessao-de-progressao-funcional-a-servidores-inativos\/#breadcrumb","itemListElement":[{"@type":"ListItem","position":1,"name":"In\u00edcio","item":"https:\/\/www.mpc.pr.gov.br\/"},{"@type":"ListItem","position":2,"name":"Consulta esclarece sobre a possibilidade de concess\u00e3o de progress\u00e3o funcional \u00e0 servidores inativos"}]},{"@type":"WebSite","@id":"https:\/\/www.mpc.pr.gov.br\/#website","url":"https:\/\/www.mpc.pr.gov.br\/","name":"Minist\u00e9rio P\u00fablico de Contas do Estado do Paran\u00e1","description":"","publisher":{"@id":"https:\/\/www.mpc.pr.gov.br\/#organization"},"potentialAction":[{"@type":"SearchAction","target":{"@type":"EntryPoint","urlTemplate":"https:\/\/www.mpc.pr.gov.br\/?s={search_term_string}"},"query-input":{"@type":"PropertyValueSpecification","valueRequired":true,"valueName":"search_term_string"}}],"inLanguage":"pt-BR"},{"@type":"Organization","@id":"https:\/\/www.mpc.pr.gov.br\/#organization","name":"Minist\u00e9rio P\u00fablico de Contas do Estado do Paran\u00e1","url":"https:\/\/www.mpc.pr.gov.br\/","logo":{"@type":"ImageObject","inLanguage":"pt-BR","@id":"https:\/\/www.mpc.pr.gov.br\/#\/schema\/logo\/image\/","url":"https:\/\/www.mpc.pr.gov.br\/wp-content\/uploads\/2020\/06\/99423647_1593460364143890_6706793420720963584_n-1-e1591387983167.png","contentUrl":"https:\/\/www.mpc.pr.gov.br\/wp-content\/uploads\/2020\/06\/99423647_1593460364143890_6706793420720963584_n-1-e1591387983167.png","width":243,"height":73,"caption":"Minist\u00e9rio P\u00fablico de Contas do Estado do Paran\u00e1"},"image":{"@id":"https:\/\/www.mpc.pr.gov.br\/#\/schema\/logo\/image\/"},"sameAs":["https:\/\/www.facebook.com\/mpc.pr","https:\/\/www.instagram.com\/mpc.pr\/?hl=pt-br","https:\/\/www.youtube.com\/channel\/UCHri5oEM8DV0ztX57E0sBSw"]},{"@type":"Person","@id":"https:\/\/www.mpc.pr.gov.br\/#\/schema\/person\/2d83cb8980538d0ec174e8a6284f5e11","name":"mpcontaspr","image":{"@type":"ImageObject","inLanguage":"pt-BR","@id":"https:\/\/secure.gravatar.com\/avatar\/1aef51541db7622e05fd639336c9c9f312c2a618396e2b6ca96846362fc5403f?s=96&d=mm&r=g","url":"https:\/\/secure.gravatar.com\/avatar\/1aef51541db7622e05fd639336c9c9f312c2a618396e2b6ca96846362fc5403f?s=96&d=mm&r=g","contentUrl":"https:\/\/secure.gravatar.com\/avatar\/1aef51541db7622e05fd639336c9c9f312c2a618396e2b6ca96846362fc5403f?s=96&d=mm&r=g","caption":"mpcontaspr"},"sameAs":["http:\/\/www.mpc.pr.gov.br"]}]}},"rttpg_featured_image_url":{"full":["https:\/\/www.mpc.pr.gov.br\/wp-content\/uploads\/2024\/09\/querencia-do-norte.jpg",1200,800,false],"landscape":["https:\/\/www.mpc.pr.gov.br\/wp-content\/uploads\/2024\/09\/querencia-do-norte.jpg",1200,800,false],"portraits":["https:\/\/www.mpc.pr.gov.br\/wp-content\/uploads\/2024\/09\/querencia-do-norte.jpg",1200,800,false],"thumbnail":["https:\/\/www.mpc.pr.gov.br\/wp-content\/uploads\/2024\/09\/querencia-do-norte-150x150.jpg",150,150,true],"medium":["https:\/\/www.mpc.pr.gov.br\/wp-content\/uploads\/2024\/09\/querencia-do-norte-300x200.jpg",300,200,true],"large":["https:\/\/www.mpc.pr.gov.br\/wp-content\/uploads\/2024\/09\/querencia-do-norte-1024x683.jpg",1024,683,true],"1536x1536":["https:\/\/www.mpc.pr.gov.br\/wp-content\/uploads\/2024\/09\/querencia-do-norte.jpg",1200,800,false],"2048x2048":["https:\/\/www.mpc.pr.gov.br\/wp-content\/uploads\/2024\/09\/querencia-do-norte.jpg",1200,800,false],"ocean-thumb-m":["https:\/\/www.mpc.pr.gov.br\/wp-content\/uploads\/2024\/09\/querencia-do-norte-600x600.jpg",600,600,true],"ocean-thumb-ml":["https:\/\/www.mpc.pr.gov.br\/wp-content\/uploads\/2024\/09\/querencia-do-norte-800x450.jpg",800,450,true],"ocean-thumb-l":["https:\/\/www.mpc.pr.gov.br\/wp-content\/uploads\/2024\/09\/querencia-do-norte-1200x700.jpg",1200,700,true]},"rttpg_author":{"display_name":"mpcontaspr","author_link":"https:\/\/www.mpc.pr.gov.br\/index.php\/author\/mpcontaspr\/"},"rttpg_comment":0,"rttpg_category":"<a href=\"https:\/\/www.mpc.pr.gov.br\/index.php\/category\/todas-as-noticias\/\" rel=\"category tag\">Todas as not\u00edcias<\/a>","rttpg_excerpt":"O direito \u00e0 paridade n\u00e3o assegura ao servidor inativo ou pensionista o avan\u00e7o e\/ou progress\u00e3o funcional, somente sendo poss\u00edvel a concess\u00e3o de progress\u00e3o funcional ao servidor que preencheu os requisitos anteriormente \u00e0 inativa\u00e7\u00e3o ou falecimento, e cujo reconhecimento foi posterior, por via administrativa ou judicial.\u00a0 No caso dessa hip\u00f3tese, do reconhecimento posterior de direito \u00e0&hellip;","_links":{"self":[{"href":"https:\/\/www.mpc.pr.gov.br\/index.php\/wp-json\/wp\/v2\/posts\/21543","targetHints":{"allow":["GET"]}}],"collection":[{"href":"https:\/\/www.mpc.pr.gov.br\/index.php\/wp-json\/wp\/v2\/posts"}],"about":[{"href":"https:\/\/www.mpc.pr.gov.br\/index.php\/wp-json\/wp\/v2\/types\/post"}],"author":[{"embeddable":true,"href":"https:\/\/www.mpc.pr.gov.br\/index.php\/wp-json\/wp\/v2\/users\/1"}],"replies":[{"embeddable":true,"href":"https:\/\/www.mpc.pr.gov.br\/index.php\/wp-json\/wp\/v2\/comments?post=21543"}],"version-history":[{"count":2,"href":"https:\/\/www.mpc.pr.gov.br\/index.php\/wp-json\/wp\/v2\/posts\/21543\/revisions"}],"predecessor-version":[{"id":21549,"href":"https:\/\/www.mpc.pr.gov.br\/index.php\/wp-json\/wp\/v2\/posts\/21543\/revisions\/21549"}],"wp:featuredmedia":[{"embeddable":true,"href":"https:\/\/www.mpc.pr.gov.br\/index.php\/wp-json\/wp\/v2\/media\/21545"}],"wp:attachment":[{"href":"https:\/\/www.mpc.pr.gov.br\/index.php\/wp-json\/wp\/v2\/media?parent=21543"}],"wp:term":[{"taxonomy":"category","embeddable":true,"href":"https:\/\/www.mpc.pr.gov.br\/index.php\/wp-json\/wp\/v2\/categories?post=21543"},{"taxonomy":"post_tag","embeddable":true,"href":"https:\/\/www.mpc.pr.gov.br\/index.php\/wp-json\/wp\/v2\/tags?post=21543"}],"curies":[{"name":"wp","href":"https:\/\/api.w.org\/{rel}","templated":true}]}}