{"id":21760,"date":"2024-10-29T14:19:13","date_gmt":"2024-10-29T17:19:13","guid":{"rendered":"https:\/\/www.mpc.pr.gov.br\/?p=21760"},"modified":"2024-11-14T10:32:54","modified_gmt":"2024-11-14T13:32:54","slug":"mpc-pr-encaminha-recomendacao-administrativa-aos-399-municipios-do-parana-orientando-sobre-a-lei-orcamentaria-e-o-pagamento-de-precatorios","status":"publish","type":"post","link":"https:\/\/www.mpc.pr.gov.br\/index.php\/mpc-pr-encaminha-recomendacao-administrativa-aos-399-municipios-do-parana-orientando-sobre-a-lei-orcamentaria-e-o-pagamento-de-precatorios\/","title":{"rendered":"MPC-PR encaminha Recomenda\u00e7\u00e3o Administrativa aos 399 Munic\u00edpios do Paran\u00e1 orientando sobre a Lei Or\u00e7ament\u00e1ria e o pagamento de precat\u00f3rios"},"content":{"rendered":"<figure id=\"attachment_21761\" aria-describedby=\"caption-attachment-21761\" style=\"width: 300px\" class=\"wp-caption alignleft\"><img fetchpriority=\"high\" decoding=\"async\" class=\"size-medium wp-image-21761\" src=\"https:\/\/www.mpc.pr.gov.br\/wp-content\/uploads\/2024\/10\/imagem-ilustrativa-cartorio-300x234.png\" alt=\"\" width=\"300\" height=\"234\" srcset=\"https:\/\/www.mpc.pr.gov.br\/wp-content\/uploads\/2024\/10\/imagem-ilustrativa-cartorio-300x234.png 300w, https:\/\/www.mpc.pr.gov.br\/wp-content\/uploads\/2024\/10\/imagem-ilustrativa-cartorio.png 661w\" sizes=\"(max-width: 300px) 100vw, 300px\" \/><figcaption id=\"caption-attachment-21761\" class=\"wp-caption-text\">Imagem meramente ilustrativa<\/figcaption><\/figure>\n<p><span data-contrast=\"none\">O N\u00facleo de Apoio Estrat\u00e9gico (NAE), sob orienta\u00e7\u00e3o do Procurador-Geral do Minist\u00e9rio P\u00fablico de Contas do Paran\u00e1 (MPC-PR), emitiu a Recomenda\u00e7\u00e3o Administrativa n\u00ba 01\/2024 para todas as Prefeituras, C\u00e2maras e demais autoridades respons\u00e1veis pela gest\u00e3o de precat\u00f3rios dos <\/span><span data-contrast=\"none\">399<\/span><span data-contrast=\"none\"> Munic\u00edpios paranaenses. A iniciativa tem o objetivo de chamar a aten\u00e7\u00e3o dos gestores para que estejam atentos aos prazos e ao regime de pagamento de precat\u00f3rios, bem como as inclus\u00f5es que devem ser feitas no Projeto de Lei Or\u00e7ament\u00e1ria Anual (PLOA).<\/span><span data-ccp-props=\"{&quot;134233117&quot;:false,&quot;134233118&quot;:false,&quot;201341983&quot;:0,&quot;335551550&quot;:6,&quot;335551620&quot;:6,&quot;335559738&quot;:240,&quot;335559739&quot;:240,&quot;335559740&quot;:360}\">\u00a0<\/span><\/p>\n<h4><b><span data-contrast=\"none\">Precat\u00f3rios Municipais<\/span><\/b><span data-ccp-props=\"{&quot;134233117&quot;:false,&quot;134233118&quot;:false,&quot;201341983&quot;:0,&quot;335551550&quot;:6,&quot;335551620&quot;:6,&quot;335559738&quot;:240,&quot;335559739&quot;:240,&quot;335559740&quot;:360}\">\u00a0<\/span><\/h4>\n<p><span data-contrast=\"auto\">O envio dessas recomenda\u00e7\u00f5es \u00e9 o primeiro passo para o desenvolvimento futuro de um projeto de atua\u00e7\u00e3o especial conduzido pelo Minist\u00e9rio P\u00fablico de Contas, que ter\u00e1 como finalidade verificar s<\/span><span data-contrast=\"none\">e os Munic\u00edpios fizeram a correta inclus\u00e3o no or\u00e7amento municipal das verbas necess\u00e1rias ao pagamento dos precat\u00f3rios. Para tanto, o gestor p\u00fablico deve considerar o regime de pagamento, que autoriza que os entes federativos a destinarem percentuais m\u00ednimos de suas receitas correntes l\u00edquidas ao pagamento de precat\u00f3rios, bem como a Emenda Constitucional n\u00ba 109\/2021, que modificou o prazo final para a quita\u00e7\u00e3o integral, estendendo-o at\u00e9 o exerc\u00edcio de 2029.<\/span><span data-ccp-props=\"{&quot;134233117&quot;:false,&quot;134233118&quot;:false,&quot;201341983&quot;:0,&quot;335551550&quot;:6,&quot;335551620&quot;:6,&quot;335559738&quot;:240,&quot;335559739&quot;:240,&quot;335559740&quot;:360}\">\u00a0<\/span><\/p>\n<p><span data-contrast=\"none\">De maneira espec\u00edfica, o MPC-PR pretende: verificar se o munic\u00edpio possui controle quanto aos precat\u00f3rios apresentados para inclus\u00e3o no PLOA; orientar as C\u00e2maras Municipais quanto a obrigatoriedade da previs\u00e3o de verbas para precat\u00f3rios no PLOA; orientar os membros da Comiss\u00e3o de Or\u00e7amento e Finan\u00e7as ou cong\u00eanere nas C\u00e2maras Municipais quanto a necessidade de manifesta\u00e7\u00e3o expressa em seus pareceres a respeito do montante dispon\u00edvel para precat\u00f3rios; e verificar os pareceres expedidos pelas Comiss\u00f5es de Or\u00e7amento e Finan\u00e7as ou cong\u00eaneres nas C\u00e2maras Municipais quanto as verbas destinadas aos precat\u00f3rios.<\/span><span data-ccp-props=\"{&quot;134233117&quot;:false,&quot;134233118&quot;:false,&quot;201341983&quot;:0,&quot;335551550&quot;:6,&quot;335551620&quot;:6,&quot;335559738&quot;:240,&quot;335559739&quot;:240,&quot;335559740&quot;:360}\">\u00a0<\/span><\/p>\n<h4><b><span data-contrast=\"auto\">O papel das C\u00e2maras Municipais\u00a0<\/span><\/b><span data-ccp-props=\"{&quot;134233117&quot;:false,&quot;134233118&quot;:false,&quot;201341983&quot;:0,&quot;335551550&quot;:6,&quot;335551620&quot;:6,&quot;335559738&quot;:240,&quot;335559739&quot;:240,&quot;335559740&quot;:360}\">\u00a0<\/span><\/h4>\n<p><span data-contrast=\"none\">O contato direto com os Presidentes das C\u00e2maras e Membros das Comiss\u00f5es de Or\u00e7amento e Finan\u00e7as permite que haja um aumento da conscientiza\u00e7\u00e3o dos legisladores sobre a obrigatoriedade de incluir verbas destinadas exclusivamente ao pagamento de precat\u00f3rios no PLOA. Espera-se que essa conscientiza\u00e7\u00e3o minimize as lacunas no planejamento financeiro municipal, evitando problemas futuros de inadimpl\u00eancia.<\/span><span data-ccp-props=\"{&quot;134233117&quot;:false,&quot;134233118&quot;:false,&quot;201341983&quot;:0,&quot;335551550&quot;:6,&quot;335551620&quot;:6,&quot;335559738&quot;:240,&quot;335559739&quot;:240,&quot;335559740&quot;:360}\">\u00a0<\/span><\/p>\n<h4><b><span data-contrast=\"none\">Destina\u00e7\u00e3o\u00a0<\/span><\/b><span data-ccp-props=\"{&quot;134233117&quot;:false,&quot;134233118&quot;:false,&quot;201341983&quot;:0,&quot;335551550&quot;:6,&quot;335551620&quot;:6,&quot;335559738&quot;:240,&quot;335559739&quot;:240,&quot;335559740&quot;:360}\">\u00a0<\/span><\/h4>\n<p><span data-contrast=\"none\">As Recomenda\u00e7\u00f5es Administrativas foram encaminhadas via CACO (Canal de Comunica\u00e7\u00e3o) aos Prefeitos, Procuradores-Gerais, Controladores Internos, Presidentes das C\u00e2maras e membros das Comiss\u00f5es de Or\u00e7amento e Finan\u00e7as dos 399 Munic\u00edpios do Estado. Junto com a recomenda\u00e7\u00e3o, foi solicitado aos Munic\u00edpios que <\/span><span data-contrast=\"none\">n\u00e3o possuem precat\u00f3rios pendentes de pagamento que informem sobre tal situa\u00e7\u00e3o, mediante of\u00edcio ao MPC-PR.\u00a0<\/span><span data-ccp-props=\"{&quot;134233117&quot;:false,&quot;134233118&quot;:false,&quot;201341983&quot;:0,&quot;335551550&quot;:6,&quot;335551620&quot;:6,&quot;335559738&quot;:240,&quot;335559739&quot;:240,&quot;335559740&quot;:360}\">\u00a0<\/span><\/p>\n<p><span data-contrast=\"none\">Essa atua\u00e7\u00e3o conjunta dos \u00f3rg\u00e3os municipais \u00e9 importante no processo de elabora\u00e7\u00e3o das Leis Or\u00e7ament\u00e1rias. O Minist\u00e9rio P\u00fablico de Contas entende que a uni\u00e3o de esfor\u00e7os e trocas de informa\u00e7\u00f5es s\u00e3o essenciais para uma gest\u00e3o correta e acess\u00edvel.\u00a0<\/span><span data-ccp-props=\"{&quot;134233117&quot;:false,&quot;134233118&quot;:false,&quot;201341983&quot;:0,&quot;335551550&quot;:6,&quot;335551620&quot;:6,&quot;335559738&quot;:240,&quot;335559739&quot;:240,&quot;335559740&quot;:360}\">\u00a0<\/span><\/p>\n<p><span data-contrast=\"none\">Essa iniciativa visa que os Munic\u00edpios tenham uma documenta\u00e7\u00e3o estruturada e clara no que diz respeito \u00e0 normatiza\u00e7\u00e3o interna, recep\u00e7\u00e3o e gest\u00e3o dos precat\u00f3rios.\u00a0<\/span><span data-ccp-props=\"{&quot;134233117&quot;:false,&quot;134233118&quot;:false,&quot;201341983&quot;:0,&quot;335551550&quot;:6,&quot;335551620&quot;:6,&quot;335559738&quot;:240,&quot;335559739&quot;:240,&quot;335559740&quot;:360}\">\u00a0<\/span><\/p>\n<p><span data-contrast=\"none\">A expectativa \u00e9 fomentar a transpar\u00eancia dos valores, o cumprimento das normas de prote\u00e7\u00e3o de dados, aprimoramento na gest\u00e3o or\u00e7ament\u00e1ria, capacita\u00e7\u00e3o de vereadores e demais servidores, bem como o fortalecimento do controle social.<\/span><span data-ccp-props=\"{&quot;134233117&quot;:false,&quot;134233118&quot;:false,&quot;201341983&quot;:0,&quot;335551550&quot;:6,&quot;335551620&quot;:6,&quot;335559738&quot;:240,&quot;335559739&quot;:240,&quot;335559740&quot;:360}\">\u00a0<\/span><\/p>\n<p><span data-contrast=\"none\">Para consultar a \u00edntegra da Recomenda\u00e7\u00e3o Administrativa n\u00ba 01\/2024, <a href=\"https:\/\/www.mpc.pr.gov.br\/wp-content\/uploads\/2024\/10\/Recomendacao-Administrativa-n-01-2024-GPGMPC-1.pdf\">clique aqui<\/a>.<\/span><span data-ccp-props=\"{&quot;134233117&quot;:false,&quot;134233118&quot;:false,&quot;201341983&quot;:0,&quot;335551550&quot;:6,&quot;335551620&quot;:6,&quot;335559738&quot;:240,&quot;335559739&quot;:240,&quot;335559740&quot;:360}\">\u00a0<\/span><\/p>\n","protected":false},"excerpt":{"rendered":"<p>O N\u00facleo de Apoio Estrat\u00e9gico (NAE), sob orienta\u00e7\u00e3o do Procurador-Geral do Minist\u00e9rio P\u00fablico de Contas do Paran\u00e1 (MPC-PR), emitiu a Recomenda\u00e7\u00e3o Administrativa n\u00ba 01\/2024 para todas as Prefeituras, C\u00e2maras e demais autoridades respons\u00e1veis pela gest\u00e3o de precat\u00f3rios dos 399 Munic\u00edpios paranaenses. A iniciativa tem o objetivo de chamar a aten\u00e7\u00e3o dos gestores para que estejam [&hellip;]<\/p>\n","protected":false},"author":1,"featured_media":21761,"comment_status":"open","ping_status":"open","sticky":false,"template":"","format":"standard","meta":{"_monsterinsights_skip_tracking":false,"_monsterinsights_sitenote_active":false,"_monsterinsights_sitenote_note":"","_monsterinsights_sitenote_category":0,"footnotes":""},"categories":[7],"tags":[650,13,649,648],"class_list":["post-21760","post","type-post","status-publish","format-standard","has-post-thumbnail","hentry","category-todas-as-noticias","tag-lei-orcamentaria","tag-mpc-pr","tag-precatorios","tag-recomendacao-administrativa","entry","has-media"],"yoast_head":"<!-- This site is optimized with the Yoast SEO plugin v27.3 - https:\/\/yoast.com\/product\/yoast-seo-wordpress\/ -->\n<title>MPC-PR encaminha Recomenda\u00e7\u00e3o Administrativa aos 399 Munic\u00edpios do Paran\u00e1 orientando sobre a Lei Or\u00e7ament\u00e1ria e o pagamento de precat\u00f3rios - Minist\u00e9rio P\u00fablico de Contas do Estado do Paran\u00e1<\/title>\n<meta name=\"robots\" content=\"index, follow, max-snippet:-1, max-image-preview:large, max-video-preview:-1\" \/>\n<link rel=\"canonical\" href=\"https:\/\/www.mpc.pr.gov.br\/index.php\/mpc-pr-encaminha-recomendacao-administrativa-aos-399-municipios-do-parana-orientando-sobre-a-lei-orcamentaria-e-o-pagamento-de-precatorios\/\" \/>\n<meta property=\"og:locale\" content=\"pt_BR\" \/>\n<meta property=\"og:type\" content=\"article\" \/>\n<meta property=\"og:title\" content=\"MPC-PR encaminha Recomenda\u00e7\u00e3o Administrativa aos 399 Munic\u00edpios do Paran\u00e1 orientando sobre a Lei Or\u00e7ament\u00e1ria e o pagamento de precat\u00f3rios - Minist\u00e9rio P\u00fablico de Contas do Estado do Paran\u00e1\" \/>\n<meta property=\"og:description\" content=\"O N\u00facleo de Apoio Estrat\u00e9gico (NAE), sob orienta\u00e7\u00e3o do Procurador-Geral do Minist\u00e9rio P\u00fablico de Contas do Paran\u00e1 (MPC-PR), emitiu a Recomenda\u00e7\u00e3o Administrativa n\u00ba 01\/2024 para todas as Prefeituras, C\u00e2maras e demais autoridades respons\u00e1veis pela gest\u00e3o de precat\u00f3rios dos 399 Munic\u00edpios paranaenses. A iniciativa tem o objetivo de chamar a aten\u00e7\u00e3o dos gestores para que estejam [&hellip;]\" \/>\n<meta property=\"og:url\" content=\"https:\/\/www.mpc.pr.gov.br\/index.php\/mpc-pr-encaminha-recomendacao-administrativa-aos-399-municipios-do-parana-orientando-sobre-a-lei-orcamentaria-e-o-pagamento-de-precatorios\/\" \/>\n<meta property=\"og:site_name\" content=\"Minist\u00e9rio P\u00fablico de Contas do Estado do Paran\u00e1\" \/>\n<meta property=\"article:publisher\" content=\"https:\/\/www.facebook.com\/mpc.pr\" \/>\n<meta property=\"article:published_time\" content=\"2024-10-29T17:19:13+00:00\" \/>\n<meta property=\"article:modified_time\" content=\"2024-11-14T13:32:54+00:00\" \/>\n<meta property=\"og:image\" content=\"https:\/\/www.mpc.pr.gov.br\/wp-content\/uploads\/2024\/10\/imagem-ilustrativa-cartorio.png\" \/>\n\t<meta property=\"og:image:width\" content=\"661\" \/>\n\t<meta property=\"og:image:height\" content=\"516\" \/>\n\t<meta property=\"og:image:type\" content=\"image\/png\" \/>\n<meta name=\"author\" content=\"mpcontaspr\" \/>\n<meta name=\"twitter:card\" content=\"summary_large_image\" \/>\n<meta name=\"twitter:label1\" content=\"Escrito por\" \/>\n\t<meta name=\"twitter:data1\" content=\"mpcontaspr\" \/>\n\t<meta name=\"twitter:label2\" content=\"Est. tempo de leitura\" \/>\n\t<meta name=\"twitter:data2\" content=\"4 minutos\" \/>\n<script type=\"application\/ld+json\" class=\"yoast-schema-graph\">{\"@context\":\"https:\\\/\\\/schema.org\",\"@graph\":[{\"@type\":\"Article\",\"@id\":\"https:\\\/\\\/www.mpc.pr.gov.br\\\/index.php\\\/mpc-pr-encaminha-recomendacao-administrativa-aos-399-municipios-do-parana-orientando-sobre-a-lei-orcamentaria-e-o-pagamento-de-precatorios\\\/#article\",\"isPartOf\":{\"@id\":\"https:\\\/\\\/www.mpc.pr.gov.br\\\/index.php\\\/mpc-pr-encaminha-recomendacao-administrativa-aos-399-municipios-do-parana-orientando-sobre-a-lei-orcamentaria-e-o-pagamento-de-precatorios\\\/\"},\"author\":{\"name\":\"mpcontaspr\",\"@id\":\"https:\\\/\\\/www.mpc.pr.gov.br\\\/#\\\/schema\\\/person\\\/2d83cb8980538d0ec174e8a6284f5e11\"},\"headline\":\"MPC-PR encaminha Recomenda\u00e7\u00e3o Administrativa aos 399 Munic\u00edpios do Paran\u00e1 orientando sobre a Lei Or\u00e7ament\u00e1ria e o pagamento de precat\u00f3rios\",\"datePublished\":\"2024-10-29T17:19:13+00:00\",\"dateModified\":\"2024-11-14T13:32:54+00:00\",\"mainEntityOfPage\":{\"@id\":\"https:\\\/\\\/www.mpc.pr.gov.br\\\/index.php\\\/mpc-pr-encaminha-recomendacao-administrativa-aos-399-municipios-do-parana-orientando-sobre-a-lei-orcamentaria-e-o-pagamento-de-precatorios\\\/\"},\"wordCount\":615,\"commentCount\":1,\"publisher\":{\"@id\":\"https:\\\/\\\/www.mpc.pr.gov.br\\\/#organization\"},\"image\":{\"@id\":\"https:\\\/\\\/www.mpc.pr.gov.br\\\/index.php\\\/mpc-pr-encaminha-recomendacao-administrativa-aos-399-municipios-do-parana-orientando-sobre-a-lei-orcamentaria-e-o-pagamento-de-precatorios\\\/#primaryimage\"},\"thumbnailUrl\":\"https:\\\/\\\/www.mpc.pr.gov.br\\\/wp-content\\\/uploads\\\/2024\\\/10\\\/imagem-ilustrativa-cartorio.png\",\"keywords\":[\"Lei Or\u00e7ament\u00e1ria\",\"MPC-PR\",\"Precat\u00f3rios\",\"Recomenda\u00e7\u00e3o Administrativa\"],\"articleSection\":[\"Todas as not\u00edcias\"],\"inLanguage\":\"pt-BR\",\"potentialAction\":[{\"@type\":\"CommentAction\",\"name\":\"Comment\",\"target\":[\"https:\\\/\\\/www.mpc.pr.gov.br\\\/index.php\\\/mpc-pr-encaminha-recomendacao-administrativa-aos-399-municipios-do-parana-orientando-sobre-a-lei-orcamentaria-e-o-pagamento-de-precatorios\\\/#respond\"]}]},{\"@type\":\"WebPage\",\"@id\":\"https:\\\/\\\/www.mpc.pr.gov.br\\\/index.php\\\/mpc-pr-encaminha-recomendacao-administrativa-aos-399-municipios-do-parana-orientando-sobre-a-lei-orcamentaria-e-o-pagamento-de-precatorios\\\/\",\"url\":\"https:\\\/\\\/www.mpc.pr.gov.br\\\/index.php\\\/mpc-pr-encaminha-recomendacao-administrativa-aos-399-municipios-do-parana-orientando-sobre-a-lei-orcamentaria-e-o-pagamento-de-precatorios\\\/\",\"name\":\"MPC-PR encaminha Recomenda\u00e7\u00e3o Administrativa aos 399 Munic\u00edpios do Paran\u00e1 orientando sobre a Lei Or\u00e7ament\u00e1ria e o pagamento de precat\u00f3rios - Minist\u00e9rio P\u00fablico de Contas do Estado do Paran\u00e1\",\"isPartOf\":{\"@id\":\"https:\\\/\\\/www.mpc.pr.gov.br\\\/#website\"},\"primaryImageOfPage\":{\"@id\":\"https:\\\/\\\/www.mpc.pr.gov.br\\\/index.php\\\/mpc-pr-encaminha-recomendacao-administrativa-aos-399-municipios-do-parana-orientando-sobre-a-lei-orcamentaria-e-o-pagamento-de-precatorios\\\/#primaryimage\"},\"image\":{\"@id\":\"https:\\\/\\\/www.mpc.pr.gov.br\\\/index.php\\\/mpc-pr-encaminha-recomendacao-administrativa-aos-399-municipios-do-parana-orientando-sobre-a-lei-orcamentaria-e-o-pagamento-de-precatorios\\\/#primaryimage\"},\"thumbnailUrl\":\"https:\\\/\\\/www.mpc.pr.gov.br\\\/wp-content\\\/uploads\\\/2024\\\/10\\\/imagem-ilustrativa-cartorio.png\",\"datePublished\":\"2024-10-29T17:19:13+00:00\",\"dateModified\":\"2024-11-14T13:32:54+00:00\",\"breadcrumb\":{\"@id\":\"https:\\\/\\\/www.mpc.pr.gov.br\\\/index.php\\\/mpc-pr-encaminha-recomendacao-administrativa-aos-399-municipios-do-parana-orientando-sobre-a-lei-orcamentaria-e-o-pagamento-de-precatorios\\\/#breadcrumb\"},\"inLanguage\":\"pt-BR\",\"potentialAction\":[{\"@type\":\"ReadAction\",\"target\":[\"https:\\\/\\\/www.mpc.pr.gov.br\\\/index.php\\\/mpc-pr-encaminha-recomendacao-administrativa-aos-399-municipios-do-parana-orientando-sobre-a-lei-orcamentaria-e-o-pagamento-de-precatorios\\\/\"]}]},{\"@type\":\"ImageObject\",\"inLanguage\":\"pt-BR\",\"@id\":\"https:\\\/\\\/www.mpc.pr.gov.br\\\/index.php\\\/mpc-pr-encaminha-recomendacao-administrativa-aos-399-municipios-do-parana-orientando-sobre-a-lei-orcamentaria-e-o-pagamento-de-precatorios\\\/#primaryimage\",\"url\":\"https:\\\/\\\/www.mpc.pr.gov.br\\\/wp-content\\\/uploads\\\/2024\\\/10\\\/imagem-ilustrativa-cartorio.png\",\"contentUrl\":\"https:\\\/\\\/www.mpc.pr.gov.br\\\/wp-content\\\/uploads\\\/2024\\\/10\\\/imagem-ilustrativa-cartorio.png\",\"width\":661,\"height\":516,\"caption\":\"Imagem meramente ilustrativa\"},{\"@type\":\"BreadcrumbList\",\"@id\":\"https:\\\/\\\/www.mpc.pr.gov.br\\\/index.php\\\/mpc-pr-encaminha-recomendacao-administrativa-aos-399-municipios-do-parana-orientando-sobre-a-lei-orcamentaria-e-o-pagamento-de-precatorios\\\/#breadcrumb\",\"itemListElement\":[{\"@type\":\"ListItem\",\"position\":1,\"name\":\"In\u00edcio\",\"item\":\"https:\\\/\\\/www.mpc.pr.gov.br\\\/\"},{\"@type\":\"ListItem\",\"position\":2,\"name\":\"MPC-PR encaminha Recomenda\u00e7\u00e3o Administrativa aos 399 Munic\u00edpios do Paran\u00e1 orientando sobre a Lei Or\u00e7ament\u00e1ria e o pagamento de precat\u00f3rios\"}]},{\"@type\":\"WebSite\",\"@id\":\"https:\\\/\\\/www.mpc.pr.gov.br\\\/#website\",\"url\":\"https:\\\/\\\/www.mpc.pr.gov.br\\\/\",\"name\":\"Minist\u00e9rio P\u00fablico de Contas do Estado do Paran\u00e1\",\"description\":\"\",\"publisher\":{\"@id\":\"https:\\\/\\\/www.mpc.pr.gov.br\\\/#organization\"},\"potentialAction\":[{\"@type\":\"SearchAction\",\"target\":{\"@type\":\"EntryPoint\",\"urlTemplate\":\"https:\\\/\\\/www.mpc.pr.gov.br\\\/?s={search_term_string}\"},\"query-input\":{\"@type\":\"PropertyValueSpecification\",\"valueRequired\":true,\"valueName\":\"search_term_string\"}}],\"inLanguage\":\"pt-BR\"},{\"@type\":\"Organization\",\"@id\":\"https:\\\/\\\/www.mpc.pr.gov.br\\\/#organization\",\"name\":\"Minist\u00e9rio P\u00fablico de Contas do Estado do Paran\u00e1\",\"url\":\"https:\\\/\\\/www.mpc.pr.gov.br\\\/\",\"logo\":{\"@type\":\"ImageObject\",\"inLanguage\":\"pt-BR\",\"@id\":\"https:\\\/\\\/www.mpc.pr.gov.br\\\/#\\\/schema\\\/logo\\\/image\\\/\",\"url\":\"https:\\\/\\\/www.mpc.pr.gov.br\\\/wp-content\\\/uploads\\\/2020\\\/06\\\/99423647_1593460364143890_6706793420720963584_n-1-e1591387983167.png\",\"contentUrl\":\"https:\\\/\\\/www.mpc.pr.gov.br\\\/wp-content\\\/uploads\\\/2020\\\/06\\\/99423647_1593460364143890_6706793420720963584_n-1-e1591387983167.png\",\"width\":243,\"height\":73,\"caption\":\"Minist\u00e9rio P\u00fablico de Contas do Estado do Paran\u00e1\"},\"image\":{\"@id\":\"https:\\\/\\\/www.mpc.pr.gov.br\\\/#\\\/schema\\\/logo\\\/image\\\/\"},\"sameAs\":[\"https:\\\/\\\/www.facebook.com\\\/mpc.pr\",\"https:\\\/\\\/www.instagram.com\\\/mpc.pr\\\/?hl=pt-br\",\"https:\\\/\\\/www.youtube.com\\\/channel\\\/UCHri5oEM8DV0ztX57E0sBSw\"]},{\"@type\":\"Person\",\"@id\":\"https:\\\/\\\/www.mpc.pr.gov.br\\\/#\\\/schema\\\/person\\\/2d83cb8980538d0ec174e8a6284f5e11\",\"name\":\"mpcontaspr\",\"image\":{\"@type\":\"ImageObject\",\"inLanguage\":\"pt-BR\",\"@id\":\"https:\\\/\\\/secure.gravatar.com\\\/avatar\\\/1aef51541db7622e05fd639336c9c9f312c2a618396e2b6ca96846362fc5403f?s=96&d=mm&r=g\",\"url\":\"https:\\\/\\\/secure.gravatar.com\\\/avatar\\\/1aef51541db7622e05fd639336c9c9f312c2a618396e2b6ca96846362fc5403f?s=96&d=mm&r=g\",\"contentUrl\":\"https:\\\/\\\/secure.gravatar.com\\\/avatar\\\/1aef51541db7622e05fd639336c9c9f312c2a618396e2b6ca96846362fc5403f?s=96&d=mm&r=g\",\"caption\":\"mpcontaspr\"},\"sameAs\":[\"http:\\\/\\\/www.mpc.pr.gov.br\"]}]}<\/script>\n<!-- \/ Yoast SEO plugin. -->","yoast_head_json":{"title":"MPC-PR encaminha Recomenda\u00e7\u00e3o Administrativa aos 399 Munic\u00edpios do Paran\u00e1 orientando sobre a Lei Or\u00e7ament\u00e1ria e o pagamento de precat\u00f3rios - Minist\u00e9rio P\u00fablico de Contas do Estado do Paran\u00e1","robots":{"index":"index","follow":"follow","max-snippet":"max-snippet:-1","max-image-preview":"max-image-preview:large","max-video-preview":"max-video-preview:-1"},"canonical":"https:\/\/www.mpc.pr.gov.br\/index.php\/mpc-pr-encaminha-recomendacao-administrativa-aos-399-municipios-do-parana-orientando-sobre-a-lei-orcamentaria-e-o-pagamento-de-precatorios\/","og_locale":"pt_BR","og_type":"article","og_title":"MPC-PR encaminha Recomenda\u00e7\u00e3o Administrativa aos 399 Munic\u00edpios do Paran\u00e1 orientando sobre a Lei Or\u00e7ament\u00e1ria e o pagamento de precat\u00f3rios - Minist\u00e9rio P\u00fablico de Contas do Estado do Paran\u00e1","og_description":"O N\u00facleo de Apoio Estrat\u00e9gico (NAE), sob orienta\u00e7\u00e3o do Procurador-Geral do Minist\u00e9rio P\u00fablico de Contas do Paran\u00e1 (MPC-PR), emitiu a Recomenda\u00e7\u00e3o Administrativa n\u00ba 01\/2024 para todas as Prefeituras, C\u00e2maras e demais autoridades respons\u00e1veis pela gest\u00e3o de precat\u00f3rios dos 399 Munic\u00edpios paranaenses. A iniciativa tem o objetivo de chamar a aten\u00e7\u00e3o dos gestores para que estejam [&hellip;]","og_url":"https:\/\/www.mpc.pr.gov.br\/index.php\/mpc-pr-encaminha-recomendacao-administrativa-aos-399-municipios-do-parana-orientando-sobre-a-lei-orcamentaria-e-o-pagamento-de-precatorios\/","og_site_name":"Minist\u00e9rio P\u00fablico de Contas do Estado do Paran\u00e1","article_publisher":"https:\/\/www.facebook.com\/mpc.pr","article_published_time":"2024-10-29T17:19:13+00:00","article_modified_time":"2024-11-14T13:32:54+00:00","og_image":[{"width":661,"height":516,"url":"https:\/\/www.mpc.pr.gov.br\/wp-content\/uploads\/2024\/10\/imagem-ilustrativa-cartorio.png","type":"image\/png"}],"author":"mpcontaspr","twitter_card":"summary_large_image","twitter_misc":{"Escrito por":"mpcontaspr","Est. tempo de leitura":"4 minutos"},"schema":{"@context":"https:\/\/schema.org","@graph":[{"@type":"Article","@id":"https:\/\/www.mpc.pr.gov.br\/index.php\/mpc-pr-encaminha-recomendacao-administrativa-aos-399-municipios-do-parana-orientando-sobre-a-lei-orcamentaria-e-o-pagamento-de-precatorios\/#article","isPartOf":{"@id":"https:\/\/www.mpc.pr.gov.br\/index.php\/mpc-pr-encaminha-recomendacao-administrativa-aos-399-municipios-do-parana-orientando-sobre-a-lei-orcamentaria-e-o-pagamento-de-precatorios\/"},"author":{"name":"mpcontaspr","@id":"https:\/\/www.mpc.pr.gov.br\/#\/schema\/person\/2d83cb8980538d0ec174e8a6284f5e11"},"headline":"MPC-PR encaminha Recomenda\u00e7\u00e3o Administrativa aos 399 Munic\u00edpios do Paran\u00e1 orientando sobre a Lei Or\u00e7ament\u00e1ria e o pagamento de precat\u00f3rios","datePublished":"2024-10-29T17:19:13+00:00","dateModified":"2024-11-14T13:32:54+00:00","mainEntityOfPage":{"@id":"https:\/\/www.mpc.pr.gov.br\/index.php\/mpc-pr-encaminha-recomendacao-administrativa-aos-399-municipios-do-parana-orientando-sobre-a-lei-orcamentaria-e-o-pagamento-de-precatorios\/"},"wordCount":615,"commentCount":1,"publisher":{"@id":"https:\/\/www.mpc.pr.gov.br\/#organization"},"image":{"@id":"https:\/\/www.mpc.pr.gov.br\/index.php\/mpc-pr-encaminha-recomendacao-administrativa-aos-399-municipios-do-parana-orientando-sobre-a-lei-orcamentaria-e-o-pagamento-de-precatorios\/#primaryimage"},"thumbnailUrl":"https:\/\/www.mpc.pr.gov.br\/wp-content\/uploads\/2024\/10\/imagem-ilustrativa-cartorio.png","keywords":["Lei Or\u00e7ament\u00e1ria","MPC-PR","Precat\u00f3rios","Recomenda\u00e7\u00e3o Administrativa"],"articleSection":["Todas as not\u00edcias"],"inLanguage":"pt-BR","potentialAction":[{"@type":"CommentAction","name":"Comment","target":["https:\/\/www.mpc.pr.gov.br\/index.php\/mpc-pr-encaminha-recomendacao-administrativa-aos-399-municipios-do-parana-orientando-sobre-a-lei-orcamentaria-e-o-pagamento-de-precatorios\/#respond"]}]},{"@type":"WebPage","@id":"https:\/\/www.mpc.pr.gov.br\/index.php\/mpc-pr-encaminha-recomendacao-administrativa-aos-399-municipios-do-parana-orientando-sobre-a-lei-orcamentaria-e-o-pagamento-de-precatorios\/","url":"https:\/\/www.mpc.pr.gov.br\/index.php\/mpc-pr-encaminha-recomendacao-administrativa-aos-399-municipios-do-parana-orientando-sobre-a-lei-orcamentaria-e-o-pagamento-de-precatorios\/","name":"MPC-PR encaminha Recomenda\u00e7\u00e3o Administrativa aos 399 Munic\u00edpios do Paran\u00e1 orientando sobre a Lei Or\u00e7ament\u00e1ria e o pagamento de precat\u00f3rios - Minist\u00e9rio P\u00fablico de Contas do Estado do Paran\u00e1","isPartOf":{"@id":"https:\/\/www.mpc.pr.gov.br\/#website"},"primaryImageOfPage":{"@id":"https:\/\/www.mpc.pr.gov.br\/index.php\/mpc-pr-encaminha-recomendacao-administrativa-aos-399-municipios-do-parana-orientando-sobre-a-lei-orcamentaria-e-o-pagamento-de-precatorios\/#primaryimage"},"image":{"@id":"https:\/\/www.mpc.pr.gov.br\/index.php\/mpc-pr-encaminha-recomendacao-administrativa-aos-399-municipios-do-parana-orientando-sobre-a-lei-orcamentaria-e-o-pagamento-de-precatorios\/#primaryimage"},"thumbnailUrl":"https:\/\/www.mpc.pr.gov.br\/wp-content\/uploads\/2024\/10\/imagem-ilustrativa-cartorio.png","datePublished":"2024-10-29T17:19:13+00:00","dateModified":"2024-11-14T13:32:54+00:00","breadcrumb":{"@id":"https:\/\/www.mpc.pr.gov.br\/index.php\/mpc-pr-encaminha-recomendacao-administrativa-aos-399-municipios-do-parana-orientando-sobre-a-lei-orcamentaria-e-o-pagamento-de-precatorios\/#breadcrumb"},"inLanguage":"pt-BR","potentialAction":[{"@type":"ReadAction","target":["https:\/\/www.mpc.pr.gov.br\/index.php\/mpc-pr-encaminha-recomendacao-administrativa-aos-399-municipios-do-parana-orientando-sobre-a-lei-orcamentaria-e-o-pagamento-de-precatorios\/"]}]},{"@type":"ImageObject","inLanguage":"pt-BR","@id":"https:\/\/www.mpc.pr.gov.br\/index.php\/mpc-pr-encaminha-recomendacao-administrativa-aos-399-municipios-do-parana-orientando-sobre-a-lei-orcamentaria-e-o-pagamento-de-precatorios\/#primaryimage","url":"https:\/\/www.mpc.pr.gov.br\/wp-content\/uploads\/2024\/10\/imagem-ilustrativa-cartorio.png","contentUrl":"https:\/\/www.mpc.pr.gov.br\/wp-content\/uploads\/2024\/10\/imagem-ilustrativa-cartorio.png","width":661,"height":516,"caption":"Imagem meramente ilustrativa"},{"@type":"BreadcrumbList","@id":"https:\/\/www.mpc.pr.gov.br\/index.php\/mpc-pr-encaminha-recomendacao-administrativa-aos-399-municipios-do-parana-orientando-sobre-a-lei-orcamentaria-e-o-pagamento-de-precatorios\/#breadcrumb","itemListElement":[{"@type":"ListItem","position":1,"name":"In\u00edcio","item":"https:\/\/www.mpc.pr.gov.br\/"},{"@type":"ListItem","position":2,"name":"MPC-PR encaminha Recomenda\u00e7\u00e3o Administrativa aos 399 Munic\u00edpios do Paran\u00e1 orientando sobre a Lei Or\u00e7ament\u00e1ria e o pagamento de precat\u00f3rios"}]},{"@type":"WebSite","@id":"https:\/\/www.mpc.pr.gov.br\/#website","url":"https:\/\/www.mpc.pr.gov.br\/","name":"Minist\u00e9rio P\u00fablico de Contas do Estado do Paran\u00e1","description":"","publisher":{"@id":"https:\/\/www.mpc.pr.gov.br\/#organization"},"potentialAction":[{"@type":"SearchAction","target":{"@type":"EntryPoint","urlTemplate":"https:\/\/www.mpc.pr.gov.br\/?s={search_term_string}"},"query-input":{"@type":"PropertyValueSpecification","valueRequired":true,"valueName":"search_term_string"}}],"inLanguage":"pt-BR"},{"@type":"Organization","@id":"https:\/\/www.mpc.pr.gov.br\/#organization","name":"Minist\u00e9rio P\u00fablico de Contas do Estado do Paran\u00e1","url":"https:\/\/www.mpc.pr.gov.br\/","logo":{"@type":"ImageObject","inLanguage":"pt-BR","@id":"https:\/\/www.mpc.pr.gov.br\/#\/schema\/logo\/image\/","url":"https:\/\/www.mpc.pr.gov.br\/wp-content\/uploads\/2020\/06\/99423647_1593460364143890_6706793420720963584_n-1-e1591387983167.png","contentUrl":"https:\/\/www.mpc.pr.gov.br\/wp-content\/uploads\/2020\/06\/99423647_1593460364143890_6706793420720963584_n-1-e1591387983167.png","width":243,"height":73,"caption":"Minist\u00e9rio P\u00fablico de Contas do Estado do Paran\u00e1"},"image":{"@id":"https:\/\/www.mpc.pr.gov.br\/#\/schema\/logo\/image\/"},"sameAs":["https:\/\/www.facebook.com\/mpc.pr","https:\/\/www.instagram.com\/mpc.pr\/?hl=pt-br","https:\/\/www.youtube.com\/channel\/UCHri5oEM8DV0ztX57E0sBSw"]},{"@type":"Person","@id":"https:\/\/www.mpc.pr.gov.br\/#\/schema\/person\/2d83cb8980538d0ec174e8a6284f5e11","name":"mpcontaspr","image":{"@type":"ImageObject","inLanguage":"pt-BR","@id":"https:\/\/secure.gravatar.com\/avatar\/1aef51541db7622e05fd639336c9c9f312c2a618396e2b6ca96846362fc5403f?s=96&d=mm&r=g","url":"https:\/\/secure.gravatar.com\/avatar\/1aef51541db7622e05fd639336c9c9f312c2a618396e2b6ca96846362fc5403f?s=96&d=mm&r=g","contentUrl":"https:\/\/secure.gravatar.com\/avatar\/1aef51541db7622e05fd639336c9c9f312c2a618396e2b6ca96846362fc5403f?s=96&d=mm&r=g","caption":"mpcontaspr"},"sameAs":["http:\/\/www.mpc.pr.gov.br"]}]}},"rttpg_featured_image_url":{"full":["https:\/\/www.mpc.pr.gov.br\/wp-content\/uploads\/2024\/10\/imagem-ilustrativa-cartorio.png",661,516,false],"landscape":["https:\/\/www.mpc.pr.gov.br\/wp-content\/uploads\/2024\/10\/imagem-ilustrativa-cartorio.png",661,516,false],"portraits":["https:\/\/www.mpc.pr.gov.br\/wp-content\/uploads\/2024\/10\/imagem-ilustrativa-cartorio.png",661,516,false],"thumbnail":["https:\/\/www.mpc.pr.gov.br\/wp-content\/uploads\/2024\/10\/imagem-ilustrativa-cartorio-150x150.png",150,150,true],"medium":["https:\/\/www.mpc.pr.gov.br\/wp-content\/uploads\/2024\/10\/imagem-ilustrativa-cartorio-300x234.png",300,234,true],"large":["https:\/\/www.mpc.pr.gov.br\/wp-content\/uploads\/2024\/10\/imagem-ilustrativa-cartorio.png",661,516,false],"1536x1536":["https:\/\/www.mpc.pr.gov.br\/wp-content\/uploads\/2024\/10\/imagem-ilustrativa-cartorio.png",661,516,false],"2048x2048":["https:\/\/www.mpc.pr.gov.br\/wp-content\/uploads\/2024\/10\/imagem-ilustrativa-cartorio.png",661,516,false],"ocean-thumb-m":["https:\/\/www.mpc.pr.gov.br\/wp-content\/uploads\/2024\/10\/imagem-ilustrativa-cartorio-600x516.png",600,516,true],"ocean-thumb-ml":["https:\/\/www.mpc.pr.gov.br\/wp-content\/uploads\/2024\/10\/imagem-ilustrativa-cartorio-661x450.png",661,450,true],"ocean-thumb-l":["https:\/\/www.mpc.pr.gov.br\/wp-content\/uploads\/2024\/10\/imagem-ilustrativa-cartorio.png",661,516,false]},"rttpg_author":{"display_name":"mpcontaspr","author_link":"https:\/\/www.mpc.pr.gov.br\/index.php\/author\/mpcontaspr\/"},"rttpg_comment":1,"rttpg_category":"<a href=\"https:\/\/www.mpc.pr.gov.br\/index.php\/category\/todas-as-noticias\/\" rel=\"category tag\">Todas as not\u00edcias<\/a>","rttpg_excerpt":"O N\u00facleo de Apoio Estrat\u00e9gico (NAE), sob orienta\u00e7\u00e3o do Procurador-Geral do Minist\u00e9rio P\u00fablico de Contas do Paran\u00e1 (MPC-PR), emitiu a Recomenda\u00e7\u00e3o Administrativa n\u00ba 01\/2024 para todas as Prefeituras, C\u00e2maras e demais autoridades respons\u00e1veis pela gest\u00e3o de precat\u00f3rios dos 399 Munic\u00edpios paranaenses. A iniciativa tem o objetivo de chamar a aten\u00e7\u00e3o dos gestores para que estejam&hellip;","_links":{"self":[{"href":"https:\/\/www.mpc.pr.gov.br\/index.php\/wp-json\/wp\/v2\/posts\/21760","targetHints":{"allow":["GET"]}}],"collection":[{"href":"https:\/\/www.mpc.pr.gov.br\/index.php\/wp-json\/wp\/v2\/posts"}],"about":[{"href":"https:\/\/www.mpc.pr.gov.br\/index.php\/wp-json\/wp\/v2\/types\/post"}],"author":[{"embeddable":true,"href":"https:\/\/www.mpc.pr.gov.br\/index.php\/wp-json\/wp\/v2\/users\/1"}],"replies":[{"embeddable":true,"href":"https:\/\/www.mpc.pr.gov.br\/index.php\/wp-json\/wp\/v2\/comments?post=21760"}],"version-history":[{"count":4,"href":"https:\/\/www.mpc.pr.gov.br\/index.php\/wp-json\/wp\/v2\/posts\/21760\/revisions"}],"predecessor-version":[{"id":21791,"href":"https:\/\/www.mpc.pr.gov.br\/index.php\/wp-json\/wp\/v2\/posts\/21760\/revisions\/21791"}],"wp:featuredmedia":[{"embeddable":true,"href":"https:\/\/www.mpc.pr.gov.br\/index.php\/wp-json\/wp\/v2\/media\/21761"}],"wp:attachment":[{"href":"https:\/\/www.mpc.pr.gov.br\/index.php\/wp-json\/wp\/v2\/media?parent=21760"}],"wp:term":[{"taxonomy":"category","embeddable":true,"href":"https:\/\/www.mpc.pr.gov.br\/index.php\/wp-json\/wp\/v2\/categories?post=21760"},{"taxonomy":"post_tag","embeddable":true,"href":"https:\/\/www.mpc.pr.gov.br\/index.php\/wp-json\/wp\/v2\/tags?post=21760"}],"curies":[{"name":"wp","href":"https:\/\/api.w.org\/{rel}","templated":true}]}}