{"id":21823,"date":"2024-11-19T10:01:20","date_gmt":"2024-11-19T13:01:20","guid":{"rendered":"https:\/\/www.mpc.pr.gov.br\/?p=21823"},"modified":"2024-12-10T09:14:30","modified_gmt":"2024-12-10T12:14:30","slug":"nao-fracionamento-de-objeto-de-licitacao-e-permitido-desde-que-devidamente-justificada-sua-excepcionalidade-por-motivos-tecnicos-e-economicos","status":"publish","type":"post","link":"https:\/\/www.mpc.pr.gov.br\/index.php\/nao-fracionamento-de-objeto-de-licitacao-e-permitido-desde-que-devidamente-justificada-sua-excepcionalidade-por-motivos-tecnicos-e-economicos\/","title":{"rendered":"N\u00e3o fracionamento de objeto de licita\u00e7\u00e3o \u00e9 permitido, desde que devidamente justificada sua excepcionalidade por motivos t\u00e9cnicos e econ\u00f4micos"},"content":{"rendered":"<figure id=\"attachment_21826\" aria-describedby=\"caption-attachment-21826\" style=\"width: 300px\" class=\"wp-caption alignleft\"><img fetchpriority=\"high\" decoding=\"async\" class=\"size-medium wp-image-21826\" src=\"https:\/\/www.mpc.pr.gov.br\/wp-content\/uploads\/2024\/11\/cascavel-leonardo-fredrico-sguarezi-300x183.png\" alt=\"\" width=\"300\" height=\"183\" srcset=\"https:\/\/www.mpc.pr.gov.br\/wp-content\/uploads\/2024\/11\/cascavel-leonardo-fredrico-sguarezi-300x183.png 300w, https:\/\/www.mpc.pr.gov.br\/wp-content\/uploads\/2024\/11\/cascavel-leonardo-fredrico-sguarezi-1024x623.png 1024w, https:\/\/www.mpc.pr.gov.br\/wp-content\/uploads\/2024\/11\/cascavel-leonardo-fredrico-sguarezi-768x468.png 768w, https:\/\/www.mpc.pr.gov.br\/wp-content\/uploads\/2024\/11\/cascavel-leonardo-fredrico-sguarezi.png 1112w\" sizes=\"(max-width: 300px) 100vw, 300px\" \/><figcaption id=\"caption-attachment-21826\" class=\"wp-caption-text\">Munic\u00edpio de Cascavel, localizado na regi\u00e3o Oeste do Estado do Paran\u00e1. Foto: Leornardo Frederico Sguarezi.<\/figcaption><\/figure>\n<p><span data-contrast=\"auto\">O Tribunal de Contas do Estado do Paran\u00e1 (TCE-PR) recentemente apreciou processo de Representa\u00e7\u00e3o da Lei de Licita\u00e7\u00f5es referente ao Preg\u00e3o Eletr\u00f4nico n\u00ba 213\/2023 promovido pelo <a href=\"https:\/\/cascavel.atende.net\/cidadao\/\">Munic\u00edpio de Cascavel<\/a>. A licita\u00e7\u00e3o possu\u00eda como objeto a contrata\u00e7\u00e3o de empresa especializada em softwares nativos de plataforma web para fornecimento de Sistema de Gest\u00e3o P\u00fablica Integrada.<\/span><span data-ccp-props=\"{&quot;201341983&quot;:0,&quot;335551550&quot;:6,&quot;335551620&quot;:6,&quot;335559740&quot;:360}\">\u00a0<\/span><\/p>\n<p><span data-contrast=\"auto\">A Representa\u00e7\u00e3o foi apresentada por empresa participante da licita\u00e7\u00e3o, alegando que o Edital previa aglutina\u00e7\u00e3o indevida do objeto e irregularidade na formula\u00e7\u00e3o da prova de conceito para fins de habilita\u00e7\u00e3o, entre outros. Ao final, requereu a concess\u00e3o de medida cautelar para suspens\u00e3o do andamento do certame at\u00e9 julgamento definitivo do processo, para revis\u00e3o e adequa\u00e7\u00e3o das exig\u00eancias mencionadas.<\/span><span data-ccp-props=\"{&quot;201341983&quot;:0,&quot;335551550&quot;:6,&quot;335551620&quot;:6,&quot;335559740&quot;:360}\">\u00a0<\/span><\/p>\n<h4><b><span data-contrast=\"auto\">Recebimento e n\u00e3o concess\u00e3o da cautelar<\/span><\/b><span data-ccp-props=\"{&quot;134233117&quot;:false,&quot;134233118&quot;:false,&quot;201341983&quot;:0,&quot;335551550&quot;:6,&quot;335551620&quot;:6,&quot;335559685&quot;:0,&quot;335559737&quot;:0,&quot;335559738&quot;:0,&quot;335559739&quot;:160,&quot;335559740&quot;:360}\">\u00a0<\/span><\/h4>\n<p><span data-contrast=\"auto\">A Representa\u00e7\u00e3o foi recebida mediante <a href=\"https:\/\/www.mpc.pr.gov.br\/wp-content\/uploads\/2024\/11\/cascavel-DPD-62_24-GCILB.pdf\">Despacho n\u00ba 62\/24<\/a> do Gabinete do\u00a0 Conselheiro Ivan Lelis Bonilha, o qual reconheceu a verossimilhan\u00e7a das alega\u00e7\u00f5es. No entanto, em que pese os argumentos trazidos na inicial, o Relator entendeu n\u00e3o ser o caso de concess\u00e3o de medida cautelar, <\/span><span data-contrast=\"auto\">pois a paralisa\u00e7\u00e3o deve ocorrer quando for verificada flagrante ilegalidade, o que n\u00e3o restou demonstrado. Destacou que, de todo modo, julgada procedente a Representa\u00e7\u00e3o, poder\u00e1 incidir a nulidade sobre o procedimento licitat\u00f3rio e os respectivos contratos.<\/span><span data-ccp-props=\"{&quot;201341983&quot;:0,&quot;335551550&quot;:6,&quot;335551620&quot;:6,&quot;335559740&quot;:360}\">\u00a0<\/span><\/p>\n<h4><b><span data-contrast=\"auto\">Contradit\u00f3rio<\/span><\/b><span data-ccp-props=\"{&quot;134233117&quot;:false,&quot;134233118&quot;:false,&quot;201341983&quot;:0,&quot;335551550&quot;:6,&quot;335551620&quot;:6,&quot;335559685&quot;:0,&quot;335559737&quot;:0,&quot;335559738&quot;:0,&quot;335559739&quot;:160,&quot;335559740&quot;:360}\">\u00a0<\/span><\/h4>\n<p><span data-contrast=\"auto\">O Munic\u00edpio de Cascavel apresentou contradit\u00f3rio alegando que atuou dentro dos limites previstos pela Lei n\u00ba 8.666\/93, que autorizam a possibilidade de fracionamento do objeto quando assim demonstrado ser vi\u00e1vel t\u00e9cnica e economicamente. Informou que desde 2019 possui uma infraestrutura para sistemas de informa\u00e7\u00f5es projetada para suportar m\u00faltiplos usu\u00e1rios e tarefas simult\u00e2neas, havendo desde ent\u00e3o a necessidade de contrata\u00e7\u00e3o de um software integrado de gest\u00e3o administrativa, com compartilhamento de banco de dados em comum.\u00a0<\/span><span data-ccp-props=\"{&quot;134233117&quot;:false,&quot;134233118&quot;:false,&quot;201341983&quot;:0,&quot;335551550&quot;:6,&quot;335551620&quot;:6,&quot;335559685&quot;:0,&quot;335559737&quot;:0,&quot;335559738&quot;:0,&quot;335559739&quot;:160,&quot;335559740&quot;:360}\">\u00a0<\/span><\/p>\n<p><span data-contrast=\"auto\">Em sua defesa, o Munic\u00edpio destacou que n\u00e3o existem irregularidades na escolha do objeto, tampouco aglutina\u00e7\u00e3o indevida, uma vez que a jun\u00e7\u00e3o de servi\u00e7os em um \u00fanico objeto j\u00e1 se mostrou, em outras experi\u00eancias, a escolha mais eficiente e econ\u00f4mica para a Administra\u00e7\u00e3o Municipal.<\/span><span data-ccp-props=\"{&quot;134233117&quot;:false,&quot;134233118&quot;:false,&quot;201341983&quot;:0,&quot;335551550&quot;:6,&quot;335551620&quot;:6,&quot;335559685&quot;:0,&quot;335559737&quot;:0,&quot;335559738&quot;:0,&quot;335559739&quot;:160,&quot;335559740&quot;:360}\">\u00a0<\/span><\/p>\n<p><span data-contrast=\"auto\">Sobre a prova de conceito, a municipalidade aduziu, em suma, que houve um equ\u00edvoco da licitante ao apresentar a impugna\u00e7\u00e3o, pois em nenhum momento o edital exige a ader\u00eancia \u00e0 100% da totalidade dos requisitos; e que a prova de conceito dos itens funcionais do sistema ser\u00e1 aplicada em 85% dos m\u00f3dulos previstos no edital, representando uma avalia\u00e7\u00e3o de 75% dos itens gerais previstos no processo licitat\u00f3rio.<\/span><span data-ccp-props=\"{&quot;134233117&quot;:false,&quot;134233118&quot;:false,&quot;201341983&quot;:0,&quot;335551550&quot;:6,&quot;335551620&quot;:6,&quot;335559685&quot;:0,&quot;335559737&quot;:0,&quot;335559738&quot;:0,&quot;335559739&quot;:160,&quot;335559740&quot;:360}\">\u00a0<\/span><\/p>\n<h4><b><span data-contrast=\"auto\">Instru\u00e7\u00e3o<\/span><\/b><span data-ccp-props=\"{&quot;134233117&quot;:false,&quot;134233118&quot;:false,&quot;201341983&quot;:0,&quot;335551550&quot;:6,&quot;335551620&quot;:6,&quot;335559685&quot;:0,&quot;335559737&quot;:0,&quot;335559738&quot;:0,&quot;335559739&quot;:160,&quot;335559740&quot;:360}\">\u00a0<\/span><\/h4>\n<p><span data-contrast=\"auto\">A Coordenadoria de Gest\u00e3o Municipal (CGM), por meio da Instru\u00e7\u00e3o n\u00ba 1685\/24, concluiu pela parcial proced\u00eancia da Representa\u00e7\u00e3o. Afirmou que ao contr\u00e1rio do que alegou a empresa Representante, existe uma rela\u00e7\u00e3o pertinente na aglutina\u00e7\u00e3o do objeto, a fim de haver uma padroniza\u00e7\u00e3o nos sistemas para evitar as transi\u00e7\u00f5es entre mais sistemas, tornando mais efetiva realiza\u00e7\u00e3o do trabalho pelos agentes p\u00fablicos.\u00a0<\/span><span data-ccp-props=\"{&quot;134233117&quot;:false,&quot;134233118&quot;:false,&quot;201341983&quot;:0,&quot;335551550&quot;:6,&quot;335551620&quot;:6,&quot;335559685&quot;:0,&quot;335559737&quot;:0,&quot;335559738&quot;:0,&quot;335559739&quot;:160,&quot;335559740&quot;:360}\">\u00a0<\/span><\/p>\n<p><span data-contrast=\"auto\">Logo, v\u00e1lido o argumento do Munic\u00edpio de Cascavel de que a contrata\u00e7\u00e3o de itens em separado n\u00e3o atenderia \u00e0 sua necessidade, em decorr\u00eancia de as caracter\u00edsticas do objeto a ser contratado necessitarem de componentes de software, que devem ser integrados para gest\u00e3o da informa\u00e7\u00e3o.<\/span><span data-ccp-props=\"{&quot;134233117&quot;:false,&quot;134233118&quot;:false,&quot;201341983&quot;:0,&quot;335551550&quot;:6,&quot;335551620&quot;:6,&quot;335559685&quot;:0,&quot;335559737&quot;:0,&quot;335559738&quot;:0,&quot;335559739&quot;:160,&quot;335559740&quot;:360}\">\u00a0<\/span><\/p>\n<p><span data-contrast=\"auto\">Sobre a exig\u00eancia da prova de conceito, a unidade t\u00e9cnica explicou que esta prova corresponde a uma apresenta\u00e7\u00e3o de amostras no contexto de uma licita\u00e7\u00e3o, com o objetivo de permitir que a empresa provisoriamente classificada em primeiro lugar no certame, comprove que a solu\u00e7\u00e3o apresentada satisfaz os requisitos exigidos no Edital.\u00a0<\/span><span data-ccp-props=\"{&quot;134233117&quot;:false,&quot;134233118&quot;:false,&quot;201341983&quot;:0,&quot;335551550&quot;:6,&quot;335551620&quot;:6,&quot;335559685&quot;:0,&quot;335559737&quot;:0,&quot;335559738&quot;:0,&quot;335559739&quot;:160,&quot;335559740&quot;:360}\">\u00a0<\/span><\/p>\n<p><span data-contrast=\"auto\">Neste caso espec\u00edfico, com base em outras decis\u00f5es similares do TCE-PR em que houve pronunciamento da Diretoria de Tecnologia e Informa\u00e7\u00e3o (DTI), entende-se que <\/span><span data-contrast=\"auto\">a exig\u00eancia da comprova\u00e7\u00e3o da presta\u00e7\u00e3o de servi\u00e7o equivalente a 100% aos licitados somente deve ser admiss\u00edvel em casos excepcional\u00edssimos, desde que justificados de modo pr\u00e9vio e por raz\u00f5es t\u00e9cnicas devidamente circunstanciadas no processo licitat\u00f3rio. Conforme entendimento da DTI, se mostra razo\u00e1vel a exig\u00eancia de 70% de cada categoria no in\u00edcio do per\u00edodo de implementa\u00e7\u00e3o.<\/span><span data-ccp-props=\"{&quot;134233117&quot;:false,&quot;134233118&quot;:false,&quot;201341983&quot;:0,&quot;335551550&quot;:6,&quot;335551620&quot;:6,&quot;335559685&quot;:0,&quot;335559737&quot;:0,&quot;335559738&quot;:0,&quot;335559739&quot;:160,&quot;335559740&quot;:360}\">\u00a0<\/span><\/p>\n<p><span data-contrast=\"auto\">Logo, por este motivo, a CGM considerou elevado o percentual definido pelo ente, considerando-o irregular. Desta forma, sugeriu a expedi\u00e7\u00e3o de Recomenda\u00e7\u00e3o ao Munic\u00edpio de Cascavel para que em futuros processos licitat\u00f3rios para o fornecimento de softwares, passe a prever a obrigatoriedade de cumprimento de, no m\u00e1ximo, 70% dos requisitos no in\u00edcio do per\u00edodo de implementa\u00e7\u00e3o, salvo casos excepcionais, justificados de modo pr\u00e9vio e por raz\u00f5es t\u00e9cnicas devidamente circunstanciadas no processo licitat\u00f3rio.<\/span><span data-ccp-props=\"{&quot;134233117&quot;:false,&quot;134233118&quot;:false,&quot;201341983&quot;:0,&quot;335551550&quot;:6,&quot;335551620&quot;:6,&quot;335559685&quot;:0,&quot;335559737&quot;:0,&quot;335559738&quot;:0,&quot;335559739&quot;:160,&quot;335559740&quot;:360}\">\u00a0<\/span><\/p>\n<h4><b><span data-contrast=\"auto\">MPC-PR<\/span><\/b><span data-ccp-props=\"{&quot;134233117&quot;:false,&quot;134233118&quot;:false,&quot;201341983&quot;:0,&quot;335551550&quot;:6,&quot;335551620&quot;:6,&quot;335559685&quot;:0,&quot;335559737&quot;:0,&quot;335559738&quot;:0,&quot;335559739&quot;:160,&quot;335559740&quot;:360}\">\u00a0<\/span><\/h4>\n<p><span data-contrast=\"auto\">O Minist\u00e9rio P\u00fablico de Contas do Paran\u00e1 (MPC-PR)<\/span><span data-contrast=\"auto\">, conforme <a href=\"https:\/\/www.mpc.pr.gov.br\/wp-content\/uploads\/2024\/11\/cascavel-PAR-337_24-4PC.pdf\">Parecer n\u00ba 337\/24<\/a> da 4\u00aa Procuradoria de Contas, acompanhou o entendimento da unidade t\u00e9cnica, n\u00e3o se opondo ao julgamento pela parcial proced\u00eancia da Representa\u00e7\u00e3o, t\u00e3o somente no que diz respeito \u00e0 irregularidade na porcentagem exigida na prova de conceito, com a expedi\u00e7\u00e3o de recomenda\u00e7\u00e3o ao Munic\u00edpio de Cascavel, rejeitando assim os outros pontos apresentados na inicial.<\/span><span data-ccp-props=\"{&quot;134233117&quot;:false,&quot;134233118&quot;:false,&quot;201341983&quot;:0,&quot;335551550&quot;:6,&quot;335551620&quot;:6,&quot;335559685&quot;:0,&quot;335559737&quot;:0,&quot;335559738&quot;:0,&quot;335559739&quot;:160,&quot;335559740&quot;:360}\">\u00a0<\/span><\/p>\n<h4><b><span data-contrast=\"auto\">Decis\u00e3o<\/span><\/b><span data-ccp-props=\"{&quot;134233117&quot;:false,&quot;134233118&quot;:false,&quot;201341983&quot;:0,&quot;335551550&quot;:6,&quot;335551620&quot;:6,&quot;335559685&quot;:0,&quot;335559737&quot;:0,&quot;335559738&quot;:0,&quot;335559739&quot;:160,&quot;335559740&quot;:360}\">\u00a0<\/span><\/h4>\n<p><span data-contrast=\"auto\">Em sess\u00e3o realizada pelo Tribunal Pleno do TCE-PR, o Conselheiro Ivan Lelis Bonilha assistiu raz\u00e3o ao \u00f3rg\u00e3o ministerial e \u00e0 unidade t\u00e9cnica, votandop pela parcial proced\u00eancia do feito com expedi\u00e7\u00e3o de recomenda\u00e7\u00e3o. <\/span><span data-ccp-props=\"{&quot;134233117&quot;:false,&quot;134233118&quot;:false,&quot;201341983&quot;:0,&quot;335551550&quot;:6,&quot;335551620&quot;:6,&quot;335559685&quot;:0,&quot;335559737&quot;:0,&quot;335559738&quot;:0,&quot;335559739&quot;:160,&quot;335559740&quot;:360}\">\u00a0<\/span><\/p>\n<p><span data-contrast=\"auto\">Quanto ao primeiro ponto, constatou que a aglutina\u00e7\u00e3o de objeto realizado no Preg\u00e3o Eletr\u00f4nico n\u00ba 213\/2023 n\u00e3o padece de ilegalidade. Muito embora o ordenamento jur\u00eddico e a jurisprud\u00eancia sejam pac\u00edficos ao determinar a divis\u00e3o do objeto \u2013 sempre que poss\u00edvel \u2013 no maior n\u00famero de parcelas, trata-se de regra que prev\u00ea exce\u00e7\u00e3o. Se o fracionamento do objeto em lotes implicar em preju\u00edzo para o conjunto ou perda de economia de escala, \u00e9 poss\u00edvel aglomerar os itens, com a devida justificativa t\u00e9cnica e econ\u00f4mica. No caso em exame, observo que o Munic\u00edpio de Cascavel logrou \u00eaxito em justificar a necessidade t\u00e9cnica e econ\u00f4mica de aglutina\u00e7\u00e3o do objeto, mostrando a pertin\u00eancia da escolha para uniformiza\u00e7\u00e3o nos sistemas.<\/span><span data-ccp-props=\"{&quot;134233117&quot;:false,&quot;134233118&quot;:false,&quot;201341983&quot;:0,&quot;335551550&quot;:6,&quot;335551620&quot;:6,&quot;335559685&quot;:0,&quot;335559737&quot;:0,&quot;335559738&quot;:0,&quot;335559739&quot;:160,&quot;335559740&quot;:360}\">\u00a0<\/span><\/p>\n<p><span data-contrast=\"auto\">O Munic\u00edpio tamb\u00e9m demonstrou satisfatoriamente que o fracionamento seria inconveniente do ponto de vista t\u00e9cnico, haja vista que para o correto funcionamento do objeto da licita\u00e7\u00e3o \u00e9 invi\u00e1vel realizar a contrata\u00e7\u00e3o dos itens individualmente ou em lotes, uma vez que existe risco de incompatibilidade.\u00a0<\/span><span data-ccp-props=\"{&quot;134233117&quot;:false,&quot;134233118&quot;:false,&quot;201341983&quot;:0,&quot;335551550&quot;:6,&quot;335551620&quot;:6,&quot;335559685&quot;:0,&quot;335559737&quot;:0,&quot;335559738&quot;:0,&quot;335559739&quot;:160,&quot;335559740&quot;:360}\">\u00a0<\/span><\/p>\n<p><span data-contrast=\"auto\">Quanto ao segundo ponto, o Relator destacou que a Diretoria de Tecnologia da Informa\u00e7\u00e3o desta Corte j\u00e1 analisou o tema anteriormente, ocasi\u00e3o em que asseverou que a exig\u00eancia da comprova\u00e7\u00e3o de ades\u00e3o a 100% dos requisitos exigidos somente deve ser admiss\u00edvel em casos excepcionais, mediante pr\u00e9via justificativa. Na mesma oportunidade, a Diretoria de Tecnologia da Informa\u00e7\u00e3o entendeu razo\u00e1vel a exig\u00eancia de 70% de cada categoria no in\u00edcio do per\u00edodo de implementa\u00e7\u00e3o.<\/span><span data-ccp-props=\"{&quot;134233117&quot;:false,&quot;134233118&quot;:false,&quot;201341983&quot;:0,&quot;335551550&quot;:6,&quot;335551620&quot;:6,&quot;335559685&quot;:0,&quot;335559737&quot;:0,&quot;335559738&quot;:0,&quot;335559739&quot;:160,&quot;335559740&quot;:360}\">\u00a0<\/span><\/p>\n<p><span data-contrast=\"auto\">Desta forma, julgou a representa\u00e7\u00e3o procedente quanto a este ponto, acatando a sugest\u00e3o do segmento t\u00e9cnico no sentido de recomendar ao ente representado que, em futuros processos licitat\u00f3rios para o fornecimento de softwares, passe a prever a obrigatoriedade de cumprimento de, no m\u00e1ximo, 70% dos requisitos no in\u00edcio do per\u00edodo de implementa\u00e7\u00e3o, salvo casos excepcionais.<\/span><span data-ccp-props=\"{&quot;134233117&quot;:false,&quot;134233118&quot;:false,&quot;201341983&quot;:0,&quot;335551550&quot;:6,&quot;335551620&quot;:6,&quot;335559685&quot;:0,&quot;335559737&quot;:0,&quot;335559738&quot;:0,&quot;335559739&quot;:160,&quot;335559740&quot;:360}\">\u00a0<\/span><\/p>\n<p><span data-contrast=\"auto\">Diante do exposto, conforme termos do <a href=\"https:\/\/www.mpc.pr.gov.br\/wp-content\/uploads\/2024\/11\/cascavel-ACO-2299_24-STP.pdf\">Ac\u00f3rd\u00e3o n\u00ba 2299\/24<\/a>, o Relator Conselheiro Ivan Lelis Bonilha votou pelo conhecimento e parcial proced\u00eancia da Representa\u00e7\u00e3o em face do Munic\u00edpio de Cascavel, com a respectiva emiss\u00e3o de Recomenda\u00e7\u00e3o nos termos propostos anteriormente.\u00a0<\/span><span data-ccp-props=\"{&quot;134233117&quot;:false,&quot;134233118&quot;:false,&quot;201341983&quot;:0,&quot;335551550&quot;:6,&quot;335551620&quot;:6,&quot;335559685&quot;:0,&quot;335559737&quot;:0,&quot;335559738&quot;:0,&quot;335559739&quot;:160,&quot;335559740&quot;:360}\">\u00a0<\/span><\/p>\n<p><span data-contrast=\"auto\">O processo encontra-se transitado em julgado, atualmente na fase de execu\u00e7\u00e3o e monitoramento para cumprimento da Recomenda\u00e7\u00e3o pelo Munic\u00edpio de Cascavel.<\/span><span data-ccp-props=\"{&quot;134233117&quot;:false,&quot;134233118&quot;:false,&quot;201341983&quot;:0,&quot;335551550&quot;:6,&quot;335551620&quot;:6,&quot;335559685&quot;:0,&quot;335559737&quot;:0,&quot;335559738&quot;:0,&quot;335559739&quot;:160,&quot;335559740&quot;:360}\">\u00a0<\/span><\/p>\n<blockquote><p><span style=\"color: #820007;\"><strong><u>Informa\u00e7\u00e3o para consulta processual<\/u><\/strong><\/span><\/p>\n<table style=\"height: 183px;\" border=\"0\" width=\"478\" cellspacing=\"0\" cellpadding=\"0\">\n<tbody>\n<tr>\n<td><strong>Processo n\u00ba<\/strong>:<\/td>\n<td>17707\/24<\/td>\n<\/tr>\n<tr>\n<td><strong>Ac\u00f3rd\u00e3o n\u00ba<\/strong>:<\/td>\n<td>2299\/24 &#8211; Tribunal Pleno<\/td>\n<\/tr>\n<tr>\n<td><strong>Assunto<\/strong>:<\/td>\n<td>Representa\u00e7\u00e3o da Lei de Licita\u00e7\u00f5es<\/td>\n<\/tr>\n<tr>\n<td><strong>Entidade<\/strong>:<\/td>\n<td>Munic\u00edpio de Cascavel<\/td>\n<\/tr>\n<tr>\n<td><strong>Relator<\/strong>:<\/td>\n<td><span class=\"TextRun SCXW156170801 BCX0\" lang=\"PT-BR\" xml:lang=\"PT-BR\" data-contrast=\"auto\"><span class=\"NormalTextRun SCXW156170801 BCX0\">Conselheiro Ivan Lelis Bonilha<\/span><\/span><\/td>\n<\/tr>\n<\/tbody>\n<\/table>\n<\/blockquote>\n","protected":false},"excerpt":{"rendered":"<p>O Tribunal de Contas do Estado do Paran\u00e1 (TCE-PR) recentemente apreciou processo de Representa\u00e7\u00e3o da Lei de Licita\u00e7\u00f5es referente ao Preg\u00e3o Eletr\u00f4nico n\u00ba 213\/2023 promovido pelo Munic\u00edpio de Cascavel. A licita\u00e7\u00e3o possu\u00eda como objeto a contrata\u00e7\u00e3o de empresa especializada em softwares nativos de plataforma web para fornecimento de Sistema de Gest\u00e3o P\u00fablica Integrada.\u00a0 A Representa\u00e7\u00e3o [&hellip;]<\/p>\n","protected":false},"author":1,"featured_media":21826,"comment_status":"open","ping_status":"open","sticky":false,"template":"","format":"standard","meta":{"_monsterinsights_skip_tracking":false,"_monsterinsights_sitenote_active":false,"_monsterinsights_sitenote_note":"","_monsterinsights_sitenote_category":0,"footnotes":""},"categories":[7],"tags":[237,13,465,530,660,39,71],"class_list":["post-21823","post","type-post","status-publish","format-standard","has-post-thumbnail","hentry","category-todas-as-noticias","tag-cascavel","tag-mpc-pr","tag-pregao-eletronico","tag-representacao-da-lei-de-licitacoes","tag-sistemas-e-softwares","tag-tce-pr","tag-tribunal-pleno","entry","has-media"],"yoast_head":"<!-- This site is optimized with the Yoast SEO plugin v27.3 - https:\/\/yoast.com\/product\/yoast-seo-wordpress\/ -->\n<title>N\u00e3o fracionamento de objeto de licita\u00e7\u00e3o \u00e9 permitido, desde que devidamente justificada sua excepcionalidade por motivos t\u00e9cnicos e econ\u00f4micos - Minist\u00e9rio P\u00fablico de Contas do Estado do Paran\u00e1<\/title>\n<meta name=\"robots\" content=\"index, follow, max-snippet:-1, max-image-preview:large, max-video-preview:-1\" \/>\n<link rel=\"canonical\" href=\"https:\/\/www.mpc.pr.gov.br\/index.php\/nao-fracionamento-de-objeto-de-licitacao-e-permitido-desde-que-devidamente-justificada-sua-excepcionalidade-por-motivos-tecnicos-e-economicos\/\" \/>\n<meta property=\"og:locale\" content=\"pt_BR\" \/>\n<meta property=\"og:type\" content=\"article\" \/>\n<meta property=\"og:title\" content=\"N\u00e3o fracionamento de objeto de licita\u00e7\u00e3o \u00e9 permitido, desde que devidamente justificada sua excepcionalidade por motivos t\u00e9cnicos e econ\u00f4micos - Minist\u00e9rio P\u00fablico de Contas do Estado do Paran\u00e1\" \/>\n<meta property=\"og:description\" content=\"O Tribunal de Contas do Estado do Paran\u00e1 (TCE-PR) recentemente apreciou processo de Representa\u00e7\u00e3o da Lei de Licita\u00e7\u00f5es referente ao Preg\u00e3o Eletr\u00f4nico n\u00ba 213\/2023 promovido pelo Munic\u00edpio de Cascavel. A licita\u00e7\u00e3o possu\u00eda como objeto a contrata\u00e7\u00e3o de empresa especializada em softwares nativos de plataforma web para fornecimento de Sistema de Gest\u00e3o P\u00fablica Integrada.\u00a0 A Representa\u00e7\u00e3o [&hellip;]\" \/>\n<meta property=\"og:url\" content=\"https:\/\/www.mpc.pr.gov.br\/index.php\/nao-fracionamento-de-objeto-de-licitacao-e-permitido-desde-que-devidamente-justificada-sua-excepcionalidade-por-motivos-tecnicos-e-economicos\/\" \/>\n<meta property=\"og:site_name\" content=\"Minist\u00e9rio P\u00fablico de Contas do Estado do Paran\u00e1\" \/>\n<meta property=\"article:publisher\" content=\"https:\/\/www.facebook.com\/mpc.pr\" \/>\n<meta property=\"article:published_time\" content=\"2024-11-19T13:01:20+00:00\" \/>\n<meta property=\"article:modified_time\" content=\"2024-12-10T12:14:30+00:00\" \/>\n<meta property=\"og:image\" content=\"https:\/\/www.mpc.pr.gov.br\/wp-content\/uploads\/2024\/11\/cascavel-leonardo-fredrico-sguarezi.png\" \/>\n\t<meta property=\"og:image:width\" content=\"1112\" \/>\n\t<meta property=\"og:image:height\" content=\"677\" \/>\n\t<meta property=\"og:image:type\" content=\"image\/png\" \/>\n<meta name=\"author\" content=\"mpcontaspr\" \/>\n<meta name=\"twitter:card\" content=\"summary_large_image\" \/>\n<meta name=\"twitter:label1\" content=\"Escrito por\" \/>\n\t<meta name=\"twitter:data1\" content=\"mpcontaspr\" \/>\n\t<meta name=\"twitter:label2\" content=\"Est. tempo de leitura\" \/>\n\t<meta name=\"twitter:data2\" content=\"7 minutos\" \/>\n<script type=\"application\/ld+json\" class=\"yoast-schema-graph\">{\"@context\":\"https:\\\/\\\/schema.org\",\"@graph\":[{\"@type\":\"Article\",\"@id\":\"https:\\\/\\\/www.mpc.pr.gov.br\\\/index.php\\\/nao-fracionamento-de-objeto-de-licitacao-e-permitido-desde-que-devidamente-justificada-sua-excepcionalidade-por-motivos-tecnicos-e-economicos\\\/#article\",\"isPartOf\":{\"@id\":\"https:\\\/\\\/www.mpc.pr.gov.br\\\/index.php\\\/nao-fracionamento-de-objeto-de-licitacao-e-permitido-desde-que-devidamente-justificada-sua-excepcionalidade-por-motivos-tecnicos-e-economicos\\\/\"},\"author\":{\"name\":\"mpcontaspr\",\"@id\":\"https:\\\/\\\/www.mpc.pr.gov.br\\\/#\\\/schema\\\/person\\\/2d83cb8980538d0ec174e8a6284f5e11\"},\"headline\":\"N\u00e3o fracionamento de objeto de licita\u00e7\u00e3o \u00e9 permitido, desde que devidamente justificada sua excepcionalidade por motivos t\u00e9cnicos e econ\u00f4micos\",\"datePublished\":\"2024-11-19T13:01:20+00:00\",\"dateModified\":\"2024-12-10T12:14:30+00:00\",\"mainEntityOfPage\":{\"@id\":\"https:\\\/\\\/www.mpc.pr.gov.br\\\/index.php\\\/nao-fracionamento-de-objeto-de-licitacao-e-permitido-desde-que-devidamente-justificada-sua-excepcionalidade-por-motivos-tecnicos-e-economicos\\\/\"},\"wordCount\":1374,\"commentCount\":0,\"publisher\":{\"@id\":\"https:\\\/\\\/www.mpc.pr.gov.br\\\/#organization\"},\"image\":{\"@id\":\"https:\\\/\\\/www.mpc.pr.gov.br\\\/index.php\\\/nao-fracionamento-de-objeto-de-licitacao-e-permitido-desde-que-devidamente-justificada-sua-excepcionalidade-por-motivos-tecnicos-e-economicos\\\/#primaryimage\"},\"thumbnailUrl\":\"https:\\\/\\\/www.mpc.pr.gov.br\\\/wp-content\\\/uploads\\\/2024\\\/11\\\/cascavel-leonardo-fredrico-sguarezi.png\",\"keywords\":[\"Cascavel\",\"MPC-PR\",\"Preg\u00e3o Eletr\u00f4nico\",\"Representa\u00e7\u00e3o da Lei de Licita\u00e7\u00f5es\",\"Sistemas e Softwares\",\"TCE-PR\",\"Tribunal Pleno\"],\"articleSection\":[\"Todas as not\u00edcias\"],\"inLanguage\":\"pt-BR\",\"potentialAction\":[{\"@type\":\"CommentAction\",\"name\":\"Comment\",\"target\":[\"https:\\\/\\\/www.mpc.pr.gov.br\\\/index.php\\\/nao-fracionamento-de-objeto-de-licitacao-e-permitido-desde-que-devidamente-justificada-sua-excepcionalidade-por-motivos-tecnicos-e-economicos\\\/#respond\"]}]},{\"@type\":\"WebPage\",\"@id\":\"https:\\\/\\\/www.mpc.pr.gov.br\\\/index.php\\\/nao-fracionamento-de-objeto-de-licitacao-e-permitido-desde-que-devidamente-justificada-sua-excepcionalidade-por-motivos-tecnicos-e-economicos\\\/\",\"url\":\"https:\\\/\\\/www.mpc.pr.gov.br\\\/index.php\\\/nao-fracionamento-de-objeto-de-licitacao-e-permitido-desde-que-devidamente-justificada-sua-excepcionalidade-por-motivos-tecnicos-e-economicos\\\/\",\"name\":\"N\u00e3o fracionamento de objeto de licita\u00e7\u00e3o \u00e9 permitido, desde que devidamente justificada sua excepcionalidade por motivos t\u00e9cnicos e econ\u00f4micos - Minist\u00e9rio P\u00fablico de Contas do Estado do Paran\u00e1\",\"isPartOf\":{\"@id\":\"https:\\\/\\\/www.mpc.pr.gov.br\\\/#website\"},\"primaryImageOfPage\":{\"@id\":\"https:\\\/\\\/www.mpc.pr.gov.br\\\/index.php\\\/nao-fracionamento-de-objeto-de-licitacao-e-permitido-desde-que-devidamente-justificada-sua-excepcionalidade-por-motivos-tecnicos-e-economicos\\\/#primaryimage\"},\"image\":{\"@id\":\"https:\\\/\\\/www.mpc.pr.gov.br\\\/index.php\\\/nao-fracionamento-de-objeto-de-licitacao-e-permitido-desde-que-devidamente-justificada-sua-excepcionalidade-por-motivos-tecnicos-e-economicos\\\/#primaryimage\"},\"thumbnailUrl\":\"https:\\\/\\\/www.mpc.pr.gov.br\\\/wp-content\\\/uploads\\\/2024\\\/11\\\/cascavel-leonardo-fredrico-sguarezi.png\",\"datePublished\":\"2024-11-19T13:01:20+00:00\",\"dateModified\":\"2024-12-10T12:14:30+00:00\",\"breadcrumb\":{\"@id\":\"https:\\\/\\\/www.mpc.pr.gov.br\\\/index.php\\\/nao-fracionamento-de-objeto-de-licitacao-e-permitido-desde-que-devidamente-justificada-sua-excepcionalidade-por-motivos-tecnicos-e-economicos\\\/#breadcrumb\"},\"inLanguage\":\"pt-BR\",\"potentialAction\":[{\"@type\":\"ReadAction\",\"target\":[\"https:\\\/\\\/www.mpc.pr.gov.br\\\/index.php\\\/nao-fracionamento-de-objeto-de-licitacao-e-permitido-desde-que-devidamente-justificada-sua-excepcionalidade-por-motivos-tecnicos-e-economicos\\\/\"]}]},{\"@type\":\"ImageObject\",\"inLanguage\":\"pt-BR\",\"@id\":\"https:\\\/\\\/www.mpc.pr.gov.br\\\/index.php\\\/nao-fracionamento-de-objeto-de-licitacao-e-permitido-desde-que-devidamente-justificada-sua-excepcionalidade-por-motivos-tecnicos-e-economicos\\\/#primaryimage\",\"url\":\"https:\\\/\\\/www.mpc.pr.gov.br\\\/wp-content\\\/uploads\\\/2024\\\/11\\\/cascavel-leonardo-fredrico-sguarezi.png\",\"contentUrl\":\"https:\\\/\\\/www.mpc.pr.gov.br\\\/wp-content\\\/uploads\\\/2024\\\/11\\\/cascavel-leonardo-fredrico-sguarezi.png\",\"width\":1112,\"height\":677,\"caption\":\"Munic\u00edpio de Cascavel, localizado na regi\u00e3o Oeste do Estado do Paran\u00e1. Foto: Leornardo Frederico Sguarezi.\"},{\"@type\":\"BreadcrumbList\",\"@id\":\"https:\\\/\\\/www.mpc.pr.gov.br\\\/index.php\\\/nao-fracionamento-de-objeto-de-licitacao-e-permitido-desde-que-devidamente-justificada-sua-excepcionalidade-por-motivos-tecnicos-e-economicos\\\/#breadcrumb\",\"itemListElement\":[{\"@type\":\"ListItem\",\"position\":1,\"name\":\"In\u00edcio\",\"item\":\"https:\\\/\\\/www.mpc.pr.gov.br\\\/\"},{\"@type\":\"ListItem\",\"position\":2,\"name\":\"N\u00e3o fracionamento de objeto de licita\u00e7\u00e3o \u00e9 permitido, desde que devidamente justificada sua excepcionalidade por motivos t\u00e9cnicos e econ\u00f4micos\"}]},{\"@type\":\"WebSite\",\"@id\":\"https:\\\/\\\/www.mpc.pr.gov.br\\\/#website\",\"url\":\"https:\\\/\\\/www.mpc.pr.gov.br\\\/\",\"name\":\"Minist\u00e9rio P\u00fablico de Contas do Estado do Paran\u00e1\",\"description\":\"\",\"publisher\":{\"@id\":\"https:\\\/\\\/www.mpc.pr.gov.br\\\/#organization\"},\"potentialAction\":[{\"@type\":\"SearchAction\",\"target\":{\"@type\":\"EntryPoint\",\"urlTemplate\":\"https:\\\/\\\/www.mpc.pr.gov.br\\\/?s={search_term_string}\"},\"query-input\":{\"@type\":\"PropertyValueSpecification\",\"valueRequired\":true,\"valueName\":\"search_term_string\"}}],\"inLanguage\":\"pt-BR\"},{\"@type\":\"Organization\",\"@id\":\"https:\\\/\\\/www.mpc.pr.gov.br\\\/#organization\",\"name\":\"Minist\u00e9rio P\u00fablico de Contas do Estado do Paran\u00e1\",\"url\":\"https:\\\/\\\/www.mpc.pr.gov.br\\\/\",\"logo\":{\"@type\":\"ImageObject\",\"inLanguage\":\"pt-BR\",\"@id\":\"https:\\\/\\\/www.mpc.pr.gov.br\\\/#\\\/schema\\\/logo\\\/image\\\/\",\"url\":\"https:\\\/\\\/www.mpc.pr.gov.br\\\/wp-content\\\/uploads\\\/2020\\\/06\\\/99423647_1593460364143890_6706793420720963584_n-1-e1591387983167.png\",\"contentUrl\":\"https:\\\/\\\/www.mpc.pr.gov.br\\\/wp-content\\\/uploads\\\/2020\\\/06\\\/99423647_1593460364143890_6706793420720963584_n-1-e1591387983167.png\",\"width\":243,\"height\":73,\"caption\":\"Minist\u00e9rio P\u00fablico de Contas do Estado do Paran\u00e1\"},\"image\":{\"@id\":\"https:\\\/\\\/www.mpc.pr.gov.br\\\/#\\\/schema\\\/logo\\\/image\\\/\"},\"sameAs\":[\"https:\\\/\\\/www.facebook.com\\\/mpc.pr\",\"https:\\\/\\\/www.instagram.com\\\/mpc.pr\\\/?hl=pt-br\",\"https:\\\/\\\/www.youtube.com\\\/channel\\\/UCHri5oEM8DV0ztX57E0sBSw\"]},{\"@type\":\"Person\",\"@id\":\"https:\\\/\\\/www.mpc.pr.gov.br\\\/#\\\/schema\\\/person\\\/2d83cb8980538d0ec174e8a6284f5e11\",\"name\":\"mpcontaspr\",\"image\":{\"@type\":\"ImageObject\",\"inLanguage\":\"pt-BR\",\"@id\":\"https:\\\/\\\/secure.gravatar.com\\\/avatar\\\/1aef51541db7622e05fd639336c9c9f312c2a618396e2b6ca96846362fc5403f?s=96&d=mm&r=g\",\"url\":\"https:\\\/\\\/secure.gravatar.com\\\/avatar\\\/1aef51541db7622e05fd639336c9c9f312c2a618396e2b6ca96846362fc5403f?s=96&d=mm&r=g\",\"contentUrl\":\"https:\\\/\\\/secure.gravatar.com\\\/avatar\\\/1aef51541db7622e05fd639336c9c9f312c2a618396e2b6ca96846362fc5403f?s=96&d=mm&r=g\",\"caption\":\"mpcontaspr\"},\"sameAs\":[\"http:\\\/\\\/www.mpc.pr.gov.br\"]}]}<\/script>\n<!-- \/ Yoast SEO plugin. -->","yoast_head_json":{"title":"N\u00e3o fracionamento de objeto de licita\u00e7\u00e3o \u00e9 permitido, desde que devidamente justificada sua excepcionalidade por motivos t\u00e9cnicos e econ\u00f4micos - Minist\u00e9rio P\u00fablico de Contas do Estado do Paran\u00e1","robots":{"index":"index","follow":"follow","max-snippet":"max-snippet:-1","max-image-preview":"max-image-preview:large","max-video-preview":"max-video-preview:-1"},"canonical":"https:\/\/www.mpc.pr.gov.br\/index.php\/nao-fracionamento-de-objeto-de-licitacao-e-permitido-desde-que-devidamente-justificada-sua-excepcionalidade-por-motivos-tecnicos-e-economicos\/","og_locale":"pt_BR","og_type":"article","og_title":"N\u00e3o fracionamento de objeto de licita\u00e7\u00e3o \u00e9 permitido, desde que devidamente justificada sua excepcionalidade por motivos t\u00e9cnicos e econ\u00f4micos - Minist\u00e9rio P\u00fablico de Contas do Estado do Paran\u00e1","og_description":"O Tribunal de Contas do Estado do Paran\u00e1 (TCE-PR) recentemente apreciou processo de Representa\u00e7\u00e3o da Lei de Licita\u00e7\u00f5es referente ao Preg\u00e3o Eletr\u00f4nico n\u00ba 213\/2023 promovido pelo Munic\u00edpio de Cascavel. A licita\u00e7\u00e3o possu\u00eda como objeto a contrata\u00e7\u00e3o de empresa especializada em softwares nativos de plataforma web para fornecimento de Sistema de Gest\u00e3o P\u00fablica Integrada.\u00a0 A Representa\u00e7\u00e3o [&hellip;]","og_url":"https:\/\/www.mpc.pr.gov.br\/index.php\/nao-fracionamento-de-objeto-de-licitacao-e-permitido-desde-que-devidamente-justificada-sua-excepcionalidade-por-motivos-tecnicos-e-economicos\/","og_site_name":"Minist\u00e9rio P\u00fablico de Contas do Estado do Paran\u00e1","article_publisher":"https:\/\/www.facebook.com\/mpc.pr","article_published_time":"2024-11-19T13:01:20+00:00","article_modified_time":"2024-12-10T12:14:30+00:00","og_image":[{"width":1112,"height":677,"url":"https:\/\/www.mpc.pr.gov.br\/wp-content\/uploads\/2024\/11\/cascavel-leonardo-fredrico-sguarezi.png","type":"image\/png"}],"author":"mpcontaspr","twitter_card":"summary_large_image","twitter_misc":{"Escrito por":"mpcontaspr","Est. tempo de leitura":"7 minutos"},"schema":{"@context":"https:\/\/schema.org","@graph":[{"@type":"Article","@id":"https:\/\/www.mpc.pr.gov.br\/index.php\/nao-fracionamento-de-objeto-de-licitacao-e-permitido-desde-que-devidamente-justificada-sua-excepcionalidade-por-motivos-tecnicos-e-economicos\/#article","isPartOf":{"@id":"https:\/\/www.mpc.pr.gov.br\/index.php\/nao-fracionamento-de-objeto-de-licitacao-e-permitido-desde-que-devidamente-justificada-sua-excepcionalidade-por-motivos-tecnicos-e-economicos\/"},"author":{"name":"mpcontaspr","@id":"https:\/\/www.mpc.pr.gov.br\/#\/schema\/person\/2d83cb8980538d0ec174e8a6284f5e11"},"headline":"N\u00e3o fracionamento de objeto de licita\u00e7\u00e3o \u00e9 permitido, desde que devidamente justificada sua excepcionalidade por motivos t\u00e9cnicos e econ\u00f4micos","datePublished":"2024-11-19T13:01:20+00:00","dateModified":"2024-12-10T12:14:30+00:00","mainEntityOfPage":{"@id":"https:\/\/www.mpc.pr.gov.br\/index.php\/nao-fracionamento-de-objeto-de-licitacao-e-permitido-desde-que-devidamente-justificada-sua-excepcionalidade-por-motivos-tecnicos-e-economicos\/"},"wordCount":1374,"commentCount":0,"publisher":{"@id":"https:\/\/www.mpc.pr.gov.br\/#organization"},"image":{"@id":"https:\/\/www.mpc.pr.gov.br\/index.php\/nao-fracionamento-de-objeto-de-licitacao-e-permitido-desde-que-devidamente-justificada-sua-excepcionalidade-por-motivos-tecnicos-e-economicos\/#primaryimage"},"thumbnailUrl":"https:\/\/www.mpc.pr.gov.br\/wp-content\/uploads\/2024\/11\/cascavel-leonardo-fredrico-sguarezi.png","keywords":["Cascavel","MPC-PR","Preg\u00e3o Eletr\u00f4nico","Representa\u00e7\u00e3o da Lei de Licita\u00e7\u00f5es","Sistemas e Softwares","TCE-PR","Tribunal Pleno"],"articleSection":["Todas as not\u00edcias"],"inLanguage":"pt-BR","potentialAction":[{"@type":"CommentAction","name":"Comment","target":["https:\/\/www.mpc.pr.gov.br\/index.php\/nao-fracionamento-de-objeto-de-licitacao-e-permitido-desde-que-devidamente-justificada-sua-excepcionalidade-por-motivos-tecnicos-e-economicos\/#respond"]}]},{"@type":"WebPage","@id":"https:\/\/www.mpc.pr.gov.br\/index.php\/nao-fracionamento-de-objeto-de-licitacao-e-permitido-desde-que-devidamente-justificada-sua-excepcionalidade-por-motivos-tecnicos-e-economicos\/","url":"https:\/\/www.mpc.pr.gov.br\/index.php\/nao-fracionamento-de-objeto-de-licitacao-e-permitido-desde-que-devidamente-justificada-sua-excepcionalidade-por-motivos-tecnicos-e-economicos\/","name":"N\u00e3o fracionamento de objeto de licita\u00e7\u00e3o \u00e9 permitido, desde que devidamente justificada sua excepcionalidade por motivos t\u00e9cnicos e econ\u00f4micos - Minist\u00e9rio P\u00fablico de Contas do Estado do Paran\u00e1","isPartOf":{"@id":"https:\/\/www.mpc.pr.gov.br\/#website"},"primaryImageOfPage":{"@id":"https:\/\/www.mpc.pr.gov.br\/index.php\/nao-fracionamento-de-objeto-de-licitacao-e-permitido-desde-que-devidamente-justificada-sua-excepcionalidade-por-motivos-tecnicos-e-economicos\/#primaryimage"},"image":{"@id":"https:\/\/www.mpc.pr.gov.br\/index.php\/nao-fracionamento-de-objeto-de-licitacao-e-permitido-desde-que-devidamente-justificada-sua-excepcionalidade-por-motivos-tecnicos-e-economicos\/#primaryimage"},"thumbnailUrl":"https:\/\/www.mpc.pr.gov.br\/wp-content\/uploads\/2024\/11\/cascavel-leonardo-fredrico-sguarezi.png","datePublished":"2024-11-19T13:01:20+00:00","dateModified":"2024-12-10T12:14:30+00:00","breadcrumb":{"@id":"https:\/\/www.mpc.pr.gov.br\/index.php\/nao-fracionamento-de-objeto-de-licitacao-e-permitido-desde-que-devidamente-justificada-sua-excepcionalidade-por-motivos-tecnicos-e-economicos\/#breadcrumb"},"inLanguage":"pt-BR","potentialAction":[{"@type":"ReadAction","target":["https:\/\/www.mpc.pr.gov.br\/index.php\/nao-fracionamento-de-objeto-de-licitacao-e-permitido-desde-que-devidamente-justificada-sua-excepcionalidade-por-motivos-tecnicos-e-economicos\/"]}]},{"@type":"ImageObject","inLanguage":"pt-BR","@id":"https:\/\/www.mpc.pr.gov.br\/index.php\/nao-fracionamento-de-objeto-de-licitacao-e-permitido-desde-que-devidamente-justificada-sua-excepcionalidade-por-motivos-tecnicos-e-economicos\/#primaryimage","url":"https:\/\/www.mpc.pr.gov.br\/wp-content\/uploads\/2024\/11\/cascavel-leonardo-fredrico-sguarezi.png","contentUrl":"https:\/\/www.mpc.pr.gov.br\/wp-content\/uploads\/2024\/11\/cascavel-leonardo-fredrico-sguarezi.png","width":1112,"height":677,"caption":"Munic\u00edpio de Cascavel, localizado na regi\u00e3o Oeste do Estado do Paran\u00e1. Foto: Leornardo Frederico Sguarezi."},{"@type":"BreadcrumbList","@id":"https:\/\/www.mpc.pr.gov.br\/index.php\/nao-fracionamento-de-objeto-de-licitacao-e-permitido-desde-que-devidamente-justificada-sua-excepcionalidade-por-motivos-tecnicos-e-economicos\/#breadcrumb","itemListElement":[{"@type":"ListItem","position":1,"name":"In\u00edcio","item":"https:\/\/www.mpc.pr.gov.br\/"},{"@type":"ListItem","position":2,"name":"N\u00e3o fracionamento de objeto de licita\u00e7\u00e3o \u00e9 permitido, desde que devidamente justificada sua excepcionalidade por motivos t\u00e9cnicos e econ\u00f4micos"}]},{"@type":"WebSite","@id":"https:\/\/www.mpc.pr.gov.br\/#website","url":"https:\/\/www.mpc.pr.gov.br\/","name":"Minist\u00e9rio P\u00fablico de Contas do Estado do Paran\u00e1","description":"","publisher":{"@id":"https:\/\/www.mpc.pr.gov.br\/#organization"},"potentialAction":[{"@type":"SearchAction","target":{"@type":"EntryPoint","urlTemplate":"https:\/\/www.mpc.pr.gov.br\/?s={search_term_string}"},"query-input":{"@type":"PropertyValueSpecification","valueRequired":true,"valueName":"search_term_string"}}],"inLanguage":"pt-BR"},{"@type":"Organization","@id":"https:\/\/www.mpc.pr.gov.br\/#organization","name":"Minist\u00e9rio P\u00fablico de Contas do Estado do Paran\u00e1","url":"https:\/\/www.mpc.pr.gov.br\/","logo":{"@type":"ImageObject","inLanguage":"pt-BR","@id":"https:\/\/www.mpc.pr.gov.br\/#\/schema\/logo\/image\/","url":"https:\/\/www.mpc.pr.gov.br\/wp-content\/uploads\/2020\/06\/99423647_1593460364143890_6706793420720963584_n-1-e1591387983167.png","contentUrl":"https:\/\/www.mpc.pr.gov.br\/wp-content\/uploads\/2020\/06\/99423647_1593460364143890_6706793420720963584_n-1-e1591387983167.png","width":243,"height":73,"caption":"Minist\u00e9rio P\u00fablico de Contas do Estado do Paran\u00e1"},"image":{"@id":"https:\/\/www.mpc.pr.gov.br\/#\/schema\/logo\/image\/"},"sameAs":["https:\/\/www.facebook.com\/mpc.pr","https:\/\/www.instagram.com\/mpc.pr\/?hl=pt-br","https:\/\/www.youtube.com\/channel\/UCHri5oEM8DV0ztX57E0sBSw"]},{"@type":"Person","@id":"https:\/\/www.mpc.pr.gov.br\/#\/schema\/person\/2d83cb8980538d0ec174e8a6284f5e11","name":"mpcontaspr","image":{"@type":"ImageObject","inLanguage":"pt-BR","@id":"https:\/\/secure.gravatar.com\/avatar\/1aef51541db7622e05fd639336c9c9f312c2a618396e2b6ca96846362fc5403f?s=96&d=mm&r=g","url":"https:\/\/secure.gravatar.com\/avatar\/1aef51541db7622e05fd639336c9c9f312c2a618396e2b6ca96846362fc5403f?s=96&d=mm&r=g","contentUrl":"https:\/\/secure.gravatar.com\/avatar\/1aef51541db7622e05fd639336c9c9f312c2a618396e2b6ca96846362fc5403f?s=96&d=mm&r=g","caption":"mpcontaspr"},"sameAs":["http:\/\/www.mpc.pr.gov.br"]}]}},"rttpg_featured_image_url":{"full":["https:\/\/www.mpc.pr.gov.br\/wp-content\/uploads\/2024\/11\/cascavel-leonardo-fredrico-sguarezi.png",1112,677,false],"landscape":["https:\/\/www.mpc.pr.gov.br\/wp-content\/uploads\/2024\/11\/cascavel-leonardo-fredrico-sguarezi.png",1112,677,false],"portraits":["https:\/\/www.mpc.pr.gov.br\/wp-content\/uploads\/2024\/11\/cascavel-leonardo-fredrico-sguarezi.png",1112,677,false],"thumbnail":["https:\/\/www.mpc.pr.gov.br\/wp-content\/uploads\/2024\/11\/cascavel-leonardo-fredrico-sguarezi-150x150.png",150,150,true],"medium":["https:\/\/www.mpc.pr.gov.br\/wp-content\/uploads\/2024\/11\/cascavel-leonardo-fredrico-sguarezi-300x183.png",300,183,true],"large":["https:\/\/www.mpc.pr.gov.br\/wp-content\/uploads\/2024\/11\/cascavel-leonardo-fredrico-sguarezi-1024x623.png",1024,623,true],"1536x1536":["https:\/\/www.mpc.pr.gov.br\/wp-content\/uploads\/2024\/11\/cascavel-leonardo-fredrico-sguarezi.png",1112,677,false],"2048x2048":["https:\/\/www.mpc.pr.gov.br\/wp-content\/uploads\/2024\/11\/cascavel-leonardo-fredrico-sguarezi.png",1112,677,false],"ocean-thumb-m":["https:\/\/www.mpc.pr.gov.br\/wp-content\/uploads\/2024\/11\/cascavel-leonardo-fredrico-sguarezi-600x600.png",600,600,true],"ocean-thumb-ml":["https:\/\/www.mpc.pr.gov.br\/wp-content\/uploads\/2024\/11\/cascavel-leonardo-fredrico-sguarezi-800x450.png",800,450,true],"ocean-thumb-l":["https:\/\/www.mpc.pr.gov.br\/wp-content\/uploads\/2024\/11\/cascavel-leonardo-fredrico-sguarezi.png",1112,677,false]},"rttpg_author":{"display_name":"mpcontaspr","author_link":"https:\/\/www.mpc.pr.gov.br\/index.php\/author\/mpcontaspr\/"},"rttpg_comment":0,"rttpg_category":"<a href=\"https:\/\/www.mpc.pr.gov.br\/index.php\/category\/todas-as-noticias\/\" rel=\"category tag\">Todas as not\u00edcias<\/a>","rttpg_excerpt":"O Tribunal de Contas do Estado do Paran\u00e1 (TCE-PR) recentemente apreciou processo de Representa\u00e7\u00e3o da Lei de Licita\u00e7\u00f5es referente ao Preg\u00e3o Eletr\u00f4nico n\u00ba 213\/2023 promovido pelo Munic\u00edpio de Cascavel. A licita\u00e7\u00e3o possu\u00eda como objeto a contrata\u00e7\u00e3o de empresa especializada em softwares nativos de plataforma web para fornecimento de Sistema de Gest\u00e3o P\u00fablica Integrada.\u00a0 A Representa\u00e7\u00e3o&hellip;","_links":{"self":[{"href":"https:\/\/www.mpc.pr.gov.br\/index.php\/wp-json\/wp\/v2\/posts\/21823","targetHints":{"allow":["GET"]}}],"collection":[{"href":"https:\/\/www.mpc.pr.gov.br\/index.php\/wp-json\/wp\/v2\/posts"}],"about":[{"href":"https:\/\/www.mpc.pr.gov.br\/index.php\/wp-json\/wp\/v2\/types\/post"}],"author":[{"embeddable":true,"href":"https:\/\/www.mpc.pr.gov.br\/index.php\/wp-json\/wp\/v2\/users\/1"}],"replies":[{"embeddable":true,"href":"https:\/\/www.mpc.pr.gov.br\/index.php\/wp-json\/wp\/v2\/comments?post=21823"}],"version-history":[{"count":1,"href":"https:\/\/www.mpc.pr.gov.br\/index.php\/wp-json\/wp\/v2\/posts\/21823\/revisions"}],"predecessor-version":[{"id":21829,"href":"https:\/\/www.mpc.pr.gov.br\/index.php\/wp-json\/wp\/v2\/posts\/21823\/revisions\/21829"}],"wp:featuredmedia":[{"embeddable":true,"href":"https:\/\/www.mpc.pr.gov.br\/index.php\/wp-json\/wp\/v2\/media\/21826"}],"wp:attachment":[{"href":"https:\/\/www.mpc.pr.gov.br\/index.php\/wp-json\/wp\/v2\/media?parent=21823"}],"wp:term":[{"taxonomy":"category","embeddable":true,"href":"https:\/\/www.mpc.pr.gov.br\/index.php\/wp-json\/wp\/v2\/categories?post=21823"},{"taxonomy":"post_tag","embeddable":true,"href":"https:\/\/www.mpc.pr.gov.br\/index.php\/wp-json\/wp\/v2\/tags?post=21823"}],"curies":[{"name":"wp","href":"https:\/\/api.w.org\/{rel}","templated":true}]}}