{"id":21842,"date":"2024-11-26T10:08:57","date_gmt":"2024-11-26T13:08:57","guid":{"rendered":"https:\/\/www.mpc.pr.gov.br\/?p=21842"},"modified":"2024-12-11T08:27:15","modified_gmt":"2024-12-11T11:27:15","slug":"associacao-dos-estudantes-universitarios-de-terra-rica-deve-restituir-cerca-de-r-80-mil-ao-municipio","status":"publish","type":"post","link":"https:\/\/www.mpc.pr.gov.br\/index.php\/associacao-dos-estudantes-universitarios-de-terra-rica-deve-restituir-cerca-de-r-80-mil-ao-municipio\/","title":{"rendered":"Associa\u00e7\u00e3o dos Estudantes Universit\u00e1rios de Terra Rica deve restituir cerca de R$ 80 mil ao Munic\u00edpio"},"content":{"rendered":"<figure id=\"attachment_21844\" aria-describedby=\"caption-attachment-21844\" style=\"width: 300px\" class=\"wp-caption alignleft\"><img fetchpriority=\"high\" decoding=\"async\" class=\"size-medium wp-image-21844\" src=\"https:\/\/www.mpc.pr.gov.br\/wp-content\/uploads\/2024\/11\/terra-rica-300x199.jpg\" alt=\"\" width=\"300\" height=\"199\" srcset=\"https:\/\/www.mpc.pr.gov.br\/wp-content\/uploads\/2024\/11\/terra-rica-300x199.jpg 300w, https:\/\/www.mpc.pr.gov.br\/wp-content\/uploads\/2024\/11\/terra-rica-768x510.jpg 768w, https:\/\/www.mpc.pr.gov.br\/wp-content\/uploads\/2024\/11\/terra-rica.jpg 1024w\" sizes=\"(max-width: 300px) 100vw, 300px\" \/><figcaption id=\"caption-attachment-21844\" class=\"wp-caption-text\">O Munic\u00edpio de Terra Rica conta com aproximadamente 14.842 habitantes (IBGE 2022), e est\u00e1 localizado pr\u00f3ximo \u00e0 divisa dos Estados do Paran\u00e1 e S\u00e3o Paulo. Foto: divulga\u00e7\u00e3o.<\/figcaption><\/figure>\n<p><span data-contrast=\"auto\">A Primeira C\u00e2mara do Tribunal de Contas do Paran\u00e1 (TCE-PR) julgou procedente a Tomada de Contas Especial instaurada no \u00e2mbito da presta\u00e7\u00e3o de contas de transfer\u00eancia volunt\u00e1ria entre a Associa\u00e7\u00e3o dos Estudantes Universit\u00e1rios de Terra Rica e o <a href=\"http:\/\/www.terrarica.pr.gov.br\/\">Munic\u00edpio<\/a>, relativa ao Termo de Fomento n\u00b0 003\/2021, cadastrado no Sistema Integrado de Transfer\u00eancias (SIT) sob o n\u00famero 47384. O motivo da decis\u00e3o foi a aus\u00eancia de presta\u00e7\u00e3o de contas acerca da utiliza\u00e7\u00e3o dos recursos repassados.<\/span><span data-ccp-props=\"{&quot;201341983&quot;:0,&quot;335551550&quot;:6,&quot;335551620&quot;:6,&quot;335559740&quot;:360}\">\u00a0<\/span><\/p>\n<p><span data-contrast=\"auto\">O Termo de Fomento, com vig\u00eancia entre 16 de setembro de 2019 a 15 de setembro de 2020, previa repasses no valor de R$ 90.000,00, com o objetivo de fomentar o transporte de universit\u00e1rios \u00e0s institui\u00e7\u00f5es de ensino superior presencial.\u00a0<\/span><span data-ccp-props=\"{&quot;201341983&quot;:0,&quot;335551550&quot;:6,&quot;335551620&quot;:6,&quot;335559740&quot;:360}\">\u00a0<\/span><\/p>\n<p><span data-contrast=\"auto\">Ocorre que, o relat\u00f3rio de tomada de contas especial apontou que a Associa\u00e7\u00e3o dos Estudantes Universit\u00e1rios n\u00e3o teria prestado contas acerca da utiliza\u00e7\u00e3o dos recursos repassados, atrav\u00e9s da alimenta\u00e7\u00e3o de dados no sistema SIT, conforme o previsto no art. 3 da Lei Municipal 082\/2017. Ademais, foi identificado um saldo ao final da transfer\u00eancia no valor de R$ 65.669,53 e despesas n\u00e3o comprovadas no valor de R$ 14.786,28.<\/span><span data-ccp-props=\"{&quot;201341983&quot;:0,&quot;335551550&quot;:6,&quot;335551620&quot;:6,&quot;335559740&quot;:360}\">\u00a0<\/span><\/p>\n<h4><b><span data-contrast=\"auto\">Instru\u00e7\u00e3o do processo<\/span><\/b><span data-ccp-props=\"{&quot;201341983&quot;:0,&quot;335551550&quot;:6,&quot;335551620&quot;:6,&quot;335559740&quot;:360}\">\u00a0<\/span><\/h4>\n<p><span data-contrast=\"auto\">Al\u00e9m da aus\u00eancia de presta\u00e7\u00e3o de contas, verificou-se que <\/span><span data-contrast=\"none\">a entidade apresentou os fechamentos do 1\u00ba e 2\u00ba bimestres com atraso expressivo e, a partir do 3\u00ba bimestre, n\u00e3o apresentou os fechamentos, extratos banc\u00e1rios ou quaisquer documentos capazes de aferir a sua real utiliza\u00e7\u00e3o. Dessa forma, o Munic\u00edpio decidiu cessar os repasses desde o m\u00eas de julho de 2021, tendo em vista que n\u00e3o era poss\u00edvel acompanhar a aplica\u00e7\u00e3o dos recursos.\u00a0<\/span><span data-ccp-props=\"{&quot;201341983&quot;:0,&quot;335551550&quot;:6,&quot;335551620&quot;:6,&quot;335559740&quot;:360}\">\u00a0<\/span><\/p>\n<p><span data-contrast=\"none\">Mediante o Despacho n\u00b0 941\/23, o Relator Conselheiro Maur\u00edcio Requi\u00e3o de Mello e Silva determinou a intima\u00e7\u00e3o do Munic\u00edpio e da entidade estudantil para que prestassem esclarecimentos. A intima\u00e7\u00e3o da Associa\u00e7\u00e3o restou infrut\u00edfera, em raz\u00e3o do cadastro desatualizado no SICAD, sendo considerada como efetuada a cita\u00e7\u00e3o realizada ao seu representante legal na \u00e9poca dos fatos. Por sua vez, o Munic\u00edpio de Terra Rica deixou de apresentar defesa.<\/span><span data-ccp-props=\"{&quot;201341983&quot;:0,&quot;335551550&quot;:6,&quot;335551620&quot;:6,&quot;335559740&quot;:360}\">\u00a0<\/span><\/p>\n<p><span data-contrast=\"none\">Instados a se manifestar, tanto a Coordenadoria de Gest\u00e3o Municipal (CGM) quanto o Minist\u00e9rio P\u00fablico de Contas do Paran\u00e1 (MPC-PR), por meio do <a href=\"https:\/\/www.mpc.pr.gov.br\/wp-content\/uploads\/2024\/11\/terra-rica-PAR-724_24-5PC.pdf\">Parecer n\u00b0 724\/24<\/a> da 5\u00aa Procuradoria de Contas, opinaram conclusivamente pela irregularidade das contas e pela devolu\u00e7\u00e3o parcial dos recursos repassados, devidamente corrigidos, de forma solid\u00e1ria pela entidade tomadora e por seu representante legal, sob pena de inscri\u00e7\u00e3o em d\u00edvida ativa.<\/span><span data-ccp-props=\"{&quot;134233117&quot;:false,&quot;134233118&quot;:false,&quot;201341983&quot;:0,&quot;335551550&quot;:6,&quot;335551620&quot;:6,&quot;335559685&quot;:0,&quot;335559737&quot;:0,&quot;335559738&quot;:0,&quot;335559739&quot;:160,&quot;335559740&quot;:360}\">\u00a0<\/span><\/p>\n<h4><b><span data-contrast=\"none\">Decis\u00e3o<\/span><\/b><span data-ccp-props=\"{&quot;201341983&quot;:0,&quot;335551550&quot;:6,&quot;335551620&quot;:6,&quot;335559740&quot;:360}\">\u00a0<\/span><\/h4>\n<p><span data-contrast=\"none\">Em sede de julgamento, mediante o <a href=\"https:\/\/www.mpc.pr.gov.br\/wp-content\/uploads\/2024\/11\/terra-ricaACO-3688_24-S1C.pdf\">Ac\u00f3rd\u00e3o n\u00b0 3688\/24<\/a>, o Relator observou que n\u00e3o foram apresentados quaisquer documentos que comprovassem as despesas e a leg\u00edtima destina\u00e7\u00e3o ou a devolu\u00e7\u00e3o do saldo final da transfer\u00eancia \u00e0 entidade concedente, nos termos do que estabelece o art. 15 da Resolu\u00e7\u00e3o n\u00b0 28\/2011.<\/span><span data-ccp-props=\"{&quot;201341983&quot;:0,&quot;335551550&quot;:6,&quot;335551620&quot;:6,&quot;335559740&quot;:360}\">\u00a0<\/span><\/p>\n<p><span data-contrast=\"none\">Desse modo, visto que a Associa\u00e7\u00e3o dos Estudantes Universit\u00e1rios de Terra Rica deixou de prestar contas de R$ 65.669,53, bem como de comprovar uma s\u00e9rie de despesas com combust\u00edveis, manuten\u00e7\u00e3o dos ve\u00edculos, dentre outros gastos, totalizando um montante de R$ 14.786,28, tais valores devem ser restitu\u00eddos ao Munic\u00edpio.<\/span><span data-ccp-props=\"{&quot;201341983&quot;:0,&quot;335551550&quot;:6,&quot;335551620&quot;:6,&quot;335559740&quot;:360}\">\u00a0<\/span><\/p>\n<p><span data-contrast=\"none\">Nesse sentido, o Relator destacou que em conformidade com a jurisprud\u00eancia uniforme do TCE-PR, a responsabiliza\u00e7\u00e3o pelo recolhimento deve alcan\u00e7ar, al\u00e9m da entidade tomadora dos recursos, o seu respons\u00e1vel legal, uma vez que a falta de comprova\u00e7\u00e3o da devolu\u00e7\u00e3o dos recursos ou da legalidade da sua aplica\u00e7\u00e3o aponta para a utiliza\u00e7\u00e3o abusiva e ilegal de entidade privada por parte de seu gestor, visando ao aproveitamento indevido de recursos p\u00fablicos. Imp\u00f5e-se, assim, a desconsidera\u00e7\u00e3o da personalidade jur\u00eddica, nos termos do art. 502 do C\u00f3digo Civil e da Uniformiza\u00e7\u00e3o de Jurisprud\u00eancia n\u00b0 03 desta Corte de Contas (Ac\u00f3rd\u00e3o n\u00ba 1412\/2006 \u2013 Pleno, de relatoria do Conselheiro Fernando Augusto Mello Guimar\u00e3es).\u00a0<\/span><span data-ccp-props=\"{&quot;201341983&quot;:0,&quot;335551550&quot;:6,&quot;335551620&quot;:6,&quot;335559740&quot;:360}\">\u00a0<\/span><\/p>\n<p><span data-contrast=\"none\">Sendo assim, acompanhando as manifesta\u00e7\u00f5es uniformes da unidade t\u00e9cnica e do Minist\u00e9rio P\u00fablico de Contas, os membros da Primeira C\u00e2mara julgaram <\/span><span data-contrast=\"auto\">procedente a Tomada de Contas Especial pela irregularidade das contas, com imputa\u00e7\u00e3o do recolhimento parcial dos recursos repassados, nos valores de R$ 65.669,53 e R$ 14.786,28, referentes ao saldo final da transfer\u00eancia e a despesas n\u00e3o comprovadas, devidamente corrigidos, ao Tesouro Municipal, sendo respons\u00e1veis, de forma solid\u00e1ria, a Associa\u00e7\u00e3o dos Estudantes Universit\u00e1rios de Terra Rica, entidade tomadora, e o seu representante legal no per\u00edodo de 15 de mar\u00e7o de 2020 a 15 de mar\u00e7o de 2023.<\/span><span data-ccp-props=\"{&quot;134233117&quot;:false,&quot;134233118&quot;:false,&quot;201341983&quot;:0,&quot;335551550&quot;:6,&quot;335551620&quot;:6,&quot;335559685&quot;:0,&quot;335559737&quot;:0,&quot;335559738&quot;:0,&quot;335559739&quot;:160,&quot;335559740&quot;:360}\">\u00a0<\/span><\/p>\n<p><span data-contrast=\"auto\">Em caso do n\u00e3o recolhimento dos valores apontados, as partes dever\u00e3o ser inscritas em d\u00edvida ativa pelo \u00f3rg\u00e3o competente, com fundamento no art. 71, \u00a7 3\u00ba, da Constitui\u00e7\u00e3o Federal, no art. 76, \u00a7 3\u00ba, da Constitui\u00e7\u00e3o Estadual, e no art. 2\u00ba da Lei Federal n\u00ba 6.830\/1980.\u00a0<\/span><span data-ccp-props=\"{&quot;201341983&quot;:0,&quot;335551550&quot;:6,&quot;335551620&quot;:6,&quot;335559740&quot;:360}\">\u00a0<\/span><\/p>\n<blockquote><p><span style=\"color: #820007;\"><strong><u>Informa\u00e7\u00e3o para consulta processual<\/u><\/strong><\/span><\/p>\n<table style=\"height: 183px;\" border=\"0\" width=\"478\" cellspacing=\"0\" cellpadding=\"0\">\n<tbody>\n<tr>\n<td><strong>Processo n\u00ba<\/strong>:<\/td>\n<td>82224\/22<\/td>\n<\/tr>\n<tr>\n<td><strong>Ac\u00f3rd\u00e3o n\u00ba<\/strong>:<\/td>\n<td>3688\/24 &#8211; Primeira C\u00e2mara<\/td>\n<\/tr>\n<tr>\n<td><strong>Assunto<\/strong>:<\/td>\n<td>Tomada de Contas Especial<\/td>\n<\/tr>\n<tr>\n<td><strong>Entidade<\/strong>:<\/td>\n<td>Munic\u00edpio de Terra Rica<\/td>\n<\/tr>\n<tr>\n<td><strong>Relator<\/strong>:<\/td>\n<td><span class=\"TextRun SCXW156170801 BCX0\" lang=\"PT-BR\" xml:lang=\"PT-BR\" data-contrast=\"auto\"><span class=\"NormalTextRun SCXW156170801 BCX0\">Conselheiro Maur\u00edcio Requi\u00e3o de Mello e Silva<\/span><\/span><\/td>\n<\/tr>\n<\/tbody>\n<\/table>\n<\/blockquote>\n","protected":false},"excerpt":{"rendered":"<p>A Primeira C\u00e2mara do Tribunal de Contas do Paran\u00e1 (TCE-PR) julgou procedente a Tomada de Contas Especial instaurada no \u00e2mbito da presta\u00e7\u00e3o de contas de transfer\u00eancia volunt\u00e1ria entre a Associa\u00e7\u00e3o dos Estudantes Universit\u00e1rios de Terra Rica e o Munic\u00edpio, relativa ao Termo de Fomento n\u00b0 003\/2021, cadastrado no Sistema Integrado de Transfer\u00eancias (SIT) sob o [&hellip;]<\/p>\n","protected":false},"author":1,"featured_media":21844,"comment_status":"open","ping_status":"open","sticky":false,"template":"","format":"standard","meta":{"_monsterinsights_skip_tracking":false,"_monsterinsights_sitenote_active":false,"_monsterinsights_sitenote_note":"","_monsterinsights_sitenote_category":0,"footnotes":""},"categories":[7],"tags":[226,13,149,39,545,442,151],"class_list":["post-21842","post","type-post","status-publish","format-standard","has-post-thumbnail","hentry","category-todas-as-noticias","tag-irregularidade-das-contas","tag-mpc-pr","tag-primeira-camara","tag-tce-pr","tag-terra-rica","tag-tomada-de-contas-especial","tag-transferencia-voluntaria","entry","has-media"],"yoast_head":"<!-- This site is optimized with the Yoast SEO plugin v27.3 - https:\/\/yoast.com\/product\/yoast-seo-wordpress\/ -->\n<title>Associa\u00e7\u00e3o dos Estudantes Universit\u00e1rios de Terra Rica deve restituir cerca de R$ 80 mil ao Munic\u00edpio - Minist\u00e9rio P\u00fablico de Contas do Estado do Paran\u00e1<\/title>\n<meta name=\"robots\" content=\"index, follow, max-snippet:-1, max-image-preview:large, max-video-preview:-1\" \/>\n<link rel=\"canonical\" href=\"https:\/\/www.mpc.pr.gov.br\/index.php\/associacao-dos-estudantes-universitarios-de-terra-rica-deve-restituir-cerca-de-r-80-mil-ao-municipio\/\" \/>\n<meta property=\"og:locale\" content=\"pt_BR\" \/>\n<meta property=\"og:type\" content=\"article\" \/>\n<meta property=\"og:title\" content=\"Associa\u00e7\u00e3o dos Estudantes Universit\u00e1rios de Terra Rica deve restituir cerca de R$ 80 mil ao Munic\u00edpio - Minist\u00e9rio P\u00fablico de Contas do Estado do Paran\u00e1\" \/>\n<meta property=\"og:description\" content=\"A Primeira C\u00e2mara do Tribunal de Contas do Paran\u00e1 (TCE-PR) julgou procedente a Tomada de Contas Especial instaurada no \u00e2mbito da presta\u00e7\u00e3o de contas de transfer\u00eancia volunt\u00e1ria entre a Associa\u00e7\u00e3o dos Estudantes Universit\u00e1rios de Terra Rica e o Munic\u00edpio, relativa ao Termo de Fomento n\u00b0 003\/2021, cadastrado no Sistema Integrado de Transfer\u00eancias (SIT) sob o [&hellip;]\" \/>\n<meta property=\"og:url\" content=\"https:\/\/www.mpc.pr.gov.br\/index.php\/associacao-dos-estudantes-universitarios-de-terra-rica-deve-restituir-cerca-de-r-80-mil-ao-municipio\/\" \/>\n<meta property=\"og:site_name\" content=\"Minist\u00e9rio P\u00fablico de Contas do Estado do Paran\u00e1\" \/>\n<meta property=\"article:publisher\" content=\"https:\/\/www.facebook.com\/mpc.pr\" \/>\n<meta property=\"article:published_time\" content=\"2024-11-26T13:08:57+00:00\" \/>\n<meta property=\"article:modified_time\" content=\"2024-12-11T11:27:15+00:00\" \/>\n<meta property=\"og:image\" content=\"https:\/\/www.mpc.pr.gov.br\/wp-content\/uploads\/2024\/11\/terra-rica.jpg\" \/>\n\t<meta property=\"og:image:width\" content=\"1024\" \/>\n\t<meta property=\"og:image:height\" content=\"680\" \/>\n\t<meta property=\"og:image:type\" content=\"image\/jpeg\" \/>\n<meta name=\"author\" content=\"mpcontaspr\" \/>\n<meta name=\"twitter:card\" content=\"summary_large_image\" \/>\n<meta name=\"twitter:label1\" content=\"Escrito por\" \/>\n\t<meta name=\"twitter:data1\" content=\"mpcontaspr\" \/>\n\t<meta name=\"twitter:label2\" content=\"Est. tempo de leitura\" \/>\n\t<meta name=\"twitter:data2\" content=\"5 minutos\" \/>\n<script type=\"application\/ld+json\" class=\"yoast-schema-graph\">{\"@context\":\"https:\\\/\\\/schema.org\",\"@graph\":[{\"@type\":\"Article\",\"@id\":\"https:\\\/\\\/www.mpc.pr.gov.br\\\/index.php\\\/associacao-dos-estudantes-universitarios-de-terra-rica-deve-restituir-cerca-de-r-80-mil-ao-municipio\\\/#article\",\"isPartOf\":{\"@id\":\"https:\\\/\\\/www.mpc.pr.gov.br\\\/index.php\\\/associacao-dos-estudantes-universitarios-de-terra-rica-deve-restituir-cerca-de-r-80-mil-ao-municipio\\\/\"},\"author\":{\"name\":\"mpcontaspr\",\"@id\":\"https:\\\/\\\/www.mpc.pr.gov.br\\\/#\\\/schema\\\/person\\\/2d83cb8980538d0ec174e8a6284f5e11\"},\"headline\":\"Associa\u00e7\u00e3o dos Estudantes Universit\u00e1rios de Terra Rica deve restituir cerca de R$ 80 mil ao Munic\u00edpio\",\"datePublished\":\"2024-11-26T13:08:57+00:00\",\"dateModified\":\"2024-12-11T11:27:15+00:00\",\"mainEntityOfPage\":{\"@id\":\"https:\\\/\\\/www.mpc.pr.gov.br\\\/index.php\\\/associacao-dos-estudantes-universitarios-de-terra-rica-deve-restituir-cerca-de-r-80-mil-ao-municipio\\\/\"},\"wordCount\":893,\"commentCount\":0,\"publisher\":{\"@id\":\"https:\\\/\\\/www.mpc.pr.gov.br\\\/#organization\"},\"image\":{\"@id\":\"https:\\\/\\\/www.mpc.pr.gov.br\\\/index.php\\\/associacao-dos-estudantes-universitarios-de-terra-rica-deve-restituir-cerca-de-r-80-mil-ao-municipio\\\/#primaryimage\"},\"thumbnailUrl\":\"https:\\\/\\\/www.mpc.pr.gov.br\\\/wp-content\\\/uploads\\\/2024\\\/11\\\/terra-rica.jpg\",\"keywords\":[\"Irregularidade das contas\",\"MPC-PR\",\"Primeira C\u00e2mara\",\"TCE-PR\",\"Terra Rica\",\"Tomada de Contas Especial\",\"Transfer\u00eancia Volunt\u00e1ria\"],\"articleSection\":[\"Todas as not\u00edcias\"],\"inLanguage\":\"pt-BR\",\"potentialAction\":[{\"@type\":\"CommentAction\",\"name\":\"Comment\",\"target\":[\"https:\\\/\\\/www.mpc.pr.gov.br\\\/index.php\\\/associacao-dos-estudantes-universitarios-de-terra-rica-deve-restituir-cerca-de-r-80-mil-ao-municipio\\\/#respond\"]}]},{\"@type\":\"WebPage\",\"@id\":\"https:\\\/\\\/www.mpc.pr.gov.br\\\/index.php\\\/associacao-dos-estudantes-universitarios-de-terra-rica-deve-restituir-cerca-de-r-80-mil-ao-municipio\\\/\",\"url\":\"https:\\\/\\\/www.mpc.pr.gov.br\\\/index.php\\\/associacao-dos-estudantes-universitarios-de-terra-rica-deve-restituir-cerca-de-r-80-mil-ao-municipio\\\/\",\"name\":\"Associa\u00e7\u00e3o dos Estudantes Universit\u00e1rios de Terra Rica deve restituir cerca de R$ 80 mil ao Munic\u00edpio - Minist\u00e9rio P\u00fablico de Contas do Estado do Paran\u00e1\",\"isPartOf\":{\"@id\":\"https:\\\/\\\/www.mpc.pr.gov.br\\\/#website\"},\"primaryImageOfPage\":{\"@id\":\"https:\\\/\\\/www.mpc.pr.gov.br\\\/index.php\\\/associacao-dos-estudantes-universitarios-de-terra-rica-deve-restituir-cerca-de-r-80-mil-ao-municipio\\\/#primaryimage\"},\"image\":{\"@id\":\"https:\\\/\\\/www.mpc.pr.gov.br\\\/index.php\\\/associacao-dos-estudantes-universitarios-de-terra-rica-deve-restituir-cerca-de-r-80-mil-ao-municipio\\\/#primaryimage\"},\"thumbnailUrl\":\"https:\\\/\\\/www.mpc.pr.gov.br\\\/wp-content\\\/uploads\\\/2024\\\/11\\\/terra-rica.jpg\",\"datePublished\":\"2024-11-26T13:08:57+00:00\",\"dateModified\":\"2024-12-11T11:27:15+00:00\",\"breadcrumb\":{\"@id\":\"https:\\\/\\\/www.mpc.pr.gov.br\\\/index.php\\\/associacao-dos-estudantes-universitarios-de-terra-rica-deve-restituir-cerca-de-r-80-mil-ao-municipio\\\/#breadcrumb\"},\"inLanguage\":\"pt-BR\",\"potentialAction\":[{\"@type\":\"ReadAction\",\"target\":[\"https:\\\/\\\/www.mpc.pr.gov.br\\\/index.php\\\/associacao-dos-estudantes-universitarios-de-terra-rica-deve-restituir-cerca-de-r-80-mil-ao-municipio\\\/\"]}]},{\"@type\":\"ImageObject\",\"inLanguage\":\"pt-BR\",\"@id\":\"https:\\\/\\\/www.mpc.pr.gov.br\\\/index.php\\\/associacao-dos-estudantes-universitarios-de-terra-rica-deve-restituir-cerca-de-r-80-mil-ao-municipio\\\/#primaryimage\",\"url\":\"https:\\\/\\\/www.mpc.pr.gov.br\\\/wp-content\\\/uploads\\\/2024\\\/11\\\/terra-rica.jpg\",\"contentUrl\":\"https:\\\/\\\/www.mpc.pr.gov.br\\\/wp-content\\\/uploads\\\/2024\\\/11\\\/terra-rica.jpg\",\"width\":1024,\"height\":680,\"caption\":\"O Munic\u00edpio de Terra Rica conta com aproximadamente 14.842 habitantes (IBGE 2022), e est\u00e1 localizado pr\u00f3ximo \u00e0 divisa dos Estados do Paran\u00e1 e S\u00e3o Paulo. Foto: divulga\u00e7\u00e3o.\"},{\"@type\":\"BreadcrumbList\",\"@id\":\"https:\\\/\\\/www.mpc.pr.gov.br\\\/index.php\\\/associacao-dos-estudantes-universitarios-de-terra-rica-deve-restituir-cerca-de-r-80-mil-ao-municipio\\\/#breadcrumb\",\"itemListElement\":[{\"@type\":\"ListItem\",\"position\":1,\"name\":\"In\u00edcio\",\"item\":\"https:\\\/\\\/www.mpc.pr.gov.br\\\/\"},{\"@type\":\"ListItem\",\"position\":2,\"name\":\"Associa\u00e7\u00e3o dos Estudantes Universit\u00e1rios de Terra Rica deve restituir cerca de R$ 80 mil ao Munic\u00edpio\"}]},{\"@type\":\"WebSite\",\"@id\":\"https:\\\/\\\/www.mpc.pr.gov.br\\\/#website\",\"url\":\"https:\\\/\\\/www.mpc.pr.gov.br\\\/\",\"name\":\"Minist\u00e9rio P\u00fablico de Contas do Estado do Paran\u00e1\",\"description\":\"\",\"publisher\":{\"@id\":\"https:\\\/\\\/www.mpc.pr.gov.br\\\/#organization\"},\"potentialAction\":[{\"@type\":\"SearchAction\",\"target\":{\"@type\":\"EntryPoint\",\"urlTemplate\":\"https:\\\/\\\/www.mpc.pr.gov.br\\\/?s={search_term_string}\"},\"query-input\":{\"@type\":\"PropertyValueSpecification\",\"valueRequired\":true,\"valueName\":\"search_term_string\"}}],\"inLanguage\":\"pt-BR\"},{\"@type\":\"Organization\",\"@id\":\"https:\\\/\\\/www.mpc.pr.gov.br\\\/#organization\",\"name\":\"Minist\u00e9rio P\u00fablico de Contas do Estado do Paran\u00e1\",\"url\":\"https:\\\/\\\/www.mpc.pr.gov.br\\\/\",\"logo\":{\"@type\":\"ImageObject\",\"inLanguage\":\"pt-BR\",\"@id\":\"https:\\\/\\\/www.mpc.pr.gov.br\\\/#\\\/schema\\\/logo\\\/image\\\/\",\"url\":\"https:\\\/\\\/www.mpc.pr.gov.br\\\/wp-content\\\/uploads\\\/2020\\\/06\\\/99423647_1593460364143890_6706793420720963584_n-1-e1591387983167.png\",\"contentUrl\":\"https:\\\/\\\/www.mpc.pr.gov.br\\\/wp-content\\\/uploads\\\/2020\\\/06\\\/99423647_1593460364143890_6706793420720963584_n-1-e1591387983167.png\",\"width\":243,\"height\":73,\"caption\":\"Minist\u00e9rio P\u00fablico de Contas do Estado do Paran\u00e1\"},\"image\":{\"@id\":\"https:\\\/\\\/www.mpc.pr.gov.br\\\/#\\\/schema\\\/logo\\\/image\\\/\"},\"sameAs\":[\"https:\\\/\\\/www.facebook.com\\\/mpc.pr\",\"https:\\\/\\\/www.instagram.com\\\/mpc.pr\\\/?hl=pt-br\",\"https:\\\/\\\/www.youtube.com\\\/channel\\\/UCHri5oEM8DV0ztX57E0sBSw\"]},{\"@type\":\"Person\",\"@id\":\"https:\\\/\\\/www.mpc.pr.gov.br\\\/#\\\/schema\\\/person\\\/2d83cb8980538d0ec174e8a6284f5e11\",\"name\":\"mpcontaspr\",\"image\":{\"@type\":\"ImageObject\",\"inLanguage\":\"pt-BR\",\"@id\":\"https:\\\/\\\/secure.gravatar.com\\\/avatar\\\/1aef51541db7622e05fd639336c9c9f312c2a618396e2b6ca96846362fc5403f?s=96&d=mm&r=g\",\"url\":\"https:\\\/\\\/secure.gravatar.com\\\/avatar\\\/1aef51541db7622e05fd639336c9c9f312c2a618396e2b6ca96846362fc5403f?s=96&d=mm&r=g\",\"contentUrl\":\"https:\\\/\\\/secure.gravatar.com\\\/avatar\\\/1aef51541db7622e05fd639336c9c9f312c2a618396e2b6ca96846362fc5403f?s=96&d=mm&r=g\",\"caption\":\"mpcontaspr\"},\"sameAs\":[\"http:\\\/\\\/www.mpc.pr.gov.br\"]}]}<\/script>\n<!-- \/ Yoast SEO plugin. -->","yoast_head_json":{"title":"Associa\u00e7\u00e3o dos Estudantes Universit\u00e1rios de Terra Rica deve restituir cerca de R$ 80 mil ao Munic\u00edpio - Minist\u00e9rio P\u00fablico de Contas do Estado do Paran\u00e1","robots":{"index":"index","follow":"follow","max-snippet":"max-snippet:-1","max-image-preview":"max-image-preview:large","max-video-preview":"max-video-preview:-1"},"canonical":"https:\/\/www.mpc.pr.gov.br\/index.php\/associacao-dos-estudantes-universitarios-de-terra-rica-deve-restituir-cerca-de-r-80-mil-ao-municipio\/","og_locale":"pt_BR","og_type":"article","og_title":"Associa\u00e7\u00e3o dos Estudantes Universit\u00e1rios de Terra Rica deve restituir cerca de R$ 80 mil ao Munic\u00edpio - Minist\u00e9rio P\u00fablico de Contas do Estado do Paran\u00e1","og_description":"A Primeira C\u00e2mara do Tribunal de Contas do Paran\u00e1 (TCE-PR) julgou procedente a Tomada de Contas Especial instaurada no \u00e2mbito da presta\u00e7\u00e3o de contas de transfer\u00eancia volunt\u00e1ria entre a Associa\u00e7\u00e3o dos Estudantes Universit\u00e1rios de Terra Rica e o Munic\u00edpio, relativa ao Termo de Fomento n\u00b0 003\/2021, cadastrado no Sistema Integrado de Transfer\u00eancias (SIT) sob o [&hellip;]","og_url":"https:\/\/www.mpc.pr.gov.br\/index.php\/associacao-dos-estudantes-universitarios-de-terra-rica-deve-restituir-cerca-de-r-80-mil-ao-municipio\/","og_site_name":"Minist\u00e9rio P\u00fablico de Contas do Estado do Paran\u00e1","article_publisher":"https:\/\/www.facebook.com\/mpc.pr","article_published_time":"2024-11-26T13:08:57+00:00","article_modified_time":"2024-12-11T11:27:15+00:00","og_image":[{"width":1024,"height":680,"url":"https:\/\/www.mpc.pr.gov.br\/wp-content\/uploads\/2024\/11\/terra-rica.jpg","type":"image\/jpeg"}],"author":"mpcontaspr","twitter_card":"summary_large_image","twitter_misc":{"Escrito por":"mpcontaspr","Est. tempo de leitura":"5 minutos"},"schema":{"@context":"https:\/\/schema.org","@graph":[{"@type":"Article","@id":"https:\/\/www.mpc.pr.gov.br\/index.php\/associacao-dos-estudantes-universitarios-de-terra-rica-deve-restituir-cerca-de-r-80-mil-ao-municipio\/#article","isPartOf":{"@id":"https:\/\/www.mpc.pr.gov.br\/index.php\/associacao-dos-estudantes-universitarios-de-terra-rica-deve-restituir-cerca-de-r-80-mil-ao-municipio\/"},"author":{"name":"mpcontaspr","@id":"https:\/\/www.mpc.pr.gov.br\/#\/schema\/person\/2d83cb8980538d0ec174e8a6284f5e11"},"headline":"Associa\u00e7\u00e3o dos Estudantes Universit\u00e1rios de Terra Rica deve restituir cerca de R$ 80 mil ao Munic\u00edpio","datePublished":"2024-11-26T13:08:57+00:00","dateModified":"2024-12-11T11:27:15+00:00","mainEntityOfPage":{"@id":"https:\/\/www.mpc.pr.gov.br\/index.php\/associacao-dos-estudantes-universitarios-de-terra-rica-deve-restituir-cerca-de-r-80-mil-ao-municipio\/"},"wordCount":893,"commentCount":0,"publisher":{"@id":"https:\/\/www.mpc.pr.gov.br\/#organization"},"image":{"@id":"https:\/\/www.mpc.pr.gov.br\/index.php\/associacao-dos-estudantes-universitarios-de-terra-rica-deve-restituir-cerca-de-r-80-mil-ao-municipio\/#primaryimage"},"thumbnailUrl":"https:\/\/www.mpc.pr.gov.br\/wp-content\/uploads\/2024\/11\/terra-rica.jpg","keywords":["Irregularidade das contas","MPC-PR","Primeira C\u00e2mara","TCE-PR","Terra Rica","Tomada de Contas Especial","Transfer\u00eancia Volunt\u00e1ria"],"articleSection":["Todas as not\u00edcias"],"inLanguage":"pt-BR","potentialAction":[{"@type":"CommentAction","name":"Comment","target":["https:\/\/www.mpc.pr.gov.br\/index.php\/associacao-dos-estudantes-universitarios-de-terra-rica-deve-restituir-cerca-de-r-80-mil-ao-municipio\/#respond"]}]},{"@type":"WebPage","@id":"https:\/\/www.mpc.pr.gov.br\/index.php\/associacao-dos-estudantes-universitarios-de-terra-rica-deve-restituir-cerca-de-r-80-mil-ao-municipio\/","url":"https:\/\/www.mpc.pr.gov.br\/index.php\/associacao-dos-estudantes-universitarios-de-terra-rica-deve-restituir-cerca-de-r-80-mil-ao-municipio\/","name":"Associa\u00e7\u00e3o dos Estudantes Universit\u00e1rios de Terra Rica deve restituir cerca de R$ 80 mil ao Munic\u00edpio - Minist\u00e9rio P\u00fablico de Contas do Estado do Paran\u00e1","isPartOf":{"@id":"https:\/\/www.mpc.pr.gov.br\/#website"},"primaryImageOfPage":{"@id":"https:\/\/www.mpc.pr.gov.br\/index.php\/associacao-dos-estudantes-universitarios-de-terra-rica-deve-restituir-cerca-de-r-80-mil-ao-municipio\/#primaryimage"},"image":{"@id":"https:\/\/www.mpc.pr.gov.br\/index.php\/associacao-dos-estudantes-universitarios-de-terra-rica-deve-restituir-cerca-de-r-80-mil-ao-municipio\/#primaryimage"},"thumbnailUrl":"https:\/\/www.mpc.pr.gov.br\/wp-content\/uploads\/2024\/11\/terra-rica.jpg","datePublished":"2024-11-26T13:08:57+00:00","dateModified":"2024-12-11T11:27:15+00:00","breadcrumb":{"@id":"https:\/\/www.mpc.pr.gov.br\/index.php\/associacao-dos-estudantes-universitarios-de-terra-rica-deve-restituir-cerca-de-r-80-mil-ao-municipio\/#breadcrumb"},"inLanguage":"pt-BR","potentialAction":[{"@type":"ReadAction","target":["https:\/\/www.mpc.pr.gov.br\/index.php\/associacao-dos-estudantes-universitarios-de-terra-rica-deve-restituir-cerca-de-r-80-mil-ao-municipio\/"]}]},{"@type":"ImageObject","inLanguage":"pt-BR","@id":"https:\/\/www.mpc.pr.gov.br\/index.php\/associacao-dos-estudantes-universitarios-de-terra-rica-deve-restituir-cerca-de-r-80-mil-ao-municipio\/#primaryimage","url":"https:\/\/www.mpc.pr.gov.br\/wp-content\/uploads\/2024\/11\/terra-rica.jpg","contentUrl":"https:\/\/www.mpc.pr.gov.br\/wp-content\/uploads\/2024\/11\/terra-rica.jpg","width":1024,"height":680,"caption":"O Munic\u00edpio de Terra Rica conta com aproximadamente 14.842 habitantes (IBGE 2022), e est\u00e1 localizado pr\u00f3ximo \u00e0 divisa dos Estados do Paran\u00e1 e S\u00e3o Paulo. Foto: divulga\u00e7\u00e3o."},{"@type":"BreadcrumbList","@id":"https:\/\/www.mpc.pr.gov.br\/index.php\/associacao-dos-estudantes-universitarios-de-terra-rica-deve-restituir-cerca-de-r-80-mil-ao-municipio\/#breadcrumb","itemListElement":[{"@type":"ListItem","position":1,"name":"In\u00edcio","item":"https:\/\/www.mpc.pr.gov.br\/"},{"@type":"ListItem","position":2,"name":"Associa\u00e7\u00e3o dos Estudantes Universit\u00e1rios de Terra Rica deve restituir cerca de R$ 80 mil ao Munic\u00edpio"}]},{"@type":"WebSite","@id":"https:\/\/www.mpc.pr.gov.br\/#website","url":"https:\/\/www.mpc.pr.gov.br\/","name":"Minist\u00e9rio P\u00fablico de Contas do Estado do Paran\u00e1","description":"","publisher":{"@id":"https:\/\/www.mpc.pr.gov.br\/#organization"},"potentialAction":[{"@type":"SearchAction","target":{"@type":"EntryPoint","urlTemplate":"https:\/\/www.mpc.pr.gov.br\/?s={search_term_string}"},"query-input":{"@type":"PropertyValueSpecification","valueRequired":true,"valueName":"search_term_string"}}],"inLanguage":"pt-BR"},{"@type":"Organization","@id":"https:\/\/www.mpc.pr.gov.br\/#organization","name":"Minist\u00e9rio P\u00fablico de Contas do Estado do Paran\u00e1","url":"https:\/\/www.mpc.pr.gov.br\/","logo":{"@type":"ImageObject","inLanguage":"pt-BR","@id":"https:\/\/www.mpc.pr.gov.br\/#\/schema\/logo\/image\/","url":"https:\/\/www.mpc.pr.gov.br\/wp-content\/uploads\/2020\/06\/99423647_1593460364143890_6706793420720963584_n-1-e1591387983167.png","contentUrl":"https:\/\/www.mpc.pr.gov.br\/wp-content\/uploads\/2020\/06\/99423647_1593460364143890_6706793420720963584_n-1-e1591387983167.png","width":243,"height":73,"caption":"Minist\u00e9rio P\u00fablico de Contas do Estado do Paran\u00e1"},"image":{"@id":"https:\/\/www.mpc.pr.gov.br\/#\/schema\/logo\/image\/"},"sameAs":["https:\/\/www.facebook.com\/mpc.pr","https:\/\/www.instagram.com\/mpc.pr\/?hl=pt-br","https:\/\/www.youtube.com\/channel\/UCHri5oEM8DV0ztX57E0sBSw"]},{"@type":"Person","@id":"https:\/\/www.mpc.pr.gov.br\/#\/schema\/person\/2d83cb8980538d0ec174e8a6284f5e11","name":"mpcontaspr","image":{"@type":"ImageObject","inLanguage":"pt-BR","@id":"https:\/\/secure.gravatar.com\/avatar\/1aef51541db7622e05fd639336c9c9f312c2a618396e2b6ca96846362fc5403f?s=96&d=mm&r=g","url":"https:\/\/secure.gravatar.com\/avatar\/1aef51541db7622e05fd639336c9c9f312c2a618396e2b6ca96846362fc5403f?s=96&d=mm&r=g","contentUrl":"https:\/\/secure.gravatar.com\/avatar\/1aef51541db7622e05fd639336c9c9f312c2a618396e2b6ca96846362fc5403f?s=96&d=mm&r=g","caption":"mpcontaspr"},"sameAs":["http:\/\/www.mpc.pr.gov.br"]}]}},"rttpg_featured_image_url":{"full":["https:\/\/www.mpc.pr.gov.br\/wp-content\/uploads\/2024\/11\/terra-rica.jpg",1024,680,false],"landscape":["https:\/\/www.mpc.pr.gov.br\/wp-content\/uploads\/2024\/11\/terra-rica.jpg",1024,680,false],"portraits":["https:\/\/www.mpc.pr.gov.br\/wp-content\/uploads\/2024\/11\/terra-rica.jpg",1024,680,false],"thumbnail":["https:\/\/www.mpc.pr.gov.br\/wp-content\/uploads\/2024\/11\/terra-rica-150x150.jpg",150,150,true],"medium":["https:\/\/www.mpc.pr.gov.br\/wp-content\/uploads\/2024\/11\/terra-rica-300x199.jpg",300,199,true],"large":["https:\/\/www.mpc.pr.gov.br\/wp-content\/uploads\/2024\/11\/terra-rica.jpg",1024,680,false],"1536x1536":["https:\/\/www.mpc.pr.gov.br\/wp-content\/uploads\/2024\/11\/terra-rica.jpg",1024,680,false],"2048x2048":["https:\/\/www.mpc.pr.gov.br\/wp-content\/uploads\/2024\/11\/terra-rica.jpg",1024,680,false],"ocean-thumb-m":["https:\/\/www.mpc.pr.gov.br\/wp-content\/uploads\/2024\/11\/terra-rica-600x600.jpg",600,600,true],"ocean-thumb-ml":["https:\/\/www.mpc.pr.gov.br\/wp-content\/uploads\/2024\/11\/terra-rica-800x450.jpg",800,450,true],"ocean-thumb-l":["https:\/\/www.mpc.pr.gov.br\/wp-content\/uploads\/2024\/11\/terra-rica.jpg",1024,680,false]},"rttpg_author":{"display_name":"mpcontaspr","author_link":"https:\/\/www.mpc.pr.gov.br\/index.php\/author\/mpcontaspr\/"},"rttpg_comment":1,"rttpg_category":"<a href=\"https:\/\/www.mpc.pr.gov.br\/index.php\/category\/todas-as-noticias\/\" rel=\"category tag\">Todas as not\u00edcias<\/a>","rttpg_excerpt":"A Primeira C\u00e2mara do Tribunal de Contas do Paran\u00e1 (TCE-PR) julgou procedente a Tomada de Contas Especial instaurada no \u00e2mbito da presta\u00e7\u00e3o de contas de transfer\u00eancia volunt\u00e1ria entre a Associa\u00e7\u00e3o dos Estudantes Universit\u00e1rios de Terra Rica e o Munic\u00edpio, relativa ao Termo de Fomento n\u00b0 003\/2021, cadastrado no Sistema Integrado de Transfer\u00eancias (SIT) sob o&hellip;","_links":{"self":[{"href":"https:\/\/www.mpc.pr.gov.br\/index.php\/wp-json\/wp\/v2\/posts\/21842","targetHints":{"allow":["GET"]}}],"collection":[{"href":"https:\/\/www.mpc.pr.gov.br\/index.php\/wp-json\/wp\/v2\/posts"}],"about":[{"href":"https:\/\/www.mpc.pr.gov.br\/index.php\/wp-json\/wp\/v2\/types\/post"}],"author":[{"embeddable":true,"href":"https:\/\/www.mpc.pr.gov.br\/index.php\/wp-json\/wp\/v2\/users\/1"}],"replies":[{"embeddable":true,"href":"https:\/\/www.mpc.pr.gov.br\/index.php\/wp-json\/wp\/v2\/comments?post=21842"}],"version-history":[{"count":1,"href":"https:\/\/www.mpc.pr.gov.br\/index.php\/wp-json\/wp\/v2\/posts\/21842\/revisions"}],"predecessor-version":[{"id":21846,"href":"https:\/\/www.mpc.pr.gov.br\/index.php\/wp-json\/wp\/v2\/posts\/21842\/revisions\/21846"}],"wp:featuredmedia":[{"embeddable":true,"href":"https:\/\/www.mpc.pr.gov.br\/index.php\/wp-json\/wp\/v2\/media\/21844"}],"wp:attachment":[{"href":"https:\/\/www.mpc.pr.gov.br\/index.php\/wp-json\/wp\/v2\/media?parent=21842"}],"wp:term":[{"taxonomy":"category","embeddable":true,"href":"https:\/\/www.mpc.pr.gov.br\/index.php\/wp-json\/wp\/v2\/categories?post=21842"},{"taxonomy":"post_tag","embeddable":true,"href":"https:\/\/www.mpc.pr.gov.br\/index.php\/wp-json\/wp\/v2\/tags?post=21842"}],"curies":[{"name":"wp","href":"https:\/\/api.w.org\/{rel}","templated":true}]}}