{"id":21960,"date":"2024-12-13T13:00:44","date_gmt":"2024-12-13T16:00:44","guid":{"rendered":"https:\/\/www.mpc.pr.gov.br\/?p=21960"},"modified":"2025-01-14T10:03:19","modified_gmt":"2025-01-14T13:03:19","slug":"procurador-geral-do-mpc-pr-integra-coordenacao-do-comite-tecnico-de-acessibilidade-e-inclusao-do-irb","status":"publish","type":"post","link":"https:\/\/www.mpc.pr.gov.br\/index.php\/procurador-geral-do-mpc-pr-integra-coordenacao-do-comite-tecnico-de-acessibilidade-e-inclusao-do-irb\/","title":{"rendered":"Procurador-Geral do MPC-PR integra coordena\u00e7\u00e3o do Comit\u00ea T\u00e9cnico de Acessibilidade e Inclus\u00e3o do IRB"},"content":{"rendered":"<figure id=\"attachment_21961\" aria-describedby=\"caption-attachment-21961\" style=\"width: 300px\" class=\"wp-caption alignleft\"><img fetchpriority=\"high\" decoding=\"async\" class=\"wp-image-21961 size-medium\" src=\"https:\/\/www.mpc.pr.gov.br\/wp-content\/uploads\/2024\/12\/54200250583_84399693e4_k-300x200.jpg\" alt=\"\" width=\"300\" height=\"200\" srcset=\"https:\/\/www.mpc.pr.gov.br\/wp-content\/uploads\/2024\/12\/54200250583_84399693e4_k-300x200.jpg 300w, https:\/\/www.mpc.pr.gov.br\/wp-content\/uploads\/2024\/12\/54200250583_84399693e4_k-1024x683.jpg 1024w, https:\/\/www.mpc.pr.gov.br\/wp-content\/uploads\/2024\/12\/54200250583_84399693e4_k-768x512.jpg 768w, https:\/\/www.mpc.pr.gov.br\/wp-content\/uploads\/2024\/12\/54200250583_84399693e4_k-1536x1024.jpg 1536w, https:\/\/www.mpc.pr.gov.br\/wp-content\/uploads\/2024\/12\/54200250583_84399693e4_k.jpg 2048w\" sizes=\"(max-width: 300px) 100vw, 300px\" \/><figcaption id=\"caption-attachment-21961\" class=\"wp-caption-text\">Procurador-Geral do MPC-PR, Gabriel Guy L\u00e9ger, durante a reuni\u00e3o do Comit\u00ea de Sustentabilidade Socioambiental e Mudan\u00e7as Clim\u00e1ticas do MPTCU, em Bras\u00edlia (DF).<\/figcaption><\/figure>\n<p><span data-contrast=\"auto\">Representando o Minist\u00e9rio P\u00fablico de Contas do Paran\u00e1 (MPC-PR), o Procurador-Geral Gabriel Guy L\u00e9ger foi nomeado para integrar a coordena\u00e7\u00e3o do Comit\u00ea T\u00e9cnico de Acessibilidade e Inclus\u00e3o, criado pelo Instituto Rui Barbosa (IRB).\u00a0<\/span><span data-ccp-props=\"{&quot;134233117&quot;:false,&quot;134233118&quot;:false,&quot;201341983&quot;:0,&quot;335551550&quot;:6,&quot;335551620&quot;:6,&quot;335559738&quot;:240,&quot;335559739&quot;:240,&quot;335559740&quot;:360}\">\u00a0<\/span><\/p>\n<p><span data-contrast=\"auto\">A iniciativa foi anunciada durante a reuni\u00e3o do Comit\u00ea de Sustentabilidade Socioambiental e Mudan\u00e7as Clim\u00e1ticas do Minist\u00e9rio P\u00fablico junto ao Tribunal de Contas da Uni\u00e3o (MPTCU), realizada em Bras\u00edlia (DF), na \u00faltima ter\u00e7a-feira (10 de dezembro). O encontro tamb\u00e9m contou com a participa\u00e7\u00e3o do Procurador do MPC-PR, Fl\u00e1vio de Azambuja Berti.<\/span><span data-ccp-props=\"{&quot;134233117&quot;:false,&quot;134233118&quot;:false,&quot;201341983&quot;:0,&quot;335551550&quot;:6,&quot;335551620&quot;:6,&quot;335559738&quot;:240,&quot;335559739&quot;:240,&quot;335559740&quot;:360}\">\u00a0<\/span><\/p>\n<p aria-level=\"3\"><b><span data-contrast=\"auto\">Inclus\u00e3o e Acessibilidade<\/span><\/b><span data-ccp-props=\"{&quot;134233117&quot;:false,&quot;134233118&quot;:false,&quot;134245418&quot;:true,&quot;134245529&quot;:true,&quot;201341983&quot;:0,&quot;335551550&quot;:6,&quot;335551620&quot;:6,&quot;335559685&quot;:0,&quot;335559737&quot;:0,&quot;335559738&quot;:240,&quot;335559739&quot;:240,&quot;335559740&quot;:360}\">\u00a0<\/span><\/p>\n<p><span data-contrast=\"auto\">Por meio das Portarias n\u00ba 30\/2024 e 31\/2024 do IRB, o Procurador S\u00e9rgio Carib\u00e9 (MPTCU) foi designado presidente do Comit\u00ea T\u00e9cnico de Acessibilidade e Inclus\u00e3o, enquanto a coordena\u00e7\u00e3o ser\u00e1 composta pelos procuradores Gabriel Guy L\u00e9ger (MPC-PR), Ma\u00edsa de Castro Sousa (MPC-GO) e Fernanda Cantanhede Veiga Mendon\u00e7a (MPC-AM).<\/span><span data-ccp-props=\"{&quot;134233117&quot;:false,&quot;134233118&quot;:false,&quot;201341983&quot;:0,&quot;335551550&quot;:6,&quot;335551620&quot;:6,&quot;335559738&quot;:240,&quot;335559739&quot;:240,&quot;335559740&quot;:360}\">\u00a0<\/span><\/p>\n<p><span data-contrast=\"auto\">A escolha de um procurador de contas para presidir o comit\u00ea foi fundamentada pelas iniciativas dos membros no setor, a exemplo do projeto \u201cMinist\u00e9rio P\u00fablico de Contas pela Acessibilidade Total\u201d (2011-2015), que influenciou altera\u00e7\u00f5es legislativas importantes, dentre elas a inclus\u00e3o do artigo 93 na Lei Brasileira de Inclus\u00e3o &#8211; LBI (Lei n\u00ba 13.146\/2015), que obriga a observ\u00e2ncia de normas de acessibilidade em auditorias, bem como a inclus\u00e3o do art. 113, que estabeleceu nova reda\u00e7\u00e3o ao Estatuto da Cidade (Lei n\u00b0 10.257\/2001).<\/span><span data-ccp-props=\"{&quot;134233117&quot;:false,&quot;134233118&quot;:false,&quot;201341983&quot;:0,&quot;335551550&quot;:6,&quot;335551620&quot;:6,&quot;335559685&quot;:0,&quot;335559737&quot;:0,&quot;335559738&quot;:240,&quot;335559739&quot;:240,&quot;335559740&quot;:360}\">\u00a0<\/span><\/p>\n<figure id=\"attachment_21962\" aria-describedby=\"caption-attachment-21962\" style=\"width: 300px\" class=\"wp-caption alignright\"><img decoding=\"async\" class=\"size-medium wp-image-21962\" src=\"https:\/\/www.mpc.pr.gov.br\/wp-content\/uploads\/2024\/12\/54200014816_1b74890263_k-300x200.jpg\" alt=\"\" width=\"300\" height=\"200\" srcset=\"https:\/\/www.mpc.pr.gov.br\/wp-content\/uploads\/2024\/12\/54200014816_1b74890263_k-300x200.jpg 300w, https:\/\/www.mpc.pr.gov.br\/wp-content\/uploads\/2024\/12\/54200014816_1b74890263_k-1024x683.jpg 1024w, https:\/\/www.mpc.pr.gov.br\/wp-content\/uploads\/2024\/12\/54200014816_1b74890263_k-768x512.jpg 768w, https:\/\/www.mpc.pr.gov.br\/wp-content\/uploads\/2024\/12\/54200014816_1b74890263_k-1536x1024.jpg 1536w, https:\/\/www.mpc.pr.gov.br\/wp-content\/uploads\/2024\/12\/54200014816_1b74890263_k.jpg 2048w\" sizes=\"(max-width: 300px) 100vw, 300px\" \/><figcaption id=\"caption-attachment-21962\" class=\"wp-caption-text\">Procurador do MPC-PR, Fl\u00e1vio Berti, tamb\u00e9m esteve presente no encontro.<\/figcaption><\/figure>\n<p><span data-contrast=\"auto\">O Comit\u00ea T\u00e9cnico pretende propor, implementar e monitorar a\u00e7\u00f5es que promovam a acessibilidade e a inclus\u00e3o, como forma de assegurar a participa\u00e7\u00e3o plena de pessoas com defici\u00eancia ou mobilidade reduzida nas atividades do IRB.\u00a0<\/span><span data-ccp-props=\"{&quot;134233117&quot;:false,&quot;134233118&quot;:false,&quot;201341983&quot;:0,&quot;335551550&quot;:6,&quot;335551620&quot;:6,&quot;335559685&quot;:0,&quot;335559737&quot;:0,&quot;335559738&quot;:240,&quot;335559739&quot;:240,&quot;335559740&quot;:360}\">\u00a0<\/span><\/p>\n<p><span data-contrast=\"auto\">Essa iniciativa tamb\u00e9m est\u00e1 alinhada ao projeto do Tribunal de Contas da Uni\u00e3o (TCU), que elegeu 2025 como o &#8220;Ano da Pessoa com Defici\u00eancia no Controle Externo Brasileiro&#8221;, em celebra\u00e7\u00e3o aos 10 anos da Lei Brasileira de Inclus\u00e3o.<\/span><span data-ccp-props=\"{&quot;134233117&quot;:false,&quot;134233118&quot;:false,&quot;201341983&quot;:0,&quot;335551550&quot;:6,&quot;335551620&quot;:6,&quot;335559685&quot;:0,&quot;335559737&quot;:0,&quot;335559738&quot;:240,&quot;335559739&quot;:240,&quot;335559740&quot;:360}\">\u00a0<\/span><\/p>\n<p aria-level=\"3\"><b><span data-contrast=\"auto\">Reuni\u00e3o MPTCU e articula\u00e7\u00e3o estrat\u00e9gica<\/span><\/b><span data-ccp-props=\"{&quot;134233117&quot;:false,&quot;134233118&quot;:false,&quot;134245418&quot;:true,&quot;134245529&quot;:true,&quot;201341983&quot;:0,&quot;335551550&quot;:6,&quot;335551620&quot;:6,&quot;335559738&quot;:281,&quot;335559739&quot;:281,&quot;335559740&quot;:360}\">\u00a0<\/span><\/p>\n<p><span data-contrast=\"auto\">A reuni\u00e3o do Comit\u00ea de Sustentabilidade Socioambiental e Mudan\u00e7as Clim\u00e1ticas do MPTCU teve como pauta a elabora\u00e7\u00e3o do plano de estrat\u00e9gias de atua\u00e7\u00e3o conjunta dos diversos Minist\u00e9rios P\u00fablicos de Contas brasileiros, com vistas ao poss\u00edvel desenvolvimento de uma campanha nacional.<\/span><span data-ccp-props=\"{&quot;134233117&quot;:false,&quot;134233118&quot;:false,&quot;201341983&quot;:0,&quot;335551550&quot;:6,&quot;335551620&quot;:6,&quot;335559738&quot;:240,&quot;335559739&quot;:240,&quot;335559740&quot;:360}\">\u00a0<\/span><\/p>\n<p><span data-contrast=\"auto\"><img decoding=\"async\" class=\"size-medium wp-image-21964 alignleft\" src=\"https:\/\/www.mpc.pr.gov.br\/wp-content\/uploads\/2024\/12\/54200256378_2aa3259623_k-300x200.jpg\" alt=\"\" width=\"300\" height=\"200\" srcset=\"https:\/\/www.mpc.pr.gov.br\/wp-content\/uploads\/2024\/12\/54200256378_2aa3259623_k-300x200.jpg 300w, https:\/\/www.mpc.pr.gov.br\/wp-content\/uploads\/2024\/12\/54200256378_2aa3259623_k-1024x684.jpg 1024w, https:\/\/www.mpc.pr.gov.br\/wp-content\/uploads\/2024\/12\/54200256378_2aa3259623_k-768x513.jpg 768w, https:\/\/www.mpc.pr.gov.br\/wp-content\/uploads\/2024\/12\/54200256378_2aa3259623_k-1536x1025.jpg 1536w, https:\/\/www.mpc.pr.gov.br\/wp-content\/uploads\/2024\/12\/54200256378_2aa3259623_k.jpg 2048w\" sizes=\"(max-width: 300px) 100vw, 300px\" \/>Nesse sentido, o Procurador S\u00e9rgio Carib\u00e9 ressaltou que a sustentabilidade ambiental tamb\u00e9m deve considerar um meio ambiente acess\u00edvel e inclusivo, de modo que os comit\u00eas t\u00e9cnicos ter\u00e3o um papel fundamental na articula\u00e7\u00e3o de a\u00e7\u00f5es coordenadas pelas entidades do controle externo. <\/span><span data-ccp-props=\"{&quot;134233117&quot;:false,&quot;134233118&quot;:false,&quot;201341983&quot;:0,&quot;335551550&quot;:6,&quot;335551620&quot;:6,&quot;335559738&quot;:240,&quot;335559739&quot;:240,&quot;335559740&quot;:360}\">\u00a0<\/span><\/p>\n","protected":false},"excerpt":{"rendered":"<p>Representando o Minist\u00e9rio P\u00fablico de Contas do Paran\u00e1 (MPC-PR), o Procurador-Geral Gabriel Guy L\u00e9ger foi nomeado para integrar a coordena\u00e7\u00e3o do Comit\u00ea T\u00e9cnico de Acessibilidade e Inclus\u00e3o, criado pelo Instituto Rui Barbosa (IRB).\u00a0\u00a0 A iniciativa foi anunciada durante a reuni\u00e3o do Comit\u00ea de Sustentabilidade Socioambiental e Mudan\u00e7as Clim\u00e1ticas do Minist\u00e9rio P\u00fablico junto ao Tribunal de [&hellip;]<\/p>\n","protected":false},"author":1,"featured_media":21961,"comment_status":"open","ping_status":"open","sticky":false,"template":"","format":"standard","meta":{"_monsterinsights_skip_tracking":false,"_monsterinsights_sitenote_active":false,"_monsterinsights_sitenote_note":"","_monsterinsights_sitenote_category":0,"footnotes":""},"categories":[7],"tags":[115,114,229,13],"class_list":["post-21960","post","type-post","status-publish","format-standard","has-post-thumbnail","hentry","category-todas-as-noticias","tag-acessibilidade","tag-inclusao","tag-instituto-rui-barbosa","tag-mpc-pr","entry","has-media"],"yoast_head":"<!-- This site is optimized with the Yoast SEO plugin v27.3 - https:\/\/yoast.com\/product\/yoast-seo-wordpress\/ -->\n<title>Procurador-Geral do MPC-PR integra coordena\u00e7\u00e3o do Comit\u00ea T\u00e9cnico de Acessibilidade e Inclus\u00e3o do IRB - Minist\u00e9rio P\u00fablico de Contas do Estado do Paran\u00e1<\/title>\n<meta name=\"robots\" content=\"index, follow, max-snippet:-1, max-image-preview:large, max-video-preview:-1\" \/>\n<link rel=\"canonical\" href=\"https:\/\/www.mpc.pr.gov.br\/index.php\/procurador-geral-do-mpc-pr-integra-coordenacao-do-comite-tecnico-de-acessibilidade-e-inclusao-do-irb\/\" \/>\n<meta property=\"og:locale\" content=\"pt_BR\" \/>\n<meta property=\"og:type\" content=\"article\" \/>\n<meta property=\"og:title\" content=\"Procurador-Geral do MPC-PR integra coordena\u00e7\u00e3o do Comit\u00ea T\u00e9cnico de Acessibilidade e Inclus\u00e3o do IRB - Minist\u00e9rio P\u00fablico de Contas do Estado do Paran\u00e1\" \/>\n<meta property=\"og:description\" content=\"Representando o Minist\u00e9rio P\u00fablico de Contas do Paran\u00e1 (MPC-PR), o Procurador-Geral Gabriel Guy L\u00e9ger foi nomeado para integrar a coordena\u00e7\u00e3o do Comit\u00ea T\u00e9cnico de Acessibilidade e Inclus\u00e3o, criado pelo Instituto Rui Barbosa (IRB).\u00a0\u00a0 A iniciativa foi anunciada durante a reuni\u00e3o do Comit\u00ea de Sustentabilidade Socioambiental e Mudan\u00e7as Clim\u00e1ticas do Minist\u00e9rio P\u00fablico junto ao Tribunal de [&hellip;]\" \/>\n<meta property=\"og:url\" content=\"https:\/\/www.mpc.pr.gov.br\/index.php\/procurador-geral-do-mpc-pr-integra-coordenacao-do-comite-tecnico-de-acessibilidade-e-inclusao-do-irb\/\" \/>\n<meta property=\"og:site_name\" content=\"Minist\u00e9rio P\u00fablico de Contas do Estado do Paran\u00e1\" \/>\n<meta property=\"article:publisher\" content=\"https:\/\/www.facebook.com\/mpc.pr\" \/>\n<meta property=\"article:published_time\" content=\"2024-12-13T16:00:44+00:00\" \/>\n<meta property=\"article:modified_time\" content=\"2025-01-14T13:03:19+00:00\" \/>\n<meta property=\"og:image\" content=\"https:\/\/www.mpc.pr.gov.br\/wp-content\/uploads\/2024\/12\/54200250583_84399693e4_k.jpg\" \/>\n\t<meta property=\"og:image:width\" content=\"2048\" \/>\n\t<meta property=\"og:image:height\" content=\"1365\" \/>\n\t<meta property=\"og:image:type\" content=\"image\/jpeg\" \/>\n<meta name=\"author\" content=\"mpcontaspr\" \/>\n<meta name=\"twitter:card\" content=\"summary_large_image\" \/>\n<meta name=\"twitter:label1\" content=\"Escrito por\" \/>\n\t<meta name=\"twitter:data1\" content=\"mpcontaspr\" \/>\n\t<meta name=\"twitter:label2\" content=\"Est. tempo de leitura\" \/>\n\t<meta name=\"twitter:data2\" content=\"3 minutos\" \/>\n<script type=\"application\/ld+json\" class=\"yoast-schema-graph\">{\"@context\":\"https:\\\/\\\/schema.org\",\"@graph\":[{\"@type\":\"Article\",\"@id\":\"https:\\\/\\\/www.mpc.pr.gov.br\\\/index.php\\\/procurador-geral-do-mpc-pr-integra-coordenacao-do-comite-tecnico-de-acessibilidade-e-inclusao-do-irb\\\/#article\",\"isPartOf\":{\"@id\":\"https:\\\/\\\/www.mpc.pr.gov.br\\\/index.php\\\/procurador-geral-do-mpc-pr-integra-coordenacao-do-comite-tecnico-de-acessibilidade-e-inclusao-do-irb\\\/\"},\"author\":{\"name\":\"mpcontaspr\",\"@id\":\"https:\\\/\\\/www.mpc.pr.gov.br\\\/#\\\/schema\\\/person\\\/2d83cb8980538d0ec174e8a6284f5e11\"},\"headline\":\"Procurador-Geral do MPC-PR integra coordena\u00e7\u00e3o do Comit\u00ea T\u00e9cnico de Acessibilidade e Inclus\u00e3o do IRB\",\"datePublished\":\"2024-12-13T16:00:44+00:00\",\"dateModified\":\"2025-01-14T13:03:19+00:00\",\"mainEntityOfPage\":{\"@id\":\"https:\\\/\\\/www.mpc.pr.gov.br\\\/index.php\\\/procurador-geral-do-mpc-pr-integra-coordenacao-do-comite-tecnico-de-acessibilidade-e-inclusao-do-irb\\\/\"},\"wordCount\":496,\"commentCount\":0,\"publisher\":{\"@id\":\"https:\\\/\\\/www.mpc.pr.gov.br\\\/#organization\"},\"image\":{\"@id\":\"https:\\\/\\\/www.mpc.pr.gov.br\\\/index.php\\\/procurador-geral-do-mpc-pr-integra-coordenacao-do-comite-tecnico-de-acessibilidade-e-inclusao-do-irb\\\/#primaryimage\"},\"thumbnailUrl\":\"https:\\\/\\\/www.mpc.pr.gov.br\\\/wp-content\\\/uploads\\\/2024\\\/12\\\/54200250583_84399693e4_k.jpg\",\"keywords\":[\"Acessibilidade\",\"Inclus\u00e3o\",\"Instituto Rui Barbosa\",\"MPC-PR\"],\"articleSection\":[\"Todas as not\u00edcias\"],\"inLanguage\":\"pt-BR\",\"potentialAction\":[{\"@type\":\"CommentAction\",\"name\":\"Comment\",\"target\":[\"https:\\\/\\\/www.mpc.pr.gov.br\\\/index.php\\\/procurador-geral-do-mpc-pr-integra-coordenacao-do-comite-tecnico-de-acessibilidade-e-inclusao-do-irb\\\/#respond\"]}]},{\"@type\":\"WebPage\",\"@id\":\"https:\\\/\\\/www.mpc.pr.gov.br\\\/index.php\\\/procurador-geral-do-mpc-pr-integra-coordenacao-do-comite-tecnico-de-acessibilidade-e-inclusao-do-irb\\\/\",\"url\":\"https:\\\/\\\/www.mpc.pr.gov.br\\\/index.php\\\/procurador-geral-do-mpc-pr-integra-coordenacao-do-comite-tecnico-de-acessibilidade-e-inclusao-do-irb\\\/\",\"name\":\"Procurador-Geral do MPC-PR integra coordena\u00e7\u00e3o do Comit\u00ea T\u00e9cnico de Acessibilidade e Inclus\u00e3o do IRB - Minist\u00e9rio P\u00fablico de Contas do Estado do Paran\u00e1\",\"isPartOf\":{\"@id\":\"https:\\\/\\\/www.mpc.pr.gov.br\\\/#website\"},\"primaryImageOfPage\":{\"@id\":\"https:\\\/\\\/www.mpc.pr.gov.br\\\/index.php\\\/procurador-geral-do-mpc-pr-integra-coordenacao-do-comite-tecnico-de-acessibilidade-e-inclusao-do-irb\\\/#primaryimage\"},\"image\":{\"@id\":\"https:\\\/\\\/www.mpc.pr.gov.br\\\/index.php\\\/procurador-geral-do-mpc-pr-integra-coordenacao-do-comite-tecnico-de-acessibilidade-e-inclusao-do-irb\\\/#primaryimage\"},\"thumbnailUrl\":\"https:\\\/\\\/www.mpc.pr.gov.br\\\/wp-content\\\/uploads\\\/2024\\\/12\\\/54200250583_84399693e4_k.jpg\",\"datePublished\":\"2024-12-13T16:00:44+00:00\",\"dateModified\":\"2025-01-14T13:03:19+00:00\",\"breadcrumb\":{\"@id\":\"https:\\\/\\\/www.mpc.pr.gov.br\\\/index.php\\\/procurador-geral-do-mpc-pr-integra-coordenacao-do-comite-tecnico-de-acessibilidade-e-inclusao-do-irb\\\/#breadcrumb\"},\"inLanguage\":\"pt-BR\",\"potentialAction\":[{\"@type\":\"ReadAction\",\"target\":[\"https:\\\/\\\/www.mpc.pr.gov.br\\\/index.php\\\/procurador-geral-do-mpc-pr-integra-coordenacao-do-comite-tecnico-de-acessibilidade-e-inclusao-do-irb\\\/\"]}]},{\"@type\":\"ImageObject\",\"inLanguage\":\"pt-BR\",\"@id\":\"https:\\\/\\\/www.mpc.pr.gov.br\\\/index.php\\\/procurador-geral-do-mpc-pr-integra-coordenacao-do-comite-tecnico-de-acessibilidade-e-inclusao-do-irb\\\/#primaryimage\",\"url\":\"https:\\\/\\\/www.mpc.pr.gov.br\\\/wp-content\\\/uploads\\\/2024\\\/12\\\/54200250583_84399693e4_k.jpg\",\"contentUrl\":\"https:\\\/\\\/www.mpc.pr.gov.br\\\/wp-content\\\/uploads\\\/2024\\\/12\\\/54200250583_84399693e4_k.jpg\",\"width\":2048,\"height\":1365},{\"@type\":\"BreadcrumbList\",\"@id\":\"https:\\\/\\\/www.mpc.pr.gov.br\\\/index.php\\\/procurador-geral-do-mpc-pr-integra-coordenacao-do-comite-tecnico-de-acessibilidade-e-inclusao-do-irb\\\/#breadcrumb\",\"itemListElement\":[{\"@type\":\"ListItem\",\"position\":1,\"name\":\"In\u00edcio\",\"item\":\"https:\\\/\\\/www.mpc.pr.gov.br\\\/\"},{\"@type\":\"ListItem\",\"position\":2,\"name\":\"Procurador-Geral do MPC-PR integra coordena\u00e7\u00e3o do Comit\u00ea T\u00e9cnico de Acessibilidade e Inclus\u00e3o do IRB\"}]},{\"@type\":\"WebSite\",\"@id\":\"https:\\\/\\\/www.mpc.pr.gov.br\\\/#website\",\"url\":\"https:\\\/\\\/www.mpc.pr.gov.br\\\/\",\"name\":\"Minist\u00e9rio P\u00fablico de Contas do Estado do Paran\u00e1\",\"description\":\"\",\"publisher\":{\"@id\":\"https:\\\/\\\/www.mpc.pr.gov.br\\\/#organization\"},\"potentialAction\":[{\"@type\":\"SearchAction\",\"target\":{\"@type\":\"EntryPoint\",\"urlTemplate\":\"https:\\\/\\\/www.mpc.pr.gov.br\\\/?s={search_term_string}\"},\"query-input\":{\"@type\":\"PropertyValueSpecification\",\"valueRequired\":true,\"valueName\":\"search_term_string\"}}],\"inLanguage\":\"pt-BR\"},{\"@type\":\"Organization\",\"@id\":\"https:\\\/\\\/www.mpc.pr.gov.br\\\/#organization\",\"name\":\"Minist\u00e9rio P\u00fablico de Contas do Estado do Paran\u00e1\",\"url\":\"https:\\\/\\\/www.mpc.pr.gov.br\\\/\",\"logo\":{\"@type\":\"ImageObject\",\"inLanguage\":\"pt-BR\",\"@id\":\"https:\\\/\\\/www.mpc.pr.gov.br\\\/#\\\/schema\\\/logo\\\/image\\\/\",\"url\":\"https:\\\/\\\/www.mpc.pr.gov.br\\\/wp-content\\\/uploads\\\/2020\\\/06\\\/99423647_1593460364143890_6706793420720963584_n-1-e1591387983167.png\",\"contentUrl\":\"https:\\\/\\\/www.mpc.pr.gov.br\\\/wp-content\\\/uploads\\\/2020\\\/06\\\/99423647_1593460364143890_6706793420720963584_n-1-e1591387983167.png\",\"width\":243,\"height\":73,\"caption\":\"Minist\u00e9rio P\u00fablico de Contas do Estado do Paran\u00e1\"},\"image\":{\"@id\":\"https:\\\/\\\/www.mpc.pr.gov.br\\\/#\\\/schema\\\/logo\\\/image\\\/\"},\"sameAs\":[\"https:\\\/\\\/www.facebook.com\\\/mpc.pr\",\"https:\\\/\\\/www.instagram.com\\\/mpc.pr\\\/?hl=pt-br\",\"https:\\\/\\\/www.youtube.com\\\/channel\\\/UCHri5oEM8DV0ztX57E0sBSw\"]},{\"@type\":\"Person\",\"@id\":\"https:\\\/\\\/www.mpc.pr.gov.br\\\/#\\\/schema\\\/person\\\/2d83cb8980538d0ec174e8a6284f5e11\",\"name\":\"mpcontaspr\",\"image\":{\"@type\":\"ImageObject\",\"inLanguage\":\"pt-BR\",\"@id\":\"https:\\\/\\\/secure.gravatar.com\\\/avatar\\\/1aef51541db7622e05fd639336c9c9f312c2a618396e2b6ca96846362fc5403f?s=96&d=mm&r=g\",\"url\":\"https:\\\/\\\/secure.gravatar.com\\\/avatar\\\/1aef51541db7622e05fd639336c9c9f312c2a618396e2b6ca96846362fc5403f?s=96&d=mm&r=g\",\"contentUrl\":\"https:\\\/\\\/secure.gravatar.com\\\/avatar\\\/1aef51541db7622e05fd639336c9c9f312c2a618396e2b6ca96846362fc5403f?s=96&d=mm&r=g\",\"caption\":\"mpcontaspr\"},\"sameAs\":[\"http:\\\/\\\/www.mpc.pr.gov.br\"]}]}<\/script>\n<!-- \/ Yoast SEO plugin. -->","yoast_head_json":{"title":"Procurador-Geral do MPC-PR integra coordena\u00e7\u00e3o do Comit\u00ea T\u00e9cnico de Acessibilidade e Inclus\u00e3o do IRB - Minist\u00e9rio P\u00fablico de Contas do Estado do Paran\u00e1","robots":{"index":"index","follow":"follow","max-snippet":"max-snippet:-1","max-image-preview":"max-image-preview:large","max-video-preview":"max-video-preview:-1"},"canonical":"https:\/\/www.mpc.pr.gov.br\/index.php\/procurador-geral-do-mpc-pr-integra-coordenacao-do-comite-tecnico-de-acessibilidade-e-inclusao-do-irb\/","og_locale":"pt_BR","og_type":"article","og_title":"Procurador-Geral do MPC-PR integra coordena\u00e7\u00e3o do Comit\u00ea T\u00e9cnico de Acessibilidade e Inclus\u00e3o do IRB - Minist\u00e9rio P\u00fablico de Contas do Estado do Paran\u00e1","og_description":"Representando o Minist\u00e9rio P\u00fablico de Contas do Paran\u00e1 (MPC-PR), o Procurador-Geral Gabriel Guy L\u00e9ger foi nomeado para integrar a coordena\u00e7\u00e3o do Comit\u00ea T\u00e9cnico de Acessibilidade e Inclus\u00e3o, criado pelo Instituto Rui Barbosa (IRB).\u00a0\u00a0 A iniciativa foi anunciada durante a reuni\u00e3o do Comit\u00ea de Sustentabilidade Socioambiental e Mudan\u00e7as Clim\u00e1ticas do Minist\u00e9rio P\u00fablico junto ao Tribunal de [&hellip;]","og_url":"https:\/\/www.mpc.pr.gov.br\/index.php\/procurador-geral-do-mpc-pr-integra-coordenacao-do-comite-tecnico-de-acessibilidade-e-inclusao-do-irb\/","og_site_name":"Minist\u00e9rio P\u00fablico de Contas do Estado do Paran\u00e1","article_publisher":"https:\/\/www.facebook.com\/mpc.pr","article_published_time":"2024-12-13T16:00:44+00:00","article_modified_time":"2025-01-14T13:03:19+00:00","og_image":[{"width":2048,"height":1365,"url":"https:\/\/www.mpc.pr.gov.br\/wp-content\/uploads\/2024\/12\/54200250583_84399693e4_k.jpg","type":"image\/jpeg"}],"author":"mpcontaspr","twitter_card":"summary_large_image","twitter_misc":{"Escrito por":"mpcontaspr","Est. tempo de leitura":"3 minutos"},"schema":{"@context":"https:\/\/schema.org","@graph":[{"@type":"Article","@id":"https:\/\/www.mpc.pr.gov.br\/index.php\/procurador-geral-do-mpc-pr-integra-coordenacao-do-comite-tecnico-de-acessibilidade-e-inclusao-do-irb\/#article","isPartOf":{"@id":"https:\/\/www.mpc.pr.gov.br\/index.php\/procurador-geral-do-mpc-pr-integra-coordenacao-do-comite-tecnico-de-acessibilidade-e-inclusao-do-irb\/"},"author":{"name":"mpcontaspr","@id":"https:\/\/www.mpc.pr.gov.br\/#\/schema\/person\/2d83cb8980538d0ec174e8a6284f5e11"},"headline":"Procurador-Geral do MPC-PR integra coordena\u00e7\u00e3o do Comit\u00ea T\u00e9cnico de Acessibilidade e Inclus\u00e3o do IRB","datePublished":"2024-12-13T16:00:44+00:00","dateModified":"2025-01-14T13:03:19+00:00","mainEntityOfPage":{"@id":"https:\/\/www.mpc.pr.gov.br\/index.php\/procurador-geral-do-mpc-pr-integra-coordenacao-do-comite-tecnico-de-acessibilidade-e-inclusao-do-irb\/"},"wordCount":496,"commentCount":0,"publisher":{"@id":"https:\/\/www.mpc.pr.gov.br\/#organization"},"image":{"@id":"https:\/\/www.mpc.pr.gov.br\/index.php\/procurador-geral-do-mpc-pr-integra-coordenacao-do-comite-tecnico-de-acessibilidade-e-inclusao-do-irb\/#primaryimage"},"thumbnailUrl":"https:\/\/www.mpc.pr.gov.br\/wp-content\/uploads\/2024\/12\/54200250583_84399693e4_k.jpg","keywords":["Acessibilidade","Inclus\u00e3o","Instituto Rui Barbosa","MPC-PR"],"articleSection":["Todas as not\u00edcias"],"inLanguage":"pt-BR","potentialAction":[{"@type":"CommentAction","name":"Comment","target":["https:\/\/www.mpc.pr.gov.br\/index.php\/procurador-geral-do-mpc-pr-integra-coordenacao-do-comite-tecnico-de-acessibilidade-e-inclusao-do-irb\/#respond"]}]},{"@type":"WebPage","@id":"https:\/\/www.mpc.pr.gov.br\/index.php\/procurador-geral-do-mpc-pr-integra-coordenacao-do-comite-tecnico-de-acessibilidade-e-inclusao-do-irb\/","url":"https:\/\/www.mpc.pr.gov.br\/index.php\/procurador-geral-do-mpc-pr-integra-coordenacao-do-comite-tecnico-de-acessibilidade-e-inclusao-do-irb\/","name":"Procurador-Geral do MPC-PR integra coordena\u00e7\u00e3o do Comit\u00ea T\u00e9cnico de Acessibilidade e Inclus\u00e3o do IRB - Minist\u00e9rio P\u00fablico de Contas do Estado do Paran\u00e1","isPartOf":{"@id":"https:\/\/www.mpc.pr.gov.br\/#website"},"primaryImageOfPage":{"@id":"https:\/\/www.mpc.pr.gov.br\/index.php\/procurador-geral-do-mpc-pr-integra-coordenacao-do-comite-tecnico-de-acessibilidade-e-inclusao-do-irb\/#primaryimage"},"image":{"@id":"https:\/\/www.mpc.pr.gov.br\/index.php\/procurador-geral-do-mpc-pr-integra-coordenacao-do-comite-tecnico-de-acessibilidade-e-inclusao-do-irb\/#primaryimage"},"thumbnailUrl":"https:\/\/www.mpc.pr.gov.br\/wp-content\/uploads\/2024\/12\/54200250583_84399693e4_k.jpg","datePublished":"2024-12-13T16:00:44+00:00","dateModified":"2025-01-14T13:03:19+00:00","breadcrumb":{"@id":"https:\/\/www.mpc.pr.gov.br\/index.php\/procurador-geral-do-mpc-pr-integra-coordenacao-do-comite-tecnico-de-acessibilidade-e-inclusao-do-irb\/#breadcrumb"},"inLanguage":"pt-BR","potentialAction":[{"@type":"ReadAction","target":["https:\/\/www.mpc.pr.gov.br\/index.php\/procurador-geral-do-mpc-pr-integra-coordenacao-do-comite-tecnico-de-acessibilidade-e-inclusao-do-irb\/"]}]},{"@type":"ImageObject","inLanguage":"pt-BR","@id":"https:\/\/www.mpc.pr.gov.br\/index.php\/procurador-geral-do-mpc-pr-integra-coordenacao-do-comite-tecnico-de-acessibilidade-e-inclusao-do-irb\/#primaryimage","url":"https:\/\/www.mpc.pr.gov.br\/wp-content\/uploads\/2024\/12\/54200250583_84399693e4_k.jpg","contentUrl":"https:\/\/www.mpc.pr.gov.br\/wp-content\/uploads\/2024\/12\/54200250583_84399693e4_k.jpg","width":2048,"height":1365},{"@type":"BreadcrumbList","@id":"https:\/\/www.mpc.pr.gov.br\/index.php\/procurador-geral-do-mpc-pr-integra-coordenacao-do-comite-tecnico-de-acessibilidade-e-inclusao-do-irb\/#breadcrumb","itemListElement":[{"@type":"ListItem","position":1,"name":"In\u00edcio","item":"https:\/\/www.mpc.pr.gov.br\/"},{"@type":"ListItem","position":2,"name":"Procurador-Geral do MPC-PR integra coordena\u00e7\u00e3o do Comit\u00ea T\u00e9cnico de Acessibilidade e Inclus\u00e3o do IRB"}]},{"@type":"WebSite","@id":"https:\/\/www.mpc.pr.gov.br\/#website","url":"https:\/\/www.mpc.pr.gov.br\/","name":"Minist\u00e9rio P\u00fablico de Contas do Estado do Paran\u00e1","description":"","publisher":{"@id":"https:\/\/www.mpc.pr.gov.br\/#organization"},"potentialAction":[{"@type":"SearchAction","target":{"@type":"EntryPoint","urlTemplate":"https:\/\/www.mpc.pr.gov.br\/?s={search_term_string}"},"query-input":{"@type":"PropertyValueSpecification","valueRequired":true,"valueName":"search_term_string"}}],"inLanguage":"pt-BR"},{"@type":"Organization","@id":"https:\/\/www.mpc.pr.gov.br\/#organization","name":"Minist\u00e9rio P\u00fablico de Contas do Estado do Paran\u00e1","url":"https:\/\/www.mpc.pr.gov.br\/","logo":{"@type":"ImageObject","inLanguage":"pt-BR","@id":"https:\/\/www.mpc.pr.gov.br\/#\/schema\/logo\/image\/","url":"https:\/\/www.mpc.pr.gov.br\/wp-content\/uploads\/2020\/06\/99423647_1593460364143890_6706793420720963584_n-1-e1591387983167.png","contentUrl":"https:\/\/www.mpc.pr.gov.br\/wp-content\/uploads\/2020\/06\/99423647_1593460364143890_6706793420720963584_n-1-e1591387983167.png","width":243,"height":73,"caption":"Minist\u00e9rio P\u00fablico de Contas do Estado do Paran\u00e1"},"image":{"@id":"https:\/\/www.mpc.pr.gov.br\/#\/schema\/logo\/image\/"},"sameAs":["https:\/\/www.facebook.com\/mpc.pr","https:\/\/www.instagram.com\/mpc.pr\/?hl=pt-br","https:\/\/www.youtube.com\/channel\/UCHri5oEM8DV0ztX57E0sBSw"]},{"@type":"Person","@id":"https:\/\/www.mpc.pr.gov.br\/#\/schema\/person\/2d83cb8980538d0ec174e8a6284f5e11","name":"mpcontaspr","image":{"@type":"ImageObject","inLanguage":"pt-BR","@id":"https:\/\/secure.gravatar.com\/avatar\/1aef51541db7622e05fd639336c9c9f312c2a618396e2b6ca96846362fc5403f?s=96&d=mm&r=g","url":"https:\/\/secure.gravatar.com\/avatar\/1aef51541db7622e05fd639336c9c9f312c2a618396e2b6ca96846362fc5403f?s=96&d=mm&r=g","contentUrl":"https:\/\/secure.gravatar.com\/avatar\/1aef51541db7622e05fd639336c9c9f312c2a618396e2b6ca96846362fc5403f?s=96&d=mm&r=g","caption":"mpcontaspr"},"sameAs":["http:\/\/www.mpc.pr.gov.br"]}]}},"rttpg_featured_image_url":{"full":["https:\/\/www.mpc.pr.gov.br\/wp-content\/uploads\/2024\/12\/54200250583_84399693e4_k.jpg",2048,1365,false],"landscape":["https:\/\/www.mpc.pr.gov.br\/wp-content\/uploads\/2024\/12\/54200250583_84399693e4_k.jpg",2048,1365,false],"portraits":["https:\/\/www.mpc.pr.gov.br\/wp-content\/uploads\/2024\/12\/54200250583_84399693e4_k.jpg",2048,1365,false],"thumbnail":["https:\/\/www.mpc.pr.gov.br\/wp-content\/uploads\/2024\/12\/54200250583_84399693e4_k-150x150.jpg",150,150,true],"medium":["https:\/\/www.mpc.pr.gov.br\/wp-content\/uploads\/2024\/12\/54200250583_84399693e4_k-300x200.jpg",300,200,true],"large":["https:\/\/www.mpc.pr.gov.br\/wp-content\/uploads\/2024\/12\/54200250583_84399693e4_k-1024x683.jpg",1024,683,true],"1536x1536":["https:\/\/www.mpc.pr.gov.br\/wp-content\/uploads\/2024\/12\/54200250583_84399693e4_k-1536x1024.jpg",1536,1024,true],"2048x2048":["https:\/\/www.mpc.pr.gov.br\/wp-content\/uploads\/2024\/12\/54200250583_84399693e4_k.jpg",2048,1365,false],"ocean-thumb-m":["https:\/\/www.mpc.pr.gov.br\/wp-content\/uploads\/2024\/12\/54200250583_84399693e4_k-600x600.jpg",600,600,true],"ocean-thumb-ml":["https:\/\/www.mpc.pr.gov.br\/wp-content\/uploads\/2024\/12\/54200250583_84399693e4_k-800x450.jpg",800,450,true],"ocean-thumb-l":["https:\/\/www.mpc.pr.gov.br\/wp-content\/uploads\/2024\/12\/54200250583_84399693e4_k-1200x700.jpg",1200,700,true]},"rttpg_author":{"display_name":"mpcontaspr","author_link":"https:\/\/www.mpc.pr.gov.br\/index.php\/author\/mpcontaspr\/"},"rttpg_comment":3,"rttpg_category":"<a href=\"https:\/\/www.mpc.pr.gov.br\/index.php\/category\/todas-as-noticias\/\" rel=\"category tag\">Todas as not\u00edcias<\/a>","rttpg_excerpt":"Representando o Minist\u00e9rio P\u00fablico de Contas do Paran\u00e1 (MPC-PR), o Procurador-Geral Gabriel Guy L\u00e9ger foi nomeado para integrar a coordena\u00e7\u00e3o do Comit\u00ea T\u00e9cnico de Acessibilidade e Inclus\u00e3o, criado pelo Instituto Rui Barbosa (IRB).\u00a0\u00a0 A iniciativa foi anunciada durante a reuni\u00e3o do Comit\u00ea de Sustentabilidade Socioambiental e Mudan\u00e7as Clim\u00e1ticas do Minist\u00e9rio P\u00fablico junto ao Tribunal de&hellip;","_links":{"self":[{"href":"https:\/\/www.mpc.pr.gov.br\/index.php\/wp-json\/wp\/v2\/posts\/21960","targetHints":{"allow":["GET"]}}],"collection":[{"href":"https:\/\/www.mpc.pr.gov.br\/index.php\/wp-json\/wp\/v2\/posts"}],"about":[{"href":"https:\/\/www.mpc.pr.gov.br\/index.php\/wp-json\/wp\/v2\/types\/post"}],"author":[{"embeddable":true,"href":"https:\/\/www.mpc.pr.gov.br\/index.php\/wp-json\/wp\/v2\/users\/1"}],"replies":[{"embeddable":true,"href":"https:\/\/www.mpc.pr.gov.br\/index.php\/wp-json\/wp\/v2\/comments?post=21960"}],"version-history":[{"count":5,"href":"https:\/\/www.mpc.pr.gov.br\/index.php\/wp-json\/wp\/v2\/posts\/21960\/revisions"}],"predecessor-version":[{"id":21968,"href":"https:\/\/www.mpc.pr.gov.br\/index.php\/wp-json\/wp\/v2\/posts\/21960\/revisions\/21968"}],"wp:featuredmedia":[{"embeddable":true,"href":"https:\/\/www.mpc.pr.gov.br\/index.php\/wp-json\/wp\/v2\/media\/21961"}],"wp:attachment":[{"href":"https:\/\/www.mpc.pr.gov.br\/index.php\/wp-json\/wp\/v2\/media?parent=21960"}],"wp:term":[{"taxonomy":"category","embeddable":true,"href":"https:\/\/www.mpc.pr.gov.br\/index.php\/wp-json\/wp\/v2\/categories?post=21960"},{"taxonomy":"post_tag","embeddable":true,"href":"https:\/\/www.mpc.pr.gov.br\/index.php\/wp-json\/wp\/v2\/tags?post=21960"}],"curies":[{"name":"wp","href":"https:\/\/api.w.org\/{rel}","templated":true}]}}