{"id":22003,"date":"2024-12-17T10:04:15","date_gmt":"2024-12-17T13:04:15","guid":{"rendered":"https:\/\/www.mpc.pr.gov.br\/?p=22003"},"modified":"2025-01-16T09:35:05","modified_gmt":"2025-01-16T12:35:05","slug":"revogacao-de-licitacao-e-ato-discricionario-da-administracao-publica-e-deve-atender-aos-requisitos-previstos-em-lei","status":"publish","type":"post","link":"https:\/\/www.mpc.pr.gov.br\/index.php\/revogacao-de-licitacao-e-ato-discricionario-da-administracao-publica-e-deve-atender-aos-requisitos-previstos-em-lei\/","title":{"rendered":"Revoga\u00e7\u00e3o de licita\u00e7\u00e3o \u00e9 ato discricion\u00e1rio da Administra\u00e7\u00e3o P\u00fablica e deve atender aos requisitos previstos em Lei"},"content":{"rendered":"<figure id=\"attachment_22007\" aria-describedby=\"caption-attachment-22007\" style=\"width: 300px\" class=\"wp-caption alignleft\"><img fetchpriority=\"high\" decoding=\"async\" class=\"size-medium wp-image-22007\" src=\"https:\/\/www.mpc.pr.gov.br\/wp-content\/uploads\/2024\/12\/curitiba-iluminacao-300x200.jpg\" alt=\"\" width=\"300\" height=\"200\" srcset=\"https:\/\/www.mpc.pr.gov.br\/wp-content\/uploads\/2024\/12\/curitiba-iluminacao-300x200.jpg 300w, https:\/\/www.mpc.pr.gov.br\/wp-content\/uploads\/2024\/12\/curitiba-iluminacao-768x512.jpg 768w, https:\/\/www.mpc.pr.gov.br\/wp-content\/uploads\/2024\/12\/curitiba-iluminacao.jpg 800w\" sizes=\"(max-width: 300px) 100vw, 300px\" \/><figcaption id=\"caption-attachment-22007\" class=\"wp-caption-text\">Jardim Bot\u00e2nico, atra\u00e7\u00e3o tur\u00edstica na capital do Estado do Paran\u00e1. Foto: divulga\u00e7\u00e3o.<\/figcaption><\/figure>\n<p><span data-contrast=\"auto\">\u00c9 improcedente a Representa\u00e7\u00e3o proposta em desfavor do <a href=\"https:\/\/www.curitiba.pr.gov.br\/\">Munic\u00edpio de Curitiba<\/a>, em raz\u00e3o da revoga\u00e7\u00e3o do Preg\u00e3o Eletr\u00f4nico n\u00ba 277\/2020, para contrata\u00e7\u00e3o de servi\u00e7os e fornecimento de materiais para a substitui\u00e7\u00e3o de lumin\u00e1rias vi\u00e1rias. Essa foi a decis\u00e3o un\u00e2nime do Tribunal Pleno do Tribunal de Contas do Estado do Paran\u00e1 (TCE-PR), conforme fundamentos expostos pelo Relator do processo Conselheiro Ivan Lelis Bonilha.\u00a0<\/span><span data-ccp-props=\"{&quot;201341983&quot;:0,&quot;335551550&quot;:6,&quot;335551620&quot;:6,&quot;335559731&quot;:720,&quot;335559740&quot;:360}\">\u00a0<\/span><\/p>\n<p><span data-contrast=\"auto\">A licita\u00e7\u00e3o foi revogada pelo Munic\u00edpio de Curitiba tendo em vista a conclus\u00e3o de uma Parceria P\u00fablico-Privada (PPP) firmada para a manuten\u00e7\u00e3o da ilumina\u00e7\u00e3o da cidade, a qual abrangeu o objeto da licita\u00e7\u00e3o revogada. Na inicial, o representante alegou que se sagrou vencedor da licita\u00e7\u00e3o, mas que a mesma havia sido revogada antes da fase de homologa\u00e7\u00e3o e adjudica\u00e7\u00e3o, de modo que, a seu ver, faltaram motivos para embasar a justificativa da revoga\u00e7\u00e3o. Como causa de pedir, solicitou a concess\u00e3o de medida cautelar para exibi\u00e7\u00e3o de documentos por parte do Munic\u00edpio de Curitiba.<\/span><span data-ccp-props=\"{&quot;201341983&quot;:0,&quot;335551550&quot;:6,&quot;335551620&quot;:6,&quot;335559731&quot;:720,&quot;335559740&quot;:360}\">\u00a0<\/span><\/p>\n<p><span data-ccp-props=\"{&quot;201341983&quot;:0,&quot;335551550&quot;:6,&quot;335551620&quot;:6,&quot;335559740&quot;:360}\">\u00a0<\/span><b><span data-contrast=\"auto\">Recebimento<\/span><\/b><span data-ccp-props=\"{&quot;201341983&quot;:0,&quot;335551550&quot;:6,&quot;335551620&quot;:6,&quot;335559740&quot;:360}\">\u00a0<\/span><\/p>\n<p><span data-contrast=\"auto\">O referido processo foi distribu\u00eddo ao Conselheiro Ivan Lelis Bonilha por preven\u00e7\u00e3o, considerando que existia decis\u00e3o pr\u00e9via deste Relator no \u00e2mbito das Representa\u00e7\u00f5es da Lei 8.666\/93, proposta por empresa interessada em raz\u00e3o de supostas irregularidades no mesmo Preg\u00e3o Eletr\u00f4nico n\u00ba 277\/2020.\u00a0<\/span><span data-ccp-props=\"{&quot;201341983&quot;:0,&quot;335551550&quot;:6,&quot;335551620&quot;:6,&quot;335559731&quot;:720,&quot;335559740&quot;:360}\">\u00a0<\/span><\/p>\n<p><span data-contrast=\"auto\">Previstos os requisitos de admissibilidade, o Relator determinou a intima\u00e7\u00e3o do Secret\u00e1rio Municipal de Obras P\u00fablicas do Munic\u00edpio de Curitiba para que se manifestasse preliminarmente sobre o pedido cautelar e sobre os fatos noticiados na pe\u00e7a exordial, bem como para que juntasse aos autos c\u00f3pia integral do processo licitat\u00f3rio sob exame, trazendo todas as informa\u00e7\u00f5es e documentos relativos \u00e0 revoga\u00e7\u00e3o do certame.<\/span><span data-ccp-props=\"{&quot;201341983&quot;:0,&quot;335551550&quot;:6,&quot;335551620&quot;:6,&quot;335559731&quot;:720,&quot;335559740&quot;:360}\">\u00a0<\/span><\/p>\n<p><span data-contrast=\"auto\">Atendendo a dilig\u00eancia realizada pelo TCE-PR, o Secret\u00e1rio Municipal de Obras P\u00fablicas informou que a Secretaria Municipal de Administra\u00e7\u00e3o, Gest\u00e3o de Pessoal e Tecnologia da Informa\u00e7\u00e3o (SMAP) \u00e9 o \u00f3rg\u00e3o executor do objeto licitat\u00f3rio. Logo, a SMAP esclareceu que a estrutura\u00e7\u00e3o do projeto da Parceria P\u00fablico-Privada em an\u00e1lise envolve uma atividade complexa, que demanda a execu\u00e7\u00e3o de diversas atividades e exige alguns meses para o seu adequado desenvolvimento, o qual ocorre mediante a assun\u00e7\u00e3o de obriga\u00e7\u00f5es tanto pelo Munic\u00edpio (contratante) quanto pelo BNDES (contratado).\u00a0\u00a0<\/span><span data-ccp-props=\"{&quot;201341983&quot;:0,&quot;335551550&quot;:6,&quot;335551620&quot;:6,&quot;335559740&quot;:360}\">\u00a0<\/span><\/p>\n<p><span data-contrast=\"auto\">Na mesma oportunidade tamb\u00e9m informou que, quanto ao interesse p\u00fablico, o objeto da PPP n\u00e3o se restringe somente \u00e0 substitui\u00e7\u00e3o de lumin\u00e1rias, sendo muito mais abrangente, envolvendo a moderniza\u00e7\u00e3o, eficientiza\u00e7\u00e3o, expans\u00e3o, opera\u00e7\u00e3o e manuten\u00e7\u00e3o de todo o parque de ilumina\u00e7\u00e3o p\u00fablica de Curitiba pelo per\u00edodo de 23 anos, a qual teria in\u00edcio em janeiro de 2022.\u00a0<\/span><span data-ccp-props=\"{&quot;201341983&quot;:0,&quot;335551550&quot;:6,&quot;335551620&quot;:6,&quot;335559740&quot;:360}\">\u00a0<\/span><\/p>\n<p><span data-ccp-props=\"{&quot;201341983&quot;:0,&quot;335551550&quot;:6,&quot;335551620&quot;:6,&quot;335559740&quot;:360}\">\u00a0<\/span><b><span data-contrast=\"auto\">Nova Representa\u00e7\u00e3o<\/span><\/b><span data-ccp-props=\"{&quot;201341983&quot;:0,&quot;335551550&quot;:6,&quot;335551620&quot;:6,&quot;335559740&quot;:360}\">\u00a0<\/span><\/p>\n<p><span data-contrast=\"auto\">A empresa representante protocolou nova Representa\u00e7\u00e3o, autuada sob n\u00ba 701334\/21, mediante a qual questionou supostas irregularidades em novo certame, qual seja o Preg\u00e3o Eletr\u00f4nico n\u00ba 321\/2021, realizado pelo Munic\u00edpio de Curitiba com vistas \u00e0 sele\u00e7\u00e3o de proposta para a contrata\u00e7\u00e3o de empresa de engenharia el\u00e9trica para a execu\u00e7\u00e3o de servi\u00e7os de instala\u00e7\u00e3o e montagem de equipamentos para ilumina\u00e7\u00e3o p\u00fablica de Curitiba. Nas alega\u00e7\u00f5es de direito, aduziu que n\u00e3o houve esclarecimento acerca dos motivos de revoga\u00e7\u00e3o do Edital de Preg\u00e3o Eletr\u00f4nico n\u00ba 277\/20, cujo objeto \u00e9 similar ao do Edital n\u00ba 321\/21.<\/span><span data-ccp-props=\"{&quot;201341983&quot;:0,&quot;335551550&quot;:6,&quot;335551620&quot;:6,&quot;335559731&quot;:720,&quot;335559740&quot;:360}\">\u00a0<\/span><\/p>\n<p><span data-contrast=\"auto\">Conforme Despacho n\u00ba 99\/22, foi determinado o apensamento dos autos, por entender que a parte interessada n\u00e3o indicou qualquer ind\u00edcio de irregularidade no Edital n\u00ba 321\/21 e na condu\u00e7\u00e3o do respectivo certame, voltando sua insurg\u00eancia \u00e0 iniciativa de revoga\u00e7\u00e3o do Preg\u00e3o n\u00ba 277\/20.\u00a0<\/span><span data-ccp-props=\"{&quot;201341983&quot;:0,&quot;335551550&quot;:6,&quot;335551620&quot;:6,&quot;335559740&quot;:360}\">\u00a0<\/span><\/p>\n<p><span data-ccp-props=\"{&quot;201341983&quot;:0,&quot;335551550&quot;:6,&quot;335551620&quot;:6,&quot;335559740&quot;:360}\">\u00a0<\/span><b><span data-contrast=\"auto\">Instru\u00e7\u00e3o<\/span><\/b><span data-ccp-props=\"{&quot;201341983&quot;:0,&quot;335551550&quot;:6,&quot;335551620&quot;:6,&quot;335559740&quot;:360}\">\u00a0<\/span><\/p>\n<p><span data-contrast=\"auto\">Instada a se manifestar, a Coordenadoria de Gest\u00e3o Municipal (CGM), conforme Instru\u00e7\u00e3o n\u00ba 4820\/22, opinou pela improced\u00eancia da Representa\u00e7\u00e3o, tendo em vista que, a partir de sua an\u00e1lise, n\u00e3o existe qualquer ind\u00edcio de irregularidade no ato de revoga\u00e7\u00e3o praticado pelo Munic\u00edpio de Curitiba, por entender que se trata de um ato discricion\u00e1rio permitido por Lei, de modo que as justificativas foram devidamente concedidas.<\/span><span data-ccp-props=\"{&quot;134233117&quot;:false,&quot;134233118&quot;:false,&quot;201341983&quot;:0,&quot;335551550&quot;:6,&quot;335551620&quot;:6,&quot;335559685&quot;:0,&quot;335559737&quot;:0,&quot;335559738&quot;:0,&quot;335559739&quot;:0,&quot;335559740&quot;:360}\">\u00a0<\/span><\/p>\n<p><span data-contrast=\"auto\">O Minist\u00e9rio P\u00fablico de Contas (MPC-PR), por sua vez, manifestou-se nos termos do <a href=\"https:\/\/www.mpc.pr.gov.br\/wp-content\/uploads\/2024\/12\/curitiba-ilumin-PAR-1090_22-3PC.pdf\">Parecer Ministerial n\u00ba 1090\/22<\/a>, da 3\u00aa Procuradoria de Contas, a qual entendeu que o cerne da quest\u00e3o no respectivo processo seria para identificar se houve a devida justificativa para a revoga\u00e7\u00e3o do Preg\u00e3o Eletr\u00f4nico. A partir da an\u00e1lise da documenta\u00e7\u00e3o apresentada no contradit\u00f3rio das partes, a PPP firmada pelo Munic\u00edpio de Curitiba seria suficiente para abarcar os servi\u00e7os e equipamentos que seriam objeto do contrato em quest\u00e3o.\u00a0<\/span><span data-ccp-props=\"{&quot;201341983&quot;:0,&quot;335551550&quot;:6,&quot;335551620&quot;:6,&quot;335559740&quot;:360}\">\u00a0<\/span><\/p>\n<p><span data-contrast=\"auto\">Logo, tendo em vista que a homologa\u00e7\u00e3o da licita\u00e7\u00e3o, assim como sua adjudica\u00e7\u00e3o, constituem apenas mera expectativa de direito, e n\u00e3o o direito adquirido propriamente dito, o MPC-PR entendeu que a revoga\u00e7\u00e3o ocorreu dentro da legalidade. Diante do exposto, corroborou o opinativo da unidade t\u00e9cnica pela improced\u00eancia das Representa\u00e7\u00f5es.\u00a0<\/span><span data-ccp-props=\"{&quot;201341983&quot;:0,&quot;335551550&quot;:6,&quot;335551620&quot;:6,&quot;335559740&quot;:360}\">\u00a0<\/span><\/p>\n<p><span data-ccp-props=\"{&quot;201341983&quot;:0,&quot;335551550&quot;:6,&quot;335551620&quot;:6,&quot;335559740&quot;:360}\">\u00a0<\/span><b><span data-contrast=\"auto\">Decis\u00e3o\u00a0<\/span><\/b><span data-ccp-props=\"{&quot;201341983&quot;:0,&quot;335551550&quot;:6,&quot;335551620&quot;:6,&quot;335559740&quot;:360}\">\u00a0<\/span><\/p>\n<p><span data-contrast=\"auto\">Conforme fundamenta\u00e7\u00e3o exposta no <a href=\"https:\/\/www.mpc.pr.gov.br\/wp-content\/uploads\/2024\/12\/curitiba-ilumin-ACO-3304_24-STP.pdf\">Ac\u00f3rd\u00e3o n\u00ba 3304\/24 do Tribunal Pleno<\/a>, o Conselheiro Ivan Lelis Bonilha acompanhou o entendimento esbo\u00e7ado pela unidade t\u00e9cnica e pelo \u00f3rg\u00e3o ministerial, cabendo a improced\u00eancia de ambas as Representa\u00e7\u00f5es.\u00a0<\/span><span data-ccp-props=\"{&quot;201341983&quot;:0,&quot;335551550&quot;:6,&quot;335551620&quot;:6,&quot;335559740&quot;:360}\">\u00a0<\/span><\/p>\n<p><span data-contrast=\"auto\">A partir da documenta\u00e7\u00e3o apresentada nos autos, verificou que os requisitos para a revoga\u00e7\u00e3o da licita\u00e7\u00e3o foram satisfatoriamente atendidos, nos termos do artigo 49 da Lei n\u00ba 8.666\/93, qual seja, \u201cpor raz\u00f5es de interesse p\u00fablico decorrente de fato superveniente devidamente comprovado, pertinente e suficiente para justificar tal conduta\u201d.<\/span><span data-ccp-props=\"{&quot;201341983&quot;:0,&quot;335551550&quot;:6,&quot;335551620&quot;:6,&quot;335559740&quot;:360}\">\u00a0<\/span><\/p>\n<p><span data-contrast=\"auto\">Do mesmo modo, comprovou-se que o direito de revoga\u00e7\u00e3o pela Administra\u00e7\u00e3o foi exercido por justificados motivos de conveni\u00eancia e oportunidade, em conson\u00e2ncia com o que disp\u00f5e a <a href=\"https:\/\/portal.stf.jus.br\/jurisprudencia\/sumariosumulas.asp?base=30&amp;sumula=1602\">S\u00famula 473 do Supremo Tribunal Federal (STF)<\/a>: \u201cA administra\u00e7\u00e3o pode anular seus pr\u00f3prios atos, quando eivados de v\u00edcios que os tornam ilegais, porque deles n\u00e3o se originam direitos; ou revog\u00e1-los, por motivo de conveni\u00eancia ou oportunidade, respeitados os direitos adquiridos, e ressalvada, em todos os casos, a aprecia\u00e7\u00e3o judicial.\u201d<\/span><span data-ccp-props=\"{&quot;201341983&quot;:0,&quot;335551550&quot;:6,&quot;335551620&quot;:6,&quot;335559740&quot;:360}\">\u00a0<\/span><\/p>\n<p><span data-contrast=\"auto\">Destacou que n\u00e3o houve sequer homologa\u00e7\u00e3o e adjudica\u00e7\u00e3o e que a motiva\u00e7\u00e3o exposta \u00e9 suficiente para afastar qualquer ilegalidade, inserindo-se o ato de revoga\u00e7\u00e3o na esfera de discricionariedade da Administra\u00e7\u00e3o, sem que se tenha gerado qualquer direito adquirido ao particular, o qual gozava de mera expectativa de contrata\u00e7\u00e3o. Do mesmo modo, frisou que os certames indicados pela Representante s\u00e3o similares, por\u00e9m possuem objeto distinto, conforme indicado pelo Secret\u00e1rio Municipal de Obras P\u00fablicas.\u00a0<\/span><span data-ccp-props=\"{&quot;201341983&quot;:0,&quot;335551550&quot;:6,&quot;335551620&quot;:6,&quot;335559740&quot;:360}\">\u00a0<\/span><\/p>\n<p><span data-contrast=\"auto\">Portanto, n\u00e3o se vislumbrou qualquer tipo de irregularidade no ato de revoga\u00e7\u00e3o do Preg\u00e3o Eletr\u00f4nico n\u00ba 277\/2020, raz\u00e3o pela qual n\u00e3o h\u00e1 guarida para o provimento dos expedientes, motivo pelo qual os membros do Tribunal Pleno concordaram pelo conhecimento e pela improced\u00eancia das Representa\u00e7\u00f5es n\u00ba 431000\/21 e 701334\/21.\u00a0<\/span><span data-ccp-props=\"{&quot;201341983&quot;:0,&quot;335551550&quot;:6,&quot;335551620&quot;:6,&quot;335559731&quot;:720,&quot;335559740&quot;:360}\">\u00a0<\/span><\/p>\n<blockquote><p><span style=\"color: #820007;\"><strong><u>Informa\u00e7\u00e3o para consulta processual<\/u><\/strong><\/span><\/p>\n<table style=\"height: 183px;\" border=\"0\" width=\"478\" cellspacing=\"0\" cellpadding=\"0\">\n<tbody>\n<tr>\n<td><strong>Processo n\u00ba<\/strong>:<\/td>\n<td>431000-21<\/td>\n<\/tr>\n<tr>\n<td><strong>Ac\u00f3rd\u00e3o n\u00ba<\/strong>:<\/td>\n<td>3304\/24 &#8211; Tribunal Pleno<\/td>\n<\/tr>\n<tr>\n<td><strong>Assunto<\/strong>:<\/td>\n<td>Representa\u00e7\u00e3o da Lei de Licita\u00e7\u00f5es<\/td>\n<\/tr>\n<tr>\n<td><strong>Entidade<\/strong>:<\/td>\n<td>Munic\u00edpio de Curitiba<\/td>\n<\/tr>\n<tr>\n<td><strong>Relator<\/strong>:<\/td>\n<td><span class=\"TextRun SCXW156170801 BCX0\" lang=\"PT-BR\" xml:lang=\"PT-BR\" data-contrast=\"auto\"><span class=\"NormalTextRun SCXW156170801 BCX0\">Conselheiro Ivan Lelis Bonilha<\/span><\/span><\/td>\n<\/tr>\n<\/tbody>\n<\/table>\n<\/blockquote>\n","protected":false},"excerpt":{"rendered":"<p>\u00c9 improcedente a Representa\u00e7\u00e3o proposta em desfavor do Munic\u00edpio de Curitiba, em raz\u00e3o da revoga\u00e7\u00e3o do Preg\u00e3o Eletr\u00f4nico n\u00ba 277\/2020, para contrata\u00e7\u00e3o de servi\u00e7os e fornecimento de materiais para a substitui\u00e7\u00e3o de lumin\u00e1rias vi\u00e1rias. Essa foi a decis\u00e3o un\u00e2nime do Tribunal Pleno do Tribunal de Contas do Estado do Paran\u00e1 (TCE-PR), conforme fundamentos expostos pelo [&hellip;]<\/p>\n","protected":false},"author":1,"featured_media":22007,"comment_status":"open","ping_status":"open","sticky":false,"template":"","format":"standard","meta":{"_monsterinsights_skip_tracking":false,"_monsterinsights_sitenote_active":false,"_monsterinsights_sitenote_note":"","_monsterinsights_sitenote_category":0,"footnotes":""},"categories":[7],"tags":[249,431,13,530,39,71],"class_list":["post-22003","post","type-post","status-publish","format-standard","has-post-thumbnail","hentry","category-todas-as-noticias","tag-curitiba","tag-iluminacao-publica","tag-mpc-pr","tag-representacao-da-lei-de-licitacoes","tag-tce-pr","tag-tribunal-pleno","entry","has-media"],"yoast_head":"<!-- This site is optimized with the Yoast SEO plugin v27.3 - https:\/\/yoast.com\/product\/yoast-seo-wordpress\/ -->\n<title>Revoga\u00e7\u00e3o de licita\u00e7\u00e3o \u00e9 ato discricion\u00e1rio da Administra\u00e7\u00e3o P\u00fablica e deve atender aos requisitos previstos em Lei - Minist\u00e9rio P\u00fablico de Contas do Estado do Paran\u00e1<\/title>\n<meta name=\"robots\" content=\"index, follow, max-snippet:-1, max-image-preview:large, max-video-preview:-1\" \/>\n<link rel=\"canonical\" href=\"https:\/\/www.mpc.pr.gov.br\/index.php\/revogacao-de-licitacao-e-ato-discricionario-da-administracao-publica-e-deve-atender-aos-requisitos-previstos-em-lei\/\" \/>\n<meta property=\"og:locale\" content=\"pt_BR\" \/>\n<meta property=\"og:type\" content=\"article\" \/>\n<meta property=\"og:title\" content=\"Revoga\u00e7\u00e3o de licita\u00e7\u00e3o \u00e9 ato discricion\u00e1rio da Administra\u00e7\u00e3o P\u00fablica e deve atender aos requisitos previstos em Lei - Minist\u00e9rio P\u00fablico de Contas do Estado do Paran\u00e1\" \/>\n<meta property=\"og:description\" content=\"\u00c9 improcedente a Representa\u00e7\u00e3o proposta em desfavor do Munic\u00edpio de Curitiba, em raz\u00e3o da revoga\u00e7\u00e3o do Preg\u00e3o Eletr\u00f4nico n\u00ba 277\/2020, para contrata\u00e7\u00e3o de servi\u00e7os e fornecimento de materiais para a substitui\u00e7\u00e3o de lumin\u00e1rias vi\u00e1rias. Essa foi a decis\u00e3o un\u00e2nime do Tribunal Pleno do Tribunal de Contas do Estado do Paran\u00e1 (TCE-PR), conforme fundamentos expostos pelo [&hellip;]\" \/>\n<meta property=\"og:url\" content=\"https:\/\/www.mpc.pr.gov.br\/index.php\/revogacao-de-licitacao-e-ato-discricionario-da-administracao-publica-e-deve-atender-aos-requisitos-previstos-em-lei\/\" \/>\n<meta property=\"og:site_name\" content=\"Minist\u00e9rio P\u00fablico de Contas do Estado do Paran\u00e1\" \/>\n<meta property=\"article:publisher\" content=\"https:\/\/www.facebook.com\/mpc.pr\" \/>\n<meta property=\"article:published_time\" content=\"2024-12-17T13:04:15+00:00\" \/>\n<meta property=\"article:modified_time\" content=\"2025-01-16T12:35:05+00:00\" \/>\n<meta property=\"og:image\" content=\"https:\/\/www.mpc.pr.gov.br\/wp-content\/uploads\/2024\/12\/curitiba-iluminacao.jpg\" \/>\n\t<meta property=\"og:image:width\" content=\"800\" \/>\n\t<meta property=\"og:image:height\" content=\"533\" \/>\n\t<meta property=\"og:image:type\" content=\"image\/jpeg\" \/>\n<meta name=\"author\" content=\"mpcontaspr\" \/>\n<meta name=\"twitter:card\" content=\"summary_large_image\" \/>\n<meta name=\"twitter:label1\" content=\"Escrito por\" \/>\n\t<meta name=\"twitter:data1\" content=\"mpcontaspr\" \/>\n\t<meta name=\"twitter:label2\" content=\"Est. tempo de leitura\" \/>\n\t<meta name=\"twitter:data2\" content=\"7 minutos\" \/>\n<script type=\"application\/ld+json\" class=\"yoast-schema-graph\">{\"@context\":\"https:\\\/\\\/schema.org\",\"@graph\":[{\"@type\":\"Article\",\"@id\":\"https:\\\/\\\/www.mpc.pr.gov.br\\\/index.php\\\/revogacao-de-licitacao-e-ato-discricionario-da-administracao-publica-e-deve-atender-aos-requisitos-previstos-em-lei\\\/#article\",\"isPartOf\":{\"@id\":\"https:\\\/\\\/www.mpc.pr.gov.br\\\/index.php\\\/revogacao-de-licitacao-e-ato-discricionario-da-administracao-publica-e-deve-atender-aos-requisitos-previstos-em-lei\\\/\"},\"author\":{\"name\":\"mpcontaspr\",\"@id\":\"https:\\\/\\\/www.mpc.pr.gov.br\\\/#\\\/schema\\\/person\\\/2d83cb8980538d0ec174e8a6284f5e11\"},\"headline\":\"Revoga\u00e7\u00e3o de licita\u00e7\u00e3o \u00e9 ato discricion\u00e1rio da Administra\u00e7\u00e3o P\u00fablica e deve atender aos requisitos previstos em Lei\",\"datePublished\":\"2024-12-17T13:04:15+00:00\",\"dateModified\":\"2025-01-16T12:35:05+00:00\",\"mainEntityOfPage\":{\"@id\":\"https:\\\/\\\/www.mpc.pr.gov.br\\\/index.php\\\/revogacao-de-licitacao-e-ato-discricionario-da-administracao-publica-e-deve-atender-aos-requisitos-previstos-em-lei\\\/\"},\"wordCount\":1227,\"commentCount\":0,\"publisher\":{\"@id\":\"https:\\\/\\\/www.mpc.pr.gov.br\\\/#organization\"},\"image\":{\"@id\":\"https:\\\/\\\/www.mpc.pr.gov.br\\\/index.php\\\/revogacao-de-licitacao-e-ato-discricionario-da-administracao-publica-e-deve-atender-aos-requisitos-previstos-em-lei\\\/#primaryimage\"},\"thumbnailUrl\":\"https:\\\/\\\/www.mpc.pr.gov.br\\\/wp-content\\\/uploads\\\/2024\\\/12\\\/curitiba-iluminacao.jpg\",\"keywords\":[\"Curitiba\",\"Ilumina\u00e7\u00e3o P\u00fablica\",\"MPC-PR\",\"Representa\u00e7\u00e3o da Lei de Licita\u00e7\u00f5es\",\"TCE-PR\",\"Tribunal Pleno\"],\"articleSection\":[\"Todas as not\u00edcias\"],\"inLanguage\":\"pt-BR\",\"potentialAction\":[{\"@type\":\"CommentAction\",\"name\":\"Comment\",\"target\":[\"https:\\\/\\\/www.mpc.pr.gov.br\\\/index.php\\\/revogacao-de-licitacao-e-ato-discricionario-da-administracao-publica-e-deve-atender-aos-requisitos-previstos-em-lei\\\/#respond\"]}]},{\"@type\":\"WebPage\",\"@id\":\"https:\\\/\\\/www.mpc.pr.gov.br\\\/index.php\\\/revogacao-de-licitacao-e-ato-discricionario-da-administracao-publica-e-deve-atender-aos-requisitos-previstos-em-lei\\\/\",\"url\":\"https:\\\/\\\/www.mpc.pr.gov.br\\\/index.php\\\/revogacao-de-licitacao-e-ato-discricionario-da-administracao-publica-e-deve-atender-aos-requisitos-previstos-em-lei\\\/\",\"name\":\"Revoga\u00e7\u00e3o de licita\u00e7\u00e3o \u00e9 ato discricion\u00e1rio da Administra\u00e7\u00e3o P\u00fablica e deve atender aos requisitos previstos em Lei - Minist\u00e9rio P\u00fablico de Contas do Estado do Paran\u00e1\",\"isPartOf\":{\"@id\":\"https:\\\/\\\/www.mpc.pr.gov.br\\\/#website\"},\"primaryImageOfPage\":{\"@id\":\"https:\\\/\\\/www.mpc.pr.gov.br\\\/index.php\\\/revogacao-de-licitacao-e-ato-discricionario-da-administracao-publica-e-deve-atender-aos-requisitos-previstos-em-lei\\\/#primaryimage\"},\"image\":{\"@id\":\"https:\\\/\\\/www.mpc.pr.gov.br\\\/index.php\\\/revogacao-de-licitacao-e-ato-discricionario-da-administracao-publica-e-deve-atender-aos-requisitos-previstos-em-lei\\\/#primaryimage\"},\"thumbnailUrl\":\"https:\\\/\\\/www.mpc.pr.gov.br\\\/wp-content\\\/uploads\\\/2024\\\/12\\\/curitiba-iluminacao.jpg\",\"datePublished\":\"2024-12-17T13:04:15+00:00\",\"dateModified\":\"2025-01-16T12:35:05+00:00\",\"breadcrumb\":{\"@id\":\"https:\\\/\\\/www.mpc.pr.gov.br\\\/index.php\\\/revogacao-de-licitacao-e-ato-discricionario-da-administracao-publica-e-deve-atender-aos-requisitos-previstos-em-lei\\\/#breadcrumb\"},\"inLanguage\":\"pt-BR\",\"potentialAction\":[{\"@type\":\"ReadAction\",\"target\":[\"https:\\\/\\\/www.mpc.pr.gov.br\\\/index.php\\\/revogacao-de-licitacao-e-ato-discricionario-da-administracao-publica-e-deve-atender-aos-requisitos-previstos-em-lei\\\/\"]}]},{\"@type\":\"ImageObject\",\"inLanguage\":\"pt-BR\",\"@id\":\"https:\\\/\\\/www.mpc.pr.gov.br\\\/index.php\\\/revogacao-de-licitacao-e-ato-discricionario-da-administracao-publica-e-deve-atender-aos-requisitos-previstos-em-lei\\\/#primaryimage\",\"url\":\"https:\\\/\\\/www.mpc.pr.gov.br\\\/wp-content\\\/uploads\\\/2024\\\/12\\\/curitiba-iluminacao.jpg\",\"contentUrl\":\"https:\\\/\\\/www.mpc.pr.gov.br\\\/wp-content\\\/uploads\\\/2024\\\/12\\\/curitiba-iluminacao.jpg\",\"width\":800,\"height\":533,\"caption\":\"Jardim Bot\u00e2nico, atra\u00e7\u00e3o tur\u00edstica na capital do Estado do Paran\u00e1. Foto: divulga\u00e7\u00e3o.\"},{\"@type\":\"BreadcrumbList\",\"@id\":\"https:\\\/\\\/www.mpc.pr.gov.br\\\/index.php\\\/revogacao-de-licitacao-e-ato-discricionario-da-administracao-publica-e-deve-atender-aos-requisitos-previstos-em-lei\\\/#breadcrumb\",\"itemListElement\":[{\"@type\":\"ListItem\",\"position\":1,\"name\":\"In\u00edcio\",\"item\":\"https:\\\/\\\/www.mpc.pr.gov.br\\\/\"},{\"@type\":\"ListItem\",\"position\":2,\"name\":\"Revoga\u00e7\u00e3o de licita\u00e7\u00e3o \u00e9 ato discricion\u00e1rio da Administra\u00e7\u00e3o P\u00fablica e deve atender aos requisitos previstos em Lei\"}]},{\"@type\":\"WebSite\",\"@id\":\"https:\\\/\\\/www.mpc.pr.gov.br\\\/#website\",\"url\":\"https:\\\/\\\/www.mpc.pr.gov.br\\\/\",\"name\":\"Minist\u00e9rio P\u00fablico de Contas do Estado do Paran\u00e1\",\"description\":\"\",\"publisher\":{\"@id\":\"https:\\\/\\\/www.mpc.pr.gov.br\\\/#organization\"},\"potentialAction\":[{\"@type\":\"SearchAction\",\"target\":{\"@type\":\"EntryPoint\",\"urlTemplate\":\"https:\\\/\\\/www.mpc.pr.gov.br\\\/?s={search_term_string}\"},\"query-input\":{\"@type\":\"PropertyValueSpecification\",\"valueRequired\":true,\"valueName\":\"search_term_string\"}}],\"inLanguage\":\"pt-BR\"},{\"@type\":\"Organization\",\"@id\":\"https:\\\/\\\/www.mpc.pr.gov.br\\\/#organization\",\"name\":\"Minist\u00e9rio P\u00fablico de Contas do Estado do Paran\u00e1\",\"url\":\"https:\\\/\\\/www.mpc.pr.gov.br\\\/\",\"logo\":{\"@type\":\"ImageObject\",\"inLanguage\":\"pt-BR\",\"@id\":\"https:\\\/\\\/www.mpc.pr.gov.br\\\/#\\\/schema\\\/logo\\\/image\\\/\",\"url\":\"https:\\\/\\\/www.mpc.pr.gov.br\\\/wp-content\\\/uploads\\\/2020\\\/06\\\/99423647_1593460364143890_6706793420720963584_n-1-e1591387983167.png\",\"contentUrl\":\"https:\\\/\\\/www.mpc.pr.gov.br\\\/wp-content\\\/uploads\\\/2020\\\/06\\\/99423647_1593460364143890_6706793420720963584_n-1-e1591387983167.png\",\"width\":243,\"height\":73,\"caption\":\"Minist\u00e9rio P\u00fablico de Contas do Estado do Paran\u00e1\"},\"image\":{\"@id\":\"https:\\\/\\\/www.mpc.pr.gov.br\\\/#\\\/schema\\\/logo\\\/image\\\/\"},\"sameAs\":[\"https:\\\/\\\/www.facebook.com\\\/mpc.pr\",\"https:\\\/\\\/www.instagram.com\\\/mpc.pr\\\/?hl=pt-br\",\"https:\\\/\\\/www.youtube.com\\\/channel\\\/UCHri5oEM8DV0ztX57E0sBSw\"]},{\"@type\":\"Person\",\"@id\":\"https:\\\/\\\/www.mpc.pr.gov.br\\\/#\\\/schema\\\/person\\\/2d83cb8980538d0ec174e8a6284f5e11\",\"name\":\"mpcontaspr\",\"image\":{\"@type\":\"ImageObject\",\"inLanguage\":\"pt-BR\",\"@id\":\"https:\\\/\\\/secure.gravatar.com\\\/avatar\\\/1aef51541db7622e05fd639336c9c9f312c2a618396e2b6ca96846362fc5403f?s=96&d=mm&r=g\",\"url\":\"https:\\\/\\\/secure.gravatar.com\\\/avatar\\\/1aef51541db7622e05fd639336c9c9f312c2a618396e2b6ca96846362fc5403f?s=96&d=mm&r=g\",\"contentUrl\":\"https:\\\/\\\/secure.gravatar.com\\\/avatar\\\/1aef51541db7622e05fd639336c9c9f312c2a618396e2b6ca96846362fc5403f?s=96&d=mm&r=g\",\"caption\":\"mpcontaspr\"},\"sameAs\":[\"http:\\\/\\\/www.mpc.pr.gov.br\"]}]}<\/script>\n<!-- \/ Yoast SEO plugin. -->","yoast_head_json":{"title":"Revoga\u00e7\u00e3o de licita\u00e7\u00e3o \u00e9 ato discricion\u00e1rio da Administra\u00e7\u00e3o P\u00fablica e deve atender aos requisitos previstos em Lei - Minist\u00e9rio P\u00fablico de Contas do Estado do Paran\u00e1","robots":{"index":"index","follow":"follow","max-snippet":"max-snippet:-1","max-image-preview":"max-image-preview:large","max-video-preview":"max-video-preview:-1"},"canonical":"https:\/\/www.mpc.pr.gov.br\/index.php\/revogacao-de-licitacao-e-ato-discricionario-da-administracao-publica-e-deve-atender-aos-requisitos-previstos-em-lei\/","og_locale":"pt_BR","og_type":"article","og_title":"Revoga\u00e7\u00e3o de licita\u00e7\u00e3o \u00e9 ato discricion\u00e1rio da Administra\u00e7\u00e3o P\u00fablica e deve atender aos requisitos previstos em Lei - Minist\u00e9rio P\u00fablico de Contas do Estado do Paran\u00e1","og_description":"\u00c9 improcedente a Representa\u00e7\u00e3o proposta em desfavor do Munic\u00edpio de Curitiba, em raz\u00e3o da revoga\u00e7\u00e3o do Preg\u00e3o Eletr\u00f4nico n\u00ba 277\/2020, para contrata\u00e7\u00e3o de servi\u00e7os e fornecimento de materiais para a substitui\u00e7\u00e3o de lumin\u00e1rias vi\u00e1rias. Essa foi a decis\u00e3o un\u00e2nime do Tribunal Pleno do Tribunal de Contas do Estado do Paran\u00e1 (TCE-PR), conforme fundamentos expostos pelo [&hellip;]","og_url":"https:\/\/www.mpc.pr.gov.br\/index.php\/revogacao-de-licitacao-e-ato-discricionario-da-administracao-publica-e-deve-atender-aos-requisitos-previstos-em-lei\/","og_site_name":"Minist\u00e9rio P\u00fablico de Contas do Estado do Paran\u00e1","article_publisher":"https:\/\/www.facebook.com\/mpc.pr","article_published_time":"2024-12-17T13:04:15+00:00","article_modified_time":"2025-01-16T12:35:05+00:00","og_image":[{"width":800,"height":533,"url":"https:\/\/www.mpc.pr.gov.br\/wp-content\/uploads\/2024\/12\/curitiba-iluminacao.jpg","type":"image\/jpeg"}],"author":"mpcontaspr","twitter_card":"summary_large_image","twitter_misc":{"Escrito por":"mpcontaspr","Est. tempo de leitura":"7 minutos"},"schema":{"@context":"https:\/\/schema.org","@graph":[{"@type":"Article","@id":"https:\/\/www.mpc.pr.gov.br\/index.php\/revogacao-de-licitacao-e-ato-discricionario-da-administracao-publica-e-deve-atender-aos-requisitos-previstos-em-lei\/#article","isPartOf":{"@id":"https:\/\/www.mpc.pr.gov.br\/index.php\/revogacao-de-licitacao-e-ato-discricionario-da-administracao-publica-e-deve-atender-aos-requisitos-previstos-em-lei\/"},"author":{"name":"mpcontaspr","@id":"https:\/\/www.mpc.pr.gov.br\/#\/schema\/person\/2d83cb8980538d0ec174e8a6284f5e11"},"headline":"Revoga\u00e7\u00e3o de licita\u00e7\u00e3o \u00e9 ato discricion\u00e1rio da Administra\u00e7\u00e3o P\u00fablica e deve atender aos requisitos previstos em Lei","datePublished":"2024-12-17T13:04:15+00:00","dateModified":"2025-01-16T12:35:05+00:00","mainEntityOfPage":{"@id":"https:\/\/www.mpc.pr.gov.br\/index.php\/revogacao-de-licitacao-e-ato-discricionario-da-administracao-publica-e-deve-atender-aos-requisitos-previstos-em-lei\/"},"wordCount":1227,"commentCount":0,"publisher":{"@id":"https:\/\/www.mpc.pr.gov.br\/#organization"},"image":{"@id":"https:\/\/www.mpc.pr.gov.br\/index.php\/revogacao-de-licitacao-e-ato-discricionario-da-administracao-publica-e-deve-atender-aos-requisitos-previstos-em-lei\/#primaryimage"},"thumbnailUrl":"https:\/\/www.mpc.pr.gov.br\/wp-content\/uploads\/2024\/12\/curitiba-iluminacao.jpg","keywords":["Curitiba","Ilumina\u00e7\u00e3o P\u00fablica","MPC-PR","Representa\u00e7\u00e3o da Lei de Licita\u00e7\u00f5es","TCE-PR","Tribunal Pleno"],"articleSection":["Todas as not\u00edcias"],"inLanguage":"pt-BR","potentialAction":[{"@type":"CommentAction","name":"Comment","target":["https:\/\/www.mpc.pr.gov.br\/index.php\/revogacao-de-licitacao-e-ato-discricionario-da-administracao-publica-e-deve-atender-aos-requisitos-previstos-em-lei\/#respond"]}]},{"@type":"WebPage","@id":"https:\/\/www.mpc.pr.gov.br\/index.php\/revogacao-de-licitacao-e-ato-discricionario-da-administracao-publica-e-deve-atender-aos-requisitos-previstos-em-lei\/","url":"https:\/\/www.mpc.pr.gov.br\/index.php\/revogacao-de-licitacao-e-ato-discricionario-da-administracao-publica-e-deve-atender-aos-requisitos-previstos-em-lei\/","name":"Revoga\u00e7\u00e3o de licita\u00e7\u00e3o \u00e9 ato discricion\u00e1rio da Administra\u00e7\u00e3o P\u00fablica e deve atender aos requisitos previstos em Lei - Minist\u00e9rio P\u00fablico de Contas do Estado do Paran\u00e1","isPartOf":{"@id":"https:\/\/www.mpc.pr.gov.br\/#website"},"primaryImageOfPage":{"@id":"https:\/\/www.mpc.pr.gov.br\/index.php\/revogacao-de-licitacao-e-ato-discricionario-da-administracao-publica-e-deve-atender-aos-requisitos-previstos-em-lei\/#primaryimage"},"image":{"@id":"https:\/\/www.mpc.pr.gov.br\/index.php\/revogacao-de-licitacao-e-ato-discricionario-da-administracao-publica-e-deve-atender-aos-requisitos-previstos-em-lei\/#primaryimage"},"thumbnailUrl":"https:\/\/www.mpc.pr.gov.br\/wp-content\/uploads\/2024\/12\/curitiba-iluminacao.jpg","datePublished":"2024-12-17T13:04:15+00:00","dateModified":"2025-01-16T12:35:05+00:00","breadcrumb":{"@id":"https:\/\/www.mpc.pr.gov.br\/index.php\/revogacao-de-licitacao-e-ato-discricionario-da-administracao-publica-e-deve-atender-aos-requisitos-previstos-em-lei\/#breadcrumb"},"inLanguage":"pt-BR","potentialAction":[{"@type":"ReadAction","target":["https:\/\/www.mpc.pr.gov.br\/index.php\/revogacao-de-licitacao-e-ato-discricionario-da-administracao-publica-e-deve-atender-aos-requisitos-previstos-em-lei\/"]}]},{"@type":"ImageObject","inLanguage":"pt-BR","@id":"https:\/\/www.mpc.pr.gov.br\/index.php\/revogacao-de-licitacao-e-ato-discricionario-da-administracao-publica-e-deve-atender-aos-requisitos-previstos-em-lei\/#primaryimage","url":"https:\/\/www.mpc.pr.gov.br\/wp-content\/uploads\/2024\/12\/curitiba-iluminacao.jpg","contentUrl":"https:\/\/www.mpc.pr.gov.br\/wp-content\/uploads\/2024\/12\/curitiba-iluminacao.jpg","width":800,"height":533,"caption":"Jardim Bot\u00e2nico, atra\u00e7\u00e3o tur\u00edstica na capital do Estado do Paran\u00e1. Foto: divulga\u00e7\u00e3o."},{"@type":"BreadcrumbList","@id":"https:\/\/www.mpc.pr.gov.br\/index.php\/revogacao-de-licitacao-e-ato-discricionario-da-administracao-publica-e-deve-atender-aos-requisitos-previstos-em-lei\/#breadcrumb","itemListElement":[{"@type":"ListItem","position":1,"name":"In\u00edcio","item":"https:\/\/www.mpc.pr.gov.br\/"},{"@type":"ListItem","position":2,"name":"Revoga\u00e7\u00e3o de licita\u00e7\u00e3o \u00e9 ato discricion\u00e1rio da Administra\u00e7\u00e3o P\u00fablica e deve atender aos requisitos previstos em Lei"}]},{"@type":"WebSite","@id":"https:\/\/www.mpc.pr.gov.br\/#website","url":"https:\/\/www.mpc.pr.gov.br\/","name":"Minist\u00e9rio P\u00fablico de Contas do Estado do Paran\u00e1","description":"","publisher":{"@id":"https:\/\/www.mpc.pr.gov.br\/#organization"},"potentialAction":[{"@type":"SearchAction","target":{"@type":"EntryPoint","urlTemplate":"https:\/\/www.mpc.pr.gov.br\/?s={search_term_string}"},"query-input":{"@type":"PropertyValueSpecification","valueRequired":true,"valueName":"search_term_string"}}],"inLanguage":"pt-BR"},{"@type":"Organization","@id":"https:\/\/www.mpc.pr.gov.br\/#organization","name":"Minist\u00e9rio P\u00fablico de Contas do Estado do Paran\u00e1","url":"https:\/\/www.mpc.pr.gov.br\/","logo":{"@type":"ImageObject","inLanguage":"pt-BR","@id":"https:\/\/www.mpc.pr.gov.br\/#\/schema\/logo\/image\/","url":"https:\/\/www.mpc.pr.gov.br\/wp-content\/uploads\/2020\/06\/99423647_1593460364143890_6706793420720963584_n-1-e1591387983167.png","contentUrl":"https:\/\/www.mpc.pr.gov.br\/wp-content\/uploads\/2020\/06\/99423647_1593460364143890_6706793420720963584_n-1-e1591387983167.png","width":243,"height":73,"caption":"Minist\u00e9rio P\u00fablico de Contas do Estado do Paran\u00e1"},"image":{"@id":"https:\/\/www.mpc.pr.gov.br\/#\/schema\/logo\/image\/"},"sameAs":["https:\/\/www.facebook.com\/mpc.pr","https:\/\/www.instagram.com\/mpc.pr\/?hl=pt-br","https:\/\/www.youtube.com\/channel\/UCHri5oEM8DV0ztX57E0sBSw"]},{"@type":"Person","@id":"https:\/\/www.mpc.pr.gov.br\/#\/schema\/person\/2d83cb8980538d0ec174e8a6284f5e11","name":"mpcontaspr","image":{"@type":"ImageObject","inLanguage":"pt-BR","@id":"https:\/\/secure.gravatar.com\/avatar\/1aef51541db7622e05fd639336c9c9f312c2a618396e2b6ca96846362fc5403f?s=96&d=mm&r=g","url":"https:\/\/secure.gravatar.com\/avatar\/1aef51541db7622e05fd639336c9c9f312c2a618396e2b6ca96846362fc5403f?s=96&d=mm&r=g","contentUrl":"https:\/\/secure.gravatar.com\/avatar\/1aef51541db7622e05fd639336c9c9f312c2a618396e2b6ca96846362fc5403f?s=96&d=mm&r=g","caption":"mpcontaspr"},"sameAs":["http:\/\/www.mpc.pr.gov.br"]}]}},"rttpg_featured_image_url":{"full":["https:\/\/www.mpc.pr.gov.br\/wp-content\/uploads\/2024\/12\/curitiba-iluminacao.jpg",800,533,false],"landscape":["https:\/\/www.mpc.pr.gov.br\/wp-content\/uploads\/2024\/12\/curitiba-iluminacao.jpg",800,533,false],"portraits":["https:\/\/www.mpc.pr.gov.br\/wp-content\/uploads\/2024\/12\/curitiba-iluminacao.jpg",800,533,false],"thumbnail":["https:\/\/www.mpc.pr.gov.br\/wp-content\/uploads\/2024\/12\/curitiba-iluminacao-150x150.jpg",150,150,true],"medium":["https:\/\/www.mpc.pr.gov.br\/wp-content\/uploads\/2024\/12\/curitiba-iluminacao-300x200.jpg",300,200,true],"large":["https:\/\/www.mpc.pr.gov.br\/wp-content\/uploads\/2024\/12\/curitiba-iluminacao.jpg",800,533,false],"1536x1536":["https:\/\/www.mpc.pr.gov.br\/wp-content\/uploads\/2024\/12\/curitiba-iluminacao.jpg",800,533,false],"2048x2048":["https:\/\/www.mpc.pr.gov.br\/wp-content\/uploads\/2024\/12\/curitiba-iluminacao.jpg",800,533,false],"ocean-thumb-m":["https:\/\/www.mpc.pr.gov.br\/wp-content\/uploads\/2024\/12\/curitiba-iluminacao-600x533.jpg",600,533,true],"ocean-thumb-ml":["https:\/\/www.mpc.pr.gov.br\/wp-content\/uploads\/2024\/12\/curitiba-iluminacao-800x450.jpg",800,450,true],"ocean-thumb-l":["https:\/\/www.mpc.pr.gov.br\/wp-content\/uploads\/2024\/12\/curitiba-iluminacao.jpg",800,533,false]},"rttpg_author":{"display_name":"mpcontaspr","author_link":"https:\/\/www.mpc.pr.gov.br\/index.php\/author\/mpcontaspr\/"},"rttpg_comment":1,"rttpg_category":"<a href=\"https:\/\/www.mpc.pr.gov.br\/index.php\/category\/todas-as-noticias\/\" rel=\"category tag\">Todas as not\u00edcias<\/a>","rttpg_excerpt":"\u00c9 improcedente a Representa\u00e7\u00e3o proposta em desfavor do Munic\u00edpio de Curitiba, em raz\u00e3o da revoga\u00e7\u00e3o do Preg\u00e3o Eletr\u00f4nico n\u00ba 277\/2020, para contrata\u00e7\u00e3o de servi\u00e7os e fornecimento de materiais para a substitui\u00e7\u00e3o de lumin\u00e1rias vi\u00e1rias. Essa foi a decis\u00e3o un\u00e2nime do Tribunal Pleno do Tribunal de Contas do Estado do Paran\u00e1 (TCE-PR), conforme fundamentos expostos pelo&hellip;","_links":{"self":[{"href":"https:\/\/www.mpc.pr.gov.br\/index.php\/wp-json\/wp\/v2\/posts\/22003","targetHints":{"allow":["GET"]}}],"collection":[{"href":"https:\/\/www.mpc.pr.gov.br\/index.php\/wp-json\/wp\/v2\/posts"}],"about":[{"href":"https:\/\/www.mpc.pr.gov.br\/index.php\/wp-json\/wp\/v2\/types\/post"}],"author":[{"embeddable":true,"href":"https:\/\/www.mpc.pr.gov.br\/index.php\/wp-json\/wp\/v2\/users\/1"}],"replies":[{"embeddable":true,"href":"https:\/\/www.mpc.pr.gov.br\/index.php\/wp-json\/wp\/v2\/comments?post=22003"}],"version-history":[{"count":1,"href":"https:\/\/www.mpc.pr.gov.br\/index.php\/wp-json\/wp\/v2\/posts\/22003\/revisions"}],"predecessor-version":[{"id":22008,"href":"https:\/\/www.mpc.pr.gov.br\/index.php\/wp-json\/wp\/v2\/posts\/22003\/revisions\/22008"}],"wp:featuredmedia":[{"embeddable":true,"href":"https:\/\/www.mpc.pr.gov.br\/index.php\/wp-json\/wp\/v2\/media\/22007"}],"wp:attachment":[{"href":"https:\/\/www.mpc.pr.gov.br\/index.php\/wp-json\/wp\/v2\/media?parent=22003"}],"wp:term":[{"taxonomy":"category","embeddable":true,"href":"https:\/\/www.mpc.pr.gov.br\/index.php\/wp-json\/wp\/v2\/categories?post=22003"},{"taxonomy":"post_tag","embeddable":true,"href":"https:\/\/www.mpc.pr.gov.br\/index.php\/wp-json\/wp\/v2\/tags?post=22003"}],"curies":[{"name":"wp","href":"https:\/\/api.w.org\/{rel}","templated":true}]}}