{"id":22014,"date":"2024-12-19T10:01:52","date_gmt":"2024-12-19T13:01:52","guid":{"rendered":"https:\/\/www.mpc.pr.gov.br\/?p=22014"},"modified":"2025-01-21T10:14:38","modified_gmt":"2025-01-21T13:14:38","slug":"julgada-procedente-a-tomada-de-contas-extraordinaria-em-face-do-municipio-de-tamarana-por-irregularidades-em-cargos-na-area-da-saude","status":"publish","type":"post","link":"https:\/\/www.mpc.pr.gov.br\/index.php\/julgada-procedente-a-tomada-de-contas-extraordinaria-em-face-do-municipio-de-tamarana-por-irregularidades-em-cargos-na-area-da-saude\/","title":{"rendered":"Julgada procedente a Tomada de Contas Extraordin\u00e1ria em face do Munic\u00edpio de Tamarana por irregularidades em cargos na \u00e1rea da sa\u00fade"},"content":{"rendered":"<figure id=\"attachment_22018\" aria-describedby=\"caption-attachment-22018\" style=\"width: 300px\" class=\"wp-caption alignleft\"><img decoding=\"async\" class=\"size-medium wp-image-22018\" src=\"https:\/\/www.mpc.pr.gov.br\/wp-content\/uploads\/2024\/12\/Tamarana-2022-2-300x133.jpg\" alt=\"\" width=\"300\" height=\"133\" srcset=\"https:\/\/www.mpc.pr.gov.br\/wp-content\/uploads\/2024\/12\/Tamarana-2022-2-300x133.jpg 300w, https:\/\/www.mpc.pr.gov.br\/wp-content\/uploads\/2024\/12\/Tamarana-2022-2.jpg 636w\" sizes=\"(max-width: 300px) 100vw, 300px\" \/><figcaption id=\"caption-attachment-22018\" class=\"wp-caption-text\">O Munic\u00edpio de Tamarana est\u00e1 localizado na regi\u00e3o Norte do Paran\u00e1, integrando a regi\u00e3o metropolitana de Londrina, possuindo 15.277 habitantes (IBGE 2021). Foto: C\u00e2mara Municipal de Tamarana.<\/figcaption><\/figure>\n<p><span data-contrast=\"auto\">O recente julgamento da Representa\u00e7\u00e3o proposta em desfavor do <a href=\"https:\/\/tamarana.pr.gov.br\/novo\/\">Munic\u00edpio de Tamarana<\/a> resultou na abertura de um novo processo de Tomada de Contas Extraordin\u00e1ria contra o Munic\u00edpio, assim decidido pelos Membros do Tribunal de Contas do Estado (TCE-PR) no <a href=\"https:\/\/www.mpc.pr.gov.br\/wp-content\/uploads\/2024\/12\/tamarana-AcA\u00b3rdAo-317-22-STP.pdf\">Ac\u00f3rd\u00e3o n\u00ba 317\/22<\/a> &#8211; Pleno.\u00a0<\/span><span data-ccp-props=\"{&quot;201341983&quot;:0,&quot;335551550&quot;:6,&quot;335551620&quot;:6,&quot;335559740&quot;:360}\">\u00a0<\/span><\/p>\n<p><span data-ccp-props=\"{&quot;201341983&quot;:0,&quot;335551550&quot;:6,&quot;335551620&quot;:6,&quot;335559740&quot;:360}\">\u00a0<\/span><span data-contrast=\"auto\">Na ocasi\u00e3o, foi verificada a ocorr\u00eancia de irregularidades no Edital de Preg\u00e3o Eletr\u00f4nico n\u00ba 03\/2021 do Munic\u00edpio de Tamarana, o qual tinha como objeto a contrata\u00e7\u00e3o de empresa especializada na presta\u00e7\u00e3o de servi\u00e7os m\u00e9dicos, por conta do elevado percentual de vagas n\u00e3o providas no quadro de servidores municipal. Al\u00e9m disto, o Edital n\u00e3o estava acompanhado de or\u00e7amento detalhado em planilhas para composi\u00e7\u00e3o dos custos unit\u00e1rios do Preg\u00e3o, componente imprescind\u00edvel das licita\u00e7\u00f5es, configurando ofensa ao artigo 7\u00ba, \u00a72\u00ba da Lei n\u00ba 8.666\/93.<\/span><span data-ccp-props=\"{&quot;201341983&quot;:0,&quot;335551550&quot;:6,&quot;335551620&quot;:6,&quot;335559740&quot;:360}\">\u00a0<\/span><\/p>\n<h4><span data-ccp-props=\"{&quot;201341983&quot;:0,&quot;335551550&quot;:6,&quot;335551620&quot;:6,&quot;335559740&quot;:360}\">\u00a0<\/span><b><span data-contrast=\"auto\">Julgamento da Representa\u00e7\u00e3o <\/span><\/b><span data-ccp-props=\"{&quot;201341983&quot;:0,&quot;335551550&quot;:6,&quot;335551620&quot;:6,&quot;335559740&quot;:360}\">\u00a0<\/span><\/h4>\n<p><span data-ccp-props=\"{&quot;201341983&quot;:0,&quot;335551550&quot;:6,&quot;335551620&quot;:6,&quot;335559740&quot;:360}\">\u00a0<\/span><span data-contrast=\"auto\">Conforme <a href=\"https:\/\/www.mpc.pr.gov.br\/wp-content\/uploads\/2024\/12\/tamarana-Parecer-395-21-4PC.pdf\">Parecer n\u00ba 395\/21<\/a>, o Minist\u00e9rio P\u00fablico de Contas do Paran\u00e1 (MPC-PR) sugeriu a instaura\u00e7\u00e3o de procedimento pr\u00f3prio de fiscaliza\u00e7\u00e3o, a fim de que fosse\u00a0aferida a legalidade, legitimidade e economicidade dos diversos v\u00ednculos terceirizados efetuados pelo Poder Executivo de Tamarana para contrata\u00e7\u00e3o de profissionais da sa\u00fade. O MPC-PR tamb\u00e9m verificou a necessidade de aferi\u00e7\u00e3o da exist\u00eancia do cargo de M\u00e9dico Auditor e a regularidade do planejamento sanit\u00e1rio contido no Plano Municipal de Sa\u00fade, em observ\u00e2ncia \u00e0 Portaria de Consolida\u00e7\u00e3o n\u00ba 01\/2017 do Minist\u00e9rio da Sa\u00fade.\u00a0<\/span><span data-ccp-props=\"{&quot;201341983&quot;:0,&quot;335551550&quot;:6,&quot;335551620&quot;:6,&quot;335559740&quot;:360}\">\u00a0<\/span><\/p>\n<p><span data-ccp-props=\"{&quot;201341983&quot;:0,&quot;335551550&quot;:6,&quot;335551620&quot;:6,&quot;335559740&quot;:360}\">\u00a0<\/span><span data-contrast=\"auto\">Na decis\u00e3o do processo (<a href=\"https:\/\/www.mpc.pr.gov.br\/wp-content\/uploads\/2024\/12\/tamarana-AcA\u00b3rdAo-317-22-STP.pdf\">Ac\u00f3rd\u00e3o n\u00ba 317\/22<\/a>), o Pleno do TCE-PR decidiu pela proced\u00eancia da Representa\u00e7\u00e3o, com aplica\u00e7\u00e3o de multa ao gestor e abertura de Tomada de Contas Extraordin\u00e1ria para fiscalizar a composi\u00e7\u00e3o do quadro de cargos da \u00e1rea da sa\u00fade no Munic\u00edpio, atentando \u00e0 quantidade de cargos providos de maneira tempor\u00e1ria enquanto permanecem vagos os cargos efetivos.<\/span><span data-ccp-props=\"{&quot;201341983&quot;:0,&quot;335551550&quot;:6,&quot;335551620&quot;:6,&quot;335559740&quot;:360}\">\u00a0<\/span><\/p>\n<h4><span data-ccp-props=\"{&quot;201341983&quot;:0,&quot;335551550&quot;:6,&quot;335551620&quot;:6,&quot;335559740&quot;:360}\">\u00a0<\/span><b><span data-contrast=\"auto\">Tomada de Contas Extraordin\u00e1ria &#8211; Instru\u00e7\u00e3o<\/span><\/b><span data-ccp-props=\"{&quot;201341983&quot;:0,&quot;335551550&quot;:6,&quot;335551620&quot;:6,&quot;335559740&quot;:360}\">\u00a0<\/span><\/h4>\n<p><span data-ccp-props=\"{&quot;201341983&quot;:0,&quot;335551550&quot;:6,&quot;335551620&quot;:6,&quot;335559740&quot;:360}\">\u00a0<\/span><span data-contrast=\"auto\">Ap\u00f3s instaurada, a Tomada de Contas Extraordin\u00e1ria foi encaminhada para a Coordenadoria de Gest\u00e3o Municipal (CGM), a qual se manifestou conforme Instru\u00e7\u00e3o n\u00ba 5129\/23. Em derradeira an\u00e1lise, a unidade t\u00e9cnica encontrou diversas viola\u00e7\u00f5es decorrentes de in\u00fameros contratos tempor\u00e1rios perpetuados ao longo do tempo, os quais extrapolaram o prazo determinado. A unidade acrescentou que foi poss\u00edvel verificar a exist\u00eancia de v\u00ednculos ativos por interm\u00e9dio de contratos por prazo determinado desde o ano de 2007, burlando o princ\u00edpio da obrigatoriedade do concurso p\u00fablico.\u00a0<\/span><span data-ccp-props=\"{&quot;201341983&quot;:0,&quot;335551550&quot;:6,&quot;335551620&quot;:6,&quot;335559740&quot;:360}\">\u00a0<\/span><\/p>\n<p><span data-ccp-props=\"{&quot;201341983&quot;:0,&quot;335551550&quot;:6,&quot;335551620&quot;:6,&quot;335559740&quot;:360}\">\u00a0<\/span><span data-contrast=\"auto\">Ao final, a CGM entendeu pela proced\u00eancia da Tomada de Contas e cita\u00e7\u00e3o do Munic\u00edpio de Tamarana para apresenta\u00e7\u00e3o de documentos e justificativas a respeito dos seguintes apontamentos: a) diversos v\u00ednculos profissionais subsistentes na \u00e1rea da sa\u00fade sem estrita observ\u00e2ncia \u00e0 legisla\u00e7\u00e3o vigente; b) inexist\u00eancia de m\u00e9dico auditor e\/ou aus\u00eancia do Sistema Municipal de Auditoria do SUS; e c) regularidade do planejamento sanit\u00e1rio contido no Plano Municipal de Sa\u00fade.<\/span><span data-ccp-props=\"{&quot;134233117&quot;:false,&quot;134233118&quot;:false,&quot;201341983&quot;:0,&quot;335551550&quot;:6,&quot;335551620&quot;:6,&quot;335559685&quot;:0,&quot;335559737&quot;:0,&quot;335559738&quot;:0,&quot;335559739&quot;:0,&quot;335559740&quot;:360}\">\u00a0<\/span><\/p>\n<p><span data-ccp-props=\"{&quot;201341983&quot;:0,&quot;335551550&quot;:6,&quot;335551620&quot;:6,&quot;335559740&quot;:360}\">\u00a0<\/span><span data-contrast=\"auto\">Em sede de contradit\u00f3rio, o Munic\u00edpio de Tamarana informou que todas as vagas de profissionais da \u00e1rea da sa\u00fade foram criados em conformidade com a legisla\u00e7\u00e3o espec\u00edfica e cadastrados junto ao SIAP; que, segundo a Secretaria de Sa\u00fade, existem 55 contratos tempor\u00e1rios ativos; e os concursos p\u00fablicos realizados anteriormente foram infrut\u00edferos, em raz\u00e3o da desist\u00eancia dos aprovados e desinteresse das vagas ofertadas.\u00a0<\/span><span data-ccp-props=\"{&quot;201341983&quot;:0,&quot;335551550&quot;:6,&quot;335551620&quot;:6,&quot;335559740&quot;:360}\">\u00a0<\/span><\/p>\n<p><span data-ccp-props=\"{&quot;201341983&quot;:0,&quot;335551550&quot;:6,&quot;335551620&quot;:6,&quot;335559740&quot;:360}\">\u00a0<\/span><span data-contrast=\"auto\">Os autos retornaram \u00e0 CGM para manifesta\u00e7\u00e3o conclusiva. Na sequ\u00eancia, a unidade t\u00e9cnica entendeu como invi\u00e1vel o acolhimento das justificativas apresentadas pelo Munic\u00edpio, uma vez que a soma dos servidores tempor\u00e1rios e celetistas ultrapassa o n\u00famero do contingente de servidores efetivos, indicando a falta de planejamento do quantitativo necess\u00e1rio para atender a demanda da \u00e1rea da sa\u00fade do Munic\u00edpio. Tamb\u00e9m foi observado a aus\u00eancia de mecanismos de controle obrigat\u00f3rios previstos na Lei n.\u00ba 8080\/90 e no artigo 67 da Lei n.\u00ba 8.666\/93, em virtude da inexist\u00eancia do cargo de m\u00e9dico auditor nos quadros do Munic\u00edpio.\u00a0<\/span><span data-ccp-props=\"{&quot;201341983&quot;:0,&quot;335551550&quot;:6,&quot;335551620&quot;:6,&quot;335559740&quot;:360}\">\u00a0<\/span><\/p>\n<h4><span data-ccp-props=\"{&quot;201341983&quot;:0,&quot;335551550&quot;:6,&quot;335551620&quot;:6,&quot;335559740&quot;:360}\">\u00a0<\/span><b><span data-contrast=\"auto\">Parecer Ministerial<\/span><\/b><span data-ccp-props=\"{&quot;201341983&quot;:0,&quot;335551550&quot;:6,&quot;335551620&quot;:6,&quot;335559740&quot;:360}\">\u00a0<\/span><\/h4>\n<p><span data-ccp-props=\"{&quot;201341983&quot;:0,&quot;335551550&quot;:6,&quot;335551620&quot;:6,&quot;335559740&quot;:360}\">\u00a0<\/span><span data-contrast=\"auto\">O Minist\u00e9rio P\u00fablico de Contas, conforme exposto no <a href=\"https:\/\/www.mpc.pr.gov.br\/wp-content\/uploads\/2024\/12\/tamarana-PAR-55_24-1PC.pdf\">Parecer n\u00ba 55\/24<\/a> da 1\u00aa Procuradoria de Contas, corroborou integralmente o posicionamento da CGM, opinando pela proced\u00eancia da presente Tomada de Contas Extraordin\u00e1ria, com aplica\u00e7\u00e3o de multa administrativa ao gestor.\u00a0<\/span><span data-ccp-props=\"{&quot;201341983&quot;:0,&quot;335551550&quot;:6,&quot;335551620&quot;:6,&quot;335559740&quot;:360}\">\u00a0<\/span><\/p>\n<p><span data-ccp-props=\"{&quot;201341983&quot;:0,&quot;335551550&quot;:6,&quot;335551620&quot;:6,&quot;335559740&quot;:360}\">\u00a0<\/span><span data-contrast=\"auto\">Conforme an\u00e1lise realizada, o quantitativo de contrata\u00e7\u00f5es tempor\u00e1rias e sob regime CLT superam o n\u00famero de servidores do quadro efetivo municipal, de modo que restou comprovada a utiliza\u00e7\u00e3o de contrata\u00e7\u00f5es tempor\u00e1rias para uso permanente, estando irregular a situa\u00e7\u00e3o do quadro de cargos da sa\u00fade no Munic\u00edpio de Tamarana, inclusive com viola\u00e7\u00e3o ao artigo 37, inciso II da Constitui\u00e7\u00e3o Federal. O descumprimento da legisla\u00e7\u00e3o aplic\u00e1vel tamb\u00e9m incide sobre a aus\u00eancia de m\u00e9dico auditor no quadro pr\u00f3prio, na medida em que o cargo de Auditor de Controle Interno ou o m\u00e9dico auditor cedido pela Regional da Sa\u00fade n\u00e3o atendem aos mecanismos de fiscaliza\u00e7\u00e3o exigidos pela Lei n\u00b0 8080\/90.<\/span><span data-ccp-props=\"{&quot;201341983&quot;:0,&quot;335551550&quot;:6,&quot;335551620&quot;:6,&quot;335559740&quot;:360}\">\u00a0<\/span><\/p>\n<h4><span data-ccp-props=\"{&quot;201341983&quot;:0,&quot;335551550&quot;:6,&quot;335551620&quot;:6,&quot;335559740&quot;:360}\">\u00a0<\/span><b><span data-contrast=\"auto\">Decis\u00e3o<\/span><\/b><span data-ccp-props=\"{&quot;201341983&quot;:0,&quot;335551550&quot;:6,&quot;335551620&quot;:6,&quot;335559740&quot;:360}\">\u00a0<\/span><\/h4>\n<p><span data-ccp-props=\"{&quot;201341983&quot;:0,&quot;335551550&quot;:6,&quot;335551620&quot;:6,&quot;335559740&quot;:360}\">\u00a0<\/span><span data-contrast=\"auto\">Os Membros do Pleno do TCE-PR acompanharam o entendimento das unidades t\u00e9cnicas e do Minist\u00e9rio P\u00fablico de Contas, votando pela proced\u00eancia da Tomada de Contas Extraordin\u00e1ria (<a href=\"https:\/\/www.mpc.pr.gov.br\/wp-content\/uploads\/2024\/12\/tamarana-ACO-3667_24-S1C.pdf\">Ac\u00f3rd\u00e3o n\u00ba 3667\/24 &#8211; Primeira C\u00e2mara<\/a>).\u00a0<\/span><span data-ccp-props=\"{&quot;201341983&quot;:0,&quot;335551550&quot;:6,&quot;335551620&quot;:6,&quot;335559740&quot;:360}\">\u00a0<\/span><\/p>\n<p><span data-ccp-props=\"{&quot;201341983&quot;:0,&quot;335551550&quot;:6,&quot;335551620&quot;:6,&quot;335559740&quot;:360}\">\u00a0<\/span><span data-contrast=\"auto\">Conforme fundamenta\u00e7\u00e3o, as contrata\u00e7\u00f5es tempor\u00e1rias de profissionais pelos Munic\u00edpios visam atender as necessidades da popula\u00e7\u00e3o no per\u00edodo em que promovem a realiza\u00e7\u00e3o de concurso p\u00fablico. No entanto, o que foi observado no presente caso \u00e9 que o Munic\u00edpio de Tamarana vem se utilizando de contrata\u00e7\u00f5es tempor\u00e1rias corriqueiras na \u00e1rea da sa\u00fade, burlando a realiza\u00e7\u00e3o de concurso p\u00fablico para contrata\u00e7\u00e3o de servidores, situa\u00e7\u00e3o que se revela inadequada, sobretudo para o preenchimento das vagas destinadas a atua\u00e7\u00e3o no programa Estrat\u00e9gia de Sa\u00fade da Fam\u00edlia.<\/span><span data-ccp-props=\"{&quot;201341983&quot;:0,&quot;335551550&quot;:6,&quot;335551620&quot;:6,&quot;335559740&quot;:360}\">\u00a0<\/span><\/p>\n<p><span data-ccp-props=\"{&quot;201341983&quot;:0,&quot;335551550&quot;:6,&quot;335551620&quot;:6,&quot;335559740&quot;:360}\">\u00a0<\/span><span data-contrast=\"auto\">N\u00e3o obstante, o Munic\u00edpio n\u00e3o demonstrou a exist\u00eancia do Componente Municipal de Auditoria do Sistema SUS, o qual teria o objetivo de regulamentar a atua\u00e7\u00e3o municipal como ferramenta de fortalecimento da gest\u00e3o p\u00fablica da sa\u00fade, na medida em que funciona como um dos instrumentos do Sistema Nacional de Auditoria.\u00a0<\/span><span data-ccp-props=\"{&quot;201341983&quot;:0,&quot;335551550&quot;:6,&quot;335551620&quot;:6,&quot;335559740&quot;:360}\">\u00a0<\/span><\/p>\n<p><span data-ccp-props=\"{&quot;201341983&quot;:0,&quot;335551550&quot;:6,&quot;335551620&quot;:6,&quot;335559740&quot;:360}\">\u00a0<\/span><span data-contrast=\"auto\">Ainda, em virtude da n\u00e3o apresenta\u00e7\u00e3o da documenta\u00e7\u00e3o relacionada ao Plano Sanit\u00e1rio Municipal, n\u00e3o foi poss\u00edvel aferir a regularidade e a ader\u00eancia deste aos instrumentos de gest\u00e3o e de planejamento da sa\u00fade constantes na legisla\u00e7\u00e3o or\u00e7ament\u00e1ria municipal. Desta feita, o Relator acompanhou a unidade t\u00e9cnica e o Minist\u00e9rio P\u00fablico de Contas quanto \u00e0 irregularidade do item.\u00a0<\/span><span data-ccp-props=\"{&quot;201341983&quot;:0,&quot;335551550&quot;:6,&quot;335551620&quot;:6,&quot;335559740&quot;:360}\">\u00a0<\/span><\/p>\n<p><span data-ccp-props=\"{&quot;201341983&quot;:0,&quot;335551550&quot;:6,&quot;335551620&quot;:6,&quot;335559740&quot;:360}\">\u00a0<\/span><span data-contrast=\"auto\">Em que pese a proposta de voto divergente pelo Conselheiro Substituto S\u00e9rgio Ricardo Valadares Fonseca, sobreveio o voto do Relator Conselheiro Jose Durval Mattos do Amaral, por maioria absoluta, o qual julgou procedente a Tomada de Contas Extraordin\u00e1ria em desfavor do Munic\u00edpio de Tamarana e, pela irregularidade das contas de responsabilidade da Sra. Luzia Harue Suzukawa, Prefeita Municipal de Tamarana \u00e0 \u00e9poca dos fatos.\u00a0<\/span><span data-ccp-props=\"{&quot;201341983&quot;:0,&quot;335551550&quot;:6,&quot;335551620&quot;:6,&quot;335559740&quot;:360}\">\u00a0<\/span><\/p>\n<p><span data-ccp-props=\"{&quot;201341983&quot;:0,&quot;335551550&quot;:6,&quot;335551620&quot;:6,&quot;335559740&quot;:360}\">\u00a0<\/span><span data-contrast=\"auto\">Da mesma forma foi determinada a aplica\u00e7\u00e3o da multa administrativa prevista no artigo 87, IV, \u201cg\u201d da Lei Complementar n\u00ba 113\/2005, por tr\u00eas vezes, em raz\u00e3o de cada irregularidade constatada. Outra determina\u00e7\u00e3o foi emitida ao Munic\u00edpio para que, no prazo de 180 dias, apresente estudos sobre: 1) a viabilidade de se realizar concurso p\u00fablico para o preenchimento das vagas destinadas a atua\u00e7\u00e3o no programa Estrat\u00e9gia Sa\u00fade da Fam\u00edlia, em raz\u00e3o de seu car\u00e1ter permanente; 2) a vantajosidade na contrata\u00e7\u00e3o de terceiros para complementariedade do pessoal da sa\u00fade, sem deixar de observar o art. 25 da Lei 8.080\/90; 3) a possibilidade de cria\u00e7\u00e3o do cargo efetivo de M\u00e9dico Auditor e a realiza\u00e7\u00e3o do respectivo concurso p\u00fablico; e 4) o Plano Sanit\u00e1rio Municipal e da ader\u00eancia deste aos instrumentos de gest\u00e3o e de planejamento na sa\u00fade, constante na legisla\u00e7\u00e3o or\u00e7ament\u00e1ria municipal.<\/span><span data-ccp-props=\"{&quot;201341983&quot;:0,&quot;335551550&quot;:6,&quot;335551620&quot;:6,&quot;335559740&quot;:360}\">\u00a0<\/span><\/p>\n<h4><span data-ccp-props=\"{&quot;201341983&quot;:0,&quot;335551550&quot;:6,&quot;335551620&quot;:6,&quot;335559740&quot;:360}\">\u00a0<\/span><b><span data-contrast=\"auto\">Recurso de Revista<\/span><\/b><span data-ccp-props=\"{&quot;201341983&quot;:0,&quot;335551550&quot;:6,&quot;335551620&quot;:6,&quot;335559740&quot;:360}\">\u00a0<\/span><\/h4>\n<p><span data-ccp-props=\"{&quot;201341983&quot;:0,&quot;335551550&quot;:6,&quot;335551620&quot;:6,&quot;335559740&quot;:360}\">\u00a0<\/span><span data-contrast=\"auto\">O Munic\u00edpio de Tamarana recorreu da decis\u00e3o contida no <a href=\"https:\/\/www.mpc.pr.gov.br\/wp-content\/uploads\/2024\/12\/tamarana-ACO-3667_24-S1C.pdf\">Ac\u00f3rd\u00e3o n\u00ba 3667\/24<\/a>, apresentando Recurso de Revista. Em suas raz\u00f5es, a Procuradoria Municipal informou que todos os processos licitat\u00f3rios para contrata\u00e7\u00e3o de servi\u00e7os terceirizados obedeceram aos par\u00e2metros legais, os quais podem ser encontrados no portal de transpar\u00eancia do Munic\u00edpio.<\/span><span data-ccp-props=\"{&quot;201341983&quot;:0,&quot;335551550&quot;:6,&quot;335551620&quot;:6,&quot;335559740&quot;:360}\">\u00a0<\/span><\/p>\n<p><span data-ccp-props=\"{&quot;201341983&quot;:0,&quot;335551550&quot;:6,&quot;335551620&quot;:6,&quot;335559740&quot;:360}\">\u00a0<\/span><span data-contrast=\"auto\">Na oportunidade apresentou documentos comprovando que em novembro de 2022 o Munic\u00edpio lan\u00e7ou tr\u00eas editais de concurso p\u00fablico ofertando diversas vagas, principalmente no \u00e2mbito da sa\u00fade. Ap\u00f3s homologa\u00e7\u00e3o dos certames, os candidatos foram chamados conforme as necessidades de cada secretaria. A listagem daqueles que foram aprovados est\u00e1 disponibilizada no portal da transpar\u00eancia, bem como os respectivos chamamentos, aceites e ren\u00fancias.\u00a0<\/span><span data-ccp-props=\"{&quot;201341983&quot;:0,&quot;335551550&quot;:6,&quot;335551620&quot;:6,&quot;335559740&quot;:360}\">\u00a0<\/span><\/p>\n<p><span data-ccp-props=\"{&quot;201341983&quot;:0,&quot;335551550&quot;:6,&quot;335551620&quot;:6,&quot;335559740&quot;:360}\">\u00a0<\/span><span data-contrast=\"auto\">O Munic\u00edpio alega que persiste a dificuldade em contratar profissionais mediante concurso p\u00fablico, justificando a necessidade das contrata\u00e7\u00f5es. Pontuou que no Munic\u00edpio n\u00e3o existe cargo de m\u00e9dico auditor, mas que est\u00e3o sendo implantados estudos para modifica\u00e7\u00e3o do quadro via Projeto de Lei, com os respectivos ajustes de carga hor\u00e1ria e vencimentos. Afirmou que ser\u00e3o adotadas as provid\u00eancias necess\u00e1rias para melhorar a presta\u00e7\u00e3o do servi\u00e7o p\u00fablico na \u00e1rea da sa\u00fade.<\/span><span data-ccp-props=\"{&quot;201341983&quot;:0,&quot;335551550&quot;:6,&quot;335551620&quot;:6,&quot;335559740&quot;:360}\">\u00a0<\/span><\/p>\n<p><span data-ccp-props=\"{&quot;201341983&quot;:0,&quot;335551550&quot;:6,&quot;335551620&quot;:6,&quot;335559740&quot;:360}\">\u00a0<\/span><span data-contrast=\"auto\">Por fim, requereu o recebimento e provimento do Recurso de Revista, a fim de reformar a decis\u00e3o contida no Ac\u00f3rd\u00e3o n\u00ba 3667\/24.\u00a0<\/span><span data-ccp-props=\"{&quot;201341983&quot;:0,&quot;335551550&quot;:6,&quot;335551620&quot;:6,&quot;335559740&quot;:360}\">\u00a0<\/span><\/p>\n<p><span data-ccp-props=\"{&quot;201341983&quot;:0,&quot;335551550&quot;:6,&quot;335551620&quot;:6,&quot;335559740&quot;:360}\">\u00a0<\/span><span data-contrast=\"auto\">Os autos encontram-se conclusos aguardando julgamento pelo Tribunal Pleno do TCE-PR.<\/span><span data-ccp-props=\"{&quot;201341983&quot;:0,&quot;335551550&quot;:6,&quot;335551620&quot;:6,&quot;335559740&quot;:360}\">\u00a0<\/span><\/p>\n<blockquote><p><span style=\"color: #820007;\"><strong><u>Informa\u00e7\u00e3o para consulta processual<\/u><\/strong><\/span><\/p>\n<table style=\"height: 183px;\" border=\"0\" width=\"478\" cellspacing=\"0\" cellpadding=\"0\">\n<tbody>\n<tr>\n<td><strong>Processo n\u00ba<\/strong>:<\/td>\n<td>423170\/23<\/td>\n<\/tr>\n<tr>\n<td><strong>Ac\u00f3rd\u00e3o n\u00ba<\/strong>:<\/td>\n<td>3667\/24 &#8211; Primeira C\u00e2mara<\/td>\n<\/tr>\n<tr>\n<td><strong>Assunto<\/strong>:<\/td>\n<td>Tomada de Contas Extraordin\u00e1ria<\/td>\n<\/tr>\n<tr>\n<td><strong>Entidade<\/strong>:<\/td>\n<td>Munic\u00edpio de Tamarana<\/td>\n<\/tr>\n<tr>\n<td><strong>Relator<\/strong>:<\/td>\n<td><span class=\"TextRun SCXW156170801 BCX0\" lang=\"PT-BR\" xml:lang=\"PT-BR\" data-contrast=\"auto\"><span class=\"NormalTextRun SCXW156170801 BCX0\">Conselheiro Jose Durval Mattos do Amaral<\/span><\/span><\/td>\n<\/tr>\n<\/tbody>\n<\/table>\n<\/blockquote>\n","protected":false},"excerpt":{"rendered":"<p>O recente julgamento da Representa\u00e7\u00e3o proposta em desfavor do Munic\u00edpio de Tamarana resultou na abertura de um novo processo de Tomada de Contas Extraordin\u00e1ria contra o Munic\u00edpio, assim decidido pelos Membros do Tribunal de Contas do Estado (TCE-PR) no Ac\u00f3rd\u00e3o n\u00ba 317\/22 &#8211; Pleno.\u00a0\u00a0 \u00a0Na ocasi\u00e3o, foi verificada a ocorr\u00eancia de irregularidades no Edital de [&hellip;]<\/p>\n","protected":false},"author":1,"featured_media":22018,"comment_status":"open","ping_status":"open","sticky":false,"template":"","format":"standard","meta":{"_monsterinsights_skip_tracking":false,"_monsterinsights_sitenote_active":false,"_monsterinsights_sitenote_note":"","_monsterinsights_sitenote_category":0,"footnotes":""},"categories":[7],"tags":[13,666,123,342,39,124,201],"class_list":["post-22014","post","type-post","status-publish","format-standard","has-post-thumbnail","hentry","category-todas-as-noticias","tag-mpc-pr","tag-quadro-de-cargos","tag-saude","tag-tamarana","tag-tce-pr","tag-terceirizacao","tag-tomada-de-contas-extraordinaria","entry","has-media"],"yoast_head":"<!-- This site is optimized with the Yoast SEO plugin v27.3 - https:\/\/yoast.com\/product\/yoast-seo-wordpress\/ -->\n<title>Julgada procedente a Tomada de Contas Extraordin\u00e1ria em face do Munic\u00edpio de Tamarana por irregularidades em cargos na \u00e1rea da sa\u00fade - Minist\u00e9rio P\u00fablico de Contas do Estado do Paran\u00e1<\/title>\n<meta name=\"robots\" content=\"index, follow, max-snippet:-1, max-image-preview:large, max-video-preview:-1\" \/>\n<link rel=\"canonical\" href=\"https:\/\/www.mpc.pr.gov.br\/index.php\/julgada-procedente-a-tomada-de-contas-extraordinaria-em-face-do-municipio-de-tamarana-por-irregularidades-em-cargos-na-area-da-saude\/\" \/>\n<meta property=\"og:locale\" content=\"pt_BR\" \/>\n<meta property=\"og:type\" content=\"article\" \/>\n<meta property=\"og:title\" content=\"Julgada procedente a Tomada de Contas Extraordin\u00e1ria em face do Munic\u00edpio de Tamarana por irregularidades em cargos na \u00e1rea da sa\u00fade - Minist\u00e9rio P\u00fablico de Contas do Estado do Paran\u00e1\" \/>\n<meta property=\"og:description\" content=\"O recente julgamento da Representa\u00e7\u00e3o proposta em desfavor do Munic\u00edpio de Tamarana resultou na abertura de um novo processo de Tomada de Contas Extraordin\u00e1ria contra o Munic\u00edpio, assim decidido pelos Membros do Tribunal de Contas do Estado (TCE-PR) no Ac\u00f3rd\u00e3o n\u00ba 317\/22 &#8211; Pleno.\u00a0\u00a0 \u00a0Na ocasi\u00e3o, foi verificada a ocorr\u00eancia de irregularidades no Edital de [&hellip;]\" \/>\n<meta property=\"og:url\" content=\"https:\/\/www.mpc.pr.gov.br\/index.php\/julgada-procedente-a-tomada-de-contas-extraordinaria-em-face-do-municipio-de-tamarana-por-irregularidades-em-cargos-na-area-da-saude\/\" \/>\n<meta property=\"og:site_name\" content=\"Minist\u00e9rio P\u00fablico de Contas do Estado do Paran\u00e1\" \/>\n<meta property=\"article:publisher\" content=\"https:\/\/www.facebook.com\/mpc.pr\" \/>\n<meta property=\"article:published_time\" content=\"2024-12-19T13:01:52+00:00\" \/>\n<meta property=\"article:modified_time\" content=\"2025-01-21T13:14:38+00:00\" \/>\n<meta property=\"og:image\" content=\"https:\/\/www.mpc.pr.gov.br\/wp-content\/uploads\/2024\/12\/Tamarana-2022-2.jpg\" \/>\n\t<meta property=\"og:image:width\" content=\"636\" \/>\n\t<meta property=\"og:image:height\" content=\"283\" \/>\n\t<meta property=\"og:image:type\" content=\"image\/jpeg\" \/>\n<meta name=\"author\" content=\"mpcontaspr\" \/>\n<meta name=\"twitter:card\" content=\"summary_large_image\" \/>\n<meta name=\"twitter:label1\" content=\"Escrito por\" \/>\n\t<meta name=\"twitter:data1\" content=\"mpcontaspr\" \/>\n\t<meta name=\"twitter:label2\" content=\"Est. tempo de leitura\" \/>\n\t<meta name=\"twitter:data2\" content=\"9 minutos\" \/>\n<script type=\"application\/ld+json\" class=\"yoast-schema-graph\">{\"@context\":\"https:\\\/\\\/schema.org\",\"@graph\":[{\"@type\":\"Article\",\"@id\":\"https:\\\/\\\/www.mpc.pr.gov.br\\\/index.php\\\/julgada-procedente-a-tomada-de-contas-extraordinaria-em-face-do-municipio-de-tamarana-por-irregularidades-em-cargos-na-area-da-saude\\\/#article\",\"isPartOf\":{\"@id\":\"https:\\\/\\\/www.mpc.pr.gov.br\\\/index.php\\\/julgada-procedente-a-tomada-de-contas-extraordinaria-em-face-do-municipio-de-tamarana-por-irregularidades-em-cargos-na-area-da-saude\\\/\"},\"author\":{\"name\":\"mpcontaspr\",\"@id\":\"https:\\\/\\\/www.mpc.pr.gov.br\\\/#\\\/schema\\\/person\\\/2d83cb8980538d0ec174e8a6284f5e11\"},\"headline\":\"Julgada procedente a Tomada de Contas Extraordin\u00e1ria em face do Munic\u00edpio de Tamarana por irregularidades em cargos na \u00e1rea da sa\u00fade\",\"datePublished\":\"2024-12-19T13:01:52+00:00\",\"dateModified\":\"2025-01-21T13:14:38+00:00\",\"mainEntityOfPage\":{\"@id\":\"https:\\\/\\\/www.mpc.pr.gov.br\\\/index.php\\\/julgada-procedente-a-tomada-de-contas-extraordinaria-em-face-do-municipio-de-tamarana-por-irregularidades-em-cargos-na-area-da-saude\\\/\"},\"wordCount\":1680,\"commentCount\":0,\"publisher\":{\"@id\":\"https:\\\/\\\/www.mpc.pr.gov.br\\\/#organization\"},\"image\":{\"@id\":\"https:\\\/\\\/www.mpc.pr.gov.br\\\/index.php\\\/julgada-procedente-a-tomada-de-contas-extraordinaria-em-face-do-municipio-de-tamarana-por-irregularidades-em-cargos-na-area-da-saude\\\/#primaryimage\"},\"thumbnailUrl\":\"https:\\\/\\\/www.mpc.pr.gov.br\\\/wp-content\\\/uploads\\\/2024\\\/12\\\/Tamarana-2022-2.jpg\",\"keywords\":[\"MPC-PR\",\"Quadro de cargos\",\"Sa\u00fade\",\"Tamarana\",\"TCE-PR\",\"Terceiriza\u00e7\u00e3o\",\"Tomada de Contas Extraordin\u00e1ria\"],\"articleSection\":[\"Todas as not\u00edcias\"],\"inLanguage\":\"pt-BR\",\"potentialAction\":[{\"@type\":\"CommentAction\",\"name\":\"Comment\",\"target\":[\"https:\\\/\\\/www.mpc.pr.gov.br\\\/index.php\\\/julgada-procedente-a-tomada-de-contas-extraordinaria-em-face-do-municipio-de-tamarana-por-irregularidades-em-cargos-na-area-da-saude\\\/#respond\"]}]},{\"@type\":\"WebPage\",\"@id\":\"https:\\\/\\\/www.mpc.pr.gov.br\\\/index.php\\\/julgada-procedente-a-tomada-de-contas-extraordinaria-em-face-do-municipio-de-tamarana-por-irregularidades-em-cargos-na-area-da-saude\\\/\",\"url\":\"https:\\\/\\\/www.mpc.pr.gov.br\\\/index.php\\\/julgada-procedente-a-tomada-de-contas-extraordinaria-em-face-do-municipio-de-tamarana-por-irregularidades-em-cargos-na-area-da-saude\\\/\",\"name\":\"Julgada procedente a Tomada de Contas Extraordin\u00e1ria em face do Munic\u00edpio de Tamarana por irregularidades em cargos na \u00e1rea da sa\u00fade - Minist\u00e9rio P\u00fablico de Contas do Estado do Paran\u00e1\",\"isPartOf\":{\"@id\":\"https:\\\/\\\/www.mpc.pr.gov.br\\\/#website\"},\"primaryImageOfPage\":{\"@id\":\"https:\\\/\\\/www.mpc.pr.gov.br\\\/index.php\\\/julgada-procedente-a-tomada-de-contas-extraordinaria-em-face-do-municipio-de-tamarana-por-irregularidades-em-cargos-na-area-da-saude\\\/#primaryimage\"},\"image\":{\"@id\":\"https:\\\/\\\/www.mpc.pr.gov.br\\\/index.php\\\/julgada-procedente-a-tomada-de-contas-extraordinaria-em-face-do-municipio-de-tamarana-por-irregularidades-em-cargos-na-area-da-saude\\\/#primaryimage\"},\"thumbnailUrl\":\"https:\\\/\\\/www.mpc.pr.gov.br\\\/wp-content\\\/uploads\\\/2024\\\/12\\\/Tamarana-2022-2.jpg\",\"datePublished\":\"2024-12-19T13:01:52+00:00\",\"dateModified\":\"2025-01-21T13:14:38+00:00\",\"breadcrumb\":{\"@id\":\"https:\\\/\\\/www.mpc.pr.gov.br\\\/index.php\\\/julgada-procedente-a-tomada-de-contas-extraordinaria-em-face-do-municipio-de-tamarana-por-irregularidades-em-cargos-na-area-da-saude\\\/#breadcrumb\"},\"inLanguage\":\"pt-BR\",\"potentialAction\":[{\"@type\":\"ReadAction\",\"target\":[\"https:\\\/\\\/www.mpc.pr.gov.br\\\/index.php\\\/julgada-procedente-a-tomada-de-contas-extraordinaria-em-face-do-municipio-de-tamarana-por-irregularidades-em-cargos-na-area-da-saude\\\/\"]}]},{\"@type\":\"ImageObject\",\"inLanguage\":\"pt-BR\",\"@id\":\"https:\\\/\\\/www.mpc.pr.gov.br\\\/index.php\\\/julgada-procedente-a-tomada-de-contas-extraordinaria-em-face-do-municipio-de-tamarana-por-irregularidades-em-cargos-na-area-da-saude\\\/#primaryimage\",\"url\":\"https:\\\/\\\/www.mpc.pr.gov.br\\\/wp-content\\\/uploads\\\/2024\\\/12\\\/Tamarana-2022-2.jpg\",\"contentUrl\":\"https:\\\/\\\/www.mpc.pr.gov.br\\\/wp-content\\\/uploads\\\/2024\\\/12\\\/Tamarana-2022-2.jpg\",\"width\":636,\"height\":283,\"caption\":\"O Munic\u00edpio de Tamarana est\u00e1 localizado na regi\u00e3o Norte do Paran\u00e1, integrando a regi\u00e3o metropolitana de Londrina, possuindo 15.277 habitantes (IBGE 2021). Foto: C\u00e2mara Municipal de Tamarana.\"},{\"@type\":\"BreadcrumbList\",\"@id\":\"https:\\\/\\\/www.mpc.pr.gov.br\\\/index.php\\\/julgada-procedente-a-tomada-de-contas-extraordinaria-em-face-do-municipio-de-tamarana-por-irregularidades-em-cargos-na-area-da-saude\\\/#breadcrumb\",\"itemListElement\":[{\"@type\":\"ListItem\",\"position\":1,\"name\":\"In\u00edcio\",\"item\":\"https:\\\/\\\/www.mpc.pr.gov.br\\\/\"},{\"@type\":\"ListItem\",\"position\":2,\"name\":\"Julgada procedente a Tomada de Contas Extraordin\u00e1ria em face do Munic\u00edpio de Tamarana por irregularidades em cargos na \u00e1rea da sa\u00fade\"}]},{\"@type\":\"WebSite\",\"@id\":\"https:\\\/\\\/www.mpc.pr.gov.br\\\/#website\",\"url\":\"https:\\\/\\\/www.mpc.pr.gov.br\\\/\",\"name\":\"Minist\u00e9rio P\u00fablico de Contas do Estado do Paran\u00e1\",\"description\":\"\",\"publisher\":{\"@id\":\"https:\\\/\\\/www.mpc.pr.gov.br\\\/#organization\"},\"potentialAction\":[{\"@type\":\"SearchAction\",\"target\":{\"@type\":\"EntryPoint\",\"urlTemplate\":\"https:\\\/\\\/www.mpc.pr.gov.br\\\/?s={search_term_string}\"},\"query-input\":{\"@type\":\"PropertyValueSpecification\",\"valueRequired\":true,\"valueName\":\"search_term_string\"}}],\"inLanguage\":\"pt-BR\"},{\"@type\":\"Organization\",\"@id\":\"https:\\\/\\\/www.mpc.pr.gov.br\\\/#organization\",\"name\":\"Minist\u00e9rio P\u00fablico de Contas do Estado do Paran\u00e1\",\"url\":\"https:\\\/\\\/www.mpc.pr.gov.br\\\/\",\"logo\":{\"@type\":\"ImageObject\",\"inLanguage\":\"pt-BR\",\"@id\":\"https:\\\/\\\/www.mpc.pr.gov.br\\\/#\\\/schema\\\/logo\\\/image\\\/\",\"url\":\"https:\\\/\\\/www.mpc.pr.gov.br\\\/wp-content\\\/uploads\\\/2020\\\/06\\\/99423647_1593460364143890_6706793420720963584_n-1-e1591387983167.png\",\"contentUrl\":\"https:\\\/\\\/www.mpc.pr.gov.br\\\/wp-content\\\/uploads\\\/2020\\\/06\\\/99423647_1593460364143890_6706793420720963584_n-1-e1591387983167.png\",\"width\":243,\"height\":73,\"caption\":\"Minist\u00e9rio P\u00fablico de Contas do Estado do Paran\u00e1\"},\"image\":{\"@id\":\"https:\\\/\\\/www.mpc.pr.gov.br\\\/#\\\/schema\\\/logo\\\/image\\\/\"},\"sameAs\":[\"https:\\\/\\\/www.facebook.com\\\/mpc.pr\",\"https:\\\/\\\/www.instagram.com\\\/mpc.pr\\\/?hl=pt-br\",\"https:\\\/\\\/www.youtube.com\\\/channel\\\/UCHri5oEM8DV0ztX57E0sBSw\"]},{\"@type\":\"Person\",\"@id\":\"https:\\\/\\\/www.mpc.pr.gov.br\\\/#\\\/schema\\\/person\\\/2d83cb8980538d0ec174e8a6284f5e11\",\"name\":\"mpcontaspr\",\"image\":{\"@type\":\"ImageObject\",\"inLanguage\":\"pt-BR\",\"@id\":\"https:\\\/\\\/secure.gravatar.com\\\/avatar\\\/1aef51541db7622e05fd639336c9c9f312c2a618396e2b6ca96846362fc5403f?s=96&d=mm&r=g\",\"url\":\"https:\\\/\\\/secure.gravatar.com\\\/avatar\\\/1aef51541db7622e05fd639336c9c9f312c2a618396e2b6ca96846362fc5403f?s=96&d=mm&r=g\",\"contentUrl\":\"https:\\\/\\\/secure.gravatar.com\\\/avatar\\\/1aef51541db7622e05fd639336c9c9f312c2a618396e2b6ca96846362fc5403f?s=96&d=mm&r=g\",\"caption\":\"mpcontaspr\"},\"sameAs\":[\"http:\\\/\\\/www.mpc.pr.gov.br\"]}]}<\/script>\n<!-- \/ Yoast SEO plugin. -->","yoast_head_json":{"title":"Julgada procedente a Tomada de Contas Extraordin\u00e1ria em face do Munic\u00edpio de Tamarana por irregularidades em cargos na \u00e1rea da sa\u00fade - Minist\u00e9rio P\u00fablico de Contas do Estado do Paran\u00e1","robots":{"index":"index","follow":"follow","max-snippet":"max-snippet:-1","max-image-preview":"max-image-preview:large","max-video-preview":"max-video-preview:-1"},"canonical":"https:\/\/www.mpc.pr.gov.br\/index.php\/julgada-procedente-a-tomada-de-contas-extraordinaria-em-face-do-municipio-de-tamarana-por-irregularidades-em-cargos-na-area-da-saude\/","og_locale":"pt_BR","og_type":"article","og_title":"Julgada procedente a Tomada de Contas Extraordin\u00e1ria em face do Munic\u00edpio de Tamarana por irregularidades em cargos na \u00e1rea da sa\u00fade - Minist\u00e9rio P\u00fablico de Contas do Estado do Paran\u00e1","og_description":"O recente julgamento da Representa\u00e7\u00e3o proposta em desfavor do Munic\u00edpio de Tamarana resultou na abertura de um novo processo de Tomada de Contas Extraordin\u00e1ria contra o Munic\u00edpio, assim decidido pelos Membros do Tribunal de Contas do Estado (TCE-PR) no Ac\u00f3rd\u00e3o n\u00ba 317\/22 &#8211; Pleno.\u00a0\u00a0 \u00a0Na ocasi\u00e3o, foi verificada a ocorr\u00eancia de irregularidades no Edital de [&hellip;]","og_url":"https:\/\/www.mpc.pr.gov.br\/index.php\/julgada-procedente-a-tomada-de-contas-extraordinaria-em-face-do-municipio-de-tamarana-por-irregularidades-em-cargos-na-area-da-saude\/","og_site_name":"Minist\u00e9rio P\u00fablico de Contas do Estado do Paran\u00e1","article_publisher":"https:\/\/www.facebook.com\/mpc.pr","article_published_time":"2024-12-19T13:01:52+00:00","article_modified_time":"2025-01-21T13:14:38+00:00","og_image":[{"width":636,"height":283,"url":"https:\/\/www.mpc.pr.gov.br\/wp-content\/uploads\/2024\/12\/Tamarana-2022-2.jpg","type":"image\/jpeg"}],"author":"mpcontaspr","twitter_card":"summary_large_image","twitter_misc":{"Escrito por":"mpcontaspr","Est. tempo de leitura":"9 minutos"},"schema":{"@context":"https:\/\/schema.org","@graph":[{"@type":"Article","@id":"https:\/\/www.mpc.pr.gov.br\/index.php\/julgada-procedente-a-tomada-de-contas-extraordinaria-em-face-do-municipio-de-tamarana-por-irregularidades-em-cargos-na-area-da-saude\/#article","isPartOf":{"@id":"https:\/\/www.mpc.pr.gov.br\/index.php\/julgada-procedente-a-tomada-de-contas-extraordinaria-em-face-do-municipio-de-tamarana-por-irregularidades-em-cargos-na-area-da-saude\/"},"author":{"name":"mpcontaspr","@id":"https:\/\/www.mpc.pr.gov.br\/#\/schema\/person\/2d83cb8980538d0ec174e8a6284f5e11"},"headline":"Julgada procedente a Tomada de Contas Extraordin\u00e1ria em face do Munic\u00edpio de Tamarana por irregularidades em cargos na \u00e1rea da sa\u00fade","datePublished":"2024-12-19T13:01:52+00:00","dateModified":"2025-01-21T13:14:38+00:00","mainEntityOfPage":{"@id":"https:\/\/www.mpc.pr.gov.br\/index.php\/julgada-procedente-a-tomada-de-contas-extraordinaria-em-face-do-municipio-de-tamarana-por-irregularidades-em-cargos-na-area-da-saude\/"},"wordCount":1680,"commentCount":0,"publisher":{"@id":"https:\/\/www.mpc.pr.gov.br\/#organization"},"image":{"@id":"https:\/\/www.mpc.pr.gov.br\/index.php\/julgada-procedente-a-tomada-de-contas-extraordinaria-em-face-do-municipio-de-tamarana-por-irregularidades-em-cargos-na-area-da-saude\/#primaryimage"},"thumbnailUrl":"https:\/\/www.mpc.pr.gov.br\/wp-content\/uploads\/2024\/12\/Tamarana-2022-2.jpg","keywords":["MPC-PR","Quadro de cargos","Sa\u00fade","Tamarana","TCE-PR","Terceiriza\u00e7\u00e3o","Tomada de Contas Extraordin\u00e1ria"],"articleSection":["Todas as not\u00edcias"],"inLanguage":"pt-BR","potentialAction":[{"@type":"CommentAction","name":"Comment","target":["https:\/\/www.mpc.pr.gov.br\/index.php\/julgada-procedente-a-tomada-de-contas-extraordinaria-em-face-do-municipio-de-tamarana-por-irregularidades-em-cargos-na-area-da-saude\/#respond"]}]},{"@type":"WebPage","@id":"https:\/\/www.mpc.pr.gov.br\/index.php\/julgada-procedente-a-tomada-de-contas-extraordinaria-em-face-do-municipio-de-tamarana-por-irregularidades-em-cargos-na-area-da-saude\/","url":"https:\/\/www.mpc.pr.gov.br\/index.php\/julgada-procedente-a-tomada-de-contas-extraordinaria-em-face-do-municipio-de-tamarana-por-irregularidades-em-cargos-na-area-da-saude\/","name":"Julgada procedente a Tomada de Contas Extraordin\u00e1ria em face do Munic\u00edpio de Tamarana por irregularidades em cargos na \u00e1rea da sa\u00fade - Minist\u00e9rio P\u00fablico de Contas do Estado do Paran\u00e1","isPartOf":{"@id":"https:\/\/www.mpc.pr.gov.br\/#website"},"primaryImageOfPage":{"@id":"https:\/\/www.mpc.pr.gov.br\/index.php\/julgada-procedente-a-tomada-de-contas-extraordinaria-em-face-do-municipio-de-tamarana-por-irregularidades-em-cargos-na-area-da-saude\/#primaryimage"},"image":{"@id":"https:\/\/www.mpc.pr.gov.br\/index.php\/julgada-procedente-a-tomada-de-contas-extraordinaria-em-face-do-municipio-de-tamarana-por-irregularidades-em-cargos-na-area-da-saude\/#primaryimage"},"thumbnailUrl":"https:\/\/www.mpc.pr.gov.br\/wp-content\/uploads\/2024\/12\/Tamarana-2022-2.jpg","datePublished":"2024-12-19T13:01:52+00:00","dateModified":"2025-01-21T13:14:38+00:00","breadcrumb":{"@id":"https:\/\/www.mpc.pr.gov.br\/index.php\/julgada-procedente-a-tomada-de-contas-extraordinaria-em-face-do-municipio-de-tamarana-por-irregularidades-em-cargos-na-area-da-saude\/#breadcrumb"},"inLanguage":"pt-BR","potentialAction":[{"@type":"ReadAction","target":["https:\/\/www.mpc.pr.gov.br\/index.php\/julgada-procedente-a-tomada-de-contas-extraordinaria-em-face-do-municipio-de-tamarana-por-irregularidades-em-cargos-na-area-da-saude\/"]}]},{"@type":"ImageObject","inLanguage":"pt-BR","@id":"https:\/\/www.mpc.pr.gov.br\/index.php\/julgada-procedente-a-tomada-de-contas-extraordinaria-em-face-do-municipio-de-tamarana-por-irregularidades-em-cargos-na-area-da-saude\/#primaryimage","url":"https:\/\/www.mpc.pr.gov.br\/wp-content\/uploads\/2024\/12\/Tamarana-2022-2.jpg","contentUrl":"https:\/\/www.mpc.pr.gov.br\/wp-content\/uploads\/2024\/12\/Tamarana-2022-2.jpg","width":636,"height":283,"caption":"O Munic\u00edpio de Tamarana est\u00e1 localizado na regi\u00e3o Norte do Paran\u00e1, integrando a regi\u00e3o metropolitana de Londrina, possuindo 15.277 habitantes (IBGE 2021). Foto: C\u00e2mara Municipal de Tamarana."},{"@type":"BreadcrumbList","@id":"https:\/\/www.mpc.pr.gov.br\/index.php\/julgada-procedente-a-tomada-de-contas-extraordinaria-em-face-do-municipio-de-tamarana-por-irregularidades-em-cargos-na-area-da-saude\/#breadcrumb","itemListElement":[{"@type":"ListItem","position":1,"name":"In\u00edcio","item":"https:\/\/www.mpc.pr.gov.br\/"},{"@type":"ListItem","position":2,"name":"Julgada procedente a Tomada de Contas Extraordin\u00e1ria em face do Munic\u00edpio de Tamarana por irregularidades em cargos na \u00e1rea da sa\u00fade"}]},{"@type":"WebSite","@id":"https:\/\/www.mpc.pr.gov.br\/#website","url":"https:\/\/www.mpc.pr.gov.br\/","name":"Minist\u00e9rio P\u00fablico de Contas do Estado do Paran\u00e1","description":"","publisher":{"@id":"https:\/\/www.mpc.pr.gov.br\/#organization"},"potentialAction":[{"@type":"SearchAction","target":{"@type":"EntryPoint","urlTemplate":"https:\/\/www.mpc.pr.gov.br\/?s={search_term_string}"},"query-input":{"@type":"PropertyValueSpecification","valueRequired":true,"valueName":"search_term_string"}}],"inLanguage":"pt-BR"},{"@type":"Organization","@id":"https:\/\/www.mpc.pr.gov.br\/#organization","name":"Minist\u00e9rio P\u00fablico de Contas do Estado do Paran\u00e1","url":"https:\/\/www.mpc.pr.gov.br\/","logo":{"@type":"ImageObject","inLanguage":"pt-BR","@id":"https:\/\/www.mpc.pr.gov.br\/#\/schema\/logo\/image\/","url":"https:\/\/www.mpc.pr.gov.br\/wp-content\/uploads\/2020\/06\/99423647_1593460364143890_6706793420720963584_n-1-e1591387983167.png","contentUrl":"https:\/\/www.mpc.pr.gov.br\/wp-content\/uploads\/2020\/06\/99423647_1593460364143890_6706793420720963584_n-1-e1591387983167.png","width":243,"height":73,"caption":"Minist\u00e9rio P\u00fablico de Contas do Estado do Paran\u00e1"},"image":{"@id":"https:\/\/www.mpc.pr.gov.br\/#\/schema\/logo\/image\/"},"sameAs":["https:\/\/www.facebook.com\/mpc.pr","https:\/\/www.instagram.com\/mpc.pr\/?hl=pt-br","https:\/\/www.youtube.com\/channel\/UCHri5oEM8DV0ztX57E0sBSw"]},{"@type":"Person","@id":"https:\/\/www.mpc.pr.gov.br\/#\/schema\/person\/2d83cb8980538d0ec174e8a6284f5e11","name":"mpcontaspr","image":{"@type":"ImageObject","inLanguage":"pt-BR","@id":"https:\/\/secure.gravatar.com\/avatar\/1aef51541db7622e05fd639336c9c9f312c2a618396e2b6ca96846362fc5403f?s=96&d=mm&r=g","url":"https:\/\/secure.gravatar.com\/avatar\/1aef51541db7622e05fd639336c9c9f312c2a618396e2b6ca96846362fc5403f?s=96&d=mm&r=g","contentUrl":"https:\/\/secure.gravatar.com\/avatar\/1aef51541db7622e05fd639336c9c9f312c2a618396e2b6ca96846362fc5403f?s=96&d=mm&r=g","caption":"mpcontaspr"},"sameAs":["http:\/\/www.mpc.pr.gov.br"]}]}},"rttpg_featured_image_url":{"full":["https:\/\/www.mpc.pr.gov.br\/wp-content\/uploads\/2024\/12\/Tamarana-2022-2.jpg",636,283,false],"landscape":["https:\/\/www.mpc.pr.gov.br\/wp-content\/uploads\/2024\/12\/Tamarana-2022-2.jpg",636,283,false],"portraits":["https:\/\/www.mpc.pr.gov.br\/wp-content\/uploads\/2024\/12\/Tamarana-2022-2.jpg",636,283,false],"thumbnail":["https:\/\/www.mpc.pr.gov.br\/wp-content\/uploads\/2024\/12\/Tamarana-2022-2-150x150.jpg",150,150,true],"medium":["https:\/\/www.mpc.pr.gov.br\/wp-content\/uploads\/2024\/12\/Tamarana-2022-2-300x133.jpg",300,133,true],"large":["https:\/\/www.mpc.pr.gov.br\/wp-content\/uploads\/2024\/12\/Tamarana-2022-2.jpg",636,283,false],"1536x1536":["https:\/\/www.mpc.pr.gov.br\/wp-content\/uploads\/2024\/12\/Tamarana-2022-2.jpg",636,283,false],"2048x2048":["https:\/\/www.mpc.pr.gov.br\/wp-content\/uploads\/2024\/12\/Tamarana-2022-2.jpg",636,283,false],"ocean-thumb-m":["https:\/\/www.mpc.pr.gov.br\/wp-content\/uploads\/2024\/12\/Tamarana-2022-2-600x283.jpg",600,283,true],"ocean-thumb-ml":["https:\/\/www.mpc.pr.gov.br\/wp-content\/uploads\/2024\/12\/Tamarana-2022-2.jpg",636,283,false],"ocean-thumb-l":["https:\/\/www.mpc.pr.gov.br\/wp-content\/uploads\/2024\/12\/Tamarana-2022-2.jpg",636,283,false]},"rttpg_author":{"display_name":"mpcontaspr","author_link":"https:\/\/www.mpc.pr.gov.br\/index.php\/author\/mpcontaspr\/"},"rttpg_comment":14,"rttpg_category":"<a href=\"https:\/\/www.mpc.pr.gov.br\/index.php\/category\/todas-as-noticias\/\" rel=\"category tag\">Todas as not\u00edcias<\/a>","rttpg_excerpt":"O recente julgamento da Representa\u00e7\u00e3o proposta em desfavor do Munic\u00edpio de Tamarana resultou na abertura de um novo processo de Tomada de Contas Extraordin\u00e1ria contra o Munic\u00edpio, assim decidido pelos Membros do Tribunal de Contas do Estado (TCE-PR) no Ac\u00f3rd\u00e3o n\u00ba 317\/22 &#8211; Pleno.\u00a0\u00a0 \u00a0Na ocasi\u00e3o, foi verificada a ocorr\u00eancia de irregularidades no Edital de&hellip;","_links":{"self":[{"href":"https:\/\/www.mpc.pr.gov.br\/index.php\/wp-json\/wp\/v2\/posts\/22014","targetHints":{"allow":["GET"]}}],"collection":[{"href":"https:\/\/www.mpc.pr.gov.br\/index.php\/wp-json\/wp\/v2\/posts"}],"about":[{"href":"https:\/\/www.mpc.pr.gov.br\/index.php\/wp-json\/wp\/v2\/types\/post"}],"author":[{"embeddable":true,"href":"https:\/\/www.mpc.pr.gov.br\/index.php\/wp-json\/wp\/v2\/users\/1"}],"replies":[{"embeddable":true,"href":"https:\/\/www.mpc.pr.gov.br\/index.php\/wp-json\/wp\/v2\/comments?post=22014"}],"version-history":[{"count":2,"href":"https:\/\/www.mpc.pr.gov.br\/index.php\/wp-json\/wp\/v2\/posts\/22014\/revisions"}],"predecessor-version":[{"id":22021,"href":"https:\/\/www.mpc.pr.gov.br\/index.php\/wp-json\/wp\/v2\/posts\/22014\/revisions\/22021"}],"wp:featuredmedia":[{"embeddable":true,"href":"https:\/\/www.mpc.pr.gov.br\/index.php\/wp-json\/wp\/v2\/media\/22018"}],"wp:attachment":[{"href":"https:\/\/www.mpc.pr.gov.br\/index.php\/wp-json\/wp\/v2\/media?parent=22014"}],"wp:term":[{"taxonomy":"category","embeddable":true,"href":"https:\/\/www.mpc.pr.gov.br\/index.php\/wp-json\/wp\/v2\/categories?post=22014"},{"taxonomy":"post_tag","embeddable":true,"href":"https:\/\/www.mpc.pr.gov.br\/index.php\/wp-json\/wp\/v2\/tags?post=22014"}],"curies":[{"name":"wp","href":"https:\/\/api.w.org\/{rel}","templated":true}]}}