{"id":22374,"date":"2025-01-30T10:57:16","date_gmt":"2025-01-30T13:57:16","guid":{"rendered":"https:\/\/www.mpc.pr.gov.br\/?p=22374"},"modified":"2025-02-13T10:24:00","modified_gmt":"2025-02-13T13:24:00","slug":"decisao-em-sede-de-consulta-sobre-aplicacao-do-rgps-e-reformulada-apos-recurso-interposto-pelo-mpc-pr","status":"publish","type":"post","link":"https:\/\/www.mpc.pr.gov.br\/index.php\/decisao-em-sede-de-consulta-sobre-aplicacao-do-rgps-e-reformulada-apos-recurso-interposto-pelo-mpc-pr\/","title":{"rendered":"Decis\u00e3o em sede de consulta sobre aplica\u00e7\u00e3o do RGPS \u00e9 reformulada ap\u00f3s recurso interposto pelo MPC-PR"},"content":{"rendered":"<figure id=\"attachment_22378\" aria-describedby=\"caption-attachment-22378\" style=\"width: 300px\" class=\"wp-caption alignleft\"><img fetchpriority=\"high\" decoding=\"async\" class=\"size-medium wp-image-22378\" src=\"https:\/\/www.mpc.pr.gov.br\/wp-content\/uploads\/2025\/01\/porto-amazonas-300x185.png\" alt=\"\" width=\"300\" height=\"185\" srcset=\"https:\/\/www.mpc.pr.gov.br\/wp-content\/uploads\/2025\/01\/porto-amazonas-300x185.png 300w, https:\/\/www.mpc.pr.gov.br\/wp-content\/uploads\/2025\/01\/porto-amazonas-768x474.png 768w, https:\/\/www.mpc.pr.gov.br\/wp-content\/uploads\/2025\/01\/porto-amazonas.png 785w\" sizes=\"(max-width: 300px) 100vw, 300px\" \/><figcaption id=\"caption-attachment-22378\" class=\"wp-caption-text\">O Munic\u00edpio de Porto Amazonas est\u00e1 localizado pr\u00f3ximo a Palmeira, Lapa e Balsa Nova. Sua popula\u00e7\u00e3o estimada \u00e9 de<br \/>4.098<br \/>habitantes (IBGE 2022). Foto: divulga\u00e7\u00e3o.<\/figcaption><\/figure>\n<p><span data-contrast=\"auto\">O Minist\u00e9rio P\u00fablico de Contas do Paran\u00e1 (MPC-PR) apresentou Embargos de Declara\u00e7\u00e3o em processo de consulta formulado pelo Munic\u00edpio de Porto Amazonas a fim de complementar a resposta dada ao questionamento n\u00ba 1.<\/span><span data-ccp-props=\"{&quot;201341983&quot;:0,&quot;335551550&quot;:6,&quot;335551620&quot;:6,&quot;335559740&quot;:360}\">\u00a0<\/span><\/p>\n<p><span data-contrast=\"auto\">A consulta questionava sobre a possibilidade jur\u00eddica de servidor efetivo em atividade, aposentado voluntariamente pelo Regime Geral de Previd\u00eancia Social \u2013 RPGS, em data anterior \u00e0 \u00faltima reforma de previd\u00eancia (Emenda Constitucional N\u00ba 103\/2019), acumular os proventos de aposentadoria com os vencimentos do mesmo cargo, caso tenha permanecido em atividade.<\/span><span data-ccp-props=\"{&quot;201341983&quot;:0,&quot;335551550&quot;:6,&quot;335551620&quot;:6,&quot;335559740&quot;:360}\">\u00a0<\/span><\/p>\n<h4><b><span data-contrast=\"auto\">Decis\u00e3o origin\u00e1ria<\/span><\/b><span data-ccp-props=\"{&quot;201341983&quot;:0,&quot;335551550&quot;:6,&quot;335551620&quot;:6,&quot;335559740&quot;:360}\">\u00a0<\/span><\/h4>\n<p><span data-contrast=\"auto\">A Consulta formulada pelo Munic\u00edpio de Porto Amazonas foi devidamente recebida ap\u00f3s verifica\u00e7\u00e3o dos requisitos de admissibilidade, conforme Despacho do Relator n\u00ba 143\/22.<\/span><span data-ccp-props=\"{&quot;201341983&quot;:0,&quot;335551550&quot;:6,&quot;335551620&quot;:6,&quot;335559740&quot;:360}\">\u00a0<\/span><\/p>\n<p><span data-contrast=\"auto\">Em sess\u00e3o de julgamento pelo Pleno do Tribunal de Contas do Paran\u00e1 (TCE-PR), conforme fundamenta\u00e7\u00e3o contida no <a href=\"https:\/\/www.mpc.pr.gov.br\/wp-content\/uploads\/2025\/01\/porto-amazonas-ACO-3814_23-STP.pdf\">Ac\u00f3rd\u00e3o n\u00ba 3814\/23<\/a>, os Membros votaram em responder aos questionamentos da consulta da seguinte forma:<\/span><span data-ccp-props=\"{&quot;201341983&quot;:0,&quot;335551550&quot;:6,&quot;335551620&quot;:6,&quot;335559740&quot;:360}\">\u00a0<\/span><\/p>\n<blockquote><p><span data-contrast=\"auto\">1. \u00c9 poss\u00edvel que ocupantes de cargo de provimento efetivo aposentados voluntariamente em data anterior a Emenda Constitucional 103\/2019, pelo Regime Geral de Previd\u00eancia Social, continuem a exercer as fun\u00e7\u00f5es do cargo regularmente, recebendo cumulativamente vencimentos de cargo p\u00fablico e proventos de aposentadoria provenientes do mesmo cargo p\u00fablico?\u00a0<\/span> <em><strong>Resposta:<\/strong><\/em> Aos ocupantes de cargo de provimento efetivo aposentados voluntariamente pelo Regime Geral de Previd\u00eancia Social e que tenham permanecido em atividade, desde que em data anterior \u00e0 Emenda Constitucional n\u00ba 103\/2019, \u00e9 permitido que continuem a exercer suas fun\u00e7\u00f5es regularmente, recebendo cumulativamente vencimentos de cargo p\u00fablico com os proventos de aposentadoria do Regime Geral de Previd\u00eancia.<\/p>\n<p>&nbsp;<\/p>\n<p>2. Em sendo poss\u00edvel em quais condi\u00e7\u00f5es? <span data-ccp-props=\"{&quot;201341983&quot;:0,&quot;335551550&quot;:6,&quot;335551620&quot;:6,&quot;335559740&quot;:360}\">\u00a0<\/span><span data-contrast=\"auto\"><em><strong>Resposta:<\/strong><\/em> O tempo de contribui\u00e7\u00e3o utilizado para a aposentadoria concedida pelo Regime Geral de Previd\u00eancia Social em data anterior a Emenda Constitucional 103\/2019 n\u00e3o pode ser utilizado para fins de nova aposentadoria. N\u00e3o pode ocorrer qualquer forma de aproveitamento do per\u00edodo de contribui\u00e7\u00e3o utilizado na concess\u00e3o da aposentadoria, vedada inclusive a concess\u00e3o de vantagens remunerat\u00f3rias ao servidor p\u00fablico em atividade que levem em considera\u00e7\u00e3o o referido tempo de servi\u00e7o, nos termos das respostas com for\u00e7a vinculante do Ac\u00f3rd\u00e3o n\u00ba 1468\/19 \u2013 Tribunal Pleno.\u00a0<\/span><span data-ccp-props=\"{&quot;201341983&quot;:0,&quot;335551550&quot;:6,&quot;335551620&quot;:6,&quot;335559685&quot;:735,&quot;335559740&quot;:360}\">\u00a0<\/span><\/p>\n<p>&nbsp;<\/p>\n<p><span data-ccp-props=\"{&quot;201341983&quot;:0,&quot;335551550&quot;:6,&quot;335551620&quot;:6,&quot;335559685&quot;:735,&quot;335559740&quot;:360}\">\u00a03. <\/span><span data-contrast=\"auto\">N\u00e3o sendo poss\u00edvel qual a medida a ser tomada?\u00a0<\/span><span data-contrast=\"auto\"><em><strong>Resposta prejudicada<\/strong><\/em>.<\/span><span data-ccp-props=\"{&quot;201341983&quot;:0,&quot;335551550&quot;:6,&quot;335551620&quot;:6,&quot;335559685&quot;:735,&quot;335559740&quot;:360}\">\u00a0<\/span><\/p>\n<p>&nbsp;<\/p>\n<p><span data-ccp-props=\"{&quot;201341983&quot;:0,&quot;335551550&quot;:6,&quot;335551620&quot;:6,&quot;335559685&quot;:735,&quot;335559740&quot;:360}\">\u00a04. <\/span><span data-contrast=\"auto\">A EC 103\/19, incluiu o \u00a7 14, ao art. 37, da Constitui\u00e7\u00e3o Federal, que disp\u00f5e expressamente que a aposentadora concedida com a utiliza\u00e7\u00e3o de tempo de contribui\u00e7\u00e3o decorrente de cargo, emprego ou fun\u00e7\u00e3o p\u00fablica, inviabiliza a perman\u00eancia no emprego. O STF ao analisar o Tema 606\/STF \u2013 RE 655283, firmou tese, no sentido de que os empregados p\u00fablicos, que tiveram aposentadora concedida pelo Regime Geral da Previd\u00eancia Social at\u00e9 a data da Emenda Constitucional 103\/19, poder\u00e3o permanecer no emprego p\u00fablico, com base no art. 6\u00ba da Emenda. Tal entendimento se aplica aos ocupantes de cargo de provimento efetivo dos Munic\u00edpios, aposentados voluntariamente pelo Regime Geral de Previd\u00eancia Social, que requereram o benef\u00edcio em data anterior \u00e0 EC 103\/19 e tiveram o reconhecimento ap\u00f3s a vig\u00eancia da Emenda?\u00a0<\/span><span data-ccp-props=\"{&quot;201341983&quot;:0,&quot;335551550&quot;:6,&quot;335551620&quot;:6,&quot;335559740&quot;:360}\">\u00a0<\/span><span data-contrast=\"auto\"><em><strong>Resposta:<\/strong><\/em> Aos atuais ocupantes de cargo de provimento efetivo dos Munic\u00edpios, aposentados voluntariamente pelo Regime Geral de Previd\u00eancia Social, que requereram aposentadoria ao INSS em data anterior \u00e0 vig\u00eancia da EC n\u00ba 103\/19 (13\/11\/2019), cujo deferimento ocorreu somente ap\u00f3s sua vig\u00eancia, deve ser reconhecido seu direito a permanecerem na ativa, com a possibilidade de acumular o benef\u00edcio previdenci\u00e1rio com a respectiva remunera\u00e7\u00e3o da ativa.\u00a0<\/span><span data-ccp-props=\"{&quot;201341983&quot;:0,&quot;335551550&quot;:6,&quot;335551620&quot;:6,&quot;335559685&quot;:735,&quot;335559740&quot;:360}\">\u00a0<\/span><\/p>\n<p>&nbsp;<\/p>\n<p><span data-ccp-props=\"{&quot;201341983&quot;:0,&quot;335551550&quot;:6,&quot;335551620&quot;:6,&quot;335559685&quot;:735,&quot;335559740&quot;:360}\">\u00a05. <\/span><span data-contrast=\"auto\">Sendo aplicado, quais as condi\u00e7\u00f5es?\u00a0<\/span><em><strong>\u00a0<\/strong><\/em><span data-contrast=\"auto\"><em><strong>Resposta na quest\u00e3o anterior.<\/strong><\/em>\u00a0<\/span><span data-ccp-props=\"{&quot;201341983&quot;:0,&quot;335551550&quot;:6,&quot;335551620&quot;:6,&quot;335559685&quot;:735,&quot;335559740&quot;:360}\">\u00a0<\/span><\/p>\n<p>&nbsp;<\/p>\n<p><span data-ccp-props=\"{&quot;201341983&quot;:0,&quot;335551550&quot;:6,&quot;335551620&quot;:6,&quot;335559685&quot;:735,&quot;335559740&quot;:360}\">\u00a06. <\/span><span data-contrast=\"auto\">N\u00e3o sendo aplicado, qual a medida a ser tomada?\u00a0<\/span><span data-ccp-props=\"{&quot;201341983&quot;:0,&quot;335551550&quot;:6,&quot;335551620&quot;:6,&quot;335559740&quot;:360}\">\u00a0<\/span><em><strong>Resposta prejudicada.\u00a0\u00a0<\/strong><\/em><\/p>\n<p>&nbsp;<\/p>\n<p><span data-ccp-props=\"{&quot;201341983&quot;:0,&quot;335551550&quot;:6,&quot;335551620&quot;:6,&quot;335559685&quot;:735,&quot;335559740&quot;:360}\">\u00a07. E<\/span><span data-contrast=\"auto\">xiste poss\u00edvel viola\u00e7\u00e3o quanto \u00e0s regras do exerc\u00edcio de cargo p\u00fablico de provimento efetivo, caso o agente receba cumulativamente proventos do Regime Geral de Previd\u00eancia Social com vencimentos da ativa provenientes do mesmo cardo de provimento efetivo?<\/span><span data-ccp-props=\"{&quot;201341983&quot;:0,&quot;335551550&quot;:6,&quot;335551620&quot;:6,&quot;335559740&quot;:360}\">\u00a0<\/span><em><strong>Respondido nas quest\u00f5es anteriores.<\/strong><\/em><span data-ccp-props=\"{&quot;201341983&quot;:0,&quot;335551550&quot;:6,&quot;335551620&quot;:6,&quot;335559685&quot;:735,&quot;335559740&quot;:360}\">\u00a0<\/span><\/p><\/blockquote>\n<h4><b><span data-contrast=\"auto\">Embargos de Declara\u00e7\u00e3o<\/span><\/b><span data-ccp-props=\"{&quot;201341983&quot;:0,&quot;335551550&quot;:6,&quot;335551620&quot;:6,&quot;335559740&quot;:360}\">\u00a0<\/span><\/h4>\n<p><span data-contrast=\"auto\">Em tempo h\u00e1bil, <a href=\"https:\/\/www.mpc.pr.gov.br\/wp-content\/uploads\/2025\/01\/porto-amazonas-embargos-mpc.pdf\">o MPC-PR apresentou recurso<\/a> perante a decis\u00e3o contida no Ac\u00f3rd\u00e3o n\u00ba 3814\/23, afirmando, preliminarmente, do cabimento excepcional dos Embargos de Declara\u00e7\u00e3o em processos de Consulta, visto que seu cabimento \u00e9 aceito perante decis\u00e3o que omita ponto sobre a qual deveria pronunciar-se.\u00a0<\/span><span data-ccp-props=\"{&quot;201341983&quot;:0,&quot;335551550&quot;:6,&quot;335551620&quot;:6,&quot;335559740&quot;:360}\">\u00a0<\/span><\/p>\n<p><span data-contrast=\"auto\">Ainda, ressaltou que o pr\u00f3prio TCE-PR j\u00e1 reconheceu o cabimento de embargos em consulta, dentre os quais destaca-se o Ac\u00f3rd\u00e3o n\u00ba 1051\/22 (Processo n\u00ba 382383\/20) e Ac\u00f3rd\u00e3o n\u00ba 1443\/23 (Processo n\u00ba 502354\/20).<\/span><span data-ccp-props=\"{&quot;201341983&quot;:0,&quot;335551550&quot;:6,&quot;335551620&quot;:6,&quot;335559740&quot;:360}\">\u00a0<\/span><\/p>\n<p><span data-contrast=\"auto\">No m\u00e9rito, a Procuradoria-Geral do MPC-PR, ao rever o entendimento exarado na decis\u00e3o, verificou que a <a href=\"https:\/\/portal.stf.jus.br\/jurisprudenciaRepercussao\/verAndamentoProcesso.asp?incidente=4132643&amp;numeroProcesso=655283&amp;classeProcesso=RE&amp;numeroTema=606\">Tema n\u00ba 606 do Supremo Tribunal Federal (STF)<\/a> n\u00e3o abarca os servidores titulares de cargos p\u00fablicos efetivos, mas sim dos <\/span><b><span data-contrast=\"auto\">empregados p\u00fablicos<\/span><\/b><span data-contrast=\"auto\">: \u201cA concess\u00e3o de aposentadoria aos empregados p\u00fablicos inviabiliza a perman\u00eancia no emprego, nos termos do art. 37, \u00a7 14, da CRFB, salvo para as aposentadorias concedidas pelo Regime Geral de Previd\u00eancia Social at\u00e9 a data de entrada em vigor da Emenda Constitucional n\u00ba 103\/19, nos termos do que disp\u00f5e seu art. 6\u00ba\u201d.<\/span><span data-ccp-props=\"{&quot;201341983&quot;:0,&quot;335551550&quot;:6,&quot;335551620&quot;:6,&quot;335559740&quot;:360}\">\u00a0<\/span><\/p>\n<p><span data-contrast=\"auto\">Esta distin\u00e7\u00e3o \u00e9 fundamental para assegurar a solidez do entendimento consagrado no STF quanto \u00e0 efetiva ocorr\u00eancia de rompimento do v\u00ednculo estatut\u00e1rio com o advento da aposentadoria do servidor p\u00fablico, ainda que sob o RGPS, mormente nos casos em que o estatuto contemplar tal fato jur\u00eddico como hip\u00f3tese de vac\u00e2ncia do cargo p\u00fablico.<\/span><span data-ccp-props=\"{&quot;201341983&quot;:0,&quot;335551550&quot;:6,&quot;335551620&quot;:6,&quot;335559740&quot;:360}\">\u00a0<\/span><\/p>\n<p><span data-contrast=\"auto\">Nesse sentido, considerou a tese firmada no <a href=\"https:\/\/portal.stf.jus.br\/jurisprudenciaRepercussao\/verAndamentoProcesso.asp?incidente=6063831&amp;numeroProcesso=1302501&amp;classeProcesso=RE&amp;numeroTema=1150\">Tema n\u00ba 1150 de repercuss\u00e3o geral do STF<\/a>, nos seguintes termos: \u201co servidor p\u00fablico aposentado pelo Regime Geral de Previd\u00eancia Social, com previs\u00e3o de vac\u00e2ncia do cargo em lei local, n\u00e3o tem direito a ser reintegrado ao mesmo cargo no qual se aposentou ou nele manter-se, por viola\u00e7\u00e3o \u00e0 regra do concurso p\u00fablico e \u00e0 impossibilidade de acumula\u00e7\u00e3o de proventos e remunera\u00e7\u00e3o n\u00e3o acumul\u00e1veis em atividade\u201d.\u00a0<\/span><span data-ccp-props=\"{&quot;201341983&quot;:0,&quot;335551550&quot;:6,&quot;335551620&quot;:6,&quot;335559740&quot;:360}\">\u00a0<\/span><\/p>\n<p><span data-contrast=\"auto\">Deste modo, considerou necess\u00e1rio complementar a resposta ofertada pelo Plen\u00e1rio no que diz respeito ao Questionamento n\u00ba 1, para que passe a constar a ressalva de que a possibilidade ali definida est\u00e1 condicionada \u00e0 inexist\u00eancia de legisla\u00e7\u00e3o municipal que estabele\u00e7a a aposentadoria em hip\u00f3tese de vac\u00e2ncia.\u00a0<\/span><span data-ccp-props=\"{&quot;201341983&quot;:0,&quot;335551550&quot;:6,&quot;335551620&quot;:6,&quot;335559740&quot;:360}\">\u00a0<\/span><\/p>\n<p><span data-contrast=\"auto\">Sanadas tais omiss\u00f5es, sugeriu a complementa\u00e7\u00e3o da resposta ao questionamento nos seguintes termos:\u00a0<\/span><span data-ccp-props=\"{&quot;201341983&quot;:0,&quot;335551550&quot;:6,&quot;335551620&quot;:6,&quot;335559740&quot;:360}\">\u00a0<\/span><\/p>\n<p><span data-contrast=\"auto\">\u201cDessa sorte, sanadas tais omiss\u00f5es, sugere-se a complementa\u00e7\u00e3o da resposta ao quesito 1, nos seguintes termos: Aos ocupantes de cargo de provimento efetivo aposentados voluntariamente pelo Regime Geral de Previd\u00eancia Social e que tenham permanecido em atividade, desde que em data anterior \u00e0 Emenda Constitucional n\u00ba 103\/2019, \u00e9 permitido que continuem a exercer suas fun\u00e7\u00f5es regularmente, at\u00e9 completar a idade que enseja a aposentadoria compuls\u00f3ria, nos termos da Lei Complementar n\u00ba 152\/2015, recebendo cumulativamente vencimentos de cargo p\u00fablico com os proventos de aposentadoria do Regime Geral de Previd\u00eancia, <\/span><b><span data-contrast=\"auto\">desde que a legisla\u00e7\u00e3o local n\u00e3o preveja a aposentadoria como hip\u00f3tese de vac\u00e2ncia do cargo p\u00fablico efetivo, nos termos da jurisprud\u00eancia do Supremo Tribunal Federal<\/span><\/b><span data-contrast=\"auto\">\u201d.<\/span><span data-ccp-props=\"{&quot;201341983&quot;:0,&quot;335551550&quot;:6,&quot;335551620&quot;:6,&quot;335559740&quot;:360}\">\u00a0<\/span><\/p>\n<p><b><span data-contrast=\"auto\">Nova decis\u00e3o<\/span><\/b><span data-ccp-props=\"{&quot;201341983&quot;:0,&quot;335551550&quot;:6,&quot;335551620&quot;:6,&quot;335559740&quot;:360}\">\u00a0<\/span><\/p>\n<p><span data-contrast=\"auto\">Instada a se manifestar, a Coordenadoria de Gest\u00e3o Municipal (CGM), conforme Instru\u00e7\u00e3o n\u00ba 4745\/24, corroborou a complementa\u00e7\u00e3o trazida pelo Minist\u00e9rio P\u00fablico de Contas, n\u00e3o se opondo a nova resposta ao quesito 1.<\/span><span data-ccp-props=\"{&quot;201341983&quot;:0,&quot;335551550&quot;:6,&quot;335551620&quot;:6,&quot;335559740&quot;:360}\">\u00a0<\/span><\/p>\n<p><span data-contrast=\"auto\">Em nova aprecia\u00e7\u00e3o pelo Tribunal Pleno, o Conselheiro Ivan Lelis Bonilha, conforme fundamenta\u00e7\u00e3o do <a href=\"https:\/\/www.mpc.pr.gov.br\/wp-content\/uploads\/2025\/01\/porto-amazonas-ACO-3922_24-STP.pdf\">Ac\u00f3rd\u00e3o n\u00ba 3922\/24<\/a>, ratificou o recebimento dos embargos, visto que tempestivos, procedimentalmente adequados, propostos por parte leg\u00edtima e fundados em interesse processual.<\/span><span data-ccp-props=\"{&quot;201341983&quot;:0,&quot;335551550&quot;:6,&quot;335551620&quot;:6,&quot;335559740&quot;:360}\">\u00a0<\/span><\/p>\n<p><span data-contrast=\"auto\">No m\u00e9rito, sobre o acr\u00e9scimo da express\u00e3o \u201cat\u00e9 completar a idade que enseja a aposentadoria compuls\u00f3ria, nos termos da Lei Complementar n\u00ba 152\/2015\u201d, observa-se que essa disposi\u00e7\u00e3o est\u00e1 fundamentada no art. 40, \u00a7 1\u00ba, inc. II da Constitui\u00e7\u00e3o Federal, integrado pela Lei Complementar n\u00ba 152\/20154. Essa norma esclarece que a perman\u00eancia em atividade de servidores aposentados voluntariamente pelo Regime Geral de Previd\u00eancia Social, desde que em data anterior \u00e0 Emenda Constitucional n\u00ba 103\/2019, n\u00e3o deve se prolongar indefinidamente, devendo respeitar a idade m\u00e1xima para aposentadoria compuls\u00f3ria.\u00a0<\/span><span data-ccp-props=\"{&quot;201341983&quot;:0,&quot;335551550&quot;:6,&quot;335551620&quot;:6,&quot;335559740&quot;:360}\">\u00a0<\/span><\/p>\n<p><span data-contrast=\"auto\">Quanto \u00e0 adi\u00e7\u00e3o da express\u00e3o \u201cdesde que a legisla\u00e7\u00e3o local n\u00e3o preveja a aposentadoria como hip\u00f3tese de vac\u00e2ncia do cargo p\u00fablico efetivo, nos termos da jurisprud\u00eancia do Supremo Tribunal Federal\u201d, trata-se de outra limita\u00e7\u00e3o pertinente, caso esteja prevista no respectivo estatuto, conforme estabelecido na tese firmada no Tema n\u00ba 1150 de repercuss\u00e3o geral.<\/span><span data-ccp-props=\"{&quot;201341983&quot;:0,&quot;335551550&quot;:6,&quot;335551620&quot;:6,&quot;335559740&quot;:360}\">\u00a0<\/span><\/p>\n<p><span data-contrast=\"auto\">Diante do exposto, o Conselheiro votou pelo conhecimento dos embargos declarat\u00f3rios propostos pelo Minist\u00e9rio P\u00fablico de Contas, acolhendo-os para aclarar o Ac\u00f3rd\u00e3o n\u00ba 3814\/23 &#8211; Tribunal Pleno, mediante a complementa\u00e7\u00e3o da resposta ao quesito 1, com os acr\u00e9scimos que abaixo destaco:\u00a0<\/span><span data-ccp-props=\"{&quot;201341983&quot;:0,&quot;335551550&quot;:6,&quot;335551620&quot;:6,&quot;335559740&quot;:360}\">\u00a0<\/span><\/p>\n<p><span data-contrast=\"auto\">\u201cAos ocupantes de cargo de provimento efetivo aposentados voluntariamente pelo Regime Geral de Previd\u00eancia Social e que tenham permanecido em atividade, desde que em data anterior \u00e0 Emenda Constitucional n\u00ba 103\/2019, \u00e9 permitido que continuem a exercer suas fun\u00e7\u00f5es regularmente, at\u00e9 completar a idade que enseja a aposentadoria compuls\u00f3ria, nos termos da Lei Complementar n\u00ba 152\/2015, recebendo cumulativamente vencimentos de cargo p\u00fablico com os proventos de aposentadoria do Regime Geral de Previd\u00eancia, desde que a legisla\u00e7\u00e3o local n\u00e3o preveja a aposentadoria como hip\u00f3tese de vac\u00e2ncia do cargo p\u00fablico efetivo, nos termos da jurisprud\u00eancia do Supremo Tribunal Federal.\u201d<\/span><span data-ccp-props=\"{&quot;201341983&quot;:0,&quot;335551550&quot;:6,&quot;335551620&quot;:6,&quot;335559740&quot;:360}\">\u00a0<\/span><\/p>\n<blockquote><p><em><span style=\"color: #820007;\"><strong><u>Informa\u00e7\u00e3o para consulta processual<\/u><\/strong><\/span><\/em><\/p>\n<table style=\"height: 183px;\" border=\"0\" width=\"478\" cellspacing=\"0\" cellpadding=\"0\">\n<tbody>\n<tr>\n<td><em><strong>Processo n\u00ba<\/strong>:<\/em><\/td>\n<td><em>43244\/24<\/em><\/td>\n<\/tr>\n<tr>\n<td><em><strong>Ac\u00f3rd\u00e3o n\u00ba<\/strong>:<\/em><\/td>\n<td><em>3922\/24 &#8211; Tribunal Pleno<\/em><\/td>\n<\/tr>\n<tr>\n<td><em><strong>Assunto<\/strong>:<\/em><\/td>\n<td><em>Consulta<\/em><\/td>\n<\/tr>\n<tr>\n<td><em><strong>Entidade<\/strong>:<\/em><\/td>\n<td><em>Munic\u00edpio de Porto Amazonas<\/em><\/td>\n<\/tr>\n<tr>\n<td><em><strong>Relator<\/strong>:<\/em><\/td>\n<td><em><span class=\"TextRun SCXW156170801 BCX0\" lang=\"PT-BR\" xml:lang=\"PT-BR\" data-contrast=\"auto\"><span class=\"NormalTextRun SCXW156170801 BCX0\">Conselheiro Ivan Lelis Bonilha<\/span><\/span><\/em><\/td>\n<\/tr>\n<\/tbody>\n<\/table>\n<\/blockquote>\n","protected":false},"excerpt":{"rendered":"<p>O Minist\u00e9rio P\u00fablico de Contas do Paran\u00e1 (MPC-PR) apresentou Embargos de Declara\u00e7\u00e3o em processo de consulta formulado pelo Munic\u00edpio de Porto Amazonas a fim de complementar a resposta dada ao questionamento n\u00ba 1.\u00a0 A consulta questionava sobre a possibilidade jur\u00eddica de servidor efetivo em atividade, aposentado voluntariamente pelo Regime Geral de Previd\u00eancia Social \u2013 RPGS, [&hellip;]<\/p>\n","protected":false},"author":1,"featured_media":22378,"comment_status":"open","ping_status":"open","sticky":false,"template":"","format":"standard","meta":{"_monsterinsights_skip_tracking":false,"_monsterinsights_sitenote_active":false,"_monsterinsights_sitenote_note":"","_monsterinsights_sitenote_category":0,"footnotes":""},"categories":[7],"tags":[679,197,155,13,677,678,39,71],"class_list":["post-22374","post","type-post","status-publish","format-standard","has-post-thumbnail","hentry","category-todas-as-noticias","tag-cargo-publico-efetivo","tag-consulta","tag-embargos-de-declaracao","tag-mpc-pr","tag-porto-amazonas","tag-rgps","tag-tce-pr","tag-tribunal-pleno","entry","has-media"],"yoast_head":"<!-- This site is optimized with the Yoast SEO plugin v27.3 - https:\/\/yoast.com\/product\/yoast-seo-wordpress\/ -->\n<title>Decis\u00e3o em sede de consulta sobre aplica\u00e7\u00e3o do RGPS \u00e9 reformulada ap\u00f3s recurso interposto pelo MPC-PR - Minist\u00e9rio P\u00fablico de Contas do Estado do Paran\u00e1<\/title>\n<meta name=\"robots\" content=\"index, follow, max-snippet:-1, max-image-preview:large, max-video-preview:-1\" \/>\n<link rel=\"canonical\" href=\"https:\/\/www.mpc.pr.gov.br\/index.php\/decisao-em-sede-de-consulta-sobre-aplicacao-do-rgps-e-reformulada-apos-recurso-interposto-pelo-mpc-pr\/\" \/>\n<meta property=\"og:locale\" content=\"pt_BR\" \/>\n<meta property=\"og:type\" content=\"article\" \/>\n<meta property=\"og:title\" content=\"Decis\u00e3o em sede de consulta sobre aplica\u00e7\u00e3o do RGPS \u00e9 reformulada ap\u00f3s recurso interposto pelo MPC-PR - Minist\u00e9rio P\u00fablico de Contas do Estado do Paran\u00e1\" \/>\n<meta property=\"og:description\" content=\"O Minist\u00e9rio P\u00fablico de Contas do Paran\u00e1 (MPC-PR) apresentou Embargos de Declara\u00e7\u00e3o em processo de consulta formulado pelo Munic\u00edpio de Porto Amazonas a fim de complementar a resposta dada ao questionamento n\u00ba 1.\u00a0 A consulta questionava sobre a possibilidade jur\u00eddica de servidor efetivo em atividade, aposentado voluntariamente pelo Regime Geral de Previd\u00eancia Social \u2013 RPGS, [&hellip;]\" \/>\n<meta property=\"og:url\" content=\"https:\/\/www.mpc.pr.gov.br\/index.php\/decisao-em-sede-de-consulta-sobre-aplicacao-do-rgps-e-reformulada-apos-recurso-interposto-pelo-mpc-pr\/\" \/>\n<meta property=\"og:site_name\" content=\"Minist\u00e9rio P\u00fablico de Contas do Estado do Paran\u00e1\" \/>\n<meta property=\"article:publisher\" content=\"https:\/\/www.facebook.com\/mpc.pr\" \/>\n<meta property=\"article:published_time\" content=\"2025-01-30T13:57:16+00:00\" \/>\n<meta property=\"article:modified_time\" content=\"2025-02-13T13:24:00+00:00\" \/>\n<meta property=\"og:image\" content=\"https:\/\/www.mpc.pr.gov.br\/wp-content\/uploads\/2025\/01\/porto-amazonas.png\" \/>\n\t<meta property=\"og:image:width\" content=\"785\" \/>\n\t<meta property=\"og:image:height\" content=\"485\" \/>\n\t<meta property=\"og:image:type\" content=\"image\/png\" \/>\n<meta name=\"author\" content=\"mpcontaspr\" \/>\n<meta name=\"twitter:card\" content=\"summary_large_image\" \/>\n<meta name=\"twitter:label1\" content=\"Escrito por\" \/>\n\t<meta name=\"twitter:data1\" content=\"mpcontaspr\" \/>\n\t<meta name=\"twitter:label2\" content=\"Est. tempo de leitura\" \/>\n\t<meta name=\"twitter:data2\" content=\"6 minutos\" \/>\n<script type=\"application\/ld+json\" class=\"yoast-schema-graph\">{\"@context\":\"https:\\\/\\\/schema.org\",\"@graph\":[{\"@type\":\"Article\",\"@id\":\"https:\\\/\\\/www.mpc.pr.gov.br\\\/index.php\\\/decisao-em-sede-de-consulta-sobre-aplicacao-do-rgps-e-reformulada-apos-recurso-interposto-pelo-mpc-pr\\\/#article\",\"isPartOf\":{\"@id\":\"https:\\\/\\\/www.mpc.pr.gov.br\\\/index.php\\\/decisao-em-sede-de-consulta-sobre-aplicacao-do-rgps-e-reformulada-apos-recurso-interposto-pelo-mpc-pr\\\/\"},\"author\":{\"name\":\"mpcontaspr\",\"@id\":\"https:\\\/\\\/www.mpc.pr.gov.br\\\/#\\\/schema\\\/person\\\/2d83cb8980538d0ec174e8a6284f5e11\"},\"headline\":\"Decis\u00e3o em sede de consulta sobre aplica\u00e7\u00e3o do RGPS \u00e9 reformulada ap\u00f3s recurso interposto pelo MPC-PR\",\"datePublished\":\"2025-01-30T13:57:16+00:00\",\"dateModified\":\"2025-02-13T13:24:00+00:00\",\"mainEntityOfPage\":{\"@id\":\"https:\\\/\\\/www.mpc.pr.gov.br\\\/index.php\\\/decisao-em-sede-de-consulta-sobre-aplicacao-do-rgps-e-reformulada-apos-recurso-interposto-pelo-mpc-pr\\\/\"},\"wordCount\":1619,\"commentCount\":0,\"publisher\":{\"@id\":\"https:\\\/\\\/www.mpc.pr.gov.br\\\/#organization\"},\"image\":{\"@id\":\"https:\\\/\\\/www.mpc.pr.gov.br\\\/index.php\\\/decisao-em-sede-de-consulta-sobre-aplicacao-do-rgps-e-reformulada-apos-recurso-interposto-pelo-mpc-pr\\\/#primaryimage\"},\"thumbnailUrl\":\"https:\\\/\\\/www.mpc.pr.gov.br\\\/wp-content\\\/uploads\\\/2025\\\/01\\\/porto-amazonas.png\",\"keywords\":[\"Cargo P\u00fablico Efetivo\",\"Consulta\",\"Embargos de Declara\u00e7\u00e3o\",\"MPC-PR\",\"Porto Amazonas\",\"RGPS\",\"TCE-PR\",\"Tribunal Pleno\"],\"articleSection\":[\"Todas as not\u00edcias\"],\"inLanguage\":\"pt-BR\",\"potentialAction\":[{\"@type\":\"CommentAction\",\"name\":\"Comment\",\"target\":[\"https:\\\/\\\/www.mpc.pr.gov.br\\\/index.php\\\/decisao-em-sede-de-consulta-sobre-aplicacao-do-rgps-e-reformulada-apos-recurso-interposto-pelo-mpc-pr\\\/#respond\"]}]},{\"@type\":\"WebPage\",\"@id\":\"https:\\\/\\\/www.mpc.pr.gov.br\\\/index.php\\\/decisao-em-sede-de-consulta-sobre-aplicacao-do-rgps-e-reformulada-apos-recurso-interposto-pelo-mpc-pr\\\/\",\"url\":\"https:\\\/\\\/www.mpc.pr.gov.br\\\/index.php\\\/decisao-em-sede-de-consulta-sobre-aplicacao-do-rgps-e-reformulada-apos-recurso-interposto-pelo-mpc-pr\\\/\",\"name\":\"Decis\u00e3o em sede de consulta sobre aplica\u00e7\u00e3o do RGPS \u00e9 reformulada ap\u00f3s recurso interposto pelo MPC-PR - Minist\u00e9rio P\u00fablico de Contas do Estado do Paran\u00e1\",\"isPartOf\":{\"@id\":\"https:\\\/\\\/www.mpc.pr.gov.br\\\/#website\"},\"primaryImageOfPage\":{\"@id\":\"https:\\\/\\\/www.mpc.pr.gov.br\\\/index.php\\\/decisao-em-sede-de-consulta-sobre-aplicacao-do-rgps-e-reformulada-apos-recurso-interposto-pelo-mpc-pr\\\/#primaryimage\"},\"image\":{\"@id\":\"https:\\\/\\\/www.mpc.pr.gov.br\\\/index.php\\\/decisao-em-sede-de-consulta-sobre-aplicacao-do-rgps-e-reformulada-apos-recurso-interposto-pelo-mpc-pr\\\/#primaryimage\"},\"thumbnailUrl\":\"https:\\\/\\\/www.mpc.pr.gov.br\\\/wp-content\\\/uploads\\\/2025\\\/01\\\/porto-amazonas.png\",\"datePublished\":\"2025-01-30T13:57:16+00:00\",\"dateModified\":\"2025-02-13T13:24:00+00:00\",\"breadcrumb\":{\"@id\":\"https:\\\/\\\/www.mpc.pr.gov.br\\\/index.php\\\/decisao-em-sede-de-consulta-sobre-aplicacao-do-rgps-e-reformulada-apos-recurso-interposto-pelo-mpc-pr\\\/#breadcrumb\"},\"inLanguage\":\"pt-BR\",\"potentialAction\":[{\"@type\":\"ReadAction\",\"target\":[\"https:\\\/\\\/www.mpc.pr.gov.br\\\/index.php\\\/decisao-em-sede-de-consulta-sobre-aplicacao-do-rgps-e-reformulada-apos-recurso-interposto-pelo-mpc-pr\\\/\"]}]},{\"@type\":\"ImageObject\",\"inLanguage\":\"pt-BR\",\"@id\":\"https:\\\/\\\/www.mpc.pr.gov.br\\\/index.php\\\/decisao-em-sede-de-consulta-sobre-aplicacao-do-rgps-e-reformulada-apos-recurso-interposto-pelo-mpc-pr\\\/#primaryimage\",\"url\":\"https:\\\/\\\/www.mpc.pr.gov.br\\\/wp-content\\\/uploads\\\/2025\\\/01\\\/porto-amazonas.png\",\"contentUrl\":\"https:\\\/\\\/www.mpc.pr.gov.br\\\/wp-content\\\/uploads\\\/2025\\\/01\\\/porto-amazonas.png\",\"width\":785,\"height\":485,\"caption\":\"O Munic\u00edpio de Porto Amazonas est\u00e1 localizado pr\u00f3ximo a Palmeira, Lapa e Balsa Nova. Sua popula\u00e7\u00e3o estimada \u00e9 de 4.098 habitantes (IBGE 2022). Foto: divulga\u00e7\u00e3o.\"},{\"@type\":\"BreadcrumbList\",\"@id\":\"https:\\\/\\\/www.mpc.pr.gov.br\\\/index.php\\\/decisao-em-sede-de-consulta-sobre-aplicacao-do-rgps-e-reformulada-apos-recurso-interposto-pelo-mpc-pr\\\/#breadcrumb\",\"itemListElement\":[{\"@type\":\"ListItem\",\"position\":1,\"name\":\"In\u00edcio\",\"item\":\"https:\\\/\\\/www.mpc.pr.gov.br\\\/\"},{\"@type\":\"ListItem\",\"position\":2,\"name\":\"Decis\u00e3o em sede de consulta sobre aplica\u00e7\u00e3o do RGPS \u00e9 reformulada ap\u00f3s recurso interposto pelo MPC-PR\"}]},{\"@type\":\"WebSite\",\"@id\":\"https:\\\/\\\/www.mpc.pr.gov.br\\\/#website\",\"url\":\"https:\\\/\\\/www.mpc.pr.gov.br\\\/\",\"name\":\"Minist\u00e9rio P\u00fablico de Contas do Estado do Paran\u00e1\",\"description\":\"\",\"publisher\":{\"@id\":\"https:\\\/\\\/www.mpc.pr.gov.br\\\/#organization\"},\"potentialAction\":[{\"@type\":\"SearchAction\",\"target\":{\"@type\":\"EntryPoint\",\"urlTemplate\":\"https:\\\/\\\/www.mpc.pr.gov.br\\\/?s={search_term_string}\"},\"query-input\":{\"@type\":\"PropertyValueSpecification\",\"valueRequired\":true,\"valueName\":\"search_term_string\"}}],\"inLanguage\":\"pt-BR\"},{\"@type\":\"Organization\",\"@id\":\"https:\\\/\\\/www.mpc.pr.gov.br\\\/#organization\",\"name\":\"Minist\u00e9rio P\u00fablico de Contas do Estado do Paran\u00e1\",\"url\":\"https:\\\/\\\/www.mpc.pr.gov.br\\\/\",\"logo\":{\"@type\":\"ImageObject\",\"inLanguage\":\"pt-BR\",\"@id\":\"https:\\\/\\\/www.mpc.pr.gov.br\\\/#\\\/schema\\\/logo\\\/image\\\/\",\"url\":\"https:\\\/\\\/www.mpc.pr.gov.br\\\/wp-content\\\/uploads\\\/2020\\\/06\\\/99423647_1593460364143890_6706793420720963584_n-1-e1591387983167.png\",\"contentUrl\":\"https:\\\/\\\/www.mpc.pr.gov.br\\\/wp-content\\\/uploads\\\/2020\\\/06\\\/99423647_1593460364143890_6706793420720963584_n-1-e1591387983167.png\",\"width\":243,\"height\":73,\"caption\":\"Minist\u00e9rio P\u00fablico de Contas do Estado do Paran\u00e1\"},\"image\":{\"@id\":\"https:\\\/\\\/www.mpc.pr.gov.br\\\/#\\\/schema\\\/logo\\\/image\\\/\"},\"sameAs\":[\"https:\\\/\\\/www.facebook.com\\\/mpc.pr\",\"https:\\\/\\\/www.instagram.com\\\/mpc.pr\\\/?hl=pt-br\",\"https:\\\/\\\/www.youtube.com\\\/channel\\\/UCHri5oEM8DV0ztX57E0sBSw\"]},{\"@type\":\"Person\",\"@id\":\"https:\\\/\\\/www.mpc.pr.gov.br\\\/#\\\/schema\\\/person\\\/2d83cb8980538d0ec174e8a6284f5e11\",\"name\":\"mpcontaspr\",\"image\":{\"@type\":\"ImageObject\",\"inLanguage\":\"pt-BR\",\"@id\":\"https:\\\/\\\/secure.gravatar.com\\\/avatar\\\/1aef51541db7622e05fd639336c9c9f312c2a618396e2b6ca96846362fc5403f?s=96&d=mm&r=g\",\"url\":\"https:\\\/\\\/secure.gravatar.com\\\/avatar\\\/1aef51541db7622e05fd639336c9c9f312c2a618396e2b6ca96846362fc5403f?s=96&d=mm&r=g\",\"contentUrl\":\"https:\\\/\\\/secure.gravatar.com\\\/avatar\\\/1aef51541db7622e05fd639336c9c9f312c2a618396e2b6ca96846362fc5403f?s=96&d=mm&r=g\",\"caption\":\"mpcontaspr\"},\"sameAs\":[\"http:\\\/\\\/www.mpc.pr.gov.br\"]}]}<\/script>\n<!-- \/ Yoast SEO plugin. -->","yoast_head_json":{"title":"Decis\u00e3o em sede de consulta sobre aplica\u00e7\u00e3o do RGPS \u00e9 reformulada ap\u00f3s recurso interposto pelo MPC-PR - Minist\u00e9rio P\u00fablico de Contas do Estado do Paran\u00e1","robots":{"index":"index","follow":"follow","max-snippet":"max-snippet:-1","max-image-preview":"max-image-preview:large","max-video-preview":"max-video-preview:-1"},"canonical":"https:\/\/www.mpc.pr.gov.br\/index.php\/decisao-em-sede-de-consulta-sobre-aplicacao-do-rgps-e-reformulada-apos-recurso-interposto-pelo-mpc-pr\/","og_locale":"pt_BR","og_type":"article","og_title":"Decis\u00e3o em sede de consulta sobre aplica\u00e7\u00e3o do RGPS \u00e9 reformulada ap\u00f3s recurso interposto pelo MPC-PR - Minist\u00e9rio P\u00fablico de Contas do Estado do Paran\u00e1","og_description":"O Minist\u00e9rio P\u00fablico de Contas do Paran\u00e1 (MPC-PR) apresentou Embargos de Declara\u00e7\u00e3o em processo de consulta formulado pelo Munic\u00edpio de Porto Amazonas a fim de complementar a resposta dada ao questionamento n\u00ba 1.\u00a0 A consulta questionava sobre a possibilidade jur\u00eddica de servidor efetivo em atividade, aposentado voluntariamente pelo Regime Geral de Previd\u00eancia Social \u2013 RPGS, [&hellip;]","og_url":"https:\/\/www.mpc.pr.gov.br\/index.php\/decisao-em-sede-de-consulta-sobre-aplicacao-do-rgps-e-reformulada-apos-recurso-interposto-pelo-mpc-pr\/","og_site_name":"Minist\u00e9rio P\u00fablico de Contas do Estado do Paran\u00e1","article_publisher":"https:\/\/www.facebook.com\/mpc.pr","article_published_time":"2025-01-30T13:57:16+00:00","article_modified_time":"2025-02-13T13:24:00+00:00","og_image":[{"width":785,"height":485,"url":"https:\/\/www.mpc.pr.gov.br\/wp-content\/uploads\/2025\/01\/porto-amazonas.png","type":"image\/png"}],"author":"mpcontaspr","twitter_card":"summary_large_image","twitter_misc":{"Escrito por":"mpcontaspr","Est. tempo de leitura":"6 minutos"},"schema":{"@context":"https:\/\/schema.org","@graph":[{"@type":"Article","@id":"https:\/\/www.mpc.pr.gov.br\/index.php\/decisao-em-sede-de-consulta-sobre-aplicacao-do-rgps-e-reformulada-apos-recurso-interposto-pelo-mpc-pr\/#article","isPartOf":{"@id":"https:\/\/www.mpc.pr.gov.br\/index.php\/decisao-em-sede-de-consulta-sobre-aplicacao-do-rgps-e-reformulada-apos-recurso-interposto-pelo-mpc-pr\/"},"author":{"name":"mpcontaspr","@id":"https:\/\/www.mpc.pr.gov.br\/#\/schema\/person\/2d83cb8980538d0ec174e8a6284f5e11"},"headline":"Decis\u00e3o em sede de consulta sobre aplica\u00e7\u00e3o do RGPS \u00e9 reformulada ap\u00f3s recurso interposto pelo MPC-PR","datePublished":"2025-01-30T13:57:16+00:00","dateModified":"2025-02-13T13:24:00+00:00","mainEntityOfPage":{"@id":"https:\/\/www.mpc.pr.gov.br\/index.php\/decisao-em-sede-de-consulta-sobre-aplicacao-do-rgps-e-reformulada-apos-recurso-interposto-pelo-mpc-pr\/"},"wordCount":1619,"commentCount":0,"publisher":{"@id":"https:\/\/www.mpc.pr.gov.br\/#organization"},"image":{"@id":"https:\/\/www.mpc.pr.gov.br\/index.php\/decisao-em-sede-de-consulta-sobre-aplicacao-do-rgps-e-reformulada-apos-recurso-interposto-pelo-mpc-pr\/#primaryimage"},"thumbnailUrl":"https:\/\/www.mpc.pr.gov.br\/wp-content\/uploads\/2025\/01\/porto-amazonas.png","keywords":["Cargo P\u00fablico Efetivo","Consulta","Embargos de Declara\u00e7\u00e3o","MPC-PR","Porto Amazonas","RGPS","TCE-PR","Tribunal Pleno"],"articleSection":["Todas as not\u00edcias"],"inLanguage":"pt-BR","potentialAction":[{"@type":"CommentAction","name":"Comment","target":["https:\/\/www.mpc.pr.gov.br\/index.php\/decisao-em-sede-de-consulta-sobre-aplicacao-do-rgps-e-reformulada-apos-recurso-interposto-pelo-mpc-pr\/#respond"]}]},{"@type":"WebPage","@id":"https:\/\/www.mpc.pr.gov.br\/index.php\/decisao-em-sede-de-consulta-sobre-aplicacao-do-rgps-e-reformulada-apos-recurso-interposto-pelo-mpc-pr\/","url":"https:\/\/www.mpc.pr.gov.br\/index.php\/decisao-em-sede-de-consulta-sobre-aplicacao-do-rgps-e-reformulada-apos-recurso-interposto-pelo-mpc-pr\/","name":"Decis\u00e3o em sede de consulta sobre aplica\u00e7\u00e3o do RGPS \u00e9 reformulada ap\u00f3s recurso interposto pelo MPC-PR - Minist\u00e9rio P\u00fablico de Contas do Estado do Paran\u00e1","isPartOf":{"@id":"https:\/\/www.mpc.pr.gov.br\/#website"},"primaryImageOfPage":{"@id":"https:\/\/www.mpc.pr.gov.br\/index.php\/decisao-em-sede-de-consulta-sobre-aplicacao-do-rgps-e-reformulada-apos-recurso-interposto-pelo-mpc-pr\/#primaryimage"},"image":{"@id":"https:\/\/www.mpc.pr.gov.br\/index.php\/decisao-em-sede-de-consulta-sobre-aplicacao-do-rgps-e-reformulada-apos-recurso-interposto-pelo-mpc-pr\/#primaryimage"},"thumbnailUrl":"https:\/\/www.mpc.pr.gov.br\/wp-content\/uploads\/2025\/01\/porto-amazonas.png","datePublished":"2025-01-30T13:57:16+00:00","dateModified":"2025-02-13T13:24:00+00:00","breadcrumb":{"@id":"https:\/\/www.mpc.pr.gov.br\/index.php\/decisao-em-sede-de-consulta-sobre-aplicacao-do-rgps-e-reformulada-apos-recurso-interposto-pelo-mpc-pr\/#breadcrumb"},"inLanguage":"pt-BR","potentialAction":[{"@type":"ReadAction","target":["https:\/\/www.mpc.pr.gov.br\/index.php\/decisao-em-sede-de-consulta-sobre-aplicacao-do-rgps-e-reformulada-apos-recurso-interposto-pelo-mpc-pr\/"]}]},{"@type":"ImageObject","inLanguage":"pt-BR","@id":"https:\/\/www.mpc.pr.gov.br\/index.php\/decisao-em-sede-de-consulta-sobre-aplicacao-do-rgps-e-reformulada-apos-recurso-interposto-pelo-mpc-pr\/#primaryimage","url":"https:\/\/www.mpc.pr.gov.br\/wp-content\/uploads\/2025\/01\/porto-amazonas.png","contentUrl":"https:\/\/www.mpc.pr.gov.br\/wp-content\/uploads\/2025\/01\/porto-amazonas.png","width":785,"height":485,"caption":"O Munic\u00edpio de Porto Amazonas est\u00e1 localizado pr\u00f3ximo a Palmeira, Lapa e Balsa Nova. Sua popula\u00e7\u00e3o estimada \u00e9 de 4.098 habitantes (IBGE 2022). Foto: divulga\u00e7\u00e3o."},{"@type":"BreadcrumbList","@id":"https:\/\/www.mpc.pr.gov.br\/index.php\/decisao-em-sede-de-consulta-sobre-aplicacao-do-rgps-e-reformulada-apos-recurso-interposto-pelo-mpc-pr\/#breadcrumb","itemListElement":[{"@type":"ListItem","position":1,"name":"In\u00edcio","item":"https:\/\/www.mpc.pr.gov.br\/"},{"@type":"ListItem","position":2,"name":"Decis\u00e3o em sede de consulta sobre aplica\u00e7\u00e3o do RGPS \u00e9 reformulada ap\u00f3s recurso interposto pelo MPC-PR"}]},{"@type":"WebSite","@id":"https:\/\/www.mpc.pr.gov.br\/#website","url":"https:\/\/www.mpc.pr.gov.br\/","name":"Minist\u00e9rio P\u00fablico de Contas do Estado do Paran\u00e1","description":"","publisher":{"@id":"https:\/\/www.mpc.pr.gov.br\/#organization"},"potentialAction":[{"@type":"SearchAction","target":{"@type":"EntryPoint","urlTemplate":"https:\/\/www.mpc.pr.gov.br\/?s={search_term_string}"},"query-input":{"@type":"PropertyValueSpecification","valueRequired":true,"valueName":"search_term_string"}}],"inLanguage":"pt-BR"},{"@type":"Organization","@id":"https:\/\/www.mpc.pr.gov.br\/#organization","name":"Minist\u00e9rio P\u00fablico de Contas do Estado do Paran\u00e1","url":"https:\/\/www.mpc.pr.gov.br\/","logo":{"@type":"ImageObject","inLanguage":"pt-BR","@id":"https:\/\/www.mpc.pr.gov.br\/#\/schema\/logo\/image\/","url":"https:\/\/www.mpc.pr.gov.br\/wp-content\/uploads\/2020\/06\/99423647_1593460364143890_6706793420720963584_n-1-e1591387983167.png","contentUrl":"https:\/\/www.mpc.pr.gov.br\/wp-content\/uploads\/2020\/06\/99423647_1593460364143890_6706793420720963584_n-1-e1591387983167.png","width":243,"height":73,"caption":"Minist\u00e9rio P\u00fablico de Contas do Estado do Paran\u00e1"},"image":{"@id":"https:\/\/www.mpc.pr.gov.br\/#\/schema\/logo\/image\/"},"sameAs":["https:\/\/www.facebook.com\/mpc.pr","https:\/\/www.instagram.com\/mpc.pr\/?hl=pt-br","https:\/\/www.youtube.com\/channel\/UCHri5oEM8DV0ztX57E0sBSw"]},{"@type":"Person","@id":"https:\/\/www.mpc.pr.gov.br\/#\/schema\/person\/2d83cb8980538d0ec174e8a6284f5e11","name":"mpcontaspr","image":{"@type":"ImageObject","inLanguage":"pt-BR","@id":"https:\/\/secure.gravatar.com\/avatar\/1aef51541db7622e05fd639336c9c9f312c2a618396e2b6ca96846362fc5403f?s=96&d=mm&r=g","url":"https:\/\/secure.gravatar.com\/avatar\/1aef51541db7622e05fd639336c9c9f312c2a618396e2b6ca96846362fc5403f?s=96&d=mm&r=g","contentUrl":"https:\/\/secure.gravatar.com\/avatar\/1aef51541db7622e05fd639336c9c9f312c2a618396e2b6ca96846362fc5403f?s=96&d=mm&r=g","caption":"mpcontaspr"},"sameAs":["http:\/\/www.mpc.pr.gov.br"]}]}},"rttpg_featured_image_url":{"full":["https:\/\/www.mpc.pr.gov.br\/wp-content\/uploads\/2025\/01\/porto-amazonas.png",785,485,false],"landscape":["https:\/\/www.mpc.pr.gov.br\/wp-content\/uploads\/2025\/01\/porto-amazonas.png",785,485,false],"portraits":["https:\/\/www.mpc.pr.gov.br\/wp-content\/uploads\/2025\/01\/porto-amazonas.png",785,485,false],"thumbnail":["https:\/\/www.mpc.pr.gov.br\/wp-content\/uploads\/2025\/01\/porto-amazonas-150x150.png",150,150,true],"medium":["https:\/\/www.mpc.pr.gov.br\/wp-content\/uploads\/2025\/01\/porto-amazonas-300x185.png",300,185,true],"large":["https:\/\/www.mpc.pr.gov.br\/wp-content\/uploads\/2025\/01\/porto-amazonas.png",785,485,false],"1536x1536":["https:\/\/www.mpc.pr.gov.br\/wp-content\/uploads\/2025\/01\/porto-amazonas.png",785,485,false],"2048x2048":["https:\/\/www.mpc.pr.gov.br\/wp-content\/uploads\/2025\/01\/porto-amazonas.png",785,485,false],"ocean-thumb-m":["https:\/\/www.mpc.pr.gov.br\/wp-content\/uploads\/2025\/01\/porto-amazonas-600x485.png",600,485,true],"ocean-thumb-ml":["https:\/\/www.mpc.pr.gov.br\/wp-content\/uploads\/2025\/01\/porto-amazonas-785x450.png",785,450,true],"ocean-thumb-l":["https:\/\/www.mpc.pr.gov.br\/wp-content\/uploads\/2025\/01\/porto-amazonas.png",785,485,false]},"rttpg_author":{"display_name":"mpcontaspr","author_link":"https:\/\/www.mpc.pr.gov.br\/index.php\/author\/mpcontaspr\/"},"rttpg_comment":0,"rttpg_category":"<a href=\"https:\/\/www.mpc.pr.gov.br\/index.php\/category\/todas-as-noticias\/\" rel=\"category tag\">Todas as not\u00edcias<\/a>","rttpg_excerpt":"O Minist\u00e9rio P\u00fablico de Contas do Paran\u00e1 (MPC-PR) apresentou Embargos de Declara\u00e7\u00e3o em processo de consulta formulado pelo Munic\u00edpio de Porto Amazonas a fim de complementar a resposta dada ao questionamento n\u00ba 1.\u00a0 A consulta questionava sobre a possibilidade jur\u00eddica de servidor efetivo em atividade, aposentado voluntariamente pelo Regime Geral de Previd\u00eancia Social \u2013 RPGS,&hellip;","_links":{"self":[{"href":"https:\/\/www.mpc.pr.gov.br\/index.php\/wp-json\/wp\/v2\/posts\/22374","targetHints":{"allow":["GET"]}}],"collection":[{"href":"https:\/\/www.mpc.pr.gov.br\/index.php\/wp-json\/wp\/v2\/posts"}],"about":[{"href":"https:\/\/www.mpc.pr.gov.br\/index.php\/wp-json\/wp\/v2\/types\/post"}],"author":[{"embeddable":true,"href":"https:\/\/www.mpc.pr.gov.br\/index.php\/wp-json\/wp\/v2\/users\/1"}],"replies":[{"embeddable":true,"href":"https:\/\/www.mpc.pr.gov.br\/index.php\/wp-json\/wp\/v2\/comments?post=22374"}],"version-history":[{"count":3,"href":"https:\/\/www.mpc.pr.gov.br\/index.php\/wp-json\/wp\/v2\/posts\/22374\/revisions"}],"predecessor-version":[{"id":22381,"href":"https:\/\/www.mpc.pr.gov.br\/index.php\/wp-json\/wp\/v2\/posts\/22374\/revisions\/22381"}],"wp:featuredmedia":[{"embeddable":true,"href":"https:\/\/www.mpc.pr.gov.br\/index.php\/wp-json\/wp\/v2\/media\/22378"}],"wp:attachment":[{"href":"https:\/\/www.mpc.pr.gov.br\/index.php\/wp-json\/wp\/v2\/media?parent=22374"}],"wp:term":[{"taxonomy":"category","embeddable":true,"href":"https:\/\/www.mpc.pr.gov.br\/index.php\/wp-json\/wp\/v2\/categories?post=22374"},{"taxonomy":"post_tag","embeddable":true,"href":"https:\/\/www.mpc.pr.gov.br\/index.php\/wp-json\/wp\/v2\/tags?post=22374"}],"curies":[{"name":"wp","href":"https:\/\/api.w.org\/{rel}","templated":true}]}}