{"id":22596,"date":"2025-02-14T13:27:23","date_gmt":"2025-02-14T16:27:23","guid":{"rendered":"https:\/\/www.mpc.pr.gov.br\/?p=22596"},"modified":"2025-02-27T10:29:34","modified_gmt":"2025-02-27T13:29:34","slug":"tcu-lanca-projeto-ano-da-pessoa-com-deficiencia-no-controle-externo-brasileiro-na-proxima-terca-feira-18","status":"publish","type":"post","link":"https:\/\/www.mpc.pr.gov.br\/index.php\/tcu-lanca-projeto-ano-da-pessoa-com-deficiencia-no-controle-externo-brasileiro-na-proxima-terca-feira-18\/","title":{"rendered":"TCU lan\u00e7a projeto &#8220;Ano da Pessoa com Defici\u00eancia no Controle Externo Brasileiro&#8221;, na pr\u00f3xima ter\u00e7a-feira (18)"},"content":{"rendered":"<p><span data-contrast=\"auto\"><img fetchpriority=\"high\" decoding=\"async\" class=\"size-medium wp-image-22597 alignleft\" src=\"https:\/\/www.mpc.pr.gov.br\/wp-content\/uploads\/2025\/02\/projeto-tcu-2025-pcd-site-300x169.png\" alt=\"\" width=\"300\" height=\"169\" srcset=\"https:\/\/www.mpc.pr.gov.br\/wp-content\/uploads\/2025\/02\/projeto-tcu-2025-pcd-site-300x169.png 300w, https:\/\/www.mpc.pr.gov.br\/wp-content\/uploads\/2025\/02\/projeto-tcu-2025-pcd-site-768x432.png 768w, https:\/\/www.mpc.pr.gov.br\/wp-content\/uploads\/2025\/02\/projeto-tcu-2025-pcd-site.png 800w\" sizes=\"(max-width: 300px) 100vw, 300px\" \/>Em celebra\u00e7\u00e3o aos 10 anos da Lei Brasileira de Inclus\u00e3o (LBI), institu\u00edda pela Lei n\u00ba 13.146\/2015, o Tribunal de Contas da Uni\u00e3o (TCU) declarou 2025 como o \u201cAno da pessoa com defici\u00eancia no controle externo brasileiro\u201d. A iniciativa visa ampliar o debate sobre acessibilidade e promover a\u00e7\u00f5es concretas no setor p\u00fablico para garantir maior inclus\u00e3o e participa\u00e7\u00e3o das pessoas com defici\u00eancia (PcD).<\/span><span data-ccp-props=\"{&quot;201341983&quot;:0,&quot;335551550&quot;:6,&quot;335551620&quot;:6,&quot;335559740&quot;:360}\">\u00a0<\/span><\/p>\n<p><span data-contrast=\"auto\">O lan\u00e7amento oficial dessa campanha ser\u00e1 realizado no dia 18 de fevereiro, \u00e0s 17h, no Audit\u00f3rio do Instituto Serzedello Corr\u00eaa (ISC), em Bras\u00edlia (DF), com transmiss\u00e3o ao vivo pelo <a href=\"https:\/\/www.youtube.com\/@TCUoficial\">canal do TCU no YouTube<\/a>.<\/span><span data-ccp-props=\"{&quot;201341983&quot;:0,&quot;335551550&quot;:6,&quot;335551620&quot;:6,&quot;335559740&quot;:360}\">\u00a0<\/span><\/p>\n<h4><b><span data-contrast=\"auto\">Projeto TCU\u00a0<\/span><\/b><span data-ccp-props=\"{&quot;201341983&quot;:0,&quot;335551550&quot;:6,&quot;335551620&quot;:6,&quot;335559740&quot;:360}\">\u00a0<\/span><\/h4>\n<p><span data-contrast=\"auto\">Coordenado pela Secretaria-Geral de Administra\u00e7\u00e3o do Tribunal de Contas da Uni\u00e3o (Segedam) e supervisionado pelo Procurador do Minist\u00e9rio P\u00fablico junto ao Tribunal de Contas da Uni\u00e3o (MPTCU), S\u00e9rgio Carib\u00e9, o projeto (<a href=\"https:\/\/www.mpc.pr.gov.br\/wp-content\/uploads\/2024\/12\/2025-Ano-da-Pessoa-com-Deficiencia-TCU.pdf\">dispon\u00edvel aqui<\/a>) prev\u00ea uma s\u00e9rie de atividades ao longo do ano, como semin\u00e1rios, oficinas, capacita\u00e7\u00f5es e campanhas de conscientiza\u00e7\u00e3o, abordando temas como acessibilidade digital e arquitet\u00f4nica, inclus\u00e3o no mercado de trabalho e combate ao capacitismo.<\/span><span data-ccp-props=\"{&quot;201341983&quot;:0,&quot;335551550&quot;:6,&quot;335551620&quot;:6,&quot;335559740&quot;:360}\">\u00a0<\/span><\/p>\n<p><span data-contrast=\"auto\">O objetivo \u00e9 promover um debate amplo e implementar pr\u00e1ticas inclusivas no \u00e2mbito do controle externo, garantindo que a Administra\u00e7\u00e3o P\u00fablica brasileira seja, de fato, mais inclusiva e diversa.\u00a0\u00a0<\/span><span data-ccp-props=\"{&quot;201341983&quot;:0,&quot;335551550&quot;:6,&quot;335551620&quot;:6,&quot;335559740&quot;:360}\">\u00a0<\/span><\/p>\n<p><span data-contrast=\"auto\">As inscri\u00e7\u00f5es s\u00e3o gratuitas e podem ser feitas para participa\u00e7\u00e3o pelo YouTube (<a href=\"https:\/\/contas.tcu.gov.br\/ords\/f?p=ISCNET2_PAR:106:100544040496740::NO:106:P106_COD:247083\">link<\/a>) ou presencial (<a href=\"https:\/\/contas.tcu.gov.br\/ords\/f?p=ISCNET2_PAR:106:2010492641074::NO:106:P106_COD:247082\">link<\/a>).<\/span><span data-ccp-props=\"{&quot;201341983&quot;:0,&quot;335551550&quot;:6,&quot;335551620&quot;:6,&quot;335559740&quot;:360}\">\u00a0<\/span><\/p>\n<h4><b><span data-contrast=\"auto\">Apoio institucional<\/span><\/b><span data-ccp-props=\"{&quot;201341983&quot;:0,&quot;335551550&quot;:6,&quot;335551620&quot;:6,&quot;335559740&quot;:360}\">\u00a0<\/span><\/h4>\n<p><span data-contrast=\"auto\">A a\u00e7\u00e3o conta com o apoio de diversas institui\u00e7\u00f5es do Controle Externo, incluindo o Instituto Rui Barbosa (IRB), a Associa\u00e7\u00e3o dos Membros dos Tribunais de Contas do Brasil (Atricon), o Conselho Nacional de Presidentes dos Tribunais de Contas (CNPTC), a Associa\u00e7\u00e3o Brasileira dos Tribunais de Contas dos Munic\u00edpios (ABRACOM), a Associa\u00e7\u00e3o Nacional dos Ministros e Conselheiros Substitutos dos Tribunais de Contas (AUDICON), a Associa\u00e7\u00e3o Nacional do Minist\u00e9rio P\u00fablico de Contas (AMPCON), o Conselho Nacional dos Procuradores-Gerais de Contas (CNPGC) e a Associa\u00e7\u00e3o Nacional dos Auditores de Controle Externo dos Tribunais de Contas do Brasil (ANTC).<\/span><span data-ccp-props=\"{&quot;201341983&quot;:0,&quot;335551550&quot;:6,&quot;335551620&quot;:6,&quot;335559740&quot;:360}\">\u00a0<\/span><\/p>\n<p><span data-contrast=\"auto\">Como forma de refor\u00e7ar ainda mais esse compromisso, durante o lan\u00e7amento do projeto \u201cAno da pessoa com defici\u00eancia no controle externo brasileiro\u201d, as entidades ir\u00e3o divulgar uma nota recomendat\u00f3ria que orienta os Tribunais de Contas e os Minist\u00e9rios P\u00fablicos de Contas a adotarem medidas concretas para garantir que pol\u00edticas p\u00fablicas voltadas \u00e0s pessoas com defici\u00eancia sejam devidamente implementadas.<\/span><span data-ccp-props=\"{&quot;201341983&quot;:0,&quot;335551550&quot;:6,&quot;335551620&quot;:6,&quot;335559740&quot;:360}\">\u00a0<\/span><\/p>\n<h4><b><span data-contrast=\"auto\">MPC-PR <\/span><\/b><b><span data-contrast=\"auto\">e os direitos das pessoas com defici\u00eancia\u00a0<\/span><\/b><b><span data-contrast=\"auto\">\u00a0<\/span><\/b><span data-ccp-props=\"{&quot;201341983&quot;:0,&quot;335551550&quot;:6,&quot;335551620&quot;:6,&quot;335559740&quot;:360}\">\u00a0<\/span><\/h4>\n<p><span data-contrast=\"auto\">O Minist\u00e9rio P\u00fablico de Contas do Paran\u00e1 (MPC-PR) vem somando esfor\u00e7os a essa iniciativa e pretende ter um papel cada vez mais ativo nessa agenda. Nesse sentido, o Procurador-Geral Gabriel Guy L\u00e9ger foi nomeado para a coordena\u00e7\u00e3o do Comit\u00ea T\u00e9cnico de Acessibilidade e Inclus\u00e3o do IRB, grupo que ir\u00e1 atuar na formula\u00e7\u00e3o e monitoramento de diretrizes que promovam a acessibilidade e a inclus\u00e3o, como forma de assegurar a participa\u00e7\u00e3o plena de pessoas com defici\u00eancia ou mobilidade reduzida nas atividades do IRB.\u00a0\u00a0<\/span><span data-ccp-props=\"{&quot;201341983&quot;:0,&quot;335551550&quot;:6,&quot;335551620&quot;:6,&quot;335559740&quot;:360}\">\u00a0<\/span><\/p>\n<p><span data-contrast=\"auto\">Al\u00e9m disso, o MPC-PR promoveu recentemente atualiza\u00e7\u00f5es em seu portal institucional (<\/span><a href=\"https:\/\/www.mpc.pr.gov.br\/\"><span data-contrast=\"none\">www.mpc.pr.gov.br<\/span><\/a><span data-contrast=\"auto\">), a fim de melhorar a navegabilidade e disponibilizar novos recursos de acessibilidade, como forma de facilitar o acesso \u00e0s informa\u00e7\u00f5es e servi\u00e7os oferecidos a todos os cidad\u00e3os.<\/span><span data-ccp-props=\"{&quot;201341983&quot;:0,&quot;335551550&quot;:6,&quot;335551620&quot;:6,&quot;335559740&quot;:360}\">\u00a0<\/span><\/p>\n<blockquote><p><b><i><span data-contrast=\"auto\">Fonte:<\/span><\/i><\/b><i><span data-contrast=\"auto\"> Com informa\u00e7\u00f5es do Tribunal de Contas da Uni\u00e3o (TCU).<\/span><\/i><span data-ccp-props=\"{&quot;201341983&quot;:0,&quot;335551550&quot;:6,&quot;335551620&quot;:6,&quot;335559740&quot;:360}\">\u00a0<\/span><\/p><\/blockquote>\n","protected":false},"excerpt":{"rendered":"<p>Em celebra\u00e7\u00e3o aos 10 anos da Lei Brasileira de Inclus\u00e3o (LBI), institu\u00edda pela Lei n\u00ba 13.146\/2015, o Tribunal de Contas da Uni\u00e3o (TCU) declarou 2025 como o \u201cAno da pessoa com defici\u00eancia no controle externo brasileiro\u201d. A iniciativa visa ampliar o debate sobre acessibilidade e promover a\u00e7\u00f5es concretas no setor p\u00fablico para garantir maior inclus\u00e3o [&hellip;]<\/p>\n","protected":false},"author":1,"featured_media":22597,"comment_status":"open","ping_status":"open","sticky":false,"template":"","format":"standard","meta":{"_monsterinsights_skip_tracking":false,"_monsterinsights_sitenote_active":false,"_monsterinsights_sitenote_note":"","_monsterinsights_sitenote_category":0,"footnotes":""},"categories":[7],"tags":[115,114,13,192,664],"class_list":["post-22596","post","type-post","status-publish","format-standard","has-post-thumbnail","hentry","category-todas-as-noticias","tag-acessibilidade","tag-inclusao","tag-mpc-pr","tag-pessoa-com-deficiencia","tag-tcu","entry","has-media"],"yoast_head":"<!-- This site is optimized with the Yoast SEO plugin v27.3 - https:\/\/yoast.com\/product\/yoast-seo-wordpress\/ -->\n<title>TCU lan\u00e7a projeto &quot;Ano da Pessoa com Defici\u00eancia no Controle Externo Brasileiro&quot;, na pr\u00f3xima ter\u00e7a-feira (18) - Minist\u00e9rio P\u00fablico de Contas do Estado do Paran\u00e1<\/title>\n<meta name=\"robots\" content=\"index, follow, max-snippet:-1, max-image-preview:large, max-video-preview:-1\" \/>\n<link rel=\"canonical\" href=\"https:\/\/www.mpc.pr.gov.br\/index.php\/tcu-lanca-projeto-ano-da-pessoa-com-deficiencia-no-controle-externo-brasileiro-na-proxima-terca-feira-18\/\" \/>\n<meta property=\"og:locale\" content=\"pt_BR\" \/>\n<meta property=\"og:type\" content=\"article\" \/>\n<meta property=\"og:title\" content=\"TCU lan\u00e7a projeto &quot;Ano da Pessoa com Defici\u00eancia no Controle Externo Brasileiro&quot;, na pr\u00f3xima ter\u00e7a-feira (18) - Minist\u00e9rio P\u00fablico de Contas do Estado do Paran\u00e1\" \/>\n<meta property=\"og:description\" content=\"Em celebra\u00e7\u00e3o aos 10 anos da Lei Brasileira de Inclus\u00e3o (LBI), institu\u00edda pela Lei n\u00ba 13.146\/2015, o Tribunal de Contas da Uni\u00e3o (TCU) declarou 2025 como o \u201cAno da pessoa com defici\u00eancia no controle externo brasileiro\u201d. A iniciativa visa ampliar o debate sobre acessibilidade e promover a\u00e7\u00f5es concretas no setor p\u00fablico para garantir maior inclus\u00e3o [&hellip;]\" \/>\n<meta property=\"og:url\" content=\"https:\/\/www.mpc.pr.gov.br\/index.php\/tcu-lanca-projeto-ano-da-pessoa-com-deficiencia-no-controle-externo-brasileiro-na-proxima-terca-feira-18\/\" \/>\n<meta property=\"og:site_name\" content=\"Minist\u00e9rio P\u00fablico de Contas do Estado do Paran\u00e1\" \/>\n<meta property=\"article:publisher\" content=\"https:\/\/www.facebook.com\/mpc.pr\" \/>\n<meta property=\"article:published_time\" content=\"2025-02-14T16:27:23+00:00\" \/>\n<meta property=\"article:modified_time\" content=\"2025-02-27T13:29:34+00:00\" \/>\n<meta property=\"og:image\" content=\"https:\/\/www.mpc.pr.gov.br\/wp-content\/uploads\/2025\/02\/projeto-tcu-2025-pcd-site.png\" \/>\n\t<meta property=\"og:image:width\" content=\"800\" \/>\n\t<meta property=\"og:image:height\" content=\"450\" \/>\n\t<meta property=\"og:image:type\" content=\"image\/png\" \/>\n<meta name=\"author\" content=\"mpcontaspr\" \/>\n<meta name=\"twitter:card\" content=\"summary_large_image\" \/>\n<meta name=\"twitter:label1\" content=\"Escrito por\" \/>\n\t<meta name=\"twitter:data1\" content=\"mpcontaspr\" \/>\n\t<meta name=\"twitter:label2\" content=\"Est. tempo de leitura\" \/>\n\t<meta name=\"twitter:data2\" content=\"4 minutos\" \/>\n<script type=\"application\/ld+json\" class=\"yoast-schema-graph\">{\"@context\":\"https:\\\/\\\/schema.org\",\"@graph\":[{\"@type\":\"Article\",\"@id\":\"https:\\\/\\\/www.mpc.pr.gov.br\\\/index.php\\\/tcu-lanca-projeto-ano-da-pessoa-com-deficiencia-no-controle-externo-brasileiro-na-proxima-terca-feira-18\\\/#article\",\"isPartOf\":{\"@id\":\"https:\\\/\\\/www.mpc.pr.gov.br\\\/index.php\\\/tcu-lanca-projeto-ano-da-pessoa-com-deficiencia-no-controle-externo-brasileiro-na-proxima-terca-feira-18\\\/\"},\"author\":{\"name\":\"mpcontaspr\",\"@id\":\"https:\\\/\\\/www.mpc.pr.gov.br\\\/#\\\/schema\\\/person\\\/2d83cb8980538d0ec174e8a6284f5e11\"},\"headline\":\"TCU lan\u00e7a projeto &#8220;Ano da Pessoa com Defici\u00eancia no Controle Externo Brasileiro&#8221;, na pr\u00f3xima ter\u00e7a-feira (18)\",\"datePublished\":\"2025-02-14T16:27:23+00:00\",\"dateModified\":\"2025-02-27T13:29:34+00:00\",\"mainEntityOfPage\":{\"@id\":\"https:\\\/\\\/www.mpc.pr.gov.br\\\/index.php\\\/tcu-lanca-projeto-ano-da-pessoa-com-deficiencia-no-controle-externo-brasileiro-na-proxima-terca-feira-18\\\/\"},\"wordCount\":593,\"commentCount\":0,\"publisher\":{\"@id\":\"https:\\\/\\\/www.mpc.pr.gov.br\\\/#organization\"},\"image\":{\"@id\":\"https:\\\/\\\/www.mpc.pr.gov.br\\\/index.php\\\/tcu-lanca-projeto-ano-da-pessoa-com-deficiencia-no-controle-externo-brasileiro-na-proxima-terca-feira-18\\\/#primaryimage\"},\"thumbnailUrl\":\"https:\\\/\\\/www.mpc.pr.gov.br\\\/wp-content\\\/uploads\\\/2025\\\/02\\\/projeto-tcu-2025-pcd-site.png\",\"keywords\":[\"Acessibilidade\",\"Inclus\u00e3o\",\"MPC-PR\",\"Pessoa com defici\u00eancia\",\"TCU\"],\"articleSection\":[\"Todas as not\u00edcias\"],\"inLanguage\":\"pt-BR\",\"potentialAction\":[{\"@type\":\"CommentAction\",\"name\":\"Comment\",\"target\":[\"https:\\\/\\\/www.mpc.pr.gov.br\\\/index.php\\\/tcu-lanca-projeto-ano-da-pessoa-com-deficiencia-no-controle-externo-brasileiro-na-proxima-terca-feira-18\\\/#respond\"]}]},{\"@type\":\"WebPage\",\"@id\":\"https:\\\/\\\/www.mpc.pr.gov.br\\\/index.php\\\/tcu-lanca-projeto-ano-da-pessoa-com-deficiencia-no-controle-externo-brasileiro-na-proxima-terca-feira-18\\\/\",\"url\":\"https:\\\/\\\/www.mpc.pr.gov.br\\\/index.php\\\/tcu-lanca-projeto-ano-da-pessoa-com-deficiencia-no-controle-externo-brasileiro-na-proxima-terca-feira-18\\\/\",\"name\":\"TCU lan\u00e7a projeto \\\"Ano da Pessoa com Defici\u00eancia no Controle Externo Brasileiro\\\", na pr\u00f3xima ter\u00e7a-feira (18) - Minist\u00e9rio P\u00fablico de Contas do Estado do Paran\u00e1\",\"isPartOf\":{\"@id\":\"https:\\\/\\\/www.mpc.pr.gov.br\\\/#website\"},\"primaryImageOfPage\":{\"@id\":\"https:\\\/\\\/www.mpc.pr.gov.br\\\/index.php\\\/tcu-lanca-projeto-ano-da-pessoa-com-deficiencia-no-controle-externo-brasileiro-na-proxima-terca-feira-18\\\/#primaryimage\"},\"image\":{\"@id\":\"https:\\\/\\\/www.mpc.pr.gov.br\\\/index.php\\\/tcu-lanca-projeto-ano-da-pessoa-com-deficiencia-no-controle-externo-brasileiro-na-proxima-terca-feira-18\\\/#primaryimage\"},\"thumbnailUrl\":\"https:\\\/\\\/www.mpc.pr.gov.br\\\/wp-content\\\/uploads\\\/2025\\\/02\\\/projeto-tcu-2025-pcd-site.png\",\"datePublished\":\"2025-02-14T16:27:23+00:00\",\"dateModified\":\"2025-02-27T13:29:34+00:00\",\"breadcrumb\":{\"@id\":\"https:\\\/\\\/www.mpc.pr.gov.br\\\/index.php\\\/tcu-lanca-projeto-ano-da-pessoa-com-deficiencia-no-controle-externo-brasileiro-na-proxima-terca-feira-18\\\/#breadcrumb\"},\"inLanguage\":\"pt-BR\",\"potentialAction\":[{\"@type\":\"ReadAction\",\"target\":[\"https:\\\/\\\/www.mpc.pr.gov.br\\\/index.php\\\/tcu-lanca-projeto-ano-da-pessoa-com-deficiencia-no-controle-externo-brasileiro-na-proxima-terca-feira-18\\\/\"]}]},{\"@type\":\"ImageObject\",\"inLanguage\":\"pt-BR\",\"@id\":\"https:\\\/\\\/www.mpc.pr.gov.br\\\/index.php\\\/tcu-lanca-projeto-ano-da-pessoa-com-deficiencia-no-controle-externo-brasileiro-na-proxima-terca-feira-18\\\/#primaryimage\",\"url\":\"https:\\\/\\\/www.mpc.pr.gov.br\\\/wp-content\\\/uploads\\\/2025\\\/02\\\/projeto-tcu-2025-pcd-site.png\",\"contentUrl\":\"https:\\\/\\\/www.mpc.pr.gov.br\\\/wp-content\\\/uploads\\\/2025\\\/02\\\/projeto-tcu-2025-pcd-site.png\",\"width\":800,\"height\":450},{\"@type\":\"BreadcrumbList\",\"@id\":\"https:\\\/\\\/www.mpc.pr.gov.br\\\/index.php\\\/tcu-lanca-projeto-ano-da-pessoa-com-deficiencia-no-controle-externo-brasileiro-na-proxima-terca-feira-18\\\/#breadcrumb\",\"itemListElement\":[{\"@type\":\"ListItem\",\"position\":1,\"name\":\"In\u00edcio\",\"item\":\"https:\\\/\\\/www.mpc.pr.gov.br\\\/\"},{\"@type\":\"ListItem\",\"position\":2,\"name\":\"TCU lan\u00e7a projeto &#8220;Ano da Pessoa com Defici\u00eancia no Controle Externo Brasileiro&#8221;, na pr\u00f3xima ter\u00e7a-feira (18)\"}]},{\"@type\":\"WebSite\",\"@id\":\"https:\\\/\\\/www.mpc.pr.gov.br\\\/#website\",\"url\":\"https:\\\/\\\/www.mpc.pr.gov.br\\\/\",\"name\":\"Minist\u00e9rio P\u00fablico de Contas do Estado do Paran\u00e1\",\"description\":\"\",\"publisher\":{\"@id\":\"https:\\\/\\\/www.mpc.pr.gov.br\\\/#organization\"},\"potentialAction\":[{\"@type\":\"SearchAction\",\"target\":{\"@type\":\"EntryPoint\",\"urlTemplate\":\"https:\\\/\\\/www.mpc.pr.gov.br\\\/?s={search_term_string}\"},\"query-input\":{\"@type\":\"PropertyValueSpecification\",\"valueRequired\":true,\"valueName\":\"search_term_string\"}}],\"inLanguage\":\"pt-BR\"},{\"@type\":\"Organization\",\"@id\":\"https:\\\/\\\/www.mpc.pr.gov.br\\\/#organization\",\"name\":\"Minist\u00e9rio P\u00fablico de Contas do Estado do Paran\u00e1\",\"url\":\"https:\\\/\\\/www.mpc.pr.gov.br\\\/\",\"logo\":{\"@type\":\"ImageObject\",\"inLanguage\":\"pt-BR\",\"@id\":\"https:\\\/\\\/www.mpc.pr.gov.br\\\/#\\\/schema\\\/logo\\\/image\\\/\",\"url\":\"https:\\\/\\\/www.mpc.pr.gov.br\\\/wp-content\\\/uploads\\\/2020\\\/06\\\/99423647_1593460364143890_6706793420720963584_n-1-e1591387983167.png\",\"contentUrl\":\"https:\\\/\\\/www.mpc.pr.gov.br\\\/wp-content\\\/uploads\\\/2020\\\/06\\\/99423647_1593460364143890_6706793420720963584_n-1-e1591387983167.png\",\"width\":243,\"height\":73,\"caption\":\"Minist\u00e9rio P\u00fablico de Contas do Estado do Paran\u00e1\"},\"image\":{\"@id\":\"https:\\\/\\\/www.mpc.pr.gov.br\\\/#\\\/schema\\\/logo\\\/image\\\/\"},\"sameAs\":[\"https:\\\/\\\/www.facebook.com\\\/mpc.pr\",\"https:\\\/\\\/www.instagram.com\\\/mpc.pr\\\/?hl=pt-br\",\"https:\\\/\\\/www.youtube.com\\\/channel\\\/UCHri5oEM8DV0ztX57E0sBSw\"]},{\"@type\":\"Person\",\"@id\":\"https:\\\/\\\/www.mpc.pr.gov.br\\\/#\\\/schema\\\/person\\\/2d83cb8980538d0ec174e8a6284f5e11\",\"name\":\"mpcontaspr\",\"image\":{\"@type\":\"ImageObject\",\"inLanguage\":\"pt-BR\",\"@id\":\"https:\\\/\\\/secure.gravatar.com\\\/avatar\\\/1aef51541db7622e05fd639336c9c9f312c2a618396e2b6ca96846362fc5403f?s=96&d=mm&r=g\",\"url\":\"https:\\\/\\\/secure.gravatar.com\\\/avatar\\\/1aef51541db7622e05fd639336c9c9f312c2a618396e2b6ca96846362fc5403f?s=96&d=mm&r=g\",\"contentUrl\":\"https:\\\/\\\/secure.gravatar.com\\\/avatar\\\/1aef51541db7622e05fd639336c9c9f312c2a618396e2b6ca96846362fc5403f?s=96&d=mm&r=g\",\"caption\":\"mpcontaspr\"},\"sameAs\":[\"http:\\\/\\\/www.mpc.pr.gov.br\"]}]}<\/script>\n<!-- \/ Yoast SEO plugin. -->","yoast_head_json":{"title":"TCU lan\u00e7a projeto \"Ano da Pessoa com Defici\u00eancia no Controle Externo Brasileiro\", na pr\u00f3xima ter\u00e7a-feira (18) - Minist\u00e9rio P\u00fablico de Contas do Estado do Paran\u00e1","robots":{"index":"index","follow":"follow","max-snippet":"max-snippet:-1","max-image-preview":"max-image-preview:large","max-video-preview":"max-video-preview:-1"},"canonical":"https:\/\/www.mpc.pr.gov.br\/index.php\/tcu-lanca-projeto-ano-da-pessoa-com-deficiencia-no-controle-externo-brasileiro-na-proxima-terca-feira-18\/","og_locale":"pt_BR","og_type":"article","og_title":"TCU lan\u00e7a projeto \"Ano da Pessoa com Defici\u00eancia no Controle Externo Brasileiro\", na pr\u00f3xima ter\u00e7a-feira (18) - Minist\u00e9rio P\u00fablico de Contas do Estado do Paran\u00e1","og_description":"Em celebra\u00e7\u00e3o aos 10 anos da Lei Brasileira de Inclus\u00e3o (LBI), institu\u00edda pela Lei n\u00ba 13.146\/2015, o Tribunal de Contas da Uni\u00e3o (TCU) declarou 2025 como o \u201cAno da pessoa com defici\u00eancia no controle externo brasileiro\u201d. A iniciativa visa ampliar o debate sobre acessibilidade e promover a\u00e7\u00f5es concretas no setor p\u00fablico para garantir maior inclus\u00e3o [&hellip;]","og_url":"https:\/\/www.mpc.pr.gov.br\/index.php\/tcu-lanca-projeto-ano-da-pessoa-com-deficiencia-no-controle-externo-brasileiro-na-proxima-terca-feira-18\/","og_site_name":"Minist\u00e9rio P\u00fablico de Contas do Estado do Paran\u00e1","article_publisher":"https:\/\/www.facebook.com\/mpc.pr","article_published_time":"2025-02-14T16:27:23+00:00","article_modified_time":"2025-02-27T13:29:34+00:00","og_image":[{"width":800,"height":450,"url":"https:\/\/www.mpc.pr.gov.br\/wp-content\/uploads\/2025\/02\/projeto-tcu-2025-pcd-site.png","type":"image\/png"}],"author":"mpcontaspr","twitter_card":"summary_large_image","twitter_misc":{"Escrito por":"mpcontaspr","Est. tempo de leitura":"4 minutos"},"schema":{"@context":"https:\/\/schema.org","@graph":[{"@type":"Article","@id":"https:\/\/www.mpc.pr.gov.br\/index.php\/tcu-lanca-projeto-ano-da-pessoa-com-deficiencia-no-controle-externo-brasileiro-na-proxima-terca-feira-18\/#article","isPartOf":{"@id":"https:\/\/www.mpc.pr.gov.br\/index.php\/tcu-lanca-projeto-ano-da-pessoa-com-deficiencia-no-controle-externo-brasileiro-na-proxima-terca-feira-18\/"},"author":{"name":"mpcontaspr","@id":"https:\/\/www.mpc.pr.gov.br\/#\/schema\/person\/2d83cb8980538d0ec174e8a6284f5e11"},"headline":"TCU lan\u00e7a projeto &#8220;Ano da Pessoa com Defici\u00eancia no Controle Externo Brasileiro&#8221;, na pr\u00f3xima ter\u00e7a-feira (18)","datePublished":"2025-02-14T16:27:23+00:00","dateModified":"2025-02-27T13:29:34+00:00","mainEntityOfPage":{"@id":"https:\/\/www.mpc.pr.gov.br\/index.php\/tcu-lanca-projeto-ano-da-pessoa-com-deficiencia-no-controle-externo-brasileiro-na-proxima-terca-feira-18\/"},"wordCount":593,"commentCount":0,"publisher":{"@id":"https:\/\/www.mpc.pr.gov.br\/#organization"},"image":{"@id":"https:\/\/www.mpc.pr.gov.br\/index.php\/tcu-lanca-projeto-ano-da-pessoa-com-deficiencia-no-controle-externo-brasileiro-na-proxima-terca-feira-18\/#primaryimage"},"thumbnailUrl":"https:\/\/www.mpc.pr.gov.br\/wp-content\/uploads\/2025\/02\/projeto-tcu-2025-pcd-site.png","keywords":["Acessibilidade","Inclus\u00e3o","MPC-PR","Pessoa com defici\u00eancia","TCU"],"articleSection":["Todas as not\u00edcias"],"inLanguage":"pt-BR","potentialAction":[{"@type":"CommentAction","name":"Comment","target":["https:\/\/www.mpc.pr.gov.br\/index.php\/tcu-lanca-projeto-ano-da-pessoa-com-deficiencia-no-controle-externo-brasileiro-na-proxima-terca-feira-18\/#respond"]}]},{"@type":"WebPage","@id":"https:\/\/www.mpc.pr.gov.br\/index.php\/tcu-lanca-projeto-ano-da-pessoa-com-deficiencia-no-controle-externo-brasileiro-na-proxima-terca-feira-18\/","url":"https:\/\/www.mpc.pr.gov.br\/index.php\/tcu-lanca-projeto-ano-da-pessoa-com-deficiencia-no-controle-externo-brasileiro-na-proxima-terca-feira-18\/","name":"TCU lan\u00e7a projeto \"Ano da Pessoa com Defici\u00eancia no Controle Externo Brasileiro\", na pr\u00f3xima ter\u00e7a-feira (18) - Minist\u00e9rio P\u00fablico de Contas do Estado do Paran\u00e1","isPartOf":{"@id":"https:\/\/www.mpc.pr.gov.br\/#website"},"primaryImageOfPage":{"@id":"https:\/\/www.mpc.pr.gov.br\/index.php\/tcu-lanca-projeto-ano-da-pessoa-com-deficiencia-no-controle-externo-brasileiro-na-proxima-terca-feira-18\/#primaryimage"},"image":{"@id":"https:\/\/www.mpc.pr.gov.br\/index.php\/tcu-lanca-projeto-ano-da-pessoa-com-deficiencia-no-controle-externo-brasileiro-na-proxima-terca-feira-18\/#primaryimage"},"thumbnailUrl":"https:\/\/www.mpc.pr.gov.br\/wp-content\/uploads\/2025\/02\/projeto-tcu-2025-pcd-site.png","datePublished":"2025-02-14T16:27:23+00:00","dateModified":"2025-02-27T13:29:34+00:00","breadcrumb":{"@id":"https:\/\/www.mpc.pr.gov.br\/index.php\/tcu-lanca-projeto-ano-da-pessoa-com-deficiencia-no-controle-externo-brasileiro-na-proxima-terca-feira-18\/#breadcrumb"},"inLanguage":"pt-BR","potentialAction":[{"@type":"ReadAction","target":["https:\/\/www.mpc.pr.gov.br\/index.php\/tcu-lanca-projeto-ano-da-pessoa-com-deficiencia-no-controle-externo-brasileiro-na-proxima-terca-feira-18\/"]}]},{"@type":"ImageObject","inLanguage":"pt-BR","@id":"https:\/\/www.mpc.pr.gov.br\/index.php\/tcu-lanca-projeto-ano-da-pessoa-com-deficiencia-no-controle-externo-brasileiro-na-proxima-terca-feira-18\/#primaryimage","url":"https:\/\/www.mpc.pr.gov.br\/wp-content\/uploads\/2025\/02\/projeto-tcu-2025-pcd-site.png","contentUrl":"https:\/\/www.mpc.pr.gov.br\/wp-content\/uploads\/2025\/02\/projeto-tcu-2025-pcd-site.png","width":800,"height":450},{"@type":"BreadcrumbList","@id":"https:\/\/www.mpc.pr.gov.br\/index.php\/tcu-lanca-projeto-ano-da-pessoa-com-deficiencia-no-controle-externo-brasileiro-na-proxima-terca-feira-18\/#breadcrumb","itemListElement":[{"@type":"ListItem","position":1,"name":"In\u00edcio","item":"https:\/\/www.mpc.pr.gov.br\/"},{"@type":"ListItem","position":2,"name":"TCU lan\u00e7a projeto &#8220;Ano da Pessoa com Defici\u00eancia no Controle Externo Brasileiro&#8221;, na pr\u00f3xima ter\u00e7a-feira (18)"}]},{"@type":"WebSite","@id":"https:\/\/www.mpc.pr.gov.br\/#website","url":"https:\/\/www.mpc.pr.gov.br\/","name":"Minist\u00e9rio P\u00fablico de Contas do Estado do Paran\u00e1","description":"","publisher":{"@id":"https:\/\/www.mpc.pr.gov.br\/#organization"},"potentialAction":[{"@type":"SearchAction","target":{"@type":"EntryPoint","urlTemplate":"https:\/\/www.mpc.pr.gov.br\/?s={search_term_string}"},"query-input":{"@type":"PropertyValueSpecification","valueRequired":true,"valueName":"search_term_string"}}],"inLanguage":"pt-BR"},{"@type":"Organization","@id":"https:\/\/www.mpc.pr.gov.br\/#organization","name":"Minist\u00e9rio P\u00fablico de Contas do Estado do Paran\u00e1","url":"https:\/\/www.mpc.pr.gov.br\/","logo":{"@type":"ImageObject","inLanguage":"pt-BR","@id":"https:\/\/www.mpc.pr.gov.br\/#\/schema\/logo\/image\/","url":"https:\/\/www.mpc.pr.gov.br\/wp-content\/uploads\/2020\/06\/99423647_1593460364143890_6706793420720963584_n-1-e1591387983167.png","contentUrl":"https:\/\/www.mpc.pr.gov.br\/wp-content\/uploads\/2020\/06\/99423647_1593460364143890_6706793420720963584_n-1-e1591387983167.png","width":243,"height":73,"caption":"Minist\u00e9rio P\u00fablico de Contas do Estado do Paran\u00e1"},"image":{"@id":"https:\/\/www.mpc.pr.gov.br\/#\/schema\/logo\/image\/"},"sameAs":["https:\/\/www.facebook.com\/mpc.pr","https:\/\/www.instagram.com\/mpc.pr\/?hl=pt-br","https:\/\/www.youtube.com\/channel\/UCHri5oEM8DV0ztX57E0sBSw"]},{"@type":"Person","@id":"https:\/\/www.mpc.pr.gov.br\/#\/schema\/person\/2d83cb8980538d0ec174e8a6284f5e11","name":"mpcontaspr","image":{"@type":"ImageObject","inLanguage":"pt-BR","@id":"https:\/\/secure.gravatar.com\/avatar\/1aef51541db7622e05fd639336c9c9f312c2a618396e2b6ca96846362fc5403f?s=96&d=mm&r=g","url":"https:\/\/secure.gravatar.com\/avatar\/1aef51541db7622e05fd639336c9c9f312c2a618396e2b6ca96846362fc5403f?s=96&d=mm&r=g","contentUrl":"https:\/\/secure.gravatar.com\/avatar\/1aef51541db7622e05fd639336c9c9f312c2a618396e2b6ca96846362fc5403f?s=96&d=mm&r=g","caption":"mpcontaspr"},"sameAs":["http:\/\/www.mpc.pr.gov.br"]}]}},"rttpg_featured_image_url":{"full":["https:\/\/www.mpc.pr.gov.br\/wp-content\/uploads\/2025\/02\/projeto-tcu-2025-pcd-site.png",800,450,false],"landscape":["https:\/\/www.mpc.pr.gov.br\/wp-content\/uploads\/2025\/02\/projeto-tcu-2025-pcd-site.png",800,450,false],"portraits":["https:\/\/www.mpc.pr.gov.br\/wp-content\/uploads\/2025\/02\/projeto-tcu-2025-pcd-site.png",800,450,false],"thumbnail":["https:\/\/www.mpc.pr.gov.br\/wp-content\/uploads\/2025\/02\/projeto-tcu-2025-pcd-site-150x150.png",150,150,true],"medium":["https:\/\/www.mpc.pr.gov.br\/wp-content\/uploads\/2025\/02\/projeto-tcu-2025-pcd-site-300x169.png",300,169,true],"large":["https:\/\/www.mpc.pr.gov.br\/wp-content\/uploads\/2025\/02\/projeto-tcu-2025-pcd-site.png",800,450,false],"1536x1536":["https:\/\/www.mpc.pr.gov.br\/wp-content\/uploads\/2025\/02\/projeto-tcu-2025-pcd-site.png",800,450,false],"2048x2048":["https:\/\/www.mpc.pr.gov.br\/wp-content\/uploads\/2025\/02\/projeto-tcu-2025-pcd-site.png",800,450,false],"ocean-thumb-m":["https:\/\/www.mpc.pr.gov.br\/wp-content\/uploads\/2025\/02\/projeto-tcu-2025-pcd-site-600x450.png",600,450,true],"ocean-thumb-ml":["https:\/\/www.mpc.pr.gov.br\/wp-content\/uploads\/2025\/02\/projeto-tcu-2025-pcd-site.png",800,450,false],"ocean-thumb-l":["https:\/\/www.mpc.pr.gov.br\/wp-content\/uploads\/2025\/02\/projeto-tcu-2025-pcd-site.png",800,450,false]},"rttpg_author":{"display_name":"mpcontaspr","author_link":"https:\/\/www.mpc.pr.gov.br\/index.php\/author\/mpcontaspr\/"},"rttpg_comment":1,"rttpg_category":"<a href=\"https:\/\/www.mpc.pr.gov.br\/index.php\/category\/todas-as-noticias\/\" rel=\"category tag\">Todas as not\u00edcias<\/a>","rttpg_excerpt":"Em celebra\u00e7\u00e3o aos 10 anos da Lei Brasileira de Inclus\u00e3o (LBI), institu\u00edda pela Lei n\u00ba 13.146\/2015, o Tribunal de Contas da Uni\u00e3o (TCU) declarou 2025 como o \u201cAno da pessoa com defici\u00eancia no controle externo brasileiro\u201d. A iniciativa visa ampliar o debate sobre acessibilidade e promover a\u00e7\u00f5es concretas no setor p\u00fablico para garantir maior inclus\u00e3o&hellip;","_links":{"self":[{"href":"https:\/\/www.mpc.pr.gov.br\/index.php\/wp-json\/wp\/v2\/posts\/22596","targetHints":{"allow":["GET"]}}],"collection":[{"href":"https:\/\/www.mpc.pr.gov.br\/index.php\/wp-json\/wp\/v2\/posts"}],"about":[{"href":"https:\/\/www.mpc.pr.gov.br\/index.php\/wp-json\/wp\/v2\/types\/post"}],"author":[{"embeddable":true,"href":"https:\/\/www.mpc.pr.gov.br\/index.php\/wp-json\/wp\/v2\/users\/1"}],"replies":[{"embeddable":true,"href":"https:\/\/www.mpc.pr.gov.br\/index.php\/wp-json\/wp\/v2\/comments?post=22596"}],"version-history":[{"count":1,"href":"https:\/\/www.mpc.pr.gov.br\/index.php\/wp-json\/wp\/v2\/posts\/22596\/revisions"}],"predecessor-version":[{"id":22598,"href":"https:\/\/www.mpc.pr.gov.br\/index.php\/wp-json\/wp\/v2\/posts\/22596\/revisions\/22598"}],"wp:featuredmedia":[{"embeddable":true,"href":"https:\/\/www.mpc.pr.gov.br\/index.php\/wp-json\/wp\/v2\/media\/22597"}],"wp:attachment":[{"href":"https:\/\/www.mpc.pr.gov.br\/index.php\/wp-json\/wp\/v2\/media?parent=22596"}],"wp:term":[{"taxonomy":"category","embeddable":true,"href":"https:\/\/www.mpc.pr.gov.br\/index.php\/wp-json\/wp\/v2\/categories?post=22596"},{"taxonomy":"post_tag","embeddable":true,"href":"https:\/\/www.mpc.pr.gov.br\/index.php\/wp-json\/wp\/v2\/tags?post=22596"}],"curies":[{"name":"wp","href":"https:\/\/api.w.org\/{rel}","templated":true}]}}