{"id":22609,"date":"2025-02-19T17:58:43","date_gmt":"2025-02-19T20:58:43","guid":{"rendered":"https:\/\/www.mpc.pr.gov.br\/?p=22609"},"modified":"2025-02-28T13:32:45","modified_gmt":"2025-02-28T16:32:45","slug":"agenda-institucional-mpc-pr-participa-do-lancamento-do-projeto-ano-da-pessoa-com-deficiencia-no-controle-externo-brasileiro-promovido-pelo-tcu","status":"publish","type":"post","link":"https:\/\/www.mpc.pr.gov.br\/index.php\/agenda-institucional-mpc-pr-participa-do-lancamento-do-projeto-ano-da-pessoa-com-deficiencia-no-controle-externo-brasileiro-promovido-pelo-tcu\/","title":{"rendered":"Agenda Institucional: MPC-PR participa do lan\u00e7amento do projeto \u201cAno da Pessoa com Defici\u00eancia no Controle Externo Brasileiro\u201d promovido pelo TCU"},"content":{"rendered":"<p><span data-contrast=\"auto\"><img fetchpriority=\"high\" decoding=\"async\" class=\"size-medium wp-image-22610 alignleft\" src=\"https:\/\/www.mpc.pr.gov.br\/wp-content\/uploads\/2025\/02\/Participacao-do-MPC-no-projeto-do-TCU-300x169.png\" alt=\"\" width=\"300\" height=\"169\" srcset=\"https:\/\/www.mpc.pr.gov.br\/wp-content\/uploads\/2025\/02\/Participacao-do-MPC-no-projeto-do-TCU-300x169.png 300w, https:\/\/www.mpc.pr.gov.br\/wp-content\/uploads\/2025\/02\/Participacao-do-MPC-no-projeto-do-TCU.png 560w\" sizes=\"(max-width: 300px) 100vw, 300px\" \/>Nesta ter\u00e7a-feira, 18 de fevereiro, o Procurador-Geral do Minist\u00e9rio P\u00fablico de Contas do Paran\u00e1 (MPC-PR), Gabriel Guy L\u00e9ger, participou da solenidade de lan\u00e7amento do projeto \u201cAno da Pessoa com Defici\u00eancia no Controle Externo Brasileiro\u201d, promovido pelo Tribunal de Contas da Uni\u00e3o (TCU).\u00a0<\/span><span data-ccp-props=\"{&quot;201341983&quot;:0,&quot;335551550&quot;:6,&quot;335551620&quot;:6,&quot;335559740&quot;:360}\">\u00a0<\/span><\/p>\n<p><span data-contrast=\"auto\">O evento aconteceu em Bras\u00edlia (DF) e reuniu autoridades de diversas entidades do Controle Externo para discutir a promo\u00e7\u00e3o de a\u00e7\u00f5es para fortalecer a atua\u00e7\u00e3o dos \u00f3rg\u00e3os na fiscaliza\u00e7\u00e3o da acessibilidade e na implementa\u00e7\u00e3o de pol\u00edticas p\u00fablicas que assegurem a participa\u00e7\u00e3o plena das pessoas com defici\u00eancia (PcD).<\/span><span data-ccp-props=\"{&quot;201341983&quot;:0,&quot;335551550&quot;:6,&quot;335551620&quot;:6,&quot;335559740&quot;:360}\">\u00a0<\/span><\/p>\n<p><span data-contrast=\"auto\">A iniciativa tamb\u00e9m \u00e9 uma forma de celebrar os 10 anos da Lei Brasileira de Inclus\u00e3o da Pessoa com Defici\u00eancia (LBI) &#8211; Lei n\u00ba 13.146\/2015, que representou um avan\u00e7o na garantia de inclus\u00e3o e igualdade de direitos.\u00a0\u00a0<\/span><span data-ccp-props=\"{&quot;201341983&quot;:0,&quot;335551550&quot;:6,&quot;335551620&quot;:6,&quot;335559740&quot;:360}\">\u00a0<\/span><\/p>\n<p><span data-contrast=\"auto\">A transmiss\u00e3o do lan\u00e7amento do projeto est\u00e1 dispon\u00edvel no canal do YouTube do TCU. Assista clicando <a href=\"https:\/\/www.youtube.com\/watch?v=MSQMV2QcfXM\">aqui<\/a>.<\/span><span data-ccp-props=\"{&quot;201341983&quot;:0,&quot;335551550&quot;:6,&quot;335551620&quot;:6,&quot;335559740&quot;:360}\">\u00a0<\/span><\/p>\n<h4><b><span data-contrast=\"auto\">Minist\u00e9rio P\u00fablico de Contas e a acessibilidade<\/span><\/b><span data-ccp-props=\"{&quot;201341983&quot;:0,&quot;335551550&quot;:6,&quot;335551620&quot;:6,&quot;335559740&quot;:360}\">\u00a0<\/span><\/h4>\n<p><span data-contrast=\"auto\">Durante sua participa\u00e7\u00e3o, o Procurador-Geral Gabriel Guy L\u00e9ger relembrou a atua\u00e7\u00e3o do Minist\u00e9rio P\u00fablico de Contas na luta pela acessibilidade, destacando a campanha nacional \u201c<\/span><b><span data-contrast=\"auto\">MPC pela Acessibilidade Total<\/span><\/b><span data-contrast=\"auto\">\u201d, realizada no per\u00edodo de 2011 a 2015. A a\u00e7\u00e3o reuniu Procuradores de Contas de todo o pa\u00eds com o objetivo de promover a acessibilidade das pessoas com defici\u00eancia ou com mobilidade reduzida (inclu\u00eddos os idosos), principalmente por meio das atividades fiscalizat\u00f3rias dos Tribunais de Contas.<\/span><span data-ccp-props=\"{&quot;134233117&quot;:false,&quot;134233118&quot;:false,&quot;201341983&quot;:0,&quot;335551550&quot;:6,&quot;335551620&quot;:6,&quot;335559685&quot;:0,&quot;335559737&quot;:0,&quot;335559738&quot;:0,&quot;335559739&quot;:160,&quot;335559740&quot;:360}\">\u00a0<\/span><\/p>\n<p><span data-contrast=\"auto\">A atua\u00e7\u00e3o do \u00f3rg\u00e3o ministerial nesse contexto foi fundamental para a inclus\u00e3o de dispositivos importantes no projeto de lei que resultou na edi\u00e7\u00e3o da Lei Brasileira de Inclus\u00e3o. Dentre eles destaca-se o art. 93, que estabelece a obrigatoriedade da fiscaliza\u00e7\u00e3o pelos \u00f3rg\u00e3os de controle interno e externo do cumprimento da legisla\u00e7\u00e3o relativa \u00e0 pessoa com defici\u00eancia e das normas de acessibilidade vigentes.\u00a0 Por sua vez, outro importante conquista foi a inclus\u00e3o do art. 113, que estabeleceu nova reda\u00e7\u00e3o ao Estatuto da Cidade (Lei n\u00b0 10.257\/2001), atribuindo aos munic\u00edpios a responsabilidade pela execu\u00e7\u00e3o e manuten\u00e7\u00e3o das cal\u00e7adas e espa\u00e7os urbanos acess\u00edveis.<\/span><span data-ccp-props=\"{&quot;201341983&quot;:0,&quot;335551550&quot;:6,&quot;335551620&quot;:6,&quot;335559740&quot;:360}\">\u00a0<\/span><\/p>\n<h4><b><span data-contrast=\"auto\">Nota Recomendat\u00f3ria aos Tribunais e Minist\u00e9rios P\u00fablicos de Contas<\/span><\/b><span data-ccp-props=\"{&quot;134233117&quot;:false,&quot;134233118&quot;:false,&quot;201341983&quot;:0,&quot;335551550&quot;:6,&quot;335551620&quot;:6,&quot;335559685&quot;:0,&quot;335559737&quot;:0,&quot;335559738&quot;:0,&quot;335559739&quot;:160,&quot;335559740&quot;:360}\">\u00a0<\/span><\/h4>\n<p><span data-contrast=\"auto\">Representando o Comit\u00ea T\u00e9cnico de Acessibilidade e Inclus\u00e3o do Instituto Rui Barbosa (IRB), o Procurador-Geral Gabriel Guy L\u00e9ger tamb\u00e9m comunicou as autoridades presentes sobre a emiss\u00e3o da Nota Recomendat\u00f3ria Conjunta, assinada por oito entidades representativas do Controle Externo, que apresenta 15 diretrizes aos Tribunais de Contas e Minist\u00e9rio P\u00fablicos de Contas. O documento orienta que em suas fun\u00e7\u00f5es administrativas e no exerc\u00edcio de suas respectivas compet\u00eancias, as institui\u00e7\u00f5es aprimorem a fiscaliza\u00e7\u00e3o da acessibilidade e incentivem a implementa\u00e7\u00e3o de medidas concretas para garantir a inclus\u00e3o das pessoas com defici\u00eancia.<\/span><span data-ccp-props=\"{&quot;201341983&quot;:0,&quot;335551550&quot;:6,&quot;335551620&quot;:6,&quot;335559740&quot;:360}\">\u00a0<\/span><\/p>\n<p><span data-contrast=\"auto\">Como resultado de todas essas a\u00e7\u00f5es e iniciativas, espera-se promover uma efetiva mudan\u00e7a na sociedade, para que as pessoas menos favorecidas sejam amparadas pelas a\u00e7\u00f5es dos \u00f3rg\u00e3os de controle externo, fazendo com que elas possam ter de fato uma nova realidade de vida, ressaltou o Procurador-Geral.\u00a0<\/span><span data-ccp-props=\"{&quot;201341983&quot;:0,&quot;335551550&quot;:6,&quot;335551620&quot;:6,&quot;335559740&quot;:360}\">\u00a0<\/span><\/p>\n<p><span data-contrast=\"auto\">A Nota Recomendat\u00f3ria \u00e9 assinada pelo Instituto Rui Barbosa (IRB), a Associa\u00e7\u00e3o dos Membros dos Tribunais de Contas do Brasil (Atricon), o Conselho Nacional de Presidentes dos Tribunais de Contas (CNPTC), a Associa\u00e7\u00e3o Brasileira dos Tribunais de Contas dos Munic\u00edpios (ABRACOM), a Associa\u00e7\u00e3o Nacional dos Ministros e Conselheiros Substitutos dos Tribunais de Contas (AUDICON), a Associa\u00e7\u00e3o Nacional do Minist\u00e9rio P\u00fablico de Contas (AMPCON), o Conselho Nacional dos Procuradores-Gerais de Contas (CNPGC) e a Associa\u00e7\u00e3o Nacional dos Auditores de Controle Externo dos Tribunais de Contas do Brasil (ANTC).<\/span><span data-ccp-props=\"{&quot;201341983&quot;:0,&quot;335551550&quot;:6,&quot;335551620&quot;:6,&quot;335559740&quot;:360}\">\u00a0<\/span><\/p>\n","protected":false},"excerpt":{"rendered":"<p>Nesta ter\u00e7a-feira, 18 de fevereiro, o Procurador-Geral do Minist\u00e9rio P\u00fablico de Contas do Paran\u00e1 (MPC-PR), Gabriel Guy L\u00e9ger, participou da solenidade de lan\u00e7amento do projeto \u201cAno da Pessoa com Defici\u00eancia no Controle Externo Brasileiro\u201d, promovido pelo Tribunal de Contas da Uni\u00e3o (TCU).\u00a0\u00a0 O evento aconteceu em Bras\u00edlia (DF) e reuniu autoridades de diversas entidades do [&hellip;]<\/p>\n","protected":false},"author":1,"featured_media":22610,"comment_status":"open","ping_status":"open","sticky":false,"template":"","format":"standard","meta":{"_monsterinsights_skip_tracking":false,"_monsterinsights_sitenote_active":false,"_monsterinsights_sitenote_note":"","_monsterinsights_sitenote_category":0,"footnotes":""},"categories":[7],"tags":[115,114,477,693,13,692,192,664],"class_list":["post-22609","post","type-post","status-publish","format-standard","has-post-thumbnail","hentry","category-todas-as-noticias","tag-acessibilidade","tag-inclusao","tag-inclusao-social","tag-lei-brasileira-de-inclusao","tag-mpc-pr","tag-nota-recomendatoria-conjunta","tag-pessoa-com-deficiencia","tag-tcu","entry","has-media"],"yoast_head":"<!-- This site is optimized with the Yoast SEO plugin v27.3 - https:\/\/yoast.com\/product\/yoast-seo-wordpress\/ -->\n<title>Agenda Institucional: MPC-PR participa do lan\u00e7amento do projeto \u201cAno da Pessoa com Defici\u00eancia no Controle Externo Brasileiro\u201d promovido pelo TCU - Minist\u00e9rio P\u00fablico de Contas do Estado do Paran\u00e1<\/title>\n<meta name=\"robots\" content=\"index, follow, max-snippet:-1, max-image-preview:large, max-video-preview:-1\" \/>\n<link rel=\"canonical\" href=\"https:\/\/www.mpc.pr.gov.br\/index.php\/agenda-institucional-mpc-pr-participa-do-lancamento-do-projeto-ano-da-pessoa-com-deficiencia-no-controle-externo-brasileiro-promovido-pelo-tcu\/\" \/>\n<meta property=\"og:locale\" content=\"pt_BR\" \/>\n<meta property=\"og:type\" content=\"article\" \/>\n<meta property=\"og:title\" content=\"Agenda Institucional: MPC-PR participa do lan\u00e7amento do projeto \u201cAno da Pessoa com Defici\u00eancia no Controle Externo Brasileiro\u201d promovido pelo TCU - Minist\u00e9rio P\u00fablico de Contas do Estado do Paran\u00e1\" \/>\n<meta property=\"og:description\" content=\"Nesta ter\u00e7a-feira, 18 de fevereiro, o Procurador-Geral do Minist\u00e9rio P\u00fablico de Contas do Paran\u00e1 (MPC-PR), Gabriel Guy L\u00e9ger, participou da solenidade de lan\u00e7amento do projeto \u201cAno da Pessoa com Defici\u00eancia no Controle Externo Brasileiro\u201d, promovido pelo Tribunal de Contas da Uni\u00e3o (TCU).\u00a0\u00a0 O evento aconteceu em Bras\u00edlia (DF) e reuniu autoridades de diversas entidades do [&hellip;]\" \/>\n<meta property=\"og:url\" content=\"https:\/\/www.mpc.pr.gov.br\/index.php\/agenda-institucional-mpc-pr-participa-do-lancamento-do-projeto-ano-da-pessoa-com-deficiencia-no-controle-externo-brasileiro-promovido-pelo-tcu\/\" \/>\n<meta property=\"og:site_name\" content=\"Minist\u00e9rio P\u00fablico de Contas do Estado do Paran\u00e1\" \/>\n<meta property=\"article:publisher\" content=\"https:\/\/www.facebook.com\/mpc.pr\" \/>\n<meta property=\"article:published_time\" content=\"2025-02-19T20:58:43+00:00\" \/>\n<meta property=\"article:modified_time\" content=\"2025-02-28T16:32:45+00:00\" \/>\n<meta property=\"og:image\" content=\"https:\/\/www.mpc.pr.gov.br\/wp-content\/uploads\/2025\/02\/Participacao-do-MPC-no-projeto-do-TCU.png\" \/>\n\t<meta property=\"og:image:width\" content=\"560\" \/>\n\t<meta property=\"og:image:height\" content=\"315\" \/>\n\t<meta property=\"og:image:type\" content=\"image\/png\" \/>\n<meta name=\"author\" content=\"mpcontaspr\" \/>\n<meta name=\"twitter:card\" content=\"summary_large_image\" \/>\n<meta name=\"twitter:label1\" content=\"Escrito por\" \/>\n\t<meta name=\"twitter:data1\" content=\"mpcontaspr\" \/>\n\t<meta name=\"twitter:label2\" content=\"Est. tempo de leitura\" \/>\n\t<meta name=\"twitter:data2\" content=\"4 minutos\" \/>\n<script type=\"application\/ld+json\" class=\"yoast-schema-graph\">{\"@context\":\"https:\\\/\\\/schema.org\",\"@graph\":[{\"@type\":\"Article\",\"@id\":\"https:\\\/\\\/www.mpc.pr.gov.br\\\/index.php\\\/agenda-institucional-mpc-pr-participa-do-lancamento-do-projeto-ano-da-pessoa-com-deficiencia-no-controle-externo-brasileiro-promovido-pelo-tcu\\\/#article\",\"isPartOf\":{\"@id\":\"https:\\\/\\\/www.mpc.pr.gov.br\\\/index.php\\\/agenda-institucional-mpc-pr-participa-do-lancamento-do-projeto-ano-da-pessoa-com-deficiencia-no-controle-externo-brasileiro-promovido-pelo-tcu\\\/\"},\"author\":{\"name\":\"mpcontaspr\",\"@id\":\"https:\\\/\\\/www.mpc.pr.gov.br\\\/#\\\/schema\\\/person\\\/2d83cb8980538d0ec174e8a6284f5e11\"},\"headline\":\"Agenda Institucional: MPC-PR participa do lan\u00e7amento do projeto \u201cAno da Pessoa com Defici\u00eancia no Controle Externo Brasileiro\u201d promovido pelo TCU\",\"datePublished\":\"2025-02-19T20:58:43+00:00\",\"dateModified\":\"2025-02-28T16:32:45+00:00\",\"mainEntityOfPage\":{\"@id\":\"https:\\\/\\\/www.mpc.pr.gov.br\\\/index.php\\\/agenda-institucional-mpc-pr-participa-do-lancamento-do-projeto-ano-da-pessoa-com-deficiencia-no-controle-externo-brasileiro-promovido-pelo-tcu\\\/\"},\"wordCount\":651,\"commentCount\":0,\"publisher\":{\"@id\":\"https:\\\/\\\/www.mpc.pr.gov.br\\\/#organization\"},\"image\":{\"@id\":\"https:\\\/\\\/www.mpc.pr.gov.br\\\/index.php\\\/agenda-institucional-mpc-pr-participa-do-lancamento-do-projeto-ano-da-pessoa-com-deficiencia-no-controle-externo-brasileiro-promovido-pelo-tcu\\\/#primaryimage\"},\"thumbnailUrl\":\"https:\\\/\\\/www.mpc.pr.gov.br\\\/wp-content\\\/uploads\\\/2025\\\/02\\\/Participacao-do-MPC-no-projeto-do-TCU.png\",\"keywords\":[\"Acessibilidade\",\"Inclus\u00e3o\",\"Inclus\u00e3o social\",\"Lei Brasileira de Inclus\u00e3o\",\"MPC-PR\",\"Nota Recomendat\u00f3ria Conjunta\",\"Pessoa com defici\u00eancia\",\"TCU\"],\"articleSection\":[\"Todas as not\u00edcias\"],\"inLanguage\":\"pt-BR\",\"potentialAction\":[{\"@type\":\"CommentAction\",\"name\":\"Comment\",\"target\":[\"https:\\\/\\\/www.mpc.pr.gov.br\\\/index.php\\\/agenda-institucional-mpc-pr-participa-do-lancamento-do-projeto-ano-da-pessoa-com-deficiencia-no-controle-externo-brasileiro-promovido-pelo-tcu\\\/#respond\"]}]},{\"@type\":\"WebPage\",\"@id\":\"https:\\\/\\\/www.mpc.pr.gov.br\\\/index.php\\\/agenda-institucional-mpc-pr-participa-do-lancamento-do-projeto-ano-da-pessoa-com-deficiencia-no-controle-externo-brasileiro-promovido-pelo-tcu\\\/\",\"url\":\"https:\\\/\\\/www.mpc.pr.gov.br\\\/index.php\\\/agenda-institucional-mpc-pr-participa-do-lancamento-do-projeto-ano-da-pessoa-com-deficiencia-no-controle-externo-brasileiro-promovido-pelo-tcu\\\/\",\"name\":\"Agenda Institucional: MPC-PR participa do lan\u00e7amento do projeto \u201cAno da Pessoa com Defici\u00eancia no Controle Externo Brasileiro\u201d promovido pelo TCU - Minist\u00e9rio P\u00fablico de Contas do Estado do Paran\u00e1\",\"isPartOf\":{\"@id\":\"https:\\\/\\\/www.mpc.pr.gov.br\\\/#website\"},\"primaryImageOfPage\":{\"@id\":\"https:\\\/\\\/www.mpc.pr.gov.br\\\/index.php\\\/agenda-institucional-mpc-pr-participa-do-lancamento-do-projeto-ano-da-pessoa-com-deficiencia-no-controle-externo-brasileiro-promovido-pelo-tcu\\\/#primaryimage\"},\"image\":{\"@id\":\"https:\\\/\\\/www.mpc.pr.gov.br\\\/index.php\\\/agenda-institucional-mpc-pr-participa-do-lancamento-do-projeto-ano-da-pessoa-com-deficiencia-no-controle-externo-brasileiro-promovido-pelo-tcu\\\/#primaryimage\"},\"thumbnailUrl\":\"https:\\\/\\\/www.mpc.pr.gov.br\\\/wp-content\\\/uploads\\\/2025\\\/02\\\/Participacao-do-MPC-no-projeto-do-TCU.png\",\"datePublished\":\"2025-02-19T20:58:43+00:00\",\"dateModified\":\"2025-02-28T16:32:45+00:00\",\"breadcrumb\":{\"@id\":\"https:\\\/\\\/www.mpc.pr.gov.br\\\/index.php\\\/agenda-institucional-mpc-pr-participa-do-lancamento-do-projeto-ano-da-pessoa-com-deficiencia-no-controle-externo-brasileiro-promovido-pelo-tcu\\\/#breadcrumb\"},\"inLanguage\":\"pt-BR\",\"potentialAction\":[{\"@type\":\"ReadAction\",\"target\":[\"https:\\\/\\\/www.mpc.pr.gov.br\\\/index.php\\\/agenda-institucional-mpc-pr-participa-do-lancamento-do-projeto-ano-da-pessoa-com-deficiencia-no-controle-externo-brasileiro-promovido-pelo-tcu\\\/\"]}]},{\"@type\":\"ImageObject\",\"inLanguage\":\"pt-BR\",\"@id\":\"https:\\\/\\\/www.mpc.pr.gov.br\\\/index.php\\\/agenda-institucional-mpc-pr-participa-do-lancamento-do-projeto-ano-da-pessoa-com-deficiencia-no-controle-externo-brasileiro-promovido-pelo-tcu\\\/#primaryimage\",\"url\":\"https:\\\/\\\/www.mpc.pr.gov.br\\\/wp-content\\\/uploads\\\/2025\\\/02\\\/Participacao-do-MPC-no-projeto-do-TCU.png\",\"contentUrl\":\"https:\\\/\\\/www.mpc.pr.gov.br\\\/wp-content\\\/uploads\\\/2025\\\/02\\\/Participacao-do-MPC-no-projeto-do-TCU.png\",\"width\":560,\"height\":315},{\"@type\":\"BreadcrumbList\",\"@id\":\"https:\\\/\\\/www.mpc.pr.gov.br\\\/index.php\\\/agenda-institucional-mpc-pr-participa-do-lancamento-do-projeto-ano-da-pessoa-com-deficiencia-no-controle-externo-brasileiro-promovido-pelo-tcu\\\/#breadcrumb\",\"itemListElement\":[{\"@type\":\"ListItem\",\"position\":1,\"name\":\"In\u00edcio\",\"item\":\"https:\\\/\\\/www.mpc.pr.gov.br\\\/\"},{\"@type\":\"ListItem\",\"position\":2,\"name\":\"Agenda Institucional: MPC-PR participa do lan\u00e7amento do projeto \u201cAno da Pessoa com Defici\u00eancia no Controle Externo Brasileiro\u201d promovido pelo TCU\"}]},{\"@type\":\"WebSite\",\"@id\":\"https:\\\/\\\/www.mpc.pr.gov.br\\\/#website\",\"url\":\"https:\\\/\\\/www.mpc.pr.gov.br\\\/\",\"name\":\"Minist\u00e9rio P\u00fablico de Contas do Estado do Paran\u00e1\",\"description\":\"\",\"publisher\":{\"@id\":\"https:\\\/\\\/www.mpc.pr.gov.br\\\/#organization\"},\"potentialAction\":[{\"@type\":\"SearchAction\",\"target\":{\"@type\":\"EntryPoint\",\"urlTemplate\":\"https:\\\/\\\/www.mpc.pr.gov.br\\\/?s={search_term_string}\"},\"query-input\":{\"@type\":\"PropertyValueSpecification\",\"valueRequired\":true,\"valueName\":\"search_term_string\"}}],\"inLanguage\":\"pt-BR\"},{\"@type\":\"Organization\",\"@id\":\"https:\\\/\\\/www.mpc.pr.gov.br\\\/#organization\",\"name\":\"Minist\u00e9rio P\u00fablico de Contas do Estado do Paran\u00e1\",\"url\":\"https:\\\/\\\/www.mpc.pr.gov.br\\\/\",\"logo\":{\"@type\":\"ImageObject\",\"inLanguage\":\"pt-BR\",\"@id\":\"https:\\\/\\\/www.mpc.pr.gov.br\\\/#\\\/schema\\\/logo\\\/image\\\/\",\"url\":\"https:\\\/\\\/www.mpc.pr.gov.br\\\/wp-content\\\/uploads\\\/2020\\\/06\\\/99423647_1593460364143890_6706793420720963584_n-1-e1591387983167.png\",\"contentUrl\":\"https:\\\/\\\/www.mpc.pr.gov.br\\\/wp-content\\\/uploads\\\/2020\\\/06\\\/99423647_1593460364143890_6706793420720963584_n-1-e1591387983167.png\",\"width\":243,\"height\":73,\"caption\":\"Minist\u00e9rio P\u00fablico de Contas do Estado do Paran\u00e1\"},\"image\":{\"@id\":\"https:\\\/\\\/www.mpc.pr.gov.br\\\/#\\\/schema\\\/logo\\\/image\\\/\"},\"sameAs\":[\"https:\\\/\\\/www.facebook.com\\\/mpc.pr\",\"https:\\\/\\\/www.instagram.com\\\/mpc.pr\\\/?hl=pt-br\",\"https:\\\/\\\/www.youtube.com\\\/channel\\\/UCHri5oEM8DV0ztX57E0sBSw\"]},{\"@type\":\"Person\",\"@id\":\"https:\\\/\\\/www.mpc.pr.gov.br\\\/#\\\/schema\\\/person\\\/2d83cb8980538d0ec174e8a6284f5e11\",\"name\":\"mpcontaspr\",\"image\":{\"@type\":\"ImageObject\",\"inLanguage\":\"pt-BR\",\"@id\":\"https:\\\/\\\/secure.gravatar.com\\\/avatar\\\/1aef51541db7622e05fd639336c9c9f312c2a618396e2b6ca96846362fc5403f?s=96&d=mm&r=g\",\"url\":\"https:\\\/\\\/secure.gravatar.com\\\/avatar\\\/1aef51541db7622e05fd639336c9c9f312c2a618396e2b6ca96846362fc5403f?s=96&d=mm&r=g\",\"contentUrl\":\"https:\\\/\\\/secure.gravatar.com\\\/avatar\\\/1aef51541db7622e05fd639336c9c9f312c2a618396e2b6ca96846362fc5403f?s=96&d=mm&r=g\",\"caption\":\"mpcontaspr\"},\"sameAs\":[\"http:\\\/\\\/www.mpc.pr.gov.br\"]}]}<\/script>\n<!-- \/ Yoast SEO plugin. -->","yoast_head_json":{"title":"Agenda Institucional: MPC-PR participa do lan\u00e7amento do projeto \u201cAno da Pessoa com Defici\u00eancia no Controle Externo Brasileiro\u201d promovido pelo TCU - Minist\u00e9rio P\u00fablico de Contas do Estado do Paran\u00e1","robots":{"index":"index","follow":"follow","max-snippet":"max-snippet:-1","max-image-preview":"max-image-preview:large","max-video-preview":"max-video-preview:-1"},"canonical":"https:\/\/www.mpc.pr.gov.br\/index.php\/agenda-institucional-mpc-pr-participa-do-lancamento-do-projeto-ano-da-pessoa-com-deficiencia-no-controle-externo-brasileiro-promovido-pelo-tcu\/","og_locale":"pt_BR","og_type":"article","og_title":"Agenda Institucional: MPC-PR participa do lan\u00e7amento do projeto \u201cAno da Pessoa com Defici\u00eancia no Controle Externo Brasileiro\u201d promovido pelo TCU - Minist\u00e9rio P\u00fablico de Contas do Estado do Paran\u00e1","og_description":"Nesta ter\u00e7a-feira, 18 de fevereiro, o Procurador-Geral do Minist\u00e9rio P\u00fablico de Contas do Paran\u00e1 (MPC-PR), Gabriel Guy L\u00e9ger, participou da solenidade de lan\u00e7amento do projeto \u201cAno da Pessoa com Defici\u00eancia no Controle Externo Brasileiro\u201d, promovido pelo Tribunal de Contas da Uni\u00e3o (TCU).\u00a0\u00a0 O evento aconteceu em Bras\u00edlia (DF) e reuniu autoridades de diversas entidades do [&hellip;]","og_url":"https:\/\/www.mpc.pr.gov.br\/index.php\/agenda-institucional-mpc-pr-participa-do-lancamento-do-projeto-ano-da-pessoa-com-deficiencia-no-controle-externo-brasileiro-promovido-pelo-tcu\/","og_site_name":"Minist\u00e9rio P\u00fablico de Contas do Estado do Paran\u00e1","article_publisher":"https:\/\/www.facebook.com\/mpc.pr","article_published_time":"2025-02-19T20:58:43+00:00","article_modified_time":"2025-02-28T16:32:45+00:00","og_image":[{"width":560,"height":315,"url":"https:\/\/www.mpc.pr.gov.br\/wp-content\/uploads\/2025\/02\/Participacao-do-MPC-no-projeto-do-TCU.png","type":"image\/png"}],"author":"mpcontaspr","twitter_card":"summary_large_image","twitter_misc":{"Escrito por":"mpcontaspr","Est. tempo de leitura":"4 minutos"},"schema":{"@context":"https:\/\/schema.org","@graph":[{"@type":"Article","@id":"https:\/\/www.mpc.pr.gov.br\/index.php\/agenda-institucional-mpc-pr-participa-do-lancamento-do-projeto-ano-da-pessoa-com-deficiencia-no-controle-externo-brasileiro-promovido-pelo-tcu\/#article","isPartOf":{"@id":"https:\/\/www.mpc.pr.gov.br\/index.php\/agenda-institucional-mpc-pr-participa-do-lancamento-do-projeto-ano-da-pessoa-com-deficiencia-no-controle-externo-brasileiro-promovido-pelo-tcu\/"},"author":{"name":"mpcontaspr","@id":"https:\/\/www.mpc.pr.gov.br\/#\/schema\/person\/2d83cb8980538d0ec174e8a6284f5e11"},"headline":"Agenda Institucional: MPC-PR participa do lan\u00e7amento do projeto \u201cAno da Pessoa com Defici\u00eancia no Controle Externo Brasileiro\u201d promovido pelo TCU","datePublished":"2025-02-19T20:58:43+00:00","dateModified":"2025-02-28T16:32:45+00:00","mainEntityOfPage":{"@id":"https:\/\/www.mpc.pr.gov.br\/index.php\/agenda-institucional-mpc-pr-participa-do-lancamento-do-projeto-ano-da-pessoa-com-deficiencia-no-controle-externo-brasileiro-promovido-pelo-tcu\/"},"wordCount":651,"commentCount":0,"publisher":{"@id":"https:\/\/www.mpc.pr.gov.br\/#organization"},"image":{"@id":"https:\/\/www.mpc.pr.gov.br\/index.php\/agenda-institucional-mpc-pr-participa-do-lancamento-do-projeto-ano-da-pessoa-com-deficiencia-no-controle-externo-brasileiro-promovido-pelo-tcu\/#primaryimage"},"thumbnailUrl":"https:\/\/www.mpc.pr.gov.br\/wp-content\/uploads\/2025\/02\/Participacao-do-MPC-no-projeto-do-TCU.png","keywords":["Acessibilidade","Inclus\u00e3o","Inclus\u00e3o social","Lei Brasileira de Inclus\u00e3o","MPC-PR","Nota Recomendat\u00f3ria Conjunta","Pessoa com defici\u00eancia","TCU"],"articleSection":["Todas as not\u00edcias"],"inLanguage":"pt-BR","potentialAction":[{"@type":"CommentAction","name":"Comment","target":["https:\/\/www.mpc.pr.gov.br\/index.php\/agenda-institucional-mpc-pr-participa-do-lancamento-do-projeto-ano-da-pessoa-com-deficiencia-no-controle-externo-brasileiro-promovido-pelo-tcu\/#respond"]}]},{"@type":"WebPage","@id":"https:\/\/www.mpc.pr.gov.br\/index.php\/agenda-institucional-mpc-pr-participa-do-lancamento-do-projeto-ano-da-pessoa-com-deficiencia-no-controle-externo-brasileiro-promovido-pelo-tcu\/","url":"https:\/\/www.mpc.pr.gov.br\/index.php\/agenda-institucional-mpc-pr-participa-do-lancamento-do-projeto-ano-da-pessoa-com-deficiencia-no-controle-externo-brasileiro-promovido-pelo-tcu\/","name":"Agenda Institucional: MPC-PR participa do lan\u00e7amento do projeto \u201cAno da Pessoa com Defici\u00eancia no Controle Externo Brasileiro\u201d promovido pelo TCU - Minist\u00e9rio P\u00fablico de Contas do Estado do Paran\u00e1","isPartOf":{"@id":"https:\/\/www.mpc.pr.gov.br\/#website"},"primaryImageOfPage":{"@id":"https:\/\/www.mpc.pr.gov.br\/index.php\/agenda-institucional-mpc-pr-participa-do-lancamento-do-projeto-ano-da-pessoa-com-deficiencia-no-controle-externo-brasileiro-promovido-pelo-tcu\/#primaryimage"},"image":{"@id":"https:\/\/www.mpc.pr.gov.br\/index.php\/agenda-institucional-mpc-pr-participa-do-lancamento-do-projeto-ano-da-pessoa-com-deficiencia-no-controle-externo-brasileiro-promovido-pelo-tcu\/#primaryimage"},"thumbnailUrl":"https:\/\/www.mpc.pr.gov.br\/wp-content\/uploads\/2025\/02\/Participacao-do-MPC-no-projeto-do-TCU.png","datePublished":"2025-02-19T20:58:43+00:00","dateModified":"2025-02-28T16:32:45+00:00","breadcrumb":{"@id":"https:\/\/www.mpc.pr.gov.br\/index.php\/agenda-institucional-mpc-pr-participa-do-lancamento-do-projeto-ano-da-pessoa-com-deficiencia-no-controle-externo-brasileiro-promovido-pelo-tcu\/#breadcrumb"},"inLanguage":"pt-BR","potentialAction":[{"@type":"ReadAction","target":["https:\/\/www.mpc.pr.gov.br\/index.php\/agenda-institucional-mpc-pr-participa-do-lancamento-do-projeto-ano-da-pessoa-com-deficiencia-no-controle-externo-brasileiro-promovido-pelo-tcu\/"]}]},{"@type":"ImageObject","inLanguage":"pt-BR","@id":"https:\/\/www.mpc.pr.gov.br\/index.php\/agenda-institucional-mpc-pr-participa-do-lancamento-do-projeto-ano-da-pessoa-com-deficiencia-no-controle-externo-brasileiro-promovido-pelo-tcu\/#primaryimage","url":"https:\/\/www.mpc.pr.gov.br\/wp-content\/uploads\/2025\/02\/Participacao-do-MPC-no-projeto-do-TCU.png","contentUrl":"https:\/\/www.mpc.pr.gov.br\/wp-content\/uploads\/2025\/02\/Participacao-do-MPC-no-projeto-do-TCU.png","width":560,"height":315},{"@type":"BreadcrumbList","@id":"https:\/\/www.mpc.pr.gov.br\/index.php\/agenda-institucional-mpc-pr-participa-do-lancamento-do-projeto-ano-da-pessoa-com-deficiencia-no-controle-externo-brasileiro-promovido-pelo-tcu\/#breadcrumb","itemListElement":[{"@type":"ListItem","position":1,"name":"In\u00edcio","item":"https:\/\/www.mpc.pr.gov.br\/"},{"@type":"ListItem","position":2,"name":"Agenda Institucional: MPC-PR participa do lan\u00e7amento do projeto \u201cAno da Pessoa com Defici\u00eancia no Controle Externo Brasileiro\u201d promovido pelo TCU"}]},{"@type":"WebSite","@id":"https:\/\/www.mpc.pr.gov.br\/#website","url":"https:\/\/www.mpc.pr.gov.br\/","name":"Minist\u00e9rio P\u00fablico de Contas do Estado do Paran\u00e1","description":"","publisher":{"@id":"https:\/\/www.mpc.pr.gov.br\/#organization"},"potentialAction":[{"@type":"SearchAction","target":{"@type":"EntryPoint","urlTemplate":"https:\/\/www.mpc.pr.gov.br\/?s={search_term_string}"},"query-input":{"@type":"PropertyValueSpecification","valueRequired":true,"valueName":"search_term_string"}}],"inLanguage":"pt-BR"},{"@type":"Organization","@id":"https:\/\/www.mpc.pr.gov.br\/#organization","name":"Minist\u00e9rio P\u00fablico de Contas do Estado do Paran\u00e1","url":"https:\/\/www.mpc.pr.gov.br\/","logo":{"@type":"ImageObject","inLanguage":"pt-BR","@id":"https:\/\/www.mpc.pr.gov.br\/#\/schema\/logo\/image\/","url":"https:\/\/www.mpc.pr.gov.br\/wp-content\/uploads\/2020\/06\/99423647_1593460364143890_6706793420720963584_n-1-e1591387983167.png","contentUrl":"https:\/\/www.mpc.pr.gov.br\/wp-content\/uploads\/2020\/06\/99423647_1593460364143890_6706793420720963584_n-1-e1591387983167.png","width":243,"height":73,"caption":"Minist\u00e9rio P\u00fablico de Contas do Estado do Paran\u00e1"},"image":{"@id":"https:\/\/www.mpc.pr.gov.br\/#\/schema\/logo\/image\/"},"sameAs":["https:\/\/www.facebook.com\/mpc.pr","https:\/\/www.instagram.com\/mpc.pr\/?hl=pt-br","https:\/\/www.youtube.com\/channel\/UCHri5oEM8DV0ztX57E0sBSw"]},{"@type":"Person","@id":"https:\/\/www.mpc.pr.gov.br\/#\/schema\/person\/2d83cb8980538d0ec174e8a6284f5e11","name":"mpcontaspr","image":{"@type":"ImageObject","inLanguage":"pt-BR","@id":"https:\/\/secure.gravatar.com\/avatar\/1aef51541db7622e05fd639336c9c9f312c2a618396e2b6ca96846362fc5403f?s=96&d=mm&r=g","url":"https:\/\/secure.gravatar.com\/avatar\/1aef51541db7622e05fd639336c9c9f312c2a618396e2b6ca96846362fc5403f?s=96&d=mm&r=g","contentUrl":"https:\/\/secure.gravatar.com\/avatar\/1aef51541db7622e05fd639336c9c9f312c2a618396e2b6ca96846362fc5403f?s=96&d=mm&r=g","caption":"mpcontaspr"},"sameAs":["http:\/\/www.mpc.pr.gov.br"]}]}},"rttpg_featured_image_url":{"full":["https:\/\/www.mpc.pr.gov.br\/wp-content\/uploads\/2025\/02\/Participacao-do-MPC-no-projeto-do-TCU.png",560,315,false],"landscape":["https:\/\/www.mpc.pr.gov.br\/wp-content\/uploads\/2025\/02\/Participacao-do-MPC-no-projeto-do-TCU.png",560,315,false],"portraits":["https:\/\/www.mpc.pr.gov.br\/wp-content\/uploads\/2025\/02\/Participacao-do-MPC-no-projeto-do-TCU.png",560,315,false],"thumbnail":["https:\/\/www.mpc.pr.gov.br\/wp-content\/uploads\/2025\/02\/Participacao-do-MPC-no-projeto-do-TCU-150x150.png",150,150,true],"medium":["https:\/\/www.mpc.pr.gov.br\/wp-content\/uploads\/2025\/02\/Participacao-do-MPC-no-projeto-do-TCU-300x169.png",300,169,true],"large":["https:\/\/www.mpc.pr.gov.br\/wp-content\/uploads\/2025\/02\/Participacao-do-MPC-no-projeto-do-TCU.png",560,315,false],"1536x1536":["https:\/\/www.mpc.pr.gov.br\/wp-content\/uploads\/2025\/02\/Participacao-do-MPC-no-projeto-do-TCU.png",560,315,false],"2048x2048":["https:\/\/www.mpc.pr.gov.br\/wp-content\/uploads\/2025\/02\/Participacao-do-MPC-no-projeto-do-TCU.png",560,315,false],"ocean-thumb-m":["https:\/\/www.mpc.pr.gov.br\/wp-content\/uploads\/2025\/02\/Participacao-do-MPC-no-projeto-do-TCU.png",560,315,false],"ocean-thumb-ml":["https:\/\/www.mpc.pr.gov.br\/wp-content\/uploads\/2025\/02\/Participacao-do-MPC-no-projeto-do-TCU.png",560,315,false],"ocean-thumb-l":["https:\/\/www.mpc.pr.gov.br\/wp-content\/uploads\/2025\/02\/Participacao-do-MPC-no-projeto-do-TCU.png",560,315,false]},"rttpg_author":{"display_name":"mpcontaspr","author_link":"https:\/\/www.mpc.pr.gov.br\/index.php\/author\/mpcontaspr\/"},"rttpg_comment":0,"rttpg_category":"<a href=\"https:\/\/www.mpc.pr.gov.br\/index.php\/category\/todas-as-noticias\/\" rel=\"category tag\">Todas as not\u00edcias<\/a>","rttpg_excerpt":"Nesta ter\u00e7a-feira, 18 de fevereiro, o Procurador-Geral do Minist\u00e9rio P\u00fablico de Contas do Paran\u00e1 (MPC-PR), Gabriel Guy L\u00e9ger, participou da solenidade de lan\u00e7amento do projeto \u201cAno da Pessoa com Defici\u00eancia no Controle Externo Brasileiro\u201d, promovido pelo Tribunal de Contas da Uni\u00e3o (TCU).\u00a0\u00a0 O evento aconteceu em Bras\u00edlia (DF) e reuniu autoridades de diversas entidades do&hellip;","_links":{"self":[{"href":"https:\/\/www.mpc.pr.gov.br\/index.php\/wp-json\/wp\/v2\/posts\/22609","targetHints":{"allow":["GET"]}}],"collection":[{"href":"https:\/\/www.mpc.pr.gov.br\/index.php\/wp-json\/wp\/v2\/posts"}],"about":[{"href":"https:\/\/www.mpc.pr.gov.br\/index.php\/wp-json\/wp\/v2\/types\/post"}],"author":[{"embeddable":true,"href":"https:\/\/www.mpc.pr.gov.br\/index.php\/wp-json\/wp\/v2\/users\/1"}],"replies":[{"embeddable":true,"href":"https:\/\/www.mpc.pr.gov.br\/index.php\/wp-json\/wp\/v2\/comments?post=22609"}],"version-history":[{"count":2,"href":"https:\/\/www.mpc.pr.gov.br\/index.php\/wp-json\/wp\/v2\/posts\/22609\/revisions"}],"predecessor-version":[{"id":22612,"href":"https:\/\/www.mpc.pr.gov.br\/index.php\/wp-json\/wp\/v2\/posts\/22609\/revisions\/22612"}],"wp:featuredmedia":[{"embeddable":true,"href":"https:\/\/www.mpc.pr.gov.br\/index.php\/wp-json\/wp\/v2\/media\/22610"}],"wp:attachment":[{"href":"https:\/\/www.mpc.pr.gov.br\/index.php\/wp-json\/wp\/v2\/media?parent=22609"}],"wp:term":[{"taxonomy":"category","embeddable":true,"href":"https:\/\/www.mpc.pr.gov.br\/index.php\/wp-json\/wp\/v2\/categories?post=22609"},{"taxonomy":"post_tag","embeddable":true,"href":"https:\/\/www.mpc.pr.gov.br\/index.php\/wp-json\/wp\/v2\/tags?post=22609"}],"curies":[{"name":"wp","href":"https:\/\/api.w.org\/{rel}","templated":true}]}}