{"id":22622,"date":"2025-02-20T14:40:29","date_gmt":"2025-02-20T17:40:29","guid":{"rendered":"https:\/\/www.mpc.pr.gov.br\/?p=22622"},"modified":"2025-03-11T09:55:06","modified_gmt":"2025-03-11T12:55:06","slug":"nova-diretoria-da-ampcon-toma-posse-para-o-bienio-2025-2026","status":"publish","type":"post","link":"https:\/\/www.mpc.pr.gov.br\/index.php\/nova-diretoria-da-ampcon-toma-posse-para-o-bienio-2025-2026\/","title":{"rendered":"Nova Diretoria da Ampcon toma posse para o bi\u00eanio 2025-2026"},"content":{"rendered":"<h2><strong><em><span class=\"TextRun SCXW58806188 BCX0\" lang=\"PT-BR\" xml:lang=\"PT-BR\" data-contrast=\"auto\"><span class=\"NormalTextRun SCXW58806188 BCX0\">Procurador-Geral do MPC-PR, Gabriel Guy L\u00e9ger, ocupa o cargo de 2\u00ba Diretor Executivo<\/span><\/span><span class=\"EOP SCXW58806188 BCX0\" data-ccp-props=\"{&quot;201341983&quot;:0,&quot;335551550&quot;:6,&quot;335551620&quot;:6,&quot;335559738&quot;:240,&quot;335559740&quot;:360}\">\u00a0<\/span><\/em><\/strong><\/h2>\n<p><span data-contrast=\"auto\"><img fetchpriority=\"high\" decoding=\"async\" class=\"size-medium wp-image-22623 alignleft\" src=\"https:\/\/www.mpc.pr.gov.br\/wp-content\/uploads\/2025\/02\/Posse-ampcon-2025-2026-01-300x169.jpeg\" alt=\"\" width=\"300\" height=\"169\" srcset=\"https:\/\/www.mpc.pr.gov.br\/wp-content\/uploads\/2025\/02\/Posse-ampcon-2025-2026-01-300x169.jpeg 300w, https:\/\/www.mpc.pr.gov.br\/wp-content\/uploads\/2025\/02\/Posse-ampcon-2025-2026-01-1024x576.jpeg 1024w, https:\/\/www.mpc.pr.gov.br\/wp-content\/uploads\/2025\/02\/Posse-ampcon-2025-2026-01-768x432.jpeg 768w, https:\/\/www.mpc.pr.gov.br\/wp-content\/uploads\/2025\/02\/Posse-ampcon-2025-2026-01-800x450.jpeg 800w, https:\/\/www.mpc.pr.gov.br\/wp-content\/uploads\/2025\/02\/Posse-ampcon-2025-2026-01.jpeg 1280w\" sizes=\"(max-width: 300px) 100vw, 300px\" \/>Na manh\u00e3 desta quarta-feira, 19 de fevereiro, foi realizada a Posse Conjunta da <a href=\"https:\/\/ampcon.org.br\/\">Associa\u00e7\u00e3o Nacional do Minist\u00e9rio P\u00fablico de Contas (Ampcon)<\/a> e do <a href=\"https:\/\/cnpgc.org.br\/\">Conselho Nacional dos Procuradores-Gerais de Contas (CNPGC)<\/a> para o bi\u00eanio 2025-2026, em cerim\u00f4nia realizada no Tribunal de Contas da Uni\u00e3o (TCU), em Bras\u00edlia.\u00a0<\/span><span data-ccp-props=\"{&quot;201341983&quot;:0,&quot;335551550&quot;:6,&quot;335551620&quot;:6,&quot;335559738&quot;:240,&quot;335559740&quot;:360}\">\u00a0<\/span><\/p>\n<p><span data-contrast=\"auto\">Na ocasi\u00e3o, o Procurador-Geral do Minist\u00e9rio P\u00fablico de Contas de Minas Gerais (MPC-MG), Marc\u00edlio Barenco, foi empossado como Presidente da Ampcon e, tamb\u00e9m, como Vice-Presidente\/Diretor para a Regi\u00e3o Sudeste no CNPGC. J\u00e1 a Procuradora-Geral do Minist\u00e9rio P\u00fablico junto ao Tribunal de Contas da Uni\u00e3o (MPTCU), Cristina Machado Costa e Silva, foi reconduzida ao cargo a Presidente do CNPGC.<\/span><span data-ccp-props=\"{&quot;201341983&quot;:0,&quot;335551550&quot;:6,&quot;335551620&quot;:6,&quot;335559738&quot;:240,&quot;335559740&quot;:360}\">\u00a0<\/span><\/p>\n<p><span data-contrast=\"auto\">Representando o Minist\u00e9rio P\u00fablico de Contas do Paran\u00e1 (MPC-PR), o Procurador-Geral Guy L\u00e9ger, tamb\u00e9m tomou posse da Diretoria da Ampcon, no cargo de 2\u00ba Diretor Executivo.\u00a0<\/span><span data-ccp-props=\"{&quot;201341983&quot;:0,&quot;335551550&quot;:6,&quot;335551620&quot;:6,&quot;335559738&quot;:240,&quot;335559740&quot;:360}\">\u00a0<\/span><\/p>\n<h4><b><span data-contrast=\"auto\">Discurso de Barenco<\/span><\/b><span data-contrast=\"auto\">\u00a0\u00a0<\/span><span data-ccp-props=\"{&quot;201341983&quot;:0,&quot;335551550&quot;:6,&quot;335551620&quot;:6,&quot;335557856&quot;:16777215,&quot;335559738&quot;:240,&quot;335559740&quot;:360}\">\u00a0<\/span><\/h4>\n<figure id=\"attachment_22624\" aria-describedby=\"caption-attachment-22624\" style=\"width: 300px\" class=\"wp-caption alignleft\"><img decoding=\"async\" class=\"size-medium wp-image-22624\" src=\"https:\/\/www.mpc.pr.gov.br\/wp-content\/uploads\/2025\/02\/Marcilio-Barenco-300x200.jpg\" alt=\"\" width=\"300\" height=\"200\" srcset=\"https:\/\/www.mpc.pr.gov.br\/wp-content\/uploads\/2025\/02\/Marcilio-Barenco-300x200.jpg 300w, https:\/\/www.mpc.pr.gov.br\/wp-content\/uploads\/2025\/02\/Marcilio-Barenco-1024x683.jpg 1024w, https:\/\/www.mpc.pr.gov.br\/wp-content\/uploads\/2025\/02\/Marcilio-Barenco-768x512.jpg 768w, https:\/\/www.mpc.pr.gov.br\/wp-content\/uploads\/2025\/02\/Marcilio-Barenco-1536x1024.jpg 1536w, https:\/\/www.mpc.pr.gov.br\/wp-content\/uploads\/2025\/02\/Marcilio-Barenco-2048x1365.jpg 2048w\" sizes=\"(max-width: 300px) 100vw, 300px\" \/><figcaption id=\"caption-attachment-22624\" class=\"wp-caption-text\">O Presidente empossado, Marc\u00edlio Barenco, durante discurso.<\/figcaption><\/figure>\n<p><span data-contrast=\"auto\">O novo Presidente da Ampcon, Marc\u00edlio Barenco, iniciou seu discurso destacando o compromisso da Associa\u00e7\u00e3o, que completa 40 anos, com o aprimoramento da atua\u00e7\u00e3o dos Minist\u00e9rios P\u00fablicos de Contas em todo o pa\u00eds. Ele enfatizou a import\u00e2ncia da independ\u00eancia funcional do MPC, uma vez que essa autonomia \u00e9 essencial para que o \u00d3rg\u00e3o Ministerial exer\u00e7a sua fun\u00e7\u00e3o de fiscaliza\u00e7\u00e3o e defesa do interesse p\u00fablico de maneira imparcial e efetiva.\u00a0<\/span><span data-ccp-props=\"{&quot;201341983&quot;:0,&quot;335551550&quot;:6,&quot;335551620&quot;:6,&quot;335557856&quot;:16777215,&quot;335559738&quot;:240,&quot;335559739&quot;:160,&quot;335559740&quot;:360}\">\u00a0<\/span><\/p>\n<p><span data-contrast=\"auto\">Barenco ressaltou que a Constitui\u00e7\u00e3o de 1988 foi um marco para a consolida\u00e7\u00e3o do MPC, estabelecendo sua fun\u00e7\u00e3o essencial \u00e0 administra\u00e7\u00e3o da justi\u00e7a. \u201cSomos institui\u00e7\u00e3o que se amolda \u00e0 forma de estrutura\u00e7\u00e3o do Estado brasileiro quando de sua redemocratiza\u00e7\u00e3o e assim permaneceremos em constante aprimoramento.\u201d\u00a0<\/span><span data-ccp-props=\"{&quot;201341983&quot;:0,&quot;335551550&quot;:6,&quot;335551620&quot;:6,&quot;335557856&quot;:16777215,&quot;335559738&quot;:240,&quot;335559739&quot;:160,&quot;335559740&quot;:360}\">\u00a0<\/span><\/p>\n<p><span data-contrast=\"auto\">Ele tamb\u00e9m mencionou a recente decis\u00e3o da A\u00e7\u00e3o Direta de Inconstitucionalidade (ADI 5254), julgada em 2024, que refor\u00e7ou a autonomia do MPC e determinou que os Tribunais de Contas garantam recursos necess\u00e1rios para o funcionamento do \u00f3rg\u00e3o: \u201cPara que os membros do Minist\u00e9rio P\u00fablico de Contas possam exercer suas fun\u00e7\u00f5es de modo independente, com autonomia funcional, o respectivo Tribunal de Contas deve garantir todos os recursos necess\u00e1rios, entre eles os recursos humanos e financeiros, sob pena de invalida\u00e7\u00e3o do ato e de responsabilidade.\u201d\u00a0<\/span><span data-ccp-props=\"{&quot;201341983&quot;:0,&quot;335551550&quot;:6,&quot;335551620&quot;:6,&quot;335557856&quot;:16777215,&quot;335559738&quot;:240,&quot;335559739&quot;:160,&quot;335559740&quot;:360}\">\u00a0<\/span><\/p>\n<p><span data-contrast=\"auto\">O Presidente da Ampcon destacou, ainda, o papel da entidade na defesa da institui\u00e7\u00e3o e na aproxima\u00e7\u00e3o do MPC com a sociedade. Segundo ele, um dos desafios atuais \u00e9 garantir que o Minist\u00e9rio P\u00fablico de Contas seja reconhecido pelo seu protagonismo e relev\u00e2ncia na fiscaliza\u00e7\u00e3o dos recursos p\u00fablicos. \u201cA Ampcon deve ser a institui\u00e7\u00e3o que visa dar suporte \u00e0 amplia\u00e7\u00e3o das garantias, prerrogativas e instrumentos de atua\u00e7\u00e3o funcional dos Procuradores dos MPCs, que s\u00e3o elementos de salvaguarda de defesa dos interesses sociais e do bem servir \u00e0 popula\u00e7\u00e3o.\u201d Ele refor\u00e7ou que a transpar\u00eancia e a boa governan\u00e7a da Ampcon ser\u00e3o prioridade nos pr\u00f3ximos dois anos de gest\u00e3o.\u00a0<\/span><span data-ccp-props=\"{&quot;201341983&quot;:0,&quot;335551550&quot;:6,&quot;335551620&quot;:6,&quot;335557856&quot;:16777215,&quot;335559738&quot;:240,&quot;335559739&quot;:160,&quot;335559740&quot;:360}\">\u00a0<\/span><\/p>\n<p><span data-contrast=\"auto\">Por fim, Barenco frisou que o fortalecimento do MPC passa pela atua\u00e7\u00e3o conjunta e coordenada entre seus membros e pela troca de boas pr\u00e1ticas entre as institui\u00e7\u00f5es. Ele ressaltou que a Ampcon continuar\u00e1 vigilante diante das mudan\u00e7as institucionais e pol\u00edticas, sempre em defesa da independ\u00eancia e do fortalecimento do controle externo. Encerrando seu discurso, citou uma c\u00e9lebre frase atribu\u00edda a Gandhi para refor\u00e7ar a necessidade de comprometimento de todos na constru\u00e7\u00e3o de um MPC mais forte e atuante: \u201cTemos de nos tornar a mudan\u00e7a que queremos ver.\u201d\u00a0<\/span><span data-ccp-props=\"{&quot;201341983&quot;:0,&quot;335551550&quot;:6,&quot;335551620&quot;:6,&quot;335557856&quot;:16777215,&quot;335559738&quot;:240,&quot;335559739&quot;:160,&quot;335559740&quot;:360}\">\u00a0<\/span><\/p>\n<h4><b><span data-contrast=\"auto\">Conhe\u00e7a os membros da empossados da Ampcon\u00a0<\/span><\/b><span data-ccp-props=\"{&quot;201341983&quot;:0,&quot;335551550&quot;:6,&quot;335551620&quot;:6,&quot;335557856&quot;:16777215,&quot;335559738&quot;:240,&quot;335559739&quot;:160,&quot;335559740&quot;:360}\">\u00a0<\/span><\/h4>\n<p><span data-contrast=\"auto\"><strong>Presidente \u2013<\/strong> Marc\u00edlio Barenco Corr\u00eaa de Mello (Procurador-Geral do Minist\u00e9rio P\u00fablico de Contas de Minas Gerais);\u00a0<\/span><span data-ccp-props=\"{&quot;201341983&quot;:0,&quot;335551550&quot;:6,&quot;335551620&quot;:6,&quot;335557856&quot;:16777215,&quot;335559738&quot;:240,&quot;335559739&quot;:160,&quot;335559740&quot;:360}\">\u00a0<\/span><\/p>\n<p><span data-contrast=\"auto\"><strong>Vice-Presidente \u2013<\/strong> Rodrigo Medeiros de Lima (Procurador do Minist\u00e9rio P\u00fablico junto ao Tribunal de Contas da Uni\u00e3o);\u00a0<\/span><span data-ccp-props=\"{&quot;201341983&quot;:0,&quot;335551550&quot;:6,&quot;335551620&quot;:6,&quot;335557856&quot;:16777215,&quot;335559738&quot;:240,&quot;335559739&quot;:160,&quot;335559740&quot;:360}\">\u00a0<\/span><\/p>\n<p><span data-contrast=\"auto\"><strong>1\u00aa Tesoureira \u2013<\/strong> Cristina Andrade Melo (Procuradora do Minist\u00e9rio P\u00fablico de Contas de Minas Gerais);\u00a0<\/span><span data-ccp-props=\"{&quot;201341983&quot;:0,&quot;335551550&quot;:6,&quot;335551620&quot;:6,&quot;335557856&quot;:16777215,&quot;335559738&quot;:240,&quot;335559739&quot;:160,&quot;335559740&quot;:360}\">\u00a0<\/span><\/p>\n<p><span data-contrast=\"auto\"><strong>2\u00ba Tesoureiro \u2013<\/strong> Enio Andrade Pimenta (Procurador-Geral do Minist\u00e9rio P\u00fablico de Contas de Alagoas);\u00a0<\/span><span data-ccp-props=\"{&quot;201341983&quot;:0,&quot;335551550&quot;:6,&quot;335551620&quot;:6,&quot;335557856&quot;:16777215,&quot;335559738&quot;:240,&quot;335559739&quot;:160,&quot;335559740&quot;:360}\">\u00a0<\/span><\/p>\n<p><span data-contrast=\"auto\"><strong>1\u00ba Diretor Executivo \u2013<\/strong> Daniel de Carvalho Guimar\u00e3es (Subprocurador-Geral do Minist\u00e9rio P\u00fablico de Contas de Minas Gerais);\u00a0<\/span><span data-ccp-props=\"{&quot;201341983&quot;:0,&quot;335551550&quot;:6,&quot;335551620&quot;:6,&quot;335557856&quot;:16777215,&quot;335559738&quot;:240,&quot;335559739&quot;:160,&quot;335559740&quot;:360}\">\u00a0<\/span><\/p>\n<p><span data-contrast=\"auto\"><strong>2\u00ba Diretor Executivo \u2013 <\/strong>Gabriel Guy L\u00e9ger (Procurador-Geral do Minist\u00e9rio P\u00fablico de Contas do Paran\u00e1);\u00a0<\/span><span data-ccp-props=\"{&quot;201341983&quot;:0,&quot;335551550&quot;:6,&quot;335551620&quot;:6,&quot;335557856&quot;:16777215,&quot;335559738&quot;:240,&quot;335559739&quot;:160,&quot;335559740&quot;:360}\">\u00a0<\/span><\/p>\n<p><span data-contrast=\"auto\"><strong>Diretora Adjunta \u2013<\/strong> Germana Galv\u00e3o Cavalcanti Laureano (Procuradora do Minist\u00e9rio P\u00fablico de Contas de Pernambuco);\u00a0<\/span><span data-ccp-props=\"{&quot;201341983&quot;:0,&quot;335551550&quot;:6,&quot;335551620&quot;:6,&quot;335557856&quot;:16777215,&quot;335559738&quot;:240,&quot;335559739&quot;:160,&quot;335559740&quot;:360}\">\u00a0<\/span><\/p>\n<p><span data-contrast=\"auto\"><strong>Diretora Adjunta \u2013<\/strong> \u00c9rika Patr\u00edcia Saldanha de Oliveira (Procuradora e Corregedora-Geral do Minist\u00e9rio P\u00fablico de Contas de Rond\u00f4nia);\u00a0<\/span><span data-ccp-props=\"{&quot;201341983&quot;:0,&quot;335551550&quot;:6,&quot;335551620&quot;:6,&quot;335557856&quot;:16777215,&quot;335559738&quot;:240,&quot;335559739&quot;:160,&quot;335559740&quot;:360}\">\u00a0<\/span><\/p>\n<p><span data-contrast=\"auto\"><strong>Diretora Adjunta \u2013<\/strong> Maisa de Castro Sousa (Procuradora do Minist\u00e9rio P\u00fablico de Contas de Goi\u00e1s);\u00a0<\/span><span data-ccp-props=\"{&quot;201341983&quot;:0,&quot;335551550&quot;:6,&quot;335551620&quot;:6,&quot;335557856&quot;:16777215,&quot;335559738&quot;:240,&quot;335559739&quot;:160,&quot;335559740&quot;:360}\">\u00a0<\/span><\/p>\n<p><span data-contrast=\"auto\"><strong>Diretora Adjunta \u2013<\/strong> Rachel Barbalho Ribeiro Silva (Procuradora do Minist\u00e9rio P\u00fablico de Contas do Amap\u00e1);\u00a0<\/span><span data-ccp-props=\"{&quot;201341983&quot;:0,&quot;335551550&quot;:6,&quot;335551620&quot;:6,&quot;335557856&quot;:16777215,&quot;335559738&quot;:240,&quot;335559739&quot;:160,&quot;335559740&quot;:360}\">\u00a0<\/span><\/p>\n<p><span data-contrast=\"auto\"><strong>Diretor Adjunto \u2013<\/strong> Stanley Botti Fernandes (Procurador do Minist\u00e9rio P\u00fablico de Contas do Par\u00e1).<\/span><span data-ccp-props=\"{&quot;201341983&quot;:0,&quot;335551550&quot;:6,&quot;335551620&quot;:6,&quot;335557856&quot;:16777215,&quot;335559738&quot;:240,&quot;335559739&quot;:160,&quot;335559740&quot;:360}\">\u00a0<\/span><\/p>\n<h4><b><span data-contrast=\"auto\">Autoridades presentes<\/span><\/b><span data-ccp-props=\"{&quot;201341983&quot;:0,&quot;335551550&quot;:6,&quot;335551620&quot;:6,&quot;335557856&quot;:16777215,&quot;335559738&quot;:240,&quot;335559740&quot;:360}\">\u00a0<\/span><\/h4>\n<figure id=\"attachment_22625\" aria-describedby=\"caption-attachment-22625\" style=\"width: 300px\" class=\"wp-caption alignleft\"><img decoding=\"async\" class=\"size-medium wp-image-22625\" src=\"https:\/\/www.mpc.pr.gov.br\/wp-content\/uploads\/2025\/02\/Posse-ampcon-2025-2026-02-300x200.jpg\" alt=\"\" width=\"300\" height=\"200\" srcset=\"https:\/\/www.mpc.pr.gov.br\/wp-content\/uploads\/2025\/02\/Posse-ampcon-2025-2026-02-300x200.jpg 300w, https:\/\/www.mpc.pr.gov.br\/wp-content\/uploads\/2025\/02\/Posse-ampcon-2025-2026-02-1024x683.jpg 1024w, https:\/\/www.mpc.pr.gov.br\/wp-content\/uploads\/2025\/02\/Posse-ampcon-2025-2026-02-768x512.jpg 768w, https:\/\/www.mpc.pr.gov.br\/wp-content\/uploads\/2025\/02\/Posse-ampcon-2025-2026-02-1536x1024.jpg 1536w, https:\/\/www.mpc.pr.gov.br\/wp-content\/uploads\/2025\/02\/Posse-ampcon-2025-2026-02-2048x1365.jpg 2048w\" sizes=\"(max-width: 300px) 100vw, 300px\" \/><figcaption id=\"caption-attachment-22625\" class=\"wp-caption-text\">A Mesa de Honra: Milene Dias da Cunha, Edilberto Pontes, Jo\u00e3o Augusto dos Anjos Bandeiro de Mello, Georges Seigneur, Vital do R\u00eago, Cristina Machado, Marc\u00edlio Barenco, Edilson Silva, Paulo Penteado e Thaisse Craveiro.<\/figcaption><\/figure>\n<p><span data-contrast=\"auto\">Al\u00e9m dos Presidentes empossados, compuseram a Mesa de Honra o Presidente do Tribunal de Contas da Uni\u00e3o (TCU), Ministro Vital do R\u00eago; o Procurador-Geral de Justi\u00e7a do Distrito Federal e Territ\u00f3rios e Presidente do Conselho Nacional de Procuradores-Gerais do Minist\u00e9rio P\u00fablico dos Estados e da Uni\u00e3o (CNPG), Georges Carlos Fredderico Moreira Seigneur; o Procurador do Minist\u00e9rio P\u00fablico de Contas de Sergipe (MPC-SE), Jo\u00e3o Augusto dos Anjos Bandeira de Mello; o Presidente da Associa\u00e7\u00e3o dos Membros dos Tribunais de Contas do Brasil (Atricon), Edilson de Sousa Silva; o Presidente do Instituto Rui Barbosa (IRB), Edilberto Pontes; o Vice-Presidente da Associa\u00e7\u00e3o Nacional dos Membros do Minist\u00e9rio P\u00fablico (Conamp), Paulo Penteado; a Presidente da Associa\u00e7\u00e3o Nacional dos Ministros e Conselheiros Substitutos dos Tribunais de Contas (Audicon), Milene Dias da Cunha; e a Presidente da Associa\u00e7\u00e3o Nacional dos Auditores de Controle Externo dos Tribu e Pnais de Contas do Brasil (ANTC), Thaisse Craveiro de Souza Oliveira.\u00a0\u00a0<\/span><span data-ccp-props=\"{&quot;201341983&quot;:0,&quot;335551550&quot;:6,&quot;335551620&quot;:6,&quot;335557856&quot;:16777215,&quot;335559738&quot;:240,&quot;335559740&quot;:360}\">\u00a0<\/span><\/p>\n<p><span data-contrast=\"auto\">Entre as autoridades presentes, estavam os Deputados Federais Miguel \u00c2ngelo e Pedro Ayara; o Vice-Presidente do TCU, Ministro Jorge Oliveira; os Ministros do TCU, Walton Alencar e Antonio Anastasia; o Ministro Substituto do TCU, Marcos Bemquerer; os Procuradores do MPTCU, Marinus Marsico e J\u00falio Marcelo de Oliveira; o Presidente do TCE-PA, Fernando de Castro Ribeiro; o Presidente do TCE-MG, Durval \u00c2ngelo de Andrade; o Vice-Presidente do TCE-MG, Agostinho Patrus; o Presidente do TCE-CE, Rholden Botelho de Queiroz; o Presidente do TCE-ES, Domingos Augusto Taufner; o Presidente do TCE-AP, Reginaldo Parnow Ennes; o Presidente do TCE-RR, Francisco Jos\u00e9 Brito Bezerra; o Vice-Presidente do TCE-PE, Carlos Neves; o Defensor P\u00fablico-Geral Substituto da Defensoria P\u00fablica do DF, Fabr\u00edcio Rodrigues; o Tenente-Coronel Douglas Martins Soares, representando a Coronel Jordana de Oliveira Figueiras, Comandante do Corpo de Bombeiros do Estado de Minas Gerais; o Presidente do TCM-GO, Joaquim Alves de Castro Neto; o Corregedor do TCE-MG, Gilberto Diniz; os Conselheiros em exerc\u00edcio do TCE-MG, Licurgo Mour\u00e3o e Telmo Passareli; o Conselheiro aposentado do TCE-MG Sebasti\u00e3o Helvecio; o Desembargador Federal do TRF6 Fl\u00e1vio Boson Gambogi; Presidente da Sociedade dos Amigos da Marinha (Soamar), Paulo Roberto Cardoso; a Presidente do Instituto Brasileiro de Direito Administrativo, Cristiana Fortini; a Presidente da ANTP, Adriana Augusta de Moura Souza; o Vice-Presidente do IRB e Conselheiro do TCE-RS, C\u00e9sar Miola; o Defensor P\u00fablico de Minas Gerais Luis Renato Braga Ar\u00eaas Pinheiro; o Vice-Presidente da ANTC, Murillo Victor Umbelino Machado; o Presidente da ANMPM, Nelson Lacava Filho;\u00a0<\/span><span data-ccp-props=\"{&quot;201341983&quot;:0,&quot;335551550&quot;:6,&quot;335551620&quot;:6,&quot;335557856&quot;:16777215,&quot;335559738&quot;:240,&quot;335559740&quot;:360}\">\u00a0<\/span><\/p>\n<p><span data-contrast=\"auto\">Dos Minist\u00e9rios P\u00fablicos de Contas, prestigiaram a solenidade os Procuradores e Procuradoras Cristina Andrade Melo, Daniel Guimar\u00e3es e Elke Moura (MPC-MG); Stanley Botti; Silaine Karine Vendramin, e Felipe Rosa Cruz (MPC-PA); Matheus Pleutim de Miranda e Bryan Reichert Palmeira (MPC-MS); Gabriel Guy L\u00e9ger (MPC-PR); Enio Andrade Pimenta (MPC-AL); Germana Galv\u00e3o Cavalcanti Laureano (MPC-PE); Maisa de Castro Sousa (MPC-GO); Leticia Formoso Delsin Matuck Feres (MPC-SP);\u00a0\u00a0 Ant\u00f4nio Cl\u00e9sio Cunha dos Santos (MPC-AP); Camila Luz de Oliveira (MPC-BA); Miguid\u00f4nio In\u00e1cio Loiola Neto (MPC-RO); Oziel Pereira dos Santos (MPC-TO); Jos\u00e9 Am\u00e9rico da Costa J\u00fanior (MPCM-GO);\u00a0 Eduardo Santos Rolemberg C\u00f4rtes (MPC-SE); Diogo Ringenberg (MPC-SP); Claudia Fernanda (MPC-DF).<\/span><span data-ccp-props=\"{&quot;201341983&quot;:0,&quot;335551550&quot;:6,&quot;335551620&quot;:6,&quot;335557856&quot;:16777215,&quot;335559738&quot;:240,&quot;335559740&quot;:360}\">\u00a0<\/span><\/p>\n<p><b><i><span data-contrast=\"auto\">Fonte: <a href=\"https:\/\/ampcon.org.br\/comunicacao\/noticias\/1728-marcilio-barenco-e-empossado-presidente-da-ampcon\">Com informa\u00e7\u00f5es da Associa\u00e7\u00e3o Nacional do Minist\u00e9rio P\u00fablico de Contas (Ampcon)<\/a>.<\/span><\/i><\/b><span data-ccp-props=\"{&quot;201341983&quot;:0,&quot;335551550&quot;:6,&quot;335551620&quot;:6,&quot;335557856&quot;:16777215,&quot;335559738&quot;:240,&quot;335559740&quot;:360}\">\u00a0<\/span><\/p>\n","protected":false},"excerpt":{"rendered":"<p>Procurador-Geral do MPC-PR, Gabriel Guy L\u00e9ger, ocupa o cargo de 2\u00ba Diretor Executivo\u00a0 Na manh\u00e3 desta quarta-feira, 19 de fevereiro, foi realizada a Posse Conjunta da Associa\u00e7\u00e3o Nacional do Minist\u00e9rio P\u00fablico de Contas (Ampcon) e do Conselho Nacional dos Procuradores-Gerais de Contas (CNPGC) para o bi\u00eanio 2025-2026, em cerim\u00f4nia realizada no Tribunal de Contas da [&hellip;]<\/p>\n","protected":false},"author":1,"featured_media":22623,"comment_status":"open","ping_status":"open","sticky":false,"template":"","format":"standard","meta":{"_monsterinsights_skip_tracking":false,"_monsterinsights_sitenote_active":false,"_monsterinsights_sitenote_note":"","_monsterinsights_sitenote_category":0,"footnotes":""},"categories":[7],"tags":[63,64,13,694],"class_list":["post-22622","post","type-post","status-publish","format-standard","has-post-thumbnail","hentry","category-todas-as-noticias","tag-ampcon","tag-cnpgc","tag-mpc-pr","tag-posse","entry","has-media"],"yoast_head":"<!-- This site is optimized with the Yoast SEO plugin v27.3 - https:\/\/yoast.com\/product\/yoast-seo-wordpress\/ -->\n<title>Nova Diretoria da Ampcon toma posse para o bi\u00eanio 2025-2026 - Minist\u00e9rio P\u00fablico de Contas do Estado do Paran\u00e1<\/title>\n<meta name=\"robots\" content=\"index, follow, max-snippet:-1, max-image-preview:large, max-video-preview:-1\" \/>\n<link rel=\"canonical\" href=\"https:\/\/www.mpc.pr.gov.br\/index.php\/nova-diretoria-da-ampcon-toma-posse-para-o-bienio-2025-2026\/\" \/>\n<meta property=\"og:locale\" content=\"pt_BR\" \/>\n<meta property=\"og:type\" content=\"article\" \/>\n<meta property=\"og:title\" content=\"Nova Diretoria da Ampcon toma posse para o bi\u00eanio 2025-2026 - Minist\u00e9rio P\u00fablico de Contas do Estado do Paran\u00e1\" \/>\n<meta property=\"og:description\" content=\"Procurador-Geral do MPC-PR, Gabriel Guy L\u00e9ger, ocupa o cargo de 2\u00ba Diretor Executivo\u00a0 Na manh\u00e3 desta quarta-feira, 19 de fevereiro, foi realizada a Posse Conjunta da Associa\u00e7\u00e3o Nacional do Minist\u00e9rio P\u00fablico de Contas (Ampcon) e do Conselho Nacional dos Procuradores-Gerais de Contas (CNPGC) para o bi\u00eanio 2025-2026, em cerim\u00f4nia realizada no Tribunal de Contas da [&hellip;]\" \/>\n<meta property=\"og:url\" content=\"https:\/\/www.mpc.pr.gov.br\/index.php\/nova-diretoria-da-ampcon-toma-posse-para-o-bienio-2025-2026\/\" \/>\n<meta property=\"og:site_name\" content=\"Minist\u00e9rio P\u00fablico de Contas do Estado do Paran\u00e1\" \/>\n<meta property=\"article:publisher\" content=\"https:\/\/www.facebook.com\/mpc.pr\" \/>\n<meta property=\"article:published_time\" content=\"2025-02-20T17:40:29+00:00\" \/>\n<meta property=\"article:modified_time\" content=\"2025-03-11T12:55:06+00:00\" \/>\n<meta property=\"og:image\" content=\"https:\/\/www.mpc.pr.gov.br\/wp-content\/uploads\/2025\/02\/Posse-ampcon-2025-2026-01.jpeg\" \/>\n\t<meta property=\"og:image:width\" content=\"1280\" \/>\n\t<meta property=\"og:image:height\" content=\"720\" \/>\n\t<meta property=\"og:image:type\" content=\"image\/jpeg\" \/>\n<meta name=\"author\" content=\"mpcontaspr\" \/>\n<meta name=\"twitter:card\" content=\"summary_large_image\" \/>\n<meta name=\"twitter:label1\" content=\"Escrito por\" \/>\n\t<meta name=\"twitter:data1\" content=\"mpcontaspr\" \/>\n\t<meta name=\"twitter:label2\" content=\"Est. tempo de leitura\" \/>\n\t<meta name=\"twitter:data2\" content=\"8 minutos\" \/>\n<script type=\"application\/ld+json\" class=\"yoast-schema-graph\">{\"@context\":\"https:\\\/\\\/schema.org\",\"@graph\":[{\"@type\":\"Article\",\"@id\":\"https:\\\/\\\/www.mpc.pr.gov.br\\\/index.php\\\/nova-diretoria-da-ampcon-toma-posse-para-o-bienio-2025-2026\\\/#article\",\"isPartOf\":{\"@id\":\"https:\\\/\\\/www.mpc.pr.gov.br\\\/index.php\\\/nova-diretoria-da-ampcon-toma-posse-para-o-bienio-2025-2026\\\/\"},\"author\":{\"name\":\"mpcontaspr\",\"@id\":\"https:\\\/\\\/www.mpc.pr.gov.br\\\/#\\\/schema\\\/person\\\/2d83cb8980538d0ec174e8a6284f5e11\"},\"headline\":\"Nova Diretoria da Ampcon toma posse para o bi\u00eanio 2025-2026\",\"datePublished\":\"2025-02-20T17:40:29+00:00\",\"dateModified\":\"2025-03-11T12:55:06+00:00\",\"mainEntityOfPage\":{\"@id\":\"https:\\\/\\\/www.mpc.pr.gov.br\\\/index.php\\\/nova-diretoria-da-ampcon-toma-posse-para-o-bienio-2025-2026\\\/\"},\"wordCount\":1428,\"commentCount\":0,\"publisher\":{\"@id\":\"https:\\\/\\\/www.mpc.pr.gov.br\\\/#organization\"},\"image\":{\"@id\":\"https:\\\/\\\/www.mpc.pr.gov.br\\\/index.php\\\/nova-diretoria-da-ampcon-toma-posse-para-o-bienio-2025-2026\\\/#primaryimage\"},\"thumbnailUrl\":\"https:\\\/\\\/www.mpc.pr.gov.br\\\/wp-content\\\/uploads\\\/2025\\\/02\\\/Posse-ampcon-2025-2026-01.jpeg\",\"keywords\":[\"AMPCON\",\"CNPGC\",\"MPC-PR\",\"Posse\"],\"articleSection\":[\"Todas as not\u00edcias\"],\"inLanguage\":\"pt-BR\",\"potentialAction\":[{\"@type\":\"CommentAction\",\"name\":\"Comment\",\"target\":[\"https:\\\/\\\/www.mpc.pr.gov.br\\\/index.php\\\/nova-diretoria-da-ampcon-toma-posse-para-o-bienio-2025-2026\\\/#respond\"]}]},{\"@type\":\"WebPage\",\"@id\":\"https:\\\/\\\/www.mpc.pr.gov.br\\\/index.php\\\/nova-diretoria-da-ampcon-toma-posse-para-o-bienio-2025-2026\\\/\",\"url\":\"https:\\\/\\\/www.mpc.pr.gov.br\\\/index.php\\\/nova-diretoria-da-ampcon-toma-posse-para-o-bienio-2025-2026\\\/\",\"name\":\"Nova Diretoria da Ampcon toma posse para o bi\u00eanio 2025-2026 - Minist\u00e9rio P\u00fablico de Contas do Estado do Paran\u00e1\",\"isPartOf\":{\"@id\":\"https:\\\/\\\/www.mpc.pr.gov.br\\\/#website\"},\"primaryImageOfPage\":{\"@id\":\"https:\\\/\\\/www.mpc.pr.gov.br\\\/index.php\\\/nova-diretoria-da-ampcon-toma-posse-para-o-bienio-2025-2026\\\/#primaryimage\"},\"image\":{\"@id\":\"https:\\\/\\\/www.mpc.pr.gov.br\\\/index.php\\\/nova-diretoria-da-ampcon-toma-posse-para-o-bienio-2025-2026\\\/#primaryimage\"},\"thumbnailUrl\":\"https:\\\/\\\/www.mpc.pr.gov.br\\\/wp-content\\\/uploads\\\/2025\\\/02\\\/Posse-ampcon-2025-2026-01.jpeg\",\"datePublished\":\"2025-02-20T17:40:29+00:00\",\"dateModified\":\"2025-03-11T12:55:06+00:00\",\"breadcrumb\":{\"@id\":\"https:\\\/\\\/www.mpc.pr.gov.br\\\/index.php\\\/nova-diretoria-da-ampcon-toma-posse-para-o-bienio-2025-2026\\\/#breadcrumb\"},\"inLanguage\":\"pt-BR\",\"potentialAction\":[{\"@type\":\"ReadAction\",\"target\":[\"https:\\\/\\\/www.mpc.pr.gov.br\\\/index.php\\\/nova-diretoria-da-ampcon-toma-posse-para-o-bienio-2025-2026\\\/\"]}]},{\"@type\":\"ImageObject\",\"inLanguage\":\"pt-BR\",\"@id\":\"https:\\\/\\\/www.mpc.pr.gov.br\\\/index.php\\\/nova-diretoria-da-ampcon-toma-posse-para-o-bienio-2025-2026\\\/#primaryimage\",\"url\":\"https:\\\/\\\/www.mpc.pr.gov.br\\\/wp-content\\\/uploads\\\/2025\\\/02\\\/Posse-ampcon-2025-2026-01.jpeg\",\"contentUrl\":\"https:\\\/\\\/www.mpc.pr.gov.br\\\/wp-content\\\/uploads\\\/2025\\\/02\\\/Posse-ampcon-2025-2026-01.jpeg\",\"width\":1280,\"height\":720},{\"@type\":\"BreadcrumbList\",\"@id\":\"https:\\\/\\\/www.mpc.pr.gov.br\\\/index.php\\\/nova-diretoria-da-ampcon-toma-posse-para-o-bienio-2025-2026\\\/#breadcrumb\",\"itemListElement\":[{\"@type\":\"ListItem\",\"position\":1,\"name\":\"In\u00edcio\",\"item\":\"https:\\\/\\\/www.mpc.pr.gov.br\\\/\"},{\"@type\":\"ListItem\",\"position\":2,\"name\":\"Nova Diretoria da Ampcon toma posse para o bi\u00eanio 2025-2026\"}]},{\"@type\":\"WebSite\",\"@id\":\"https:\\\/\\\/www.mpc.pr.gov.br\\\/#website\",\"url\":\"https:\\\/\\\/www.mpc.pr.gov.br\\\/\",\"name\":\"Minist\u00e9rio P\u00fablico de Contas do Estado do Paran\u00e1\",\"description\":\"\",\"publisher\":{\"@id\":\"https:\\\/\\\/www.mpc.pr.gov.br\\\/#organization\"},\"potentialAction\":[{\"@type\":\"SearchAction\",\"target\":{\"@type\":\"EntryPoint\",\"urlTemplate\":\"https:\\\/\\\/www.mpc.pr.gov.br\\\/?s={search_term_string}\"},\"query-input\":{\"@type\":\"PropertyValueSpecification\",\"valueRequired\":true,\"valueName\":\"search_term_string\"}}],\"inLanguage\":\"pt-BR\"},{\"@type\":\"Organization\",\"@id\":\"https:\\\/\\\/www.mpc.pr.gov.br\\\/#organization\",\"name\":\"Minist\u00e9rio P\u00fablico de Contas do Estado do Paran\u00e1\",\"url\":\"https:\\\/\\\/www.mpc.pr.gov.br\\\/\",\"logo\":{\"@type\":\"ImageObject\",\"inLanguage\":\"pt-BR\",\"@id\":\"https:\\\/\\\/www.mpc.pr.gov.br\\\/#\\\/schema\\\/logo\\\/image\\\/\",\"url\":\"https:\\\/\\\/www.mpc.pr.gov.br\\\/wp-content\\\/uploads\\\/2020\\\/06\\\/99423647_1593460364143890_6706793420720963584_n-1-e1591387983167.png\",\"contentUrl\":\"https:\\\/\\\/www.mpc.pr.gov.br\\\/wp-content\\\/uploads\\\/2020\\\/06\\\/99423647_1593460364143890_6706793420720963584_n-1-e1591387983167.png\",\"width\":243,\"height\":73,\"caption\":\"Minist\u00e9rio P\u00fablico de Contas do Estado do Paran\u00e1\"},\"image\":{\"@id\":\"https:\\\/\\\/www.mpc.pr.gov.br\\\/#\\\/schema\\\/logo\\\/image\\\/\"},\"sameAs\":[\"https:\\\/\\\/www.facebook.com\\\/mpc.pr\",\"https:\\\/\\\/www.instagram.com\\\/mpc.pr\\\/?hl=pt-br\",\"https:\\\/\\\/www.youtube.com\\\/channel\\\/UCHri5oEM8DV0ztX57E0sBSw\"]},{\"@type\":\"Person\",\"@id\":\"https:\\\/\\\/www.mpc.pr.gov.br\\\/#\\\/schema\\\/person\\\/2d83cb8980538d0ec174e8a6284f5e11\",\"name\":\"mpcontaspr\",\"image\":{\"@type\":\"ImageObject\",\"inLanguage\":\"pt-BR\",\"@id\":\"https:\\\/\\\/secure.gravatar.com\\\/avatar\\\/1aef51541db7622e05fd639336c9c9f312c2a618396e2b6ca96846362fc5403f?s=96&d=mm&r=g\",\"url\":\"https:\\\/\\\/secure.gravatar.com\\\/avatar\\\/1aef51541db7622e05fd639336c9c9f312c2a618396e2b6ca96846362fc5403f?s=96&d=mm&r=g\",\"contentUrl\":\"https:\\\/\\\/secure.gravatar.com\\\/avatar\\\/1aef51541db7622e05fd639336c9c9f312c2a618396e2b6ca96846362fc5403f?s=96&d=mm&r=g\",\"caption\":\"mpcontaspr\"},\"sameAs\":[\"http:\\\/\\\/www.mpc.pr.gov.br\"]}]}<\/script>\n<!-- \/ Yoast SEO plugin. -->","yoast_head_json":{"title":"Nova Diretoria da Ampcon toma posse para o bi\u00eanio 2025-2026 - Minist\u00e9rio P\u00fablico de Contas do Estado do Paran\u00e1","robots":{"index":"index","follow":"follow","max-snippet":"max-snippet:-1","max-image-preview":"max-image-preview:large","max-video-preview":"max-video-preview:-1"},"canonical":"https:\/\/www.mpc.pr.gov.br\/index.php\/nova-diretoria-da-ampcon-toma-posse-para-o-bienio-2025-2026\/","og_locale":"pt_BR","og_type":"article","og_title":"Nova Diretoria da Ampcon toma posse para o bi\u00eanio 2025-2026 - Minist\u00e9rio P\u00fablico de Contas do Estado do Paran\u00e1","og_description":"Procurador-Geral do MPC-PR, Gabriel Guy L\u00e9ger, ocupa o cargo de 2\u00ba Diretor Executivo\u00a0 Na manh\u00e3 desta quarta-feira, 19 de fevereiro, foi realizada a Posse Conjunta da Associa\u00e7\u00e3o Nacional do Minist\u00e9rio P\u00fablico de Contas (Ampcon) e do Conselho Nacional dos Procuradores-Gerais de Contas (CNPGC) para o bi\u00eanio 2025-2026, em cerim\u00f4nia realizada no Tribunal de Contas da [&hellip;]","og_url":"https:\/\/www.mpc.pr.gov.br\/index.php\/nova-diretoria-da-ampcon-toma-posse-para-o-bienio-2025-2026\/","og_site_name":"Minist\u00e9rio P\u00fablico de Contas do Estado do Paran\u00e1","article_publisher":"https:\/\/www.facebook.com\/mpc.pr","article_published_time":"2025-02-20T17:40:29+00:00","article_modified_time":"2025-03-11T12:55:06+00:00","og_image":[{"width":1280,"height":720,"url":"https:\/\/www.mpc.pr.gov.br\/wp-content\/uploads\/2025\/02\/Posse-ampcon-2025-2026-01.jpeg","type":"image\/jpeg"}],"author":"mpcontaspr","twitter_card":"summary_large_image","twitter_misc":{"Escrito por":"mpcontaspr","Est. tempo de leitura":"8 minutos"},"schema":{"@context":"https:\/\/schema.org","@graph":[{"@type":"Article","@id":"https:\/\/www.mpc.pr.gov.br\/index.php\/nova-diretoria-da-ampcon-toma-posse-para-o-bienio-2025-2026\/#article","isPartOf":{"@id":"https:\/\/www.mpc.pr.gov.br\/index.php\/nova-diretoria-da-ampcon-toma-posse-para-o-bienio-2025-2026\/"},"author":{"name":"mpcontaspr","@id":"https:\/\/www.mpc.pr.gov.br\/#\/schema\/person\/2d83cb8980538d0ec174e8a6284f5e11"},"headline":"Nova Diretoria da Ampcon toma posse para o bi\u00eanio 2025-2026","datePublished":"2025-02-20T17:40:29+00:00","dateModified":"2025-03-11T12:55:06+00:00","mainEntityOfPage":{"@id":"https:\/\/www.mpc.pr.gov.br\/index.php\/nova-diretoria-da-ampcon-toma-posse-para-o-bienio-2025-2026\/"},"wordCount":1428,"commentCount":0,"publisher":{"@id":"https:\/\/www.mpc.pr.gov.br\/#organization"},"image":{"@id":"https:\/\/www.mpc.pr.gov.br\/index.php\/nova-diretoria-da-ampcon-toma-posse-para-o-bienio-2025-2026\/#primaryimage"},"thumbnailUrl":"https:\/\/www.mpc.pr.gov.br\/wp-content\/uploads\/2025\/02\/Posse-ampcon-2025-2026-01.jpeg","keywords":["AMPCON","CNPGC","MPC-PR","Posse"],"articleSection":["Todas as not\u00edcias"],"inLanguage":"pt-BR","potentialAction":[{"@type":"CommentAction","name":"Comment","target":["https:\/\/www.mpc.pr.gov.br\/index.php\/nova-diretoria-da-ampcon-toma-posse-para-o-bienio-2025-2026\/#respond"]}]},{"@type":"WebPage","@id":"https:\/\/www.mpc.pr.gov.br\/index.php\/nova-diretoria-da-ampcon-toma-posse-para-o-bienio-2025-2026\/","url":"https:\/\/www.mpc.pr.gov.br\/index.php\/nova-diretoria-da-ampcon-toma-posse-para-o-bienio-2025-2026\/","name":"Nova Diretoria da Ampcon toma posse para o bi\u00eanio 2025-2026 - Minist\u00e9rio P\u00fablico de Contas do Estado do Paran\u00e1","isPartOf":{"@id":"https:\/\/www.mpc.pr.gov.br\/#website"},"primaryImageOfPage":{"@id":"https:\/\/www.mpc.pr.gov.br\/index.php\/nova-diretoria-da-ampcon-toma-posse-para-o-bienio-2025-2026\/#primaryimage"},"image":{"@id":"https:\/\/www.mpc.pr.gov.br\/index.php\/nova-diretoria-da-ampcon-toma-posse-para-o-bienio-2025-2026\/#primaryimage"},"thumbnailUrl":"https:\/\/www.mpc.pr.gov.br\/wp-content\/uploads\/2025\/02\/Posse-ampcon-2025-2026-01.jpeg","datePublished":"2025-02-20T17:40:29+00:00","dateModified":"2025-03-11T12:55:06+00:00","breadcrumb":{"@id":"https:\/\/www.mpc.pr.gov.br\/index.php\/nova-diretoria-da-ampcon-toma-posse-para-o-bienio-2025-2026\/#breadcrumb"},"inLanguage":"pt-BR","potentialAction":[{"@type":"ReadAction","target":["https:\/\/www.mpc.pr.gov.br\/index.php\/nova-diretoria-da-ampcon-toma-posse-para-o-bienio-2025-2026\/"]}]},{"@type":"ImageObject","inLanguage":"pt-BR","@id":"https:\/\/www.mpc.pr.gov.br\/index.php\/nova-diretoria-da-ampcon-toma-posse-para-o-bienio-2025-2026\/#primaryimage","url":"https:\/\/www.mpc.pr.gov.br\/wp-content\/uploads\/2025\/02\/Posse-ampcon-2025-2026-01.jpeg","contentUrl":"https:\/\/www.mpc.pr.gov.br\/wp-content\/uploads\/2025\/02\/Posse-ampcon-2025-2026-01.jpeg","width":1280,"height":720},{"@type":"BreadcrumbList","@id":"https:\/\/www.mpc.pr.gov.br\/index.php\/nova-diretoria-da-ampcon-toma-posse-para-o-bienio-2025-2026\/#breadcrumb","itemListElement":[{"@type":"ListItem","position":1,"name":"In\u00edcio","item":"https:\/\/www.mpc.pr.gov.br\/"},{"@type":"ListItem","position":2,"name":"Nova Diretoria da Ampcon toma posse para o bi\u00eanio 2025-2026"}]},{"@type":"WebSite","@id":"https:\/\/www.mpc.pr.gov.br\/#website","url":"https:\/\/www.mpc.pr.gov.br\/","name":"Minist\u00e9rio P\u00fablico de Contas do Estado do Paran\u00e1","description":"","publisher":{"@id":"https:\/\/www.mpc.pr.gov.br\/#organization"},"potentialAction":[{"@type":"SearchAction","target":{"@type":"EntryPoint","urlTemplate":"https:\/\/www.mpc.pr.gov.br\/?s={search_term_string}"},"query-input":{"@type":"PropertyValueSpecification","valueRequired":true,"valueName":"search_term_string"}}],"inLanguage":"pt-BR"},{"@type":"Organization","@id":"https:\/\/www.mpc.pr.gov.br\/#organization","name":"Minist\u00e9rio P\u00fablico de Contas do Estado do Paran\u00e1","url":"https:\/\/www.mpc.pr.gov.br\/","logo":{"@type":"ImageObject","inLanguage":"pt-BR","@id":"https:\/\/www.mpc.pr.gov.br\/#\/schema\/logo\/image\/","url":"https:\/\/www.mpc.pr.gov.br\/wp-content\/uploads\/2020\/06\/99423647_1593460364143890_6706793420720963584_n-1-e1591387983167.png","contentUrl":"https:\/\/www.mpc.pr.gov.br\/wp-content\/uploads\/2020\/06\/99423647_1593460364143890_6706793420720963584_n-1-e1591387983167.png","width":243,"height":73,"caption":"Minist\u00e9rio P\u00fablico de Contas do Estado do Paran\u00e1"},"image":{"@id":"https:\/\/www.mpc.pr.gov.br\/#\/schema\/logo\/image\/"},"sameAs":["https:\/\/www.facebook.com\/mpc.pr","https:\/\/www.instagram.com\/mpc.pr\/?hl=pt-br","https:\/\/www.youtube.com\/channel\/UCHri5oEM8DV0ztX57E0sBSw"]},{"@type":"Person","@id":"https:\/\/www.mpc.pr.gov.br\/#\/schema\/person\/2d83cb8980538d0ec174e8a6284f5e11","name":"mpcontaspr","image":{"@type":"ImageObject","inLanguage":"pt-BR","@id":"https:\/\/secure.gravatar.com\/avatar\/1aef51541db7622e05fd639336c9c9f312c2a618396e2b6ca96846362fc5403f?s=96&d=mm&r=g","url":"https:\/\/secure.gravatar.com\/avatar\/1aef51541db7622e05fd639336c9c9f312c2a618396e2b6ca96846362fc5403f?s=96&d=mm&r=g","contentUrl":"https:\/\/secure.gravatar.com\/avatar\/1aef51541db7622e05fd639336c9c9f312c2a618396e2b6ca96846362fc5403f?s=96&d=mm&r=g","caption":"mpcontaspr"},"sameAs":["http:\/\/www.mpc.pr.gov.br"]}]}},"rttpg_featured_image_url":{"full":["https:\/\/www.mpc.pr.gov.br\/wp-content\/uploads\/2025\/02\/Posse-ampcon-2025-2026-01.jpeg",1280,720,false],"landscape":["https:\/\/www.mpc.pr.gov.br\/wp-content\/uploads\/2025\/02\/Posse-ampcon-2025-2026-01.jpeg",1280,720,false],"portraits":["https:\/\/www.mpc.pr.gov.br\/wp-content\/uploads\/2025\/02\/Posse-ampcon-2025-2026-01.jpeg",1280,720,false],"thumbnail":["https:\/\/www.mpc.pr.gov.br\/wp-content\/uploads\/2025\/02\/Posse-ampcon-2025-2026-01-150x150.jpeg",150,150,true],"medium":["https:\/\/www.mpc.pr.gov.br\/wp-content\/uploads\/2025\/02\/Posse-ampcon-2025-2026-01-300x169.jpeg",300,169,true],"large":["https:\/\/www.mpc.pr.gov.br\/wp-content\/uploads\/2025\/02\/Posse-ampcon-2025-2026-01-1024x576.jpeg",1024,576,true],"1536x1536":["https:\/\/www.mpc.pr.gov.br\/wp-content\/uploads\/2025\/02\/Posse-ampcon-2025-2026-01.jpeg",1280,720,false],"2048x2048":["https:\/\/www.mpc.pr.gov.br\/wp-content\/uploads\/2025\/02\/Posse-ampcon-2025-2026-01.jpeg",1280,720,false],"ocean-thumb-m":["https:\/\/www.mpc.pr.gov.br\/wp-content\/uploads\/2025\/02\/Posse-ampcon-2025-2026-01-600x600.jpeg",600,600,true],"ocean-thumb-ml":["https:\/\/www.mpc.pr.gov.br\/wp-content\/uploads\/2025\/02\/Posse-ampcon-2025-2026-01-800x450.jpeg",800,450,true],"ocean-thumb-l":["https:\/\/www.mpc.pr.gov.br\/wp-content\/uploads\/2025\/02\/Posse-ampcon-2025-2026-01-1200x700.jpeg",1200,700,true]},"rttpg_author":{"display_name":"mpcontaspr","author_link":"https:\/\/www.mpc.pr.gov.br\/index.php\/author\/mpcontaspr\/"},"rttpg_comment":1,"rttpg_category":"<a href=\"https:\/\/www.mpc.pr.gov.br\/index.php\/category\/todas-as-noticias\/\" rel=\"category tag\">Todas as not\u00edcias<\/a>","rttpg_excerpt":"Procurador-Geral do MPC-PR, Gabriel Guy L\u00e9ger, ocupa o cargo de 2\u00ba Diretor Executivo\u00a0 Na manh\u00e3 desta quarta-feira, 19 de fevereiro, foi realizada a Posse Conjunta da Associa\u00e7\u00e3o Nacional do Minist\u00e9rio P\u00fablico de Contas (Ampcon) e do Conselho Nacional dos Procuradores-Gerais de Contas (CNPGC) para o bi\u00eanio 2025-2026, em cerim\u00f4nia realizada no Tribunal de Contas da&hellip;","_links":{"self":[{"href":"https:\/\/www.mpc.pr.gov.br\/index.php\/wp-json\/wp\/v2\/posts\/22622","targetHints":{"allow":["GET"]}}],"collection":[{"href":"https:\/\/www.mpc.pr.gov.br\/index.php\/wp-json\/wp\/v2\/posts"}],"about":[{"href":"https:\/\/www.mpc.pr.gov.br\/index.php\/wp-json\/wp\/v2\/types\/post"}],"author":[{"embeddable":true,"href":"https:\/\/www.mpc.pr.gov.br\/index.php\/wp-json\/wp\/v2\/users\/1"}],"replies":[{"embeddable":true,"href":"https:\/\/www.mpc.pr.gov.br\/index.php\/wp-json\/wp\/v2\/comments?post=22622"}],"version-history":[{"count":2,"href":"https:\/\/www.mpc.pr.gov.br\/index.php\/wp-json\/wp\/v2\/posts\/22622\/revisions"}],"predecessor-version":[{"id":22628,"href":"https:\/\/www.mpc.pr.gov.br\/index.php\/wp-json\/wp\/v2\/posts\/22622\/revisions\/22628"}],"wp:featuredmedia":[{"embeddable":true,"href":"https:\/\/www.mpc.pr.gov.br\/index.php\/wp-json\/wp\/v2\/media\/22623"}],"wp:attachment":[{"href":"https:\/\/www.mpc.pr.gov.br\/index.php\/wp-json\/wp\/v2\/media?parent=22622"}],"wp:term":[{"taxonomy":"category","embeddable":true,"href":"https:\/\/www.mpc.pr.gov.br\/index.php\/wp-json\/wp\/v2\/categories?post=22622"},{"taxonomy":"post_tag","embeddable":true,"href":"https:\/\/www.mpc.pr.gov.br\/index.php\/wp-json\/wp\/v2\/tags?post=22622"}],"curies":[{"name":"wp","href":"https:\/\/api.w.org\/{rel}","templated":true}]}}