{"id":22635,"date":"2025-02-25T10:55:55","date_gmt":"2025-02-25T13:55:55","guid":{"rendered":"https:\/\/www.mpc.pr.gov.br\/?p=22635"},"modified":"2025-03-13T09:59:43","modified_gmt":"2025-03-13T12:59:43","slug":"municipio-deve-se-atentar-aos-indices-de-despesa-de-pessoal-antes-de-nomear-aprovados-em-concurso-publico","status":"publish","type":"post","link":"https:\/\/www.mpc.pr.gov.br\/index.php\/municipio-deve-se-atentar-aos-indices-de-despesa-de-pessoal-antes-de-nomear-aprovados-em-concurso-publico\/","title":{"rendered":"Munic\u00edpio deve se atentar aos \u00edndices de despesa de pessoal antes de nomear aprovados em concurso p\u00fablico"},"content":{"rendered":"<figure id=\"attachment_22637\" aria-describedby=\"caption-attachment-22637\" style=\"width: 300px\" class=\"wp-caption alignleft\"><img fetchpriority=\"high\" decoding=\"async\" class=\"size-medium wp-image-22637\" src=\"https:\/\/www.mpc.pr.gov.br\/wp-content\/uploads\/2025\/02\/imbau-prefeitura-municipal-300x216.jpg\" alt=\"\" width=\"300\" height=\"216\" srcset=\"https:\/\/www.mpc.pr.gov.br\/wp-content\/uploads\/2025\/02\/imbau-prefeitura-municipal-300x216.jpg 300w, https:\/\/www.mpc.pr.gov.br\/wp-content\/uploads\/2025\/02\/imbau-prefeitura-municipal-1024x739.jpg 1024w, https:\/\/www.mpc.pr.gov.br\/wp-content\/uploads\/2025\/02\/imbau-prefeitura-municipal-768x554.jpg 768w, https:\/\/www.mpc.pr.gov.br\/wp-content\/uploads\/2025\/02\/imbau-prefeitura-municipal-1536x1108.jpg 1536w, https:\/\/www.mpc.pr.gov.br\/wp-content\/uploads\/2025\/02\/imbau-prefeitura-municipal-2048x1477.jpg 2048w\" sizes=\"(max-width: 300px) 100vw, 300px\" \/><figcaption id=\"caption-attachment-22637\" class=\"wp-caption-text\">Prefeitura Municipal de Imba\u00fa. Foto: divulga\u00e7\u00e3o.<\/figcaption><\/figure>\n<p><span data-contrast=\"auto\">\u00c9 poss\u00edvel que o Munic\u00edpio que esteja dentro dos limites legais de \u00edndice de pessoal, mesmo ap\u00f3s ter aplicado a\u00e7\u00f5es para diminui\u00e7\u00e3o dos valores gastos com pessoal, nomeie servidores aprovados em concurso p\u00fablico anterior. <\/span><span data-ccp-props=\"{&quot;201341983&quot;:0,&quot;335551550&quot;:6,&quot;335551620&quot;:6,&quot;335559740&quot;:360}\">\u00a0<\/span><\/p>\n<p><span data-contrast=\"auto\">Esse \u00e9 o entendimento do Tribunal de Contas do Estado do Paran\u00e1 (TCE-PR), ap\u00f3s ter julgado o processo de consulta iniciado pelo <a href=\"http:\/\/www.imbau.pr.gov.br\/\">Munic\u00edpio de Imba\u00fa<\/a>, o qual precisou suspender as nomea\u00e7\u00f5es do Edital n\u00ba 001\/2023 por estar com o \u00edndice de despesas com pessoal acima do patamar de normalidade permitido pela <a href=\"https:\/\/www.planalto.gov.br\/ccivil_03\/leis\/lcp\/lcp101.htm\">Lei de Responsabilidade Fiscal \u2013 LRF (Lei Complementar n\u00ba 101\/2000)<\/a>.\u00a0<\/span><span data-ccp-props=\"{&quot;201341983&quot;:0,&quot;335551550&quot;:6,&quot;335551620&quot;:6,&quot;335559740&quot;:360}\">\u00a0<\/span><\/p>\n<h4><b><span data-contrast=\"auto\">Admissibilidade e recebimento<\/span><\/b><span data-ccp-props=\"{&quot;201341983&quot;:0,&quot;335551550&quot;:6,&quot;335551620&quot;:6,&quot;335559740&quot;:360}\">\u00a0<\/span><\/h4>\n<p><span data-contrast=\"auto\">Na inicial, o Munic\u00edpio de Imba\u00fa afirmou que implementou medidas administrativas para reduzir o \u00edndice de despesas com pessoal, conforme havia sido determinado pelo TCE-PR. Destacou que, atualmente, o \u00edndice de despesas total com pessoal \u00e9 de R$ 25.862.359,49, na propor\u00e7\u00e3o de 45,64%, estando dentro do limite legal.<\/span><span data-ccp-props=\"{&quot;201341983&quot;:0,&quot;335551550&quot;:6,&quot;335551620&quot;:6,&quot;335559740&quot;:360}\">\u00a0<\/span><\/p>\n<p><span data-contrast=\"auto\">Considerando que o \u00edndice foi reestabelecido, o Munic\u00edpio questionou, em tese, sobre a regularidade acerca da nomea\u00e7\u00e3o dos aprovados em concurso p\u00fablico, para provimento dos cargos de contador e fiscal de tributos, ap\u00f3s o Munic\u00edpio ter regularizado o \u00edndice de despesas de pessoal.\u00a0<\/span><span data-ccp-props=\"{&quot;201341983&quot;:0,&quot;335551550&quot;:6,&quot;335551620&quot;:6,&quot;335559740&quot;:360}\">\u00a0<\/span><\/p>\n<p><span data-contrast=\"auto\">A assessoria jur\u00eddica do Munic\u00edpio de Imba\u00fa discorreu sobre a necessidade de o gestor p\u00fablico honrar com suas obriga\u00e7\u00f5es administrativas em benef\u00edcio da seguridade social e infraestrutura b\u00e1sica para a popula\u00e7\u00e3o. Destacou que a Lei de Responsabilidade Fiscal \u00e9 direta ao tratar sobre a necessidade de cumprimento dos limites estabelecidos no artigo 23, em que o administrador p\u00fablico &#8211; quando ultrapassar o limite estabelecido por Lei &#8211; dever\u00e1 promover a\u00e7\u00f5es para diminu\u00ed-lo nos dois quadrimestres seguintes.\u00a0<\/span><span data-ccp-props=\"{&quot;134233117&quot;:false,&quot;134233118&quot;:false,&quot;201341983&quot;:0,&quot;335551550&quot;:6,&quot;335551620&quot;:6,&quot;335559685&quot;:0,&quot;335559737&quot;:0,&quot;335559738&quot;:0,&quot;335559739&quot;:160,&quot;335559740&quot;:360}\">\u00a0<\/span><\/p>\n<p><span data-contrast=\"auto\">A a\u00e7\u00e3o para redu\u00e7\u00e3o das despesas com pessoal poder\u00e1 ocorrer atrav\u00e9s da redu\u00e7\u00e3o da remunera\u00e7\u00e3o dos cargos de confian\u00e7a (em at\u00e9 20%), extin\u00e7\u00e3o ou redu\u00e7\u00e3o de cargos e fun\u00e7\u00f5es, ou at\u00e9 mesmo exonera\u00e7\u00e3o de servidores.<\/span><span data-ccp-props=\"{&quot;134233117&quot;:false,&quot;134233118&quot;:false,&quot;201341983&quot;:0,&quot;335551550&quot;:6,&quot;335551620&quot;:6,&quot;335559685&quot;:0,&quot;335559737&quot;:0,&quot;335559738&quot;:0,&quot;335559739&quot;:160,&quot;335559740&quot;:360}\">\u00a0<\/span><\/p>\n<p><span data-contrast=\"auto\">O jur\u00eddico municipal concluiu que o Munic\u00edpio de Imba\u00fa alcan\u00e7ou a redu\u00e7\u00e3o almejada ap\u00f3s implementar medidas administrativas.<\/span><span data-ccp-props=\"{&quot;134233117&quot;:false,&quot;134233118&quot;:false,&quot;201341983&quot;:0,&quot;335551550&quot;:6,&quot;335551620&quot;:6,&quot;335559685&quot;:0,&quot;335559737&quot;:0,&quot;335559738&quot;:0,&quot;335559739&quot;:160,&quot;335559740&quot;:360}\">\u00a0<\/span><\/p>\n<p><span data-contrast=\"auto\">Os autos foram recebidos ap\u00f3s an\u00e1lise dos pressupostos e requisitos de admissibilidade pelo Conselheiro Relator Augustinho Zucchi, conforme Despacho n\u00ba 829\/24.<\/span><span data-ccp-props=\"{&quot;134233117&quot;:false,&quot;134233118&quot;:false,&quot;201341983&quot;:0,&quot;335551550&quot;:6,&quot;335551620&quot;:6,&quot;335559685&quot;:0,&quot;335559737&quot;:0,&quot;335559738&quot;:0,&quot;335559739&quot;:160,&quot;335559740&quot;:360}\">\u00a0<\/span><\/p>\n<h4><b><span data-contrast=\"auto\">Instru\u00e7\u00e3o<\/span><\/b><span data-ccp-props=\"{&quot;134233117&quot;:false,&quot;134233118&quot;:false,&quot;201341983&quot;:0,&quot;335551550&quot;:6,&quot;335551620&quot;:6,&quot;335559685&quot;:0,&quot;335559737&quot;:0,&quot;335559738&quot;:0,&quot;335559739&quot;:160,&quot;335559740&quot;:360}\">\u00a0<\/span><\/h4>\n<p><span data-contrast=\"auto\">Na sequ\u00eancia, o processo foi encaminhado \u00e0 Supervis\u00e3o de Jurisprud\u00eancia e Biblioteca (SJB), que realizou uma busca em todas as decis\u00f5es do TCE-PR que possuam semelhan\u00e7a com o tema ora debatido (diminui\u00e7\u00e3o do \u00edndice de pessoal e nomea\u00e7\u00e3o em concurso p\u00fablico). Conforme Instru\u00e7\u00e3o n\u00ba 129\/24, a SJB relacionou julgados provenientes de processos de consulta e admiss\u00e3o de pessoal.\u00a0<\/span><span data-ccp-props=\"{&quot;134233117&quot;:false,&quot;134233118&quot;:false,&quot;201341983&quot;:0,&quot;335551550&quot;:6,&quot;335551620&quot;:6,&quot;335559685&quot;:0,&quot;335559737&quot;:0,&quot;335559738&quot;:0,&quot;335559739&quot;:160,&quot;335559740&quot;:360}\">\u00a0<\/span><\/p>\n<p><span data-contrast=\"auto\">Na sequ\u00eancia, a Coordenadoria de Gest\u00e3o Municipal (CGM), conforme Instru\u00e7\u00e3o n\u00ba 5773\/24, fundamentou a resposta ao questionamento feito pelo Munic\u00edpio no sentido de que \u00e9 poss\u00edvel a nomea\u00e7\u00e3o <\/span><span data-contrast=\"auto\">de servidores aprovados em concurso p\u00fablico estando o \u00edndice de pessoal abaixo do limite prudencial estipulado pela LRF, desde que obedecidas todas as normas or\u00e7ament\u00e1rias que regem o planejamento da gest\u00e3o fiscal do ente p\u00fablico (leis locais sobre a mat\u00e9ria, incluindo LDO, PPA e LOA e quadro de servidores p\u00fablicos do munic\u00edpio).<\/span><span data-ccp-props=\"{&quot;134233117&quot;:false,&quot;134233118&quot;:false,&quot;201341983&quot;:0,&quot;335551550&quot;:6,&quot;335551620&quot;:6,&quot;335559685&quot;:0,&quot;335559737&quot;:0,&quot;335559738&quot;:0,&quot;335559739&quot;:160,&quot;335559740&quot;:360}\">\u00a0<\/span><\/p>\n<h4><b><span data-contrast=\"auto\">Parecer Ministerial<\/span><\/b><span data-ccp-props=\"{&quot;134233117&quot;:false,&quot;134233118&quot;:false,&quot;201341983&quot;:0,&quot;335551550&quot;:6,&quot;335551620&quot;:6,&quot;335559685&quot;:0,&quot;335559737&quot;:0,&quot;335559738&quot;:0,&quot;335559739&quot;:160,&quot;335559740&quot;:360}\">\u00a0<\/span><\/h4>\n<p><span data-contrast=\"auto\">O Minist\u00e9rio P\u00fablico de Contas do Paran\u00e1 (MPC-PR), por sua vez, conforme <a href=\"https:\/\/www.mpc.pr.gov.br\/wp-content\/uploads\/2025\/02\/imbau-PAR-364_24-PGC.pdf\">Parecer n\u00ba 364\/24<\/a>, acompanhou as considera\u00e7\u00f5es feitas pela CGM quanto ao necess\u00e1rio enquadramento no \u00edndice de despesas com pessoal estabelecido na LRF.\u00a0<\/span><span data-ccp-props=\"{&quot;134233117&quot;:false,&quot;134233118&quot;:false,&quot;201341983&quot;:0,&quot;335551550&quot;:6,&quot;335551620&quot;:6,&quot;335559685&quot;:0,&quot;335559737&quot;:0,&quot;335559738&quot;:0,&quot;335559739&quot;:160,&quot;335559740&quot;:360}\">\u00a0<\/span><\/p>\n<p><span data-contrast=\"auto\">Acrescentou, no entanto, a considera\u00e7\u00e3o de que, tratando-se de \u00faltimo ano de mandato, o <\/span> <span data-contrast=\"auto\">Munic\u00edpio tamb\u00e9m deve observar as veda\u00e7\u00f5es de aumento de despesas com pessoal nos \u00faltimos 180 dias de mandato, nos termos do art. 21 da LRF.<\/span><span data-ccp-props=\"{&quot;134233117&quot;:false,&quot;134233118&quot;:false,&quot;201341983&quot;:0,&quot;335551550&quot;:6,&quot;335551620&quot;:6,&quot;335559685&quot;:0,&quot;335559737&quot;:0,&quot;335559738&quot;:0,&quot;335559739&quot;:160,&quot;335559740&quot;:360}\">\u00a0<\/span><\/p>\n<p><span data-contrast=\"auto\">Desta forma, o MPC-PR opinou pela resposta \u00e0 Consulta nos seguintes termos: \u201cA legalidade das admiss\u00f5es de servidores aprovados em concurso p\u00fablico depende do adequado enquadramento do ente p\u00fablico aos limites de gastos com pessoal estabelecidos pela Lei de Responsabilidade Fiscal, al\u00e9m da observ\u00e2ncia \u00e0 veda\u00e7\u00e3o prevista no art. 21 da LRF, com a reda\u00e7\u00e3o dada pela Lei Complementar n\u00ba 173\/2020, que impede o aumento de despesas com pessoal nos \u00faltimos 180 dias do mandato.\u201d<\/span><span data-ccp-props=\"{&quot;134233117&quot;:false,&quot;134233118&quot;:false,&quot;201341983&quot;:0,&quot;335551550&quot;:6,&quot;335551620&quot;:6,&quot;335559685&quot;:0,&quot;335559737&quot;:0,&quot;335559738&quot;:0,&quot;335559739&quot;:160,&quot;335559740&quot;:360}\">\u00a0<\/span><\/p>\n<h4><b><span data-contrast=\"auto\">Decis\u00e3o<\/span><\/b><span data-ccp-props=\"{&quot;134233117&quot;:false,&quot;134233118&quot;:false,&quot;201341983&quot;:0,&quot;335551550&quot;:6,&quot;335551620&quot;:6,&quot;335559685&quot;:0,&quot;335559737&quot;:0,&quot;335559738&quot;:0,&quot;335559739&quot;:160,&quot;335559740&quot;:360}\">\u00a0<\/span><\/h4>\n<p><span data-contrast=\"auto\">Conforme fundamenta\u00e7\u00e3o contida no <a href=\"https:\/\/www.mpc.pr.gov.br\/wp-content\/uploads\/2025\/02\/imbau-ACO-62_25-STP.pdf\">Ac\u00f3rd\u00e3o n\u00ba 62\/25<\/a>, os membros do Tribunal Pleno votaram pelo conhecimento e responderam nos seguintes termos:<\/span><span data-ccp-props=\"{&quot;134233117&quot;:false,&quot;134233118&quot;:false,&quot;201341983&quot;:0,&quot;335551550&quot;:6,&quot;335551620&quot;:6,&quot;335559685&quot;:0,&quot;335559737&quot;:0,&quot;335559738&quot;:0,&quot;335559739&quot;:160,&quot;335559740&quot;:360}\">\u00a0<\/span><\/p>\n<p><span data-contrast=\"auto\">Pergunta: \u201cPode o Munic\u00edpio nomear os aprovados no concurso p\u00fablico 001\/2023, considerando o \u00edndice atual de despesas com pessoal, sem que haja descumprimento de norma legal?\u201d<\/span><span data-ccp-props=\"{&quot;134233117&quot;:false,&quot;134233118&quot;:false,&quot;201341983&quot;:0,&quot;335551550&quot;:6,&quot;335551620&quot;:6,&quot;335559685&quot;:0,&quot;335559737&quot;:0,&quot;335559738&quot;:0,&quot;335559739&quot;:160,&quot;335559740&quot;:360}\">\u00a0<\/span><\/p>\n<p><span data-contrast=\"auto\">Resposta: Pela possibilidade <\/span><span data-contrast=\"auto\">de nomea\u00e7\u00e3o de servidores aprovados em concurso p\u00fablico estando o \u00edndice de pessoal abaixo do limite prudencial estipulado pela Lei de Responsabilidade Fiscal &#8211; LRF, e ainda, obedecendo todas as normas or\u00e7ament\u00e1rias que regem o planejamento da gest\u00e3o fiscal do ente p\u00fablico (leis locais sobre a mat\u00e9ria, incluindo LDO, PPA e LOA e quadro de servidores p\u00fablicos do munic\u00edpio) e da observ\u00e2ncia \u00e0 veda\u00e7\u00e3o prevista no art. 21 da LRF, com a reda\u00e7\u00e3o dada pela Lei Complementar n\u00ba 173\/2020, que impede o aumento de despesas com pessoal nos \u00faltimos 180 dias do mandato.\u201d<\/span><span data-ccp-props=\"{&quot;134233117&quot;:false,&quot;134233118&quot;:false,&quot;201341983&quot;:0,&quot;335551550&quot;:6,&quot;335551620&quot;:6,&quot;335559685&quot;:0,&quot;335559737&quot;:0,&quot;335559738&quot;:0,&quot;335559739&quot;:160,&quot;335559740&quot;:360}\">\u00a0<\/span><\/p>\n<blockquote><p><em><span style=\"color: #820007;\"><strong><u>Informa\u00e7\u00e3o para consulta processual<\/u><\/strong><\/span><\/em><\/p>\n<table style=\"height: 183px;\" border=\"0\" width=\"478\" cellspacing=\"0\" cellpadding=\"0\">\n<tbody>\n<tr>\n<td><em><strong>Processo n\u00ba<\/strong>:<\/em><\/td>\n<td><em>395684\/24<\/em><\/td>\n<\/tr>\n<tr>\n<td><em><strong>Ac\u00f3rd\u00e3o n\u00ba<\/strong>:<\/em><\/td>\n<td><em>62\/25 &#8211; Tribunal Pleno<\/em><\/td>\n<\/tr>\n<tr>\n<td><em><strong>Assunto<\/strong>:<\/em><\/td>\n<td><em>Consulta<\/em><\/td>\n<\/tr>\n<tr>\n<td><em><strong>Entidade<\/strong>:<\/em><\/td>\n<td><em>Munic\u00edpio de Imba\u00fa<\/em><\/td>\n<\/tr>\n<tr>\n<td><em><strong>Relator<\/strong>:<\/em><\/td>\n<td><em><span class=\"TextRun SCXW156170801 BCX0\" lang=\"PT-BR\" xml:lang=\"PT-BR\" data-contrast=\"auto\"><span class=\"NormalTextRun SCXW156170801 BCX0\">Conselheiro Augustinho Zucchi<\/span><\/span><\/em><\/td>\n<\/tr>\n<\/tbody>\n<\/table>\n<\/blockquote>\n","protected":false},"excerpt":{"rendered":"<p>\u00c9 poss\u00edvel que o Munic\u00edpio que esteja dentro dos limites legais de \u00edndice de pessoal, mesmo ap\u00f3s ter aplicado a\u00e7\u00f5es para diminui\u00e7\u00e3o dos valores gastos com pessoal, nomeie servidores aprovados em concurso p\u00fablico anterior. \u00a0 Esse \u00e9 o entendimento do Tribunal de Contas do Estado do Paran\u00e1 (TCE-PR), ap\u00f3s ter julgado o processo de consulta [&hellip;]<\/p>\n","protected":false},"author":1,"featured_media":22637,"comment_status":"open","ping_status":"open","sticky":false,"template":"","format":"standard","meta":{"_monsterinsights_skip_tracking":false,"_monsterinsights_sitenote_active":false,"_monsterinsights_sitenote_note":"","_monsterinsights_sitenote_category":0,"footnotes":""},"categories":[7],"tags":[122,369,695,13,696,39,71],"class_list":["post-22635","post","type-post","status-publish","format-standard","has-post-thumbnail","hentry","category-todas-as-noticias","tag-concurso-publico","tag-imbau","tag-indice-de-despesas-de-pessoal","tag-mpc-pr","tag-nomeacao","tag-tce-pr","tag-tribunal-pleno","entry","has-media"],"yoast_head":"<!-- This site is optimized with the Yoast SEO plugin v27.3 - https:\/\/yoast.com\/product\/yoast-seo-wordpress\/ -->\n<title>Munic\u00edpio deve se atentar aos \u00edndices de despesa de pessoal antes de nomear aprovados em concurso p\u00fablico - Minist\u00e9rio P\u00fablico de Contas do Estado do Paran\u00e1<\/title>\n<meta name=\"robots\" content=\"index, follow, max-snippet:-1, max-image-preview:large, max-video-preview:-1\" \/>\n<link rel=\"canonical\" href=\"https:\/\/www.mpc.pr.gov.br\/index.php\/municipio-deve-se-atentar-aos-indices-de-despesa-de-pessoal-antes-de-nomear-aprovados-em-concurso-publico\/\" \/>\n<meta property=\"og:locale\" content=\"pt_BR\" \/>\n<meta property=\"og:type\" content=\"article\" \/>\n<meta property=\"og:title\" content=\"Munic\u00edpio deve se atentar aos \u00edndices de despesa de pessoal antes de nomear aprovados em concurso p\u00fablico - Minist\u00e9rio P\u00fablico de Contas do Estado do Paran\u00e1\" \/>\n<meta property=\"og:description\" content=\"\u00c9 poss\u00edvel que o Munic\u00edpio que esteja dentro dos limites legais de \u00edndice de pessoal, mesmo ap\u00f3s ter aplicado a\u00e7\u00f5es para diminui\u00e7\u00e3o dos valores gastos com pessoal, nomeie servidores aprovados em concurso p\u00fablico anterior. \u00a0 Esse \u00e9 o entendimento do Tribunal de Contas do Estado do Paran\u00e1 (TCE-PR), ap\u00f3s ter julgado o processo de consulta [&hellip;]\" \/>\n<meta property=\"og:url\" content=\"https:\/\/www.mpc.pr.gov.br\/index.php\/municipio-deve-se-atentar-aos-indices-de-despesa-de-pessoal-antes-de-nomear-aprovados-em-concurso-publico\/\" \/>\n<meta property=\"og:site_name\" content=\"Minist\u00e9rio P\u00fablico de Contas do Estado do Paran\u00e1\" \/>\n<meta property=\"article:publisher\" content=\"https:\/\/www.facebook.com\/mpc.pr\" \/>\n<meta property=\"article:published_time\" content=\"2025-02-25T13:55:55+00:00\" \/>\n<meta property=\"article:modified_time\" content=\"2025-03-13T12:59:43+00:00\" \/>\n<meta property=\"og:image\" content=\"https:\/\/www.mpc.pr.gov.br\/wp-content\/uploads\/2025\/02\/imbau-prefeitura-municipal-scaled.jpg\" \/>\n\t<meta property=\"og:image:width\" content=\"2560\" \/>\n\t<meta property=\"og:image:height\" content=\"1846\" \/>\n\t<meta property=\"og:image:type\" content=\"image\/jpeg\" \/>\n<meta name=\"author\" content=\"mpcontaspr\" \/>\n<meta name=\"twitter:card\" content=\"summary_large_image\" \/>\n<meta name=\"twitter:label1\" content=\"Escrito por\" \/>\n\t<meta name=\"twitter:data1\" content=\"mpcontaspr\" \/>\n\t<meta name=\"twitter:label2\" content=\"Est. tempo de leitura\" \/>\n\t<meta name=\"twitter:data2\" content=\"5 minutos\" \/>\n<script type=\"application\/ld+json\" class=\"yoast-schema-graph\">{\"@context\":\"https:\\\/\\\/schema.org\",\"@graph\":[{\"@type\":\"Article\",\"@id\":\"https:\\\/\\\/www.mpc.pr.gov.br\\\/index.php\\\/municipio-deve-se-atentar-aos-indices-de-despesa-de-pessoal-antes-de-nomear-aprovados-em-concurso-publico\\\/#article\",\"isPartOf\":{\"@id\":\"https:\\\/\\\/www.mpc.pr.gov.br\\\/index.php\\\/municipio-deve-se-atentar-aos-indices-de-despesa-de-pessoal-antes-de-nomear-aprovados-em-concurso-publico\\\/\"},\"author\":{\"name\":\"mpcontaspr\",\"@id\":\"https:\\\/\\\/www.mpc.pr.gov.br\\\/#\\\/schema\\\/person\\\/2d83cb8980538d0ec174e8a6284f5e11\"},\"headline\":\"Munic\u00edpio deve se atentar aos \u00edndices de despesa de pessoal antes de nomear aprovados em concurso p\u00fablico\",\"datePublished\":\"2025-02-25T13:55:55+00:00\",\"dateModified\":\"2025-03-13T12:59:43+00:00\",\"mainEntityOfPage\":{\"@id\":\"https:\\\/\\\/www.mpc.pr.gov.br\\\/index.php\\\/municipio-deve-se-atentar-aos-indices-de-despesa-de-pessoal-antes-de-nomear-aprovados-em-concurso-publico\\\/\"},\"wordCount\":899,\"commentCount\":0,\"publisher\":{\"@id\":\"https:\\\/\\\/www.mpc.pr.gov.br\\\/#organization\"},\"image\":{\"@id\":\"https:\\\/\\\/www.mpc.pr.gov.br\\\/index.php\\\/municipio-deve-se-atentar-aos-indices-de-despesa-de-pessoal-antes-de-nomear-aprovados-em-concurso-publico\\\/#primaryimage\"},\"thumbnailUrl\":\"https:\\\/\\\/www.mpc.pr.gov.br\\\/wp-content\\\/uploads\\\/2025\\\/02\\\/imbau-prefeitura-municipal-scaled.jpg\",\"keywords\":[\"Concurso P\u00fablico\",\"Imba\u00fa\",\"\u00cdndice de despesas de pessoal\",\"MPC-PR\",\"Nomea\u00e7\u00e3o\",\"TCE-PR\",\"Tribunal Pleno\"],\"articleSection\":[\"Todas as not\u00edcias\"],\"inLanguage\":\"pt-BR\",\"potentialAction\":[{\"@type\":\"CommentAction\",\"name\":\"Comment\",\"target\":[\"https:\\\/\\\/www.mpc.pr.gov.br\\\/index.php\\\/municipio-deve-se-atentar-aos-indices-de-despesa-de-pessoal-antes-de-nomear-aprovados-em-concurso-publico\\\/#respond\"]}]},{\"@type\":\"WebPage\",\"@id\":\"https:\\\/\\\/www.mpc.pr.gov.br\\\/index.php\\\/municipio-deve-se-atentar-aos-indices-de-despesa-de-pessoal-antes-de-nomear-aprovados-em-concurso-publico\\\/\",\"url\":\"https:\\\/\\\/www.mpc.pr.gov.br\\\/index.php\\\/municipio-deve-se-atentar-aos-indices-de-despesa-de-pessoal-antes-de-nomear-aprovados-em-concurso-publico\\\/\",\"name\":\"Munic\u00edpio deve se atentar aos \u00edndices de despesa de pessoal antes de nomear aprovados em concurso p\u00fablico - Minist\u00e9rio P\u00fablico de Contas do Estado do Paran\u00e1\",\"isPartOf\":{\"@id\":\"https:\\\/\\\/www.mpc.pr.gov.br\\\/#website\"},\"primaryImageOfPage\":{\"@id\":\"https:\\\/\\\/www.mpc.pr.gov.br\\\/index.php\\\/municipio-deve-se-atentar-aos-indices-de-despesa-de-pessoal-antes-de-nomear-aprovados-em-concurso-publico\\\/#primaryimage\"},\"image\":{\"@id\":\"https:\\\/\\\/www.mpc.pr.gov.br\\\/index.php\\\/municipio-deve-se-atentar-aos-indices-de-despesa-de-pessoal-antes-de-nomear-aprovados-em-concurso-publico\\\/#primaryimage\"},\"thumbnailUrl\":\"https:\\\/\\\/www.mpc.pr.gov.br\\\/wp-content\\\/uploads\\\/2025\\\/02\\\/imbau-prefeitura-municipal-scaled.jpg\",\"datePublished\":\"2025-02-25T13:55:55+00:00\",\"dateModified\":\"2025-03-13T12:59:43+00:00\",\"breadcrumb\":{\"@id\":\"https:\\\/\\\/www.mpc.pr.gov.br\\\/index.php\\\/municipio-deve-se-atentar-aos-indices-de-despesa-de-pessoal-antes-de-nomear-aprovados-em-concurso-publico\\\/#breadcrumb\"},\"inLanguage\":\"pt-BR\",\"potentialAction\":[{\"@type\":\"ReadAction\",\"target\":[\"https:\\\/\\\/www.mpc.pr.gov.br\\\/index.php\\\/municipio-deve-se-atentar-aos-indices-de-despesa-de-pessoal-antes-de-nomear-aprovados-em-concurso-publico\\\/\"]}]},{\"@type\":\"ImageObject\",\"inLanguage\":\"pt-BR\",\"@id\":\"https:\\\/\\\/www.mpc.pr.gov.br\\\/index.php\\\/municipio-deve-se-atentar-aos-indices-de-despesa-de-pessoal-antes-de-nomear-aprovados-em-concurso-publico\\\/#primaryimage\",\"url\":\"https:\\\/\\\/www.mpc.pr.gov.br\\\/wp-content\\\/uploads\\\/2025\\\/02\\\/imbau-prefeitura-municipal-scaled.jpg\",\"contentUrl\":\"https:\\\/\\\/www.mpc.pr.gov.br\\\/wp-content\\\/uploads\\\/2025\\\/02\\\/imbau-prefeitura-municipal-scaled.jpg\",\"width\":2560,\"height\":1846,\"caption\":\"Prefeitura Municipal de Imba\u00fa. Foto: divulga\u00e7\u00e3o.\"},{\"@type\":\"BreadcrumbList\",\"@id\":\"https:\\\/\\\/www.mpc.pr.gov.br\\\/index.php\\\/municipio-deve-se-atentar-aos-indices-de-despesa-de-pessoal-antes-de-nomear-aprovados-em-concurso-publico\\\/#breadcrumb\",\"itemListElement\":[{\"@type\":\"ListItem\",\"position\":1,\"name\":\"In\u00edcio\",\"item\":\"https:\\\/\\\/www.mpc.pr.gov.br\\\/\"},{\"@type\":\"ListItem\",\"position\":2,\"name\":\"Munic\u00edpio deve se atentar aos \u00edndices de despesa de pessoal antes de nomear aprovados em concurso p\u00fablico\"}]},{\"@type\":\"WebSite\",\"@id\":\"https:\\\/\\\/www.mpc.pr.gov.br\\\/#website\",\"url\":\"https:\\\/\\\/www.mpc.pr.gov.br\\\/\",\"name\":\"Minist\u00e9rio P\u00fablico de Contas do Estado do Paran\u00e1\",\"description\":\"\",\"publisher\":{\"@id\":\"https:\\\/\\\/www.mpc.pr.gov.br\\\/#organization\"},\"potentialAction\":[{\"@type\":\"SearchAction\",\"target\":{\"@type\":\"EntryPoint\",\"urlTemplate\":\"https:\\\/\\\/www.mpc.pr.gov.br\\\/?s={search_term_string}\"},\"query-input\":{\"@type\":\"PropertyValueSpecification\",\"valueRequired\":true,\"valueName\":\"search_term_string\"}}],\"inLanguage\":\"pt-BR\"},{\"@type\":\"Organization\",\"@id\":\"https:\\\/\\\/www.mpc.pr.gov.br\\\/#organization\",\"name\":\"Minist\u00e9rio P\u00fablico de Contas do Estado do Paran\u00e1\",\"url\":\"https:\\\/\\\/www.mpc.pr.gov.br\\\/\",\"logo\":{\"@type\":\"ImageObject\",\"inLanguage\":\"pt-BR\",\"@id\":\"https:\\\/\\\/www.mpc.pr.gov.br\\\/#\\\/schema\\\/logo\\\/image\\\/\",\"url\":\"https:\\\/\\\/www.mpc.pr.gov.br\\\/wp-content\\\/uploads\\\/2020\\\/06\\\/99423647_1593460364143890_6706793420720963584_n-1-e1591387983167.png\",\"contentUrl\":\"https:\\\/\\\/www.mpc.pr.gov.br\\\/wp-content\\\/uploads\\\/2020\\\/06\\\/99423647_1593460364143890_6706793420720963584_n-1-e1591387983167.png\",\"width\":243,\"height\":73,\"caption\":\"Minist\u00e9rio P\u00fablico de Contas do Estado do Paran\u00e1\"},\"image\":{\"@id\":\"https:\\\/\\\/www.mpc.pr.gov.br\\\/#\\\/schema\\\/logo\\\/image\\\/\"},\"sameAs\":[\"https:\\\/\\\/www.facebook.com\\\/mpc.pr\",\"https:\\\/\\\/www.instagram.com\\\/mpc.pr\\\/?hl=pt-br\",\"https:\\\/\\\/www.youtube.com\\\/channel\\\/UCHri5oEM8DV0ztX57E0sBSw\"]},{\"@type\":\"Person\",\"@id\":\"https:\\\/\\\/www.mpc.pr.gov.br\\\/#\\\/schema\\\/person\\\/2d83cb8980538d0ec174e8a6284f5e11\",\"name\":\"mpcontaspr\",\"image\":{\"@type\":\"ImageObject\",\"inLanguage\":\"pt-BR\",\"@id\":\"https:\\\/\\\/secure.gravatar.com\\\/avatar\\\/1aef51541db7622e05fd639336c9c9f312c2a618396e2b6ca96846362fc5403f?s=96&d=mm&r=g\",\"url\":\"https:\\\/\\\/secure.gravatar.com\\\/avatar\\\/1aef51541db7622e05fd639336c9c9f312c2a618396e2b6ca96846362fc5403f?s=96&d=mm&r=g\",\"contentUrl\":\"https:\\\/\\\/secure.gravatar.com\\\/avatar\\\/1aef51541db7622e05fd639336c9c9f312c2a618396e2b6ca96846362fc5403f?s=96&d=mm&r=g\",\"caption\":\"mpcontaspr\"},\"sameAs\":[\"http:\\\/\\\/www.mpc.pr.gov.br\"]}]}<\/script>\n<!-- \/ Yoast SEO plugin. -->","yoast_head_json":{"title":"Munic\u00edpio deve se atentar aos \u00edndices de despesa de pessoal antes de nomear aprovados em concurso p\u00fablico - Minist\u00e9rio P\u00fablico de Contas do Estado do Paran\u00e1","robots":{"index":"index","follow":"follow","max-snippet":"max-snippet:-1","max-image-preview":"max-image-preview:large","max-video-preview":"max-video-preview:-1"},"canonical":"https:\/\/www.mpc.pr.gov.br\/index.php\/municipio-deve-se-atentar-aos-indices-de-despesa-de-pessoal-antes-de-nomear-aprovados-em-concurso-publico\/","og_locale":"pt_BR","og_type":"article","og_title":"Munic\u00edpio deve se atentar aos \u00edndices de despesa de pessoal antes de nomear aprovados em concurso p\u00fablico - Minist\u00e9rio P\u00fablico de Contas do Estado do Paran\u00e1","og_description":"\u00c9 poss\u00edvel que o Munic\u00edpio que esteja dentro dos limites legais de \u00edndice de pessoal, mesmo ap\u00f3s ter aplicado a\u00e7\u00f5es para diminui\u00e7\u00e3o dos valores gastos com pessoal, nomeie servidores aprovados em concurso p\u00fablico anterior. \u00a0 Esse \u00e9 o entendimento do Tribunal de Contas do Estado do Paran\u00e1 (TCE-PR), ap\u00f3s ter julgado o processo de consulta [&hellip;]","og_url":"https:\/\/www.mpc.pr.gov.br\/index.php\/municipio-deve-se-atentar-aos-indices-de-despesa-de-pessoal-antes-de-nomear-aprovados-em-concurso-publico\/","og_site_name":"Minist\u00e9rio P\u00fablico de Contas do Estado do Paran\u00e1","article_publisher":"https:\/\/www.facebook.com\/mpc.pr","article_published_time":"2025-02-25T13:55:55+00:00","article_modified_time":"2025-03-13T12:59:43+00:00","og_image":[{"width":2560,"height":1846,"url":"https:\/\/www.mpc.pr.gov.br\/wp-content\/uploads\/2025\/02\/imbau-prefeitura-municipal-scaled.jpg","type":"image\/jpeg"}],"author":"mpcontaspr","twitter_card":"summary_large_image","twitter_misc":{"Escrito por":"mpcontaspr","Est. tempo de leitura":"5 minutos"},"schema":{"@context":"https:\/\/schema.org","@graph":[{"@type":"Article","@id":"https:\/\/www.mpc.pr.gov.br\/index.php\/municipio-deve-se-atentar-aos-indices-de-despesa-de-pessoal-antes-de-nomear-aprovados-em-concurso-publico\/#article","isPartOf":{"@id":"https:\/\/www.mpc.pr.gov.br\/index.php\/municipio-deve-se-atentar-aos-indices-de-despesa-de-pessoal-antes-de-nomear-aprovados-em-concurso-publico\/"},"author":{"name":"mpcontaspr","@id":"https:\/\/www.mpc.pr.gov.br\/#\/schema\/person\/2d83cb8980538d0ec174e8a6284f5e11"},"headline":"Munic\u00edpio deve se atentar aos \u00edndices de despesa de pessoal antes de nomear aprovados em concurso p\u00fablico","datePublished":"2025-02-25T13:55:55+00:00","dateModified":"2025-03-13T12:59:43+00:00","mainEntityOfPage":{"@id":"https:\/\/www.mpc.pr.gov.br\/index.php\/municipio-deve-se-atentar-aos-indices-de-despesa-de-pessoal-antes-de-nomear-aprovados-em-concurso-publico\/"},"wordCount":899,"commentCount":0,"publisher":{"@id":"https:\/\/www.mpc.pr.gov.br\/#organization"},"image":{"@id":"https:\/\/www.mpc.pr.gov.br\/index.php\/municipio-deve-se-atentar-aos-indices-de-despesa-de-pessoal-antes-de-nomear-aprovados-em-concurso-publico\/#primaryimage"},"thumbnailUrl":"https:\/\/www.mpc.pr.gov.br\/wp-content\/uploads\/2025\/02\/imbau-prefeitura-municipal-scaled.jpg","keywords":["Concurso P\u00fablico","Imba\u00fa","\u00cdndice de despesas de pessoal","MPC-PR","Nomea\u00e7\u00e3o","TCE-PR","Tribunal Pleno"],"articleSection":["Todas as not\u00edcias"],"inLanguage":"pt-BR","potentialAction":[{"@type":"CommentAction","name":"Comment","target":["https:\/\/www.mpc.pr.gov.br\/index.php\/municipio-deve-se-atentar-aos-indices-de-despesa-de-pessoal-antes-de-nomear-aprovados-em-concurso-publico\/#respond"]}]},{"@type":"WebPage","@id":"https:\/\/www.mpc.pr.gov.br\/index.php\/municipio-deve-se-atentar-aos-indices-de-despesa-de-pessoal-antes-de-nomear-aprovados-em-concurso-publico\/","url":"https:\/\/www.mpc.pr.gov.br\/index.php\/municipio-deve-se-atentar-aos-indices-de-despesa-de-pessoal-antes-de-nomear-aprovados-em-concurso-publico\/","name":"Munic\u00edpio deve se atentar aos \u00edndices de despesa de pessoal antes de nomear aprovados em concurso p\u00fablico - Minist\u00e9rio P\u00fablico de Contas do Estado do Paran\u00e1","isPartOf":{"@id":"https:\/\/www.mpc.pr.gov.br\/#website"},"primaryImageOfPage":{"@id":"https:\/\/www.mpc.pr.gov.br\/index.php\/municipio-deve-se-atentar-aos-indices-de-despesa-de-pessoal-antes-de-nomear-aprovados-em-concurso-publico\/#primaryimage"},"image":{"@id":"https:\/\/www.mpc.pr.gov.br\/index.php\/municipio-deve-se-atentar-aos-indices-de-despesa-de-pessoal-antes-de-nomear-aprovados-em-concurso-publico\/#primaryimage"},"thumbnailUrl":"https:\/\/www.mpc.pr.gov.br\/wp-content\/uploads\/2025\/02\/imbau-prefeitura-municipal-scaled.jpg","datePublished":"2025-02-25T13:55:55+00:00","dateModified":"2025-03-13T12:59:43+00:00","breadcrumb":{"@id":"https:\/\/www.mpc.pr.gov.br\/index.php\/municipio-deve-se-atentar-aos-indices-de-despesa-de-pessoal-antes-de-nomear-aprovados-em-concurso-publico\/#breadcrumb"},"inLanguage":"pt-BR","potentialAction":[{"@type":"ReadAction","target":["https:\/\/www.mpc.pr.gov.br\/index.php\/municipio-deve-se-atentar-aos-indices-de-despesa-de-pessoal-antes-de-nomear-aprovados-em-concurso-publico\/"]}]},{"@type":"ImageObject","inLanguage":"pt-BR","@id":"https:\/\/www.mpc.pr.gov.br\/index.php\/municipio-deve-se-atentar-aos-indices-de-despesa-de-pessoal-antes-de-nomear-aprovados-em-concurso-publico\/#primaryimage","url":"https:\/\/www.mpc.pr.gov.br\/wp-content\/uploads\/2025\/02\/imbau-prefeitura-municipal-scaled.jpg","contentUrl":"https:\/\/www.mpc.pr.gov.br\/wp-content\/uploads\/2025\/02\/imbau-prefeitura-municipal-scaled.jpg","width":2560,"height":1846,"caption":"Prefeitura Municipal de Imba\u00fa. Foto: divulga\u00e7\u00e3o."},{"@type":"BreadcrumbList","@id":"https:\/\/www.mpc.pr.gov.br\/index.php\/municipio-deve-se-atentar-aos-indices-de-despesa-de-pessoal-antes-de-nomear-aprovados-em-concurso-publico\/#breadcrumb","itemListElement":[{"@type":"ListItem","position":1,"name":"In\u00edcio","item":"https:\/\/www.mpc.pr.gov.br\/"},{"@type":"ListItem","position":2,"name":"Munic\u00edpio deve se atentar aos \u00edndices de despesa de pessoal antes de nomear aprovados em concurso p\u00fablico"}]},{"@type":"WebSite","@id":"https:\/\/www.mpc.pr.gov.br\/#website","url":"https:\/\/www.mpc.pr.gov.br\/","name":"Minist\u00e9rio P\u00fablico de Contas do Estado do Paran\u00e1","description":"","publisher":{"@id":"https:\/\/www.mpc.pr.gov.br\/#organization"},"potentialAction":[{"@type":"SearchAction","target":{"@type":"EntryPoint","urlTemplate":"https:\/\/www.mpc.pr.gov.br\/?s={search_term_string}"},"query-input":{"@type":"PropertyValueSpecification","valueRequired":true,"valueName":"search_term_string"}}],"inLanguage":"pt-BR"},{"@type":"Organization","@id":"https:\/\/www.mpc.pr.gov.br\/#organization","name":"Minist\u00e9rio P\u00fablico de Contas do Estado do Paran\u00e1","url":"https:\/\/www.mpc.pr.gov.br\/","logo":{"@type":"ImageObject","inLanguage":"pt-BR","@id":"https:\/\/www.mpc.pr.gov.br\/#\/schema\/logo\/image\/","url":"https:\/\/www.mpc.pr.gov.br\/wp-content\/uploads\/2020\/06\/99423647_1593460364143890_6706793420720963584_n-1-e1591387983167.png","contentUrl":"https:\/\/www.mpc.pr.gov.br\/wp-content\/uploads\/2020\/06\/99423647_1593460364143890_6706793420720963584_n-1-e1591387983167.png","width":243,"height":73,"caption":"Minist\u00e9rio P\u00fablico de Contas do Estado do Paran\u00e1"},"image":{"@id":"https:\/\/www.mpc.pr.gov.br\/#\/schema\/logo\/image\/"},"sameAs":["https:\/\/www.facebook.com\/mpc.pr","https:\/\/www.instagram.com\/mpc.pr\/?hl=pt-br","https:\/\/www.youtube.com\/channel\/UCHri5oEM8DV0ztX57E0sBSw"]},{"@type":"Person","@id":"https:\/\/www.mpc.pr.gov.br\/#\/schema\/person\/2d83cb8980538d0ec174e8a6284f5e11","name":"mpcontaspr","image":{"@type":"ImageObject","inLanguage":"pt-BR","@id":"https:\/\/secure.gravatar.com\/avatar\/1aef51541db7622e05fd639336c9c9f312c2a618396e2b6ca96846362fc5403f?s=96&d=mm&r=g","url":"https:\/\/secure.gravatar.com\/avatar\/1aef51541db7622e05fd639336c9c9f312c2a618396e2b6ca96846362fc5403f?s=96&d=mm&r=g","contentUrl":"https:\/\/secure.gravatar.com\/avatar\/1aef51541db7622e05fd639336c9c9f312c2a618396e2b6ca96846362fc5403f?s=96&d=mm&r=g","caption":"mpcontaspr"},"sameAs":["http:\/\/www.mpc.pr.gov.br"]}]}},"rttpg_featured_image_url":{"full":["https:\/\/www.mpc.pr.gov.br\/wp-content\/uploads\/2025\/02\/imbau-prefeitura-municipal-scaled.jpg",2560,1846,false],"landscape":["https:\/\/www.mpc.pr.gov.br\/wp-content\/uploads\/2025\/02\/imbau-prefeitura-municipal-scaled.jpg",2560,1846,false],"portraits":["https:\/\/www.mpc.pr.gov.br\/wp-content\/uploads\/2025\/02\/imbau-prefeitura-municipal-scaled.jpg",2560,1846,false],"thumbnail":["https:\/\/www.mpc.pr.gov.br\/wp-content\/uploads\/2025\/02\/imbau-prefeitura-municipal-150x150.jpg",150,150,true],"medium":["https:\/\/www.mpc.pr.gov.br\/wp-content\/uploads\/2025\/02\/imbau-prefeitura-municipal-300x216.jpg",300,216,true],"large":["https:\/\/www.mpc.pr.gov.br\/wp-content\/uploads\/2025\/02\/imbau-prefeitura-municipal-1024x739.jpg",1024,739,true],"1536x1536":["https:\/\/www.mpc.pr.gov.br\/wp-content\/uploads\/2025\/02\/imbau-prefeitura-municipal-1536x1108.jpg",1536,1108,true],"2048x2048":["https:\/\/www.mpc.pr.gov.br\/wp-content\/uploads\/2025\/02\/imbau-prefeitura-municipal-2048x1477.jpg",2048,1477,true],"ocean-thumb-m":["https:\/\/www.mpc.pr.gov.br\/wp-content\/uploads\/2025\/02\/imbau-prefeitura-municipal-600x600.jpg",600,600,true],"ocean-thumb-ml":["https:\/\/www.mpc.pr.gov.br\/wp-content\/uploads\/2025\/02\/imbau-prefeitura-municipal-800x450.jpg",800,450,true],"ocean-thumb-l":["https:\/\/www.mpc.pr.gov.br\/wp-content\/uploads\/2025\/02\/imbau-prefeitura-municipal-1200x700.jpg",1200,700,true]},"rttpg_author":{"display_name":"mpcontaspr","author_link":"https:\/\/www.mpc.pr.gov.br\/index.php\/author\/mpcontaspr\/"},"rttpg_comment":0,"rttpg_category":"<a href=\"https:\/\/www.mpc.pr.gov.br\/index.php\/category\/todas-as-noticias\/\" rel=\"category tag\">Todas as not\u00edcias<\/a>","rttpg_excerpt":"\u00c9 poss\u00edvel que o Munic\u00edpio que esteja dentro dos limites legais de \u00edndice de pessoal, mesmo ap\u00f3s ter aplicado a\u00e7\u00f5es para diminui\u00e7\u00e3o dos valores gastos com pessoal, nomeie servidores aprovados em concurso p\u00fablico anterior. \u00a0 Esse \u00e9 o entendimento do Tribunal de Contas do Estado do Paran\u00e1 (TCE-PR), ap\u00f3s ter julgado o processo de consulta&hellip;","_links":{"self":[{"href":"https:\/\/www.mpc.pr.gov.br\/index.php\/wp-json\/wp\/v2\/posts\/22635","targetHints":{"allow":["GET"]}}],"collection":[{"href":"https:\/\/www.mpc.pr.gov.br\/index.php\/wp-json\/wp\/v2\/posts"}],"about":[{"href":"https:\/\/www.mpc.pr.gov.br\/index.php\/wp-json\/wp\/v2\/types\/post"}],"author":[{"embeddable":true,"href":"https:\/\/www.mpc.pr.gov.br\/index.php\/wp-json\/wp\/v2\/users\/1"}],"replies":[{"embeddable":true,"href":"https:\/\/www.mpc.pr.gov.br\/index.php\/wp-json\/wp\/v2\/comments?post=22635"}],"version-history":[{"count":2,"href":"https:\/\/www.mpc.pr.gov.br\/index.php\/wp-json\/wp\/v2\/posts\/22635\/revisions"}],"predecessor-version":[{"id":22645,"href":"https:\/\/www.mpc.pr.gov.br\/index.php\/wp-json\/wp\/v2\/posts\/22635\/revisions\/22645"}],"wp:featuredmedia":[{"embeddable":true,"href":"https:\/\/www.mpc.pr.gov.br\/index.php\/wp-json\/wp\/v2\/media\/22637"}],"wp:attachment":[{"href":"https:\/\/www.mpc.pr.gov.br\/index.php\/wp-json\/wp\/v2\/media?parent=22635"}],"wp:term":[{"taxonomy":"category","embeddable":true,"href":"https:\/\/www.mpc.pr.gov.br\/index.php\/wp-json\/wp\/v2\/categories?post=22635"},{"taxonomy":"post_tag","embeddable":true,"href":"https:\/\/www.mpc.pr.gov.br\/index.php\/wp-json\/wp\/v2\/tags?post=22635"}],"curies":[{"name":"wp","href":"https:\/\/api.w.org\/{rel}","templated":true}]}}