{"id":22751,"date":"2025-03-13T10:00:01","date_gmt":"2025-03-13T13:00:01","guid":{"rendered":"https:\/\/www.mpc.pr.gov.br\/?p=22751"},"modified":"2025-03-28T12:10:54","modified_gmt":"2025-03-28T15:10:54","slug":"tce-pr-nega-recurso-e-ex-prefeito-de-arapongas-e-instituto-omega-devem-restituir-r-14-milhao-ao-municipio","status":"publish","type":"post","link":"https:\/\/www.mpc.pr.gov.br\/index.php\/tce-pr-nega-recurso-e-ex-prefeito-de-arapongas-e-instituto-omega-devem-restituir-r-14-milhao-ao-municipio\/","title":{"rendered":"TCE-PR nega recurso e ex-prefeito de Arapongas e Instituto \u00d4mega devem restituir R$ 1,4 milh\u00e3o ao Munic\u00edpio"},"content":{"rendered":"<figure id=\"attachment_22753\" aria-describedby=\"caption-attachment-22753\" style=\"width: 300px\" class=\"wp-caption alignleft\"><img fetchpriority=\"high\" decoding=\"async\" class=\"size-medium wp-image-22753\" src=\"https:\/\/www.mpc.pr.gov.br\/wp-content\/uploads\/2025\/03\/arapongas-300x221.png\" alt=\"\" width=\"300\" height=\"221\" srcset=\"https:\/\/www.mpc.pr.gov.br\/wp-content\/uploads\/2025\/03\/arapongas-300x221.png 300w, https:\/\/www.mpc.pr.gov.br\/wp-content\/uploads\/2025\/03\/arapongas-768x565.png 768w, https:\/\/www.mpc.pr.gov.br\/wp-content\/uploads\/2025\/03\/arapongas.png 788w\" sizes=\"(max-width: 300px) 100vw, 300px\" \/><figcaption id=\"caption-attachment-22753\" class=\"wp-caption-text\">Edif\u00edcio sede da Prefeitura Municipal de Arapongas. Foto: divulga\u00e7\u00e3o.<\/figcaption><\/figure>\n<p><span data-contrast=\"auto\">Os Membros do Pleno do Tribunal de Contas do Paran\u00e1 (TCE-PR) negaram provimento ao Recurso de Revista interposto pelo ex-Prefeito do <a href=\"https:\/\/arapongas.atende.net\/\">Munic\u00edpio de Arapongas<\/a>, Luiz Roberto Pugliese (gest\u00e3o 2005-2008 e 2009-2012), e do ent\u00e3o tesoureiro do Instituto \u00d4mega, Bras\u00edlio Andrade Junior, em face do <a href=\"https:\/\/www.mpc.pr.gov.br\/wp-content\/uploads\/2025\/03\/arapongas-2018_S2C_ACO_2182.pdf\">Ac\u00f3rd\u00e3o n\u00ba 2182\/18 da Segunda C\u00e2mara<\/a>.\u00a0<\/span><span data-ccp-props=\"{&quot;201341983&quot;:0,&quot;335551550&quot;:6,&quot;335551620&quot;:6,&quot;335559740&quot;:360}\">\u00a0<\/span><\/p>\n<p><span data-contrast=\"auto\">Dessa forma, acompanhando as manifesta\u00e7\u00f5es uniformes da Coordenadoria de Gest\u00e3o Municipal (CGM) e Minist\u00e9rio P\u00fablico de Contas do Paran\u00e1 (MPC-PR), o TCE-PR manteve a decis\u00e3o original pela proced\u00eancia da Tomada de Contas Extraordin\u00e1ria n\u00ba 689790\/12,<\/span> <span data-contrast=\"auto\">por meio da qual foram verificadas irregularidades referentes a u<\/span><span data-contrast=\"none\">tiliza\u00e7\u00e3o indevida de contrato comercial para estabelecimento de v\u00ednculo entre as partes e aus\u00eancia de presta\u00e7\u00e3o de contas dos recursos transferidos.<\/span><span data-ccp-props=\"{&quot;201341983&quot;:0,&quot;335551550&quot;:6,&quot;335551620&quot;:6,&quot;335559740&quot;:360}\">\u00a0<\/span><\/p>\n<h4><b><span data-contrast=\"none\">Entenda o caso<\/span><\/b><span data-ccp-props=\"{&quot;201341983&quot;:0,&quot;335551550&quot;:6,&quot;335551620&quot;:6,&quot;335559740&quot;:360}\">\u00a0<\/span><\/h4>\n<p><span data-contrast=\"none\">A Tomada de Contas Extraordin\u00e1ria \u00e9 decorrente de inspe\u00e7\u00e3o<\/span><i><span data-contrast=\"none\"> in loco<\/span><\/i><span data-contrast=\"none\"> realizada para apurar ind\u00edcios de irregularidades nas transfer\u00eancias volunt\u00e1rias origin\u00e1rias do Contrato n\u00ba 111\/2009, celebrado entre ente municipal e o instituto qualificado como Organiza\u00e7\u00e3o da Sociedade Civil de Interesse P\u00fablico (OSCIP), referente aos exerc\u00edcios financeiros de 2009 a 2012, no valor de R$ 1.437.635,81, que tinha como objeto a presta\u00e7\u00e3o de servi\u00e7os de consultoria e assessoria em 17 Centros de Educa\u00e7\u00e3o Infantil de Arapongas, visando a capacita\u00e7\u00e3o dos seus educandos e educadores.<\/span><span data-ccp-props=\"{&quot;201341983&quot;:0,&quot;335551550&quot;:6,&quot;335551620&quot;:6,&quot;335559740&quot;:360}\">\u00a0<\/span><\/p>\n<p><span data-contrast=\"none\">Segundo o Relat\u00f3rio de Inspe\u00e7\u00e3o n\u00b0 11\/2012, foram encontrados dois achados, os quais evidenciavam a utiliza\u00e7\u00e3o de instrumento formal inadequado e a aus\u00eancia de presta\u00e7\u00e3o de contas ao TCE-PR.<\/span><span data-ccp-props=\"{&quot;201341983&quot;:0,&quot;335551550&quot;:6,&quot;335551620&quot;:6,&quot;335559740&quot;:360}\">\u00a0<\/span><\/p>\n<p><span data-contrast=\"none\">Durante a instru\u00e7\u00e3o do processo, tanto a CGM quanto o MPC-PR opinaram pela proced\u00eancia da Tomada de Contas Extraordin\u00e1ria, tendo em vista que as justificativas apresentadas pelas partes n\u00e3o foram capazes de afastar as irregularidades identificadas.\u00a0<\/span><span data-ccp-props=\"{&quot;201341983&quot;:0,&quot;335551550&quot;:6,&quot;335551620&quot;:6,&quot;335559740&quot;:360}\">\u00a0<\/span><\/p>\n<p><span data-contrast=\"none\">Em conson\u00e2ncia com tais entendimentos, os membros da Segunda C\u00e2mara, por maioria, acompanharam o voto do Relator Conselheiro Artag\u00e3o de Mattos Le\u00e3o, pela proced\u00eancia da Tomada de Contas Extraordin\u00e1ria, com a expedi\u00e7\u00e3o das seguintes medidas, conforme expresso no <a href=\"https:\/\/www.mpc.pr.gov.br\/wp-content\/uploads\/2025\/03\/arapongas-2018_S2C_ACO_2182.pdf\">Ac\u00f3rd\u00e3o n\u00b0 2182\/18<\/a>:<\/span><span data-ccp-props=\"{&quot;201341983&quot;:0,&quot;335551550&quot;:6,&quot;335551620&quot;:6,&quot;335559740&quot;:360}\">\u00a0<\/span><\/p>\n<p><span data-contrast=\"auto\">a) recolhimento integral dos recursos repassados, no valor de R$ 1.437.635,81, devidamente corrigidos de acordo com a data das transfer\u00eancias, e de forma solid\u00e1ria, pelo Instituto \u00d4mega, por Edgard Pietraroia Filho e por Bras\u00edlio Andrade J\u00fanior, com fundamento nos artigos 16 e 18 da Lei Complementar n\u00ba 113\/2005, nos artigos 248 e 249 do Regimento Interno do TCE-PR, e na Uniformiza\u00e7\u00e3o de Jurisprud\u00eancia n\u00ba 3, por conta do Achado n\u00ba 02 do Relat\u00f3rio de Inspe\u00e7\u00e3o 11\/12.<\/span><\/p>\n<p><span data-contrast=\"auto\">b) multa administrativa a Luiz Roberto Pugliese e a Edgard Pietraroia Filho, devidamente atualizada, com base no artigo 87, inciso IV, al\u00ednea \u201cg\u201d da Lei Complementar n\u00ba 113\/2005, em virtude do Achado n\u00ba 01 do Relat\u00f3rio de Inspe\u00e7\u00e3o 11\/12.\u00a0<\/span><\/p>\n<p><span data-contrast=\"auto\">c) Inscri\u00e7\u00e3o em d\u00edvida ativa pelo \u00f3rg\u00e3o competente de Luiz Roberto Pugliese, Edgard Pietraroia Filho e Bras\u00edlio Andrade J\u00fanior, em caso do n\u00e3o recolhimento pelos respons\u00e1veis dos valores apontados nos prazos legais, com fundamento no artigo 71, \u00a7 3\u00ba, da Constitui\u00e7\u00e3o Federal, no artigo 76, \u00a7 3\u00ba, da Constitui\u00e7\u00e3o Estadual, nos artigos 18 e 92, \u00a7 1\u00ba, da Lei Complementar n\u00ba 113\/2005, nos artigos 249, 500 e 501, do Regimento Interno do TCE-PR, e no artigo 2\u00ba, da Lei Federal n\u00ba 6.830\/1980.\u00a0<\/span><\/p>\n<p><span data-contrast=\"auto\">d) Incluir o Sr. Luiz Roberto Pugliesi, prefeito municipal de Arapongas, \u00e0 \u00e9poca, dentre os destinat\u00e1rios da condena\u00e7\u00e3o solid\u00e1ria \u00e0 devolu\u00e7\u00e3o de recursos repassados, nos termos da Instru\u00e7\u00e3o n\u00ba 307\/17 da Coordenadoria de Fiscaliza\u00e7\u00e3o de Transfer\u00eancias e do Parecer n\u00ba 3736\/17 do Minist\u00e9rio P\u00fablico de Contas do Paran\u00e1.<\/span><\/p>\n<h4><b><span data-contrast=\"auto\">Recursos<\/span><\/b><span data-ccp-props=\"{&quot;201341983&quot;:0,&quot;335551550&quot;:6,&quot;335551620&quot;:6,&quot;335559685&quot;:0,&quot;335559731&quot;:0,&quot;335559740&quot;:360}\">\u00a0<\/span><\/h4>\n<p><span data-contrast=\"auto\">Aberto o prazo recursal, a decis\u00e3o foi alvo de Embargos de Declara\u00e7\u00e3o pelas partes, aos quais foi negado provimento (<a href=\"https:\/\/www.mpc.pr.gov.br\/wp-content\/uploads\/2025\/03\/arapongas-2019_S2C_ACO_390.pdf\">Ac\u00f3rd\u00e3o n\u00b0 390\/19 da Segunda C\u00e2mara<\/a>).\u00a0<\/span><span data-ccp-props=\"{&quot;201341983&quot;:0,&quot;335551550&quot;:6,&quot;335551620&quot;:6,&quot;335559740&quot;:360}\">\u00a0<\/span><\/p>\n<p><span data-contrast=\"auto\">Em nova manifesta\u00e7\u00e3o, mediante o Recurso de Revista protocolado sob n\u00b0 244975\/19, o ex-Prefeito do Munic\u00edpio de Arapongas, Luiz Roberto Pugliese, e o ex-tesoureiro do Instituto \u00d4mega, Bras\u00edlio Andrade Junior, alegaram que n\u00e3o havia veda\u00e7\u00e3o clara quanto \u00e0 formaliza\u00e7\u00e3o de v\u00ednculo entre OSCIP e Poder P\u00fablico por meio de contrato. Nesse sentido, por se tratar de uma formalidade, defendem que a irregularidade referente a utiliza\u00e7\u00e3o de instrumento formal inadequado poderia ser convertida em ressalva, inclusive pelo fato de que, sob a \u00f3tica dos recorrentes, teria havido o atingimento dos objetivos propostos mediante a efetiva presta\u00e7\u00e3o dos servi\u00e7os. <\/span><span data-ccp-props=\"{&quot;201341983&quot;:0,&quot;335551550&quot;:6,&quot;335551620&quot;:6,&quot;335559740&quot;:360}\">\u00a0<\/span><\/p>\n<p><span data-contrast=\"auto\">O ex-tesoureiro tamb\u00e9m argumentou que, embora na decis\u00e3o original o TCE-PR tenha conclu\u00eddo que houve conluio entre empresas a fim de justificar a prorroga\u00e7\u00e3o do contrato, tal necessidade teria sido reconhecida pela pr\u00f3pria municipalidade, em Parecer Jur\u00eddico constante dos autos. Al\u00e9m disso, aduziu que foi a pr\u00f3pria Secretaria de Educa\u00e7\u00e3o que anexou as propostas das outras empresas, o que teria o cond\u00e3o de demonstrar a inexist\u00eancia do alegado conluio.\u00a0<\/span><span data-ccp-props=\"{&quot;201341983&quot;:0,&quot;335551550&quot;:6,&quot;335551620&quot;:6,&quot;335559740&quot;:360}\">\u00a0<\/span><\/p>\n<p><span data-contrast=\"auto\">Por sua vez, no que se refere \u00e0 aus\u00eancia de presta\u00e7\u00e3o de contas, os recorrentes defenderam que os relat\u00f3rios de execu\u00e7\u00e3o juntados s\u00e3o aptos a demonstrar a legalidade da utiliza\u00e7\u00e3o das verbas repassadas, mostrando-se desproporcional a san\u00e7\u00e3o de devolu\u00e7\u00e3o integral dos recursos.<\/span><span data-ccp-props=\"{&quot;201341983&quot;:0,&quot;335551550&quot;:6,&quot;335551620&quot;:6,&quot;335559740&quot;:360}\">\u00a0<\/span><\/p>\n<h4><b><span data-contrast=\"auto\">Instru\u00e7\u00e3o do processo<\/span><\/b><span data-ccp-props=\"{&quot;201341983&quot;:0,&quot;335551550&quot;:6,&quot;335551620&quot;:6,&quot;335559740&quot;:360}\">\u00a0<\/span><\/h4>\n<p><span data-contrast=\"auto\">Ap\u00f3s exame das alega\u00e7\u00f5es e documentos apresentados pelos recorrentes, a Coordenadoria de Gest\u00e3o Municipal opinou conclusivamente pelo desprovimento do recurso, uma vez que n\u00e3o restou afastada a viola\u00e7\u00e3o aos artigos 3\u00ba e 9\u00ba da<a href=\"https:\/\/www.planalto.gov.br\/ccivil_03\/leis\/l9790.htm\"> Lei n\u00ba 9.790\/09<\/a>. Sobre isso, acrescentou que o Instituto \u00d4mega n\u00e3o detinha compet\u00eancia t\u00e9cnica para execu\u00e7\u00e3o dos servi\u00e7os previstos no Contrato n\u00ba 111\/2009, o que foi demonstrado pela subcontrata\u00e7\u00e3o da empresa Tau Eventos Ltda, respons\u00e1vel pelo planejamento das atividades e o suporte prestado aos educadores e coordenadores dos Centros de Educa\u00e7\u00e3o Infantil, em veda\u00e7\u00e3o expressa \u00e0 cl\u00e1usula 11 do instrumento celebrado entre as partes.<\/span><span data-ccp-props=\"{&quot;134233117&quot;:false,&quot;134233118&quot;:false,&quot;201341983&quot;:0,&quot;335551550&quot;:6,&quot;335551620&quot;:6,&quot;335559685&quot;:0,&quot;335559737&quot;:0,&quot;335559738&quot;:0,&quot;335559739&quot;:160,&quot;335559740&quot;:360}\">\u00a0<\/span><\/p>\n<p><span data-contrast=\"auto\">Em rela\u00e7\u00e3o ao apontamento de aus\u00eancia de presta\u00e7\u00e3o de contas dos recursos p\u00fablicos transferidos, a unidade t\u00e9cnica destacou que as alega\u00e7\u00f5es recursais j\u00e1 foram devidamente enfrentadas e recha\u00e7as nas decis\u00f5es anteriores.<\/span><span data-ccp-props=\"{&quot;201341983&quot;:0,&quot;335551550&quot;:6,&quot;335551620&quot;:6,&quot;335559740&quot;:360}\">\u00a0<\/span><\/p>\n<h4><b><span data-contrast=\"auto\">Minist\u00e9rio P\u00fablico de Contas<\/span><\/b><span data-ccp-props=\"{&quot;201341983&quot;:0,&quot;335551550&quot;:6,&quot;335551620&quot;:6,&quot;335559740&quot;:360}\">\u00a0<\/span><\/h4>\n<p><span data-contrast=\"auto\">Mediante o <a href=\"https:\/\/www.mpc.pr.gov.br\/wp-content\/uploads\/2025\/03\/arapongas-PAR-1141_22-4PC.pdf\">Parecer n\u00ba 1141\/22<\/a>, o MPC-PR observou que as alega\u00e7\u00f5es dos recorrentes n\u00e3o apresentaram qualquer fato novo h\u00e1bil a afastar o apontamento de que o Contrato n\u00ba 111\/2009 revelou-se um instrumento jur\u00eddico indevido para estabelecimento de v\u00ednculo entre o Munic\u00edpio de Arapongas e a OSCIP Instituto \u00d4mega. Corrobora com tal conclus\u00e3o, como bem apontado pela CGM, o fato de os recursos sequer terem abordado a imputa\u00e7\u00e3o de que a entidade n\u00e3o detinha compet\u00eancia e t\u00e9cnica para execu\u00e7\u00e3o dos servi\u00e7os na \u00e1rea pedag\u00f3gica e educacional, premissa confirmada pela indevida subcontrata\u00e7\u00e3o da empresa Tau Eventos Ltda.<\/span><span data-ccp-props=\"{&quot;201341983&quot;:0,&quot;335551550&quot;:6,&quot;335551620&quot;:6,&quot;335559740&quot;:360}\">\u00a0<\/span><\/p>\n<p><span data-contrast=\"auto\">Al\u00e9m disso, a alega\u00e7\u00e3o da exist\u00eancia de precedentes do TCE-PR em que o mesmo apontamento foi objeto de ressalva n\u00e3o se aplica ao caso em tela, pois nas decis\u00f5es citadas pelo ex-Prefeito, a convers\u00e3o em ressalva tinha como pressuposto a aus\u00eancia de preju\u00edzo ao er\u00e1rio, o que n\u00e3o foi verificado na execu\u00e7\u00e3o do Contrato n\u00ba 111\/2009.\u00a0<\/span><span data-ccp-props=\"{&quot;201341983&quot;:0,&quot;335551550&quot;:6,&quot;335551620&quot;:6,&quot;335559740&quot;:360}\">\u00a0<\/span><\/p>\n<p><span data-contrast=\"auto\">Dessa forma, tal qual a unidade t\u00e9cnica, o Minist\u00e9rio P\u00fablico de Contas opinou pelo desprovimento do Recurso de Revista, mantendo-se inalteradas as conclus\u00f5es do <a href=\"https:\/\/www.mpc.pr.gov.br\/wp-content\/uploads\/2025\/03\/arapongas-2018_S2C_ACO_2182.pdf\">Ac\u00f3rd\u00e3o n\u00ba 2182\/18<\/a>.<\/span><span data-ccp-props=\"{&quot;201341983&quot;:0,&quot;335551550&quot;:6,&quot;335551620&quot;:6,&quot;335559740&quot;:360}\">\u00a0<\/span><\/p>\n<h4><b><span data-contrast=\"auto\">Decis\u00e3o<\/span><\/b><span data-ccp-props=\"{&quot;201341983&quot;:0,&quot;335551550&quot;:6,&quot;335551620&quot;:6,&quot;335559740&quot;:360}\">\u00a0<\/span><\/h4>\n<p><span data-contrast=\"auto\">Em sede de julgamento, o Relator Conselheiro Jose Durval Mattos do Amaral frisou que, em que pese as justificativas e alega\u00e7\u00f5es apresentadas pelas partes, a realidade f\u00e1tica confirma que o v\u00ednculo havido entre a OSCIP e o Poder P\u00fablico estava maculado, j\u00e1 que n\u00e3o estava voltado ao atendimento do interesse p\u00fablico e sim a um grupo espec\u00edfico de pessoas, com grau de parentesco e\/ou rela\u00e7\u00e3o comercial entre si.<\/span><span data-ccp-props=\"{&quot;201341983&quot;:0,&quot;335551550&quot;:6,&quot;335551620&quot;:6,&quot;335559740&quot;:360}\">\u00a0<\/span><\/p>\n<p><span data-contrast=\"auto\">Conforme destacado no Relat\u00f3rio de Inspe\u00e7\u00e3o, o Instituto \u00d4mega possu\u00eda v\u00ednculos pessoais com as empresas que foram por ela subcontratadas para a execu\u00e7\u00e3o do objeto da parceria, sendo que foram essas mesmas empresas que, quando da pesquisa de pre\u00e7os para an\u00e1lise da economicidade das prorroga\u00e7\u00f5es contratuais realizadas, apresentaram or\u00e7amentos em montante superior \u00e0quele estabelecido pela entidade, dando ares de vantajosidade \u00e0s prorroga\u00e7\u00f5es.<\/span><span data-ccp-props=\"{&quot;201341983&quot;:0,&quot;335551550&quot;:6,&quot;335551620&quot;:6,&quot;335559740&quot;:360}\">\u00a0<\/span><\/p>\n<p><span data-contrast=\"auto\">Em acr\u00e9scimo, o Relator tamb\u00e9m pontuou que a forma de escolha do instituto tamb\u00e9m foi equivocada, tendo em vista a inadequa\u00e7\u00e3o em se realizar um procedimento licitat\u00f3rio para tanto. Isso porque, conforme previsto no artigo 3\u00b0 da <a href=\"https:\/\/www.planalto.gov.br\/ccivil_03\/leis\/l9790.htm\">Lei n\u00b0 9.790\/99<\/a>, para ser classificada como OSCIP, a entidade deve seguir alguma das atividades de cunho social que est\u00e3o ali presentes, as quais n\u00e3o se relacionam com as ordinariamente previstas nos editais de licita\u00e7\u00e3o. Isso se deve ao fato de que as a\u00e7\u00f5es desempenhadas por OSCIPs n\u00e3o possuem natureza comercial, tampouco lucrativa, da\u00ed porque o descabimento de sua escolha via licita\u00e7\u00e3o e, em consequ\u00eancia, de sua formaliza\u00e7\u00e3o via contrato comercial.\u00a0<\/span><span data-ccp-props=\"{&quot;201341983&quot;:0,&quot;335551550&quot;:6,&quot;335551620&quot;:6,&quot;335559740&quot;:360}\">\u00a0<\/span><\/p>\n<p><span data-contrast=\"auto\">Dessa forma, n\u00e3o h\u00e1 qualquer amparo na alega\u00e7\u00e3o recursal de que a celebra\u00e7\u00e3o de contrato comercial entre as partes seria poss\u00edvel por for\u00e7a do artigo 2\u00b0, par\u00e1grafo \u00fanico, da Lei n\u00b0 8.666\/93, o qual disp\u00f5e que \u201c<\/span><i><span data-contrast=\"auto\">considera-se contrato todo e qualquer ajuste entre \u00f3rg\u00e3os ou entidades da Administra\u00e7\u00e3o P\u00fablica e particulares, em que haja um acordo de vontades para a forma\u00e7\u00e3o de v\u00ednculo e a estipula\u00e7\u00e3o de obriga\u00e7\u00f5es rec\u00edprocas, seja qual for a denomina\u00e7\u00e3o utilizada<\/span><\/i><span data-contrast=\"auto\">\u201d. Portanto, resta claro a inaplicabilidade do dispositivo a v\u00ednculos formalizados com o Terceiro Setor, j\u00e1 que neles n\u00e3o existem as obriga\u00e7\u00f5es rec\u00edprocas ali mencionadas, sendo essa, inclusive, uma das caracter\u00edsticas que tipicamente diferem os contratos dos conv\u00eanios em geral.<\/span><span data-ccp-props=\"{&quot;201341983&quot;:0,&quot;335551550&quot;:6,&quot;335551620&quot;:6,&quot;335559740&quot;:360}\">\u00a0<\/span><\/p>\n<p><span data-contrast=\"auto\">Por fim, em rela\u00e7\u00e3o \u00e0 aus\u00eancia de presta\u00e7\u00e3o de contas, o Relator observou que embora os recorrentes argumentem insistentemente que houve a devida consecu\u00e7\u00e3o do objeto da transfer\u00eancia, fato \u00e9 que a documenta\u00e7\u00e3o juntada nos autos n\u00e3o s\u00f3 foi insuficiente para tal comprova\u00e7\u00e3o como tamb\u00e9m demonstrou mau uso na aplica\u00e7\u00e3o da verba transferida.\u00a0 Sendo assim, uma vez que \u00e9 dever das partes demonstrarem a correta destina\u00e7\u00e3o dos recursos, a sua n\u00e3o realiza\u00e7\u00e3o por falta documental enseja a sua responsabiliza\u00e7\u00e3o, bem como qualquer omiss\u00e3o nesse sentido implica no dever de recompor o er\u00e1rio.\u00a0<\/span><span data-ccp-props=\"{&quot;134233117&quot;:false,&quot;134233118&quot;:false,&quot;201341983&quot;:0,&quot;335551550&quot;:6,&quot;335551620&quot;:6,&quot;335559685&quot;:0,&quot;335559737&quot;:0,&quot;335559738&quot;:0,&quot;335559739&quot;:160,&quot;335559740&quot;:360}\">\u00a0<\/span><\/p>\n<p><span data-contrast=\"auto\">Portanto, diante de todos os fatos apresentados, os membros do Tribunal Pleno acompanharam, por unanimidade, o voto do Relator, a fim de conhecer o Recurso e, no m\u00e9rito, negar-lhe seu provimento, mantendo-se em seus exatos termos a decis\u00e3o original contida no <a href=\"https:\/\/www.mpc.pr.gov.br\/wp-content\/uploads\/2025\/03\/arapongas-2018_S2C_ACO_2182.pdf\">Ac\u00f3rd\u00e3o n\u00ba 2182\/18<\/a> da Segunda C\u00e2mara.<\/span><span data-ccp-props=\"{&quot;134233117&quot;:false,&quot;134233118&quot;:false,&quot;201341983&quot;:0,&quot;335551550&quot;:6,&quot;335551620&quot;:6,&quot;335559685&quot;:0,&quot;335559737&quot;:0,&quot;335559738&quot;:0,&quot;335559739&quot;:160,&quot;335559740&quot;:360}\">\u00a0<\/span><\/p>\n<blockquote><p><span style=\"color: #820007;\"><strong><u>Informa\u00e7\u00e3o para consulta processual<\/u><\/strong><\/span><\/p>\n<table style=\"height: 183px;\" border=\"0\" width=\"478\" cellspacing=\"0\" cellpadding=\"0\">\n<tbody>\n<tr>\n<td><strong>Processo n\u00ba<\/strong>:<\/td>\n<td>244975\/19<\/td>\n<\/tr>\n<tr>\n<td><strong>Ac\u00f3rd\u00e3o n\u00ba<\/strong>:<\/td>\n<td>264\/25 &#8211; Tribunal Pleno<\/td>\n<\/tr>\n<tr>\n<td><strong>Assunto<\/strong>:<\/td>\n<td>Recurso de Revista<\/td>\n<\/tr>\n<tr>\n<td><strong>Entidade<\/strong>:<\/td>\n<td>Munic\u00edpio deArapongas<\/td>\n<\/tr>\n<tr>\n<td><strong>Relator<\/strong>:<\/td>\n<td><span class=\"TextRun SCXW156170801 BCX0\" lang=\"PT-BR\" xml:lang=\"PT-BR\" data-contrast=\"auto\"><span class=\"NormalTextRun SCXW156170801 BCX0\">Conselheiro Jose Durval Mattos do Amaral<\/span><\/span><\/td>\n<\/tr>\n<\/tbody>\n<\/table>\n<\/blockquote>\n","protected":false},"excerpt":{"rendered":"<p>Os Membros do Pleno do Tribunal de Contas do Paran\u00e1 (TCE-PR) negaram provimento ao Recurso de Revista interposto pelo ex-Prefeito do Munic\u00edpio de Arapongas, Luiz Roberto Pugliese (gest\u00e3o 2005-2008 e 2009-2012), e do ent\u00e3o tesoureiro do Instituto \u00d4mega, Bras\u00edlio Andrade Junior, em face do Ac\u00f3rd\u00e3o n\u00ba 2182\/18 da Segunda C\u00e2mara.\u00a0\u00a0 Dessa forma, acompanhando as manifesta\u00e7\u00f5es [&hellip;]<\/p>\n","protected":false},"author":1,"featured_media":22753,"comment_status":"open","ping_status":"open","sticky":false,"template":"","format":"standard","meta":{"_monsterinsights_skip_tracking":false,"_monsterinsights_sitenote_active":false,"_monsterinsights_sitenote_note":"","_monsterinsights_sitenote_category":0,"footnotes":""},"categories":[7],"tags":[607,175,13,183,95,705,39],"class_list":["post-22751","post","type-post","status-publish","format-standard","has-post-thumbnail","hentry","category-todas-as-noticias","tag-arapongas","tag-fiscalizacao","tag-mpc-pr","tag-oscip","tag-recurso-de-revista","tag-restituicao","tag-tce-pr","entry","has-media"],"yoast_head":"<!-- This site is optimized with the Yoast SEO plugin v27.3 - https:\/\/yoast.com\/product\/yoast-seo-wordpress\/ -->\n<title>TCE-PR nega recurso e ex-prefeito de Arapongas e Instituto \u00d4mega devem restituir R$ 1,4 milh\u00e3o ao Munic\u00edpio - Minist\u00e9rio P\u00fablico de Contas do Estado do Paran\u00e1<\/title>\n<meta name=\"robots\" content=\"index, follow, max-snippet:-1, max-image-preview:large, max-video-preview:-1\" \/>\n<link rel=\"canonical\" href=\"https:\/\/www.mpc.pr.gov.br\/index.php\/tce-pr-nega-recurso-e-ex-prefeito-de-arapongas-e-instituto-omega-devem-restituir-r-14-milhao-ao-municipio\/\" \/>\n<meta property=\"og:locale\" content=\"pt_BR\" \/>\n<meta property=\"og:type\" content=\"article\" \/>\n<meta property=\"og:title\" content=\"TCE-PR nega recurso e ex-prefeito de Arapongas e Instituto \u00d4mega devem restituir R$ 1,4 milh\u00e3o ao Munic\u00edpio - Minist\u00e9rio P\u00fablico de Contas do Estado do Paran\u00e1\" \/>\n<meta property=\"og:description\" content=\"Os Membros do Pleno do Tribunal de Contas do Paran\u00e1 (TCE-PR) negaram provimento ao Recurso de Revista interposto pelo ex-Prefeito do Munic\u00edpio de Arapongas, Luiz Roberto Pugliese (gest\u00e3o 2005-2008 e 2009-2012), e do ent\u00e3o tesoureiro do Instituto \u00d4mega, Bras\u00edlio Andrade Junior, em face do Ac\u00f3rd\u00e3o n\u00ba 2182\/18 da Segunda C\u00e2mara.\u00a0\u00a0 Dessa forma, acompanhando as manifesta\u00e7\u00f5es [&hellip;]\" \/>\n<meta property=\"og:url\" content=\"https:\/\/www.mpc.pr.gov.br\/index.php\/tce-pr-nega-recurso-e-ex-prefeito-de-arapongas-e-instituto-omega-devem-restituir-r-14-milhao-ao-municipio\/\" \/>\n<meta property=\"og:site_name\" content=\"Minist\u00e9rio P\u00fablico de Contas do Estado do Paran\u00e1\" \/>\n<meta property=\"article:publisher\" content=\"https:\/\/www.facebook.com\/mpc.pr\" \/>\n<meta property=\"article:published_time\" content=\"2025-03-13T13:00:01+00:00\" \/>\n<meta property=\"article:modified_time\" content=\"2025-03-28T15:10:54+00:00\" \/>\n<meta property=\"og:image\" content=\"https:\/\/www.mpc.pr.gov.br\/wp-content\/uploads\/2025\/03\/arapongas.png\" \/>\n\t<meta property=\"og:image:width\" content=\"788\" \/>\n\t<meta property=\"og:image:height\" content=\"580\" \/>\n\t<meta property=\"og:image:type\" content=\"image\/png\" \/>\n<meta name=\"author\" content=\"mpcontaspr\" \/>\n<meta name=\"twitter:card\" content=\"summary_large_image\" \/>\n<meta name=\"twitter:label1\" content=\"Escrito por\" \/>\n\t<meta name=\"twitter:data1\" content=\"mpcontaspr\" \/>\n\t<meta name=\"twitter:label2\" content=\"Est. tempo de leitura\" \/>\n\t<meta name=\"twitter:data2\" content=\"10 minutos\" \/>\n<script type=\"application\/ld+json\" class=\"yoast-schema-graph\">{\"@context\":\"https:\\\/\\\/schema.org\",\"@graph\":[{\"@type\":\"Article\",\"@id\":\"https:\\\/\\\/www.mpc.pr.gov.br\\\/index.php\\\/tce-pr-nega-recurso-e-ex-prefeito-de-arapongas-e-instituto-omega-devem-restituir-r-14-milhao-ao-municipio\\\/#article\",\"isPartOf\":{\"@id\":\"https:\\\/\\\/www.mpc.pr.gov.br\\\/index.php\\\/tce-pr-nega-recurso-e-ex-prefeito-de-arapongas-e-instituto-omega-devem-restituir-r-14-milhao-ao-municipio\\\/\"},\"author\":{\"name\":\"mpcontaspr\",\"@id\":\"https:\\\/\\\/www.mpc.pr.gov.br\\\/#\\\/schema\\\/person\\\/2d83cb8980538d0ec174e8a6284f5e11\"},\"headline\":\"TCE-PR nega recurso e ex-prefeito de Arapongas e Instituto \u00d4mega devem restituir R$ 1,4 milh\u00e3o ao Munic\u00edpio\",\"datePublished\":\"2025-03-13T13:00:01+00:00\",\"dateModified\":\"2025-03-28T15:10:54+00:00\",\"mainEntityOfPage\":{\"@id\":\"https:\\\/\\\/www.mpc.pr.gov.br\\\/index.php\\\/tce-pr-nega-recurso-e-ex-prefeito-de-arapongas-e-instituto-omega-devem-restituir-r-14-milhao-ao-municipio\\\/\"},\"wordCount\":1840,\"commentCount\":0,\"publisher\":{\"@id\":\"https:\\\/\\\/www.mpc.pr.gov.br\\\/#organization\"},\"image\":{\"@id\":\"https:\\\/\\\/www.mpc.pr.gov.br\\\/index.php\\\/tce-pr-nega-recurso-e-ex-prefeito-de-arapongas-e-instituto-omega-devem-restituir-r-14-milhao-ao-municipio\\\/#primaryimage\"},\"thumbnailUrl\":\"https:\\\/\\\/www.mpc.pr.gov.br\\\/wp-content\\\/uploads\\\/2025\\\/03\\\/arapongas.png\",\"keywords\":[\"Arapongas\",\"Fiscaliza\u00e7\u00e3o\",\"MPC-PR\",\"OSCIP\",\"Recurso de Revista\",\"Restitui\u00e7\u00e3o\",\"TCE-PR\"],\"articleSection\":[\"Todas as not\u00edcias\"],\"inLanguage\":\"pt-BR\",\"potentialAction\":[{\"@type\":\"CommentAction\",\"name\":\"Comment\",\"target\":[\"https:\\\/\\\/www.mpc.pr.gov.br\\\/index.php\\\/tce-pr-nega-recurso-e-ex-prefeito-de-arapongas-e-instituto-omega-devem-restituir-r-14-milhao-ao-municipio\\\/#respond\"]}]},{\"@type\":\"WebPage\",\"@id\":\"https:\\\/\\\/www.mpc.pr.gov.br\\\/index.php\\\/tce-pr-nega-recurso-e-ex-prefeito-de-arapongas-e-instituto-omega-devem-restituir-r-14-milhao-ao-municipio\\\/\",\"url\":\"https:\\\/\\\/www.mpc.pr.gov.br\\\/index.php\\\/tce-pr-nega-recurso-e-ex-prefeito-de-arapongas-e-instituto-omega-devem-restituir-r-14-milhao-ao-municipio\\\/\",\"name\":\"TCE-PR nega recurso e ex-prefeito de Arapongas e Instituto \u00d4mega devem restituir R$ 1,4 milh\u00e3o ao Munic\u00edpio - Minist\u00e9rio P\u00fablico de Contas do Estado do Paran\u00e1\",\"isPartOf\":{\"@id\":\"https:\\\/\\\/www.mpc.pr.gov.br\\\/#website\"},\"primaryImageOfPage\":{\"@id\":\"https:\\\/\\\/www.mpc.pr.gov.br\\\/index.php\\\/tce-pr-nega-recurso-e-ex-prefeito-de-arapongas-e-instituto-omega-devem-restituir-r-14-milhao-ao-municipio\\\/#primaryimage\"},\"image\":{\"@id\":\"https:\\\/\\\/www.mpc.pr.gov.br\\\/index.php\\\/tce-pr-nega-recurso-e-ex-prefeito-de-arapongas-e-instituto-omega-devem-restituir-r-14-milhao-ao-municipio\\\/#primaryimage\"},\"thumbnailUrl\":\"https:\\\/\\\/www.mpc.pr.gov.br\\\/wp-content\\\/uploads\\\/2025\\\/03\\\/arapongas.png\",\"datePublished\":\"2025-03-13T13:00:01+00:00\",\"dateModified\":\"2025-03-28T15:10:54+00:00\",\"breadcrumb\":{\"@id\":\"https:\\\/\\\/www.mpc.pr.gov.br\\\/index.php\\\/tce-pr-nega-recurso-e-ex-prefeito-de-arapongas-e-instituto-omega-devem-restituir-r-14-milhao-ao-municipio\\\/#breadcrumb\"},\"inLanguage\":\"pt-BR\",\"potentialAction\":[{\"@type\":\"ReadAction\",\"target\":[\"https:\\\/\\\/www.mpc.pr.gov.br\\\/index.php\\\/tce-pr-nega-recurso-e-ex-prefeito-de-arapongas-e-instituto-omega-devem-restituir-r-14-milhao-ao-municipio\\\/\"]}]},{\"@type\":\"ImageObject\",\"inLanguage\":\"pt-BR\",\"@id\":\"https:\\\/\\\/www.mpc.pr.gov.br\\\/index.php\\\/tce-pr-nega-recurso-e-ex-prefeito-de-arapongas-e-instituto-omega-devem-restituir-r-14-milhao-ao-municipio\\\/#primaryimage\",\"url\":\"https:\\\/\\\/www.mpc.pr.gov.br\\\/wp-content\\\/uploads\\\/2025\\\/03\\\/arapongas.png\",\"contentUrl\":\"https:\\\/\\\/www.mpc.pr.gov.br\\\/wp-content\\\/uploads\\\/2025\\\/03\\\/arapongas.png\",\"width\":788,\"height\":580,\"caption\":\"Edif\u00edcio sede da Prefeitura Municipal de Arapongas. Foto: divulga\u00e7\u00e3o.\"},{\"@type\":\"BreadcrumbList\",\"@id\":\"https:\\\/\\\/www.mpc.pr.gov.br\\\/index.php\\\/tce-pr-nega-recurso-e-ex-prefeito-de-arapongas-e-instituto-omega-devem-restituir-r-14-milhao-ao-municipio\\\/#breadcrumb\",\"itemListElement\":[{\"@type\":\"ListItem\",\"position\":1,\"name\":\"In\u00edcio\",\"item\":\"https:\\\/\\\/www.mpc.pr.gov.br\\\/\"},{\"@type\":\"ListItem\",\"position\":2,\"name\":\"TCE-PR nega recurso e ex-prefeito de Arapongas e Instituto \u00d4mega devem restituir R$ 1,4 milh\u00e3o ao Munic\u00edpio\"}]},{\"@type\":\"WebSite\",\"@id\":\"https:\\\/\\\/www.mpc.pr.gov.br\\\/#website\",\"url\":\"https:\\\/\\\/www.mpc.pr.gov.br\\\/\",\"name\":\"Minist\u00e9rio P\u00fablico de Contas do Estado do Paran\u00e1\",\"description\":\"\",\"publisher\":{\"@id\":\"https:\\\/\\\/www.mpc.pr.gov.br\\\/#organization\"},\"potentialAction\":[{\"@type\":\"SearchAction\",\"target\":{\"@type\":\"EntryPoint\",\"urlTemplate\":\"https:\\\/\\\/www.mpc.pr.gov.br\\\/?s={search_term_string}\"},\"query-input\":{\"@type\":\"PropertyValueSpecification\",\"valueRequired\":true,\"valueName\":\"search_term_string\"}}],\"inLanguage\":\"pt-BR\"},{\"@type\":\"Organization\",\"@id\":\"https:\\\/\\\/www.mpc.pr.gov.br\\\/#organization\",\"name\":\"Minist\u00e9rio P\u00fablico de Contas do Estado do Paran\u00e1\",\"url\":\"https:\\\/\\\/www.mpc.pr.gov.br\\\/\",\"logo\":{\"@type\":\"ImageObject\",\"inLanguage\":\"pt-BR\",\"@id\":\"https:\\\/\\\/www.mpc.pr.gov.br\\\/#\\\/schema\\\/logo\\\/image\\\/\",\"url\":\"https:\\\/\\\/www.mpc.pr.gov.br\\\/wp-content\\\/uploads\\\/2020\\\/06\\\/99423647_1593460364143890_6706793420720963584_n-1-e1591387983167.png\",\"contentUrl\":\"https:\\\/\\\/www.mpc.pr.gov.br\\\/wp-content\\\/uploads\\\/2020\\\/06\\\/99423647_1593460364143890_6706793420720963584_n-1-e1591387983167.png\",\"width\":243,\"height\":73,\"caption\":\"Minist\u00e9rio P\u00fablico de Contas do Estado do Paran\u00e1\"},\"image\":{\"@id\":\"https:\\\/\\\/www.mpc.pr.gov.br\\\/#\\\/schema\\\/logo\\\/image\\\/\"},\"sameAs\":[\"https:\\\/\\\/www.facebook.com\\\/mpc.pr\",\"https:\\\/\\\/www.instagram.com\\\/mpc.pr\\\/?hl=pt-br\",\"https:\\\/\\\/www.youtube.com\\\/channel\\\/UCHri5oEM8DV0ztX57E0sBSw\"]},{\"@type\":\"Person\",\"@id\":\"https:\\\/\\\/www.mpc.pr.gov.br\\\/#\\\/schema\\\/person\\\/2d83cb8980538d0ec174e8a6284f5e11\",\"name\":\"mpcontaspr\",\"image\":{\"@type\":\"ImageObject\",\"inLanguage\":\"pt-BR\",\"@id\":\"https:\\\/\\\/secure.gravatar.com\\\/avatar\\\/1aef51541db7622e05fd639336c9c9f312c2a618396e2b6ca96846362fc5403f?s=96&d=mm&r=g\",\"url\":\"https:\\\/\\\/secure.gravatar.com\\\/avatar\\\/1aef51541db7622e05fd639336c9c9f312c2a618396e2b6ca96846362fc5403f?s=96&d=mm&r=g\",\"contentUrl\":\"https:\\\/\\\/secure.gravatar.com\\\/avatar\\\/1aef51541db7622e05fd639336c9c9f312c2a618396e2b6ca96846362fc5403f?s=96&d=mm&r=g\",\"caption\":\"mpcontaspr\"},\"sameAs\":[\"http:\\\/\\\/www.mpc.pr.gov.br\"]}]}<\/script>\n<!-- \/ Yoast SEO plugin. -->","yoast_head_json":{"title":"TCE-PR nega recurso e ex-prefeito de Arapongas e Instituto \u00d4mega devem restituir R$ 1,4 milh\u00e3o ao Munic\u00edpio - Minist\u00e9rio P\u00fablico de Contas do Estado do Paran\u00e1","robots":{"index":"index","follow":"follow","max-snippet":"max-snippet:-1","max-image-preview":"max-image-preview:large","max-video-preview":"max-video-preview:-1"},"canonical":"https:\/\/www.mpc.pr.gov.br\/index.php\/tce-pr-nega-recurso-e-ex-prefeito-de-arapongas-e-instituto-omega-devem-restituir-r-14-milhao-ao-municipio\/","og_locale":"pt_BR","og_type":"article","og_title":"TCE-PR nega recurso e ex-prefeito de Arapongas e Instituto \u00d4mega devem restituir R$ 1,4 milh\u00e3o ao Munic\u00edpio - Minist\u00e9rio P\u00fablico de Contas do Estado do Paran\u00e1","og_description":"Os Membros do Pleno do Tribunal de Contas do Paran\u00e1 (TCE-PR) negaram provimento ao Recurso de Revista interposto pelo ex-Prefeito do Munic\u00edpio de Arapongas, Luiz Roberto Pugliese (gest\u00e3o 2005-2008 e 2009-2012), e do ent\u00e3o tesoureiro do Instituto \u00d4mega, Bras\u00edlio Andrade Junior, em face do Ac\u00f3rd\u00e3o n\u00ba 2182\/18 da Segunda C\u00e2mara.\u00a0\u00a0 Dessa forma, acompanhando as manifesta\u00e7\u00f5es [&hellip;]","og_url":"https:\/\/www.mpc.pr.gov.br\/index.php\/tce-pr-nega-recurso-e-ex-prefeito-de-arapongas-e-instituto-omega-devem-restituir-r-14-milhao-ao-municipio\/","og_site_name":"Minist\u00e9rio P\u00fablico de Contas do Estado do Paran\u00e1","article_publisher":"https:\/\/www.facebook.com\/mpc.pr","article_published_time":"2025-03-13T13:00:01+00:00","article_modified_time":"2025-03-28T15:10:54+00:00","og_image":[{"width":788,"height":580,"url":"https:\/\/www.mpc.pr.gov.br\/wp-content\/uploads\/2025\/03\/arapongas.png","type":"image\/png"}],"author":"mpcontaspr","twitter_card":"summary_large_image","twitter_misc":{"Escrito por":"mpcontaspr","Est. tempo de leitura":"10 minutos"},"schema":{"@context":"https:\/\/schema.org","@graph":[{"@type":"Article","@id":"https:\/\/www.mpc.pr.gov.br\/index.php\/tce-pr-nega-recurso-e-ex-prefeito-de-arapongas-e-instituto-omega-devem-restituir-r-14-milhao-ao-municipio\/#article","isPartOf":{"@id":"https:\/\/www.mpc.pr.gov.br\/index.php\/tce-pr-nega-recurso-e-ex-prefeito-de-arapongas-e-instituto-omega-devem-restituir-r-14-milhao-ao-municipio\/"},"author":{"name":"mpcontaspr","@id":"https:\/\/www.mpc.pr.gov.br\/#\/schema\/person\/2d83cb8980538d0ec174e8a6284f5e11"},"headline":"TCE-PR nega recurso e ex-prefeito de Arapongas e Instituto \u00d4mega devem restituir R$ 1,4 milh\u00e3o ao Munic\u00edpio","datePublished":"2025-03-13T13:00:01+00:00","dateModified":"2025-03-28T15:10:54+00:00","mainEntityOfPage":{"@id":"https:\/\/www.mpc.pr.gov.br\/index.php\/tce-pr-nega-recurso-e-ex-prefeito-de-arapongas-e-instituto-omega-devem-restituir-r-14-milhao-ao-municipio\/"},"wordCount":1840,"commentCount":0,"publisher":{"@id":"https:\/\/www.mpc.pr.gov.br\/#organization"},"image":{"@id":"https:\/\/www.mpc.pr.gov.br\/index.php\/tce-pr-nega-recurso-e-ex-prefeito-de-arapongas-e-instituto-omega-devem-restituir-r-14-milhao-ao-municipio\/#primaryimage"},"thumbnailUrl":"https:\/\/www.mpc.pr.gov.br\/wp-content\/uploads\/2025\/03\/arapongas.png","keywords":["Arapongas","Fiscaliza\u00e7\u00e3o","MPC-PR","OSCIP","Recurso de Revista","Restitui\u00e7\u00e3o","TCE-PR"],"articleSection":["Todas as not\u00edcias"],"inLanguage":"pt-BR","potentialAction":[{"@type":"CommentAction","name":"Comment","target":["https:\/\/www.mpc.pr.gov.br\/index.php\/tce-pr-nega-recurso-e-ex-prefeito-de-arapongas-e-instituto-omega-devem-restituir-r-14-milhao-ao-municipio\/#respond"]}]},{"@type":"WebPage","@id":"https:\/\/www.mpc.pr.gov.br\/index.php\/tce-pr-nega-recurso-e-ex-prefeito-de-arapongas-e-instituto-omega-devem-restituir-r-14-milhao-ao-municipio\/","url":"https:\/\/www.mpc.pr.gov.br\/index.php\/tce-pr-nega-recurso-e-ex-prefeito-de-arapongas-e-instituto-omega-devem-restituir-r-14-milhao-ao-municipio\/","name":"TCE-PR nega recurso e ex-prefeito de Arapongas e Instituto \u00d4mega devem restituir R$ 1,4 milh\u00e3o ao Munic\u00edpio - Minist\u00e9rio P\u00fablico de Contas do Estado do Paran\u00e1","isPartOf":{"@id":"https:\/\/www.mpc.pr.gov.br\/#website"},"primaryImageOfPage":{"@id":"https:\/\/www.mpc.pr.gov.br\/index.php\/tce-pr-nega-recurso-e-ex-prefeito-de-arapongas-e-instituto-omega-devem-restituir-r-14-milhao-ao-municipio\/#primaryimage"},"image":{"@id":"https:\/\/www.mpc.pr.gov.br\/index.php\/tce-pr-nega-recurso-e-ex-prefeito-de-arapongas-e-instituto-omega-devem-restituir-r-14-milhao-ao-municipio\/#primaryimage"},"thumbnailUrl":"https:\/\/www.mpc.pr.gov.br\/wp-content\/uploads\/2025\/03\/arapongas.png","datePublished":"2025-03-13T13:00:01+00:00","dateModified":"2025-03-28T15:10:54+00:00","breadcrumb":{"@id":"https:\/\/www.mpc.pr.gov.br\/index.php\/tce-pr-nega-recurso-e-ex-prefeito-de-arapongas-e-instituto-omega-devem-restituir-r-14-milhao-ao-municipio\/#breadcrumb"},"inLanguage":"pt-BR","potentialAction":[{"@type":"ReadAction","target":["https:\/\/www.mpc.pr.gov.br\/index.php\/tce-pr-nega-recurso-e-ex-prefeito-de-arapongas-e-instituto-omega-devem-restituir-r-14-milhao-ao-municipio\/"]}]},{"@type":"ImageObject","inLanguage":"pt-BR","@id":"https:\/\/www.mpc.pr.gov.br\/index.php\/tce-pr-nega-recurso-e-ex-prefeito-de-arapongas-e-instituto-omega-devem-restituir-r-14-milhao-ao-municipio\/#primaryimage","url":"https:\/\/www.mpc.pr.gov.br\/wp-content\/uploads\/2025\/03\/arapongas.png","contentUrl":"https:\/\/www.mpc.pr.gov.br\/wp-content\/uploads\/2025\/03\/arapongas.png","width":788,"height":580,"caption":"Edif\u00edcio sede da Prefeitura Municipal de Arapongas. Foto: divulga\u00e7\u00e3o."},{"@type":"BreadcrumbList","@id":"https:\/\/www.mpc.pr.gov.br\/index.php\/tce-pr-nega-recurso-e-ex-prefeito-de-arapongas-e-instituto-omega-devem-restituir-r-14-milhao-ao-municipio\/#breadcrumb","itemListElement":[{"@type":"ListItem","position":1,"name":"In\u00edcio","item":"https:\/\/www.mpc.pr.gov.br\/"},{"@type":"ListItem","position":2,"name":"TCE-PR nega recurso e ex-prefeito de Arapongas e Instituto \u00d4mega devem restituir R$ 1,4 milh\u00e3o ao Munic\u00edpio"}]},{"@type":"WebSite","@id":"https:\/\/www.mpc.pr.gov.br\/#website","url":"https:\/\/www.mpc.pr.gov.br\/","name":"Minist\u00e9rio P\u00fablico de Contas do Estado do Paran\u00e1","description":"","publisher":{"@id":"https:\/\/www.mpc.pr.gov.br\/#organization"},"potentialAction":[{"@type":"SearchAction","target":{"@type":"EntryPoint","urlTemplate":"https:\/\/www.mpc.pr.gov.br\/?s={search_term_string}"},"query-input":{"@type":"PropertyValueSpecification","valueRequired":true,"valueName":"search_term_string"}}],"inLanguage":"pt-BR"},{"@type":"Organization","@id":"https:\/\/www.mpc.pr.gov.br\/#organization","name":"Minist\u00e9rio P\u00fablico de Contas do Estado do Paran\u00e1","url":"https:\/\/www.mpc.pr.gov.br\/","logo":{"@type":"ImageObject","inLanguage":"pt-BR","@id":"https:\/\/www.mpc.pr.gov.br\/#\/schema\/logo\/image\/","url":"https:\/\/www.mpc.pr.gov.br\/wp-content\/uploads\/2020\/06\/99423647_1593460364143890_6706793420720963584_n-1-e1591387983167.png","contentUrl":"https:\/\/www.mpc.pr.gov.br\/wp-content\/uploads\/2020\/06\/99423647_1593460364143890_6706793420720963584_n-1-e1591387983167.png","width":243,"height":73,"caption":"Minist\u00e9rio P\u00fablico de Contas do Estado do Paran\u00e1"},"image":{"@id":"https:\/\/www.mpc.pr.gov.br\/#\/schema\/logo\/image\/"},"sameAs":["https:\/\/www.facebook.com\/mpc.pr","https:\/\/www.instagram.com\/mpc.pr\/?hl=pt-br","https:\/\/www.youtube.com\/channel\/UCHri5oEM8DV0ztX57E0sBSw"]},{"@type":"Person","@id":"https:\/\/www.mpc.pr.gov.br\/#\/schema\/person\/2d83cb8980538d0ec174e8a6284f5e11","name":"mpcontaspr","image":{"@type":"ImageObject","inLanguage":"pt-BR","@id":"https:\/\/secure.gravatar.com\/avatar\/1aef51541db7622e05fd639336c9c9f312c2a618396e2b6ca96846362fc5403f?s=96&d=mm&r=g","url":"https:\/\/secure.gravatar.com\/avatar\/1aef51541db7622e05fd639336c9c9f312c2a618396e2b6ca96846362fc5403f?s=96&d=mm&r=g","contentUrl":"https:\/\/secure.gravatar.com\/avatar\/1aef51541db7622e05fd639336c9c9f312c2a618396e2b6ca96846362fc5403f?s=96&d=mm&r=g","caption":"mpcontaspr"},"sameAs":["http:\/\/www.mpc.pr.gov.br"]}]}},"rttpg_featured_image_url":{"full":["https:\/\/www.mpc.pr.gov.br\/wp-content\/uploads\/2025\/03\/arapongas.png",788,580,false],"landscape":["https:\/\/www.mpc.pr.gov.br\/wp-content\/uploads\/2025\/03\/arapongas.png",788,580,false],"portraits":["https:\/\/www.mpc.pr.gov.br\/wp-content\/uploads\/2025\/03\/arapongas.png",788,580,false],"thumbnail":["https:\/\/www.mpc.pr.gov.br\/wp-content\/uploads\/2025\/03\/arapongas-150x150.png",150,150,true],"medium":["https:\/\/www.mpc.pr.gov.br\/wp-content\/uploads\/2025\/03\/arapongas-300x221.png",300,221,true],"large":["https:\/\/www.mpc.pr.gov.br\/wp-content\/uploads\/2025\/03\/arapongas.png",788,580,false],"1536x1536":["https:\/\/www.mpc.pr.gov.br\/wp-content\/uploads\/2025\/03\/arapongas.png",788,580,false],"2048x2048":["https:\/\/www.mpc.pr.gov.br\/wp-content\/uploads\/2025\/03\/arapongas.png",788,580,false],"ocean-thumb-m":["https:\/\/www.mpc.pr.gov.br\/wp-content\/uploads\/2025\/03\/arapongas-600x580.png",600,580,true],"ocean-thumb-ml":["https:\/\/www.mpc.pr.gov.br\/wp-content\/uploads\/2025\/03\/arapongas-788x450.png",788,450,true],"ocean-thumb-l":["https:\/\/www.mpc.pr.gov.br\/wp-content\/uploads\/2025\/03\/arapongas.png",788,580,false]},"rttpg_author":{"display_name":"mpcontaspr","author_link":"https:\/\/www.mpc.pr.gov.br\/index.php\/author\/mpcontaspr\/"},"rttpg_comment":0,"rttpg_category":"<a href=\"https:\/\/www.mpc.pr.gov.br\/index.php\/category\/todas-as-noticias\/\" rel=\"category tag\">Todas as not\u00edcias<\/a>","rttpg_excerpt":"Os Membros do Pleno do Tribunal de Contas do Paran\u00e1 (TCE-PR) negaram provimento ao Recurso de Revista interposto pelo ex-Prefeito do Munic\u00edpio de Arapongas, Luiz Roberto Pugliese (gest\u00e3o 2005-2008 e 2009-2012), e do ent\u00e3o tesoureiro do Instituto \u00d4mega, Bras\u00edlio Andrade Junior, em face do Ac\u00f3rd\u00e3o n\u00ba 2182\/18 da Segunda C\u00e2mara.\u00a0\u00a0 Dessa forma, acompanhando as manifesta\u00e7\u00f5es&hellip;","_links":{"self":[{"href":"https:\/\/www.mpc.pr.gov.br\/index.php\/wp-json\/wp\/v2\/posts\/22751","targetHints":{"allow":["GET"]}}],"collection":[{"href":"https:\/\/www.mpc.pr.gov.br\/index.php\/wp-json\/wp\/v2\/posts"}],"about":[{"href":"https:\/\/www.mpc.pr.gov.br\/index.php\/wp-json\/wp\/v2\/types\/post"}],"author":[{"embeddable":true,"href":"https:\/\/www.mpc.pr.gov.br\/index.php\/wp-json\/wp\/v2\/users\/1"}],"replies":[{"embeddable":true,"href":"https:\/\/www.mpc.pr.gov.br\/index.php\/wp-json\/wp\/v2\/comments?post=22751"}],"version-history":[{"count":2,"href":"https:\/\/www.mpc.pr.gov.br\/index.php\/wp-json\/wp\/v2\/posts\/22751\/revisions"}],"predecessor-version":[{"id":22758,"href":"https:\/\/www.mpc.pr.gov.br\/index.php\/wp-json\/wp\/v2\/posts\/22751\/revisions\/22758"}],"wp:featuredmedia":[{"embeddable":true,"href":"https:\/\/www.mpc.pr.gov.br\/index.php\/wp-json\/wp\/v2\/media\/22753"}],"wp:attachment":[{"href":"https:\/\/www.mpc.pr.gov.br\/index.php\/wp-json\/wp\/v2\/media?parent=22751"}],"wp:term":[{"taxonomy":"category","embeddable":true,"href":"https:\/\/www.mpc.pr.gov.br\/index.php\/wp-json\/wp\/v2\/categories?post=22751"},{"taxonomy":"post_tag","embeddable":true,"href":"https:\/\/www.mpc.pr.gov.br\/index.php\/wp-json\/wp\/v2\/tags?post=22751"}],"curies":[{"name":"wp","href":"https:\/\/api.w.org\/{rel}","templated":true}]}}