{"id":22801,"date":"2025-03-20T10:05:36","date_gmt":"2025-03-20T13:05:36","guid":{"rendered":"https:\/\/www.mpc.pr.gov.br\/?p=22801"},"modified":"2025-03-28T12:10:49","modified_gmt":"2025-03-28T15:10:49","slug":"municipio-pode-adotar-medidas-para-quitar-financiamentos-de-beneficiarios-do-programa-minha-casa-minha-vida","status":"publish","type":"post","link":"https:\/\/www.mpc.pr.gov.br\/index.php\/municipio-pode-adotar-medidas-para-quitar-financiamentos-de-beneficiarios-do-programa-minha-casa-minha-vida\/","title":{"rendered":"Munic\u00edpio pode adotar medidas para quitar financiamentos de benefici\u00e1rios do programa \u201cMinha Casa, Minha Vida\u201d"},"content":{"rendered":"<figure id=\"attachment_22805\" aria-describedby=\"caption-attachment-22805\" style=\"width: 300px\" class=\"wp-caption alignleft\"><img fetchpriority=\"high\" decoding=\"async\" class=\"size-medium wp-image-22805\" src=\"https:\/\/www.mpc.pr.gov.br\/wp-content\/uploads\/2025\/03\/santa_mariana_3-300x225.jpeg\" alt=\"\" width=\"300\" height=\"225\" srcset=\"https:\/\/www.mpc.pr.gov.br\/wp-content\/uploads\/2025\/03\/santa_mariana_3-300x225.jpeg 300w, https:\/\/www.mpc.pr.gov.br\/wp-content\/uploads\/2025\/03\/santa_mariana_3-1024x768.jpeg 1024w, https:\/\/www.mpc.pr.gov.br\/wp-content\/uploads\/2025\/03\/santa_mariana_3-768x576.jpeg 768w, https:\/\/www.mpc.pr.gov.br\/wp-content\/uploads\/2025\/03\/santa_mariana_3.jpeg 1280w\" sizes=\"(max-width: 300px) 100vw, 300px\" \/><figcaption id=\"caption-attachment-22805\" class=\"wp-caption-text\">Conjunto Residencial Albertino Delamuta, localizado no Munic\u00edpio de Santa Mariana, em que mais de cem fam\u00edlias foram beneficiadas a partir de um investimento de R$ 6,6 milh\u00f5es do Governo do Estado, Governo Federal e Prefeitura.<br \/>Foto: Pizolato.<\/figcaption><\/figure>\n<p><span data-contrast=\"auto\">O <a href=\"http:\/\/santamariana.pr.gov.br\/\">Munic\u00edpio de Santa Mariana<\/a> protocolou <a href=\"https:\/\/www.mpc.pr.gov.br\/wp-content\/uploads\/2025\/03\/santa-mariana-pet-inicial.pdf\">consulta<\/a> perante o Tribunal de Contas do Estado (TCE-PR), a fim de esclarecer alguns questionamentos sobre inadimplemento por parte dos mutu\u00e1rios de financiamento de im\u00f3veis populares, tendo em vista a possibilidade de como isso pode afetar os Munic\u00edpios diante de um d\u00e9ficit habitacional repentino.\u00a0<\/span><span data-ccp-props=\"{&quot;201341983&quot;:0,&quot;335551550&quot;:6,&quot;335551620&quot;:6,&quot;335559740&quot;:360}\">\u00a0<\/span><\/p>\n<p><span data-contrast=\"auto\">A peti\u00e7\u00e3o inicial foi formulada em tese, acompanhada de parecer jur\u00eddico e proposta por parte leg\u00edtima. Diante da apresenta\u00e7\u00e3o clara dos quesitos, foram atendidos os requisitos de admissibilidade exigidos pelo artigo 311 do Regimento Interno do TCE-PR. O processo de consulta foi recebido pelo Relator Conselheiro Ivan Lelis Bonilha, conforme <a href=\"https:\/\/www.mpc.pr.gov.br\/wp-content\/uploads\/2025\/03\/santa-mariana-DPD-1165_24-GCILB.pdf\">Despacho n\u00ba 1165\/24<\/a>.<\/span><span data-ccp-props=\"{&quot;201341983&quot;:0,&quot;335551550&quot;:6,&quot;335551620&quot;:6,&quot;335559740&quot;:360}\">\u00a0<\/span><\/p>\n<h4><b><span data-contrast=\"auto\">Consulta\u00a0\u00a0<\/span><\/b><span data-ccp-props=\"{&quot;134233117&quot;:false,&quot;134233118&quot;:false,&quot;201341983&quot;:0,&quot;335551550&quot;:6,&quot;335551620&quot;:6,&quot;335559685&quot;:0,&quot;335559737&quot;:0,&quot;335559738&quot;:0,&quot;335559739&quot;:160,&quot;335559740&quot;:360}\">\u00a0<\/span><\/h4>\n<p><span data-contrast=\"auto\">O Munic\u00edpio de Santa Mariana apresentou os seguintes questionamentos:<\/span><span data-ccp-props=\"{&quot;134233117&quot;:false,&quot;134233118&quot;:false,&quot;201341983&quot;:0,&quot;335551550&quot;:6,&quot;335551620&quot;:6,&quot;335559685&quot;:0,&quot;335559737&quot;:0,&quot;335559738&quot;:0,&quot;335559739&quot;:160,&quot;335559740&quot;:360}\">\u00a0<\/span><\/p>\n<blockquote><p><span data-contrast=\"auto\">Questionamento 1 &#8211; No caso de haver no Munic\u00edpio um conjunto habitacional integralmente financiado por Companhia de Habita\u00e7\u00e3o, em que a maioria dos mutu\u00e1rios est\u00e3o em atraso nos financiamentos e na imin\u00eancia de serem alvos de a\u00e7\u00f5es de reintegra\u00e7\u00e3o de posse, causando elevado e repentino n\u00famero de d\u00e9ficit habitacional, poder\u00e1 o Munic\u00edpio assumir as d\u00edvidas dos mutu\u00e1rios enquanto quest\u00e3o de ordem p\u00fablica?\u00a0<\/span><span data-ccp-props=\"{&quot;134233117&quot;:false,&quot;134233118&quot;:false,&quot;201341983&quot;:0,&quot;335551550&quot;:6,&quot;335551620&quot;:6,&quot;335559685&quot;:0,&quot;335559737&quot;:0,&quot;335559738&quot;:0,&quot;335559739&quot;:160,&quot;335559740&quot;:360}\">\u00a0<\/span><\/p>\n<p>&nbsp;<\/p>\n<p><span data-contrast=\"auto\">Questionamento 2 &#8211; Em caso negativo, poder\u00e1 o Munic\u00edpio, depois de rescindidos os contratos entre a Companhia de Habita\u00e7\u00e3o e os mutu\u00e1rios, promover a aquisi\u00e7\u00e3o de todos os im\u00f3veis com o objetivo de, posteriormente, com fundamento na Lei n\u00b0 13.465\/17, promover \u00e0 entrega dos t\u00edtulos de propriedade, de maneira a evitar o d\u00e9ficit habitacional repentino?\u00a0<\/span><span data-ccp-props=\"{&quot;134233117&quot;:false,&quot;134233118&quot;:false,&quot;201341983&quot;:0,&quot;335551550&quot;:6,&quot;335551620&quot;:6,&quot;335559685&quot;:0,&quot;335559737&quot;:0,&quot;335559738&quot;:0,&quot;335559739&quot;:160,&quot;335559740&quot;:360}\">\u00a0<\/span><\/p>\n<p>&nbsp;<\/p>\n<p><span data-contrast=\"auto\">Questionamento 3 &#8211; Em havendo algumas das possibilidades anteriores, h\u00e1 veda\u00e7\u00f5es de se iniciar algumas dessas etapas (compra pelo Munic\u00edpio e entrega dos t\u00edtulos de propriedade) em ano eleitoral ante os comandos do art. 73, \u00a710, da Lei n\u00b0 9.504\/97?<\/span><span data-ccp-props=\"{&quot;134233117&quot;:false,&quot;134233118&quot;:false,&quot;201341983&quot;:0,&quot;335551550&quot;:6,&quot;335551620&quot;:6,&quot;335559685&quot;:0,&quot;335559737&quot;:0,&quot;335559738&quot;:0,&quot;335559739&quot;:160,&quot;335559740&quot;:360}\">\u00a0<\/span><\/p><\/blockquote>\n<p><span data-contrast=\"auto\">Conforme entendimento da <a href=\"https:\/\/www.mpc.pr.gov.br\/wp-content\/uploads\/2025\/03\/santa-mariana-par-juridico.pdf\">Procuradoria Jur\u00eddica do Munic\u00edpio<\/a>, a problem\u00e1tica do presente caso \u00e9 a exist\u00eancia de um conjunto habitacional financiado que esteja com alta inadimpl\u00eancia e risco de reintegra\u00e7\u00e3o de posse, o que poderia gerar, na vis\u00e3o do Administrador, um d\u00e9ficit habitacional repentino no Munic\u00edpio.\u00a0<\/span><span data-ccp-props=\"{&quot;201341983&quot;:0,&quot;335551550&quot;:6,&quot;335551620&quot;:6,&quot;335559740&quot;:360}\">\u00a0<\/span><\/p>\n<p><span data-contrast=\"auto\">Neste caso, a assun\u00e7\u00e3o das d\u00edvidas n\u00e3o \u00e9 recomendada, tendo em vista a possibilidade de configurar desvio de recurso p\u00fablico e gerar preju\u00edzo ao er\u00e1rio, visto que a responsabilidade das d\u00edvidas contra\u00eddas \u00e9 entre a COHAB e os mutu\u00e1rios.\u00a0<\/span><span data-ccp-props=\"{&quot;134233117&quot;:false,&quot;134233118&quot;:false,&quot;201341983&quot;:0,&quot;335551550&quot;:6,&quot;335551620&quot;:6,&quot;335559685&quot;:0,&quot;335559737&quot;:0,&quot;335559738&quot;:0,&quot;335559739&quot;:160,&quot;335559740&quot;:360}\">\u00a0<\/span><\/p>\n<p><span data-contrast=\"auto\">Em complemento, a Procuradoria informou que embora existam motivos distintos e justific\u00e1veis do ponto de vista humanit\u00e1rio, entende-se que n\u00e3o haveria justificativa no presente caso para o direcionamento de verbas p\u00fablicas de ordem geral, pelo fato de que o benef\u00edcio j\u00e1 seria certo e determinado, n\u00e3o havendo nova sele\u00e7\u00e3o de benefici\u00e1rios, mas sim aqueles que j\u00e1 se encontrariam na posse dos referidos im\u00f3veis.<\/span><span data-ccp-props=\"{&quot;134233117&quot;:false,&quot;134233118&quot;:false,&quot;201341983&quot;:0,&quot;335551550&quot;:6,&quot;335551620&quot;:6,&quot;335559685&quot;:0,&quot;335559737&quot;:0,&quot;335559738&quot;:0,&quot;335559739&quot;:160,&quot;335559740&quot;:360}\">\u00a0<\/span><\/p>\n<p><span data-contrast=\"auto\">A aquisi\u00e7\u00e3o de im\u00f3veis pelo Munic\u00edpio e posterior entrega de t\u00edtulos de propriedade \u00e9 uma op\u00e7\u00e3o vi\u00e1vel, no entanto, complexa, que dependeria de uma rescis\u00e3o de contratos entre a COHAB e os mutu\u00e1rios, minimizando poss\u00edveis lit\u00edgios e a\u00e7\u00f5es judiciais.\u00a0<\/span><span data-ccp-props=\"{&quot;134233117&quot;:false,&quot;134233118&quot;:false,&quot;201341983&quot;:0,&quot;335551550&quot;:6,&quot;335551620&quot;:6,&quot;335559685&quot;:0,&quot;335559737&quot;:0,&quot;335559738&quot;:0,&quot;335559739&quot;:160,&quot;335559740&quot;:360}\">\u00a0<\/span><\/p>\n<p><span data-contrast=\"auto\">Tal iniciativa dependeria de um planejamento detalhado, com estudo de viabilidade financeira e aprova\u00e7\u00e3o por \u00f3rg\u00e3os competentes; avalia\u00e7\u00e3o do impacto or\u00e7ament\u00e1rio significativo; necessidade de leis municipais espec\u00edficas; regulamenta\u00e7\u00e3o de crit\u00e9rios de sele\u00e7\u00e3o, entrega de t\u00edtulos e formas de financiamento para as fam\u00edlias beneficiadas.<\/span><span data-ccp-props=\"{&quot;134233117&quot;:false,&quot;134233118&quot;:false,&quot;201341983&quot;:0,&quot;335551550&quot;:6,&quot;335551620&quot;:6,&quot;335559685&quot;:0,&quot;335559737&quot;:0,&quot;335559738&quot;:0,&quot;335559739&quot;:160,&quot;335559740&quot;:360}\">\u00a0<\/span><\/p>\n<p><span data-contrast=\"auto\">Al\u00e9m de todas as cautelas necess\u00e1rias, h\u00e1 de se considerar as restri\u00e7\u00f5es eleitorais, em especial no que diz respeito ao artigo 73, \u00a710\u00ba da Lei n\u00ba 9.504\/97, a qual pro\u00edbe a distribui\u00e7\u00e3o de bens, servi\u00e7os ou valores que configurem capta\u00e7\u00e3o de votos em ano eleitoral.<\/span><span data-ccp-props=\"{&quot;134233117&quot;:false,&quot;134233118&quot;:false,&quot;201341983&quot;:0,&quot;335551550&quot;:6,&quot;335551620&quot;:6,&quot;335559685&quot;:0,&quot;335559737&quot;:0,&quot;335559738&quot;:0,&quot;335559739&quot;:160,&quot;335559740&quot;:360}\">\u00a0<\/span><\/p>\n<h4><b><span data-contrast=\"auto\">Instru\u00e7\u00e3o<\/span><\/b><span data-ccp-props=\"{&quot;134233117&quot;:false,&quot;134233118&quot;:false,&quot;201341983&quot;:0,&quot;335551550&quot;:6,&quot;335551620&quot;:6,&quot;335559685&quot;:0,&quot;335559737&quot;:0,&quot;335559738&quot;:0,&quot;335559739&quot;:160,&quot;335559740&quot;:360}\">\u00a0<\/span><\/h4>\n<p><span data-contrast=\"auto\">Como de praxe, a Supervis\u00e3o de Jurisprud\u00eancia e Biblioteca (SJB) manifestou-se apresentando julgados de interesse que possuem for\u00e7a normativa e servem para orientar e direcionar o processo de decis\u00e3o. Conforme Informa\u00e7\u00e3o n\u00ba 108\/24, foram encontrados tr\u00eas processos de consulta com objetos semelhantes ao do presente caso.\u00a0<\/span><span data-ccp-props=\"{&quot;134233117&quot;:false,&quot;134233118&quot;:false,&quot;201341983&quot;:0,&quot;335551550&quot;:6,&quot;335551620&quot;:6,&quot;335559685&quot;:0,&quot;335559737&quot;:0,&quot;335559738&quot;:0,&quot;335559739&quot;:160,&quot;335559740&quot;:360}\">\u00a0<\/span><\/p>\n<p><span data-contrast=\"auto\">Em seguida, a Coordenadoria de Gest\u00e3o Municipal (CGM), de acordo com a Instru\u00e7\u00e3o n\u00ba 6084\/24, respondeu aos questionamentos da seguinte forma:<\/span><span data-ccp-props=\"{&quot;134233117&quot;:false,&quot;134233118&quot;:false,&quot;201341983&quot;:0,&quot;335551550&quot;:6,&quot;335551620&quot;:6,&quot;335559685&quot;:0,&quot;335559737&quot;:0,&quot;335559738&quot;:0,&quot;335559739&quot;:160,&quot;335559740&quot;:360}\">\u00a0<\/span><\/p>\n<p><span data-contrast=\"auto\"><strong>Resposta 1<\/strong> &#8211; O Munic\u00edpio n\u00e3o pode assumir as d\u00edvidas dos mutu\u00e1rios em raz\u00e3o da inadimpl\u00eancia, posto que tal conduta, al\u00e9m de ensejar reflexos na destina\u00e7\u00e3o dos recursos p\u00fablicos e poss\u00edveis preju\u00edzos ao er\u00e1rio municipal, vai de encontro ao princ\u00edpio da supremacia do interesse p\u00fablico, ante os impactos possivelmente gerados a outros servi\u00e7os p\u00fablicos essenciais.<\/span><span data-ccp-props=\"{&quot;134233117&quot;:false,&quot;134233118&quot;:false,&quot;201341983&quot;:0,&quot;335551550&quot;:6,&quot;335551620&quot;:6,&quot;335559685&quot;:0,&quot;335559737&quot;:0,&quot;335559738&quot;:0,&quot;335559739&quot;:160,&quot;335559740&quot;:360}\">\u00a0<\/span><\/p>\n<p><span data-contrast=\"auto\"><strong>Resposta 2<\/strong> &#8211; N\u00e3o se observam \u00f3bices para a aquisi\u00e7\u00e3o, pelo Munic\u00edpio, dos im\u00f3veis e posterior entrega dos t\u00edtulos de propriedade com fundamento na Lei n.\u00ba 13.465\/17, desde que: i) realizado estudo aprofundado com rela\u00e7\u00e3o \u00e0 realidade vivenciada pelo munic\u00edpio, da legisla\u00e7\u00e3o aplic\u00e1vel e dos pr\u00f3prios contratos de financiamento celebrados e n\u00e3o cumpridos, a fim de se averiguar de forma devidamente justificada a imprescindibilidade da aquisi\u00e7\u00e3o, assim como o interesse p\u00fablico; ii) definida a modalidade de aquisi\u00e7\u00e3o; iii) realizada a avalia\u00e7\u00e3o dos im\u00f3veis a fim de se determinar o valor justo de mercado, bem como a an\u00e1lise\/estudo or\u00e7ament\u00e1rio quanto aos recursos que ser\u00e3o empregados para a aquisi\u00e7\u00e3o dos bens e demais processos que se fizerem pertinentes; iv) observada a legisla\u00e7\u00e3o espec\u00edfica quanto \u00e0 entrega dos bens; v) criadas legisla\u00e7\u00f5es municipais espec\u00edficas estabelecendo e regulamentando crit\u00e9rios de sele\u00e7\u00e3o, entrega de t\u00edtulos e formas de financiamento para as fam\u00edlias beneficiadas, principalmente as que estiverem em situa\u00e7\u00e3o de vulnerabilidade; e vi) observada demais quest\u00f5es que se fizerem imprescind\u00edveis.<\/span><span data-ccp-props=\"{&quot;134233117&quot;:false,&quot;134233118&quot;:false,&quot;201341983&quot;:0,&quot;335551550&quot;:6,&quot;335551620&quot;:6,&quot;335559685&quot;:0,&quot;335559737&quot;:0,&quot;335559738&quot;:0,&quot;335559739&quot;:160,&quot;335559740&quot;:360}\">\u00a0<\/span><\/p>\n<p><span data-contrast=\"auto\"><strong>Resposta 3<\/strong> &#8211; N\u00e3o se observando quaisquer das exce\u00e7\u00f5es elencadas pelo artigo 73, \u00a7 10, da Lei n.\u00ba 9.504\/97, entende-se n\u00e3o ser poss\u00edvel a realiza\u00e7\u00e3o das etapas de compra dos im\u00f3veis pelo munic\u00edpio e entrega dos t\u00edtulos de propriedade no ano eleitoral.<\/span><span data-ccp-props=\"{&quot;134233117&quot;:false,&quot;134233118&quot;:false,&quot;201341983&quot;:0,&quot;335551550&quot;:6,&quot;335551620&quot;:6,&quot;335559685&quot;:0,&quot;335559737&quot;:0,&quot;335559738&quot;:0,&quot;335559739&quot;:160,&quot;335559740&quot;:360}\">\u00a0<\/span><\/p>\n<h4><b><span data-contrast=\"auto\">MPC-PR<\/span><\/b><span data-ccp-props=\"{&quot;134233117&quot;:false,&quot;134233118&quot;:false,&quot;201341983&quot;:0,&quot;335551550&quot;:6,&quot;335551620&quot;:6,&quot;335559685&quot;:0,&quot;335559737&quot;:0,&quot;335559738&quot;:0,&quot;335559739&quot;:160,&quot;335559740&quot;:360}\">\u00a0<\/span><\/h4>\n<p><span data-contrast=\"auto\">O Minist\u00e9rio P\u00fablico de Contas do Paran\u00e1 (MPC-PR) exp\u00f4s seus fundamentos conforme descrito no<a href=\"https:\/\/www.mpc.pr.gov.br\/wp-content\/uploads\/2025\/03\/santa-mariana-PAR-417_24-PGC.pdf\"> Parecer Ministerial n\u00ba 417\/24<\/a>. Em seu entendimento, trata-se de uma faculdade do Munic\u00edpio optar por quitar os contratos em nome dos benefici\u00e1rios do programa habitacional Minha Casa, Minha Vida, nos moldes da Portaria MCID n\u00ba 1.248\/2023, desde que a Administra\u00e7\u00e3o P\u00fablica implemente pol\u00edticas p\u00fablicas (como estudos t\u00e9cnicos, an\u00e1lise de alternativas e outras disposi\u00e7\u00f5es para obter crit\u00e9rios objetivos de concess\u00e3o das subven\u00e7\u00f5es), al\u00e9m de editar lei espec\u00edfica com crit\u00e9rios de elegibilidade e ter previs\u00e3o or\u00e7ament\u00e1ria correspondente.\u00a0<\/span><span data-ccp-props=\"{&quot;134233117&quot;:false,&quot;134233118&quot;:false,&quot;201341983&quot;:0,&quot;335551550&quot;:6,&quot;335551620&quot;:6,&quot;335559685&quot;:0,&quot;335559737&quot;:0,&quot;335559738&quot;:0,&quot;335559739&quot;:160,&quot;335559740&quot;:360}\">\u00a0<\/span><\/p>\n<p><span data-contrast=\"auto\">No que diz respeito \u00e0s restri\u00e7\u00f5es eleitorais, o MPC-PR concorda com o entendimento da unidade t\u00e9cnica no sentido de que tal pr\u00e1tica pode caracterizar distribui\u00e7\u00e3o gratuita de bens e servi\u00e7os de car\u00e1ter social custeados pelo Poder P\u00fablico, sendo tais condutas vedadas em ano eleitoral. Desta forma, respondeu aos questionamentos conforme segue:<\/span><span data-ccp-props=\"{&quot;134233117&quot;:false,&quot;134233118&quot;:false,&quot;201341983&quot;:0,&quot;335551550&quot;:6,&quot;335551620&quot;:6,&quot;335559685&quot;:0,&quot;335559737&quot;:0,&quot;335559738&quot;:0,&quot;335559739&quot;:160,&quot;335559740&quot;:360}\">\u00a0<\/span><\/p>\n<p><span data-contrast=\"auto\"><strong>Resposta 1<\/strong>\u00a0 &#8211;\u00a0 Tratando-se de faculdade do ente p\u00fablico local a possibilidade de quitar os contratos em nome dos benefici\u00e1rios do programa habitacional Minha Casa, Minha Vida, nos moldes da Portaria MCID n\u00ba 1.248\/2023, dever\u00e1 a Administra\u00e7\u00e3o P\u00fablica (i) realizar todas as etapas pertinentes \u00e0s boas pr\u00e1ticas na implementa\u00e7\u00e3o de pol\u00edticas p\u00fablicas, por exemplo, estudos t\u00e9cnicos, an\u00e1lise de alternativas e outras disposi\u00e7\u00f5es para obter crit\u00e9rios objetivos de concess\u00e3o das subven\u00e7\u00f5es, al\u00e9m de (ii) editar lei espec\u00edfica com crit\u00e9rios de elegibilidade e restri\u00e7\u00e3o \u00e0 imediata aliena\u00e7\u00e3o \u00e0 terceiros e (iii) ter previs\u00e3o or\u00e7ament\u00e1ria correspondente, observando-se o PPA, LDO e LOA, requisitos que tamb\u00e9m se imp\u00f5em \u00e0 escolha do ente p\u00fablico em realizar subven\u00e7\u00f5es para os demais casos de financiamento habitacional.\u00a0<\/span><span data-ccp-props=\"{&quot;134233117&quot;:false,&quot;134233118&quot;:false,&quot;201341983&quot;:0,&quot;335551550&quot;:6,&quot;335551620&quot;:6,&quot;335559685&quot;:0,&quot;335559737&quot;:0,&quot;335559738&quot;:0,&quot;335559739&quot;:160,&quot;335559740&quot;:360}\">\u00a0<\/span><\/p>\n<p><span data-contrast=\"auto\"><strong>Resposta 2<\/strong> &#8211; Considerando que se trata tamb\u00e9m de uma subven\u00e7\u00e3o social, as mesmas diretrizes mencionadas na resposta anterior s\u00e3o aplic\u00e1veis a este questionamento.\u00a0<\/span><span data-ccp-props=\"{&quot;134233117&quot;:false,&quot;134233118&quot;:false,&quot;201341983&quot;:0,&quot;335551550&quot;:6,&quot;335551620&quot;:6,&quot;335559685&quot;:0,&quot;335559737&quot;:0,&quot;335559738&quot;:0,&quot;335559739&quot;:160,&quot;335559740&quot;:360}\">\u00a0<\/span><\/p>\n<p><span data-contrast=\"auto\"><strong>Resposta 3<\/strong> &#8211; Sim, a etapa de compra e entrega das propriedades ou a quita\u00e7\u00e3o das d\u00edvidas dos mutu\u00e1rios pelo ente p\u00fablico s\u00e3o condutas caracterizadas como distribui\u00e7\u00e3o gratuita de bens e servi\u00e7os de car\u00e1ter social custeados pelo Poder P\u00fablico e, portanto, vedadas em ano eleitoral, nos termos do art. 73, IV da Lei 9.504\/97, salvo a exist\u00eancia de alguma das exce\u00e7\u00f5es do \u00a7 10 do mesmo artigo.<\/span><span data-ccp-props=\"{&quot;134233117&quot;:false,&quot;134233118&quot;:false,&quot;201341983&quot;:0,&quot;335551550&quot;:6,&quot;335551620&quot;:6,&quot;335559685&quot;:0,&quot;335559737&quot;:0,&quot;335559738&quot;:0,&quot;335559739&quot;:160,&quot;335559740&quot;:360}\">\u00a0<\/span><\/p>\n<h4><b><span data-contrast=\"auto\">Decis\u00e3o<\/span><\/b><span data-ccp-props=\"{&quot;134233117&quot;:false,&quot;134233118&quot;:false,&quot;201341983&quot;:0,&quot;335551550&quot;:6,&quot;335551620&quot;:6,&quot;335559685&quot;:0,&quot;335559737&quot;:0,&quot;335559738&quot;:0,&quot;335559739&quot;:160,&quot;335559740&quot;:360}\">\u00a0<\/span><\/h4>\n<p><span data-contrast=\"auto\">O Relator designado ao processo, Conselheiro Ivan Lelis Bonilha, corroborou o entendimento esbo\u00e7ado pelo MPC-PR no sentido de que o contexto da presente consulta, a qual envolve benefici\u00e1rios do Programa \u201cMinha Casa, Minha Vida\u201d, deve acompanhar <\/span><span data-contrast=\"auto\">as diretrizes tra\u00e7adas pela Portaria MCDI n\u00ba 1.248, de 26 de setembro de 2023.\u00a0<\/span><span data-ccp-props=\"{&quot;134233117&quot;:false,&quot;134233118&quot;:false,&quot;201341983&quot;:0,&quot;335551550&quot;:6,&quot;335551620&quot;:6,&quot;335559685&quot;:0,&quot;335559737&quot;:0,&quot;335559738&quot;:0,&quot;335559739&quot;:160,&quot;335559740&quot;:360}\">\u00a0<\/span><\/p>\n<p><span data-contrast=\"auto\">Nesse sentido, afirmou que, de fato, faculta-se ao Poder P\u00fablico arcar com as presta\u00e7\u00f5es originariamente atribu\u00eddas aos benefici\u00e1rios, a t\u00edtulo de contrapartida, mediante celebra\u00e7\u00e3o de conv\u00eanio com o Agente Operador.<\/span><span data-ccp-props=\"{&quot;134233117&quot;:false,&quot;134233118&quot;:false,&quot;201341983&quot;:0,&quot;335551550&quot;:6,&quot;335551620&quot;:6,&quot;335559685&quot;:0,&quot;335559737&quot;:0,&quot;335559738&quot;:0,&quot;335559739&quot;:160,&quot;335559740&quot;:360}\">\u00a0<\/span><\/p>\n<p><span data-contrast=\"auto\">No exerc\u00edcio de tal prerrogativa, n\u00e3o poder\u00e1 o Munic\u00edpio afastar-se de princ\u00edpios essenciais como a legalidade, a impessoalidade, a moralidade, a publicidade e a efici\u00eancia. De igual import\u00e2ncia, a previs\u00e3o das despesas nas Leis Or\u00e7ament\u00e1rias pode ser revista para altera\u00e7\u00f5es que se mostrarem necess\u00e1rias, em conson\u00e2ncia com a Lei de Responsabilidade Fiscal.\u00a0<\/span><span data-ccp-props=\"{&quot;134233117&quot;:false,&quot;134233118&quot;:false,&quot;201341983&quot;:0,&quot;335551550&quot;:6,&quot;335551620&quot;:6,&quot;335559685&quot;:0,&quot;335559737&quot;:0,&quot;335559738&quot;:0,&quot;335559739&quot;:160,&quot;335559740&quot;:360}\">\u00a0<\/span><\/p>\n<p><span data-contrast=\"auto\">O Relator destacou, especialmente, a indica\u00e7\u00e3o feita pelo MPC-PR sobre o manual \u201c<strong><a href=\"https:\/\/portal.tcu.gov.br\/data\/files\/1E\/D0\/D4\/DF\/12F99710D5C6CE87F18818A8\/Politica%20Publica%20em%20Dez%20Passos_web.pdf\">Pol\u00edtica P\u00fablica em Dez Passos<\/a><\/strong>\u201d, desenvolvido pelo Tribunal de Contas da Uni\u00e3o, em que s\u00e3o discutidas estrat\u00e9gias h\u00e1beis a balizar o necess\u00e1rio estudo t\u00e9cnico pr\u00e9vio \u00e0 constru\u00e7\u00e3o de medidas de pol\u00edtica p\u00fablica.<\/span><span data-ccp-props=\"{&quot;134233117&quot;:false,&quot;134233118&quot;:false,&quot;201341983&quot;:0,&quot;335551550&quot;:6,&quot;335551620&quot;:6,&quot;335559685&quot;:0,&quot;335559737&quot;:0,&quot;335559738&quot;:0,&quot;335559739&quot;:160,&quot;335559740&quot;:360}\">\u00a0<\/span><\/p>\n<p><span data-contrast=\"auto\">Em rela\u00e7\u00e3o \u00e0 aquisi\u00e7\u00e3o de im\u00f3veis pelo Munic\u00edpio e entrega de t\u00edtulos de propriedade, entendeu o Relator que n\u00e3o h\u00e1 \u00f3bice para tal conduta, desde que seja compreendida a complexidade do tema e seja realizada minuciosa an\u00e1lise da situa\u00e7\u00e3o, da legisla\u00e7\u00e3o local e dos contratos rescindidos.\u00a0<\/span><span data-ccp-props=\"{&quot;134233117&quot;:false,&quot;134233118&quot;:false,&quot;201341983&quot;:0,&quot;335551550&quot;:6,&quot;335551620&quot;:6,&quot;335559685&quot;:0,&quot;335559737&quot;:0,&quot;335559738&quot;:0,&quot;335559739&quot;:160,&quot;335559740&quot;:360}\">\u00a0<\/span><\/p>\n<p><span data-contrast=\"auto\">Sobre as veda\u00e7\u00f5es eleitorais, o entendimento \u00e9 un\u00edssono.<\/span><span data-ccp-props=\"{&quot;134233117&quot;:false,&quot;134233118&quot;:false,&quot;201341983&quot;:0,&quot;335551550&quot;:6,&quot;335551620&quot;:6,&quot;335559685&quot;:0,&quot;335559737&quot;:0,&quot;335559738&quot;:0,&quot;335559739&quot;:160,&quot;335559740&quot;:360}\">\u00a0<\/span><\/p>\n<h4><b><span data-contrast=\"auto\">Resposta<\/span><\/b><span data-ccp-props=\"{&quot;134233117&quot;:false,&quot;134233118&quot;:false,&quot;201341983&quot;:0,&quot;335551550&quot;:6,&quot;335551620&quot;:6,&quot;335559685&quot;:0,&quot;335559737&quot;:0,&quot;335559738&quot;:0,&quot;335559739&quot;:160,&quot;335559740&quot;:360}\">\u00a0<\/span><\/h4>\n<p><span data-contrast=\"auto\">Desta forma, os membros <\/span><span data-contrast=\"auto\">do Tribunal Pleno do TCE-PR, por unanimidade, acolhendo a proposta de voto do Conselheiro Ivan Lelis Bonilha, decidiram por responder \u00e0 consulta nos termos do <a href=\"https:\/\/www.mpc.pr.gov.br\/wp-content\/uploads\/2025\/03\/santa-mariana-ACO-402_25-STP.pdf\">Ac\u00f3rd\u00e3o n\u00ba 402\/25<\/a>:<\/span><span data-ccp-props=\"{&quot;134233117&quot;:false,&quot;134233118&quot;:false,&quot;201341983&quot;:0,&quot;335551550&quot;:6,&quot;335551620&quot;:6,&quot;335559685&quot;:0,&quot;335559737&quot;:0,&quot;335559738&quot;:0,&quot;335559739&quot;:160,&quot;335559740&quot;:360}\">\u00a0<\/span><\/p>\n<p><span data-contrast=\"auto\"><strong>Questionamento 1<\/strong> &#8211; No caso de haver no Munic\u00edpio um conjunto habitacional integralmente financiado por Companhia de Habita\u00e7\u00e3o, em que a maioria dos mutu\u00e1rios est\u00e3o em atraso nos financiamentos e na imin\u00eancia de serem alvos de a\u00e7\u00f5es de reintegra\u00e7\u00e3o de posse, causando elevado e repentino n\u00famero de d\u00e9ficit habitacional, poder\u00e1 o Munic\u00edpio assumir as d\u00edvidas dos mutu\u00e1rios enquanto quest\u00e3o de ordem p\u00fablica?<\/span><span data-ccp-props=\"{&quot;134233117&quot;:false,&quot;134233118&quot;:false,&quot;201341983&quot;:0,&quot;335551550&quot;:6,&quot;335551620&quot;:6,&quot;335559685&quot;:0,&quot;335559737&quot;:0,&quot;335559738&quot;:0,&quot;335559739&quot;:160,&quot;335559740&quot;:360}\">\u00a0<\/span><\/p>\n<p><span data-contrast=\"auto\"><strong>Resposta:<\/strong> No que se refere ao programa Minha Casa, Minha Vida, faculta-se ao ente p\u00fablico local a possibilidade de quitar os contratos em nome dos benefici\u00e1rios do programa habitacional, conforme Portaria MCID n\u00ba 1.248\/2023. Para tanto, dever\u00e1 a Administra\u00e7\u00e3o P\u00fablica (i) realizar todas as etapas pertinentes \u00e0s boas pr\u00e1ticas na implementa\u00e7\u00e3o de pol\u00edticas p\u00fablicas, por exemplo, estudos t\u00e9cnicos, an\u00e1lise de alternativas e outras disposi\u00e7\u00f5es para obter crit\u00e9rios objetivos de concess\u00e3o das subven\u00e7\u00f5es, al\u00e9m de (ii) editar lei espec\u00edfica com crit\u00e9rios de elegibilidade e restri\u00e7\u00e3o \u00e0 imediata aliena\u00e7\u00e3o \u00e0 terceiros e (iii) ter previs\u00e3o or\u00e7ament\u00e1ria correspondente, observando-se o PPA, LDO e LOA. Para os financiamentos habitacionais n\u00e3o contemplados no Programa Minha Casa, Minha Vida, silentes previs\u00f5es normativas autorizadoras da assun\u00e7\u00e3o do d\u00e9bito, n\u00e3o poder\u00e1 o Munic\u00edpio assumir a d\u00edvida dos mutu\u00e1rios, sob ofensa ao princ\u00edpio da supremacia do interesse p\u00fablico.<\/span><span data-ccp-props=\"{&quot;134233117&quot;:false,&quot;134233118&quot;:false,&quot;201341983&quot;:0,&quot;335551550&quot;:6,&quot;335551620&quot;:6,&quot;335559685&quot;:0,&quot;335559737&quot;:0,&quot;335559738&quot;:0,&quot;335559739&quot;:160,&quot;335559740&quot;:360}\">\u00a0<\/span><\/p>\n<p><span data-contrast=\"auto\"><strong>Questionamento 2<\/strong> &#8211; Em caso negativo, poder\u00e1 o Munic\u00edpio, depois de rescindidos os contratos entre a Companhia de Habita\u00e7\u00e3o e os mutu\u00e1rios, promover a aquisi\u00e7\u00e3o de todos os im\u00f3veis com o objetivo de, posteriormente, com fundamento na Lei n.\u00ba 13.465\/17, promover \u00e0 entrega dos t\u00edtulos de propriedade, de maneira a evitar o d\u00e9ficit habitacional repentino?<\/span><span data-ccp-props=\"{&quot;134233117&quot;:false,&quot;134233118&quot;:false,&quot;201341983&quot;:0,&quot;335551550&quot;:6,&quot;335551620&quot;:6,&quot;335559685&quot;:0,&quot;335559737&quot;:0,&quot;335559738&quot;:0,&quot;335559739&quot;:160,&quot;335559740&quot;:360}\">\u00a0<\/span><\/p>\n<p><span data-contrast=\"auto\"><strong>Resposta:<\/strong> Sim, desde que observada as diretrizes dispostas no item anterior.<\/span><span data-ccp-props=\"{&quot;134233117&quot;:false,&quot;134233118&quot;:false,&quot;201341983&quot;:0,&quot;335551550&quot;:6,&quot;335551620&quot;:6,&quot;335559685&quot;:0,&quot;335559737&quot;:0,&quot;335559738&quot;:0,&quot;335559739&quot;:160,&quot;335559740&quot;:360}\">\u00a0<\/span><\/p>\n<p><span data-contrast=\"auto\"><strong>Questionamento 3<\/strong> &#8211; Em havendo algumas das possibilidades anteriores, h\u00e1 veda\u00e7\u00f5es de se iniciar algumas dessas etapas (compra pelo Munic\u00edpio e entrega dos t\u00edtulos de propriedade) em ano eleitoral ante os comandos do art. 73, \u00a7 10, da Lei n.\u00ba 9.504\/97?<\/span><span data-ccp-props=\"{&quot;134233117&quot;:false,&quot;134233118&quot;:false,&quot;201341983&quot;:0,&quot;335551550&quot;:6,&quot;335551620&quot;:6,&quot;335559685&quot;:0,&quot;335559737&quot;:0,&quot;335559738&quot;:0,&quot;335559739&quot;:160,&quot;335559740&quot;:360}\">\u00a0<\/span><\/p>\n<p><span data-contrast=\"auto\"><strong>Resposta:<\/strong> Excetuando os casos indicados no \u00a7 10 do art. 73 da Lei n\u00ba 9.504\/97, \u00e9 vedada a realiza\u00e7\u00e3o de compra de im\u00f3veis e entrega de t\u00edtulos de propriedade em ano eleitoral.<\/span><span data-ccp-props=\"{&quot;134233117&quot;:false,&quot;134233118&quot;:false,&quot;201341983&quot;:0,&quot;335551550&quot;:6,&quot;335551620&quot;:6,&quot;335559685&quot;:0,&quot;335559737&quot;:0,&quot;335559738&quot;:0,&quot;335559739&quot;:160,&quot;335559740&quot;:360}\">\u00a0<\/span><\/p>\n<blockquote><p><span style=\"color: #820007;\"><strong><u>Informa\u00e7\u00e3o para consulta processual<\/u><\/strong><\/span><\/p>\n<table style=\"height: 183px;\" border=\"0\" width=\"478\" cellspacing=\"0\" cellpadding=\"0\">\n<tbody>\n<tr>\n<td><strong>Processo n\u00ba<\/strong>:<\/td>\n<td>529354\/24<\/td>\n<\/tr>\n<tr>\n<td><strong>Ac\u00f3rd\u00e3o n\u00ba<\/strong>:<\/td>\n<td>402\/25- Tribunal Pleno<\/td>\n<\/tr>\n<tr>\n<td><strong>Assunto<\/strong>:<\/td>\n<td>Consulta<\/td>\n<\/tr>\n<tr>\n<td><strong>Entidade<\/strong>:<\/td>\n<td>Munic\u00edpio de Santa Mariana<\/td>\n<\/tr>\n<tr>\n<td><strong>Relator<\/strong>:<\/td>\n<td><span class=\"TextRun SCXW156170801 BCX0\" lang=\"PT-BR\" xml:lang=\"PT-BR\" data-contrast=\"auto\"><span class=\"NormalTextRun SCXW156170801 BCX0\">Conselheiro Ivan Lelis Bonilha<\/span><\/span><\/td>\n<\/tr>\n<\/tbody>\n<\/table>\n<\/blockquote>\n","protected":false},"excerpt":{"rendered":"<p>O Munic\u00edpio de Santa Mariana protocolou consulta perante o Tribunal de Contas do Estado (TCE-PR), a fim de esclarecer alguns questionamentos sobre inadimplemento por parte dos mutu\u00e1rios de financiamento de im\u00f3veis populares, tendo em vista a possibilidade de como isso pode afetar os Munic\u00edpios diante de um d\u00e9ficit habitacional repentino.\u00a0\u00a0 A peti\u00e7\u00e3o inicial foi formulada [&hellip;]<\/p>\n","protected":false},"author":1,"featured_media":22805,"comment_status":"open","ping_status":"open","sticky":false,"template":"","format":"standard","meta":{"_monsterinsights_skip_tracking":false,"_monsterinsights_sitenote_active":false,"_monsterinsights_sitenote_note":"","_monsterinsights_sitenote_category":0,"footnotes":""},"categories":[7],"tags":[248,197,706,707,13,569,39,71],"class_list":["post-22801","post","type-post","status-publish","format-standard","has-post-thumbnail","hentry","category-todas-as-noticias","tag-cohab","tag-consulta","tag-financiamento","tag-imoveis","tag-mpc-pr","tag-santa-mariana","tag-tce-pr","tag-tribunal-pleno","entry","has-media"],"yoast_head":"<!-- This site is optimized with the Yoast SEO plugin v27.3 - https:\/\/yoast.com\/product\/yoast-seo-wordpress\/ -->\n<title>Munic\u00edpio pode adotar medidas para quitar financiamentos de benefici\u00e1rios do programa \u201cMinha Casa, Minha Vida\u201d - Minist\u00e9rio P\u00fablico de Contas do Estado do Paran\u00e1<\/title>\n<meta name=\"robots\" content=\"index, follow, max-snippet:-1, max-image-preview:large, max-video-preview:-1\" \/>\n<link rel=\"canonical\" href=\"https:\/\/www.mpc.pr.gov.br\/index.php\/municipio-pode-adotar-medidas-para-quitar-financiamentos-de-beneficiarios-do-programa-minha-casa-minha-vida\/\" \/>\n<meta property=\"og:locale\" content=\"pt_BR\" \/>\n<meta property=\"og:type\" content=\"article\" \/>\n<meta property=\"og:title\" content=\"Munic\u00edpio pode adotar medidas para quitar financiamentos de benefici\u00e1rios do programa \u201cMinha Casa, Minha Vida\u201d - Minist\u00e9rio P\u00fablico de Contas do Estado do Paran\u00e1\" \/>\n<meta property=\"og:description\" content=\"O Munic\u00edpio de Santa Mariana protocolou consulta perante o Tribunal de Contas do Estado (TCE-PR), a fim de esclarecer alguns questionamentos sobre inadimplemento por parte dos mutu\u00e1rios de financiamento de im\u00f3veis populares, tendo em vista a possibilidade de como isso pode afetar os Munic\u00edpios diante de um d\u00e9ficit habitacional repentino.\u00a0\u00a0 A peti\u00e7\u00e3o inicial foi formulada [&hellip;]\" \/>\n<meta property=\"og:url\" content=\"https:\/\/www.mpc.pr.gov.br\/index.php\/municipio-pode-adotar-medidas-para-quitar-financiamentos-de-beneficiarios-do-programa-minha-casa-minha-vida\/\" \/>\n<meta property=\"og:site_name\" content=\"Minist\u00e9rio P\u00fablico de Contas do Estado do Paran\u00e1\" \/>\n<meta property=\"article:publisher\" content=\"https:\/\/www.facebook.com\/mpc.pr\" \/>\n<meta property=\"article:published_time\" content=\"2025-03-20T13:05:36+00:00\" \/>\n<meta property=\"article:modified_time\" content=\"2025-03-28T15:10:49+00:00\" \/>\n<meta property=\"og:image\" content=\"https:\/\/www.mpc.pr.gov.br\/wp-content\/uploads\/2025\/03\/santa_mariana_3.jpeg\" \/>\n\t<meta property=\"og:image:width\" content=\"1280\" \/>\n\t<meta property=\"og:image:height\" content=\"960\" \/>\n\t<meta property=\"og:image:type\" content=\"image\/jpeg\" \/>\n<meta name=\"author\" content=\"mpcontaspr\" \/>\n<meta name=\"twitter:card\" content=\"summary_large_image\" \/>\n<meta name=\"twitter:label1\" content=\"Escrito por\" \/>\n\t<meta name=\"twitter:data1\" content=\"mpcontaspr\" \/>\n\t<meta name=\"twitter:label2\" content=\"Est. tempo de leitura\" \/>\n\t<meta name=\"twitter:data2\" content=\"10 minutos\" \/>\n<script type=\"application\/ld+json\" class=\"yoast-schema-graph\">{\"@context\":\"https:\\\/\\\/schema.org\",\"@graph\":[{\"@type\":\"Article\",\"@id\":\"https:\\\/\\\/www.mpc.pr.gov.br\\\/index.php\\\/municipio-pode-adotar-medidas-para-quitar-financiamentos-de-beneficiarios-do-programa-minha-casa-minha-vida\\\/#article\",\"isPartOf\":{\"@id\":\"https:\\\/\\\/www.mpc.pr.gov.br\\\/index.php\\\/municipio-pode-adotar-medidas-para-quitar-financiamentos-de-beneficiarios-do-programa-minha-casa-minha-vida\\\/\"},\"author\":{\"name\":\"mpcontaspr\",\"@id\":\"https:\\\/\\\/www.mpc.pr.gov.br\\\/#\\\/schema\\\/person\\\/2d83cb8980538d0ec174e8a6284f5e11\"},\"headline\":\"Munic\u00edpio pode adotar medidas para quitar financiamentos de benefici\u00e1rios do programa \u201cMinha Casa, Minha Vida\u201d\",\"datePublished\":\"2025-03-20T13:05:36+00:00\",\"dateModified\":\"2025-03-28T15:10:49+00:00\",\"mainEntityOfPage\":{\"@id\":\"https:\\\/\\\/www.mpc.pr.gov.br\\\/index.php\\\/municipio-pode-adotar-medidas-para-quitar-financiamentos-de-beneficiarios-do-programa-minha-casa-minha-vida\\\/\"},\"wordCount\":2187,\"commentCount\":0,\"publisher\":{\"@id\":\"https:\\\/\\\/www.mpc.pr.gov.br\\\/#organization\"},\"image\":{\"@id\":\"https:\\\/\\\/www.mpc.pr.gov.br\\\/index.php\\\/municipio-pode-adotar-medidas-para-quitar-financiamentos-de-beneficiarios-do-programa-minha-casa-minha-vida\\\/#primaryimage\"},\"thumbnailUrl\":\"https:\\\/\\\/www.mpc.pr.gov.br\\\/wp-content\\\/uploads\\\/2025\\\/03\\\/santa_mariana_3.jpeg\",\"keywords\":[\"COHAB\",\"Consulta\",\"Financiamento\",\"Im\u00f3veis\",\"MPC-PR\",\"Santa Mariana\",\"TCE-PR\",\"Tribunal Pleno\"],\"articleSection\":[\"Todas as not\u00edcias\"],\"inLanguage\":\"pt-BR\",\"potentialAction\":[{\"@type\":\"CommentAction\",\"name\":\"Comment\",\"target\":[\"https:\\\/\\\/www.mpc.pr.gov.br\\\/index.php\\\/municipio-pode-adotar-medidas-para-quitar-financiamentos-de-beneficiarios-do-programa-minha-casa-minha-vida\\\/#respond\"]}]},{\"@type\":\"WebPage\",\"@id\":\"https:\\\/\\\/www.mpc.pr.gov.br\\\/index.php\\\/municipio-pode-adotar-medidas-para-quitar-financiamentos-de-beneficiarios-do-programa-minha-casa-minha-vida\\\/\",\"url\":\"https:\\\/\\\/www.mpc.pr.gov.br\\\/index.php\\\/municipio-pode-adotar-medidas-para-quitar-financiamentos-de-beneficiarios-do-programa-minha-casa-minha-vida\\\/\",\"name\":\"Munic\u00edpio pode adotar medidas para quitar financiamentos de benefici\u00e1rios do programa \u201cMinha Casa, Minha Vida\u201d - Minist\u00e9rio P\u00fablico de Contas do Estado do Paran\u00e1\",\"isPartOf\":{\"@id\":\"https:\\\/\\\/www.mpc.pr.gov.br\\\/#website\"},\"primaryImageOfPage\":{\"@id\":\"https:\\\/\\\/www.mpc.pr.gov.br\\\/index.php\\\/municipio-pode-adotar-medidas-para-quitar-financiamentos-de-beneficiarios-do-programa-minha-casa-minha-vida\\\/#primaryimage\"},\"image\":{\"@id\":\"https:\\\/\\\/www.mpc.pr.gov.br\\\/index.php\\\/municipio-pode-adotar-medidas-para-quitar-financiamentos-de-beneficiarios-do-programa-minha-casa-minha-vida\\\/#primaryimage\"},\"thumbnailUrl\":\"https:\\\/\\\/www.mpc.pr.gov.br\\\/wp-content\\\/uploads\\\/2025\\\/03\\\/santa_mariana_3.jpeg\",\"datePublished\":\"2025-03-20T13:05:36+00:00\",\"dateModified\":\"2025-03-28T15:10:49+00:00\",\"breadcrumb\":{\"@id\":\"https:\\\/\\\/www.mpc.pr.gov.br\\\/index.php\\\/municipio-pode-adotar-medidas-para-quitar-financiamentos-de-beneficiarios-do-programa-minha-casa-minha-vida\\\/#breadcrumb\"},\"inLanguage\":\"pt-BR\",\"potentialAction\":[{\"@type\":\"ReadAction\",\"target\":[\"https:\\\/\\\/www.mpc.pr.gov.br\\\/index.php\\\/municipio-pode-adotar-medidas-para-quitar-financiamentos-de-beneficiarios-do-programa-minha-casa-minha-vida\\\/\"]}]},{\"@type\":\"ImageObject\",\"inLanguage\":\"pt-BR\",\"@id\":\"https:\\\/\\\/www.mpc.pr.gov.br\\\/index.php\\\/municipio-pode-adotar-medidas-para-quitar-financiamentos-de-beneficiarios-do-programa-minha-casa-minha-vida\\\/#primaryimage\",\"url\":\"https:\\\/\\\/www.mpc.pr.gov.br\\\/wp-content\\\/uploads\\\/2025\\\/03\\\/santa_mariana_3.jpeg\",\"contentUrl\":\"https:\\\/\\\/www.mpc.pr.gov.br\\\/wp-content\\\/uploads\\\/2025\\\/03\\\/santa_mariana_3.jpeg\",\"width\":1280,\"height\":960,\"caption\":\"Conjunto Residencial Albertino Delamuta, localizado no Munic\u00edpio de Santa Mariana, em que mais de cem fam\u00edlias foram beneficiadas a partir de um investimento de R$ 6,6 milh\u00f5es do Governo do Estado, Governo Federal e Prefeitura. Foto: Pizolato.\"},{\"@type\":\"BreadcrumbList\",\"@id\":\"https:\\\/\\\/www.mpc.pr.gov.br\\\/index.php\\\/municipio-pode-adotar-medidas-para-quitar-financiamentos-de-beneficiarios-do-programa-minha-casa-minha-vida\\\/#breadcrumb\",\"itemListElement\":[{\"@type\":\"ListItem\",\"position\":1,\"name\":\"In\u00edcio\",\"item\":\"https:\\\/\\\/www.mpc.pr.gov.br\\\/\"},{\"@type\":\"ListItem\",\"position\":2,\"name\":\"Munic\u00edpio pode adotar medidas para quitar financiamentos de benefici\u00e1rios do programa \u201cMinha Casa, Minha Vida\u201d\"}]},{\"@type\":\"WebSite\",\"@id\":\"https:\\\/\\\/www.mpc.pr.gov.br\\\/#website\",\"url\":\"https:\\\/\\\/www.mpc.pr.gov.br\\\/\",\"name\":\"Minist\u00e9rio P\u00fablico de Contas do Estado do Paran\u00e1\",\"description\":\"\",\"publisher\":{\"@id\":\"https:\\\/\\\/www.mpc.pr.gov.br\\\/#organization\"},\"potentialAction\":[{\"@type\":\"SearchAction\",\"target\":{\"@type\":\"EntryPoint\",\"urlTemplate\":\"https:\\\/\\\/www.mpc.pr.gov.br\\\/?s={search_term_string}\"},\"query-input\":{\"@type\":\"PropertyValueSpecification\",\"valueRequired\":true,\"valueName\":\"search_term_string\"}}],\"inLanguage\":\"pt-BR\"},{\"@type\":\"Organization\",\"@id\":\"https:\\\/\\\/www.mpc.pr.gov.br\\\/#organization\",\"name\":\"Minist\u00e9rio P\u00fablico de Contas do Estado do Paran\u00e1\",\"url\":\"https:\\\/\\\/www.mpc.pr.gov.br\\\/\",\"logo\":{\"@type\":\"ImageObject\",\"inLanguage\":\"pt-BR\",\"@id\":\"https:\\\/\\\/www.mpc.pr.gov.br\\\/#\\\/schema\\\/logo\\\/image\\\/\",\"url\":\"https:\\\/\\\/www.mpc.pr.gov.br\\\/wp-content\\\/uploads\\\/2020\\\/06\\\/99423647_1593460364143890_6706793420720963584_n-1-e1591387983167.png\",\"contentUrl\":\"https:\\\/\\\/www.mpc.pr.gov.br\\\/wp-content\\\/uploads\\\/2020\\\/06\\\/99423647_1593460364143890_6706793420720963584_n-1-e1591387983167.png\",\"width\":243,\"height\":73,\"caption\":\"Minist\u00e9rio P\u00fablico de Contas do Estado do Paran\u00e1\"},\"image\":{\"@id\":\"https:\\\/\\\/www.mpc.pr.gov.br\\\/#\\\/schema\\\/logo\\\/image\\\/\"},\"sameAs\":[\"https:\\\/\\\/www.facebook.com\\\/mpc.pr\",\"https:\\\/\\\/www.instagram.com\\\/mpc.pr\\\/?hl=pt-br\",\"https:\\\/\\\/www.youtube.com\\\/channel\\\/UCHri5oEM8DV0ztX57E0sBSw\"]},{\"@type\":\"Person\",\"@id\":\"https:\\\/\\\/www.mpc.pr.gov.br\\\/#\\\/schema\\\/person\\\/2d83cb8980538d0ec174e8a6284f5e11\",\"name\":\"mpcontaspr\",\"image\":{\"@type\":\"ImageObject\",\"inLanguage\":\"pt-BR\",\"@id\":\"https:\\\/\\\/secure.gravatar.com\\\/avatar\\\/1aef51541db7622e05fd639336c9c9f312c2a618396e2b6ca96846362fc5403f?s=96&d=mm&r=g\",\"url\":\"https:\\\/\\\/secure.gravatar.com\\\/avatar\\\/1aef51541db7622e05fd639336c9c9f312c2a618396e2b6ca96846362fc5403f?s=96&d=mm&r=g\",\"contentUrl\":\"https:\\\/\\\/secure.gravatar.com\\\/avatar\\\/1aef51541db7622e05fd639336c9c9f312c2a618396e2b6ca96846362fc5403f?s=96&d=mm&r=g\",\"caption\":\"mpcontaspr\"},\"sameAs\":[\"http:\\\/\\\/www.mpc.pr.gov.br\"]}]}<\/script>\n<!-- \/ Yoast SEO plugin. -->","yoast_head_json":{"title":"Munic\u00edpio pode adotar medidas para quitar financiamentos de benefici\u00e1rios do programa \u201cMinha Casa, Minha Vida\u201d - Minist\u00e9rio P\u00fablico de Contas do Estado do Paran\u00e1","robots":{"index":"index","follow":"follow","max-snippet":"max-snippet:-1","max-image-preview":"max-image-preview:large","max-video-preview":"max-video-preview:-1"},"canonical":"https:\/\/www.mpc.pr.gov.br\/index.php\/municipio-pode-adotar-medidas-para-quitar-financiamentos-de-beneficiarios-do-programa-minha-casa-minha-vida\/","og_locale":"pt_BR","og_type":"article","og_title":"Munic\u00edpio pode adotar medidas para quitar financiamentos de benefici\u00e1rios do programa \u201cMinha Casa, Minha Vida\u201d - Minist\u00e9rio P\u00fablico de Contas do Estado do Paran\u00e1","og_description":"O Munic\u00edpio de Santa Mariana protocolou consulta perante o Tribunal de Contas do Estado (TCE-PR), a fim de esclarecer alguns questionamentos sobre inadimplemento por parte dos mutu\u00e1rios de financiamento de im\u00f3veis populares, tendo em vista a possibilidade de como isso pode afetar os Munic\u00edpios diante de um d\u00e9ficit habitacional repentino.\u00a0\u00a0 A peti\u00e7\u00e3o inicial foi formulada [&hellip;]","og_url":"https:\/\/www.mpc.pr.gov.br\/index.php\/municipio-pode-adotar-medidas-para-quitar-financiamentos-de-beneficiarios-do-programa-minha-casa-minha-vida\/","og_site_name":"Minist\u00e9rio P\u00fablico de Contas do Estado do Paran\u00e1","article_publisher":"https:\/\/www.facebook.com\/mpc.pr","article_published_time":"2025-03-20T13:05:36+00:00","article_modified_time":"2025-03-28T15:10:49+00:00","og_image":[{"width":1280,"height":960,"url":"https:\/\/www.mpc.pr.gov.br\/wp-content\/uploads\/2025\/03\/santa_mariana_3.jpeg","type":"image\/jpeg"}],"author":"mpcontaspr","twitter_card":"summary_large_image","twitter_misc":{"Escrito por":"mpcontaspr","Est. tempo de leitura":"10 minutos"},"schema":{"@context":"https:\/\/schema.org","@graph":[{"@type":"Article","@id":"https:\/\/www.mpc.pr.gov.br\/index.php\/municipio-pode-adotar-medidas-para-quitar-financiamentos-de-beneficiarios-do-programa-minha-casa-minha-vida\/#article","isPartOf":{"@id":"https:\/\/www.mpc.pr.gov.br\/index.php\/municipio-pode-adotar-medidas-para-quitar-financiamentos-de-beneficiarios-do-programa-minha-casa-minha-vida\/"},"author":{"name":"mpcontaspr","@id":"https:\/\/www.mpc.pr.gov.br\/#\/schema\/person\/2d83cb8980538d0ec174e8a6284f5e11"},"headline":"Munic\u00edpio pode adotar medidas para quitar financiamentos de benefici\u00e1rios do programa \u201cMinha Casa, Minha Vida\u201d","datePublished":"2025-03-20T13:05:36+00:00","dateModified":"2025-03-28T15:10:49+00:00","mainEntityOfPage":{"@id":"https:\/\/www.mpc.pr.gov.br\/index.php\/municipio-pode-adotar-medidas-para-quitar-financiamentos-de-beneficiarios-do-programa-minha-casa-minha-vida\/"},"wordCount":2187,"commentCount":0,"publisher":{"@id":"https:\/\/www.mpc.pr.gov.br\/#organization"},"image":{"@id":"https:\/\/www.mpc.pr.gov.br\/index.php\/municipio-pode-adotar-medidas-para-quitar-financiamentos-de-beneficiarios-do-programa-minha-casa-minha-vida\/#primaryimage"},"thumbnailUrl":"https:\/\/www.mpc.pr.gov.br\/wp-content\/uploads\/2025\/03\/santa_mariana_3.jpeg","keywords":["COHAB","Consulta","Financiamento","Im\u00f3veis","MPC-PR","Santa Mariana","TCE-PR","Tribunal Pleno"],"articleSection":["Todas as not\u00edcias"],"inLanguage":"pt-BR","potentialAction":[{"@type":"CommentAction","name":"Comment","target":["https:\/\/www.mpc.pr.gov.br\/index.php\/municipio-pode-adotar-medidas-para-quitar-financiamentos-de-beneficiarios-do-programa-minha-casa-minha-vida\/#respond"]}]},{"@type":"WebPage","@id":"https:\/\/www.mpc.pr.gov.br\/index.php\/municipio-pode-adotar-medidas-para-quitar-financiamentos-de-beneficiarios-do-programa-minha-casa-minha-vida\/","url":"https:\/\/www.mpc.pr.gov.br\/index.php\/municipio-pode-adotar-medidas-para-quitar-financiamentos-de-beneficiarios-do-programa-minha-casa-minha-vida\/","name":"Munic\u00edpio pode adotar medidas para quitar financiamentos de benefici\u00e1rios do programa \u201cMinha Casa, Minha Vida\u201d - Minist\u00e9rio P\u00fablico de Contas do Estado do Paran\u00e1","isPartOf":{"@id":"https:\/\/www.mpc.pr.gov.br\/#website"},"primaryImageOfPage":{"@id":"https:\/\/www.mpc.pr.gov.br\/index.php\/municipio-pode-adotar-medidas-para-quitar-financiamentos-de-beneficiarios-do-programa-minha-casa-minha-vida\/#primaryimage"},"image":{"@id":"https:\/\/www.mpc.pr.gov.br\/index.php\/municipio-pode-adotar-medidas-para-quitar-financiamentos-de-beneficiarios-do-programa-minha-casa-minha-vida\/#primaryimage"},"thumbnailUrl":"https:\/\/www.mpc.pr.gov.br\/wp-content\/uploads\/2025\/03\/santa_mariana_3.jpeg","datePublished":"2025-03-20T13:05:36+00:00","dateModified":"2025-03-28T15:10:49+00:00","breadcrumb":{"@id":"https:\/\/www.mpc.pr.gov.br\/index.php\/municipio-pode-adotar-medidas-para-quitar-financiamentos-de-beneficiarios-do-programa-minha-casa-minha-vida\/#breadcrumb"},"inLanguage":"pt-BR","potentialAction":[{"@type":"ReadAction","target":["https:\/\/www.mpc.pr.gov.br\/index.php\/municipio-pode-adotar-medidas-para-quitar-financiamentos-de-beneficiarios-do-programa-minha-casa-minha-vida\/"]}]},{"@type":"ImageObject","inLanguage":"pt-BR","@id":"https:\/\/www.mpc.pr.gov.br\/index.php\/municipio-pode-adotar-medidas-para-quitar-financiamentos-de-beneficiarios-do-programa-minha-casa-minha-vida\/#primaryimage","url":"https:\/\/www.mpc.pr.gov.br\/wp-content\/uploads\/2025\/03\/santa_mariana_3.jpeg","contentUrl":"https:\/\/www.mpc.pr.gov.br\/wp-content\/uploads\/2025\/03\/santa_mariana_3.jpeg","width":1280,"height":960,"caption":"Conjunto Residencial Albertino Delamuta, localizado no Munic\u00edpio de Santa Mariana, em que mais de cem fam\u00edlias foram beneficiadas a partir de um investimento de R$ 6,6 milh\u00f5es do Governo do Estado, Governo Federal e Prefeitura. Foto: Pizolato."},{"@type":"BreadcrumbList","@id":"https:\/\/www.mpc.pr.gov.br\/index.php\/municipio-pode-adotar-medidas-para-quitar-financiamentos-de-beneficiarios-do-programa-minha-casa-minha-vida\/#breadcrumb","itemListElement":[{"@type":"ListItem","position":1,"name":"In\u00edcio","item":"https:\/\/www.mpc.pr.gov.br\/"},{"@type":"ListItem","position":2,"name":"Munic\u00edpio pode adotar medidas para quitar financiamentos de benefici\u00e1rios do programa \u201cMinha Casa, Minha Vida\u201d"}]},{"@type":"WebSite","@id":"https:\/\/www.mpc.pr.gov.br\/#website","url":"https:\/\/www.mpc.pr.gov.br\/","name":"Minist\u00e9rio P\u00fablico de Contas do Estado do Paran\u00e1","description":"","publisher":{"@id":"https:\/\/www.mpc.pr.gov.br\/#organization"},"potentialAction":[{"@type":"SearchAction","target":{"@type":"EntryPoint","urlTemplate":"https:\/\/www.mpc.pr.gov.br\/?s={search_term_string}"},"query-input":{"@type":"PropertyValueSpecification","valueRequired":true,"valueName":"search_term_string"}}],"inLanguage":"pt-BR"},{"@type":"Organization","@id":"https:\/\/www.mpc.pr.gov.br\/#organization","name":"Minist\u00e9rio P\u00fablico de Contas do Estado do Paran\u00e1","url":"https:\/\/www.mpc.pr.gov.br\/","logo":{"@type":"ImageObject","inLanguage":"pt-BR","@id":"https:\/\/www.mpc.pr.gov.br\/#\/schema\/logo\/image\/","url":"https:\/\/www.mpc.pr.gov.br\/wp-content\/uploads\/2020\/06\/99423647_1593460364143890_6706793420720963584_n-1-e1591387983167.png","contentUrl":"https:\/\/www.mpc.pr.gov.br\/wp-content\/uploads\/2020\/06\/99423647_1593460364143890_6706793420720963584_n-1-e1591387983167.png","width":243,"height":73,"caption":"Minist\u00e9rio P\u00fablico de Contas do Estado do Paran\u00e1"},"image":{"@id":"https:\/\/www.mpc.pr.gov.br\/#\/schema\/logo\/image\/"},"sameAs":["https:\/\/www.facebook.com\/mpc.pr","https:\/\/www.instagram.com\/mpc.pr\/?hl=pt-br","https:\/\/www.youtube.com\/channel\/UCHri5oEM8DV0ztX57E0sBSw"]},{"@type":"Person","@id":"https:\/\/www.mpc.pr.gov.br\/#\/schema\/person\/2d83cb8980538d0ec174e8a6284f5e11","name":"mpcontaspr","image":{"@type":"ImageObject","inLanguage":"pt-BR","@id":"https:\/\/secure.gravatar.com\/avatar\/1aef51541db7622e05fd639336c9c9f312c2a618396e2b6ca96846362fc5403f?s=96&d=mm&r=g","url":"https:\/\/secure.gravatar.com\/avatar\/1aef51541db7622e05fd639336c9c9f312c2a618396e2b6ca96846362fc5403f?s=96&d=mm&r=g","contentUrl":"https:\/\/secure.gravatar.com\/avatar\/1aef51541db7622e05fd639336c9c9f312c2a618396e2b6ca96846362fc5403f?s=96&d=mm&r=g","caption":"mpcontaspr"},"sameAs":["http:\/\/www.mpc.pr.gov.br"]}]}},"rttpg_featured_image_url":{"full":["https:\/\/www.mpc.pr.gov.br\/wp-content\/uploads\/2025\/03\/santa_mariana_3.jpeg",1280,960,false],"landscape":["https:\/\/www.mpc.pr.gov.br\/wp-content\/uploads\/2025\/03\/santa_mariana_3.jpeg",1280,960,false],"portraits":["https:\/\/www.mpc.pr.gov.br\/wp-content\/uploads\/2025\/03\/santa_mariana_3.jpeg",1280,960,false],"thumbnail":["https:\/\/www.mpc.pr.gov.br\/wp-content\/uploads\/2025\/03\/santa_mariana_3-150x150.jpeg",150,150,true],"medium":["https:\/\/www.mpc.pr.gov.br\/wp-content\/uploads\/2025\/03\/santa_mariana_3-300x225.jpeg",300,225,true],"large":["https:\/\/www.mpc.pr.gov.br\/wp-content\/uploads\/2025\/03\/santa_mariana_3-1024x768.jpeg",1024,768,true],"1536x1536":["https:\/\/www.mpc.pr.gov.br\/wp-content\/uploads\/2025\/03\/santa_mariana_3.jpeg",1280,960,false],"2048x2048":["https:\/\/www.mpc.pr.gov.br\/wp-content\/uploads\/2025\/03\/santa_mariana_3.jpeg",1280,960,false],"ocean-thumb-m":["https:\/\/www.mpc.pr.gov.br\/wp-content\/uploads\/2025\/03\/santa_mariana_3-600x600.jpeg",600,600,true],"ocean-thumb-ml":["https:\/\/www.mpc.pr.gov.br\/wp-content\/uploads\/2025\/03\/santa_mariana_3-800x450.jpeg",800,450,true],"ocean-thumb-l":["https:\/\/www.mpc.pr.gov.br\/wp-content\/uploads\/2025\/03\/santa_mariana_3-1200x700.jpeg",1200,700,true]},"rttpg_author":{"display_name":"mpcontaspr","author_link":"https:\/\/www.mpc.pr.gov.br\/index.php\/author\/mpcontaspr\/"},"rttpg_comment":0,"rttpg_category":"<a href=\"https:\/\/www.mpc.pr.gov.br\/index.php\/category\/todas-as-noticias\/\" rel=\"category tag\">Todas as not\u00edcias<\/a>","rttpg_excerpt":"O Munic\u00edpio de Santa Mariana protocolou consulta perante o Tribunal de Contas do Estado (TCE-PR), a fim de esclarecer alguns questionamentos sobre inadimplemento por parte dos mutu\u00e1rios de financiamento de im\u00f3veis populares, tendo em vista a possibilidade de como isso pode afetar os Munic\u00edpios diante de um d\u00e9ficit habitacional repentino.\u00a0\u00a0 A peti\u00e7\u00e3o inicial foi formulada&hellip;","_links":{"self":[{"href":"https:\/\/www.mpc.pr.gov.br\/index.php\/wp-json\/wp\/v2\/posts\/22801","targetHints":{"allow":["GET"]}}],"collection":[{"href":"https:\/\/www.mpc.pr.gov.br\/index.php\/wp-json\/wp\/v2\/posts"}],"about":[{"href":"https:\/\/www.mpc.pr.gov.br\/index.php\/wp-json\/wp\/v2\/types\/post"}],"author":[{"embeddable":true,"href":"https:\/\/www.mpc.pr.gov.br\/index.php\/wp-json\/wp\/v2\/users\/1"}],"replies":[{"embeddable":true,"href":"https:\/\/www.mpc.pr.gov.br\/index.php\/wp-json\/wp\/v2\/comments?post=22801"}],"version-history":[{"count":3,"href":"https:\/\/www.mpc.pr.gov.br\/index.php\/wp-json\/wp\/v2\/posts\/22801\/revisions"}],"predecessor-version":[{"id":22810,"href":"https:\/\/www.mpc.pr.gov.br\/index.php\/wp-json\/wp\/v2\/posts\/22801\/revisions\/22810"}],"wp:featuredmedia":[{"embeddable":true,"href":"https:\/\/www.mpc.pr.gov.br\/index.php\/wp-json\/wp\/v2\/media\/22805"}],"wp:attachment":[{"href":"https:\/\/www.mpc.pr.gov.br\/index.php\/wp-json\/wp\/v2\/media?parent=22801"}],"wp:term":[{"taxonomy":"category","embeddable":true,"href":"https:\/\/www.mpc.pr.gov.br\/index.php\/wp-json\/wp\/v2\/categories?post=22801"},{"taxonomy":"post_tag","embeddable":true,"href":"https:\/\/www.mpc.pr.gov.br\/index.php\/wp-json\/wp\/v2\/tags?post=22801"}],"curies":[{"name":"wp","href":"https:\/\/api.w.org\/{rel}","templated":true}]}}