{"id":22834,"date":"2025-03-24T18:09:03","date_gmt":"2025-03-24T21:09:03","guid":{"rendered":"https:\/\/www.mpc.pr.gov.br\/?p=22834"},"modified":"2025-04-01T13:57:18","modified_gmt":"2025-04-01T16:57:18","slug":"curso-do-mpc-pr-capacita-servidores-sobre-atividades-de-inteligencia-e-gestao-de-sigilos","status":"publish","type":"post","link":"https:\/\/www.mpc.pr.gov.br\/index.php\/curso-do-mpc-pr-capacita-servidores-sobre-atividades-de-inteligencia-e-gestao-de-sigilos\/","title":{"rendered":"Curso do MPC-PR capacita servidores sobre  \u201cAtividades de Intelig\u00eancia e Gest\u00e3o de Sigilos\u201d"},"content":{"rendered":"<p><span data-contrast=\"none\"><img fetchpriority=\"high\" decoding=\"async\" class=\"size-medium wp-image-22835 alignleft\" src=\"https:\/\/www.mpc.pr.gov.br\/wp-content\/uploads\/2025\/03\/Capa-Curso-Inteligencia-e-Gestao-de-Sigilos-300x169.png\" alt=\"\" width=\"300\" height=\"169\" srcset=\"https:\/\/www.mpc.pr.gov.br\/wp-content\/uploads\/2025\/03\/Capa-Curso-Inteligencia-e-Gestao-de-Sigilos-300x169.png 300w, https:\/\/www.mpc.pr.gov.br\/wp-content\/uploads\/2025\/03\/Capa-Curso-Inteligencia-e-Gestao-de-Sigilos-1024x576.png 1024w, https:\/\/www.mpc.pr.gov.br\/wp-content\/uploads\/2025\/03\/Capa-Curso-Inteligencia-e-Gestao-de-Sigilos-768x432.png 768w, https:\/\/www.mpc.pr.gov.br\/wp-content\/uploads\/2025\/03\/Capa-Curso-Inteligencia-e-Gestao-de-Sigilos-1536x864.png 1536w, https:\/\/www.mpc.pr.gov.br\/wp-content\/uploads\/2025\/03\/Capa-Curso-Inteligencia-e-Gestao-de-Sigilos-800x450.png 800w, https:\/\/www.mpc.pr.gov.br\/wp-content\/uploads\/2025\/03\/Capa-Curso-Inteligencia-e-Gestao-de-Sigilos.png 1920w\" sizes=\"(max-width: 300px) 100vw, 300px\" \/>Na \u00faltima sexta-feira (21 de mar\u00e7o), o Minist\u00e9rio P\u00fablico de Contas do Paran\u00e1 (MPC-PR) realizou o curso <\/span><i><span data-contrast=\"none\">online<\/span><\/i><span data-contrast=\"none\"> &#8220;<\/span><b><span data-contrast=\"none\">Atividades de Intelig\u00eancia e Gest\u00e3o de Sigilos<\/span><\/b><span data-contrast=\"none\">&#8220;, ministrado pelo especialista <a href=\"https:\/\/www.mpc.pr.gov.br\/wp-content\/uploads\/2025\/03\/Curriculo-Claudio-Andrade-Rego.pdf\">Cl\u00e1udio Andrade R\u00eago<\/a>. <\/span><span data-contrast=\"none\">O evento contou com mais de 110 participantes, dentre<\/span><span data-contrast=\"none\"> membros e servidores dos Minist\u00e9rios P\u00fablicos de Contas (MPCs) de 21 Estados e do Distrito Federal.<\/span><span data-ccp-props=\"{&quot;201341983&quot;:0,&quot;335551550&quot;:6,&quot;335551620&quot;:6,&quot;335559740&quot;:360}\">\u00a0<\/span><\/p>\n<p><span data-contrast=\"none\">A capacita\u00e7\u00e3o inaugurou o programa<\/span><b><span data-contrast=\"none\"> Trilhas de Forma\u00e7\u00e3o e Especializa\u00e7\u00e3o Avan\u00e7ada<\/span><\/b><span data-contrast=\"none\">, uma iniciativa da atual gest\u00e3o do Procurador-Geral Gabriel Guy L\u00e9ger. Estruturado em tr\u00eas \u00e1reas de conhecimento \u2013 Intelig\u00eancia, Inova\u00e7\u00e3o e Intelig\u00eancia Artificial e Transforma\u00e7\u00e3o Digital \u2013, o programa tem como objetivo promover a capacita\u00e7\u00e3o e a atualiza\u00e7\u00e3o cont\u00ednua dos profissionais que integram os Minist\u00e9rios P\u00fablicos de Contas, preparando-os para os desafios contempor\u00e2neos no controle e fiscaliza\u00e7\u00e3o dos recursos p\u00fablicos.\u00a0\u00a0<\/span><span data-ccp-props=\"{&quot;134233117&quot;:false,&quot;134233118&quot;:false,&quot;201341983&quot;:0,&quot;335551550&quot;:6,&quot;335551620&quot;:6,&quot;335559685&quot;:0,&quot;335559738&quot;:0,&quot;335559739&quot;:160,&quot;335559740&quot;:360}\">\u00a0<\/span><\/p>\n<p><span data-contrast=\"none\">Durante a abertura do evento, o Procurador-Geral do MPC-PR agradeceu a Diretora do MPC-PR, Barbara Krysttal Motta Almeida Reis, pela idealiza\u00e7\u00e3o do programa e pela escolha da tem\u00e1tica do primeiro curso, destacando a import\u00e2ncia de as institui\u00e7\u00f5es buscarem o desenvolvimento de a\u00e7\u00f5es inovadoras, visando o fortalecimento e aprimoramento de suas atividades.<\/span><span data-ccp-props=\"{&quot;201341983&quot;:0,&quot;335551550&quot;:6,&quot;335551620&quot;:6,&quot;335559740&quot;:360}\">\u00a0<\/span><\/p>\n<p><span data-contrast=\"none\">L\u00e9ger tamb\u00e9m agradeceu ao professor Cl\u00e1udio Andrade R\u00eago por ter <\/span><span data-contrast=\"none\">aceito<\/span><span data-contrast=\"none\"> o convite e por compartilhar um pouco da sua expertise na \u00e1rea de intelig\u00eancia estrat\u00e9gica e seguran\u00e7a da informa\u00e7\u00e3o, conhecimentos esses que s\u00e3o essenciais para uma fiscaliza\u00e7\u00e3o cada vez mais eficiente.<\/span><span data-ccp-props=\"{&quot;134233117&quot;:false,&quot;134233118&quot;:false,&quot;201341983&quot;:0,&quot;335551550&quot;:6,&quot;335551620&quot;:6,&quot;335559685&quot;:0,&quot;335559737&quot;:0,&quot;335559738&quot;:0,&quot;335559739&quot;:160,&quot;335559740&quot;:360}\">\u00a0<\/span><\/p>\n<p><span data-contrast=\"none\">O Coordenador do N\u00facleo de Apoio Estrat\u00e9gicas (NAE) do MPC-PR, Fernando Aquino Scaliante, tamb\u00e9m participou do evento, tra\u00e7ando um panorama dos trabalhos na \u00e1rea de intelig\u00eancia desenvolvidos pela institui\u00e7\u00e3o nos \u00faltimos anos. Exemplo desta atua\u00e7\u00e3o s\u00e3o os projetos especiais de fiscaliza\u00e7\u00e3o e acompanhamento na \u00e1rea da sa\u00fade, educa\u00e7\u00e3o, meio ambiente e gest\u00e3o de recursos p\u00fablicos, os quais envolvem o levantamento e cruzamento de dados, cria\u00e7\u00e3o de metodologias avan\u00e7adas para identificar padr\u00f5es e mapeamento de riscos para antecipar cen\u00e1rios que possam comprometer a boa governan\u00e7a p\u00fablica.\u00a0\u00a0<\/span><span data-ccp-props=\"{&quot;201341983&quot;:0,&quot;335551550&quot;:6,&quot;335551620&quot;:6,&quot;335559740&quot;:360}\">\u00a0<\/span><\/p>\n<p><b><span data-contrast=\"none\">A Import\u00e2ncia da Intelig\u00eancia e Gest\u00e3o de Sigilos no Setor P\u00fablico<\/span><\/b><span data-ccp-props=\"{&quot;201341983&quot;:0,&quot;335551550&quot;:6,&quot;335551620&quot;:6,&quot;335559740&quot;:360}\">\u00a0<\/span><\/p>\n<p><span data-contrast=\"none\"><img decoding=\"async\" class=\"size-medium wp-image-22840 alignleft\" src=\"https:\/\/www.mpc.pr.gov.br\/wp-content\/uploads\/2025\/03\/image-e1742850272390-300x170.png\" alt=\"\" width=\"300\" height=\"170\" srcset=\"https:\/\/www.mpc.pr.gov.br\/wp-content\/uploads\/2025\/03\/image-e1742850272390-300x170.png 300w, https:\/\/www.mpc.pr.gov.br\/wp-content\/uploads\/2025\/03\/image-e1742850272390-1024x582.png 1024w, https:\/\/www.mpc.pr.gov.br\/wp-content\/uploads\/2025\/03\/image-e1742850272390-768x436.png 768w, https:\/\/www.mpc.pr.gov.br\/wp-content\/uploads\/2025\/03\/image-e1742850272390-800x450.png 800w, https:\/\/www.mpc.pr.gov.br\/wp-content\/uploads\/2025\/03\/image-e1742850272390.png 1333w\" sizes=\"(max-width: 300px) 100vw, 300px\" \/>As institui\u00e7\u00f5es p\u00fablicas e seus respectivos gestores lidam diariamente com informa\u00e7\u00f5es sens\u00edveis e a necessidade de tomar decis\u00f5es que <\/span><span data-contrast=\"none\">impactam<\/span><span data-contrast=\"none\"> diretamente a sociedade.\u00a0 Nesse contexto, a implementa\u00e7\u00e3o de pr\u00e1ticas estrat\u00e9gicas de intelig\u00eancia e gest\u00e3o de informa\u00e7\u00e3o e de sigilos \u00e9 essencial para assegurar <\/span><span data-contrast=\"auto\">a integridade da Administra\u00e7\u00e3o P\u00fablica.<\/span><span data-ccp-props=\"{&quot;201341983&quot;:0,&quot;335551550&quot;:6,&quot;335551620&quot;:6,&quot;335559740&quot;:360}\">\u00a0<\/span><\/p>\n<p><span data-contrast=\"auto\">Esse foi um dos temas destacados pelo professor Cl\u00e1udio Andrade R\u00eago, e<\/span><span data-contrast=\"none\">specialista em guerra cibern\u00e9tica, intelig\u00eancia estrat\u00e9gica, gest\u00e3o de sigilos e seguran\u00e7a da informa\u00e7\u00e3o.\u00a0 Atualmente ele lidera o N\u00facleo de Estudos em Gest\u00e3o de Sigilos no Grupo de Pesquisa sediado pelo Conselho Nacional de Desenvolvimento Cient\u00edfico e Tecnol\u00f3gico (CNPq), <\/span><span data-contrast=\"none\">al\u00e9m de ser<\/span><span data-contrast=\"none\"> fundador e presidente do Conselho de Administra\u00e7\u00e3o do Cap\u00edtulo Brasil da Associa\u00e7\u00e3o Internacional para Educa\u00e7\u00e3o em Intelig\u00eancia; Diretor do Centro de Instru\u00e7\u00e3o de Gest\u00e3o de Sigilos e membro da Funda\u00e7\u00e3o de Altos Estudos de Pol\u00edtica e Estrat\u00e9gia (FAEPE), localizada na Escola Superior de Guerra. [<a href=\"https:\/\/www.mpc.pr.gov.br\/wp-content\/uploads\/2025\/03\/Curriculo-Claudio-Andrade-Rego.pdf\">Confira o curr\u00edculo completo do palestrante.<\/a>]<\/span><span data-ccp-props=\"{&quot;201341983&quot;:0,&quot;335551550&quot;:6,&quot;335551620&quot;:6,&quot;335559740&quot;:360}\">\u00a0<\/span><\/p>\n<p><span data-contrast=\"none\">Com uma vasta experi\u00eancia com mais de 28 anos de atua\u00e7\u00e3o na \u00e1rea, o professor enfatizou que a intelig\u00eancia estrat\u00e9gica vai al\u00e9m da simples coleta de dados, pois envolve a capacidade de transformar informa\u00e7\u00f5es em conhecimento \u00fatil para a tomada de decis\u00f5es. Para ele, o que n\u00e3o sabemos muitas vezes \u00e9 mais relevante do que aquilo que j\u00e1 sabemos, principalmente em situa\u00e7\u00f5es incertas.\u00a0<\/span><span data-ccp-props=\"{&quot;201341983&quot;:0,&quot;335551550&quot;:6,&quot;335551620&quot;:6,&quot;335559740&quot;:360}\">\u00a0<\/span><\/p>\n<p><span data-contrast=\"none\">Essa abordagem vai ao encontro do conceito da chamada &#8220;L\u00f3gica do Quarto Quadrante&#8221;, m\u00e9todo que visa ressignificar como as pessoas e institui\u00e7\u00f5es lidam com a ignor\u00e2ncia, transformando essa aparente \u201cfalha\u201d em uma oportunidade de evoluir o modo como pensam, possibilitando assim abordagens mais criativas e inovadoras para solu\u00e7\u00e3o de problemas complexos e tomadas de decis\u00f5es.\u00a0<\/span><span data-ccp-props=\"{&quot;201341983&quot;:0,&quot;335551550&quot;:6,&quot;335551620&quot;:6,&quot;335559740&quot;:360}\">\u00a0<\/span><\/p>\n<p><span data-contrast=\"none\">Nessa esteira, outro ponto destacado por Cl\u00e1udio Andrade R\u00eago foi o excesso de informa\u00e7\u00f5es sobre as quais temos acesso atualmente e como as equipes que assessoram os tomadores de decis\u00f5es podem atuar para apresentar essas informa\u00e7\u00f5es de forma mais estrat\u00e9gica. <\/span><span data-contrast=\"none\">Uma boa pr\u00e1tica \u00e9 preparar um informe e debat\u00ea-lo entre a equipe logo no in\u00edcio do dia, cuidando com as nomenclaturas utilizadas, legisla\u00e7\u00e3o e doutrinas relacionadas ao caso.\u00a0<\/span><span data-ccp-props=\"{&quot;134233117&quot;:false,&quot;134233118&quot;:false,&quot;201341983&quot;:0,&quot;335551550&quot;:6,&quot;335551620&quot;:6,&quot;335559685&quot;:0,&quot;335559737&quot;:0,&quot;335559738&quot;:0,&quot;335559739&quot;:160,&quot;335559740&quot;:360}\">\u00a0<\/span><\/p>\n<p><span data-contrast=\"none\">Para tanto, usando como base um exemplo de relat\u00f3rio, ele destacou que o documento deve ser curto e objetivo, muitas vezes de apenas uma p\u00e1gina, o qual al\u00e9m das informa\u00e7\u00f5es que contextualizam o problema, j\u00e1 ofere\u00e7a recomenda\u00e7\u00f5es e linhas de a\u00e7\u00e3o para que seja poss\u00edvel tomar a decis\u00e3o de forma \u00e1gil e alinhada aos interesses da institui\u00e7\u00e3o.\u00a0<\/span><span data-ccp-props=\"{&quot;134233117&quot;:false,&quot;134233118&quot;:false,&quot;201341983&quot;:0,&quot;335551550&quot;:6,&quot;335551620&quot;:6,&quot;335559685&quot;:0,&quot;335559737&quot;:0,&quot;335559738&quot;:0,&quot;335559739&quot;:160,&quot;335559740&quot;:360}\">\u00a0<\/span><\/p>\n<p><span data-contrast=\"none\">Em outro momento da apresenta\u00e7\u00e3o, Cl\u00e1udio destacou a exist\u00eancia da Rede Nacional de Informa\u00e7\u00f5es Estrat\u00e9gicas para o Controle Externo do Instituto Rui Barbosa (IRB) dos Tribunais de Contas, que tem como objetivo a coopera\u00e7\u00e3o t\u00e9cnica e ao interc\u00e2mbio de dados e conhecimentos, no interesse das atividades de Intelig\u00eancia de Controle Externo. Como exemplo, citou as diferen\u00e7as que existem entre integrar informa\u00e7\u00f5es externas e coordenar informa\u00e7\u00f5es internas, de modo que ambas devem ser consideradas pelas institui\u00e7\u00f5es de controle, buscando aprimoramento constante.\u00a0<\/span><span data-ccp-props=\"{&quot;134233117&quot;:false,&quot;134233118&quot;:false,&quot;201341983&quot;:0,&quot;335551550&quot;:6,&quot;335551620&quot;:6,&quot;335559685&quot;:0,&quot;335559737&quot;:0,&quot;335559738&quot;:0,&quot;335559739&quot;:160,&quot;335559740&quot;:360}\">\u00a0<\/span><\/p>\n<p><span data-contrast=\"none\">Ao final do curso, os participantes tiveram puderam realizar perguntas, das quais se destacou a import\u00e2ncia de saber preparar documentos (como relat\u00f3rios), levando em considera\u00e7\u00e3o n\u00e3o apenas o seu conte\u00fado, mas tamb\u00e9m a quem ele ser\u00e1 enviado.\u00a0<\/span><span data-ccp-props=\"{&quot;134233117&quot;:false,&quot;134233118&quot;:false,&quot;201341983&quot;:0,&quot;335551550&quot;:6,&quot;335551620&quot;:6,&quot;335559685&quot;:0,&quot;335559737&quot;:0,&quot;335559738&quot;:0,&quot;335559739&quot;:160,&quot;335559740&quot;:360}\">\u00a0<\/span><\/p>\n<p><span data-contrast=\"auto\">Al\u00e9m dos conceitos abordados, o professor disponibilizou uma vasta bibliografia para aprofundamento, proporcionando aos participantes uma vis\u00e3o abrangente sobre as melhores pr\u00e1ticas na \u00e1rea de gest\u00e3o de sigilo e intelig\u00eancia, <\/span><span data-contrast=\"none\">oportunidade em que ressaltou <\/span><span data-contrast=\"auto\">que a capacita\u00e7\u00e3o cont\u00ednua \u00e9 essencial para que os MPCs aprimorem suas fun\u00e7\u00f5es de fiscaliza\u00e7\u00e3o e controle.<\/span><span data-ccp-props=\"{&quot;134233117&quot;:false,&quot;134233118&quot;:false,&quot;201341983&quot;:0,&quot;335551550&quot;:6,&quot;335551620&quot;:6,&quot;335559685&quot;:0,&quot;335559737&quot;:0,&quot;335559738&quot;:0,&quot;335559739&quot;:160,&quot;335559740&quot;:360}\">\u00a0<\/span><\/p>\n<p><span data-contrast=\"auto\"><img decoding=\"async\" class=\"alignleft wp-image-22838 size-thumbnail\" src=\"https:\/\/www.mpc.pr.gov.br\/wp-content\/uploads\/2025\/03\/Tela-de-Fundo-Eventos-e1742847183166-150x150.png\" alt=\"\" width=\"150\" height=\"150\" srcset=\"https:\/\/www.mpc.pr.gov.br\/wp-content\/uploads\/2025\/03\/Tela-de-Fundo-Eventos-e1742847183166-150x150.png 150w, https:\/\/www.mpc.pr.gov.br\/wp-content\/uploads\/2025\/03\/Tela-de-Fundo-Eventos-e1742847183166-300x300.png 300w, https:\/\/www.mpc.pr.gov.br\/wp-content\/uploads\/2025\/03\/Tela-de-Fundo-Eventos-e1742847183166-768x768.png 768w, https:\/\/www.mpc.pr.gov.br\/wp-content\/uploads\/2025\/03\/Tela-de-Fundo-Eventos-e1742847183166-600x600.png 600w, https:\/\/www.mpc.pr.gov.br\/wp-content\/uploads\/2025\/03\/Tela-de-Fundo-Eventos-e1742847183166.png 886w\" sizes=\"(max-width: 150px) 100vw, 150px\" \/>Os slides contendo a apresenta\u00e7\u00e3o completa do professor Cl\u00e1udio Andrade R\u00eago est\u00e3o dispon\u00edveis <a href=\"https:\/\/www.mpc.pr.gov.br\/wp-content\/uploads\/2025\/03\/Atividades-de-Inteligencia-e-Gestao-de-Sigilos-Distribuicao-Autorizada.pdf\">clicando aqui<\/a> ou acessando o QR-code ao lado.<\/span><\/p>\n","protected":false},"excerpt":{"rendered":"<p>Na \u00faltima sexta-feira (21 de mar\u00e7o), o Minist\u00e9rio P\u00fablico de Contas do Paran\u00e1 (MPC-PR) realizou o curso online &#8220;Atividades de Intelig\u00eancia e Gest\u00e3o de Sigilos&#8220;, ministrado pelo especialista Cl\u00e1udio Andrade R\u00eago. O evento contou com mais de 110 participantes, dentre membros e servidores dos Minist\u00e9rios P\u00fablicos de Contas (MPCs) de 21 Estados e do Distrito [&hellip;]<\/p>\n","protected":false},"author":1,"featured_media":22835,"comment_status":"open","ping_status":"open","sticky":false,"template":"","format":"standard","meta":{"_monsterinsights_skip_tracking":false,"_monsterinsights_sitenote_active":false,"_monsterinsights_sitenote_note":"","_monsterinsights_sitenote_category":0,"footnotes":""},"categories":[7],"tags":[475,37,712,711,13,713],"class_list":["post-22834","post","type-post","status-publish","format-standard","has-post-thumbnail","hentry","category-todas-as-noticias","tag-capacitacao","tag-curso","tag-gestao-de-sigilos","tag-inteligencia","tag-mpc-pr","tag-programa-trilhas-de-formacao-e-especializacao-avancada","entry","has-media"],"yoast_head":"<!-- This site is optimized with the Yoast SEO plugin v27.3 - https:\/\/yoast.com\/product\/yoast-seo-wordpress\/ -->\n<title>Curso do MPC-PR capacita servidores sobre \u201cAtividades de Intelig\u00eancia e Gest\u00e3o de Sigilos\u201d - Minist\u00e9rio P\u00fablico de Contas do Estado do Paran\u00e1<\/title>\n<meta name=\"robots\" content=\"index, follow, max-snippet:-1, max-image-preview:large, max-video-preview:-1\" \/>\n<link rel=\"canonical\" href=\"https:\/\/www.mpc.pr.gov.br\/index.php\/curso-do-mpc-pr-capacita-servidores-sobre-atividades-de-inteligencia-e-gestao-de-sigilos\/\" \/>\n<meta property=\"og:locale\" content=\"pt_BR\" \/>\n<meta property=\"og:type\" content=\"article\" \/>\n<meta property=\"og:title\" content=\"Curso do MPC-PR capacita servidores sobre \u201cAtividades de Intelig\u00eancia e Gest\u00e3o de Sigilos\u201d - Minist\u00e9rio P\u00fablico de Contas do Estado do Paran\u00e1\" \/>\n<meta property=\"og:description\" content=\"Na \u00faltima sexta-feira (21 de mar\u00e7o), o Minist\u00e9rio P\u00fablico de Contas do Paran\u00e1 (MPC-PR) realizou o curso online &#8220;Atividades de Intelig\u00eancia e Gest\u00e3o de Sigilos&#8220;, ministrado pelo especialista Cl\u00e1udio Andrade R\u00eago. O evento contou com mais de 110 participantes, dentre membros e servidores dos Minist\u00e9rios P\u00fablicos de Contas (MPCs) de 21 Estados e do Distrito [&hellip;]\" \/>\n<meta property=\"og:url\" content=\"https:\/\/www.mpc.pr.gov.br\/index.php\/curso-do-mpc-pr-capacita-servidores-sobre-atividades-de-inteligencia-e-gestao-de-sigilos\/\" \/>\n<meta property=\"og:site_name\" content=\"Minist\u00e9rio P\u00fablico de Contas do Estado do Paran\u00e1\" \/>\n<meta property=\"article:publisher\" content=\"https:\/\/www.facebook.com\/mpc.pr\" \/>\n<meta property=\"article:published_time\" content=\"2025-03-24T21:09:03+00:00\" \/>\n<meta property=\"article:modified_time\" content=\"2025-04-01T16:57:18+00:00\" \/>\n<meta property=\"og:image\" content=\"https:\/\/www.mpc.pr.gov.br\/wp-content\/uploads\/2025\/03\/Capa-Curso-Inteligencia-e-Gestao-de-Sigilos.png\" \/>\n\t<meta property=\"og:image:width\" content=\"1920\" \/>\n\t<meta property=\"og:image:height\" content=\"1080\" \/>\n\t<meta property=\"og:image:type\" content=\"image\/png\" \/>\n<meta name=\"author\" content=\"mpcontaspr\" \/>\n<meta name=\"twitter:card\" content=\"summary_large_image\" \/>\n<meta name=\"twitter:label1\" content=\"Escrito por\" \/>\n\t<meta name=\"twitter:data1\" content=\"mpcontaspr\" \/>\n\t<meta name=\"twitter:label2\" content=\"Est. tempo de leitura\" \/>\n\t<meta name=\"twitter:data2\" content=\"6 minutos\" \/>\n<script type=\"application\/ld+json\" class=\"yoast-schema-graph\">{\"@context\":\"https:\\\/\\\/schema.org\",\"@graph\":[{\"@type\":\"Article\",\"@id\":\"https:\\\/\\\/www.mpc.pr.gov.br\\\/index.php\\\/curso-do-mpc-pr-capacita-servidores-sobre-atividades-de-inteligencia-e-gestao-de-sigilos\\\/#article\",\"isPartOf\":{\"@id\":\"https:\\\/\\\/www.mpc.pr.gov.br\\\/index.php\\\/curso-do-mpc-pr-capacita-servidores-sobre-atividades-de-inteligencia-e-gestao-de-sigilos\\\/\"},\"author\":{\"name\":\"mpcontaspr\",\"@id\":\"https:\\\/\\\/www.mpc.pr.gov.br\\\/#\\\/schema\\\/person\\\/2d83cb8980538d0ec174e8a6284f5e11\"},\"headline\":\"Curso do MPC-PR capacita servidores sobre \u201cAtividades de Intelig\u00eancia e Gest\u00e3o de Sigilos\u201d\",\"datePublished\":\"2025-03-24T21:09:03+00:00\",\"dateModified\":\"2025-04-01T16:57:18+00:00\",\"mainEntityOfPage\":{\"@id\":\"https:\\\/\\\/www.mpc.pr.gov.br\\\/index.php\\\/curso-do-mpc-pr-capacita-servidores-sobre-atividades-de-inteligencia-e-gestao-de-sigilos\\\/\"},\"wordCount\":1074,\"commentCount\":1,\"publisher\":{\"@id\":\"https:\\\/\\\/www.mpc.pr.gov.br\\\/#organization\"},\"image\":{\"@id\":\"https:\\\/\\\/www.mpc.pr.gov.br\\\/index.php\\\/curso-do-mpc-pr-capacita-servidores-sobre-atividades-de-inteligencia-e-gestao-de-sigilos\\\/#primaryimage\"},\"thumbnailUrl\":\"https:\\\/\\\/www.mpc.pr.gov.br\\\/wp-content\\\/uploads\\\/2025\\\/03\\\/Capa-Curso-Inteligencia-e-Gestao-de-Sigilos.png\",\"keywords\":[\"Capacita\u00e7\u00e3o\",\"Curso\",\"Gest\u00e3o de Sigilos\",\"Intelig\u00eancia\",\"MPC-PR\",\"Programa Trilhas de Forma\u00e7\u00e3o e Especializa\u00e7\u00e3o Avan\u00e7ada\"],\"articleSection\":[\"Todas as not\u00edcias\"],\"inLanguage\":\"pt-BR\",\"potentialAction\":[{\"@type\":\"CommentAction\",\"name\":\"Comment\",\"target\":[\"https:\\\/\\\/www.mpc.pr.gov.br\\\/index.php\\\/curso-do-mpc-pr-capacita-servidores-sobre-atividades-de-inteligencia-e-gestao-de-sigilos\\\/#respond\"]}]},{\"@type\":\"WebPage\",\"@id\":\"https:\\\/\\\/www.mpc.pr.gov.br\\\/index.php\\\/curso-do-mpc-pr-capacita-servidores-sobre-atividades-de-inteligencia-e-gestao-de-sigilos\\\/\",\"url\":\"https:\\\/\\\/www.mpc.pr.gov.br\\\/index.php\\\/curso-do-mpc-pr-capacita-servidores-sobre-atividades-de-inteligencia-e-gestao-de-sigilos\\\/\",\"name\":\"Curso do MPC-PR capacita servidores sobre \u201cAtividades de Intelig\u00eancia e Gest\u00e3o de Sigilos\u201d - Minist\u00e9rio P\u00fablico de Contas do Estado do Paran\u00e1\",\"isPartOf\":{\"@id\":\"https:\\\/\\\/www.mpc.pr.gov.br\\\/#website\"},\"primaryImageOfPage\":{\"@id\":\"https:\\\/\\\/www.mpc.pr.gov.br\\\/index.php\\\/curso-do-mpc-pr-capacita-servidores-sobre-atividades-de-inteligencia-e-gestao-de-sigilos\\\/#primaryimage\"},\"image\":{\"@id\":\"https:\\\/\\\/www.mpc.pr.gov.br\\\/index.php\\\/curso-do-mpc-pr-capacita-servidores-sobre-atividades-de-inteligencia-e-gestao-de-sigilos\\\/#primaryimage\"},\"thumbnailUrl\":\"https:\\\/\\\/www.mpc.pr.gov.br\\\/wp-content\\\/uploads\\\/2025\\\/03\\\/Capa-Curso-Inteligencia-e-Gestao-de-Sigilos.png\",\"datePublished\":\"2025-03-24T21:09:03+00:00\",\"dateModified\":\"2025-04-01T16:57:18+00:00\",\"breadcrumb\":{\"@id\":\"https:\\\/\\\/www.mpc.pr.gov.br\\\/index.php\\\/curso-do-mpc-pr-capacita-servidores-sobre-atividades-de-inteligencia-e-gestao-de-sigilos\\\/#breadcrumb\"},\"inLanguage\":\"pt-BR\",\"potentialAction\":[{\"@type\":\"ReadAction\",\"target\":[\"https:\\\/\\\/www.mpc.pr.gov.br\\\/index.php\\\/curso-do-mpc-pr-capacita-servidores-sobre-atividades-de-inteligencia-e-gestao-de-sigilos\\\/\"]}]},{\"@type\":\"ImageObject\",\"inLanguage\":\"pt-BR\",\"@id\":\"https:\\\/\\\/www.mpc.pr.gov.br\\\/index.php\\\/curso-do-mpc-pr-capacita-servidores-sobre-atividades-de-inteligencia-e-gestao-de-sigilos\\\/#primaryimage\",\"url\":\"https:\\\/\\\/www.mpc.pr.gov.br\\\/wp-content\\\/uploads\\\/2025\\\/03\\\/Capa-Curso-Inteligencia-e-Gestao-de-Sigilos.png\",\"contentUrl\":\"https:\\\/\\\/www.mpc.pr.gov.br\\\/wp-content\\\/uploads\\\/2025\\\/03\\\/Capa-Curso-Inteligencia-e-Gestao-de-Sigilos.png\",\"width\":1920,\"height\":1080},{\"@type\":\"BreadcrumbList\",\"@id\":\"https:\\\/\\\/www.mpc.pr.gov.br\\\/index.php\\\/curso-do-mpc-pr-capacita-servidores-sobre-atividades-de-inteligencia-e-gestao-de-sigilos\\\/#breadcrumb\",\"itemListElement\":[{\"@type\":\"ListItem\",\"position\":1,\"name\":\"In\u00edcio\",\"item\":\"https:\\\/\\\/www.mpc.pr.gov.br\\\/\"},{\"@type\":\"ListItem\",\"position\":2,\"name\":\"Curso do MPC-PR capacita servidores sobre \u201cAtividades de Intelig\u00eancia e Gest\u00e3o de Sigilos\u201d\"}]},{\"@type\":\"WebSite\",\"@id\":\"https:\\\/\\\/www.mpc.pr.gov.br\\\/#website\",\"url\":\"https:\\\/\\\/www.mpc.pr.gov.br\\\/\",\"name\":\"Minist\u00e9rio P\u00fablico de Contas do Estado do Paran\u00e1\",\"description\":\"\",\"publisher\":{\"@id\":\"https:\\\/\\\/www.mpc.pr.gov.br\\\/#organization\"},\"potentialAction\":[{\"@type\":\"SearchAction\",\"target\":{\"@type\":\"EntryPoint\",\"urlTemplate\":\"https:\\\/\\\/www.mpc.pr.gov.br\\\/?s={search_term_string}\"},\"query-input\":{\"@type\":\"PropertyValueSpecification\",\"valueRequired\":true,\"valueName\":\"search_term_string\"}}],\"inLanguage\":\"pt-BR\"},{\"@type\":\"Organization\",\"@id\":\"https:\\\/\\\/www.mpc.pr.gov.br\\\/#organization\",\"name\":\"Minist\u00e9rio P\u00fablico de Contas do Estado do Paran\u00e1\",\"url\":\"https:\\\/\\\/www.mpc.pr.gov.br\\\/\",\"logo\":{\"@type\":\"ImageObject\",\"inLanguage\":\"pt-BR\",\"@id\":\"https:\\\/\\\/www.mpc.pr.gov.br\\\/#\\\/schema\\\/logo\\\/image\\\/\",\"url\":\"https:\\\/\\\/www.mpc.pr.gov.br\\\/wp-content\\\/uploads\\\/2020\\\/06\\\/99423647_1593460364143890_6706793420720963584_n-1-e1591387983167.png\",\"contentUrl\":\"https:\\\/\\\/www.mpc.pr.gov.br\\\/wp-content\\\/uploads\\\/2020\\\/06\\\/99423647_1593460364143890_6706793420720963584_n-1-e1591387983167.png\",\"width\":243,\"height\":73,\"caption\":\"Minist\u00e9rio P\u00fablico de Contas do Estado do Paran\u00e1\"},\"image\":{\"@id\":\"https:\\\/\\\/www.mpc.pr.gov.br\\\/#\\\/schema\\\/logo\\\/image\\\/\"},\"sameAs\":[\"https:\\\/\\\/www.facebook.com\\\/mpc.pr\",\"https:\\\/\\\/www.instagram.com\\\/mpc.pr\\\/?hl=pt-br\",\"https:\\\/\\\/www.youtube.com\\\/channel\\\/UCHri5oEM8DV0ztX57E0sBSw\"]},{\"@type\":\"Person\",\"@id\":\"https:\\\/\\\/www.mpc.pr.gov.br\\\/#\\\/schema\\\/person\\\/2d83cb8980538d0ec174e8a6284f5e11\",\"name\":\"mpcontaspr\",\"image\":{\"@type\":\"ImageObject\",\"inLanguage\":\"pt-BR\",\"@id\":\"https:\\\/\\\/secure.gravatar.com\\\/avatar\\\/1aef51541db7622e05fd639336c9c9f312c2a618396e2b6ca96846362fc5403f?s=96&d=mm&r=g\",\"url\":\"https:\\\/\\\/secure.gravatar.com\\\/avatar\\\/1aef51541db7622e05fd639336c9c9f312c2a618396e2b6ca96846362fc5403f?s=96&d=mm&r=g\",\"contentUrl\":\"https:\\\/\\\/secure.gravatar.com\\\/avatar\\\/1aef51541db7622e05fd639336c9c9f312c2a618396e2b6ca96846362fc5403f?s=96&d=mm&r=g\",\"caption\":\"mpcontaspr\"},\"sameAs\":[\"http:\\\/\\\/www.mpc.pr.gov.br\"]}]}<\/script>\n<!-- \/ Yoast SEO plugin. -->","yoast_head_json":{"title":"Curso do MPC-PR capacita servidores sobre \u201cAtividades de Intelig\u00eancia e Gest\u00e3o de Sigilos\u201d - Minist\u00e9rio P\u00fablico de Contas do Estado do Paran\u00e1","robots":{"index":"index","follow":"follow","max-snippet":"max-snippet:-1","max-image-preview":"max-image-preview:large","max-video-preview":"max-video-preview:-1"},"canonical":"https:\/\/www.mpc.pr.gov.br\/index.php\/curso-do-mpc-pr-capacita-servidores-sobre-atividades-de-inteligencia-e-gestao-de-sigilos\/","og_locale":"pt_BR","og_type":"article","og_title":"Curso do MPC-PR capacita servidores sobre \u201cAtividades de Intelig\u00eancia e Gest\u00e3o de Sigilos\u201d - Minist\u00e9rio P\u00fablico de Contas do Estado do Paran\u00e1","og_description":"Na \u00faltima sexta-feira (21 de mar\u00e7o), o Minist\u00e9rio P\u00fablico de Contas do Paran\u00e1 (MPC-PR) realizou o curso online &#8220;Atividades de Intelig\u00eancia e Gest\u00e3o de Sigilos&#8220;, ministrado pelo especialista Cl\u00e1udio Andrade R\u00eago. O evento contou com mais de 110 participantes, dentre membros e servidores dos Minist\u00e9rios P\u00fablicos de Contas (MPCs) de 21 Estados e do Distrito [&hellip;]","og_url":"https:\/\/www.mpc.pr.gov.br\/index.php\/curso-do-mpc-pr-capacita-servidores-sobre-atividades-de-inteligencia-e-gestao-de-sigilos\/","og_site_name":"Minist\u00e9rio P\u00fablico de Contas do Estado do Paran\u00e1","article_publisher":"https:\/\/www.facebook.com\/mpc.pr","article_published_time":"2025-03-24T21:09:03+00:00","article_modified_time":"2025-04-01T16:57:18+00:00","og_image":[{"width":1920,"height":1080,"url":"https:\/\/www.mpc.pr.gov.br\/wp-content\/uploads\/2025\/03\/Capa-Curso-Inteligencia-e-Gestao-de-Sigilos.png","type":"image\/png"}],"author":"mpcontaspr","twitter_card":"summary_large_image","twitter_misc":{"Escrito por":"mpcontaspr","Est. tempo de leitura":"6 minutos"},"schema":{"@context":"https:\/\/schema.org","@graph":[{"@type":"Article","@id":"https:\/\/www.mpc.pr.gov.br\/index.php\/curso-do-mpc-pr-capacita-servidores-sobre-atividades-de-inteligencia-e-gestao-de-sigilos\/#article","isPartOf":{"@id":"https:\/\/www.mpc.pr.gov.br\/index.php\/curso-do-mpc-pr-capacita-servidores-sobre-atividades-de-inteligencia-e-gestao-de-sigilos\/"},"author":{"name":"mpcontaspr","@id":"https:\/\/www.mpc.pr.gov.br\/#\/schema\/person\/2d83cb8980538d0ec174e8a6284f5e11"},"headline":"Curso do MPC-PR capacita servidores sobre \u201cAtividades de Intelig\u00eancia e Gest\u00e3o de Sigilos\u201d","datePublished":"2025-03-24T21:09:03+00:00","dateModified":"2025-04-01T16:57:18+00:00","mainEntityOfPage":{"@id":"https:\/\/www.mpc.pr.gov.br\/index.php\/curso-do-mpc-pr-capacita-servidores-sobre-atividades-de-inteligencia-e-gestao-de-sigilos\/"},"wordCount":1074,"commentCount":1,"publisher":{"@id":"https:\/\/www.mpc.pr.gov.br\/#organization"},"image":{"@id":"https:\/\/www.mpc.pr.gov.br\/index.php\/curso-do-mpc-pr-capacita-servidores-sobre-atividades-de-inteligencia-e-gestao-de-sigilos\/#primaryimage"},"thumbnailUrl":"https:\/\/www.mpc.pr.gov.br\/wp-content\/uploads\/2025\/03\/Capa-Curso-Inteligencia-e-Gestao-de-Sigilos.png","keywords":["Capacita\u00e7\u00e3o","Curso","Gest\u00e3o de Sigilos","Intelig\u00eancia","MPC-PR","Programa Trilhas de Forma\u00e7\u00e3o e Especializa\u00e7\u00e3o Avan\u00e7ada"],"articleSection":["Todas as not\u00edcias"],"inLanguage":"pt-BR","potentialAction":[{"@type":"CommentAction","name":"Comment","target":["https:\/\/www.mpc.pr.gov.br\/index.php\/curso-do-mpc-pr-capacita-servidores-sobre-atividades-de-inteligencia-e-gestao-de-sigilos\/#respond"]}]},{"@type":"WebPage","@id":"https:\/\/www.mpc.pr.gov.br\/index.php\/curso-do-mpc-pr-capacita-servidores-sobre-atividades-de-inteligencia-e-gestao-de-sigilos\/","url":"https:\/\/www.mpc.pr.gov.br\/index.php\/curso-do-mpc-pr-capacita-servidores-sobre-atividades-de-inteligencia-e-gestao-de-sigilos\/","name":"Curso do MPC-PR capacita servidores sobre \u201cAtividades de Intelig\u00eancia e Gest\u00e3o de Sigilos\u201d - Minist\u00e9rio P\u00fablico de Contas do Estado do Paran\u00e1","isPartOf":{"@id":"https:\/\/www.mpc.pr.gov.br\/#website"},"primaryImageOfPage":{"@id":"https:\/\/www.mpc.pr.gov.br\/index.php\/curso-do-mpc-pr-capacita-servidores-sobre-atividades-de-inteligencia-e-gestao-de-sigilos\/#primaryimage"},"image":{"@id":"https:\/\/www.mpc.pr.gov.br\/index.php\/curso-do-mpc-pr-capacita-servidores-sobre-atividades-de-inteligencia-e-gestao-de-sigilos\/#primaryimage"},"thumbnailUrl":"https:\/\/www.mpc.pr.gov.br\/wp-content\/uploads\/2025\/03\/Capa-Curso-Inteligencia-e-Gestao-de-Sigilos.png","datePublished":"2025-03-24T21:09:03+00:00","dateModified":"2025-04-01T16:57:18+00:00","breadcrumb":{"@id":"https:\/\/www.mpc.pr.gov.br\/index.php\/curso-do-mpc-pr-capacita-servidores-sobre-atividades-de-inteligencia-e-gestao-de-sigilos\/#breadcrumb"},"inLanguage":"pt-BR","potentialAction":[{"@type":"ReadAction","target":["https:\/\/www.mpc.pr.gov.br\/index.php\/curso-do-mpc-pr-capacita-servidores-sobre-atividades-de-inteligencia-e-gestao-de-sigilos\/"]}]},{"@type":"ImageObject","inLanguage":"pt-BR","@id":"https:\/\/www.mpc.pr.gov.br\/index.php\/curso-do-mpc-pr-capacita-servidores-sobre-atividades-de-inteligencia-e-gestao-de-sigilos\/#primaryimage","url":"https:\/\/www.mpc.pr.gov.br\/wp-content\/uploads\/2025\/03\/Capa-Curso-Inteligencia-e-Gestao-de-Sigilos.png","contentUrl":"https:\/\/www.mpc.pr.gov.br\/wp-content\/uploads\/2025\/03\/Capa-Curso-Inteligencia-e-Gestao-de-Sigilos.png","width":1920,"height":1080},{"@type":"BreadcrumbList","@id":"https:\/\/www.mpc.pr.gov.br\/index.php\/curso-do-mpc-pr-capacita-servidores-sobre-atividades-de-inteligencia-e-gestao-de-sigilos\/#breadcrumb","itemListElement":[{"@type":"ListItem","position":1,"name":"In\u00edcio","item":"https:\/\/www.mpc.pr.gov.br\/"},{"@type":"ListItem","position":2,"name":"Curso do MPC-PR capacita servidores sobre \u201cAtividades de Intelig\u00eancia e Gest\u00e3o de Sigilos\u201d"}]},{"@type":"WebSite","@id":"https:\/\/www.mpc.pr.gov.br\/#website","url":"https:\/\/www.mpc.pr.gov.br\/","name":"Minist\u00e9rio P\u00fablico de Contas do Estado do Paran\u00e1","description":"","publisher":{"@id":"https:\/\/www.mpc.pr.gov.br\/#organization"},"potentialAction":[{"@type":"SearchAction","target":{"@type":"EntryPoint","urlTemplate":"https:\/\/www.mpc.pr.gov.br\/?s={search_term_string}"},"query-input":{"@type":"PropertyValueSpecification","valueRequired":true,"valueName":"search_term_string"}}],"inLanguage":"pt-BR"},{"@type":"Organization","@id":"https:\/\/www.mpc.pr.gov.br\/#organization","name":"Minist\u00e9rio P\u00fablico de Contas do Estado do Paran\u00e1","url":"https:\/\/www.mpc.pr.gov.br\/","logo":{"@type":"ImageObject","inLanguage":"pt-BR","@id":"https:\/\/www.mpc.pr.gov.br\/#\/schema\/logo\/image\/","url":"https:\/\/www.mpc.pr.gov.br\/wp-content\/uploads\/2020\/06\/99423647_1593460364143890_6706793420720963584_n-1-e1591387983167.png","contentUrl":"https:\/\/www.mpc.pr.gov.br\/wp-content\/uploads\/2020\/06\/99423647_1593460364143890_6706793420720963584_n-1-e1591387983167.png","width":243,"height":73,"caption":"Minist\u00e9rio P\u00fablico de Contas do Estado do Paran\u00e1"},"image":{"@id":"https:\/\/www.mpc.pr.gov.br\/#\/schema\/logo\/image\/"},"sameAs":["https:\/\/www.facebook.com\/mpc.pr","https:\/\/www.instagram.com\/mpc.pr\/?hl=pt-br","https:\/\/www.youtube.com\/channel\/UCHri5oEM8DV0ztX57E0sBSw"]},{"@type":"Person","@id":"https:\/\/www.mpc.pr.gov.br\/#\/schema\/person\/2d83cb8980538d0ec174e8a6284f5e11","name":"mpcontaspr","image":{"@type":"ImageObject","inLanguage":"pt-BR","@id":"https:\/\/secure.gravatar.com\/avatar\/1aef51541db7622e05fd639336c9c9f312c2a618396e2b6ca96846362fc5403f?s=96&d=mm&r=g","url":"https:\/\/secure.gravatar.com\/avatar\/1aef51541db7622e05fd639336c9c9f312c2a618396e2b6ca96846362fc5403f?s=96&d=mm&r=g","contentUrl":"https:\/\/secure.gravatar.com\/avatar\/1aef51541db7622e05fd639336c9c9f312c2a618396e2b6ca96846362fc5403f?s=96&d=mm&r=g","caption":"mpcontaspr"},"sameAs":["http:\/\/www.mpc.pr.gov.br"]}]}},"rttpg_featured_image_url":{"full":["https:\/\/www.mpc.pr.gov.br\/wp-content\/uploads\/2025\/03\/Capa-Curso-Inteligencia-e-Gestao-de-Sigilos.png",1920,1080,false],"landscape":["https:\/\/www.mpc.pr.gov.br\/wp-content\/uploads\/2025\/03\/Capa-Curso-Inteligencia-e-Gestao-de-Sigilos.png",1920,1080,false],"portraits":["https:\/\/www.mpc.pr.gov.br\/wp-content\/uploads\/2025\/03\/Capa-Curso-Inteligencia-e-Gestao-de-Sigilos.png",1920,1080,false],"thumbnail":["https:\/\/www.mpc.pr.gov.br\/wp-content\/uploads\/2025\/03\/Capa-Curso-Inteligencia-e-Gestao-de-Sigilos-150x150.png",150,150,true],"medium":["https:\/\/www.mpc.pr.gov.br\/wp-content\/uploads\/2025\/03\/Capa-Curso-Inteligencia-e-Gestao-de-Sigilos-300x169.png",300,169,true],"large":["https:\/\/www.mpc.pr.gov.br\/wp-content\/uploads\/2025\/03\/Capa-Curso-Inteligencia-e-Gestao-de-Sigilos-1024x576.png",1024,576,true],"1536x1536":["https:\/\/www.mpc.pr.gov.br\/wp-content\/uploads\/2025\/03\/Capa-Curso-Inteligencia-e-Gestao-de-Sigilos-1536x864.png",1536,864,true],"2048x2048":["https:\/\/www.mpc.pr.gov.br\/wp-content\/uploads\/2025\/03\/Capa-Curso-Inteligencia-e-Gestao-de-Sigilos.png",1920,1080,false],"ocean-thumb-m":["https:\/\/www.mpc.pr.gov.br\/wp-content\/uploads\/2025\/03\/Capa-Curso-Inteligencia-e-Gestao-de-Sigilos-600x600.png",600,600,true],"ocean-thumb-ml":["https:\/\/www.mpc.pr.gov.br\/wp-content\/uploads\/2025\/03\/Capa-Curso-Inteligencia-e-Gestao-de-Sigilos-800x450.png",800,450,true],"ocean-thumb-l":["https:\/\/www.mpc.pr.gov.br\/wp-content\/uploads\/2025\/03\/Capa-Curso-Inteligencia-e-Gestao-de-Sigilos-1200x700.png",1200,700,true]},"rttpg_author":{"display_name":"mpcontaspr","author_link":"https:\/\/www.mpc.pr.gov.br\/index.php\/author\/mpcontaspr\/"},"rttpg_comment":1,"rttpg_category":"<a href=\"https:\/\/www.mpc.pr.gov.br\/index.php\/category\/todas-as-noticias\/\" rel=\"category tag\">Todas as not\u00edcias<\/a>","rttpg_excerpt":"Na \u00faltima sexta-feira (21 de mar\u00e7o), o Minist\u00e9rio P\u00fablico de Contas do Paran\u00e1 (MPC-PR) realizou o curso online &#8220;Atividades de Intelig\u00eancia e Gest\u00e3o de Sigilos&#8220;, ministrado pelo especialista Cl\u00e1udio Andrade R\u00eago. O evento contou com mais de 110 participantes, dentre membros e servidores dos Minist\u00e9rios P\u00fablicos de Contas (MPCs) de 21 Estados e do Distrito&hellip;","_links":{"self":[{"href":"https:\/\/www.mpc.pr.gov.br\/index.php\/wp-json\/wp\/v2\/posts\/22834","targetHints":{"allow":["GET"]}}],"collection":[{"href":"https:\/\/www.mpc.pr.gov.br\/index.php\/wp-json\/wp\/v2\/posts"}],"about":[{"href":"https:\/\/www.mpc.pr.gov.br\/index.php\/wp-json\/wp\/v2\/types\/post"}],"author":[{"embeddable":true,"href":"https:\/\/www.mpc.pr.gov.br\/index.php\/wp-json\/wp\/v2\/users\/1"}],"replies":[{"embeddable":true,"href":"https:\/\/www.mpc.pr.gov.br\/index.php\/wp-json\/wp\/v2\/comments?post=22834"}],"version-history":[{"count":2,"href":"https:\/\/www.mpc.pr.gov.br\/index.php\/wp-json\/wp\/v2\/posts\/22834\/revisions"}],"predecessor-version":[{"id":22841,"href":"https:\/\/www.mpc.pr.gov.br\/index.php\/wp-json\/wp\/v2\/posts\/22834\/revisions\/22841"}],"wp:featuredmedia":[{"embeddable":true,"href":"https:\/\/www.mpc.pr.gov.br\/index.php\/wp-json\/wp\/v2\/media\/22835"}],"wp:attachment":[{"href":"https:\/\/www.mpc.pr.gov.br\/index.php\/wp-json\/wp\/v2\/media?parent=22834"}],"wp:term":[{"taxonomy":"category","embeddable":true,"href":"https:\/\/www.mpc.pr.gov.br\/index.php\/wp-json\/wp\/v2\/categories?post=22834"},{"taxonomy":"post_tag","embeddable":true,"href":"https:\/\/www.mpc.pr.gov.br\/index.php\/wp-json\/wp\/v2\/tags?post=22834"}],"curies":[{"name":"wp","href":"https:\/\/api.w.org\/{rel}","templated":true}]}}