{"id":22844,"date":"2025-03-26T16:57:24","date_gmt":"2025-03-26T19:57:24","guid":{"rendered":"https:\/\/www.mpc.pr.gov.br\/?p=22844"},"modified":"2025-04-08T14:09:03","modified_gmt":"2025-04-08T17:09:03","slug":"mes-da-mulher-mpc-pr-reune-especialistas-para-debater-os-desafios-e-avancos-das-politicas-publicas-para-mulheres","status":"publish","type":"post","link":"https:\/\/www.mpc.pr.gov.br\/index.php\/mes-da-mulher-mpc-pr-reune-especialistas-para-debater-os-desafios-e-avancos-das-politicas-publicas-para-mulheres\/","title":{"rendered":"M\u00eas da Mulher: MPC-PR re\u00fane especialistas para debater os desafios e avan\u00e7os das pol\u00edticas p\u00fablicas para mulheres"},"content":{"rendered":"<p><span data-contrast=\"auto\"><img fetchpriority=\"high\" decoding=\"async\" class=\"size-medium wp-image-22845 alignleft\" src=\"https:\/\/www.mpc.pr.gov.br\/wp-content\/uploads\/2025\/03\/Evento-mes-da-mulher-2025-live-300x169.png\" alt=\"\" width=\"300\" height=\"169\" srcset=\"https:\/\/www.mpc.pr.gov.br\/wp-content\/uploads\/2025\/03\/Evento-mes-da-mulher-2025-live-300x169.png 300w, https:\/\/www.mpc.pr.gov.br\/wp-content\/uploads\/2025\/03\/Evento-mes-da-mulher-2025-live.png 560w\" sizes=\"(max-width: 300px) 100vw, 300px\" \/>O Minist\u00e9rio P\u00fablico de Contas do Paran\u00e1 (MPC-PR) promoveu nesta quarta-feira (26 de mar\u00e7o), um evento online em celebra\u00e7\u00e3o ao M\u00eas da Mulher. Com o tema \u201cDesafios e Oportunidades frente \u00e0s Pol\u00edticas P\u00fablicas das Pautas Femininas\u201d, o encontro reuniu especialistas para discutir diferentes perspectivas sobre o fortalecimento dos direitos das mulheres e o papel das institui\u00e7\u00f5es p\u00fablicas na promo\u00e7\u00e3o da igualdade de g\u00eanero.<\/span><span data-ccp-props=\"{&quot;201341983&quot;:0,&quot;335551550&quot;:6,&quot;335551620&quot;:6,&quot;335559740&quot;:360}\">\u00a0<\/span><\/p>\n<p><span data-contrast=\"auto\">Participaram desse evento, Jeanine Benkenstein, mestre em Direito e neurocientista pol\u00edtica; Michelle Barron, Chefe de Programas da OIM, a Ag\u00eancia da Organiza\u00e7\u00e3o das Na\u00e7\u00f5es Unidas para as Migra\u00e7\u00f5es; e Talita Aquino de Sousa, Coordenadora respons\u00e1vel pelas atividades do escrit\u00f3rio da Organiza\u00e7\u00e3o Internacional para as Migra\u00e7\u00f5es (OIM) no Estado do Paran\u00e1.<\/span><span data-ccp-props=\"{&quot;201341983&quot;:0,&quot;335551550&quot;:6,&quot;335551620&quot;:6,&quot;335559731&quot;:0,&quot;335559740&quot;:360}\">\u00a0<\/span><\/p>\n<p><span data-contrast=\"auto\">Durante a abertura, o Procurador-Geral do MPC-PR, Gabriel Guy L\u00e9ger, fez uma sauda\u00e7\u00e3o especial \u00e0s convidadas, agradecendo tamb\u00e9m ao Tribunal de Contas do Estado (TCE-PR) e \u00e0 Escola de Gest\u00e3o P\u00fablica da Corte, pela colabora\u00e7\u00e3o na divulga\u00e7\u00e3o do evento. Em sua fala, L\u00e9ger destacou que mais do que tratar da equidade de g\u00eanero, a promo\u00e7\u00e3o desse debate \u00e9 fundamental para que possamos compreender o qu\u00e3o urgente e necess\u00e1rias s\u00e3o as pol\u00edticas p\u00fablicas que garantam autonomia, dignidade, seguran\u00e7a e o acesso aos direitos fundamentais.<\/span><span data-ccp-props=\"{&quot;201341983&quot;:0,&quot;335551550&quot;:6,&quot;335551620&quot;:6,&quot;335559731&quot;:0,&quot;335559740&quot;:360}\">\u00a0<\/span><\/p>\n<p><b><span data-contrast=\"auto\">A realidade das mulheres migrantes no Brasil<\/span><\/b><span data-ccp-props=\"{&quot;201341983&quot;:0,&quot;335551550&quot;:6,&quot;335551620&quot;:6,&quot;335559731&quot;:0,&quot;335559740&quot;:360}\">\u00a0<\/span><\/p>\n<p><span data-contrast=\"auto\">A primeira palestra foi ministrada por Michelle Barron, Chefe de Programas da Organiza\u00e7\u00e3o Internacional para as Migra\u00e7\u00f5es (OIM). Com vasta experi\u00eancia internacional, ela abordou os desafios enfrentados pelas mulheres migrantes no Brasil, incluindo discrimina\u00e7\u00e3o, maior vulnerabilidade \u00e0 viol\u00eancia, dificuldades de inser\u00e7\u00e3o no mercado de trabalho e de acesso \u00e0 moradia, al\u00e9m da aus\u00eancia de redes de apoio familiar.<\/span><span data-ccp-props=\"{&quot;201341983&quot;:0,&quot;335551550&quot;:6,&quot;335551620&quot;:6,&quot;335559731&quot;:0,&quot;335559740&quot;:360}\">\u00a0<\/span><\/p>\n<p><span data-contrast=\"auto\">Michelle trouxe alguns dados do Relat\u00f3rio de Migra\u00e7\u00e3o Mundial (2024), que apontam que no Brasil, cerca de 2 milh\u00f5es de pessoas s\u00e3o migrantes internacionais, sendo que h\u00e1 um registro significativo de fluxo de migra\u00e7\u00e3o interna, ou seja, de pessoas que est\u00e3o se deslocando entre os Estados e Munic\u00edpios, <\/span><span data-contrast=\"none\">totalizando<\/span><span data-contrast=\"auto\"> mais de 1 milh\u00e3o de pessoas.\u00a0<\/span><span data-ccp-props=\"{&quot;134233117&quot;:false,&quot;134233118&quot;:false,&quot;201341983&quot;:0,&quot;335551550&quot;:6,&quot;335551620&quot;:6,&quot;335559685&quot;:0,&quot;335559737&quot;:0,&quot;335559738&quot;:0,&quot;335559739&quot;:160,&quot;335559740&quot;:360}\">\u00a0<\/span><\/p>\n<p><span data-contrast=\"auto\">Diante desses n\u00fameros expressivos, Michelle ressaltou a necessidade de pol\u00edticas p\u00fablicas voltadas \u00e0 prote\u00e7\u00e3o das mulheres migrantes, principalmente no combate \u00e0 viol\u00eancia de g\u00eanero e na garantia de acesso \u00e0 educa\u00e7\u00e3o e ao emprego digno. \u201cAs mulheres migrantes chegam ao Brasil buscando oportunidades, mas encontram barreiras que v\u00e3o desde a falta de reconhecimento de diplomas at\u00e9 a vulnerabilidade \u00e0 explora\u00e7\u00e3o no mercado de trabalho\u201d, afirmou.\u00a0<\/span><span data-ccp-props=\"{&quot;134233117&quot;:false,&quot;134233118&quot;:false,&quot;201341983&quot;:0,&quot;335551550&quot;:6,&quot;335551620&quot;:6,&quot;335559685&quot;:0,&quot;335559737&quot;:0,&quot;335559738&quot;:0,&quot;335559739&quot;:160,&quot;335559740&quot;:360}\">\u00a0<\/span><\/p>\n<p><span data-contrast=\"auto\">Aproximando essa quest\u00e3o da nossa realidade, Talita Aquino de Sousa, que \u00e9 a Coordenadora respons\u00e1vel pelas atividades do escrit\u00f3rio da Organiza\u00e7\u00e3o Internacional para as Migra\u00e7\u00f5es (OIM) no Paran\u00e1, observou que h\u00e1 165 mil migrantes vivendo no Estado, dos quais 57% s\u00e3o homens e 43% s\u00e3o mulheres.<\/span><span data-ccp-props=\"{&quot;134233117&quot;:false,&quot;134233118&quot;:false,&quot;201341983&quot;:0,&quot;335551550&quot;:6,&quot;335551620&quot;:6,&quot;335559685&quot;:0,&quot;335559737&quot;:0,&quot;335559738&quot;:0,&quot;335559739&quot;:160,&quot;335559740&quot;:360}\">\u00a0<\/span><\/p>\n<p><span data-contrast=\"auto\">Em sua fala, Talita frisou que as parcerias entre organiza\u00e7\u00f5es internacionais e institui\u00e7\u00f5es p\u00fablicas s\u00e3o fundamentais para oferecer suporte a esses migrantes e garantir que tenham acesso a servi\u00e7os essenciais. Exemplo disso \u00e9 a grande parceria entre a entidade e o Governo do Paran\u00e1, visando uma atua\u00e7\u00e3o conjunta para acolhimento desses migrantes. Nesse cen\u00e1rio, um dado que se destaca \u00e9 que foi registrado no Estado um aumento de 269% na contrata\u00e7\u00e3o de migrantes no setor formal desde 2020, o que tamb\u00e9m contribui para a economia local.<\/span><span data-ccp-props=\"{&quot;134233117&quot;:false,&quot;134233118&quot;:false,&quot;201341983&quot;:0,&quot;335551550&quot;:6,&quot;335551620&quot;:6,&quot;335559685&quot;:0,&quot;335559737&quot;:0,&quot;335559738&quot;:0,&quot;335559739&quot;:160,&quot;335559740&quot;:360}\">\u00a0<\/span><\/p>\n<p><b><span data-contrast=\"auto\">Neuroci\u00eancia e pol\u00edticas p\u00fablicas: um novo olhar sobre o desenvolvimento feminino<\/span><\/b><span data-ccp-props=\"{&quot;134233117&quot;:false,&quot;134233118&quot;:false,&quot;201341983&quot;:0,&quot;335551550&quot;:6,&quot;335551620&quot;:6,&quot;335559685&quot;:0,&quot;335559737&quot;:0,&quot;335559738&quot;:0,&quot;335559739&quot;:160,&quot;335559740&quot;:360}\">\u00a0<\/span><\/p>\n<p><span data-contrast=\"auto\">Dando sequ\u00eancia ao evento, a palestrante Jeanine Benkenstein, Mestre em Direito e Neurocientista Pol\u00edtica, trouxe uma abordagem inovadora ao debate, ao destacar a import\u00e2ncia de compreender a biologia e o funcionamento do c\u00e9rebro feminino para a formula\u00e7\u00e3o de pol\u00edticas p\u00fablicas mais eficazes.<\/span><span data-ccp-props=\"{&quot;134233117&quot;:false,&quot;134233118&quot;:false,&quot;201341983&quot;:0,&quot;335551550&quot;:6,&quot;335551620&quot;:6,&quot;335559685&quot;:0,&quot;335559737&quot;:0,&quot;335559738&quot;:0,&quot;335559739&quot;:160,&quot;335559740&quot;:360}\">\u00a0<\/span><\/p>\n<p><span data-contrast=\"auto\">Ao falar sobre a aplica\u00e7\u00e3o da neuroci\u00eancia, Jeanine explicou que o c\u00e9rebro feminino opera de maneira diferente do masculino, e essas distin\u00e7\u00f5es influenciam a forma como as mulheres lidam com desafios e interagem no ambiente de trabalho. Al\u00e9m disso, ela tamb\u00e9m citou estudos que indicam que o impacto dos horm\u00f4nios femininos pode influenciar desde a sa\u00fade mental at\u00e9 a capacidade de tomada de decis\u00e3o.\u00a0<\/span><span data-ccp-props=\"{&quot;134233117&quot;:false,&quot;134233118&quot;:false,&quot;201341983&quot;:0,&quot;335551550&quot;:6,&quot;335551620&quot;:6,&quot;335559685&quot;:0,&quot;335559737&quot;:0,&quot;335559738&quot;:0,&quot;335559739&quot;:160,&quot;335559740&quot;:360}\">\u00a0<\/span><\/p>\n<p><span data-contrast=\"auto\">\u201cSe quisermos pol\u00edticas p\u00fablicas realmente eficazes, precisamos entender como as mulheres percebem o mundo e quais s\u00e3o suas reais necessidades, considerando aspectos hormonais, emocionais e sociais\u201d, ressaltou.<\/span><span data-ccp-props=\"{&quot;134233117&quot;:false,&quot;134233118&quot;:false,&quot;201341983&quot;:0,&quot;335551550&quot;:6,&quot;335551620&quot;:6,&quot;335559685&quot;:0,&quot;335559737&quot;:0,&quot;335559738&quot;:0,&quot;335559739&quot;:160,&quot;335559740&quot;:360}\">\u00a0<\/span><\/p>\n<p><span data-contrast=\"auto\">Nesse sentido, Jeanine tamb\u00e9m observou a necessidade de programas de apoio \u00e0 mulher em diferentes fases da vida, como a adolesc\u00eancia, a maternidade e a menopausa, que impactam diretamente na produtividade e no bem-estar das mulheres. Al\u00e9m disso, destacou a import\u00e2ncia do fortalecimento de redes de apoio femininas e a necessidade de promover a igualdade de oportunidades desde a educa\u00e7\u00e3o b\u00e1sica.<\/span><span data-ccp-props=\"{&quot;134233117&quot;:false,&quot;134233118&quot;:false,&quot;201341983&quot;:0,&quot;335551550&quot;:6,&quot;335551620&quot;:6,&quot;335559685&quot;:0,&quot;335559737&quot;:0,&quot;335559738&quot;:0,&quot;335559739&quot;:160,&quot;335559740&quot;:360}\">\u00a0<\/span><\/p>\n<p><b><span data-contrast=\"auto\">A import\u00e2ncia do debate para a constru\u00e7\u00e3o de um futuro mais igualit\u00e1rio<\/span><\/b><span data-ccp-props=\"{&quot;134233117&quot;:false,&quot;134233118&quot;:false,&quot;201341983&quot;:0,&quot;335551550&quot;:6,&quot;335551620&quot;:6,&quot;335559738&quot;:0,&quot;335559739&quot;:160,&quot;335559740&quot;:276}\">\u00a0<\/span><\/p>\n<p><span data-contrast=\"auto\">O evento do MPC-PR trouxe reflex\u00f5es essenciais sobre a necessidade de aprimoramento das pol\u00edticas p\u00fablicas para as mulheres, ao evidenciar que, apesar dos avan\u00e7os, ainda h\u00e1 desafios estruturais que precisam ser enfrentados para garantir igualdade de oportunidades, especialmente para mulheres em situa\u00e7\u00e3o de vulnerabilidade.<\/span><span data-ccp-props=\"{&quot;134233117&quot;:false,&quot;134233118&quot;:false,&quot;201341983&quot;:0,&quot;335551550&quot;:6,&quot;335551620&quot;:6,&quot;335559685&quot;:0,&quot;335559737&quot;:0,&quot;335559738&quot;:0,&quot;335559739&quot;:160,&quot;335559740&quot;:360}\">\u00a0<\/span><\/p>\n<p><span data-contrast=\"auto\">Ao final do encontro, o MPC-PR refor\u00e7ou seu compromisso com a promo\u00e7\u00e3o de do empoderamento feminino no setor p\u00fablico, destacando a inclus\u00e3o da tem\u00e1tica<\/span> <span data-contrast=\"auto\">no seu <a href=\"https:\/\/www.mpc.pr.gov.br\/index.php\/plano-de-acao-2025\/\">Plano de A\u00e7\u00f5es<\/a> para o ano de 2025.<\/span><\/p>\n<p><strong>Confira a palestra completa:<\/strong><\/p>\n<p class=\"responsive-video-wrap clr\"><iframe title=\"Desafios e Oportunidades frente \u00e0s Pol\u00edticas P\u00fablicas das Pautas Femininas\" width=\"1200\" height=\"675\" src=\"https:\/\/www.youtube.com\/embed\/C1lXzvqWbQE?start=5182&#038;feature=oembed\" frameborder=\"0\" allow=\"accelerometer; autoplay; clipboard-write; encrypted-media; gyroscope; picture-in-picture; web-share\" referrerpolicy=\"strict-origin-when-cross-origin\" allowfullscreen><\/iframe><\/p>\n","protected":false},"excerpt":{"rendered":"<p>O Minist\u00e9rio P\u00fablico de Contas do Paran\u00e1 (MPC-PR) promoveu nesta quarta-feira (26 de mar\u00e7o), um evento online em celebra\u00e7\u00e3o ao M\u00eas da Mulher. Com o tema \u201cDesafios e Oportunidades frente \u00e0s Pol\u00edticas P\u00fablicas das Pautas Femininas\u201d, o encontro reuniu especialistas para discutir diferentes perspectivas sobre o fortalecimento dos direitos das mulheres e o papel das [&hellip;]<\/p>\n","protected":false},"author":1,"featured_media":22845,"comment_status":"open","ping_status":"open","sticky":false,"template":"","format":"standard","meta":{"_monsterinsights_skip_tracking":false,"_monsterinsights_sitenote_active":false,"_monsterinsights_sitenote_note":"","_monsterinsights_sitenote_category":0,"footnotes":""},"categories":[7],"tags":[714,708,13,52,710],"class_list":["post-22844","post","type-post","status-publish","format-standard","has-post-thumbnail","hentry","category-todas-as-noticias","tag-evento-online","tag-mes-da-mulher","tag-mpc-pr","tag-palestra","tag-politicas-publicas","entry","has-media"],"yoast_head":"<!-- This site is optimized with the Yoast SEO plugin v27.3 - https:\/\/yoast.com\/product\/yoast-seo-wordpress\/ -->\n<title>M\u00eas da Mulher: MPC-PR re\u00fane especialistas para debater os desafios e avan\u00e7os das pol\u00edticas p\u00fablicas para mulheres - Minist\u00e9rio P\u00fablico de Contas do Estado do Paran\u00e1<\/title>\n<meta name=\"robots\" content=\"index, follow, max-snippet:-1, max-image-preview:large, max-video-preview:-1\" \/>\n<link rel=\"canonical\" href=\"https:\/\/www.mpc.pr.gov.br\/index.php\/mes-da-mulher-mpc-pr-reune-especialistas-para-debater-os-desafios-e-avancos-das-politicas-publicas-para-mulheres\/\" \/>\n<meta property=\"og:locale\" content=\"pt_BR\" \/>\n<meta property=\"og:type\" content=\"article\" \/>\n<meta property=\"og:title\" content=\"M\u00eas da Mulher: MPC-PR re\u00fane especialistas para debater os desafios e avan\u00e7os das pol\u00edticas p\u00fablicas para mulheres - Minist\u00e9rio P\u00fablico de Contas do Estado do Paran\u00e1\" \/>\n<meta property=\"og:description\" content=\"O Minist\u00e9rio P\u00fablico de Contas do Paran\u00e1 (MPC-PR) promoveu nesta quarta-feira (26 de mar\u00e7o), um evento online em celebra\u00e7\u00e3o ao M\u00eas da Mulher. Com o tema \u201cDesafios e Oportunidades frente \u00e0s Pol\u00edticas P\u00fablicas das Pautas Femininas\u201d, o encontro reuniu especialistas para discutir diferentes perspectivas sobre o fortalecimento dos direitos das mulheres e o papel das [&hellip;]\" \/>\n<meta property=\"og:url\" content=\"https:\/\/www.mpc.pr.gov.br\/index.php\/mes-da-mulher-mpc-pr-reune-especialistas-para-debater-os-desafios-e-avancos-das-politicas-publicas-para-mulheres\/\" \/>\n<meta property=\"og:site_name\" content=\"Minist\u00e9rio P\u00fablico de Contas do Estado do Paran\u00e1\" \/>\n<meta property=\"article:publisher\" content=\"https:\/\/www.facebook.com\/mpc.pr\" \/>\n<meta property=\"article:published_time\" content=\"2025-03-26T19:57:24+00:00\" \/>\n<meta property=\"article:modified_time\" content=\"2025-04-08T17:09:03+00:00\" \/>\n<meta property=\"og:image\" content=\"https:\/\/www.mpc.pr.gov.br\/wp-content\/uploads\/2025\/03\/Evento-mes-da-mulher-2025-live.png\" \/>\n\t<meta property=\"og:image:width\" content=\"560\" \/>\n\t<meta property=\"og:image:height\" content=\"315\" \/>\n\t<meta property=\"og:image:type\" content=\"image\/png\" \/>\n<meta name=\"author\" content=\"mpcontaspr\" \/>\n<meta name=\"twitter:card\" content=\"summary_large_image\" \/>\n<meta name=\"twitter:label1\" content=\"Escrito por\" \/>\n\t<meta name=\"twitter:data1\" content=\"mpcontaspr\" \/>\n\t<meta name=\"twitter:label2\" content=\"Est. tempo de leitura\" \/>\n\t<meta name=\"twitter:data2\" content=\"5 minutos\" \/>\n<script type=\"application\/ld+json\" class=\"yoast-schema-graph\">{\"@context\":\"https:\\\/\\\/schema.org\",\"@graph\":[{\"@type\":\"Article\",\"@id\":\"https:\\\/\\\/www.mpc.pr.gov.br\\\/index.php\\\/mes-da-mulher-mpc-pr-reune-especialistas-para-debater-os-desafios-e-avancos-das-politicas-publicas-para-mulheres\\\/#article\",\"isPartOf\":{\"@id\":\"https:\\\/\\\/www.mpc.pr.gov.br\\\/index.php\\\/mes-da-mulher-mpc-pr-reune-especialistas-para-debater-os-desafios-e-avancos-das-politicas-publicas-para-mulheres\\\/\"},\"author\":{\"name\":\"mpcontaspr\",\"@id\":\"https:\\\/\\\/www.mpc.pr.gov.br\\\/#\\\/schema\\\/person\\\/2d83cb8980538d0ec174e8a6284f5e11\"},\"headline\":\"M\u00eas da Mulher: MPC-PR re\u00fane especialistas para debater os desafios e avan\u00e7os das pol\u00edticas p\u00fablicas para mulheres\",\"datePublished\":\"2025-03-26T19:57:24+00:00\",\"dateModified\":\"2025-04-08T17:09:03+00:00\",\"mainEntityOfPage\":{\"@id\":\"https:\\\/\\\/www.mpc.pr.gov.br\\\/index.php\\\/mes-da-mulher-mpc-pr-reune-especialistas-para-debater-os-desafios-e-avancos-das-politicas-publicas-para-mulheres\\\/\"},\"wordCount\":943,\"commentCount\":0,\"publisher\":{\"@id\":\"https:\\\/\\\/www.mpc.pr.gov.br\\\/#organization\"},\"image\":{\"@id\":\"https:\\\/\\\/www.mpc.pr.gov.br\\\/index.php\\\/mes-da-mulher-mpc-pr-reune-especialistas-para-debater-os-desafios-e-avancos-das-politicas-publicas-para-mulheres\\\/#primaryimage\"},\"thumbnailUrl\":\"https:\\\/\\\/www.mpc.pr.gov.br\\\/wp-content\\\/uploads\\\/2025\\\/03\\\/Evento-mes-da-mulher-2025-live.png\",\"keywords\":[\"Evento Online\",\"M\u00eas da Mulher\",\"MPC-PR\",\"Palestra\",\"Pol\u00edticas P\u00fablicas\"],\"articleSection\":[\"Todas as not\u00edcias\"],\"inLanguage\":\"pt-BR\",\"potentialAction\":[{\"@type\":\"CommentAction\",\"name\":\"Comment\",\"target\":[\"https:\\\/\\\/www.mpc.pr.gov.br\\\/index.php\\\/mes-da-mulher-mpc-pr-reune-especialistas-para-debater-os-desafios-e-avancos-das-politicas-publicas-para-mulheres\\\/#respond\"]}]},{\"@type\":\"WebPage\",\"@id\":\"https:\\\/\\\/www.mpc.pr.gov.br\\\/index.php\\\/mes-da-mulher-mpc-pr-reune-especialistas-para-debater-os-desafios-e-avancos-das-politicas-publicas-para-mulheres\\\/\",\"url\":\"https:\\\/\\\/www.mpc.pr.gov.br\\\/index.php\\\/mes-da-mulher-mpc-pr-reune-especialistas-para-debater-os-desafios-e-avancos-das-politicas-publicas-para-mulheres\\\/\",\"name\":\"M\u00eas da Mulher: MPC-PR re\u00fane especialistas para debater os desafios e avan\u00e7os das pol\u00edticas p\u00fablicas para mulheres - Minist\u00e9rio P\u00fablico de Contas do Estado do Paran\u00e1\",\"isPartOf\":{\"@id\":\"https:\\\/\\\/www.mpc.pr.gov.br\\\/#website\"},\"primaryImageOfPage\":{\"@id\":\"https:\\\/\\\/www.mpc.pr.gov.br\\\/index.php\\\/mes-da-mulher-mpc-pr-reune-especialistas-para-debater-os-desafios-e-avancos-das-politicas-publicas-para-mulheres\\\/#primaryimage\"},\"image\":{\"@id\":\"https:\\\/\\\/www.mpc.pr.gov.br\\\/index.php\\\/mes-da-mulher-mpc-pr-reune-especialistas-para-debater-os-desafios-e-avancos-das-politicas-publicas-para-mulheres\\\/#primaryimage\"},\"thumbnailUrl\":\"https:\\\/\\\/www.mpc.pr.gov.br\\\/wp-content\\\/uploads\\\/2025\\\/03\\\/Evento-mes-da-mulher-2025-live.png\",\"datePublished\":\"2025-03-26T19:57:24+00:00\",\"dateModified\":\"2025-04-08T17:09:03+00:00\",\"breadcrumb\":{\"@id\":\"https:\\\/\\\/www.mpc.pr.gov.br\\\/index.php\\\/mes-da-mulher-mpc-pr-reune-especialistas-para-debater-os-desafios-e-avancos-das-politicas-publicas-para-mulheres\\\/#breadcrumb\"},\"inLanguage\":\"pt-BR\",\"potentialAction\":[{\"@type\":\"ReadAction\",\"target\":[\"https:\\\/\\\/www.mpc.pr.gov.br\\\/index.php\\\/mes-da-mulher-mpc-pr-reune-especialistas-para-debater-os-desafios-e-avancos-das-politicas-publicas-para-mulheres\\\/\"]}]},{\"@type\":\"ImageObject\",\"inLanguage\":\"pt-BR\",\"@id\":\"https:\\\/\\\/www.mpc.pr.gov.br\\\/index.php\\\/mes-da-mulher-mpc-pr-reune-especialistas-para-debater-os-desafios-e-avancos-das-politicas-publicas-para-mulheres\\\/#primaryimage\",\"url\":\"https:\\\/\\\/www.mpc.pr.gov.br\\\/wp-content\\\/uploads\\\/2025\\\/03\\\/Evento-mes-da-mulher-2025-live.png\",\"contentUrl\":\"https:\\\/\\\/www.mpc.pr.gov.br\\\/wp-content\\\/uploads\\\/2025\\\/03\\\/Evento-mes-da-mulher-2025-live.png\",\"width\":560,\"height\":315},{\"@type\":\"BreadcrumbList\",\"@id\":\"https:\\\/\\\/www.mpc.pr.gov.br\\\/index.php\\\/mes-da-mulher-mpc-pr-reune-especialistas-para-debater-os-desafios-e-avancos-das-politicas-publicas-para-mulheres\\\/#breadcrumb\",\"itemListElement\":[{\"@type\":\"ListItem\",\"position\":1,\"name\":\"In\u00edcio\",\"item\":\"https:\\\/\\\/www.mpc.pr.gov.br\\\/\"},{\"@type\":\"ListItem\",\"position\":2,\"name\":\"M\u00eas da Mulher: MPC-PR re\u00fane especialistas para debater os desafios e avan\u00e7os das pol\u00edticas p\u00fablicas para mulheres\"}]},{\"@type\":\"WebSite\",\"@id\":\"https:\\\/\\\/www.mpc.pr.gov.br\\\/#website\",\"url\":\"https:\\\/\\\/www.mpc.pr.gov.br\\\/\",\"name\":\"Minist\u00e9rio P\u00fablico de Contas do Estado do Paran\u00e1\",\"description\":\"\",\"publisher\":{\"@id\":\"https:\\\/\\\/www.mpc.pr.gov.br\\\/#organization\"},\"potentialAction\":[{\"@type\":\"SearchAction\",\"target\":{\"@type\":\"EntryPoint\",\"urlTemplate\":\"https:\\\/\\\/www.mpc.pr.gov.br\\\/?s={search_term_string}\"},\"query-input\":{\"@type\":\"PropertyValueSpecification\",\"valueRequired\":true,\"valueName\":\"search_term_string\"}}],\"inLanguage\":\"pt-BR\"},{\"@type\":\"Organization\",\"@id\":\"https:\\\/\\\/www.mpc.pr.gov.br\\\/#organization\",\"name\":\"Minist\u00e9rio P\u00fablico de Contas do Estado do Paran\u00e1\",\"url\":\"https:\\\/\\\/www.mpc.pr.gov.br\\\/\",\"logo\":{\"@type\":\"ImageObject\",\"inLanguage\":\"pt-BR\",\"@id\":\"https:\\\/\\\/www.mpc.pr.gov.br\\\/#\\\/schema\\\/logo\\\/image\\\/\",\"url\":\"https:\\\/\\\/www.mpc.pr.gov.br\\\/wp-content\\\/uploads\\\/2020\\\/06\\\/99423647_1593460364143890_6706793420720963584_n-1-e1591387983167.png\",\"contentUrl\":\"https:\\\/\\\/www.mpc.pr.gov.br\\\/wp-content\\\/uploads\\\/2020\\\/06\\\/99423647_1593460364143890_6706793420720963584_n-1-e1591387983167.png\",\"width\":243,\"height\":73,\"caption\":\"Minist\u00e9rio P\u00fablico de Contas do Estado do Paran\u00e1\"},\"image\":{\"@id\":\"https:\\\/\\\/www.mpc.pr.gov.br\\\/#\\\/schema\\\/logo\\\/image\\\/\"},\"sameAs\":[\"https:\\\/\\\/www.facebook.com\\\/mpc.pr\",\"https:\\\/\\\/www.instagram.com\\\/mpc.pr\\\/?hl=pt-br\",\"https:\\\/\\\/www.youtube.com\\\/channel\\\/UCHri5oEM8DV0ztX57E0sBSw\"]},{\"@type\":\"Person\",\"@id\":\"https:\\\/\\\/www.mpc.pr.gov.br\\\/#\\\/schema\\\/person\\\/2d83cb8980538d0ec174e8a6284f5e11\",\"name\":\"mpcontaspr\",\"image\":{\"@type\":\"ImageObject\",\"inLanguage\":\"pt-BR\",\"@id\":\"https:\\\/\\\/secure.gravatar.com\\\/avatar\\\/1aef51541db7622e05fd639336c9c9f312c2a618396e2b6ca96846362fc5403f?s=96&d=mm&r=g\",\"url\":\"https:\\\/\\\/secure.gravatar.com\\\/avatar\\\/1aef51541db7622e05fd639336c9c9f312c2a618396e2b6ca96846362fc5403f?s=96&d=mm&r=g\",\"contentUrl\":\"https:\\\/\\\/secure.gravatar.com\\\/avatar\\\/1aef51541db7622e05fd639336c9c9f312c2a618396e2b6ca96846362fc5403f?s=96&d=mm&r=g\",\"caption\":\"mpcontaspr\"},\"sameAs\":[\"http:\\\/\\\/www.mpc.pr.gov.br\"]}]}<\/script>\n<!-- \/ Yoast SEO plugin. -->","yoast_head_json":{"title":"M\u00eas da Mulher: MPC-PR re\u00fane especialistas para debater os desafios e avan\u00e7os das pol\u00edticas p\u00fablicas para mulheres - Minist\u00e9rio P\u00fablico de Contas do Estado do Paran\u00e1","robots":{"index":"index","follow":"follow","max-snippet":"max-snippet:-1","max-image-preview":"max-image-preview:large","max-video-preview":"max-video-preview:-1"},"canonical":"https:\/\/www.mpc.pr.gov.br\/index.php\/mes-da-mulher-mpc-pr-reune-especialistas-para-debater-os-desafios-e-avancos-das-politicas-publicas-para-mulheres\/","og_locale":"pt_BR","og_type":"article","og_title":"M\u00eas da Mulher: MPC-PR re\u00fane especialistas para debater os desafios e avan\u00e7os das pol\u00edticas p\u00fablicas para mulheres - Minist\u00e9rio P\u00fablico de Contas do Estado do Paran\u00e1","og_description":"O Minist\u00e9rio P\u00fablico de Contas do Paran\u00e1 (MPC-PR) promoveu nesta quarta-feira (26 de mar\u00e7o), um evento online em celebra\u00e7\u00e3o ao M\u00eas da Mulher. Com o tema \u201cDesafios e Oportunidades frente \u00e0s Pol\u00edticas P\u00fablicas das Pautas Femininas\u201d, o encontro reuniu especialistas para discutir diferentes perspectivas sobre o fortalecimento dos direitos das mulheres e o papel das [&hellip;]","og_url":"https:\/\/www.mpc.pr.gov.br\/index.php\/mes-da-mulher-mpc-pr-reune-especialistas-para-debater-os-desafios-e-avancos-das-politicas-publicas-para-mulheres\/","og_site_name":"Minist\u00e9rio P\u00fablico de Contas do Estado do Paran\u00e1","article_publisher":"https:\/\/www.facebook.com\/mpc.pr","article_published_time":"2025-03-26T19:57:24+00:00","article_modified_time":"2025-04-08T17:09:03+00:00","og_image":[{"width":560,"height":315,"url":"https:\/\/www.mpc.pr.gov.br\/wp-content\/uploads\/2025\/03\/Evento-mes-da-mulher-2025-live.png","type":"image\/png"}],"author":"mpcontaspr","twitter_card":"summary_large_image","twitter_misc":{"Escrito por":"mpcontaspr","Est. tempo de leitura":"5 minutos"},"schema":{"@context":"https:\/\/schema.org","@graph":[{"@type":"Article","@id":"https:\/\/www.mpc.pr.gov.br\/index.php\/mes-da-mulher-mpc-pr-reune-especialistas-para-debater-os-desafios-e-avancos-das-politicas-publicas-para-mulheres\/#article","isPartOf":{"@id":"https:\/\/www.mpc.pr.gov.br\/index.php\/mes-da-mulher-mpc-pr-reune-especialistas-para-debater-os-desafios-e-avancos-das-politicas-publicas-para-mulheres\/"},"author":{"name":"mpcontaspr","@id":"https:\/\/www.mpc.pr.gov.br\/#\/schema\/person\/2d83cb8980538d0ec174e8a6284f5e11"},"headline":"M\u00eas da Mulher: MPC-PR re\u00fane especialistas para debater os desafios e avan\u00e7os das pol\u00edticas p\u00fablicas para mulheres","datePublished":"2025-03-26T19:57:24+00:00","dateModified":"2025-04-08T17:09:03+00:00","mainEntityOfPage":{"@id":"https:\/\/www.mpc.pr.gov.br\/index.php\/mes-da-mulher-mpc-pr-reune-especialistas-para-debater-os-desafios-e-avancos-das-politicas-publicas-para-mulheres\/"},"wordCount":943,"commentCount":0,"publisher":{"@id":"https:\/\/www.mpc.pr.gov.br\/#organization"},"image":{"@id":"https:\/\/www.mpc.pr.gov.br\/index.php\/mes-da-mulher-mpc-pr-reune-especialistas-para-debater-os-desafios-e-avancos-das-politicas-publicas-para-mulheres\/#primaryimage"},"thumbnailUrl":"https:\/\/www.mpc.pr.gov.br\/wp-content\/uploads\/2025\/03\/Evento-mes-da-mulher-2025-live.png","keywords":["Evento Online","M\u00eas da Mulher","MPC-PR","Palestra","Pol\u00edticas P\u00fablicas"],"articleSection":["Todas as not\u00edcias"],"inLanguage":"pt-BR","potentialAction":[{"@type":"CommentAction","name":"Comment","target":["https:\/\/www.mpc.pr.gov.br\/index.php\/mes-da-mulher-mpc-pr-reune-especialistas-para-debater-os-desafios-e-avancos-das-politicas-publicas-para-mulheres\/#respond"]}]},{"@type":"WebPage","@id":"https:\/\/www.mpc.pr.gov.br\/index.php\/mes-da-mulher-mpc-pr-reune-especialistas-para-debater-os-desafios-e-avancos-das-politicas-publicas-para-mulheres\/","url":"https:\/\/www.mpc.pr.gov.br\/index.php\/mes-da-mulher-mpc-pr-reune-especialistas-para-debater-os-desafios-e-avancos-das-politicas-publicas-para-mulheres\/","name":"M\u00eas da Mulher: MPC-PR re\u00fane especialistas para debater os desafios e avan\u00e7os das pol\u00edticas p\u00fablicas para mulheres - Minist\u00e9rio P\u00fablico de Contas do Estado do Paran\u00e1","isPartOf":{"@id":"https:\/\/www.mpc.pr.gov.br\/#website"},"primaryImageOfPage":{"@id":"https:\/\/www.mpc.pr.gov.br\/index.php\/mes-da-mulher-mpc-pr-reune-especialistas-para-debater-os-desafios-e-avancos-das-politicas-publicas-para-mulheres\/#primaryimage"},"image":{"@id":"https:\/\/www.mpc.pr.gov.br\/index.php\/mes-da-mulher-mpc-pr-reune-especialistas-para-debater-os-desafios-e-avancos-das-politicas-publicas-para-mulheres\/#primaryimage"},"thumbnailUrl":"https:\/\/www.mpc.pr.gov.br\/wp-content\/uploads\/2025\/03\/Evento-mes-da-mulher-2025-live.png","datePublished":"2025-03-26T19:57:24+00:00","dateModified":"2025-04-08T17:09:03+00:00","breadcrumb":{"@id":"https:\/\/www.mpc.pr.gov.br\/index.php\/mes-da-mulher-mpc-pr-reune-especialistas-para-debater-os-desafios-e-avancos-das-politicas-publicas-para-mulheres\/#breadcrumb"},"inLanguage":"pt-BR","potentialAction":[{"@type":"ReadAction","target":["https:\/\/www.mpc.pr.gov.br\/index.php\/mes-da-mulher-mpc-pr-reune-especialistas-para-debater-os-desafios-e-avancos-das-politicas-publicas-para-mulheres\/"]}]},{"@type":"ImageObject","inLanguage":"pt-BR","@id":"https:\/\/www.mpc.pr.gov.br\/index.php\/mes-da-mulher-mpc-pr-reune-especialistas-para-debater-os-desafios-e-avancos-das-politicas-publicas-para-mulheres\/#primaryimage","url":"https:\/\/www.mpc.pr.gov.br\/wp-content\/uploads\/2025\/03\/Evento-mes-da-mulher-2025-live.png","contentUrl":"https:\/\/www.mpc.pr.gov.br\/wp-content\/uploads\/2025\/03\/Evento-mes-da-mulher-2025-live.png","width":560,"height":315},{"@type":"BreadcrumbList","@id":"https:\/\/www.mpc.pr.gov.br\/index.php\/mes-da-mulher-mpc-pr-reune-especialistas-para-debater-os-desafios-e-avancos-das-politicas-publicas-para-mulheres\/#breadcrumb","itemListElement":[{"@type":"ListItem","position":1,"name":"In\u00edcio","item":"https:\/\/www.mpc.pr.gov.br\/"},{"@type":"ListItem","position":2,"name":"M\u00eas da Mulher: MPC-PR re\u00fane especialistas para debater os desafios e avan\u00e7os das pol\u00edticas p\u00fablicas para mulheres"}]},{"@type":"WebSite","@id":"https:\/\/www.mpc.pr.gov.br\/#website","url":"https:\/\/www.mpc.pr.gov.br\/","name":"Minist\u00e9rio P\u00fablico de Contas do Estado do Paran\u00e1","description":"","publisher":{"@id":"https:\/\/www.mpc.pr.gov.br\/#organization"},"potentialAction":[{"@type":"SearchAction","target":{"@type":"EntryPoint","urlTemplate":"https:\/\/www.mpc.pr.gov.br\/?s={search_term_string}"},"query-input":{"@type":"PropertyValueSpecification","valueRequired":true,"valueName":"search_term_string"}}],"inLanguage":"pt-BR"},{"@type":"Organization","@id":"https:\/\/www.mpc.pr.gov.br\/#organization","name":"Minist\u00e9rio P\u00fablico de Contas do Estado do Paran\u00e1","url":"https:\/\/www.mpc.pr.gov.br\/","logo":{"@type":"ImageObject","inLanguage":"pt-BR","@id":"https:\/\/www.mpc.pr.gov.br\/#\/schema\/logo\/image\/","url":"https:\/\/www.mpc.pr.gov.br\/wp-content\/uploads\/2020\/06\/99423647_1593460364143890_6706793420720963584_n-1-e1591387983167.png","contentUrl":"https:\/\/www.mpc.pr.gov.br\/wp-content\/uploads\/2020\/06\/99423647_1593460364143890_6706793420720963584_n-1-e1591387983167.png","width":243,"height":73,"caption":"Minist\u00e9rio P\u00fablico de Contas do Estado do Paran\u00e1"},"image":{"@id":"https:\/\/www.mpc.pr.gov.br\/#\/schema\/logo\/image\/"},"sameAs":["https:\/\/www.facebook.com\/mpc.pr","https:\/\/www.instagram.com\/mpc.pr\/?hl=pt-br","https:\/\/www.youtube.com\/channel\/UCHri5oEM8DV0ztX57E0sBSw"]},{"@type":"Person","@id":"https:\/\/www.mpc.pr.gov.br\/#\/schema\/person\/2d83cb8980538d0ec174e8a6284f5e11","name":"mpcontaspr","image":{"@type":"ImageObject","inLanguage":"pt-BR","@id":"https:\/\/secure.gravatar.com\/avatar\/1aef51541db7622e05fd639336c9c9f312c2a618396e2b6ca96846362fc5403f?s=96&d=mm&r=g","url":"https:\/\/secure.gravatar.com\/avatar\/1aef51541db7622e05fd639336c9c9f312c2a618396e2b6ca96846362fc5403f?s=96&d=mm&r=g","contentUrl":"https:\/\/secure.gravatar.com\/avatar\/1aef51541db7622e05fd639336c9c9f312c2a618396e2b6ca96846362fc5403f?s=96&d=mm&r=g","caption":"mpcontaspr"},"sameAs":["http:\/\/www.mpc.pr.gov.br"]}]}},"rttpg_featured_image_url":{"full":["https:\/\/www.mpc.pr.gov.br\/wp-content\/uploads\/2025\/03\/Evento-mes-da-mulher-2025-live.png",560,315,false],"landscape":["https:\/\/www.mpc.pr.gov.br\/wp-content\/uploads\/2025\/03\/Evento-mes-da-mulher-2025-live.png",560,315,false],"portraits":["https:\/\/www.mpc.pr.gov.br\/wp-content\/uploads\/2025\/03\/Evento-mes-da-mulher-2025-live.png",560,315,false],"thumbnail":["https:\/\/www.mpc.pr.gov.br\/wp-content\/uploads\/2025\/03\/Evento-mes-da-mulher-2025-live-150x150.png",150,150,true],"medium":["https:\/\/www.mpc.pr.gov.br\/wp-content\/uploads\/2025\/03\/Evento-mes-da-mulher-2025-live-300x169.png",300,169,true],"large":["https:\/\/www.mpc.pr.gov.br\/wp-content\/uploads\/2025\/03\/Evento-mes-da-mulher-2025-live.png",560,315,false],"1536x1536":["https:\/\/www.mpc.pr.gov.br\/wp-content\/uploads\/2025\/03\/Evento-mes-da-mulher-2025-live.png",560,315,false],"2048x2048":["https:\/\/www.mpc.pr.gov.br\/wp-content\/uploads\/2025\/03\/Evento-mes-da-mulher-2025-live.png",560,315,false],"ocean-thumb-m":["https:\/\/www.mpc.pr.gov.br\/wp-content\/uploads\/2025\/03\/Evento-mes-da-mulher-2025-live.png",560,315,false],"ocean-thumb-ml":["https:\/\/www.mpc.pr.gov.br\/wp-content\/uploads\/2025\/03\/Evento-mes-da-mulher-2025-live.png",560,315,false],"ocean-thumb-l":["https:\/\/www.mpc.pr.gov.br\/wp-content\/uploads\/2025\/03\/Evento-mes-da-mulher-2025-live.png",560,315,false]},"rttpg_author":{"display_name":"mpcontaspr","author_link":"https:\/\/www.mpc.pr.gov.br\/index.php\/author\/mpcontaspr\/"},"rttpg_comment":0,"rttpg_category":"<a href=\"https:\/\/www.mpc.pr.gov.br\/index.php\/category\/todas-as-noticias\/\" rel=\"category tag\">Todas as not\u00edcias<\/a>","rttpg_excerpt":"O Minist\u00e9rio P\u00fablico de Contas do Paran\u00e1 (MPC-PR) promoveu nesta quarta-feira (26 de mar\u00e7o), um evento online em celebra\u00e7\u00e3o ao M\u00eas da Mulher. Com o tema \u201cDesafios e Oportunidades frente \u00e0s Pol\u00edticas P\u00fablicas das Pautas Femininas\u201d, o encontro reuniu especialistas para discutir diferentes perspectivas sobre o fortalecimento dos direitos das mulheres e o papel das&hellip;","_links":{"self":[{"href":"https:\/\/www.mpc.pr.gov.br\/index.php\/wp-json\/wp\/v2\/posts\/22844","targetHints":{"allow":["GET"]}}],"collection":[{"href":"https:\/\/www.mpc.pr.gov.br\/index.php\/wp-json\/wp\/v2\/posts"}],"about":[{"href":"https:\/\/www.mpc.pr.gov.br\/index.php\/wp-json\/wp\/v2\/types\/post"}],"author":[{"embeddable":true,"href":"https:\/\/www.mpc.pr.gov.br\/index.php\/wp-json\/wp\/v2\/users\/1"}],"replies":[{"embeddable":true,"href":"https:\/\/www.mpc.pr.gov.br\/index.php\/wp-json\/wp\/v2\/comments?post=22844"}],"version-history":[{"count":5,"href":"https:\/\/www.mpc.pr.gov.br\/index.php\/wp-json\/wp\/v2\/posts\/22844\/revisions"}],"predecessor-version":[{"id":22850,"href":"https:\/\/www.mpc.pr.gov.br\/index.php\/wp-json\/wp\/v2\/posts\/22844\/revisions\/22850"}],"wp:featuredmedia":[{"embeddable":true,"href":"https:\/\/www.mpc.pr.gov.br\/index.php\/wp-json\/wp\/v2\/media\/22845"}],"wp:attachment":[{"href":"https:\/\/www.mpc.pr.gov.br\/index.php\/wp-json\/wp\/v2\/media?parent=22844"}],"wp:term":[{"taxonomy":"category","embeddable":true,"href":"https:\/\/www.mpc.pr.gov.br\/index.php\/wp-json\/wp\/v2\/categories?post=22844"},{"taxonomy":"post_tag","embeddable":true,"href":"https:\/\/www.mpc.pr.gov.br\/index.php\/wp-json\/wp\/v2\/tags?post=22844"}],"curies":[{"name":"wp","href":"https:\/\/api.w.org\/{rel}","templated":true}]}}