{"id":22855,"date":"2025-03-28T12:10:32","date_gmt":"2025-03-28T15:10:32","guid":{"rendered":"https:\/\/www.mpc.pr.gov.br\/?p=22855"},"modified":"2025-04-10T11:09:08","modified_gmt":"2025-04-10T14:09:08","slug":"irb-e-entidades-do-controle-externo-lancam-nota-conjunta-sobre-acessibilidade-e-inclusao","status":"publish","type":"post","link":"https:\/\/www.mpc.pr.gov.br\/index.php\/irb-e-entidades-do-controle-externo-lancam-nota-conjunta-sobre-acessibilidade-e-inclusao\/","title":{"rendered":"IRB e entidades do Controle Externo lan\u00e7am Nota Conjunta sobre acessibilidade e inclus\u00e3o"},"content":{"rendered":"<p><span data-contrast=\"auto\"><img fetchpriority=\"high\" decoding=\"async\" class=\"size-medium wp-image-22856 alignleft\" src=\"https:\/\/www.mpc.pr.gov.br\/wp-content\/uploads\/2025\/03\/IMAGEM-SITE-nota-IRB-acessibilidade-03-2025-300x169.png\" alt=\"\" width=\"300\" height=\"169\" srcset=\"https:\/\/www.mpc.pr.gov.br\/wp-content\/uploads\/2025\/03\/IMAGEM-SITE-nota-IRB-acessibilidade-03-2025-300x169.png 300w, https:\/\/www.mpc.pr.gov.br\/wp-content\/uploads\/2025\/03\/IMAGEM-SITE-nota-IRB-acessibilidade-03-2025.png 560w\" sizes=\"(max-width: 300px) 100vw, 300px\" \/>O Instituto Rui Barbosa (IRB), por meio do seu Comit\u00ea T\u00e9cnico de Acessibilidade e Inclus\u00e3o, divulgou uma\u00a0<\/span><a href=\"https:\/\/irbcontas.org.br\/wp-admin\/admin-ajax.php?juwpfisadmin=false&amp;action=wpfd&amp;task=file.download&amp;wpfd_category_id=3769&amp;wpfd_file_id=42877&amp;token=ac3181da860f12db60569f47afb374b8&amp;preview=1\"><span data-contrast=\"auto\">Nota Recomendat\u00f3ria Conjunta<\/span><\/a><span data-contrast=\"auto\">\u00a0em parceria com as Entidades representativas do Sistema de Controle Externo brasileiro. O documento refor\u00e7a a import\u00e2ncia da acessibilidade e inclus\u00e3o das pessoas com defici\u00eancia e prop\u00f5e diretrizes para que Tribunais de Contas e Minist\u00e9rios P\u00fablicos de Contas adotem medidas concretas para assegurar a acessibilidade em suas estruturas organizacionais e aprimorar a fiscaliza\u00e7\u00e3o de pol\u00edticas p\u00fablicas voltadas para essa popula\u00e7\u00e3o.<\/span><span data-ccp-props=\"{&quot;134233117&quot;:false,&quot;134233118&quot;:false,&quot;201341983&quot;:0,&quot;335551550&quot;:6,&quot;335551620&quot;:6,&quot;335557856&quot;:16777215,&quot;335559738&quot;:0,&quot;335559739&quot;:216,&quot;335559740&quot;:360}\">\u00a0<\/span><\/p>\n<p><span data-contrast=\"auto\">A Nota Recomendat\u00f3ria destaca a necessidade de garantir a plena e efetiva participa\u00e7\u00e3o social das pessoas com defici\u00eancia, em conson\u00e2ncia com tratados internacionais, como a Conven\u00e7\u00e3o sobre os Direitos das Pessoas com Defici\u00eancia (CDPD), e a legisla\u00e7\u00e3o nacional, incluindo a Lei Brasileira de Inclus\u00e3o da Pessoa com Defici\u00eancia (LBI). <\/span><span data-ccp-props=\"{&quot;134233117&quot;:false,&quot;134233118&quot;:false,&quot;201341983&quot;:0,&quot;335551550&quot;:6,&quot;335551620&quot;:6,&quot;335557856&quot;:16777215,&quot;335559738&quot;:0,&quot;335559739&quot;:216,&quot;335559740&quot;:360}\">\u00a0<\/span><\/p>\n<p><span data-contrast=\"auto\">Entre as 15 a\u00e7\u00f5es recomendadas est\u00e3o a cria\u00e7\u00e3o de n\u00facleos especializados em acessibilidade, adapta\u00e7\u00f5es arquitet\u00f4nicas e digitais, capacita\u00e7\u00e3o de servidores e gestores p\u00fablicos, al\u00e9m do desenvolvimento de auditorias focadas no cumprimento das normas de inclus\u00e3o. Tamb\u00e9m \u00e9 incentivada a fiscaliza\u00e7\u00e3o da reserva de vagas para pessoas com defici\u00eancia nos concursos p\u00fablicos e contratos de terceiriza\u00e7\u00e3o.<\/span><span data-ccp-props=\"{&quot;134233117&quot;:false,&quot;134233118&quot;:false,&quot;201341983&quot;:0,&quot;335551550&quot;:6,&quot;335551620&quot;:6,&quot;335557856&quot;:16777215,&quot;335559738&quot;:0,&quot;335559739&quot;:216,&quot;335559740&quot;:360}\">\u00a0<\/span><\/p>\n<p><span data-contrast=\"auto\">A publica\u00e7\u00e3o da Nota Conjunta est\u00e1 alinhada \u00e0 iniciativa do Tribunal de Contas da Uni\u00e3o (TCU), que declarou 2025 como o Ano da Pessoa com Defici\u00eancia no Controle Externo Brasileiro. Dessa forma, o IRB e as Entidades do Sistema de Controle refor\u00e7am seu compromisso com a promo\u00e7\u00e3o da igualdade de oportunidades e a constru\u00e7\u00e3o de uma administra\u00e7\u00e3o p\u00fablica mais acess\u00edvel e inclusiva.<\/span><span data-ccp-props=\"{&quot;134233117&quot;:false,&quot;134233118&quot;:false,&quot;201341983&quot;:0,&quot;335551550&quot;:6,&quot;335551620&quot;:6,&quot;335557856&quot;:16777215,&quot;335559738&quot;:0,&quot;335559739&quot;:216,&quot;335559740&quot;:360}\">\u00a0<\/span><\/p>\n<p><b><span data-contrast=\"auto\">MPC-PR e a acessibilidade<\/span><\/b><span data-ccp-props=\"{&quot;134233117&quot;:false,&quot;134233118&quot;:false,&quot;201341983&quot;:0,&quot;335551550&quot;:6,&quot;335551620&quot;:6,&quot;335557856&quot;:16777215,&quot;335559738&quot;:0,&quot;335559739&quot;:216,&quot;335559740&quot;:360}\">\u00a0<\/span><\/p>\n<p><span data-contrast=\"auto\">Representando o Minist\u00e9rio P\u00fablico de Contas do Paran\u00e1 (MPC-PR), o Procurador-Geral Gabriel Guy L\u00e9ger integra a coordena\u00e7\u00e3o do Comit\u00ea T\u00e9cnico de Acessibilidade e Inclus\u00e3o do IRB.\u00a0 Essa participa\u00e7\u00e3o\u00a0refor\u00e7a o compromisso da institui\u00e7\u00e3o com a promo\u00e7\u00e3o da igualdade de oportunidades e a fiscaliza\u00e7\u00e3o de pol\u00edticas p\u00fablicas voltadas \u00e0 acessibilidade e inclus\u00e3o.<\/span><span data-ccp-props=\"{&quot;134233117&quot;:false,&quot;134233118&quot;:false,&quot;201341983&quot;:0,&quot;335551550&quot;:6,&quot;335551620&quot;:6,&quot;335557856&quot;:16777215,&quot;335559738&quot;:0,&quot;335559739&quot;:216,&quot;335559740&quot;:360}\">\u00a0<\/span><\/p>\n<p><span data-contrast=\"auto\">Leia a \u00edntegra da Nota Recomendat\u00f3ria Conjunta clicando\u00a0<\/span><a href=\"https:\/\/irbcontas.org.br\/wp-admin\/admin-ajax.php?juwpfisadmin=false&amp;action=wpfd&amp;task=file.download&amp;wpfd_category_id=3769&amp;wpfd_file_id=42877&amp;token=ac3181da860f12db60569f47afb374b8&amp;preview=1\"><span data-contrast=\"auto\">AQUI<\/span><\/a><span data-contrast=\"auto\">.<\/span><span data-ccp-props=\"{&quot;134233117&quot;:false,&quot;134233118&quot;:false,&quot;201341983&quot;:0,&quot;335551550&quot;:6,&quot;335551620&quot;:6,&quot;335557856&quot;:16777215,&quot;335559738&quot;:0,&quot;335559739&quot;:216,&quot;335559740&quot;:360}\">\u00a0<\/span><\/p>\n","protected":false},"excerpt":{"rendered":"<p>O Instituto Rui Barbosa (IRB), por meio do seu Comit\u00ea T\u00e9cnico de Acessibilidade e Inclus\u00e3o, divulgou uma\u00a0Nota Recomendat\u00f3ria Conjunta\u00a0em parceria com as Entidades representativas do Sistema de Controle Externo brasileiro. O documento refor\u00e7a a import\u00e2ncia da acessibilidade e inclus\u00e3o das pessoas com defici\u00eancia e prop\u00f5e diretrizes para que Tribunais de Contas e Minist\u00e9rios P\u00fablicos de [&hellip;]<\/p>\n","protected":false},"author":1,"featured_media":22856,"comment_status":"open","ping_status":"open","sticky":false,"template":"","format":"standard","meta":{"_monsterinsights_skip_tracking":false,"_monsterinsights_sitenote_active":false,"_monsterinsights_sitenote_note":"","_monsterinsights_sitenote_category":0,"footnotes":""},"categories":[7],"tags":[115,114,300,13,692],"class_list":["post-22855","post","type-post","status-publish","format-standard","has-post-thumbnail","hentry","category-todas-as-noticias","tag-acessibilidade","tag-inclusao","tag-irb","tag-mpc-pr","tag-nota-recomendatoria-conjunta","entry","has-media"],"yoast_head":"<!-- This site is optimized with the Yoast SEO plugin v27.3 - https:\/\/yoast.com\/product\/yoast-seo-wordpress\/ -->\n<title>IRB e entidades do Controle Externo lan\u00e7am Nota Conjunta sobre acessibilidade e inclus\u00e3o - Minist\u00e9rio P\u00fablico de Contas do Estado do Paran\u00e1<\/title>\n<meta name=\"robots\" content=\"index, follow, max-snippet:-1, max-image-preview:large, max-video-preview:-1\" \/>\n<link rel=\"canonical\" href=\"https:\/\/www.mpc.pr.gov.br\/index.php\/irb-e-entidades-do-controle-externo-lancam-nota-conjunta-sobre-acessibilidade-e-inclusao\/\" \/>\n<meta property=\"og:locale\" content=\"pt_BR\" \/>\n<meta property=\"og:type\" content=\"article\" \/>\n<meta property=\"og:title\" content=\"IRB e entidades do Controle Externo lan\u00e7am Nota Conjunta sobre acessibilidade e inclus\u00e3o - Minist\u00e9rio P\u00fablico de Contas do Estado do Paran\u00e1\" \/>\n<meta property=\"og:description\" content=\"O Instituto Rui Barbosa (IRB), por meio do seu Comit\u00ea T\u00e9cnico de Acessibilidade e Inclus\u00e3o, divulgou uma\u00a0Nota Recomendat\u00f3ria Conjunta\u00a0em parceria com as Entidades representativas do Sistema de Controle Externo brasileiro. O documento refor\u00e7a a import\u00e2ncia da acessibilidade e inclus\u00e3o das pessoas com defici\u00eancia e prop\u00f5e diretrizes para que Tribunais de Contas e Minist\u00e9rios P\u00fablicos de [&hellip;]\" \/>\n<meta property=\"og:url\" content=\"https:\/\/www.mpc.pr.gov.br\/index.php\/irb-e-entidades-do-controle-externo-lancam-nota-conjunta-sobre-acessibilidade-e-inclusao\/\" \/>\n<meta property=\"og:site_name\" content=\"Minist\u00e9rio P\u00fablico de Contas do Estado do Paran\u00e1\" \/>\n<meta property=\"article:publisher\" content=\"https:\/\/www.facebook.com\/mpc.pr\" \/>\n<meta property=\"article:published_time\" content=\"2025-03-28T15:10:32+00:00\" \/>\n<meta property=\"article:modified_time\" content=\"2025-04-10T14:09:08+00:00\" \/>\n<meta property=\"og:image\" content=\"https:\/\/www.mpc.pr.gov.br\/wp-content\/uploads\/2025\/03\/IMAGEM-SITE-nota-IRB-acessibilidade-03-2025.png\" \/>\n\t<meta property=\"og:image:width\" content=\"560\" \/>\n\t<meta property=\"og:image:height\" content=\"315\" \/>\n\t<meta property=\"og:image:type\" content=\"image\/png\" \/>\n<meta name=\"author\" content=\"mpcontaspr\" \/>\n<meta name=\"twitter:card\" content=\"summary_large_image\" \/>\n<meta name=\"twitter:label1\" content=\"Escrito por\" \/>\n\t<meta name=\"twitter:data1\" content=\"mpcontaspr\" \/>\n\t<meta name=\"twitter:label2\" content=\"Est. tempo de leitura\" \/>\n\t<meta name=\"twitter:data2\" content=\"3 minutos\" \/>\n<script type=\"application\/ld+json\" class=\"yoast-schema-graph\">{\"@context\":\"https:\\\/\\\/schema.org\",\"@graph\":[{\"@type\":\"Article\",\"@id\":\"https:\\\/\\\/www.mpc.pr.gov.br\\\/index.php\\\/irb-e-entidades-do-controle-externo-lancam-nota-conjunta-sobre-acessibilidade-e-inclusao\\\/#article\",\"isPartOf\":{\"@id\":\"https:\\\/\\\/www.mpc.pr.gov.br\\\/index.php\\\/irb-e-entidades-do-controle-externo-lancam-nota-conjunta-sobre-acessibilidade-e-inclusao\\\/\"},\"author\":{\"name\":\"mpcontaspr\",\"@id\":\"https:\\\/\\\/www.mpc.pr.gov.br\\\/#\\\/schema\\\/person\\\/2d83cb8980538d0ec174e8a6284f5e11\"},\"headline\":\"IRB e entidades do Controle Externo lan\u00e7am Nota Conjunta sobre acessibilidade e inclus\u00e3o\",\"datePublished\":\"2025-03-28T15:10:32+00:00\",\"dateModified\":\"2025-04-10T14:09:08+00:00\",\"mainEntityOfPage\":{\"@id\":\"https:\\\/\\\/www.mpc.pr.gov.br\\\/index.php\\\/irb-e-entidades-do-controle-externo-lancam-nota-conjunta-sobre-acessibilidade-e-inclusao\\\/\"},\"wordCount\":382,\"commentCount\":0,\"publisher\":{\"@id\":\"https:\\\/\\\/www.mpc.pr.gov.br\\\/#organization\"},\"image\":{\"@id\":\"https:\\\/\\\/www.mpc.pr.gov.br\\\/index.php\\\/irb-e-entidades-do-controle-externo-lancam-nota-conjunta-sobre-acessibilidade-e-inclusao\\\/#primaryimage\"},\"thumbnailUrl\":\"https:\\\/\\\/www.mpc.pr.gov.br\\\/wp-content\\\/uploads\\\/2025\\\/03\\\/IMAGEM-SITE-nota-IRB-acessibilidade-03-2025.png\",\"keywords\":[\"Acessibilidade\",\"Inclus\u00e3o\",\"IRB\",\"MPC-PR\",\"Nota Recomendat\u00f3ria Conjunta\"],\"articleSection\":[\"Todas as not\u00edcias\"],\"inLanguage\":\"pt-BR\",\"potentialAction\":[{\"@type\":\"CommentAction\",\"name\":\"Comment\",\"target\":[\"https:\\\/\\\/www.mpc.pr.gov.br\\\/index.php\\\/irb-e-entidades-do-controle-externo-lancam-nota-conjunta-sobre-acessibilidade-e-inclusao\\\/#respond\"]}]},{\"@type\":\"WebPage\",\"@id\":\"https:\\\/\\\/www.mpc.pr.gov.br\\\/index.php\\\/irb-e-entidades-do-controle-externo-lancam-nota-conjunta-sobre-acessibilidade-e-inclusao\\\/\",\"url\":\"https:\\\/\\\/www.mpc.pr.gov.br\\\/index.php\\\/irb-e-entidades-do-controle-externo-lancam-nota-conjunta-sobre-acessibilidade-e-inclusao\\\/\",\"name\":\"IRB e entidades do Controle Externo lan\u00e7am Nota Conjunta sobre acessibilidade e inclus\u00e3o - Minist\u00e9rio P\u00fablico de Contas do Estado do Paran\u00e1\",\"isPartOf\":{\"@id\":\"https:\\\/\\\/www.mpc.pr.gov.br\\\/#website\"},\"primaryImageOfPage\":{\"@id\":\"https:\\\/\\\/www.mpc.pr.gov.br\\\/index.php\\\/irb-e-entidades-do-controle-externo-lancam-nota-conjunta-sobre-acessibilidade-e-inclusao\\\/#primaryimage\"},\"image\":{\"@id\":\"https:\\\/\\\/www.mpc.pr.gov.br\\\/index.php\\\/irb-e-entidades-do-controle-externo-lancam-nota-conjunta-sobre-acessibilidade-e-inclusao\\\/#primaryimage\"},\"thumbnailUrl\":\"https:\\\/\\\/www.mpc.pr.gov.br\\\/wp-content\\\/uploads\\\/2025\\\/03\\\/IMAGEM-SITE-nota-IRB-acessibilidade-03-2025.png\",\"datePublished\":\"2025-03-28T15:10:32+00:00\",\"dateModified\":\"2025-04-10T14:09:08+00:00\",\"breadcrumb\":{\"@id\":\"https:\\\/\\\/www.mpc.pr.gov.br\\\/index.php\\\/irb-e-entidades-do-controle-externo-lancam-nota-conjunta-sobre-acessibilidade-e-inclusao\\\/#breadcrumb\"},\"inLanguage\":\"pt-BR\",\"potentialAction\":[{\"@type\":\"ReadAction\",\"target\":[\"https:\\\/\\\/www.mpc.pr.gov.br\\\/index.php\\\/irb-e-entidades-do-controle-externo-lancam-nota-conjunta-sobre-acessibilidade-e-inclusao\\\/\"]}]},{\"@type\":\"ImageObject\",\"inLanguage\":\"pt-BR\",\"@id\":\"https:\\\/\\\/www.mpc.pr.gov.br\\\/index.php\\\/irb-e-entidades-do-controle-externo-lancam-nota-conjunta-sobre-acessibilidade-e-inclusao\\\/#primaryimage\",\"url\":\"https:\\\/\\\/www.mpc.pr.gov.br\\\/wp-content\\\/uploads\\\/2025\\\/03\\\/IMAGEM-SITE-nota-IRB-acessibilidade-03-2025.png\",\"contentUrl\":\"https:\\\/\\\/www.mpc.pr.gov.br\\\/wp-content\\\/uploads\\\/2025\\\/03\\\/IMAGEM-SITE-nota-IRB-acessibilidade-03-2025.png\",\"width\":560,\"height\":315},{\"@type\":\"BreadcrumbList\",\"@id\":\"https:\\\/\\\/www.mpc.pr.gov.br\\\/index.php\\\/irb-e-entidades-do-controle-externo-lancam-nota-conjunta-sobre-acessibilidade-e-inclusao\\\/#breadcrumb\",\"itemListElement\":[{\"@type\":\"ListItem\",\"position\":1,\"name\":\"In\u00edcio\",\"item\":\"https:\\\/\\\/www.mpc.pr.gov.br\\\/\"},{\"@type\":\"ListItem\",\"position\":2,\"name\":\"IRB e entidades do Controle Externo lan\u00e7am Nota Conjunta sobre acessibilidade e inclus\u00e3o\"}]},{\"@type\":\"WebSite\",\"@id\":\"https:\\\/\\\/www.mpc.pr.gov.br\\\/#website\",\"url\":\"https:\\\/\\\/www.mpc.pr.gov.br\\\/\",\"name\":\"Minist\u00e9rio P\u00fablico de Contas do Estado do Paran\u00e1\",\"description\":\"\",\"publisher\":{\"@id\":\"https:\\\/\\\/www.mpc.pr.gov.br\\\/#organization\"},\"potentialAction\":[{\"@type\":\"SearchAction\",\"target\":{\"@type\":\"EntryPoint\",\"urlTemplate\":\"https:\\\/\\\/www.mpc.pr.gov.br\\\/?s={search_term_string}\"},\"query-input\":{\"@type\":\"PropertyValueSpecification\",\"valueRequired\":true,\"valueName\":\"search_term_string\"}}],\"inLanguage\":\"pt-BR\"},{\"@type\":\"Organization\",\"@id\":\"https:\\\/\\\/www.mpc.pr.gov.br\\\/#organization\",\"name\":\"Minist\u00e9rio P\u00fablico de Contas do Estado do Paran\u00e1\",\"url\":\"https:\\\/\\\/www.mpc.pr.gov.br\\\/\",\"logo\":{\"@type\":\"ImageObject\",\"inLanguage\":\"pt-BR\",\"@id\":\"https:\\\/\\\/www.mpc.pr.gov.br\\\/#\\\/schema\\\/logo\\\/image\\\/\",\"url\":\"https:\\\/\\\/www.mpc.pr.gov.br\\\/wp-content\\\/uploads\\\/2020\\\/06\\\/99423647_1593460364143890_6706793420720963584_n-1-e1591387983167.png\",\"contentUrl\":\"https:\\\/\\\/www.mpc.pr.gov.br\\\/wp-content\\\/uploads\\\/2020\\\/06\\\/99423647_1593460364143890_6706793420720963584_n-1-e1591387983167.png\",\"width\":243,\"height\":73,\"caption\":\"Minist\u00e9rio P\u00fablico de Contas do Estado do Paran\u00e1\"},\"image\":{\"@id\":\"https:\\\/\\\/www.mpc.pr.gov.br\\\/#\\\/schema\\\/logo\\\/image\\\/\"},\"sameAs\":[\"https:\\\/\\\/www.facebook.com\\\/mpc.pr\",\"https:\\\/\\\/www.instagram.com\\\/mpc.pr\\\/?hl=pt-br\",\"https:\\\/\\\/www.youtube.com\\\/channel\\\/UCHri5oEM8DV0ztX57E0sBSw\"]},{\"@type\":\"Person\",\"@id\":\"https:\\\/\\\/www.mpc.pr.gov.br\\\/#\\\/schema\\\/person\\\/2d83cb8980538d0ec174e8a6284f5e11\",\"name\":\"mpcontaspr\",\"image\":{\"@type\":\"ImageObject\",\"inLanguage\":\"pt-BR\",\"@id\":\"https:\\\/\\\/secure.gravatar.com\\\/avatar\\\/1aef51541db7622e05fd639336c9c9f312c2a618396e2b6ca96846362fc5403f?s=96&d=mm&r=g\",\"url\":\"https:\\\/\\\/secure.gravatar.com\\\/avatar\\\/1aef51541db7622e05fd639336c9c9f312c2a618396e2b6ca96846362fc5403f?s=96&d=mm&r=g\",\"contentUrl\":\"https:\\\/\\\/secure.gravatar.com\\\/avatar\\\/1aef51541db7622e05fd639336c9c9f312c2a618396e2b6ca96846362fc5403f?s=96&d=mm&r=g\",\"caption\":\"mpcontaspr\"},\"sameAs\":[\"http:\\\/\\\/www.mpc.pr.gov.br\"]}]}<\/script>\n<!-- \/ Yoast SEO plugin. -->","yoast_head_json":{"title":"IRB e entidades do Controle Externo lan\u00e7am Nota Conjunta sobre acessibilidade e inclus\u00e3o - Minist\u00e9rio P\u00fablico de Contas do Estado do Paran\u00e1","robots":{"index":"index","follow":"follow","max-snippet":"max-snippet:-1","max-image-preview":"max-image-preview:large","max-video-preview":"max-video-preview:-1"},"canonical":"https:\/\/www.mpc.pr.gov.br\/index.php\/irb-e-entidades-do-controle-externo-lancam-nota-conjunta-sobre-acessibilidade-e-inclusao\/","og_locale":"pt_BR","og_type":"article","og_title":"IRB e entidades do Controle Externo lan\u00e7am Nota Conjunta sobre acessibilidade e inclus\u00e3o - Minist\u00e9rio P\u00fablico de Contas do Estado do Paran\u00e1","og_description":"O Instituto Rui Barbosa (IRB), por meio do seu Comit\u00ea T\u00e9cnico de Acessibilidade e Inclus\u00e3o, divulgou uma\u00a0Nota Recomendat\u00f3ria Conjunta\u00a0em parceria com as Entidades representativas do Sistema de Controle Externo brasileiro. O documento refor\u00e7a a import\u00e2ncia da acessibilidade e inclus\u00e3o das pessoas com defici\u00eancia e prop\u00f5e diretrizes para que Tribunais de Contas e Minist\u00e9rios P\u00fablicos de [&hellip;]","og_url":"https:\/\/www.mpc.pr.gov.br\/index.php\/irb-e-entidades-do-controle-externo-lancam-nota-conjunta-sobre-acessibilidade-e-inclusao\/","og_site_name":"Minist\u00e9rio P\u00fablico de Contas do Estado do Paran\u00e1","article_publisher":"https:\/\/www.facebook.com\/mpc.pr","article_published_time":"2025-03-28T15:10:32+00:00","article_modified_time":"2025-04-10T14:09:08+00:00","og_image":[{"width":560,"height":315,"url":"https:\/\/www.mpc.pr.gov.br\/wp-content\/uploads\/2025\/03\/IMAGEM-SITE-nota-IRB-acessibilidade-03-2025.png","type":"image\/png"}],"author":"mpcontaspr","twitter_card":"summary_large_image","twitter_misc":{"Escrito por":"mpcontaspr","Est. tempo de leitura":"3 minutos"},"schema":{"@context":"https:\/\/schema.org","@graph":[{"@type":"Article","@id":"https:\/\/www.mpc.pr.gov.br\/index.php\/irb-e-entidades-do-controle-externo-lancam-nota-conjunta-sobre-acessibilidade-e-inclusao\/#article","isPartOf":{"@id":"https:\/\/www.mpc.pr.gov.br\/index.php\/irb-e-entidades-do-controle-externo-lancam-nota-conjunta-sobre-acessibilidade-e-inclusao\/"},"author":{"name":"mpcontaspr","@id":"https:\/\/www.mpc.pr.gov.br\/#\/schema\/person\/2d83cb8980538d0ec174e8a6284f5e11"},"headline":"IRB e entidades do Controle Externo lan\u00e7am Nota Conjunta sobre acessibilidade e inclus\u00e3o","datePublished":"2025-03-28T15:10:32+00:00","dateModified":"2025-04-10T14:09:08+00:00","mainEntityOfPage":{"@id":"https:\/\/www.mpc.pr.gov.br\/index.php\/irb-e-entidades-do-controle-externo-lancam-nota-conjunta-sobre-acessibilidade-e-inclusao\/"},"wordCount":382,"commentCount":0,"publisher":{"@id":"https:\/\/www.mpc.pr.gov.br\/#organization"},"image":{"@id":"https:\/\/www.mpc.pr.gov.br\/index.php\/irb-e-entidades-do-controle-externo-lancam-nota-conjunta-sobre-acessibilidade-e-inclusao\/#primaryimage"},"thumbnailUrl":"https:\/\/www.mpc.pr.gov.br\/wp-content\/uploads\/2025\/03\/IMAGEM-SITE-nota-IRB-acessibilidade-03-2025.png","keywords":["Acessibilidade","Inclus\u00e3o","IRB","MPC-PR","Nota Recomendat\u00f3ria Conjunta"],"articleSection":["Todas as not\u00edcias"],"inLanguage":"pt-BR","potentialAction":[{"@type":"CommentAction","name":"Comment","target":["https:\/\/www.mpc.pr.gov.br\/index.php\/irb-e-entidades-do-controle-externo-lancam-nota-conjunta-sobre-acessibilidade-e-inclusao\/#respond"]}]},{"@type":"WebPage","@id":"https:\/\/www.mpc.pr.gov.br\/index.php\/irb-e-entidades-do-controle-externo-lancam-nota-conjunta-sobre-acessibilidade-e-inclusao\/","url":"https:\/\/www.mpc.pr.gov.br\/index.php\/irb-e-entidades-do-controle-externo-lancam-nota-conjunta-sobre-acessibilidade-e-inclusao\/","name":"IRB e entidades do Controle Externo lan\u00e7am Nota Conjunta sobre acessibilidade e inclus\u00e3o - Minist\u00e9rio P\u00fablico de Contas do Estado do Paran\u00e1","isPartOf":{"@id":"https:\/\/www.mpc.pr.gov.br\/#website"},"primaryImageOfPage":{"@id":"https:\/\/www.mpc.pr.gov.br\/index.php\/irb-e-entidades-do-controle-externo-lancam-nota-conjunta-sobre-acessibilidade-e-inclusao\/#primaryimage"},"image":{"@id":"https:\/\/www.mpc.pr.gov.br\/index.php\/irb-e-entidades-do-controle-externo-lancam-nota-conjunta-sobre-acessibilidade-e-inclusao\/#primaryimage"},"thumbnailUrl":"https:\/\/www.mpc.pr.gov.br\/wp-content\/uploads\/2025\/03\/IMAGEM-SITE-nota-IRB-acessibilidade-03-2025.png","datePublished":"2025-03-28T15:10:32+00:00","dateModified":"2025-04-10T14:09:08+00:00","breadcrumb":{"@id":"https:\/\/www.mpc.pr.gov.br\/index.php\/irb-e-entidades-do-controle-externo-lancam-nota-conjunta-sobre-acessibilidade-e-inclusao\/#breadcrumb"},"inLanguage":"pt-BR","potentialAction":[{"@type":"ReadAction","target":["https:\/\/www.mpc.pr.gov.br\/index.php\/irb-e-entidades-do-controle-externo-lancam-nota-conjunta-sobre-acessibilidade-e-inclusao\/"]}]},{"@type":"ImageObject","inLanguage":"pt-BR","@id":"https:\/\/www.mpc.pr.gov.br\/index.php\/irb-e-entidades-do-controle-externo-lancam-nota-conjunta-sobre-acessibilidade-e-inclusao\/#primaryimage","url":"https:\/\/www.mpc.pr.gov.br\/wp-content\/uploads\/2025\/03\/IMAGEM-SITE-nota-IRB-acessibilidade-03-2025.png","contentUrl":"https:\/\/www.mpc.pr.gov.br\/wp-content\/uploads\/2025\/03\/IMAGEM-SITE-nota-IRB-acessibilidade-03-2025.png","width":560,"height":315},{"@type":"BreadcrumbList","@id":"https:\/\/www.mpc.pr.gov.br\/index.php\/irb-e-entidades-do-controle-externo-lancam-nota-conjunta-sobre-acessibilidade-e-inclusao\/#breadcrumb","itemListElement":[{"@type":"ListItem","position":1,"name":"In\u00edcio","item":"https:\/\/www.mpc.pr.gov.br\/"},{"@type":"ListItem","position":2,"name":"IRB e entidades do Controle Externo lan\u00e7am Nota Conjunta sobre acessibilidade e inclus\u00e3o"}]},{"@type":"WebSite","@id":"https:\/\/www.mpc.pr.gov.br\/#website","url":"https:\/\/www.mpc.pr.gov.br\/","name":"Minist\u00e9rio P\u00fablico de Contas do Estado do Paran\u00e1","description":"","publisher":{"@id":"https:\/\/www.mpc.pr.gov.br\/#organization"},"potentialAction":[{"@type":"SearchAction","target":{"@type":"EntryPoint","urlTemplate":"https:\/\/www.mpc.pr.gov.br\/?s={search_term_string}"},"query-input":{"@type":"PropertyValueSpecification","valueRequired":true,"valueName":"search_term_string"}}],"inLanguage":"pt-BR"},{"@type":"Organization","@id":"https:\/\/www.mpc.pr.gov.br\/#organization","name":"Minist\u00e9rio P\u00fablico de Contas do Estado do Paran\u00e1","url":"https:\/\/www.mpc.pr.gov.br\/","logo":{"@type":"ImageObject","inLanguage":"pt-BR","@id":"https:\/\/www.mpc.pr.gov.br\/#\/schema\/logo\/image\/","url":"https:\/\/www.mpc.pr.gov.br\/wp-content\/uploads\/2020\/06\/99423647_1593460364143890_6706793420720963584_n-1-e1591387983167.png","contentUrl":"https:\/\/www.mpc.pr.gov.br\/wp-content\/uploads\/2020\/06\/99423647_1593460364143890_6706793420720963584_n-1-e1591387983167.png","width":243,"height":73,"caption":"Minist\u00e9rio P\u00fablico de Contas do Estado do Paran\u00e1"},"image":{"@id":"https:\/\/www.mpc.pr.gov.br\/#\/schema\/logo\/image\/"},"sameAs":["https:\/\/www.facebook.com\/mpc.pr","https:\/\/www.instagram.com\/mpc.pr\/?hl=pt-br","https:\/\/www.youtube.com\/channel\/UCHri5oEM8DV0ztX57E0sBSw"]},{"@type":"Person","@id":"https:\/\/www.mpc.pr.gov.br\/#\/schema\/person\/2d83cb8980538d0ec174e8a6284f5e11","name":"mpcontaspr","image":{"@type":"ImageObject","inLanguage":"pt-BR","@id":"https:\/\/secure.gravatar.com\/avatar\/1aef51541db7622e05fd639336c9c9f312c2a618396e2b6ca96846362fc5403f?s=96&d=mm&r=g","url":"https:\/\/secure.gravatar.com\/avatar\/1aef51541db7622e05fd639336c9c9f312c2a618396e2b6ca96846362fc5403f?s=96&d=mm&r=g","contentUrl":"https:\/\/secure.gravatar.com\/avatar\/1aef51541db7622e05fd639336c9c9f312c2a618396e2b6ca96846362fc5403f?s=96&d=mm&r=g","caption":"mpcontaspr"},"sameAs":["http:\/\/www.mpc.pr.gov.br"]}]}},"rttpg_featured_image_url":{"full":["https:\/\/www.mpc.pr.gov.br\/wp-content\/uploads\/2025\/03\/IMAGEM-SITE-nota-IRB-acessibilidade-03-2025.png",560,315,false],"landscape":["https:\/\/www.mpc.pr.gov.br\/wp-content\/uploads\/2025\/03\/IMAGEM-SITE-nota-IRB-acessibilidade-03-2025.png",560,315,false],"portraits":["https:\/\/www.mpc.pr.gov.br\/wp-content\/uploads\/2025\/03\/IMAGEM-SITE-nota-IRB-acessibilidade-03-2025.png",560,315,false],"thumbnail":["https:\/\/www.mpc.pr.gov.br\/wp-content\/uploads\/2025\/03\/IMAGEM-SITE-nota-IRB-acessibilidade-03-2025-150x150.png",150,150,true],"medium":["https:\/\/www.mpc.pr.gov.br\/wp-content\/uploads\/2025\/03\/IMAGEM-SITE-nota-IRB-acessibilidade-03-2025-300x169.png",300,169,true],"large":["https:\/\/www.mpc.pr.gov.br\/wp-content\/uploads\/2025\/03\/IMAGEM-SITE-nota-IRB-acessibilidade-03-2025.png",560,315,false],"1536x1536":["https:\/\/www.mpc.pr.gov.br\/wp-content\/uploads\/2025\/03\/IMAGEM-SITE-nota-IRB-acessibilidade-03-2025.png",560,315,false],"2048x2048":["https:\/\/www.mpc.pr.gov.br\/wp-content\/uploads\/2025\/03\/IMAGEM-SITE-nota-IRB-acessibilidade-03-2025.png",560,315,false],"ocean-thumb-m":["https:\/\/www.mpc.pr.gov.br\/wp-content\/uploads\/2025\/03\/IMAGEM-SITE-nota-IRB-acessibilidade-03-2025.png",560,315,false],"ocean-thumb-ml":["https:\/\/www.mpc.pr.gov.br\/wp-content\/uploads\/2025\/03\/IMAGEM-SITE-nota-IRB-acessibilidade-03-2025.png",560,315,false],"ocean-thumb-l":["https:\/\/www.mpc.pr.gov.br\/wp-content\/uploads\/2025\/03\/IMAGEM-SITE-nota-IRB-acessibilidade-03-2025.png",560,315,false]},"rttpg_author":{"display_name":"mpcontaspr","author_link":"https:\/\/www.mpc.pr.gov.br\/index.php\/author\/mpcontaspr\/"},"rttpg_comment":0,"rttpg_category":"<a href=\"https:\/\/www.mpc.pr.gov.br\/index.php\/category\/todas-as-noticias\/\" rel=\"category tag\">Todas as not\u00edcias<\/a>","rttpg_excerpt":"O Instituto Rui Barbosa (IRB), por meio do seu Comit\u00ea T\u00e9cnico de Acessibilidade e Inclus\u00e3o, divulgou uma\u00a0Nota Recomendat\u00f3ria Conjunta\u00a0em parceria com as Entidades representativas do Sistema de Controle Externo brasileiro. O documento refor\u00e7a a import\u00e2ncia da acessibilidade e inclus\u00e3o das pessoas com defici\u00eancia e prop\u00f5e diretrizes para que Tribunais de Contas e Minist\u00e9rios P\u00fablicos de&hellip;","_links":{"self":[{"href":"https:\/\/www.mpc.pr.gov.br\/index.php\/wp-json\/wp\/v2\/posts\/22855","targetHints":{"allow":["GET"]}}],"collection":[{"href":"https:\/\/www.mpc.pr.gov.br\/index.php\/wp-json\/wp\/v2\/posts"}],"about":[{"href":"https:\/\/www.mpc.pr.gov.br\/index.php\/wp-json\/wp\/v2\/types\/post"}],"author":[{"embeddable":true,"href":"https:\/\/www.mpc.pr.gov.br\/index.php\/wp-json\/wp\/v2\/users\/1"}],"replies":[{"embeddable":true,"href":"https:\/\/www.mpc.pr.gov.br\/index.php\/wp-json\/wp\/v2\/comments?post=22855"}],"version-history":[{"count":1,"href":"https:\/\/www.mpc.pr.gov.br\/index.php\/wp-json\/wp\/v2\/posts\/22855\/revisions"}],"predecessor-version":[{"id":22857,"href":"https:\/\/www.mpc.pr.gov.br\/index.php\/wp-json\/wp\/v2\/posts\/22855\/revisions\/22857"}],"wp:featuredmedia":[{"embeddable":true,"href":"https:\/\/www.mpc.pr.gov.br\/index.php\/wp-json\/wp\/v2\/media\/22856"}],"wp:attachment":[{"href":"https:\/\/www.mpc.pr.gov.br\/index.php\/wp-json\/wp\/v2\/media?parent=22855"}],"wp:term":[{"taxonomy":"category","embeddable":true,"href":"https:\/\/www.mpc.pr.gov.br\/index.php\/wp-json\/wp\/v2\/categories?post=22855"},{"taxonomy":"post_tag","embeddable":true,"href":"https:\/\/www.mpc.pr.gov.br\/index.php\/wp-json\/wp\/v2\/tags?post=22855"}],"curies":[{"name":"wp","href":"https:\/\/api.w.org\/{rel}","templated":true}]}}