{"id":22888,"date":"2025-04-03T10:07:01","date_gmt":"2025-04-03T13:07:01","guid":{"rendered":"https:\/\/www.mpc.pr.gov.br\/?p=22888"},"modified":"2025-04-28T13:10:10","modified_gmt":"2025-04-28T16:10:10","slug":"consulta-esclarece-questoes-relacionadas-a-jornada-de-trabalho-de-cargos-comissionados","status":"publish","type":"post","link":"https:\/\/www.mpc.pr.gov.br\/index.php\/consulta-esclarece-questoes-relacionadas-a-jornada-de-trabalho-de-cargos-comissionados\/","title":{"rendered":"Consulta esclarece quest\u00f5es relacionadas \u00e0 jornada de trabalho de cargos comissionados"},"content":{"rendered":"<figure id=\"attachment_22892\" aria-describedby=\"caption-attachment-22892\" style=\"width: 300px\" class=\"wp-caption alignleft\"><img fetchpriority=\"high\" decoding=\"async\" class=\"size-medium wp-image-22892\" src=\"https:\/\/www.mpc.pr.gov.br\/wp-content\/uploads\/2025\/04\/guaira--300x300.png\" alt=\"\" width=\"300\" height=\"300\" \/><figcaption id=\"caption-attachment-22892\" class=\"wp-caption-text\">Imagem criada por intelig\u00eancia artifical retratando um funcion\u00e1rio em frente ao computador.<\/figcaption><\/figure>\n<p><span data-contrast=\"auto\">A C\u00e2mara Municipal de Gua\u00edra apresentou processo de consulta perante o Tribunal de Contas do Estado do Paran\u00e1 (TCE-PR) no intuito de esclarecer alguns questionamentos a respeito de ponto biom\u00e9trico, jornada de trabalho flex\u00edvel e outras quest\u00f5es relativas a cargos comissionados.<\/span><span data-ccp-props=\"{&quot;201341983&quot;:0,&quot;335551550&quot;:6,&quot;335551620&quot;:6,&quot;335559740&quot;:360}\">\u00a0<\/span><\/p>\n<p><span data-contrast=\"auto\">Devidamente instru\u00eddo, o feito foi recebido conforme Despacho n\u00ba 261\/24 do Relator, o Conselheiro Maur\u00edcio Requi\u00e3o de Mello e Silva, e em seguida o processo foi encaminhado \u00e0s unidades t\u00e9cnicas do TCE-PR e Minist\u00e9rio P\u00fablico de Contas (MPC-PR) para an\u00e1lise das perguntas.<\/span><span data-ccp-props=\"{&quot;201341983&quot;:0,&quot;335551550&quot;:6,&quot;335551620&quot;:6,&quot;335559740&quot;:360}\">\u00a0<\/span><\/p>\n<h4><b><span data-contrast=\"auto\">Instru\u00e7\u00e3o<\/span><\/b><span data-ccp-props=\"{&quot;201341983&quot;:0,&quot;335551550&quot;:6,&quot;335551620&quot;:6,&quot;335559740&quot;:360}\">\u00a0<\/span><\/h4>\n<p><span data-contrast=\"auto\">A Supervis\u00e3o de Jurisprud\u00eancia e Biblioteca do Tribunal (SJB) apresentou alguns julgados que abordam parcialmente o tema em an\u00e1lise, conforme Instru\u00e7\u00e3o n\u00ba 52\/24.<\/span><span data-ccp-props=\"{&quot;201341983&quot;:0,&quot;335551550&quot;:6,&quot;335551620&quot;:6,&quot;335559740&quot;:360}\">\u00a0<\/span><\/p>\n<p><span data-contrast=\"auto\">Em seguida, a Coordenadoria de Gest\u00e3o Municipal (CGM), de acordo com a Instru\u00e7\u00e3o n\u00ba 6175\/24, discorreu sobre os questionamentos trazidos pela C\u00e2mara Municipal de Gua\u00edra.\u00a0<\/span><span data-ccp-props=\"{&quot;201341983&quot;:0,&quot;335551550&quot;:6,&quot;335551620&quot;:6,&quot;335559740&quot;:360}\">\u00a0<\/span><\/p>\n<p><span data-contrast=\"auto\">Em seu entendimento, concluiu que: o ponto biom\u00e9trico n\u00e3o \u00e9 obrigat\u00f3rio para servidores comissionados; a flexibilidade de hor\u00e1rio \u00e9 poss\u00edvel para servidores comissionados, desde que cumpram a carga hor\u00e1ria exigida; n\u00e3o h\u00e1 respaldo normativo para libera\u00e7\u00e3o do trabalho; o trabalho remoto \u00e9 permitido, desde que previsto em lei e regulamentado; n\u00e3o se aplica compensa\u00e7\u00e3o de horas para fun\u00e7\u00f5es que exigem dedica\u00e7\u00e3o e confian\u00e7a; \u00e9 poss\u00edvel a jornada flex\u00edvel, desde que respeitada a carga hor\u00e1ria e as atribui\u00e7\u00f5es da fun\u00e7\u00e3o; e, quanto ao Ac\u00f3rd\u00e3o n\u00ba 3406\/2017 do TCE-PR, este abrange fun\u00e7\u00f5es gratificadas nos termos da Constitui\u00e7\u00e3o, sendo que, fun\u00e7\u00f5es para agentes de contrata\u00e7\u00e3o podem ser criadas, desde que observados os crit\u00e9rios de complexidade e responsabilidade.<\/span><span data-ccp-props=\"{&quot;201341983&quot;:0,&quot;335551550&quot;:6,&quot;335551620&quot;:6,&quot;335559740&quot;:360}\">\u00a0<\/span><\/p>\n<h4><b><span data-contrast=\"auto\">MPC-PR<\/span><\/b><span data-ccp-props=\"{&quot;201341983&quot;:0,&quot;335551550&quot;:6,&quot;335551620&quot;:6,&quot;335559740&quot;:360}\">\u00a0<\/span><\/h4>\n<p><span data-contrast=\"auto\">O Minist\u00e9rio P\u00fablico de Contas, por sua vez, conforme <a href=\"https:\/\/www.mpc.pr.gov.br\/wp-content\/uploads\/2025\/04\/guaira-PAR-401_24-PGC.pdf\">Parecer n\u00ba 401\/24<\/a>, opinou pelo conhecimento da consulta, respondendo os questionamentos da seguinte forma:\u00a0<\/span><span data-ccp-props=\"{&quot;201341983&quot;:0,&quot;335551550&quot;:6,&quot;335551620&quot;:6,&quot;335559740&quot;:360}\">\u00a0<\/span><\/p>\n<ol>\n<li>Ponto biom\u00e9trico \u2013 Servidores comissionados n\u00e3o precisam ser submetidos ao controle de frequ\u00eancia, conforme Ac\u00f3rd\u00e3o n\u00ba 3727\/18-STP.<\/li>\n<li>Flexibilidade de hor\u00e1rio \u2013 Permitida, desde que respeitado o regime de dedica\u00e7\u00e3o ao servi\u00e7o inerente ao cargo em comiss\u00e3o.<\/li>\n<li>Libera\u00e7\u00e3o do trabalho \u2013 O Tribunal n\u00e3o autoriza absente\u00edsmo. Caso n\u00e3o haja necessidade de assessoramento, deve-se realocar o servidor ou extinguir o cargo.<\/li>\n<li>Trabalho remoto \u2013 Pode ser fixado pelo ente federativo, conforme sua regulamenta\u00e7\u00e3o.<\/li>\n<li>Compensa\u00e7\u00e3o de horas para fun\u00e7\u00f5es gratificadas \u2013 Vedada, nos termos do Ac\u00f3rd\u00e3o n\u00ba 966\/23-STP e Prejulgado n\u00ba 25.<\/li>\n<li>Natureza das fun\u00e7\u00f5es gratificadas \u2013 Devem estar relacionadas \u00e0 dire\u00e7\u00e3o, chefia ou assessoramento, sem exce\u00e7\u00f5es.<\/li>\n<li>Veda\u00e7\u00e3o \u00e0 compensa\u00e7\u00e3o de horas \u2013 Mantida, pois fun\u00e7\u00f5es gratificadas exigem dedica\u00e7\u00e3o integral.<\/li>\n<li>Flexibiliza\u00e7\u00e3o da jornada \u2013 Pode ser adotada, desde que prevista na legisla\u00e7\u00e3o local e respeitada a carga hor\u00e1ria legal.<\/li>\n<li>Aplica\u00e7\u00e3o do Ac\u00f3rd\u00e3o n\u00ba 3406\/17-STP <b><span data-contrast=\"auto\">\u2013<\/span><\/b><span data-contrast=\"auto\"> Em tese, n\u00e3o se aplica \u00e0s gratifica\u00e7\u00f5es t\u00e9cnicas, salvo se configurada fun\u00e7\u00e3o de confian\u00e7a. Fun\u00e7\u00f5es gratificadas podem ser criadas para agentes de contrata\u00e7\u00e3o e equipe de apoio, desde que exercidas por servidores do quadro permanente<\/span><\/li>\n<\/ol>\n<h4><b><span data-contrast=\"auto\">Julgamento<\/span><\/b><span data-ccp-props=\"{&quot;134233117&quot;:false,&quot;134233118&quot;:false,&quot;201341983&quot;:0,&quot;335551550&quot;:6,&quot;335551620&quot;:6,&quot;335559685&quot;:0,&quot;335559737&quot;:0,&quot;335559738&quot;:0,&quot;335559739&quot;:160,&quot;335559740&quot;:360}\">\u00a0<\/span><\/h4>\n<p><span data-contrast=\"auto\">O Conselheiro Maur\u00edcio Requi\u00e3o de Mello e Silva, Relator designado ao processo, acompanhou o entendimento do MPC-PR e da unidade t\u00e9cnica, apresentando o seguinte entendimento:\u00a0<\/span><span data-ccp-props=\"{&quot;201341983&quot;:0,&quot;335551550&quot;:6,&quot;335551620&quot;:6,&quot;335559685&quot;:0,&quot;335559740&quot;:360}\">\u00a0<\/span><\/p>\n<ol>\n<li><span data-contrast=\"auto\">O cargo em comiss\u00e3o \u00e9 de livre nomea\u00e7\u00e3o e exonera\u00e7\u00e3o, atrelado \u00e0 confian\u00e7a e limitado a fun\u00e7\u00f5es de dire\u00e7\u00e3o, assessoramento e chefia, cuja cria\u00e7\u00e3o e provimento deve seguir o disposto pelo STF no Tema 110, sujeitando-se a hor\u00e1rios diferenciados de trabalho. Assim, conforme o entendimento consolidado pelo Tribunal de Contas no Ac\u00f3rd\u00e3o n\u00ba 3727\/18-STP, em resposta \u00e0 Consulta, n\u00e3o h\u00e1 obrigatoriedade de submiss\u00e3o dos servidores comissionados ao controle de frequ\u00eancia mediante ponto biom\u00e9trico.<\/span><\/li>\n<li>A quest\u00e3o referente a jornada dos servidores p\u00fablicos, sejam eles efetivos, comissionados, ou ainda, ocupantes de fun\u00e7\u00e3o gratificada, deve ser tratada de acordo com a legisla\u00e7\u00e3o local de cada ente federado. Assim, necess\u00e1rio que sempre se observe o disposto na legisla\u00e7\u00e3o do Munic\u00edpio a respeito do tema.<span data-ccp-props=\"{&quot;201341983&quot;:0,&quot;335551550&quot;:6,&quot;335551620&quot;:6,&quot;335559740&quot;:360}\">\u00a0<\/span><\/li>\n<li><span data-contrast=\"auto\">O Tribunal de Contas n\u00e3o tem compet\u00eancia para autorizar qualquer esp\u00e9cie de absente\u00edsmo no servi\u00e7o p\u00fablico. Nesse ponto, asseverou o entendimento do MPC-PR, no sentido de que a autoridade nomeante momentaneamente n\u00e3o necessite do assessoramento do servidor, a solu\u00e7\u00e3o adequada n\u00e3o \u00e9 a libera\u00e7\u00e3o do trabalho, mas sim a atribui\u00e7\u00e3o de outras atividades administrativas no \u00e2mbito do \u00f3rg\u00e3o, atentando ao fato de que a flexibiliza\u00e7\u00e3o da jornada atrai para o gestor a responsabilidade de aferi\u00e7\u00e3o do desempenho, assim como a avalia\u00e7\u00e3o da necessidade de exist\u00eancia do respectivo cargo.<\/span><span data-ccp-props=\"{&quot;201341983&quot;:0,&quot;335551550&quot;:6,&quot;335551620&quot;:6,&quot;335559740&quot;:360}\">\u00a0<\/span><\/li>\n<li><span data-contrast=\"auto\">A regulamenta\u00e7\u00e3o do teletrabalho \u00e9 de compet\u00eancia do ente federativo, n\u00e3o havendo impedimentos para sua aplica\u00e7\u00e3o a servidores comissionados, desde que respeitada a legisla\u00e7\u00e3o do Munic\u00edpio, e a discricionariedade de cada gestor. Destacou o Decreto n\u00ba 11.072\/22 do Governo Federal que traz os par\u00e2metros sobre o \u00e2mbito da aplica\u00e7\u00e3o e regras especiais.\u00a0<\/span><span data-ccp-props=\"{&quot;201341983&quot;:0,&quot;335551550&quot;:6,&quot;335551620&quot;:6,&quot;335559740&quot;:360}\">\u00a0<\/span><\/li>\n<li><span data-contrast=\"auto\">O Ac\u00f3rd\u00e3o n\u00ba 966\/23-STP estabelece que a veda\u00e7\u00e3o \u00e0 compensa\u00e7\u00e3o de horas extras para ocupantes de cargos em comiss\u00e3o, prevista no Prejulgado n\u00ba 25, tamb\u00e9m se aplica \u00e0s fun\u00e7\u00f5es gratificadas.<\/span><span data-ccp-props=\"{&quot;201341983&quot;:0,&quot;335551550&quot;:6,&quot;335551620&quot;:6,&quot;335559740&quot;:360}\">\u00a0<\/span><\/li>\n<li><span data-contrast=\"auto\">O Prejulgado n\u00ba 25 define que tanto as fun\u00e7\u00f5es gratificadas quanto os cargos em comiss\u00e3o devem estar vinculados a atribui\u00e7\u00f5es de chefia, dire\u00e7\u00e3o ou assessoramento. Assim, mesmo que a nomenclatura utilizada para designar determinada fun\u00e7\u00e3o gratificada sugira um car\u00e1ter t\u00e9cnico, a confian\u00e7a na execu\u00e7\u00e3o das atividades permanece inerente ao cargo. Tal entendimento tamb\u00e9m se encontra expresso no Parecer Jur\u00eddico e \u00e9 refor\u00e7ado pelo Minist\u00e9rio P\u00fablico de Contas.<\/span><span data-ccp-props=\"{&quot;201341983&quot;:0,&quot;335551550&quot;:6,&quot;335551620&quot;:6,&quot;335559740&quot;:360}\">\u00a0<\/span><\/li>\n<li><span data-contrast=\"auto\">Nos termos do Prejulgado n\u00ba 25, as fun\u00e7\u00f5es gratificadas devem obrigatoriamente envolver atribui\u00e7\u00f5es de chefia, dire\u00e7\u00e3o ou assessoramento. Consequentemente, n\u00e3o h\u00e1 espa\u00e7o para a cria\u00e7\u00e3o de fun\u00e7\u00f5es gratificadas fora dessas hip\u00f3teses, tampouco para a compensa\u00e7\u00e3o de horas para ocupantes desses cargos.<\/span><span data-ccp-props=\"{&quot;201341983&quot;:0,&quot;335551550&quot;:6,&quot;335551620&quot;:6,&quot;335559740&quot;:360}\">\u00a0<\/span><\/li>\n<li><span data-contrast=\"auto\">A legisla\u00e7\u00e3o local deve disciplinar a jornada dos servidores p\u00fablicos, conforme estabelecido pelo Ac\u00f3rd\u00e3o n\u00ba 1.261\/22-STP. Caso a legisla\u00e7\u00e3o do ente federativo permita a flexibiliza\u00e7\u00e3o da jornada para servidores ocupantes de fun\u00e7\u00e3o gratificada, e desde que seja respeitada a carga hor\u00e1ria legal, n\u00e3o h\u00e1 impedimentos.<\/span><span data-ccp-props=\"{&quot;201341983&quot;:0,&quot;335551550&quot;:6,&quot;335551620&quot;:6,&quot;335559740&quot;:360}\">\u00a0<\/span><\/li>\n<li><span data-contrast=\"auto\">Em princ\u00edpio, o Ac\u00f3rd\u00e3o n\u00ba 3406\/17-STP1 n\u00e3o se aplica diretamente \u00e0s gratifica\u00e7\u00f5es t\u00e9cnicas que n\u00e3o envolvem chefia, dire\u00e7\u00e3o ou assessoramento. No entanto, conforme apontado pelo Minist\u00e9rio P\u00fablico de Contas e pela CGM, a mera denomina\u00e7\u00e3o da gratifica\u00e7\u00e3o n\u00e3o impede a aplica\u00e7\u00e3o do ac\u00f3rd\u00e3o, caso seja constatado que a fun\u00e7\u00e3o possui natureza de confian\u00e7a, nos termos do artigo 37, inciso V, da Constitui\u00e7\u00e3o Federal.<\/span><span data-ccp-props=\"{&quot;201341983&quot;:0,&quot;335551550&quot;:6,&quot;335551620&quot;:6,&quot;335559740&quot;:360}\">\u00a0<\/span><\/li>\n<\/ol>\n<h4><b><span data-contrast=\"auto\">Resposta \u00e0 consulta<\/span><\/b><span data-ccp-props=\"{&quot;201341983&quot;:0,&quot;335551550&quot;:6,&quot;335551620&quot;:6,&quot;335559685&quot;:0,&quot;335559740&quot;:360}\">\u00a0<\/span><\/h4>\n<p><span data-contrast=\"auto\">Nos termos do voto do Relator, os membros do TCE-PR votaram, em unanimidade, pelo conhecimento da consulta e resposta nos seguintes termos, conforme expresso no<a href=\"https:\/\/www.mpc.pr.gov.br\/wp-content\/uploads\/2025\/04\/guaira-ACO-458_25-STP.pdf\"> Ac\u00f3rd\u00e3o n\u00ba 458\/25<\/a>:<\/span><span data-ccp-props=\"{&quot;201341983&quot;:0,&quot;335551550&quot;:6,&quot;335551620&quot;:6,&quot;335559685&quot;:0,&quot;335559740&quot;:360}\">\u00a0<\/span><\/p>\n<blockquote><p><b><\/b><span data-contrast=\"auto\"><strong>Questionamento 1 &#8211;<\/strong> Servidor comissionado com carga hor\u00e1ria fixada em lei pode ser liberado do ponto biom\u00e9trico?\u00a0<\/span><\/p>\n<p>Resposta<span data-contrast=\"auto\">: Sim, conforme entendimento consolidado no Ac\u00f3rd\u00e3o n\u00ba 3727\/18-STP, n\u00e3o h\u00e1 obrigatoriedade de submiss\u00e3o ao controle de frequ\u00eancia mediante ponto biom\u00e9trico.<\/span><span data-ccp-props=\"{&quot;201341983&quot;:0,&quot;335551550&quot;:6,&quot;335551620&quot;:6,&quot;335559685&quot;:0,&quot;335559740&quot;:360}\">\u00a0<\/span><\/p>\n<p><b><\/b><span data-contrast=\"auto\"> <strong>Questionamento 2 &#8211;<\/strong> A fim de evitar excesso de trabalho di\u00e1rio, a depender das atribui\u00e7\u00f5es do cargo, o servidor comissionado com carga hor\u00e1ria fixada em lei pode cumprir a jornada di\u00e1ria mediante ponto biom\u00e9trico, mas de forma flex\u00edvel, sem hor\u00e1rio fixo de entrada e sa\u00edda, mas com obriga\u00e7\u00e3o de atendimento sempre que a Autoridade necessitar?\u00a0<\/span><\/p>\n<p>Resposta: <span data-contrast=\"auto\">Sim, desde que respeitada a jornada di\u00e1ria fixada em lei e mantida a dedica\u00e7\u00e3o integral ao cargo, conforme precedentes deste Tribunal.\u00a0<\/span><span data-ccp-props=\"{&quot;201341983&quot;:0,&quot;335551550&quot;:6,&quot;335551620&quot;:6,&quot;335559685&quot;:0,&quot;335559740&quot;:360}\">\u00a0<\/span><\/p>\n<p><b> <span data-contrast=\"auto\"><strong>Questionamento 3 &#8211;<\/strong> <\/span><\/b><span data-contrast=\"auto\">O servidor comissionado ou ocupante de fun\u00e7\u00e3o gratificada com carga hor\u00e1ria fixada em lei pode ser liberado do trabalho em determinado dia por decis\u00e3o da Autoridade, desde que n\u00e3o haja atividade que demande o assessoramento do servidor?\u00a0<\/span><\/p>\n<p>Resposta:<span data-contrast=\"auto\"> N\u00e3o. A aus\u00eancia de demanda pontual n\u00e3o justifica a libera\u00e7\u00e3o do servidor. Caso n\u00e3o haja necessidade permanente do cargo, a solu\u00e7\u00e3o adequada \u00e9 a sua extin\u00e7\u00e3o e exonera\u00e7\u00e3o do servidor.\u00a0<\/span><span data-ccp-props=\"{&quot;201341983&quot;:0,&quot;335551550&quot;:6,&quot;335551620&quot;:6,&quot;335559685&quot;:0,&quot;335559740&quot;:360}\">\u00a0<\/span><\/p>\n<p><b> <span data-contrast=\"auto\"><strong>Questionamento 4 &#8211;<\/strong> <\/span><\/b><span data-contrast=\"auto\">Pode ser fixado o trabalho remoto ao servidor comissionado em alguns dias da semana e\/ou em algum per\u00edodo do dia?\u00a0<\/span><\/p>\n<p>Resposta: <span data-contrast=\"auto\">Sim, desde que previsto em lei e regulamentado pelo ente federativo, observando a compatibilidade das atividades com o regime remoto.\u00a0<\/span><span data-ccp-props=\"{&quot;201341983&quot;:0,&quot;335551550&quot;:6,&quot;335551620&quot;:6,&quot;335559685&quot;:0,&quot;335559740&quot;:360}\">\u00a0<\/span><\/p>\n<p><b><\/b><span data-contrast=\"auto\"> <strong>Questionamento 5 &#8211;<\/strong> O servidor efetivo que ocupa fun\u00e7\u00e3o gratificada pode compensar horas se as horas excedentes ocorrerem no exerc\u00edcio das atribui\u00e7\u00f5es do cargo efetivo e n\u00e3o da fun\u00e7\u00e3o gratificada?\u00a0<\/span><\/p>\n<p>Resposta: <span data-contrast=\"auto\">N\u00e3o. A veda\u00e7\u00e3o \u00e0 compensa\u00e7\u00e3o de horas extras para ocupantes de cargos em comiss\u00e3o, prevista no Prejulgado n\u00ba 25, tamb\u00e9m se aplica \u00e0s fun\u00e7\u00f5es gratificadas (Ac\u00f3rd\u00e3o n\u00ba 966\/23-STP- autos de consulta n\u00ba 340912\/22).<\/span><span data-ccp-props=\"{&quot;201341983&quot;:0,&quot;335551550&quot;:6,&quot;335551620&quot;:6,&quot;335559685&quot;:0,&quot;335559740&quot;:360}\">\u00a0<\/span><\/p>\n<p><b> <span data-contrast=\"auto\"><strong>Questionamento 6 &#8211;<\/strong> <\/span><\/b><span data-contrast=\"auto\">Se a fun\u00e7\u00e3o gratificada n\u00e3o for de chefia, dire\u00e7\u00e3o ou assessoramento, ainda assim h\u00e1 rela\u00e7\u00e3o de confian\u00e7a que extrapola a mera seguran\u00e7a de que as obriga\u00e7\u00f5es ser\u00e3o exercidas de forma eficiente pelo servidor efetivo?\u00a0<\/span><\/p>\n<p>Resposta:<span data-contrast=\"auto\"> Sim. O Prejulgado n\u00ba 25 determina que todas as fun\u00e7\u00f5es gratificadas devem envolver atribui\u00e7\u00f5es de chefia, dire\u00e7\u00e3o ou assessoramento, independentemente da nomenclatura utilizada.\u00a0<\/span><span data-ccp-props=\"{&quot;201341983&quot;:0,&quot;335551550&quot;:6,&quot;335551620&quot;:6,&quot;335559740&quot;:360}\">\u00a0<\/span><\/p>\n<p><b> <span data-contrast=\"auto\"><strong>Questionamento 7 &#8211;<\/strong> <\/span><\/b><span data-contrast=\"auto\">Se a fun\u00e7\u00e3o gratificada n\u00e3o for de chefia, dire\u00e7\u00e3o ou assessoramento, ainda assim fica vedado o regime de compensa\u00e7\u00e3o de horas?\u00a0<\/span><\/p>\n<p>Resposta: <span data-contrast=\"auto\">Sim. N\u00e3o h\u00e1 possibilidade de cria\u00e7\u00e3o de fun\u00e7\u00f5es gratificadas fora das hip\u00f3teses previstas no Prejulgado n\u00ba 25, tampouco a compensa\u00e7\u00e3o de horas para esses ocupantes.\u00a0<\/span><span data-ccp-props=\"{&quot;201341983&quot;:0,&quot;335551550&quot;:6,&quot;335551620&quot;:6,&quot;335559740&quot;:360}\">\u00a0<\/span><\/p>\n<p><b> <span data-contrast=\"auto\"><strong>Questionamento 8 &#8211;<\/strong> <\/span><\/b><span data-contrast=\"auto\">A fim de evitar excesso de trabalho di\u00e1rio, a depender das atribui\u00e7\u00f5es da fun\u00e7\u00e3o gratificada, o servidor ocupante pode cumprir a jornada semanal mediante ponto biom\u00e9trico, mas de forma flex\u00edvel, sem hor\u00e1rio fixo de entrada e sa\u00edda, mas com obriga\u00e7\u00e3o de atendimento sempre que a Autoridade necessitar?\u00a0<\/span><\/p>\n<p>Resposta: <span data-contrast=\"auto\">Sim, caso permitido pela legisla\u00e7\u00e3o local e desde que seja respeitada a carga hor\u00e1ria fixada em lei, conforme entendimento do Ac\u00f3rd\u00e3o n\u00ba 1.261\/22-STP.\u00a0<\/span><span data-ccp-props=\"{&quot;201341983&quot;:0,&quot;335551550&quot;:6,&quot;335551620&quot;:6,&quot;335559740&quot;:360}\">\u00a0<\/span><\/p>\n<p><b> <span data-contrast=\"auto\"><strong>Questionamento 9 &#8211;<\/strong> <\/span><\/b><span data-contrast=\"auto\">O ac\u00f3rd\u00e3o 3406\/2017 \u00e9 aplic\u00e1vel \u00e0s gratifica\u00e7\u00f5es t\u00e9cnicas cujas atribui\u00e7\u00f5es n\u00e3o sejam de Dire\u00e7\u00e3o, Chefia e assessoramento? Qual o regime de dedica\u00e7\u00e3o aplic\u00e1vel ao agente de contrata\u00e7\u00e3o e equipe de apoio previstos na lei 14.133\/2021?\u00a0<\/span><\/p><\/blockquote>\n<p>Resposta: <span data-contrast=\"auto\">O Ac\u00f3rd\u00e3o n\u00ba 3406\/17-STP, em tese, n\u00e3o se aplica \u00e0s gratifica\u00e7\u00f5es t\u00e9cnicas, salvo se a fun\u00e7\u00e3o, na pr\u00e1tica, envolver confian\u00e7a e dire\u00e7\u00e3o. J\u00e1 o Ac\u00f3rd\u00e3o n\u00ba 3.561\/23-STP veda a concess\u00e3o de fun\u00e7\u00e3o gratificada a cargos exclusivamente comissionados para fun\u00e7\u00f5es da Lei n\u00ba 14.133\/21, permitindo a cria\u00e7\u00e3o de fun\u00e7\u00f5es gratificadas para agentes de contrata\u00e7\u00e3o e equipe de apoio quando exercidas por servidores efetivos do quadro permanente do \u00f3rg\u00e3o ou entidade promotora da licita\u00e7\u00e3o.\u00a0<\/span><span data-ccp-props=\"{&quot;201341983&quot;:0,&quot;335551550&quot;:6,&quot;335551620&quot;:6,&quot;335559740&quot;:360}\">\u00a0<\/span><\/p>\n<blockquote><p><span style=\"color: #820007;\"><strong><u>Informa\u00e7\u00e3o para consulta processual<\/u><\/strong><\/span><\/p>\n<table style=\"height: 183px;\" border=\"0\" width=\"478\" cellspacing=\"0\" cellpadding=\"0\">\n<tbody>\n<tr>\n<td><strong>Processo n\u00ba<\/strong>:<\/td>\n<td>39816\/24<\/td>\n<\/tr>\n<tr>\n<td><strong>Ac\u00f3rd\u00e3o n\u00ba<\/strong>:<\/td>\n<td>458\/25- Tribunal Pleno<\/td>\n<\/tr>\n<tr>\n<td><strong>Assunto<\/strong>:<\/td>\n<td>Consulta<\/td>\n<\/tr>\n<tr>\n<td><strong>Entidade<\/strong>:<\/td>\n<td>C\u00e2mara Municipal de Gua\u00edra<\/td>\n<\/tr>\n<tr>\n<td><strong>Relator<\/strong>:<\/td>\n<td><span class=\"TextRun SCXW156170801 BCX0\" lang=\"PT-BR\" xml:lang=\"PT-BR\" data-contrast=\"auto\"><span class=\"NormalTextRun SCXW156170801 BCX0\"><span data-contrast=\"auto\">Conselheiro Maur\u00edcio Requi\u00e3o de Mello e Silva<\/span><\/span><\/span><\/td>\n<\/tr>\n<\/tbody>\n<\/table>\n<\/blockquote>\n","protected":false},"excerpt":{"rendered":"<p>A C\u00e2mara Municipal de Gua\u00edra apresentou processo de consulta perante o Tribunal de Contas do Estado do Paran\u00e1 (TCE-PR) no intuito de esclarecer alguns questionamentos a respeito de ponto biom\u00e9trico, jornada de trabalho flex\u00edvel e outras quest\u00f5es relativas a cargos comissionados.\u00a0 Devidamente instru\u00eddo, o feito foi recebido conforme Despacho n\u00ba 261\/24 do Relator, o Conselheiro [&hellip;]<\/p>\n","protected":false},"author":1,"featured_media":22892,"comment_status":"open","ping_status":"open","sticky":false,"template":"","format":"standard","meta":{"_monsterinsights_skip_tracking":false,"_monsterinsights_sitenote_active":false,"_monsterinsights_sitenote_note":"","_monsterinsights_sitenote_category":0,"footnotes":""},"categories":[7],"tags":[722,197,720,721,13,723,39,71],"class_list":["post-22888","post","type-post","status-publish","format-standard","has-post-thumbnail","hentry","category-todas-as-noticias","tag-cargo-comissionado","tag-consulta","tag-guaira","tag-jornada-de-trabalho","tag-mpc-pr","tag-ponto-eletronico","tag-tce-pr","tag-tribunal-pleno","entry","has-media"],"yoast_head":"<!-- This site is optimized with the Yoast SEO plugin v27.3 - https:\/\/yoast.com\/product\/yoast-seo-wordpress\/ -->\n<title>Consulta esclarece quest\u00f5es relacionadas \u00e0 jornada de trabalho de cargos comissionados - Minist\u00e9rio P\u00fablico de Contas do Estado do Paran\u00e1<\/title>\n<meta name=\"robots\" content=\"index, follow, max-snippet:-1, max-image-preview:large, max-video-preview:-1\" \/>\n<link rel=\"canonical\" href=\"https:\/\/www.mpc.pr.gov.br\/index.php\/consulta-esclarece-questoes-relacionadas-a-jornada-de-trabalho-de-cargos-comissionados\/\" \/>\n<meta property=\"og:locale\" content=\"pt_BR\" \/>\n<meta property=\"og:type\" content=\"article\" \/>\n<meta property=\"og:title\" content=\"Consulta esclarece quest\u00f5es relacionadas \u00e0 jornada de trabalho de cargos comissionados - Minist\u00e9rio P\u00fablico de Contas do Estado do Paran\u00e1\" \/>\n<meta property=\"og:description\" content=\"A C\u00e2mara Municipal de Gua\u00edra apresentou processo de consulta perante o Tribunal de Contas do Estado do Paran\u00e1 (TCE-PR) no intuito de esclarecer alguns questionamentos a respeito de ponto biom\u00e9trico, jornada de trabalho flex\u00edvel e outras quest\u00f5es relativas a cargos comissionados.\u00a0 Devidamente instru\u00eddo, o feito foi recebido conforme Despacho n\u00ba 261\/24 do Relator, o Conselheiro [&hellip;]\" \/>\n<meta property=\"og:url\" content=\"https:\/\/www.mpc.pr.gov.br\/index.php\/consulta-esclarece-questoes-relacionadas-a-jornada-de-trabalho-de-cargos-comissionados\/\" \/>\n<meta property=\"og:site_name\" content=\"Minist\u00e9rio P\u00fablico de Contas do Estado do Paran\u00e1\" \/>\n<meta property=\"article:publisher\" content=\"https:\/\/www.facebook.com\/mpc.pr\" \/>\n<meta property=\"article:published_time\" content=\"2025-04-03T13:07:01+00:00\" \/>\n<meta property=\"article:modified_time\" content=\"2025-04-28T16:10:10+00:00\" \/>\n<meta property=\"og:image\" content=\"https:\/\/www.mpc.pr.gov.br\/wp-content\/uploads\/2025\/04\/guaira--e1743685644958.png\" \/>\n\t<meta property=\"og:image:width\" content=\"400\" \/>\n\t<meta property=\"og:image:height\" content=\"400\" \/>\n\t<meta property=\"og:image:type\" content=\"image\/png\" \/>\n<meta name=\"author\" content=\"mpcontaspr\" \/>\n<meta name=\"twitter:card\" content=\"summary_large_image\" \/>\n<meta name=\"twitter:label1\" content=\"Escrito por\" \/>\n\t<meta name=\"twitter:data1\" content=\"mpcontaspr\" \/>\n\t<meta name=\"twitter:label2\" content=\"Est. tempo de leitura\" \/>\n\t<meta name=\"twitter:data2\" content=\"7 minutos\" \/>\n<script type=\"application\/ld+json\" class=\"yoast-schema-graph\">{\"@context\":\"https:\\\/\\\/schema.org\",\"@graph\":[{\"@type\":\"Article\",\"@id\":\"https:\\\/\\\/www.mpc.pr.gov.br\\\/index.php\\\/consulta-esclarece-questoes-relacionadas-a-jornada-de-trabalho-de-cargos-comissionados\\\/#article\",\"isPartOf\":{\"@id\":\"https:\\\/\\\/www.mpc.pr.gov.br\\\/index.php\\\/consulta-esclarece-questoes-relacionadas-a-jornada-de-trabalho-de-cargos-comissionados\\\/\"},\"author\":{\"name\":\"mpcontaspr\",\"@id\":\"https:\\\/\\\/www.mpc.pr.gov.br\\\/#\\\/schema\\\/person\\\/2d83cb8980538d0ec174e8a6284f5e11\"},\"headline\":\"Consulta esclarece quest\u00f5es relacionadas \u00e0 jornada de trabalho de cargos comissionados\",\"datePublished\":\"2025-04-03T13:07:01+00:00\",\"dateModified\":\"2025-04-28T16:10:10+00:00\",\"mainEntityOfPage\":{\"@id\":\"https:\\\/\\\/www.mpc.pr.gov.br\\\/index.php\\\/consulta-esclarece-questoes-relacionadas-a-jornada-de-trabalho-de-cargos-comissionados\\\/\"},\"wordCount\":1912,\"commentCount\":0,\"publisher\":{\"@id\":\"https:\\\/\\\/www.mpc.pr.gov.br\\\/#organization\"},\"image\":{\"@id\":\"https:\\\/\\\/www.mpc.pr.gov.br\\\/index.php\\\/consulta-esclarece-questoes-relacionadas-a-jornada-de-trabalho-de-cargos-comissionados\\\/#primaryimage\"},\"thumbnailUrl\":\"https:\\\/\\\/www.mpc.pr.gov.br\\\/wp-content\\\/uploads\\\/2025\\\/04\\\/guaira--e1743685644958.png\",\"keywords\":[\"Cargo comissionado\",\"Consulta\",\"Gua\u00edra\",\"Jornada de trabalho\",\"MPC-PR\",\"Ponto eletr\u00f4nico\",\"TCE-PR\",\"Tribunal Pleno\"],\"articleSection\":[\"Todas as not\u00edcias\"],\"inLanguage\":\"pt-BR\",\"potentialAction\":[{\"@type\":\"CommentAction\",\"name\":\"Comment\",\"target\":[\"https:\\\/\\\/www.mpc.pr.gov.br\\\/index.php\\\/consulta-esclarece-questoes-relacionadas-a-jornada-de-trabalho-de-cargos-comissionados\\\/#respond\"]}]},{\"@type\":\"WebPage\",\"@id\":\"https:\\\/\\\/www.mpc.pr.gov.br\\\/index.php\\\/consulta-esclarece-questoes-relacionadas-a-jornada-de-trabalho-de-cargos-comissionados\\\/\",\"url\":\"https:\\\/\\\/www.mpc.pr.gov.br\\\/index.php\\\/consulta-esclarece-questoes-relacionadas-a-jornada-de-trabalho-de-cargos-comissionados\\\/\",\"name\":\"Consulta esclarece quest\u00f5es relacionadas \u00e0 jornada de trabalho de cargos comissionados - Minist\u00e9rio P\u00fablico de Contas do Estado do Paran\u00e1\",\"isPartOf\":{\"@id\":\"https:\\\/\\\/www.mpc.pr.gov.br\\\/#website\"},\"primaryImageOfPage\":{\"@id\":\"https:\\\/\\\/www.mpc.pr.gov.br\\\/index.php\\\/consulta-esclarece-questoes-relacionadas-a-jornada-de-trabalho-de-cargos-comissionados\\\/#primaryimage\"},\"image\":{\"@id\":\"https:\\\/\\\/www.mpc.pr.gov.br\\\/index.php\\\/consulta-esclarece-questoes-relacionadas-a-jornada-de-trabalho-de-cargos-comissionados\\\/#primaryimage\"},\"thumbnailUrl\":\"https:\\\/\\\/www.mpc.pr.gov.br\\\/wp-content\\\/uploads\\\/2025\\\/04\\\/guaira--e1743685644958.png\",\"datePublished\":\"2025-04-03T13:07:01+00:00\",\"dateModified\":\"2025-04-28T16:10:10+00:00\",\"breadcrumb\":{\"@id\":\"https:\\\/\\\/www.mpc.pr.gov.br\\\/index.php\\\/consulta-esclarece-questoes-relacionadas-a-jornada-de-trabalho-de-cargos-comissionados\\\/#breadcrumb\"},\"inLanguage\":\"pt-BR\",\"potentialAction\":[{\"@type\":\"ReadAction\",\"target\":[\"https:\\\/\\\/www.mpc.pr.gov.br\\\/index.php\\\/consulta-esclarece-questoes-relacionadas-a-jornada-de-trabalho-de-cargos-comissionados\\\/\"]}]},{\"@type\":\"ImageObject\",\"inLanguage\":\"pt-BR\",\"@id\":\"https:\\\/\\\/www.mpc.pr.gov.br\\\/index.php\\\/consulta-esclarece-questoes-relacionadas-a-jornada-de-trabalho-de-cargos-comissionados\\\/#primaryimage\",\"url\":\"https:\\\/\\\/www.mpc.pr.gov.br\\\/wp-content\\\/uploads\\\/2025\\\/04\\\/guaira--e1743685644958.png\",\"contentUrl\":\"https:\\\/\\\/www.mpc.pr.gov.br\\\/wp-content\\\/uploads\\\/2025\\\/04\\\/guaira--e1743685644958.png\",\"width\":400,\"height\":400,\"caption\":\"Imagem criada por intelig\u00eancia artifical retratando um funcion\u00e1rio em frente ao computador.\"},{\"@type\":\"BreadcrumbList\",\"@id\":\"https:\\\/\\\/www.mpc.pr.gov.br\\\/index.php\\\/consulta-esclarece-questoes-relacionadas-a-jornada-de-trabalho-de-cargos-comissionados\\\/#breadcrumb\",\"itemListElement\":[{\"@type\":\"ListItem\",\"position\":1,\"name\":\"In\u00edcio\",\"item\":\"https:\\\/\\\/www.mpc.pr.gov.br\\\/\"},{\"@type\":\"ListItem\",\"position\":2,\"name\":\"Consulta esclarece quest\u00f5es relacionadas \u00e0 jornada de trabalho de cargos comissionados\"}]},{\"@type\":\"WebSite\",\"@id\":\"https:\\\/\\\/www.mpc.pr.gov.br\\\/#website\",\"url\":\"https:\\\/\\\/www.mpc.pr.gov.br\\\/\",\"name\":\"Minist\u00e9rio P\u00fablico de Contas do Estado do Paran\u00e1\",\"description\":\"\",\"publisher\":{\"@id\":\"https:\\\/\\\/www.mpc.pr.gov.br\\\/#organization\"},\"potentialAction\":[{\"@type\":\"SearchAction\",\"target\":{\"@type\":\"EntryPoint\",\"urlTemplate\":\"https:\\\/\\\/www.mpc.pr.gov.br\\\/?s={search_term_string}\"},\"query-input\":{\"@type\":\"PropertyValueSpecification\",\"valueRequired\":true,\"valueName\":\"search_term_string\"}}],\"inLanguage\":\"pt-BR\"},{\"@type\":\"Organization\",\"@id\":\"https:\\\/\\\/www.mpc.pr.gov.br\\\/#organization\",\"name\":\"Minist\u00e9rio P\u00fablico de Contas do Estado do Paran\u00e1\",\"url\":\"https:\\\/\\\/www.mpc.pr.gov.br\\\/\",\"logo\":{\"@type\":\"ImageObject\",\"inLanguage\":\"pt-BR\",\"@id\":\"https:\\\/\\\/www.mpc.pr.gov.br\\\/#\\\/schema\\\/logo\\\/image\\\/\",\"url\":\"https:\\\/\\\/www.mpc.pr.gov.br\\\/wp-content\\\/uploads\\\/2020\\\/06\\\/99423647_1593460364143890_6706793420720963584_n-1-e1591387983167.png\",\"contentUrl\":\"https:\\\/\\\/www.mpc.pr.gov.br\\\/wp-content\\\/uploads\\\/2020\\\/06\\\/99423647_1593460364143890_6706793420720963584_n-1-e1591387983167.png\",\"width\":243,\"height\":73,\"caption\":\"Minist\u00e9rio P\u00fablico de Contas do Estado do Paran\u00e1\"},\"image\":{\"@id\":\"https:\\\/\\\/www.mpc.pr.gov.br\\\/#\\\/schema\\\/logo\\\/image\\\/\"},\"sameAs\":[\"https:\\\/\\\/www.facebook.com\\\/mpc.pr\",\"https:\\\/\\\/www.instagram.com\\\/mpc.pr\\\/?hl=pt-br\",\"https:\\\/\\\/www.youtube.com\\\/channel\\\/UCHri5oEM8DV0ztX57E0sBSw\"]},{\"@type\":\"Person\",\"@id\":\"https:\\\/\\\/www.mpc.pr.gov.br\\\/#\\\/schema\\\/person\\\/2d83cb8980538d0ec174e8a6284f5e11\",\"name\":\"mpcontaspr\",\"image\":{\"@type\":\"ImageObject\",\"inLanguage\":\"pt-BR\",\"@id\":\"https:\\\/\\\/secure.gravatar.com\\\/avatar\\\/1aef51541db7622e05fd639336c9c9f312c2a618396e2b6ca96846362fc5403f?s=96&d=mm&r=g\",\"url\":\"https:\\\/\\\/secure.gravatar.com\\\/avatar\\\/1aef51541db7622e05fd639336c9c9f312c2a618396e2b6ca96846362fc5403f?s=96&d=mm&r=g\",\"contentUrl\":\"https:\\\/\\\/secure.gravatar.com\\\/avatar\\\/1aef51541db7622e05fd639336c9c9f312c2a618396e2b6ca96846362fc5403f?s=96&d=mm&r=g\",\"caption\":\"mpcontaspr\"},\"sameAs\":[\"http:\\\/\\\/www.mpc.pr.gov.br\"]}]}<\/script>\n<!-- \/ Yoast SEO plugin. -->","yoast_head_json":{"title":"Consulta esclarece quest\u00f5es relacionadas \u00e0 jornada de trabalho de cargos comissionados - Minist\u00e9rio P\u00fablico de Contas do Estado do Paran\u00e1","robots":{"index":"index","follow":"follow","max-snippet":"max-snippet:-1","max-image-preview":"max-image-preview:large","max-video-preview":"max-video-preview:-1"},"canonical":"https:\/\/www.mpc.pr.gov.br\/index.php\/consulta-esclarece-questoes-relacionadas-a-jornada-de-trabalho-de-cargos-comissionados\/","og_locale":"pt_BR","og_type":"article","og_title":"Consulta esclarece quest\u00f5es relacionadas \u00e0 jornada de trabalho de cargos comissionados - Minist\u00e9rio P\u00fablico de Contas do Estado do Paran\u00e1","og_description":"A C\u00e2mara Municipal de Gua\u00edra apresentou processo de consulta perante o Tribunal de Contas do Estado do Paran\u00e1 (TCE-PR) no intuito de esclarecer alguns questionamentos a respeito de ponto biom\u00e9trico, jornada de trabalho flex\u00edvel e outras quest\u00f5es relativas a cargos comissionados.\u00a0 Devidamente instru\u00eddo, o feito foi recebido conforme Despacho n\u00ba 261\/24 do Relator, o Conselheiro [&hellip;]","og_url":"https:\/\/www.mpc.pr.gov.br\/index.php\/consulta-esclarece-questoes-relacionadas-a-jornada-de-trabalho-de-cargos-comissionados\/","og_site_name":"Minist\u00e9rio P\u00fablico de Contas do Estado do Paran\u00e1","article_publisher":"https:\/\/www.facebook.com\/mpc.pr","article_published_time":"2025-04-03T13:07:01+00:00","article_modified_time":"2025-04-28T16:10:10+00:00","og_image":[{"width":400,"height":400,"url":"https:\/\/www.mpc.pr.gov.br\/wp-content\/uploads\/2025\/04\/guaira--e1743685644958.png","type":"image\/png"}],"author":"mpcontaspr","twitter_card":"summary_large_image","twitter_misc":{"Escrito por":"mpcontaspr","Est. tempo de leitura":"7 minutos"},"schema":{"@context":"https:\/\/schema.org","@graph":[{"@type":"Article","@id":"https:\/\/www.mpc.pr.gov.br\/index.php\/consulta-esclarece-questoes-relacionadas-a-jornada-de-trabalho-de-cargos-comissionados\/#article","isPartOf":{"@id":"https:\/\/www.mpc.pr.gov.br\/index.php\/consulta-esclarece-questoes-relacionadas-a-jornada-de-trabalho-de-cargos-comissionados\/"},"author":{"name":"mpcontaspr","@id":"https:\/\/www.mpc.pr.gov.br\/#\/schema\/person\/2d83cb8980538d0ec174e8a6284f5e11"},"headline":"Consulta esclarece quest\u00f5es relacionadas \u00e0 jornada de trabalho de cargos comissionados","datePublished":"2025-04-03T13:07:01+00:00","dateModified":"2025-04-28T16:10:10+00:00","mainEntityOfPage":{"@id":"https:\/\/www.mpc.pr.gov.br\/index.php\/consulta-esclarece-questoes-relacionadas-a-jornada-de-trabalho-de-cargos-comissionados\/"},"wordCount":1912,"commentCount":0,"publisher":{"@id":"https:\/\/www.mpc.pr.gov.br\/#organization"},"image":{"@id":"https:\/\/www.mpc.pr.gov.br\/index.php\/consulta-esclarece-questoes-relacionadas-a-jornada-de-trabalho-de-cargos-comissionados\/#primaryimage"},"thumbnailUrl":"https:\/\/www.mpc.pr.gov.br\/wp-content\/uploads\/2025\/04\/guaira--e1743685644958.png","keywords":["Cargo comissionado","Consulta","Gua\u00edra","Jornada de trabalho","MPC-PR","Ponto eletr\u00f4nico","TCE-PR","Tribunal Pleno"],"articleSection":["Todas as not\u00edcias"],"inLanguage":"pt-BR","potentialAction":[{"@type":"CommentAction","name":"Comment","target":["https:\/\/www.mpc.pr.gov.br\/index.php\/consulta-esclarece-questoes-relacionadas-a-jornada-de-trabalho-de-cargos-comissionados\/#respond"]}]},{"@type":"WebPage","@id":"https:\/\/www.mpc.pr.gov.br\/index.php\/consulta-esclarece-questoes-relacionadas-a-jornada-de-trabalho-de-cargos-comissionados\/","url":"https:\/\/www.mpc.pr.gov.br\/index.php\/consulta-esclarece-questoes-relacionadas-a-jornada-de-trabalho-de-cargos-comissionados\/","name":"Consulta esclarece quest\u00f5es relacionadas \u00e0 jornada de trabalho de cargos comissionados - Minist\u00e9rio P\u00fablico de Contas do Estado do Paran\u00e1","isPartOf":{"@id":"https:\/\/www.mpc.pr.gov.br\/#website"},"primaryImageOfPage":{"@id":"https:\/\/www.mpc.pr.gov.br\/index.php\/consulta-esclarece-questoes-relacionadas-a-jornada-de-trabalho-de-cargos-comissionados\/#primaryimage"},"image":{"@id":"https:\/\/www.mpc.pr.gov.br\/index.php\/consulta-esclarece-questoes-relacionadas-a-jornada-de-trabalho-de-cargos-comissionados\/#primaryimage"},"thumbnailUrl":"https:\/\/www.mpc.pr.gov.br\/wp-content\/uploads\/2025\/04\/guaira--e1743685644958.png","datePublished":"2025-04-03T13:07:01+00:00","dateModified":"2025-04-28T16:10:10+00:00","breadcrumb":{"@id":"https:\/\/www.mpc.pr.gov.br\/index.php\/consulta-esclarece-questoes-relacionadas-a-jornada-de-trabalho-de-cargos-comissionados\/#breadcrumb"},"inLanguage":"pt-BR","potentialAction":[{"@type":"ReadAction","target":["https:\/\/www.mpc.pr.gov.br\/index.php\/consulta-esclarece-questoes-relacionadas-a-jornada-de-trabalho-de-cargos-comissionados\/"]}]},{"@type":"ImageObject","inLanguage":"pt-BR","@id":"https:\/\/www.mpc.pr.gov.br\/index.php\/consulta-esclarece-questoes-relacionadas-a-jornada-de-trabalho-de-cargos-comissionados\/#primaryimage","url":"https:\/\/www.mpc.pr.gov.br\/wp-content\/uploads\/2025\/04\/guaira--e1743685644958.png","contentUrl":"https:\/\/www.mpc.pr.gov.br\/wp-content\/uploads\/2025\/04\/guaira--e1743685644958.png","width":400,"height":400,"caption":"Imagem criada por intelig\u00eancia artifical retratando um funcion\u00e1rio em frente ao computador."},{"@type":"BreadcrumbList","@id":"https:\/\/www.mpc.pr.gov.br\/index.php\/consulta-esclarece-questoes-relacionadas-a-jornada-de-trabalho-de-cargos-comissionados\/#breadcrumb","itemListElement":[{"@type":"ListItem","position":1,"name":"In\u00edcio","item":"https:\/\/www.mpc.pr.gov.br\/"},{"@type":"ListItem","position":2,"name":"Consulta esclarece quest\u00f5es relacionadas \u00e0 jornada de trabalho de cargos comissionados"}]},{"@type":"WebSite","@id":"https:\/\/www.mpc.pr.gov.br\/#website","url":"https:\/\/www.mpc.pr.gov.br\/","name":"Minist\u00e9rio P\u00fablico de Contas do Estado do Paran\u00e1","description":"","publisher":{"@id":"https:\/\/www.mpc.pr.gov.br\/#organization"},"potentialAction":[{"@type":"SearchAction","target":{"@type":"EntryPoint","urlTemplate":"https:\/\/www.mpc.pr.gov.br\/?s={search_term_string}"},"query-input":{"@type":"PropertyValueSpecification","valueRequired":true,"valueName":"search_term_string"}}],"inLanguage":"pt-BR"},{"@type":"Organization","@id":"https:\/\/www.mpc.pr.gov.br\/#organization","name":"Minist\u00e9rio P\u00fablico de Contas do Estado do Paran\u00e1","url":"https:\/\/www.mpc.pr.gov.br\/","logo":{"@type":"ImageObject","inLanguage":"pt-BR","@id":"https:\/\/www.mpc.pr.gov.br\/#\/schema\/logo\/image\/","url":"https:\/\/www.mpc.pr.gov.br\/wp-content\/uploads\/2020\/06\/99423647_1593460364143890_6706793420720963584_n-1-e1591387983167.png","contentUrl":"https:\/\/www.mpc.pr.gov.br\/wp-content\/uploads\/2020\/06\/99423647_1593460364143890_6706793420720963584_n-1-e1591387983167.png","width":243,"height":73,"caption":"Minist\u00e9rio P\u00fablico de Contas do Estado do Paran\u00e1"},"image":{"@id":"https:\/\/www.mpc.pr.gov.br\/#\/schema\/logo\/image\/"},"sameAs":["https:\/\/www.facebook.com\/mpc.pr","https:\/\/www.instagram.com\/mpc.pr\/?hl=pt-br","https:\/\/www.youtube.com\/channel\/UCHri5oEM8DV0ztX57E0sBSw"]},{"@type":"Person","@id":"https:\/\/www.mpc.pr.gov.br\/#\/schema\/person\/2d83cb8980538d0ec174e8a6284f5e11","name":"mpcontaspr","image":{"@type":"ImageObject","inLanguage":"pt-BR","@id":"https:\/\/secure.gravatar.com\/avatar\/1aef51541db7622e05fd639336c9c9f312c2a618396e2b6ca96846362fc5403f?s=96&d=mm&r=g","url":"https:\/\/secure.gravatar.com\/avatar\/1aef51541db7622e05fd639336c9c9f312c2a618396e2b6ca96846362fc5403f?s=96&d=mm&r=g","contentUrl":"https:\/\/secure.gravatar.com\/avatar\/1aef51541db7622e05fd639336c9c9f312c2a618396e2b6ca96846362fc5403f?s=96&d=mm&r=g","caption":"mpcontaspr"},"sameAs":["http:\/\/www.mpc.pr.gov.br"]}]}},"rttpg_featured_image_url":{"full":["https:\/\/www.mpc.pr.gov.br\/wp-content\/uploads\/2025\/04\/guaira--e1743685644958.png",400,400,false],"landscape":["https:\/\/www.mpc.pr.gov.br\/wp-content\/uploads\/2025\/04\/guaira--e1743685644958.png",400,400,false],"portraits":["https:\/\/www.mpc.pr.gov.br\/wp-content\/uploads\/2025\/04\/guaira--e1743685644958.png",400,400,false],"thumbnail":["https:\/\/www.mpc.pr.gov.br\/wp-content\/uploads\/2025\/04\/guaira--150x150.png",150,150,true],"medium":["https:\/\/www.mpc.pr.gov.br\/wp-content\/uploads\/2025\/04\/guaira--300x300.png",300,300,true],"large":["https:\/\/www.mpc.pr.gov.br\/wp-content\/uploads\/2025\/04\/guaira--e1743685644958.png",400,400,false],"1536x1536":["https:\/\/www.mpc.pr.gov.br\/wp-content\/uploads\/2025\/04\/guaira--e1743685644958.png",400,400,false],"2048x2048":["https:\/\/www.mpc.pr.gov.br\/wp-content\/uploads\/2025\/04\/guaira--e1743685644958.png",400,400,false],"ocean-thumb-m":["https:\/\/www.mpc.pr.gov.br\/wp-content\/uploads\/2025\/04\/guaira--e1743685644958.png",400,400,false],"ocean-thumb-ml":["https:\/\/www.mpc.pr.gov.br\/wp-content\/uploads\/2025\/04\/guaira--564x450.png",564,450,true],"ocean-thumb-l":["https:\/\/www.mpc.pr.gov.br\/wp-content\/uploads\/2025\/04\/guaira--e1743685644958.png",400,400,false]},"rttpg_author":{"display_name":"mpcontaspr","author_link":"https:\/\/www.mpc.pr.gov.br\/index.php\/author\/mpcontaspr\/"},"rttpg_comment":4,"rttpg_category":"<a href=\"https:\/\/www.mpc.pr.gov.br\/index.php\/category\/todas-as-noticias\/\" rel=\"category tag\">Todas as not\u00edcias<\/a>","rttpg_excerpt":"A C\u00e2mara Municipal de Gua\u00edra apresentou processo de consulta perante o Tribunal de Contas do Estado do Paran\u00e1 (TCE-PR) no intuito de esclarecer alguns questionamentos a respeito de ponto biom\u00e9trico, jornada de trabalho flex\u00edvel e outras quest\u00f5es relativas a cargos comissionados.\u00a0 Devidamente instru\u00eddo, o feito foi recebido conforme Despacho n\u00ba 261\/24 do Relator, o Conselheiro&hellip;","_links":{"self":[{"href":"https:\/\/www.mpc.pr.gov.br\/index.php\/wp-json\/wp\/v2\/posts\/22888","targetHints":{"allow":["GET"]}}],"collection":[{"href":"https:\/\/www.mpc.pr.gov.br\/index.php\/wp-json\/wp\/v2\/posts"}],"about":[{"href":"https:\/\/www.mpc.pr.gov.br\/index.php\/wp-json\/wp\/v2\/types\/post"}],"author":[{"embeddable":true,"href":"https:\/\/www.mpc.pr.gov.br\/index.php\/wp-json\/wp\/v2\/users\/1"}],"replies":[{"embeddable":true,"href":"https:\/\/www.mpc.pr.gov.br\/index.php\/wp-json\/wp\/v2\/comments?post=22888"}],"version-history":[{"count":3,"href":"https:\/\/www.mpc.pr.gov.br\/index.php\/wp-json\/wp\/v2\/posts\/22888\/revisions"}],"predecessor-version":[{"id":22898,"href":"https:\/\/www.mpc.pr.gov.br\/index.php\/wp-json\/wp\/v2\/posts\/22888\/revisions\/22898"}],"wp:featuredmedia":[{"embeddable":true,"href":"https:\/\/www.mpc.pr.gov.br\/index.php\/wp-json\/wp\/v2\/media\/22892"}],"wp:attachment":[{"href":"https:\/\/www.mpc.pr.gov.br\/index.php\/wp-json\/wp\/v2\/media?parent=22888"}],"wp:term":[{"taxonomy":"category","embeddable":true,"href":"https:\/\/www.mpc.pr.gov.br\/index.php\/wp-json\/wp\/v2\/categories?post=22888"},{"taxonomy":"post_tag","embeddable":true,"href":"https:\/\/www.mpc.pr.gov.br\/index.php\/wp-json\/wp\/v2\/tags?post=22888"}],"curies":[{"name":"wp","href":"https:\/\/api.w.org\/{rel}","templated":true}]}}