{"id":23248,"date":"2025-04-08T14:09:11","date_gmt":"2025-04-08T17:09:11","guid":{"rendered":"https:\/\/www.mpc.pr.gov.br\/?p=23248"},"modified":"2025-04-24T11:13:00","modified_gmt":"2025-04-24T14:13:00","slug":"mpc-pr-fiscaliza-irregularidades-no-regime-remuneratorio-de-procuradores-em-sao-jose-dos-pinhais","status":"publish","type":"post","link":"https:\/\/www.mpc.pr.gov.br\/index.php\/mpc-pr-fiscaliza-irregularidades-no-regime-remuneratorio-de-procuradores-em-sao-jose-dos-pinhais\/","title":{"rendered":"MPC-PR fiscaliza irregularidades no regime remunerat\u00f3rio de procuradores em S\u00e3o Jos\u00e9 dos Pinhais"},"content":{"rendered":"<figure id=\"attachment_23250\" aria-describedby=\"caption-attachment-23250\" style=\"width: 300px\" class=\"wp-caption alignleft\"><img fetchpriority=\"high\" decoding=\"async\" class=\"size-medium wp-image-23250\" src=\"https:\/\/www.mpc.pr.gov.br\/wp-content\/uploads\/2025\/04\/sao-jose-dos-pinhais-300x225.jpg\" alt=\"\" width=\"300\" height=\"225\" srcset=\"https:\/\/www.mpc.pr.gov.br\/wp-content\/uploads\/2025\/04\/sao-jose-dos-pinhais-300x225.jpg 300w, https:\/\/www.mpc.pr.gov.br\/wp-content\/uploads\/2025\/04\/sao-jose-dos-pinhais-1024x768.jpg 1024w, https:\/\/www.mpc.pr.gov.br\/wp-content\/uploads\/2025\/04\/sao-jose-dos-pinhais-768x576.jpg 768w, https:\/\/www.mpc.pr.gov.br\/wp-content\/uploads\/2025\/04\/sao-jose-dos-pinhais-1536x1152.jpg 1536w, https:\/\/www.mpc.pr.gov.br\/wp-content\/uploads\/2025\/04\/sao-jose-dos-pinhais.jpg 1600w\" sizes=\"(max-width: 300px) 100vw, 300px\" \/><figcaption id=\"caption-attachment-23250\" class=\"wp-caption-text\">Portal de entrada do Munic\u00edpio de S\u00e3o Jos\u00e9 dos Pinhais, o qual faz parte da regi\u00e3o metropolitana de Curitiba. Foto: divulga\u00e7\u00e3o.<\/figcaption><\/figure>\n<p><span data-contrast=\"none\">O <a href=\"https:\/\/www.sjp.pr.gov.br\/\">Munic\u00edpio de S\u00e3o Jos\u00e9 dos Pinhais<\/a> deve, no prazo de 90 dias, adotar medidas para instituir a remunera\u00e7\u00e3o dos Procuradores Municipais por subs\u00eddio, em conformidade com a decis\u00e3o de car\u00e1ter vinculante proferida no Ac\u00f3rd\u00e3o 1457\/19, do Tribunal de Contas do Estado (TCE-PR).<\/span><span data-ccp-props=\"{&quot;201341983&quot;:0,&quot;335551550&quot;:6,&quot;335551620&quot;:6,&quot;335559740&quot;:360}\">\u00a0<\/span><\/p>\n<p><span data-contrast=\"none\">Essa foi a decis\u00e3o dos membros do Tribunal Pleno do TCE-PR, ao julgar parcialmente procedente <a href=\"https:\/\/www.mpc.pr.gov.br\/wp-content\/uploads\/2025\/04\/sao-jose-dos-pinhais-peti-inicial-rep-mpc.pdf\">Representa\u00e7\u00e3o apresentada pelo Minist\u00e9rio P\u00fablico de Contas do Paran\u00e1 (MPC-PR)<\/a>, em face do Munic\u00edpio de S\u00e3o Jos\u00e9 dos Pinhais, em raz\u00e3o de irregularidades na fixa\u00e7\u00e3o da remunera\u00e7\u00e3o dos Procuradores Municipais.\u00a0<\/span><span data-ccp-props=\"{&quot;201341983&quot;:0,&quot;335551550&quot;:6,&quot;335551620&quot;:6,&quot;335559740&quot;:360}\">\u00a0<\/span><\/p>\n<h4><b><span data-contrast=\"none\">Entenda o caso<\/span><\/b><span data-ccp-props=\"{&quot;201341983&quot;:0,&quot;335551550&quot;:6,&quot;335551620&quot;:6,&quot;335559740&quot;:360}\">\u00a0<\/span><\/h4>\n<p><span data-contrast=\"none\">A <a href=\"https:\/\/www.mpc.pr.gov.br\/wp-content\/uploads\/2024\/06\/66511-24-Representacao-MPC-x-Pref.-Sao-Jose-dos-Pinhais.pdf\">Representa\u00e7\u00e3o n\u00b0 66511\/24<\/a> foi proposta pela 5\u00aa Procuradoria de Contas do MPC-PR, ap\u00f3s den\u00fancia encaminhada ao canal de comunica\u00e7\u00e3o <\/span><a href=\"mailto:faleconosco@mpc.pr.gov.br\"><span data-contrast=\"none\">faleconosco@mpc.pr.gov.br<\/span><\/a><span data-contrast=\"none\">. Em suma, o denunciante alegava que o pagamento de honor\u00e1rios sucumbenciais ao Procurador-Geral do Munic\u00edpio, um cargo comissionado, estaria em desacordo com o Ac\u00f3rd\u00e3o n\u00ba 79\/2022 do TCE-PR.\u00a0<\/span><span data-ccp-props=\"{&quot;201341983&quot;:0,&quot;335551550&quot;:6,&quot;335551620&quot;:6,&quot;335559740&quot;:360}\">\u00a0<\/span><\/p>\n<p><span data-contrast=\"none\">Para investigar os fatos, foi instaurado preliminarmente o <a href=\"https:\/\/www.mpc.pr.gov.br\/wp-content\/uploads\/2023\/08\/Portaria-18.pdf\">Procedimento de Apura\u00e7\u00e3o Preliminar \u2013 PAP n\u00ba 15\/2023<\/a>, por meio do qual solicitou-se esclarecimentos e documentos \u00e0 municipalidade. Em resposta, a Coordenadoria do Sistema de Controle Interno do Munic\u00edpio apresentou um memorando assinado pelo Presidente da Associa\u00e7\u00e3o dos Procuradores da Administra\u00e7\u00e3o Direta do Munic\u00edpio de S\u00e3o Jos\u00e9 dos Pinhais, Everson Luiz da Silva, informando que o Procurador-Geral representa o Munic\u00edpio em todas as esferas, incluindo judicialmente, <\/span><span data-contrast=\"none\">conforme previsto pela legisla\u00e7\u00e3o municipal <\/span><span data-contrast=\"none\">no \u00a7 2\u00ba do art. 2\u00ba da Lei Complementar Municipal n\u00ba 137\/19.<\/span><span data-ccp-props=\"{&quot;201341983&quot;:0,&quot;335551550&quot;:6,&quot;335551620&quot;:6,&quot;335559740&quot;:360}\">\u00a0<\/span><\/p>\n<p><span data-contrast=\"none\">Em rela\u00e7\u00e3o aos pagamentos, esclareceu que a Lei Municipal n\u00ba 3.802\/2021 confere aos advogados p\u00fablicos e ao Procurador-Geral do Munic\u00edpio o direito ao recebimento de honor\u00e1rios sucumbenciais, divididos igualmente, respeitando o teto remunerat\u00f3rio e que, de acordo com a Ata n\u00ba 23 do FEP-SJP, foi decidido o pagamento de 13\u00ba sal\u00e1rio sobre as verbas honor\u00e1rias, com os recursos do Fundo repassados ao Munic\u00edpio para pagamento em folha, junto com a verba p\u00fablica.<\/span><span data-ccp-props=\"{&quot;201341983&quot;:0,&quot;335551550&quot;:6,&quot;335551620&quot;:6,&quot;335559740&quot;:360}\">\u00a0<\/span><\/p>\n<p><span data-contrast=\"none\">Ap\u00f3s an\u00e1lise do contradit\u00f3rio, a 5\u00aa Procuradoria de Contas <\/span><span data-contrast=\"none\">(5PC)<\/span><span data-contrast=\"none\"> identificou a irregularidade no pagamento de honor\u00e1rios sucumbenciais ao Procurador-Geral do Munic\u00edpio pois, embora tal cargo seja comissionado, a Lei Municipal n\u00ba 1500\/2010, em seu art. 36, estabelece que os Secret\u00e1rios Municipais e o Procurador-Geral receber\u00e3o subs\u00eddios fixados em lei. No entanto, verificou-se que os repasses de honor\u00e1rios sucumbenciais aos advogados efetivos e ao Procurador-Geral ocorrem mensalmente e s\u00e3o processados em folha de pagamento, sob a rubrica \u201cSucumb\u00eancia\/Produtividade \u2013 Art. 6\u00ba, I\u201d. Tamb\u00e9m foram identificados pagamentos adicionais de honor\u00e1rios nos meses de junho e dezembro de 2023, a t\u00edtulo de d\u00e9cimo terceiro, sem considerar o teto remunerat\u00f3rio.\u00a0<\/span><span data-ccp-props=\"{&quot;201341983&quot;:0,&quot;335551550&quot;:6,&quot;335551620&quot;:6,&quot;335559740&quot;:360}\">\u00a0<\/span><\/p>\n<p><span data-contrast=\"none\">Conforme destacado pela 5PC, a jurisprud\u00eancia e as normas indicam que os honor\u00e1rios sucumbenciais devem ser pagos apenas aos advogados p\u00fablicos efetivos, n\u00e3o aos cargos comissionados, e que, de igual forma, a legisla\u00e7\u00e3o e decis\u00f5es recentes refor\u00e7am a exclusividade das fun\u00e7\u00f5es de advocacia p\u00fablica para servidores efetivos. Assim, \u00e9 necess\u00e1rio que o Munic\u00edpio suspenda o pagamento de honor\u00e1rios sucumbenciais ao Procurador-Geral comissionado e restrinja as fun\u00e7\u00f5es dos comissionados \u00e0s atividades de chefia e assessoria, conforme estabelece o Prejulgado n\u00ba 06 do TCE-PR.<\/span><span data-ccp-props=\"{&quot;201341983&quot;:0,&quot;335551550&quot;:6,&quot;335551620&quot;:6,&quot;335559740&quot;:360}\">\u00a0<\/span><\/p>\n<p><span data-contrast=\"none\">Quanto ao pagamento de cotas adicionais, como o d\u00e9cimo terceiro, frisou que estas n\u00e3o podem exceder o teto remunerat\u00f3rio constitucional, de modo que o Munic\u00edpio deve ajustar os pagamentos de honor\u00e1rios sucumbenciais para garantir que n\u00e3o ultrapassem o teto permitido.\u00a0<\/span><span data-ccp-props=\"{&quot;201341983&quot;:0,&quot;335551550&quot;:6,&quot;335551620&quot;:6,&quot;335559740&quot;:360}\">\u00a0<\/span><\/p>\n<h4><b><span data-contrast=\"none\">Instru\u00e7\u00e3o do processo<\/span><\/b><span data-ccp-props=\"{&quot;201341983&quot;:0,&quot;335551550&quot;:6,&quot;335551620&quot;:6,&quot;335559740&quot;:360}\">\u00a0<\/span><\/h4>\n<p><span data-contrast=\"none\">Ap\u00f3s recebimento da Representa\u00e7\u00e3o, o Relator Conselheiro Ivan Lelis Bonilha, mediante os Despachos n\u00ba 666\/24 e n\u00ba 1043\/24, deferiu o ingresso da Associa\u00e7\u00e3o dos Procuradores da Administra\u00e7\u00e3o Direta do Munic\u00edpio de S\u00e3o Jos\u00e9 dos Pinhais (APMSJP) e da Ordem dos Advogados do Brasil &#8211; Seccional do Paran\u00e1 (OAB-PR) na condi\u00e7\u00e3o de<\/span><i><span data-contrast=\"none\"> amicus curiae <\/span><\/i><span data-contrast=\"none\">(express\u00e3o latina que significa \u201camigo da Corte\u201d, utilizada para designar uma terceira parte que ser\u00e1 admitida no processo para esclarecer informa\u00e7\u00f5es e quest\u00f5es t\u00e9cnicas).<\/span><span data-ccp-props=\"{&quot;201341983&quot;:0,&quot;335551550&quot;:6,&quot;335551620&quot;:6,&quot;335559740&quot;:360}\">\u00a0<\/span><\/p>\n<p><span data-contrast=\"none\">Ambas as entidades apresentaram manifesta\u00e7\u00f5es a fim de afastar as irregularidades, alegando, ainda, uma suposta incompet\u00eancia do Tribunal de Contas para processar eventual inconstitucionalidade de Lei Municipal n\u00ba 3.802\/2021 de S\u00e3o Jos\u00e9 dos Pinhais, que regulamenta a distribui\u00e7\u00e3o da verba ao assegurar o pagamento de honor\u00e1rios de sucumb\u00eancia aos procuradores e ao procurador-geral. Ademais, tal Lei n\u00e3o faz distin\u00e7\u00e3o entre advogados p\u00fablicos de carreira e os comissionados, de modo que consideram que o entendimento proposto pelo MPC-PR contraria o princ\u00edpio da isonomia.\u00a0<\/span><span data-contrast=\"auto\">\u00a0<\/span><span data-ccp-props=\"{&quot;201341983&quot;:0,&quot;335551550&quot;:6,&quot;335551620&quot;:6,&quot;335559740&quot;:360}\">\u00a0<\/span><\/p>\n<p><span data-contrast=\"auto\">Instada a se manifestar, a Coordenadoria de Gest\u00e3o Municipal (CGM) destacou que, ao contr\u00e1rio do que alegam as partes, c<\/span><span data-contrast=\"none\">onforme estabelece o art. 1\u00ba, inc. XIII, da Lei Complementar Estadual n\u00ba 113\/2005, compete ao Tribunal de Contas \u201cdecidir sobre a legalidade, a legitimidade, a efic\u00e1cia e a economicidade dos atos de gest\u00e3o e das despesas deles decorrentes, bem como sobre a aplica\u00e7\u00e3o de subven\u00e7\u00f5es e a ren\u00fancia de receita, no julgamento de contas e na fiscaliza\u00e7\u00e3o que lhe compete\u201d. No mesmo sentido, a S\u00famula n\u00ba 347 do Supremo Tribunal Federal (STF) estabelece que cabe ao Tribunal de Contas, na an\u00e1lise de casos concretos, \u201capreciar a constitucionalidade das leis e dos atos do Poder P\u00fablico\u201d.<\/span><span data-ccp-props=\"{&quot;201341983&quot;:0,&quot;335551550&quot;:6,&quot;335551620&quot;:6,&quot;335559740&quot;:360}\">\u00a0<\/span><\/p>\n<p><span data-contrast=\"none\">Superada a quest\u00e3o relativa \u00e0 compet\u00eancia do TCE-PR para analisar a constitucionalidade da Lei Municipal, a unidade t\u00e9cnica apontou que, embora o pagamento em honor\u00e1rios de sucumb\u00eancia esteja brevemente pautado na supracitada legisla\u00e7\u00e3o do ente municipal, a situa\u00e7\u00e3o em quest\u00e3o viola o Prejulgado n\u00ba 6 da Corte de Contas, pois o servidor exclusivamente comissionado &#8211; chefe de determinado setor da procuradoria &#8211; n\u00e3o poderia atuar judicialmente em nome do Munic\u00edpio, haja vista ser atividade inerente \u00e0 advogado p\u00fablico concursado, considerando ainda que os cargos em comiss\u00e3o se destinam a dire\u00e7\u00e3o, chefia e assessoramento, nos termos do art. 37, inciso V da Constitui\u00e7\u00e3o Federal.\u00a0<\/span><span data-ccp-props=\"{&quot;201341983&quot;:0,&quot;335551550&quot;:6,&quot;335551620&quot;:6,&quot;335559740&quot;:360}\">\u00a0<\/span><\/p>\n<p><span data-contrast=\"none\">Dessa forma, a CGM concluiu seu opinativo pela <\/span><span data-contrast=\"auto\">proced\u00eancia da Representa\u00e7\u00e3o, com a emiss\u00e3o de determina\u00e7\u00f5es para que o Munic\u00edpio cesse os pagamentos de verbas relativas a honor\u00e1rios sucumbenciais a servidores exclusivamente comissionados, devido somente aos Procuradores Municipais efetivos, na forma da lei, e limite as atribui\u00e7\u00f5es dos servidores comissionados da Procuradoria-Geral do Munic\u00edpio \u00e0s atividades de chefia, assessoramento e dire\u00e7\u00e3o, em aten\u00e7\u00e3o ao Prejulgado n\u00ba 06.\u00a0<\/span><span data-ccp-props=\"{&quot;201341983&quot;:0,&quot;335551550&quot;:6,&quot;335551620&quot;:6,&quot;335559740&quot;:360}\">\u00a0<\/span><\/p>\n<p><span data-contrast=\"auto\">Por fim, sugeriu ainda a expedi\u00e7\u00e3o de determina\u00e7\u00f5es para que o ente adote provid\u00eancias administrativas necess\u00e1rias para promover a altera\u00e7\u00e3o da legisla\u00e7\u00e3o que regulamenta o regime remunerat\u00f3rio dos procuradores municipais, a fim de que sejam remunerados por subs\u00eddio, assim como para assegurar a incid\u00eancia do teto remunerat\u00f3rio sobre todos os repasses mensais referentes \u00e0 honor\u00e1rios sucumbenciais, inclusive cotas adicionais pagas a t\u00edtulo de d\u00e9cimo terceiro, em conson\u00e2ncia com a decis\u00e3o do STF na ADI 6053\/DF.<\/span><span data-ccp-props=\"{&quot;201341983&quot;:0,&quot;335551550&quot;:6,&quot;335551620&quot;:6,&quot;335559740&quot;:360}\">\u00a0<\/span><\/p>\n<h4><b><span data-contrast=\"auto\">Minist\u00e9rio P\u00fablico de Contas\u00a0<\/span><\/b><span data-ccp-props=\"{&quot;201341983&quot;:0,&quot;335551550&quot;:6,&quot;335551620&quot;:6,&quot;335559740&quot;:360}\">\u00a0<\/span><\/h4>\n<p><span data-contrast=\"none\">Em nova manifesta\u00e7\u00e3o, por meio do <a href=\"https:\/\/www.mpc.pr.gov.br\/wp-content\/uploads\/2025\/04\/sao-jose-dos-pinhais-PAR-722-24.pdf\">Parecer n\u00ba 722\/24<\/a>, o Minist\u00e9rio P\u00fablico de Contas do Paran\u00e1 pontuou que, em que pese os argumentos apresentados pelas partes, os fatos verificados confirmam a necessidade da atua\u00e7\u00e3o do TCE-PR como \u00f3rg\u00e3o de controle e apontam para a necessidade de adequa\u00e7\u00e3o por parte do Munic\u00edpio.\u00a0<\/span><span data-ccp-props=\"{&quot;201341983&quot;:0,&quot;335551550&quot;:6,&quot;335551620&quot;:6,&quot;335559740&quot;:360}\">\u00a0<\/span><\/p>\n<p><span data-contrast=\"none\">Sendo assim, a 5\u00aa Procuradoria de Contas reiterou os fatos apresentados na pe\u00e7a inicial, opinando pela proced\u00eancia da Representa\u00e7\u00e3o com expedi\u00e7\u00e3o de determina\u00e7\u00f5es, recomenda\u00e7\u00f5es e aplica\u00e7\u00e3o de multa administrativa \u00e0 Prefeita de S\u00e3o Jos\u00e9 dos Pinhais, Margarida Maria Singer, com fundamento no art. 87, IV, g da LC 113\/05, em raz\u00e3o da irregularidade relativa ao pagamento de honor\u00e1rios sucumbenciais em favor de servidor comissionado, em contrariedade \u00e0 jurisprud\u00eancia do TCE-PR.<\/span><span data-ccp-props=\"{&quot;134233117&quot;:false,&quot;134233118&quot;:false,&quot;201341983&quot;:0,&quot;335551550&quot;:6,&quot;335551620&quot;:6,&quot;335559685&quot;:0,&quot;335559737&quot;:0,&quot;335559738&quot;:0,&quot;335559739&quot;:160,&quot;335559740&quot;:360}\">\u00a0<\/span><\/p>\n<h4><b><span data-contrast=\"none\">Decis\u00e3o<\/span><\/b><span data-ccp-props=\"{&quot;134233117&quot;:false,&quot;134233118&quot;:false,&quot;201341983&quot;:0,&quot;335551550&quot;:6,&quot;335551620&quot;:6,&quot;335559685&quot;:0,&quot;335559737&quot;:0,&quot;335559738&quot;:0,&quot;335559739&quot;:160,&quot;335559740&quot;:360}\">\u00a0<\/span><\/h4>\n<p><span data-contrast=\"auto\">Divergindo parcialmente dos opinativos uniformes da CGM e MPC-PR, o Relator defendeu que o exerc\u00edcio da representa\u00e7\u00e3o judicial do Munic\u00edpio \u00e9 inerente \u00e0s fun\u00e7\u00f5es do Procurador-Geral, uma vez que o a<\/span><span data-contrast=\"none\">rt. 131, \u00a71\u00ba, da Constitui\u00e7\u00e3o Federal, aplic\u00e1vel por simetria aos Estados e Munic\u00edpios, estabelece que os integrantes da carreira da Advocacia Geral da Uni\u00e3o ser\u00e3o chefiados pelo Advogado-Geral da Uni\u00e3o, cargo de livre nomea\u00e7\u00e3o pelo Presidente da Rep\u00fablica. Sendo assim, nos termos do art. 22 do Estatuto da OAB e do art. 85, \u00a7 19, do C\u00f3digo de Processo Civil, entende que o Procurador-Geral do Munic\u00edpio<\/span><span data-contrast=\"auto\"> est\u00e1 <\/span><span data-contrast=\"none\">legitimado para o exerc\u00edcio da advocacia vinculada \u00e0 fun\u00e7\u00e3o que exerce e, assim, possui o direito \u00e0 percep\u00e7\u00e3o dos honor\u00e1rios de sucumb\u00eancia.<\/span><span data-ccp-props=\"{&quot;134233117&quot;:false,&quot;134233118&quot;:false,&quot;201341983&quot;:0,&quot;335551550&quot;:6,&quot;335551620&quot;:6,&quot;335559685&quot;:0,&quot;335559737&quot;:0,&quot;335559738&quot;:0,&quot;335559739&quot;:160,&quot;335559740&quot;:360}\">\u00a0<\/span><\/p>\n<p><span data-contrast=\"none\">Em rela\u00e7\u00e3o a essa quest\u00e3o, o Relator tamb\u00e9m observou que os precedentes mencionados na den\u00fancia n\u00e3o trataram especificamente do cargo de Procurador-Geral, visto que o Ac\u00f3rd\u00e3o 79\/22-STP tratou da inconstitucionalidade de dispositivos da Lei n\u00b0 1648\/18 do Munic\u00edpio de Assa\u00ed, que permitiam que servidores nomeados para cargos em comiss\u00e3o de assessoramento jur\u00eddico pudessem atuar na representa\u00e7\u00e3o judicial do Munic\u00edpio e receber honor\u00e1rios de sucumb\u00eancia. J\u00e1 o Ac\u00f3rd\u00e3o n\u00ba 1457\/19, que se refere \u00e0 Consulta formulada pelo Munic\u00edpio de Foz do Igua\u00e7u sobre a remunera\u00e7\u00e3o dos Procuradores Municipais, <\/span><span data-contrast=\"none\">eis que<\/span><span data-contrast=\"none\"> a resposta ao questionamento sobre a possibilidade de percep\u00e7\u00e3o da verba honor\u00e1ria de sucumb\u00eancia n\u00e3o fez refer\u00eancia expressa ao cargo de Procurador-Geral.<\/span><span data-ccp-props=\"{&quot;201341983&quot;:0,&quot;335551550&quot;:6,&quot;335551620&quot;:6,&quot;335559740&quot;:360}\">\u00a0<\/span><\/p>\n<p><span data-contrast=\"none\">Dessa forma, votou pela improced\u00eancia da Representa\u00e7\u00e3o quanto a esse item, ao concluir que a Lei Municipal n\u00ba 3.802\/2021 n\u00e3o incorreu em irregularidade ao estabelecer, em seu art. 4\u00ba, que a distribui\u00e7\u00e3o dos honor\u00e1rios ser\u00e1 realizada aos integrantes da Carreira de Advogado P\u00fablico e ao Procurador-Geral do Munic\u00edpio.<\/span><span data-ccp-props=\"{&quot;201341983&quot;:0,&quot;335551550&quot;:6,&quot;335551620&quot;:6,&quot;335559740&quot;:360}\">\u00a0<\/span><\/p>\n<p><span data-contrast=\"none\">Quanto ao pagamento de cotas adicionais de honor\u00e1rios sucumbenciais juntamente com o d\u00e9cimo terceiro, com aparente exclus\u00e3o dos valores para fins de verifica\u00e7\u00e3o do teto remunerat\u00f3rio, no caso em exame o Relator considerou que n\u00e3o restou demonstrado que a soma do d\u00e9cimo terceiro e da cota de verbas sucumbenciais pagas aos Procuradores e ao Procurador-Geral do Munic\u00edpio de S\u00e3o Jos\u00e9 dos Pinhais tenha ultrapassado o valor do teto remunerat\u00f3rio que, entre abril de 2023 a abril de 2024, totalizava R$ 37.589,95, que corresponde ao teto dos Desembargadores do Tribunal de Justi\u00e7a, conforme a tese fixada pelo STF por ocasi\u00e3o do julgamento do RE 663.696\/MG, que trata do Tema 510.<\/span><span data-ccp-props=\"{&quot;134233117&quot;:false,&quot;134233118&quot;:false,&quot;201341983&quot;:0,&quot;335551550&quot;:6,&quot;335551620&quot;:6,&quot;335559685&quot;:0,&quot;335559737&quot;:0,&quot;335559738&quot;:0,&quot;335559739&quot;:160,&quot;335559740&quot;:360}\">\u00a0<\/span><\/p>\n<p><span data-contrast=\"none\">Por fim, em rela\u00e7\u00e3o ao regime remunerat\u00f3rio dos Procuradores Municipais estabelecido na Lei Complementar Municipal n\u00ba 02\/2004, n\u00e3o obstante as alega\u00e7\u00f5es apresentadas pelo Munic\u00edpio, o Relator assistiu raz\u00e3o ao MPC-PR quanto \u00e0 obrigatoriedade de fixa\u00e7\u00e3o de vencimentos dos Procuradores por subs\u00eddio, por for\u00e7a do disposto no art. 135 (aplic\u00e1vel com base no princ\u00edpio da simetria) c\/c art. 39, \u00a7 4\u00ba, da Constitui\u00e7\u00e3o, e em conformidade com o entendimento do TCE-PR fixado no Ac\u00f3rd\u00e3o 1457\/19-STP.<\/span><span data-ccp-props=\"{&quot;201341983&quot;:0,&quot;335551550&quot;:6,&quot;335551620&quot;:6,&quot;335559740&quot;:360}\">\u00a0<\/span><\/p>\n<p><span data-contrast=\"none\">Acompanhando o voto do Relator, mediante a decis\u00e3o expressa no<a href=\"https:\/\/www.mpc.pr.gov.br\/wp-content\/uploads\/2025\/04\/Representacao-66511-24-Acordap-429-25.pdf\"> Ac\u00f3rd\u00e3o n\u00ba 429\/25<\/a>, os membros do Tribunal Pleno julgaram parcialmente procedente a Representa\u00e7\u00e3o do MPC-PR, apenas em rela\u00e7\u00e3o \u00e0 irregular <\/span><span data-contrast=\"auto\">fixa\u00e7\u00e3o da remunera\u00e7\u00e3o dos Procuradores Municipais por vencimentos, determinando que o Munic\u00edpio de S\u00e3o Jos\u00e9 dos Pinhais institua remunera\u00e7\u00e3o por subs\u00eddio, em conformidade com a decis\u00e3o proferida no Ac\u00f3rd\u00e3o 1457\/19-STP, fixando-se o prazo de 90 dias para apresentar as medidas adotadas.<\/span><span data-ccp-props=\"{&quot;201341983&quot;:0,&quot;335551550&quot;:6,&quot;335551620&quot;:6,&quot;335559740&quot;:360}\">\u00a0<\/span><\/p>\n<p><span data-contrast=\"auto\">Ap\u00f3s o tr\u00e2nsito em julgado, os autos devem ser encaminhados \u00e0 Coordenadoria-Geral de Fiscaliza\u00e7\u00e3o para ci\u00eancia e avalia\u00e7\u00e3o das a\u00e7\u00f5es fiscalizat\u00f3rias a serem efetuadas diante da not\u00edcia de descumprimento por parte de outros munic\u00edpios \u00e0 Consulta, com efeito normativo, que estabeleceu que a remunera\u00e7\u00e3o dos Procuradores Municipais deve ser fixada por meio de subs\u00eddio (Ac\u00f3rd\u00e3o 1457\/19-STP).<\/span><span data-ccp-props=\"{&quot;201341983&quot;:0,&quot;335551550&quot;:6,&quot;335551620&quot;:6,&quot;335559740&quot;:360}\">\u00a0<\/span><\/p>\n<h4><b><span data-contrast=\"auto\">Recursos<\/span><\/b><span data-ccp-props=\"{&quot;201341983&quot;:0,&quot;335551550&quot;:6,&quot;335551620&quot;:6,&quot;335559740&quot;:360}\">\u00a0<\/span><\/h4>\n<p><span data-contrast=\"auto\">Em sede recursal, o Munic\u00edpio e a Associa\u00e7\u00e3o dos Procuradores da Administra\u00e7\u00e3o Direta do Munic\u00edpio de S\u00e3o Jos\u00e9 dos Pinhais apresentaram Embargos de Declara\u00e7\u00e3o, alegando que a decis\u00e3o do TCE-PR apenas determinou a invalidade do modo remunerat\u00f3rio e ordenou sua altera\u00e7\u00e3o, sem a necess\u00e1ria indica\u00e7\u00e3o do modo e consequ\u00eancias de tal fato. Nesse sentido, argumentam que, conforme estabelece o Decreto-Lei n\u00ba 4.657\/1942, com reda\u00e7\u00e3o dada pela Lei n\u00ba 12.376\/2010, a decis\u00e3o na esfera controladora que decretar a invalidade de ato\/norma administrativa deve indicar de modo expresso as consequ\u00eancias jur\u00eddicas, devendo ainda informar as condi\u00e7\u00f5es para que a regulariza\u00e7\u00e3o ocorra de modo proporcional, equ\u00e2nime e sem preju\u00edzo aos interesses gerais, de forma a n\u00e3o impor aos atingidos, \u00f4nus ou perdas anormais ou excessivas.<\/span><span data-ccp-props=\"{&quot;201341983&quot;:0,&quot;335551550&quot;:6,&quot;335551620&quot;:6,&quot;335559740&quot;:360}\">\u00a0<\/span><\/p>\n<p><span data-contrast=\"auto\">Em face disso, requerem que o TCE-PR conhe\u00e7a e de provimento aos embargos de declara\u00e7\u00e3o, a fim de complementar a decis\u00e3o quanto a orienta\u00e7\u00e3o de como a Administra\u00e7\u00e3o deve agir para promover a regulariza\u00e7\u00e3o requerida.<\/span><span data-ccp-props=\"{&quot;201341983&quot;:0,&quot;335551550&quot;:6,&quot;335551620&quot;:6,&quot;335559740&quot;:360}\">\u00a0<\/span><\/p>\n<p><span data-contrast=\"auto\">No momento os autos aguardam por nova manifesta\u00e7\u00e3o do Relator.<\/span><span data-ccp-props=\"{&quot;201341983&quot;:0,&quot;335551550&quot;:6,&quot;335551620&quot;:6,&quot;335559740&quot;:360}\">\u00a0<\/span><\/p>\n<p>&nbsp;<\/p>\n<blockquote><p><span style=\"color: #820007;\"><strong><u>Informa\u00e7\u00e3o para consulta processual<\/u><\/strong><\/span><\/p>\n<table style=\"height: 183px;\" border=\"0\" width=\"478\" cellspacing=\"0\" cellpadding=\"0\">\n<tbody>\n<tr>\n<td><strong>Processo n\u00ba<\/strong>:<\/td>\n<td>66511\/24<\/td>\n<\/tr>\n<tr>\n<td><strong>Ac\u00f3rd\u00e3o n\u00ba<\/strong>:<\/td>\n<td>429\/25- Tribunal Pleno<\/td>\n<\/tr>\n<tr>\n<td><strong>Assunto<\/strong>:<\/td>\n<td>Representa\u00e7\u00e3o<\/td>\n<\/tr>\n<tr>\n<td><strong>Entidade<\/strong>:<\/td>\n<td>Munic\u00edpio de S\u00e3o Jos\u00e9 dos Pinhais<\/td>\n<\/tr>\n<tr>\n<td><strong>Relator<\/strong>:<\/td>\n<td><span class=\"TextRun SCXW156170801 BCX0\" lang=\"PT-BR\" xml:lang=\"PT-BR\" data-contrast=\"auto\"><span class=\"NormalTextRun SCXW156170801 BCX0\"><span data-contrast=\"auto\">Conselheiro Ivan Lelis Bonilha<\/span><\/span><\/span><\/td>\n<\/tr>\n<\/tbody>\n<\/table>\n<\/blockquote>\n","protected":false},"excerpt":{"rendered":"<p>O Munic\u00edpio de S\u00e3o Jos\u00e9 dos Pinhais deve, no prazo de 90 dias, adotar medidas para instituir a remunera\u00e7\u00e3o dos Procuradores Municipais por subs\u00eddio, em conformidade com a decis\u00e3o de car\u00e1ter vinculante proferida no Ac\u00f3rd\u00e3o 1457\/19, do Tribunal de Contas do Estado (TCE-PR).\u00a0 Essa foi a decis\u00e3o dos membros do Tribunal Pleno do TCE-PR, ao [&hellip;]<\/p>\n","protected":false},"author":1,"featured_media":23250,"comment_status":"open","ping_status":"open","sticky":false,"template":"","format":"standard","meta":{"_monsterinsights_skip_tracking":false,"_monsterinsights_sitenote_active":false,"_monsterinsights_sitenote_note":"","_monsterinsights_sitenote_category":0,"footnotes":""},"categories":[7],"tags":[13,724,180,597,673,39,71],"class_list":["post-23248","post","type-post","status-publish","format-standard","has-post-thumbnail","hentry","category-todas-as-noticias","tag-mpc-pr","tag-procuradores","tag-remuneracao","tag-representacao-do-mpc-pr","tag-sao-jose-dos-pinhais","tag-tce-pr","tag-tribunal-pleno","entry","has-media"],"yoast_head":"<!-- This site is optimized with the Yoast SEO plugin v27.3 - https:\/\/yoast.com\/product\/yoast-seo-wordpress\/ -->\n<title>MPC-PR fiscaliza irregularidades no regime remunerat\u00f3rio de procuradores em S\u00e3o Jos\u00e9 dos Pinhais - Minist\u00e9rio P\u00fablico de Contas do Estado do Paran\u00e1<\/title>\n<meta name=\"robots\" content=\"index, follow, max-snippet:-1, max-image-preview:large, max-video-preview:-1\" \/>\n<link rel=\"canonical\" href=\"https:\/\/www.mpc.pr.gov.br\/index.php\/mpc-pr-fiscaliza-irregularidades-no-regime-remuneratorio-de-procuradores-em-sao-jose-dos-pinhais\/\" \/>\n<meta property=\"og:locale\" content=\"pt_BR\" \/>\n<meta property=\"og:type\" content=\"article\" \/>\n<meta property=\"og:title\" content=\"MPC-PR fiscaliza irregularidades no regime remunerat\u00f3rio de procuradores em S\u00e3o Jos\u00e9 dos Pinhais - Minist\u00e9rio P\u00fablico de Contas do Estado do Paran\u00e1\" \/>\n<meta property=\"og:description\" content=\"O Munic\u00edpio de S\u00e3o Jos\u00e9 dos Pinhais deve, no prazo de 90 dias, adotar medidas para instituir a remunera\u00e7\u00e3o dos Procuradores Municipais por subs\u00eddio, em conformidade com a decis\u00e3o de car\u00e1ter vinculante proferida no Ac\u00f3rd\u00e3o 1457\/19, do Tribunal de Contas do Estado (TCE-PR).\u00a0 Essa foi a decis\u00e3o dos membros do Tribunal Pleno do TCE-PR, ao [&hellip;]\" \/>\n<meta property=\"og:url\" content=\"https:\/\/www.mpc.pr.gov.br\/index.php\/mpc-pr-fiscaliza-irregularidades-no-regime-remuneratorio-de-procuradores-em-sao-jose-dos-pinhais\/\" \/>\n<meta property=\"og:site_name\" content=\"Minist\u00e9rio P\u00fablico de Contas do Estado do Paran\u00e1\" \/>\n<meta property=\"article:publisher\" content=\"https:\/\/www.facebook.com\/mpc.pr\" \/>\n<meta property=\"article:published_time\" content=\"2025-04-08T17:09:11+00:00\" \/>\n<meta property=\"article:modified_time\" content=\"2025-04-24T14:13:00+00:00\" \/>\n<meta property=\"og:image\" content=\"https:\/\/www.mpc.pr.gov.br\/wp-content\/uploads\/2025\/04\/sao-jose-dos-pinhais.jpg\" \/>\n\t<meta property=\"og:image:width\" content=\"1600\" \/>\n\t<meta property=\"og:image:height\" content=\"1200\" \/>\n\t<meta property=\"og:image:type\" content=\"image\/jpeg\" \/>\n<meta name=\"author\" content=\"mpcontaspr\" \/>\n<meta name=\"twitter:card\" content=\"summary_large_image\" \/>\n<meta name=\"twitter:label1\" content=\"Escrito por\" \/>\n\t<meta name=\"twitter:data1\" content=\"mpcontaspr\" \/>\n\t<meta name=\"twitter:label2\" content=\"Est. tempo de leitura\" \/>\n\t<meta name=\"twitter:data2\" content=\"12 minutos\" \/>\n<script type=\"application\/ld+json\" class=\"yoast-schema-graph\">{\"@context\":\"https:\\\/\\\/schema.org\",\"@graph\":[{\"@type\":\"Article\",\"@id\":\"https:\\\/\\\/www.mpc.pr.gov.br\\\/index.php\\\/mpc-pr-fiscaliza-irregularidades-no-regime-remuneratorio-de-procuradores-em-sao-jose-dos-pinhais\\\/#article\",\"isPartOf\":{\"@id\":\"https:\\\/\\\/www.mpc.pr.gov.br\\\/index.php\\\/mpc-pr-fiscaliza-irregularidades-no-regime-remuneratorio-de-procuradores-em-sao-jose-dos-pinhais\\\/\"},\"author\":{\"name\":\"mpcontaspr\",\"@id\":\"https:\\\/\\\/www.mpc.pr.gov.br\\\/#\\\/schema\\\/person\\\/2d83cb8980538d0ec174e8a6284f5e11\"},\"headline\":\"MPC-PR fiscaliza irregularidades no regime remunerat\u00f3rio de procuradores em S\u00e3o Jos\u00e9 dos Pinhais\",\"datePublished\":\"2025-04-08T17:09:11+00:00\",\"dateModified\":\"2025-04-24T14:13:00+00:00\",\"mainEntityOfPage\":{\"@id\":\"https:\\\/\\\/www.mpc.pr.gov.br\\\/index.php\\\/mpc-pr-fiscaliza-irregularidades-no-regime-remuneratorio-de-procuradores-em-sao-jose-dos-pinhais\\\/\"},\"wordCount\":2252,\"commentCount\":0,\"publisher\":{\"@id\":\"https:\\\/\\\/www.mpc.pr.gov.br\\\/#organization\"},\"image\":{\"@id\":\"https:\\\/\\\/www.mpc.pr.gov.br\\\/index.php\\\/mpc-pr-fiscaliza-irregularidades-no-regime-remuneratorio-de-procuradores-em-sao-jose-dos-pinhais\\\/#primaryimage\"},\"thumbnailUrl\":\"https:\\\/\\\/www.mpc.pr.gov.br\\\/wp-content\\\/uploads\\\/2025\\\/04\\\/sao-jose-dos-pinhais.jpg\",\"keywords\":[\"MPC-PR\",\"Procuradores\",\"Remunera\u00e7\u00e3o\",\"Representa\u00e7\u00e3o do MPC-PR\",\"S\u00e3o Jos\u00e9 dos Pinhais\",\"TCE-PR\",\"Tribunal Pleno\"],\"articleSection\":[\"Todas as not\u00edcias\"],\"inLanguage\":\"pt-BR\",\"potentialAction\":[{\"@type\":\"CommentAction\",\"name\":\"Comment\",\"target\":[\"https:\\\/\\\/www.mpc.pr.gov.br\\\/index.php\\\/mpc-pr-fiscaliza-irregularidades-no-regime-remuneratorio-de-procuradores-em-sao-jose-dos-pinhais\\\/#respond\"]}]},{\"@type\":\"WebPage\",\"@id\":\"https:\\\/\\\/www.mpc.pr.gov.br\\\/index.php\\\/mpc-pr-fiscaliza-irregularidades-no-regime-remuneratorio-de-procuradores-em-sao-jose-dos-pinhais\\\/\",\"url\":\"https:\\\/\\\/www.mpc.pr.gov.br\\\/index.php\\\/mpc-pr-fiscaliza-irregularidades-no-regime-remuneratorio-de-procuradores-em-sao-jose-dos-pinhais\\\/\",\"name\":\"MPC-PR fiscaliza irregularidades no regime remunerat\u00f3rio de procuradores em S\u00e3o Jos\u00e9 dos Pinhais - Minist\u00e9rio P\u00fablico de Contas do Estado do Paran\u00e1\",\"isPartOf\":{\"@id\":\"https:\\\/\\\/www.mpc.pr.gov.br\\\/#website\"},\"primaryImageOfPage\":{\"@id\":\"https:\\\/\\\/www.mpc.pr.gov.br\\\/index.php\\\/mpc-pr-fiscaliza-irregularidades-no-regime-remuneratorio-de-procuradores-em-sao-jose-dos-pinhais\\\/#primaryimage\"},\"image\":{\"@id\":\"https:\\\/\\\/www.mpc.pr.gov.br\\\/index.php\\\/mpc-pr-fiscaliza-irregularidades-no-regime-remuneratorio-de-procuradores-em-sao-jose-dos-pinhais\\\/#primaryimage\"},\"thumbnailUrl\":\"https:\\\/\\\/www.mpc.pr.gov.br\\\/wp-content\\\/uploads\\\/2025\\\/04\\\/sao-jose-dos-pinhais.jpg\",\"datePublished\":\"2025-04-08T17:09:11+00:00\",\"dateModified\":\"2025-04-24T14:13:00+00:00\",\"breadcrumb\":{\"@id\":\"https:\\\/\\\/www.mpc.pr.gov.br\\\/index.php\\\/mpc-pr-fiscaliza-irregularidades-no-regime-remuneratorio-de-procuradores-em-sao-jose-dos-pinhais\\\/#breadcrumb\"},\"inLanguage\":\"pt-BR\",\"potentialAction\":[{\"@type\":\"ReadAction\",\"target\":[\"https:\\\/\\\/www.mpc.pr.gov.br\\\/index.php\\\/mpc-pr-fiscaliza-irregularidades-no-regime-remuneratorio-de-procuradores-em-sao-jose-dos-pinhais\\\/\"]}]},{\"@type\":\"ImageObject\",\"inLanguage\":\"pt-BR\",\"@id\":\"https:\\\/\\\/www.mpc.pr.gov.br\\\/index.php\\\/mpc-pr-fiscaliza-irregularidades-no-regime-remuneratorio-de-procuradores-em-sao-jose-dos-pinhais\\\/#primaryimage\",\"url\":\"https:\\\/\\\/www.mpc.pr.gov.br\\\/wp-content\\\/uploads\\\/2025\\\/04\\\/sao-jose-dos-pinhais.jpg\",\"contentUrl\":\"https:\\\/\\\/www.mpc.pr.gov.br\\\/wp-content\\\/uploads\\\/2025\\\/04\\\/sao-jose-dos-pinhais.jpg\",\"width\":1600,\"height\":1200,\"caption\":\"Portal de entrada do Munic\u00edpio de S\u00e3o Jos\u00e9 dos Pinhais, o qual faz parte da regi\u00e3o metropolitana de Curitiba. Foto: divulga\u00e7\u00e3o.\"},{\"@type\":\"BreadcrumbList\",\"@id\":\"https:\\\/\\\/www.mpc.pr.gov.br\\\/index.php\\\/mpc-pr-fiscaliza-irregularidades-no-regime-remuneratorio-de-procuradores-em-sao-jose-dos-pinhais\\\/#breadcrumb\",\"itemListElement\":[{\"@type\":\"ListItem\",\"position\":1,\"name\":\"In\u00edcio\",\"item\":\"https:\\\/\\\/www.mpc.pr.gov.br\\\/\"},{\"@type\":\"ListItem\",\"position\":2,\"name\":\"MPC-PR fiscaliza irregularidades no regime remunerat\u00f3rio de procuradores em S\u00e3o Jos\u00e9 dos Pinhais\"}]},{\"@type\":\"WebSite\",\"@id\":\"https:\\\/\\\/www.mpc.pr.gov.br\\\/#website\",\"url\":\"https:\\\/\\\/www.mpc.pr.gov.br\\\/\",\"name\":\"Minist\u00e9rio P\u00fablico de Contas do Estado do Paran\u00e1\",\"description\":\"\",\"publisher\":{\"@id\":\"https:\\\/\\\/www.mpc.pr.gov.br\\\/#organization\"},\"potentialAction\":[{\"@type\":\"SearchAction\",\"target\":{\"@type\":\"EntryPoint\",\"urlTemplate\":\"https:\\\/\\\/www.mpc.pr.gov.br\\\/?s={search_term_string}\"},\"query-input\":{\"@type\":\"PropertyValueSpecification\",\"valueRequired\":true,\"valueName\":\"search_term_string\"}}],\"inLanguage\":\"pt-BR\"},{\"@type\":\"Organization\",\"@id\":\"https:\\\/\\\/www.mpc.pr.gov.br\\\/#organization\",\"name\":\"Minist\u00e9rio P\u00fablico de Contas do Estado do Paran\u00e1\",\"url\":\"https:\\\/\\\/www.mpc.pr.gov.br\\\/\",\"logo\":{\"@type\":\"ImageObject\",\"inLanguage\":\"pt-BR\",\"@id\":\"https:\\\/\\\/www.mpc.pr.gov.br\\\/#\\\/schema\\\/logo\\\/image\\\/\",\"url\":\"https:\\\/\\\/www.mpc.pr.gov.br\\\/wp-content\\\/uploads\\\/2020\\\/06\\\/99423647_1593460364143890_6706793420720963584_n-1-e1591387983167.png\",\"contentUrl\":\"https:\\\/\\\/www.mpc.pr.gov.br\\\/wp-content\\\/uploads\\\/2020\\\/06\\\/99423647_1593460364143890_6706793420720963584_n-1-e1591387983167.png\",\"width\":243,\"height\":73,\"caption\":\"Minist\u00e9rio P\u00fablico de Contas do Estado do Paran\u00e1\"},\"image\":{\"@id\":\"https:\\\/\\\/www.mpc.pr.gov.br\\\/#\\\/schema\\\/logo\\\/image\\\/\"},\"sameAs\":[\"https:\\\/\\\/www.facebook.com\\\/mpc.pr\",\"https:\\\/\\\/www.instagram.com\\\/mpc.pr\\\/?hl=pt-br\",\"https:\\\/\\\/www.youtube.com\\\/channel\\\/UCHri5oEM8DV0ztX57E0sBSw\"]},{\"@type\":\"Person\",\"@id\":\"https:\\\/\\\/www.mpc.pr.gov.br\\\/#\\\/schema\\\/person\\\/2d83cb8980538d0ec174e8a6284f5e11\",\"name\":\"mpcontaspr\",\"image\":{\"@type\":\"ImageObject\",\"inLanguage\":\"pt-BR\",\"@id\":\"https:\\\/\\\/secure.gravatar.com\\\/avatar\\\/1aef51541db7622e05fd639336c9c9f312c2a618396e2b6ca96846362fc5403f?s=96&d=mm&r=g\",\"url\":\"https:\\\/\\\/secure.gravatar.com\\\/avatar\\\/1aef51541db7622e05fd639336c9c9f312c2a618396e2b6ca96846362fc5403f?s=96&d=mm&r=g\",\"contentUrl\":\"https:\\\/\\\/secure.gravatar.com\\\/avatar\\\/1aef51541db7622e05fd639336c9c9f312c2a618396e2b6ca96846362fc5403f?s=96&d=mm&r=g\",\"caption\":\"mpcontaspr\"},\"sameAs\":[\"http:\\\/\\\/www.mpc.pr.gov.br\"]}]}<\/script>\n<!-- \/ Yoast SEO plugin. -->","yoast_head_json":{"title":"MPC-PR fiscaliza irregularidades no regime remunerat\u00f3rio de procuradores em S\u00e3o Jos\u00e9 dos Pinhais - Minist\u00e9rio P\u00fablico de Contas do Estado do Paran\u00e1","robots":{"index":"index","follow":"follow","max-snippet":"max-snippet:-1","max-image-preview":"max-image-preview:large","max-video-preview":"max-video-preview:-1"},"canonical":"https:\/\/www.mpc.pr.gov.br\/index.php\/mpc-pr-fiscaliza-irregularidades-no-regime-remuneratorio-de-procuradores-em-sao-jose-dos-pinhais\/","og_locale":"pt_BR","og_type":"article","og_title":"MPC-PR fiscaliza irregularidades no regime remunerat\u00f3rio de procuradores em S\u00e3o Jos\u00e9 dos Pinhais - Minist\u00e9rio P\u00fablico de Contas do Estado do Paran\u00e1","og_description":"O Munic\u00edpio de S\u00e3o Jos\u00e9 dos Pinhais deve, no prazo de 90 dias, adotar medidas para instituir a remunera\u00e7\u00e3o dos Procuradores Municipais por subs\u00eddio, em conformidade com a decis\u00e3o de car\u00e1ter vinculante proferida no Ac\u00f3rd\u00e3o 1457\/19, do Tribunal de Contas do Estado (TCE-PR).\u00a0 Essa foi a decis\u00e3o dos membros do Tribunal Pleno do TCE-PR, ao [&hellip;]","og_url":"https:\/\/www.mpc.pr.gov.br\/index.php\/mpc-pr-fiscaliza-irregularidades-no-regime-remuneratorio-de-procuradores-em-sao-jose-dos-pinhais\/","og_site_name":"Minist\u00e9rio P\u00fablico de Contas do Estado do Paran\u00e1","article_publisher":"https:\/\/www.facebook.com\/mpc.pr","article_published_time":"2025-04-08T17:09:11+00:00","article_modified_time":"2025-04-24T14:13:00+00:00","og_image":[{"width":1600,"height":1200,"url":"https:\/\/www.mpc.pr.gov.br\/wp-content\/uploads\/2025\/04\/sao-jose-dos-pinhais.jpg","type":"image\/jpeg"}],"author":"mpcontaspr","twitter_card":"summary_large_image","twitter_misc":{"Escrito por":"mpcontaspr","Est. tempo de leitura":"12 minutos"},"schema":{"@context":"https:\/\/schema.org","@graph":[{"@type":"Article","@id":"https:\/\/www.mpc.pr.gov.br\/index.php\/mpc-pr-fiscaliza-irregularidades-no-regime-remuneratorio-de-procuradores-em-sao-jose-dos-pinhais\/#article","isPartOf":{"@id":"https:\/\/www.mpc.pr.gov.br\/index.php\/mpc-pr-fiscaliza-irregularidades-no-regime-remuneratorio-de-procuradores-em-sao-jose-dos-pinhais\/"},"author":{"name":"mpcontaspr","@id":"https:\/\/www.mpc.pr.gov.br\/#\/schema\/person\/2d83cb8980538d0ec174e8a6284f5e11"},"headline":"MPC-PR fiscaliza irregularidades no regime remunerat\u00f3rio de procuradores em S\u00e3o Jos\u00e9 dos Pinhais","datePublished":"2025-04-08T17:09:11+00:00","dateModified":"2025-04-24T14:13:00+00:00","mainEntityOfPage":{"@id":"https:\/\/www.mpc.pr.gov.br\/index.php\/mpc-pr-fiscaliza-irregularidades-no-regime-remuneratorio-de-procuradores-em-sao-jose-dos-pinhais\/"},"wordCount":2252,"commentCount":0,"publisher":{"@id":"https:\/\/www.mpc.pr.gov.br\/#organization"},"image":{"@id":"https:\/\/www.mpc.pr.gov.br\/index.php\/mpc-pr-fiscaliza-irregularidades-no-regime-remuneratorio-de-procuradores-em-sao-jose-dos-pinhais\/#primaryimage"},"thumbnailUrl":"https:\/\/www.mpc.pr.gov.br\/wp-content\/uploads\/2025\/04\/sao-jose-dos-pinhais.jpg","keywords":["MPC-PR","Procuradores","Remunera\u00e7\u00e3o","Representa\u00e7\u00e3o do MPC-PR","S\u00e3o Jos\u00e9 dos Pinhais","TCE-PR","Tribunal Pleno"],"articleSection":["Todas as not\u00edcias"],"inLanguage":"pt-BR","potentialAction":[{"@type":"CommentAction","name":"Comment","target":["https:\/\/www.mpc.pr.gov.br\/index.php\/mpc-pr-fiscaliza-irregularidades-no-regime-remuneratorio-de-procuradores-em-sao-jose-dos-pinhais\/#respond"]}]},{"@type":"WebPage","@id":"https:\/\/www.mpc.pr.gov.br\/index.php\/mpc-pr-fiscaliza-irregularidades-no-regime-remuneratorio-de-procuradores-em-sao-jose-dos-pinhais\/","url":"https:\/\/www.mpc.pr.gov.br\/index.php\/mpc-pr-fiscaliza-irregularidades-no-regime-remuneratorio-de-procuradores-em-sao-jose-dos-pinhais\/","name":"MPC-PR fiscaliza irregularidades no regime remunerat\u00f3rio de procuradores em S\u00e3o Jos\u00e9 dos Pinhais - Minist\u00e9rio P\u00fablico de Contas do Estado do Paran\u00e1","isPartOf":{"@id":"https:\/\/www.mpc.pr.gov.br\/#website"},"primaryImageOfPage":{"@id":"https:\/\/www.mpc.pr.gov.br\/index.php\/mpc-pr-fiscaliza-irregularidades-no-regime-remuneratorio-de-procuradores-em-sao-jose-dos-pinhais\/#primaryimage"},"image":{"@id":"https:\/\/www.mpc.pr.gov.br\/index.php\/mpc-pr-fiscaliza-irregularidades-no-regime-remuneratorio-de-procuradores-em-sao-jose-dos-pinhais\/#primaryimage"},"thumbnailUrl":"https:\/\/www.mpc.pr.gov.br\/wp-content\/uploads\/2025\/04\/sao-jose-dos-pinhais.jpg","datePublished":"2025-04-08T17:09:11+00:00","dateModified":"2025-04-24T14:13:00+00:00","breadcrumb":{"@id":"https:\/\/www.mpc.pr.gov.br\/index.php\/mpc-pr-fiscaliza-irregularidades-no-regime-remuneratorio-de-procuradores-em-sao-jose-dos-pinhais\/#breadcrumb"},"inLanguage":"pt-BR","potentialAction":[{"@type":"ReadAction","target":["https:\/\/www.mpc.pr.gov.br\/index.php\/mpc-pr-fiscaliza-irregularidades-no-regime-remuneratorio-de-procuradores-em-sao-jose-dos-pinhais\/"]}]},{"@type":"ImageObject","inLanguage":"pt-BR","@id":"https:\/\/www.mpc.pr.gov.br\/index.php\/mpc-pr-fiscaliza-irregularidades-no-regime-remuneratorio-de-procuradores-em-sao-jose-dos-pinhais\/#primaryimage","url":"https:\/\/www.mpc.pr.gov.br\/wp-content\/uploads\/2025\/04\/sao-jose-dos-pinhais.jpg","contentUrl":"https:\/\/www.mpc.pr.gov.br\/wp-content\/uploads\/2025\/04\/sao-jose-dos-pinhais.jpg","width":1600,"height":1200,"caption":"Portal de entrada do Munic\u00edpio de S\u00e3o Jos\u00e9 dos Pinhais, o qual faz parte da regi\u00e3o metropolitana de Curitiba. Foto: divulga\u00e7\u00e3o."},{"@type":"BreadcrumbList","@id":"https:\/\/www.mpc.pr.gov.br\/index.php\/mpc-pr-fiscaliza-irregularidades-no-regime-remuneratorio-de-procuradores-em-sao-jose-dos-pinhais\/#breadcrumb","itemListElement":[{"@type":"ListItem","position":1,"name":"In\u00edcio","item":"https:\/\/www.mpc.pr.gov.br\/"},{"@type":"ListItem","position":2,"name":"MPC-PR fiscaliza irregularidades no regime remunerat\u00f3rio de procuradores em S\u00e3o Jos\u00e9 dos Pinhais"}]},{"@type":"WebSite","@id":"https:\/\/www.mpc.pr.gov.br\/#website","url":"https:\/\/www.mpc.pr.gov.br\/","name":"Minist\u00e9rio P\u00fablico de Contas do Estado do Paran\u00e1","description":"","publisher":{"@id":"https:\/\/www.mpc.pr.gov.br\/#organization"},"potentialAction":[{"@type":"SearchAction","target":{"@type":"EntryPoint","urlTemplate":"https:\/\/www.mpc.pr.gov.br\/?s={search_term_string}"},"query-input":{"@type":"PropertyValueSpecification","valueRequired":true,"valueName":"search_term_string"}}],"inLanguage":"pt-BR"},{"@type":"Organization","@id":"https:\/\/www.mpc.pr.gov.br\/#organization","name":"Minist\u00e9rio P\u00fablico de Contas do Estado do Paran\u00e1","url":"https:\/\/www.mpc.pr.gov.br\/","logo":{"@type":"ImageObject","inLanguage":"pt-BR","@id":"https:\/\/www.mpc.pr.gov.br\/#\/schema\/logo\/image\/","url":"https:\/\/www.mpc.pr.gov.br\/wp-content\/uploads\/2020\/06\/99423647_1593460364143890_6706793420720963584_n-1-e1591387983167.png","contentUrl":"https:\/\/www.mpc.pr.gov.br\/wp-content\/uploads\/2020\/06\/99423647_1593460364143890_6706793420720963584_n-1-e1591387983167.png","width":243,"height":73,"caption":"Minist\u00e9rio P\u00fablico de Contas do Estado do Paran\u00e1"},"image":{"@id":"https:\/\/www.mpc.pr.gov.br\/#\/schema\/logo\/image\/"},"sameAs":["https:\/\/www.facebook.com\/mpc.pr","https:\/\/www.instagram.com\/mpc.pr\/?hl=pt-br","https:\/\/www.youtube.com\/channel\/UCHri5oEM8DV0ztX57E0sBSw"]},{"@type":"Person","@id":"https:\/\/www.mpc.pr.gov.br\/#\/schema\/person\/2d83cb8980538d0ec174e8a6284f5e11","name":"mpcontaspr","image":{"@type":"ImageObject","inLanguage":"pt-BR","@id":"https:\/\/secure.gravatar.com\/avatar\/1aef51541db7622e05fd639336c9c9f312c2a618396e2b6ca96846362fc5403f?s=96&d=mm&r=g","url":"https:\/\/secure.gravatar.com\/avatar\/1aef51541db7622e05fd639336c9c9f312c2a618396e2b6ca96846362fc5403f?s=96&d=mm&r=g","contentUrl":"https:\/\/secure.gravatar.com\/avatar\/1aef51541db7622e05fd639336c9c9f312c2a618396e2b6ca96846362fc5403f?s=96&d=mm&r=g","caption":"mpcontaspr"},"sameAs":["http:\/\/www.mpc.pr.gov.br"]}]}},"rttpg_featured_image_url":{"full":["https:\/\/www.mpc.pr.gov.br\/wp-content\/uploads\/2025\/04\/sao-jose-dos-pinhais.jpg",1600,1200,false],"landscape":["https:\/\/www.mpc.pr.gov.br\/wp-content\/uploads\/2025\/04\/sao-jose-dos-pinhais.jpg",1600,1200,false],"portraits":["https:\/\/www.mpc.pr.gov.br\/wp-content\/uploads\/2025\/04\/sao-jose-dos-pinhais.jpg",1600,1200,false],"thumbnail":["https:\/\/www.mpc.pr.gov.br\/wp-content\/uploads\/2025\/04\/sao-jose-dos-pinhais-150x150.jpg",150,150,true],"medium":["https:\/\/www.mpc.pr.gov.br\/wp-content\/uploads\/2025\/04\/sao-jose-dos-pinhais-300x225.jpg",300,225,true],"large":["https:\/\/www.mpc.pr.gov.br\/wp-content\/uploads\/2025\/04\/sao-jose-dos-pinhais-1024x768.jpg",1024,768,true],"1536x1536":["https:\/\/www.mpc.pr.gov.br\/wp-content\/uploads\/2025\/04\/sao-jose-dos-pinhais-1536x1152.jpg",1536,1152,true],"2048x2048":["https:\/\/www.mpc.pr.gov.br\/wp-content\/uploads\/2025\/04\/sao-jose-dos-pinhais.jpg",1600,1200,false],"ocean-thumb-m":["https:\/\/www.mpc.pr.gov.br\/wp-content\/uploads\/2025\/04\/sao-jose-dos-pinhais-600x600.jpg",600,600,true],"ocean-thumb-ml":["https:\/\/www.mpc.pr.gov.br\/wp-content\/uploads\/2025\/04\/sao-jose-dos-pinhais-800x450.jpg",800,450,true],"ocean-thumb-l":["https:\/\/www.mpc.pr.gov.br\/wp-content\/uploads\/2025\/04\/sao-jose-dos-pinhais-1200x700.jpg",1200,700,true]},"rttpg_author":{"display_name":"mpcontaspr","author_link":"https:\/\/www.mpc.pr.gov.br\/index.php\/author\/mpcontaspr\/"},"rttpg_comment":0,"rttpg_category":"<a href=\"https:\/\/www.mpc.pr.gov.br\/index.php\/category\/todas-as-noticias\/\" rel=\"category tag\">Todas as not\u00edcias<\/a>","rttpg_excerpt":"O Munic\u00edpio de S\u00e3o Jos\u00e9 dos Pinhais deve, no prazo de 90 dias, adotar medidas para instituir a remunera\u00e7\u00e3o dos Procuradores Municipais por subs\u00eddio, em conformidade com a decis\u00e3o de car\u00e1ter vinculante proferida no Ac\u00f3rd\u00e3o 1457\/19, do Tribunal de Contas do Estado (TCE-PR).\u00a0 Essa foi a decis\u00e3o dos membros do Tribunal Pleno do TCE-PR, ao&hellip;","_links":{"self":[{"href":"https:\/\/www.mpc.pr.gov.br\/index.php\/wp-json\/wp\/v2\/posts\/23248","targetHints":{"allow":["GET"]}}],"collection":[{"href":"https:\/\/www.mpc.pr.gov.br\/index.php\/wp-json\/wp\/v2\/posts"}],"about":[{"href":"https:\/\/www.mpc.pr.gov.br\/index.php\/wp-json\/wp\/v2\/types\/post"}],"author":[{"embeddable":true,"href":"https:\/\/www.mpc.pr.gov.br\/index.php\/wp-json\/wp\/v2\/users\/1"}],"replies":[{"embeddable":true,"href":"https:\/\/www.mpc.pr.gov.br\/index.php\/wp-json\/wp\/v2\/comments?post=23248"}],"version-history":[{"count":1,"href":"https:\/\/www.mpc.pr.gov.br\/index.php\/wp-json\/wp\/v2\/posts\/23248\/revisions"}],"predecessor-version":[{"id":23254,"href":"https:\/\/www.mpc.pr.gov.br\/index.php\/wp-json\/wp\/v2\/posts\/23248\/revisions\/23254"}],"wp:featuredmedia":[{"embeddable":true,"href":"https:\/\/www.mpc.pr.gov.br\/index.php\/wp-json\/wp\/v2\/media\/23250"}],"wp:attachment":[{"href":"https:\/\/www.mpc.pr.gov.br\/index.php\/wp-json\/wp\/v2\/media?parent=23248"}],"wp:term":[{"taxonomy":"category","embeddable":true,"href":"https:\/\/www.mpc.pr.gov.br\/index.php\/wp-json\/wp\/v2\/categories?post=23248"},{"taxonomy":"post_tag","embeddable":true,"href":"https:\/\/www.mpc.pr.gov.br\/index.php\/wp-json\/wp\/v2\/tags?post=23248"}],"curies":[{"name":"wp","href":"https:\/\/api.w.org\/{rel}","templated":true}]}}