{"id":23381,"date":"2025-04-16T16:27:45","date_gmt":"2025-04-16T19:27:45","guid":{"rendered":"https:\/\/www.mpc.pr.gov.br\/?p=23381"},"modified":"2025-05-06T10:44:18","modified_gmt":"2025-05-06T13:44:18","slug":"mpc-pr-debate-o-papel-da-advocacia-publica-em-evento-da-oab-cascavel","status":"publish","type":"post","link":"https:\/\/www.mpc.pr.gov.br\/index.php\/mpc-pr-debate-o-papel-da-advocacia-publica-em-evento-da-oab-cascavel\/","title":{"rendered":"MPC-PR debate o papel da Advocacia P\u00fablica em evento da OAB Cascavel"},"content":{"rendered":"<p><span data-contrast=\"none\"><img fetchpriority=\"high\" decoding=\"async\" class=\"size-medium wp-image-23383 alignleft\" src=\"https:\/\/www.mpc.pr.gov.br\/wp-content\/uploads\/2025\/04\/Apresentacao-Advocacia-Publica-oab-cascavel-300x169.png\" alt=\"\" width=\"300\" height=\"169\" srcset=\"https:\/\/www.mpc.pr.gov.br\/wp-content\/uploads\/2025\/04\/Apresentacao-Advocacia-Publica-oab-cascavel-300x169.png 300w, https:\/\/www.mpc.pr.gov.br\/wp-content\/uploads\/2025\/04\/Apresentacao-Advocacia-Publica-oab-cascavel-1024x576.png 1024w, https:\/\/www.mpc.pr.gov.br\/wp-content\/uploads\/2025\/04\/Apresentacao-Advocacia-Publica-oab-cascavel-768x432.png 768w, https:\/\/www.mpc.pr.gov.br\/wp-content\/uploads\/2025\/04\/Apresentacao-Advocacia-Publica-oab-cascavel-1536x864.png 1536w, https:\/\/www.mpc.pr.gov.br\/wp-content\/uploads\/2025\/04\/Apresentacao-Advocacia-Publica-oab-cascavel-800x450.png 800w, https:\/\/www.mpc.pr.gov.br\/wp-content\/uploads\/2025\/04\/Apresentacao-Advocacia-Publica-oab-cascavel.png 1920w\" sizes=\"(max-width: 300px) 100vw, 300px\" \/>Na tarde do dia 15 de abril (ter\u00e7a-feira), o Procurador-Geral do Minist\u00e9rio P\u00fablico de Contas do Paran\u00e1 (MPC-PR), Gabriel Guy L\u00e9ger, participou de um evento online promovido pela Comiss\u00e3o da Advocacia P\u00fablica da OAB Cascavel. <\/span><span data-ccp-props=\"{&quot;134233117&quot;:false,&quot;134233118&quot;:false,&quot;201341983&quot;:0,&quot;335551550&quot;:6,&quot;335551620&quot;:6,&quot;335559737&quot;:0,&quot;335559738&quot;:0,&quot;335559739&quot;:160,&quot;335559740&quot;:360}\">\u00a0<\/span><\/p>\n<p><span data-contrast=\"none\">O encontro reuniu mais de 100 pessoas para debater temas cruciais como direitos, regime jur\u00eddico e interpreta\u00e7\u00f5es do Tribunal de Contas, com foco na realidade da advocacia p\u00fablica municipal.\u00a0<\/span><\/p>\n<p><span data-contrast=\"none\">Durante sua participa\u00e7\u00e3o, o Procurador-Geral destacou, sob a \u00f3tica do Tribunal de Contas do Estado do Paran\u00e1 (TCE-PR), a legisla\u00e7\u00e3o, a jurisprud\u00eancia e os princ\u00edpios que norteiam a fixa\u00e7\u00e3o de subs\u00eddios e o exerc\u00edcio das fun\u00e7\u00f5es da Advocacia P\u00fablica no Brasil.<\/span><span data-ccp-props=\"{&quot;134233117&quot;:false,&quot;134233118&quot;:false,&quot;201341983&quot;:0,&quot;335551550&quot;:6,&quot;335551620&quot;:6,&quot;335559737&quot;:0,&quot;335559738&quot;:0,&quot;335559739&quot;:160,&quot;335559740&quot;:360}\">\u00a0<\/span><\/p>\n<p><span data-contrast=\"none\">Al\u00e9m disso, refor\u00e7ando o compromisso institucional do MPC-PR, o Procurador-Geral enfatizou que est\u00e1 \u00e0 disposi\u00e7\u00e3o para receber diagn\u00f3sticos que a Subse\u00e7\u00e3o realizar, inclusive para dialogar com a OAB e advocacia p\u00fablica na busca da atualiza\u00e7\u00e3o de legisla\u00e7\u00f5es vinculadas ao exerc\u00edcio da profiss\u00e3o, a qual reconhece como essencial \u00e0 administra\u00e7\u00e3o p\u00fablica.<\/span><span data-ccp-props=\"{&quot;134233117&quot;:false,&quot;134233118&quot;:false,&quot;201341983&quot;:0,&quot;335551550&quot;:6,&quot;335551620&quot;:6,&quot;335559737&quot;:0,&quot;335559738&quot;:0,&quot;335559739&quot;:160,&quot;335559740&quot;:360}\">\u00a0<\/span><\/p>\n<p><span data-contrast=\"none\">A presidente da OAB Cascavel, Dra. Silvia Mascarello Massaro, destacou o comprometimento da subse\u00e7\u00e3o: \u201cA OAB Cascavel demonstra o compromisso com a valoriza\u00e7\u00e3o da advocacia p\u00fablica abrindo esse debate t\u00e9cnico importante para mais avan\u00e7os em favor da classe\u201d.<\/span><span data-ccp-props=\"{&quot;134233117&quot;:false,&quot;134233118&quot;:false,&quot;201341983&quot;:0,&quot;335551550&quot;:6,&quot;335551620&quot;:6,&quot;335559737&quot;:0,&quot;335559738&quot;:0,&quot;335559739&quot;:160,&quot;335559740&quot;:360}\">\u00a0<\/span><\/p>\n<p><span data-contrast=\"none\">Tamb\u00e9m participou do evento o Conselheiro Estadual Jurandir Parzianello, que refor\u00e7ou a urg\u00eancia de discutirmos a valoriza\u00e7\u00e3o profissional e plano de carreira dos advogados p\u00fablicos municipais.<\/span><span data-ccp-props=\"{&quot;134233117&quot;:false,&quot;134233118&quot;:false,&quot;201341983&quot;:0,&quot;335551550&quot;:6,&quot;335551620&quot;:6,&quot;335559737&quot;:0,&quot;335559738&quot;:0,&quot;335559739&quot;:160,&quot;335559740&quot;:360}\">\u00a0<\/span><\/p>\n<p><span data-contrast=\"none\">Para a presidente da Comiss\u00e3o da Advocacia P\u00fablica, Dra. Rosenilda Oz\u00f3rio, &#8220;foi uma reuni\u00e3o de alto n\u00edvel de informa\u00e7\u00e3o e qualidade t\u00e9cnica, na qual o Dr. Gabriel trouxe a vis\u00e3o do Tribunal, ouviu e respondeu questionamentos, debatendo temas de interesse da advocacia p\u00fablica municipal, se colocando \u00e0 disposi\u00e7\u00e3o para dialogar com a OAB no intuito de valorizar a advocacia p\u00fablica&#8221;. Ela ressaltou que ser\u00e3o desenvolvidos estudos para contribuir com sugest\u00f5es t\u00e9cnicas, voltadas ao fortalecimento da advocacia p\u00fablica.<\/span><span data-ccp-props=\"{&quot;134233117&quot;:false,&quot;134233118&quot;:false,&quot;201341983&quot;:0,&quot;335551550&quot;:6,&quot;335551620&quot;:6,&quot;335559737&quot;:0,&quot;335559738&quot;:0,&quot;335559739&quot;:160,&quot;335559740&quot;:360}\">\u00a0<\/span><\/p>\n<p>O acesso a \u00edntegra da apresenta\u00e7\u00e3o do Procurador-Geral Gabriel Guy L\u00e9ger est\u00e1 dispon\u00edvel clicando <a href=\"https:\/\/www.mpc.pr.gov.br\/wp-content\/uploads\/2025\/04\/Apresentacao-Advocacia-Publica-OAB-Cascavel.pdf\">aqui<\/a>.<\/p>\n","protected":false},"excerpt":{"rendered":"<p>Na tarde do dia 15 de abril (ter\u00e7a-feira), o Procurador-Geral do Minist\u00e9rio P\u00fablico de Contas do Paran\u00e1 (MPC-PR), Gabriel Guy L\u00e9ger, participou de um evento online promovido pela Comiss\u00e3o da Advocacia P\u00fablica da OAB Cascavel. \u00a0 O encontro reuniu mais de 100 pessoas para debater temas cruciais como direitos, regime jur\u00eddico e interpreta\u00e7\u00f5es do Tribunal [&hellip;]<\/p>\n","protected":false},"author":1,"featured_media":23383,"comment_status":"open","ping_status":"open","sticky":false,"template":"","format":"standard","meta":{"_monsterinsights_skip_tracking":false,"_monsterinsights_sitenote_active":false,"_monsterinsights_sitenote_note":"","_monsterinsights_sitenote_category":0,"footnotes":""},"categories":[7],"tags":[732,237,13,731,39],"class_list":["post-23381","post","type-post","status-publish","format-standard","has-post-thumbnail","hentry","category-todas-as-noticias","tag-advocacia-publica","tag-cascavel","tag-mpc-pr","tag-oab","tag-tce-pr","entry","has-media"],"yoast_head":"<!-- This site is optimized with the Yoast SEO plugin v27.3 - https:\/\/yoast.com\/product\/yoast-seo-wordpress\/ -->\n<title>MPC-PR debate o papel da Advocacia P\u00fablica em evento da OAB Cascavel - Minist\u00e9rio P\u00fablico de Contas do Estado do Paran\u00e1<\/title>\n<meta name=\"robots\" content=\"index, follow, max-snippet:-1, max-image-preview:large, max-video-preview:-1\" \/>\n<link rel=\"canonical\" href=\"https:\/\/www.mpc.pr.gov.br\/index.php\/mpc-pr-debate-o-papel-da-advocacia-publica-em-evento-da-oab-cascavel\/\" \/>\n<meta property=\"og:locale\" content=\"pt_BR\" \/>\n<meta property=\"og:type\" content=\"article\" \/>\n<meta property=\"og:title\" content=\"MPC-PR debate o papel da Advocacia P\u00fablica em evento da OAB Cascavel - Minist\u00e9rio P\u00fablico de Contas do Estado do Paran\u00e1\" \/>\n<meta property=\"og:description\" content=\"Na tarde do dia 15 de abril (ter\u00e7a-feira), o Procurador-Geral do Minist\u00e9rio P\u00fablico de Contas do Paran\u00e1 (MPC-PR), Gabriel Guy L\u00e9ger, participou de um evento online promovido pela Comiss\u00e3o da Advocacia P\u00fablica da OAB Cascavel. \u00a0 O encontro reuniu mais de 100 pessoas para debater temas cruciais como direitos, regime jur\u00eddico e interpreta\u00e7\u00f5es do Tribunal [&hellip;]\" \/>\n<meta property=\"og:url\" content=\"https:\/\/www.mpc.pr.gov.br\/index.php\/mpc-pr-debate-o-papel-da-advocacia-publica-em-evento-da-oab-cascavel\/\" \/>\n<meta property=\"og:site_name\" content=\"Minist\u00e9rio P\u00fablico de Contas do Estado do Paran\u00e1\" \/>\n<meta property=\"article:publisher\" content=\"https:\/\/www.facebook.com\/mpc.pr\" \/>\n<meta property=\"article:published_time\" content=\"2025-04-16T19:27:45+00:00\" \/>\n<meta property=\"article:modified_time\" content=\"2025-05-06T13:44:18+00:00\" \/>\n<meta property=\"og:image\" content=\"https:\/\/www.mpc.pr.gov.br\/wp-content\/uploads\/2025\/04\/Apresentacao-Advocacia-Publica-oab-cascavel-1024x576.png\" \/>\n\t<meta property=\"og:image:width\" content=\"1024\" \/>\n\t<meta property=\"og:image:height\" content=\"576\" \/>\n\t<meta property=\"og:image:type\" content=\"image\/png\" \/>\n<meta name=\"author\" content=\"mpcontaspr\" \/>\n<meta name=\"twitter:card\" content=\"summary_large_image\" \/>\n<meta name=\"twitter:label1\" content=\"Escrito por\" \/>\n\t<meta name=\"twitter:data1\" content=\"mpcontaspr\" \/>\n\t<meta name=\"twitter:label2\" content=\"Est. tempo de leitura\" \/>\n\t<meta name=\"twitter:data2\" content=\"3 minutos\" \/>\n<script type=\"application\/ld+json\" class=\"yoast-schema-graph\">{\"@context\":\"https:\\\/\\\/schema.org\",\"@graph\":[{\"@type\":\"Article\",\"@id\":\"https:\\\/\\\/www.mpc.pr.gov.br\\\/index.php\\\/mpc-pr-debate-o-papel-da-advocacia-publica-em-evento-da-oab-cascavel\\\/#article\",\"isPartOf\":{\"@id\":\"https:\\\/\\\/www.mpc.pr.gov.br\\\/index.php\\\/mpc-pr-debate-o-papel-da-advocacia-publica-em-evento-da-oab-cascavel\\\/\"},\"author\":{\"name\":\"mpcontaspr\",\"@id\":\"https:\\\/\\\/www.mpc.pr.gov.br\\\/#\\\/schema\\\/person\\\/2d83cb8980538d0ec174e8a6284f5e11\"},\"headline\":\"MPC-PR debate o papel da Advocacia P\u00fablica em evento da OAB Cascavel\",\"datePublished\":\"2025-04-16T19:27:45+00:00\",\"dateModified\":\"2025-05-06T13:44:18+00:00\",\"mainEntityOfPage\":{\"@id\":\"https:\\\/\\\/www.mpc.pr.gov.br\\\/index.php\\\/mpc-pr-debate-o-papel-da-advocacia-publica-em-evento-da-oab-cascavel\\\/\"},\"wordCount\":377,\"commentCount\":0,\"publisher\":{\"@id\":\"https:\\\/\\\/www.mpc.pr.gov.br\\\/#organization\"},\"image\":{\"@id\":\"https:\\\/\\\/www.mpc.pr.gov.br\\\/index.php\\\/mpc-pr-debate-o-papel-da-advocacia-publica-em-evento-da-oab-cascavel\\\/#primaryimage\"},\"thumbnailUrl\":\"https:\\\/\\\/www.mpc.pr.gov.br\\\/wp-content\\\/uploads\\\/2025\\\/04\\\/Apresentacao-Advocacia-Publica-oab-cascavel.png\",\"keywords\":[\"Advocacia P\u00fablica\",\"Cascavel\",\"MPC-PR\",\"OAB\",\"TCE-PR\"],\"articleSection\":[\"Todas as not\u00edcias\"],\"inLanguage\":\"pt-BR\",\"potentialAction\":[{\"@type\":\"CommentAction\",\"name\":\"Comment\",\"target\":[\"https:\\\/\\\/www.mpc.pr.gov.br\\\/index.php\\\/mpc-pr-debate-o-papel-da-advocacia-publica-em-evento-da-oab-cascavel\\\/#respond\"]}]},{\"@type\":\"WebPage\",\"@id\":\"https:\\\/\\\/www.mpc.pr.gov.br\\\/index.php\\\/mpc-pr-debate-o-papel-da-advocacia-publica-em-evento-da-oab-cascavel\\\/\",\"url\":\"https:\\\/\\\/www.mpc.pr.gov.br\\\/index.php\\\/mpc-pr-debate-o-papel-da-advocacia-publica-em-evento-da-oab-cascavel\\\/\",\"name\":\"MPC-PR debate o papel da Advocacia P\u00fablica em evento da OAB Cascavel - Minist\u00e9rio P\u00fablico de Contas do Estado do Paran\u00e1\",\"isPartOf\":{\"@id\":\"https:\\\/\\\/www.mpc.pr.gov.br\\\/#website\"},\"primaryImageOfPage\":{\"@id\":\"https:\\\/\\\/www.mpc.pr.gov.br\\\/index.php\\\/mpc-pr-debate-o-papel-da-advocacia-publica-em-evento-da-oab-cascavel\\\/#primaryimage\"},\"image\":{\"@id\":\"https:\\\/\\\/www.mpc.pr.gov.br\\\/index.php\\\/mpc-pr-debate-o-papel-da-advocacia-publica-em-evento-da-oab-cascavel\\\/#primaryimage\"},\"thumbnailUrl\":\"https:\\\/\\\/www.mpc.pr.gov.br\\\/wp-content\\\/uploads\\\/2025\\\/04\\\/Apresentacao-Advocacia-Publica-oab-cascavel.png\",\"datePublished\":\"2025-04-16T19:27:45+00:00\",\"dateModified\":\"2025-05-06T13:44:18+00:00\",\"breadcrumb\":{\"@id\":\"https:\\\/\\\/www.mpc.pr.gov.br\\\/index.php\\\/mpc-pr-debate-o-papel-da-advocacia-publica-em-evento-da-oab-cascavel\\\/#breadcrumb\"},\"inLanguage\":\"pt-BR\",\"potentialAction\":[{\"@type\":\"ReadAction\",\"target\":[\"https:\\\/\\\/www.mpc.pr.gov.br\\\/index.php\\\/mpc-pr-debate-o-papel-da-advocacia-publica-em-evento-da-oab-cascavel\\\/\"]}]},{\"@type\":\"ImageObject\",\"inLanguage\":\"pt-BR\",\"@id\":\"https:\\\/\\\/www.mpc.pr.gov.br\\\/index.php\\\/mpc-pr-debate-o-papel-da-advocacia-publica-em-evento-da-oab-cascavel\\\/#primaryimage\",\"url\":\"https:\\\/\\\/www.mpc.pr.gov.br\\\/wp-content\\\/uploads\\\/2025\\\/04\\\/Apresentacao-Advocacia-Publica-oab-cascavel.png\",\"contentUrl\":\"https:\\\/\\\/www.mpc.pr.gov.br\\\/wp-content\\\/uploads\\\/2025\\\/04\\\/Apresentacao-Advocacia-Publica-oab-cascavel.png\",\"width\":1920,\"height\":1080},{\"@type\":\"BreadcrumbList\",\"@id\":\"https:\\\/\\\/www.mpc.pr.gov.br\\\/index.php\\\/mpc-pr-debate-o-papel-da-advocacia-publica-em-evento-da-oab-cascavel\\\/#breadcrumb\",\"itemListElement\":[{\"@type\":\"ListItem\",\"position\":1,\"name\":\"In\u00edcio\",\"item\":\"https:\\\/\\\/www.mpc.pr.gov.br\\\/\"},{\"@type\":\"ListItem\",\"position\":2,\"name\":\"MPC-PR debate o papel da Advocacia P\u00fablica em evento da OAB Cascavel\"}]},{\"@type\":\"WebSite\",\"@id\":\"https:\\\/\\\/www.mpc.pr.gov.br\\\/#website\",\"url\":\"https:\\\/\\\/www.mpc.pr.gov.br\\\/\",\"name\":\"Minist\u00e9rio P\u00fablico de Contas do Estado do Paran\u00e1\",\"description\":\"\",\"publisher\":{\"@id\":\"https:\\\/\\\/www.mpc.pr.gov.br\\\/#organization\"},\"potentialAction\":[{\"@type\":\"SearchAction\",\"target\":{\"@type\":\"EntryPoint\",\"urlTemplate\":\"https:\\\/\\\/www.mpc.pr.gov.br\\\/?s={search_term_string}\"},\"query-input\":{\"@type\":\"PropertyValueSpecification\",\"valueRequired\":true,\"valueName\":\"search_term_string\"}}],\"inLanguage\":\"pt-BR\"},{\"@type\":\"Organization\",\"@id\":\"https:\\\/\\\/www.mpc.pr.gov.br\\\/#organization\",\"name\":\"Minist\u00e9rio P\u00fablico de Contas do Estado do Paran\u00e1\",\"url\":\"https:\\\/\\\/www.mpc.pr.gov.br\\\/\",\"logo\":{\"@type\":\"ImageObject\",\"inLanguage\":\"pt-BR\",\"@id\":\"https:\\\/\\\/www.mpc.pr.gov.br\\\/#\\\/schema\\\/logo\\\/image\\\/\",\"url\":\"https:\\\/\\\/www.mpc.pr.gov.br\\\/wp-content\\\/uploads\\\/2020\\\/06\\\/99423647_1593460364143890_6706793420720963584_n-1-e1591387983167.png\",\"contentUrl\":\"https:\\\/\\\/www.mpc.pr.gov.br\\\/wp-content\\\/uploads\\\/2020\\\/06\\\/99423647_1593460364143890_6706793420720963584_n-1-e1591387983167.png\",\"width\":243,\"height\":73,\"caption\":\"Minist\u00e9rio P\u00fablico de Contas do Estado do Paran\u00e1\"},\"image\":{\"@id\":\"https:\\\/\\\/www.mpc.pr.gov.br\\\/#\\\/schema\\\/logo\\\/image\\\/\"},\"sameAs\":[\"https:\\\/\\\/www.facebook.com\\\/mpc.pr\",\"https:\\\/\\\/www.instagram.com\\\/mpc.pr\\\/?hl=pt-br\",\"https:\\\/\\\/www.youtube.com\\\/channel\\\/UCHri5oEM8DV0ztX57E0sBSw\"]},{\"@type\":\"Person\",\"@id\":\"https:\\\/\\\/www.mpc.pr.gov.br\\\/#\\\/schema\\\/person\\\/2d83cb8980538d0ec174e8a6284f5e11\",\"name\":\"mpcontaspr\",\"image\":{\"@type\":\"ImageObject\",\"inLanguage\":\"pt-BR\",\"@id\":\"https:\\\/\\\/secure.gravatar.com\\\/avatar\\\/1aef51541db7622e05fd639336c9c9f312c2a618396e2b6ca96846362fc5403f?s=96&d=mm&r=g\",\"url\":\"https:\\\/\\\/secure.gravatar.com\\\/avatar\\\/1aef51541db7622e05fd639336c9c9f312c2a618396e2b6ca96846362fc5403f?s=96&d=mm&r=g\",\"contentUrl\":\"https:\\\/\\\/secure.gravatar.com\\\/avatar\\\/1aef51541db7622e05fd639336c9c9f312c2a618396e2b6ca96846362fc5403f?s=96&d=mm&r=g\",\"caption\":\"mpcontaspr\"},\"sameAs\":[\"http:\\\/\\\/www.mpc.pr.gov.br\"]}]}<\/script>\n<!-- \/ Yoast SEO plugin. -->","yoast_head_json":{"title":"MPC-PR debate o papel da Advocacia P\u00fablica em evento da OAB Cascavel - Minist\u00e9rio P\u00fablico de Contas do Estado do Paran\u00e1","robots":{"index":"index","follow":"follow","max-snippet":"max-snippet:-1","max-image-preview":"max-image-preview:large","max-video-preview":"max-video-preview:-1"},"canonical":"https:\/\/www.mpc.pr.gov.br\/index.php\/mpc-pr-debate-o-papel-da-advocacia-publica-em-evento-da-oab-cascavel\/","og_locale":"pt_BR","og_type":"article","og_title":"MPC-PR debate o papel da Advocacia P\u00fablica em evento da OAB Cascavel - Minist\u00e9rio P\u00fablico de Contas do Estado do Paran\u00e1","og_description":"Na tarde do dia 15 de abril (ter\u00e7a-feira), o Procurador-Geral do Minist\u00e9rio P\u00fablico de Contas do Paran\u00e1 (MPC-PR), Gabriel Guy L\u00e9ger, participou de um evento online promovido pela Comiss\u00e3o da Advocacia P\u00fablica da OAB Cascavel. \u00a0 O encontro reuniu mais de 100 pessoas para debater temas cruciais como direitos, regime jur\u00eddico e interpreta\u00e7\u00f5es do Tribunal [&hellip;]","og_url":"https:\/\/www.mpc.pr.gov.br\/index.php\/mpc-pr-debate-o-papel-da-advocacia-publica-em-evento-da-oab-cascavel\/","og_site_name":"Minist\u00e9rio P\u00fablico de Contas do Estado do Paran\u00e1","article_publisher":"https:\/\/www.facebook.com\/mpc.pr","article_published_time":"2025-04-16T19:27:45+00:00","article_modified_time":"2025-05-06T13:44:18+00:00","og_image":[{"width":1024,"height":576,"url":"https:\/\/www.mpc.pr.gov.br\/wp-content\/uploads\/2025\/04\/Apresentacao-Advocacia-Publica-oab-cascavel-1024x576.png","type":"image\/png"}],"author":"mpcontaspr","twitter_card":"summary_large_image","twitter_misc":{"Escrito por":"mpcontaspr","Est. tempo de leitura":"3 minutos"},"schema":{"@context":"https:\/\/schema.org","@graph":[{"@type":"Article","@id":"https:\/\/www.mpc.pr.gov.br\/index.php\/mpc-pr-debate-o-papel-da-advocacia-publica-em-evento-da-oab-cascavel\/#article","isPartOf":{"@id":"https:\/\/www.mpc.pr.gov.br\/index.php\/mpc-pr-debate-o-papel-da-advocacia-publica-em-evento-da-oab-cascavel\/"},"author":{"name":"mpcontaspr","@id":"https:\/\/www.mpc.pr.gov.br\/#\/schema\/person\/2d83cb8980538d0ec174e8a6284f5e11"},"headline":"MPC-PR debate o papel da Advocacia P\u00fablica em evento da OAB Cascavel","datePublished":"2025-04-16T19:27:45+00:00","dateModified":"2025-05-06T13:44:18+00:00","mainEntityOfPage":{"@id":"https:\/\/www.mpc.pr.gov.br\/index.php\/mpc-pr-debate-o-papel-da-advocacia-publica-em-evento-da-oab-cascavel\/"},"wordCount":377,"commentCount":0,"publisher":{"@id":"https:\/\/www.mpc.pr.gov.br\/#organization"},"image":{"@id":"https:\/\/www.mpc.pr.gov.br\/index.php\/mpc-pr-debate-o-papel-da-advocacia-publica-em-evento-da-oab-cascavel\/#primaryimage"},"thumbnailUrl":"https:\/\/www.mpc.pr.gov.br\/wp-content\/uploads\/2025\/04\/Apresentacao-Advocacia-Publica-oab-cascavel.png","keywords":["Advocacia P\u00fablica","Cascavel","MPC-PR","OAB","TCE-PR"],"articleSection":["Todas as not\u00edcias"],"inLanguage":"pt-BR","potentialAction":[{"@type":"CommentAction","name":"Comment","target":["https:\/\/www.mpc.pr.gov.br\/index.php\/mpc-pr-debate-o-papel-da-advocacia-publica-em-evento-da-oab-cascavel\/#respond"]}]},{"@type":"WebPage","@id":"https:\/\/www.mpc.pr.gov.br\/index.php\/mpc-pr-debate-o-papel-da-advocacia-publica-em-evento-da-oab-cascavel\/","url":"https:\/\/www.mpc.pr.gov.br\/index.php\/mpc-pr-debate-o-papel-da-advocacia-publica-em-evento-da-oab-cascavel\/","name":"MPC-PR debate o papel da Advocacia P\u00fablica em evento da OAB Cascavel - Minist\u00e9rio P\u00fablico de Contas do Estado do Paran\u00e1","isPartOf":{"@id":"https:\/\/www.mpc.pr.gov.br\/#website"},"primaryImageOfPage":{"@id":"https:\/\/www.mpc.pr.gov.br\/index.php\/mpc-pr-debate-o-papel-da-advocacia-publica-em-evento-da-oab-cascavel\/#primaryimage"},"image":{"@id":"https:\/\/www.mpc.pr.gov.br\/index.php\/mpc-pr-debate-o-papel-da-advocacia-publica-em-evento-da-oab-cascavel\/#primaryimage"},"thumbnailUrl":"https:\/\/www.mpc.pr.gov.br\/wp-content\/uploads\/2025\/04\/Apresentacao-Advocacia-Publica-oab-cascavel.png","datePublished":"2025-04-16T19:27:45+00:00","dateModified":"2025-05-06T13:44:18+00:00","breadcrumb":{"@id":"https:\/\/www.mpc.pr.gov.br\/index.php\/mpc-pr-debate-o-papel-da-advocacia-publica-em-evento-da-oab-cascavel\/#breadcrumb"},"inLanguage":"pt-BR","potentialAction":[{"@type":"ReadAction","target":["https:\/\/www.mpc.pr.gov.br\/index.php\/mpc-pr-debate-o-papel-da-advocacia-publica-em-evento-da-oab-cascavel\/"]}]},{"@type":"ImageObject","inLanguage":"pt-BR","@id":"https:\/\/www.mpc.pr.gov.br\/index.php\/mpc-pr-debate-o-papel-da-advocacia-publica-em-evento-da-oab-cascavel\/#primaryimage","url":"https:\/\/www.mpc.pr.gov.br\/wp-content\/uploads\/2025\/04\/Apresentacao-Advocacia-Publica-oab-cascavel.png","contentUrl":"https:\/\/www.mpc.pr.gov.br\/wp-content\/uploads\/2025\/04\/Apresentacao-Advocacia-Publica-oab-cascavel.png","width":1920,"height":1080},{"@type":"BreadcrumbList","@id":"https:\/\/www.mpc.pr.gov.br\/index.php\/mpc-pr-debate-o-papel-da-advocacia-publica-em-evento-da-oab-cascavel\/#breadcrumb","itemListElement":[{"@type":"ListItem","position":1,"name":"In\u00edcio","item":"https:\/\/www.mpc.pr.gov.br\/"},{"@type":"ListItem","position":2,"name":"MPC-PR debate o papel da Advocacia P\u00fablica em evento da OAB Cascavel"}]},{"@type":"WebSite","@id":"https:\/\/www.mpc.pr.gov.br\/#website","url":"https:\/\/www.mpc.pr.gov.br\/","name":"Minist\u00e9rio P\u00fablico de Contas do Estado do Paran\u00e1","description":"","publisher":{"@id":"https:\/\/www.mpc.pr.gov.br\/#organization"},"potentialAction":[{"@type":"SearchAction","target":{"@type":"EntryPoint","urlTemplate":"https:\/\/www.mpc.pr.gov.br\/?s={search_term_string}"},"query-input":{"@type":"PropertyValueSpecification","valueRequired":true,"valueName":"search_term_string"}}],"inLanguage":"pt-BR"},{"@type":"Organization","@id":"https:\/\/www.mpc.pr.gov.br\/#organization","name":"Minist\u00e9rio P\u00fablico de Contas do Estado do Paran\u00e1","url":"https:\/\/www.mpc.pr.gov.br\/","logo":{"@type":"ImageObject","inLanguage":"pt-BR","@id":"https:\/\/www.mpc.pr.gov.br\/#\/schema\/logo\/image\/","url":"https:\/\/www.mpc.pr.gov.br\/wp-content\/uploads\/2020\/06\/99423647_1593460364143890_6706793420720963584_n-1-e1591387983167.png","contentUrl":"https:\/\/www.mpc.pr.gov.br\/wp-content\/uploads\/2020\/06\/99423647_1593460364143890_6706793420720963584_n-1-e1591387983167.png","width":243,"height":73,"caption":"Minist\u00e9rio P\u00fablico de Contas do Estado do Paran\u00e1"},"image":{"@id":"https:\/\/www.mpc.pr.gov.br\/#\/schema\/logo\/image\/"},"sameAs":["https:\/\/www.facebook.com\/mpc.pr","https:\/\/www.instagram.com\/mpc.pr\/?hl=pt-br","https:\/\/www.youtube.com\/channel\/UCHri5oEM8DV0ztX57E0sBSw"]},{"@type":"Person","@id":"https:\/\/www.mpc.pr.gov.br\/#\/schema\/person\/2d83cb8980538d0ec174e8a6284f5e11","name":"mpcontaspr","image":{"@type":"ImageObject","inLanguage":"pt-BR","@id":"https:\/\/secure.gravatar.com\/avatar\/1aef51541db7622e05fd639336c9c9f312c2a618396e2b6ca96846362fc5403f?s=96&d=mm&r=g","url":"https:\/\/secure.gravatar.com\/avatar\/1aef51541db7622e05fd639336c9c9f312c2a618396e2b6ca96846362fc5403f?s=96&d=mm&r=g","contentUrl":"https:\/\/secure.gravatar.com\/avatar\/1aef51541db7622e05fd639336c9c9f312c2a618396e2b6ca96846362fc5403f?s=96&d=mm&r=g","caption":"mpcontaspr"},"sameAs":["http:\/\/www.mpc.pr.gov.br"]}]}},"rttpg_featured_image_url":{"full":["https:\/\/www.mpc.pr.gov.br\/wp-content\/uploads\/2025\/04\/Apresentacao-Advocacia-Publica-oab-cascavel.png",1920,1080,false],"landscape":["https:\/\/www.mpc.pr.gov.br\/wp-content\/uploads\/2025\/04\/Apresentacao-Advocacia-Publica-oab-cascavel.png",1920,1080,false],"portraits":["https:\/\/www.mpc.pr.gov.br\/wp-content\/uploads\/2025\/04\/Apresentacao-Advocacia-Publica-oab-cascavel.png",1920,1080,false],"thumbnail":["https:\/\/www.mpc.pr.gov.br\/wp-content\/uploads\/2025\/04\/Apresentacao-Advocacia-Publica-oab-cascavel-150x150.png",150,150,true],"medium":["https:\/\/www.mpc.pr.gov.br\/wp-content\/uploads\/2025\/04\/Apresentacao-Advocacia-Publica-oab-cascavel-300x169.png",300,169,true],"large":["https:\/\/www.mpc.pr.gov.br\/wp-content\/uploads\/2025\/04\/Apresentacao-Advocacia-Publica-oab-cascavel-1024x576.png",1024,576,true],"1536x1536":["https:\/\/www.mpc.pr.gov.br\/wp-content\/uploads\/2025\/04\/Apresentacao-Advocacia-Publica-oab-cascavel-1536x864.png",1536,864,true],"2048x2048":["https:\/\/www.mpc.pr.gov.br\/wp-content\/uploads\/2025\/04\/Apresentacao-Advocacia-Publica-oab-cascavel.png",1920,1080,false],"ocean-thumb-m":["https:\/\/www.mpc.pr.gov.br\/wp-content\/uploads\/2025\/04\/Apresentacao-Advocacia-Publica-oab-cascavel-600x600.png",600,600,true],"ocean-thumb-ml":["https:\/\/www.mpc.pr.gov.br\/wp-content\/uploads\/2025\/04\/Apresentacao-Advocacia-Publica-oab-cascavel-800x450.png",800,450,true],"ocean-thumb-l":["https:\/\/www.mpc.pr.gov.br\/wp-content\/uploads\/2025\/04\/Apresentacao-Advocacia-Publica-oab-cascavel-1200x700.png",1200,700,true]},"rttpg_author":{"display_name":"mpcontaspr","author_link":"https:\/\/www.mpc.pr.gov.br\/index.php\/author\/mpcontaspr\/"},"rttpg_comment":4,"rttpg_category":"<a href=\"https:\/\/www.mpc.pr.gov.br\/index.php\/category\/todas-as-noticias\/\" rel=\"category tag\">Todas as not\u00edcias<\/a>","rttpg_excerpt":"Na tarde do dia 15 de abril (ter\u00e7a-feira), o Procurador-Geral do Minist\u00e9rio P\u00fablico de Contas do Paran\u00e1 (MPC-PR), Gabriel Guy L\u00e9ger, participou de um evento online promovido pela Comiss\u00e3o da Advocacia P\u00fablica da OAB Cascavel. \u00a0 O encontro reuniu mais de 100 pessoas para debater temas cruciais como direitos, regime jur\u00eddico e interpreta\u00e7\u00f5es do Tribunal&hellip;","_links":{"self":[{"href":"https:\/\/www.mpc.pr.gov.br\/index.php\/wp-json\/wp\/v2\/posts\/23381","targetHints":{"allow":["GET"]}}],"collection":[{"href":"https:\/\/www.mpc.pr.gov.br\/index.php\/wp-json\/wp\/v2\/posts"}],"about":[{"href":"https:\/\/www.mpc.pr.gov.br\/index.php\/wp-json\/wp\/v2\/types\/post"}],"author":[{"embeddable":true,"href":"https:\/\/www.mpc.pr.gov.br\/index.php\/wp-json\/wp\/v2\/users\/1"}],"replies":[{"embeddable":true,"href":"https:\/\/www.mpc.pr.gov.br\/index.php\/wp-json\/wp\/v2\/comments?post=23381"}],"version-history":[{"count":1,"href":"https:\/\/www.mpc.pr.gov.br\/index.php\/wp-json\/wp\/v2\/posts\/23381\/revisions"}],"predecessor-version":[{"id":23384,"href":"https:\/\/www.mpc.pr.gov.br\/index.php\/wp-json\/wp\/v2\/posts\/23381\/revisions\/23384"}],"wp:featuredmedia":[{"embeddable":true,"href":"https:\/\/www.mpc.pr.gov.br\/index.php\/wp-json\/wp\/v2\/media\/23383"}],"wp:attachment":[{"href":"https:\/\/www.mpc.pr.gov.br\/index.php\/wp-json\/wp\/v2\/media?parent=23381"}],"wp:term":[{"taxonomy":"category","embeddable":true,"href":"https:\/\/www.mpc.pr.gov.br\/index.php\/wp-json\/wp\/v2\/categories?post=23381"},{"taxonomy":"post_tag","embeddable":true,"href":"https:\/\/www.mpc.pr.gov.br\/index.php\/wp-json\/wp\/v2\/tags?post=23381"}],"curies":[{"name":"wp","href":"https:\/\/api.w.org\/{rel}","templated":true}]}}