{"id":23395,"date":"2025-04-24T11:13:10","date_gmt":"2025-04-24T14:13:10","guid":{"rendered":"https:\/\/www.mpc.pr.gov.br\/?p=23395"},"modified":"2025-05-13T09:59:36","modified_gmt":"2025-05-13T12:59:36","slug":"estabilidade-provisoria-da-gestante-e-garantida-independente-da-natureza-do-vinculo-e-temporariedade","status":"publish","type":"post","link":"https:\/\/www.mpc.pr.gov.br\/index.php\/estabilidade-provisoria-da-gestante-e-garantida-independente-da-natureza-do-vinculo-e-temporariedade\/","title":{"rendered":"Estabilidade provis\u00f3ria da gestante \u00e9 garantida independente da natureza do v\u00ednculo e temporariedade"},"content":{"rendered":"<figure id=\"attachment_23398\" aria-describedby=\"caption-attachment-23398\" style=\"width: 300px\" class=\"wp-caption alignleft\"><img fetchpriority=\"high\" decoding=\"async\" class=\"size-medium wp-image-23398\" src=\"https:\/\/www.mpc.pr.gov.br\/wp-content\/uploads\/2025\/04\/rio-parana-300x238.png\" alt=\"\" width=\"300\" height=\"238\" srcset=\"https:\/\/www.mpc.pr.gov.br\/wp-content\/uploads\/2025\/04\/rio-parana-300x238.png 300w, https:\/\/www.mpc.pr.gov.br\/wp-content\/uploads\/2025\/04\/rio-parana.png 420w\" sizes=\"(max-width: 300px) 100vw, 300px\" \/><figcaption id=\"caption-attachment-23398\" class=\"wp-caption-text\">Imagem meramente ilustrativa. Foto: IA.<\/figcaption><\/figure>\n<p><span data-contrast=\"auto\">A Constitui\u00e7\u00e3o Federal elegeu como valores fundamentais, entre outros, a prote\u00e7\u00e3o \u00e0 maternidade e \u00e0 inf\u00e2ncia (art. 6\u00ba) e, com base nesses valores, foram previstos diversos direitos sociais instrumentais, entre eles a \u201clicen\u00e7a \u00e0 gestante, sem preju\u00edzo do emprego e do sal\u00e1rio, com a dura\u00e7\u00e3o de cento e vinte dias\u201d (art. 7\u00ba, XVIII). No entanto, para as servidoras p\u00fablicas, existe estabilidade provis\u00f3ria?<\/span><span data-ccp-props=\"{&quot;201341983&quot;:0,&quot;335551550&quot;:6,&quot;335551620&quot;:6,&quot;335559731&quot;:708,&quot;335559740&quot;:360}\">\u00a0<\/span><\/p>\n<p><span data-contrast=\"auto\">Esse \u00e9 o tema da consulta protocolada pelo \u201cCons\u00f3rcio Intermunicipal para Conserva\u00e7\u00e3o Remanescente Rio Paran\u00e1 e \u00c1reas de Influ\u00eancia\u201d, perante o Tribunal de Contas do Estado do Paran\u00e1 (TCE-PR), em que se buscou direcionamento para os seguintes questionamentos:\u00a0<\/span><span data-ccp-props=\"{&quot;134233117&quot;:false,&quot;134233118&quot;:false,&quot;201341983&quot;:0,&quot;335551550&quot;:6,&quot;335551620&quot;:6,&quot;335559685&quot;:0,&quot;335559731&quot;:708,&quot;335559737&quot;:0,&quot;335559738&quot;:0,&quot;335559739&quot;:160,&quot;335559740&quot;:360}\">\u00a0<\/span><\/p>\n<p><span data-contrast=\"auto\">1\u00ba) Por se tratar de contrato por prazo determin\u00e1vel, onde a servidora detinha ci\u00eancia do t\u00e9rmino do contrato, mesmo assim ela tem direito a estabilidade provis\u00f3ria? Dever\u00e1 ser mantida at\u00e9 o fim da estabilidade provis\u00f3ria? Ou poder\u00e1 ser encerrado o contrato?<\/span><span data-ccp-props=\"{&quot;134233117&quot;:false,&quot;134233118&quot;:false,&quot;201341983&quot;:0,&quot;335551550&quot;:6,&quot;335551620&quot;:6,&quot;335559685&quot;:1350,&quot;335559731&quot;:0,&quot;335559737&quot;:0,&quot;335559738&quot;:0,&quot;335559739&quot;:160,&quot;335559740&quot;:360}\">\u00a0<\/span><\/p>\n<p><span data-contrast=\"auto\">2\u00ba) Caso seja mantido o contrato at\u00e9 o fim da estabilidade provis\u00f3ria, qual o ato a ser praticado para regulamentar a prorroga\u00e7\u00e3o do contrato, ao t\u00e9rmino da vig\u00eancia contratual da servidora? Este documento dever\u00e1 conter o prazo prov\u00e1vel do t\u00e9rmino da estabilidade provis\u00f3ria?<\/span><span data-ccp-props=\"{&quot;134233117&quot;:false,&quot;134233118&quot;:false,&quot;201341983&quot;:0,&quot;335551550&quot;:6,&quot;335551620&quot;:6,&quot;335559685&quot;:1350,&quot;335559731&quot;:0,&quot;335559737&quot;:0,&quot;335559738&quot;:0,&quot;335559739&quot;:160,&quot;335559740&quot;:360}\">\u00a0<\/span><\/p>\n<p><span data-ccp-props=\"{&quot;201341983&quot;:0,&quot;335551550&quot;:6,&quot;335551620&quot;:6,&quot;335559731&quot;:0,&quot;335559740&quot;:360}\">\u00a0<\/span><b><span data-contrast=\"auto\">Ju\u00edzo de Admissibilidade e Instru\u00e7\u00e3o\u00a0<\/span><\/b><span data-ccp-props=\"{&quot;201341983&quot;:0,&quot;335551550&quot;:6,&quot;335551620&quot;:6,&quot;335559731&quot;:0,&quot;335559740&quot;:360}\">\u00a0<\/span><\/p>\n<p><span data-contrast=\"auto\">Conforme Despacho n\u00ba 1327\/24, o Relator Conselheiro Jos\u00e9 Durval Mattos do Amaral recebeu a presente consulta tendo em vista o cumprimento dos requisitos de admissibilidade, sendo o consulente parte leg\u00edtima no processo e o feito tratar sobre d\u00favida acerca da aplica\u00e7\u00e3o de dispositivos legais e regulamentares, estando devidamente acompanhado de parecer jur\u00eddico. Ordenou, em seguida, o encaminhamento dos autos \u00e0 Supervis\u00e3o de Jurisprud\u00eancia e Biblioteca (SJB) e Coordenadoria-Geral de Fiscaliza\u00e7\u00e3o (CGF) do Tribunal.<\/span><span data-ccp-props=\"{&quot;201341983&quot;:0,&quot;335551550&quot;:6,&quot;335551620&quot;:6,&quot;335559731&quot;:0,&quot;335559740&quot;:360}\">\u00a0<\/span><\/p>\n<p><span data-contrast=\"auto\">Na informa\u00e7\u00e3o n\u00ba 126\/24, a SJB informou a exist\u00eancia de jurisprud\u00eancias, dentre elas outros processos de consulta e o <a href=\"https:\/\/www1.tce.pr.gov.br\/multimidia\/2021\/12\/pdf\/00362415.pdf\">Prejulgado n\u00ba 25<\/a>, item <\/span><i><span data-contrast=\"auto\">ix<\/span><\/i><span data-contrast=\"auto\">. A CGF, por sua vez, mediante Despacho n\u00ba 1078\/24, afirmou que o tema abordado impacta nas atividades de fiscaliza\u00e7\u00e3o da Corte, motivo pelo qual solicitou o retorno dos autos ap\u00f3s julgamento do m\u00e9rito considerando eventual necessidade de ci\u00eancia ou atualiza\u00e7\u00e3o de orienta\u00e7\u00f5es \u00e0s equipes de fiscaliza\u00e7\u00e3o.\u00a0<\/span><span data-ccp-props=\"{&quot;201341983&quot;:0,&quot;335551550&quot;:6,&quot;335551620&quot;:6,&quot;335559731&quot;:708,&quot;335559740&quot;:360}\">\u00a0<\/span><\/p>\n<p><span data-contrast=\"auto\">Em seguida, a Coordenadoria de Gest\u00e3o Municipal (CGM), de acordo com a Instru\u00e7\u00e3o n\u00ba 6072\/24, manifestou-se conclusivamente no sentido de que as servidoras tempor\u00e1rias tamb\u00e9m possuem o direito \u00e0 estabilidade provis\u00f3ria e licen\u00e7a maternidade. Nesse sentido, destacou o <a href=\"https:\/\/portal.stf.jus.br\/jurisprudenciaRepercussao\/verAndamentoProcesso.asp?incidente=4650144&amp;numeroProcesso=842844&amp;classeProcesso=RE&amp;numeroTema=542\">Tema 542 de Repercuss\u00e3o Geral<\/a>, em que o Supremo Tribunal Federal (STF) firmou entendimento de que a servidora p\u00fablica, mesmo sendo tempor\u00e1ria ou com v\u00ednculo exclusivamente comissionado, tem direito a estabilidade prevista no art. 10, inciso II, al\u00ednea \u201cb\u201d, da Constitui\u00e7\u00e3o Federal de 1988 \u2013 CF\/88.\u00a0<\/span><span data-ccp-props=\"{&quot;134233117&quot;:false,&quot;134233118&quot;:false,&quot;201341983&quot;:0,&quot;335551550&quot;:6,&quot;335551620&quot;:6,&quot;335559685&quot;:0,&quot;335559737&quot;:0,&quot;335559738&quot;:0,&quot;335559739&quot;:160,&quot;335559740&quot;:360}\">\u00a0<\/span><\/p>\n<p><em>\u201cTema 542 &#8211; Direito de gestante, contratada pela Administra\u00e7\u00e3o P\u00fablica por prazo determinado ou ocupante de cargo em comiss\u00e3o demiss\u00edvel ad nutum, ao gozo de licen\u00e7a-maternidade e \u00e0 estabilidade provis\u00f3ria.\u201d\u00a0<\/em><\/p>\n<p><span data-contrast=\"auto\">Deste modo, opinou conclusivamente pela seguinte resposta \u00e0 consulta:<\/span><span data-ccp-props=\"{&quot;134233117&quot;:false,&quot;134233118&quot;:false,&quot;201341983&quot;:0,&quot;335551550&quot;:6,&quot;335551620&quot;:6,&quot;335559685&quot;:0,&quot;335559731&quot;:708,&quot;335559737&quot;:0,&quot;335559738&quot;:0,&quot;335559739&quot;:160,&quot;335559740&quot;:360}\">\u00a0<\/span><\/p>\n<ol>\n<li><span data-contrast=\"auto\">De acordo com a TESE 542 do STF as empregadas gestantes, ainda que em regime tempor\u00e1rio, tem a prote\u00e7\u00e3o \u00e0 maternidade conferida pela Constitui\u00e7\u00e3o Federal e, principalmente, o direito \u00e0 estabilidade provis\u00f3ria desde a confirma\u00e7\u00e3o da gravidez at\u00e9 cinco meses ap\u00f3s o parto.<\/span><span data-ccp-props=\"{&quot;134233117&quot;:false,&quot;134233118&quot;:false,&quot;201341983&quot;:0,&quot;335551550&quot;:6,&quot;335551620&quot;:6,&quot;335559737&quot;:0,&quot;335559738&quot;:0,&quot;335559739&quot;:160,&quot;335559740&quot;:360}\">\u00a0<\/span><\/li>\n<li data-leveltext=\"%1)\" data-font=\"\" data-listid=\"1\" data-list-defn-props=\"{&quot;335552541&quot;:0,&quot;335559685&quot;:1068,&quot;335559991&quot;:360,&quot;469769242&quot;:[65533,0],&quot;469777803&quot;:&quot;left&quot;,&quot;469777804&quot;:&quot;%1)&quot;,&quot;469777815&quot;:&quot;hybridMultilevel&quot;}\" aria-setsize=\"-1\" data-aria-posinset=\"2\" data-aria-level=\"1\"><span data-contrast=\"auto\">O embasamento legal para a prorroga\u00e7\u00e3o do contrato \u00e9 o art. 10, inciso II, al\u00ednea \u201cb\u201d, da Constitui\u00e7\u00e3o Federal de 1988 \u2013 CF\/88. TESE 542 \u2013 STF.<\/span><span data-ccp-props=\"{&quot;134233117&quot;:false,&quot;134233118&quot;:false,&quot;201341983&quot;:0,&quot;335551550&quot;:6,&quot;335551620&quot;:6,&quot;335559737&quot;:0,&quot;335559738&quot;:0,&quot;335559739&quot;:160,&quot;335559740&quot;:360}\">\u00a0<\/span><\/li>\n<\/ol>\n<p><span data-ccp-props=\"{&quot;134233117&quot;:false,&quot;134233118&quot;:false,&quot;201341983&quot;:0,&quot;335551550&quot;:6,&quot;335551620&quot;:6,&quot;335559685&quot;:0,&quot;335559737&quot;:0,&quot;335559738&quot;:0,&quot;335559739&quot;:160,&quot;335559740&quot;:360}\">\u00a0<\/span><b><span data-contrast=\"auto\">Minist\u00e9rio P\u00fablico de Contas<\/span><\/b><span data-ccp-props=\"{&quot;134233117&quot;:false,&quot;134233118&quot;:false,&quot;201341983&quot;:0,&quot;335551550&quot;:6,&quot;335551620&quot;:6,&quot;335559685&quot;:0,&quot;335559737&quot;:0,&quot;335559738&quot;:0,&quot;335559739&quot;:160,&quot;335559740&quot;:360}\">\u00a0<\/span><\/p>\n<p><span data-contrast=\"auto\">O Minist\u00e9rio P\u00fablico de Contas do Paran\u00e1 (MPC-PR), conforme <a href=\"https:\/\/www.mpc.pr.gov.br\/wp-content\/uploads\/2025\/04\/rio-parana-PAR-407_24-PGC.pdf\">Parecer n\u00ba 407\/24<\/a>, destacou inicialmente que o <\/span><span data-contrast=\"auto\">ponto central da consulta visa esclarecer, em suma, se deve ser assegurada a estabilidade provis\u00f3ria da gestante \u00e0 servidora tempor\u00e1ria e se, com isto, o tempo da contrata\u00e7\u00e3o previamente estabelecido pode ser majorado pelas regras da estabilidade.\u00a0<\/span><span data-ccp-props=\"{&quot;134233117&quot;:false,&quot;134233118&quot;:false,&quot;201341983&quot;:0,&quot;335551550&quot;:6,&quot;335551620&quot;:6,&quot;335559685&quot;:0,&quot;335559737&quot;:0,&quot;335559738&quot;:0,&quot;335559739&quot;:160,&quot;335559740&quot;:360}\">\u00a0<\/span><\/p>\n<p><span data-contrast=\"auto\">De maneira oportuna, a Procuradoria-Geral distinguiu os institutos da licen\u00e7a maternidade e da estabilidade provis\u00f3ria da gestante: Vale ressaltar que a licen\u00e7a maternidade possui esteio no art. 7\u00ba, XVIII da Carta Magna, que garante o afastamento de 120 dias, sem preju\u00edzo do emprego e do sal\u00e1rio, que deve ocorrer entre o 28\u00ba dia antes do parto e a ocorr\u00eancia deste. Difere, portanto, da estabilidade provis\u00f3ria \u00e0 gestante, direito prescrito na al\u00ednea b, inciso II do art. 10 do Ato das Disposi\u00e7\u00f5es Constitucionais Transit\u00f3rias, que consiste na garantia do emprego desde a confirma\u00e7\u00e3o da gravidez at\u00e9 cinco meses ap\u00f3s o parto. Portanto, embora a licen\u00e7a-maternidade e a estabilidade gestante sejam institutos independentes, eles t\u00eam por objetivo principal a prote\u00e7\u00e3o da primeira inf\u00e2ncia e dos direitos fundamentais das mulheres. Assim, sob a perspectiva do princ\u00edpio da isonomia, na medida em que a Carta Magna prev\u00ea essas prote\u00e7\u00f5es \u00e0s trabalhadoras em geral, n\u00e3o h\u00e1 que se falar em diferencia\u00e7\u00e3o entre modalidades contratuais de servidoras p\u00fablicas gestantes. Essa \u00e9 a raz\u00e3o, pautada no direito \u00e0 igualdade, de se estender os referidos direitos sociais tamb\u00e9m \u00e0s servidoras ocupantes de cargos em comiss\u00e3o e \u00e0s trabalhadoras contratadas temporariamente.\u201d<\/span><span data-ccp-props=\"{&quot;134233117&quot;:false,&quot;134233118&quot;:false,&quot;201341983&quot;:0,&quot;335551550&quot;:6,&quot;335551620&quot;:6,&quot;335559685&quot;:0,&quot;335559737&quot;:0,&quot;335559738&quot;:0,&quot;335559739&quot;:160,&quot;335559740&quot;:360}\">\u00a0<\/span><\/p>\n<p><span data-contrast=\"auto\">Logo, \u00e9 claro o reconhecimento da estabilidade provis\u00f3ria, ainda que o contrato seja por prazo determinado, cuja prorroga\u00e7\u00e3o, como regra, deve ocorrer at\u00e9 o fim da estabilidade e, na hip\u00f3tese de dispensa da servidora gestante, caber\u00e1 a indeniza\u00e7\u00e3o correspondente \u00e0s vantagens financeiras que receberia no per\u00edodo da estabilidade.\u00a0<\/span><span data-ccp-props=\"{&quot;134233117&quot;:false,&quot;134233118&quot;:false,&quot;201341983&quot;:0,&quot;335551550&quot;:6,&quot;335551620&quot;:6,&quot;335559685&quot;:0,&quot;335559737&quot;:0,&quot;335559738&quot;:0,&quot;335559739&quot;:160,&quot;335559740&quot;:360}\">\u00a0<\/span><\/p>\n<p><span data-contrast=\"auto\">Ao final, opinou pela resposta \u00e0 consulta: <\/span><span data-ccp-props=\"{&quot;134233117&quot;:false,&quot;134233118&quot;:false,&quot;201341983&quot;:0,&quot;335551550&quot;:6,&quot;335551620&quot;:6,&quot;335559685&quot;:0,&quot;335559737&quot;:0,&quot;335559738&quot;:0,&quot;335559739&quot;:160,&quot;335559740&quot;:360}\">\u00a0<\/span><span data-ccp-props=\"{&quot;134233117&quot;:false,&quot;134233118&quot;:false,&quot;201341983&quot;:0,&quot;335551550&quot;:6,&quot;335551620&quot;:6,&quot;335559685&quot;:0,&quot;335559737&quot;:0,&quot;335559738&quot;:0,&quot;335559739&quot;:160,&quot;335559740&quot;:360}\">\u00a0<\/span><\/p>\n<ol>\n<li data-leveltext=\"%1)\" data-font=\"\" data-listid=\"2\" data-list-defn-props=\"{&quot;335552541&quot;:0,&quot;335559685&quot;:720,&quot;335559991&quot;:360,&quot;469769242&quot;:[65533,0],&quot;469777803&quot;:&quot;left&quot;,&quot;469777804&quot;:&quot;%1)&quot;,&quot;469777815&quot;:&quot;hybridMultilevel&quot;}\" aria-setsize=\"-1\" data-aria-posinset=\"1\" data-aria-level=\"1\"><span data-contrast=\"auto\">De acordo com o entendimento fixado pelo STF na tese objeto do Tema n\u00ba 542, a trabalhadora gestante tem direito ao gozo de licen\u00e7a maternidade e \u00e0 estabilidade provis\u00f3ria, independentemente do regime jur\u00eddico aplic\u00e1vel, se contratual ou administrativo, ainda que ocupe cargo em comiss\u00e3o ou seja contratada por tempo determinado, desde a confirma\u00e7\u00e3o da gravidez at\u00e9 cinco meses ap\u00f3s o parto, nos termos do art. 7\u00ba, inciso XVIII, da CF\/88 e art. 10, inciso II, al\u00ednea b, do ADCT. Como regra, deve ser preservado o v\u00ednculo jur\u00eddico com a Administra\u00e7\u00e3o P\u00fablica da servidora tempor\u00e1ria gestante durante o per\u00edodo da estabilidade provis\u00f3ria, prorrogando-se o contrato at\u00e9 05 (cinco) meses ap\u00f3s o parto. Contudo, havendo dispensa da servidora gestante neste per\u00edodo, \u00e9 devida a indeniza\u00e7\u00e3o correspondente \u00e0s vantagens financeiras que a servidora receberia pelo per\u00edodo constitucional da estabilidade.\u00a0<\/span><\/li>\n<li data-leveltext=\"%1)\" data-font=\"\" data-listid=\"2\" data-list-defn-props=\"{&quot;335552541&quot;:0,&quot;335559685&quot;:720,&quot;335559991&quot;:360,&quot;469769242&quot;:[65533,0],&quot;469777803&quot;:&quot;left&quot;,&quot;469777804&quot;:&quot;%1)&quot;,&quot;469777815&quot;:&quot;hybridMultilevel&quot;}\" aria-setsize=\"-1\" data-aria-posinset=\"1\" data-aria-level=\"1\">Na hip\u00f3tese de reconhecimento de estabilidade provis\u00f3ria \u00e0 gestante em regime tempor\u00e1rio ocorre a prorroga\u00e7\u00e3o do per\u00edodo contratual por for\u00e7a da norma constitucional, desde a confirma\u00e7\u00e3o do estado fisiol\u00f3gico de gravidez at\u00e9 cinco (5) meses ap\u00f3s o parto, nos termos do disposto no art. 10, inciso II, al\u00ednea \u201cb\u201d, do ADCT, cabendo ao gestor, no exerc\u00edcio da capacidade de autoadministra\u00e7\u00e3o, a devida formaliza\u00e7\u00e3o.<span data-ccp-props=\"{&quot;134233117&quot;:false,&quot;134233118&quot;:false,&quot;201341983&quot;:0,&quot;335551550&quot;:6,&quot;335551620&quot;:6,&quot;335559737&quot;:0,&quot;335559738&quot;:0,&quot;335559739&quot;:160,&quot;335559740&quot;:360}\">\u00a0<\/span><\/li>\n<\/ol>\n<h4><span data-ccp-props=\"{&quot;134233117&quot;:false,&quot;134233118&quot;:false,&quot;201341983&quot;:0,&quot;335551550&quot;:6,&quot;335551620&quot;:6,&quot;335559685&quot;:0,&quot;335559737&quot;:0,&quot;335559738&quot;:0,&quot;335559739&quot;:160,&quot;335559740&quot;:360}\">\u00a0<\/span><b><span data-contrast=\"auto\">Decis\u00e3o<\/span><\/b><span data-ccp-props=\"{&quot;134233117&quot;:false,&quot;134233118&quot;:false,&quot;201341983&quot;:0,&quot;335551550&quot;:6,&quot;335551620&quot;:6,&quot;335559685&quot;:0,&quot;335559737&quot;:0,&quot;335559738&quot;:0,&quot;335559739&quot;:160,&quot;335559740&quot;:360}\">\u00a0<\/span><\/h4>\n<p><span data-contrast=\"auto\">O Relator do processo, Conselheiro Jos\u00e9 Durval Mattos do Amaral, fundamentou em seu voto que a <\/span><span data-contrast=\"auto\">jurisprud\u00eancia assegura os direitos \u00e0s trabalhadoras gestantes ocupantes de cargos comissionados ou contratadas temporariamente, de modo que a estabilidade provis\u00f3ria da gestante \u00e9 garantida independentemente da natureza do v\u00ednculo e da sua temporariedade, no per\u00edodo compreendido desde a confirma\u00e7\u00e3o da gravidez at\u00e9 cinco meses ap\u00f3s o parto (podendo ser por prazo maior se assim a legisla\u00e7\u00e3o local dispuser). E em rela\u00e7\u00e3o ao contrato, caber\u00e1 ao gestor a formaliza\u00e7\u00e3o da prorroga\u00e7\u00e3o.\u00a0<\/span><span data-ccp-props=\"{&quot;201341983&quot;:0,&quot;335551550&quot;:6,&quot;335551620&quot;:6,&quot;335559731&quot;:708,&quot;335559740&quot;:360}\">\u00a0<\/span><\/p>\n<p><span data-contrast=\"auto\">Conforme fundamenta\u00e7\u00e3o do Ac\u00f3rd\u00e3o n\u00ba 684\/25, os Membros do Tribunal Pleno do TCE-PR, votaram, em unanimidade, pela resposta \u00e0 consulta formulada pelo <\/span><span data-contrast=\"auto\">Cons\u00f3rcio Intermunicipal para Conserva\u00e7\u00e3o Remanescente Rio Paran\u00e1 e \u00c1reas de Influ\u00eancia, na seguinte forma:<\/span><\/p>\n<p><span data-contrast=\"auto\">1) Por se tratar de contrato por prazo determin\u00e1vel, onde a servidora detinha ci\u00eancia do t\u00e9rmino do contrato, mesmo assim ela tem direito a estabilidade provis\u00f3ria? Dever\u00e1 ser mantida at\u00e9 o fim da estabilidade provis\u00f3ria? Ou poder\u00e1 ser encerrado o contrato?<\/span><span data-ccp-props=\"{&quot;201341983&quot;:0,&quot;335551550&quot;:6,&quot;335551620&quot;:6,&quot;335559740&quot;:360}\">\u00a0<\/span><\/p>\n<p><span data-contrast=\"auto\">Resposta: Seguindo a decis\u00e3o proferida no Tema 545 do STF, a estabilidade provis\u00f3ria da gestante \u00e9 garantida independentemente da natureza do v\u00ednculo e da sua temporariedade, desde a confirma\u00e7\u00e3o da gravidez at\u00e9 cinco meses ap\u00f3s o parto, se a legisla\u00e7\u00e3o local n\u00e3o dispuser de prazo superior. Imp\u00f5e-se o dever de indenizar \u00e0 gestante na hip\u00f3tese de ruptura do v\u00ednculo no per\u00edodo da garantia do emprego, em valor correspondente \u00e0 data do fim do v\u00ednculo at\u00e9 a data final da estabilidade provis\u00f3ria.\u00a0<\/span><span data-ccp-props=\"{&quot;201341983&quot;:0,&quot;335551550&quot;:6,&quot;335551620&quot;:6,&quot;335559740&quot;:360}\">\u00a0<\/span><\/p>\n<p><span data-contrast=\"auto\">2) Caso seja mantido o contrato at\u00e9 o fim da estabilidade provis\u00f3ria, qual o ato a ser praticado para regulamentar a prorroga\u00e7\u00e3o do contrato, ao t\u00e9rmino da vig\u00eancia contratual da servidora? Este documento dever\u00e1 conter o prazo prov\u00e1vel do t\u00e9rmino da estabilidade provis\u00f3ria?\u00a0<\/span><span data-ccp-props=\"{&quot;201341983&quot;:0,&quot;335551550&quot;:6,&quot;335551620&quot;:6,&quot;335559740&quot;:360}\">\u00a0<\/span><\/p>\n<p><span data-contrast=\"auto\">Resposta: Caber\u00e1 ao gestor a formaliza\u00e7\u00e3o da prorroga\u00e7\u00e3o do contrato com fulcro no art. 10, inciso II, al\u00ednea \u201cb\u201d, da Constitui\u00e7\u00e3o Federal de 1988 \u2013 CF\/88.<\/span><span data-ccp-props=\"{&quot;201341983&quot;:0,&quot;335551550&quot;:6,&quot;335551620&quot;:6,&quot;335559740&quot;:360}\">\u00a0<\/span><\/p>\n<blockquote><p><span style=\"color: #820007;\"><strong><u>Informa\u00e7\u00e3o para consulta processual<\/u><\/strong><\/span><\/p>\n<table style=\"height: 183px;\" border=\"0\" width=\"478\" cellspacing=\"0\" cellpadding=\"0\">\n<tbody>\n<tr>\n<td><strong>Processo n\u00ba<\/strong>:<\/td>\n<td>694568\/24<\/td>\n<\/tr>\n<tr>\n<td><strong>Ac\u00f3rd\u00e3o n\u00ba<\/strong>:<\/td>\n<td>684\/25- Tribunal Pleno<\/td>\n<\/tr>\n<tr>\n<td><strong>Assunto<\/strong>:<\/td>\n<td>Consulta<\/td>\n<\/tr>\n<tr>\n<td><strong>Entidade<\/strong>:<\/td>\n<td><span class=\"TextRun SCXW19893697 BCX0\" lang=\"PT-BR\" xml:lang=\"PT-BR\" data-contrast=\"auto\"><span class=\"NormalTextRun SCXW19893697 BCX0\">Cons\u00f3rcio Intermunicipal para<\/span><span class=\"NormalTextRun SCXW19893697 BCX0\"> Conserva\u00e7\u00e3o Remanescente Rio Paran\u00e1 e \u00c1reas de Influ\u00eancia<\/span><\/span><span class=\"EOP SCXW19893697 BCX0\" data-ccp-props=\"{&quot;201341983&quot;:0,&quot;335551550&quot;:6,&quot;335551620&quot;:6,&quot;335559740&quot;:360}\">\u00a0<\/span><\/td>\n<\/tr>\n<tr>\n<td><strong>Relator<\/strong>:<\/td>\n<td><span class=\"TextRun SCXW238999374 BCX0\" lang=\"PT-BR\" xml:lang=\"PT-BR\" data-contrast=\"auto\"><span class=\"NormalTextRun SCXW238999374 BCX0\">Conselheiro Jos\u00e9 Durval Mattos do Amaral<\/span><\/span><span class=\"EOP SCXW238999374 BCX0\" data-ccp-props=\"{&quot;201341983&quot;:0,&quot;335551550&quot;:6,&quot;335551620&quot;:6,&quot;335559740&quot;:360}\">\u00a0<\/span><\/td>\n<\/tr>\n<\/tbody>\n<\/table>\n<\/blockquote>\n","protected":false},"excerpt":{"rendered":"<p>A Constitui\u00e7\u00e3o Federal elegeu como valores fundamentais, entre outros, a prote\u00e7\u00e3o \u00e0 maternidade e \u00e0 inf\u00e2ncia (art. 6\u00ba) e, com base nesses valores, foram previstos diversos direitos sociais instrumentais, entre eles a \u201clicen\u00e7a \u00e0 gestante, sem preju\u00edzo do emprego e do sal\u00e1rio, com a dura\u00e7\u00e3o de cento e vinte dias\u201d (art. 7\u00ba, XVIII). No entanto, [&hellip;]<\/p>\n","protected":false},"author":1,"featured_media":23398,"comment_status":"open","ping_status":"open","sticky":false,"template":"","format":"standard","meta":{"_monsterinsights_skip_tracking":false,"_monsterinsights_sitenote_active":false,"_monsterinsights_sitenote_note":"","_monsterinsights_sitenote_category":0,"footnotes":""},"categories":[7],"tags":[735,197,738,737,198,13,736,39],"class_list":["post-23395","post","type-post","status-publish","format-standard","has-post-thumbnail","hentry","category-todas-as-noticias","tag-consorcio-intermunicipal","tag-consulta","tag-estabilidade-provisoria","tag-gestacao","tag-licenca-maternidade","tag-mpc-pr","tag-rio-parana","tag-tce-pr","entry","has-media"],"yoast_head":"<!-- This site is optimized with the Yoast SEO plugin v27.3 - https:\/\/yoast.com\/product\/yoast-seo-wordpress\/ -->\n<title>Estabilidade provis\u00f3ria da gestante \u00e9 garantida independente da natureza do v\u00ednculo e temporariedade - Minist\u00e9rio P\u00fablico de Contas do Estado do Paran\u00e1<\/title>\n<meta name=\"robots\" content=\"index, follow, max-snippet:-1, max-image-preview:large, max-video-preview:-1\" \/>\n<link rel=\"canonical\" href=\"https:\/\/www.mpc.pr.gov.br\/index.php\/estabilidade-provisoria-da-gestante-e-garantida-independente-da-natureza-do-vinculo-e-temporariedade\/\" \/>\n<meta property=\"og:locale\" content=\"pt_BR\" \/>\n<meta property=\"og:type\" content=\"article\" \/>\n<meta property=\"og:title\" content=\"Estabilidade provis\u00f3ria da gestante \u00e9 garantida independente da natureza do v\u00ednculo e temporariedade - Minist\u00e9rio P\u00fablico de Contas do Estado do Paran\u00e1\" \/>\n<meta property=\"og:description\" content=\"A Constitui\u00e7\u00e3o Federal elegeu como valores fundamentais, entre outros, a prote\u00e7\u00e3o \u00e0 maternidade e \u00e0 inf\u00e2ncia (art. 6\u00ba) e, com base nesses valores, foram previstos diversos direitos sociais instrumentais, entre eles a \u201clicen\u00e7a \u00e0 gestante, sem preju\u00edzo do emprego e do sal\u00e1rio, com a dura\u00e7\u00e3o de cento e vinte dias\u201d (art. 7\u00ba, XVIII). No entanto, [&hellip;]\" \/>\n<meta property=\"og:url\" content=\"https:\/\/www.mpc.pr.gov.br\/index.php\/estabilidade-provisoria-da-gestante-e-garantida-independente-da-natureza-do-vinculo-e-temporariedade\/\" \/>\n<meta property=\"og:site_name\" content=\"Minist\u00e9rio P\u00fablico de Contas do Estado do Paran\u00e1\" \/>\n<meta property=\"article:publisher\" content=\"https:\/\/www.facebook.com\/mpc.pr\" \/>\n<meta property=\"article:published_time\" content=\"2025-04-24T14:13:10+00:00\" \/>\n<meta property=\"article:modified_time\" content=\"2025-05-13T12:59:36+00:00\" \/>\n<meta property=\"og:image\" content=\"https:\/\/www.mpc.pr.gov.br\/wp-content\/uploads\/2025\/04\/rio-parana.png\" \/>\n\t<meta property=\"og:image:width\" content=\"420\" \/>\n\t<meta property=\"og:image:height\" content=\"333\" \/>\n\t<meta property=\"og:image:type\" content=\"image\/png\" \/>\n<meta name=\"author\" content=\"mpcontaspr\" \/>\n<meta name=\"twitter:card\" content=\"summary_large_image\" \/>\n<meta name=\"twitter:label1\" content=\"Escrito por\" \/>\n\t<meta name=\"twitter:data1\" content=\"mpcontaspr\" \/>\n\t<meta name=\"twitter:label2\" content=\"Est. tempo de leitura\" \/>\n\t<meta name=\"twitter:data2\" content=\"8 minutos\" \/>\n<script type=\"application\/ld+json\" class=\"yoast-schema-graph\">{\"@context\":\"https:\\\/\\\/schema.org\",\"@graph\":[{\"@type\":\"Article\",\"@id\":\"https:\\\/\\\/www.mpc.pr.gov.br\\\/index.php\\\/estabilidade-provisoria-da-gestante-e-garantida-independente-da-natureza-do-vinculo-e-temporariedade\\\/#article\",\"isPartOf\":{\"@id\":\"https:\\\/\\\/www.mpc.pr.gov.br\\\/index.php\\\/estabilidade-provisoria-da-gestante-e-garantida-independente-da-natureza-do-vinculo-e-temporariedade\\\/\"},\"author\":{\"name\":\"mpcontaspr\",\"@id\":\"https:\\\/\\\/www.mpc.pr.gov.br\\\/#\\\/schema\\\/person\\\/2d83cb8980538d0ec174e8a6284f5e11\"},\"headline\":\"Estabilidade provis\u00f3ria da gestante \u00e9 garantida independente da natureza do v\u00ednculo e temporariedade\",\"datePublished\":\"2025-04-24T14:13:10+00:00\",\"dateModified\":\"2025-05-13T12:59:36+00:00\",\"mainEntityOfPage\":{\"@id\":\"https:\\\/\\\/www.mpc.pr.gov.br\\\/index.php\\\/estabilidade-provisoria-da-gestante-e-garantida-independente-da-natureza-do-vinculo-e-temporariedade\\\/\"},\"wordCount\":1527,\"commentCount\":0,\"publisher\":{\"@id\":\"https:\\\/\\\/www.mpc.pr.gov.br\\\/#organization\"},\"image\":{\"@id\":\"https:\\\/\\\/www.mpc.pr.gov.br\\\/index.php\\\/estabilidade-provisoria-da-gestante-e-garantida-independente-da-natureza-do-vinculo-e-temporariedade\\\/#primaryimage\"},\"thumbnailUrl\":\"https:\\\/\\\/www.mpc.pr.gov.br\\\/wp-content\\\/uploads\\\/2025\\\/04\\\/rio-parana.png\",\"keywords\":[\"Cons\u00f3rcio Intermunicipal\",\"Consulta\",\"Estabilidade provis\u00f3ria\",\"Gesta\u00e7\u00e3o\",\"Licen\u00e7a-maternidade\",\"MPC-PR\",\"Rio Paran\u00e1\",\"TCE-PR\"],\"articleSection\":[\"Todas as not\u00edcias\"],\"inLanguage\":\"pt-BR\",\"potentialAction\":[{\"@type\":\"CommentAction\",\"name\":\"Comment\",\"target\":[\"https:\\\/\\\/www.mpc.pr.gov.br\\\/index.php\\\/estabilidade-provisoria-da-gestante-e-garantida-independente-da-natureza-do-vinculo-e-temporariedade\\\/#respond\"]}]},{\"@type\":\"WebPage\",\"@id\":\"https:\\\/\\\/www.mpc.pr.gov.br\\\/index.php\\\/estabilidade-provisoria-da-gestante-e-garantida-independente-da-natureza-do-vinculo-e-temporariedade\\\/\",\"url\":\"https:\\\/\\\/www.mpc.pr.gov.br\\\/index.php\\\/estabilidade-provisoria-da-gestante-e-garantida-independente-da-natureza-do-vinculo-e-temporariedade\\\/\",\"name\":\"Estabilidade provis\u00f3ria da gestante \u00e9 garantida independente da natureza do v\u00ednculo e temporariedade - Minist\u00e9rio P\u00fablico de Contas do Estado do Paran\u00e1\",\"isPartOf\":{\"@id\":\"https:\\\/\\\/www.mpc.pr.gov.br\\\/#website\"},\"primaryImageOfPage\":{\"@id\":\"https:\\\/\\\/www.mpc.pr.gov.br\\\/index.php\\\/estabilidade-provisoria-da-gestante-e-garantida-independente-da-natureza-do-vinculo-e-temporariedade\\\/#primaryimage\"},\"image\":{\"@id\":\"https:\\\/\\\/www.mpc.pr.gov.br\\\/index.php\\\/estabilidade-provisoria-da-gestante-e-garantida-independente-da-natureza-do-vinculo-e-temporariedade\\\/#primaryimage\"},\"thumbnailUrl\":\"https:\\\/\\\/www.mpc.pr.gov.br\\\/wp-content\\\/uploads\\\/2025\\\/04\\\/rio-parana.png\",\"datePublished\":\"2025-04-24T14:13:10+00:00\",\"dateModified\":\"2025-05-13T12:59:36+00:00\",\"breadcrumb\":{\"@id\":\"https:\\\/\\\/www.mpc.pr.gov.br\\\/index.php\\\/estabilidade-provisoria-da-gestante-e-garantida-independente-da-natureza-do-vinculo-e-temporariedade\\\/#breadcrumb\"},\"inLanguage\":\"pt-BR\",\"potentialAction\":[{\"@type\":\"ReadAction\",\"target\":[\"https:\\\/\\\/www.mpc.pr.gov.br\\\/index.php\\\/estabilidade-provisoria-da-gestante-e-garantida-independente-da-natureza-do-vinculo-e-temporariedade\\\/\"]}]},{\"@type\":\"ImageObject\",\"inLanguage\":\"pt-BR\",\"@id\":\"https:\\\/\\\/www.mpc.pr.gov.br\\\/index.php\\\/estabilidade-provisoria-da-gestante-e-garantida-independente-da-natureza-do-vinculo-e-temporariedade\\\/#primaryimage\",\"url\":\"https:\\\/\\\/www.mpc.pr.gov.br\\\/wp-content\\\/uploads\\\/2025\\\/04\\\/rio-parana.png\",\"contentUrl\":\"https:\\\/\\\/www.mpc.pr.gov.br\\\/wp-content\\\/uploads\\\/2025\\\/04\\\/rio-parana.png\",\"width\":420,\"height\":333,\"caption\":\"Imagem meramente ilustrativa\"},{\"@type\":\"BreadcrumbList\",\"@id\":\"https:\\\/\\\/www.mpc.pr.gov.br\\\/index.php\\\/estabilidade-provisoria-da-gestante-e-garantida-independente-da-natureza-do-vinculo-e-temporariedade\\\/#breadcrumb\",\"itemListElement\":[{\"@type\":\"ListItem\",\"position\":1,\"name\":\"In\u00edcio\",\"item\":\"https:\\\/\\\/www.mpc.pr.gov.br\\\/\"},{\"@type\":\"ListItem\",\"position\":2,\"name\":\"Estabilidade provis\u00f3ria da gestante \u00e9 garantida independente da natureza do v\u00ednculo e temporariedade\"}]},{\"@type\":\"WebSite\",\"@id\":\"https:\\\/\\\/www.mpc.pr.gov.br\\\/#website\",\"url\":\"https:\\\/\\\/www.mpc.pr.gov.br\\\/\",\"name\":\"Minist\u00e9rio P\u00fablico de Contas do Estado do Paran\u00e1\",\"description\":\"\",\"publisher\":{\"@id\":\"https:\\\/\\\/www.mpc.pr.gov.br\\\/#organization\"},\"potentialAction\":[{\"@type\":\"SearchAction\",\"target\":{\"@type\":\"EntryPoint\",\"urlTemplate\":\"https:\\\/\\\/www.mpc.pr.gov.br\\\/?s={search_term_string}\"},\"query-input\":{\"@type\":\"PropertyValueSpecification\",\"valueRequired\":true,\"valueName\":\"search_term_string\"}}],\"inLanguage\":\"pt-BR\"},{\"@type\":\"Organization\",\"@id\":\"https:\\\/\\\/www.mpc.pr.gov.br\\\/#organization\",\"name\":\"Minist\u00e9rio P\u00fablico de Contas do Estado do Paran\u00e1\",\"url\":\"https:\\\/\\\/www.mpc.pr.gov.br\\\/\",\"logo\":{\"@type\":\"ImageObject\",\"inLanguage\":\"pt-BR\",\"@id\":\"https:\\\/\\\/www.mpc.pr.gov.br\\\/#\\\/schema\\\/logo\\\/image\\\/\",\"url\":\"https:\\\/\\\/www.mpc.pr.gov.br\\\/wp-content\\\/uploads\\\/2020\\\/06\\\/99423647_1593460364143890_6706793420720963584_n-1-e1591387983167.png\",\"contentUrl\":\"https:\\\/\\\/www.mpc.pr.gov.br\\\/wp-content\\\/uploads\\\/2020\\\/06\\\/99423647_1593460364143890_6706793420720963584_n-1-e1591387983167.png\",\"width\":243,\"height\":73,\"caption\":\"Minist\u00e9rio P\u00fablico de Contas do Estado do Paran\u00e1\"},\"image\":{\"@id\":\"https:\\\/\\\/www.mpc.pr.gov.br\\\/#\\\/schema\\\/logo\\\/image\\\/\"},\"sameAs\":[\"https:\\\/\\\/www.facebook.com\\\/mpc.pr\",\"https:\\\/\\\/www.instagram.com\\\/mpc.pr\\\/?hl=pt-br\",\"https:\\\/\\\/www.youtube.com\\\/channel\\\/UCHri5oEM8DV0ztX57E0sBSw\"]},{\"@type\":\"Person\",\"@id\":\"https:\\\/\\\/www.mpc.pr.gov.br\\\/#\\\/schema\\\/person\\\/2d83cb8980538d0ec174e8a6284f5e11\",\"name\":\"mpcontaspr\",\"image\":{\"@type\":\"ImageObject\",\"inLanguage\":\"pt-BR\",\"@id\":\"https:\\\/\\\/secure.gravatar.com\\\/avatar\\\/1aef51541db7622e05fd639336c9c9f312c2a618396e2b6ca96846362fc5403f?s=96&d=mm&r=g\",\"url\":\"https:\\\/\\\/secure.gravatar.com\\\/avatar\\\/1aef51541db7622e05fd639336c9c9f312c2a618396e2b6ca96846362fc5403f?s=96&d=mm&r=g\",\"contentUrl\":\"https:\\\/\\\/secure.gravatar.com\\\/avatar\\\/1aef51541db7622e05fd639336c9c9f312c2a618396e2b6ca96846362fc5403f?s=96&d=mm&r=g\",\"caption\":\"mpcontaspr\"},\"sameAs\":[\"http:\\\/\\\/www.mpc.pr.gov.br\"]}]}<\/script>\n<!-- \/ Yoast SEO plugin. -->","yoast_head_json":{"title":"Estabilidade provis\u00f3ria da gestante \u00e9 garantida independente da natureza do v\u00ednculo e temporariedade - Minist\u00e9rio P\u00fablico de Contas do Estado do Paran\u00e1","robots":{"index":"index","follow":"follow","max-snippet":"max-snippet:-1","max-image-preview":"max-image-preview:large","max-video-preview":"max-video-preview:-1"},"canonical":"https:\/\/www.mpc.pr.gov.br\/index.php\/estabilidade-provisoria-da-gestante-e-garantida-independente-da-natureza-do-vinculo-e-temporariedade\/","og_locale":"pt_BR","og_type":"article","og_title":"Estabilidade provis\u00f3ria da gestante \u00e9 garantida independente da natureza do v\u00ednculo e temporariedade - Minist\u00e9rio P\u00fablico de Contas do Estado do Paran\u00e1","og_description":"A Constitui\u00e7\u00e3o Federal elegeu como valores fundamentais, entre outros, a prote\u00e7\u00e3o \u00e0 maternidade e \u00e0 inf\u00e2ncia (art. 6\u00ba) e, com base nesses valores, foram previstos diversos direitos sociais instrumentais, entre eles a \u201clicen\u00e7a \u00e0 gestante, sem preju\u00edzo do emprego e do sal\u00e1rio, com a dura\u00e7\u00e3o de cento e vinte dias\u201d (art. 7\u00ba, XVIII). No entanto, [&hellip;]","og_url":"https:\/\/www.mpc.pr.gov.br\/index.php\/estabilidade-provisoria-da-gestante-e-garantida-independente-da-natureza-do-vinculo-e-temporariedade\/","og_site_name":"Minist\u00e9rio P\u00fablico de Contas do Estado do Paran\u00e1","article_publisher":"https:\/\/www.facebook.com\/mpc.pr","article_published_time":"2025-04-24T14:13:10+00:00","article_modified_time":"2025-05-13T12:59:36+00:00","og_image":[{"width":420,"height":333,"url":"https:\/\/www.mpc.pr.gov.br\/wp-content\/uploads\/2025\/04\/rio-parana.png","type":"image\/png"}],"author":"mpcontaspr","twitter_card":"summary_large_image","twitter_misc":{"Escrito por":"mpcontaspr","Est. tempo de leitura":"8 minutos"},"schema":{"@context":"https:\/\/schema.org","@graph":[{"@type":"Article","@id":"https:\/\/www.mpc.pr.gov.br\/index.php\/estabilidade-provisoria-da-gestante-e-garantida-independente-da-natureza-do-vinculo-e-temporariedade\/#article","isPartOf":{"@id":"https:\/\/www.mpc.pr.gov.br\/index.php\/estabilidade-provisoria-da-gestante-e-garantida-independente-da-natureza-do-vinculo-e-temporariedade\/"},"author":{"name":"mpcontaspr","@id":"https:\/\/www.mpc.pr.gov.br\/#\/schema\/person\/2d83cb8980538d0ec174e8a6284f5e11"},"headline":"Estabilidade provis\u00f3ria da gestante \u00e9 garantida independente da natureza do v\u00ednculo e temporariedade","datePublished":"2025-04-24T14:13:10+00:00","dateModified":"2025-05-13T12:59:36+00:00","mainEntityOfPage":{"@id":"https:\/\/www.mpc.pr.gov.br\/index.php\/estabilidade-provisoria-da-gestante-e-garantida-independente-da-natureza-do-vinculo-e-temporariedade\/"},"wordCount":1527,"commentCount":0,"publisher":{"@id":"https:\/\/www.mpc.pr.gov.br\/#organization"},"image":{"@id":"https:\/\/www.mpc.pr.gov.br\/index.php\/estabilidade-provisoria-da-gestante-e-garantida-independente-da-natureza-do-vinculo-e-temporariedade\/#primaryimage"},"thumbnailUrl":"https:\/\/www.mpc.pr.gov.br\/wp-content\/uploads\/2025\/04\/rio-parana.png","keywords":["Cons\u00f3rcio Intermunicipal","Consulta","Estabilidade provis\u00f3ria","Gesta\u00e7\u00e3o","Licen\u00e7a-maternidade","MPC-PR","Rio Paran\u00e1","TCE-PR"],"articleSection":["Todas as not\u00edcias"],"inLanguage":"pt-BR","potentialAction":[{"@type":"CommentAction","name":"Comment","target":["https:\/\/www.mpc.pr.gov.br\/index.php\/estabilidade-provisoria-da-gestante-e-garantida-independente-da-natureza-do-vinculo-e-temporariedade\/#respond"]}]},{"@type":"WebPage","@id":"https:\/\/www.mpc.pr.gov.br\/index.php\/estabilidade-provisoria-da-gestante-e-garantida-independente-da-natureza-do-vinculo-e-temporariedade\/","url":"https:\/\/www.mpc.pr.gov.br\/index.php\/estabilidade-provisoria-da-gestante-e-garantida-independente-da-natureza-do-vinculo-e-temporariedade\/","name":"Estabilidade provis\u00f3ria da gestante \u00e9 garantida independente da natureza do v\u00ednculo e temporariedade - Minist\u00e9rio P\u00fablico de Contas do Estado do Paran\u00e1","isPartOf":{"@id":"https:\/\/www.mpc.pr.gov.br\/#website"},"primaryImageOfPage":{"@id":"https:\/\/www.mpc.pr.gov.br\/index.php\/estabilidade-provisoria-da-gestante-e-garantida-independente-da-natureza-do-vinculo-e-temporariedade\/#primaryimage"},"image":{"@id":"https:\/\/www.mpc.pr.gov.br\/index.php\/estabilidade-provisoria-da-gestante-e-garantida-independente-da-natureza-do-vinculo-e-temporariedade\/#primaryimage"},"thumbnailUrl":"https:\/\/www.mpc.pr.gov.br\/wp-content\/uploads\/2025\/04\/rio-parana.png","datePublished":"2025-04-24T14:13:10+00:00","dateModified":"2025-05-13T12:59:36+00:00","breadcrumb":{"@id":"https:\/\/www.mpc.pr.gov.br\/index.php\/estabilidade-provisoria-da-gestante-e-garantida-independente-da-natureza-do-vinculo-e-temporariedade\/#breadcrumb"},"inLanguage":"pt-BR","potentialAction":[{"@type":"ReadAction","target":["https:\/\/www.mpc.pr.gov.br\/index.php\/estabilidade-provisoria-da-gestante-e-garantida-independente-da-natureza-do-vinculo-e-temporariedade\/"]}]},{"@type":"ImageObject","inLanguage":"pt-BR","@id":"https:\/\/www.mpc.pr.gov.br\/index.php\/estabilidade-provisoria-da-gestante-e-garantida-independente-da-natureza-do-vinculo-e-temporariedade\/#primaryimage","url":"https:\/\/www.mpc.pr.gov.br\/wp-content\/uploads\/2025\/04\/rio-parana.png","contentUrl":"https:\/\/www.mpc.pr.gov.br\/wp-content\/uploads\/2025\/04\/rio-parana.png","width":420,"height":333,"caption":"Imagem meramente ilustrativa"},{"@type":"BreadcrumbList","@id":"https:\/\/www.mpc.pr.gov.br\/index.php\/estabilidade-provisoria-da-gestante-e-garantida-independente-da-natureza-do-vinculo-e-temporariedade\/#breadcrumb","itemListElement":[{"@type":"ListItem","position":1,"name":"In\u00edcio","item":"https:\/\/www.mpc.pr.gov.br\/"},{"@type":"ListItem","position":2,"name":"Estabilidade provis\u00f3ria da gestante \u00e9 garantida independente da natureza do v\u00ednculo e temporariedade"}]},{"@type":"WebSite","@id":"https:\/\/www.mpc.pr.gov.br\/#website","url":"https:\/\/www.mpc.pr.gov.br\/","name":"Minist\u00e9rio P\u00fablico de Contas do Estado do Paran\u00e1","description":"","publisher":{"@id":"https:\/\/www.mpc.pr.gov.br\/#organization"},"potentialAction":[{"@type":"SearchAction","target":{"@type":"EntryPoint","urlTemplate":"https:\/\/www.mpc.pr.gov.br\/?s={search_term_string}"},"query-input":{"@type":"PropertyValueSpecification","valueRequired":true,"valueName":"search_term_string"}}],"inLanguage":"pt-BR"},{"@type":"Organization","@id":"https:\/\/www.mpc.pr.gov.br\/#organization","name":"Minist\u00e9rio P\u00fablico de Contas do Estado do Paran\u00e1","url":"https:\/\/www.mpc.pr.gov.br\/","logo":{"@type":"ImageObject","inLanguage":"pt-BR","@id":"https:\/\/www.mpc.pr.gov.br\/#\/schema\/logo\/image\/","url":"https:\/\/www.mpc.pr.gov.br\/wp-content\/uploads\/2020\/06\/99423647_1593460364143890_6706793420720963584_n-1-e1591387983167.png","contentUrl":"https:\/\/www.mpc.pr.gov.br\/wp-content\/uploads\/2020\/06\/99423647_1593460364143890_6706793420720963584_n-1-e1591387983167.png","width":243,"height":73,"caption":"Minist\u00e9rio P\u00fablico de Contas do Estado do Paran\u00e1"},"image":{"@id":"https:\/\/www.mpc.pr.gov.br\/#\/schema\/logo\/image\/"},"sameAs":["https:\/\/www.facebook.com\/mpc.pr","https:\/\/www.instagram.com\/mpc.pr\/?hl=pt-br","https:\/\/www.youtube.com\/channel\/UCHri5oEM8DV0ztX57E0sBSw"]},{"@type":"Person","@id":"https:\/\/www.mpc.pr.gov.br\/#\/schema\/person\/2d83cb8980538d0ec174e8a6284f5e11","name":"mpcontaspr","image":{"@type":"ImageObject","inLanguage":"pt-BR","@id":"https:\/\/secure.gravatar.com\/avatar\/1aef51541db7622e05fd639336c9c9f312c2a618396e2b6ca96846362fc5403f?s=96&d=mm&r=g","url":"https:\/\/secure.gravatar.com\/avatar\/1aef51541db7622e05fd639336c9c9f312c2a618396e2b6ca96846362fc5403f?s=96&d=mm&r=g","contentUrl":"https:\/\/secure.gravatar.com\/avatar\/1aef51541db7622e05fd639336c9c9f312c2a618396e2b6ca96846362fc5403f?s=96&d=mm&r=g","caption":"mpcontaspr"},"sameAs":["http:\/\/www.mpc.pr.gov.br"]}]}},"rttpg_featured_image_url":{"full":["https:\/\/www.mpc.pr.gov.br\/wp-content\/uploads\/2025\/04\/rio-parana.png",420,333,false],"landscape":["https:\/\/www.mpc.pr.gov.br\/wp-content\/uploads\/2025\/04\/rio-parana.png",420,333,false],"portraits":["https:\/\/www.mpc.pr.gov.br\/wp-content\/uploads\/2025\/04\/rio-parana.png",420,333,false],"thumbnail":["https:\/\/www.mpc.pr.gov.br\/wp-content\/uploads\/2025\/04\/rio-parana-150x150.png",150,150,true],"medium":["https:\/\/www.mpc.pr.gov.br\/wp-content\/uploads\/2025\/04\/rio-parana-300x238.png",300,238,true],"large":["https:\/\/www.mpc.pr.gov.br\/wp-content\/uploads\/2025\/04\/rio-parana.png",420,333,false],"1536x1536":["https:\/\/www.mpc.pr.gov.br\/wp-content\/uploads\/2025\/04\/rio-parana.png",420,333,false],"2048x2048":["https:\/\/www.mpc.pr.gov.br\/wp-content\/uploads\/2025\/04\/rio-parana.png",420,333,false],"ocean-thumb-m":["https:\/\/www.mpc.pr.gov.br\/wp-content\/uploads\/2025\/04\/rio-parana.png",420,333,false],"ocean-thumb-ml":["https:\/\/www.mpc.pr.gov.br\/wp-content\/uploads\/2025\/04\/rio-parana.png",420,333,false],"ocean-thumb-l":["https:\/\/www.mpc.pr.gov.br\/wp-content\/uploads\/2025\/04\/rio-parana.png",420,333,false]},"rttpg_author":{"display_name":"mpcontaspr","author_link":"https:\/\/www.mpc.pr.gov.br\/index.php\/author\/mpcontaspr\/"},"rttpg_comment":0,"rttpg_category":"<a href=\"https:\/\/www.mpc.pr.gov.br\/index.php\/category\/todas-as-noticias\/\" rel=\"category tag\">Todas as not\u00edcias<\/a>","rttpg_excerpt":"A Constitui\u00e7\u00e3o Federal elegeu como valores fundamentais, entre outros, a prote\u00e7\u00e3o \u00e0 maternidade e \u00e0 inf\u00e2ncia (art. 6\u00ba) e, com base nesses valores, foram previstos diversos direitos sociais instrumentais, entre eles a \u201clicen\u00e7a \u00e0 gestante, sem preju\u00edzo do emprego e do sal\u00e1rio, com a dura\u00e7\u00e3o de cento e vinte dias\u201d (art. 7\u00ba, XVIII). No entanto,&hellip;","_links":{"self":[{"href":"https:\/\/www.mpc.pr.gov.br\/index.php\/wp-json\/wp\/v2\/posts\/23395","targetHints":{"allow":["GET"]}}],"collection":[{"href":"https:\/\/www.mpc.pr.gov.br\/index.php\/wp-json\/wp\/v2\/posts"}],"about":[{"href":"https:\/\/www.mpc.pr.gov.br\/index.php\/wp-json\/wp\/v2\/types\/post"}],"author":[{"embeddable":true,"href":"https:\/\/www.mpc.pr.gov.br\/index.php\/wp-json\/wp\/v2\/users\/1"}],"replies":[{"embeddable":true,"href":"https:\/\/www.mpc.pr.gov.br\/index.php\/wp-json\/wp\/v2\/comments?post=23395"}],"version-history":[{"count":2,"href":"https:\/\/www.mpc.pr.gov.br\/index.php\/wp-json\/wp\/v2\/posts\/23395\/revisions"}],"predecessor-version":[{"id":23400,"href":"https:\/\/www.mpc.pr.gov.br\/index.php\/wp-json\/wp\/v2\/posts\/23395\/revisions\/23400"}],"wp:featuredmedia":[{"embeddable":true,"href":"https:\/\/www.mpc.pr.gov.br\/index.php\/wp-json\/wp\/v2\/media\/23398"}],"wp:attachment":[{"href":"https:\/\/www.mpc.pr.gov.br\/index.php\/wp-json\/wp\/v2\/media?parent=23395"}],"wp:term":[{"taxonomy":"category","embeddable":true,"href":"https:\/\/www.mpc.pr.gov.br\/index.php\/wp-json\/wp\/v2\/categories?post=23395"},{"taxonomy":"post_tag","embeddable":true,"href":"https:\/\/www.mpc.pr.gov.br\/index.php\/wp-json\/wp\/v2\/tags?post=23395"}],"curies":[{"name":"wp","href":"https:\/\/api.w.org\/{rel}","templated":true}]}}