{"id":23555,"date":"2025-05-21T16:12:04","date_gmt":"2025-05-21T19:12:04","guid":{"rendered":"https:\/\/www.mpc.pr.gov.br\/?p=23555"},"modified":"2025-06-03T09:07:09","modified_gmt":"2025-06-03T12:07:09","slug":"mpc-pr-recebe-estudantes-de-direito-da-univel-em-nova-edicao-do-projeto-dialogos-com-o-mpc-pr","status":"publish","type":"post","link":"https:\/\/www.mpc.pr.gov.br\/index.php\/mpc-pr-recebe-estudantes-de-direito-da-univel-em-nova-edicao-do-projeto-dialogos-com-o-mpc-pr\/","title":{"rendered":"MPC-PR recebe estudantes de Direito da Univel em nova edi\u00e7\u00e3o do projeto \u201cDi\u00e1logos com o MPC-PR\u201d"},"content":{"rendered":"<p><span data-contrast=\"auto\"><span data-contrast=\"auto\"><img fetchpriority=\"high\" decoding=\"async\" class=\"size-medium wp-image-23557 alignleft\" src=\"https:\/\/www.mpc.pr.gov.br\/wp-content\/uploads\/2025\/05\/WhatsApp-Image-2025-05-21-at-16.03.13-300x225.jpeg\" alt=\"\" width=\"300\" height=\"225\" srcset=\"https:\/\/www.mpc.pr.gov.br\/wp-content\/uploads\/2025\/05\/WhatsApp-Image-2025-05-21-at-16.03.13-300x225.jpeg 300w, https:\/\/www.mpc.pr.gov.br\/wp-content\/uploads\/2025\/05\/WhatsApp-Image-2025-05-21-at-16.03.13-1024x768.jpeg 1024w, https:\/\/www.mpc.pr.gov.br\/wp-content\/uploads\/2025\/05\/WhatsApp-Image-2025-05-21-at-16.03.13-768x576.jpeg 768w, https:\/\/www.mpc.pr.gov.br\/wp-content\/uploads\/2025\/05\/WhatsApp-Image-2025-05-21-at-16.03.13.jpeg 1280w\" sizes=\"(max-width: 300px) 100vw, 300px\" \/>Na manh\u00e3 desta quarta-feira (21 de maio), o Minist\u00e9rio P\u00fablico de Contas do Estado do Paran\u00e1 (MPC-PR) recebeu, em sua sede, um grupo de cerca de 40 estudantes do curso de Direito do <a href=\"https:\/\/www.univel.br\/\">Centro Universit\u00e1rio de Cascavel (Univel)<\/a>. A visita integrou mais uma edi\u00e7\u00e3o do projeto \u201cDi\u00e1logos com o MPC-PR\u201d, iniciativa institucional que busca aproximar a sociedade acad\u00eamica da atua\u00e7\u00e3o dos \u00f3rg\u00e3os de controle externo, promovendo conhecimento, reflex\u00e3o e forma\u00e7\u00e3o cidad\u00e3.<\/span><span data-ccp-props=\"{&quot;201341983&quot;:0,&quot;335551550&quot;:6,&quot;335551620&quot;:6,&quot;335559740&quot;:360}\">\u00a0<\/span><\/span><\/p>\n<p><span data-contrast=\"auto\">A abertura do evento foi conduzida pelo Procurador-Geral do MPC-PR, Gabriel Guy L\u00e9ger, que deu as boas-vindas aos participantes e apresentou um panorama institucional do Minist\u00e9rio P\u00fablico de Contas. Em sua fala, o Procurador-Geral destacou o papel constitucional do MPC-PR, sua atua\u00e7\u00e3o aut\u00f4noma e especializada no controle externo, e sua fun\u00e7\u00e3o essencial de defesa da legalidade, da boa governan\u00e7a e da correta aplica\u00e7\u00e3o dos recursos p\u00fablicos. Tamb\u00e9m explicou como o \u00f3rg\u00e3o atua em parceria com o Tribunal de Contas do Estado do Paran\u00e1 (TCE-PR), a quem compete o julgamento t\u00e9cnico das contas p\u00fablicas.<\/span><span data-ccp-props=\"{&quot;201341983&quot;:0,&quot;335551550&quot;:6,&quot;335551620&quot;:6,&quot;335559740&quot;:360}\">\u00a0<\/span><\/p>\n<p><b><span data-contrast=\"auto\"><img decoding=\"async\" class=\"size-medium wp-image-23563 alignleft\" src=\"https:\/\/www.mpc.pr.gov.br\/wp-content\/uploads\/2025\/05\/WhatsApp-Image-2025-05-21-at-11.21.59-225x300.jpeg\" alt=\"\" width=\"225\" height=\"300\" srcset=\"https:\/\/www.mpc.pr.gov.br\/wp-content\/uploads\/2025\/05\/WhatsApp-Image-2025-05-21-at-11.21.59-225x300.jpeg 225w, https:\/\/www.mpc.pr.gov.br\/wp-content\/uploads\/2025\/05\/WhatsApp-Image-2025-05-21-at-11.21.59-768x1024.jpeg 768w, https:\/\/www.mpc.pr.gov.br\/wp-content\/uploads\/2025\/05\/WhatsApp-Image-2025-05-21-at-11.21.59-1152x1536.jpeg 1152w, https:\/\/www.mpc.pr.gov.br\/wp-content\/uploads\/2025\/05\/WhatsApp-Image-2025-05-21-at-11.21.59.jpeg 1200w\" sizes=\"(max-width: 225px) 100vw, 225px\" \/>Comunica\u00e7\u00e3o, planejamento e capacita\u00e7\u00e3o<\/span><\/b><span data-ccp-props=\"{&quot;201341983&quot;:0,&quot;335551550&quot;:6,&quot;335551620&quot;:6,&quot;335559740&quot;:360}\">\u00a0<\/span><\/p>\n<p><span data-contrast=\"auto\">Dando sequ\u00eancia ao evento, as assessoras Giovanna Menezes Faria e Mykaella Ribeiro Mello, do N\u00facleo de Comunica\u00e7\u00e3o (NuCom), apresentaram o Plano de A\u00e7\u00e3o 2025 do MPC-PR, que define a agenda estrat\u00e9gica e projetos priorit\u00e1rios da gest\u00e3o.<\/span><span data-ccp-props=\"{&quot;201341983&quot;:0,&quot;335551550&quot;:6,&quot;335551620&quot;:6,&quot;335559740&quot;:360}\">\u00a0<\/span><\/p>\n<p><span data-contrast=\"auto\">Um diferencial do Plano que chamou a aten\u00e7\u00e3o dos estudantes \u00e9 que todas as a\u00e7\u00f5es institucionais est\u00e3o alinhadas \u00e0s diretrizes dos Objetivos de Desenvolvimento Sustent\u00e1vel (ODS), os quais representam o conjunto de metas globais definidas pela Organiza\u00e7\u00e3o das Na\u00e7\u00f5es Unidas (ONU).\u00a0<\/span><span data-ccp-props=\"{&quot;201341983&quot;:0,&quot;335551550&quot;:6,&quot;335551620&quot;:6,&quot;335559740&quot;:360}\">\u00a0<\/span><\/p>\n<p><span data-contrast=\"auto\">Outro tema destacado foi o Programa Trilhas de Forma\u00e7\u00e3o e Especializa\u00e7\u00e3o Avan\u00e7ada do MPC-PR, e representa o esfor\u00e7o para fortalecer a cultura de inova\u00e7\u00e3o e excel\u00eancia t\u00e9cnica dentro da institui\u00e7\u00e3o, assim como promover a capacita\u00e7\u00e3o e a atualiza\u00e7\u00e3o cont\u00ednua dos profissionais que integram os Minist\u00e9rios P\u00fablicos de Contas. Estruturado em tr\u00eas \u00e1reas de conhecimento \u2013 Intelig\u00eancia, Inova\u00e7\u00e3o e Intelig\u00eancia Artificial e Transforma\u00e7\u00e3o Digital \u2013, o programa alinha-se as melhores pr\u00e1ticas de governan\u00e7a, com o objetivo de preparar os servidores para os desafios contempor\u00e2neos no controle e fiscaliza\u00e7\u00e3o dos recursos p\u00fablicos.<\/span><span data-ccp-props=\"{&quot;134233117&quot;:false,&quot;134233118&quot;:false,&quot;201341983&quot;:0,&quot;335551550&quot;:6,&quot;335551620&quot;:6,&quot;335559685&quot;:0,&quot;335559737&quot;:0,&quot;335559738&quot;:0,&quot;335559739&quot;:160,&quot;335559740&quot;:360}\">\u00a0<\/span><\/p>\n<p><span data-contrast=\"auto\">Ao final, as assessoras abordaram as estrat\u00e9gias de comunica\u00e7\u00e3o institucional adotadas pelo MPC-PR, refor\u00e7ando a import\u00e2ncia da transpar\u00eancia ativa, da comunica\u00e7\u00e3o p\u00fablica e do relacionamento com os diversos p\u00fablicos de interesse da institui\u00e7\u00e3o.<\/span><span data-ccp-props=\"{&quot;134233117&quot;:false,&quot;134233118&quot;:false,&quot;201341983&quot;:0,&quot;335551550&quot;:6,&quot;335551620&quot;:6,&quot;335559685&quot;:0,&quot;335559737&quot;:0,&quot;335559738&quot;:0,&quot;335559739&quot;:160,&quot;335559740&quot;:360}\">\u00a0<\/span><\/p>\n<p><b><span data-contrast=\"auto\"><img decoding=\"async\" class=\"size-medium wp-image-23558 alignleft\" src=\"https:\/\/www.mpc.pr.gov.br\/wp-content\/uploads\/2025\/05\/WhatsApp-Image-2025-05-21-at-16.03.13-1-300x225.jpeg\" alt=\"\" width=\"300\" height=\"225\" srcset=\"https:\/\/www.mpc.pr.gov.br\/wp-content\/uploads\/2025\/05\/WhatsApp-Image-2025-05-21-at-16.03.13-1-300x225.jpeg 300w, https:\/\/www.mpc.pr.gov.br\/wp-content\/uploads\/2025\/05\/WhatsApp-Image-2025-05-21-at-16.03.13-1-1024x768.jpeg 1024w, https:\/\/www.mpc.pr.gov.br\/wp-content\/uploads\/2025\/05\/WhatsApp-Image-2025-05-21-at-16.03.13-1-768x576.jpeg 768w, https:\/\/www.mpc.pr.gov.br\/wp-content\/uploads\/2025\/05\/WhatsApp-Image-2025-05-21-at-16.03.13-1.jpeg 1280w\" sizes=\"(max-width: 300px) 100vw, 300px\" \/>Projetos especiais<\/span><\/b><span data-ccp-props=\"{&quot;134233117&quot;:false,&quot;134233118&quot;:false,&quot;201341983&quot;:0,&quot;335551550&quot;:6,&quot;335551620&quot;:6,&quot;335559685&quot;:0,&quot;335559737&quot;:0,&quot;335559738&quot;:0,&quot;335559739&quot;:160,&quot;335559740&quot;:360}\">\u00a0<\/span><\/p>\n<p><span data-contrast=\"auto\">Em seguida, o Diretor de Gabinete, Carlos Volchan de Carvalho, apresentou os projetos estrat\u00e9gicos conduzidos pelo N\u00facleo de Apoio Estrat\u00e9gico (NAE), que abordam tem\u00e1ticas envolvendo a defesa do meio ambiente, sustentabilidade financeira dos Munic\u00edpios, pol\u00edticas p\u00fablicas, combate \u00e0 corrup\u00e7\u00e3o e fortalecimento do controle interno municipal, dentre eles:<\/span><span data-ccp-props=\"{&quot;134233117&quot;:false,&quot;134233118&quot;:false,&quot;201341983&quot;:0,&quot;335551550&quot;:6,&quot;335551620&quot;:6,&quot;335559685&quot;:0,&quot;335559737&quot;:0,&quot;335559738&quot;:0,&quot;335559739&quot;:160,&quot;335559740&quot;:360}\">\u00a0<\/span><\/p>\n<ul>\n<li data-leveltext=\"\uf0b7\" data-font=\"Symbol\" data-listid=\"1\" data-list-defn-props=\"{&quot;335552541&quot;:1,&quot;335559685&quot;:720,&quot;335559991&quot;:360,&quot;469769226&quot;:&quot;Symbol&quot;,&quot;469769242&quot;:[8226],&quot;469777803&quot;:&quot;left&quot;,&quot;469777804&quot;:&quot;\uf0b7&quot;,&quot;469777815&quot;:&quot;hybridMultilevel&quot;}\" aria-setsize=\"-1\" data-aria-posinset=\"1\" data-aria-level=\"1\"><span data-contrast=\"auto\">Acompanhamento da estrutura\u00e7\u00e3o das Defesas Civis municipais;<\/span><span data-ccp-props=\"{&quot;134233117&quot;:false,&quot;134233118&quot;:false,&quot;201341983&quot;:0,&quot;335551550&quot;:6,&quot;335551620&quot;:6,&quot;335559737&quot;:0,&quot;335559738&quot;:0,&quot;335559739&quot;:160,&quot;335559740&quot;:360}\">\u00a0<\/span><\/li>\n<\/ul>\n<ul>\n<li data-leveltext=\"\uf0b7\" data-font=\"Symbol\" data-listid=\"1\" data-list-defn-props=\"{&quot;335552541&quot;:1,&quot;335559685&quot;:720,&quot;335559991&quot;:360,&quot;469769226&quot;:&quot;Symbol&quot;,&quot;469769242&quot;:[8226],&quot;469777803&quot;:&quot;left&quot;,&quot;469777804&quot;:&quot;\uf0b7&quot;,&quot;469777815&quot;:&quot;hybridMultilevel&quot;}\" aria-setsize=\"-1\" data-aria-posinset=\"2\" data-aria-level=\"1\"><span data-contrast=\"auto\">Precat\u00f3rios Municipais \u2013 a participa\u00e7\u00e3o do Poder Legislativo Municipal;<\/span><span data-ccp-props=\"{&quot;134233117&quot;:false,&quot;134233118&quot;:false,&quot;201341983&quot;:0,&quot;335551550&quot;:6,&quot;335551620&quot;:6,&quot;335559737&quot;:0,&quot;335559738&quot;:0,&quot;335559739&quot;:160,&quot;335559740&quot;:360}\">\u00a0<\/span><\/li>\n<\/ul>\n<ul>\n<li data-leveltext=\"\uf0b7\" data-font=\"Symbol\" data-listid=\"1\" data-list-defn-props=\"{&quot;335552541&quot;:1,&quot;335559685&quot;:720,&quot;335559991&quot;:360,&quot;469769226&quot;:&quot;Symbol&quot;,&quot;469769242&quot;:[8226],&quot;469777803&quot;:&quot;left&quot;,&quot;469777804&quot;:&quot;\uf0b7&quot;,&quot;469777815&quot;:&quot;hybridMultilevel&quot;}\" aria-setsize=\"-1\" data-aria-posinset=\"3\" data-aria-level=\"1\"><span data-contrast=\"auto\">Log\u00edstica Reversa no Munic\u00edpios &#8211; res\u00edduos e sua destina\u00e7\u00e3o ambientalmente adequada.<\/span><span data-ccp-props=\"{&quot;134233117&quot;:false,&quot;134233118&quot;:false,&quot;201341983&quot;:0,&quot;335551550&quot;:6,&quot;335551620&quot;:6,&quot;335559737&quot;:0,&quot;335559738&quot;:0,&quot;335559739&quot;:160,&quot;335559740&quot;:360}\">\u00a0<\/span><\/li>\n<\/ul>\n<p><span data-contrast=\"auto\">Tamb\u00e9m foi apresentado um novo projeto intitulado \u201cQualifica399\u201d, inspirado no programa estadual Conecta399, da Secretaria de Estado do Planejamento (SEPL). A proposta visa incentivar os munic\u00edpios paranaenses a revisarem sua legisla\u00e7\u00e3o de recursos humanos, promovendo adequa\u00e7\u00e3o \u00e0s normas constitucionais, em especial ao artigo 39, \u00a71\u00ba, da Constitui\u00e7\u00e3o Federal. O projeto busca fortalecer setores estrat\u00e9gicos das administra\u00e7\u00f5es municipais, com foco em estrutura\u00e7\u00e3o t\u00e9cnica, governan\u00e7a e sustentabilidade administrativa.<\/span><span data-ccp-props=\"{&quot;134233117&quot;:false,&quot;134233118&quot;:false,&quot;201341983&quot;:0,&quot;335551550&quot;:6,&quot;335551620&quot;:6,&quot;335559685&quot;:0,&quot;335559737&quot;:0,&quot;335559738&quot;:0,&quot;335559739&quot;:160,&quot;335559740&quot;:360}\">\u00a0<\/span><\/p>\n<p><span data-contrast=\"auto\"><img loading=\"lazy\" decoding=\"async\" class=\"size-medium wp-image-23559 alignright\" src=\"https:\/\/www.mpc.pr.gov.br\/wp-content\/uploads\/2025\/05\/WhatsApp-Image-2025-05-21-at-16.06.32-300x225.jpeg\" alt=\"\" width=\"300\" height=\"225\" srcset=\"https:\/\/www.mpc.pr.gov.br\/wp-content\/uploads\/2025\/05\/WhatsApp-Image-2025-05-21-at-16.06.32-300x225.jpeg 300w, https:\/\/www.mpc.pr.gov.br\/wp-content\/uploads\/2025\/05\/WhatsApp-Image-2025-05-21-at-16.06.32-1024x768.jpeg 1024w, https:\/\/www.mpc.pr.gov.br\/wp-content\/uploads\/2025\/05\/WhatsApp-Image-2025-05-21-at-16.06.32-768x576.jpeg 768w, https:\/\/www.mpc.pr.gov.br\/wp-content\/uploads\/2025\/05\/WhatsApp-Image-2025-05-21-at-16.06.32.jpeg 1280w\" sizes=\"(max-width: 300px) 100vw, 300px\" \/>Por sua vez, a Diretora Barbara Krysttal Motta de Almeida Reis destacou os projetos voltados para o diagn\u00f3stico da maturidade das estruturas de controle interno dos munic\u00edpios paranaenses, em parceria com o Conselho Nacional de Controle Interno (Conaci), e o mapeamento das empresas sancionadas, por meio do uso de intelig\u00eancia artificial (IA), que visa dar maior transpar\u00eancia e suporte t\u00e9cnico \u00e0 atua\u00e7\u00e3o preventiva dos \u00f3rg\u00e3os p\u00fablicos.\u00a0<\/span><span data-ccp-props=\"{&quot;134233117&quot;:false,&quot;134233118&quot;:false,&quot;201341983&quot;:0,&quot;335551550&quot;:6,&quot;335551620&quot;:6,&quot;335559685&quot;:0,&quot;335559737&quot;:0,&quot;335559738&quot;:0,&quot;335559739&quot;:160,&quot;335559740&quot;:360}\">\u00a0<\/span><\/p>\n<p><b><span data-contrast=\"auto\">N\u00facleo de An\u00e1lise T\u00e9cnica e o exerc\u00edcio do controle social<\/span><\/b><span data-ccp-props=\"{&quot;134233117&quot;:false,&quot;134233118&quot;:false,&quot;201341983&quot;:0,&quot;335551550&quot;:6,&quot;335551620&quot;:6,&quot;335559685&quot;:0,&quot;335559737&quot;:0,&quot;335559738&quot;:0,&quot;335559739&quot;:160,&quot;335559740&quot;:360}\">\u00a0<\/span><\/p>\n<p><span data-contrast=\"auto\">A equipe do N\u00facleo de An\u00e1lise T\u00e9cnica (NAT) \u2013 formada pelos servidores Luanda Anubha Iarek Silva, Jo\u00e3o Paulo Borean Pelissari e Vitor Henrique Pasini Fran\u00e7a \u2013 detalhou o funcionamento e a import\u00e2ncia do setor no contexto da atua\u00e7\u00e3o institucional do MPC-PR.<\/span><span data-ccp-props=\"{&quot;134233117&quot;:false,&quot;134233118&quot;:false,&quot;201341983&quot;:0,&quot;335551550&quot;:6,&quot;335551620&quot;:6,&quot;335559685&quot;:0,&quot;335559737&quot;:0,&quot;335559738&quot;:0,&quot;335559739&quot;:160,&quot;335559740&quot;:360}\">\u00a0<\/span><\/p>\n<p><span data-contrast=\"auto\">O N\u00facleo \u00e9 respons\u00e1vel por promover a an\u00e1lise inicial de todas as den\u00fancias e manifesta\u00e7\u00f5es externas recebidas, seja da sociedade civil, de gestores p\u00fablicos ou de outros \u00f3rg\u00e3os de controle, tanto de forma identificada quanto an\u00f4nima.\u00a0<\/span><span data-ccp-props=\"{&quot;134233117&quot;:false,&quot;134233118&quot;:false,&quot;201341983&quot;:0,&quot;335551550&quot;:6,&quot;335551620&quot;:6,&quot;335559685&quot;:0,&quot;335559737&quot;:0,&quot;335559738&quot;:0,&quot;335559739&quot;:160,&quot;335559740&quot;:360}\">\u00a0<\/span><\/p>\n<p><span data-contrast=\"auto\"><img loading=\"lazy\" decoding=\"async\" class=\"size-medium wp-image-23560 alignleft\" src=\"https:\/\/www.mpc.pr.gov.br\/wp-content\/uploads\/2025\/05\/WhatsApp-Image-2025-05-21-at-16.03.11-300x225.jpeg\" alt=\"\" width=\"300\" height=\"225\" srcset=\"https:\/\/www.mpc.pr.gov.br\/wp-content\/uploads\/2025\/05\/WhatsApp-Image-2025-05-21-at-16.03.11-300x225.jpeg 300w, https:\/\/www.mpc.pr.gov.br\/wp-content\/uploads\/2025\/05\/WhatsApp-Image-2025-05-21-at-16.03.11-1024x768.jpeg 1024w, https:\/\/www.mpc.pr.gov.br\/wp-content\/uploads\/2025\/05\/WhatsApp-Image-2025-05-21-at-16.03.11-768x576.jpeg 768w, https:\/\/www.mpc.pr.gov.br\/wp-content\/uploads\/2025\/05\/WhatsApp-Image-2025-05-21-at-16.03.11.jpeg 1280w\" sizes=\"(max-width: 300px) 100vw, 300px\" \/>Ao explicar o fluxo de trabalho, a equipe enfatizou que qualquer cidad\u00e3o, de forma simples e acess\u00edvel, pode contribuir para o aprimoramento da gest\u00e3o p\u00fablica ao exercer seu direito de fiscalizar e denunciar poss\u00edveis irregularidades na aplica\u00e7\u00e3o dos recursos p\u00fablicos.\u00a0<\/span><span data-ccp-props=\"{&quot;134233117&quot;:false,&quot;134233118&quot;:false,&quot;201341983&quot;:0,&quot;335551550&quot;:6,&quot;335551620&quot;:6,&quot;335559685&quot;:0,&quot;335559737&quot;:0,&quot;335559738&quot;:0,&quot;335559739&quot;:160,&quot;335559740&quot;:360}\">\u00a0<\/span><\/p>\n<p><span data-contrast=\"auto\">Dessa forma, al\u00e9m do papel estrat\u00e9gico do NAT, o setor \u00e9 um importante canal de fortalecimento do controle social e da participa\u00e7\u00e3o cidad\u00e3 na fiscaliza\u00e7\u00e3o dos recursos p\u00fablicos.<\/span><span data-ccp-props=\"{&quot;134233117&quot;:false,&quot;134233118&quot;:false,&quot;201341983&quot;:0,&quot;335551550&quot;:6,&quot;335551620&quot;:6,&quot;335559685&quot;:0,&quot;335559737&quot;:0,&quot;335559738&quot;:0,&quot;335559739&quot;:160,&quot;335559740&quot;:360}\">\u00a0<\/span><\/p>\n<p><b><span data-contrast=\"auto\">Produ\u00e7\u00e3o cient\u00edfica e incentivo \u00e0 pesquisa<\/span><\/b><span data-ccp-props=\"{&quot;134233117&quot;:false,&quot;134233118&quot;:false,&quot;201341983&quot;:0,&quot;335551550&quot;:6,&quot;335551620&quot;:6,&quot;335559685&quot;:0,&quot;335559737&quot;:0,&quot;335559738&quot;:0,&quot;335559739&quot;:160,&quot;335559740&quot;:360}\">\u00a0<\/span><\/p>\n<p><span data-contrast=\"auto\"><img loading=\"lazy\" decoding=\"async\" class=\"size-medium wp-image-23562 alignright\" src=\"https:\/\/www.mpc.pr.gov.br\/wp-content\/uploads\/2025\/05\/WhatsApp-Image-2025-05-21-at-13.06.01-225x300.jpeg\" alt=\"\" width=\"225\" height=\"300\" srcset=\"https:\/\/www.mpc.pr.gov.br\/wp-content\/uploads\/2025\/05\/WhatsApp-Image-2025-05-21-at-13.06.01-225x300.jpeg 225w, https:\/\/www.mpc.pr.gov.br\/wp-content\/uploads\/2025\/05\/WhatsApp-Image-2025-05-21-at-13.06.01-768x1024.jpeg 768w, https:\/\/www.mpc.pr.gov.br\/wp-content\/uploads\/2025\/05\/WhatsApp-Image-2025-05-21-at-13.06.01-1152x1536.jpeg 1152w, https:\/\/www.mpc.pr.gov.br\/wp-content\/uploads\/2025\/05\/WhatsApp-Image-2025-05-21-at-13.06.01-1536x2048.jpeg 1536w, https:\/\/www.mpc.pr.gov.br\/wp-content\/uploads\/2025\/05\/WhatsApp-Image-2025-05-21-at-13.06.01-scaled.jpeg 1920w\" sizes=\"(max-width: 225px) 100vw, 225px\" \/>Fechando o evento, a Editora-Chefe da Revista Institucional do MPC-PR, Amanda Gabriely Santos Pereira, apresentou a publica\u00e7\u00e3o cient\u00edfica do \u00f3rg\u00e3o, que possui estrato B3 do Qualis Peri\u00f3dicos da CAPES (estrato B3), fazendo um convite para que os alunos participem das pr\u00f3ximas edi\u00e7\u00f5es.<\/span><span data-ccp-props=\"{&quot;134233117&quot;:false,&quot;134233118&quot;:false,&quot;201341983&quot;:0,&quot;335551550&quot;:6,&quot;335551620&quot;:6,&quot;335559685&quot;:0,&quot;335559737&quot;:0,&quot;335559738&quot;:0,&quot;335559739&quot;:160,&quot;335559740&quot;:360}\">\u00a0<\/span><\/p>\n<p><span data-contrast=\"auto\">A Revista \u00e9 voltada \u00e0 divulga\u00e7\u00e3o de artigos acad\u00eamicos nas \u00e1reas de direito p\u00fablico, pol\u00edticas p\u00fablicas e planejamento, e recebe contribui\u00e7\u00f5es de estudantes e profissionais em n\u00edvel de gradua\u00e7\u00e3o, especializa\u00e7\u00e3o, mestrado e doutorado. A iniciativa refor\u00e7a o compromisso do MPC-PR com a produ\u00e7\u00e3o e dissemina\u00e7\u00e3o do conhecimento t\u00e9cnico e cient\u00edfico.\u00a0<\/span><span data-ccp-props=\"{&quot;134233117&quot;:false,&quot;134233118&quot;:false,&quot;201341983&quot;:0,&quot;335551550&quot;:6,&quot;335551620&quot;:6,&quot;335559685&quot;:0,&quot;335559737&quot;:0,&quot;335559738&quot;:0,&quot;335559739&quot;:160,&quot;335559740&quot;:360}\">\u00a0<\/span><\/p>\n<p><b><span data-contrast=\"auto\">Reconhecimento da comunidade acad\u00eamica<\/span><\/b><span data-ccp-props=\"{&quot;134233117&quot;:false,&quot;134233118&quot;:false,&quot;201341983&quot;:0,&quot;335551550&quot;:6,&quot;335551620&quot;:6,&quot;335559685&quot;:0,&quot;335559737&quot;:0,&quot;335559738&quot;:0,&quot;335559739&quot;:160,&quot;335559740&quot;:360}\">\u00a0<\/span><\/p>\n<p><span data-contrast=\"auto\"><img loading=\"lazy\" decoding=\"async\" class=\"size-medium wp-image-23556 alignleft\" src=\"https:\/\/www.mpc.pr.gov.br\/wp-content\/uploads\/2025\/05\/IMG_1549-300x201.jpg\" alt=\"\" width=\"300\" height=\"201\" srcset=\"https:\/\/www.mpc.pr.gov.br\/wp-content\/uploads\/2025\/05\/IMG_1549-300x201.jpg 300w, https:\/\/www.mpc.pr.gov.br\/wp-content\/uploads\/2025\/05\/IMG_1549-1024x687.jpg 1024w, https:\/\/www.mpc.pr.gov.br\/wp-content\/uploads\/2025\/05\/IMG_1549-768x516.jpg 768w, https:\/\/www.mpc.pr.gov.br\/wp-content\/uploads\/2025\/05\/IMG_1549-1536x1031.jpg 1536w, https:\/\/www.mpc.pr.gov.br\/wp-content\/uploads\/2025\/05\/IMG_1549-2048x1375.jpg 2048w\" sizes=\"(max-width: 300px) 100vw, 300px\" \/>Ao final da visita, os professores Antonella Neves e Robson Zorzanello, que acompanharam os alunos, agradeceram a recep\u00e7\u00e3o e destacaram a import\u00e2ncia de iniciativas como essa para aproximar os estudantes do funcionamento dos \u00f3rg\u00e3os de controle. Ambos elogiaram o conte\u00fado apresentado, ressaltando que desconheciam a abrang\u00eancia e a moderniza\u00e7\u00e3o das a\u00e7\u00f5es conduzidas pelo MPC-PR, especialmente no que se refere ao uso de intelig\u00eancia artificial, a estrutura\u00e7\u00e3o de projetos especiais e ao alinhamento com as agendas internacionais. Segundo os professores, al\u00e9m do papel educacional, o evento refor\u00e7a a confian\u00e7a da sociedade civil na atua\u00e7\u00e3o institucional do Minist\u00e9rio P\u00fablico de Contas.<\/span><span data-ccp-props=\"{&quot;134233117&quot;:false,&quot;134233118&quot;:false,&quot;201341983&quot;:0,&quot;335551550&quot;:6,&quot;335551620&quot;:6,&quot;335559685&quot;:0,&quot;335559737&quot;:0,&quot;335559738&quot;:0,&quot;335559739&quot;:160,&quot;335559740&quot;:360}\">\u00a0<\/span><\/p>\n<p><span data-contrast=\"auto\">Esta foi a segunda visita dos estudantes da Univel \u00e0 institui\u00e7\u00e3o. A iniciativa faz parte do projeto Rol\u00ea C\u00edvico Paranaense, coordenado pelos professores Keli Herpich e Eduardo Lazarinie, em que os alunos t\u00eam a oportunidade de conhecer o funcionamento dos Poderes Judici\u00e1rio, Legislativo e Executivo em visitas nas depend\u00eancias das institui\u00e7\u00f5es.<\/span><span data-ccp-props=\"{&quot;134233117&quot;:false,&quot;134233118&quot;:false,&quot;201341983&quot;:0,&quot;335551550&quot;:6,&quot;335551620&quot;:6,&quot;335559685&quot;:0,&quot;335559737&quot;:0,&quot;335559738&quot;:0,&quot;335559739&quot;:160,&quot;335559740&quot;:360}\">\u00a0<\/span><\/p>\n","protected":false},"excerpt":{"rendered":"<p>Na manh\u00e3 desta quarta-feira (21 de maio), o Minist\u00e9rio P\u00fablico de Contas do Estado do Paran\u00e1 (MPC-PR) recebeu, em sua sede, um grupo de cerca de 40 estudantes do curso de Direito do Centro Universit\u00e1rio de Cascavel (Univel). A visita integrou mais uma edi\u00e7\u00e3o do projeto \u201cDi\u00e1logos com o MPC-PR\u201d, iniciativa institucional que busca aproximar [&hellip;]<\/p>\n","protected":false},"author":1,"featured_media":23557,"comment_status":"open","ping_status":"open","sticky":false,"template":"","format":"standard","meta":{"_monsterinsights_skip_tracking":false,"_monsterinsights_sitenote_active":false,"_monsterinsights_sitenote_note":"","_monsterinsights_sitenote_category":0,"footnotes":""},"categories":[7],"tags":[118,550,134,13,700,551],"class_list":["post-23555","post","type-post","status-publish","format-standard","has-post-thumbnail","hentry","category-todas-as-noticias","tag-controle-social","tag-dialogos-com-o-mpc-pr","tag-direito","tag-mpc-pr","tag-plano-de-acao","tag-univel","entry","has-media"],"yoast_head":"<!-- This site is optimized with the Yoast SEO plugin v27.3 - https:\/\/yoast.com\/product\/yoast-seo-wordpress\/ -->\n<title>MPC-PR recebe estudantes de Direito da Univel em nova edi\u00e7\u00e3o do projeto \u201cDi\u00e1logos com o MPC-PR\u201d - Minist\u00e9rio P\u00fablico de Contas do Estado do Paran\u00e1<\/title>\n<meta name=\"robots\" content=\"index, follow, max-snippet:-1, max-image-preview:large, max-video-preview:-1\" \/>\n<link rel=\"canonical\" href=\"https:\/\/www.mpc.pr.gov.br\/index.php\/mpc-pr-recebe-estudantes-de-direito-da-univel-em-nova-edicao-do-projeto-dialogos-com-o-mpc-pr\/\" \/>\n<meta property=\"og:locale\" content=\"pt_BR\" \/>\n<meta property=\"og:type\" content=\"article\" \/>\n<meta property=\"og:title\" content=\"MPC-PR recebe estudantes de Direito da Univel em nova edi\u00e7\u00e3o do projeto \u201cDi\u00e1logos com o MPC-PR\u201d - Minist\u00e9rio P\u00fablico de Contas do Estado do Paran\u00e1\" \/>\n<meta property=\"og:description\" content=\"Na manh\u00e3 desta quarta-feira (21 de maio), o Minist\u00e9rio P\u00fablico de Contas do Estado do Paran\u00e1 (MPC-PR) recebeu, em sua sede, um grupo de cerca de 40 estudantes do curso de Direito do Centro Universit\u00e1rio de Cascavel (Univel). A visita integrou mais uma edi\u00e7\u00e3o do projeto \u201cDi\u00e1logos com o MPC-PR\u201d, iniciativa institucional que busca aproximar [&hellip;]\" \/>\n<meta property=\"og:url\" content=\"https:\/\/www.mpc.pr.gov.br\/index.php\/mpc-pr-recebe-estudantes-de-direito-da-univel-em-nova-edicao-do-projeto-dialogos-com-o-mpc-pr\/\" \/>\n<meta property=\"og:site_name\" content=\"Minist\u00e9rio P\u00fablico de Contas do Estado do Paran\u00e1\" \/>\n<meta property=\"article:publisher\" content=\"https:\/\/www.facebook.com\/mpc.pr\" \/>\n<meta property=\"article:published_time\" content=\"2025-05-21T19:12:04+00:00\" \/>\n<meta property=\"article:modified_time\" content=\"2025-06-03T12:07:09+00:00\" \/>\n<meta property=\"og:image\" content=\"https:\/\/www.mpc.pr.gov.br\/wp-content\/uploads\/2025\/05\/WhatsApp-Image-2025-05-21-at-16.03.13.jpeg\" \/>\n\t<meta property=\"og:image:width\" content=\"1280\" \/>\n\t<meta property=\"og:image:height\" content=\"960\" \/>\n\t<meta property=\"og:image:type\" content=\"image\/jpeg\" \/>\n<meta name=\"author\" content=\"mpcontaspr\" \/>\n<meta name=\"twitter:card\" content=\"summary_large_image\" \/>\n<meta name=\"twitter:label1\" content=\"Escrito por\" \/>\n\t<meta name=\"twitter:data1\" content=\"mpcontaspr\" \/>\n\t<meta name=\"twitter:label2\" content=\"Est. tempo de leitura\" \/>\n\t<meta name=\"twitter:data2\" content=\"7 minutos\" \/>\n<script type=\"application\/ld+json\" class=\"yoast-schema-graph\">{\"@context\":\"https:\\\/\\\/schema.org\",\"@graph\":[{\"@type\":\"Article\",\"@id\":\"https:\\\/\\\/www.mpc.pr.gov.br\\\/index.php\\\/mpc-pr-recebe-estudantes-de-direito-da-univel-em-nova-edicao-do-projeto-dialogos-com-o-mpc-pr\\\/#article\",\"isPartOf\":{\"@id\":\"https:\\\/\\\/www.mpc.pr.gov.br\\\/index.php\\\/mpc-pr-recebe-estudantes-de-direito-da-univel-em-nova-edicao-do-projeto-dialogos-com-o-mpc-pr\\\/\"},\"author\":{\"name\":\"mpcontaspr\",\"@id\":\"https:\\\/\\\/www.mpc.pr.gov.br\\\/#\\\/schema\\\/person\\\/2d83cb8980538d0ec174e8a6284f5e11\"},\"headline\":\"MPC-PR recebe estudantes de Direito da Univel em nova edi\u00e7\u00e3o do projeto \u201cDi\u00e1logos com o MPC-PR\u201d\",\"datePublished\":\"2025-05-21T19:12:04+00:00\",\"dateModified\":\"2025-06-03T12:07:09+00:00\",\"mainEntityOfPage\":{\"@id\":\"https:\\\/\\\/www.mpc.pr.gov.br\\\/index.php\\\/mpc-pr-recebe-estudantes-de-direito-da-univel-em-nova-edicao-do-projeto-dialogos-com-o-mpc-pr\\\/\"},\"wordCount\":1160,\"commentCount\":0,\"publisher\":{\"@id\":\"https:\\\/\\\/www.mpc.pr.gov.br\\\/#organization\"},\"image\":{\"@id\":\"https:\\\/\\\/www.mpc.pr.gov.br\\\/index.php\\\/mpc-pr-recebe-estudantes-de-direito-da-univel-em-nova-edicao-do-projeto-dialogos-com-o-mpc-pr\\\/#primaryimage\"},\"thumbnailUrl\":\"https:\\\/\\\/www.mpc.pr.gov.br\\\/wp-content\\\/uploads\\\/2025\\\/05\\\/WhatsApp-Image-2025-05-21-at-16.03.13.jpeg\",\"keywords\":[\"Controle Social\",\"Di\u00e1logos com o MPC-PR\",\"Direito\",\"MPC-PR\",\"Plano de A\u00e7\u00e3o\",\"Univel\"],\"articleSection\":[\"Todas as not\u00edcias\"],\"inLanguage\":\"pt-BR\",\"potentialAction\":[{\"@type\":\"CommentAction\",\"name\":\"Comment\",\"target\":[\"https:\\\/\\\/www.mpc.pr.gov.br\\\/index.php\\\/mpc-pr-recebe-estudantes-de-direito-da-univel-em-nova-edicao-do-projeto-dialogos-com-o-mpc-pr\\\/#respond\"]}]},{\"@type\":\"WebPage\",\"@id\":\"https:\\\/\\\/www.mpc.pr.gov.br\\\/index.php\\\/mpc-pr-recebe-estudantes-de-direito-da-univel-em-nova-edicao-do-projeto-dialogos-com-o-mpc-pr\\\/\",\"url\":\"https:\\\/\\\/www.mpc.pr.gov.br\\\/index.php\\\/mpc-pr-recebe-estudantes-de-direito-da-univel-em-nova-edicao-do-projeto-dialogos-com-o-mpc-pr\\\/\",\"name\":\"MPC-PR recebe estudantes de Direito da Univel em nova edi\u00e7\u00e3o do projeto \u201cDi\u00e1logos com o MPC-PR\u201d - Minist\u00e9rio P\u00fablico de Contas do Estado do Paran\u00e1\",\"isPartOf\":{\"@id\":\"https:\\\/\\\/www.mpc.pr.gov.br\\\/#website\"},\"primaryImageOfPage\":{\"@id\":\"https:\\\/\\\/www.mpc.pr.gov.br\\\/index.php\\\/mpc-pr-recebe-estudantes-de-direito-da-univel-em-nova-edicao-do-projeto-dialogos-com-o-mpc-pr\\\/#primaryimage\"},\"image\":{\"@id\":\"https:\\\/\\\/www.mpc.pr.gov.br\\\/index.php\\\/mpc-pr-recebe-estudantes-de-direito-da-univel-em-nova-edicao-do-projeto-dialogos-com-o-mpc-pr\\\/#primaryimage\"},\"thumbnailUrl\":\"https:\\\/\\\/www.mpc.pr.gov.br\\\/wp-content\\\/uploads\\\/2025\\\/05\\\/WhatsApp-Image-2025-05-21-at-16.03.13.jpeg\",\"datePublished\":\"2025-05-21T19:12:04+00:00\",\"dateModified\":\"2025-06-03T12:07:09+00:00\",\"breadcrumb\":{\"@id\":\"https:\\\/\\\/www.mpc.pr.gov.br\\\/index.php\\\/mpc-pr-recebe-estudantes-de-direito-da-univel-em-nova-edicao-do-projeto-dialogos-com-o-mpc-pr\\\/#breadcrumb\"},\"inLanguage\":\"pt-BR\",\"potentialAction\":[{\"@type\":\"ReadAction\",\"target\":[\"https:\\\/\\\/www.mpc.pr.gov.br\\\/index.php\\\/mpc-pr-recebe-estudantes-de-direito-da-univel-em-nova-edicao-do-projeto-dialogos-com-o-mpc-pr\\\/\"]}]},{\"@type\":\"ImageObject\",\"inLanguage\":\"pt-BR\",\"@id\":\"https:\\\/\\\/www.mpc.pr.gov.br\\\/index.php\\\/mpc-pr-recebe-estudantes-de-direito-da-univel-em-nova-edicao-do-projeto-dialogos-com-o-mpc-pr\\\/#primaryimage\",\"url\":\"https:\\\/\\\/www.mpc.pr.gov.br\\\/wp-content\\\/uploads\\\/2025\\\/05\\\/WhatsApp-Image-2025-05-21-at-16.03.13.jpeg\",\"contentUrl\":\"https:\\\/\\\/www.mpc.pr.gov.br\\\/wp-content\\\/uploads\\\/2025\\\/05\\\/WhatsApp-Image-2025-05-21-at-16.03.13.jpeg\",\"width\":1280,\"height\":960},{\"@type\":\"BreadcrumbList\",\"@id\":\"https:\\\/\\\/www.mpc.pr.gov.br\\\/index.php\\\/mpc-pr-recebe-estudantes-de-direito-da-univel-em-nova-edicao-do-projeto-dialogos-com-o-mpc-pr\\\/#breadcrumb\",\"itemListElement\":[{\"@type\":\"ListItem\",\"position\":1,\"name\":\"In\u00edcio\",\"item\":\"https:\\\/\\\/www.mpc.pr.gov.br\\\/\"},{\"@type\":\"ListItem\",\"position\":2,\"name\":\"MPC-PR recebe estudantes de Direito da Univel em nova edi\u00e7\u00e3o do projeto \u201cDi\u00e1logos com o MPC-PR\u201d\"}]},{\"@type\":\"WebSite\",\"@id\":\"https:\\\/\\\/www.mpc.pr.gov.br\\\/#website\",\"url\":\"https:\\\/\\\/www.mpc.pr.gov.br\\\/\",\"name\":\"Minist\u00e9rio P\u00fablico de Contas do Estado do Paran\u00e1\",\"description\":\"\",\"publisher\":{\"@id\":\"https:\\\/\\\/www.mpc.pr.gov.br\\\/#organization\"},\"potentialAction\":[{\"@type\":\"SearchAction\",\"target\":{\"@type\":\"EntryPoint\",\"urlTemplate\":\"https:\\\/\\\/www.mpc.pr.gov.br\\\/?s={search_term_string}\"},\"query-input\":{\"@type\":\"PropertyValueSpecification\",\"valueRequired\":true,\"valueName\":\"search_term_string\"}}],\"inLanguage\":\"pt-BR\"},{\"@type\":\"Organization\",\"@id\":\"https:\\\/\\\/www.mpc.pr.gov.br\\\/#organization\",\"name\":\"Minist\u00e9rio P\u00fablico de Contas do Estado do Paran\u00e1\",\"url\":\"https:\\\/\\\/www.mpc.pr.gov.br\\\/\",\"logo\":{\"@type\":\"ImageObject\",\"inLanguage\":\"pt-BR\",\"@id\":\"https:\\\/\\\/www.mpc.pr.gov.br\\\/#\\\/schema\\\/logo\\\/image\\\/\",\"url\":\"https:\\\/\\\/www.mpc.pr.gov.br\\\/wp-content\\\/uploads\\\/2020\\\/06\\\/99423647_1593460364143890_6706793420720963584_n-1-e1591387983167.png\",\"contentUrl\":\"https:\\\/\\\/www.mpc.pr.gov.br\\\/wp-content\\\/uploads\\\/2020\\\/06\\\/99423647_1593460364143890_6706793420720963584_n-1-e1591387983167.png\",\"width\":243,\"height\":73,\"caption\":\"Minist\u00e9rio P\u00fablico de Contas do Estado do Paran\u00e1\"},\"image\":{\"@id\":\"https:\\\/\\\/www.mpc.pr.gov.br\\\/#\\\/schema\\\/logo\\\/image\\\/\"},\"sameAs\":[\"https:\\\/\\\/www.facebook.com\\\/mpc.pr\",\"https:\\\/\\\/www.instagram.com\\\/mpc.pr\\\/?hl=pt-br\",\"https:\\\/\\\/www.youtube.com\\\/channel\\\/UCHri5oEM8DV0ztX57E0sBSw\"]},{\"@type\":\"Person\",\"@id\":\"https:\\\/\\\/www.mpc.pr.gov.br\\\/#\\\/schema\\\/person\\\/2d83cb8980538d0ec174e8a6284f5e11\",\"name\":\"mpcontaspr\",\"image\":{\"@type\":\"ImageObject\",\"inLanguage\":\"pt-BR\",\"@id\":\"https:\\\/\\\/secure.gravatar.com\\\/avatar\\\/1aef51541db7622e05fd639336c9c9f312c2a618396e2b6ca96846362fc5403f?s=96&d=mm&r=g\",\"url\":\"https:\\\/\\\/secure.gravatar.com\\\/avatar\\\/1aef51541db7622e05fd639336c9c9f312c2a618396e2b6ca96846362fc5403f?s=96&d=mm&r=g\",\"contentUrl\":\"https:\\\/\\\/secure.gravatar.com\\\/avatar\\\/1aef51541db7622e05fd639336c9c9f312c2a618396e2b6ca96846362fc5403f?s=96&d=mm&r=g\",\"caption\":\"mpcontaspr\"},\"sameAs\":[\"http:\\\/\\\/www.mpc.pr.gov.br\"]}]}<\/script>\n<!-- \/ Yoast SEO plugin. -->","yoast_head_json":{"title":"MPC-PR recebe estudantes de Direito da Univel em nova edi\u00e7\u00e3o do projeto \u201cDi\u00e1logos com o MPC-PR\u201d - Minist\u00e9rio P\u00fablico de Contas do Estado do Paran\u00e1","robots":{"index":"index","follow":"follow","max-snippet":"max-snippet:-1","max-image-preview":"max-image-preview:large","max-video-preview":"max-video-preview:-1"},"canonical":"https:\/\/www.mpc.pr.gov.br\/index.php\/mpc-pr-recebe-estudantes-de-direito-da-univel-em-nova-edicao-do-projeto-dialogos-com-o-mpc-pr\/","og_locale":"pt_BR","og_type":"article","og_title":"MPC-PR recebe estudantes de Direito da Univel em nova edi\u00e7\u00e3o do projeto \u201cDi\u00e1logos com o MPC-PR\u201d - Minist\u00e9rio P\u00fablico de Contas do Estado do Paran\u00e1","og_description":"Na manh\u00e3 desta quarta-feira (21 de maio), o Minist\u00e9rio P\u00fablico de Contas do Estado do Paran\u00e1 (MPC-PR) recebeu, em sua sede, um grupo de cerca de 40 estudantes do curso de Direito do Centro Universit\u00e1rio de Cascavel (Univel). A visita integrou mais uma edi\u00e7\u00e3o do projeto \u201cDi\u00e1logos com o MPC-PR\u201d, iniciativa institucional que busca aproximar [&hellip;]","og_url":"https:\/\/www.mpc.pr.gov.br\/index.php\/mpc-pr-recebe-estudantes-de-direito-da-univel-em-nova-edicao-do-projeto-dialogos-com-o-mpc-pr\/","og_site_name":"Minist\u00e9rio P\u00fablico de Contas do Estado do Paran\u00e1","article_publisher":"https:\/\/www.facebook.com\/mpc.pr","article_published_time":"2025-05-21T19:12:04+00:00","article_modified_time":"2025-06-03T12:07:09+00:00","og_image":[{"width":1280,"height":960,"url":"https:\/\/www.mpc.pr.gov.br\/wp-content\/uploads\/2025\/05\/WhatsApp-Image-2025-05-21-at-16.03.13.jpeg","type":"image\/jpeg"}],"author":"mpcontaspr","twitter_card":"summary_large_image","twitter_misc":{"Escrito por":"mpcontaspr","Est. tempo de leitura":"7 minutos"},"schema":{"@context":"https:\/\/schema.org","@graph":[{"@type":"Article","@id":"https:\/\/www.mpc.pr.gov.br\/index.php\/mpc-pr-recebe-estudantes-de-direito-da-univel-em-nova-edicao-do-projeto-dialogos-com-o-mpc-pr\/#article","isPartOf":{"@id":"https:\/\/www.mpc.pr.gov.br\/index.php\/mpc-pr-recebe-estudantes-de-direito-da-univel-em-nova-edicao-do-projeto-dialogos-com-o-mpc-pr\/"},"author":{"name":"mpcontaspr","@id":"https:\/\/www.mpc.pr.gov.br\/#\/schema\/person\/2d83cb8980538d0ec174e8a6284f5e11"},"headline":"MPC-PR recebe estudantes de Direito da Univel em nova edi\u00e7\u00e3o do projeto \u201cDi\u00e1logos com o MPC-PR\u201d","datePublished":"2025-05-21T19:12:04+00:00","dateModified":"2025-06-03T12:07:09+00:00","mainEntityOfPage":{"@id":"https:\/\/www.mpc.pr.gov.br\/index.php\/mpc-pr-recebe-estudantes-de-direito-da-univel-em-nova-edicao-do-projeto-dialogos-com-o-mpc-pr\/"},"wordCount":1160,"commentCount":0,"publisher":{"@id":"https:\/\/www.mpc.pr.gov.br\/#organization"},"image":{"@id":"https:\/\/www.mpc.pr.gov.br\/index.php\/mpc-pr-recebe-estudantes-de-direito-da-univel-em-nova-edicao-do-projeto-dialogos-com-o-mpc-pr\/#primaryimage"},"thumbnailUrl":"https:\/\/www.mpc.pr.gov.br\/wp-content\/uploads\/2025\/05\/WhatsApp-Image-2025-05-21-at-16.03.13.jpeg","keywords":["Controle Social","Di\u00e1logos com o MPC-PR","Direito","MPC-PR","Plano de A\u00e7\u00e3o","Univel"],"articleSection":["Todas as not\u00edcias"],"inLanguage":"pt-BR","potentialAction":[{"@type":"CommentAction","name":"Comment","target":["https:\/\/www.mpc.pr.gov.br\/index.php\/mpc-pr-recebe-estudantes-de-direito-da-univel-em-nova-edicao-do-projeto-dialogos-com-o-mpc-pr\/#respond"]}]},{"@type":"WebPage","@id":"https:\/\/www.mpc.pr.gov.br\/index.php\/mpc-pr-recebe-estudantes-de-direito-da-univel-em-nova-edicao-do-projeto-dialogos-com-o-mpc-pr\/","url":"https:\/\/www.mpc.pr.gov.br\/index.php\/mpc-pr-recebe-estudantes-de-direito-da-univel-em-nova-edicao-do-projeto-dialogos-com-o-mpc-pr\/","name":"MPC-PR recebe estudantes de Direito da Univel em nova edi\u00e7\u00e3o do projeto \u201cDi\u00e1logos com o MPC-PR\u201d - Minist\u00e9rio P\u00fablico de Contas do Estado do Paran\u00e1","isPartOf":{"@id":"https:\/\/www.mpc.pr.gov.br\/#website"},"primaryImageOfPage":{"@id":"https:\/\/www.mpc.pr.gov.br\/index.php\/mpc-pr-recebe-estudantes-de-direito-da-univel-em-nova-edicao-do-projeto-dialogos-com-o-mpc-pr\/#primaryimage"},"image":{"@id":"https:\/\/www.mpc.pr.gov.br\/index.php\/mpc-pr-recebe-estudantes-de-direito-da-univel-em-nova-edicao-do-projeto-dialogos-com-o-mpc-pr\/#primaryimage"},"thumbnailUrl":"https:\/\/www.mpc.pr.gov.br\/wp-content\/uploads\/2025\/05\/WhatsApp-Image-2025-05-21-at-16.03.13.jpeg","datePublished":"2025-05-21T19:12:04+00:00","dateModified":"2025-06-03T12:07:09+00:00","breadcrumb":{"@id":"https:\/\/www.mpc.pr.gov.br\/index.php\/mpc-pr-recebe-estudantes-de-direito-da-univel-em-nova-edicao-do-projeto-dialogos-com-o-mpc-pr\/#breadcrumb"},"inLanguage":"pt-BR","potentialAction":[{"@type":"ReadAction","target":["https:\/\/www.mpc.pr.gov.br\/index.php\/mpc-pr-recebe-estudantes-de-direito-da-univel-em-nova-edicao-do-projeto-dialogos-com-o-mpc-pr\/"]}]},{"@type":"ImageObject","inLanguage":"pt-BR","@id":"https:\/\/www.mpc.pr.gov.br\/index.php\/mpc-pr-recebe-estudantes-de-direito-da-univel-em-nova-edicao-do-projeto-dialogos-com-o-mpc-pr\/#primaryimage","url":"https:\/\/www.mpc.pr.gov.br\/wp-content\/uploads\/2025\/05\/WhatsApp-Image-2025-05-21-at-16.03.13.jpeg","contentUrl":"https:\/\/www.mpc.pr.gov.br\/wp-content\/uploads\/2025\/05\/WhatsApp-Image-2025-05-21-at-16.03.13.jpeg","width":1280,"height":960},{"@type":"BreadcrumbList","@id":"https:\/\/www.mpc.pr.gov.br\/index.php\/mpc-pr-recebe-estudantes-de-direito-da-univel-em-nova-edicao-do-projeto-dialogos-com-o-mpc-pr\/#breadcrumb","itemListElement":[{"@type":"ListItem","position":1,"name":"In\u00edcio","item":"https:\/\/www.mpc.pr.gov.br\/"},{"@type":"ListItem","position":2,"name":"MPC-PR recebe estudantes de Direito da Univel em nova edi\u00e7\u00e3o do projeto \u201cDi\u00e1logos com o MPC-PR\u201d"}]},{"@type":"WebSite","@id":"https:\/\/www.mpc.pr.gov.br\/#website","url":"https:\/\/www.mpc.pr.gov.br\/","name":"Minist\u00e9rio P\u00fablico de Contas do Estado do Paran\u00e1","description":"","publisher":{"@id":"https:\/\/www.mpc.pr.gov.br\/#organization"},"potentialAction":[{"@type":"SearchAction","target":{"@type":"EntryPoint","urlTemplate":"https:\/\/www.mpc.pr.gov.br\/?s={search_term_string}"},"query-input":{"@type":"PropertyValueSpecification","valueRequired":true,"valueName":"search_term_string"}}],"inLanguage":"pt-BR"},{"@type":"Organization","@id":"https:\/\/www.mpc.pr.gov.br\/#organization","name":"Minist\u00e9rio P\u00fablico de Contas do Estado do Paran\u00e1","url":"https:\/\/www.mpc.pr.gov.br\/","logo":{"@type":"ImageObject","inLanguage":"pt-BR","@id":"https:\/\/www.mpc.pr.gov.br\/#\/schema\/logo\/image\/","url":"https:\/\/www.mpc.pr.gov.br\/wp-content\/uploads\/2020\/06\/99423647_1593460364143890_6706793420720963584_n-1-e1591387983167.png","contentUrl":"https:\/\/www.mpc.pr.gov.br\/wp-content\/uploads\/2020\/06\/99423647_1593460364143890_6706793420720963584_n-1-e1591387983167.png","width":243,"height":73,"caption":"Minist\u00e9rio P\u00fablico de Contas do Estado do Paran\u00e1"},"image":{"@id":"https:\/\/www.mpc.pr.gov.br\/#\/schema\/logo\/image\/"},"sameAs":["https:\/\/www.facebook.com\/mpc.pr","https:\/\/www.instagram.com\/mpc.pr\/?hl=pt-br","https:\/\/www.youtube.com\/channel\/UCHri5oEM8DV0ztX57E0sBSw"]},{"@type":"Person","@id":"https:\/\/www.mpc.pr.gov.br\/#\/schema\/person\/2d83cb8980538d0ec174e8a6284f5e11","name":"mpcontaspr","image":{"@type":"ImageObject","inLanguage":"pt-BR","@id":"https:\/\/secure.gravatar.com\/avatar\/1aef51541db7622e05fd639336c9c9f312c2a618396e2b6ca96846362fc5403f?s=96&d=mm&r=g","url":"https:\/\/secure.gravatar.com\/avatar\/1aef51541db7622e05fd639336c9c9f312c2a618396e2b6ca96846362fc5403f?s=96&d=mm&r=g","contentUrl":"https:\/\/secure.gravatar.com\/avatar\/1aef51541db7622e05fd639336c9c9f312c2a618396e2b6ca96846362fc5403f?s=96&d=mm&r=g","caption":"mpcontaspr"},"sameAs":["http:\/\/www.mpc.pr.gov.br"]}]}},"rttpg_featured_image_url":{"full":["https:\/\/www.mpc.pr.gov.br\/wp-content\/uploads\/2025\/05\/WhatsApp-Image-2025-05-21-at-16.03.13.jpeg",1280,960,false],"landscape":["https:\/\/www.mpc.pr.gov.br\/wp-content\/uploads\/2025\/05\/WhatsApp-Image-2025-05-21-at-16.03.13.jpeg",1280,960,false],"portraits":["https:\/\/www.mpc.pr.gov.br\/wp-content\/uploads\/2025\/05\/WhatsApp-Image-2025-05-21-at-16.03.13.jpeg",1280,960,false],"thumbnail":["https:\/\/www.mpc.pr.gov.br\/wp-content\/uploads\/2025\/05\/WhatsApp-Image-2025-05-21-at-16.03.13-150x150.jpeg",150,150,true],"medium":["https:\/\/www.mpc.pr.gov.br\/wp-content\/uploads\/2025\/05\/WhatsApp-Image-2025-05-21-at-16.03.13-300x225.jpeg",300,225,true],"large":["https:\/\/www.mpc.pr.gov.br\/wp-content\/uploads\/2025\/05\/WhatsApp-Image-2025-05-21-at-16.03.13-1024x768.jpeg",1024,768,true],"1536x1536":["https:\/\/www.mpc.pr.gov.br\/wp-content\/uploads\/2025\/05\/WhatsApp-Image-2025-05-21-at-16.03.13.jpeg",1280,960,false],"2048x2048":["https:\/\/www.mpc.pr.gov.br\/wp-content\/uploads\/2025\/05\/WhatsApp-Image-2025-05-21-at-16.03.13.jpeg",1280,960,false],"ocean-thumb-m":["https:\/\/www.mpc.pr.gov.br\/wp-content\/uploads\/2025\/05\/WhatsApp-Image-2025-05-21-at-16.03.13-600x600.jpeg",600,600,true],"ocean-thumb-ml":["https:\/\/www.mpc.pr.gov.br\/wp-content\/uploads\/2025\/05\/WhatsApp-Image-2025-05-21-at-16.03.13-800x450.jpeg",800,450,true],"ocean-thumb-l":["https:\/\/www.mpc.pr.gov.br\/wp-content\/uploads\/2025\/05\/WhatsApp-Image-2025-05-21-at-16.03.13-1200x700.jpeg",1200,700,true]},"rttpg_author":{"display_name":"mpcontaspr","author_link":"https:\/\/www.mpc.pr.gov.br\/index.php\/author\/mpcontaspr\/"},"rttpg_comment":1,"rttpg_category":"<a href=\"https:\/\/www.mpc.pr.gov.br\/index.php\/category\/todas-as-noticias\/\" rel=\"category tag\">Todas as not\u00edcias<\/a>","rttpg_excerpt":"Na manh\u00e3 desta quarta-feira (21 de maio), o Minist\u00e9rio P\u00fablico de Contas do Estado do Paran\u00e1 (MPC-PR) recebeu, em sua sede, um grupo de cerca de 40 estudantes do curso de Direito do Centro Universit\u00e1rio de Cascavel (Univel). A visita integrou mais uma edi\u00e7\u00e3o do projeto \u201cDi\u00e1logos com o MPC-PR\u201d, iniciativa institucional que busca aproximar&hellip;","_links":{"self":[{"href":"https:\/\/www.mpc.pr.gov.br\/index.php\/wp-json\/wp\/v2\/posts\/23555","targetHints":{"allow":["GET"]}}],"collection":[{"href":"https:\/\/www.mpc.pr.gov.br\/index.php\/wp-json\/wp\/v2\/posts"}],"about":[{"href":"https:\/\/www.mpc.pr.gov.br\/index.php\/wp-json\/wp\/v2\/types\/post"}],"author":[{"embeddable":true,"href":"https:\/\/www.mpc.pr.gov.br\/index.php\/wp-json\/wp\/v2\/users\/1"}],"replies":[{"embeddable":true,"href":"https:\/\/www.mpc.pr.gov.br\/index.php\/wp-json\/wp\/v2\/comments?post=23555"}],"version-history":[{"count":3,"href":"https:\/\/www.mpc.pr.gov.br\/index.php\/wp-json\/wp\/v2\/posts\/23555\/revisions"}],"predecessor-version":[{"id":23565,"href":"https:\/\/www.mpc.pr.gov.br\/index.php\/wp-json\/wp\/v2\/posts\/23555\/revisions\/23565"}],"wp:featuredmedia":[{"embeddable":true,"href":"https:\/\/www.mpc.pr.gov.br\/index.php\/wp-json\/wp\/v2\/media\/23557"}],"wp:attachment":[{"href":"https:\/\/www.mpc.pr.gov.br\/index.php\/wp-json\/wp\/v2\/media?parent=23555"}],"wp:term":[{"taxonomy":"category","embeddable":true,"href":"https:\/\/www.mpc.pr.gov.br\/index.php\/wp-json\/wp\/v2\/categories?post=23555"},{"taxonomy":"post_tag","embeddable":true,"href":"https:\/\/www.mpc.pr.gov.br\/index.php\/wp-json\/wp\/v2\/tags?post=23555"}],"curies":[{"name":"wp","href":"https:\/\/api.w.org\/{rel}","templated":true}]}}