{"id":23593,"date":"2025-05-23T16:43:47","date_gmt":"2025-05-23T19:43:47","guid":{"rendered":"https:\/\/www.mpc.pr.gov.br\/?p=23593"},"modified":"2025-06-03T09:07:37","modified_gmt":"2025-06-03T12:07:37","slug":"mpc-pr-apresenta-sua-atuacao-estrategica-e-projetos-especiais-na-semana-de-integracao-do-tce-pr","status":"publish","type":"post","link":"https:\/\/www.mpc.pr.gov.br\/index.php\/mpc-pr-apresenta-sua-atuacao-estrategica-e-projetos-especiais-na-semana-de-integracao-do-tce-pr\/","title":{"rendered":"MPC-PR apresenta sua atua\u00e7\u00e3o estrat\u00e9gica e projetos especiais na Semana de Integra\u00e7\u00e3o do TCE-PR"},"content":{"rendered":"<p><span data-contrast=\"auto\"><img fetchpriority=\"high\" decoding=\"async\" class=\"size-medium wp-image-23595 alignleft\" src=\"https:\/\/www.mpc.pr.gov.br\/wp-content\/uploads\/2025\/05\/WhatsApp-Image-2025-05-23-at-11.16.11-300x225.jpeg\" alt=\"\" width=\"300\" height=\"225\" srcset=\"https:\/\/www.mpc.pr.gov.br\/wp-content\/uploads\/2025\/05\/WhatsApp-Image-2025-05-23-at-11.16.11-300x225.jpeg 300w, https:\/\/www.mpc.pr.gov.br\/wp-content\/uploads\/2025\/05\/WhatsApp-Image-2025-05-23-at-11.16.11-1024x768.jpeg 1024w, https:\/\/www.mpc.pr.gov.br\/wp-content\/uploads\/2025\/05\/WhatsApp-Image-2025-05-23-at-11.16.11-768x576.jpeg 768w, https:\/\/www.mpc.pr.gov.br\/wp-content\/uploads\/2025\/05\/WhatsApp-Image-2025-05-23-at-11.16.11-1536x1152.jpeg 1536w, https:\/\/www.mpc.pr.gov.br\/wp-content\/uploads\/2025\/05\/WhatsApp-Image-2025-05-23-at-11.16.11-2048x1536.jpeg 2048w\" sizes=\"(max-width: 300px) 100vw, 300px\" \/>Nesta manh\u00e3 de sexta-feira (23 de maio), representando o Minist\u00e9rio P\u00fablico de Contas do Paran\u00e1 (MPC-PR), o Procurador-Geral Gabriel Guy L\u00e9ger participou da 5\u00aa Semana de Integra\u00e7\u00e3o do Tribunal de Contas do Estado (TCE-PR). Al\u00e9m de promover o alinhamento institucional, ao longo de tr\u00eas manh\u00e3s (de 21 a 23 de maio) o evento proporcionou aos servidores uma vis\u00e3o ampla sobre as iniciativas e projetos desenvolvidos pelas diversas unidades da Corte de Contas.<\/span><span data-ccp-props=\"{&quot;134233117&quot;:false,&quot;134233118&quot;:false,&quot;335559738&quot;:240,&quot;335559739&quot;:240}\">\u00a0<\/span><\/p>\n<p><span data-contrast=\"auto\">Na ocasi\u00e3o, o Procurador-Geral do MPC-PR ministrou a palestra \u201cMinist\u00e9rio P\u00fablico de Contas: g\u00eanese, matriz constitucional e \u00e1rea de atua\u00e7\u00e3o\u201d, destacando o papel do \u00f3rg\u00e3o no fortalecimento do controle externo e na defesa dos princ\u00edpios da administra\u00e7\u00e3o p\u00fablica. A apresenta\u00e7\u00e3o abordou as origens constitucionais do Minist\u00e9rio P\u00fablico de Contas no Brasil, sua natureza institucional, atribui\u00e7\u00f5es e a relev\u00e2ncia de sua atua\u00e7\u00e3o como \u00f3rg\u00e3o essencial \u00e0 justi\u00e7a na prote\u00e7\u00e3o do interesse p\u00fablico.<\/span><span data-ccp-props=\"{&quot;134233117&quot;:false,&quot;134233118&quot;:false,&quot;335559738&quot;:240,&quot;335559739&quot;:240}\">\u00a0<\/span><\/p>\n<p><span data-contrast=\"auto\"><img decoding=\"async\" class=\"size-medium wp-image-23594 alignright\" src=\"https:\/\/www.mpc.pr.gov.br\/wp-content\/uploads\/2025\/05\/WhatsApp-Image-2025-05-23-at-11.14.31-300x225.jpeg\" alt=\"\" width=\"300\" height=\"225\" srcset=\"https:\/\/www.mpc.pr.gov.br\/wp-content\/uploads\/2025\/05\/WhatsApp-Image-2025-05-23-at-11.14.31-300x225.jpeg 300w, https:\/\/www.mpc.pr.gov.br\/wp-content\/uploads\/2025\/05\/WhatsApp-Image-2025-05-23-at-11.14.31-1024x768.jpeg 1024w, https:\/\/www.mpc.pr.gov.br\/wp-content\/uploads\/2025\/05\/WhatsApp-Image-2025-05-23-at-11.14.31-768x576.jpeg 768w, https:\/\/www.mpc.pr.gov.br\/wp-content\/uploads\/2025\/05\/WhatsApp-Image-2025-05-23-at-11.14.31-1536x1152.jpeg 1536w, https:\/\/www.mpc.pr.gov.br\/wp-content\/uploads\/2025\/05\/WhatsApp-Image-2025-05-23-at-11.14.31-2048x1536.jpeg 2048w\" sizes=\"(max-width: 300px) 100vw, 300px\" \/>Durante sua fala, L\u00e9ger tamb\u00e9m enfatizou que o MPC-PR vem adotando uma postura cada vez mais proativa, preventiva e estrat\u00e9gica, alinhada ao Plano Estrat\u00e9gico Nacional do Conselho Nacional dos Procuradores-Gerais de Contas (CNPGC) e aos Objetivos de Desenvolvimento Sustent\u00e1vel (ODS) da Organiza\u00e7\u00e3o das Na\u00e7\u00f5es Unidas (ONU), bem como a outras agendas internacionais. <\/span><span data-ccp-props=\"{&quot;134233117&quot;:false,&quot;134233118&quot;:false,&quot;335559738&quot;:240,&quot;335559739&quot;:240}\">\u00a0<\/span><\/p>\n<p><span data-contrast=\"auto\">Essa atua\u00e7\u00e3o se materializa por meio de projetos especiais definidos no <a href=\"https:\/\/www.mpc.pr.gov.br\/wp-content\/uploads\/2025\/02\/Plano-de-Acoes-2025-MPC-CNPGC.pdf\">Plano de A\u00e7\u00e3o<\/a> proposto para o bi\u00eanio 2025-2026, que buscam induzir boas pr\u00e1ticas na gest\u00e3o p\u00fablica, fortalecer a governan\u00e7a, prevenir a corrup\u00e7\u00e3o e promover a efetividade das pol\u00edticas p\u00fablicas.<\/span><span data-ccp-props=\"{&quot;134233117&quot;:false,&quot;134233118&quot;:false,&quot;335559738&quot;:240,&quot;335559739&quot;:240}\">\u00a0<\/span><\/p>\n<p><span data-contrast=\"auto\">Ao final, o Procurador-Geral tamb\u00e9m destacou os cursos e eventos de capacita\u00e7\u00e3o promovidos pelo \u00f3rg\u00e3o que, al\u00e9m proporcionarem a atualiza\u00e7\u00e3o cont\u00ednua dos servidores, fortalecem o di\u00e1logo com a sociedade e institui\u00e7\u00f5es parceiras. Essa iniciativa refor\u00e7a o compromisso do MPC-PR com o aperfei\u00e7oamento da Administra\u00e7\u00e3o P\u00fablica.<\/span><span data-ccp-props=\"{&quot;134233117&quot;:false,&quot;134233118&quot;:false,&quot;335559738&quot;:240,&quot;335559739&quot;:240}\">\u00a0<\/span><\/p>\n","protected":false},"excerpt":{"rendered":"<p>Nesta manh\u00e3 de sexta-feira (23 de maio), representando o Minist\u00e9rio P\u00fablico de Contas do Paran\u00e1 (MPC-PR), o Procurador-Geral Gabriel Guy L\u00e9ger participou da 5\u00aa Semana de Integra\u00e7\u00e3o do Tribunal de Contas do Estado (TCE-PR). Al\u00e9m de promover o alinhamento institucional, ao longo de tr\u00eas manh\u00e3s (de 21 a 23 de maio) o evento proporcionou aos [&hellip;]<\/p>\n","protected":false},"author":1,"featured_media":23595,"comment_status":"open","ping_status":"open","sticky":false,"template":"","format":"standard","meta":{"_monsterinsights_skip_tracking":false,"_monsterinsights_sitenote_active":false,"_monsterinsights_sitenote_note":"","_monsterinsights_sitenote_category":0,"footnotes":""},"categories":[7],"tags":[13,39],"class_list":["post-23593","post","type-post","status-publish","format-standard","has-post-thumbnail","hentry","category-todas-as-noticias","tag-mpc-pr","tag-tce-pr","entry","has-media"],"yoast_head":"<!-- This site is optimized with the Yoast SEO plugin v27.3 - https:\/\/yoast.com\/product\/yoast-seo-wordpress\/ -->\n<title>MPC-PR apresenta sua atua\u00e7\u00e3o estrat\u00e9gica e projetos especiais na Semana de Integra\u00e7\u00e3o do TCE-PR - Minist\u00e9rio P\u00fablico de Contas do Estado do Paran\u00e1<\/title>\n<meta name=\"robots\" content=\"index, follow, max-snippet:-1, max-image-preview:large, max-video-preview:-1\" \/>\n<link rel=\"canonical\" href=\"https:\/\/www.mpc.pr.gov.br\/index.php\/mpc-pr-apresenta-sua-atuacao-estrategica-e-projetos-especiais-na-semana-de-integracao-do-tce-pr\/\" \/>\n<meta property=\"og:locale\" content=\"pt_BR\" \/>\n<meta property=\"og:type\" content=\"article\" \/>\n<meta property=\"og:title\" content=\"MPC-PR apresenta sua atua\u00e7\u00e3o estrat\u00e9gica e projetos especiais na Semana de Integra\u00e7\u00e3o do TCE-PR - Minist\u00e9rio P\u00fablico de Contas do Estado do Paran\u00e1\" \/>\n<meta property=\"og:description\" content=\"Nesta manh\u00e3 de sexta-feira (23 de maio), representando o Minist\u00e9rio P\u00fablico de Contas do Paran\u00e1 (MPC-PR), o Procurador-Geral Gabriel Guy L\u00e9ger participou da 5\u00aa Semana de Integra\u00e7\u00e3o do Tribunal de Contas do Estado (TCE-PR). Al\u00e9m de promover o alinhamento institucional, ao longo de tr\u00eas manh\u00e3s (de 21 a 23 de maio) o evento proporcionou aos [&hellip;]\" \/>\n<meta property=\"og:url\" content=\"https:\/\/www.mpc.pr.gov.br\/index.php\/mpc-pr-apresenta-sua-atuacao-estrategica-e-projetos-especiais-na-semana-de-integracao-do-tce-pr\/\" \/>\n<meta property=\"og:site_name\" content=\"Minist\u00e9rio P\u00fablico de Contas do Estado do Paran\u00e1\" \/>\n<meta property=\"article:publisher\" content=\"https:\/\/www.facebook.com\/mpc.pr\" \/>\n<meta property=\"article:published_time\" content=\"2025-05-23T19:43:47+00:00\" \/>\n<meta property=\"article:modified_time\" content=\"2025-06-03T12:07:37+00:00\" \/>\n<meta property=\"og:image\" content=\"https:\/\/www.mpc.pr.gov.br\/wp-content\/uploads\/2025\/05\/WhatsApp-Image-2025-05-23-at-11.16.11-scaled.jpeg\" \/>\n\t<meta property=\"og:image:width\" content=\"2560\" \/>\n\t<meta property=\"og:image:height\" content=\"1920\" \/>\n\t<meta property=\"og:image:type\" content=\"image\/jpeg\" \/>\n<meta name=\"author\" content=\"mpcontaspr\" \/>\n<meta name=\"twitter:card\" content=\"summary_large_image\" \/>\n<meta name=\"twitter:label1\" content=\"Escrito por\" \/>\n\t<meta name=\"twitter:data1\" content=\"mpcontaspr\" \/>\n\t<meta name=\"twitter:label2\" content=\"Est. tempo de leitura\" \/>\n\t<meta name=\"twitter:data2\" content=\"3 minutos\" \/>\n<script type=\"application\/ld+json\" class=\"yoast-schema-graph\">{\"@context\":\"https:\\\/\\\/schema.org\",\"@graph\":[{\"@type\":\"Article\",\"@id\":\"https:\\\/\\\/www.mpc.pr.gov.br\\\/index.php\\\/mpc-pr-apresenta-sua-atuacao-estrategica-e-projetos-especiais-na-semana-de-integracao-do-tce-pr\\\/#article\",\"isPartOf\":{\"@id\":\"https:\\\/\\\/www.mpc.pr.gov.br\\\/index.php\\\/mpc-pr-apresenta-sua-atuacao-estrategica-e-projetos-especiais-na-semana-de-integracao-do-tce-pr\\\/\"},\"author\":{\"name\":\"mpcontaspr\",\"@id\":\"https:\\\/\\\/www.mpc.pr.gov.br\\\/#\\\/schema\\\/person\\\/2d83cb8980538d0ec174e8a6284f5e11\"},\"headline\":\"MPC-PR apresenta sua atua\u00e7\u00e3o estrat\u00e9gica e projetos especiais na Semana de Integra\u00e7\u00e3o do TCE-PR\",\"datePublished\":\"2025-05-23T19:43:47+00:00\",\"dateModified\":\"2025-06-03T12:07:37+00:00\",\"mainEntityOfPage\":{\"@id\":\"https:\\\/\\\/www.mpc.pr.gov.br\\\/index.php\\\/mpc-pr-apresenta-sua-atuacao-estrategica-e-projetos-especiais-na-semana-de-integracao-do-tce-pr\\\/\"},\"wordCount\":348,\"commentCount\":0,\"publisher\":{\"@id\":\"https:\\\/\\\/www.mpc.pr.gov.br\\\/#organization\"},\"image\":{\"@id\":\"https:\\\/\\\/www.mpc.pr.gov.br\\\/index.php\\\/mpc-pr-apresenta-sua-atuacao-estrategica-e-projetos-especiais-na-semana-de-integracao-do-tce-pr\\\/#primaryimage\"},\"thumbnailUrl\":\"https:\\\/\\\/www.mpc.pr.gov.br\\\/wp-content\\\/uploads\\\/2025\\\/05\\\/WhatsApp-Image-2025-05-23-at-11.16.11-scaled.jpeg\",\"keywords\":[\"MPC-PR\",\"TCE-PR\"],\"articleSection\":[\"Todas as not\u00edcias\"],\"inLanguage\":\"pt-BR\",\"potentialAction\":[{\"@type\":\"CommentAction\",\"name\":\"Comment\",\"target\":[\"https:\\\/\\\/www.mpc.pr.gov.br\\\/index.php\\\/mpc-pr-apresenta-sua-atuacao-estrategica-e-projetos-especiais-na-semana-de-integracao-do-tce-pr\\\/#respond\"]}]},{\"@type\":\"WebPage\",\"@id\":\"https:\\\/\\\/www.mpc.pr.gov.br\\\/index.php\\\/mpc-pr-apresenta-sua-atuacao-estrategica-e-projetos-especiais-na-semana-de-integracao-do-tce-pr\\\/\",\"url\":\"https:\\\/\\\/www.mpc.pr.gov.br\\\/index.php\\\/mpc-pr-apresenta-sua-atuacao-estrategica-e-projetos-especiais-na-semana-de-integracao-do-tce-pr\\\/\",\"name\":\"MPC-PR apresenta sua atua\u00e7\u00e3o estrat\u00e9gica e projetos especiais na Semana de Integra\u00e7\u00e3o do TCE-PR - Minist\u00e9rio P\u00fablico de Contas do Estado do Paran\u00e1\",\"isPartOf\":{\"@id\":\"https:\\\/\\\/www.mpc.pr.gov.br\\\/#website\"},\"primaryImageOfPage\":{\"@id\":\"https:\\\/\\\/www.mpc.pr.gov.br\\\/index.php\\\/mpc-pr-apresenta-sua-atuacao-estrategica-e-projetos-especiais-na-semana-de-integracao-do-tce-pr\\\/#primaryimage\"},\"image\":{\"@id\":\"https:\\\/\\\/www.mpc.pr.gov.br\\\/index.php\\\/mpc-pr-apresenta-sua-atuacao-estrategica-e-projetos-especiais-na-semana-de-integracao-do-tce-pr\\\/#primaryimage\"},\"thumbnailUrl\":\"https:\\\/\\\/www.mpc.pr.gov.br\\\/wp-content\\\/uploads\\\/2025\\\/05\\\/WhatsApp-Image-2025-05-23-at-11.16.11-scaled.jpeg\",\"datePublished\":\"2025-05-23T19:43:47+00:00\",\"dateModified\":\"2025-06-03T12:07:37+00:00\",\"breadcrumb\":{\"@id\":\"https:\\\/\\\/www.mpc.pr.gov.br\\\/index.php\\\/mpc-pr-apresenta-sua-atuacao-estrategica-e-projetos-especiais-na-semana-de-integracao-do-tce-pr\\\/#breadcrumb\"},\"inLanguage\":\"pt-BR\",\"potentialAction\":[{\"@type\":\"ReadAction\",\"target\":[\"https:\\\/\\\/www.mpc.pr.gov.br\\\/index.php\\\/mpc-pr-apresenta-sua-atuacao-estrategica-e-projetos-especiais-na-semana-de-integracao-do-tce-pr\\\/\"]}]},{\"@type\":\"ImageObject\",\"inLanguage\":\"pt-BR\",\"@id\":\"https:\\\/\\\/www.mpc.pr.gov.br\\\/index.php\\\/mpc-pr-apresenta-sua-atuacao-estrategica-e-projetos-especiais-na-semana-de-integracao-do-tce-pr\\\/#primaryimage\",\"url\":\"https:\\\/\\\/www.mpc.pr.gov.br\\\/wp-content\\\/uploads\\\/2025\\\/05\\\/WhatsApp-Image-2025-05-23-at-11.16.11-scaled.jpeg\",\"contentUrl\":\"https:\\\/\\\/www.mpc.pr.gov.br\\\/wp-content\\\/uploads\\\/2025\\\/05\\\/WhatsApp-Image-2025-05-23-at-11.16.11-scaled.jpeg\",\"width\":2560,\"height\":1920},{\"@type\":\"BreadcrumbList\",\"@id\":\"https:\\\/\\\/www.mpc.pr.gov.br\\\/index.php\\\/mpc-pr-apresenta-sua-atuacao-estrategica-e-projetos-especiais-na-semana-de-integracao-do-tce-pr\\\/#breadcrumb\",\"itemListElement\":[{\"@type\":\"ListItem\",\"position\":1,\"name\":\"In\u00edcio\",\"item\":\"https:\\\/\\\/www.mpc.pr.gov.br\\\/\"},{\"@type\":\"ListItem\",\"position\":2,\"name\":\"MPC-PR apresenta sua atua\u00e7\u00e3o estrat\u00e9gica e projetos especiais na Semana de Integra\u00e7\u00e3o do TCE-PR\"}]},{\"@type\":\"WebSite\",\"@id\":\"https:\\\/\\\/www.mpc.pr.gov.br\\\/#website\",\"url\":\"https:\\\/\\\/www.mpc.pr.gov.br\\\/\",\"name\":\"Minist\u00e9rio P\u00fablico de Contas do Estado do Paran\u00e1\",\"description\":\"\",\"publisher\":{\"@id\":\"https:\\\/\\\/www.mpc.pr.gov.br\\\/#organization\"},\"potentialAction\":[{\"@type\":\"SearchAction\",\"target\":{\"@type\":\"EntryPoint\",\"urlTemplate\":\"https:\\\/\\\/www.mpc.pr.gov.br\\\/?s={search_term_string}\"},\"query-input\":{\"@type\":\"PropertyValueSpecification\",\"valueRequired\":true,\"valueName\":\"search_term_string\"}}],\"inLanguage\":\"pt-BR\"},{\"@type\":\"Organization\",\"@id\":\"https:\\\/\\\/www.mpc.pr.gov.br\\\/#organization\",\"name\":\"Minist\u00e9rio P\u00fablico de Contas do Estado do Paran\u00e1\",\"url\":\"https:\\\/\\\/www.mpc.pr.gov.br\\\/\",\"logo\":{\"@type\":\"ImageObject\",\"inLanguage\":\"pt-BR\",\"@id\":\"https:\\\/\\\/www.mpc.pr.gov.br\\\/#\\\/schema\\\/logo\\\/image\\\/\",\"url\":\"https:\\\/\\\/www.mpc.pr.gov.br\\\/wp-content\\\/uploads\\\/2020\\\/06\\\/99423647_1593460364143890_6706793420720963584_n-1-e1591387983167.png\",\"contentUrl\":\"https:\\\/\\\/www.mpc.pr.gov.br\\\/wp-content\\\/uploads\\\/2020\\\/06\\\/99423647_1593460364143890_6706793420720963584_n-1-e1591387983167.png\",\"width\":243,\"height\":73,\"caption\":\"Minist\u00e9rio P\u00fablico de Contas do Estado do Paran\u00e1\"},\"image\":{\"@id\":\"https:\\\/\\\/www.mpc.pr.gov.br\\\/#\\\/schema\\\/logo\\\/image\\\/\"},\"sameAs\":[\"https:\\\/\\\/www.facebook.com\\\/mpc.pr\",\"https:\\\/\\\/www.instagram.com\\\/mpc.pr\\\/?hl=pt-br\",\"https:\\\/\\\/www.youtube.com\\\/channel\\\/UCHri5oEM8DV0ztX57E0sBSw\"]},{\"@type\":\"Person\",\"@id\":\"https:\\\/\\\/www.mpc.pr.gov.br\\\/#\\\/schema\\\/person\\\/2d83cb8980538d0ec174e8a6284f5e11\",\"name\":\"mpcontaspr\",\"image\":{\"@type\":\"ImageObject\",\"inLanguage\":\"pt-BR\",\"@id\":\"https:\\\/\\\/secure.gravatar.com\\\/avatar\\\/1aef51541db7622e05fd639336c9c9f312c2a618396e2b6ca96846362fc5403f?s=96&d=mm&r=g\",\"url\":\"https:\\\/\\\/secure.gravatar.com\\\/avatar\\\/1aef51541db7622e05fd639336c9c9f312c2a618396e2b6ca96846362fc5403f?s=96&d=mm&r=g\",\"contentUrl\":\"https:\\\/\\\/secure.gravatar.com\\\/avatar\\\/1aef51541db7622e05fd639336c9c9f312c2a618396e2b6ca96846362fc5403f?s=96&d=mm&r=g\",\"caption\":\"mpcontaspr\"},\"sameAs\":[\"http:\\\/\\\/www.mpc.pr.gov.br\"]}]}<\/script>\n<!-- \/ Yoast SEO plugin. -->","yoast_head_json":{"title":"MPC-PR apresenta sua atua\u00e7\u00e3o estrat\u00e9gica e projetos especiais na Semana de Integra\u00e7\u00e3o do TCE-PR - Minist\u00e9rio P\u00fablico de Contas do Estado do Paran\u00e1","robots":{"index":"index","follow":"follow","max-snippet":"max-snippet:-1","max-image-preview":"max-image-preview:large","max-video-preview":"max-video-preview:-1"},"canonical":"https:\/\/www.mpc.pr.gov.br\/index.php\/mpc-pr-apresenta-sua-atuacao-estrategica-e-projetos-especiais-na-semana-de-integracao-do-tce-pr\/","og_locale":"pt_BR","og_type":"article","og_title":"MPC-PR apresenta sua atua\u00e7\u00e3o estrat\u00e9gica e projetos especiais na Semana de Integra\u00e7\u00e3o do TCE-PR - Minist\u00e9rio P\u00fablico de Contas do Estado do Paran\u00e1","og_description":"Nesta manh\u00e3 de sexta-feira (23 de maio), representando o Minist\u00e9rio P\u00fablico de Contas do Paran\u00e1 (MPC-PR), o Procurador-Geral Gabriel Guy L\u00e9ger participou da 5\u00aa Semana de Integra\u00e7\u00e3o do Tribunal de Contas do Estado (TCE-PR). Al\u00e9m de promover o alinhamento institucional, ao longo de tr\u00eas manh\u00e3s (de 21 a 23 de maio) o evento proporcionou aos [&hellip;]","og_url":"https:\/\/www.mpc.pr.gov.br\/index.php\/mpc-pr-apresenta-sua-atuacao-estrategica-e-projetos-especiais-na-semana-de-integracao-do-tce-pr\/","og_site_name":"Minist\u00e9rio P\u00fablico de Contas do Estado do Paran\u00e1","article_publisher":"https:\/\/www.facebook.com\/mpc.pr","article_published_time":"2025-05-23T19:43:47+00:00","article_modified_time":"2025-06-03T12:07:37+00:00","og_image":[{"width":2560,"height":1920,"url":"https:\/\/www.mpc.pr.gov.br\/wp-content\/uploads\/2025\/05\/WhatsApp-Image-2025-05-23-at-11.16.11-scaled.jpeg","type":"image\/jpeg"}],"author":"mpcontaspr","twitter_card":"summary_large_image","twitter_misc":{"Escrito por":"mpcontaspr","Est. tempo de leitura":"3 minutos"},"schema":{"@context":"https:\/\/schema.org","@graph":[{"@type":"Article","@id":"https:\/\/www.mpc.pr.gov.br\/index.php\/mpc-pr-apresenta-sua-atuacao-estrategica-e-projetos-especiais-na-semana-de-integracao-do-tce-pr\/#article","isPartOf":{"@id":"https:\/\/www.mpc.pr.gov.br\/index.php\/mpc-pr-apresenta-sua-atuacao-estrategica-e-projetos-especiais-na-semana-de-integracao-do-tce-pr\/"},"author":{"name":"mpcontaspr","@id":"https:\/\/www.mpc.pr.gov.br\/#\/schema\/person\/2d83cb8980538d0ec174e8a6284f5e11"},"headline":"MPC-PR apresenta sua atua\u00e7\u00e3o estrat\u00e9gica e projetos especiais na Semana de Integra\u00e7\u00e3o do TCE-PR","datePublished":"2025-05-23T19:43:47+00:00","dateModified":"2025-06-03T12:07:37+00:00","mainEntityOfPage":{"@id":"https:\/\/www.mpc.pr.gov.br\/index.php\/mpc-pr-apresenta-sua-atuacao-estrategica-e-projetos-especiais-na-semana-de-integracao-do-tce-pr\/"},"wordCount":348,"commentCount":0,"publisher":{"@id":"https:\/\/www.mpc.pr.gov.br\/#organization"},"image":{"@id":"https:\/\/www.mpc.pr.gov.br\/index.php\/mpc-pr-apresenta-sua-atuacao-estrategica-e-projetos-especiais-na-semana-de-integracao-do-tce-pr\/#primaryimage"},"thumbnailUrl":"https:\/\/www.mpc.pr.gov.br\/wp-content\/uploads\/2025\/05\/WhatsApp-Image-2025-05-23-at-11.16.11-scaled.jpeg","keywords":["MPC-PR","TCE-PR"],"articleSection":["Todas as not\u00edcias"],"inLanguage":"pt-BR","potentialAction":[{"@type":"CommentAction","name":"Comment","target":["https:\/\/www.mpc.pr.gov.br\/index.php\/mpc-pr-apresenta-sua-atuacao-estrategica-e-projetos-especiais-na-semana-de-integracao-do-tce-pr\/#respond"]}]},{"@type":"WebPage","@id":"https:\/\/www.mpc.pr.gov.br\/index.php\/mpc-pr-apresenta-sua-atuacao-estrategica-e-projetos-especiais-na-semana-de-integracao-do-tce-pr\/","url":"https:\/\/www.mpc.pr.gov.br\/index.php\/mpc-pr-apresenta-sua-atuacao-estrategica-e-projetos-especiais-na-semana-de-integracao-do-tce-pr\/","name":"MPC-PR apresenta sua atua\u00e7\u00e3o estrat\u00e9gica e projetos especiais na Semana de Integra\u00e7\u00e3o do TCE-PR - Minist\u00e9rio P\u00fablico de Contas do Estado do Paran\u00e1","isPartOf":{"@id":"https:\/\/www.mpc.pr.gov.br\/#website"},"primaryImageOfPage":{"@id":"https:\/\/www.mpc.pr.gov.br\/index.php\/mpc-pr-apresenta-sua-atuacao-estrategica-e-projetos-especiais-na-semana-de-integracao-do-tce-pr\/#primaryimage"},"image":{"@id":"https:\/\/www.mpc.pr.gov.br\/index.php\/mpc-pr-apresenta-sua-atuacao-estrategica-e-projetos-especiais-na-semana-de-integracao-do-tce-pr\/#primaryimage"},"thumbnailUrl":"https:\/\/www.mpc.pr.gov.br\/wp-content\/uploads\/2025\/05\/WhatsApp-Image-2025-05-23-at-11.16.11-scaled.jpeg","datePublished":"2025-05-23T19:43:47+00:00","dateModified":"2025-06-03T12:07:37+00:00","breadcrumb":{"@id":"https:\/\/www.mpc.pr.gov.br\/index.php\/mpc-pr-apresenta-sua-atuacao-estrategica-e-projetos-especiais-na-semana-de-integracao-do-tce-pr\/#breadcrumb"},"inLanguage":"pt-BR","potentialAction":[{"@type":"ReadAction","target":["https:\/\/www.mpc.pr.gov.br\/index.php\/mpc-pr-apresenta-sua-atuacao-estrategica-e-projetos-especiais-na-semana-de-integracao-do-tce-pr\/"]}]},{"@type":"ImageObject","inLanguage":"pt-BR","@id":"https:\/\/www.mpc.pr.gov.br\/index.php\/mpc-pr-apresenta-sua-atuacao-estrategica-e-projetos-especiais-na-semana-de-integracao-do-tce-pr\/#primaryimage","url":"https:\/\/www.mpc.pr.gov.br\/wp-content\/uploads\/2025\/05\/WhatsApp-Image-2025-05-23-at-11.16.11-scaled.jpeg","contentUrl":"https:\/\/www.mpc.pr.gov.br\/wp-content\/uploads\/2025\/05\/WhatsApp-Image-2025-05-23-at-11.16.11-scaled.jpeg","width":2560,"height":1920},{"@type":"BreadcrumbList","@id":"https:\/\/www.mpc.pr.gov.br\/index.php\/mpc-pr-apresenta-sua-atuacao-estrategica-e-projetos-especiais-na-semana-de-integracao-do-tce-pr\/#breadcrumb","itemListElement":[{"@type":"ListItem","position":1,"name":"In\u00edcio","item":"https:\/\/www.mpc.pr.gov.br\/"},{"@type":"ListItem","position":2,"name":"MPC-PR apresenta sua atua\u00e7\u00e3o estrat\u00e9gica e projetos especiais na Semana de Integra\u00e7\u00e3o do TCE-PR"}]},{"@type":"WebSite","@id":"https:\/\/www.mpc.pr.gov.br\/#website","url":"https:\/\/www.mpc.pr.gov.br\/","name":"Minist\u00e9rio P\u00fablico de Contas do Estado do Paran\u00e1","description":"","publisher":{"@id":"https:\/\/www.mpc.pr.gov.br\/#organization"},"potentialAction":[{"@type":"SearchAction","target":{"@type":"EntryPoint","urlTemplate":"https:\/\/www.mpc.pr.gov.br\/?s={search_term_string}"},"query-input":{"@type":"PropertyValueSpecification","valueRequired":true,"valueName":"search_term_string"}}],"inLanguage":"pt-BR"},{"@type":"Organization","@id":"https:\/\/www.mpc.pr.gov.br\/#organization","name":"Minist\u00e9rio P\u00fablico de Contas do Estado do Paran\u00e1","url":"https:\/\/www.mpc.pr.gov.br\/","logo":{"@type":"ImageObject","inLanguage":"pt-BR","@id":"https:\/\/www.mpc.pr.gov.br\/#\/schema\/logo\/image\/","url":"https:\/\/www.mpc.pr.gov.br\/wp-content\/uploads\/2020\/06\/99423647_1593460364143890_6706793420720963584_n-1-e1591387983167.png","contentUrl":"https:\/\/www.mpc.pr.gov.br\/wp-content\/uploads\/2020\/06\/99423647_1593460364143890_6706793420720963584_n-1-e1591387983167.png","width":243,"height":73,"caption":"Minist\u00e9rio P\u00fablico de Contas do Estado do Paran\u00e1"},"image":{"@id":"https:\/\/www.mpc.pr.gov.br\/#\/schema\/logo\/image\/"},"sameAs":["https:\/\/www.facebook.com\/mpc.pr","https:\/\/www.instagram.com\/mpc.pr\/?hl=pt-br","https:\/\/www.youtube.com\/channel\/UCHri5oEM8DV0ztX57E0sBSw"]},{"@type":"Person","@id":"https:\/\/www.mpc.pr.gov.br\/#\/schema\/person\/2d83cb8980538d0ec174e8a6284f5e11","name":"mpcontaspr","image":{"@type":"ImageObject","inLanguage":"pt-BR","@id":"https:\/\/secure.gravatar.com\/avatar\/1aef51541db7622e05fd639336c9c9f312c2a618396e2b6ca96846362fc5403f?s=96&d=mm&r=g","url":"https:\/\/secure.gravatar.com\/avatar\/1aef51541db7622e05fd639336c9c9f312c2a618396e2b6ca96846362fc5403f?s=96&d=mm&r=g","contentUrl":"https:\/\/secure.gravatar.com\/avatar\/1aef51541db7622e05fd639336c9c9f312c2a618396e2b6ca96846362fc5403f?s=96&d=mm&r=g","caption":"mpcontaspr"},"sameAs":["http:\/\/www.mpc.pr.gov.br"]}]}},"rttpg_featured_image_url":{"full":["https:\/\/www.mpc.pr.gov.br\/wp-content\/uploads\/2025\/05\/WhatsApp-Image-2025-05-23-at-11.16.11-scaled.jpeg",2560,1920,false],"landscape":["https:\/\/www.mpc.pr.gov.br\/wp-content\/uploads\/2025\/05\/WhatsApp-Image-2025-05-23-at-11.16.11-scaled.jpeg",2560,1920,false],"portraits":["https:\/\/www.mpc.pr.gov.br\/wp-content\/uploads\/2025\/05\/WhatsApp-Image-2025-05-23-at-11.16.11-scaled.jpeg",2560,1920,false],"thumbnail":["https:\/\/www.mpc.pr.gov.br\/wp-content\/uploads\/2025\/05\/WhatsApp-Image-2025-05-23-at-11.16.11-150x150.jpeg",150,150,true],"medium":["https:\/\/www.mpc.pr.gov.br\/wp-content\/uploads\/2025\/05\/WhatsApp-Image-2025-05-23-at-11.16.11-300x225.jpeg",300,225,true],"large":["https:\/\/www.mpc.pr.gov.br\/wp-content\/uploads\/2025\/05\/WhatsApp-Image-2025-05-23-at-11.16.11-1024x768.jpeg",1024,768,true],"1536x1536":["https:\/\/www.mpc.pr.gov.br\/wp-content\/uploads\/2025\/05\/WhatsApp-Image-2025-05-23-at-11.16.11-1536x1152.jpeg",1536,1152,true],"2048x2048":["https:\/\/www.mpc.pr.gov.br\/wp-content\/uploads\/2025\/05\/WhatsApp-Image-2025-05-23-at-11.16.11-2048x1536.jpeg",2048,1536,true],"ocean-thumb-m":["https:\/\/www.mpc.pr.gov.br\/wp-content\/uploads\/2025\/05\/WhatsApp-Image-2025-05-23-at-11.16.11-600x600.jpeg",600,600,true],"ocean-thumb-ml":["https:\/\/www.mpc.pr.gov.br\/wp-content\/uploads\/2025\/05\/WhatsApp-Image-2025-05-23-at-11.16.11-800x450.jpeg",800,450,true],"ocean-thumb-l":["https:\/\/www.mpc.pr.gov.br\/wp-content\/uploads\/2025\/05\/WhatsApp-Image-2025-05-23-at-11.16.11-1200x700.jpeg",1200,700,true]},"rttpg_author":{"display_name":"mpcontaspr","author_link":"https:\/\/www.mpc.pr.gov.br\/index.php\/author\/mpcontaspr\/"},"rttpg_comment":6,"rttpg_category":"<a href=\"https:\/\/www.mpc.pr.gov.br\/index.php\/category\/todas-as-noticias\/\" rel=\"category tag\">Todas as not\u00edcias<\/a>","rttpg_excerpt":"Nesta manh\u00e3 de sexta-feira (23 de maio), representando o Minist\u00e9rio P\u00fablico de Contas do Paran\u00e1 (MPC-PR), o Procurador-Geral Gabriel Guy L\u00e9ger participou da 5\u00aa Semana de Integra\u00e7\u00e3o do Tribunal de Contas do Estado (TCE-PR). Al\u00e9m de promover o alinhamento institucional, ao longo de tr\u00eas manh\u00e3s (de 21 a 23 de maio) o evento proporcionou aos&hellip;","_links":{"self":[{"href":"https:\/\/www.mpc.pr.gov.br\/index.php\/wp-json\/wp\/v2\/posts\/23593","targetHints":{"allow":["GET"]}}],"collection":[{"href":"https:\/\/www.mpc.pr.gov.br\/index.php\/wp-json\/wp\/v2\/posts"}],"about":[{"href":"https:\/\/www.mpc.pr.gov.br\/index.php\/wp-json\/wp\/v2\/types\/post"}],"author":[{"embeddable":true,"href":"https:\/\/www.mpc.pr.gov.br\/index.php\/wp-json\/wp\/v2\/users\/1"}],"replies":[{"embeddable":true,"href":"https:\/\/www.mpc.pr.gov.br\/index.php\/wp-json\/wp\/v2\/comments?post=23593"}],"version-history":[{"count":1,"href":"https:\/\/www.mpc.pr.gov.br\/index.php\/wp-json\/wp\/v2\/posts\/23593\/revisions"}],"predecessor-version":[{"id":23596,"href":"https:\/\/www.mpc.pr.gov.br\/index.php\/wp-json\/wp\/v2\/posts\/23593\/revisions\/23596"}],"wp:featuredmedia":[{"embeddable":true,"href":"https:\/\/www.mpc.pr.gov.br\/index.php\/wp-json\/wp\/v2\/media\/23595"}],"wp:attachment":[{"href":"https:\/\/www.mpc.pr.gov.br\/index.php\/wp-json\/wp\/v2\/media?parent=23593"}],"wp:term":[{"taxonomy":"category","embeddable":true,"href":"https:\/\/www.mpc.pr.gov.br\/index.php\/wp-json\/wp\/v2\/categories?post=23593"},{"taxonomy":"post_tag","embeddable":true,"href":"https:\/\/www.mpc.pr.gov.br\/index.php\/wp-json\/wp\/v2\/tags?post=23593"}],"curies":[{"name":"wp","href":"https:\/\/api.w.org\/{rel}","templated":true}]}}