{"id":23598,"date":"2025-05-26T14:49:24","date_gmt":"2025-05-26T17:49:24","guid":{"rendered":"https:\/\/www.mpc.pr.gov.br\/?p=23598"},"modified":"2025-06-03T13:28:30","modified_gmt":"2025-06-03T16:28:30","slug":"mpc-pr-capacita-servidores-sobre-tecnicas-de-inteligencia-e-contrainteligencia","status":"publish","type":"post","link":"https:\/\/www.mpc.pr.gov.br\/index.php\/mpc-pr-capacita-servidores-sobre-tecnicas-de-inteligencia-e-contrainteligencia\/","title":{"rendered":"MPC-PR capacita servidores sobre t\u00e9cnicas de Intelig\u00eancia e Contraintelig\u00eancia"},"content":{"rendered":"<p><span data-contrast=\"auto\"><img fetchpriority=\"high\" decoding=\"async\" class=\"size-medium wp-image-23600 alignleft\" src=\"https:\/\/www.mpc.pr.gov.br\/wp-content\/uploads\/2025\/05\/Arte-site-Curso-Boas-Praticas-de-Inteligencia-e-Contrainteligencia-300x169.jpg\" alt=\"\" width=\"300\" height=\"169\" srcset=\"https:\/\/www.mpc.pr.gov.br\/wp-content\/uploads\/2025\/05\/Arte-site-Curso-Boas-Praticas-de-Inteligencia-e-Contrainteligencia-300x169.jpg 300w, https:\/\/www.mpc.pr.gov.br\/wp-content\/uploads\/2025\/05\/Arte-site-Curso-Boas-Praticas-de-Inteligencia-e-Contrainteligencia-768x432.jpg 768w, https:\/\/www.mpc.pr.gov.br\/wp-content\/uploads\/2025\/05\/Arte-site-Curso-Boas-Praticas-de-Inteligencia-e-Contrainteligencia.jpg 800w\" sizes=\"(max-width: 300px) 100vw, 300px\" \/>Com o objetivo de fortalecer a cultura de seguran\u00e7a da informa\u00e7\u00e3o e aprimorar as t\u00e9cnicas de investiga\u00e7\u00e3o no setor p\u00fablico, o Minist\u00e9rio P\u00fablico de Contas do Paran\u00e1 (MPC-PR) promoveu o curso online \u201cBoas pr\u00e1ticas de intelig\u00eancia e contraintelig\u00eancia no suporte \u00e0s investiga\u00e7\u00f5es e na prote\u00e7\u00e3o contra vazamentos de informa\u00e7\u00e3o\u201d, ministrado pelo especialista Coronel Moretzsohn, na \u00faltima sexta-feira (23 de maio).<\/span><span data-ccp-props=\"{&quot;134233117&quot;:false,&quot;134233118&quot;:false,&quot;201341983&quot;:0,&quot;335551550&quot;:6,&quot;335551620&quot;:6,&quot;335559738&quot;:240,&quot;335559739&quot;:240,&quot;335559740&quot;:360}\">\u00a0<\/span><\/p>\n<p><span data-contrast=\"auto\">Cerca de 70 participantes, entre Membros, servidores e estagi\u00e1rios dos Minist\u00e9rios P\u00fablicos de Contas de diversos Estados participaram da capacita\u00e7\u00e3o, a qual integra o Programa Trilhas de Forma\u00e7\u00e3o e Especializa\u00e7\u00e3o Avan\u00e7ada, voltado ao desenvolvimento de compet\u00eancias nas \u00e1reas de Intelig\u00eancia, Inova\u00e7\u00e3o e Transforma\u00e7\u00e3o Digital.<\/span><span data-ccp-props=\"{&quot;134233117&quot;:false,&quot;134233118&quot;:false,&quot;201341983&quot;:0,&quot;335551550&quot;:6,&quot;335551620&quot;:6,&quot;335559738&quot;:240,&quot;335559739&quot;:240,&quot;335559740&quot;:360}\">\u00a0<\/span><\/p>\n<p><span data-contrast=\"auto\">Durante a abertura, o Procurador-Geral Gabriel Guy L\u00e9ger agradeceu ao palestrante e destacou a import\u00e2ncia do programa e demais eventos promovidos pelo MPC-PR, que tem intensificado seus esfor\u00e7os para alinhar a atua\u00e7\u00e3o institucional \u00e0s melhores pr\u00e1ticas de governan\u00e7a, seguran\u00e7a da informa\u00e7\u00e3o e combate \u00e0 corrup\u00e7\u00e3o.<\/span><span data-ccp-props=\"{&quot;134233117&quot;:false,&quot;134233118&quot;:false,&quot;201341983&quot;:0,&quot;335551550&quot;:6,&quot;335551620&quot;:6,&quot;335559738&quot;:240,&quot;335559739&quot;:240,&quot;335559740&quot;:360}\">\u00a0<\/span><\/p>\n<h4><b><span data-contrast=\"auto\">Fortalecendo a seguran\u00e7a no setor p\u00fablico<\/span><\/b><span data-ccp-props=\"{&quot;134233117&quot;:false,&quot;134233118&quot;:false,&quot;201341983&quot;:0,&quot;335551550&quot;:6,&quot;335551620&quot;:6,&quot;335559738&quot;:240,&quot;335559739&quot;:240,&quot;335559740&quot;:360}\">\u00a0<\/span><\/h4>\n<p><span data-contrast=\"auto\">Enquanto a Intelig\u00eancia consiste no processo de coletar, analisar e interpretar informa\u00e7\u00f5es sens\u00edveis e estrat\u00e9gicas, com o objetivo de subsidiar a tomada de decis\u00f5es, a Contraintelig\u00eancia se dedica \u00e0 prote\u00e7\u00e3o das informa\u00e7\u00f5es institucionais, prevenindo vazamentos, espionagem, fraudes e sabotagens.<\/span><span data-ccp-props=\"{&quot;134233117&quot;:false,&quot;134233118&quot;:false,&quot;201341983&quot;:0,&quot;335551550&quot;:6,&quot;335551620&quot;:6,&quot;335559738&quot;:240,&quot;335559739&quot;:240,&quot;335559740&quot;:360}\">\u00a0<\/span><\/p>\n<p><span data-contrast=\"auto\">Esses foram alguns dos conceitos apresentados <\/span><span data-contrast=\"none\">durante o curso <\/span><span data-contrast=\"auto\">pelo Coronel Moretzsohn, especialista em Intelig\u00eancia e Contraintelig\u00eancia pela Ag\u00eancia Brasileira de Intelig\u00eancia (ABIN).<\/span><span data-ccp-props=\"{&quot;134233117&quot;:false,&quot;134233118&quot;:false,&quot;201341983&quot;:0,&quot;335551550&quot;:6,&quot;335551620&quot;:6,&quot;335559738&quot;:240,&quot;335559739&quot;:240,&quot;335559740&quot;:360}\">\u00a0<\/span><\/p>\n<p><span data-contrast=\"auto\">Com vasta experi\u00eancia em a\u00e7\u00f5es de repress\u00e3o \u00e0s organiza\u00e7\u00f5es criminosas narcoterroristas em regi\u00f5es estrat\u00e9gicas como a Amaz\u00f4nia e a Tr\u00edplice Fronteira, Moretzsohn compartilhou diversas t\u00e9cnicas que podem auxiliar os \u00f3rg\u00e3os de controle, tanto nas atividades de fiscaliza\u00e7\u00e3o quanto na prote\u00e7\u00e3o de informa\u00e7\u00f5es estrat\u00e9gicas, dentre elas:<\/span><span data-ccp-props=\"{&quot;134233117&quot;:false,&quot;134233118&quot;:false,&quot;201341983&quot;:0,&quot;335551550&quot;:6,&quot;335551620&quot;:6,&quot;335559738&quot;:240,&quot;335559739&quot;:240,&quot;335559740&quot;:360}\">\u00a0<\/span><\/p>\n<blockquote>\n<ul>\n<li><span data-contrast=\"auto\">o uso de fontes abertas (como m\u00eddias digitais, registros p\u00fablicos e portais de transpar\u00eancia);<\/span><\/li>\n<li><span data-contrast=\"auto\">realiza\u00e7\u00e3o de entrevistas ou conversas informais com membros e\/ou ex-membros das organiza\u00e7\u00f5es; e<\/span><span data-ccp-props=\"{&quot;134233117&quot;:false,&quot;134233118&quot;:false,&quot;201341983&quot;:0,&quot;335551550&quot;:6,&quot;335551620&quot;:6,&quot;335559738&quot;:240,&quot;335559739&quot;:240,&quot;335559740&quot;:360}\">\u00a0<\/span><\/li>\n<li><span data-contrast=\"auto\">levantamento documental e cruzamento de dados.<\/span><span data-ccp-props=\"{&quot;134233117&quot;:false,&quot;134233118&quot;:false,&quot;201341983&quot;:0,&quot;335551550&quot;:6,&quot;335551620&quot;:6,&quot;335559738&quot;:240,&quot;335559739&quot;:240,&quot;335559740&quot;:360}\">\u00a0<\/span><\/li>\n<\/ul>\n<\/blockquote>\n<p><span data-contrast=\"auto\">Moretzsohn ressaltou que <\/span><span data-contrast=\"none\">algumas pr\u00e1ticas criminosas utilizam, como base, t\u00e9cnicas de engenharia social<\/span><span data-contrast=\"auto\">, tendo em vista que a maior vulnerabilidade n\u00e3o est\u00e1 na tecnologia, mas nas pessoas. Tal metodologia consiste no uso de t\u00e9cnicas de manipula\u00e7\u00e3o que visam induzir algu\u00e9m, muitas vezes sem perceber, a revelar informa\u00e7\u00f5es sens\u00edveis.\u00a0<\/span><span data-ccp-props=\"{&quot;134233117&quot;:false,&quot;134233118&quot;:false,&quot;201341983&quot;:0,&quot;335551550&quot;:6,&quot;335551620&quot;:6,&quot;335559685&quot;:0,&quot;335559738&quot;:240,&quot;335559739&quot;:240,&quot;335559740&quot;:360}\">\u00a0<\/span><\/p>\n<p><span data-contrast=\"auto\">Por isso, alertou sobre a necessidade de que os \u00f3rg\u00e3os de controle estejam atentos n\u00e3o s\u00f3 \u00e0s suas frentes investigativas, mas tamb\u00e9m \u00e0 sua pr\u00f3pria prote\u00e7\u00e3o informacional. Nesse sentido, o palestrante explorou quest\u00f5es relativas as pr\u00e1ticas de contraintelig\u00eancia preventiva, que englobam o controle rigoroso de acesso a documentos e sistemas, implementa\u00e7\u00e3o de protocolos de seguran\u00e7a da informa\u00e7\u00e3o e ado\u00e7\u00e3o de boas pr\u00e1ticas para prote\u00e7\u00e3o de dados sens\u00edveis e sigilosos.<\/span><span data-ccp-props=\"{&quot;134233117&quot;:false,&quot;134233118&quot;:false,&quot;201341983&quot;:0,&quot;335551550&quot;:6,&quot;335551620&quot;:6,&quot;335559685&quot;:0,&quot;335559738&quot;:240,&quot;335559739&quot;:240,&quot;335559740&quot;:360}\">\u00a0<\/span><\/p>\n<p><span data-contrast=\"auto\">Ao final, Moretzsohn destacou que as atividades de intelig\u00eancia no setor p\u00fablico devem ser pautadas pelos limites legais e administrativos de cada \u00f3rg\u00e3o, sem jamais extrapolar para pr\u00e1ticas invasivas, fraudulentas ou que possam configurar viola\u00e7\u00f5es de direitos. A intelig\u00eancia deve ser uma ferramenta de prote\u00e7\u00e3o da sociedade, e n\u00e3o de viola\u00e7\u00e3o de garantias.<\/span><span data-ccp-props=\"{&quot;134233117&quot;:false,&quot;134233118&quot;:false,&quot;201341983&quot;:0,&quot;335551550&quot;:6,&quot;335551620&quot;:6,&quot;335559685&quot;:0,&quot;335559738&quot;:240,&quot;335559739&quot;:240,&quot;335559740&quot;:360}\">\u00a0<\/span><\/p>\n<h4><b><span data-contrast=\"auto\">Atua\u00e7\u00e3o estrat\u00e9gica<\/span><\/b><span data-ccp-props=\"{&quot;134233117&quot;:false,&quot;134233118&quot;:false,&quot;201341983&quot;:0,&quot;335551550&quot;:6,&quot;335551620&quot;:6,&quot;335559685&quot;:0,&quot;335559738&quot;:240,&quot;335559739&quot;:240,&quot;335559740&quot;:360}\">\u00a0<\/span><\/h4>\n<p><span data-contrast=\"auto\">O curso \u201cBoas pr\u00e1ticas de intelig\u00eancia e contraintelig\u00eancia no suporte \u00e0s investiga\u00e7\u00f5es e na prote\u00e7\u00e3o contra vazamentos de informa\u00e7\u00e3o\u201d foi a terceira capacita\u00e7\u00e3o do Programa Trilhas de Forma\u00e7\u00e3o e Especializa\u00e7\u00e3o Avan\u00e7ada do MPC-PR.<\/span><span data-ccp-props=\"{&quot;134233117&quot;:false,&quot;134233118&quot;:false,&quot;201341983&quot;:0,&quot;335551550&quot;:6,&quot;335551620&quot;:6,&quot;335559685&quot;:0,&quot;335559738&quot;:240,&quot;335559739&quot;:240,&quot;335559740&quot;:360}\">\u00a0<\/span><\/p>\n<p><span data-contrast=\"auto\">Al\u00e9m desse, tamb\u00e9m foram realizadas as capacita\u00e7\u00f5es com os temas \u201c<a href=\"https:\/\/www.mpc.pr.gov.br\/index.php\/curso-do-mpc-pr-capacita-servidores-sobre-atividades-de-inteligencia-e-gestao-de-sigilos\/\">Atividades de Intelig\u00eancia e Gest\u00e3o de Sigilos<\/a>\u201d e \u201c<a href=\"https:\/\/www.mpc.pr.gov.br\/index.php\/transformacao-digital-mpc-pr-capacita-servidores-sobre-hackathons-de-ferramentas-de-inovacao\/\">Hackathons e Ferramentas de Inova\u00e7\u00e3o Aberta<\/a>\u201c, proporcionando aos participantes uma atualiza\u00e7\u00e3o cont\u00ednua com base nas melhores pr\u00e1ticas nacionais e internacionais.\u00a0<\/span><span data-ccp-props=\"{&quot;134233117&quot;:false,&quot;134233118&quot;:false,&quot;201341983&quot;:0,&quot;335551550&quot;:6,&quot;335551620&quot;:6,&quot;335559685&quot;:0,&quot;335559738&quot;:240,&quot;335559739&quot;:240,&quot;335559740&quot;:360}\">\u00a0<\/span><\/p>\n<p><span data-contrast=\"auto\">A iniciativa reflete o compromisso do MPC-PR em manter uma atua\u00e7\u00e3o proativa, estrat\u00e9gica e alinhada \u00e0s novas demandas da Administra\u00e7\u00e3o P\u00fablica e da sociedade.<\/span><span data-ccp-props=\"{&quot;134233117&quot;:false,&quot;134233118&quot;:false,&quot;201341983&quot;:0,&quot;335551550&quot;:6,&quot;335551620&quot;:6,&quot;335559685&quot;:0,&quot;335559738&quot;:240,&quot;335559739&quot;:240,&quot;335559740&quot;:360}\">\u00a0<\/span><\/p>\n","protected":false},"excerpt":{"rendered":"<p>Com o objetivo de fortalecer a cultura de seguran\u00e7a da informa\u00e7\u00e3o e aprimorar as t\u00e9cnicas de investiga\u00e7\u00e3o no setor p\u00fablico, o Minist\u00e9rio P\u00fablico de Contas do Paran\u00e1 (MPC-PR) promoveu o curso online \u201cBoas pr\u00e1ticas de intelig\u00eancia e contraintelig\u00eancia no suporte \u00e0s investiga\u00e7\u00f5es e na prote\u00e7\u00e3o contra vazamentos de informa\u00e7\u00e3o\u201d, ministrado pelo especialista Coronel Moretzsohn, na [&hellip;]<\/p>\n","protected":false},"author":1,"featured_media":23600,"comment_status":"open","ping_status":"open","sticky":false,"template":"","format":"standard","meta":{"_monsterinsights_skip_tracking":false,"_monsterinsights_sitenote_active":false,"_monsterinsights_sitenote_note":"","_monsterinsights_sitenote_category":0,"footnotes":""},"categories":[7],"tags":[634,475,747,37,711,13],"class_list":["post-23598","post","type-post","status-publish","format-standard","has-post-thumbnail","hentry","category-todas-as-noticias","tag-boas-praticas","tag-capacitacao","tag-contrainteligencia","tag-curso","tag-inteligencia","tag-mpc-pr","entry","has-media"],"yoast_head":"<!-- This site is optimized with the Yoast SEO plugin v27.3 - https:\/\/yoast.com\/product\/yoast-seo-wordpress\/ -->\n<title>MPC-PR capacita servidores sobre t\u00e9cnicas de Intelig\u00eancia e Contraintelig\u00eancia - Minist\u00e9rio P\u00fablico de Contas do Estado do Paran\u00e1<\/title>\n<meta name=\"robots\" content=\"index, follow, max-snippet:-1, max-image-preview:large, max-video-preview:-1\" \/>\n<link rel=\"canonical\" href=\"https:\/\/www.mpc.pr.gov.br\/index.php\/mpc-pr-capacita-servidores-sobre-tecnicas-de-inteligencia-e-contrainteligencia\/\" \/>\n<meta property=\"og:locale\" content=\"pt_BR\" \/>\n<meta property=\"og:type\" content=\"article\" \/>\n<meta property=\"og:title\" content=\"MPC-PR capacita servidores sobre t\u00e9cnicas de Intelig\u00eancia e Contraintelig\u00eancia - Minist\u00e9rio P\u00fablico de Contas do Estado do Paran\u00e1\" \/>\n<meta property=\"og:description\" content=\"Com o objetivo de fortalecer a cultura de seguran\u00e7a da informa\u00e7\u00e3o e aprimorar as t\u00e9cnicas de investiga\u00e7\u00e3o no setor p\u00fablico, o Minist\u00e9rio P\u00fablico de Contas do Paran\u00e1 (MPC-PR) promoveu o curso online \u201cBoas pr\u00e1ticas de intelig\u00eancia e contraintelig\u00eancia no suporte \u00e0s investiga\u00e7\u00f5es e na prote\u00e7\u00e3o contra vazamentos de informa\u00e7\u00e3o\u201d, ministrado pelo especialista Coronel Moretzsohn, na [&hellip;]\" \/>\n<meta property=\"og:url\" content=\"https:\/\/www.mpc.pr.gov.br\/index.php\/mpc-pr-capacita-servidores-sobre-tecnicas-de-inteligencia-e-contrainteligencia\/\" \/>\n<meta property=\"og:site_name\" content=\"Minist\u00e9rio P\u00fablico de Contas do Estado do Paran\u00e1\" \/>\n<meta property=\"article:publisher\" content=\"https:\/\/www.facebook.com\/mpc.pr\" \/>\n<meta property=\"article:published_time\" content=\"2025-05-26T17:49:24+00:00\" \/>\n<meta property=\"article:modified_time\" content=\"2025-06-03T16:28:30+00:00\" \/>\n<meta property=\"og:image\" content=\"https:\/\/www.mpc.pr.gov.br\/wp-content\/uploads\/2025\/05\/Arte-site-Curso-Boas-Praticas-de-Inteligencia-e-Contrainteligencia.jpg\" \/>\n\t<meta property=\"og:image:width\" content=\"800\" \/>\n\t<meta property=\"og:image:height\" content=\"450\" \/>\n\t<meta property=\"og:image:type\" content=\"image\/jpeg\" \/>\n<meta name=\"author\" content=\"mpcontaspr\" \/>\n<meta name=\"twitter:card\" content=\"summary_large_image\" \/>\n<meta name=\"twitter:label1\" content=\"Escrito por\" \/>\n\t<meta name=\"twitter:data1\" content=\"mpcontaspr\" \/>\n\t<meta name=\"twitter:label2\" content=\"Est. tempo de leitura\" \/>\n\t<meta name=\"twitter:data2\" content=\"4 minutos\" \/>\n<script type=\"application\/ld+json\" class=\"yoast-schema-graph\">{\"@context\":\"https:\\\/\\\/schema.org\",\"@graph\":[{\"@type\":\"Article\",\"@id\":\"https:\\\/\\\/www.mpc.pr.gov.br\\\/index.php\\\/mpc-pr-capacita-servidores-sobre-tecnicas-de-inteligencia-e-contrainteligencia\\\/#article\",\"isPartOf\":{\"@id\":\"https:\\\/\\\/www.mpc.pr.gov.br\\\/index.php\\\/mpc-pr-capacita-servidores-sobre-tecnicas-de-inteligencia-e-contrainteligencia\\\/\"},\"author\":{\"name\":\"mpcontaspr\",\"@id\":\"https:\\\/\\\/www.mpc.pr.gov.br\\\/#\\\/schema\\\/person\\\/2d83cb8980538d0ec174e8a6284f5e11\"},\"headline\":\"MPC-PR capacita servidores sobre t\u00e9cnicas de Intelig\u00eancia e Contraintelig\u00eancia\",\"datePublished\":\"2025-05-26T17:49:24+00:00\",\"dateModified\":\"2025-06-03T16:28:30+00:00\",\"mainEntityOfPage\":{\"@id\":\"https:\\\/\\\/www.mpc.pr.gov.br\\\/index.php\\\/mpc-pr-capacita-servidores-sobre-tecnicas-de-inteligencia-e-contrainteligencia\\\/\"},\"wordCount\":693,\"commentCount\":0,\"publisher\":{\"@id\":\"https:\\\/\\\/www.mpc.pr.gov.br\\\/#organization\"},\"image\":{\"@id\":\"https:\\\/\\\/www.mpc.pr.gov.br\\\/index.php\\\/mpc-pr-capacita-servidores-sobre-tecnicas-de-inteligencia-e-contrainteligencia\\\/#primaryimage\"},\"thumbnailUrl\":\"https:\\\/\\\/www.mpc.pr.gov.br\\\/wp-content\\\/uploads\\\/2025\\\/05\\\/Arte-site-Curso-Boas-Praticas-de-Inteligencia-e-Contrainteligencia.jpg\",\"keywords\":[\"Boas Pr\u00e1ticas\",\"Capacita\u00e7\u00e3o\",\"Contraintelig\u00eancia\",\"Curso\",\"Intelig\u00eancia\",\"MPC-PR\"],\"articleSection\":[\"Todas as not\u00edcias\"],\"inLanguage\":\"pt-BR\",\"potentialAction\":[{\"@type\":\"CommentAction\",\"name\":\"Comment\",\"target\":[\"https:\\\/\\\/www.mpc.pr.gov.br\\\/index.php\\\/mpc-pr-capacita-servidores-sobre-tecnicas-de-inteligencia-e-contrainteligencia\\\/#respond\"]}]},{\"@type\":\"WebPage\",\"@id\":\"https:\\\/\\\/www.mpc.pr.gov.br\\\/index.php\\\/mpc-pr-capacita-servidores-sobre-tecnicas-de-inteligencia-e-contrainteligencia\\\/\",\"url\":\"https:\\\/\\\/www.mpc.pr.gov.br\\\/index.php\\\/mpc-pr-capacita-servidores-sobre-tecnicas-de-inteligencia-e-contrainteligencia\\\/\",\"name\":\"MPC-PR capacita servidores sobre t\u00e9cnicas de Intelig\u00eancia e Contraintelig\u00eancia - Minist\u00e9rio P\u00fablico de Contas do Estado do Paran\u00e1\",\"isPartOf\":{\"@id\":\"https:\\\/\\\/www.mpc.pr.gov.br\\\/#website\"},\"primaryImageOfPage\":{\"@id\":\"https:\\\/\\\/www.mpc.pr.gov.br\\\/index.php\\\/mpc-pr-capacita-servidores-sobre-tecnicas-de-inteligencia-e-contrainteligencia\\\/#primaryimage\"},\"image\":{\"@id\":\"https:\\\/\\\/www.mpc.pr.gov.br\\\/index.php\\\/mpc-pr-capacita-servidores-sobre-tecnicas-de-inteligencia-e-contrainteligencia\\\/#primaryimage\"},\"thumbnailUrl\":\"https:\\\/\\\/www.mpc.pr.gov.br\\\/wp-content\\\/uploads\\\/2025\\\/05\\\/Arte-site-Curso-Boas-Praticas-de-Inteligencia-e-Contrainteligencia.jpg\",\"datePublished\":\"2025-05-26T17:49:24+00:00\",\"dateModified\":\"2025-06-03T16:28:30+00:00\",\"breadcrumb\":{\"@id\":\"https:\\\/\\\/www.mpc.pr.gov.br\\\/index.php\\\/mpc-pr-capacita-servidores-sobre-tecnicas-de-inteligencia-e-contrainteligencia\\\/#breadcrumb\"},\"inLanguage\":\"pt-BR\",\"potentialAction\":[{\"@type\":\"ReadAction\",\"target\":[\"https:\\\/\\\/www.mpc.pr.gov.br\\\/index.php\\\/mpc-pr-capacita-servidores-sobre-tecnicas-de-inteligencia-e-contrainteligencia\\\/\"]}]},{\"@type\":\"ImageObject\",\"inLanguage\":\"pt-BR\",\"@id\":\"https:\\\/\\\/www.mpc.pr.gov.br\\\/index.php\\\/mpc-pr-capacita-servidores-sobre-tecnicas-de-inteligencia-e-contrainteligencia\\\/#primaryimage\",\"url\":\"https:\\\/\\\/www.mpc.pr.gov.br\\\/wp-content\\\/uploads\\\/2025\\\/05\\\/Arte-site-Curso-Boas-Praticas-de-Inteligencia-e-Contrainteligencia.jpg\",\"contentUrl\":\"https:\\\/\\\/www.mpc.pr.gov.br\\\/wp-content\\\/uploads\\\/2025\\\/05\\\/Arte-site-Curso-Boas-Praticas-de-Inteligencia-e-Contrainteligencia.jpg\",\"width\":800,\"height\":450},{\"@type\":\"BreadcrumbList\",\"@id\":\"https:\\\/\\\/www.mpc.pr.gov.br\\\/index.php\\\/mpc-pr-capacita-servidores-sobre-tecnicas-de-inteligencia-e-contrainteligencia\\\/#breadcrumb\",\"itemListElement\":[{\"@type\":\"ListItem\",\"position\":1,\"name\":\"In\u00edcio\",\"item\":\"https:\\\/\\\/www.mpc.pr.gov.br\\\/\"},{\"@type\":\"ListItem\",\"position\":2,\"name\":\"MPC-PR capacita servidores sobre t\u00e9cnicas de Intelig\u00eancia e Contraintelig\u00eancia\"}]},{\"@type\":\"WebSite\",\"@id\":\"https:\\\/\\\/www.mpc.pr.gov.br\\\/#website\",\"url\":\"https:\\\/\\\/www.mpc.pr.gov.br\\\/\",\"name\":\"Minist\u00e9rio P\u00fablico de Contas do Estado do Paran\u00e1\",\"description\":\"\",\"publisher\":{\"@id\":\"https:\\\/\\\/www.mpc.pr.gov.br\\\/#organization\"},\"potentialAction\":[{\"@type\":\"SearchAction\",\"target\":{\"@type\":\"EntryPoint\",\"urlTemplate\":\"https:\\\/\\\/www.mpc.pr.gov.br\\\/?s={search_term_string}\"},\"query-input\":{\"@type\":\"PropertyValueSpecification\",\"valueRequired\":true,\"valueName\":\"search_term_string\"}}],\"inLanguage\":\"pt-BR\"},{\"@type\":\"Organization\",\"@id\":\"https:\\\/\\\/www.mpc.pr.gov.br\\\/#organization\",\"name\":\"Minist\u00e9rio P\u00fablico de Contas do Estado do Paran\u00e1\",\"url\":\"https:\\\/\\\/www.mpc.pr.gov.br\\\/\",\"logo\":{\"@type\":\"ImageObject\",\"inLanguage\":\"pt-BR\",\"@id\":\"https:\\\/\\\/www.mpc.pr.gov.br\\\/#\\\/schema\\\/logo\\\/image\\\/\",\"url\":\"https:\\\/\\\/www.mpc.pr.gov.br\\\/wp-content\\\/uploads\\\/2020\\\/06\\\/99423647_1593460364143890_6706793420720963584_n-1-e1591387983167.png\",\"contentUrl\":\"https:\\\/\\\/www.mpc.pr.gov.br\\\/wp-content\\\/uploads\\\/2020\\\/06\\\/99423647_1593460364143890_6706793420720963584_n-1-e1591387983167.png\",\"width\":243,\"height\":73,\"caption\":\"Minist\u00e9rio P\u00fablico de Contas do Estado do Paran\u00e1\"},\"image\":{\"@id\":\"https:\\\/\\\/www.mpc.pr.gov.br\\\/#\\\/schema\\\/logo\\\/image\\\/\"},\"sameAs\":[\"https:\\\/\\\/www.facebook.com\\\/mpc.pr\",\"https:\\\/\\\/www.instagram.com\\\/mpc.pr\\\/?hl=pt-br\",\"https:\\\/\\\/www.youtube.com\\\/channel\\\/UCHri5oEM8DV0ztX57E0sBSw\"]},{\"@type\":\"Person\",\"@id\":\"https:\\\/\\\/www.mpc.pr.gov.br\\\/#\\\/schema\\\/person\\\/2d83cb8980538d0ec174e8a6284f5e11\",\"name\":\"mpcontaspr\",\"image\":{\"@type\":\"ImageObject\",\"inLanguage\":\"pt-BR\",\"@id\":\"https:\\\/\\\/secure.gravatar.com\\\/avatar\\\/1aef51541db7622e05fd639336c9c9f312c2a618396e2b6ca96846362fc5403f?s=96&d=mm&r=g\",\"url\":\"https:\\\/\\\/secure.gravatar.com\\\/avatar\\\/1aef51541db7622e05fd639336c9c9f312c2a618396e2b6ca96846362fc5403f?s=96&d=mm&r=g\",\"contentUrl\":\"https:\\\/\\\/secure.gravatar.com\\\/avatar\\\/1aef51541db7622e05fd639336c9c9f312c2a618396e2b6ca96846362fc5403f?s=96&d=mm&r=g\",\"caption\":\"mpcontaspr\"},\"sameAs\":[\"http:\\\/\\\/www.mpc.pr.gov.br\"]}]}<\/script>\n<!-- \/ Yoast SEO plugin. -->","yoast_head_json":{"title":"MPC-PR capacita servidores sobre t\u00e9cnicas de Intelig\u00eancia e Contraintelig\u00eancia - Minist\u00e9rio P\u00fablico de Contas do Estado do Paran\u00e1","robots":{"index":"index","follow":"follow","max-snippet":"max-snippet:-1","max-image-preview":"max-image-preview:large","max-video-preview":"max-video-preview:-1"},"canonical":"https:\/\/www.mpc.pr.gov.br\/index.php\/mpc-pr-capacita-servidores-sobre-tecnicas-de-inteligencia-e-contrainteligencia\/","og_locale":"pt_BR","og_type":"article","og_title":"MPC-PR capacita servidores sobre t\u00e9cnicas de Intelig\u00eancia e Contraintelig\u00eancia - Minist\u00e9rio P\u00fablico de Contas do Estado do Paran\u00e1","og_description":"Com o objetivo de fortalecer a cultura de seguran\u00e7a da informa\u00e7\u00e3o e aprimorar as t\u00e9cnicas de investiga\u00e7\u00e3o no setor p\u00fablico, o Minist\u00e9rio P\u00fablico de Contas do Paran\u00e1 (MPC-PR) promoveu o curso online \u201cBoas pr\u00e1ticas de intelig\u00eancia e contraintelig\u00eancia no suporte \u00e0s investiga\u00e7\u00f5es e na prote\u00e7\u00e3o contra vazamentos de informa\u00e7\u00e3o\u201d, ministrado pelo especialista Coronel Moretzsohn, na [&hellip;]","og_url":"https:\/\/www.mpc.pr.gov.br\/index.php\/mpc-pr-capacita-servidores-sobre-tecnicas-de-inteligencia-e-contrainteligencia\/","og_site_name":"Minist\u00e9rio P\u00fablico de Contas do Estado do Paran\u00e1","article_publisher":"https:\/\/www.facebook.com\/mpc.pr","article_published_time":"2025-05-26T17:49:24+00:00","article_modified_time":"2025-06-03T16:28:30+00:00","og_image":[{"width":800,"height":450,"url":"https:\/\/www.mpc.pr.gov.br\/wp-content\/uploads\/2025\/05\/Arte-site-Curso-Boas-Praticas-de-Inteligencia-e-Contrainteligencia.jpg","type":"image\/jpeg"}],"author":"mpcontaspr","twitter_card":"summary_large_image","twitter_misc":{"Escrito por":"mpcontaspr","Est. tempo de leitura":"4 minutos"},"schema":{"@context":"https:\/\/schema.org","@graph":[{"@type":"Article","@id":"https:\/\/www.mpc.pr.gov.br\/index.php\/mpc-pr-capacita-servidores-sobre-tecnicas-de-inteligencia-e-contrainteligencia\/#article","isPartOf":{"@id":"https:\/\/www.mpc.pr.gov.br\/index.php\/mpc-pr-capacita-servidores-sobre-tecnicas-de-inteligencia-e-contrainteligencia\/"},"author":{"name":"mpcontaspr","@id":"https:\/\/www.mpc.pr.gov.br\/#\/schema\/person\/2d83cb8980538d0ec174e8a6284f5e11"},"headline":"MPC-PR capacita servidores sobre t\u00e9cnicas de Intelig\u00eancia e Contraintelig\u00eancia","datePublished":"2025-05-26T17:49:24+00:00","dateModified":"2025-06-03T16:28:30+00:00","mainEntityOfPage":{"@id":"https:\/\/www.mpc.pr.gov.br\/index.php\/mpc-pr-capacita-servidores-sobre-tecnicas-de-inteligencia-e-contrainteligencia\/"},"wordCount":693,"commentCount":0,"publisher":{"@id":"https:\/\/www.mpc.pr.gov.br\/#organization"},"image":{"@id":"https:\/\/www.mpc.pr.gov.br\/index.php\/mpc-pr-capacita-servidores-sobre-tecnicas-de-inteligencia-e-contrainteligencia\/#primaryimage"},"thumbnailUrl":"https:\/\/www.mpc.pr.gov.br\/wp-content\/uploads\/2025\/05\/Arte-site-Curso-Boas-Praticas-de-Inteligencia-e-Contrainteligencia.jpg","keywords":["Boas Pr\u00e1ticas","Capacita\u00e7\u00e3o","Contraintelig\u00eancia","Curso","Intelig\u00eancia","MPC-PR"],"articleSection":["Todas as not\u00edcias"],"inLanguage":"pt-BR","potentialAction":[{"@type":"CommentAction","name":"Comment","target":["https:\/\/www.mpc.pr.gov.br\/index.php\/mpc-pr-capacita-servidores-sobre-tecnicas-de-inteligencia-e-contrainteligencia\/#respond"]}]},{"@type":"WebPage","@id":"https:\/\/www.mpc.pr.gov.br\/index.php\/mpc-pr-capacita-servidores-sobre-tecnicas-de-inteligencia-e-contrainteligencia\/","url":"https:\/\/www.mpc.pr.gov.br\/index.php\/mpc-pr-capacita-servidores-sobre-tecnicas-de-inteligencia-e-contrainteligencia\/","name":"MPC-PR capacita servidores sobre t\u00e9cnicas de Intelig\u00eancia e Contraintelig\u00eancia - Minist\u00e9rio P\u00fablico de Contas do Estado do Paran\u00e1","isPartOf":{"@id":"https:\/\/www.mpc.pr.gov.br\/#website"},"primaryImageOfPage":{"@id":"https:\/\/www.mpc.pr.gov.br\/index.php\/mpc-pr-capacita-servidores-sobre-tecnicas-de-inteligencia-e-contrainteligencia\/#primaryimage"},"image":{"@id":"https:\/\/www.mpc.pr.gov.br\/index.php\/mpc-pr-capacita-servidores-sobre-tecnicas-de-inteligencia-e-contrainteligencia\/#primaryimage"},"thumbnailUrl":"https:\/\/www.mpc.pr.gov.br\/wp-content\/uploads\/2025\/05\/Arte-site-Curso-Boas-Praticas-de-Inteligencia-e-Contrainteligencia.jpg","datePublished":"2025-05-26T17:49:24+00:00","dateModified":"2025-06-03T16:28:30+00:00","breadcrumb":{"@id":"https:\/\/www.mpc.pr.gov.br\/index.php\/mpc-pr-capacita-servidores-sobre-tecnicas-de-inteligencia-e-contrainteligencia\/#breadcrumb"},"inLanguage":"pt-BR","potentialAction":[{"@type":"ReadAction","target":["https:\/\/www.mpc.pr.gov.br\/index.php\/mpc-pr-capacita-servidores-sobre-tecnicas-de-inteligencia-e-contrainteligencia\/"]}]},{"@type":"ImageObject","inLanguage":"pt-BR","@id":"https:\/\/www.mpc.pr.gov.br\/index.php\/mpc-pr-capacita-servidores-sobre-tecnicas-de-inteligencia-e-contrainteligencia\/#primaryimage","url":"https:\/\/www.mpc.pr.gov.br\/wp-content\/uploads\/2025\/05\/Arte-site-Curso-Boas-Praticas-de-Inteligencia-e-Contrainteligencia.jpg","contentUrl":"https:\/\/www.mpc.pr.gov.br\/wp-content\/uploads\/2025\/05\/Arte-site-Curso-Boas-Praticas-de-Inteligencia-e-Contrainteligencia.jpg","width":800,"height":450},{"@type":"BreadcrumbList","@id":"https:\/\/www.mpc.pr.gov.br\/index.php\/mpc-pr-capacita-servidores-sobre-tecnicas-de-inteligencia-e-contrainteligencia\/#breadcrumb","itemListElement":[{"@type":"ListItem","position":1,"name":"In\u00edcio","item":"https:\/\/www.mpc.pr.gov.br\/"},{"@type":"ListItem","position":2,"name":"MPC-PR capacita servidores sobre t\u00e9cnicas de Intelig\u00eancia e Contraintelig\u00eancia"}]},{"@type":"WebSite","@id":"https:\/\/www.mpc.pr.gov.br\/#website","url":"https:\/\/www.mpc.pr.gov.br\/","name":"Minist\u00e9rio P\u00fablico de Contas do Estado do Paran\u00e1","description":"","publisher":{"@id":"https:\/\/www.mpc.pr.gov.br\/#organization"},"potentialAction":[{"@type":"SearchAction","target":{"@type":"EntryPoint","urlTemplate":"https:\/\/www.mpc.pr.gov.br\/?s={search_term_string}"},"query-input":{"@type":"PropertyValueSpecification","valueRequired":true,"valueName":"search_term_string"}}],"inLanguage":"pt-BR"},{"@type":"Organization","@id":"https:\/\/www.mpc.pr.gov.br\/#organization","name":"Minist\u00e9rio P\u00fablico de Contas do Estado do Paran\u00e1","url":"https:\/\/www.mpc.pr.gov.br\/","logo":{"@type":"ImageObject","inLanguage":"pt-BR","@id":"https:\/\/www.mpc.pr.gov.br\/#\/schema\/logo\/image\/","url":"https:\/\/www.mpc.pr.gov.br\/wp-content\/uploads\/2020\/06\/99423647_1593460364143890_6706793420720963584_n-1-e1591387983167.png","contentUrl":"https:\/\/www.mpc.pr.gov.br\/wp-content\/uploads\/2020\/06\/99423647_1593460364143890_6706793420720963584_n-1-e1591387983167.png","width":243,"height":73,"caption":"Minist\u00e9rio P\u00fablico de Contas do Estado do Paran\u00e1"},"image":{"@id":"https:\/\/www.mpc.pr.gov.br\/#\/schema\/logo\/image\/"},"sameAs":["https:\/\/www.facebook.com\/mpc.pr","https:\/\/www.instagram.com\/mpc.pr\/?hl=pt-br","https:\/\/www.youtube.com\/channel\/UCHri5oEM8DV0ztX57E0sBSw"]},{"@type":"Person","@id":"https:\/\/www.mpc.pr.gov.br\/#\/schema\/person\/2d83cb8980538d0ec174e8a6284f5e11","name":"mpcontaspr","image":{"@type":"ImageObject","inLanguage":"pt-BR","@id":"https:\/\/secure.gravatar.com\/avatar\/1aef51541db7622e05fd639336c9c9f312c2a618396e2b6ca96846362fc5403f?s=96&d=mm&r=g","url":"https:\/\/secure.gravatar.com\/avatar\/1aef51541db7622e05fd639336c9c9f312c2a618396e2b6ca96846362fc5403f?s=96&d=mm&r=g","contentUrl":"https:\/\/secure.gravatar.com\/avatar\/1aef51541db7622e05fd639336c9c9f312c2a618396e2b6ca96846362fc5403f?s=96&d=mm&r=g","caption":"mpcontaspr"},"sameAs":["http:\/\/www.mpc.pr.gov.br"]}]}},"rttpg_featured_image_url":{"full":["https:\/\/www.mpc.pr.gov.br\/wp-content\/uploads\/2025\/05\/Arte-site-Curso-Boas-Praticas-de-Inteligencia-e-Contrainteligencia.jpg",800,450,false],"landscape":["https:\/\/www.mpc.pr.gov.br\/wp-content\/uploads\/2025\/05\/Arte-site-Curso-Boas-Praticas-de-Inteligencia-e-Contrainteligencia.jpg",800,450,false],"portraits":["https:\/\/www.mpc.pr.gov.br\/wp-content\/uploads\/2025\/05\/Arte-site-Curso-Boas-Praticas-de-Inteligencia-e-Contrainteligencia.jpg",800,450,false],"thumbnail":["https:\/\/www.mpc.pr.gov.br\/wp-content\/uploads\/2025\/05\/Arte-site-Curso-Boas-Praticas-de-Inteligencia-e-Contrainteligencia-150x150.jpg",150,150,true],"medium":["https:\/\/www.mpc.pr.gov.br\/wp-content\/uploads\/2025\/05\/Arte-site-Curso-Boas-Praticas-de-Inteligencia-e-Contrainteligencia-300x169.jpg",300,169,true],"large":["https:\/\/www.mpc.pr.gov.br\/wp-content\/uploads\/2025\/05\/Arte-site-Curso-Boas-Praticas-de-Inteligencia-e-Contrainteligencia.jpg",800,450,false],"1536x1536":["https:\/\/www.mpc.pr.gov.br\/wp-content\/uploads\/2025\/05\/Arte-site-Curso-Boas-Praticas-de-Inteligencia-e-Contrainteligencia.jpg",800,450,false],"2048x2048":["https:\/\/www.mpc.pr.gov.br\/wp-content\/uploads\/2025\/05\/Arte-site-Curso-Boas-Praticas-de-Inteligencia-e-Contrainteligencia.jpg",800,450,false],"ocean-thumb-m":["https:\/\/www.mpc.pr.gov.br\/wp-content\/uploads\/2025\/05\/Arte-site-Curso-Boas-Praticas-de-Inteligencia-e-Contrainteligencia-600x450.jpg",600,450,true],"ocean-thumb-ml":["https:\/\/www.mpc.pr.gov.br\/wp-content\/uploads\/2025\/05\/Arte-site-Curso-Boas-Praticas-de-Inteligencia-e-Contrainteligencia.jpg",800,450,false],"ocean-thumb-l":["https:\/\/www.mpc.pr.gov.br\/wp-content\/uploads\/2025\/05\/Arte-site-Curso-Boas-Praticas-de-Inteligencia-e-Contrainteligencia.jpg",800,450,false]},"rttpg_author":{"display_name":"mpcontaspr","author_link":"https:\/\/www.mpc.pr.gov.br\/index.php\/author\/mpcontaspr\/"},"rttpg_comment":8,"rttpg_category":"<a href=\"https:\/\/www.mpc.pr.gov.br\/index.php\/category\/todas-as-noticias\/\" rel=\"category tag\">Todas as not\u00edcias<\/a>","rttpg_excerpt":"Com o objetivo de fortalecer a cultura de seguran\u00e7a da informa\u00e7\u00e3o e aprimorar as t\u00e9cnicas de investiga\u00e7\u00e3o no setor p\u00fablico, o Minist\u00e9rio P\u00fablico de Contas do Paran\u00e1 (MPC-PR) promoveu o curso online \u201cBoas pr\u00e1ticas de intelig\u00eancia e contraintelig\u00eancia no suporte \u00e0s investiga\u00e7\u00f5es e na prote\u00e7\u00e3o contra vazamentos de informa\u00e7\u00e3o\u201d, ministrado pelo especialista Coronel Moretzsohn, na&hellip;","_links":{"self":[{"href":"https:\/\/www.mpc.pr.gov.br\/index.php\/wp-json\/wp\/v2\/posts\/23598","targetHints":{"allow":["GET"]}}],"collection":[{"href":"https:\/\/www.mpc.pr.gov.br\/index.php\/wp-json\/wp\/v2\/posts"}],"about":[{"href":"https:\/\/www.mpc.pr.gov.br\/index.php\/wp-json\/wp\/v2\/types\/post"}],"author":[{"embeddable":true,"href":"https:\/\/www.mpc.pr.gov.br\/index.php\/wp-json\/wp\/v2\/users\/1"}],"replies":[{"embeddable":true,"href":"https:\/\/www.mpc.pr.gov.br\/index.php\/wp-json\/wp\/v2\/comments?post=23598"}],"version-history":[{"count":4,"href":"https:\/\/www.mpc.pr.gov.br\/index.php\/wp-json\/wp\/v2\/posts\/23598\/revisions"}],"predecessor-version":[{"id":23603,"href":"https:\/\/www.mpc.pr.gov.br\/index.php\/wp-json\/wp\/v2\/posts\/23598\/revisions\/23603"}],"wp:featuredmedia":[{"embeddable":true,"href":"https:\/\/www.mpc.pr.gov.br\/index.php\/wp-json\/wp\/v2\/media\/23600"}],"wp:attachment":[{"href":"https:\/\/www.mpc.pr.gov.br\/index.php\/wp-json\/wp\/v2\/media?parent=23598"}],"wp:term":[{"taxonomy":"category","embeddable":true,"href":"https:\/\/www.mpc.pr.gov.br\/index.php\/wp-json\/wp\/v2\/categories?post=23598"},{"taxonomy":"post_tag","embeddable":true,"href":"https:\/\/www.mpc.pr.gov.br\/index.php\/wp-json\/wp\/v2\/tags?post=23598"}],"curies":[{"name":"wp","href":"https:\/\/api.w.org\/{rel}","templated":true}]}}