{"id":23607,"date":"2025-05-28T13:49:21","date_gmt":"2025-05-28T16:49:21","guid":{"rendered":"https:\/\/www.mpc.pr.gov.br\/?p=23607"},"modified":"2025-06-05T10:04:23","modified_gmt":"2025-06-05T13:04:23","slug":"servidor-do-mpc-pr-conquista-titulo-de-mestre-em-politicas-publicas-pela-ufpr","status":"publish","type":"post","link":"https:\/\/www.mpc.pr.gov.br\/index.php\/servidor-do-mpc-pr-conquista-titulo-de-mestre-em-politicas-publicas-pela-ufpr\/","title":{"rendered":"Servidor do MPC-PR conquista t\u00edtulo de mestre em Pol\u00edticas P\u00fablicas pela UFPR"},"content":{"rendered":"<figure id=\"attachment_23608\" aria-describedby=\"caption-attachment-23608\" style=\"width: 300px\" class=\"wp-caption alignleft\"><img fetchpriority=\"high\" decoding=\"async\" class=\"wp-image-23608 size-medium\" src=\"https:\/\/www.mpc.pr.gov.br\/wp-content\/uploads\/2025\/05\/Mestrado-Marwan-300x169.jpg\" alt=\"\" width=\"300\" height=\"169\" \/><figcaption id=\"caption-attachment-23608\" class=\"wp-caption-text\">Registro da banca de qualifica\u00e7\u00e3o. Foto: arquivo pessoal.<\/figcaption><\/figure>\n<p>O assessor jur\u00eddico da 2\u00aa Procuradoria do Minist\u00e9rio P\u00fablico de Contas do Paran\u00e1 (MPC-PR), Marwan Glock Maltaca, conquistou, no \u00faltimo dia 22 de maio, o t\u00edtulo de Mestre pelo Programa de P\u00f3s-Gradua\u00e7\u00e3o em Pol\u00edticas P\u00fablicas da <a href=\"https:\/\/ufpr.br\/\">Universidade Federal do Paran\u00e1 (UFPR)<\/a>.<\/p>\n<p>Intitulada \u201cTomada de decis\u00e3o e reconstru\u00e7\u00e3o da agenda social: o novo Bolsa Fam\u00edlia \u00e0 luz do Modelo de M\u00faltiplos Fluxos\u201d, a disserta\u00e7\u00e3o foi orientada pela Profa. Dra. Vera Karam de Chueri (Direito), tendo como membros da banca avaliadora o Prof. Dr. Fernando Ant\u00f4nio Prado Gimenez (Administra\u00e7\u00e3o) e a Profa. Dra. Liana Maria da Frota Carleial (Economia).<\/p>\n<p>Em s\u00edntese, a pesquisa analisa o processo de retomada do Programa Bolsa Fam\u00edlia, institu\u00eddo pela Lei n\u00ba 14.601\/2023, utilizando como ferramenta te\u00f3rica o Modelo de M\u00faltiplos Fluxos, desenvolvido por John W. Kingdon, para compreender a converg\u00eancia entre o reconhecimento de problemas sociais, as alternativas pol\u00edticas dispon\u00edveis e a din\u00e2mica pol\u00edtico-institucional.<\/p>\n<p>O estudo parte da an\u00e1lise dos efeitos da pandemia de Covid-19, da descontinuidade provocada pelo Programa Aux\u00edlio Brasil (2021\u20132022) e da reorienta\u00e7\u00e3o promovida pela nova pol\u00edtica de transfer\u00eancia de renda, articulada \u00e0 implementa\u00e7\u00e3o gradual da Renda B\u00e1sica de Cidadania (Lei n\u00ba 10.835\/2004).<\/p>\n<p>Entre outros fatores, o trabalho evidencia o papel decisivo da altern\u00e2ncia de governo, da atua\u00e7\u00e3o do Supremo Tribunal Federal (STF) no Mandado de Injun\u00e7\u00e3o n\u00ba 7.300\/DF, e da press\u00e3o social por pol\u00edticas p\u00fablicas mais efetivas.<\/p>\n<p>Ao reconstruir esse processo decis\u00f3rio, o estudo oferece uma importante contribui\u00e7\u00e3o para a compreens\u00e3o dos desafios institucionais da prote\u00e7\u00e3o social em contextos de crise, al\u00e9m de fornecer subs\u00eddios para o debate sobre a efetiva\u00e7\u00e3o de pol\u00edticas de renda no Brasil.<\/p>\n<h4><strong>Valoriza\u00e7\u00e3o da qualifica\u00e7\u00e3o t\u00e9cnica<\/strong><\/h4>\n<p>O MPC-PR parabeniza o servidor pela importante conquista, certo de que a pesquisa realizada representa uma contribui\u00e7\u00e3o valiosa n\u00e3o apenas para a<\/p>\n<p>comunidade acad\u00eamica, mas tamb\u00e9m para os \u00f3rg\u00e3os de controle, uma vez que aprofunda o entendimento sobre os processos de formula\u00e7\u00e3o de pol\u00edticas p\u00fablicas \u2014 \u00e1rea central para a atua\u00e7\u00e3o dos Minist\u00e9rios P\u00fablicos de Contas e Tribunais de Contas.<\/p>\n<p>A qualifica\u00e7\u00e3o dos servidores \u00e9 uma prioridade institucional, refletindo o compromisso do MPC-PR com a excel\u00eancia t\u00e9cnica e a constante atualiza\u00e7\u00e3o de sua equipe. Dessa forma, refor\u00e7amos nosso orgulho em contar com profissionais altamente qualificados, que contribuem diariamente para a promo\u00e7\u00e3o da boa governan\u00e7a, da transpar\u00eancia e da prote\u00e7\u00e3o dos direitos fundamentais da sociedade paranaense.<\/p>\n","protected":false},"excerpt":{"rendered":"<p>O assessor jur\u00eddico da 2\u00aa Procuradoria do Minist\u00e9rio P\u00fablico de Contas do Paran\u00e1 (MPC-PR), Marwan Glock Maltaca, conquistou, no \u00faltimo dia 22 de maio, o t\u00edtulo de Mestre pelo Programa de P\u00f3s-Gradua\u00e7\u00e3o em Pol\u00edticas P\u00fablicas da Universidade Federal do Paran\u00e1 (UFPR). Intitulada \u201cTomada de decis\u00e3o e reconstru\u00e7\u00e3o da agenda social: o novo Bolsa Fam\u00edlia \u00e0 [&hellip;]<\/p>\n","protected":false},"author":1,"featured_media":23611,"comment_status":"open","ping_status":"open","sticky":false,"template":"","format":"standard","meta":{"_monsterinsights_skip_tracking":false,"_monsterinsights_sitenote_active":false,"_monsterinsights_sitenote_note":"","_monsterinsights_sitenote_category":0,"footnotes":""},"categories":[7],"tags":[475,715,13,748,749],"class_list":["post-23607","post","type-post","status-publish","format-standard","has-post-thumbnail","hentry","category-todas-as-noticias","tag-capacitacao","tag-mestrado","tag-mpc-pr","tag-servidores-do-mpc","tag-titulo","entry","has-media"],"yoast_head":"<!-- This site is optimized with the Yoast SEO plugin v27.3 - https:\/\/yoast.com\/product\/yoast-seo-wordpress\/ -->\n<title>Servidor do MPC-PR conquista t\u00edtulo de mestre em Pol\u00edticas P\u00fablicas pela UFPR - Minist\u00e9rio P\u00fablico de Contas do Estado do Paran\u00e1<\/title>\n<meta name=\"robots\" content=\"index, follow, max-snippet:-1, max-image-preview:large, max-video-preview:-1\" \/>\n<link rel=\"canonical\" href=\"https:\/\/www.mpc.pr.gov.br\/index.php\/servidor-do-mpc-pr-conquista-titulo-de-mestre-em-politicas-publicas-pela-ufpr\/\" \/>\n<meta property=\"og:locale\" content=\"pt_BR\" \/>\n<meta property=\"og:type\" content=\"article\" \/>\n<meta property=\"og:title\" content=\"Servidor do MPC-PR conquista t\u00edtulo de mestre em Pol\u00edticas P\u00fablicas pela UFPR - Minist\u00e9rio P\u00fablico de Contas do Estado do Paran\u00e1\" \/>\n<meta property=\"og:description\" content=\"O assessor jur\u00eddico da 2\u00aa Procuradoria do Minist\u00e9rio P\u00fablico de Contas do Paran\u00e1 (MPC-PR), Marwan Glock Maltaca, conquistou, no \u00faltimo dia 22 de maio, o t\u00edtulo de Mestre pelo Programa de P\u00f3s-Gradua\u00e7\u00e3o em Pol\u00edticas P\u00fablicas da Universidade Federal do Paran\u00e1 (UFPR). Intitulada \u201cTomada de decis\u00e3o e reconstru\u00e7\u00e3o da agenda social: o novo Bolsa Fam\u00edlia \u00e0 [&hellip;]\" \/>\n<meta property=\"og:url\" content=\"https:\/\/www.mpc.pr.gov.br\/index.php\/servidor-do-mpc-pr-conquista-titulo-de-mestre-em-politicas-publicas-pela-ufpr\/\" \/>\n<meta property=\"og:site_name\" content=\"Minist\u00e9rio P\u00fablico de Contas do Estado do Paran\u00e1\" \/>\n<meta property=\"article:publisher\" content=\"https:\/\/www.facebook.com\/mpc.pr\" \/>\n<meta property=\"article:published_time\" content=\"2025-05-28T16:49:21+00:00\" \/>\n<meta property=\"article:modified_time\" content=\"2025-06-05T13:04:23+00:00\" \/>\n<meta property=\"og:image\" content=\"https:\/\/www.mpc.pr.gov.br\/wp-content\/uploads\/2025\/05\/Mestrado-Marwan.jpg\" \/>\n\t<meta property=\"og:image:width\" content=\"560\" \/>\n\t<meta property=\"og:image:height\" content=\"315\" \/>\n\t<meta property=\"og:image:type\" content=\"image\/jpeg\" \/>\n<meta name=\"author\" content=\"mpcontaspr\" \/>\n<meta name=\"twitter:card\" content=\"summary_large_image\" \/>\n<meta name=\"twitter:label1\" content=\"Escrito por\" \/>\n\t<meta name=\"twitter:data1\" content=\"mpcontaspr\" \/>\n\t<meta name=\"twitter:label2\" content=\"Est. tempo de leitura\" \/>\n\t<meta name=\"twitter:data2\" content=\"3 minutos\" \/>\n<script type=\"application\/ld+json\" class=\"yoast-schema-graph\">{\"@context\":\"https:\\\/\\\/schema.org\",\"@graph\":[{\"@type\":\"Article\",\"@id\":\"https:\\\/\\\/www.mpc.pr.gov.br\\\/index.php\\\/servidor-do-mpc-pr-conquista-titulo-de-mestre-em-politicas-publicas-pela-ufpr\\\/#article\",\"isPartOf\":{\"@id\":\"https:\\\/\\\/www.mpc.pr.gov.br\\\/index.php\\\/servidor-do-mpc-pr-conquista-titulo-de-mestre-em-politicas-publicas-pela-ufpr\\\/\"},\"author\":{\"name\":\"mpcontaspr\",\"@id\":\"https:\\\/\\\/www.mpc.pr.gov.br\\\/#\\\/schema\\\/person\\\/2d83cb8980538d0ec174e8a6284f5e11\"},\"headline\":\"Servidor do MPC-PR conquista t\u00edtulo de mestre em Pol\u00edticas P\u00fablicas pela UFPR\",\"datePublished\":\"2025-05-28T16:49:21+00:00\",\"dateModified\":\"2025-06-05T13:04:23+00:00\",\"mainEntityOfPage\":{\"@id\":\"https:\\\/\\\/www.mpc.pr.gov.br\\\/index.php\\\/servidor-do-mpc-pr-conquista-titulo-de-mestre-em-politicas-publicas-pela-ufpr\\\/\"},\"wordCount\":474,\"commentCount\":0,\"publisher\":{\"@id\":\"https:\\\/\\\/www.mpc.pr.gov.br\\\/#organization\"},\"image\":{\"@id\":\"https:\\\/\\\/www.mpc.pr.gov.br\\\/index.php\\\/servidor-do-mpc-pr-conquista-titulo-de-mestre-em-politicas-publicas-pela-ufpr\\\/#primaryimage\"},\"thumbnailUrl\":\"https:\\\/\\\/www.mpc.pr.gov.br\\\/wp-content\\\/uploads\\\/2025\\\/05\\\/Mestrado-Marwan.jpg\",\"keywords\":[\"Capacita\u00e7\u00e3o\",\"Mestrado\",\"MPC-PR\",\"Servidores do MPC\",\"T\u00edtulo\"],\"articleSection\":[\"Todas as not\u00edcias\"],\"inLanguage\":\"pt-BR\",\"potentialAction\":[{\"@type\":\"CommentAction\",\"name\":\"Comment\",\"target\":[\"https:\\\/\\\/www.mpc.pr.gov.br\\\/index.php\\\/servidor-do-mpc-pr-conquista-titulo-de-mestre-em-politicas-publicas-pela-ufpr\\\/#respond\"]}]},{\"@type\":\"WebPage\",\"@id\":\"https:\\\/\\\/www.mpc.pr.gov.br\\\/index.php\\\/servidor-do-mpc-pr-conquista-titulo-de-mestre-em-politicas-publicas-pela-ufpr\\\/\",\"url\":\"https:\\\/\\\/www.mpc.pr.gov.br\\\/index.php\\\/servidor-do-mpc-pr-conquista-titulo-de-mestre-em-politicas-publicas-pela-ufpr\\\/\",\"name\":\"Servidor do MPC-PR conquista t\u00edtulo de mestre em Pol\u00edticas P\u00fablicas pela UFPR - Minist\u00e9rio P\u00fablico de Contas do Estado do Paran\u00e1\",\"isPartOf\":{\"@id\":\"https:\\\/\\\/www.mpc.pr.gov.br\\\/#website\"},\"primaryImageOfPage\":{\"@id\":\"https:\\\/\\\/www.mpc.pr.gov.br\\\/index.php\\\/servidor-do-mpc-pr-conquista-titulo-de-mestre-em-politicas-publicas-pela-ufpr\\\/#primaryimage\"},\"image\":{\"@id\":\"https:\\\/\\\/www.mpc.pr.gov.br\\\/index.php\\\/servidor-do-mpc-pr-conquista-titulo-de-mestre-em-politicas-publicas-pela-ufpr\\\/#primaryimage\"},\"thumbnailUrl\":\"https:\\\/\\\/www.mpc.pr.gov.br\\\/wp-content\\\/uploads\\\/2025\\\/05\\\/Mestrado-Marwan.jpg\",\"datePublished\":\"2025-05-28T16:49:21+00:00\",\"dateModified\":\"2025-06-05T13:04:23+00:00\",\"breadcrumb\":{\"@id\":\"https:\\\/\\\/www.mpc.pr.gov.br\\\/index.php\\\/servidor-do-mpc-pr-conquista-titulo-de-mestre-em-politicas-publicas-pela-ufpr\\\/#breadcrumb\"},\"inLanguage\":\"pt-BR\",\"potentialAction\":[{\"@type\":\"ReadAction\",\"target\":[\"https:\\\/\\\/www.mpc.pr.gov.br\\\/index.php\\\/servidor-do-mpc-pr-conquista-titulo-de-mestre-em-politicas-publicas-pela-ufpr\\\/\"]}]},{\"@type\":\"ImageObject\",\"inLanguage\":\"pt-BR\",\"@id\":\"https:\\\/\\\/www.mpc.pr.gov.br\\\/index.php\\\/servidor-do-mpc-pr-conquista-titulo-de-mestre-em-politicas-publicas-pela-ufpr\\\/#primaryimage\",\"url\":\"https:\\\/\\\/www.mpc.pr.gov.br\\\/wp-content\\\/uploads\\\/2025\\\/05\\\/Mestrado-Marwan.jpg\",\"contentUrl\":\"https:\\\/\\\/www.mpc.pr.gov.br\\\/wp-content\\\/uploads\\\/2025\\\/05\\\/Mestrado-Marwan.jpg\",\"width\":560,\"height\":315},{\"@type\":\"BreadcrumbList\",\"@id\":\"https:\\\/\\\/www.mpc.pr.gov.br\\\/index.php\\\/servidor-do-mpc-pr-conquista-titulo-de-mestre-em-politicas-publicas-pela-ufpr\\\/#breadcrumb\",\"itemListElement\":[{\"@type\":\"ListItem\",\"position\":1,\"name\":\"In\u00edcio\",\"item\":\"https:\\\/\\\/www.mpc.pr.gov.br\\\/\"},{\"@type\":\"ListItem\",\"position\":2,\"name\":\"Servidor do MPC-PR conquista t\u00edtulo de mestre em Pol\u00edticas P\u00fablicas pela UFPR\"}]},{\"@type\":\"WebSite\",\"@id\":\"https:\\\/\\\/www.mpc.pr.gov.br\\\/#website\",\"url\":\"https:\\\/\\\/www.mpc.pr.gov.br\\\/\",\"name\":\"Minist\u00e9rio P\u00fablico de Contas do Estado do Paran\u00e1\",\"description\":\"\",\"publisher\":{\"@id\":\"https:\\\/\\\/www.mpc.pr.gov.br\\\/#organization\"},\"potentialAction\":[{\"@type\":\"SearchAction\",\"target\":{\"@type\":\"EntryPoint\",\"urlTemplate\":\"https:\\\/\\\/www.mpc.pr.gov.br\\\/?s={search_term_string}\"},\"query-input\":{\"@type\":\"PropertyValueSpecification\",\"valueRequired\":true,\"valueName\":\"search_term_string\"}}],\"inLanguage\":\"pt-BR\"},{\"@type\":\"Organization\",\"@id\":\"https:\\\/\\\/www.mpc.pr.gov.br\\\/#organization\",\"name\":\"Minist\u00e9rio P\u00fablico de Contas do Estado do Paran\u00e1\",\"url\":\"https:\\\/\\\/www.mpc.pr.gov.br\\\/\",\"logo\":{\"@type\":\"ImageObject\",\"inLanguage\":\"pt-BR\",\"@id\":\"https:\\\/\\\/www.mpc.pr.gov.br\\\/#\\\/schema\\\/logo\\\/image\\\/\",\"url\":\"https:\\\/\\\/www.mpc.pr.gov.br\\\/wp-content\\\/uploads\\\/2020\\\/06\\\/99423647_1593460364143890_6706793420720963584_n-1-e1591387983167.png\",\"contentUrl\":\"https:\\\/\\\/www.mpc.pr.gov.br\\\/wp-content\\\/uploads\\\/2020\\\/06\\\/99423647_1593460364143890_6706793420720963584_n-1-e1591387983167.png\",\"width\":243,\"height\":73,\"caption\":\"Minist\u00e9rio P\u00fablico de Contas do Estado do Paran\u00e1\"},\"image\":{\"@id\":\"https:\\\/\\\/www.mpc.pr.gov.br\\\/#\\\/schema\\\/logo\\\/image\\\/\"},\"sameAs\":[\"https:\\\/\\\/www.facebook.com\\\/mpc.pr\",\"https:\\\/\\\/www.instagram.com\\\/mpc.pr\\\/?hl=pt-br\",\"https:\\\/\\\/www.youtube.com\\\/channel\\\/UCHri5oEM8DV0ztX57E0sBSw\"]},{\"@type\":\"Person\",\"@id\":\"https:\\\/\\\/www.mpc.pr.gov.br\\\/#\\\/schema\\\/person\\\/2d83cb8980538d0ec174e8a6284f5e11\",\"name\":\"mpcontaspr\",\"image\":{\"@type\":\"ImageObject\",\"inLanguage\":\"pt-BR\",\"@id\":\"https:\\\/\\\/secure.gravatar.com\\\/avatar\\\/1aef51541db7622e05fd639336c9c9f312c2a618396e2b6ca96846362fc5403f?s=96&d=mm&r=g\",\"url\":\"https:\\\/\\\/secure.gravatar.com\\\/avatar\\\/1aef51541db7622e05fd639336c9c9f312c2a618396e2b6ca96846362fc5403f?s=96&d=mm&r=g\",\"contentUrl\":\"https:\\\/\\\/secure.gravatar.com\\\/avatar\\\/1aef51541db7622e05fd639336c9c9f312c2a618396e2b6ca96846362fc5403f?s=96&d=mm&r=g\",\"caption\":\"mpcontaspr\"},\"sameAs\":[\"http:\\\/\\\/www.mpc.pr.gov.br\"]}]}<\/script>\n<!-- \/ Yoast SEO plugin. -->","yoast_head_json":{"title":"Servidor do MPC-PR conquista t\u00edtulo de mestre em Pol\u00edticas P\u00fablicas pela UFPR - Minist\u00e9rio P\u00fablico de Contas do Estado do Paran\u00e1","robots":{"index":"index","follow":"follow","max-snippet":"max-snippet:-1","max-image-preview":"max-image-preview:large","max-video-preview":"max-video-preview:-1"},"canonical":"https:\/\/www.mpc.pr.gov.br\/index.php\/servidor-do-mpc-pr-conquista-titulo-de-mestre-em-politicas-publicas-pela-ufpr\/","og_locale":"pt_BR","og_type":"article","og_title":"Servidor do MPC-PR conquista t\u00edtulo de mestre em Pol\u00edticas P\u00fablicas pela UFPR - Minist\u00e9rio P\u00fablico de Contas do Estado do Paran\u00e1","og_description":"O assessor jur\u00eddico da 2\u00aa Procuradoria do Minist\u00e9rio P\u00fablico de Contas do Paran\u00e1 (MPC-PR), Marwan Glock Maltaca, conquistou, no \u00faltimo dia 22 de maio, o t\u00edtulo de Mestre pelo Programa de P\u00f3s-Gradua\u00e7\u00e3o em Pol\u00edticas P\u00fablicas da Universidade Federal do Paran\u00e1 (UFPR). Intitulada \u201cTomada de decis\u00e3o e reconstru\u00e7\u00e3o da agenda social: o novo Bolsa Fam\u00edlia \u00e0 [&hellip;]","og_url":"https:\/\/www.mpc.pr.gov.br\/index.php\/servidor-do-mpc-pr-conquista-titulo-de-mestre-em-politicas-publicas-pela-ufpr\/","og_site_name":"Minist\u00e9rio P\u00fablico de Contas do Estado do Paran\u00e1","article_publisher":"https:\/\/www.facebook.com\/mpc.pr","article_published_time":"2025-05-28T16:49:21+00:00","article_modified_time":"2025-06-05T13:04:23+00:00","og_image":[{"width":560,"height":315,"url":"https:\/\/www.mpc.pr.gov.br\/wp-content\/uploads\/2025\/05\/Mestrado-Marwan.jpg","type":"image\/jpeg"}],"author":"mpcontaspr","twitter_card":"summary_large_image","twitter_misc":{"Escrito por":"mpcontaspr","Est. tempo de leitura":"3 minutos"},"schema":{"@context":"https:\/\/schema.org","@graph":[{"@type":"Article","@id":"https:\/\/www.mpc.pr.gov.br\/index.php\/servidor-do-mpc-pr-conquista-titulo-de-mestre-em-politicas-publicas-pela-ufpr\/#article","isPartOf":{"@id":"https:\/\/www.mpc.pr.gov.br\/index.php\/servidor-do-mpc-pr-conquista-titulo-de-mestre-em-politicas-publicas-pela-ufpr\/"},"author":{"name":"mpcontaspr","@id":"https:\/\/www.mpc.pr.gov.br\/#\/schema\/person\/2d83cb8980538d0ec174e8a6284f5e11"},"headline":"Servidor do MPC-PR conquista t\u00edtulo de mestre em Pol\u00edticas P\u00fablicas pela UFPR","datePublished":"2025-05-28T16:49:21+00:00","dateModified":"2025-06-05T13:04:23+00:00","mainEntityOfPage":{"@id":"https:\/\/www.mpc.pr.gov.br\/index.php\/servidor-do-mpc-pr-conquista-titulo-de-mestre-em-politicas-publicas-pela-ufpr\/"},"wordCount":474,"commentCount":0,"publisher":{"@id":"https:\/\/www.mpc.pr.gov.br\/#organization"},"image":{"@id":"https:\/\/www.mpc.pr.gov.br\/index.php\/servidor-do-mpc-pr-conquista-titulo-de-mestre-em-politicas-publicas-pela-ufpr\/#primaryimage"},"thumbnailUrl":"https:\/\/www.mpc.pr.gov.br\/wp-content\/uploads\/2025\/05\/Mestrado-Marwan.jpg","keywords":["Capacita\u00e7\u00e3o","Mestrado","MPC-PR","Servidores do MPC","T\u00edtulo"],"articleSection":["Todas as not\u00edcias"],"inLanguage":"pt-BR","potentialAction":[{"@type":"CommentAction","name":"Comment","target":["https:\/\/www.mpc.pr.gov.br\/index.php\/servidor-do-mpc-pr-conquista-titulo-de-mestre-em-politicas-publicas-pela-ufpr\/#respond"]}]},{"@type":"WebPage","@id":"https:\/\/www.mpc.pr.gov.br\/index.php\/servidor-do-mpc-pr-conquista-titulo-de-mestre-em-politicas-publicas-pela-ufpr\/","url":"https:\/\/www.mpc.pr.gov.br\/index.php\/servidor-do-mpc-pr-conquista-titulo-de-mestre-em-politicas-publicas-pela-ufpr\/","name":"Servidor do MPC-PR conquista t\u00edtulo de mestre em Pol\u00edticas P\u00fablicas pela UFPR - Minist\u00e9rio P\u00fablico de Contas do Estado do Paran\u00e1","isPartOf":{"@id":"https:\/\/www.mpc.pr.gov.br\/#website"},"primaryImageOfPage":{"@id":"https:\/\/www.mpc.pr.gov.br\/index.php\/servidor-do-mpc-pr-conquista-titulo-de-mestre-em-politicas-publicas-pela-ufpr\/#primaryimage"},"image":{"@id":"https:\/\/www.mpc.pr.gov.br\/index.php\/servidor-do-mpc-pr-conquista-titulo-de-mestre-em-politicas-publicas-pela-ufpr\/#primaryimage"},"thumbnailUrl":"https:\/\/www.mpc.pr.gov.br\/wp-content\/uploads\/2025\/05\/Mestrado-Marwan.jpg","datePublished":"2025-05-28T16:49:21+00:00","dateModified":"2025-06-05T13:04:23+00:00","breadcrumb":{"@id":"https:\/\/www.mpc.pr.gov.br\/index.php\/servidor-do-mpc-pr-conquista-titulo-de-mestre-em-politicas-publicas-pela-ufpr\/#breadcrumb"},"inLanguage":"pt-BR","potentialAction":[{"@type":"ReadAction","target":["https:\/\/www.mpc.pr.gov.br\/index.php\/servidor-do-mpc-pr-conquista-titulo-de-mestre-em-politicas-publicas-pela-ufpr\/"]}]},{"@type":"ImageObject","inLanguage":"pt-BR","@id":"https:\/\/www.mpc.pr.gov.br\/index.php\/servidor-do-mpc-pr-conquista-titulo-de-mestre-em-politicas-publicas-pela-ufpr\/#primaryimage","url":"https:\/\/www.mpc.pr.gov.br\/wp-content\/uploads\/2025\/05\/Mestrado-Marwan.jpg","contentUrl":"https:\/\/www.mpc.pr.gov.br\/wp-content\/uploads\/2025\/05\/Mestrado-Marwan.jpg","width":560,"height":315},{"@type":"BreadcrumbList","@id":"https:\/\/www.mpc.pr.gov.br\/index.php\/servidor-do-mpc-pr-conquista-titulo-de-mestre-em-politicas-publicas-pela-ufpr\/#breadcrumb","itemListElement":[{"@type":"ListItem","position":1,"name":"In\u00edcio","item":"https:\/\/www.mpc.pr.gov.br\/"},{"@type":"ListItem","position":2,"name":"Servidor do MPC-PR conquista t\u00edtulo de mestre em Pol\u00edticas P\u00fablicas pela UFPR"}]},{"@type":"WebSite","@id":"https:\/\/www.mpc.pr.gov.br\/#website","url":"https:\/\/www.mpc.pr.gov.br\/","name":"Minist\u00e9rio P\u00fablico de Contas do Estado do Paran\u00e1","description":"","publisher":{"@id":"https:\/\/www.mpc.pr.gov.br\/#organization"},"potentialAction":[{"@type":"SearchAction","target":{"@type":"EntryPoint","urlTemplate":"https:\/\/www.mpc.pr.gov.br\/?s={search_term_string}"},"query-input":{"@type":"PropertyValueSpecification","valueRequired":true,"valueName":"search_term_string"}}],"inLanguage":"pt-BR"},{"@type":"Organization","@id":"https:\/\/www.mpc.pr.gov.br\/#organization","name":"Minist\u00e9rio P\u00fablico de Contas do Estado do Paran\u00e1","url":"https:\/\/www.mpc.pr.gov.br\/","logo":{"@type":"ImageObject","inLanguage":"pt-BR","@id":"https:\/\/www.mpc.pr.gov.br\/#\/schema\/logo\/image\/","url":"https:\/\/www.mpc.pr.gov.br\/wp-content\/uploads\/2020\/06\/99423647_1593460364143890_6706793420720963584_n-1-e1591387983167.png","contentUrl":"https:\/\/www.mpc.pr.gov.br\/wp-content\/uploads\/2020\/06\/99423647_1593460364143890_6706793420720963584_n-1-e1591387983167.png","width":243,"height":73,"caption":"Minist\u00e9rio P\u00fablico de Contas do Estado do Paran\u00e1"},"image":{"@id":"https:\/\/www.mpc.pr.gov.br\/#\/schema\/logo\/image\/"},"sameAs":["https:\/\/www.facebook.com\/mpc.pr","https:\/\/www.instagram.com\/mpc.pr\/?hl=pt-br","https:\/\/www.youtube.com\/channel\/UCHri5oEM8DV0ztX57E0sBSw"]},{"@type":"Person","@id":"https:\/\/www.mpc.pr.gov.br\/#\/schema\/person\/2d83cb8980538d0ec174e8a6284f5e11","name":"mpcontaspr","image":{"@type":"ImageObject","inLanguage":"pt-BR","@id":"https:\/\/secure.gravatar.com\/avatar\/1aef51541db7622e05fd639336c9c9f312c2a618396e2b6ca96846362fc5403f?s=96&d=mm&r=g","url":"https:\/\/secure.gravatar.com\/avatar\/1aef51541db7622e05fd639336c9c9f312c2a618396e2b6ca96846362fc5403f?s=96&d=mm&r=g","contentUrl":"https:\/\/secure.gravatar.com\/avatar\/1aef51541db7622e05fd639336c9c9f312c2a618396e2b6ca96846362fc5403f?s=96&d=mm&r=g","caption":"mpcontaspr"},"sameAs":["http:\/\/www.mpc.pr.gov.br"]}]}},"rttpg_featured_image_url":{"full":["https:\/\/www.mpc.pr.gov.br\/wp-content\/uploads\/2025\/05\/Mestrado-Marwan.jpg",560,315,false],"landscape":["https:\/\/www.mpc.pr.gov.br\/wp-content\/uploads\/2025\/05\/Mestrado-Marwan.jpg",560,315,false],"portraits":["https:\/\/www.mpc.pr.gov.br\/wp-content\/uploads\/2025\/05\/Mestrado-Marwan.jpg",560,315,false],"thumbnail":["https:\/\/www.mpc.pr.gov.br\/wp-content\/uploads\/2025\/05\/Mestrado-Marwan-150x150.jpg",150,150,true],"medium":["https:\/\/www.mpc.pr.gov.br\/wp-content\/uploads\/2025\/05\/Mestrado-Marwan-300x169.jpg",300,169,true],"large":["https:\/\/www.mpc.pr.gov.br\/wp-content\/uploads\/2025\/05\/Mestrado-Marwan.jpg",560,315,false],"1536x1536":["https:\/\/www.mpc.pr.gov.br\/wp-content\/uploads\/2025\/05\/Mestrado-Marwan.jpg",560,315,false],"2048x2048":["https:\/\/www.mpc.pr.gov.br\/wp-content\/uploads\/2025\/05\/Mestrado-Marwan.jpg",560,315,false],"ocean-thumb-m":["https:\/\/www.mpc.pr.gov.br\/wp-content\/uploads\/2025\/05\/Mestrado-Marwan.jpg",560,315,false],"ocean-thumb-ml":["https:\/\/www.mpc.pr.gov.br\/wp-content\/uploads\/2025\/05\/Mestrado-Marwan.jpg",560,315,false],"ocean-thumb-l":["https:\/\/www.mpc.pr.gov.br\/wp-content\/uploads\/2025\/05\/Mestrado-Marwan.jpg",560,315,false]},"rttpg_author":{"display_name":"mpcontaspr","author_link":"https:\/\/www.mpc.pr.gov.br\/index.php\/author\/mpcontaspr\/"},"rttpg_comment":2,"rttpg_category":"<a href=\"https:\/\/www.mpc.pr.gov.br\/index.php\/category\/todas-as-noticias\/\" rel=\"category tag\">Todas as not\u00edcias<\/a>","rttpg_excerpt":"O assessor jur\u00eddico da 2\u00aa Procuradoria do Minist\u00e9rio P\u00fablico de Contas do Paran\u00e1 (MPC-PR), Marwan Glock Maltaca, conquistou, no \u00faltimo dia 22 de maio, o t\u00edtulo de Mestre pelo Programa de P\u00f3s-Gradua\u00e7\u00e3o em Pol\u00edticas P\u00fablicas da Universidade Federal do Paran\u00e1 (UFPR). Intitulada \u201cTomada de decis\u00e3o e reconstru\u00e7\u00e3o da agenda social: o novo Bolsa Fam\u00edlia \u00e0&hellip;","_links":{"self":[{"href":"https:\/\/www.mpc.pr.gov.br\/index.php\/wp-json\/wp\/v2\/posts\/23607","targetHints":{"allow":["GET"]}}],"collection":[{"href":"https:\/\/www.mpc.pr.gov.br\/index.php\/wp-json\/wp\/v2\/posts"}],"about":[{"href":"https:\/\/www.mpc.pr.gov.br\/index.php\/wp-json\/wp\/v2\/types\/post"}],"author":[{"embeddable":true,"href":"https:\/\/www.mpc.pr.gov.br\/index.php\/wp-json\/wp\/v2\/users\/1"}],"replies":[{"embeddable":true,"href":"https:\/\/www.mpc.pr.gov.br\/index.php\/wp-json\/wp\/v2\/comments?post=23607"}],"version-history":[{"count":4,"href":"https:\/\/www.mpc.pr.gov.br\/index.php\/wp-json\/wp\/v2\/posts\/23607\/revisions"}],"predecessor-version":[{"id":23613,"href":"https:\/\/www.mpc.pr.gov.br\/index.php\/wp-json\/wp\/v2\/posts\/23607\/revisions\/23613"}],"wp:featuredmedia":[{"embeddable":true,"href":"https:\/\/www.mpc.pr.gov.br\/index.php\/wp-json\/wp\/v2\/media\/23611"}],"wp:attachment":[{"href":"https:\/\/www.mpc.pr.gov.br\/index.php\/wp-json\/wp\/v2\/media?parent=23607"}],"wp:term":[{"taxonomy":"category","embeddable":true,"href":"https:\/\/www.mpc.pr.gov.br\/index.php\/wp-json\/wp\/v2\/categories?post=23607"},{"taxonomy":"post_tag","embeddable":true,"href":"https:\/\/www.mpc.pr.gov.br\/index.php\/wp-json\/wp\/v2\/tags?post=23607"}],"curies":[{"name":"wp","href":"https:\/\/api.w.org\/{rel}","templated":true}]}}