{"id":23614,"date":"2025-05-29T08:55:25","date_gmt":"2025-05-29T11:55:25","guid":{"rendered":"https:\/\/www.mpc.pr.gov.br\/?p=23614"},"modified":"2025-06-11T10:36:25","modified_gmt":"2025-06-11T13:36:25","slug":"fixacao-de-subsidio-de-vereador-deve-ser-realizada-antes-do-periodo-eleitoral-e-em-conformidade-com-os-principios-da-administracao-publica","status":"publish","type":"post","link":"https:\/\/www.mpc.pr.gov.br\/index.php\/fixacao-de-subsidio-de-vereador-deve-ser-realizada-antes-do-periodo-eleitoral-e-em-conformidade-com-os-principios-da-administracao-publica\/","title":{"rendered":"Fixa\u00e7\u00e3o de subs\u00eddio de vereador deve ser realizada antes do per\u00edodo eleitoral e em conformidade com os princ\u00edpios da administra\u00e7\u00e3o p\u00fablica"},"content":{"rendered":"<figure id=\"attachment_23615\" aria-describedby=\"caption-attachment-23615\" style=\"width: 300px\" class=\"wp-caption alignleft\"><img fetchpriority=\"high\" decoding=\"async\" class=\"size-medium wp-image-23615\" src=\"https:\/\/www.mpc.pr.gov.br\/wp-content\/uploads\/2025\/05\/Kalore-foto-camara-municipal-300x225.png\" alt=\"\" width=\"300\" height=\"225\" srcset=\"https:\/\/www.mpc.pr.gov.br\/wp-content\/uploads\/2025\/05\/Kalore-foto-camara-municipal-300x225.png 300w, https:\/\/www.mpc.pr.gov.br\/wp-content\/uploads\/2025\/05\/Kalore-foto-camara-municipal-768x577.png 768w, https:\/\/www.mpc.pr.gov.br\/wp-content\/uploads\/2025\/05\/Kalore-foto-camara-municipal.png 942w\" sizes=\"(max-width: 300px) 100vw, 300px\" \/><figcaption id=\"caption-attachment-23615\" class=\"wp-caption-text\">Munic\u00edpio de Kalor\u00e9, localizado na regi\u00e3o Norte do Estado do Paran\u00e1. \u00c9 conhecida por ser a \u00fanica cidade do Brasil que come\u00e7a com a letra &#8216;K&#8217;. Foto: C\u00e2mara Municipal de Kalor\u00e9.<\/figcaption><\/figure>\n<p><span data-contrast=\"auto\">O <a href=\"https:\/\/www.kalore.pr.gov.br\/\">Munic\u00edpio de Kalor\u00e9<\/a> apresentou um processo de consulta perante o Tribunal de Contas do Estado do Paran\u00e1 (TCE-PR), a fim de esclarecer alguns questionamentos sobre a data correta para fixa\u00e7\u00e3o do subs\u00eddio de vereadores, considerando os momentos de transi\u00e7\u00e3o de legislaturas.<\/span><span data-ccp-props=\"{&quot;201341983&quot;:0,&quot;335551550&quot;:6,&quot;335551620&quot;:6,&quot;335559740&quot;:360}\">\u00a0<\/span><\/p>\n<p><span data-contrast=\"auto\">Como de praxe, os questionamentos feitos em sede de consulta devem ser objetivos, pontuais e tratar da mat\u00e9ria em formato de hip\u00f3tese, n\u00e3o atrelando a um caso real. Ainda, como requisito de admissibilidade, a peti\u00e7\u00e3o inicial de um processo de consulta deve estar acompanhada de parecer jur\u00eddico, o qual foi devidamente apresentado pela Procuradoria Jur\u00eddica de Kalor\u00e9.\u00a0<\/span><span data-ccp-props=\"{&quot;201341983&quot;:0,&quot;335551550&quot;:6,&quot;335551620&quot;:6,&quot;335559740&quot;:360}\">\u00a0<\/span><\/p>\n<p><span data-contrast=\"auto\">Dessa forma, presentes os requisitos de admissibilidade previstos no artigo 311 do Regimento Interno do TCE-PR, a consulta foi recebida mediante <a href=\"https:\/\/www.mpc.pr.gov.br\/wp-content\/uploads\/2025\/05\/kalore-DPD-1624_24-GCDA.pdf\">Despacho n\u00ba 1624\/24<\/a> do Relator Conselheiro Jose Durval Mattos do Amaral.<\/span><span data-ccp-props=\"{&quot;201341983&quot;:0,&quot;335551550&quot;:6,&quot;335551620&quot;:6,&quot;335559740&quot;:360}\">\u00a0<\/span><\/p>\n<h4><b><span data-contrast=\"auto\">Instru\u00e7\u00e3o<\/span><\/b><span data-ccp-props=\"{&quot;201341983&quot;:0,&quot;335551550&quot;:6,&quot;335551620&quot;:6,&quot;335559740&quot;:360}\">\u00a0<\/span><\/h4>\n<p><span data-contrast=\"auto\">Conforme determina o Regimento Interno do TCE-PR, os autos foram encaminhados \u00e0 Supervis\u00e3o de Biblioteca e Jurisprud\u00eancia (SJB) para verificar a exist\u00eancia de eventuais precedentes na Corte, relacionados aos questionamentos apresentados pelo Munic\u00edpio:<\/span><span data-ccp-props=\"{&quot;201341983&quot;:0,&quot;335551550&quot;:6,&quot;335551620&quot;:6,&quot;335559740&quot;:360}\">\u00a0<\/span><\/p>\n<blockquote><p><span data-contrast=\"auto\">1) Al\u00e9m do respeito ao princ\u00edpio da anterioridade da legislatura, existe uma data correta para a fixa\u00e7\u00e3o dos subs\u00eddios dos vereadores?<\/span><span data-ccp-props=\"{&quot;201341983&quot;:0,&quot;335551550&quot;:6,&quot;335551620&quot;:6,&quot;335559740&quot;:360}\">\u00a0<\/span><\/p>\n<p><span data-contrast=\"auto\">2) Eventual Resolu\u00e7\u00e3o que fixe os subs\u00eddios para a pr\u00f3xima legislatura, aprovada e publicada no m\u00eas de dezembro seria ilegal ou padeceria de alguma nulidade?<\/span><span data-ccp-props=\"{&quot;201341983&quot;:0,&quot;335551550&quot;:6,&quot;335551620&quot;:6,&quot;335559740&quot;:360}\">\u00a0<\/span><\/p><\/blockquote>\n<p><span data-contrast=\"auto\">Em resposta, conforme consta da Informa\u00e7\u00e3o n\u00ba 11\/25, a SJB indicou quatro jurisprud\u00eancias de processos de consultas cujo tema poderia auxiliar indiretamente na instru\u00e7\u00e3o dos autos.<\/span><span data-ccp-props=\"{&quot;201341983&quot;:0,&quot;335551550&quot;:6,&quot;335551620&quot;:6,&quot;335559740&quot;:360}\">\u00a0<\/span><\/p>\n<p><span data-contrast=\"auto\">Instada a se manifestar, a Coordenadoria de Gest\u00e3o Municipal (CGM), de acordo com a Instru\u00e7\u00e3o n\u00ba 811\/25, fundamentou-se no <a href=\"https:\/\/www.mpc.pr.gov.br\/wp-content\/uploads\/2025\/05\/kalore-acordao-645-12.pdf\">Ac\u00f3rd\u00e3o n\u00ba 645\/12 do Tribunal Pleno do TCE-PR<\/a> para responder aos questionamentos, no sentido de que a Lei Org\u00e2nica Municipal pode estipular a data para fixa\u00e7\u00e3o do subs\u00eddio dos futuros vereadores, desde que o ato fixador seja aprovado e publicado na legislatura anterior \u00e0 que ir\u00e1 reger. Em um cen\u00e1rio contr\u00e1rio, a fixa\u00e7\u00e3o dos subs\u00eddios dos vereadores ap\u00f3s a elei\u00e7\u00e3o fere os princ\u00edpios da Anterioridade, da Impessoalidade e da Moralidade na Administra\u00e7\u00e3o P\u00fablica.<\/span><span data-ccp-props=\"{&quot;201341983&quot;:0,&quot;335551550&quot;:6,&quot;335551620&quot;:6,&quot;335559740&quot;:360}\">\u00a0<\/span><\/p>\n<h4><b><span data-contrast=\"auto\">Parecer Ministerial<\/span><\/b><span data-ccp-props=\"{&quot;201341983&quot;:0,&quot;335551550&quot;:6,&quot;335551620&quot;:6,&quot;335559740&quot;:360}\">\u00a0<\/span><\/h4>\n<p><span data-contrast=\"auto\">O Minist\u00e9rio P\u00fablico de Contas do Paran\u00e1 (MPC-PR), por sua vez, corroborou o entendimento da unidade t\u00e9cnica. Conforme fundamenta\u00e7\u00e3o contida no <a href=\"https:\/\/www.mpc.pr.gov.br\/wp-content\/uploads\/2025\/05\/kalore-PAR-81_25-PGC.pdf\">Parecer n\u00ba 81\/25<\/a>, a prerrogativa de fixa\u00e7\u00e3o dos pr\u00f3prios subs\u00eddios apresenta-se como importante ferramenta para garantir a preserva\u00e7\u00e3o da autonomia do Poder Legislativo Municipal, e deve estar de acordo com o disposto no artigo 29, VI, da Constitui\u00e7\u00e3o Federal.\u00a0<\/span><span data-ccp-props=\"{&quot;201341983&quot;:0,&quot;335551550&quot;:6,&quot;335551620&quot;:6,&quot;335559740&quot;:360}\">\u00a0<\/span><\/p>\n<p><span data-contrast=\"auto\">Conforme aplica\u00e7\u00e3o literal da norma, a remunera\u00e7\u00e3o dos vereadores dever\u00e1 ser fixada na legislatura anterior para surtir efeitos na subsequente, em obedi\u00eancia ao princ\u00edpio da anterioridade. Tomando como par\u00e2metro o marco temporal correspondente \u00e0 data das elei\u00e7\u00f5es municipais, t\u00eam-se que tanto a Constitui\u00e7\u00e3o Federal como a Lei Org\u00e2nica do Munic\u00edpio de Kalor\u00e9 s\u00e3o omissas neste ponto, referindo-se apenas ao princ\u00edpio da anterioridade com rela\u00e7\u00e3o \u00e0 express\u00e3o \u201clegislatura\u201d, ou seja, em tese, seria poss\u00edvel fixar o subs\u00eddio dos edis at\u00e9 o dia 31 de dezembro da legislatura anterior.<\/span><span data-ccp-props=\"{&quot;201341983&quot;:0,&quot;335551550&quot;:6,&quot;335551620&quot;:6,&quot;335559740&quot;:360}\">\u00a0<\/span><\/p>\n<p><span data-contrast=\"auto\">Assim sendo, embora n\u00e3o haja lei que o imponha, recomenda-se a antecipa\u00e7\u00e3o da fixa\u00e7\u00e3o dos subs\u00eddios dos vereadores para data anterior \u00e0 realiza\u00e7\u00e3o das elei\u00e7\u00f5es municipais. Tal entendimento est\u00e1 em conson\u00e2ncia com a jurisprud\u00eancia emanada tanto do Poder Judici\u00e1rio quanto <\/span><span data-contrast=\"none\">do TCE-PR<\/span><span data-contrast=\"auto\">, no sentido de homenagear os princ\u00edpios da anterioridade, da impessoalidade e da moralidade na Administra\u00e7\u00e3o P\u00fablica, que buscam impedir a atividade legislativa em causa pr\u00f3pria.<\/span><span data-ccp-props=\"{&quot;134233117&quot;:false,&quot;134233118&quot;:false,&quot;201341983&quot;:0,&quot;335551550&quot;:6,&quot;335551620&quot;:6,&quot;335559685&quot;:0,&quot;335559737&quot;:0,&quot;335559738&quot;:0,&quot;335559739&quot;:160,&quot;335559740&quot;:360}\">\u00a0<\/span><\/p>\n<p><span data-contrast=\"auto\">Diante do exposto, o MPC-PR opinou pela resposta \u00e0 consulta nos seguintes termos:<\/span><span data-ccp-props=\"{&quot;134233117&quot;:false,&quot;134233118&quot;:false,&quot;201341983&quot;:0,&quot;335551550&quot;:6,&quot;335551620&quot;:6,&quot;335559685&quot;:0,&quot;335559737&quot;:0,&quot;335559738&quot;:0,&quot;335559739&quot;:160,&quot;335559740&quot;:360}\">\u00a0<\/span><\/p>\n<p><span data-contrast=\"auto\">Questionamento 1 &#8211; <\/span><span data-contrast=\"auto\">Consoante entendimento firmado pelo Tribunal Pleno desta Corte de Contas, consubstanciado no <a href=\"https:\/\/www.mpc.pr.gov.br\/wp-content\/uploads\/2025\/05\/kalore-acordao-645-12.pdf\">Ac\u00f3rd\u00e3o n\u00ba 645\/12<\/a>, proferido em sede de consulta, com for\u00e7a normativa, a Lei Org\u00e2nica Municipal det\u00e9m a prerrogativa de estabelecer o dies ad quem para a fixa\u00e7\u00e3o do subs\u00eddio dos futuros membros do Poder Legislativo local, sendo que a observ\u00e2ncia aos princ\u00edpios da impessoalidade e moralidade administrativa, imp\u00f5em que tal delibera\u00e7\u00e3o seja tomada antes do dia em que se realizam as elei\u00e7\u00f5es. Ausente a fixa\u00e7\u00e3o de data espec\u00edfica na Lei Org\u00e2nica ou no Regimento Interno do Legislativo municipal, dever\u00e1 ser observada a orienta\u00e7\u00e3o fixada por esta Corte, em consulta respondida com for\u00e7a normativa, objeto do Ac\u00f3rd\u00e3o n.\u00ba 645\/12, do Pleno.<\/span><span data-ccp-props=\"{&quot;134233117&quot;:false,&quot;134233118&quot;:false,&quot;201341983&quot;:0,&quot;335551550&quot;:6,&quot;335551620&quot;:6,&quot;335559685&quot;:0,&quot;335559737&quot;:0,&quot;335559738&quot;:0,&quot;335559739&quot;:160,&quot;335559740&quot;:360}\">\u00a0<\/span><\/p>\n<p><span data-contrast=\"auto\">Questionamento 2<\/span><span data-contrast=\"auto\"> &#8211; Consoante entendimento sufragado pelo Tribunal Pleno desta Corte de Contas, consubstanciado no <a href=\"https:\/\/www.mpc.pr.gov.br\/wp-content\/uploads\/2025\/05\/kalore-acordao-645-12.pdf\">Ac\u00f3rd\u00e3o n\u00ba 645\/12<\/a>, proferido em sede de consulta com for\u00e7a normativa, a estipula\u00e7\u00e3o dos subs\u00eddios dos edis municipais em momento posterior \u00e0 realiza\u00e7\u00e3o do pleito eleitoral vulnera os basilares princ\u00edpios da anterioridade, impessoalidade e moralidade administrativa, os quais, sob esse contexto, funcionam como preceitos jur\u00eddicos destinados \u00e0 conten\u00e7\u00e3o das C\u00e2maras Municipais, com vistas a impedir a atividade legislativa em causa pr\u00f3pria, sendo respectiva norma pass\u00edvel de questionamento mediante Procedimento Administrativo de Controle de Constitucionalidade, de compet\u00eancia do Minist\u00e9rio P\u00fablico Estadual, nos termos do que preconiza o Ato n.\u00ba 01\/2022, da Subprocuradoria-Geral de Justi\u00e7a para Assuntos Jur\u00eddicos; do qual pode decorrer o ajuizamento de a\u00e7\u00e3o direta de inconstitucionalidade, por a\u00e7\u00e3o ou omiss\u00e3o. No \u00e2mbito espec\u00edfico desta Corte de Contas a impropriedade da fixa\u00e7\u00e3o dos subs\u00eddios dos vereadores pode ser apurada por variados procedimentos, seja em decorr\u00eancia de processos t\u00edpicos de auditoria ou em processos de controle externo, tais como representa\u00e7\u00e3o, den\u00fancia, presta\u00e7\u00e3o de contas anuais ou tomada de contas extraordin\u00e1ria. De forma objetiva, a fixa\u00e7\u00e3o dos subs\u00eddios ap\u00f3s a realiza\u00e7\u00e3o do pleito eleitoral configura viola\u00e7\u00e3o aos princ\u00edpios da impessoalidade e moralidade administrativa, padecendo de v\u00edcio de constitucionalidade.<\/span><span data-ccp-props=\"{&quot;201341983&quot;:0,&quot;335551550&quot;:6,&quot;335551620&quot;:6,&quot;335559740&quot;:360}\">\u00a0<\/span><\/p>\n<h4><b><span data-contrast=\"auto\">Decis\u00e3o<\/span><\/b><span data-ccp-props=\"{&quot;201341983&quot;:0,&quot;335551550&quot;:6,&quot;335551620&quot;:6,&quot;335559740&quot;:360}\">\u00a0<\/span><\/h4>\n<p><span data-contrast=\"auto\">Os membros do Pleno do TCE-PR acompanharam, em unanimidade, o voto do Relator Conselheiro Jose Durval Mattos do Amaral em julgar pela extin\u00e7\u00e3o do feito, sem resolu\u00e7\u00e3o do m\u00e9rito, pois, conforme fundamentado no voto contido no <a href=\"https:\/\/www.mpc.pr.gov.br\/wp-content\/uploads\/2025\/05\/kalore-ACO-1051_25-STP.pdf\">Ac\u00f3rd\u00e3o n\u00ba 1051\/25<\/a>, os processos de consulta t\u00eam for\u00e7a normativa e constituem prejulgamento de tese, o que vincula a decis\u00e3o sobre feitos com o mesmo tema, a partir de sua publica\u00e7\u00e3o.\u00a0<\/span><span data-ccp-props=\"{&quot;134233117&quot;:false,&quot;134233118&quot;:false,&quot;201341983&quot;:0,&quot;335551550&quot;:6,&quot;335551620&quot;:6,&quot;335559685&quot;:0,&quot;335559737&quot;:0,&quot;335559738&quot;:0,&quot;335559739&quot;:160,&quot;335559740&quot;:360}\">\u00a0<\/span><\/p>\n<p><span data-contrast=\"auto\">No presente caso, como noticiado pela SJB, o Ac\u00f3rd\u00e3o n\u00ba 645\/12 do Tribunal Pleno do TCE-PR, prolatado nos autos n\u00ba 35817\/11, abordou em pormenores, entre outros, o assunto ora questionado, sendo a decis\u00e3o pela possibilidade de Lei Org\u00e2nica Municipal estabelecer qualquer data para estipula\u00e7\u00e3o dos subs\u00eddios dos futuros vereadores, desde que na legislatura anterior \u00e0 que ir\u00e1 se aplicar, e antes das elei\u00e7\u00f5es.<\/span><span data-ccp-props=\"{&quot;134233117&quot;:false,&quot;134233118&quot;:false,&quot;201341983&quot;:0,&quot;335551550&quot;:6,&quot;335551620&quot;:6,&quot;335559685&quot;:0,&quot;335559737&quot;:0,&quot;335559738&quot;:0,&quot;335559739&quot;:160,&quot;335559740&quot;:360}\">\u00a0<\/span><\/p>\n<p><span data-contrast=\"auto\">Desse modo, em conson\u00e2ncia com o que preconiza o artigo 313, \u00a7 4\u00ba, do Regimento Interno, por se tratar de consulta de mat\u00e9ria a respeito da qual o Tribunal j\u00e1 se pronunciou, dotada de efeito normativo, imp\u00f5e-se a extin\u00e7\u00e3o do processo.<\/span><span data-ccp-props=\"{&quot;134233117&quot;:false,&quot;134233118&quot;:false,&quot;201341983&quot;:0,&quot;335551550&quot;:6,&quot;335551620&quot;:6,&quot;335559685&quot;:0,&quot;335559737&quot;:0,&quot;335559738&quot;:0,&quot;335559739&quot;:160,&quot;335559740&quot;:360}\">\u00a0<\/span><\/p>\n<h4><b><span data-contrast=\"auto\">Atua\u00e7\u00e3o em tema semelhante<\/span><\/b><span data-ccp-props=\"{&quot;201341983&quot;:0,&quot;335551550&quot;:6,&quot;335551620&quot;:6,&quot;335559740&quot;:360}\">\u00a0<\/span><\/h4>\n<p><span data-contrast=\"auto\">O MPC-PR recentemente divulgou o resultado de um trabalho realizado pelo seu N\u00facleo de Apoio Estrat\u00e9gico (NAE) no que diz respeito aos subs\u00eddios dos vereadores.\u00a0<\/span><span data-ccp-props=\"{&quot;201341983&quot;:0,&quot;335551550&quot;:6,&quot;335551620&quot;:6,&quot;335559740&quot;:360}\">\u00a0<\/span><\/p>\n<p><span data-contrast=\"auto\">O estudo foi composto por diversas etapas, dentre as quais o envio de question\u00e1rio <\/span><span data-contrast=\"auto\">\u00e0s 399 C\u00e2maras Municipais do Estado para compreender as pr\u00e1ticas de fixa\u00e7\u00e3o de subs\u00eddios. O estudo analisou os valores estabelecidos para os cargos de prefeito, vice-prefeito, presidente de C\u00e2mara e vereador, com foco na conformidade em rela\u00e7\u00e3o aos limites constitucionais de remunera\u00e7\u00e3o.\u00a0\u00a0<\/span><span data-ccp-props=\"{&quot;201341983&quot;:0,&quot;335551550&quot;:6,&quot;335551620&quot;:6,&quot;335559740&quot;:360}\">\u00a0<\/span><\/p>\n<p><span data-contrast=\"auto\">O relat\u00f3rio constatou que ao menos 59 Munic\u00edpios paranaenses fixaram os subs\u00eddios dos presidentes de C\u00e2maras Municipais acima do subteto constitucional, levando-se em conta os valores vigentes at\u00e9 31\/12\/2024. Al\u00e9m disso, 62 Munic\u00edpios n\u00e3o propuseram ato normativo para fixa\u00e7\u00e3o dos subs\u00eddios para a legislatura de 2025 a 2028.\u00a0\u00a0<\/span><span data-ccp-props=\"{&quot;201341983&quot;:0,&quot;335551550&quot;:6,&quot;335551620&quot;:6,&quot;335559740&quot;:360}\">\u00a0<\/span><\/p>\n<p><span data-contrast=\"auto\">Os dados tamb\u00e9m apontaram que 38 Munic\u00edpios escalonaram os subs\u00eddios durante a legislatura de forma semelhante ao escalonamento dos subs\u00eddios dos deputados estaduais; e que ao menos 50 Munic\u00edpios limitaram automaticamente os subs\u00eddios ao subteto dos deputados estaduais, utilizaram-se dessa limita\u00e7\u00e3o para fixarem subs\u00eddios acima do subteto e assim, durante a legislatura, reajustarem conforme o valor aumente.\u00a0\u00a0\u00a0<\/span><span data-ccp-props=\"{&quot;201341983&quot;:0,&quot;335551550&quot;:6,&quot;335551620&quot;:6,&quot;335559740&quot;:360}\">\u00a0<\/span><\/p>\n<p><span data-contrast=\"auto\">Para mais informa\u00e7\u00f5es e consulta ao Relat\u00f3rio, acesse a <a href=\"https:\/\/www.mpc.pr.gov.br\/index.php\/mpc-pr-avalia-pratica-de-fixacao-de-subsidios-em-camaras-municipais-do-estado-do-parana\/\">not\u00edcia no site do MPC-PR<\/a>.<\/span><\/p>\n<p>&nbsp;<\/p>\n<blockquote><p><span style=\"color: #820007;\"><strong><u>Informa\u00e7\u00e3o para consulta processual<\/u><\/strong><\/span><\/p>\n<table style=\"height: 183px;\" border=\"0\" width=\"478\" cellspacing=\"0\" cellpadding=\"0\">\n<tbody>\n<tr>\n<td><strong>Processo n\u00ba<\/strong>:<\/td>\n<td>834130\/24<\/td>\n<\/tr>\n<tr>\n<td><strong>Ac\u00f3rd\u00e3o n\u00ba<\/strong>:<\/td>\n<td>1051\/25 &#8211; Tribunal Pleno<\/td>\n<\/tr>\n<tr>\n<td><strong>Assunto<\/strong>:<\/td>\n<td>Consulta<\/td>\n<\/tr>\n<tr>\n<td><strong>Entidade<\/strong>:<\/td>\n<td><span class=\"TextRun SCXW19893697 BCX0\" lang=\"PT-BR\" xml:lang=\"PT-BR\" data-contrast=\"auto\"><span class=\"NormalTextRun SCXW19893697 BCX0\">Munic\u00edpio de Kalor\u00e9<\/span><\/span><\/td>\n<\/tr>\n<tr>\n<td><strong>Relator<\/strong>:<\/td>\n<td><span class=\"TextRun SCXW238999374 BCX0\" lang=\"PT-BR\" xml:lang=\"PT-BR\" data-contrast=\"auto\"><span class=\"NormalTextRun SCXW238999374 BCX0\">Conselheiro Jose Durval Mattos do Amaral<\/span><\/span><\/td>\n<\/tr>\n<\/tbody>\n<\/table>\n<\/blockquote>\n","protected":false},"excerpt":{"rendered":"<p>O Munic\u00edpio de Kalor\u00e9 apresentou um processo de consulta perante o Tribunal de Contas do Estado do Paran\u00e1 (TCE-PR), a fim de esclarecer alguns questionamentos sobre a data correta para fixa\u00e7\u00e3o do subs\u00eddio de vereadores, considerando os momentos de transi\u00e7\u00e3o de legislaturas.\u00a0 Como de praxe, os questionamentos feitos em sede de consulta devem ser objetivos, [&hellip;]<\/p>\n","protected":false},"author":1,"featured_media":23615,"comment_status":"open","ping_status":"open","sticky":false,"template":"","format":"standard","meta":{"_monsterinsights_skip_tracking":false,"_monsterinsights_sitenote_active":false,"_monsterinsights_sitenote_note":"","_monsterinsights_sitenote_category":0,"footnotes":""},"categories":[7],"tags":[197,750,426,13,39,71,751],"class_list":["post-23614","post","type-post","status-publish","format-standard","has-post-thumbnail","hentry","category-todas-as-noticias","tag-consulta","tag-fixacao-de-subsidios","tag-kalore","tag-mpc-pr","tag-tce-pr","tag-tribunal-pleno","tag-vereadores","entry","has-media"],"yoast_head":"<!-- This site is optimized with the Yoast SEO plugin v27.3 - https:\/\/yoast.com\/product\/yoast-seo-wordpress\/ -->\n<title>Fixa\u00e7\u00e3o de subs\u00eddio de vereador deve ser realizada antes do per\u00edodo eleitoral e em conformidade com os princ\u00edpios da administra\u00e7\u00e3o p\u00fablica - Minist\u00e9rio P\u00fablico de Contas do Estado do Paran\u00e1<\/title>\n<meta name=\"robots\" content=\"index, follow, max-snippet:-1, max-image-preview:large, max-video-preview:-1\" \/>\n<link rel=\"canonical\" href=\"https:\/\/www.mpc.pr.gov.br\/index.php\/fixacao-de-subsidio-de-vereador-deve-ser-realizada-antes-do-periodo-eleitoral-e-em-conformidade-com-os-principios-da-administracao-publica\/\" \/>\n<meta property=\"og:locale\" content=\"pt_BR\" \/>\n<meta property=\"og:type\" content=\"article\" \/>\n<meta property=\"og:title\" content=\"Fixa\u00e7\u00e3o de subs\u00eddio de vereador deve ser realizada antes do per\u00edodo eleitoral e em conformidade com os princ\u00edpios da administra\u00e7\u00e3o p\u00fablica - Minist\u00e9rio P\u00fablico de Contas do Estado do Paran\u00e1\" \/>\n<meta property=\"og:description\" content=\"O Munic\u00edpio de Kalor\u00e9 apresentou um processo de consulta perante o Tribunal de Contas do Estado do Paran\u00e1 (TCE-PR), a fim de esclarecer alguns questionamentos sobre a data correta para fixa\u00e7\u00e3o do subs\u00eddio de vereadores, considerando os momentos de transi\u00e7\u00e3o de legislaturas.\u00a0 Como de praxe, os questionamentos feitos em sede de consulta devem ser objetivos, [&hellip;]\" \/>\n<meta property=\"og:url\" content=\"https:\/\/www.mpc.pr.gov.br\/index.php\/fixacao-de-subsidio-de-vereador-deve-ser-realizada-antes-do-periodo-eleitoral-e-em-conformidade-com-os-principios-da-administracao-publica\/\" \/>\n<meta property=\"og:site_name\" content=\"Minist\u00e9rio P\u00fablico de Contas do Estado do Paran\u00e1\" \/>\n<meta property=\"article:publisher\" content=\"https:\/\/www.facebook.com\/mpc.pr\" \/>\n<meta property=\"article:published_time\" content=\"2025-05-29T11:55:25+00:00\" \/>\n<meta property=\"article:modified_time\" content=\"2025-06-11T13:36:25+00:00\" \/>\n<meta property=\"og:image\" content=\"https:\/\/www.mpc.pr.gov.br\/wp-content\/uploads\/2025\/05\/Kalore-foto-camara-municipal.png\" \/>\n\t<meta property=\"og:image:width\" content=\"942\" \/>\n\t<meta property=\"og:image:height\" content=\"708\" \/>\n\t<meta property=\"og:image:type\" content=\"image\/png\" \/>\n<meta name=\"author\" content=\"mpcontaspr\" \/>\n<meta name=\"twitter:card\" content=\"summary_large_image\" \/>\n<meta name=\"twitter:label1\" content=\"Escrito por\" \/>\n\t<meta name=\"twitter:data1\" content=\"mpcontaspr\" \/>\n\t<meta name=\"twitter:label2\" content=\"Est. tempo de leitura\" \/>\n\t<meta name=\"twitter:data2\" content=\"8 minutos\" \/>\n<script type=\"application\/ld+json\" class=\"yoast-schema-graph\">{\"@context\":\"https:\\\/\\\/schema.org\",\"@graph\":[{\"@type\":\"Article\",\"@id\":\"https:\\\/\\\/www.mpc.pr.gov.br\\\/index.php\\\/fixacao-de-subsidio-de-vereador-deve-ser-realizada-antes-do-periodo-eleitoral-e-em-conformidade-com-os-principios-da-administracao-publica\\\/#article\",\"isPartOf\":{\"@id\":\"https:\\\/\\\/www.mpc.pr.gov.br\\\/index.php\\\/fixacao-de-subsidio-de-vereador-deve-ser-realizada-antes-do-periodo-eleitoral-e-em-conformidade-com-os-principios-da-administracao-publica\\\/\"},\"author\":{\"name\":\"mpcontaspr\",\"@id\":\"https:\\\/\\\/www.mpc.pr.gov.br\\\/#\\\/schema\\\/person\\\/2d83cb8980538d0ec174e8a6284f5e11\"},\"headline\":\"Fixa\u00e7\u00e3o de subs\u00eddio de vereador deve ser realizada antes do per\u00edodo eleitoral e em conformidade com os princ\u00edpios da administra\u00e7\u00e3o p\u00fablica\",\"datePublished\":\"2025-05-29T11:55:25+00:00\",\"dateModified\":\"2025-06-11T13:36:25+00:00\",\"mainEntityOfPage\":{\"@id\":\"https:\\\/\\\/www.mpc.pr.gov.br\\\/index.php\\\/fixacao-de-subsidio-de-vereador-deve-ser-realizada-antes-do-periodo-eleitoral-e-em-conformidade-com-os-principios-da-administracao-publica\\\/\"},\"wordCount\":1496,\"commentCount\":0,\"publisher\":{\"@id\":\"https:\\\/\\\/www.mpc.pr.gov.br\\\/#organization\"},\"image\":{\"@id\":\"https:\\\/\\\/www.mpc.pr.gov.br\\\/index.php\\\/fixacao-de-subsidio-de-vereador-deve-ser-realizada-antes-do-periodo-eleitoral-e-em-conformidade-com-os-principios-da-administracao-publica\\\/#primaryimage\"},\"thumbnailUrl\":\"https:\\\/\\\/www.mpc.pr.gov.br\\\/wp-content\\\/uploads\\\/2025\\\/05\\\/Kalore-foto-camara-municipal.png\",\"keywords\":[\"Consulta\",\"Fixa\u00e7\u00e3o de Subs\u00eddios\",\"Kalor\u00e9\",\"MPC-PR\",\"TCE-PR\",\"Tribunal Pleno\",\"Vereadores\"],\"articleSection\":[\"Todas as not\u00edcias\"],\"inLanguage\":\"pt-BR\",\"potentialAction\":[{\"@type\":\"CommentAction\",\"name\":\"Comment\",\"target\":[\"https:\\\/\\\/www.mpc.pr.gov.br\\\/index.php\\\/fixacao-de-subsidio-de-vereador-deve-ser-realizada-antes-do-periodo-eleitoral-e-em-conformidade-com-os-principios-da-administracao-publica\\\/#respond\"]}]},{\"@type\":\"WebPage\",\"@id\":\"https:\\\/\\\/www.mpc.pr.gov.br\\\/index.php\\\/fixacao-de-subsidio-de-vereador-deve-ser-realizada-antes-do-periodo-eleitoral-e-em-conformidade-com-os-principios-da-administracao-publica\\\/\",\"url\":\"https:\\\/\\\/www.mpc.pr.gov.br\\\/index.php\\\/fixacao-de-subsidio-de-vereador-deve-ser-realizada-antes-do-periodo-eleitoral-e-em-conformidade-com-os-principios-da-administracao-publica\\\/\",\"name\":\"Fixa\u00e7\u00e3o de subs\u00eddio de vereador deve ser realizada antes do per\u00edodo eleitoral e em conformidade com os princ\u00edpios da administra\u00e7\u00e3o p\u00fablica - Minist\u00e9rio P\u00fablico de Contas do Estado do Paran\u00e1\",\"isPartOf\":{\"@id\":\"https:\\\/\\\/www.mpc.pr.gov.br\\\/#website\"},\"primaryImageOfPage\":{\"@id\":\"https:\\\/\\\/www.mpc.pr.gov.br\\\/index.php\\\/fixacao-de-subsidio-de-vereador-deve-ser-realizada-antes-do-periodo-eleitoral-e-em-conformidade-com-os-principios-da-administracao-publica\\\/#primaryimage\"},\"image\":{\"@id\":\"https:\\\/\\\/www.mpc.pr.gov.br\\\/index.php\\\/fixacao-de-subsidio-de-vereador-deve-ser-realizada-antes-do-periodo-eleitoral-e-em-conformidade-com-os-principios-da-administracao-publica\\\/#primaryimage\"},\"thumbnailUrl\":\"https:\\\/\\\/www.mpc.pr.gov.br\\\/wp-content\\\/uploads\\\/2025\\\/05\\\/Kalore-foto-camara-municipal.png\",\"datePublished\":\"2025-05-29T11:55:25+00:00\",\"dateModified\":\"2025-06-11T13:36:25+00:00\",\"breadcrumb\":{\"@id\":\"https:\\\/\\\/www.mpc.pr.gov.br\\\/index.php\\\/fixacao-de-subsidio-de-vereador-deve-ser-realizada-antes-do-periodo-eleitoral-e-em-conformidade-com-os-principios-da-administracao-publica\\\/#breadcrumb\"},\"inLanguage\":\"pt-BR\",\"potentialAction\":[{\"@type\":\"ReadAction\",\"target\":[\"https:\\\/\\\/www.mpc.pr.gov.br\\\/index.php\\\/fixacao-de-subsidio-de-vereador-deve-ser-realizada-antes-do-periodo-eleitoral-e-em-conformidade-com-os-principios-da-administracao-publica\\\/\"]}]},{\"@type\":\"ImageObject\",\"inLanguage\":\"pt-BR\",\"@id\":\"https:\\\/\\\/www.mpc.pr.gov.br\\\/index.php\\\/fixacao-de-subsidio-de-vereador-deve-ser-realizada-antes-do-periodo-eleitoral-e-em-conformidade-com-os-principios-da-administracao-publica\\\/#primaryimage\",\"url\":\"https:\\\/\\\/www.mpc.pr.gov.br\\\/wp-content\\\/uploads\\\/2025\\\/05\\\/Kalore-foto-camara-municipal.png\",\"contentUrl\":\"https:\\\/\\\/www.mpc.pr.gov.br\\\/wp-content\\\/uploads\\\/2025\\\/05\\\/Kalore-foto-camara-municipal.png\",\"width\":942,\"height\":708,\"caption\":\"Munic\u00edpio de Kalor\u00e9, localizado na regi\u00e3o Norte do Estado do Paran\u00e1. \u00c9 conhecida por ser a \u00fanica cidade do Brasil que come\u00e7a com a letra 'K'. Foto: C\u00e2mara Municipal de Kalor\u00e9.\"},{\"@type\":\"BreadcrumbList\",\"@id\":\"https:\\\/\\\/www.mpc.pr.gov.br\\\/index.php\\\/fixacao-de-subsidio-de-vereador-deve-ser-realizada-antes-do-periodo-eleitoral-e-em-conformidade-com-os-principios-da-administracao-publica\\\/#breadcrumb\",\"itemListElement\":[{\"@type\":\"ListItem\",\"position\":1,\"name\":\"In\u00edcio\",\"item\":\"https:\\\/\\\/www.mpc.pr.gov.br\\\/\"},{\"@type\":\"ListItem\",\"position\":2,\"name\":\"Fixa\u00e7\u00e3o de subs\u00eddio de vereador deve ser realizada antes do per\u00edodo eleitoral e em conformidade com os princ\u00edpios da administra\u00e7\u00e3o p\u00fablica\"}]},{\"@type\":\"WebSite\",\"@id\":\"https:\\\/\\\/www.mpc.pr.gov.br\\\/#website\",\"url\":\"https:\\\/\\\/www.mpc.pr.gov.br\\\/\",\"name\":\"Minist\u00e9rio P\u00fablico de Contas do Estado do Paran\u00e1\",\"description\":\"\",\"publisher\":{\"@id\":\"https:\\\/\\\/www.mpc.pr.gov.br\\\/#organization\"},\"potentialAction\":[{\"@type\":\"SearchAction\",\"target\":{\"@type\":\"EntryPoint\",\"urlTemplate\":\"https:\\\/\\\/www.mpc.pr.gov.br\\\/?s={search_term_string}\"},\"query-input\":{\"@type\":\"PropertyValueSpecification\",\"valueRequired\":true,\"valueName\":\"search_term_string\"}}],\"inLanguage\":\"pt-BR\"},{\"@type\":\"Organization\",\"@id\":\"https:\\\/\\\/www.mpc.pr.gov.br\\\/#organization\",\"name\":\"Minist\u00e9rio P\u00fablico de Contas do Estado do Paran\u00e1\",\"url\":\"https:\\\/\\\/www.mpc.pr.gov.br\\\/\",\"logo\":{\"@type\":\"ImageObject\",\"inLanguage\":\"pt-BR\",\"@id\":\"https:\\\/\\\/www.mpc.pr.gov.br\\\/#\\\/schema\\\/logo\\\/image\\\/\",\"url\":\"https:\\\/\\\/www.mpc.pr.gov.br\\\/wp-content\\\/uploads\\\/2020\\\/06\\\/99423647_1593460364143890_6706793420720963584_n-1-e1591387983167.png\",\"contentUrl\":\"https:\\\/\\\/www.mpc.pr.gov.br\\\/wp-content\\\/uploads\\\/2020\\\/06\\\/99423647_1593460364143890_6706793420720963584_n-1-e1591387983167.png\",\"width\":243,\"height\":73,\"caption\":\"Minist\u00e9rio P\u00fablico de Contas do Estado do Paran\u00e1\"},\"image\":{\"@id\":\"https:\\\/\\\/www.mpc.pr.gov.br\\\/#\\\/schema\\\/logo\\\/image\\\/\"},\"sameAs\":[\"https:\\\/\\\/www.facebook.com\\\/mpc.pr\",\"https:\\\/\\\/www.instagram.com\\\/mpc.pr\\\/?hl=pt-br\",\"https:\\\/\\\/www.youtube.com\\\/channel\\\/UCHri5oEM8DV0ztX57E0sBSw\"]},{\"@type\":\"Person\",\"@id\":\"https:\\\/\\\/www.mpc.pr.gov.br\\\/#\\\/schema\\\/person\\\/2d83cb8980538d0ec174e8a6284f5e11\",\"name\":\"mpcontaspr\",\"image\":{\"@type\":\"ImageObject\",\"inLanguage\":\"pt-BR\",\"@id\":\"https:\\\/\\\/secure.gravatar.com\\\/avatar\\\/1aef51541db7622e05fd639336c9c9f312c2a618396e2b6ca96846362fc5403f?s=96&d=mm&r=g\",\"url\":\"https:\\\/\\\/secure.gravatar.com\\\/avatar\\\/1aef51541db7622e05fd639336c9c9f312c2a618396e2b6ca96846362fc5403f?s=96&d=mm&r=g\",\"contentUrl\":\"https:\\\/\\\/secure.gravatar.com\\\/avatar\\\/1aef51541db7622e05fd639336c9c9f312c2a618396e2b6ca96846362fc5403f?s=96&d=mm&r=g\",\"caption\":\"mpcontaspr\"},\"sameAs\":[\"http:\\\/\\\/www.mpc.pr.gov.br\"]}]}<\/script>\n<!-- \/ Yoast SEO plugin. -->","yoast_head_json":{"title":"Fixa\u00e7\u00e3o de subs\u00eddio de vereador deve ser realizada antes do per\u00edodo eleitoral e em conformidade com os princ\u00edpios da administra\u00e7\u00e3o p\u00fablica - Minist\u00e9rio P\u00fablico de Contas do Estado do Paran\u00e1","robots":{"index":"index","follow":"follow","max-snippet":"max-snippet:-1","max-image-preview":"max-image-preview:large","max-video-preview":"max-video-preview:-1"},"canonical":"https:\/\/www.mpc.pr.gov.br\/index.php\/fixacao-de-subsidio-de-vereador-deve-ser-realizada-antes-do-periodo-eleitoral-e-em-conformidade-com-os-principios-da-administracao-publica\/","og_locale":"pt_BR","og_type":"article","og_title":"Fixa\u00e7\u00e3o de subs\u00eddio de vereador deve ser realizada antes do per\u00edodo eleitoral e em conformidade com os princ\u00edpios da administra\u00e7\u00e3o p\u00fablica - Minist\u00e9rio P\u00fablico de Contas do Estado do Paran\u00e1","og_description":"O Munic\u00edpio de Kalor\u00e9 apresentou um processo de consulta perante o Tribunal de Contas do Estado do Paran\u00e1 (TCE-PR), a fim de esclarecer alguns questionamentos sobre a data correta para fixa\u00e7\u00e3o do subs\u00eddio de vereadores, considerando os momentos de transi\u00e7\u00e3o de legislaturas.\u00a0 Como de praxe, os questionamentos feitos em sede de consulta devem ser objetivos, [&hellip;]","og_url":"https:\/\/www.mpc.pr.gov.br\/index.php\/fixacao-de-subsidio-de-vereador-deve-ser-realizada-antes-do-periodo-eleitoral-e-em-conformidade-com-os-principios-da-administracao-publica\/","og_site_name":"Minist\u00e9rio P\u00fablico de Contas do Estado do Paran\u00e1","article_publisher":"https:\/\/www.facebook.com\/mpc.pr","article_published_time":"2025-05-29T11:55:25+00:00","article_modified_time":"2025-06-11T13:36:25+00:00","og_image":[{"width":942,"height":708,"url":"https:\/\/www.mpc.pr.gov.br\/wp-content\/uploads\/2025\/05\/Kalore-foto-camara-municipal.png","type":"image\/png"}],"author":"mpcontaspr","twitter_card":"summary_large_image","twitter_misc":{"Escrito por":"mpcontaspr","Est. tempo de leitura":"8 minutos"},"schema":{"@context":"https:\/\/schema.org","@graph":[{"@type":"Article","@id":"https:\/\/www.mpc.pr.gov.br\/index.php\/fixacao-de-subsidio-de-vereador-deve-ser-realizada-antes-do-periodo-eleitoral-e-em-conformidade-com-os-principios-da-administracao-publica\/#article","isPartOf":{"@id":"https:\/\/www.mpc.pr.gov.br\/index.php\/fixacao-de-subsidio-de-vereador-deve-ser-realizada-antes-do-periodo-eleitoral-e-em-conformidade-com-os-principios-da-administracao-publica\/"},"author":{"name":"mpcontaspr","@id":"https:\/\/www.mpc.pr.gov.br\/#\/schema\/person\/2d83cb8980538d0ec174e8a6284f5e11"},"headline":"Fixa\u00e7\u00e3o de subs\u00eddio de vereador deve ser realizada antes do per\u00edodo eleitoral e em conformidade com os princ\u00edpios da administra\u00e7\u00e3o p\u00fablica","datePublished":"2025-05-29T11:55:25+00:00","dateModified":"2025-06-11T13:36:25+00:00","mainEntityOfPage":{"@id":"https:\/\/www.mpc.pr.gov.br\/index.php\/fixacao-de-subsidio-de-vereador-deve-ser-realizada-antes-do-periodo-eleitoral-e-em-conformidade-com-os-principios-da-administracao-publica\/"},"wordCount":1496,"commentCount":0,"publisher":{"@id":"https:\/\/www.mpc.pr.gov.br\/#organization"},"image":{"@id":"https:\/\/www.mpc.pr.gov.br\/index.php\/fixacao-de-subsidio-de-vereador-deve-ser-realizada-antes-do-periodo-eleitoral-e-em-conformidade-com-os-principios-da-administracao-publica\/#primaryimage"},"thumbnailUrl":"https:\/\/www.mpc.pr.gov.br\/wp-content\/uploads\/2025\/05\/Kalore-foto-camara-municipal.png","keywords":["Consulta","Fixa\u00e7\u00e3o de Subs\u00eddios","Kalor\u00e9","MPC-PR","TCE-PR","Tribunal Pleno","Vereadores"],"articleSection":["Todas as not\u00edcias"],"inLanguage":"pt-BR","potentialAction":[{"@type":"CommentAction","name":"Comment","target":["https:\/\/www.mpc.pr.gov.br\/index.php\/fixacao-de-subsidio-de-vereador-deve-ser-realizada-antes-do-periodo-eleitoral-e-em-conformidade-com-os-principios-da-administracao-publica\/#respond"]}]},{"@type":"WebPage","@id":"https:\/\/www.mpc.pr.gov.br\/index.php\/fixacao-de-subsidio-de-vereador-deve-ser-realizada-antes-do-periodo-eleitoral-e-em-conformidade-com-os-principios-da-administracao-publica\/","url":"https:\/\/www.mpc.pr.gov.br\/index.php\/fixacao-de-subsidio-de-vereador-deve-ser-realizada-antes-do-periodo-eleitoral-e-em-conformidade-com-os-principios-da-administracao-publica\/","name":"Fixa\u00e7\u00e3o de subs\u00eddio de vereador deve ser realizada antes do per\u00edodo eleitoral e em conformidade com os princ\u00edpios da administra\u00e7\u00e3o p\u00fablica - Minist\u00e9rio P\u00fablico de Contas do Estado do Paran\u00e1","isPartOf":{"@id":"https:\/\/www.mpc.pr.gov.br\/#website"},"primaryImageOfPage":{"@id":"https:\/\/www.mpc.pr.gov.br\/index.php\/fixacao-de-subsidio-de-vereador-deve-ser-realizada-antes-do-periodo-eleitoral-e-em-conformidade-com-os-principios-da-administracao-publica\/#primaryimage"},"image":{"@id":"https:\/\/www.mpc.pr.gov.br\/index.php\/fixacao-de-subsidio-de-vereador-deve-ser-realizada-antes-do-periodo-eleitoral-e-em-conformidade-com-os-principios-da-administracao-publica\/#primaryimage"},"thumbnailUrl":"https:\/\/www.mpc.pr.gov.br\/wp-content\/uploads\/2025\/05\/Kalore-foto-camara-municipal.png","datePublished":"2025-05-29T11:55:25+00:00","dateModified":"2025-06-11T13:36:25+00:00","breadcrumb":{"@id":"https:\/\/www.mpc.pr.gov.br\/index.php\/fixacao-de-subsidio-de-vereador-deve-ser-realizada-antes-do-periodo-eleitoral-e-em-conformidade-com-os-principios-da-administracao-publica\/#breadcrumb"},"inLanguage":"pt-BR","potentialAction":[{"@type":"ReadAction","target":["https:\/\/www.mpc.pr.gov.br\/index.php\/fixacao-de-subsidio-de-vereador-deve-ser-realizada-antes-do-periodo-eleitoral-e-em-conformidade-com-os-principios-da-administracao-publica\/"]}]},{"@type":"ImageObject","inLanguage":"pt-BR","@id":"https:\/\/www.mpc.pr.gov.br\/index.php\/fixacao-de-subsidio-de-vereador-deve-ser-realizada-antes-do-periodo-eleitoral-e-em-conformidade-com-os-principios-da-administracao-publica\/#primaryimage","url":"https:\/\/www.mpc.pr.gov.br\/wp-content\/uploads\/2025\/05\/Kalore-foto-camara-municipal.png","contentUrl":"https:\/\/www.mpc.pr.gov.br\/wp-content\/uploads\/2025\/05\/Kalore-foto-camara-municipal.png","width":942,"height":708,"caption":"Munic\u00edpio de Kalor\u00e9, localizado na regi\u00e3o Norte do Estado do Paran\u00e1. \u00c9 conhecida por ser a \u00fanica cidade do Brasil que come\u00e7a com a letra 'K'. Foto: C\u00e2mara Municipal de Kalor\u00e9."},{"@type":"BreadcrumbList","@id":"https:\/\/www.mpc.pr.gov.br\/index.php\/fixacao-de-subsidio-de-vereador-deve-ser-realizada-antes-do-periodo-eleitoral-e-em-conformidade-com-os-principios-da-administracao-publica\/#breadcrumb","itemListElement":[{"@type":"ListItem","position":1,"name":"In\u00edcio","item":"https:\/\/www.mpc.pr.gov.br\/"},{"@type":"ListItem","position":2,"name":"Fixa\u00e7\u00e3o de subs\u00eddio de vereador deve ser realizada antes do per\u00edodo eleitoral e em conformidade com os princ\u00edpios da administra\u00e7\u00e3o p\u00fablica"}]},{"@type":"WebSite","@id":"https:\/\/www.mpc.pr.gov.br\/#website","url":"https:\/\/www.mpc.pr.gov.br\/","name":"Minist\u00e9rio P\u00fablico de Contas do Estado do Paran\u00e1","description":"","publisher":{"@id":"https:\/\/www.mpc.pr.gov.br\/#organization"},"potentialAction":[{"@type":"SearchAction","target":{"@type":"EntryPoint","urlTemplate":"https:\/\/www.mpc.pr.gov.br\/?s={search_term_string}"},"query-input":{"@type":"PropertyValueSpecification","valueRequired":true,"valueName":"search_term_string"}}],"inLanguage":"pt-BR"},{"@type":"Organization","@id":"https:\/\/www.mpc.pr.gov.br\/#organization","name":"Minist\u00e9rio P\u00fablico de Contas do Estado do Paran\u00e1","url":"https:\/\/www.mpc.pr.gov.br\/","logo":{"@type":"ImageObject","inLanguage":"pt-BR","@id":"https:\/\/www.mpc.pr.gov.br\/#\/schema\/logo\/image\/","url":"https:\/\/www.mpc.pr.gov.br\/wp-content\/uploads\/2020\/06\/99423647_1593460364143890_6706793420720963584_n-1-e1591387983167.png","contentUrl":"https:\/\/www.mpc.pr.gov.br\/wp-content\/uploads\/2020\/06\/99423647_1593460364143890_6706793420720963584_n-1-e1591387983167.png","width":243,"height":73,"caption":"Minist\u00e9rio P\u00fablico de Contas do Estado do Paran\u00e1"},"image":{"@id":"https:\/\/www.mpc.pr.gov.br\/#\/schema\/logo\/image\/"},"sameAs":["https:\/\/www.facebook.com\/mpc.pr","https:\/\/www.instagram.com\/mpc.pr\/?hl=pt-br","https:\/\/www.youtube.com\/channel\/UCHri5oEM8DV0ztX57E0sBSw"]},{"@type":"Person","@id":"https:\/\/www.mpc.pr.gov.br\/#\/schema\/person\/2d83cb8980538d0ec174e8a6284f5e11","name":"mpcontaspr","image":{"@type":"ImageObject","inLanguage":"pt-BR","@id":"https:\/\/secure.gravatar.com\/avatar\/1aef51541db7622e05fd639336c9c9f312c2a618396e2b6ca96846362fc5403f?s=96&d=mm&r=g","url":"https:\/\/secure.gravatar.com\/avatar\/1aef51541db7622e05fd639336c9c9f312c2a618396e2b6ca96846362fc5403f?s=96&d=mm&r=g","contentUrl":"https:\/\/secure.gravatar.com\/avatar\/1aef51541db7622e05fd639336c9c9f312c2a618396e2b6ca96846362fc5403f?s=96&d=mm&r=g","caption":"mpcontaspr"},"sameAs":["http:\/\/www.mpc.pr.gov.br"]}]}},"rttpg_featured_image_url":{"full":["https:\/\/www.mpc.pr.gov.br\/wp-content\/uploads\/2025\/05\/Kalore-foto-camara-municipal.png",942,708,false],"landscape":["https:\/\/www.mpc.pr.gov.br\/wp-content\/uploads\/2025\/05\/Kalore-foto-camara-municipal.png",942,708,false],"portraits":["https:\/\/www.mpc.pr.gov.br\/wp-content\/uploads\/2025\/05\/Kalore-foto-camara-municipal.png",942,708,false],"thumbnail":["https:\/\/www.mpc.pr.gov.br\/wp-content\/uploads\/2025\/05\/Kalore-foto-camara-municipal-150x150.png",150,150,true],"medium":["https:\/\/www.mpc.pr.gov.br\/wp-content\/uploads\/2025\/05\/Kalore-foto-camara-municipal-300x225.png",300,225,true],"large":["https:\/\/www.mpc.pr.gov.br\/wp-content\/uploads\/2025\/05\/Kalore-foto-camara-municipal.png",942,708,false],"1536x1536":["https:\/\/www.mpc.pr.gov.br\/wp-content\/uploads\/2025\/05\/Kalore-foto-camara-municipal.png",942,708,false],"2048x2048":["https:\/\/www.mpc.pr.gov.br\/wp-content\/uploads\/2025\/05\/Kalore-foto-camara-municipal.png",942,708,false],"ocean-thumb-m":["https:\/\/www.mpc.pr.gov.br\/wp-content\/uploads\/2025\/05\/Kalore-foto-camara-municipal-600x600.png",600,600,true],"ocean-thumb-ml":["https:\/\/www.mpc.pr.gov.br\/wp-content\/uploads\/2025\/05\/Kalore-foto-camara-municipal-800x450.png",800,450,true],"ocean-thumb-l":["https:\/\/www.mpc.pr.gov.br\/wp-content\/uploads\/2025\/05\/Kalore-foto-camara-municipal-942x700.png",942,700,true]},"rttpg_author":{"display_name":"mpcontaspr","author_link":"https:\/\/www.mpc.pr.gov.br\/index.php\/author\/mpcontaspr\/"},"rttpg_comment":0,"rttpg_category":"<a href=\"https:\/\/www.mpc.pr.gov.br\/index.php\/category\/todas-as-noticias\/\" rel=\"category tag\">Todas as not\u00edcias<\/a>","rttpg_excerpt":"O Munic\u00edpio de Kalor\u00e9 apresentou um processo de consulta perante o Tribunal de Contas do Estado do Paran\u00e1 (TCE-PR), a fim de esclarecer alguns questionamentos sobre a data correta para fixa\u00e7\u00e3o do subs\u00eddio de vereadores, considerando os momentos de transi\u00e7\u00e3o de legislaturas.\u00a0 Como de praxe, os questionamentos feitos em sede de consulta devem ser objetivos,&hellip;","_links":{"self":[{"href":"https:\/\/www.mpc.pr.gov.br\/index.php\/wp-json\/wp\/v2\/posts\/23614","targetHints":{"allow":["GET"]}}],"collection":[{"href":"https:\/\/www.mpc.pr.gov.br\/index.php\/wp-json\/wp\/v2\/posts"}],"about":[{"href":"https:\/\/www.mpc.pr.gov.br\/index.php\/wp-json\/wp\/v2\/types\/post"}],"author":[{"embeddable":true,"href":"https:\/\/www.mpc.pr.gov.br\/index.php\/wp-json\/wp\/v2\/users\/1"}],"replies":[{"embeddable":true,"href":"https:\/\/www.mpc.pr.gov.br\/index.php\/wp-json\/wp\/v2\/comments?post=23614"}],"version-history":[{"count":1,"href":"https:\/\/www.mpc.pr.gov.br\/index.php\/wp-json\/wp\/v2\/posts\/23614\/revisions"}],"predecessor-version":[{"id":23623,"href":"https:\/\/www.mpc.pr.gov.br\/index.php\/wp-json\/wp\/v2\/posts\/23614\/revisions\/23623"}],"wp:featuredmedia":[{"embeddable":true,"href":"https:\/\/www.mpc.pr.gov.br\/index.php\/wp-json\/wp\/v2\/media\/23615"}],"wp:attachment":[{"href":"https:\/\/www.mpc.pr.gov.br\/index.php\/wp-json\/wp\/v2\/media?parent=23614"}],"wp:term":[{"taxonomy":"category","embeddable":true,"href":"https:\/\/www.mpc.pr.gov.br\/index.php\/wp-json\/wp\/v2\/categories?post=23614"},{"taxonomy":"post_tag","embeddable":true,"href":"https:\/\/www.mpc.pr.gov.br\/index.php\/wp-json\/wp\/v2\/tags?post=23614"}],"curies":[{"name":"wp","href":"https:\/\/api.w.org\/{rel}","templated":true}]}}