{"id":23624,"date":"2025-05-29T16:00:37","date_gmt":"2025-05-29T19:00:37","guid":{"rendered":"https:\/\/www.mpc.pr.gov.br\/?p=23624"},"modified":"2025-06-17T12:14:18","modified_gmt":"2025-06-17T15:14:18","slug":"artigos-de-servidores-do-mpc-pr-integram-livro-do-instituto-rui-barbosa-sobre-sustentabilidade-e-mudancas-climaticas","status":"publish","type":"post","link":"https:\/\/www.mpc.pr.gov.br\/index.php\/artigos-de-servidores-do-mpc-pr-integram-livro-do-instituto-rui-barbosa-sobre-sustentabilidade-e-mudancas-climaticas\/","title":{"rendered":"Artigos de servidores do MPC-PR integram livro do Instituto Rui Barbosa sobre sustentabilidade e mudan\u00e7as clim\u00e1ticas"},"content":{"rendered":"<p><img fetchpriority=\"high\" decoding=\"async\" class=\"alignleft wp-image-23627 size-medium\" src=\"https:\/\/www.mpc.pr.gov.br\/wp-content\/uploads\/2025\/05\/Servidores-MPC-artigo-IRB-169x300.jpeg\" alt=\"Na foto, a Diretora do MPC-PR,  Barbara Krysttal Motta Almeida Reis, e o Procurador-Geral Gabriel Guy L\u00e9ger.\" width=\"169\" height=\"300\" srcset=\"https:\/\/www.mpc.pr.gov.br\/wp-content\/uploads\/2025\/05\/Servidores-MPC-artigo-IRB-169x300.jpeg 169w, https:\/\/www.mpc.pr.gov.br\/wp-content\/uploads\/2025\/05\/Servidores-MPC-artigo-IRB-576x1024.jpeg 576w, https:\/\/www.mpc.pr.gov.br\/wp-content\/uploads\/2025\/05\/Servidores-MPC-artigo-IRB.jpeg 720w\" sizes=\"(max-width: 169px) 100vw, 169px\" \/>O Minist\u00e9rio P\u00fablico de Contas do Paran\u00e1 (MPC-PR) tem a honra de integrar a obra <em data-start=\"353\" data-end=\"464\">\u201c<strong>Os Tribunais de Contas e a Sustentabilidade: Governan\u00e7a e Controle no Enfrentamento das Mudan\u00e7as Clim\u00e1ticas<\/strong>\u201d<\/em>, lan\u00e7ada oficialmente pelo <a href=\"https:\/\/irbcontas.org.br\/\">Instituto Rui Barbosa (IRB)<\/a> durante o IX Congresso Internacional de Controle e Pol\u00edticas P\u00fablicas, realizado entre os dias 26 e 29 de maio, em Manaus (AM).<\/p>\n<p>A publica\u00e7\u00e3o, que re\u00fane <strong data-start=\"673\" data-end=\"739\">50 artigos t\u00e9cnicos e cient\u00edficos distribu\u00eddos em dois volumes<\/strong>, reflete o compromisso do Sistema de Controle Externo com a promo\u00e7\u00e3o da sustentabilidade, da governan\u00e7a p\u00fablica e da resili\u00eancia institucional diante dos desafios ambientais contempor\u00e2neos.<\/p>\n<h4 data-start=\"931\" data-end=\"961\">Produ\u00e7\u00e3o t\u00e9cnica do MPC-PR<\/h4>\n<p>O MPC-PR contribuiu com dois artigos que integram o <strong data-start=\"1015\" data-end=\"1035\">Volume 1 da obra<\/strong>:<\/p>\n<ul data-start=\"1038\" data-end=\"1949\">\n<li data-start=\"1038\" data-end=\"1392\">\u201c<strong>O papel dos Tribunais de Contas frente \u00e0 fiscaliza\u00e7\u00e3o dos indicadores de governan\u00e7a e ESG na promo\u00e7\u00e3o da sustentabilidade<\/strong>\u201d, de autoria da Diretora do MPC-PR, Barbara Krysttal Motta Almeida Reis.<\/li>\n<li data-start=\"1394\" data-end=\"1949\">\u201c<strong>Fiscaliza\u00e7\u00e3o das estruturas de defesa civil dos munic\u00edpios do Paran\u00e1: o modelo aplicado pelo Minist\u00e9rio P\u00fablico de Contas (virtual)<\/strong>\u201d, produzido pelo Procurador-Geral Gabriel Guy L\u00e9ger e pelo Gerente T\u00e9cnico do N\u00facleo de Apoio Estrat\u00e9gico (NAE), Fernando Aquino Scaliante.<\/li>\n<\/ul>\n<h4 data-start=\"1951\" data-end=\"1983\">Uma publica\u00e7\u00e3o de refer\u00eancia<\/h4>\n<p>Durante o lan\u00e7amento da obra, o Coordenador da obra e Presidente do IRB, Conselheiro Edilberto Pontes, destacou a import\u00e2ncia simb\u00f3lica e institucional da publica\u00e7\u00e3o: \u201cEste livro representa a uni\u00e3o do controle externo em favor de uma causa que \u00e9 de suma import\u00e2ncia: a preserva\u00e7\u00e3o ambiental. Estudos como os que comp\u00f5em esta obra combatem a desinforma\u00e7\u00e3o com dados e pesquisas, valorizando a ci\u00eancia e fortalecendo o papel dos Tribunais de Contas na constru\u00e7\u00e3o de pol\u00edticas p\u00fablicas sustent\u00e1veis.\u201d<\/p>\n<p>A colet\u00e2nea faz parte da <strong data-start=\"2595\" data-end=\"2616\">Cole\u00e7\u00e3o F\u00f3rum IRB<\/strong>, em parceria com a<strong data-start=\"2595\" data-end=\"2616\"> Editora F\u00f3rum<\/strong>, uma iniciativa voltada \u00e0 dissemina\u00e7\u00e3o de conhecimento qualificado no \u00e2mbito da administra\u00e7\u00e3o p\u00fablica, do controle externo e das boas pr\u00e1ticas de governan\u00e7a.<\/p>\n<p>Al\u00e9m da vers\u00e3o impressa, a obra est\u00e1 dispon\u00edvel gratuitamente na biblioteca virtual do IRB, permitindo amplo acesso aos conte\u00fados para pesquisadores, gestores p\u00fablicos, integrantes dos \u00f3rg\u00e3os de controle e cidad\u00e3os interessados no tema.<\/p>\n<p>Acesse os volumes da obra na biblioteca virtual do IRB: <a href=\"https:\/\/irbcontas.org.br\/biblioteca\/\">https:\/\/irbcontas.org.br\/biblioteca\/<\/a>.<\/p>\n<blockquote><p><strong>Fonte: Com informa\u00e7\u00f5es do Instituto Rui Barbosa \/ Alisson Maciel.<\/strong><\/p><\/blockquote>\n","protected":false},"excerpt":{"rendered":"<p>O Minist\u00e9rio P\u00fablico de Contas do Paran\u00e1 (MPC-PR) tem a honra de integrar a obra \u201cOs Tribunais de Contas e a Sustentabilidade: Governan\u00e7a e Controle no Enfrentamento das Mudan\u00e7as Clim\u00e1ticas\u201d, lan\u00e7ada oficialmente pelo Instituto Rui Barbosa (IRB) durante o IX Congresso Internacional de Controle e Pol\u00edticas P\u00fablicas, realizado entre os dias 26 e 29 de [&hellip;]<\/p>\n","protected":false},"author":1,"featured_media":23628,"comment_status":"open","ping_status":"open","sticky":false,"template":"","format":"standard","meta":{"_monsterinsights_skip_tracking":false,"_monsterinsights_sitenote_active":false,"_monsterinsights_sitenote_note":"","_monsterinsights_sitenote_category":0,"footnotes":""},"categories":[7],"tags":[300,13,742,351],"class_list":["post-23624","post","type-post","status-publish","format-standard","has-post-thumbnail","hentry","category-todas-as-noticias","tag-irb","tag-mpc-pr","tag-projetos-especiais","tag-sustentabilidade","entry","has-media"],"yoast_head":"<!-- This site is optimized with the Yoast SEO plugin v27.3 - https:\/\/yoast.com\/product\/yoast-seo-wordpress\/ -->\n<title>Artigos de servidores do MPC-PR integram livro do Instituto Rui Barbosa sobre sustentabilidade e mudan\u00e7as clim\u00e1ticas - Minist\u00e9rio P\u00fablico de Contas do Estado do Paran\u00e1<\/title>\n<meta name=\"robots\" content=\"index, follow, max-snippet:-1, max-image-preview:large, max-video-preview:-1\" \/>\n<link rel=\"canonical\" href=\"https:\/\/www.mpc.pr.gov.br\/index.php\/artigos-de-servidores-do-mpc-pr-integram-livro-do-instituto-rui-barbosa-sobre-sustentabilidade-e-mudancas-climaticas\/\" \/>\n<meta property=\"og:locale\" content=\"pt_BR\" \/>\n<meta property=\"og:type\" content=\"article\" \/>\n<meta property=\"og:title\" content=\"Artigos de servidores do MPC-PR integram livro do Instituto Rui Barbosa sobre sustentabilidade e mudan\u00e7as clim\u00e1ticas - Minist\u00e9rio P\u00fablico de Contas do Estado do Paran\u00e1\" \/>\n<meta property=\"og:description\" content=\"O Minist\u00e9rio P\u00fablico de Contas do Paran\u00e1 (MPC-PR) tem a honra de integrar a obra \u201cOs Tribunais de Contas e a Sustentabilidade: Governan\u00e7a e Controle no Enfrentamento das Mudan\u00e7as Clim\u00e1ticas\u201d, lan\u00e7ada oficialmente pelo Instituto Rui Barbosa (IRB) durante o IX Congresso Internacional de Controle e Pol\u00edticas P\u00fablicas, realizado entre os dias 26 e 29 de [&hellip;]\" \/>\n<meta property=\"og:url\" content=\"https:\/\/www.mpc.pr.gov.br\/index.php\/artigos-de-servidores-do-mpc-pr-integram-livro-do-instituto-rui-barbosa-sobre-sustentabilidade-e-mudancas-climaticas\/\" \/>\n<meta property=\"og:site_name\" content=\"Minist\u00e9rio P\u00fablico de Contas do Estado do Paran\u00e1\" \/>\n<meta property=\"article:publisher\" content=\"https:\/\/www.facebook.com\/mpc.pr\" \/>\n<meta property=\"article:published_time\" content=\"2025-05-29T19:00:37+00:00\" \/>\n<meta property=\"article:modified_time\" content=\"2025-06-17T15:14:18+00:00\" \/>\n<meta property=\"og:image\" content=\"https:\/\/www.mpc.pr.gov.br\/wp-content\/uploads\/2025\/05\/Servidores-MPC-artigo-IRB-destaque.png\" \/>\n\t<meta property=\"og:image:width\" content=\"560\" \/>\n\t<meta property=\"og:image:height\" content=\"315\" \/>\n\t<meta property=\"og:image:type\" content=\"image\/png\" \/>\n<meta name=\"author\" content=\"mpcontaspr\" \/>\n<meta name=\"twitter:card\" content=\"summary_large_image\" \/>\n<meta name=\"twitter:label1\" content=\"Escrito por\" \/>\n\t<meta name=\"twitter:data1\" content=\"mpcontaspr\" \/>\n\t<meta name=\"twitter:label2\" content=\"Est. tempo de leitura\" \/>\n\t<meta name=\"twitter:data2\" content=\"3 minutos\" \/>\n<script type=\"application\/ld+json\" class=\"yoast-schema-graph\">{\"@context\":\"https:\\\/\\\/schema.org\",\"@graph\":[{\"@type\":\"Article\",\"@id\":\"https:\\\/\\\/www.mpc.pr.gov.br\\\/index.php\\\/artigos-de-servidores-do-mpc-pr-integram-livro-do-instituto-rui-barbosa-sobre-sustentabilidade-e-mudancas-climaticas\\\/#article\",\"isPartOf\":{\"@id\":\"https:\\\/\\\/www.mpc.pr.gov.br\\\/index.php\\\/artigos-de-servidores-do-mpc-pr-integram-livro-do-instituto-rui-barbosa-sobre-sustentabilidade-e-mudancas-climaticas\\\/\"},\"author\":{\"name\":\"mpcontaspr\",\"@id\":\"https:\\\/\\\/www.mpc.pr.gov.br\\\/#\\\/schema\\\/person\\\/2d83cb8980538d0ec174e8a6284f5e11\"},\"headline\":\"Artigos de servidores do MPC-PR integram livro do Instituto Rui Barbosa sobre sustentabilidade e mudan\u00e7as clim\u00e1ticas\",\"datePublished\":\"2025-05-29T19:00:37+00:00\",\"dateModified\":\"2025-06-17T15:14:18+00:00\",\"mainEntityOfPage\":{\"@id\":\"https:\\\/\\\/www.mpc.pr.gov.br\\\/index.php\\\/artigos-de-servidores-do-mpc-pr-integram-livro-do-instituto-rui-barbosa-sobre-sustentabilidade-e-mudancas-climaticas\\\/\"},\"wordCount\":430,\"commentCount\":0,\"publisher\":{\"@id\":\"https:\\\/\\\/www.mpc.pr.gov.br\\\/#organization\"},\"image\":{\"@id\":\"https:\\\/\\\/www.mpc.pr.gov.br\\\/index.php\\\/artigos-de-servidores-do-mpc-pr-integram-livro-do-instituto-rui-barbosa-sobre-sustentabilidade-e-mudancas-climaticas\\\/#primaryimage\"},\"thumbnailUrl\":\"https:\\\/\\\/www.mpc.pr.gov.br\\\/wp-content\\\/uploads\\\/2025\\\/05\\\/Servidores-MPC-artigo-IRB-destaque.png\",\"keywords\":[\"IRB\",\"MPC-PR\",\"Projetos Especiais\",\"Sustentabilidade\"],\"articleSection\":[\"Todas as not\u00edcias\"],\"inLanguage\":\"pt-BR\",\"potentialAction\":[{\"@type\":\"CommentAction\",\"name\":\"Comment\",\"target\":[\"https:\\\/\\\/www.mpc.pr.gov.br\\\/index.php\\\/artigos-de-servidores-do-mpc-pr-integram-livro-do-instituto-rui-barbosa-sobre-sustentabilidade-e-mudancas-climaticas\\\/#respond\"]}]},{\"@type\":\"WebPage\",\"@id\":\"https:\\\/\\\/www.mpc.pr.gov.br\\\/index.php\\\/artigos-de-servidores-do-mpc-pr-integram-livro-do-instituto-rui-barbosa-sobre-sustentabilidade-e-mudancas-climaticas\\\/\",\"url\":\"https:\\\/\\\/www.mpc.pr.gov.br\\\/index.php\\\/artigos-de-servidores-do-mpc-pr-integram-livro-do-instituto-rui-barbosa-sobre-sustentabilidade-e-mudancas-climaticas\\\/\",\"name\":\"Artigos de servidores do MPC-PR integram livro do Instituto Rui Barbosa sobre sustentabilidade e mudan\u00e7as clim\u00e1ticas - Minist\u00e9rio P\u00fablico de Contas do Estado do Paran\u00e1\",\"isPartOf\":{\"@id\":\"https:\\\/\\\/www.mpc.pr.gov.br\\\/#website\"},\"primaryImageOfPage\":{\"@id\":\"https:\\\/\\\/www.mpc.pr.gov.br\\\/index.php\\\/artigos-de-servidores-do-mpc-pr-integram-livro-do-instituto-rui-barbosa-sobre-sustentabilidade-e-mudancas-climaticas\\\/#primaryimage\"},\"image\":{\"@id\":\"https:\\\/\\\/www.mpc.pr.gov.br\\\/index.php\\\/artigos-de-servidores-do-mpc-pr-integram-livro-do-instituto-rui-barbosa-sobre-sustentabilidade-e-mudancas-climaticas\\\/#primaryimage\"},\"thumbnailUrl\":\"https:\\\/\\\/www.mpc.pr.gov.br\\\/wp-content\\\/uploads\\\/2025\\\/05\\\/Servidores-MPC-artigo-IRB-destaque.png\",\"datePublished\":\"2025-05-29T19:00:37+00:00\",\"dateModified\":\"2025-06-17T15:14:18+00:00\",\"breadcrumb\":{\"@id\":\"https:\\\/\\\/www.mpc.pr.gov.br\\\/index.php\\\/artigos-de-servidores-do-mpc-pr-integram-livro-do-instituto-rui-barbosa-sobre-sustentabilidade-e-mudancas-climaticas\\\/#breadcrumb\"},\"inLanguage\":\"pt-BR\",\"potentialAction\":[{\"@type\":\"ReadAction\",\"target\":[\"https:\\\/\\\/www.mpc.pr.gov.br\\\/index.php\\\/artigos-de-servidores-do-mpc-pr-integram-livro-do-instituto-rui-barbosa-sobre-sustentabilidade-e-mudancas-climaticas\\\/\"]}]},{\"@type\":\"ImageObject\",\"inLanguage\":\"pt-BR\",\"@id\":\"https:\\\/\\\/www.mpc.pr.gov.br\\\/index.php\\\/artigos-de-servidores-do-mpc-pr-integram-livro-do-instituto-rui-barbosa-sobre-sustentabilidade-e-mudancas-climaticas\\\/#primaryimage\",\"url\":\"https:\\\/\\\/www.mpc.pr.gov.br\\\/wp-content\\\/uploads\\\/2025\\\/05\\\/Servidores-MPC-artigo-IRB-destaque.png\",\"contentUrl\":\"https:\\\/\\\/www.mpc.pr.gov.br\\\/wp-content\\\/uploads\\\/2025\\\/05\\\/Servidores-MPC-artigo-IRB-destaque.png\",\"width\":560,\"height\":315},{\"@type\":\"BreadcrumbList\",\"@id\":\"https:\\\/\\\/www.mpc.pr.gov.br\\\/index.php\\\/artigos-de-servidores-do-mpc-pr-integram-livro-do-instituto-rui-barbosa-sobre-sustentabilidade-e-mudancas-climaticas\\\/#breadcrumb\",\"itemListElement\":[{\"@type\":\"ListItem\",\"position\":1,\"name\":\"In\u00edcio\",\"item\":\"https:\\\/\\\/www.mpc.pr.gov.br\\\/\"},{\"@type\":\"ListItem\",\"position\":2,\"name\":\"Artigos de servidores do MPC-PR integram livro do Instituto Rui Barbosa sobre sustentabilidade e mudan\u00e7as clim\u00e1ticas\"}]},{\"@type\":\"WebSite\",\"@id\":\"https:\\\/\\\/www.mpc.pr.gov.br\\\/#website\",\"url\":\"https:\\\/\\\/www.mpc.pr.gov.br\\\/\",\"name\":\"Minist\u00e9rio P\u00fablico de Contas do Estado do Paran\u00e1\",\"description\":\"\",\"publisher\":{\"@id\":\"https:\\\/\\\/www.mpc.pr.gov.br\\\/#organization\"},\"potentialAction\":[{\"@type\":\"SearchAction\",\"target\":{\"@type\":\"EntryPoint\",\"urlTemplate\":\"https:\\\/\\\/www.mpc.pr.gov.br\\\/?s={search_term_string}\"},\"query-input\":{\"@type\":\"PropertyValueSpecification\",\"valueRequired\":true,\"valueName\":\"search_term_string\"}}],\"inLanguage\":\"pt-BR\"},{\"@type\":\"Organization\",\"@id\":\"https:\\\/\\\/www.mpc.pr.gov.br\\\/#organization\",\"name\":\"Minist\u00e9rio P\u00fablico de Contas do Estado do Paran\u00e1\",\"url\":\"https:\\\/\\\/www.mpc.pr.gov.br\\\/\",\"logo\":{\"@type\":\"ImageObject\",\"inLanguage\":\"pt-BR\",\"@id\":\"https:\\\/\\\/www.mpc.pr.gov.br\\\/#\\\/schema\\\/logo\\\/image\\\/\",\"url\":\"https:\\\/\\\/www.mpc.pr.gov.br\\\/wp-content\\\/uploads\\\/2020\\\/06\\\/99423647_1593460364143890_6706793420720963584_n-1-e1591387983167.png\",\"contentUrl\":\"https:\\\/\\\/www.mpc.pr.gov.br\\\/wp-content\\\/uploads\\\/2020\\\/06\\\/99423647_1593460364143890_6706793420720963584_n-1-e1591387983167.png\",\"width\":243,\"height\":73,\"caption\":\"Minist\u00e9rio P\u00fablico de Contas do Estado do Paran\u00e1\"},\"image\":{\"@id\":\"https:\\\/\\\/www.mpc.pr.gov.br\\\/#\\\/schema\\\/logo\\\/image\\\/\"},\"sameAs\":[\"https:\\\/\\\/www.facebook.com\\\/mpc.pr\",\"https:\\\/\\\/www.instagram.com\\\/mpc.pr\\\/?hl=pt-br\",\"https:\\\/\\\/www.youtube.com\\\/channel\\\/UCHri5oEM8DV0ztX57E0sBSw\"]},{\"@type\":\"Person\",\"@id\":\"https:\\\/\\\/www.mpc.pr.gov.br\\\/#\\\/schema\\\/person\\\/2d83cb8980538d0ec174e8a6284f5e11\",\"name\":\"mpcontaspr\",\"image\":{\"@type\":\"ImageObject\",\"inLanguage\":\"pt-BR\",\"@id\":\"https:\\\/\\\/secure.gravatar.com\\\/avatar\\\/1aef51541db7622e05fd639336c9c9f312c2a618396e2b6ca96846362fc5403f?s=96&d=mm&r=g\",\"url\":\"https:\\\/\\\/secure.gravatar.com\\\/avatar\\\/1aef51541db7622e05fd639336c9c9f312c2a618396e2b6ca96846362fc5403f?s=96&d=mm&r=g\",\"contentUrl\":\"https:\\\/\\\/secure.gravatar.com\\\/avatar\\\/1aef51541db7622e05fd639336c9c9f312c2a618396e2b6ca96846362fc5403f?s=96&d=mm&r=g\",\"caption\":\"mpcontaspr\"},\"sameAs\":[\"http:\\\/\\\/www.mpc.pr.gov.br\"]}]}<\/script>\n<!-- \/ Yoast SEO plugin. -->","yoast_head_json":{"title":"Artigos de servidores do MPC-PR integram livro do Instituto Rui Barbosa sobre sustentabilidade e mudan\u00e7as clim\u00e1ticas - Minist\u00e9rio P\u00fablico de Contas do Estado do Paran\u00e1","robots":{"index":"index","follow":"follow","max-snippet":"max-snippet:-1","max-image-preview":"max-image-preview:large","max-video-preview":"max-video-preview:-1"},"canonical":"https:\/\/www.mpc.pr.gov.br\/index.php\/artigos-de-servidores-do-mpc-pr-integram-livro-do-instituto-rui-barbosa-sobre-sustentabilidade-e-mudancas-climaticas\/","og_locale":"pt_BR","og_type":"article","og_title":"Artigos de servidores do MPC-PR integram livro do Instituto Rui Barbosa sobre sustentabilidade e mudan\u00e7as clim\u00e1ticas - Minist\u00e9rio P\u00fablico de Contas do Estado do Paran\u00e1","og_description":"O Minist\u00e9rio P\u00fablico de Contas do Paran\u00e1 (MPC-PR) tem a honra de integrar a obra \u201cOs Tribunais de Contas e a Sustentabilidade: Governan\u00e7a e Controle no Enfrentamento das Mudan\u00e7as Clim\u00e1ticas\u201d, lan\u00e7ada oficialmente pelo Instituto Rui Barbosa (IRB) durante o IX Congresso Internacional de Controle e Pol\u00edticas P\u00fablicas, realizado entre os dias 26 e 29 de [&hellip;]","og_url":"https:\/\/www.mpc.pr.gov.br\/index.php\/artigos-de-servidores-do-mpc-pr-integram-livro-do-instituto-rui-barbosa-sobre-sustentabilidade-e-mudancas-climaticas\/","og_site_name":"Minist\u00e9rio P\u00fablico de Contas do Estado do Paran\u00e1","article_publisher":"https:\/\/www.facebook.com\/mpc.pr","article_published_time":"2025-05-29T19:00:37+00:00","article_modified_time":"2025-06-17T15:14:18+00:00","og_image":[{"width":560,"height":315,"url":"https:\/\/www.mpc.pr.gov.br\/wp-content\/uploads\/2025\/05\/Servidores-MPC-artigo-IRB-destaque.png","type":"image\/png"}],"author":"mpcontaspr","twitter_card":"summary_large_image","twitter_misc":{"Escrito por":"mpcontaspr","Est. tempo de leitura":"3 minutos"},"schema":{"@context":"https:\/\/schema.org","@graph":[{"@type":"Article","@id":"https:\/\/www.mpc.pr.gov.br\/index.php\/artigos-de-servidores-do-mpc-pr-integram-livro-do-instituto-rui-barbosa-sobre-sustentabilidade-e-mudancas-climaticas\/#article","isPartOf":{"@id":"https:\/\/www.mpc.pr.gov.br\/index.php\/artigos-de-servidores-do-mpc-pr-integram-livro-do-instituto-rui-barbosa-sobre-sustentabilidade-e-mudancas-climaticas\/"},"author":{"name":"mpcontaspr","@id":"https:\/\/www.mpc.pr.gov.br\/#\/schema\/person\/2d83cb8980538d0ec174e8a6284f5e11"},"headline":"Artigos de servidores do MPC-PR integram livro do Instituto Rui Barbosa sobre sustentabilidade e mudan\u00e7as clim\u00e1ticas","datePublished":"2025-05-29T19:00:37+00:00","dateModified":"2025-06-17T15:14:18+00:00","mainEntityOfPage":{"@id":"https:\/\/www.mpc.pr.gov.br\/index.php\/artigos-de-servidores-do-mpc-pr-integram-livro-do-instituto-rui-barbosa-sobre-sustentabilidade-e-mudancas-climaticas\/"},"wordCount":430,"commentCount":0,"publisher":{"@id":"https:\/\/www.mpc.pr.gov.br\/#organization"},"image":{"@id":"https:\/\/www.mpc.pr.gov.br\/index.php\/artigos-de-servidores-do-mpc-pr-integram-livro-do-instituto-rui-barbosa-sobre-sustentabilidade-e-mudancas-climaticas\/#primaryimage"},"thumbnailUrl":"https:\/\/www.mpc.pr.gov.br\/wp-content\/uploads\/2025\/05\/Servidores-MPC-artigo-IRB-destaque.png","keywords":["IRB","MPC-PR","Projetos Especiais","Sustentabilidade"],"articleSection":["Todas as not\u00edcias"],"inLanguage":"pt-BR","potentialAction":[{"@type":"CommentAction","name":"Comment","target":["https:\/\/www.mpc.pr.gov.br\/index.php\/artigos-de-servidores-do-mpc-pr-integram-livro-do-instituto-rui-barbosa-sobre-sustentabilidade-e-mudancas-climaticas\/#respond"]}]},{"@type":"WebPage","@id":"https:\/\/www.mpc.pr.gov.br\/index.php\/artigos-de-servidores-do-mpc-pr-integram-livro-do-instituto-rui-barbosa-sobre-sustentabilidade-e-mudancas-climaticas\/","url":"https:\/\/www.mpc.pr.gov.br\/index.php\/artigos-de-servidores-do-mpc-pr-integram-livro-do-instituto-rui-barbosa-sobre-sustentabilidade-e-mudancas-climaticas\/","name":"Artigos de servidores do MPC-PR integram livro do Instituto Rui Barbosa sobre sustentabilidade e mudan\u00e7as clim\u00e1ticas - Minist\u00e9rio P\u00fablico de Contas do Estado do Paran\u00e1","isPartOf":{"@id":"https:\/\/www.mpc.pr.gov.br\/#website"},"primaryImageOfPage":{"@id":"https:\/\/www.mpc.pr.gov.br\/index.php\/artigos-de-servidores-do-mpc-pr-integram-livro-do-instituto-rui-barbosa-sobre-sustentabilidade-e-mudancas-climaticas\/#primaryimage"},"image":{"@id":"https:\/\/www.mpc.pr.gov.br\/index.php\/artigos-de-servidores-do-mpc-pr-integram-livro-do-instituto-rui-barbosa-sobre-sustentabilidade-e-mudancas-climaticas\/#primaryimage"},"thumbnailUrl":"https:\/\/www.mpc.pr.gov.br\/wp-content\/uploads\/2025\/05\/Servidores-MPC-artigo-IRB-destaque.png","datePublished":"2025-05-29T19:00:37+00:00","dateModified":"2025-06-17T15:14:18+00:00","breadcrumb":{"@id":"https:\/\/www.mpc.pr.gov.br\/index.php\/artigos-de-servidores-do-mpc-pr-integram-livro-do-instituto-rui-barbosa-sobre-sustentabilidade-e-mudancas-climaticas\/#breadcrumb"},"inLanguage":"pt-BR","potentialAction":[{"@type":"ReadAction","target":["https:\/\/www.mpc.pr.gov.br\/index.php\/artigos-de-servidores-do-mpc-pr-integram-livro-do-instituto-rui-barbosa-sobre-sustentabilidade-e-mudancas-climaticas\/"]}]},{"@type":"ImageObject","inLanguage":"pt-BR","@id":"https:\/\/www.mpc.pr.gov.br\/index.php\/artigos-de-servidores-do-mpc-pr-integram-livro-do-instituto-rui-barbosa-sobre-sustentabilidade-e-mudancas-climaticas\/#primaryimage","url":"https:\/\/www.mpc.pr.gov.br\/wp-content\/uploads\/2025\/05\/Servidores-MPC-artigo-IRB-destaque.png","contentUrl":"https:\/\/www.mpc.pr.gov.br\/wp-content\/uploads\/2025\/05\/Servidores-MPC-artigo-IRB-destaque.png","width":560,"height":315},{"@type":"BreadcrumbList","@id":"https:\/\/www.mpc.pr.gov.br\/index.php\/artigos-de-servidores-do-mpc-pr-integram-livro-do-instituto-rui-barbosa-sobre-sustentabilidade-e-mudancas-climaticas\/#breadcrumb","itemListElement":[{"@type":"ListItem","position":1,"name":"In\u00edcio","item":"https:\/\/www.mpc.pr.gov.br\/"},{"@type":"ListItem","position":2,"name":"Artigos de servidores do MPC-PR integram livro do Instituto Rui Barbosa sobre sustentabilidade e mudan\u00e7as clim\u00e1ticas"}]},{"@type":"WebSite","@id":"https:\/\/www.mpc.pr.gov.br\/#website","url":"https:\/\/www.mpc.pr.gov.br\/","name":"Minist\u00e9rio P\u00fablico de Contas do Estado do Paran\u00e1","description":"","publisher":{"@id":"https:\/\/www.mpc.pr.gov.br\/#organization"},"potentialAction":[{"@type":"SearchAction","target":{"@type":"EntryPoint","urlTemplate":"https:\/\/www.mpc.pr.gov.br\/?s={search_term_string}"},"query-input":{"@type":"PropertyValueSpecification","valueRequired":true,"valueName":"search_term_string"}}],"inLanguage":"pt-BR"},{"@type":"Organization","@id":"https:\/\/www.mpc.pr.gov.br\/#organization","name":"Minist\u00e9rio P\u00fablico de Contas do Estado do Paran\u00e1","url":"https:\/\/www.mpc.pr.gov.br\/","logo":{"@type":"ImageObject","inLanguage":"pt-BR","@id":"https:\/\/www.mpc.pr.gov.br\/#\/schema\/logo\/image\/","url":"https:\/\/www.mpc.pr.gov.br\/wp-content\/uploads\/2020\/06\/99423647_1593460364143890_6706793420720963584_n-1-e1591387983167.png","contentUrl":"https:\/\/www.mpc.pr.gov.br\/wp-content\/uploads\/2020\/06\/99423647_1593460364143890_6706793420720963584_n-1-e1591387983167.png","width":243,"height":73,"caption":"Minist\u00e9rio P\u00fablico de Contas do Estado do Paran\u00e1"},"image":{"@id":"https:\/\/www.mpc.pr.gov.br\/#\/schema\/logo\/image\/"},"sameAs":["https:\/\/www.facebook.com\/mpc.pr","https:\/\/www.instagram.com\/mpc.pr\/?hl=pt-br","https:\/\/www.youtube.com\/channel\/UCHri5oEM8DV0ztX57E0sBSw"]},{"@type":"Person","@id":"https:\/\/www.mpc.pr.gov.br\/#\/schema\/person\/2d83cb8980538d0ec174e8a6284f5e11","name":"mpcontaspr","image":{"@type":"ImageObject","inLanguage":"pt-BR","@id":"https:\/\/secure.gravatar.com\/avatar\/1aef51541db7622e05fd639336c9c9f312c2a618396e2b6ca96846362fc5403f?s=96&d=mm&r=g","url":"https:\/\/secure.gravatar.com\/avatar\/1aef51541db7622e05fd639336c9c9f312c2a618396e2b6ca96846362fc5403f?s=96&d=mm&r=g","contentUrl":"https:\/\/secure.gravatar.com\/avatar\/1aef51541db7622e05fd639336c9c9f312c2a618396e2b6ca96846362fc5403f?s=96&d=mm&r=g","caption":"mpcontaspr"},"sameAs":["http:\/\/www.mpc.pr.gov.br"]}]}},"rttpg_featured_image_url":{"full":["https:\/\/www.mpc.pr.gov.br\/wp-content\/uploads\/2025\/05\/Servidores-MPC-artigo-IRB-destaque.png",560,315,false],"landscape":["https:\/\/www.mpc.pr.gov.br\/wp-content\/uploads\/2025\/05\/Servidores-MPC-artigo-IRB-destaque.png",560,315,false],"portraits":["https:\/\/www.mpc.pr.gov.br\/wp-content\/uploads\/2025\/05\/Servidores-MPC-artigo-IRB-destaque.png",560,315,false],"thumbnail":["https:\/\/www.mpc.pr.gov.br\/wp-content\/uploads\/2025\/05\/Servidores-MPC-artigo-IRB-destaque-150x150.png",150,150,true],"medium":["https:\/\/www.mpc.pr.gov.br\/wp-content\/uploads\/2025\/05\/Servidores-MPC-artigo-IRB-destaque-300x169.png",300,169,true],"large":["https:\/\/www.mpc.pr.gov.br\/wp-content\/uploads\/2025\/05\/Servidores-MPC-artigo-IRB-destaque.png",560,315,false],"1536x1536":["https:\/\/www.mpc.pr.gov.br\/wp-content\/uploads\/2025\/05\/Servidores-MPC-artigo-IRB-destaque.png",560,315,false],"2048x2048":["https:\/\/www.mpc.pr.gov.br\/wp-content\/uploads\/2025\/05\/Servidores-MPC-artigo-IRB-destaque.png",560,315,false],"ocean-thumb-m":["https:\/\/www.mpc.pr.gov.br\/wp-content\/uploads\/2025\/05\/Servidores-MPC-artigo-IRB-destaque.png",560,315,false],"ocean-thumb-ml":["https:\/\/www.mpc.pr.gov.br\/wp-content\/uploads\/2025\/05\/Servidores-MPC-artigo-IRB-destaque.png",560,315,false],"ocean-thumb-l":["https:\/\/www.mpc.pr.gov.br\/wp-content\/uploads\/2025\/05\/Servidores-MPC-artigo-IRB-destaque.png",560,315,false]},"rttpg_author":{"display_name":"mpcontaspr","author_link":"https:\/\/www.mpc.pr.gov.br\/index.php\/author\/mpcontaspr\/"},"rttpg_comment":3,"rttpg_category":"<a href=\"https:\/\/www.mpc.pr.gov.br\/index.php\/category\/todas-as-noticias\/\" rel=\"category tag\">Todas as not\u00edcias<\/a>","rttpg_excerpt":"O Minist\u00e9rio P\u00fablico de Contas do Paran\u00e1 (MPC-PR) tem a honra de integrar a obra \u201cOs Tribunais de Contas e a Sustentabilidade: Governan\u00e7a e Controle no Enfrentamento das Mudan\u00e7as Clim\u00e1ticas\u201d, lan\u00e7ada oficialmente pelo Instituto Rui Barbosa (IRB) durante o IX Congresso Internacional de Controle e Pol\u00edticas P\u00fablicas, realizado entre os dias 26 e 29 de&hellip;","_links":{"self":[{"href":"https:\/\/www.mpc.pr.gov.br\/index.php\/wp-json\/wp\/v2\/posts\/23624","targetHints":{"allow":["GET"]}}],"collection":[{"href":"https:\/\/www.mpc.pr.gov.br\/index.php\/wp-json\/wp\/v2\/posts"}],"about":[{"href":"https:\/\/www.mpc.pr.gov.br\/index.php\/wp-json\/wp\/v2\/types\/post"}],"author":[{"embeddable":true,"href":"https:\/\/www.mpc.pr.gov.br\/index.php\/wp-json\/wp\/v2\/users\/1"}],"replies":[{"embeddable":true,"href":"https:\/\/www.mpc.pr.gov.br\/index.php\/wp-json\/wp\/v2\/comments?post=23624"}],"version-history":[{"count":3,"href":"https:\/\/www.mpc.pr.gov.br\/index.php\/wp-json\/wp\/v2\/posts\/23624\/revisions"}],"predecessor-version":[{"id":23629,"href":"https:\/\/www.mpc.pr.gov.br\/index.php\/wp-json\/wp\/v2\/posts\/23624\/revisions\/23629"}],"wp:featuredmedia":[{"embeddable":true,"href":"https:\/\/www.mpc.pr.gov.br\/index.php\/wp-json\/wp\/v2\/media\/23628"}],"wp:attachment":[{"href":"https:\/\/www.mpc.pr.gov.br\/index.php\/wp-json\/wp\/v2\/media?parent=23624"}],"wp:term":[{"taxonomy":"category","embeddable":true,"href":"https:\/\/www.mpc.pr.gov.br\/index.php\/wp-json\/wp\/v2\/categories?post=23624"},{"taxonomy":"post_tag","embeddable":true,"href":"https:\/\/www.mpc.pr.gov.br\/index.php\/wp-json\/wp\/v2\/tags?post=23624"}],"curies":[{"name":"wp","href":"https:\/\/api.w.org\/{rel}","templated":true}]}}