{"id":23715,"date":"2025-06-03T13:28:07","date_gmt":"2025-06-03T16:28:07","guid":{"rendered":"https:\/\/www.mpc.pr.gov.br\/?p=23715"},"modified":"2025-06-17T12:14:02","modified_gmt":"2025-06-17T15:14:02","slug":"mpc-pr-e-mpc-pe-unem-esforcos-para-realizar-o-i-encontro-nacional-de-secretarias-dos-mpcs","status":"publish","type":"post","link":"https:\/\/www.mpc.pr.gov.br\/index.php\/mpc-pr-e-mpc-pe-unem-esforcos-para-realizar-o-i-encontro-nacional-de-secretarias-dos-mpcs\/","title":{"rendered":"MPC-PR e MPC-PE unem esfor\u00e7os para realizar o I Encontro Nacional de Secretarias dos MPCs"},"content":{"rendered":"<p><img fetchpriority=\"high\" decoding=\"async\" class=\"size-medium wp-image-23716 alignleft\" src=\"https:\/\/www.mpc.pr.gov.br\/wp-content\/uploads\/2025\/06\/Parceria-MPC-PR-e-MPC-PE-300x169.png\" alt=\"\" width=\"300\" height=\"169\" srcset=\"https:\/\/www.mpc.pr.gov.br\/wp-content\/uploads\/2025\/06\/Parceria-MPC-PR-e-MPC-PE-300x169.png 300w, https:\/\/www.mpc.pr.gov.br\/wp-content\/uploads\/2025\/06\/Parceria-MPC-PR-e-MPC-PE.png 560w\" sizes=\"(max-width: 300px) 100vw, 300px\" \/>Em uma iniciativa in\u00e9dita, o Minist\u00e9rio P\u00fablico de Contas do Paran\u00e1 (MPC-PR) e o <a href=\"https:\/\/www.tcepe.tc.br\/internet\/index.php\/noticias-mpco\">Minist\u00e9rio P\u00fablico de Contas de Pernambuco (MPC-PE)<\/a> firmaram parceria para a realiza\u00e7\u00e3o do <strong>I Encontro Nacional de Secretarias dos Minist\u00e9rios P\u00fablicos de Contas<\/strong>. O evento est\u00e1 previsto para acontecer em 20 de outubro, de forma 100% online.<\/p>\n<p>Visando promover a troca de experi\u00eancias, o fortalecimento institucional e a qualifica\u00e7\u00e3o dos profissionais que atuam nas secretarias e \u00e1reas administrativas dos \u00f3rg\u00e3os, a programa\u00e7\u00e3o contar\u00e1 com oficinas tem\u00e1ticas, palestras sobre t\u00e9cnicas de lideran\u00e7a e gest\u00e3o de pessoas, al\u00e9m de um espa\u00e7o dedicado \u00e0 apresenta\u00e7\u00e3o de cases de sucesso das secretarias dos MPCs de todo o pa\u00eds.<\/p>\n<p>A proposta nasceu da compreens\u00e3o de que as secretarias exercem um papel essencial no suporte t\u00e9cnico e operacional das atividades dos Minist\u00e9rios P\u00fablicos de Contas.<\/p>\n<p>A organiza\u00e7\u00e3o do evento est\u00e1 a cargo de um grupo de trabalho formado por representantes do MPC-PR e do MPC-PE, entre eles:<\/p>\n<ul>\n<li><strong>MPC-PR: <\/strong>Sirlei Volpato de Oliveira (L\u00edder do projeto); Suiane Volpato de Oliveira Zanardi (assessora t\u00e9cnica da Secretaria); Barbara Krysttal Motta Almeida Reis (Diretora-Geral); Giovanna Menezes Faria e Mykaella Ribeiro Mello (assessoras t\u00e9cnicas do N\u00facleo de Comunica\u00e7\u00e3o);<\/li>\n<li><strong>MPC-PE:<\/strong> Ra\u00edssa Castro Ara\u00fajo Vilar (Secret\u00e1ria); Fernando Rafael de Albuquerque Silva (assessor de comunica\u00e7\u00e3o da Procuradoria-Geral); Valdemar Barbosa Beltr\u00e3o Neto (prestador de servi\u00e7os administrativos); Maria Aparecida Ferreira de Morais Alves (Bibliotec\u00e1ria)<\/li>\n<\/ul>\n<p>O encontro pretende se consolidar no calend\u00e1rio anual dos MPCs, estimulando a integra\u00e7\u00e3o entre as institui\u00e7\u00f5es, o aperfei\u00e7oamento das pr\u00e1ticas de gest\u00e3o e a qualifica\u00e7\u00e3o dos servidores.<\/p>\n<p>Em breve, ser\u00e1 divulgada a programa\u00e7\u00e3o completa, bem como as orienta\u00e7\u00f5es para participa\u00e7\u00e3o dos interessados.<\/p>\n","protected":false},"excerpt":{"rendered":"<p>Em uma iniciativa in\u00e9dita, o Minist\u00e9rio P\u00fablico de Contas do Paran\u00e1 (MPC-PR) e o Minist\u00e9rio P\u00fablico de Contas de Pernambuco (MPC-PE) firmaram parceria para a realiza\u00e7\u00e3o do I Encontro Nacional de Secretarias dos Minist\u00e9rios P\u00fablicos de Contas. O evento est\u00e1 previsto para acontecer em 20 de outubro, de forma 100% online. Visando promover a troca [&hellip;]<\/p>\n","protected":false},"author":1,"featured_media":23716,"comment_status":"open","ping_status":"open","sticky":false,"template":"","format":"standard","meta":{"_monsterinsights_skip_tracking":false,"_monsterinsights_sitenote_active":false,"_monsterinsights_sitenote_note":"","_monsterinsights_sitenote_category":0,"footnotes":""},"categories":[7],"tags":[756,754,757,13,755],"class_list":["post-23715","post","type-post","status-publish","format-standard","has-post-thumbnail","hentry","category-todas-as-noticias","tag-administracao","tag-encontro-de-secretarias-dos-mpcs","tag-gestao-de-pessoas","tag-mpc-pr","tag-secretaria","entry","has-media"],"yoast_head":"<!-- This site is optimized with the Yoast SEO plugin v27.3 - https:\/\/yoast.com\/product\/yoast-seo-wordpress\/ -->\n<title>MPC-PR e MPC-PE unem esfor\u00e7os para realizar o I Encontro Nacional de Secretarias dos MPCs - Minist\u00e9rio P\u00fablico de Contas do Estado do Paran\u00e1<\/title>\n<meta name=\"robots\" content=\"index, follow, max-snippet:-1, max-image-preview:large, max-video-preview:-1\" \/>\n<link rel=\"canonical\" href=\"https:\/\/www.mpc.pr.gov.br\/index.php\/mpc-pr-e-mpc-pe-unem-esforcos-para-realizar-o-i-encontro-nacional-de-secretarias-dos-mpcs\/\" \/>\n<meta property=\"og:locale\" content=\"pt_BR\" \/>\n<meta property=\"og:type\" content=\"article\" \/>\n<meta property=\"og:title\" content=\"MPC-PR e MPC-PE unem esfor\u00e7os para realizar o I Encontro Nacional de Secretarias dos MPCs - Minist\u00e9rio P\u00fablico de Contas do Estado do Paran\u00e1\" \/>\n<meta property=\"og:description\" content=\"Em uma iniciativa in\u00e9dita, o Minist\u00e9rio P\u00fablico de Contas do Paran\u00e1 (MPC-PR) e o Minist\u00e9rio P\u00fablico de Contas de Pernambuco (MPC-PE) firmaram parceria para a realiza\u00e7\u00e3o do I Encontro Nacional de Secretarias dos Minist\u00e9rios P\u00fablicos de Contas. O evento est\u00e1 previsto para acontecer em 20 de outubro, de forma 100% online. Visando promover a troca [&hellip;]\" \/>\n<meta property=\"og:url\" content=\"https:\/\/www.mpc.pr.gov.br\/index.php\/mpc-pr-e-mpc-pe-unem-esforcos-para-realizar-o-i-encontro-nacional-de-secretarias-dos-mpcs\/\" \/>\n<meta property=\"og:site_name\" content=\"Minist\u00e9rio P\u00fablico de Contas do Estado do Paran\u00e1\" \/>\n<meta property=\"article:publisher\" content=\"https:\/\/www.facebook.com\/mpc.pr\" \/>\n<meta property=\"article:published_time\" content=\"2025-06-03T16:28:07+00:00\" \/>\n<meta property=\"article:modified_time\" content=\"2025-06-17T15:14:02+00:00\" \/>\n<meta property=\"og:image\" content=\"https:\/\/www.mpc.pr.gov.br\/wp-content\/uploads\/2025\/06\/Parceria-MPC-PR-e-MPC-PE.png\" \/>\n\t<meta property=\"og:image:width\" content=\"560\" \/>\n\t<meta property=\"og:image:height\" content=\"315\" \/>\n\t<meta property=\"og:image:type\" content=\"image\/png\" \/>\n<meta name=\"author\" content=\"mpcontaspr\" \/>\n<meta name=\"twitter:card\" content=\"summary_large_image\" \/>\n<meta name=\"twitter:label1\" content=\"Escrito por\" \/>\n\t<meta name=\"twitter:data1\" content=\"mpcontaspr\" \/>\n\t<meta name=\"twitter:label2\" content=\"Est. tempo de leitura\" \/>\n\t<meta name=\"twitter:data2\" content=\"2 minutos\" \/>\n<script type=\"application\/ld+json\" class=\"yoast-schema-graph\">{\"@context\":\"https:\\\/\\\/schema.org\",\"@graph\":[{\"@type\":\"Article\",\"@id\":\"https:\\\/\\\/www.mpc.pr.gov.br\\\/index.php\\\/mpc-pr-e-mpc-pe-unem-esforcos-para-realizar-o-i-encontro-nacional-de-secretarias-dos-mpcs\\\/#article\",\"isPartOf\":{\"@id\":\"https:\\\/\\\/www.mpc.pr.gov.br\\\/index.php\\\/mpc-pr-e-mpc-pe-unem-esforcos-para-realizar-o-i-encontro-nacional-de-secretarias-dos-mpcs\\\/\"},\"author\":{\"name\":\"mpcontaspr\",\"@id\":\"https:\\\/\\\/www.mpc.pr.gov.br\\\/#\\\/schema\\\/person\\\/2d83cb8980538d0ec174e8a6284f5e11\"},\"headline\":\"MPC-PR e MPC-PE unem esfor\u00e7os para realizar o I Encontro Nacional de Secretarias dos MPCs\",\"datePublished\":\"2025-06-03T16:28:07+00:00\",\"dateModified\":\"2025-06-17T15:14:02+00:00\",\"mainEntityOfPage\":{\"@id\":\"https:\\\/\\\/www.mpc.pr.gov.br\\\/index.php\\\/mpc-pr-e-mpc-pe-unem-esforcos-para-realizar-o-i-encontro-nacional-de-secretarias-dos-mpcs\\\/\"},\"wordCount\":324,\"commentCount\":0,\"publisher\":{\"@id\":\"https:\\\/\\\/www.mpc.pr.gov.br\\\/#organization\"},\"image\":{\"@id\":\"https:\\\/\\\/www.mpc.pr.gov.br\\\/index.php\\\/mpc-pr-e-mpc-pe-unem-esforcos-para-realizar-o-i-encontro-nacional-de-secretarias-dos-mpcs\\\/#primaryimage\"},\"thumbnailUrl\":\"https:\\\/\\\/www.mpc.pr.gov.br\\\/wp-content\\\/uploads\\\/2025\\\/06\\\/Parceria-MPC-PR-e-MPC-PE.png\",\"keywords\":[\"Administra\u00e7\u00e3o\",\"Encontro de Secretarias dos MPCs\",\"Gest\u00e3o de Pessoas\",\"MPC-PR\",\"Secretaria\"],\"articleSection\":[\"Todas as not\u00edcias\"],\"inLanguage\":\"pt-BR\",\"potentialAction\":[{\"@type\":\"CommentAction\",\"name\":\"Comment\",\"target\":[\"https:\\\/\\\/www.mpc.pr.gov.br\\\/index.php\\\/mpc-pr-e-mpc-pe-unem-esforcos-para-realizar-o-i-encontro-nacional-de-secretarias-dos-mpcs\\\/#respond\"]}]},{\"@type\":\"WebPage\",\"@id\":\"https:\\\/\\\/www.mpc.pr.gov.br\\\/index.php\\\/mpc-pr-e-mpc-pe-unem-esforcos-para-realizar-o-i-encontro-nacional-de-secretarias-dos-mpcs\\\/\",\"url\":\"https:\\\/\\\/www.mpc.pr.gov.br\\\/index.php\\\/mpc-pr-e-mpc-pe-unem-esforcos-para-realizar-o-i-encontro-nacional-de-secretarias-dos-mpcs\\\/\",\"name\":\"MPC-PR e MPC-PE unem esfor\u00e7os para realizar o I Encontro Nacional de Secretarias dos MPCs - Minist\u00e9rio P\u00fablico de Contas do Estado do Paran\u00e1\",\"isPartOf\":{\"@id\":\"https:\\\/\\\/www.mpc.pr.gov.br\\\/#website\"},\"primaryImageOfPage\":{\"@id\":\"https:\\\/\\\/www.mpc.pr.gov.br\\\/index.php\\\/mpc-pr-e-mpc-pe-unem-esforcos-para-realizar-o-i-encontro-nacional-de-secretarias-dos-mpcs\\\/#primaryimage\"},\"image\":{\"@id\":\"https:\\\/\\\/www.mpc.pr.gov.br\\\/index.php\\\/mpc-pr-e-mpc-pe-unem-esforcos-para-realizar-o-i-encontro-nacional-de-secretarias-dos-mpcs\\\/#primaryimage\"},\"thumbnailUrl\":\"https:\\\/\\\/www.mpc.pr.gov.br\\\/wp-content\\\/uploads\\\/2025\\\/06\\\/Parceria-MPC-PR-e-MPC-PE.png\",\"datePublished\":\"2025-06-03T16:28:07+00:00\",\"dateModified\":\"2025-06-17T15:14:02+00:00\",\"breadcrumb\":{\"@id\":\"https:\\\/\\\/www.mpc.pr.gov.br\\\/index.php\\\/mpc-pr-e-mpc-pe-unem-esforcos-para-realizar-o-i-encontro-nacional-de-secretarias-dos-mpcs\\\/#breadcrumb\"},\"inLanguage\":\"pt-BR\",\"potentialAction\":[{\"@type\":\"ReadAction\",\"target\":[\"https:\\\/\\\/www.mpc.pr.gov.br\\\/index.php\\\/mpc-pr-e-mpc-pe-unem-esforcos-para-realizar-o-i-encontro-nacional-de-secretarias-dos-mpcs\\\/\"]}]},{\"@type\":\"ImageObject\",\"inLanguage\":\"pt-BR\",\"@id\":\"https:\\\/\\\/www.mpc.pr.gov.br\\\/index.php\\\/mpc-pr-e-mpc-pe-unem-esforcos-para-realizar-o-i-encontro-nacional-de-secretarias-dos-mpcs\\\/#primaryimage\",\"url\":\"https:\\\/\\\/www.mpc.pr.gov.br\\\/wp-content\\\/uploads\\\/2025\\\/06\\\/Parceria-MPC-PR-e-MPC-PE.png\",\"contentUrl\":\"https:\\\/\\\/www.mpc.pr.gov.br\\\/wp-content\\\/uploads\\\/2025\\\/06\\\/Parceria-MPC-PR-e-MPC-PE.png\",\"width\":560,\"height\":315},{\"@type\":\"BreadcrumbList\",\"@id\":\"https:\\\/\\\/www.mpc.pr.gov.br\\\/index.php\\\/mpc-pr-e-mpc-pe-unem-esforcos-para-realizar-o-i-encontro-nacional-de-secretarias-dos-mpcs\\\/#breadcrumb\",\"itemListElement\":[{\"@type\":\"ListItem\",\"position\":1,\"name\":\"In\u00edcio\",\"item\":\"https:\\\/\\\/www.mpc.pr.gov.br\\\/\"},{\"@type\":\"ListItem\",\"position\":2,\"name\":\"MPC-PR e MPC-PE unem esfor\u00e7os para realizar o I Encontro Nacional de Secretarias dos MPCs\"}]},{\"@type\":\"WebSite\",\"@id\":\"https:\\\/\\\/www.mpc.pr.gov.br\\\/#website\",\"url\":\"https:\\\/\\\/www.mpc.pr.gov.br\\\/\",\"name\":\"Minist\u00e9rio P\u00fablico de Contas do Estado do Paran\u00e1\",\"description\":\"\",\"publisher\":{\"@id\":\"https:\\\/\\\/www.mpc.pr.gov.br\\\/#organization\"},\"potentialAction\":[{\"@type\":\"SearchAction\",\"target\":{\"@type\":\"EntryPoint\",\"urlTemplate\":\"https:\\\/\\\/www.mpc.pr.gov.br\\\/?s={search_term_string}\"},\"query-input\":{\"@type\":\"PropertyValueSpecification\",\"valueRequired\":true,\"valueName\":\"search_term_string\"}}],\"inLanguage\":\"pt-BR\"},{\"@type\":\"Organization\",\"@id\":\"https:\\\/\\\/www.mpc.pr.gov.br\\\/#organization\",\"name\":\"Minist\u00e9rio P\u00fablico de Contas do Estado do Paran\u00e1\",\"url\":\"https:\\\/\\\/www.mpc.pr.gov.br\\\/\",\"logo\":{\"@type\":\"ImageObject\",\"inLanguage\":\"pt-BR\",\"@id\":\"https:\\\/\\\/www.mpc.pr.gov.br\\\/#\\\/schema\\\/logo\\\/image\\\/\",\"url\":\"https:\\\/\\\/www.mpc.pr.gov.br\\\/wp-content\\\/uploads\\\/2020\\\/06\\\/99423647_1593460364143890_6706793420720963584_n-1-e1591387983167.png\",\"contentUrl\":\"https:\\\/\\\/www.mpc.pr.gov.br\\\/wp-content\\\/uploads\\\/2020\\\/06\\\/99423647_1593460364143890_6706793420720963584_n-1-e1591387983167.png\",\"width\":243,\"height\":73,\"caption\":\"Minist\u00e9rio P\u00fablico de Contas do Estado do Paran\u00e1\"},\"image\":{\"@id\":\"https:\\\/\\\/www.mpc.pr.gov.br\\\/#\\\/schema\\\/logo\\\/image\\\/\"},\"sameAs\":[\"https:\\\/\\\/www.facebook.com\\\/mpc.pr\",\"https:\\\/\\\/www.instagram.com\\\/mpc.pr\\\/?hl=pt-br\",\"https:\\\/\\\/www.youtube.com\\\/channel\\\/UCHri5oEM8DV0ztX57E0sBSw\"]},{\"@type\":\"Person\",\"@id\":\"https:\\\/\\\/www.mpc.pr.gov.br\\\/#\\\/schema\\\/person\\\/2d83cb8980538d0ec174e8a6284f5e11\",\"name\":\"mpcontaspr\",\"image\":{\"@type\":\"ImageObject\",\"inLanguage\":\"pt-BR\",\"@id\":\"https:\\\/\\\/secure.gravatar.com\\\/avatar\\\/1aef51541db7622e05fd639336c9c9f312c2a618396e2b6ca96846362fc5403f?s=96&d=mm&r=g\",\"url\":\"https:\\\/\\\/secure.gravatar.com\\\/avatar\\\/1aef51541db7622e05fd639336c9c9f312c2a618396e2b6ca96846362fc5403f?s=96&d=mm&r=g\",\"contentUrl\":\"https:\\\/\\\/secure.gravatar.com\\\/avatar\\\/1aef51541db7622e05fd639336c9c9f312c2a618396e2b6ca96846362fc5403f?s=96&d=mm&r=g\",\"caption\":\"mpcontaspr\"},\"sameAs\":[\"http:\\\/\\\/www.mpc.pr.gov.br\"]}]}<\/script>\n<!-- \/ Yoast SEO plugin. -->","yoast_head_json":{"title":"MPC-PR e MPC-PE unem esfor\u00e7os para realizar o I Encontro Nacional de Secretarias dos MPCs - Minist\u00e9rio P\u00fablico de Contas do Estado do Paran\u00e1","robots":{"index":"index","follow":"follow","max-snippet":"max-snippet:-1","max-image-preview":"max-image-preview:large","max-video-preview":"max-video-preview:-1"},"canonical":"https:\/\/www.mpc.pr.gov.br\/index.php\/mpc-pr-e-mpc-pe-unem-esforcos-para-realizar-o-i-encontro-nacional-de-secretarias-dos-mpcs\/","og_locale":"pt_BR","og_type":"article","og_title":"MPC-PR e MPC-PE unem esfor\u00e7os para realizar o I Encontro Nacional de Secretarias dos MPCs - Minist\u00e9rio P\u00fablico de Contas do Estado do Paran\u00e1","og_description":"Em uma iniciativa in\u00e9dita, o Minist\u00e9rio P\u00fablico de Contas do Paran\u00e1 (MPC-PR) e o Minist\u00e9rio P\u00fablico de Contas de Pernambuco (MPC-PE) firmaram parceria para a realiza\u00e7\u00e3o do I Encontro Nacional de Secretarias dos Minist\u00e9rios P\u00fablicos de Contas. O evento est\u00e1 previsto para acontecer em 20 de outubro, de forma 100% online. Visando promover a troca [&hellip;]","og_url":"https:\/\/www.mpc.pr.gov.br\/index.php\/mpc-pr-e-mpc-pe-unem-esforcos-para-realizar-o-i-encontro-nacional-de-secretarias-dos-mpcs\/","og_site_name":"Minist\u00e9rio P\u00fablico de Contas do Estado do Paran\u00e1","article_publisher":"https:\/\/www.facebook.com\/mpc.pr","article_published_time":"2025-06-03T16:28:07+00:00","article_modified_time":"2025-06-17T15:14:02+00:00","og_image":[{"width":560,"height":315,"url":"https:\/\/www.mpc.pr.gov.br\/wp-content\/uploads\/2025\/06\/Parceria-MPC-PR-e-MPC-PE.png","type":"image\/png"}],"author":"mpcontaspr","twitter_card":"summary_large_image","twitter_misc":{"Escrito por":"mpcontaspr","Est. tempo de leitura":"2 minutos"},"schema":{"@context":"https:\/\/schema.org","@graph":[{"@type":"Article","@id":"https:\/\/www.mpc.pr.gov.br\/index.php\/mpc-pr-e-mpc-pe-unem-esforcos-para-realizar-o-i-encontro-nacional-de-secretarias-dos-mpcs\/#article","isPartOf":{"@id":"https:\/\/www.mpc.pr.gov.br\/index.php\/mpc-pr-e-mpc-pe-unem-esforcos-para-realizar-o-i-encontro-nacional-de-secretarias-dos-mpcs\/"},"author":{"name":"mpcontaspr","@id":"https:\/\/www.mpc.pr.gov.br\/#\/schema\/person\/2d83cb8980538d0ec174e8a6284f5e11"},"headline":"MPC-PR e MPC-PE unem esfor\u00e7os para realizar o I Encontro Nacional de Secretarias dos MPCs","datePublished":"2025-06-03T16:28:07+00:00","dateModified":"2025-06-17T15:14:02+00:00","mainEntityOfPage":{"@id":"https:\/\/www.mpc.pr.gov.br\/index.php\/mpc-pr-e-mpc-pe-unem-esforcos-para-realizar-o-i-encontro-nacional-de-secretarias-dos-mpcs\/"},"wordCount":324,"commentCount":0,"publisher":{"@id":"https:\/\/www.mpc.pr.gov.br\/#organization"},"image":{"@id":"https:\/\/www.mpc.pr.gov.br\/index.php\/mpc-pr-e-mpc-pe-unem-esforcos-para-realizar-o-i-encontro-nacional-de-secretarias-dos-mpcs\/#primaryimage"},"thumbnailUrl":"https:\/\/www.mpc.pr.gov.br\/wp-content\/uploads\/2025\/06\/Parceria-MPC-PR-e-MPC-PE.png","keywords":["Administra\u00e7\u00e3o","Encontro de Secretarias dos MPCs","Gest\u00e3o de Pessoas","MPC-PR","Secretaria"],"articleSection":["Todas as not\u00edcias"],"inLanguage":"pt-BR","potentialAction":[{"@type":"CommentAction","name":"Comment","target":["https:\/\/www.mpc.pr.gov.br\/index.php\/mpc-pr-e-mpc-pe-unem-esforcos-para-realizar-o-i-encontro-nacional-de-secretarias-dos-mpcs\/#respond"]}]},{"@type":"WebPage","@id":"https:\/\/www.mpc.pr.gov.br\/index.php\/mpc-pr-e-mpc-pe-unem-esforcos-para-realizar-o-i-encontro-nacional-de-secretarias-dos-mpcs\/","url":"https:\/\/www.mpc.pr.gov.br\/index.php\/mpc-pr-e-mpc-pe-unem-esforcos-para-realizar-o-i-encontro-nacional-de-secretarias-dos-mpcs\/","name":"MPC-PR e MPC-PE unem esfor\u00e7os para realizar o I Encontro Nacional de Secretarias dos MPCs - Minist\u00e9rio P\u00fablico de Contas do Estado do Paran\u00e1","isPartOf":{"@id":"https:\/\/www.mpc.pr.gov.br\/#website"},"primaryImageOfPage":{"@id":"https:\/\/www.mpc.pr.gov.br\/index.php\/mpc-pr-e-mpc-pe-unem-esforcos-para-realizar-o-i-encontro-nacional-de-secretarias-dos-mpcs\/#primaryimage"},"image":{"@id":"https:\/\/www.mpc.pr.gov.br\/index.php\/mpc-pr-e-mpc-pe-unem-esforcos-para-realizar-o-i-encontro-nacional-de-secretarias-dos-mpcs\/#primaryimage"},"thumbnailUrl":"https:\/\/www.mpc.pr.gov.br\/wp-content\/uploads\/2025\/06\/Parceria-MPC-PR-e-MPC-PE.png","datePublished":"2025-06-03T16:28:07+00:00","dateModified":"2025-06-17T15:14:02+00:00","breadcrumb":{"@id":"https:\/\/www.mpc.pr.gov.br\/index.php\/mpc-pr-e-mpc-pe-unem-esforcos-para-realizar-o-i-encontro-nacional-de-secretarias-dos-mpcs\/#breadcrumb"},"inLanguage":"pt-BR","potentialAction":[{"@type":"ReadAction","target":["https:\/\/www.mpc.pr.gov.br\/index.php\/mpc-pr-e-mpc-pe-unem-esforcos-para-realizar-o-i-encontro-nacional-de-secretarias-dos-mpcs\/"]}]},{"@type":"ImageObject","inLanguage":"pt-BR","@id":"https:\/\/www.mpc.pr.gov.br\/index.php\/mpc-pr-e-mpc-pe-unem-esforcos-para-realizar-o-i-encontro-nacional-de-secretarias-dos-mpcs\/#primaryimage","url":"https:\/\/www.mpc.pr.gov.br\/wp-content\/uploads\/2025\/06\/Parceria-MPC-PR-e-MPC-PE.png","contentUrl":"https:\/\/www.mpc.pr.gov.br\/wp-content\/uploads\/2025\/06\/Parceria-MPC-PR-e-MPC-PE.png","width":560,"height":315},{"@type":"BreadcrumbList","@id":"https:\/\/www.mpc.pr.gov.br\/index.php\/mpc-pr-e-mpc-pe-unem-esforcos-para-realizar-o-i-encontro-nacional-de-secretarias-dos-mpcs\/#breadcrumb","itemListElement":[{"@type":"ListItem","position":1,"name":"In\u00edcio","item":"https:\/\/www.mpc.pr.gov.br\/"},{"@type":"ListItem","position":2,"name":"MPC-PR e MPC-PE unem esfor\u00e7os para realizar o I Encontro Nacional de Secretarias dos MPCs"}]},{"@type":"WebSite","@id":"https:\/\/www.mpc.pr.gov.br\/#website","url":"https:\/\/www.mpc.pr.gov.br\/","name":"Minist\u00e9rio P\u00fablico de Contas do Estado do Paran\u00e1","description":"","publisher":{"@id":"https:\/\/www.mpc.pr.gov.br\/#organization"},"potentialAction":[{"@type":"SearchAction","target":{"@type":"EntryPoint","urlTemplate":"https:\/\/www.mpc.pr.gov.br\/?s={search_term_string}"},"query-input":{"@type":"PropertyValueSpecification","valueRequired":true,"valueName":"search_term_string"}}],"inLanguage":"pt-BR"},{"@type":"Organization","@id":"https:\/\/www.mpc.pr.gov.br\/#organization","name":"Minist\u00e9rio P\u00fablico de Contas do Estado do Paran\u00e1","url":"https:\/\/www.mpc.pr.gov.br\/","logo":{"@type":"ImageObject","inLanguage":"pt-BR","@id":"https:\/\/www.mpc.pr.gov.br\/#\/schema\/logo\/image\/","url":"https:\/\/www.mpc.pr.gov.br\/wp-content\/uploads\/2020\/06\/99423647_1593460364143890_6706793420720963584_n-1-e1591387983167.png","contentUrl":"https:\/\/www.mpc.pr.gov.br\/wp-content\/uploads\/2020\/06\/99423647_1593460364143890_6706793420720963584_n-1-e1591387983167.png","width":243,"height":73,"caption":"Minist\u00e9rio P\u00fablico de Contas do Estado do Paran\u00e1"},"image":{"@id":"https:\/\/www.mpc.pr.gov.br\/#\/schema\/logo\/image\/"},"sameAs":["https:\/\/www.facebook.com\/mpc.pr","https:\/\/www.instagram.com\/mpc.pr\/?hl=pt-br","https:\/\/www.youtube.com\/channel\/UCHri5oEM8DV0ztX57E0sBSw"]},{"@type":"Person","@id":"https:\/\/www.mpc.pr.gov.br\/#\/schema\/person\/2d83cb8980538d0ec174e8a6284f5e11","name":"mpcontaspr","image":{"@type":"ImageObject","inLanguage":"pt-BR","@id":"https:\/\/secure.gravatar.com\/avatar\/1aef51541db7622e05fd639336c9c9f312c2a618396e2b6ca96846362fc5403f?s=96&d=mm&r=g","url":"https:\/\/secure.gravatar.com\/avatar\/1aef51541db7622e05fd639336c9c9f312c2a618396e2b6ca96846362fc5403f?s=96&d=mm&r=g","contentUrl":"https:\/\/secure.gravatar.com\/avatar\/1aef51541db7622e05fd639336c9c9f312c2a618396e2b6ca96846362fc5403f?s=96&d=mm&r=g","caption":"mpcontaspr"},"sameAs":["http:\/\/www.mpc.pr.gov.br"]}]}},"rttpg_featured_image_url":{"full":["https:\/\/www.mpc.pr.gov.br\/wp-content\/uploads\/2025\/06\/Parceria-MPC-PR-e-MPC-PE.png",560,315,false],"landscape":["https:\/\/www.mpc.pr.gov.br\/wp-content\/uploads\/2025\/06\/Parceria-MPC-PR-e-MPC-PE.png",560,315,false],"portraits":["https:\/\/www.mpc.pr.gov.br\/wp-content\/uploads\/2025\/06\/Parceria-MPC-PR-e-MPC-PE.png",560,315,false],"thumbnail":["https:\/\/www.mpc.pr.gov.br\/wp-content\/uploads\/2025\/06\/Parceria-MPC-PR-e-MPC-PE-150x150.png",150,150,true],"medium":["https:\/\/www.mpc.pr.gov.br\/wp-content\/uploads\/2025\/06\/Parceria-MPC-PR-e-MPC-PE-300x169.png",300,169,true],"large":["https:\/\/www.mpc.pr.gov.br\/wp-content\/uploads\/2025\/06\/Parceria-MPC-PR-e-MPC-PE.png",560,315,false],"1536x1536":["https:\/\/www.mpc.pr.gov.br\/wp-content\/uploads\/2025\/06\/Parceria-MPC-PR-e-MPC-PE.png",560,315,false],"2048x2048":["https:\/\/www.mpc.pr.gov.br\/wp-content\/uploads\/2025\/06\/Parceria-MPC-PR-e-MPC-PE.png",560,315,false],"ocean-thumb-m":["https:\/\/www.mpc.pr.gov.br\/wp-content\/uploads\/2025\/06\/Parceria-MPC-PR-e-MPC-PE.png",560,315,false],"ocean-thumb-ml":["https:\/\/www.mpc.pr.gov.br\/wp-content\/uploads\/2025\/06\/Parceria-MPC-PR-e-MPC-PE.png",560,315,false],"ocean-thumb-l":["https:\/\/www.mpc.pr.gov.br\/wp-content\/uploads\/2025\/06\/Parceria-MPC-PR-e-MPC-PE.png",560,315,false]},"rttpg_author":{"display_name":"mpcontaspr","author_link":"https:\/\/www.mpc.pr.gov.br\/index.php\/author\/mpcontaspr\/"},"rttpg_comment":2,"rttpg_category":"<a href=\"https:\/\/www.mpc.pr.gov.br\/index.php\/category\/todas-as-noticias\/\" rel=\"category tag\">Todas as not\u00edcias<\/a>","rttpg_excerpt":"Em uma iniciativa in\u00e9dita, o Minist\u00e9rio P\u00fablico de Contas do Paran\u00e1 (MPC-PR) e o Minist\u00e9rio P\u00fablico de Contas de Pernambuco (MPC-PE) firmaram parceria para a realiza\u00e7\u00e3o do I Encontro Nacional de Secretarias dos Minist\u00e9rios P\u00fablicos de Contas. O evento est\u00e1 previsto para acontecer em 20 de outubro, de forma 100% online. Visando promover a troca&hellip;","_links":{"self":[{"href":"https:\/\/www.mpc.pr.gov.br\/index.php\/wp-json\/wp\/v2\/posts\/23715","targetHints":{"allow":["GET"]}}],"collection":[{"href":"https:\/\/www.mpc.pr.gov.br\/index.php\/wp-json\/wp\/v2\/posts"}],"about":[{"href":"https:\/\/www.mpc.pr.gov.br\/index.php\/wp-json\/wp\/v2\/types\/post"}],"author":[{"embeddable":true,"href":"https:\/\/www.mpc.pr.gov.br\/index.php\/wp-json\/wp\/v2\/users\/1"}],"replies":[{"embeddable":true,"href":"https:\/\/www.mpc.pr.gov.br\/index.php\/wp-json\/wp\/v2\/comments?post=23715"}],"version-history":[{"count":1,"href":"https:\/\/www.mpc.pr.gov.br\/index.php\/wp-json\/wp\/v2\/posts\/23715\/revisions"}],"predecessor-version":[{"id":23717,"href":"https:\/\/www.mpc.pr.gov.br\/index.php\/wp-json\/wp\/v2\/posts\/23715\/revisions\/23717"}],"wp:featuredmedia":[{"embeddable":true,"href":"https:\/\/www.mpc.pr.gov.br\/index.php\/wp-json\/wp\/v2\/media\/23716"}],"wp:attachment":[{"href":"https:\/\/www.mpc.pr.gov.br\/index.php\/wp-json\/wp\/v2\/media?parent=23715"}],"wp:term":[{"taxonomy":"category","embeddable":true,"href":"https:\/\/www.mpc.pr.gov.br\/index.php\/wp-json\/wp\/v2\/categories?post=23715"},{"taxonomy":"post_tag","embeddable":true,"href":"https:\/\/www.mpc.pr.gov.br\/index.php\/wp-json\/wp\/v2\/tags?post=23715"}],"curies":[{"name":"wp","href":"https:\/\/api.w.org\/{rel}","templated":true}]}}