{"id":23751,"date":"2025-06-05T10:04:40","date_gmt":"2025-06-05T13:04:40","guid":{"rendered":"https:\/\/www.mpc.pr.gov.br\/?p=23751"},"modified":"2025-06-18T09:36:47","modified_gmt":"2025-06-18T12:36:47","slug":"apos-denuncia-mpc-pr-apura-indicios-de-irregularidades-na-contratacao-de-medicos-terceirizados-pelo-municipio-de-reserva","status":"publish","type":"post","link":"https:\/\/www.mpc.pr.gov.br\/index.php\/apos-denuncia-mpc-pr-apura-indicios-de-irregularidades-na-contratacao-de-medicos-terceirizados-pelo-municipio-de-reserva\/","title":{"rendered":"Ap\u00f3s den\u00fancia, MPC-PR apura ind\u00edcios de irregularidades na contrata\u00e7\u00e3o de m\u00e9dicos terceirizados pelo Munic\u00edpio de Reserva"},"content":{"rendered":"<figure id=\"attachment_23752\" aria-describedby=\"caption-attachment-23752\" style=\"width: 300px\" class=\"wp-caption alignleft\"><img fetchpriority=\"high\" decoding=\"async\" class=\"size-medium wp-image-23752\" src=\"https:\/\/www.mpc.pr.gov.br\/wp-content\/uploads\/2025\/06\/reserva-foto-alan-prodelik--300x198.png\" alt=\"\" width=\"300\" height=\"198\" srcset=\"https:\/\/www.mpc.pr.gov.br\/wp-content\/uploads\/2025\/06\/reserva-foto-alan-prodelik--300x198.png 300w, https:\/\/www.mpc.pr.gov.br\/wp-content\/uploads\/2025\/06\/reserva-foto-alan-prodelik--768x506.png 768w, https:\/\/www.mpc.pr.gov.br\/wp-content\/uploads\/2025\/06\/reserva-foto-alan-prodelik-.png 792w\" sizes=\"(max-width: 300px) 100vw, 300px\" \/><figcaption id=\"caption-attachment-23752\" class=\"wp-caption-text\">Sede da Prefeitura do Munic\u00edpio de Reserva, localizado no Estado do Paran\u00e1. Foto: Alan Prodelik.<\/figcaption><\/figure>\n<p><span data-contrast=\"auto\">O Minist\u00e9rio P\u00fablico de Contas do Paran\u00e1 (MPC-PR) protocolou a <a href=\"https:\/\/www.mpc.pr.gov.br\/wp-content\/uploads\/2025\/05\/Representacao-256319-25.pdf\">Representa\u00e7\u00e3o n\u00ba 256319\/25<\/a> junto ao Tribunal de Contas do Estado (TCE-PR), por meio da qual requereu que seja determinado ao <a href=\"https:\/\/www.reserva.pr.gov.br\/\">Munic\u00edpio de Reserva<\/a> que se abstenha de realizar contrata\u00e7\u00f5es de m\u00e9dicos como forma de terceiriza\u00e7\u00e3o de servi\u00e7o p\u00fablico.\u00a0<\/span><span data-ccp-props=\"{&quot;201341983&quot;:0,&quot;335551550&quot;:6,&quot;335551620&quot;:6,&quot;335559740&quot;:360}\">\u00a0<\/span><\/p>\n<p><span data-contrast=\"auto\">O processo foi motivado por den\u00fancia an\u00f4nima recebida pelo canal de comunica\u00e7\u00e3o institucional <\/span><a href=\"mailto:faleconosco@mpc.pr.gov.br\"><span data-contrast=\"none\">faleconosco@mpc.pr.gov.br<\/span><\/a><span data-contrast=\"auto\">. Em s\u00edntese, o denunciante informou que, desde o ano de 2021, o Munic\u00edpio de Reserva estaria terceirizando servi\u00e7os de plant\u00e3o m\u00e9dico para atendimento nas unidades p\u00fablica de sa\u00fade, indicando suposta irregularidade nas respectivas contrata\u00e7\u00f5es e a inadequa\u00e7\u00e3o da contabiliza\u00e7\u00e3o dos gastos com pessoal.<\/span><span data-ccp-props=\"{&quot;201341983&quot;:0,&quot;335551550&quot;:6,&quot;335551620&quot;:6,&quot;335559740&quot;:360}\">\u00a0<\/span><\/p>\n<p><span data-contrast=\"auto\">Considerando a plausibilidade das alega\u00e7\u00f5es e a relev\u00e2ncia do tema para a higidez fiscal e administrativa da gest\u00e3o p\u00fablica municipal, mediante o Despacho n\u00ba 533\/25 o Relator do processo, Conselheiro Fernando Augusto Mello Guimar\u00e3es, recebeu a Representa\u00e7\u00e3o e determinou a cita\u00e7\u00e3o do Munic\u00edpio e de seu representante legal, o Prefeito Lucas Machado Ribeiro, para que no prazo de 15 dias prestassem esclarecimentos nos autos.\u00a0<\/span><span data-ccp-props=\"{&quot;201341983&quot;:0,&quot;335551550&quot;:6,&quot;335551620&quot;:6,&quot;335559740&quot;:360}\">\u00a0<\/span><\/p>\n<h4><b><span data-contrast=\"auto\">Den\u00fancia<\/span><\/b><span data-ccp-props=\"{&quot;201341983&quot;:0,&quot;335551550&quot;:6,&quot;335551620&quot;:6,&quot;335559740&quot;:360}\">\u00a0<\/span><\/h4>\n<p><span data-contrast=\"auto\">A den\u00fancia foi recebida pelo <a href=\"https:\/\/www.mpc.pr.gov.br\/index.php\/denuncia\/\">N\u00facleo de An\u00e1lise T\u00e9cnica (NAT)<\/a> do Minist\u00e9rio P\u00fablico de Contas, o qual promoveu uma verifica\u00e7\u00e3o da estrutura do quadro de m\u00e9dicos do Munic\u00edpio de Reserva. De acordo com os dados do SIAP \u2013 M\u00f3dulo Quadro de Cargos, identificou-se que a municipalidade dispunha de 48 vagas previstas em lei para o cargo de m\u00e9dico, distribu\u00eddas em especialidades, sendo 46 para Regime Estatut\u00e1rio e 2 para CLT. Contudo, no m\u00eas de dezembro de 2023, o ente possu\u00eda em seu quadro efetivo 8 servidores no cargo de m\u00e9dico Cl\u00ednico Geral, sendo que os \u00faltimos certames realizados para o preenchimento do quadro de cargos m\u00e9dicos ocorreram somente em 2021, por interm\u00e9dio dos Processos Seletivo Simplificado de Edital n\u00ba 002\/2021 e 003\/2021.<\/span><span data-ccp-props=\"{&quot;201341983&quot;:0,&quot;335551550&quot;:6,&quot;335551620&quot;:6,&quot;335559740&quot;:360}\">\u00a0<\/span><\/p>\n<p><span data-contrast=\"auto\">Outro ponto analisado foram as contrata\u00e7\u00f5es realizadas pelo Munic\u00edpio. Em consulta ao Portal da Transpar\u00eancia, o NAT encontrou o Contrato n\u00ba 155\/2022, celebrado em 11 de julho de 2022 com a empresa Medprime Cl\u00ednica Gest\u00e3o e Sa\u00fade S\/A, no valor total de R$ 3.325.206,24, com vig\u00eancia de 12 meses, para a presta\u00e7\u00e3o de diversos servi\u00e7os m\u00e9dicos e de enfermagem. Ocorre que, em junho de 2023, foi firmado um Termo Aditivo ao referido contrato, prorrogando sua vig\u00eancia at\u00e9 9 de julho de 2024, acrescentando o montante de R$ 3.325.206,24 ao valor contratual. N\u00e3o obstante, tamb\u00e9m foram encontrados outros sete contratos celebrados entre a empresa Medprime Cl\u00ednica Gest\u00e3o e Sa\u00fade S\/A e com o Munic\u00edpio de Reserva, entre 2021 e 2023.<\/span><span data-ccp-props=\"{&quot;134233117&quot;:false,&quot;134233118&quot;:false,&quot;201341983&quot;:0,&quot;335551550&quot;:6,&quot;335551620&quot;:6,&quot;335559685&quot;:0,&quot;335559737&quot;:0,&quot;335559738&quot;:0,&quot;335559739&quot;:160,&quot;335559740&quot;:360}\">\u00a0<\/span><\/p>\n<p><span data-contrast=\"auto\">Por fim, por meio de uma verifica\u00e7\u00e3o no Portal de Informa\u00e7\u00e3o para Todos (PIT), identificou-se que os gastos com a empresa Medprime s\u00e3o contabilizados nos elementos de despesa 3.3.90.39.50.00 \u2013 Demais Despesas com Servi\u00e7o M\u00e9dico-Hospitalar, Odontol\u00f3gico e Laboratorial e, portanto, n\u00e3o s\u00e3o considerados como despesas com pessoal.<\/span><span data-ccp-props=\"{&quot;134233117&quot;:false,&quot;134233118&quot;:false,&quot;201341983&quot;:0,&quot;335551550&quot;:6,&quot;335551620&quot;:6,&quot;335559685&quot;:0,&quot;335559737&quot;:0,&quot;335559738&quot;:0,&quot;335559739&quot;:160,&quot;335559740&quot;:360}\">\u00a0<\/span><\/p>\n<p><span data-contrast=\"auto\">Diante da discrep\u00e2ncia entre o n\u00famero de vagas para o cargo de M\u00e9dico previsto na legisla\u00e7\u00e3o municipal, a quantidade de servidores efetivos integrando o quadro funcional do Munic\u00edpio de Reserva, e a aparente aus\u00eancia de realiza\u00e7\u00e3o de Concurso P\u00fablico para o preenchimento do quadro efetivo, enviou-se demanda ao Munic\u00edpio de Reserva, mediante o Canal de Comunica\u00e7\u00e3o \u2013 CACO, a fim de que fosse encaminhada a rela\u00e7\u00e3o de servidores ativos ocupantes do cargo de M\u00e9dico, e que se informasse o \u00faltimo Concurso P\u00fablico realizado para o provimento efetivo de m\u00e9dicos municipais.<\/span><span data-ccp-props=\"{&quot;134233117&quot;:false,&quot;134233118&quot;:false,&quot;201341983&quot;:0,&quot;335551550&quot;:6,&quot;335551620&quot;:6,&quot;335559685&quot;:0,&quot;335559737&quot;:0,&quot;335559738&quot;:0,&quot;335559739&quot;:160,&quot;335559740&quot;:360}\">\u00a0<\/span><\/p>\n<p><span data-contrast=\"auto\">Em resposta, o Munic\u00edpio informou que das 10 vagas no cargo de M\u00e9dico, 8 est\u00e3o ocupadas, e que, no exerc\u00edcio de 2023, foi realizado o Concurso P\u00fablico de edital n\u00ba 001\/2023, prevendo duas vagas para o cargo de M\u00e9dico Cl\u00ednico Geral. N\u00e3o obstante, a legisla\u00e7\u00e3o municipal prev\u00ea outras vagas para cargos de M\u00e9dico, que n\u00e3o restaram preenchidas, de modo que o NAT concluiu pela exist\u00eancia de irregularidades referentes a terceiriza\u00e7\u00e3o de servi\u00e7os p\u00fablicos de sa\u00fade e a contabiliza\u00e7\u00e3o irregular de despesas com pessoal.\u00a0<\/span><span data-ccp-props=\"{&quot;134233117&quot;:false,&quot;134233118&quot;:false,&quot;201341983&quot;:0,&quot;335551550&quot;:6,&quot;335551620&quot;:6,&quot;335559685&quot;:0,&quot;335559737&quot;:0,&quot;335559738&quot;:0,&quot;335559739&quot;:160,&quot;335559740&quot;:360}\">\u00a0<\/span><\/p>\n<p><span data-contrast=\"auto\">Sendo assim, foi instaurado o <a href=\"https:\/\/www.mpc.pr.gov.br\/wp-content\/uploads\/2024\/04\/Portaria-n%C2%B0-8-2024.pdf\">Procedimento de Apura\u00e7\u00e3o Preliminar \u2013 PAP n\u00ba 12\/2024<\/a> e distribu\u00eddo \u00e0 6\u00aa Procuradoria de Contas do MPC-PR para aprecia\u00e7\u00e3o.<\/span><span data-ccp-props=\"{&quot;134233117&quot;:false,&quot;134233118&quot;:false,&quot;201341983&quot;:0,&quot;335551550&quot;:6,&quot;335551620&quot;:6,&quot;335559685&quot;:0,&quot;335559737&quot;:0,&quot;335559738&quot;:0,&quot;335559739&quot;:160,&quot;335559740&quot;:360}\">\u00a0<\/span><\/p>\n<h4><b><span data-contrast=\"auto\">Representa\u00e7\u00e3o<\/span><\/b><span data-ccp-props=\"{&quot;134233117&quot;:false,&quot;134233118&quot;:false,&quot;201341983&quot;:0,&quot;335551550&quot;:6,&quot;335551620&quot;:6,&quot;335559685&quot;:0,&quot;335559737&quot;:0,&quot;335559738&quot;:0,&quot;335559739&quot;:160,&quot;335559740&quot;:360}\">\u00a0<\/span><\/h4>\n<p><span data-contrast=\"auto\">Em sede de an\u00e1lise, a 6\u00aaPC lembrou que a sa\u00fade \u00e9 um direito fundamental (<\/span><i><span data-contrast=\"auto\">caput<\/span><\/i><span data-contrast=\"auto\"> do artigo 6\u00ba da <a href=\"https:\/\/www.planalto.gov.br\/ccivil_03\/constituicao\/constituicaocompilado.htm\">Constitui\u00e7\u00e3o Federal de 1988 \u2013 CF\/88<\/a>), e \u00e9 um dever do Estado garanti-la mediante pol\u00edticas sociais e econ\u00f4micas que visem \u00e0 redu\u00e7\u00e3o de doen\u00e7a e de outros agravos e ao acesso universal e igualit\u00e1rio \u00e0s a\u00e7\u00f5es e servi\u00e7os para sua promo\u00e7\u00e3o, prote\u00e7\u00e3o e recupera\u00e7\u00e3o (art. 196 da CF). Al\u00e9m disso, o \u00a7 1\u00ba do art. 199 da Constitui\u00e7\u00e3o disp\u00f5e que as institui\u00e7\u00f5es privadas somente poder\u00e3o participar de forma complementar ao Sistema \u00danico de Sa\u00fade (SUS), mediante contrato de direito p\u00fablico ou conv\u00eanio, com prefer\u00eancia para as entidades filantr\u00f3picas e as sem fins lucrativos. Assim, a terceiriza\u00e7\u00e3o n\u00e3o pode comprometer os princ\u00edpios da universalidade, integralidade e equidade, pilares fundamentais do SUS e estabelecidos na <a href=\"https:\/\/www.planalto.gov.br\/ccivil_03\/leis\/l8080.htm\">Lei n\u00ba 8.080\/1990<\/a>.<\/span><span data-ccp-props=\"{&quot;134233117&quot;:false,&quot;134233118&quot;:false,&quot;201341983&quot;:0,&quot;335551550&quot;:6,&quot;335551620&quot;:6,&quot;335559685&quot;:0,&quot;335559737&quot;:0,&quot;335559738&quot;:0,&quot;335559739&quot;:160,&quot;335559740&quot;:360}\">\u00a0<\/span><\/p>\n<p><span data-contrast=\"auto\">Nesse sentido, ainda que se interprete a presta\u00e7\u00e3o de servi\u00e7os pela empresa Medprime como de car\u00e1ter complementar, haja vista o preenchimento de oito das dez vagas do quadro de cargos de M\u00e9dico Cl\u00ednico Geral e a realiza\u00e7\u00e3o recente de Concurso P\u00fablico, \u00e9 necess\u00e1rio observar que o Munic\u00edpio de Reserva realiza a terceiriza\u00e7\u00e3o de servi\u00e7os de m\u00e9dico plantonista desde o exerc\u00edcio de 2021, e que os contratos celebrados com a referida empresa ultrapassam o valor de R$ 12.000.000,00 (doze milh\u00f5es de reais).\u00a0<\/span><span data-ccp-props=\"{&quot;134233117&quot;:false,&quot;134233118&quot;:false,&quot;201341983&quot;:0,&quot;335551550&quot;:6,&quot;335551620&quot;:6,&quot;335559685&quot;:0,&quot;335559737&quot;:0,&quot;335559738&quot;:0,&quot;335559739&quot;:160,&quot;335559740&quot;:360}\">\u00a0<\/span><\/p>\n<p><span data-contrast=\"auto\">Destaca-se que inexiste impedimento de apoio a iniciativa privada para suprir o atendimento b\u00e1sico de sa\u00fade, desde que observada a forma complementar como contribui\u00e7\u00e3o ao aprimoramento das a\u00e7\u00f5es p\u00fablicas determinadas constitucionalmente. Entretanto, a situa\u00e7\u00e3o no Munic\u00edpio revela que a terceiriza\u00e7\u00e3o na \u00e1rea da sa\u00fade \u00e9 realizada de forma cont\u00ednua e planejada, n\u00e3o configurando contrata\u00e7\u00e3o pontual para complementar os servi\u00e7os.<\/span><span data-ccp-props=\"{&quot;134233117&quot;:false,&quot;134233118&quot;:false,&quot;201341983&quot;:0,&quot;335551550&quot;:6,&quot;335551620&quot;:6,&quot;335559685&quot;:0,&quot;335559737&quot;:0,&quot;335559738&quot;:0,&quot;335559739&quot;:160,&quot;335559740&quot;:360}\">\u00a0<\/span><\/p>\n<p><span data-contrast=\"auto\">Al\u00e9m disso, o caso em quest\u00e3o ainda representa ofensa ao princ\u00edpio constitucional da universalidade de acesso aos cargos p\u00fablicos, visto que as contrata\u00e7\u00f5es relatadas representam burla \u00e0 obrigatoriedade da realiza\u00e7\u00e3o de concurso p\u00fablico, nos termos do art. 37, inciso II, da Constitui\u00e7\u00e3o Federal.<\/span><span data-ccp-props=\"{&quot;134233117&quot;:false,&quot;134233118&quot;:false,&quot;201341983&quot;:0,&quot;335551550&quot;:6,&quot;335551620&quot;:6,&quot;335559685&quot;:0,&quot;335559737&quot;:0,&quot;335559738&quot;:0,&quot;335559739&quot;:160,&quot;335559740&quot;:360}\">\u00a0<\/span><\/p>\n<p><span data-contrast=\"auto\">Sobre o tema, o <a href=\"https:\/\/www1.tce.pr.gov.br\/\">Tribunal de Contas do Estado (TCE-PR)<\/a> tamb\u00e9m possui um firme posicionamento pela ilegalidade da terceiriza\u00e7\u00e3o de servi\u00e7o p\u00fablico, sobretudo os de sa\u00fade, conforme decis\u00f5es expressas pelo Tribunal Pleno nos Ac\u00f3rd\u00e3os n\u00ba 712\/16, n\u00ba 3059\/20 e 2198\/21.\u00a0<\/span><span data-ccp-props=\"{&quot;134233117&quot;:false,&quot;134233118&quot;:false,&quot;201341983&quot;:0,&quot;335551550&quot;:6,&quot;335551620&quot;:6,&quot;335559685&quot;:0,&quot;335559737&quot;:0,&quot;335559738&quot;:0,&quot;335559739&quot;:160,&quot;335559740&quot;:360}\">\u00a0<\/span><\/p>\n<p><span data-contrast=\"auto\">Quanto ao segundo ponto da den\u00fancia, referente a contabiliza\u00e7\u00e3o irregular das despesas, a 6\u00aa Procuradoria de Contas observou que o art. 18 da <a href=\"https:\/\/www.planalto.gov.br\/ccivil_03\/leis\/lcp\/lcp101.htm\">Lei de Responsabilidade Fiscal \u2013 LRF (Lei Complementar n\u00ba 101\/2000)<\/a> define que <\/span><i><span data-contrast=\"auto\">os valores dos contratos de terceiriza\u00e7\u00e3o de m\u00e3o-de-obra que se referem \u00e0 substitui\u00e7\u00e3o de servidores e empregados p\u00fablicos ser\u00e3o contabilizados como &#8220;Outras Despesas de Pessoal&#8221;<\/span><\/i><span data-contrast=\"auto\">.<\/span><span data-ccp-props=\"{&quot;134233117&quot;:false,&quot;134233118&quot;:false,&quot;201341983&quot;:0,&quot;335551550&quot;:6,&quot;335551620&quot;:6,&quot;335559685&quot;:0,&quot;335559737&quot;:0,&quot;335559738&quot;:0,&quot;335559739&quot;:160,&quot;335559740&quot;:360}\">\u00a0<\/span><\/p>\n<p><span data-contrast=\"auto\">O mesmo entendimento est\u00e1 previsto na <a href=\"https:\/\/www1.tce.pr.gov.br\/conteudo\/instrucao-normativa-n-56-de-2-de-junho-de-2011\/237417\/area\/249\">Instru\u00e7\u00e3o Normativa n\u00b0 56\/2011 do TCE-PR<\/a>, que disp\u00f5e sobre a metodologia de apura\u00e7\u00e3o da receita corrente l\u00edquida e do limite de gastos com pessoal, e d\u00e1 outras provid\u00eancias. A respectiva IN prev\u00ea que, para fins de apura\u00e7\u00e3o, deve ser considerada a ess\u00eancia da despesa sobre a forma (art. 3\u00ba, caput), devem ser somados os valores decorrentes de terceiriza\u00e7\u00e3o de servi\u00e7os p\u00fablicos (\u00a7 2\u00ba) e, para o c\u00f4mputo da despesa de pessoal, devem ser somados os valores relativos \u00e0 substitui\u00e7\u00e3o de servi\u00e7os de natureza permanente (art. 16).<\/span><span data-ccp-props=\"{&quot;134233117&quot;:false,&quot;134233118&quot;:false,&quot;201341983&quot;:0,&quot;335551550&quot;:6,&quot;335551620&quot;:6,&quot;335559685&quot;:0,&quot;335559737&quot;:0,&quot;335559738&quot;:0,&quot;335559739&quot;:160,&quot;335559740&quot;:360}\">\u00a0<\/span><\/p>\n<p><span data-contrast=\"auto\">Ocorre que, conforme consulta no PIT, o Munic\u00edpio de Reserva tem contabilizado os pagamentos \u00e0 empresa Medprime na natureza de despesa 3.3.90.39.50.99 \u2013 Demais Despesas com Servi\u00e7o M\u00e9dico-Hospitalar, Odontol\u00f3gico e Laboratorial quando, segundo a legisla\u00e7\u00e3o aplic\u00e1vel, a classifica\u00e7\u00e3o correta dos gastos seria no elemento de despesa 3.3.90.34 \u2013 Outras Despesas de Pessoal, para fins de c\u00f4mputo no gasto total com pessoal. Esse \u00e9, inclusive, o entendimento consignado no Ac\u00f3rd\u00e3o n\u00ba 31\/2024 do Pleno do TCE-PR, que julgou o mesmo objeto no \u00e2mbito do Munic\u00edpio de Prudent\u00f3polis.<\/span><span data-ccp-props=\"{&quot;134233117&quot;:false,&quot;134233118&quot;:false,&quot;201341983&quot;:0,&quot;335551550&quot;:6,&quot;335551620&quot;:6,&quot;335559685&quot;:0,&quot;335559737&quot;:0,&quot;335559738&quot;:0,&quot;335559739&quot;:160,&quot;335559740&quot;:360}\">\u00a0<\/span><\/p>\n<p><span data-contrast=\"auto\">Dessa forma, o MPC-PR entende que tamb\u00e9m resta configurada a irregularidade na classifica\u00e7\u00e3o das despesas utilizada pelo Munic\u00edpio de Reserva, haja vista que a incorreta classifica\u00e7\u00e3o da despesa altera a percep\u00e7\u00e3o da realidade fiscal do ente municipal.<\/span><span data-ccp-props=\"{&quot;134233117&quot;:false,&quot;134233118&quot;:false,&quot;201341983&quot;:0,&quot;335551550&quot;:6,&quot;335551620&quot;:6,&quot;335559685&quot;:0,&quot;335559737&quot;:0,&quot;335559738&quot;:0,&quot;335559739&quot;:160,&quot;335559740&quot;:360}\">\u00a0<\/span><\/p>\n<h4><b><span data-contrast=\"auto\">Requerimentos Ministeriais<\/span><\/b><span data-ccp-props=\"{&quot;134233117&quot;:false,&quot;134233118&quot;:false,&quot;201341983&quot;:0,&quot;335551550&quot;:6,&quot;335551620&quot;:6,&quot;335559685&quot;:0,&quot;335559737&quot;:0,&quot;335559738&quot;:0,&quot;335559739&quot;:160,&quot;335559740&quot;:360}\">\u00a0<\/span><\/h4>\n<p><span data-contrast=\"auto\">Em face das irregularidades verificadas, a 6\u00aa Procuradoria de Contas apresentou a <a href=\"https:\/\/www.mpc.pr.gov.br\/wp-content\/uploads\/2025\/05\/Representacao-256319-25.pdf\">Representa\u00e7\u00e3o n\u00ba 256319\/25<\/a> em face do Munic\u00edpio de Reserva, a fim de que o TCE-PR apure a irregularidade na terceiriza\u00e7\u00e3o de servi\u00e7os p\u00fablicos de sa\u00fade e a contabiliza\u00e7\u00e3o irregular de despesas com pessoal, bem como o ente municipal seja intimado a prestar esclarecimentos.<\/span><span data-ccp-props=\"{&quot;134233117&quot;:false,&quot;134233118&quot;:false,&quot;201341983&quot;:0,&quot;335551550&quot;:6,&quot;335551620&quot;:6,&quot;335559685&quot;:0,&quot;335559737&quot;:0,&quot;335559738&quot;:0,&quot;335559739&quot;:160,&quot;335559740&quot;:360}\">\u00a0<\/span><\/p>\n<p><span data-contrast=\"auto\">Sendo a Representa\u00e7\u00e3o recebida e julgada procedente, a Procuradoria ainda requer que seja determinado ao Munic\u00edpio que se abstenha de realizar contrata\u00e7\u00f5es de m\u00e9dicos como forma de terceiriza\u00e7\u00e3o de servi\u00e7o p\u00fablico, que comprove a realiza\u00e7\u00e3o de concurso p\u00fablico para a regulariza\u00e7\u00e3o do quadro de pessoal da \u00e1rea da sa\u00fade e que, em eventuais contratos firmados para a terceiriza\u00e7\u00e3o de m\u00e3o de obra nos servi\u00e7os de sa\u00fade, contabilize os gastos como \u201cOutras Despesas de Pessoal\u201d (elemento de despesa 3.3.90.34), de modo a inclu\u00ed-los nos c\u00e1lculos de despesa total de pessoal para apura\u00e7\u00e3o dos \u00edndices da LRF.\u00a0<\/span><span data-ccp-props=\"{&quot;134233117&quot;:false,&quot;134233118&quot;:false,&quot;201341983&quot;:0,&quot;335551550&quot;:6,&quot;335551620&quot;:6,&quot;335559685&quot;:0,&quot;335559737&quot;:0,&quot;335559738&quot;:0,&quot;335559739&quot;:160,&quot;335559740&quot;:360}\">\u00a0<\/span><\/p>\n<p><span data-contrast=\"auto\">Ao final, em raz\u00e3o da reiterada pr\u00e1tica de terceiriza\u00e7\u00e3o de servi\u00e7os de sa\u00fade irregularmente, ainda sugeriu a aplica\u00e7\u00e3o da multa prevista no artigo 87, inciso IV, al\u00ednea \u201cd\u201d, da <a href=\"https:\/\/www1.tce.pr.gov.br\/conteudo\/lei-organica-e-regimento-interno-biblioteca-biblioteca\/107\">Lei Complementar Estadual n\u00ba 113\/05<\/a> ao Prefeito Lucas Machado Ribeiro.<\/span><span data-ccp-props=\"{&quot;134233117&quot;:false,&quot;134233118&quot;:false,&quot;201341983&quot;:0,&quot;335551550&quot;:6,&quot;335551620&quot;:6,&quot;335559685&quot;:0,&quot;335559737&quot;:0,&quot;335559738&quot;:0,&quot;335559739&quot;:160,&quot;335559740&quot;:360}\">\u00a0<\/span><\/p>\n<h4><b><span data-contrast=\"auto\">Andamento do processo<\/span><\/b><span data-ccp-props=\"{&quot;134233117&quot;:false,&quot;134233118&quot;:false,&quot;201341983&quot;:0,&quot;335551550&quot;:6,&quot;335551620&quot;:6,&quot;335559685&quot;:0,&quot;335559737&quot;:0,&quot;335559738&quot;:0,&quot;335559739&quot;:160,&quot;335559740&quot;:360}\">\u00a0<\/span><\/h4>\n<p><span data-contrast=\"auto\">Distribu\u00eddos os autos ao gabinete do Conselheiro Fernando Augusto Mello Guimar\u00e3es, o Relator decidiu pelo recebimento da Representa\u00e7\u00e3o, conforme expresso no Despacho n\u00ba 533\/25, e determinou que a Diretoria de Protocolo (DP) proceda \u00e0 inclus\u00e3o na autua\u00e7\u00e3o e \u00e0 cita\u00e7\u00e3o do Munic\u00edpio, na pessoa de seu representante legal, para que, no prazo de 15 dias, exer\u00e7am o contradit\u00f3rio em face das supostas irregularidades noticiadas, apresentando os documentos que entenderem pertinentes.<\/span><span data-ccp-props=\"{&quot;134233117&quot;:false,&quot;134233118&quot;:false,&quot;201341983&quot;:0,&quot;335551550&quot;:6,&quot;335551620&quot;:6,&quot;335559685&quot;:0,&quot;335559737&quot;:0,&quot;335559738&quot;:0,&quot;335559739&quot;:160,&quot;335559740&quot;:360}\">\u00a0<\/span><\/p>\n<p><span data-contrast=\"auto\">No momento os autos aguardam manifesta\u00e7\u00e3o das partes para prosseguimento da an\u00e1lise pela Coordenadoria de Gest\u00e3o Municipal (CGM) e nova aprecia\u00e7\u00e3o pelo Minist\u00e9rio P\u00fablico de Contas, para ent\u00e3o serem julgados em sess\u00e3o do Pleno do TCE-PR.\u00a0\u00a0<\/span><span data-ccp-props=\"{&quot;134233117&quot;:false,&quot;134233118&quot;:false,&quot;201341983&quot;:0,&quot;335551550&quot;:6,&quot;335551620&quot;:6,&quot;335559685&quot;:0,&quot;335559737&quot;:0,&quot;335559738&quot;:0,&quot;335559739&quot;:160,&quot;335559740&quot;:360}\">\u00a0<\/span><\/p>\n<blockquote><p><span style=\"color: #820007;\"><strong><u>Informa\u00e7\u00e3o para consulta processual<\/u><\/strong><\/span><\/p>\n<table style=\"height: 183px;\" border=\"0\" width=\"478\" cellspacing=\"0\" cellpadding=\"0\">\n<tbody>\n<tr>\n<td><strong>Processo n\u00ba<\/strong>:<\/td>\n<td>256319\/25<\/td>\n<\/tr>\n<tr>\n<td><strong>Despacho n\u00ba<\/strong>:<\/td>\n<td>533\/25 &#8211; GCFAMG<\/td>\n<\/tr>\n<tr>\n<td><strong>Assunto<\/strong>:<\/td>\n<td>Representa\u00e7\u00e3o<\/td>\n<\/tr>\n<tr>\n<td><strong>Entidade<\/strong>:<\/td>\n<td><span class=\"TextRun SCXW19893697 BCX0\" lang=\"PT-BR\" xml:lang=\"PT-BR\" data-contrast=\"auto\"><span class=\"NormalTextRun SCXW19893697 BCX0\">Munic\u00edpio de Reserva<\/span><\/span><\/td>\n<\/tr>\n<tr>\n<td><strong>Relator<\/strong>:<\/td>\n<td><span class=\"TextRun SCXW238999374 BCX0\" lang=\"PT-BR\" xml:lang=\"PT-BR\" data-contrast=\"auto\"><span class=\"NormalTextRun SCXW238999374 BCX0\">Conselheiro Fernando Augusto Mello Guimar\u00e3es<\/span><\/span><\/td>\n<\/tr>\n<\/tbody>\n<\/table>\n<\/blockquote>\n","protected":false},"excerpt":{"rendered":"<p>O Minist\u00e9rio P\u00fablico de Contas do Paran\u00e1 (MPC-PR) protocolou a Representa\u00e7\u00e3o n\u00ba 256319\/25 junto ao Tribunal de Contas do Estado (TCE-PR), por meio da qual requereu que seja determinado ao Munic\u00edpio de Reserva que se abstenha de realizar contrata\u00e7\u00f5es de m\u00e9dicos como forma de terceiriza\u00e7\u00e3o de servi\u00e7o p\u00fablico.\u00a0\u00a0 O processo foi motivado por den\u00fancia an\u00f4nima [&hellip;]<\/p>\n","protected":false},"author":1,"featured_media":23752,"comment_status":"open","ping_status":"open","sticky":false,"template":"","format":"standard","meta":{"_monsterinsights_skip_tracking":false,"_monsterinsights_sitenote_active":false,"_monsterinsights_sitenote_note":"","_monsterinsights_sitenote_category":0,"footnotes":""},"categories":[7],"tags":[13,666,49,320,39,762],"class_list":["post-23751","post","type-post","status-publish","format-standard","has-post-thumbnail","hentry","category-todas-as-noticias","tag-mpc-pr","tag-quadro-de-cargos","tag-representacao","tag-reserva","tag-tce-pr","tag-terceirizacao-indevida","entry","has-media"],"yoast_head":"<!-- This site is optimized with the Yoast SEO plugin v27.3 - https:\/\/yoast.com\/product\/yoast-seo-wordpress\/ -->\n<title>Ap\u00f3s den\u00fancia, MPC-PR apura ind\u00edcios de irregularidades na contrata\u00e7\u00e3o de m\u00e9dicos terceirizados pelo Munic\u00edpio de Reserva - Minist\u00e9rio P\u00fablico de Contas do Estado do Paran\u00e1<\/title>\n<meta name=\"robots\" content=\"index, follow, max-snippet:-1, max-image-preview:large, max-video-preview:-1\" \/>\n<link rel=\"canonical\" href=\"https:\/\/www.mpc.pr.gov.br\/index.php\/apos-denuncia-mpc-pr-apura-indicios-de-irregularidades-na-contratacao-de-medicos-terceirizados-pelo-municipio-de-reserva\/\" \/>\n<meta property=\"og:locale\" content=\"pt_BR\" \/>\n<meta property=\"og:type\" content=\"article\" \/>\n<meta property=\"og:title\" content=\"Ap\u00f3s den\u00fancia, MPC-PR apura ind\u00edcios de irregularidades na contrata\u00e7\u00e3o de m\u00e9dicos terceirizados pelo Munic\u00edpio de Reserva - Minist\u00e9rio P\u00fablico de Contas do Estado do Paran\u00e1\" \/>\n<meta property=\"og:description\" content=\"O Minist\u00e9rio P\u00fablico de Contas do Paran\u00e1 (MPC-PR) protocolou a Representa\u00e7\u00e3o n\u00ba 256319\/25 junto ao Tribunal de Contas do Estado (TCE-PR), por meio da qual requereu que seja determinado ao Munic\u00edpio de Reserva que se abstenha de realizar contrata\u00e7\u00f5es de m\u00e9dicos como forma de terceiriza\u00e7\u00e3o de servi\u00e7o p\u00fablico.\u00a0\u00a0 O processo foi motivado por den\u00fancia an\u00f4nima [&hellip;]\" \/>\n<meta property=\"og:url\" content=\"https:\/\/www.mpc.pr.gov.br\/index.php\/apos-denuncia-mpc-pr-apura-indicios-de-irregularidades-na-contratacao-de-medicos-terceirizados-pelo-municipio-de-reserva\/\" \/>\n<meta property=\"og:site_name\" content=\"Minist\u00e9rio P\u00fablico de Contas do Estado do Paran\u00e1\" \/>\n<meta property=\"article:publisher\" content=\"https:\/\/www.facebook.com\/mpc.pr\" \/>\n<meta property=\"article:published_time\" content=\"2025-06-05T13:04:40+00:00\" \/>\n<meta property=\"article:modified_time\" content=\"2025-06-18T12:36:47+00:00\" \/>\n<meta property=\"og:image\" content=\"https:\/\/www.mpc.pr.gov.br\/wp-content\/uploads\/2025\/06\/reserva-foto-alan-prodelik-.png\" \/>\n\t<meta property=\"og:image:width\" content=\"792\" \/>\n\t<meta property=\"og:image:height\" content=\"522\" \/>\n\t<meta property=\"og:image:type\" content=\"image\/png\" \/>\n<meta name=\"author\" content=\"mpcontaspr\" \/>\n<meta name=\"twitter:card\" content=\"summary_large_image\" \/>\n<meta name=\"twitter:label1\" content=\"Escrito por\" \/>\n\t<meta name=\"twitter:data1\" content=\"mpcontaspr\" \/>\n\t<meta name=\"twitter:label2\" content=\"Est. tempo de leitura\" \/>\n\t<meta name=\"twitter:data2\" content=\"10 minutos\" \/>\n<script type=\"application\/ld+json\" class=\"yoast-schema-graph\">{\"@context\":\"https:\\\/\\\/schema.org\",\"@graph\":[{\"@type\":\"Article\",\"@id\":\"https:\\\/\\\/www.mpc.pr.gov.br\\\/index.php\\\/apos-denuncia-mpc-pr-apura-indicios-de-irregularidades-na-contratacao-de-medicos-terceirizados-pelo-municipio-de-reserva\\\/#article\",\"isPartOf\":{\"@id\":\"https:\\\/\\\/www.mpc.pr.gov.br\\\/index.php\\\/apos-denuncia-mpc-pr-apura-indicios-de-irregularidades-na-contratacao-de-medicos-terceirizados-pelo-municipio-de-reserva\\\/\"},\"author\":{\"name\":\"mpcontaspr\",\"@id\":\"https:\\\/\\\/www.mpc.pr.gov.br\\\/#\\\/schema\\\/person\\\/2d83cb8980538d0ec174e8a6284f5e11\"},\"headline\":\"Ap\u00f3s den\u00fancia, MPC-PR apura ind\u00edcios de irregularidades na contrata\u00e7\u00e3o de m\u00e9dicos terceirizados pelo Munic\u00edpio de Reserva\",\"datePublished\":\"2025-06-05T13:04:40+00:00\",\"dateModified\":\"2025-06-18T12:36:47+00:00\",\"mainEntityOfPage\":{\"@id\":\"https:\\\/\\\/www.mpc.pr.gov.br\\\/index.php\\\/apos-denuncia-mpc-pr-apura-indicios-de-irregularidades-na-contratacao-de-medicos-terceirizados-pelo-municipio-de-reserva\\\/\"},\"wordCount\":1849,\"commentCount\":0,\"publisher\":{\"@id\":\"https:\\\/\\\/www.mpc.pr.gov.br\\\/#organization\"},\"image\":{\"@id\":\"https:\\\/\\\/www.mpc.pr.gov.br\\\/index.php\\\/apos-denuncia-mpc-pr-apura-indicios-de-irregularidades-na-contratacao-de-medicos-terceirizados-pelo-municipio-de-reserva\\\/#primaryimage\"},\"thumbnailUrl\":\"https:\\\/\\\/www.mpc.pr.gov.br\\\/wp-content\\\/uploads\\\/2025\\\/06\\\/reserva-foto-alan-prodelik-.png\",\"keywords\":[\"MPC-PR\",\"Quadro de cargos\",\"Representa\u00e7\u00e3o\",\"Reserva\",\"TCE-PR\",\"Terceiriza\u00e7\u00e3o indevida\"],\"articleSection\":[\"Todas as not\u00edcias\"],\"inLanguage\":\"pt-BR\",\"potentialAction\":[{\"@type\":\"CommentAction\",\"name\":\"Comment\",\"target\":[\"https:\\\/\\\/www.mpc.pr.gov.br\\\/index.php\\\/apos-denuncia-mpc-pr-apura-indicios-de-irregularidades-na-contratacao-de-medicos-terceirizados-pelo-municipio-de-reserva\\\/#respond\"]}]},{\"@type\":\"WebPage\",\"@id\":\"https:\\\/\\\/www.mpc.pr.gov.br\\\/index.php\\\/apos-denuncia-mpc-pr-apura-indicios-de-irregularidades-na-contratacao-de-medicos-terceirizados-pelo-municipio-de-reserva\\\/\",\"url\":\"https:\\\/\\\/www.mpc.pr.gov.br\\\/index.php\\\/apos-denuncia-mpc-pr-apura-indicios-de-irregularidades-na-contratacao-de-medicos-terceirizados-pelo-municipio-de-reserva\\\/\",\"name\":\"Ap\u00f3s den\u00fancia, MPC-PR apura ind\u00edcios de irregularidades na contrata\u00e7\u00e3o de m\u00e9dicos terceirizados pelo Munic\u00edpio de Reserva - Minist\u00e9rio P\u00fablico de Contas do Estado do Paran\u00e1\",\"isPartOf\":{\"@id\":\"https:\\\/\\\/www.mpc.pr.gov.br\\\/#website\"},\"primaryImageOfPage\":{\"@id\":\"https:\\\/\\\/www.mpc.pr.gov.br\\\/index.php\\\/apos-denuncia-mpc-pr-apura-indicios-de-irregularidades-na-contratacao-de-medicos-terceirizados-pelo-municipio-de-reserva\\\/#primaryimage\"},\"image\":{\"@id\":\"https:\\\/\\\/www.mpc.pr.gov.br\\\/index.php\\\/apos-denuncia-mpc-pr-apura-indicios-de-irregularidades-na-contratacao-de-medicos-terceirizados-pelo-municipio-de-reserva\\\/#primaryimage\"},\"thumbnailUrl\":\"https:\\\/\\\/www.mpc.pr.gov.br\\\/wp-content\\\/uploads\\\/2025\\\/06\\\/reserva-foto-alan-prodelik-.png\",\"datePublished\":\"2025-06-05T13:04:40+00:00\",\"dateModified\":\"2025-06-18T12:36:47+00:00\",\"breadcrumb\":{\"@id\":\"https:\\\/\\\/www.mpc.pr.gov.br\\\/index.php\\\/apos-denuncia-mpc-pr-apura-indicios-de-irregularidades-na-contratacao-de-medicos-terceirizados-pelo-municipio-de-reserva\\\/#breadcrumb\"},\"inLanguage\":\"pt-BR\",\"potentialAction\":[{\"@type\":\"ReadAction\",\"target\":[\"https:\\\/\\\/www.mpc.pr.gov.br\\\/index.php\\\/apos-denuncia-mpc-pr-apura-indicios-de-irregularidades-na-contratacao-de-medicos-terceirizados-pelo-municipio-de-reserva\\\/\"]}]},{\"@type\":\"ImageObject\",\"inLanguage\":\"pt-BR\",\"@id\":\"https:\\\/\\\/www.mpc.pr.gov.br\\\/index.php\\\/apos-denuncia-mpc-pr-apura-indicios-de-irregularidades-na-contratacao-de-medicos-terceirizados-pelo-municipio-de-reserva\\\/#primaryimage\",\"url\":\"https:\\\/\\\/www.mpc.pr.gov.br\\\/wp-content\\\/uploads\\\/2025\\\/06\\\/reserva-foto-alan-prodelik-.png\",\"contentUrl\":\"https:\\\/\\\/www.mpc.pr.gov.br\\\/wp-content\\\/uploads\\\/2025\\\/06\\\/reserva-foto-alan-prodelik-.png\",\"width\":792,\"height\":522,\"caption\":\"Sede da Prefeitura do Munic\u00edpio de Reserva, localizado no Estado do Paran\u00e1. Foto: Alan Prodelik.\"},{\"@type\":\"BreadcrumbList\",\"@id\":\"https:\\\/\\\/www.mpc.pr.gov.br\\\/index.php\\\/apos-denuncia-mpc-pr-apura-indicios-de-irregularidades-na-contratacao-de-medicos-terceirizados-pelo-municipio-de-reserva\\\/#breadcrumb\",\"itemListElement\":[{\"@type\":\"ListItem\",\"position\":1,\"name\":\"In\u00edcio\",\"item\":\"https:\\\/\\\/www.mpc.pr.gov.br\\\/\"},{\"@type\":\"ListItem\",\"position\":2,\"name\":\"Ap\u00f3s den\u00fancia, MPC-PR apura ind\u00edcios de irregularidades na contrata\u00e7\u00e3o de m\u00e9dicos terceirizados pelo Munic\u00edpio de Reserva\"}]},{\"@type\":\"WebSite\",\"@id\":\"https:\\\/\\\/www.mpc.pr.gov.br\\\/#website\",\"url\":\"https:\\\/\\\/www.mpc.pr.gov.br\\\/\",\"name\":\"Minist\u00e9rio P\u00fablico de Contas do Estado do Paran\u00e1\",\"description\":\"\",\"publisher\":{\"@id\":\"https:\\\/\\\/www.mpc.pr.gov.br\\\/#organization\"},\"potentialAction\":[{\"@type\":\"SearchAction\",\"target\":{\"@type\":\"EntryPoint\",\"urlTemplate\":\"https:\\\/\\\/www.mpc.pr.gov.br\\\/?s={search_term_string}\"},\"query-input\":{\"@type\":\"PropertyValueSpecification\",\"valueRequired\":true,\"valueName\":\"search_term_string\"}}],\"inLanguage\":\"pt-BR\"},{\"@type\":\"Organization\",\"@id\":\"https:\\\/\\\/www.mpc.pr.gov.br\\\/#organization\",\"name\":\"Minist\u00e9rio P\u00fablico de Contas do Estado do Paran\u00e1\",\"url\":\"https:\\\/\\\/www.mpc.pr.gov.br\\\/\",\"logo\":{\"@type\":\"ImageObject\",\"inLanguage\":\"pt-BR\",\"@id\":\"https:\\\/\\\/www.mpc.pr.gov.br\\\/#\\\/schema\\\/logo\\\/image\\\/\",\"url\":\"https:\\\/\\\/www.mpc.pr.gov.br\\\/wp-content\\\/uploads\\\/2020\\\/06\\\/99423647_1593460364143890_6706793420720963584_n-1-e1591387983167.png\",\"contentUrl\":\"https:\\\/\\\/www.mpc.pr.gov.br\\\/wp-content\\\/uploads\\\/2020\\\/06\\\/99423647_1593460364143890_6706793420720963584_n-1-e1591387983167.png\",\"width\":243,\"height\":73,\"caption\":\"Minist\u00e9rio P\u00fablico de Contas do Estado do Paran\u00e1\"},\"image\":{\"@id\":\"https:\\\/\\\/www.mpc.pr.gov.br\\\/#\\\/schema\\\/logo\\\/image\\\/\"},\"sameAs\":[\"https:\\\/\\\/www.facebook.com\\\/mpc.pr\",\"https:\\\/\\\/www.instagram.com\\\/mpc.pr\\\/?hl=pt-br\",\"https:\\\/\\\/www.youtube.com\\\/channel\\\/UCHri5oEM8DV0ztX57E0sBSw\"]},{\"@type\":\"Person\",\"@id\":\"https:\\\/\\\/www.mpc.pr.gov.br\\\/#\\\/schema\\\/person\\\/2d83cb8980538d0ec174e8a6284f5e11\",\"name\":\"mpcontaspr\",\"image\":{\"@type\":\"ImageObject\",\"inLanguage\":\"pt-BR\",\"@id\":\"https:\\\/\\\/secure.gravatar.com\\\/avatar\\\/1aef51541db7622e05fd639336c9c9f312c2a618396e2b6ca96846362fc5403f?s=96&d=mm&r=g\",\"url\":\"https:\\\/\\\/secure.gravatar.com\\\/avatar\\\/1aef51541db7622e05fd639336c9c9f312c2a618396e2b6ca96846362fc5403f?s=96&d=mm&r=g\",\"contentUrl\":\"https:\\\/\\\/secure.gravatar.com\\\/avatar\\\/1aef51541db7622e05fd639336c9c9f312c2a618396e2b6ca96846362fc5403f?s=96&d=mm&r=g\",\"caption\":\"mpcontaspr\"},\"sameAs\":[\"http:\\\/\\\/www.mpc.pr.gov.br\"]}]}<\/script>\n<!-- \/ Yoast SEO plugin. -->","yoast_head_json":{"title":"Ap\u00f3s den\u00fancia, MPC-PR apura ind\u00edcios de irregularidades na contrata\u00e7\u00e3o de m\u00e9dicos terceirizados pelo Munic\u00edpio de Reserva - Minist\u00e9rio P\u00fablico de Contas do Estado do Paran\u00e1","robots":{"index":"index","follow":"follow","max-snippet":"max-snippet:-1","max-image-preview":"max-image-preview:large","max-video-preview":"max-video-preview:-1"},"canonical":"https:\/\/www.mpc.pr.gov.br\/index.php\/apos-denuncia-mpc-pr-apura-indicios-de-irregularidades-na-contratacao-de-medicos-terceirizados-pelo-municipio-de-reserva\/","og_locale":"pt_BR","og_type":"article","og_title":"Ap\u00f3s den\u00fancia, MPC-PR apura ind\u00edcios de irregularidades na contrata\u00e7\u00e3o de m\u00e9dicos terceirizados pelo Munic\u00edpio de Reserva - Minist\u00e9rio P\u00fablico de Contas do Estado do Paran\u00e1","og_description":"O Minist\u00e9rio P\u00fablico de Contas do Paran\u00e1 (MPC-PR) protocolou a Representa\u00e7\u00e3o n\u00ba 256319\/25 junto ao Tribunal de Contas do Estado (TCE-PR), por meio da qual requereu que seja determinado ao Munic\u00edpio de Reserva que se abstenha de realizar contrata\u00e7\u00f5es de m\u00e9dicos como forma de terceiriza\u00e7\u00e3o de servi\u00e7o p\u00fablico.\u00a0\u00a0 O processo foi motivado por den\u00fancia an\u00f4nima [&hellip;]","og_url":"https:\/\/www.mpc.pr.gov.br\/index.php\/apos-denuncia-mpc-pr-apura-indicios-de-irregularidades-na-contratacao-de-medicos-terceirizados-pelo-municipio-de-reserva\/","og_site_name":"Minist\u00e9rio P\u00fablico de Contas do Estado do Paran\u00e1","article_publisher":"https:\/\/www.facebook.com\/mpc.pr","article_published_time":"2025-06-05T13:04:40+00:00","article_modified_time":"2025-06-18T12:36:47+00:00","og_image":[{"width":792,"height":522,"url":"https:\/\/www.mpc.pr.gov.br\/wp-content\/uploads\/2025\/06\/reserva-foto-alan-prodelik-.png","type":"image\/png"}],"author":"mpcontaspr","twitter_card":"summary_large_image","twitter_misc":{"Escrito por":"mpcontaspr","Est. tempo de leitura":"10 minutos"},"schema":{"@context":"https:\/\/schema.org","@graph":[{"@type":"Article","@id":"https:\/\/www.mpc.pr.gov.br\/index.php\/apos-denuncia-mpc-pr-apura-indicios-de-irregularidades-na-contratacao-de-medicos-terceirizados-pelo-municipio-de-reserva\/#article","isPartOf":{"@id":"https:\/\/www.mpc.pr.gov.br\/index.php\/apos-denuncia-mpc-pr-apura-indicios-de-irregularidades-na-contratacao-de-medicos-terceirizados-pelo-municipio-de-reserva\/"},"author":{"name":"mpcontaspr","@id":"https:\/\/www.mpc.pr.gov.br\/#\/schema\/person\/2d83cb8980538d0ec174e8a6284f5e11"},"headline":"Ap\u00f3s den\u00fancia, MPC-PR apura ind\u00edcios de irregularidades na contrata\u00e7\u00e3o de m\u00e9dicos terceirizados pelo Munic\u00edpio de Reserva","datePublished":"2025-06-05T13:04:40+00:00","dateModified":"2025-06-18T12:36:47+00:00","mainEntityOfPage":{"@id":"https:\/\/www.mpc.pr.gov.br\/index.php\/apos-denuncia-mpc-pr-apura-indicios-de-irregularidades-na-contratacao-de-medicos-terceirizados-pelo-municipio-de-reserva\/"},"wordCount":1849,"commentCount":0,"publisher":{"@id":"https:\/\/www.mpc.pr.gov.br\/#organization"},"image":{"@id":"https:\/\/www.mpc.pr.gov.br\/index.php\/apos-denuncia-mpc-pr-apura-indicios-de-irregularidades-na-contratacao-de-medicos-terceirizados-pelo-municipio-de-reserva\/#primaryimage"},"thumbnailUrl":"https:\/\/www.mpc.pr.gov.br\/wp-content\/uploads\/2025\/06\/reserva-foto-alan-prodelik-.png","keywords":["MPC-PR","Quadro de cargos","Representa\u00e7\u00e3o","Reserva","TCE-PR","Terceiriza\u00e7\u00e3o indevida"],"articleSection":["Todas as not\u00edcias"],"inLanguage":"pt-BR","potentialAction":[{"@type":"CommentAction","name":"Comment","target":["https:\/\/www.mpc.pr.gov.br\/index.php\/apos-denuncia-mpc-pr-apura-indicios-de-irregularidades-na-contratacao-de-medicos-terceirizados-pelo-municipio-de-reserva\/#respond"]}]},{"@type":"WebPage","@id":"https:\/\/www.mpc.pr.gov.br\/index.php\/apos-denuncia-mpc-pr-apura-indicios-de-irregularidades-na-contratacao-de-medicos-terceirizados-pelo-municipio-de-reserva\/","url":"https:\/\/www.mpc.pr.gov.br\/index.php\/apos-denuncia-mpc-pr-apura-indicios-de-irregularidades-na-contratacao-de-medicos-terceirizados-pelo-municipio-de-reserva\/","name":"Ap\u00f3s den\u00fancia, MPC-PR apura ind\u00edcios de irregularidades na contrata\u00e7\u00e3o de m\u00e9dicos terceirizados pelo Munic\u00edpio de Reserva - Minist\u00e9rio P\u00fablico de Contas do Estado do Paran\u00e1","isPartOf":{"@id":"https:\/\/www.mpc.pr.gov.br\/#website"},"primaryImageOfPage":{"@id":"https:\/\/www.mpc.pr.gov.br\/index.php\/apos-denuncia-mpc-pr-apura-indicios-de-irregularidades-na-contratacao-de-medicos-terceirizados-pelo-municipio-de-reserva\/#primaryimage"},"image":{"@id":"https:\/\/www.mpc.pr.gov.br\/index.php\/apos-denuncia-mpc-pr-apura-indicios-de-irregularidades-na-contratacao-de-medicos-terceirizados-pelo-municipio-de-reserva\/#primaryimage"},"thumbnailUrl":"https:\/\/www.mpc.pr.gov.br\/wp-content\/uploads\/2025\/06\/reserva-foto-alan-prodelik-.png","datePublished":"2025-06-05T13:04:40+00:00","dateModified":"2025-06-18T12:36:47+00:00","breadcrumb":{"@id":"https:\/\/www.mpc.pr.gov.br\/index.php\/apos-denuncia-mpc-pr-apura-indicios-de-irregularidades-na-contratacao-de-medicos-terceirizados-pelo-municipio-de-reserva\/#breadcrumb"},"inLanguage":"pt-BR","potentialAction":[{"@type":"ReadAction","target":["https:\/\/www.mpc.pr.gov.br\/index.php\/apos-denuncia-mpc-pr-apura-indicios-de-irregularidades-na-contratacao-de-medicos-terceirizados-pelo-municipio-de-reserva\/"]}]},{"@type":"ImageObject","inLanguage":"pt-BR","@id":"https:\/\/www.mpc.pr.gov.br\/index.php\/apos-denuncia-mpc-pr-apura-indicios-de-irregularidades-na-contratacao-de-medicos-terceirizados-pelo-municipio-de-reserva\/#primaryimage","url":"https:\/\/www.mpc.pr.gov.br\/wp-content\/uploads\/2025\/06\/reserva-foto-alan-prodelik-.png","contentUrl":"https:\/\/www.mpc.pr.gov.br\/wp-content\/uploads\/2025\/06\/reserva-foto-alan-prodelik-.png","width":792,"height":522,"caption":"Sede da Prefeitura do Munic\u00edpio de Reserva, localizado no Estado do Paran\u00e1. Foto: Alan Prodelik."},{"@type":"BreadcrumbList","@id":"https:\/\/www.mpc.pr.gov.br\/index.php\/apos-denuncia-mpc-pr-apura-indicios-de-irregularidades-na-contratacao-de-medicos-terceirizados-pelo-municipio-de-reserva\/#breadcrumb","itemListElement":[{"@type":"ListItem","position":1,"name":"In\u00edcio","item":"https:\/\/www.mpc.pr.gov.br\/"},{"@type":"ListItem","position":2,"name":"Ap\u00f3s den\u00fancia, MPC-PR apura ind\u00edcios de irregularidades na contrata\u00e7\u00e3o de m\u00e9dicos terceirizados pelo Munic\u00edpio de Reserva"}]},{"@type":"WebSite","@id":"https:\/\/www.mpc.pr.gov.br\/#website","url":"https:\/\/www.mpc.pr.gov.br\/","name":"Minist\u00e9rio P\u00fablico de Contas do Estado do Paran\u00e1","description":"","publisher":{"@id":"https:\/\/www.mpc.pr.gov.br\/#organization"},"potentialAction":[{"@type":"SearchAction","target":{"@type":"EntryPoint","urlTemplate":"https:\/\/www.mpc.pr.gov.br\/?s={search_term_string}"},"query-input":{"@type":"PropertyValueSpecification","valueRequired":true,"valueName":"search_term_string"}}],"inLanguage":"pt-BR"},{"@type":"Organization","@id":"https:\/\/www.mpc.pr.gov.br\/#organization","name":"Minist\u00e9rio P\u00fablico de Contas do Estado do Paran\u00e1","url":"https:\/\/www.mpc.pr.gov.br\/","logo":{"@type":"ImageObject","inLanguage":"pt-BR","@id":"https:\/\/www.mpc.pr.gov.br\/#\/schema\/logo\/image\/","url":"https:\/\/www.mpc.pr.gov.br\/wp-content\/uploads\/2020\/06\/99423647_1593460364143890_6706793420720963584_n-1-e1591387983167.png","contentUrl":"https:\/\/www.mpc.pr.gov.br\/wp-content\/uploads\/2020\/06\/99423647_1593460364143890_6706793420720963584_n-1-e1591387983167.png","width":243,"height":73,"caption":"Minist\u00e9rio P\u00fablico de Contas do Estado do Paran\u00e1"},"image":{"@id":"https:\/\/www.mpc.pr.gov.br\/#\/schema\/logo\/image\/"},"sameAs":["https:\/\/www.facebook.com\/mpc.pr","https:\/\/www.instagram.com\/mpc.pr\/?hl=pt-br","https:\/\/www.youtube.com\/channel\/UCHri5oEM8DV0ztX57E0sBSw"]},{"@type":"Person","@id":"https:\/\/www.mpc.pr.gov.br\/#\/schema\/person\/2d83cb8980538d0ec174e8a6284f5e11","name":"mpcontaspr","image":{"@type":"ImageObject","inLanguage":"pt-BR","@id":"https:\/\/secure.gravatar.com\/avatar\/1aef51541db7622e05fd639336c9c9f312c2a618396e2b6ca96846362fc5403f?s=96&d=mm&r=g","url":"https:\/\/secure.gravatar.com\/avatar\/1aef51541db7622e05fd639336c9c9f312c2a618396e2b6ca96846362fc5403f?s=96&d=mm&r=g","contentUrl":"https:\/\/secure.gravatar.com\/avatar\/1aef51541db7622e05fd639336c9c9f312c2a618396e2b6ca96846362fc5403f?s=96&d=mm&r=g","caption":"mpcontaspr"},"sameAs":["http:\/\/www.mpc.pr.gov.br"]}]}},"rttpg_featured_image_url":{"full":["https:\/\/www.mpc.pr.gov.br\/wp-content\/uploads\/2025\/06\/reserva-foto-alan-prodelik-.png",792,522,false],"landscape":["https:\/\/www.mpc.pr.gov.br\/wp-content\/uploads\/2025\/06\/reserva-foto-alan-prodelik-.png",792,522,false],"portraits":["https:\/\/www.mpc.pr.gov.br\/wp-content\/uploads\/2025\/06\/reserva-foto-alan-prodelik-.png",792,522,false],"thumbnail":["https:\/\/www.mpc.pr.gov.br\/wp-content\/uploads\/2025\/06\/reserva-foto-alan-prodelik--150x150.png",150,150,true],"medium":["https:\/\/www.mpc.pr.gov.br\/wp-content\/uploads\/2025\/06\/reserva-foto-alan-prodelik--300x198.png",300,198,true],"large":["https:\/\/www.mpc.pr.gov.br\/wp-content\/uploads\/2025\/06\/reserva-foto-alan-prodelik-.png",792,522,false],"1536x1536":["https:\/\/www.mpc.pr.gov.br\/wp-content\/uploads\/2025\/06\/reserva-foto-alan-prodelik-.png",792,522,false],"2048x2048":["https:\/\/www.mpc.pr.gov.br\/wp-content\/uploads\/2025\/06\/reserva-foto-alan-prodelik-.png",792,522,false],"ocean-thumb-m":["https:\/\/www.mpc.pr.gov.br\/wp-content\/uploads\/2025\/06\/reserva-foto-alan-prodelik--600x522.png",600,522,true],"ocean-thumb-ml":["https:\/\/www.mpc.pr.gov.br\/wp-content\/uploads\/2025\/06\/reserva-foto-alan-prodelik--792x450.png",792,450,true],"ocean-thumb-l":["https:\/\/www.mpc.pr.gov.br\/wp-content\/uploads\/2025\/06\/reserva-foto-alan-prodelik-.png",792,522,false]},"rttpg_author":{"display_name":"mpcontaspr","author_link":"https:\/\/www.mpc.pr.gov.br\/index.php\/author\/mpcontaspr\/"},"rttpg_comment":2,"rttpg_category":"<a href=\"https:\/\/www.mpc.pr.gov.br\/index.php\/category\/todas-as-noticias\/\" rel=\"category tag\">Todas as not\u00edcias<\/a>","rttpg_excerpt":"O Minist\u00e9rio P\u00fablico de Contas do Paran\u00e1 (MPC-PR) protocolou a Representa\u00e7\u00e3o n\u00ba 256319\/25 junto ao Tribunal de Contas do Estado (TCE-PR), por meio da qual requereu que seja determinado ao Munic\u00edpio de Reserva que se abstenha de realizar contrata\u00e7\u00f5es de m\u00e9dicos como forma de terceiriza\u00e7\u00e3o de servi\u00e7o p\u00fablico.\u00a0\u00a0 O processo foi motivado por den\u00fancia an\u00f4nima&hellip;","_links":{"self":[{"href":"https:\/\/www.mpc.pr.gov.br\/index.php\/wp-json\/wp\/v2\/posts\/23751","targetHints":{"allow":["GET"]}}],"collection":[{"href":"https:\/\/www.mpc.pr.gov.br\/index.php\/wp-json\/wp\/v2\/posts"}],"about":[{"href":"https:\/\/www.mpc.pr.gov.br\/index.php\/wp-json\/wp\/v2\/types\/post"}],"author":[{"embeddable":true,"href":"https:\/\/www.mpc.pr.gov.br\/index.php\/wp-json\/wp\/v2\/users\/1"}],"replies":[{"embeddable":true,"href":"https:\/\/www.mpc.pr.gov.br\/index.php\/wp-json\/wp\/v2\/comments?post=23751"}],"version-history":[{"count":1,"href":"https:\/\/www.mpc.pr.gov.br\/index.php\/wp-json\/wp\/v2\/posts\/23751\/revisions"}],"predecessor-version":[{"id":23760,"href":"https:\/\/www.mpc.pr.gov.br\/index.php\/wp-json\/wp\/v2\/posts\/23751\/revisions\/23760"}],"wp:featuredmedia":[{"embeddable":true,"href":"https:\/\/www.mpc.pr.gov.br\/index.php\/wp-json\/wp\/v2\/media\/23752"}],"wp:attachment":[{"href":"https:\/\/www.mpc.pr.gov.br\/index.php\/wp-json\/wp\/v2\/media?parent=23751"}],"wp:term":[{"taxonomy":"category","embeddable":true,"href":"https:\/\/www.mpc.pr.gov.br\/index.php\/wp-json\/wp\/v2\/categories?post=23751"},{"taxonomy":"post_tag","embeddable":true,"href":"https:\/\/www.mpc.pr.gov.br\/index.php\/wp-json\/wp\/v2\/tags?post=23751"}],"curies":[{"name":"wp","href":"https:\/\/api.w.org\/{rel}","templated":true}]}}