{"id":23833,"date":"2025-06-11T10:36:39","date_gmt":"2025-06-11T13:36:39","guid":{"rendered":"https:\/\/www.mpc.pr.gov.br\/?p=23833"},"modified":"2025-07-01T10:19:07","modified_gmt":"2025-07-01T13:19:07","slug":"irrf-retido-por-consorcios-deve-ser-repassado-de-maneira-proporcional-aos-municipios-consorciados","status":"publish","type":"post","link":"https:\/\/www.mpc.pr.gov.br\/index.php\/irrf-retido-por-consorcios-deve-ser-repassado-de-maneira-proporcional-aos-municipios-consorciados\/","title":{"rendered":"IRRF retido por Cons\u00f3rcios deve ser repassado de maneira proporcional aos Munic\u00edpios consorciados"},"content":{"rendered":"<figure id=\"attachment_23839\" aria-describedby=\"caption-attachment-23839\" style=\"width: 302px\" class=\"wp-caption alignleft\"><img fetchpriority=\"high\" decoding=\"async\" class=\"wp-image-23839 \" src=\"https:\/\/www.mpc.pr.gov.br\/wp-content\/uploads\/2025\/06\/consorcio-IA-.png\" alt=\"\" width=\"302\" height=\"209\" srcset=\"https:\/\/www.mpc.pr.gov.br\/wp-content\/uploads\/2025\/06\/consorcio-IA-.png 497w, https:\/\/www.mpc.pr.gov.br\/wp-content\/uploads\/2025\/06\/consorcio-IA--300x208.png 300w\" sizes=\"(max-width: 302px) 100vw, 302px\" \/><figcaption id=\"caption-attachment-23839\" class=\"wp-caption-text\">Imagem meramente ilustrativa. Foto: divulga\u00e7\u00e3o.<\/figcaption><\/figure>\n<p><span data-contrast=\"auto\">O Minist\u00e9rio P\u00fablico de Contas do Paran\u00e1 (MPC-PR) se manifestou no processo de consulta interposto pelo <a href=\"https:\/\/comafen.pr.gov.br\/\">Cons\u00f3rcio Intermunicipal da APA Federal do Noroeste do Paran\u00e1 (COMAFEN)<\/a>, afirmando que \u201ca apropria\u00e7\u00e3o do Imposto de Renda Retido na Fonte (IRRF) pelo pr\u00f3prio cons\u00f3rcio p\u00fablico, independentemente de sua natureza jur\u00eddica, mostra-se manifestamente incompat\u00edvel com o ordenamento jur\u00eddico, pois os cons\u00f3rcios n\u00e3o possuem capacidade tribut\u00e1ria ativa e atuam apenas como respons\u00e1veis pela reten\u00e7\u00e3o e repasse do tributo ao ente competente\u201d.\u00a0<\/span><span data-ccp-props=\"{&quot;201341983&quot;:0,&quot;335551550&quot;:6,&quot;335551620&quot;:6,&quot;335559740&quot;:360}\">\u00a0<\/span><\/p>\n<p><span data-contrast=\"auto\">A consulta teve como objetivo responder a questionamentos sobre a reten\u00e7\u00e3o do IRRF pelos cons\u00f3rcios p\u00fablicos intermunicipais, quando dos pagamentos efetuados a pessoas jur\u00eddicas pelo fornecimento de bens ou presta\u00e7\u00e3o de servi\u00e7os em geral.\u00a0<\/span><span data-ccp-props=\"{&quot;201341983&quot;:0,&quot;335551550&quot;:6,&quot;335551620&quot;:6,&quot;335559740&quot;:360}\">\u00a0<\/span><\/p>\n<p><span data-contrast=\"auto\">O COMAFEN tamb\u00e9m indagou sobre como deve ser realizada a distribui\u00e7\u00e3o dos recursos obtidos a partir da reten\u00e7\u00e3o do imposto, considerando que o Cons\u00f3rcio pertence a 12 Munic\u00edpios e as participa\u00e7\u00f5es individuais no rateio anual n\u00e3o s\u00e3o igualit\u00e1rias.<\/span><span data-ccp-props=\"{&quot;201341983&quot;:0,&quot;335551550&quot;:6,&quot;335551620&quot;:6,&quot;335559740&quot;:360}\">\u00a0<\/span><\/p>\n<h4><b><span data-contrast=\"auto\">Recebimento<\/span><\/b><span data-ccp-props=\"{&quot;201341983&quot;:0,&quot;335551550&quot;:6,&quot;335551620&quot;:6,&quot;335559740&quot;:360}\">\u00a0<\/span><\/h4>\n<p><span data-contrast=\"auto\">O Cons\u00f3rcio Intermunicipal da APA Federal do Noroeste do Paran\u00e1 apresentou perante o Tribunal de Contas do Paran\u00e1 (TCE-PR) a peti\u00e7\u00e3o inicial contendo perguntas formuladas em tese, al\u00e9m do parecer jur\u00eddico opinando acerca da mat\u00e9ria objeto da consulta.\u00a0<\/span><span data-ccp-props=\"{&quot;201341983&quot;:0,&quot;335551550&quot;:6,&quot;335551620&quot;:6,&quot;335559740&quot;:360}\">\u00a0<\/span><\/p>\n<p><span data-contrast=\"auto\">No Parecer Jur\u00eddico, o representante legal opinou sobre a legalidade da reten\u00e7\u00e3o do IRRF pelo COMAFEN sobre os seus pagamentos realizados as pessoas jur\u00eddicas, de forma que referido imposto pertence aos Munic\u00edpios consorciados e n\u00e3o ao referido Cons\u00f3rcio. Dessa forma, cabe ao COMAFEN realizar o repasse dos respectivos valores objetos da reten\u00e7\u00e3o aos Munic\u00edpios Consorciados de forma proporcional a participa\u00e7\u00e3o de cada um dentro do Cons\u00f3rcio.\u00a0<\/span><span data-ccp-props=\"{&quot;201341983&quot;:0,&quot;335551550&quot;:6,&quot;335551620&quot;:6,&quot;335559740&quot;:360}\">\u00a0<\/span><\/p>\n<p><span data-contrast=\"auto\">Em acr\u00e9scimo, o jur\u00eddico da COMAFEN afirmou que para que o IRRF seja fonte de recursos, se faz necess\u00e1rio a discuss\u00e3o legislativa e consequente aprova\u00e7\u00e3o de Projeto de Lei sobre o tema em todos os Munic\u00edpios Consorciados, com base na autonomia dos entes federativos.<\/span><span data-ccp-props=\"{&quot;201341983&quot;:0,&quot;335551550&quot;:6,&quot;335551620&quot;:6,&quot;335559740&quot;:360}\">\u00a0<\/span><\/p>\n<p><span data-contrast=\"auto\">Realizado o protocolo perante o TCE-PR, os autos foram encaminhados ao gabinete do Conselheiro Ivens Zschoerper Linhares, o qual realizou a an\u00e1lise preliminar dos requisitos de admissibilidade. Conforme <a href=\"https:\/\/www.mpc.pr.gov.br\/wp-content\/uploads\/2025\/06\/consorcio-apa-DPD-391_24-GCIZL.pdf\">Despacho n\u00ba 391\/24<\/a>, a consulta foi formulada por autoridade leg\u00edtima, em tese, de forma objetiva, versando sobre dispositivos legais afetos \u00e0 fiscaliza\u00e7\u00e3o deste Tribunal de Contas, bem como instru\u00edda com parecer jur\u00eddico enfrentando o tema.<\/span><span data-ccp-props=\"{&quot;201341983&quot;:0,&quot;335551550&quot;:6,&quot;335551620&quot;:6,&quot;335559740&quot;:360}\">\u00a0<\/span><\/p>\n<p><span data-contrast=\"auto\">Preenchidos os requisitos dispostos nos artigos 311 e 312 do Regimento Interno, o Conselheiro recebeu a presente Consulta, determinando seu encaminhamento \u00e0 Supervis\u00e3o de Jurisprud\u00eancia e Biblioteca (SJB), Coordenadoria de Gest\u00e3o Municipal (CGM) e Minist\u00e9rio P\u00fablico de Contas (MPC) para manifesta\u00e7\u00f5es conclusivas.\u00a0<\/span><span data-ccp-props=\"{&quot;201341983&quot;:0,&quot;335551550&quot;:6,&quot;335551620&quot;:6,&quot;335559740&quot;:360}\">\u00a0<\/span><\/p>\n<h4><b><span data-contrast=\"auto\">Instru\u00e7\u00e3o<\/span><\/b><span data-ccp-props=\"{&quot;201341983&quot;:0,&quot;335551550&quot;:6,&quot;335551620&quot;:6,&quot;335559740&quot;:360}\">\u00a0<\/span><\/h4>\n<p><span data-contrast=\"auto\">A Supervis\u00e3o de Jurisprud\u00eancia e Biblioteca (SJB), por meio da Instru\u00e7\u00e3o n\u00ba 51\/24, apresentou tr\u00eas decis\u00f5es de tema semelhante que poderiam ser utilizadas para contribuir na instru\u00e7\u00e3o processual.<\/span><span data-ccp-props=\"{&quot;201341983&quot;:0,&quot;335551550&quot;:6,&quot;335551620&quot;:6,&quot;335559740&quot;:360}\">\u00a0<\/span><\/p>\n<p><span data-contrast=\"auto\">No m\u00e9rito, tanto a Coordenadoria de Gest\u00e3o Municipal, conforme Instru\u00e7\u00e3o n\u00ba 222\/25, como, o Minist\u00e9rio P\u00fablico de Contas, de acordo com o Parecer n\u00ba 22\/25, opinaram pelo recebimento da consulta e ofereceram respostas semelhantes para os questionamentos trazidos pelo consulente.<\/span><span data-ccp-props=\"{&quot;201341983&quot;:0,&quot;335551550&quot;:6,&quot;335551620&quot;:6,&quot;335559740&quot;:360}\">\u00a0<\/span><\/p>\n<p><span data-contrast=\"auto\">A CGM destacou, inicialmente, breve explica\u00e7\u00e3o sobre a natureza jur\u00eddica dos cons\u00f3rcios p\u00fablicos, regidos pela <a href=\"https:\/\/www.planalto.gov.br\/ccivil_03\/_ato2004-2006\/2005\/lei\/l11107.htm\">Lei n\u00ba 11.107\/2005<\/a>, e as diferencia\u00e7\u00f5es entre as personalidades jur\u00eddicas de direito privado e direito p\u00fablico. Tal explica\u00e7\u00e3o foi pontual <\/span><span data-contrast=\"auto\">ao conceituar que o cons\u00f3rcio p\u00fablico constitu\u00eddo como associa\u00e7\u00e3o p\u00fablica possui natureza aut\u00e1rquica, logo, devem efetuar a reten\u00e7\u00e3o, na fonte, do imposto sobre a renda sobre os pagamentos a pessoas jur\u00eddicas, nos termos do dispositivo citado.\u00a0<\/span><span data-ccp-props=\"{&quot;134233117&quot;:false,&quot;134233118&quot;:false,&quot;201341983&quot;:0,&quot;335551550&quot;:6,&quot;335551620&quot;:6,&quot;335559685&quot;:0,&quot;335559737&quot;:0,&quot;335559738&quot;:0,&quot;335559739&quot;:160,&quot;335559740&quot;:360}\">\u00a0<\/span><\/p>\n<p><span data-contrast=\"auto\">O imposto sobre a renda retido na fonte pelo COMAFEN pertence aos Munic\u00edpios consorciados, conforme disposto no art. 158, inciso I, da Constitui\u00e7\u00e3o Federal, e devem ser contabilizados como receita pr\u00f3pria do Munic\u00edpio. Em acr\u00e9scimo, a CGM afirmou que o protocolo de inten\u00e7\u00f5es do cons\u00f3rcio p\u00fablico deve regulamentar a forma de rateio do IRRF entre os entes consorciados.<\/span><span data-ccp-props=\"{&quot;134233117&quot;:false,&quot;134233118&quot;:false,&quot;201341983&quot;:0,&quot;335551550&quot;:6,&quot;335551620&quot;:6,&quot;335559685&quot;:0,&quot;335559737&quot;:0,&quot;335559738&quot;:0,&quot;335559739&quot;:160,&quot;335559740&quot;:360}\">\u00a0<\/span><\/p>\n<p><span data-contrast=\"auto\">O MPC-PR, por sua vez, conforme <a href=\"https:\/\/www.mpc.pr.gov.br\/wp-content\/uploads\/2025\/06\/consorcio-apa-PAR-22_25-PGC.pdf\">Parecer n\u00ba 22\/25<\/a>, fundamentou que a Solu\u00e7\u00e3o de Diverg\u00eancia COSIT n\u00ba 6, de 03 de maio de 2013, da Receita Federal, tratou da reparti\u00e7\u00e3o de receitas nos cons\u00f3rcios p\u00fablicos, reconhecendo que, quando constitu\u00eddos sob a forma de associa\u00e7\u00e3o p\u00fablica e com natureza aut\u00e1rquica, os cons\u00f3rcios p\u00fablicos atuam como respons\u00e1veis pela reten\u00e7\u00e3o do IRRF, mas os valores arrecadados devem ser destinados aos munic\u00edpios consorciados, n\u00e3o cabendo a apropria\u00e7\u00e3o pelo pr\u00f3prio cons\u00f3rcio.\u00a0<\/span><span data-ccp-props=\"{&quot;134233117&quot;:false,&quot;134233118&quot;:false,&quot;201341983&quot;:0,&quot;335551550&quot;:6,&quot;335551620&quot;:6,&quot;335559685&quot;:0,&quot;335559737&quot;:0,&quot;335559738&quot;:0,&quot;335559739&quot;:160,&quot;335559740&quot;:360}\">\u00a0<\/span><\/p>\n<p><span data-contrast=\"auto\">Ainda, afirmou que por muitas vezes a participa\u00e7\u00e3o dos Munic\u00edpios no Cons\u00f3rcio n\u00e3o \u00e9 igualit\u00e1ria; de modo que alguns contribuem com mais recursos, enquanto outros com menos. Dessa forma, o recolhimento do imposto deve ser proporcional \u00e0 participa\u00e7\u00e3o de cada um deles no Cons\u00f3rcio. Para isso ser\u00e1 necess\u00e1rio determinar a cota de participa\u00e7\u00e3o de cada Munic\u00edpio para calcular o valor da contribui\u00e7\u00e3o correspondente, uma vez que o rateio n\u00e3o pode ser realizado de maneira igualit\u00e1ria.<\/span><span data-ccp-props=\"{&quot;134233117&quot;:false,&quot;134233118&quot;:false,&quot;201341983&quot;:0,&quot;335551550&quot;:6,&quot;335551620&quot;:6,&quot;335559685&quot;:0,&quot;335559737&quot;:0,&quot;335559738&quot;:0,&quot;335559739&quot;:160,&quot;335559740&quot;:360}\">\u00a0<\/span><\/p>\n<h4><b><span data-contrast=\"auto\">Decis\u00e3o<\/span><\/b><span data-ccp-props=\"{&quot;134233117&quot;:false,&quot;134233118&quot;:false,&quot;201341983&quot;:0,&quot;335551550&quot;:6,&quot;335551620&quot;:6,&quot;335559685&quot;:0,&quot;335559737&quot;:0,&quot;335559738&quot;:0,&quot;335559739&quot;:160,&quot;335559740&quot;:360}\">\u00a0<\/span><\/h4>\n<p><span data-contrast=\"auto\">O Pleno do TCE-PR, conforme decis\u00e3o contida no <a href=\"https:\/\/www.mpc.pr.gov.br\/wp-content\/uploads\/2025\/06\/consorcio-apa-ACO-489_25-STP.pdf\">Ac\u00f3rd\u00e3o n\u00ba 489\/25<\/a>, respondeu aos questionamentos trazidos pelo Cons\u00f3rcio COMAFEN, nos seguintes termos:<\/span><span data-ccp-props=\"{&quot;134233117&quot;:false,&quot;134233118&quot;:false,&quot;201341983&quot;:0,&quot;335551550&quot;:6,&quot;335551620&quot;:6,&quot;335559685&quot;:0,&quot;335559737&quot;:0,&quot;335559738&quot;:0,&quot;335559739&quot;:160,&quot;335559740&quot;:360}\">\u00a0<\/span><\/p>\n<p><b><span data-contrast=\"auto\">Questionamento 1 &#8211; <\/span><\/b><span data-contrast=\"auto\">Deve o COMAFEN, como Autarquia P\u00fablica Municipal, reter os valores do IRRF (Imposto de Renda Retido na Fonte) sobre os pagamentos efetuados a pessoas jur\u00eddicas pelo fornecimento de bens ou presta\u00e7\u00e3o de servi\u00e7os em geral?\u00a0<\/span><\/p>\n<p><b><span data-contrast=\"auto\">Resposta: <\/span><\/b><span data-contrast=\"auto\">Sim. Nos termos do artigo 6\u00ba, \u00a7 1\u00ba, da Lei n\u00ba 11.107\/2005, os cons\u00f3rcios p\u00fablicos constitu\u00eddos sob a forma de associa\u00e7\u00e3o p\u00fablica integram a administra\u00e7\u00e3o direta dos entes consorciados e, por conseguinte, est\u00e3o sujeitos ao regime de reten\u00e7\u00e3o do IRRF na forma prevista para os entes federados. Dessa forma, o COMAFEN, por sua natureza jur\u00eddica de autarquia p\u00fablica municipal, deve proceder \u00e0 reten\u00e7\u00e3o do IRRF incidente sobre os pagamentos que efetuar a pessoas jur\u00eddicas pelo fornecimento de bens ou presta\u00e7\u00e3o de servi\u00e7os.\u00a0<\/span><span data-ccp-props=\"{&quot;134233117&quot;:false,&quot;134233118&quot;:false,&quot;201341983&quot;:0,&quot;335551550&quot;:6,&quot;335551620&quot;:6,&quot;335559685&quot;:0,&quot;335559737&quot;:0,&quot;335559738&quot;:0,&quot;335559739&quot;:160,&quot;335559740&quot;:360}\">\u00a0<\/span><\/p>\n<p><b><span data-contrast=\"auto\">Questionamento 2 &#8211; <\/span><\/b><span data-contrast=\"auto\">Em caso positivo do item \u201ca\u201d, os recursos do imposto de renda pertencem aos Munic\u00edpios Consorciados ou a este Cons\u00f3rcio?\u00a0<\/span><\/p>\n<p><b><span data-contrast=\"auto\">Resposta:<\/span><\/b><span data-contrast=\"auto\"> Os recursos do IRRF pertencem exclusivamente aos Munic\u00edpios Consorciados. Nos termos do artigo 158, inciso I, da Constitui\u00e7\u00e3o Federal, o produto da arrecada\u00e7\u00e3o do imposto da Uni\u00e3o sobre a renda e proventos de qualquer natureza incidente na fonte sobre rendimentos pagos pelos Munic\u00edpios, suas autarquias e funda\u00e7\u00f5es deve ser destinado aos pr\u00f3prios Munic\u00edpios. A tese fixada pelo Supremo Tribunal Federal no julgamento do Tema 1130 da Repercuss\u00e3o Geral refor\u00e7a esse entendimento ao dispor que o produto da arrecada\u00e7\u00e3o do IRRF incidente sobre valores pagos pelos cons\u00f3rcios p\u00fablicos de direito p\u00fablico pertence aos entes consorciados, observada a propor\u00e7\u00e3o de participa\u00e7\u00e3o no cons\u00f3rcio.\u00a0<\/span><span data-ccp-props=\"{&quot;134233117&quot;:false,&quot;134233118&quot;:false,&quot;201341983&quot;:0,&quot;335551550&quot;:6,&quot;335551620&quot;:6,&quot;335559685&quot;:0,&quot;335559737&quot;:0,&quot;335559738&quot;:0,&quot;335559739&quot;:160,&quot;335559740&quot;:360}\">\u00a0<\/span><\/p>\n<p><b><span data-contrast=\"auto\">Questionamento 3 &#8211; <\/span><\/b><span data-contrast=\"auto\">Sendo positivo o entendimento de que os recursos do imposto de renda pertencem aos Munic\u00edpios Consorciados, como realizar a distribui\u00e7\u00e3o dos recursos obtidos da reten\u00e7\u00e3o do referido imposto, considerando que o Cons\u00f3rcio pertence a 12 (doze) Munic\u00edpios e que a participa\u00e7\u00e3o dos mesmos no rateio anual n\u00e3o se d\u00e1 de forma igualit\u00e1ria?\u00a0<\/span><\/p>\n<p><b><span data-contrast=\"auto\">Resposta:<\/span><\/b><span data-contrast=\"auto\"> A distribui\u00e7\u00e3o dos valores retidos a t\u00edtulo de IRRF deve observar a participa\u00e7\u00e3o de cada Munic\u00edpio no cons\u00f3rcio, de forma proporcional ao percentual de contribui\u00e7\u00e3o de cada ente no rateio anual. Tal crit\u00e9rio se mostra mais adequado na medida em que reflete a efetiva participa\u00e7\u00e3o de cada Munic\u00edpio no cons\u00f3rcio, assegurando a reparti\u00e7\u00e3o equitativa dos valores arrecadados.\u00a0<\/span><span data-ccp-props=\"{&quot;134233117&quot;:false,&quot;134233118&quot;:false,&quot;201341983&quot;:0,&quot;335551550&quot;:6,&quot;335551620&quot;:6,&quot;335559685&quot;:0,&quot;335559737&quot;:0,&quot;335559738&quot;:0,&quot;335559739&quot;:160,&quot;335559740&quot;:360}\">\u00a0<\/span><\/p>\n<p><b><span data-contrast=\"auto\">Questionamento 4 &#8211; <\/span><\/b><span data-contrast=\"auto\">\u00c9 poss\u00edvel que os recursos obtidos via reten\u00e7\u00e3o do imposto de renda sejam fonte de recursos deste Cons\u00f3rcio?<\/span><\/p>\n<p><b><span data-contrast=\"auto\">Resposta:<\/span><\/b><span data-contrast=\"auto\"> N\u00e3o. A apropria\u00e7\u00e3o dos valores do IRRF pelo pr\u00f3prio cons\u00f3rcio p\u00fablico \u00e9 manifestamente incompat\u00edvel com o ordenamento jur\u00eddico vigente. Os cons\u00f3rcios n\u00e3o possuem capacidade tribut\u00e1ria ativa e atuam apenas como respons\u00e1veis pela reten\u00e7\u00e3o e repasse do tributo ao ente competente. Assim, os valores retidos n\u00e3o podem ser considerados receita pr\u00f3pria do COMAFEN, devendo ser repassados aos Munic\u00edpios consorciados conforme os crit\u00e9rios de reparti\u00e7\u00e3o mencionados anteriormente.\u00a0<\/span><span data-ccp-props=\"{&quot;134233117&quot;:false,&quot;134233118&quot;:false,&quot;201341983&quot;:0,&quot;335551550&quot;:6,&quot;335551620&quot;:6,&quot;335559685&quot;:0,&quot;335559737&quot;:0,&quot;335559738&quot;:0,&quot;335559739&quot;:160,&quot;335559740&quot;:360}\">\u00a0<\/span><\/p>\n<p><b><span data-contrast=\"auto\">Questionamento 5 &#8211; <\/span><\/b><span data-contrast=\"auto\">Em caso de a resposta do item \u201cd\u201d ser positiva, tal previs\u00e3o pode ser feita via Contrato de Rateio, gerando assim legalidade?\u00a0<\/span><\/p>\n<p><b><span data-contrast=\"auto\">Resposta:<\/span><\/b><span data-contrast=\"auto\"> Dado que a resposta ao item &#8220;d&#8221; \u00e9 negativa, n\u00e3o h\u00e1 possibilidade de previs\u00e3o contratual para que os valores retidos a t\u00edtulo de IRRF sejam considerados como receita do Cons\u00f3rcio. Qualquer disposi\u00e7\u00e3o contratual nesse sentido seria inconstitucional e ilegal, por contrariar expressamente o disposto no artigo 158, inciso I, da Constitui\u00e7\u00e3o Federal e a jurisprud\u00eancia consolidada pelo STF no Tema 1130 da Repercuss\u00e3o Geral: 1 \u2013 Os cons\u00f3rcios p\u00fablicos intermunicipais de direito p\u00fablico, constitu\u00eddos sob a forma de associa\u00e7\u00f5es p\u00fablicas, devem efetuar a reten\u00e7\u00e3o, na fonte, do imposto sobre a renda incidente sobre os pagamentos efetuados a pessoas jur\u00eddicas pelo fornecimento de bens ou presta\u00e7\u00e3o de servi\u00e7os, nos termos da Instru\u00e7\u00e3o Normativa RFB n\u00ba 1234\/12 e altera\u00e7\u00f5es. 2 &#8211; Os cons\u00f3rcios p\u00fablicos intermunicipais de direito privado devem efetuar a reten\u00e7\u00e3o, na fonte, do imposto sobre a renda incidente sobre os pagamentos efetuados a pessoas jur\u00eddicas pelo fornecimento de bens ou presta\u00e7\u00e3o de servi\u00e7os, de acordo com as disposi\u00e7\u00f5es do Decreto n\u00ba 9.580\/2018, devendo o imposto retido ser recolhido aos cofres da Uni\u00e3o.<\/span><span data-ccp-props=\"{&quot;134233117&quot;:false,&quot;134233118&quot;:false,&quot;201341983&quot;:0,&quot;335551550&quot;:6,&quot;335551620&quot;:6,&quot;335559685&quot;:0,&quot;335559737&quot;:0,&quot;335559738&quot;:0,&quot;335559739&quot;:160,&quot;335559740&quot;:360}\">\u00a0<\/span><\/p>\n<blockquote><p><span style=\"color: #820007;\"><strong><u>Informa\u00e7\u00e3o para consulta processual<\/u><\/strong><\/span><\/p>\n<table style=\"height: 183px;\" border=\"0\" width=\"478\" cellspacing=\"0\" cellpadding=\"0\">\n<tbody>\n<tr>\n<td><strong>Processo n\u00ba<\/strong>:<\/td>\n<td>154504\/24<\/td>\n<\/tr>\n<tr>\n<td><strong>Ac\u00f3rd\u00e3o n\u00ba<\/strong>:<\/td>\n<td>489\/25 &#8211; Pleno<\/td>\n<\/tr>\n<tr>\n<td><strong>Assunto<\/strong>:<\/td>\n<td>Consulta<\/td>\n<\/tr>\n<tr>\n<td><strong>Entidade<\/strong>:<\/td>\n<td><span class=\"TextRun SCXW19893697 BCX0\" lang=\"PT-BR\" xml:lang=\"PT-BR\" data-contrast=\"auto\"><span class=\"NormalTextRun SCXW19893697 BCX0\">COMAFEN<\/span><\/span><\/td>\n<\/tr>\n<tr>\n<td><strong>Relator<\/strong>:<\/td>\n<td><span class=\"TextRun SCXW238999374 BCX0\" lang=\"PT-BR\" xml:lang=\"PT-BR\" data-contrast=\"auto\"><span class=\"NormalTextRun SCXW238999374 BCX0\">Conselheiro Fernando Augusto Mello Guimar\u00e3es<\/span><\/span><\/td>\n<\/tr>\n<\/tbody>\n<\/table>\n<\/blockquote>\n","protected":false},"excerpt":{"rendered":"<p>O Minist\u00e9rio P\u00fablico de Contas do Paran\u00e1 (MPC-PR) se manifestou no processo de consulta interposto pelo Cons\u00f3rcio Intermunicipal da APA Federal do Noroeste do Paran\u00e1 (COMAFEN), afirmando que \u201ca apropria\u00e7\u00e3o do Imposto de Renda Retido na Fonte (IRRF) pelo pr\u00f3prio cons\u00f3rcio p\u00fablico, independentemente de sua natureza jur\u00eddica, mostra-se manifestamente incompat\u00edvel com o ordenamento jur\u00eddico, pois [&hellip;]<\/p>\n","protected":false},"author":1,"featured_media":23839,"comment_status":"open","ping_status":"open","sticky":false,"template":"","format":"standard","meta":{"_monsterinsights_skip_tracking":false,"_monsterinsights_sitenote_active":false,"_monsterinsights_sitenote_note":"","_monsterinsights_sitenote_category":0,"footnotes":""},"categories":[7],"tags":[764,765,674,767,13,538,768,766,39],"class_list":["post-23833","post","type-post","status-publish","format-standard","has-post-thumbnail","hentry","category-todas-as-noticias","tag-comafen","tag-consorcios","tag-impostos","tag-irrf","tag-mpc-pr","tag-pleno","tag-rateio","tag-repasse","tag-tce-pr","entry","has-media"],"yoast_head":"<!-- This site is optimized with the Yoast SEO plugin v27.3 - https:\/\/yoast.com\/product\/yoast-seo-wordpress\/ -->\n<title>IRRF retido por Cons\u00f3rcios deve ser repassado de maneira proporcional aos Munic\u00edpios consorciados - Minist\u00e9rio P\u00fablico de Contas do Estado do Paran\u00e1<\/title>\n<meta name=\"robots\" content=\"index, follow, max-snippet:-1, max-image-preview:large, max-video-preview:-1\" \/>\n<link rel=\"canonical\" href=\"https:\/\/www.mpc.pr.gov.br\/index.php\/irrf-retido-por-consorcios-deve-ser-repassado-de-maneira-proporcional-aos-municipios-consorciados\/\" \/>\n<meta property=\"og:locale\" content=\"pt_BR\" \/>\n<meta property=\"og:type\" content=\"article\" \/>\n<meta property=\"og:title\" content=\"IRRF retido por Cons\u00f3rcios deve ser repassado de maneira proporcional aos Munic\u00edpios consorciados - Minist\u00e9rio P\u00fablico de Contas do Estado do Paran\u00e1\" \/>\n<meta property=\"og:description\" content=\"O Minist\u00e9rio P\u00fablico de Contas do Paran\u00e1 (MPC-PR) se manifestou no processo de consulta interposto pelo Cons\u00f3rcio Intermunicipal da APA Federal do Noroeste do Paran\u00e1 (COMAFEN), afirmando que \u201ca apropria\u00e7\u00e3o do Imposto de Renda Retido na Fonte (IRRF) pelo pr\u00f3prio cons\u00f3rcio p\u00fablico, independentemente de sua natureza jur\u00eddica, mostra-se manifestamente incompat\u00edvel com o ordenamento jur\u00eddico, pois [&hellip;]\" \/>\n<meta property=\"og:url\" content=\"https:\/\/www.mpc.pr.gov.br\/index.php\/irrf-retido-por-consorcios-deve-ser-repassado-de-maneira-proporcional-aos-municipios-consorciados\/\" \/>\n<meta property=\"og:site_name\" content=\"Minist\u00e9rio P\u00fablico de Contas do Estado do Paran\u00e1\" \/>\n<meta property=\"article:publisher\" content=\"https:\/\/www.facebook.com\/mpc.pr\" \/>\n<meta property=\"article:published_time\" content=\"2025-06-11T13:36:39+00:00\" \/>\n<meta property=\"article:modified_time\" content=\"2025-07-01T13:19:07+00:00\" \/>\n<meta property=\"og:image\" content=\"https:\/\/www.mpc.pr.gov.br\/wp-content\/uploads\/2025\/06\/consorcio-IA-.png\" \/>\n\t<meta property=\"og:image:width\" content=\"497\" \/>\n\t<meta property=\"og:image:height\" content=\"344\" \/>\n\t<meta property=\"og:image:type\" content=\"image\/png\" \/>\n<meta name=\"author\" content=\"mpcontaspr\" \/>\n<meta name=\"twitter:card\" content=\"summary_large_image\" \/>\n<meta name=\"twitter:label1\" content=\"Escrito por\" \/>\n\t<meta name=\"twitter:data1\" content=\"mpcontaspr\" \/>\n\t<meta name=\"twitter:label2\" content=\"Est. tempo de leitura\" \/>\n\t<meta name=\"twitter:data2\" content=\"9 minutos\" \/>\n<script type=\"application\/ld+json\" class=\"yoast-schema-graph\">{\"@context\":\"https:\\\/\\\/schema.org\",\"@graph\":[{\"@type\":\"Article\",\"@id\":\"https:\\\/\\\/www.mpc.pr.gov.br\\\/index.php\\\/irrf-retido-por-consorcios-deve-ser-repassado-de-maneira-proporcional-aos-municipios-consorciados\\\/#article\",\"isPartOf\":{\"@id\":\"https:\\\/\\\/www.mpc.pr.gov.br\\\/index.php\\\/irrf-retido-por-consorcios-deve-ser-repassado-de-maneira-proporcional-aos-municipios-consorciados\\\/\"},\"author\":{\"name\":\"mpcontaspr\",\"@id\":\"https:\\\/\\\/www.mpc.pr.gov.br\\\/#\\\/schema\\\/person\\\/2d83cb8980538d0ec174e8a6284f5e11\"},\"headline\":\"IRRF retido por Cons\u00f3rcios deve ser repassado de maneira proporcional aos Munic\u00edpios consorciados\",\"datePublished\":\"2025-06-11T13:36:39+00:00\",\"dateModified\":\"2025-07-01T13:19:07+00:00\",\"mainEntityOfPage\":{\"@id\":\"https:\\\/\\\/www.mpc.pr.gov.br\\\/index.php\\\/irrf-retido-por-consorcios-deve-ser-repassado-de-maneira-proporcional-aos-municipios-consorciados\\\/\"},\"wordCount\":1667,\"commentCount\":0,\"publisher\":{\"@id\":\"https:\\\/\\\/www.mpc.pr.gov.br\\\/#organization\"},\"image\":{\"@id\":\"https:\\\/\\\/www.mpc.pr.gov.br\\\/index.php\\\/irrf-retido-por-consorcios-deve-ser-repassado-de-maneira-proporcional-aos-municipios-consorciados\\\/#primaryimage\"},\"thumbnailUrl\":\"https:\\\/\\\/www.mpc.pr.gov.br\\\/wp-content\\\/uploads\\\/2025\\\/06\\\/consorcio-IA-.png\",\"keywords\":[\"COMAFEN\",\"Cons\u00f3rcios\",\"Impostos\",\"IRRF\",\"MPC-PR\",\"Pleno\",\"Rateio\",\"Repasse\",\"TCE-PR\"],\"articleSection\":[\"Todas as not\u00edcias\"],\"inLanguage\":\"pt-BR\",\"potentialAction\":[{\"@type\":\"CommentAction\",\"name\":\"Comment\",\"target\":[\"https:\\\/\\\/www.mpc.pr.gov.br\\\/index.php\\\/irrf-retido-por-consorcios-deve-ser-repassado-de-maneira-proporcional-aos-municipios-consorciados\\\/#respond\"]}]},{\"@type\":\"WebPage\",\"@id\":\"https:\\\/\\\/www.mpc.pr.gov.br\\\/index.php\\\/irrf-retido-por-consorcios-deve-ser-repassado-de-maneira-proporcional-aos-municipios-consorciados\\\/\",\"url\":\"https:\\\/\\\/www.mpc.pr.gov.br\\\/index.php\\\/irrf-retido-por-consorcios-deve-ser-repassado-de-maneira-proporcional-aos-municipios-consorciados\\\/\",\"name\":\"IRRF retido por Cons\u00f3rcios deve ser repassado de maneira proporcional aos Munic\u00edpios consorciados - Minist\u00e9rio P\u00fablico de Contas do Estado do Paran\u00e1\",\"isPartOf\":{\"@id\":\"https:\\\/\\\/www.mpc.pr.gov.br\\\/#website\"},\"primaryImageOfPage\":{\"@id\":\"https:\\\/\\\/www.mpc.pr.gov.br\\\/index.php\\\/irrf-retido-por-consorcios-deve-ser-repassado-de-maneira-proporcional-aos-municipios-consorciados\\\/#primaryimage\"},\"image\":{\"@id\":\"https:\\\/\\\/www.mpc.pr.gov.br\\\/index.php\\\/irrf-retido-por-consorcios-deve-ser-repassado-de-maneira-proporcional-aos-municipios-consorciados\\\/#primaryimage\"},\"thumbnailUrl\":\"https:\\\/\\\/www.mpc.pr.gov.br\\\/wp-content\\\/uploads\\\/2025\\\/06\\\/consorcio-IA-.png\",\"datePublished\":\"2025-06-11T13:36:39+00:00\",\"dateModified\":\"2025-07-01T13:19:07+00:00\",\"breadcrumb\":{\"@id\":\"https:\\\/\\\/www.mpc.pr.gov.br\\\/index.php\\\/irrf-retido-por-consorcios-deve-ser-repassado-de-maneira-proporcional-aos-municipios-consorciados\\\/#breadcrumb\"},\"inLanguage\":\"pt-BR\",\"potentialAction\":[{\"@type\":\"ReadAction\",\"target\":[\"https:\\\/\\\/www.mpc.pr.gov.br\\\/index.php\\\/irrf-retido-por-consorcios-deve-ser-repassado-de-maneira-proporcional-aos-municipios-consorciados\\\/\"]}]},{\"@type\":\"ImageObject\",\"inLanguage\":\"pt-BR\",\"@id\":\"https:\\\/\\\/www.mpc.pr.gov.br\\\/index.php\\\/irrf-retido-por-consorcios-deve-ser-repassado-de-maneira-proporcional-aos-municipios-consorciados\\\/#primaryimage\",\"url\":\"https:\\\/\\\/www.mpc.pr.gov.br\\\/wp-content\\\/uploads\\\/2025\\\/06\\\/consorcio-IA-.png\",\"contentUrl\":\"https:\\\/\\\/www.mpc.pr.gov.br\\\/wp-content\\\/uploads\\\/2025\\\/06\\\/consorcio-IA-.png\",\"width\":497,\"height\":344,\"caption\":\"Imagem meramente ilustrativa. Foto: divulga\u00e7\u00e3o.\"},{\"@type\":\"BreadcrumbList\",\"@id\":\"https:\\\/\\\/www.mpc.pr.gov.br\\\/index.php\\\/irrf-retido-por-consorcios-deve-ser-repassado-de-maneira-proporcional-aos-municipios-consorciados\\\/#breadcrumb\",\"itemListElement\":[{\"@type\":\"ListItem\",\"position\":1,\"name\":\"In\u00edcio\",\"item\":\"https:\\\/\\\/www.mpc.pr.gov.br\\\/\"},{\"@type\":\"ListItem\",\"position\":2,\"name\":\"IRRF retido por Cons\u00f3rcios deve ser repassado de maneira proporcional aos Munic\u00edpios consorciados\"}]},{\"@type\":\"WebSite\",\"@id\":\"https:\\\/\\\/www.mpc.pr.gov.br\\\/#website\",\"url\":\"https:\\\/\\\/www.mpc.pr.gov.br\\\/\",\"name\":\"Minist\u00e9rio P\u00fablico de Contas do Estado do Paran\u00e1\",\"description\":\"\",\"publisher\":{\"@id\":\"https:\\\/\\\/www.mpc.pr.gov.br\\\/#organization\"},\"potentialAction\":[{\"@type\":\"SearchAction\",\"target\":{\"@type\":\"EntryPoint\",\"urlTemplate\":\"https:\\\/\\\/www.mpc.pr.gov.br\\\/?s={search_term_string}\"},\"query-input\":{\"@type\":\"PropertyValueSpecification\",\"valueRequired\":true,\"valueName\":\"search_term_string\"}}],\"inLanguage\":\"pt-BR\"},{\"@type\":\"Organization\",\"@id\":\"https:\\\/\\\/www.mpc.pr.gov.br\\\/#organization\",\"name\":\"Minist\u00e9rio P\u00fablico de Contas do Estado do Paran\u00e1\",\"url\":\"https:\\\/\\\/www.mpc.pr.gov.br\\\/\",\"logo\":{\"@type\":\"ImageObject\",\"inLanguage\":\"pt-BR\",\"@id\":\"https:\\\/\\\/www.mpc.pr.gov.br\\\/#\\\/schema\\\/logo\\\/image\\\/\",\"url\":\"https:\\\/\\\/www.mpc.pr.gov.br\\\/wp-content\\\/uploads\\\/2020\\\/06\\\/99423647_1593460364143890_6706793420720963584_n-1-e1591387983167.png\",\"contentUrl\":\"https:\\\/\\\/www.mpc.pr.gov.br\\\/wp-content\\\/uploads\\\/2020\\\/06\\\/99423647_1593460364143890_6706793420720963584_n-1-e1591387983167.png\",\"width\":243,\"height\":73,\"caption\":\"Minist\u00e9rio P\u00fablico de Contas do Estado do Paran\u00e1\"},\"image\":{\"@id\":\"https:\\\/\\\/www.mpc.pr.gov.br\\\/#\\\/schema\\\/logo\\\/image\\\/\"},\"sameAs\":[\"https:\\\/\\\/www.facebook.com\\\/mpc.pr\",\"https:\\\/\\\/www.instagram.com\\\/mpc.pr\\\/?hl=pt-br\",\"https:\\\/\\\/www.youtube.com\\\/channel\\\/UCHri5oEM8DV0ztX57E0sBSw\"]},{\"@type\":\"Person\",\"@id\":\"https:\\\/\\\/www.mpc.pr.gov.br\\\/#\\\/schema\\\/person\\\/2d83cb8980538d0ec174e8a6284f5e11\",\"name\":\"mpcontaspr\",\"image\":{\"@type\":\"ImageObject\",\"inLanguage\":\"pt-BR\",\"@id\":\"https:\\\/\\\/secure.gravatar.com\\\/avatar\\\/1aef51541db7622e05fd639336c9c9f312c2a618396e2b6ca96846362fc5403f?s=96&d=mm&r=g\",\"url\":\"https:\\\/\\\/secure.gravatar.com\\\/avatar\\\/1aef51541db7622e05fd639336c9c9f312c2a618396e2b6ca96846362fc5403f?s=96&d=mm&r=g\",\"contentUrl\":\"https:\\\/\\\/secure.gravatar.com\\\/avatar\\\/1aef51541db7622e05fd639336c9c9f312c2a618396e2b6ca96846362fc5403f?s=96&d=mm&r=g\",\"caption\":\"mpcontaspr\"},\"sameAs\":[\"http:\\\/\\\/www.mpc.pr.gov.br\"]}]}<\/script>\n<!-- \/ Yoast SEO plugin. -->","yoast_head_json":{"title":"IRRF retido por Cons\u00f3rcios deve ser repassado de maneira proporcional aos Munic\u00edpios consorciados - Minist\u00e9rio P\u00fablico de Contas do Estado do Paran\u00e1","robots":{"index":"index","follow":"follow","max-snippet":"max-snippet:-1","max-image-preview":"max-image-preview:large","max-video-preview":"max-video-preview:-1"},"canonical":"https:\/\/www.mpc.pr.gov.br\/index.php\/irrf-retido-por-consorcios-deve-ser-repassado-de-maneira-proporcional-aos-municipios-consorciados\/","og_locale":"pt_BR","og_type":"article","og_title":"IRRF retido por Cons\u00f3rcios deve ser repassado de maneira proporcional aos Munic\u00edpios consorciados - Minist\u00e9rio P\u00fablico de Contas do Estado do Paran\u00e1","og_description":"O Minist\u00e9rio P\u00fablico de Contas do Paran\u00e1 (MPC-PR) se manifestou no processo de consulta interposto pelo Cons\u00f3rcio Intermunicipal da APA Federal do Noroeste do Paran\u00e1 (COMAFEN), afirmando que \u201ca apropria\u00e7\u00e3o do Imposto de Renda Retido na Fonte (IRRF) pelo pr\u00f3prio cons\u00f3rcio p\u00fablico, independentemente de sua natureza jur\u00eddica, mostra-se manifestamente incompat\u00edvel com o ordenamento jur\u00eddico, pois [&hellip;]","og_url":"https:\/\/www.mpc.pr.gov.br\/index.php\/irrf-retido-por-consorcios-deve-ser-repassado-de-maneira-proporcional-aos-municipios-consorciados\/","og_site_name":"Minist\u00e9rio P\u00fablico de Contas do Estado do Paran\u00e1","article_publisher":"https:\/\/www.facebook.com\/mpc.pr","article_published_time":"2025-06-11T13:36:39+00:00","article_modified_time":"2025-07-01T13:19:07+00:00","og_image":[{"width":497,"height":344,"url":"https:\/\/www.mpc.pr.gov.br\/wp-content\/uploads\/2025\/06\/consorcio-IA-.png","type":"image\/png"}],"author":"mpcontaspr","twitter_card":"summary_large_image","twitter_misc":{"Escrito por":"mpcontaspr","Est. tempo de leitura":"9 minutos"},"schema":{"@context":"https:\/\/schema.org","@graph":[{"@type":"Article","@id":"https:\/\/www.mpc.pr.gov.br\/index.php\/irrf-retido-por-consorcios-deve-ser-repassado-de-maneira-proporcional-aos-municipios-consorciados\/#article","isPartOf":{"@id":"https:\/\/www.mpc.pr.gov.br\/index.php\/irrf-retido-por-consorcios-deve-ser-repassado-de-maneira-proporcional-aos-municipios-consorciados\/"},"author":{"name":"mpcontaspr","@id":"https:\/\/www.mpc.pr.gov.br\/#\/schema\/person\/2d83cb8980538d0ec174e8a6284f5e11"},"headline":"IRRF retido por Cons\u00f3rcios deve ser repassado de maneira proporcional aos Munic\u00edpios consorciados","datePublished":"2025-06-11T13:36:39+00:00","dateModified":"2025-07-01T13:19:07+00:00","mainEntityOfPage":{"@id":"https:\/\/www.mpc.pr.gov.br\/index.php\/irrf-retido-por-consorcios-deve-ser-repassado-de-maneira-proporcional-aos-municipios-consorciados\/"},"wordCount":1667,"commentCount":0,"publisher":{"@id":"https:\/\/www.mpc.pr.gov.br\/#organization"},"image":{"@id":"https:\/\/www.mpc.pr.gov.br\/index.php\/irrf-retido-por-consorcios-deve-ser-repassado-de-maneira-proporcional-aos-municipios-consorciados\/#primaryimage"},"thumbnailUrl":"https:\/\/www.mpc.pr.gov.br\/wp-content\/uploads\/2025\/06\/consorcio-IA-.png","keywords":["COMAFEN","Cons\u00f3rcios","Impostos","IRRF","MPC-PR","Pleno","Rateio","Repasse","TCE-PR"],"articleSection":["Todas as not\u00edcias"],"inLanguage":"pt-BR","potentialAction":[{"@type":"CommentAction","name":"Comment","target":["https:\/\/www.mpc.pr.gov.br\/index.php\/irrf-retido-por-consorcios-deve-ser-repassado-de-maneira-proporcional-aos-municipios-consorciados\/#respond"]}]},{"@type":"WebPage","@id":"https:\/\/www.mpc.pr.gov.br\/index.php\/irrf-retido-por-consorcios-deve-ser-repassado-de-maneira-proporcional-aos-municipios-consorciados\/","url":"https:\/\/www.mpc.pr.gov.br\/index.php\/irrf-retido-por-consorcios-deve-ser-repassado-de-maneira-proporcional-aos-municipios-consorciados\/","name":"IRRF retido por Cons\u00f3rcios deve ser repassado de maneira proporcional aos Munic\u00edpios consorciados - Minist\u00e9rio P\u00fablico de Contas do Estado do Paran\u00e1","isPartOf":{"@id":"https:\/\/www.mpc.pr.gov.br\/#website"},"primaryImageOfPage":{"@id":"https:\/\/www.mpc.pr.gov.br\/index.php\/irrf-retido-por-consorcios-deve-ser-repassado-de-maneira-proporcional-aos-municipios-consorciados\/#primaryimage"},"image":{"@id":"https:\/\/www.mpc.pr.gov.br\/index.php\/irrf-retido-por-consorcios-deve-ser-repassado-de-maneira-proporcional-aos-municipios-consorciados\/#primaryimage"},"thumbnailUrl":"https:\/\/www.mpc.pr.gov.br\/wp-content\/uploads\/2025\/06\/consorcio-IA-.png","datePublished":"2025-06-11T13:36:39+00:00","dateModified":"2025-07-01T13:19:07+00:00","breadcrumb":{"@id":"https:\/\/www.mpc.pr.gov.br\/index.php\/irrf-retido-por-consorcios-deve-ser-repassado-de-maneira-proporcional-aos-municipios-consorciados\/#breadcrumb"},"inLanguage":"pt-BR","potentialAction":[{"@type":"ReadAction","target":["https:\/\/www.mpc.pr.gov.br\/index.php\/irrf-retido-por-consorcios-deve-ser-repassado-de-maneira-proporcional-aos-municipios-consorciados\/"]}]},{"@type":"ImageObject","inLanguage":"pt-BR","@id":"https:\/\/www.mpc.pr.gov.br\/index.php\/irrf-retido-por-consorcios-deve-ser-repassado-de-maneira-proporcional-aos-municipios-consorciados\/#primaryimage","url":"https:\/\/www.mpc.pr.gov.br\/wp-content\/uploads\/2025\/06\/consorcio-IA-.png","contentUrl":"https:\/\/www.mpc.pr.gov.br\/wp-content\/uploads\/2025\/06\/consorcio-IA-.png","width":497,"height":344,"caption":"Imagem meramente ilustrativa. Foto: divulga\u00e7\u00e3o."},{"@type":"BreadcrumbList","@id":"https:\/\/www.mpc.pr.gov.br\/index.php\/irrf-retido-por-consorcios-deve-ser-repassado-de-maneira-proporcional-aos-municipios-consorciados\/#breadcrumb","itemListElement":[{"@type":"ListItem","position":1,"name":"In\u00edcio","item":"https:\/\/www.mpc.pr.gov.br\/"},{"@type":"ListItem","position":2,"name":"IRRF retido por Cons\u00f3rcios deve ser repassado de maneira proporcional aos Munic\u00edpios consorciados"}]},{"@type":"WebSite","@id":"https:\/\/www.mpc.pr.gov.br\/#website","url":"https:\/\/www.mpc.pr.gov.br\/","name":"Minist\u00e9rio P\u00fablico de Contas do Estado do Paran\u00e1","description":"","publisher":{"@id":"https:\/\/www.mpc.pr.gov.br\/#organization"},"potentialAction":[{"@type":"SearchAction","target":{"@type":"EntryPoint","urlTemplate":"https:\/\/www.mpc.pr.gov.br\/?s={search_term_string}"},"query-input":{"@type":"PropertyValueSpecification","valueRequired":true,"valueName":"search_term_string"}}],"inLanguage":"pt-BR"},{"@type":"Organization","@id":"https:\/\/www.mpc.pr.gov.br\/#organization","name":"Minist\u00e9rio P\u00fablico de Contas do Estado do Paran\u00e1","url":"https:\/\/www.mpc.pr.gov.br\/","logo":{"@type":"ImageObject","inLanguage":"pt-BR","@id":"https:\/\/www.mpc.pr.gov.br\/#\/schema\/logo\/image\/","url":"https:\/\/www.mpc.pr.gov.br\/wp-content\/uploads\/2020\/06\/99423647_1593460364143890_6706793420720963584_n-1-e1591387983167.png","contentUrl":"https:\/\/www.mpc.pr.gov.br\/wp-content\/uploads\/2020\/06\/99423647_1593460364143890_6706793420720963584_n-1-e1591387983167.png","width":243,"height":73,"caption":"Minist\u00e9rio P\u00fablico de Contas do Estado do Paran\u00e1"},"image":{"@id":"https:\/\/www.mpc.pr.gov.br\/#\/schema\/logo\/image\/"},"sameAs":["https:\/\/www.facebook.com\/mpc.pr","https:\/\/www.instagram.com\/mpc.pr\/?hl=pt-br","https:\/\/www.youtube.com\/channel\/UCHri5oEM8DV0ztX57E0sBSw"]},{"@type":"Person","@id":"https:\/\/www.mpc.pr.gov.br\/#\/schema\/person\/2d83cb8980538d0ec174e8a6284f5e11","name":"mpcontaspr","image":{"@type":"ImageObject","inLanguage":"pt-BR","@id":"https:\/\/secure.gravatar.com\/avatar\/1aef51541db7622e05fd639336c9c9f312c2a618396e2b6ca96846362fc5403f?s=96&d=mm&r=g","url":"https:\/\/secure.gravatar.com\/avatar\/1aef51541db7622e05fd639336c9c9f312c2a618396e2b6ca96846362fc5403f?s=96&d=mm&r=g","contentUrl":"https:\/\/secure.gravatar.com\/avatar\/1aef51541db7622e05fd639336c9c9f312c2a618396e2b6ca96846362fc5403f?s=96&d=mm&r=g","caption":"mpcontaspr"},"sameAs":["http:\/\/www.mpc.pr.gov.br"]}]}},"rttpg_featured_image_url":{"full":["https:\/\/www.mpc.pr.gov.br\/wp-content\/uploads\/2025\/06\/consorcio-IA-.png",497,344,false],"landscape":["https:\/\/www.mpc.pr.gov.br\/wp-content\/uploads\/2025\/06\/consorcio-IA-.png",497,344,false],"portraits":["https:\/\/www.mpc.pr.gov.br\/wp-content\/uploads\/2025\/06\/consorcio-IA-.png",497,344,false],"thumbnail":["https:\/\/www.mpc.pr.gov.br\/wp-content\/uploads\/2025\/06\/consorcio-IA--150x150.png",150,150,true],"medium":["https:\/\/www.mpc.pr.gov.br\/wp-content\/uploads\/2025\/06\/consorcio-IA--300x208.png",300,208,true],"large":["https:\/\/www.mpc.pr.gov.br\/wp-content\/uploads\/2025\/06\/consorcio-IA-.png",497,344,false],"1536x1536":["https:\/\/www.mpc.pr.gov.br\/wp-content\/uploads\/2025\/06\/consorcio-IA-.png",497,344,false],"2048x2048":["https:\/\/www.mpc.pr.gov.br\/wp-content\/uploads\/2025\/06\/consorcio-IA-.png",497,344,false],"ocean-thumb-m":["https:\/\/www.mpc.pr.gov.br\/wp-content\/uploads\/2025\/06\/consorcio-IA-.png",497,344,false],"ocean-thumb-ml":["https:\/\/www.mpc.pr.gov.br\/wp-content\/uploads\/2025\/06\/consorcio-IA-.png",497,344,false],"ocean-thumb-l":["https:\/\/www.mpc.pr.gov.br\/wp-content\/uploads\/2025\/06\/consorcio-IA-.png",497,344,false]},"rttpg_author":{"display_name":"mpcontaspr","author_link":"https:\/\/www.mpc.pr.gov.br\/index.php\/author\/mpcontaspr\/"},"rttpg_comment":0,"rttpg_category":"<a href=\"https:\/\/www.mpc.pr.gov.br\/index.php\/category\/todas-as-noticias\/\" rel=\"category tag\">Todas as not\u00edcias<\/a>","rttpg_excerpt":"O Minist\u00e9rio P\u00fablico de Contas do Paran\u00e1 (MPC-PR) se manifestou no processo de consulta interposto pelo Cons\u00f3rcio Intermunicipal da APA Federal do Noroeste do Paran\u00e1 (COMAFEN), afirmando que \u201ca apropria\u00e7\u00e3o do Imposto de Renda Retido na Fonte (IRRF) pelo pr\u00f3prio cons\u00f3rcio p\u00fablico, independentemente de sua natureza jur\u00eddica, mostra-se manifestamente incompat\u00edvel com o ordenamento jur\u00eddico, pois&hellip;","_links":{"self":[{"href":"https:\/\/www.mpc.pr.gov.br\/index.php\/wp-json\/wp\/v2\/posts\/23833","targetHints":{"allow":["GET"]}}],"collection":[{"href":"https:\/\/www.mpc.pr.gov.br\/index.php\/wp-json\/wp\/v2\/posts"}],"about":[{"href":"https:\/\/www.mpc.pr.gov.br\/index.php\/wp-json\/wp\/v2\/types\/post"}],"author":[{"embeddable":true,"href":"https:\/\/www.mpc.pr.gov.br\/index.php\/wp-json\/wp\/v2\/users\/1"}],"replies":[{"embeddable":true,"href":"https:\/\/www.mpc.pr.gov.br\/index.php\/wp-json\/wp\/v2\/comments?post=23833"}],"version-history":[{"count":3,"href":"https:\/\/www.mpc.pr.gov.br\/index.php\/wp-json\/wp\/v2\/posts\/23833\/revisions"}],"predecessor-version":[{"id":23842,"href":"https:\/\/www.mpc.pr.gov.br\/index.php\/wp-json\/wp\/v2\/posts\/23833\/revisions\/23842"}],"wp:featuredmedia":[{"embeddable":true,"href":"https:\/\/www.mpc.pr.gov.br\/index.php\/wp-json\/wp\/v2\/media\/23839"}],"wp:attachment":[{"href":"https:\/\/www.mpc.pr.gov.br\/index.php\/wp-json\/wp\/v2\/media?parent=23833"}],"wp:term":[{"taxonomy":"category","embeddable":true,"href":"https:\/\/www.mpc.pr.gov.br\/index.php\/wp-json\/wp\/v2\/categories?post=23833"},{"taxonomy":"post_tag","embeddable":true,"href":"https:\/\/www.mpc.pr.gov.br\/index.php\/wp-json\/wp\/v2\/tags?post=23833"}],"curies":[{"name":"wp","href":"https:\/\/api.w.org\/{rel}","templated":true}]}}