{"id":23854,"date":"2025-06-13T12:12:56","date_gmt":"2025-06-13T15:12:56","guid":{"rendered":"https:\/\/www.mpc.pr.gov.br\/?p=23854"},"modified":"2025-07-01T10:19:14","modified_gmt":"2025-07-01T13:19:14","slug":"projeto-do-mpc-pr-que-usa-ia-para-mapear-contratos-com-empresas-sancionadas-e-finalista-do-5o-premio-inac","status":"publish","type":"post","link":"https:\/\/www.mpc.pr.gov.br\/index.php\/projeto-do-mpc-pr-que-usa-ia-para-mapear-contratos-com-empresas-sancionadas-e-finalista-do-5o-premio-inac\/","title":{"rendered":"Projeto do MPC-PR que usa IA para mapear contratos com empresas sancionadas \u00e9 finalista do 5\u00ba Pr\u00eamio INAC"},"content":{"rendered":"<p><span data-contrast=\"auto\"><img fetchpriority=\"high\" decoding=\"async\" class=\"alignleft wp-image-23855 size-medium\" src=\"https:\/\/www.mpc.pr.gov.br\/wp-content\/uploads\/2025\/06\/Inteligencia-artificial-300x169.png\" alt=\"\" width=\"300\" height=\"169\" srcset=\"https:\/\/www.mpc.pr.gov.br\/wp-content\/uploads\/2025\/06\/Inteligencia-artificial-300x169.png 300w, https:\/\/www.mpc.pr.gov.br\/wp-content\/uploads\/2025\/06\/Inteligencia-artificial.png 560w\" sizes=\"(max-width: 300px) 100vw, 300px\" \/>O Minist\u00e9rio P\u00fablico de Contas do Paran\u00e1 (MPC-PR) foi selecionado como um dos cinco finalistas na categoria Tecnologia e Inova\u00e7\u00e3o do <a href=\"https:\/\/premioinacdeintegridade.com.br\/\">5\u00ba Pr\u00eamio INAC de Integridade<\/a>, com o projeto \u201c<\/span><b><span data-contrast=\"auto\">Promo\u00e7\u00e3o da Integridade e Combate \u00e0 Corrup\u00e7\u00e3o no Estado do Paran\u00e1: Empresas Sancionadas<\/span><\/b><span data-contrast=\"auto\">\u201d.<\/span><span data-ccp-props=\"{&quot;201341983&quot;:0,&quot;335551550&quot;:6,&quot;335551620&quot;:6,&quot;335559740&quot;:360}\">\u00a0<\/span><\/p>\n<p><span data-contrast=\"auto\">Desenvolvido pelo Procurador-Geral Gabriel Guy L\u00e9ger, com o apoio da Diretora-Geral Barbara Krysttal Motta Almeida Reis, o projeto \u00e9 resultado de uma iniciativa da atual gest\u00e3o do MPC-PR, que est\u00e1 comprometida com \u00e0s principais agendas mundiais e internacionais (CNPGC, OCDE, ONU, ODS, ESG, TCU, TCE-PR, OEA e CICC). O objetivo \u00e9 modernizar os processos internos de fiscaliza\u00e7\u00e3o e acompanhamento, caracterizando-se como um projeto de a\u00e7\u00e3o estruturante que visa estimular os munic\u00edpios a aprimorar seus mecanismos de compliance e gest\u00e3o de riscos, al\u00e9m de desenvolver a\u00e7\u00f5es que promovam o aperfei\u00e7oamento da gest\u00e3o p\u00fablica em todo o Estado.<\/span><span data-ccp-props=\"{&quot;201341983&quot;:0,&quot;335551550&quot;:6,&quot;335551620&quot;:6,&quot;335559740&quot;:360}\">\u00a0<\/span><\/p>\n<h4><b><span data-contrast=\"auto\">Conhe\u00e7a o projeto<\/span><\/b><span data-ccp-props=\"{&quot;201341983&quot;:0,&quot;335551550&quot;:6,&quot;335551620&quot;:6,&quot;335559740&quot;:360}\">\u00a0<\/span><\/h4>\n<p><span data-contrast=\"auto\">O <\/span><b><span data-contrast=\"auto\">Projeto Especial de Promo\u00e7\u00e3o da Integridade e Combate \u00e0 Corrup\u00e7\u00e3o no Estado do Paran\u00e1:\u00a0 Empresas Sancionadas<\/span><\/b><span data-contrast=\"auto\">, utiliza ferramentas de intelig\u00eancia artificial e automa\u00e7\u00e3o de dados para identificar empresas sancionadas por il\u00edcitos que, mesmo punidas, continuam a firmar contratos com a Administra\u00e7\u00e3o P\u00fablica.\u00a0<\/span><span data-ccp-props=\"{&quot;201341983&quot;:0,&quot;335551550&quot;:6,&quot;335551620&quot;:6,&quot;335559740&quot;:360}\">\u00a0<\/span><\/p>\n<p><span data-contrast=\"auto\">Foram utilizados um conjunto de 40 rob\u00f4s inteligentes, algoritmos de <\/span><i><span data-contrast=\"auto\">machine learning<\/span><\/i><span data-contrast=\"auto\"> e t\u00e9cnicas de cruzamento de dados de alto volume. Essa metodologia possibilitou o mapeamento dos contratos realizados nos 399 munic\u00edpios paranaenses de 2021 a 2024, o que representa o monitoramento de R$ 264 bilh\u00f5es de reais em contratos.\u00a0<\/span><span data-ccp-props=\"{&quot;201341983&quot;:0,&quot;335551550&quot;:6,&quot;335551620&quot;:6,&quot;335559740&quot;:360}\">\u00a0<\/span><\/p>\n<p><span data-contrast=\"auto\">Com esses dados, o MPC-PR pretende oferecer subs\u00eddios t\u00e9cnicos e orienta\u00e7\u00f5es para uma atua\u00e7\u00e3o preventiva dos \u00f3rg\u00e3os de controle interno, bem como apoio aos gestores p\u00fablicos municipais e estaduais para uma tomada de decis\u00e3o respons\u00e1vel, \u00e9tica e transparente, com foco na promo\u00e7\u00e3o de um ambiente \u00edntegro e justo nas rela\u00e7\u00f5es entre os setores p\u00fablico e privado.<\/span><span data-ccp-props=\"{&quot;201341983&quot;:0,&quot;335551550&quot;:6,&quot;335551620&quot;:6,&quot;335559740&quot;:360}\">\u00a0<\/span><\/p>\n<h4><b><span data-contrast=\"auto\">Agenda Estrat\u00e9gica<\/span><\/b><span data-ccp-props=\"{&quot;201341983&quot;:0,&quot;335551550&quot;:6,&quot;335551620&quot;:6,&quot;335559740&quot;:360}\">\u00a0<\/span><\/h4>\n<p><span data-contrast=\"auto\">O projeto est\u00e1 alinhado \u00e0s diretrizes da Organiza\u00e7\u00e3o dos Estados Americanos (OEA), com especial aten\u00e7\u00e3o \u00e0 Conven\u00e7\u00e3o Interamericana contra a Corrup\u00e7\u00e3o (CICC), \u00e0 Agenda ESG e aos Objetivos de Desenvolvimento Sustent\u00e1vel (ODS) da Organiza\u00e7\u00e3o das Na\u00e7\u00f5es Unidas (ONU), refor\u00e7ando o compromisso institucional do MPC-PR com as melhores pr\u00e1ticas globais de governan\u00e7a.<\/span><span data-ccp-props=\"{&quot;201341983&quot;:0,&quot;335551550&quot;:6,&quot;335551620&quot;:6,&quot;335559740&quot;:360}\">\u00a0<\/span><\/p>\n<ul>\n<li data-leveltext=\"\uf0b7\" data-font=\"Symbol\" data-listid=\"10\" data-list-defn-props=\"{&quot;335552541&quot;:1,&quot;335559685&quot;:720,&quot;335559991&quot;:360,&quot;469769226&quot;:&quot;Symbol&quot;,&quot;469769242&quot;:[8226],&quot;469777803&quot;:&quot;left&quot;,&quot;469777804&quot;:&quot;\uf0b7&quot;,&quot;469777815&quot;:&quot;hybridMultilevel&quot;}\" aria-setsize=\"-1\" data-aria-posinset=\"1\" data-aria-level=\"1\"><b><span data-contrast=\"auto\">ODS 8 (Trabalho Decente e Crescimento Econ\u00f4mico) &#8211;<\/span><\/b><span data-contrast=\"auto\"> O projeto tem como objetivo promover a\u00e7\u00f5es no setor p\u00fablico e privado em conformidade com a legisla\u00e7\u00e3o, contribuindo para o crescimento econ\u00f4mico sustent\u00e1vel e a cria\u00e7\u00e3o de um ambiente de neg\u00f3cios mais justo financeiramente, socialmente e ambientalmente, al\u00e9m de ser \u00e9tico e competitivo.<\/span><span data-ccp-props=\"{&quot;201341983&quot;:0,&quot;335551550&quot;:6,&quot;335551620&quot;:6,&quot;335559740&quot;:360}\">\u00a0<\/span><\/li>\n<\/ul>\n<ul>\n<li data-leveltext=\"\uf0b7\" data-font=\"Symbol\" data-listid=\"10\" data-list-defn-props=\"{&quot;335552541&quot;:1,&quot;335559685&quot;:720,&quot;335559991&quot;:360,&quot;469769226&quot;:&quot;Symbol&quot;,&quot;469769242&quot;:[8226],&quot;469777803&quot;:&quot;left&quot;,&quot;469777804&quot;:&quot;\uf0b7&quot;,&quot;469777815&quot;:&quot;hybridMultilevel&quot;}\" aria-setsize=\"-1\" data-aria-posinset=\"2\" data-aria-level=\"1\"><b><span data-contrast=\"auto\">ODS 12 (Consumo e Produ\u00e7\u00e3o Respons\u00e1vel) &#8211;<\/span><\/b><span data-contrast=\"auto\"> A promo\u00e7\u00e3o da integridade no setor p\u00fablico e no setor privado tamb\u00e9m envolve pr\u00e1ticas respons\u00e1veis, que garantam que a produ\u00e7\u00e3o e o consumo sejam mais \u00e9ticos e sustent\u00e1veis, sem preju\u00edzos sociais ou ambientais.\u00a0<\/span><span data-ccp-props=\"{&quot;201341983&quot;:0,&quot;335551550&quot;:6,&quot;335551620&quot;:6,&quot;335559740&quot;:360}\">\u00a0<\/span><\/li>\n<\/ul>\n<ul>\n<li data-leveltext=\"\uf0b7\" data-font=\"Symbol\" data-listid=\"10\" data-list-defn-props=\"{&quot;335552541&quot;:1,&quot;335559685&quot;:720,&quot;335559991&quot;:360,&quot;469769226&quot;:&quot;Symbol&quot;,&quot;469769242&quot;:[8226],&quot;469777803&quot;:&quot;left&quot;,&quot;469777804&quot;:&quot;\uf0b7&quot;,&quot;469777815&quot;:&quot;hybridMultilevel&quot;}\" aria-setsize=\"-1\" data-aria-posinset=\"3\" data-aria-level=\"1\"><b><span data-contrast=\"auto\">ODS 16 (Paz, Justi\u00e7a e Institui\u00e7\u00f5es Eficazes) &#8211; <\/span><\/b><span data-contrast=\"auto\">O projeto visa fortalecer as institui\u00e7\u00f5es p\u00fablicas e privadas, promovendo a integridade, a transpar\u00eancia e o combate \u00e0 corrup\u00e7\u00e3o. Ao tratar de empresas sancionadas, o projeto contribui para a constru\u00e7\u00e3o de sistemas mais justos e eficazes.\u00a0<\/span><span data-ccp-props=\"{&quot;201341983&quot;:0,&quot;335551550&quot;:6,&quot;335551620&quot;:6,&quot;335559740&quot;:360}\">\u00a0<\/span><\/li>\n<\/ul>\n<ul>\n<li data-leveltext=\"\uf0b7\" data-font=\"Symbol\" data-listid=\"10\" data-list-defn-props=\"{&quot;335552541&quot;:1,&quot;335559685&quot;:720,&quot;335559991&quot;:360,&quot;469769226&quot;:&quot;Symbol&quot;,&quot;469769242&quot;:[8226],&quot;469777803&quot;:&quot;left&quot;,&quot;469777804&quot;:&quot;\uf0b7&quot;,&quot;469777815&quot;:&quot;hybridMultilevel&quot;}\" aria-setsize=\"-1\" data-aria-posinset=\"4\" data-aria-level=\"1\"><b><span data-contrast=\"auto\">ODS 17 (Parcerias e Meios de Implementa\u00e7\u00e3o) &#8211;<\/span><\/b><span data-contrast=\"auto\"> A promo\u00e7\u00e3o da integridade e combate \u00e0 corrup\u00e7\u00e3o exige a colabora\u00e7\u00e3o entre setores p\u00fablicos e privados. O projeto pode fortalecer parcerias para implementar pol\u00edticas p\u00fablicas eficazes e garantir a transpar\u00eancia nas a\u00e7\u00f5es.<\/span><span data-ccp-props=\"{&quot;201341983&quot;:0,&quot;335551550&quot;:6,&quot;335551620&quot;:6,&quot;335559740&quot;:360}\">\u00a0<\/span><\/li>\n<\/ul>\n<h4><b><span data-contrast=\"auto\">Programa de Combate \u00e0 Corrup\u00e7\u00e3o do MPC-PR<\/span><\/b><span data-ccp-props=\"{&quot;201341983&quot;:0,&quot;335551550&quot;:6,&quot;335551620&quot;:6,&quot;335559685&quot;:0,&quot;335559740&quot;:360}\">\u00a0<\/span><\/h4>\n<p><span data-contrast=\"auto\">Ao longo dos anos o MPC-PR fortaleceu sua atua\u00e7\u00e3o na promo\u00e7\u00e3o da integridade e combate \u00e0 corrup\u00e7\u00e3o, a qual, atualmente, se consolidou em um programa institucional estruturado, com a\u00e7\u00f5es integradas e estrat\u00e9gicas.\u00a0<\/span><span data-ccp-props=\"{&quot;201341983&quot;:0,&quot;335551550&quot;:6,&quot;335551620&quot;:6,&quot;335559685&quot;:0,&quot;335559740&quot;:360}\">\u00a0<\/span><\/p>\n<p><span data-contrast=\"auto\">Essa trajet\u00f3ria de enfrentamento se estende por quase uma d\u00e9cada e envolve a cria\u00e7\u00e3o de projetos especiais, levantamentos t\u00e9cnicos, articula\u00e7\u00f5es institucionais, a\u00e7\u00f5es educativas e iniciativas de transpar\u00eancia ativa.\u00a0<\/span><span data-ccp-props=\"{&quot;201341983&quot;:0,&quot;335551550&quot;:6,&quot;335551620&quot;:6,&quot;335559685&quot;:0,&quot;335559740&quot;:360}\">\u00a0<\/span><\/p>\n<p><span data-contrast=\"auto\">Confira a seguir uma linha do tempo com os principais marcos dessa atua\u00e7\u00e3o:<\/span><span data-ccp-props=\"{&quot;201341983&quot;:0,&quot;335551550&quot;:6,&quot;335551620&quot;:6,&quot;335559685&quot;:0,&quot;335559740&quot;:360}\">\u00a0<\/span><\/p>\n<ul>\n<li data-leveltext=\"\uf0b7\" data-font=\"Symbol\" data-listid=\"11\" data-list-defn-props=\"{&quot;335552541&quot;:1,&quot;335559685&quot;:720,&quot;335559991&quot;:360,&quot;469769226&quot;:&quot;Symbol&quot;,&quot;469769242&quot;:[8226],&quot;469777803&quot;:&quot;left&quot;,&quot;469777804&quot;:&quot;\uf0b7&quot;,&quot;469777815&quot;:&quot;hybridMultilevel&quot;}\" aria-setsize=\"-1\" data-aria-posinset=\"1\" data-aria-level=\"1\"><b><span data-contrast=\"auto\">2015 \u2013 Apoio \u00e0 campanha \u201cDez Medidas Contra a Corrup\u00e7\u00e3o\u201d<\/span><\/b><span data-ccp-props=\"{&quot;201341983&quot;:0,&quot;335551550&quot;:6,&quot;335551620&quot;:6,&quot;335559740&quot;:360}\">\u00a0<\/span><\/li>\n<\/ul>\n<figure id=\"attachment_23856\" aria-describedby=\"caption-attachment-23856\" style=\"width: 300px\" class=\"wp-caption alignleft\"><img decoding=\"async\" class=\"wp-image-23856 size-medium\" src=\"https:\/\/www.mpc.pr.gov.br\/wp-content\/uploads\/2025\/06\/Lancamento-campanha-combate-a-corrupcao-300x175.jpg\" alt=\"\" width=\"300\" height=\"175\" srcset=\"https:\/\/www.mpc.pr.gov.br\/wp-content\/uploads\/2025\/06\/Lancamento-campanha-combate-a-corrupcao-300x175.jpg 300w, https:\/\/www.mpc.pr.gov.br\/wp-content\/uploads\/2025\/06\/Lancamento-campanha-combate-a-corrupcao-768x448.jpg 768w, https:\/\/www.mpc.pr.gov.br\/wp-content\/uploads\/2025\/06\/Lancamento-campanha-combate-a-corrupcao.jpg 1024w\" sizes=\"(max-width: 300px) 100vw, 300px\" \/><figcaption id=\"caption-attachment-23856\" class=\"wp-caption-text\">Procuradores do MPC-PR no lan\u00e7amento da campanha. Da esquerda para a direita: Juliana Sternadt Reiner \u2013 C\u00e9lia Rosana Moro Kansou \u2013 Val\u00e9ria Borba \u2013 Michael Richard Reiner \u2013 Katia Regina Puchaski.<\/figcaption><\/figure>\n<p><span data-contrast=\"auto\">O MPC-PR aderiu \u00e0 mobiliza\u00e7\u00e3o nacional coordenada pelo Minist\u00e9rio P\u00fablico Federal (MPF), voltada \u00e0 melhoria da legisla\u00e7\u00e3o anticorrup\u00e7\u00e3o no Brasil. Conhecida como \u201cDez Medidas Contra a Corrup\u00e7\u00e3o\u201d, a campanha nacional foi um movimento apartid\u00e1rio, com o objetivo de angariar 1,5 milh\u00e3o de assinaturas de cidad\u00e3os para apresentar ao Congresso Nacional propostas de combate \u00e0 corrup\u00e7\u00e3o como um projeto de iniciativa popular. [<a href=\"https:\/\/www.mpc.pr.gov.br\/index.php\/mpc-pr-se-engaja-em-campanha-nacional-anticorrupcao\/\">Saiba mais<\/a>]<\/span><\/p>\n<ul>\n<li data-leveltext=\"\uf0b7\" data-font=\"Symbol\" data-listid=\"12\" data-list-defn-props=\"{&quot;335552541&quot;:1,&quot;335559685&quot;:720,&quot;335559991&quot;:360,&quot;469769226&quot;:&quot;Symbol&quot;,&quot;469769242&quot;:[8226],&quot;469777803&quot;:&quot;left&quot;,&quot;469777804&quot;:&quot;\uf0b7&quot;,&quot;469777815&quot;:&quot;hybridMultilevel&quot;}\" aria-setsize=\"-1\" data-aria-posinset=\"1\" data-aria-level=\"1\"><b><span data-contrast=\"auto\">2020 \u2013 Projeto Anticorrup\u00e7\u00e3o<\/span><\/b><span data-ccp-props=\"{&quot;201341983&quot;:0,&quot;335551550&quot;:6,&quot;335551620&quot;:6,&quot;335559740&quot;:360}\">\u00a0<\/span><\/li>\n<\/ul>\n<p><span data-contrast=\"auto\">Por meio do seu ent\u00e3o N\u00facleo de Intelig\u00eancia, o MPC-PR lan\u00e7ou um projeto de atua\u00e7\u00e3o especial intitulado \u201cProjeto Anticorrup\u00e7\u00e3o\u201d. A iniciativa tinha como objetivo estimular os munic\u00edpios do Estado a desenvolverem Programas de Integridade e Compliance, com base na utiliza\u00e7\u00e3o de mecanismos contra fraudes e corrup\u00e7\u00e3o no \u00e2mbito das licita\u00e7\u00f5es.\u00a0<\/span><span data-ccp-props=\"{&quot;201341983&quot;:0,&quot;335551550&quot;:6,&quot;335551620&quot;:6,&quot;335559685&quot;:0,&quot;335559740&quot;:360}\">\u00a0<\/span><\/p>\n<p><span data-contrast=\"auto\">A a\u00e7\u00e3o envolveu o levantamento de informa\u00e7\u00f5e<\/span><span data-contrast=\"auto\">s juntos aos 399 Munic\u00edpios, por meio do envio de question\u00e1rios, para apurar o n\u00edvel de conhecimento sobre a Lei Anticorrup\u00e7\u00e3o n\u00ba 12.846\/2013, Decreto n\u00ba 8.420\/2015 e outros temas relacionados. Com esse panorama da situa\u00e7\u00e3o dos munic\u00edpios paranaenses frente aos Programas de Integridade e Compliance, foi poss\u00edvel identificar as<\/span><span data-contrast=\"auto\"> principais necessidades e dificuldades dos gestores em torno do tema, o que permitiu ao MPC-PR encaminhar uma s\u00e9rie de recomenda\u00e7\u00f5es, indicando melhores pr\u00e1ticas nos processos licitat\u00f3rios e controles internos, com base nos par\u00e2metros dos programas de integridade.<\/span><span data-ccp-props=\"{&quot;201341983&quot;:0,&quot;335551550&quot;:6,&quot;335551620&quot;:6,&quot;335559685&quot;:0,&quot;335559740&quot;:360}\"> [<a href=\"https:\/\/www.mpc.pr.gov.br\/index.php\/relatorios-dos-projetos-de-atuacao-especial\/\">Saiba mais<\/a>]<\/span><\/p>\n<ul>\n<li data-leveltext=\"\uf0b7\" data-font=\"Symbol\" data-listid=\"13\" data-list-defn-props=\"{&quot;335552541&quot;:1,&quot;335559685&quot;:720,&quot;335559991&quot;:360,&quot;469769226&quot;:&quot;Symbol&quot;,&quot;469769242&quot;:[8226],&quot;469777803&quot;:&quot;left&quot;,&quot;469777804&quot;:&quot;\uf0b7&quot;,&quot;469777815&quot;:&quot;hybridMultilevel&quot;}\" aria-setsize=\"-1\" data-aria-posinset=\"1\" data-aria-level=\"1\"><b><span data-contrast=\"auto\">2024 &#8211; Acompanhamento dos Precat\u00f3rios Municipais<\/span><\/b><span data-ccp-props=\"{&quot;201341983&quot;:0,&quot;335551550&quot;:6,&quot;335551620&quot;:6,&quot;335559740&quot;:360}\">\u00a0<\/span><\/li>\n<\/ul>\n<p><span data-contrast=\"auto\">Em raz\u00e3o de not\u00edcias acerca do n\u00e3o pagamento de precat\u00f3rios, e de impropriedades relativas \u00e0 execu\u00e7\u00e3o or\u00e7ament\u00e1ria, seja por aus\u00eancia de adequada previs\u00e3o ou de impr\u00f3prios remanejamento de valores para outras finalidades, em outubro de 2024 o MPC-PR iniciou uma a\u00e7\u00e3o em car\u00e1ter orientativo, para que fossem contemplados nos projetos de Lei Or\u00e7ament\u00e1ria a totalidade dos precat\u00f3rios de natureza geral a ser pagos no exerc\u00edcio de 2025, observada a ordem sequencial cronol\u00f3gica,\u00a0 bem como das obriga\u00e7\u00f5es de pequeno valor objeto de RPV \u2013 Requisi\u00e7\u00e3o de Pequeno Valor.<\/span><span data-ccp-props=\"{&quot;201341983&quot;:0,&quot;335551550&quot;:6,&quot;335551620&quot;:6,&quot;335559685&quot;:0,&quot;335559740&quot;:360}\">\u00a0<\/span><\/p>\n<p><span data-contrast=\"auto\">A Recomenda\u00e7\u00e3o Administrativa n\u00ba 01\/2024 foi encaminhada para todas as Prefeituras, C\u00e2maras e demais autoridades respons\u00e1veis pela gest\u00e3o de precat\u00f3rios dos 399 Munic\u00edpios paranaenses, a fim de alertar os gestores para que estejam atentos aos prazos e aos respectivos regimes de pagamentos de precat\u00f3rios, promovendo a adequada previs\u00e3o de recursos nos projetos de Lei Or\u00e7ament\u00e1ria Anual, apresentados em 2024, para execu\u00e7\u00e3o no exerc\u00edcio de 2025. No momento a equipe est\u00e1 consolidando as informa\u00e7\u00f5es apresentadas e acompanhando o cumprimento dessas recomenda\u00e7\u00f5es.<\/span><span data-ccp-props=\"{&quot;201341983&quot;:0,&quot;335551550&quot;:6,&quot;335551620&quot;:6,&quot;335559685&quot;:0,&quot;335559740&quot;:360}\"> [<a href=\"https:\/\/www.mpc.pr.gov.br\/index.php\/mpc-pr-encaminha-recomendacao-administrativa-aos-399-municipios-do-parana-orientando-sobre-a-lei-orcamentaria-e-o-pagamento-de-precatorios\/\">Saiba mais<\/a>]<\/span><\/p>\n<ul>\n<li data-leveltext=\"\uf0b7\" data-font=\"Symbol\" data-listid=\"13\" data-list-defn-props=\"{&quot;335552541&quot;:1,&quot;335559685&quot;:720,&quot;335559991&quot;:360,&quot;469769226&quot;:&quot;Symbol&quot;,&quot;469769242&quot;:[8226],&quot;469777803&quot;:&quot;left&quot;,&quot;469777804&quot;:&quot;\uf0b7&quot;,&quot;469777815&quot;:&quot;hybridMultilevel&quot;}\" aria-setsize=\"-1\" data-aria-posinset=\"2\" data-aria-level=\"1\"><b><span data-contrast=\"auto\">2025 &#8211; Consolida\u00e7\u00e3o das a\u00e7\u00f5es e novas frentes de atua\u00e7\u00e3o<\/span><\/b><span data-ccp-props=\"{&quot;201341983&quot;:0,&quot;335551550&quot;:6,&quot;335551620&quot;:6,&quot;335559740&quot;:360}\">\u00a0<\/span><\/li>\n<\/ul>\n<p><span data-contrast=\"auto\">No \u00e2mbito do MPC-PR, o combate \u00e0 corrup\u00e7\u00e3o \u00e9 hoje reconhecido como uma linha de atua\u00e7\u00e3o institucional cont\u00ednua e estrat\u00e9gica. Dessa forma, a atual gest\u00e3o consolidou em seu Plano de A\u00e7\u00e3o para o bi\u00eanio 2025-2026 o \u201cPrograma de Combate \u00e0 Corrup\u00e7\u00e3o do MPC-PR&#8221;, a fim de reunir as a\u00e7\u00f5es do \u00f3rg\u00e3o voltadas ao fortalecimento da integridade e da governan\u00e7a no setor p\u00fablico. Entre as principais linhas de a\u00e7\u00e3o em desenvolvimento, destacam-se:\u00a0<\/span><span data-ccp-props=\"{&quot;201341983&quot;:0,&quot;335551550&quot;:6,&quot;335551620&quot;:6,&quot;335559685&quot;:0,&quot;335559740&quot;:360}\">\u00a0<\/span><\/p>\n<ul>\n<li data-leveltext=\"\uf0b7\" data-font=\"Symbol\" data-listid=\"14\" data-list-defn-props=\"{&quot;335552541&quot;:1,&quot;335559685&quot;:720,&quot;335559991&quot;:360,&quot;469769226&quot;:&quot;Symbol&quot;,&quot;469769242&quot;:[8226],&quot;469777803&quot;:&quot;left&quot;,&quot;469777804&quot;:&quot;\uf0b7&quot;,&quot;469777815&quot;:&quot;hybridMultilevel&quot;}\" aria-setsize=\"-1\" data-aria-posinset=\"1\" data-aria-level=\"1\"><b><span data-contrast=\"auto\">Projeto Empresas Sancionadas: <\/span><\/b><span data-contrast=\"auto\">Focado na identifica\u00e7\u00e3o e monitoramento de empresas punidas ou impedidas de contratar com o poder p\u00fablico, com o apoio de ferramentas de intelig\u00eancia artificial, automa\u00e7\u00e3o e cruzamento de dados.\u00a0<\/span><span data-ccp-props=\"{&quot;201341983&quot;:0,&quot;335551550&quot;:6,&quot;335551620&quot;:6,&quot;335559740&quot;:360}\">\u00a0<\/span><\/li>\n<\/ul>\n<ul>\n<li data-leveltext=\"\uf0b7\" data-font=\"Symbol\" data-listid=\"14\" data-list-defn-props=\"{&quot;335552541&quot;:1,&quot;335559685&quot;:720,&quot;335559991&quot;:360,&quot;469769226&quot;:&quot;Symbol&quot;,&quot;469769242&quot;:[8226],&quot;469777803&quot;:&quot;left&quot;,&quot;469777804&quot;:&quot;\uf0b7&quot;,&quot;469777815&quot;:&quot;hybridMultilevel&quot;}\" aria-setsize=\"-1\" data-aria-posinset=\"2\" data-aria-level=\"1\"><b><span data-contrast=\"auto\">Projeto de Maturidade dos Controles Internos do Paran\u00e1:<\/span><\/b><span data-contrast=\"auto\"> Voltado \u00e0 avalia\u00e7\u00e3o e ao aprimoramento dos sistemas de controle interno dos entes p\u00fablicos, promovendo maior transpar\u00eancia, efici\u00eancia e preven\u00e7\u00e3o de irregularidades.\u00a0<\/span><span data-ccp-props=\"{&quot;201341983&quot;:0,&quot;335551550&quot;:6,&quot;335551620&quot;:6,&quot;335559740&quot;:360}\">\u00a0<\/span><\/li>\n<\/ul>\n<p><span data-contrast=\"auto\">Al\u00e9m desses projetos, o programa tamb\u00e9m \u00e9 sustentado por trilhas de capacita\u00e7\u00e3o espec\u00edficas nas \u00e1reas de intelig\u00eancia, inova\u00e7\u00e3o e intelig\u00eancia artificial, voltadas aos membros, servidores e estagi\u00e1rios, visando ampliar a capacidade anal\u00edtica e investigativa da equipe t\u00e9cnica do MPC-PR.\u00a0<\/span><span data-ccp-props=\"{&quot;134233117&quot;:false,&quot;134233118&quot;:false,&quot;201341983&quot;:0,&quot;335551550&quot;:6,&quot;335551620&quot;:6,&quot;335559738&quot;:0,&quot;335559739&quot;:160,&quot;335559740&quot;:360}\">\u00a0<\/span><\/p>\n<p><span data-contrast=\"auto\">Outra a\u00e7\u00e3o interna que est\u00e1 em constru\u00e7\u00e3o \u00e9 o C\u00f3digo de \u00c9tica, que refor\u00e7a o compromisso institucional com os princ\u00edpios \u00e9ticos, a conduta exemplar e a cultura de integridade dentro da pr\u00f3pria organiza\u00e7\u00e3o.<\/span><span data-ccp-props=\"{&quot;134233117&quot;:false,&quot;134233118&quot;:false,&quot;201341983&quot;:0,&quot;335551550&quot;:6,&quot;335551620&quot;:6,&quot;335559738&quot;:0,&quot;335559739&quot;:160,&quot;335559740&quot;:360}\">\u00a0<\/span><\/p>\n<h4><b><span data-contrast=\"auto\">Pr\u00eamio INAC de Integridade\u00a0<\/span><\/b><span data-ccp-props=\"{&quot;201341983&quot;:0,&quot;335551550&quot;:6,&quot;335551620&quot;:6,&quot;335559740&quot;:360}\">\u00a0<\/span><\/h4>\n<p><span data-contrast=\"auto\">Criado pelo <a href=\"https:\/\/www.naoaceitocorrupcao.org.br\/\">Instituto N\u00e3o Aceito Corrup\u00e7\u00e3o (INAC)<\/a>, o Pr\u00eamio INAC de Integridade reconhece iniciativas que promovem a \u00e9tica, a transpar\u00eancia e o combate \u00e0 corrup\u00e7\u00e3o no Brasil.\u00a0<\/span><span data-ccp-props=\"{&quot;201341983&quot;:0,&quot;335551550&quot;:6,&quot;335551620&quot;:6,&quot;335559740&quot;:360}\">\u00a0<\/span><\/p>\n<p><span data-contrast=\"auto\">Na edi\u00e7\u00e3o de 2025, que celebra os 10 anos do instituto, foram mais de 200 projetos inscritos em sete categorias distintas: Academia, Tecnologia e Inova\u00e7\u00e3o, Boas Pr\u00e1ticas em Governan\u00e7a, Experi\u00eancia Profissional, Comunicadores Locais, Jornalismo Investigativo e Integridade no Esporte.\u00a0\u00a0<\/span><span data-ccp-props=\"{&quot;201341983&quot;:0,&quot;335551550&quot;:6,&quot;335551620&quot;:6,&quot;335559740&quot;:360}\">\u00a0<\/span><\/p>\n<p><span data-contrast=\"auto\">O projeto do MPC-PR est\u00e1 entre os 10 finalistas da categoria Tecnologia e Inova\u00e7\u00e3o. A cerim\u00f4nia de premia\u00e7\u00e3o ser\u00e1 realizada no dia 16 de junho de 2025, no Teatro Municipal de S\u00e3o Paulo, reunindo representantes de institui\u00e7\u00f5es p\u00fablicas, privadas, acad\u00eamicas e da sociedade civil.\u00a0<\/span><span data-ccp-props=\"{&quot;201341983&quot;:0,&quot;335551550&quot;:6,&quot;335551620&quot;:6,&quot;335559740&quot;:360}\">\u00a0<\/span><\/p>\n<h4><b><span data-contrast=\"auto\">Reconhecimento institucional<\/span><\/b><span data-ccp-props=\"{&quot;201341983&quot;:0,&quot;335551550&quot;:6,&quot;335551620&quot;:6,&quot;335559740&quot;:360}\">\u00a0<\/span><\/h4>\n<p><span data-contrast=\"auto\">A escolha do MPC-PR como finalista no 5\u00ba Pr\u00eamio INAC de Integridade representa um marco institucional, validando o esfor\u00e7o da atual gest\u00e3o em modernizar a atua\u00e7\u00e3o do \u00f3rg\u00e3o e induzir boas pr\u00e1ticas nos munic\u00edpios paranaenses. O projeto ainda refor\u00e7a a import\u00e2ncia do uso estrat\u00e9gico de tecnologia e dados p\u00fablicos na constru\u00e7\u00e3o de uma administra\u00e7\u00e3o p\u00fablica mais eficiente, \u00e9tica e transparente.<\/span><span data-ccp-props=\"{&quot;201341983&quot;:0,&quot;335551550&quot;:6,&quot;335551620&quot;:6,&quot;335559740&quot;:360}\">\u00a0<\/span><\/p>\n","protected":false},"excerpt":{"rendered":"<p>O Minist\u00e9rio P\u00fablico de Contas do Paran\u00e1 (MPC-PR) foi selecionado como um dos cinco finalistas na categoria Tecnologia e Inova\u00e7\u00e3o do 5\u00ba Pr\u00eamio INAC de Integridade, com o projeto \u201cPromo\u00e7\u00e3o da Integridade e Combate \u00e0 Corrup\u00e7\u00e3o no Estado do Paran\u00e1: Empresas Sancionadas\u201d.\u00a0 Desenvolvido pelo Procurador-Geral Gabriel Guy L\u00e9ger, com o apoio da Diretora-Geral Barbara Krysttal [&hellip;]<\/p>\n","protected":false},"author":1,"featured_media":23855,"comment_status":"open","ping_status":"open","sticky":false,"template":"","format":"standard","meta":{"_monsterinsights_skip_tracking":false,"_monsterinsights_sitenote_active":false,"_monsterinsights_sitenote_note":"","_monsterinsights_sitenote_category":0,"footnotes":""},"categories":[7],"tags":[373,759,13,47],"class_list":["post-23854","post","type-post","status-publish","format-standard","has-post-thumbnail","hentry","category-todas-as-noticias","tag-combate-a-corrupcao","tag-empresas-sancionadas","tag-mpc-pr","tag-projeto-de-atuacao-especial","entry","has-media"],"yoast_head":"<!-- This site is optimized with the Yoast SEO plugin v27.3 - https:\/\/yoast.com\/product\/yoast-seo-wordpress\/ -->\n<title>Projeto do MPC-PR que usa IA para mapear contratos com empresas sancionadas \u00e9 finalista do 5\u00ba Pr\u00eamio INAC - Minist\u00e9rio P\u00fablico de Contas do Estado do Paran\u00e1<\/title>\n<meta name=\"robots\" content=\"index, follow, max-snippet:-1, max-image-preview:large, max-video-preview:-1\" \/>\n<link rel=\"canonical\" href=\"https:\/\/www.mpc.pr.gov.br\/index.php\/projeto-do-mpc-pr-que-usa-ia-para-mapear-contratos-com-empresas-sancionadas-e-finalista-do-5o-premio-inac\/\" \/>\n<meta property=\"og:locale\" content=\"pt_BR\" \/>\n<meta property=\"og:type\" content=\"article\" \/>\n<meta property=\"og:title\" content=\"Projeto do MPC-PR que usa IA para mapear contratos com empresas sancionadas \u00e9 finalista do 5\u00ba Pr\u00eamio INAC - Minist\u00e9rio P\u00fablico de Contas do Estado do Paran\u00e1\" \/>\n<meta property=\"og:description\" content=\"O Minist\u00e9rio P\u00fablico de Contas do Paran\u00e1 (MPC-PR) foi selecionado como um dos cinco finalistas na categoria Tecnologia e Inova\u00e7\u00e3o do 5\u00ba Pr\u00eamio INAC de Integridade, com o projeto \u201cPromo\u00e7\u00e3o da Integridade e Combate \u00e0 Corrup\u00e7\u00e3o no Estado do Paran\u00e1: Empresas Sancionadas\u201d.\u00a0 Desenvolvido pelo Procurador-Geral Gabriel Guy L\u00e9ger, com o apoio da Diretora-Geral Barbara Krysttal [&hellip;]\" \/>\n<meta property=\"og:url\" content=\"https:\/\/www.mpc.pr.gov.br\/index.php\/projeto-do-mpc-pr-que-usa-ia-para-mapear-contratos-com-empresas-sancionadas-e-finalista-do-5o-premio-inac\/\" \/>\n<meta property=\"og:site_name\" content=\"Minist\u00e9rio P\u00fablico de Contas do Estado do Paran\u00e1\" \/>\n<meta property=\"article:publisher\" content=\"https:\/\/www.facebook.com\/mpc.pr\" \/>\n<meta property=\"article:published_time\" content=\"2025-06-13T15:12:56+00:00\" \/>\n<meta property=\"article:modified_time\" content=\"2025-07-01T13:19:14+00:00\" \/>\n<meta property=\"og:image\" content=\"https:\/\/www.mpc.pr.gov.br\/wp-content\/uploads\/2025\/06\/Inteligencia-artificial.png\" \/>\n\t<meta property=\"og:image:width\" content=\"560\" \/>\n\t<meta property=\"og:image:height\" content=\"315\" \/>\n\t<meta property=\"og:image:type\" content=\"image\/png\" \/>\n<meta name=\"author\" content=\"mpcontaspr\" \/>\n<meta name=\"twitter:card\" content=\"summary_large_image\" \/>\n<meta name=\"twitter:label1\" content=\"Escrito por\" \/>\n\t<meta name=\"twitter:data1\" content=\"mpcontaspr\" \/>\n\t<meta name=\"twitter:label2\" content=\"Est. tempo de leitura\" \/>\n\t<meta name=\"twitter:data2\" content=\"9 minutos\" \/>\n<script type=\"application\/ld+json\" class=\"yoast-schema-graph\">{\"@context\":\"https:\\\/\\\/schema.org\",\"@graph\":[{\"@type\":\"Article\",\"@id\":\"https:\\\/\\\/www.mpc.pr.gov.br\\\/index.php\\\/projeto-do-mpc-pr-que-usa-ia-para-mapear-contratos-com-empresas-sancionadas-e-finalista-do-5o-premio-inac\\\/#article\",\"isPartOf\":{\"@id\":\"https:\\\/\\\/www.mpc.pr.gov.br\\\/index.php\\\/projeto-do-mpc-pr-que-usa-ia-para-mapear-contratos-com-empresas-sancionadas-e-finalista-do-5o-premio-inac\\\/\"},\"author\":{\"name\":\"mpcontaspr\",\"@id\":\"https:\\\/\\\/www.mpc.pr.gov.br\\\/#\\\/schema\\\/person\\\/2d83cb8980538d0ec174e8a6284f5e11\"},\"headline\":\"Projeto do MPC-PR que usa IA para mapear contratos com empresas sancionadas \u00e9 finalista do 5\u00ba Pr\u00eamio INAC\",\"datePublished\":\"2025-06-13T15:12:56+00:00\",\"dateModified\":\"2025-07-01T13:19:14+00:00\",\"mainEntityOfPage\":{\"@id\":\"https:\\\/\\\/www.mpc.pr.gov.br\\\/index.php\\\/projeto-do-mpc-pr-que-usa-ia-para-mapear-contratos-com-empresas-sancionadas-e-finalista-do-5o-premio-inac\\\/\"},\"wordCount\":1628,\"commentCount\":0,\"publisher\":{\"@id\":\"https:\\\/\\\/www.mpc.pr.gov.br\\\/#organization\"},\"image\":{\"@id\":\"https:\\\/\\\/www.mpc.pr.gov.br\\\/index.php\\\/projeto-do-mpc-pr-que-usa-ia-para-mapear-contratos-com-empresas-sancionadas-e-finalista-do-5o-premio-inac\\\/#primaryimage\"},\"thumbnailUrl\":\"https:\\\/\\\/www.mpc.pr.gov.br\\\/wp-content\\\/uploads\\\/2025\\\/06\\\/Inteligencia-artificial.png\",\"keywords\":[\"Combate \u00e0 Corrup\u00e7\u00e3o\",\"Empresas sancionadas\",\"MPC-PR\",\"Projeto de Atua\u00e7\u00e3o Especial\"],\"articleSection\":[\"Todas as not\u00edcias\"],\"inLanguage\":\"pt-BR\",\"potentialAction\":[{\"@type\":\"CommentAction\",\"name\":\"Comment\",\"target\":[\"https:\\\/\\\/www.mpc.pr.gov.br\\\/index.php\\\/projeto-do-mpc-pr-que-usa-ia-para-mapear-contratos-com-empresas-sancionadas-e-finalista-do-5o-premio-inac\\\/#respond\"]}]},{\"@type\":\"WebPage\",\"@id\":\"https:\\\/\\\/www.mpc.pr.gov.br\\\/index.php\\\/projeto-do-mpc-pr-que-usa-ia-para-mapear-contratos-com-empresas-sancionadas-e-finalista-do-5o-premio-inac\\\/\",\"url\":\"https:\\\/\\\/www.mpc.pr.gov.br\\\/index.php\\\/projeto-do-mpc-pr-que-usa-ia-para-mapear-contratos-com-empresas-sancionadas-e-finalista-do-5o-premio-inac\\\/\",\"name\":\"Projeto do MPC-PR que usa IA para mapear contratos com empresas sancionadas \u00e9 finalista do 5\u00ba Pr\u00eamio INAC - Minist\u00e9rio P\u00fablico de Contas do Estado do Paran\u00e1\",\"isPartOf\":{\"@id\":\"https:\\\/\\\/www.mpc.pr.gov.br\\\/#website\"},\"primaryImageOfPage\":{\"@id\":\"https:\\\/\\\/www.mpc.pr.gov.br\\\/index.php\\\/projeto-do-mpc-pr-que-usa-ia-para-mapear-contratos-com-empresas-sancionadas-e-finalista-do-5o-premio-inac\\\/#primaryimage\"},\"image\":{\"@id\":\"https:\\\/\\\/www.mpc.pr.gov.br\\\/index.php\\\/projeto-do-mpc-pr-que-usa-ia-para-mapear-contratos-com-empresas-sancionadas-e-finalista-do-5o-premio-inac\\\/#primaryimage\"},\"thumbnailUrl\":\"https:\\\/\\\/www.mpc.pr.gov.br\\\/wp-content\\\/uploads\\\/2025\\\/06\\\/Inteligencia-artificial.png\",\"datePublished\":\"2025-06-13T15:12:56+00:00\",\"dateModified\":\"2025-07-01T13:19:14+00:00\",\"breadcrumb\":{\"@id\":\"https:\\\/\\\/www.mpc.pr.gov.br\\\/index.php\\\/projeto-do-mpc-pr-que-usa-ia-para-mapear-contratos-com-empresas-sancionadas-e-finalista-do-5o-premio-inac\\\/#breadcrumb\"},\"inLanguage\":\"pt-BR\",\"potentialAction\":[{\"@type\":\"ReadAction\",\"target\":[\"https:\\\/\\\/www.mpc.pr.gov.br\\\/index.php\\\/projeto-do-mpc-pr-que-usa-ia-para-mapear-contratos-com-empresas-sancionadas-e-finalista-do-5o-premio-inac\\\/\"]}]},{\"@type\":\"ImageObject\",\"inLanguage\":\"pt-BR\",\"@id\":\"https:\\\/\\\/www.mpc.pr.gov.br\\\/index.php\\\/projeto-do-mpc-pr-que-usa-ia-para-mapear-contratos-com-empresas-sancionadas-e-finalista-do-5o-premio-inac\\\/#primaryimage\",\"url\":\"https:\\\/\\\/www.mpc.pr.gov.br\\\/wp-content\\\/uploads\\\/2025\\\/06\\\/Inteligencia-artificial.png\",\"contentUrl\":\"https:\\\/\\\/www.mpc.pr.gov.br\\\/wp-content\\\/uploads\\\/2025\\\/06\\\/Inteligencia-artificial.png\",\"width\":560,\"height\":315},{\"@type\":\"BreadcrumbList\",\"@id\":\"https:\\\/\\\/www.mpc.pr.gov.br\\\/index.php\\\/projeto-do-mpc-pr-que-usa-ia-para-mapear-contratos-com-empresas-sancionadas-e-finalista-do-5o-premio-inac\\\/#breadcrumb\",\"itemListElement\":[{\"@type\":\"ListItem\",\"position\":1,\"name\":\"In\u00edcio\",\"item\":\"https:\\\/\\\/www.mpc.pr.gov.br\\\/\"},{\"@type\":\"ListItem\",\"position\":2,\"name\":\"Projeto do MPC-PR que usa IA para mapear contratos com empresas sancionadas \u00e9 finalista do 5\u00ba Pr\u00eamio INAC\"}]},{\"@type\":\"WebSite\",\"@id\":\"https:\\\/\\\/www.mpc.pr.gov.br\\\/#website\",\"url\":\"https:\\\/\\\/www.mpc.pr.gov.br\\\/\",\"name\":\"Minist\u00e9rio P\u00fablico de Contas do Estado do Paran\u00e1\",\"description\":\"\",\"publisher\":{\"@id\":\"https:\\\/\\\/www.mpc.pr.gov.br\\\/#organization\"},\"potentialAction\":[{\"@type\":\"SearchAction\",\"target\":{\"@type\":\"EntryPoint\",\"urlTemplate\":\"https:\\\/\\\/www.mpc.pr.gov.br\\\/?s={search_term_string}\"},\"query-input\":{\"@type\":\"PropertyValueSpecification\",\"valueRequired\":true,\"valueName\":\"search_term_string\"}}],\"inLanguage\":\"pt-BR\"},{\"@type\":\"Organization\",\"@id\":\"https:\\\/\\\/www.mpc.pr.gov.br\\\/#organization\",\"name\":\"Minist\u00e9rio P\u00fablico de Contas do Estado do Paran\u00e1\",\"url\":\"https:\\\/\\\/www.mpc.pr.gov.br\\\/\",\"logo\":{\"@type\":\"ImageObject\",\"inLanguage\":\"pt-BR\",\"@id\":\"https:\\\/\\\/www.mpc.pr.gov.br\\\/#\\\/schema\\\/logo\\\/image\\\/\",\"url\":\"https:\\\/\\\/www.mpc.pr.gov.br\\\/wp-content\\\/uploads\\\/2020\\\/06\\\/99423647_1593460364143890_6706793420720963584_n-1-e1591387983167.png\",\"contentUrl\":\"https:\\\/\\\/www.mpc.pr.gov.br\\\/wp-content\\\/uploads\\\/2020\\\/06\\\/99423647_1593460364143890_6706793420720963584_n-1-e1591387983167.png\",\"width\":243,\"height\":73,\"caption\":\"Minist\u00e9rio P\u00fablico de Contas do Estado do Paran\u00e1\"},\"image\":{\"@id\":\"https:\\\/\\\/www.mpc.pr.gov.br\\\/#\\\/schema\\\/logo\\\/image\\\/\"},\"sameAs\":[\"https:\\\/\\\/www.facebook.com\\\/mpc.pr\",\"https:\\\/\\\/www.instagram.com\\\/mpc.pr\\\/?hl=pt-br\",\"https:\\\/\\\/www.youtube.com\\\/channel\\\/UCHri5oEM8DV0ztX57E0sBSw\"]},{\"@type\":\"Person\",\"@id\":\"https:\\\/\\\/www.mpc.pr.gov.br\\\/#\\\/schema\\\/person\\\/2d83cb8980538d0ec174e8a6284f5e11\",\"name\":\"mpcontaspr\",\"image\":{\"@type\":\"ImageObject\",\"inLanguage\":\"pt-BR\",\"@id\":\"https:\\\/\\\/secure.gravatar.com\\\/avatar\\\/1aef51541db7622e05fd639336c9c9f312c2a618396e2b6ca96846362fc5403f?s=96&d=mm&r=g\",\"url\":\"https:\\\/\\\/secure.gravatar.com\\\/avatar\\\/1aef51541db7622e05fd639336c9c9f312c2a618396e2b6ca96846362fc5403f?s=96&d=mm&r=g\",\"contentUrl\":\"https:\\\/\\\/secure.gravatar.com\\\/avatar\\\/1aef51541db7622e05fd639336c9c9f312c2a618396e2b6ca96846362fc5403f?s=96&d=mm&r=g\",\"caption\":\"mpcontaspr\"},\"sameAs\":[\"http:\\\/\\\/www.mpc.pr.gov.br\"]}]}<\/script>\n<!-- \/ Yoast SEO plugin. -->","yoast_head_json":{"title":"Projeto do MPC-PR que usa IA para mapear contratos com empresas sancionadas \u00e9 finalista do 5\u00ba Pr\u00eamio INAC - Minist\u00e9rio P\u00fablico de Contas do Estado do Paran\u00e1","robots":{"index":"index","follow":"follow","max-snippet":"max-snippet:-1","max-image-preview":"max-image-preview:large","max-video-preview":"max-video-preview:-1"},"canonical":"https:\/\/www.mpc.pr.gov.br\/index.php\/projeto-do-mpc-pr-que-usa-ia-para-mapear-contratos-com-empresas-sancionadas-e-finalista-do-5o-premio-inac\/","og_locale":"pt_BR","og_type":"article","og_title":"Projeto do MPC-PR que usa IA para mapear contratos com empresas sancionadas \u00e9 finalista do 5\u00ba Pr\u00eamio INAC - Minist\u00e9rio P\u00fablico de Contas do Estado do Paran\u00e1","og_description":"O Minist\u00e9rio P\u00fablico de Contas do Paran\u00e1 (MPC-PR) foi selecionado como um dos cinco finalistas na categoria Tecnologia e Inova\u00e7\u00e3o do 5\u00ba Pr\u00eamio INAC de Integridade, com o projeto \u201cPromo\u00e7\u00e3o da Integridade e Combate \u00e0 Corrup\u00e7\u00e3o no Estado do Paran\u00e1: Empresas Sancionadas\u201d.\u00a0 Desenvolvido pelo Procurador-Geral Gabriel Guy L\u00e9ger, com o apoio da Diretora-Geral Barbara Krysttal [&hellip;]","og_url":"https:\/\/www.mpc.pr.gov.br\/index.php\/projeto-do-mpc-pr-que-usa-ia-para-mapear-contratos-com-empresas-sancionadas-e-finalista-do-5o-premio-inac\/","og_site_name":"Minist\u00e9rio P\u00fablico de Contas do Estado do Paran\u00e1","article_publisher":"https:\/\/www.facebook.com\/mpc.pr","article_published_time":"2025-06-13T15:12:56+00:00","article_modified_time":"2025-07-01T13:19:14+00:00","og_image":[{"width":560,"height":315,"url":"https:\/\/www.mpc.pr.gov.br\/wp-content\/uploads\/2025\/06\/Inteligencia-artificial.png","type":"image\/png"}],"author":"mpcontaspr","twitter_card":"summary_large_image","twitter_misc":{"Escrito por":"mpcontaspr","Est. tempo de leitura":"9 minutos"},"schema":{"@context":"https:\/\/schema.org","@graph":[{"@type":"Article","@id":"https:\/\/www.mpc.pr.gov.br\/index.php\/projeto-do-mpc-pr-que-usa-ia-para-mapear-contratos-com-empresas-sancionadas-e-finalista-do-5o-premio-inac\/#article","isPartOf":{"@id":"https:\/\/www.mpc.pr.gov.br\/index.php\/projeto-do-mpc-pr-que-usa-ia-para-mapear-contratos-com-empresas-sancionadas-e-finalista-do-5o-premio-inac\/"},"author":{"name":"mpcontaspr","@id":"https:\/\/www.mpc.pr.gov.br\/#\/schema\/person\/2d83cb8980538d0ec174e8a6284f5e11"},"headline":"Projeto do MPC-PR que usa IA para mapear contratos com empresas sancionadas \u00e9 finalista do 5\u00ba Pr\u00eamio INAC","datePublished":"2025-06-13T15:12:56+00:00","dateModified":"2025-07-01T13:19:14+00:00","mainEntityOfPage":{"@id":"https:\/\/www.mpc.pr.gov.br\/index.php\/projeto-do-mpc-pr-que-usa-ia-para-mapear-contratos-com-empresas-sancionadas-e-finalista-do-5o-premio-inac\/"},"wordCount":1628,"commentCount":0,"publisher":{"@id":"https:\/\/www.mpc.pr.gov.br\/#organization"},"image":{"@id":"https:\/\/www.mpc.pr.gov.br\/index.php\/projeto-do-mpc-pr-que-usa-ia-para-mapear-contratos-com-empresas-sancionadas-e-finalista-do-5o-premio-inac\/#primaryimage"},"thumbnailUrl":"https:\/\/www.mpc.pr.gov.br\/wp-content\/uploads\/2025\/06\/Inteligencia-artificial.png","keywords":["Combate \u00e0 Corrup\u00e7\u00e3o","Empresas sancionadas","MPC-PR","Projeto de Atua\u00e7\u00e3o Especial"],"articleSection":["Todas as not\u00edcias"],"inLanguage":"pt-BR","potentialAction":[{"@type":"CommentAction","name":"Comment","target":["https:\/\/www.mpc.pr.gov.br\/index.php\/projeto-do-mpc-pr-que-usa-ia-para-mapear-contratos-com-empresas-sancionadas-e-finalista-do-5o-premio-inac\/#respond"]}]},{"@type":"WebPage","@id":"https:\/\/www.mpc.pr.gov.br\/index.php\/projeto-do-mpc-pr-que-usa-ia-para-mapear-contratos-com-empresas-sancionadas-e-finalista-do-5o-premio-inac\/","url":"https:\/\/www.mpc.pr.gov.br\/index.php\/projeto-do-mpc-pr-que-usa-ia-para-mapear-contratos-com-empresas-sancionadas-e-finalista-do-5o-premio-inac\/","name":"Projeto do MPC-PR que usa IA para mapear contratos com empresas sancionadas \u00e9 finalista do 5\u00ba Pr\u00eamio INAC - Minist\u00e9rio P\u00fablico de Contas do Estado do Paran\u00e1","isPartOf":{"@id":"https:\/\/www.mpc.pr.gov.br\/#website"},"primaryImageOfPage":{"@id":"https:\/\/www.mpc.pr.gov.br\/index.php\/projeto-do-mpc-pr-que-usa-ia-para-mapear-contratos-com-empresas-sancionadas-e-finalista-do-5o-premio-inac\/#primaryimage"},"image":{"@id":"https:\/\/www.mpc.pr.gov.br\/index.php\/projeto-do-mpc-pr-que-usa-ia-para-mapear-contratos-com-empresas-sancionadas-e-finalista-do-5o-premio-inac\/#primaryimage"},"thumbnailUrl":"https:\/\/www.mpc.pr.gov.br\/wp-content\/uploads\/2025\/06\/Inteligencia-artificial.png","datePublished":"2025-06-13T15:12:56+00:00","dateModified":"2025-07-01T13:19:14+00:00","breadcrumb":{"@id":"https:\/\/www.mpc.pr.gov.br\/index.php\/projeto-do-mpc-pr-que-usa-ia-para-mapear-contratos-com-empresas-sancionadas-e-finalista-do-5o-premio-inac\/#breadcrumb"},"inLanguage":"pt-BR","potentialAction":[{"@type":"ReadAction","target":["https:\/\/www.mpc.pr.gov.br\/index.php\/projeto-do-mpc-pr-que-usa-ia-para-mapear-contratos-com-empresas-sancionadas-e-finalista-do-5o-premio-inac\/"]}]},{"@type":"ImageObject","inLanguage":"pt-BR","@id":"https:\/\/www.mpc.pr.gov.br\/index.php\/projeto-do-mpc-pr-que-usa-ia-para-mapear-contratos-com-empresas-sancionadas-e-finalista-do-5o-premio-inac\/#primaryimage","url":"https:\/\/www.mpc.pr.gov.br\/wp-content\/uploads\/2025\/06\/Inteligencia-artificial.png","contentUrl":"https:\/\/www.mpc.pr.gov.br\/wp-content\/uploads\/2025\/06\/Inteligencia-artificial.png","width":560,"height":315},{"@type":"BreadcrumbList","@id":"https:\/\/www.mpc.pr.gov.br\/index.php\/projeto-do-mpc-pr-que-usa-ia-para-mapear-contratos-com-empresas-sancionadas-e-finalista-do-5o-premio-inac\/#breadcrumb","itemListElement":[{"@type":"ListItem","position":1,"name":"In\u00edcio","item":"https:\/\/www.mpc.pr.gov.br\/"},{"@type":"ListItem","position":2,"name":"Projeto do MPC-PR que usa IA para mapear contratos com empresas sancionadas \u00e9 finalista do 5\u00ba Pr\u00eamio INAC"}]},{"@type":"WebSite","@id":"https:\/\/www.mpc.pr.gov.br\/#website","url":"https:\/\/www.mpc.pr.gov.br\/","name":"Minist\u00e9rio P\u00fablico de Contas do Estado do Paran\u00e1","description":"","publisher":{"@id":"https:\/\/www.mpc.pr.gov.br\/#organization"},"potentialAction":[{"@type":"SearchAction","target":{"@type":"EntryPoint","urlTemplate":"https:\/\/www.mpc.pr.gov.br\/?s={search_term_string}"},"query-input":{"@type":"PropertyValueSpecification","valueRequired":true,"valueName":"search_term_string"}}],"inLanguage":"pt-BR"},{"@type":"Organization","@id":"https:\/\/www.mpc.pr.gov.br\/#organization","name":"Minist\u00e9rio P\u00fablico de Contas do Estado do Paran\u00e1","url":"https:\/\/www.mpc.pr.gov.br\/","logo":{"@type":"ImageObject","inLanguage":"pt-BR","@id":"https:\/\/www.mpc.pr.gov.br\/#\/schema\/logo\/image\/","url":"https:\/\/www.mpc.pr.gov.br\/wp-content\/uploads\/2020\/06\/99423647_1593460364143890_6706793420720963584_n-1-e1591387983167.png","contentUrl":"https:\/\/www.mpc.pr.gov.br\/wp-content\/uploads\/2020\/06\/99423647_1593460364143890_6706793420720963584_n-1-e1591387983167.png","width":243,"height":73,"caption":"Minist\u00e9rio P\u00fablico de Contas do Estado do Paran\u00e1"},"image":{"@id":"https:\/\/www.mpc.pr.gov.br\/#\/schema\/logo\/image\/"},"sameAs":["https:\/\/www.facebook.com\/mpc.pr","https:\/\/www.instagram.com\/mpc.pr\/?hl=pt-br","https:\/\/www.youtube.com\/channel\/UCHri5oEM8DV0ztX57E0sBSw"]},{"@type":"Person","@id":"https:\/\/www.mpc.pr.gov.br\/#\/schema\/person\/2d83cb8980538d0ec174e8a6284f5e11","name":"mpcontaspr","image":{"@type":"ImageObject","inLanguage":"pt-BR","@id":"https:\/\/secure.gravatar.com\/avatar\/1aef51541db7622e05fd639336c9c9f312c2a618396e2b6ca96846362fc5403f?s=96&d=mm&r=g","url":"https:\/\/secure.gravatar.com\/avatar\/1aef51541db7622e05fd639336c9c9f312c2a618396e2b6ca96846362fc5403f?s=96&d=mm&r=g","contentUrl":"https:\/\/secure.gravatar.com\/avatar\/1aef51541db7622e05fd639336c9c9f312c2a618396e2b6ca96846362fc5403f?s=96&d=mm&r=g","caption":"mpcontaspr"},"sameAs":["http:\/\/www.mpc.pr.gov.br"]}]}},"rttpg_featured_image_url":{"full":["https:\/\/www.mpc.pr.gov.br\/wp-content\/uploads\/2025\/06\/Inteligencia-artificial.png",560,315,false],"landscape":["https:\/\/www.mpc.pr.gov.br\/wp-content\/uploads\/2025\/06\/Inteligencia-artificial.png",560,315,false],"portraits":["https:\/\/www.mpc.pr.gov.br\/wp-content\/uploads\/2025\/06\/Inteligencia-artificial.png",560,315,false],"thumbnail":["https:\/\/www.mpc.pr.gov.br\/wp-content\/uploads\/2025\/06\/Inteligencia-artificial-150x150.png",150,150,true],"medium":["https:\/\/www.mpc.pr.gov.br\/wp-content\/uploads\/2025\/06\/Inteligencia-artificial-300x169.png",300,169,true],"large":["https:\/\/www.mpc.pr.gov.br\/wp-content\/uploads\/2025\/06\/Inteligencia-artificial.png",560,315,false],"1536x1536":["https:\/\/www.mpc.pr.gov.br\/wp-content\/uploads\/2025\/06\/Inteligencia-artificial.png",560,315,false],"2048x2048":["https:\/\/www.mpc.pr.gov.br\/wp-content\/uploads\/2025\/06\/Inteligencia-artificial.png",560,315,false],"ocean-thumb-m":["https:\/\/www.mpc.pr.gov.br\/wp-content\/uploads\/2025\/06\/Inteligencia-artificial.png",560,315,false],"ocean-thumb-ml":["https:\/\/www.mpc.pr.gov.br\/wp-content\/uploads\/2025\/06\/Inteligencia-artificial.png",560,315,false],"ocean-thumb-l":["https:\/\/www.mpc.pr.gov.br\/wp-content\/uploads\/2025\/06\/Inteligencia-artificial.png",560,315,false]},"rttpg_author":{"display_name":"mpcontaspr","author_link":"https:\/\/www.mpc.pr.gov.br\/index.php\/author\/mpcontaspr\/"},"rttpg_comment":0,"rttpg_category":"<a href=\"https:\/\/www.mpc.pr.gov.br\/index.php\/category\/todas-as-noticias\/\" rel=\"category tag\">Todas as not\u00edcias<\/a>","rttpg_excerpt":"O Minist\u00e9rio P\u00fablico de Contas do Paran\u00e1 (MPC-PR) foi selecionado como um dos cinco finalistas na categoria Tecnologia e Inova\u00e7\u00e3o do 5\u00ba Pr\u00eamio INAC de Integridade, com o projeto \u201cPromo\u00e7\u00e3o da Integridade e Combate \u00e0 Corrup\u00e7\u00e3o no Estado do Paran\u00e1: Empresas Sancionadas\u201d.\u00a0 Desenvolvido pelo Procurador-Geral Gabriel Guy L\u00e9ger, com o apoio da Diretora-Geral Barbara Krysttal&hellip;","_links":{"self":[{"href":"https:\/\/www.mpc.pr.gov.br\/index.php\/wp-json\/wp\/v2\/posts\/23854","targetHints":{"allow":["GET"]}}],"collection":[{"href":"https:\/\/www.mpc.pr.gov.br\/index.php\/wp-json\/wp\/v2\/posts"}],"about":[{"href":"https:\/\/www.mpc.pr.gov.br\/index.php\/wp-json\/wp\/v2\/types\/post"}],"author":[{"embeddable":true,"href":"https:\/\/www.mpc.pr.gov.br\/index.php\/wp-json\/wp\/v2\/users\/1"}],"replies":[{"embeddable":true,"href":"https:\/\/www.mpc.pr.gov.br\/index.php\/wp-json\/wp\/v2\/comments?post=23854"}],"version-history":[{"count":2,"href":"https:\/\/www.mpc.pr.gov.br\/index.php\/wp-json\/wp\/v2\/posts\/23854\/revisions"}],"predecessor-version":[{"id":23858,"href":"https:\/\/www.mpc.pr.gov.br\/index.php\/wp-json\/wp\/v2\/posts\/23854\/revisions\/23858"}],"wp:featuredmedia":[{"embeddable":true,"href":"https:\/\/www.mpc.pr.gov.br\/index.php\/wp-json\/wp\/v2\/media\/23855"}],"wp:attachment":[{"href":"https:\/\/www.mpc.pr.gov.br\/index.php\/wp-json\/wp\/v2\/media?parent=23854"}],"wp:term":[{"taxonomy":"category","embeddable":true,"href":"https:\/\/www.mpc.pr.gov.br\/index.php\/wp-json\/wp\/v2\/categories?post=23854"},{"taxonomy":"post_tag","embeddable":true,"href":"https:\/\/www.mpc.pr.gov.br\/index.php\/wp-json\/wp\/v2\/tags?post=23854"}],"curies":[{"name":"wp","href":"https:\/\/api.w.org\/{rel}","templated":true}]}}