{"id":24042,"date":"2025-07-17T10:40:20","date_gmt":"2025-07-17T13:40:20","guid":{"rendered":"https:\/\/www.mpc.pr.gov.br\/?p=24042"},"modified":"2025-08-01T12:24:20","modified_gmt":"2025-08-01T15:24:20","slug":"municipio-de-jaguapita-regulariza-carreira-de-fiscais-de-tributos-municipais-apos-representacao-do-mpc-pr","status":"publish","type":"post","link":"https:\/\/www.mpc.pr.gov.br\/index.php\/municipio-de-jaguapita-regulariza-carreira-de-fiscais-de-tributos-municipais-apos-representacao-do-mpc-pr\/","title":{"rendered":"Munic\u00edpio de Jaguapit\u00e3 regulariza carreira de fiscais de tributos municipais ap\u00f3s Representa\u00e7\u00e3o do MPC-PR"},"content":{"rendered":"<figure id=\"attachment_24043\" aria-describedby=\"caption-attachment-24043\" style=\"width: 300px\" class=\"wp-caption alignleft\"><img decoding=\"async\" class=\"wp-image-24043 size-medium\" src=\"https:\/\/www.mpc.pr.gov.br\/wp-content\/uploads\/2025\/07\/jaguapita-300x158.jpg\" alt=\"\" width=\"300\" height=\"158\" srcset=\"https:\/\/www.mpc.pr.gov.br\/wp-content\/uploads\/2025\/07\/jaguapita-300x158.jpg 300w, https:\/\/www.mpc.pr.gov.br\/wp-content\/uploads\/2025\/07\/jaguapita-1024x538.jpg 1024w, https:\/\/www.mpc.pr.gov.br\/wp-content\/uploads\/2025\/07\/jaguapita-768x403.jpg 768w, https:\/\/www.mpc.pr.gov.br\/wp-content\/uploads\/2025\/07\/jaguapita.jpg 1200w\" sizes=\"(max-width: 300px) 100vw, 300px\" \/><figcaption id=\"caption-attachment-24043\" class=\"wp-caption-text\">Vis\u00e3o a\u00e9rea do Munic\u00edpio de Jaguapit\u00e3, localizado na regi\u00e3o metropolitana de Londrina, no Norte do Estado do Paran\u00e1. Foto: divulga\u00e7\u00e3o.<\/figcaption><\/figure>\n<p><span data-contrast=\"auto\">Ap\u00f3s Representa\u00e7\u00e3o do Minist\u00e9rio P\u00fablico de Contas do Paran\u00e1 (MPC-PR) apontar irregularidades nas cl\u00e1usulas referentes ao cargo de \u201cFiscal de Tributos\u201d previsto no edital de Concurso P\u00fablico 01\/2024, o <a href=\"https:\/\/jaguapita.pr.gov.br\/\">Munic\u00edpio de Jaguapit\u00e3<\/a> excluiu, t\u00e3o somente, as inscri\u00e7\u00f5es para o respectivo cargo. O certame era destinado a contrata\u00e7\u00e3o de diversos profissionais, de modo que a exclus\u00e3o n\u00e3o prejudicou o prosseguimento das demais sele\u00e7\u00f5es.\u00a0\u00a0<\/span><span data-ccp-props=\"{&quot;201341983&quot;:0,&quot;335551550&quot;:6,&quot;335551620&quot;:6,&quot;335559740&quot;:360}\">\u00a0<\/span><\/p>\n<p><span data-contrast=\"auto\">Por meio da <a href=\"https:\/\/www.mpc.pr.gov.br\/wp-content\/uploads\/2024\/06\/322547-24-Representacao-MPC-x-Pref.-Jaguapita.pdf\">Representa\u00e7\u00e3o n\u00ba 322547\/24<\/a>, a 6\u00aa Procuradoria de Contas identificou que as cl\u00e1usulas do edital eram incompat\u00edveis com as atribui\u00e7\u00f5es da carreira de fiscal tribut\u00e1rio, em especial no que diz respeito a exig\u00eancia de escolaridade de n\u00edvel m\u00e9dio e por oferecer remunera\u00e7\u00e3o inferior \u00e0quela oferecida para cargos com import\u00e2ncia e exig\u00eancias t\u00e9cnicas semelhantes.\u00a0\u00a0\u00a0<\/span><span data-ccp-props=\"{&quot;201341983&quot;:0,&quot;335551550&quot;:6,&quot;335551620&quot;:6,&quot;335559740&quot;:360}\">\u00a0<\/span><\/p>\n<p><span data-contrast=\"auto\">A exclus\u00e3o do cargo de \u201cFiscal de Tributos\u201d ocorreu em cumprimento da medida cautelar expedida pelo Tribunal de Contas do Estado (TCE-PR), concedida por meio de Despacho n\u00ba 685\/24 do Conselheiro Ivens Linhares. Al\u00e9m disso, o Munic\u00edpio tamb\u00e9m informou que promulgou a Lei Municipal n\u00ba 008\/2025, a qual autoriza o Poder Executivo a criar os cargos de Analista Fiscal de Tributos e Agente Fiscal Tribut\u00e1rio, ambos com exig\u00eancia de escolaridade de n\u00edvel superior e a extinguir o Cargo de Fiscal de Tributos quando seus atuais ocupantes deixarem de ocup\u00e1-lo, quer por aposentadoria ou exonera\u00e7\u00e3o.<\/span><span data-ccp-props=\"{&quot;201341983&quot;:0,&quot;335551550&quot;:6,&quot;335551620&quot;:6,&quot;335559740&quot;:360}\">\u00a0<\/span><\/p>\n<h4><b><span data-contrast=\"auto\">Entenda o caso<\/span><\/b><span data-ccp-props=\"{&quot;134233117&quot;:false,&quot;134233118&quot;:false,&quot;201341983&quot;:0,&quot;335551550&quot;:6,&quot;335551620&quot;:6,&quot;335559685&quot;:0,&quot;335559737&quot;:0,&quot;335559738&quot;:0,&quot;335559739&quot;:160,&quot;335559740&quot;:360}\">\u00a0<\/span><\/h4>\n<p><span data-contrast=\"auto\">O Minist\u00e9rio P\u00fablico de Contas tomou conhecimento das irregularidades do referido concurso ap\u00f3s comunica\u00e7\u00e3o da Federa\u00e7\u00e3o Nacional dos Auditores e Fiscais de Tributos Municipais (FENAFIM) e da Associa\u00e7\u00e3o dos Auditores Fiscais Tribut\u00e1rios Municipais do Paran\u00e1 (AFISCOPR).\u00a0<\/span><span data-ccp-props=\"{&quot;134233117&quot;:false,&quot;134233118&quot;:false,&quot;201341983&quot;:0,&quot;335551550&quot;:6,&quot;335551620&quot;:6,&quot;335559685&quot;:0,&quot;335559737&quot;:0,&quot;335559738&quot;:0,&quot;335559739&quot;:160,&quot;335559740&quot;:360}\">\u00a0<\/span><\/p>\n<p><span data-contrast=\"auto\">Da an\u00e1lise do certame, o \u00f3rg\u00e3o ministerial constatou que a exig\u00eancia de escolaridade de n\u00edvel m\u00e9dio para o referido cargo estava em desacordo com as atribui\u00e7\u00f5es da carreira de fiscal tribut\u00e1rio, tendo em vista que trata-se de uma fun\u00e7\u00e3o estritamente t\u00e9cnica, que requer conhecimentos espec\u00edficos para que o servidor tenha condi\u00e7\u00f5es de analisar lan\u00e7amentos, cobran\u00e7as, arrecada\u00e7\u00f5es e inscri\u00e7\u00f5es em d\u00edvida ativa, bem como a elabora\u00e7\u00e3o de minutas que visem atualizar a legisla\u00e7\u00e3o local sobre impostos municipais.<\/span><span data-ccp-props=\"{&quot;134233117&quot;:false,&quot;134233118&quot;:false,&quot;201341983&quot;:0,&quot;335551550&quot;:6,&quot;335551620&quot;:6,&quot;335559685&quot;:0,&quot;335559737&quot;:0,&quot;335559738&quot;:0,&quot;335559739&quot;:160,&quot;335559740&quot;:360}\">\u00a0<\/span><\/p>\n<p><span data-contrast=\"auto\">De igual forma, o MPC-PR entende que a remunera\u00e7\u00e3o ofertada, de R$2.093,06, tamb\u00e9m n\u00e3o seria compat\u00edvel com o grau de instru\u00e7\u00e3o necess\u00e1rio para o desempenho do cargo de \u201cFiscal de Tributos\u201d, ainda mais quando comparado com cargos de import\u00e2ncia e exig\u00eancias t\u00e9cnicas similares (Advogado = R$ 9.438,00; e Contador = R$ 8.342,00), <\/span><span data-contrast=\"none\">os quais, inclusive, atuam conjuntamente em diversas atividades, como: auferimento de receitas, lan\u00e7amento de tributos, instru\u00e7\u00e3o de processos administrativos fiscais, execu\u00e7\u00e3o de d\u00edvida ativa, apura\u00e7\u00e3o e registro de cr\u00e9ditos fiscais do Munic\u00edpio, e tamb\u00e9m nos referidos PAF\u2019s.<\/span><span data-ccp-props=\"{&quot;134233117&quot;:false,&quot;134233118&quot;:false,&quot;201341983&quot;:0,&quot;335551550&quot;:6,&quot;335551620&quot;:6,&quot;335559685&quot;:0,&quot;335559737&quot;:0,&quot;335559738&quot;:0,&quot;335559739&quot;:160,&quot;335559740&quot;:360}\">\u00a0<\/span><\/p>\n<p><span data-contrast=\"auto\">Diante das irregularidades constatadas, o MPC-PR havia requerido a expedi\u00e7\u00e3o de medida cautelar, a fim de determinar a altera\u00e7\u00e3o do edital, assim como da legisla\u00e7\u00e3o que define o Plano de Cargos e Sal\u00e1rios dos Servidores Municipais, para que seja exigida forma\u00e7\u00e3o superior, bem como preveja uma remunera\u00e7\u00e3o mais compat\u00edvel, pr\u00f3xima \u00e0quelas oferecidas nos cargos de \u201cAdvogado\u201d e de \u201cContador\u201d.<\/span><span data-ccp-props=\"{&quot;134233117&quot;:false,&quot;134233118&quot;:false,&quot;201341983&quot;:0,&quot;335551550&quot;:6,&quot;335551620&quot;:6,&quot;335559685&quot;:0,&quot;335559737&quot;:0,&quot;335559738&quot;:0,&quot;335559739&quot;:160,&quot;335559740&quot;:360}\">\u00a0<\/span><\/p>\n<p><span data-contrast=\"auto\">Ao analisar a Representa\u00e7\u00e3o, o Relator Conselheiro Ivens Zschoerper Linhares reconheceu a relev\u00e2ncia e essencialidade das fun\u00e7\u00f5es desempenhadas pelos Fiscais de Tributos, de modo que acolheu, em parte, o pedido do MPC-PR de expedi\u00e7\u00e3o de medida cautelar, determinando a imediata suspens\u00e3o do Concurso P\u00fablico regido pelo Edital n\u00ba 01\/2024, exclusivamente no que se referia ao cargo de \u201cFiscal de Tributos\u201d.<\/span><span data-ccp-props=\"{&quot;134233117&quot;:false,&quot;134233118&quot;:false,&quot;201341983&quot;:0,&quot;335551550&quot;:6,&quot;335551620&quot;:6,&quot;335559685&quot;:0,&quot;335559737&quot;:0,&quot;335559738&quot;:0,&quot;335559739&quot;:160,&quot;335559740&quot;:360}\">\u00a0<\/span><\/p>\n<h4><b><span data-contrast=\"auto\">Conclus\u00e3o do processo<\/span><\/b><span data-ccp-props=\"{&quot;134233117&quot;:false,&quot;134233118&quot;:false,&quot;201341983&quot;:0,&quot;335551550&quot;:6,&quot;335551620&quot;:6,&quot;335559685&quot;:0,&quot;335559737&quot;:0,&quot;335559738&quot;:0,&quot;335559739&quot;:160,&quot;335559740&quot;:360}\">\u00a0<\/span><\/h4>\n<p><span data-contrast=\"auto\">Ap\u00f3s intima\u00e7\u00e3o e aberto o prazo para apresenta\u00e7\u00e3o do contradit\u00f3rio, o Munic\u00edpio de Jaguapit\u00e3 informou que procedeu \u00e0 exclus\u00e3o do cargo do Concurso P\u00fablico e comunicou a promulga\u00e7\u00e3o da Lei Municipal n\u00ba 008\/2025 que regulariza a carreira dos cargos de fiscais tribut\u00e1rios.\u00a0<\/span><span data-ccp-props=\"{&quot;134233117&quot;:false,&quot;134233118&quot;:false,&quot;201341983&quot;:0,&quot;335551550&quot;:6,&quot;335551620&quot;:6,&quot;335559685&quot;:0,&quot;335559737&quot;:0,&quot;335559738&quot;:0,&quot;335559739&quot;:160,&quot;335559740&quot;:360}\">\u00a0<\/span><\/p>\n<p><span data-contrast=\"auto\">Instada a se manifestar, a ent\u00e3o Coordenadoria de Gest\u00e3o Municipal (CGM) opinou conclusivamente pela extin\u00e7\u00e3o do feito, em raz\u00e3o da perda do objeto da Representa\u00e7\u00e3o, uma vez que o cargo de \u201cFiscal de Tributos\u201d foi formalmente exclu\u00eddo do Concurso e extinto legalmente, e que foram criados dois novos cargos para tais fun\u00e7\u00f5es (Analista Fiscal de Tributos e Agente Fiscal de Tributos) com exig\u00eancia de escolaridade de n\u00edvel superior e remunera\u00e7\u00e3o compat\u00edvel com a complexidade das fun\u00e7\u00f5es, o que supre as irregularidades inicialmente apontadas na Representa\u00e7\u00e3o.<\/span><span data-ccp-props=\"{&quot;134233117&quot;:false,&quot;134233118&quot;:false,&quot;201341983&quot;:0,&quot;335551550&quot;:6,&quot;335551620&quot;:6,&quot;335559685&quot;:0,&quot;335559737&quot;:0,&quot;335559738&quot;:0,&quot;335559739&quot;:160,&quot;335559740&quot;:360}\">\u00a0<\/span><\/p>\n<p><span data-contrast=\"auto\">Mediante o <a href=\"https:\/\/www.mpc.pr.gov.br\/wp-content\/uploads\/2025\/07\/jaguapita-PAR-448_25-7PC.pdf\">Parecer n\u00ba 448\/25<\/a>, o MPC-PR corroborou com o entendimento da unidade t\u00e9cnica, tendo em vista que a finalidade da Representa\u00e7\u00e3o, de aprimorar os requisitos m\u00ednimos de escolaridade e a adequa\u00e7\u00e3o salarial para o exerc\u00edcio das fun\u00e7\u00f5es, foi plenamente alcan\u00e7ada.<\/span><span data-ccp-props=\"{&quot;134233117&quot;:false,&quot;134233118&quot;:false,&quot;201341983&quot;:0,&quot;335551550&quot;:6,&quot;335551620&quot;:6,&quot;335559685&quot;:0,&quot;335559737&quot;:0,&quot;335559738&quot;:0,&quot;335559739&quot;:160,&quot;335559740&quot;:360}\">\u00a0<\/span><\/p>\n<p><span data-contrast=\"auto\">Em sede de novo julgamento, por meio do <a href=\"https:\/\/www.mpc.pr.gov.br\/wp-content\/uploads\/2025\/07\/Representacao-322547-24-Acordao-1530-25.pdf\">Ac\u00f3rd\u00e3o n\u00ba 1530\/25<\/a>, os membros do Tribunal Pleno acompanharam, por unanimidade, o voto do Relator Conselheiro Fernando Augusto Mello Guimar\u00e3es, pela extin\u00e7\u00e3o do processo, com resolu\u00e7\u00e3o de m\u00e9rito, em raz\u00e3o da perda superveniente do objeto da Representa\u00e7\u00e3o.<\/span><span data-ccp-props=\"{&quot;134233117&quot;:false,&quot;134233118&quot;:false,&quot;201341983&quot;:0,&quot;335551550&quot;:6,&quot;335551620&quot;:6,&quot;335559685&quot;:0,&quot;335559737&quot;:0,&quot;335559738&quot;:0,&quot;335559739&quot;:160,&quot;335559740&quot;:360}\">\u00a0<\/span><\/p>\n<blockquote><p><span data-ccp-props=\"{}\">\u00a0<\/span><span style=\"color: #820007;\"><strong><u>Informa\u00e7\u00e3o para consulta processual<\/u><\/strong><\/span><\/p>\n<table style=\"height: 183px;\" border=\"0\" width=\"478\" cellspacing=\"0\" cellpadding=\"0\">\n<tbody>\n<tr>\n<td><strong>Processo n\u00ba<\/strong>:<\/td>\n<td>322547\/24<\/td>\n<\/tr>\n<tr>\n<td><strong>Ac\u00f3rd\u00e3o n\u00ba<\/strong>:<\/td>\n<td>1530\/25<\/td>\n<\/tr>\n<tr>\n<td><strong>Assunto<\/strong>:<\/td>\n<td>Representa\u00e7\u00e3o<\/td>\n<\/tr>\n<tr>\n<td><strong>Entidade<\/strong>:<\/td>\n<td>Munic\u00edpio de Jaguapit\u00e3<\/td>\n<\/tr>\n<tr>\n<td><strong>Relator<\/strong>:<\/td>\n<td><span class=\"TextRun SCXW238999374 BCX0\" lang=\"PT-BR\" xml:lang=\"PT-BR\" data-contrast=\"auto\"><span class=\"NormalTextRun SCXW238999374 BCX0\">Conselheiro <span class=\"TextRun SCXW31104370 BCX0\" lang=\"PT-BR\" xml:lang=\"PT-BR\" data-contrast=\"auto\"><span class=\"NormalTextRun SCXW31104370 BCX0\">Fernando Augusto Mello Guimar\u00e3es<\/span><\/span><\/span><\/span><\/td>\n<\/tr>\n<\/tbody>\n<\/table>\n<\/blockquote>\n","protected":false},"excerpt":{"rendered":"<p>Ap\u00f3s Representa\u00e7\u00e3o do Minist\u00e9rio P\u00fablico de Contas do Paran\u00e1 (MPC-PR) apontar irregularidades nas cl\u00e1usulas referentes ao cargo de \u201cFiscal de Tributos\u201d previsto no edital de Concurso P\u00fablico 01\/2024, o Munic\u00edpio de Jaguapit\u00e3 excluiu, t\u00e3o somente, as inscri\u00e7\u00f5es para o respectivo cargo. O certame era destinado a contrata\u00e7\u00e3o de diversos profissionais, de modo que a exclus\u00e3o [&hellip;]<\/p>\n","protected":false},"author":1,"featured_media":24043,"comment_status":"open","ping_status":"open","sticky":false,"template":"","format":"standard","meta":{"_monsterinsights_skip_tracking":false,"_monsterinsights_sitenote_active":false,"_monsterinsights_sitenote_note":"","_monsterinsights_sitenote_category":0,"footnotes":""},"categories":[7],"tags":[122,740,788,13,597,39],"class_list":["post-24042","post","type-post","status-publish","format-standard","has-post-thumbnail","hentry","category-todas-as-noticias","tag-concurso-publico","tag-fiscal-tributario","tag-jaguapita","tag-mpc-pr","tag-representacao-do-mpc-pr","tag-tce-pr","entry","has-media"],"yoast_head":"<!-- This site is optimized with the Yoast SEO plugin v27.3 - https:\/\/yoast.com\/product\/yoast-seo-wordpress\/ -->\n<title>Munic\u00edpio de Jaguapit\u00e3 regulariza carreira de fiscais de tributos municipais ap\u00f3s Representa\u00e7\u00e3o do MPC-PR - Minist\u00e9rio P\u00fablico de Contas do Estado do Paran\u00e1<\/title>\n<meta name=\"robots\" content=\"index, follow, max-snippet:-1, max-image-preview:large, max-video-preview:-1\" \/>\n<link rel=\"canonical\" href=\"https:\/\/www.mpc.pr.gov.br\/index.php\/municipio-de-jaguapita-regulariza-carreira-de-fiscais-de-tributos-municipais-apos-representacao-do-mpc-pr\/\" \/>\n<meta property=\"og:locale\" content=\"pt_BR\" \/>\n<meta property=\"og:type\" content=\"article\" \/>\n<meta property=\"og:title\" content=\"Munic\u00edpio de Jaguapit\u00e3 regulariza carreira de fiscais de tributos municipais ap\u00f3s Representa\u00e7\u00e3o do MPC-PR - Minist\u00e9rio P\u00fablico de Contas do Estado do Paran\u00e1\" \/>\n<meta property=\"og:description\" content=\"Ap\u00f3s Representa\u00e7\u00e3o do Minist\u00e9rio P\u00fablico de Contas do Paran\u00e1 (MPC-PR) apontar irregularidades nas cl\u00e1usulas referentes ao cargo de \u201cFiscal de Tributos\u201d previsto no edital de Concurso P\u00fablico 01\/2024, o Munic\u00edpio de Jaguapit\u00e3 excluiu, t\u00e3o somente, as inscri\u00e7\u00f5es para o respectivo cargo. O certame era destinado a contrata\u00e7\u00e3o de diversos profissionais, de modo que a exclus\u00e3o [&hellip;]\" \/>\n<meta property=\"og:url\" content=\"https:\/\/www.mpc.pr.gov.br\/index.php\/municipio-de-jaguapita-regulariza-carreira-de-fiscais-de-tributos-municipais-apos-representacao-do-mpc-pr\/\" \/>\n<meta property=\"og:site_name\" content=\"Minist\u00e9rio P\u00fablico de Contas do Estado do Paran\u00e1\" \/>\n<meta property=\"article:publisher\" content=\"https:\/\/www.facebook.com\/mpc.pr\" \/>\n<meta property=\"article:published_time\" content=\"2025-07-17T13:40:20+00:00\" \/>\n<meta property=\"article:modified_time\" content=\"2025-08-01T15:24:20+00:00\" \/>\n<meta property=\"og:image\" content=\"https:\/\/www.mpc.pr.gov.br\/wp-content\/uploads\/2025\/07\/jaguapita.jpg\" \/>\n\t<meta property=\"og:image:width\" content=\"1200\" \/>\n\t<meta property=\"og:image:height\" content=\"630\" \/>\n\t<meta property=\"og:image:type\" content=\"image\/jpeg\" \/>\n<meta name=\"author\" content=\"mpcontaspr\" \/>\n<meta name=\"twitter:card\" content=\"summary_large_image\" \/>\n<meta name=\"twitter:label1\" content=\"Escrito por\" \/>\n\t<meta name=\"twitter:data1\" content=\"mpcontaspr\" \/>\n\t<meta name=\"twitter:label2\" content=\"Est. tempo de leitura\" \/>\n\t<meta name=\"twitter:data2\" content=\"5 minutos\" \/>\n<script type=\"application\/ld+json\" class=\"yoast-schema-graph\">{\"@context\":\"https:\\\/\\\/schema.org\",\"@graph\":[{\"@type\":\"Article\",\"@id\":\"https:\\\/\\\/www.mpc.pr.gov.br\\\/index.php\\\/municipio-de-jaguapita-regulariza-carreira-de-fiscais-de-tributos-municipais-apos-representacao-do-mpc-pr\\\/#article\",\"isPartOf\":{\"@id\":\"https:\\\/\\\/www.mpc.pr.gov.br\\\/index.php\\\/municipio-de-jaguapita-regulariza-carreira-de-fiscais-de-tributos-municipais-apos-representacao-do-mpc-pr\\\/\"},\"author\":{\"name\":\"mpcontaspr\",\"@id\":\"https:\\\/\\\/www.mpc.pr.gov.br\\\/#\\\/schema\\\/person\\\/2d83cb8980538d0ec174e8a6284f5e11\"},\"headline\":\"Munic\u00edpio de Jaguapit\u00e3 regulariza carreira de fiscais de tributos municipais ap\u00f3s Representa\u00e7\u00e3o do MPC-PR\",\"datePublished\":\"2025-07-17T13:40:20+00:00\",\"dateModified\":\"2025-08-01T15:24:20+00:00\",\"mainEntityOfPage\":{\"@id\":\"https:\\\/\\\/www.mpc.pr.gov.br\\\/index.php\\\/municipio-de-jaguapita-regulariza-carreira-de-fiscais-de-tributos-municipais-apos-representacao-do-mpc-pr\\\/\"},\"wordCount\":940,\"commentCount\":0,\"publisher\":{\"@id\":\"https:\\\/\\\/www.mpc.pr.gov.br\\\/#organization\"},\"image\":{\"@id\":\"https:\\\/\\\/www.mpc.pr.gov.br\\\/index.php\\\/municipio-de-jaguapita-regulariza-carreira-de-fiscais-de-tributos-municipais-apos-representacao-do-mpc-pr\\\/#primaryimage\"},\"thumbnailUrl\":\"https:\\\/\\\/www.mpc.pr.gov.br\\\/wp-content\\\/uploads\\\/2025\\\/07\\\/jaguapita.jpg\",\"keywords\":[\"Concurso P\u00fablico\",\"Fiscal Tribut\u00e1rio\",\"Jaguapit\u00e3\",\"MPC-PR\",\"Representa\u00e7\u00e3o do MPC-PR\",\"TCE-PR\"],\"articleSection\":[\"Todas as not\u00edcias\"],\"inLanguage\":\"pt-BR\",\"potentialAction\":[{\"@type\":\"CommentAction\",\"name\":\"Comment\",\"target\":[\"https:\\\/\\\/www.mpc.pr.gov.br\\\/index.php\\\/municipio-de-jaguapita-regulariza-carreira-de-fiscais-de-tributos-municipais-apos-representacao-do-mpc-pr\\\/#respond\"]}]},{\"@type\":\"WebPage\",\"@id\":\"https:\\\/\\\/www.mpc.pr.gov.br\\\/index.php\\\/municipio-de-jaguapita-regulariza-carreira-de-fiscais-de-tributos-municipais-apos-representacao-do-mpc-pr\\\/\",\"url\":\"https:\\\/\\\/www.mpc.pr.gov.br\\\/index.php\\\/municipio-de-jaguapita-regulariza-carreira-de-fiscais-de-tributos-municipais-apos-representacao-do-mpc-pr\\\/\",\"name\":\"Munic\u00edpio de Jaguapit\u00e3 regulariza carreira de fiscais de tributos municipais ap\u00f3s Representa\u00e7\u00e3o do MPC-PR - Minist\u00e9rio P\u00fablico de Contas do Estado do Paran\u00e1\",\"isPartOf\":{\"@id\":\"https:\\\/\\\/www.mpc.pr.gov.br\\\/#website\"},\"primaryImageOfPage\":{\"@id\":\"https:\\\/\\\/www.mpc.pr.gov.br\\\/index.php\\\/municipio-de-jaguapita-regulariza-carreira-de-fiscais-de-tributos-municipais-apos-representacao-do-mpc-pr\\\/#primaryimage\"},\"image\":{\"@id\":\"https:\\\/\\\/www.mpc.pr.gov.br\\\/index.php\\\/municipio-de-jaguapita-regulariza-carreira-de-fiscais-de-tributos-municipais-apos-representacao-do-mpc-pr\\\/#primaryimage\"},\"thumbnailUrl\":\"https:\\\/\\\/www.mpc.pr.gov.br\\\/wp-content\\\/uploads\\\/2025\\\/07\\\/jaguapita.jpg\",\"datePublished\":\"2025-07-17T13:40:20+00:00\",\"dateModified\":\"2025-08-01T15:24:20+00:00\",\"breadcrumb\":{\"@id\":\"https:\\\/\\\/www.mpc.pr.gov.br\\\/index.php\\\/municipio-de-jaguapita-regulariza-carreira-de-fiscais-de-tributos-municipais-apos-representacao-do-mpc-pr\\\/#breadcrumb\"},\"inLanguage\":\"pt-BR\",\"potentialAction\":[{\"@type\":\"ReadAction\",\"target\":[\"https:\\\/\\\/www.mpc.pr.gov.br\\\/index.php\\\/municipio-de-jaguapita-regulariza-carreira-de-fiscais-de-tributos-municipais-apos-representacao-do-mpc-pr\\\/\"]}]},{\"@type\":\"ImageObject\",\"inLanguage\":\"pt-BR\",\"@id\":\"https:\\\/\\\/www.mpc.pr.gov.br\\\/index.php\\\/municipio-de-jaguapita-regulariza-carreira-de-fiscais-de-tributos-municipais-apos-representacao-do-mpc-pr\\\/#primaryimage\",\"url\":\"https:\\\/\\\/www.mpc.pr.gov.br\\\/wp-content\\\/uploads\\\/2025\\\/07\\\/jaguapita.jpg\",\"contentUrl\":\"https:\\\/\\\/www.mpc.pr.gov.br\\\/wp-content\\\/uploads\\\/2025\\\/07\\\/jaguapita.jpg\",\"width\":1200,\"height\":630,\"caption\":\"Vis\u00e3o a\u00e9rea do Munic\u00edpio de Jaguapit\u00e3, localizado na regi\u00e3o metropolitana de Londrina, no Norte do Estado do Paran\u00e1. Foto: divulga\u00e7\u00e3o.\"},{\"@type\":\"BreadcrumbList\",\"@id\":\"https:\\\/\\\/www.mpc.pr.gov.br\\\/index.php\\\/municipio-de-jaguapita-regulariza-carreira-de-fiscais-de-tributos-municipais-apos-representacao-do-mpc-pr\\\/#breadcrumb\",\"itemListElement\":[{\"@type\":\"ListItem\",\"position\":1,\"name\":\"In\u00edcio\",\"item\":\"https:\\\/\\\/www.mpc.pr.gov.br\\\/\"},{\"@type\":\"ListItem\",\"position\":2,\"name\":\"Munic\u00edpio de Jaguapit\u00e3 regulariza carreira de fiscais de tributos municipais ap\u00f3s Representa\u00e7\u00e3o do MPC-PR\"}]},{\"@type\":\"WebSite\",\"@id\":\"https:\\\/\\\/www.mpc.pr.gov.br\\\/#website\",\"url\":\"https:\\\/\\\/www.mpc.pr.gov.br\\\/\",\"name\":\"Minist\u00e9rio P\u00fablico de Contas do Estado do Paran\u00e1\",\"description\":\"\",\"publisher\":{\"@id\":\"https:\\\/\\\/www.mpc.pr.gov.br\\\/#organization\"},\"potentialAction\":[{\"@type\":\"SearchAction\",\"target\":{\"@type\":\"EntryPoint\",\"urlTemplate\":\"https:\\\/\\\/www.mpc.pr.gov.br\\\/?s={search_term_string}\"},\"query-input\":{\"@type\":\"PropertyValueSpecification\",\"valueRequired\":true,\"valueName\":\"search_term_string\"}}],\"inLanguage\":\"pt-BR\"},{\"@type\":\"Organization\",\"@id\":\"https:\\\/\\\/www.mpc.pr.gov.br\\\/#organization\",\"name\":\"Minist\u00e9rio P\u00fablico de Contas do Estado do Paran\u00e1\",\"url\":\"https:\\\/\\\/www.mpc.pr.gov.br\\\/\",\"logo\":{\"@type\":\"ImageObject\",\"inLanguage\":\"pt-BR\",\"@id\":\"https:\\\/\\\/www.mpc.pr.gov.br\\\/#\\\/schema\\\/logo\\\/image\\\/\",\"url\":\"https:\\\/\\\/www.mpc.pr.gov.br\\\/wp-content\\\/uploads\\\/2020\\\/06\\\/99423647_1593460364143890_6706793420720963584_n-1-e1591387983167.png\",\"contentUrl\":\"https:\\\/\\\/www.mpc.pr.gov.br\\\/wp-content\\\/uploads\\\/2020\\\/06\\\/99423647_1593460364143890_6706793420720963584_n-1-e1591387983167.png\",\"width\":243,\"height\":73,\"caption\":\"Minist\u00e9rio P\u00fablico de Contas do Estado do Paran\u00e1\"},\"image\":{\"@id\":\"https:\\\/\\\/www.mpc.pr.gov.br\\\/#\\\/schema\\\/logo\\\/image\\\/\"},\"sameAs\":[\"https:\\\/\\\/www.facebook.com\\\/mpc.pr\",\"https:\\\/\\\/www.instagram.com\\\/mpc.pr\\\/?hl=pt-br\",\"https:\\\/\\\/www.youtube.com\\\/channel\\\/UCHri5oEM8DV0ztX57E0sBSw\"]},{\"@type\":\"Person\",\"@id\":\"https:\\\/\\\/www.mpc.pr.gov.br\\\/#\\\/schema\\\/person\\\/2d83cb8980538d0ec174e8a6284f5e11\",\"name\":\"mpcontaspr\",\"image\":{\"@type\":\"ImageObject\",\"inLanguage\":\"pt-BR\",\"@id\":\"https:\\\/\\\/secure.gravatar.com\\\/avatar\\\/1aef51541db7622e05fd639336c9c9f312c2a618396e2b6ca96846362fc5403f?s=96&d=mm&r=g\",\"url\":\"https:\\\/\\\/secure.gravatar.com\\\/avatar\\\/1aef51541db7622e05fd639336c9c9f312c2a618396e2b6ca96846362fc5403f?s=96&d=mm&r=g\",\"contentUrl\":\"https:\\\/\\\/secure.gravatar.com\\\/avatar\\\/1aef51541db7622e05fd639336c9c9f312c2a618396e2b6ca96846362fc5403f?s=96&d=mm&r=g\",\"caption\":\"mpcontaspr\"},\"sameAs\":[\"http:\\\/\\\/www.mpc.pr.gov.br\"]}]}<\/script>\n<!-- \/ Yoast SEO plugin. -->","yoast_head_json":{"title":"Munic\u00edpio de Jaguapit\u00e3 regulariza carreira de fiscais de tributos municipais ap\u00f3s Representa\u00e7\u00e3o do MPC-PR - Minist\u00e9rio P\u00fablico de Contas do Estado do Paran\u00e1","robots":{"index":"index","follow":"follow","max-snippet":"max-snippet:-1","max-image-preview":"max-image-preview:large","max-video-preview":"max-video-preview:-1"},"canonical":"https:\/\/www.mpc.pr.gov.br\/index.php\/municipio-de-jaguapita-regulariza-carreira-de-fiscais-de-tributos-municipais-apos-representacao-do-mpc-pr\/","og_locale":"pt_BR","og_type":"article","og_title":"Munic\u00edpio de Jaguapit\u00e3 regulariza carreira de fiscais de tributos municipais ap\u00f3s Representa\u00e7\u00e3o do MPC-PR - Minist\u00e9rio P\u00fablico de Contas do Estado do Paran\u00e1","og_description":"Ap\u00f3s Representa\u00e7\u00e3o do Minist\u00e9rio P\u00fablico de Contas do Paran\u00e1 (MPC-PR) apontar irregularidades nas cl\u00e1usulas referentes ao cargo de \u201cFiscal de Tributos\u201d previsto no edital de Concurso P\u00fablico 01\/2024, o Munic\u00edpio de Jaguapit\u00e3 excluiu, t\u00e3o somente, as inscri\u00e7\u00f5es para o respectivo cargo. O certame era destinado a contrata\u00e7\u00e3o de diversos profissionais, de modo que a exclus\u00e3o [&hellip;]","og_url":"https:\/\/www.mpc.pr.gov.br\/index.php\/municipio-de-jaguapita-regulariza-carreira-de-fiscais-de-tributos-municipais-apos-representacao-do-mpc-pr\/","og_site_name":"Minist\u00e9rio P\u00fablico de Contas do Estado do Paran\u00e1","article_publisher":"https:\/\/www.facebook.com\/mpc.pr","article_published_time":"2025-07-17T13:40:20+00:00","article_modified_time":"2025-08-01T15:24:20+00:00","og_image":[{"width":1200,"height":630,"url":"https:\/\/www.mpc.pr.gov.br\/wp-content\/uploads\/2025\/07\/jaguapita.jpg","type":"image\/jpeg"}],"author":"mpcontaspr","twitter_card":"summary_large_image","twitter_misc":{"Escrito por":"mpcontaspr","Est. tempo de leitura":"5 minutos"},"schema":{"@context":"https:\/\/schema.org","@graph":[{"@type":"Article","@id":"https:\/\/www.mpc.pr.gov.br\/index.php\/municipio-de-jaguapita-regulariza-carreira-de-fiscais-de-tributos-municipais-apos-representacao-do-mpc-pr\/#article","isPartOf":{"@id":"https:\/\/www.mpc.pr.gov.br\/index.php\/municipio-de-jaguapita-regulariza-carreira-de-fiscais-de-tributos-municipais-apos-representacao-do-mpc-pr\/"},"author":{"name":"mpcontaspr","@id":"https:\/\/www.mpc.pr.gov.br\/#\/schema\/person\/2d83cb8980538d0ec174e8a6284f5e11"},"headline":"Munic\u00edpio de Jaguapit\u00e3 regulariza carreira de fiscais de tributos municipais ap\u00f3s Representa\u00e7\u00e3o do MPC-PR","datePublished":"2025-07-17T13:40:20+00:00","dateModified":"2025-08-01T15:24:20+00:00","mainEntityOfPage":{"@id":"https:\/\/www.mpc.pr.gov.br\/index.php\/municipio-de-jaguapita-regulariza-carreira-de-fiscais-de-tributos-municipais-apos-representacao-do-mpc-pr\/"},"wordCount":940,"commentCount":0,"publisher":{"@id":"https:\/\/www.mpc.pr.gov.br\/#organization"},"image":{"@id":"https:\/\/www.mpc.pr.gov.br\/index.php\/municipio-de-jaguapita-regulariza-carreira-de-fiscais-de-tributos-municipais-apos-representacao-do-mpc-pr\/#primaryimage"},"thumbnailUrl":"https:\/\/www.mpc.pr.gov.br\/wp-content\/uploads\/2025\/07\/jaguapita.jpg","keywords":["Concurso P\u00fablico","Fiscal Tribut\u00e1rio","Jaguapit\u00e3","MPC-PR","Representa\u00e7\u00e3o do MPC-PR","TCE-PR"],"articleSection":["Todas as not\u00edcias"],"inLanguage":"pt-BR","potentialAction":[{"@type":"CommentAction","name":"Comment","target":["https:\/\/www.mpc.pr.gov.br\/index.php\/municipio-de-jaguapita-regulariza-carreira-de-fiscais-de-tributos-municipais-apos-representacao-do-mpc-pr\/#respond"]}]},{"@type":"WebPage","@id":"https:\/\/www.mpc.pr.gov.br\/index.php\/municipio-de-jaguapita-regulariza-carreira-de-fiscais-de-tributos-municipais-apos-representacao-do-mpc-pr\/","url":"https:\/\/www.mpc.pr.gov.br\/index.php\/municipio-de-jaguapita-regulariza-carreira-de-fiscais-de-tributos-municipais-apos-representacao-do-mpc-pr\/","name":"Munic\u00edpio de Jaguapit\u00e3 regulariza carreira de fiscais de tributos municipais ap\u00f3s Representa\u00e7\u00e3o do MPC-PR - Minist\u00e9rio P\u00fablico de Contas do Estado do Paran\u00e1","isPartOf":{"@id":"https:\/\/www.mpc.pr.gov.br\/#website"},"primaryImageOfPage":{"@id":"https:\/\/www.mpc.pr.gov.br\/index.php\/municipio-de-jaguapita-regulariza-carreira-de-fiscais-de-tributos-municipais-apos-representacao-do-mpc-pr\/#primaryimage"},"image":{"@id":"https:\/\/www.mpc.pr.gov.br\/index.php\/municipio-de-jaguapita-regulariza-carreira-de-fiscais-de-tributos-municipais-apos-representacao-do-mpc-pr\/#primaryimage"},"thumbnailUrl":"https:\/\/www.mpc.pr.gov.br\/wp-content\/uploads\/2025\/07\/jaguapita.jpg","datePublished":"2025-07-17T13:40:20+00:00","dateModified":"2025-08-01T15:24:20+00:00","breadcrumb":{"@id":"https:\/\/www.mpc.pr.gov.br\/index.php\/municipio-de-jaguapita-regulariza-carreira-de-fiscais-de-tributos-municipais-apos-representacao-do-mpc-pr\/#breadcrumb"},"inLanguage":"pt-BR","potentialAction":[{"@type":"ReadAction","target":["https:\/\/www.mpc.pr.gov.br\/index.php\/municipio-de-jaguapita-regulariza-carreira-de-fiscais-de-tributos-municipais-apos-representacao-do-mpc-pr\/"]}]},{"@type":"ImageObject","inLanguage":"pt-BR","@id":"https:\/\/www.mpc.pr.gov.br\/index.php\/municipio-de-jaguapita-regulariza-carreira-de-fiscais-de-tributos-municipais-apos-representacao-do-mpc-pr\/#primaryimage","url":"https:\/\/www.mpc.pr.gov.br\/wp-content\/uploads\/2025\/07\/jaguapita.jpg","contentUrl":"https:\/\/www.mpc.pr.gov.br\/wp-content\/uploads\/2025\/07\/jaguapita.jpg","width":1200,"height":630,"caption":"Vis\u00e3o a\u00e9rea do Munic\u00edpio de Jaguapit\u00e3, localizado na regi\u00e3o metropolitana de Londrina, no Norte do Estado do Paran\u00e1. Foto: divulga\u00e7\u00e3o."},{"@type":"BreadcrumbList","@id":"https:\/\/www.mpc.pr.gov.br\/index.php\/municipio-de-jaguapita-regulariza-carreira-de-fiscais-de-tributos-municipais-apos-representacao-do-mpc-pr\/#breadcrumb","itemListElement":[{"@type":"ListItem","position":1,"name":"In\u00edcio","item":"https:\/\/www.mpc.pr.gov.br\/"},{"@type":"ListItem","position":2,"name":"Munic\u00edpio de Jaguapit\u00e3 regulariza carreira de fiscais de tributos municipais ap\u00f3s Representa\u00e7\u00e3o do MPC-PR"}]},{"@type":"WebSite","@id":"https:\/\/www.mpc.pr.gov.br\/#website","url":"https:\/\/www.mpc.pr.gov.br\/","name":"Minist\u00e9rio P\u00fablico de Contas do Estado do Paran\u00e1","description":"","publisher":{"@id":"https:\/\/www.mpc.pr.gov.br\/#organization"},"potentialAction":[{"@type":"SearchAction","target":{"@type":"EntryPoint","urlTemplate":"https:\/\/www.mpc.pr.gov.br\/?s={search_term_string}"},"query-input":{"@type":"PropertyValueSpecification","valueRequired":true,"valueName":"search_term_string"}}],"inLanguage":"pt-BR"},{"@type":"Organization","@id":"https:\/\/www.mpc.pr.gov.br\/#organization","name":"Minist\u00e9rio P\u00fablico de Contas do Estado do Paran\u00e1","url":"https:\/\/www.mpc.pr.gov.br\/","logo":{"@type":"ImageObject","inLanguage":"pt-BR","@id":"https:\/\/www.mpc.pr.gov.br\/#\/schema\/logo\/image\/","url":"https:\/\/www.mpc.pr.gov.br\/wp-content\/uploads\/2020\/06\/99423647_1593460364143890_6706793420720963584_n-1-e1591387983167.png","contentUrl":"https:\/\/www.mpc.pr.gov.br\/wp-content\/uploads\/2020\/06\/99423647_1593460364143890_6706793420720963584_n-1-e1591387983167.png","width":243,"height":73,"caption":"Minist\u00e9rio P\u00fablico de Contas do Estado do Paran\u00e1"},"image":{"@id":"https:\/\/www.mpc.pr.gov.br\/#\/schema\/logo\/image\/"},"sameAs":["https:\/\/www.facebook.com\/mpc.pr","https:\/\/www.instagram.com\/mpc.pr\/?hl=pt-br","https:\/\/www.youtube.com\/channel\/UCHri5oEM8DV0ztX57E0sBSw"]},{"@type":"Person","@id":"https:\/\/www.mpc.pr.gov.br\/#\/schema\/person\/2d83cb8980538d0ec174e8a6284f5e11","name":"mpcontaspr","image":{"@type":"ImageObject","inLanguage":"pt-BR","@id":"https:\/\/secure.gravatar.com\/avatar\/1aef51541db7622e05fd639336c9c9f312c2a618396e2b6ca96846362fc5403f?s=96&d=mm&r=g","url":"https:\/\/secure.gravatar.com\/avatar\/1aef51541db7622e05fd639336c9c9f312c2a618396e2b6ca96846362fc5403f?s=96&d=mm&r=g","contentUrl":"https:\/\/secure.gravatar.com\/avatar\/1aef51541db7622e05fd639336c9c9f312c2a618396e2b6ca96846362fc5403f?s=96&d=mm&r=g","caption":"mpcontaspr"},"sameAs":["http:\/\/www.mpc.pr.gov.br"]}]}},"rttpg_featured_image_url":{"full":["https:\/\/www.mpc.pr.gov.br\/wp-content\/uploads\/2025\/07\/jaguapita.jpg",1200,630,false],"landscape":["https:\/\/www.mpc.pr.gov.br\/wp-content\/uploads\/2025\/07\/jaguapita.jpg",1200,630,false],"portraits":["https:\/\/www.mpc.pr.gov.br\/wp-content\/uploads\/2025\/07\/jaguapita.jpg",1200,630,false],"thumbnail":["https:\/\/www.mpc.pr.gov.br\/wp-content\/uploads\/2025\/07\/jaguapita-150x150.jpg",150,150,true],"medium":["https:\/\/www.mpc.pr.gov.br\/wp-content\/uploads\/2025\/07\/jaguapita-300x158.jpg",300,158,true],"large":["https:\/\/www.mpc.pr.gov.br\/wp-content\/uploads\/2025\/07\/jaguapita-1024x538.jpg",1024,538,true],"1536x1536":["https:\/\/www.mpc.pr.gov.br\/wp-content\/uploads\/2025\/07\/jaguapita.jpg",1200,630,false],"2048x2048":["https:\/\/www.mpc.pr.gov.br\/wp-content\/uploads\/2025\/07\/jaguapita.jpg",1200,630,false],"ocean-thumb-m":["https:\/\/www.mpc.pr.gov.br\/wp-content\/uploads\/2025\/07\/jaguapita-600x600.jpg",600,600,true],"ocean-thumb-ml":["https:\/\/www.mpc.pr.gov.br\/wp-content\/uploads\/2025\/07\/jaguapita-800x450.jpg",800,450,true],"ocean-thumb-l":["https:\/\/www.mpc.pr.gov.br\/wp-content\/uploads\/2025\/07\/jaguapita.jpg",1200,630,false]},"rttpg_author":{"display_name":"mpcontaspr","author_link":"https:\/\/www.mpc.pr.gov.br\/index.php\/author\/mpcontaspr\/"},"rttpg_comment":0,"rttpg_category":"<a href=\"https:\/\/www.mpc.pr.gov.br\/index.php\/category\/todas-as-noticias\/\" rel=\"category tag\">Todas as not\u00edcias<\/a>","rttpg_excerpt":"Ap\u00f3s Representa\u00e7\u00e3o do Minist\u00e9rio P\u00fablico de Contas do Paran\u00e1 (MPC-PR) apontar irregularidades nas cl\u00e1usulas referentes ao cargo de \u201cFiscal de Tributos\u201d previsto no edital de Concurso P\u00fablico 01\/2024, o Munic\u00edpio de Jaguapit\u00e3 excluiu, t\u00e3o somente, as inscri\u00e7\u00f5es para o respectivo cargo. O certame era destinado a contrata\u00e7\u00e3o de diversos profissionais, de modo que a exclus\u00e3o&hellip;","_links":{"self":[{"href":"https:\/\/www.mpc.pr.gov.br\/index.php\/wp-json\/wp\/v2\/posts\/24042","targetHints":{"allow":["GET"]}}],"collection":[{"href":"https:\/\/www.mpc.pr.gov.br\/index.php\/wp-json\/wp\/v2\/posts"}],"about":[{"href":"https:\/\/www.mpc.pr.gov.br\/index.php\/wp-json\/wp\/v2\/types\/post"}],"author":[{"embeddable":true,"href":"https:\/\/www.mpc.pr.gov.br\/index.php\/wp-json\/wp\/v2\/users\/1"}],"replies":[{"embeddable":true,"href":"https:\/\/www.mpc.pr.gov.br\/index.php\/wp-json\/wp\/v2\/comments?post=24042"}],"version-history":[{"count":1,"href":"https:\/\/www.mpc.pr.gov.br\/index.php\/wp-json\/wp\/v2\/posts\/24042\/revisions"}],"predecessor-version":[{"id":24045,"href":"https:\/\/www.mpc.pr.gov.br\/index.php\/wp-json\/wp\/v2\/posts\/24042\/revisions\/24045"}],"wp:featuredmedia":[{"embeddable":true,"href":"https:\/\/www.mpc.pr.gov.br\/index.php\/wp-json\/wp\/v2\/media\/24043"}],"wp:attachment":[{"href":"https:\/\/www.mpc.pr.gov.br\/index.php\/wp-json\/wp\/v2\/media?parent=24042"}],"wp:term":[{"taxonomy":"category","embeddable":true,"href":"https:\/\/www.mpc.pr.gov.br\/index.php\/wp-json\/wp\/v2\/categories?post=24042"},{"taxonomy":"post_tag","embeddable":true,"href":"https:\/\/www.mpc.pr.gov.br\/index.php\/wp-json\/wp\/v2\/tags?post=24042"}],"curies":[{"name":"wp","href":"https:\/\/api.w.org\/{rel}","templated":true}]}}