{"id":24055,"date":"2025-07-22T09:55:42","date_gmt":"2025-07-22T12:55:42","guid":{"rendered":"https:\/\/www.mpc.pr.gov.br\/?p=24055"},"modified":"2025-08-05T08:27:51","modified_gmt":"2025-08-05T11:27:51","slug":"cabe-ao-poder-executivo-e-legislativo-o-acompanhamento-da-prestacao-de-servicos-de-software-contabil-para-implementacao-do-sistema-siafic","status":"publish","type":"post","link":"https:\/\/www.mpc.pr.gov.br\/index.php\/cabe-ao-poder-executivo-e-legislativo-o-acompanhamento-da-prestacao-de-servicos-de-software-contabil-para-implementacao-do-sistema-siafic\/","title":{"rendered":"Cabe ao Poder Executivo e Legislativo o acompanhamento da presta\u00e7\u00e3o de servi\u00e7os de software cont\u00e1bil para implementa\u00e7\u00e3o do sistema SIAFIC"},"content":{"rendered":"<figure id=\"attachment_24059\" aria-describedby=\"caption-attachment-24059\" style=\"width: 300px\" class=\"wp-caption alignleft\"><img fetchpriority=\"high\" decoding=\"async\" class=\"size-medium wp-image-24059\" src=\"https:\/\/www.mpc.pr.gov.br\/wp-content\/uploads\/2025\/07\/ibipora-camara-DIRP-CMI-300x200.jpg\" alt=\"\" width=\"300\" height=\"200\" srcset=\"https:\/\/www.mpc.pr.gov.br\/wp-content\/uploads\/2025\/07\/ibipora-camara-DIRP-CMI-300x200.jpg 300w, https:\/\/www.mpc.pr.gov.br\/wp-content\/uploads\/2025\/07\/ibipora-camara-DIRP-CMI-1024x683.jpg 1024w, https:\/\/www.mpc.pr.gov.br\/wp-content\/uploads\/2025\/07\/ibipora-camara-DIRP-CMI-768x512.jpg 768w, https:\/\/www.mpc.pr.gov.br\/wp-content\/uploads\/2025\/07\/ibipora-camara-DIRP-CMI.jpg 1500w\" sizes=\"(max-width: 300px) 100vw, 300px\" \/><figcaption id=\"caption-attachment-24059\" class=\"wp-caption-text\">Sede da C\u00e2mara Municipal de Ibipor\u00e3. Foto: DIRP-CMI.<\/figcaption><\/figure>\n<p><span data-contrast=\"auto\">\u00c9 vedada a exist\u00eancia paralela de sistemas computacionais para atendimento do Sistema \u00danico e Integrado de Execu\u00e7\u00e3o Or\u00e7ament\u00e1ria, Administra\u00e7\u00e3o Financeira e Controle (SIAFIC), competindo ao Poder Executivo implantar, manter e gerir o sistema (ou software) \u00fanico e integrado, conforme o art. 48, \u00a7 6\u00ba da LRF e do art. 1\u00ba, \u00a7 1\u00ba do Decreto n\u00ba 10.540\/2020. <\/span><span data-ccp-props=\"{&quot;201341983&quot;:0,&quot;335551550&quot;:6,&quot;335551620&quot;:6,&quot;335559740&quot;:360}\">\u00a0<\/span><\/p>\n<p><span data-contrast=\"auto\">Este \u00e9 o entendimento do Pleno do Tribunal de Contas do Paran\u00e1 (TCE-PR) quanto aos questionamentos trazidos pela <a href=\"https:\/\/www.cmibipora.pr.gov.br\/\">C\u00e2mara Municipal de Ibipor\u00e3<\/a> em processo de consulta, conforme decis\u00e3o contida no Ac\u00f3rd\u00e3o n\u00ba 1692\/25. Em s\u00edntese, a C\u00e2mara indagou sobre o que poderia ser feito nos casos em que h\u00e1 m\u00e1 presta\u00e7\u00e3o de servi\u00e7o por parte de empresa fornecedora de software cont\u00e1bil,\u00a0contratada pelo Poder Executivo para atendimento do SIAFIC, e quais os desdobramentos diante de eventual quebra de contrato.<\/span><span data-ccp-props=\"{&quot;201341983&quot;:0,&quot;335551550&quot;:6,&quot;335551620&quot;:6,&quot;335559740&quot;:360}\">\u00a0<\/span><\/p>\n<p><span data-contrast=\"auto\">A<a href=\"https:\/\/www.mpc.pr.gov.br\/wp-content\/uploads\/2025\/07\/ibipora-pet-inicial.pdf\"> peti\u00e7\u00e3o inicial<\/a> foi devidamente acompanhada de <a href=\"https:\/\/www.mpc.pr.gov.br\/wp-content\/uploads\/2025\/07\/ibipora-par-juridic.pdf\">Parecer Jur\u00eddico Municipal<\/a>, o qual apresentou conclus\u00f5es no sentido de que a manuten\u00e7\u00e3o do SIAFIC deve ser realizada pela Prefeitura Municipal, mesmo que destinado a ser utilizado pela C\u00e2mara Municipal. Mencionou, tamb\u00e9m, que o Decreto n\u00ba 10.540\/2020, em seu Cap\u00edtulo II, traz informa\u00e7\u00f5es sobre o padr\u00e3o m\u00ednimo de qualidade para o sistema, de modo que, em casos de m\u00e1 presta\u00e7\u00e3o do servi\u00e7o e cumprimento das normas do respectivo Decreto, deve ser notificado o gestor legal do contrato sob pena de responsabiliza\u00e7\u00e3o legal. <\/span><span data-ccp-props=\"{&quot;201341983&quot;:0,&quot;335551550&quot;:6,&quot;335551620&quot;:6,&quot;335559740&quot;:360}\">\u00a0<\/span><\/p>\n<h4><b><span data-contrast=\"auto\">Instru\u00e7\u00e3o do processo<\/span><\/b><span data-ccp-props=\"{&quot;201341983&quot;:0,&quot;335551550&quot;:6,&quot;335551620&quot;:6,&quot;335559740&quot;:360}\">\u00a0<\/span><\/h4>\n<p><span data-contrast=\"auto\">O processo de consulta foi recebido mediante Despacho do Relator n\u00ba 142\/24, tendo em vista o cumprimento dos requisitos dos artigos 38 e 61, inciso IV da Lei Org\u00e2nica, e dos artigos 311, inciso I a V e 312, inciso II do Regimento Interno do TCE-PR. As perguntas formuladas pela C\u00e2mara Municipal de Ibipor\u00e3 foram:<\/span><span data-ccp-props=\"{&quot;201341983&quot;:0,&quot;335551550&quot;:6,&quot;335551620&quot;:6,&quot;335559740&quot;:360}\">\u00a0<\/span><\/p>\n<blockquote><p><i><span data-contrast=\"auto\">1) Em caso de dificuldade extrema, com os servi\u00e7os prestados por empresa fornecedora software cont\u00e1bil, o qual \u00e9 contratada pelo Executivo Municipal para atendimento do SIAFIC, \u00e9 poss\u00edvel a contrata\u00e7\u00e3o de empresa independente, para fornecimento de software cont\u00e1bil, com a finalidade de uma melhor presta\u00e7\u00e3o de servi\u00e7o? <\/span><\/i><span data-ccp-props=\"{&quot;201341983&quot;:0,&quot;335551550&quot;:6,&quot;335551620&quot;:6,&quot;335559740&quot;:360}\">\u00a0<\/span><\/p>\n<p><i><span data-contrast=\"auto\">2) Considerando-se empresa fornecedora software cont\u00e1bil, e mesmo o Poder Legislativo n\u00e3o sendo o detentor do contrato, pode esse solicitar a quebra de contrato pela m\u00e1 presta\u00e7\u00e3o de servi\u00e7os e em decorr\u00eancia abrir processo licitat\u00f3rio aut\u00f3nomo para contrata\u00e7\u00e3o de empresa id\u00f4nea capaz de suprir as demandas administrativas desse poder?<\/span><\/i><span data-ccp-props=\"{&quot;201341983&quot;:0,&quot;335551550&quot;:6,&quot;335551620&quot;:6,&quot;335559740&quot;:360}\">\u00a0<\/span><\/p><\/blockquote>\n<p><span data-contrast=\"auto\">Os autos foram encaminhados \u00e0 Supervis\u00e3o de Jurisprud\u00eancia e Biblioteca (SJB). Por meio\u00a0da Instru\u00e7\u00e3o n\u00ba 54\/24 a SJB informou a exist\u00eancia de decis\u00f5es com for\u00e7a normativa, dentre elas o Ac\u00f3rd\u00e3o n\u00ba 3413\/2021, referente a um processo de Consulta apresentado pela C\u00e2mara Municipal de Marechal C\u00e2ndido Rondon, cujo tema foi o SIAFIC. <\/span><span data-ccp-props=\"{&quot;201341983&quot;:0,&quot;335551550&quot;:6,&quot;335551620&quot;:6,&quot;335559740&quot;:360}\">\u00a0<\/span><\/p>\n<p><span data-contrast=\"auto\">Em seguida, a Coordenadoria de Gest\u00e3o Municipal (CGM) manifestou-se conforme fundamenta\u00e7\u00e3o contida Instru\u00e7\u00e3o n\u00ba 858\/25, concluindo que \u00e9 dever do Poder Executivo adquirir ou desenvolver, implantar, manter e gerenciar Sistema \u00danico e Integrado de Execu\u00e7\u00e3o Or\u00e7ament\u00e1ria, Administra\u00e7\u00e3o Financeira e Controle (SIAFIC), que dever\u00e1 ser disponibilizado e utilizado, obrigatoriamente a partir de 01\/01\/2025, por todos Poderes e \u00f3rg\u00e3os referidos nos termos do Decreto Federal 11.644\/2023, no seu art. 20, <\/span><i><span data-contrast=\"auto\">sendo vedada a exist\u00eancia paralela de outros sistemas computacionais com a mesma finalidade<\/span><\/i><span data-contrast=\"auto\">, devendo ser observada a regulamenta\u00e7\u00e3o do Decreto Federal n\u00ba 10.540\/2020 ou de outro que venha a substitu\u00ed-lo.<\/span><span data-ccp-props=\"{&quot;201341983&quot;:0,&quot;335551550&quot;:6,&quot;335551620&quot;:6,&quot;335559740&quot;:360}\">\u00a0<\/span><\/p>\n<p><span data-contrast=\"auto\">A CGM tamb\u00e9m afirmou que, em rela\u00e7\u00e3o \u00e0 m\u00e1 presta\u00e7\u00e3o\u00a0e\/ou\u00a0inefici\u00eancia do servi\u00e7o, o fiscal e o gestor do contrato devem adotar as medidas previstas no contrato e na legisla\u00e7\u00e3o, ao tomarem conhecimento das falhas na entrega do objeto contratado, sob pena de responsabilidade. A responsabilidade financeira pela contrata\u00e7\u00e3o \u00e9 do Poder Executivo, de forma que os demais Poderes e \u00f3rg\u00e3os que utilizem o SIAFIC devem ser atendidos com a mesma qualidade.<\/span><span data-ccp-props=\"{&quot;201341983&quot;:0,&quot;335551550&quot;:6,&quot;335551620&quot;:6,&quot;335559740&quot;:360}\">\u00a0<\/span><\/p>\n<h4><b><span data-contrast=\"auto\">Parecer Ministerial<\/span><\/b><span data-ccp-props=\"{&quot;201341983&quot;:0,&quot;335551550&quot;:6,&quot;335551620&quot;:6,&quot;335559740&quot;:360}\">\u00a0<\/span><\/h4>\n<p><span data-contrast=\"auto\">O Minist\u00e9rio P\u00fablico de Contas do Estado do Paran\u00e1 (MPC-PR), manifestou-se conforme <a href=\"https:\/\/www.mpc.pr.gov.br\/wp-content\/uploads\/2025\/07\/Parecer-82-25.pdf\">Parecer n\u00ba 82\/25<\/a>. No m\u00e9rito, a Procuradoria-Geral de Contas destacou a decis\u00e3o normativa contida no <a href=\"https:\/\/viajuris.tce.pr.gov.br\/Arquivos\/2022\/1\/00363444.pdf\">Ac\u00f3rd\u00e3o n\u00ba 3413\/21 &#8211; STP<\/a> que analisou o mesmo caso em tela. Com efeito, \u00e9 proibida a exist\u00eancia de mais de um sistema computacional para atendimento do SIAFIC, devendo ser respeitado o prazo legal para sua implementa\u00e7\u00e3o, assim redefinido ap\u00f3s edi\u00e7\u00e3o do superveniente Decreto Federal n\u00ba 11.644\/2023, que alterou de 01\/01\/2023 para 01\/01\/2025 a data limite de obrigatoriedade para disponibiliza\u00e7\u00e3o e utiliza\u00e7\u00e3o do sistema. <\/span><span data-ccp-props=\"{&quot;134233117&quot;:false,&quot;134233118&quot;:false,&quot;201341983&quot;:0,&quot;335551550&quot;:6,&quot;335551620&quot;:6,&quot;335559685&quot;:0,&quot;335559737&quot;:0,&quot;335559738&quot;:0,&quot;335559739&quot;:160,&quot;335559740&quot;:360}\">\u00a0<\/span><\/p>\n<p><span data-contrast=\"auto\">O MPC-PR\u00a0tamb\u00e9m pontuou que, ainda que possa n\u00e3o figurar como parte contratante, <\/span><i><span data-contrast=\"auto\">as C\u00e2maras Municipais det\u00eam plena legitimidade para fiscalizar eventuais irregularidades na execu\u00e7\u00e3o da presta\u00e7\u00e3o de servi\u00e7os de fornecimento de software cont\u00e1beis<\/span><\/i><span data-contrast=\"auto\"> para gerenciamento do SIAFIC, e, se for o caso, sustar os respectivos contratos firmados pelo Poder Executivo. Evidentemente que tal prerrogativa constitucional n\u00e3o impede que o Poder Legislativo notifique o gestor e o fiscal do contrato sobre a m\u00e1 presta\u00e7\u00e3o dos servi\u00e7os, instando-os a adotar as medidas acautelat\u00f3rias e sancionat\u00f3rias previstas na Lei de Licita\u00e7\u00f5es nas hip\u00f3teses de descumprimento ou o cumprimento irregular de cl\u00e1usulas edital\u00edcias e contratuais, conforme pontuado pela unidade t\u00e9cnica na Instru\u00e7\u00e3o n\u00ba 858\/25-CGM. <\/span><span data-ccp-props=\"{&quot;134233117&quot;:false,&quot;134233118&quot;:false,&quot;201341983&quot;:0,&quot;335551550&quot;:6,&quot;335551620&quot;:6,&quot;335559685&quot;:0,&quot;335559737&quot;:0,&quot;335559738&quot;:0,&quot;335559739&quot;:160,&quot;335559740&quot;:360}\">\u00a0<\/span><\/p>\n<h4><b><span data-contrast=\"auto\">Decis\u00e3o<\/span><\/b><span data-ccp-props=\"{&quot;134233117&quot;:false,&quot;134233118&quot;:false,&quot;201341983&quot;:0,&quot;335551550&quot;:6,&quot;335551620&quot;:6,&quot;335559685&quot;:0,&quot;335559737&quot;:0,&quot;335559738&quot;:0,&quot;335559739&quot;:160,&quot;335559740&quot;:360}\">\u00a0<\/span><\/h4>\n<p><span data-contrast=\"auto\">Conforme fundamenta\u00e7\u00e3o contida no Ac\u00f3rd\u00e3o n\u00ba 1692\/25 do Pleno do TCE-PR, os membros acompanharam, em unanimidade, o voto do Relator Conselheiro Augustinho Zucchi, o qual acolheu as manifesta\u00e7\u00f5es da CGM e do Minist\u00e9rio P\u00fablico de Contas pela impossibilidade da contrata\u00e7\u00e3o paralela de sistemas pela C\u00e2mara Municipal.<\/span><span data-ccp-props=\"{&quot;134233117&quot;:false,&quot;134233118&quot;:false,&quot;201341983&quot;:0,&quot;335551550&quot;:6,&quot;335551620&quot;:6,&quot;335559685&quot;:0,&quot;335559737&quot;:0,&quot;335559738&quot;:0,&quot;335559739&quot;:160,&quot;335559740&quot;:360}\">\u00a0<\/span><\/p>\n<p><span data-contrast=\"auto\">Diante do exposto, votou pelo conhecimento da Consulta formulada pela C\u00e2mara Municipal de Ibipor\u00e3 por meio de seu representante legal, uma vez presentes os pressupostos de admissibilidade, e, no m\u00e9rito, responder nos seguintes termos:<\/span><span data-ccp-props=\"{&quot;134233117&quot;:false,&quot;134233118&quot;:false,&quot;201341983&quot;:0,&quot;335551550&quot;:6,&quot;335551620&quot;:6,&quot;335559685&quot;:0,&quot;335559737&quot;:0,&quot;335559738&quot;:0,&quot;335559739&quot;:160,&quot;335559740&quot;:360}\">\u00a0<\/span><\/p>\n<p><span data-contrast=\"auto\">Questionamento 1) Em caso de dificuldade extrema, com os servi\u00e7os prestados por empresa fornecedora software cont\u00e1bil, o qual \u00e9 contratada pelo Executivo Municipal para atendimento do SIAFIC, \u00e9 poss\u00edvel a contrata\u00e7\u00e3o de empresa independente, para fornecimento de software cont\u00e1bil, com a finalidade de uma melhor presta\u00e7\u00e3o de servi\u00e7o? <\/span><span data-ccp-props=\"{&quot;134233117&quot;:false,&quot;134233118&quot;:false,&quot;201341983&quot;:0,&quot;335551550&quot;:6,&quot;335551620&quot;:6,&quot;335559685&quot;:0,&quot;335559737&quot;:0,&quot;335559738&quot;:0,&quot;335559739&quot;:160,&quot;335559740&quot;:360}\">\u00a0<\/span><\/p>\n<p><span data-contrast=\"auto\">Resposta: N\u00e3o \u00e9 poss\u00edvel, conforme resposta consubstanciada no Ac\u00f3rd\u00e3o n\u00ba 3413\/21-STP, que firmou o entendimento de que \u00e9 vedada a exist\u00eancia paralela de sistemas computacionais para atendimento do SIAFIC, competindo ao Poder Executivo implantar, manter e gerir o sistema (ou software) \u00fanico e integrado de execu\u00e7\u00e3o or\u00e7ament\u00e1ria, administra\u00e7\u00e3o financeira e de controle, conforme o art. 48, \u00a7 6\u00ba da LRF e do art. 1\u00ba, \u00a7 1\u00ba do Decreto n\u00ba 10.540\/2020. <\/span><span data-ccp-props=\"{&quot;134233117&quot;:false,&quot;134233118&quot;:false,&quot;201341983&quot;:0,&quot;335551550&quot;:6,&quot;335551620&quot;:6,&quot;335559685&quot;:0,&quot;335559737&quot;:0,&quot;335559738&quot;:0,&quot;335559739&quot;:160,&quot;335559740&quot;:360}\">\u00a0<\/span><\/p>\n<p><span data-contrast=\"auto\">Questionamento 2) Considerando-se empresa fornecedora software cont\u00e1bil, e mesmo o Poder Legislativo n\u00e3o sendo o detentor do contrato, pode esse solicitar a quebra de contrato pela m\u00e1 presta\u00e7\u00e3o de servi\u00e7os e em decorr\u00eancia abrir processo licitat\u00f3rio aut\u00f3nomo para contrata\u00e7\u00e3o de empresa id\u00f4nea capaz de suprir as demandas administrativas desse poder? <\/span><span data-ccp-props=\"{&quot;134233117&quot;:false,&quot;134233118&quot;:false,&quot;201341983&quot;:0,&quot;335551550&quot;:6,&quot;335551620&quot;:6,&quot;335559685&quot;:0,&quot;335559737&quot;:0,&quot;335559738&quot;:0,&quot;335559739&quot;:160,&quot;335559740&quot;:360}\">\u00a0<\/span><\/p>\n<p><span data-contrast=\"auto\">Resposta: Com efeito, as C\u00e2maras Municipais det\u00eam plena legitimidade para fiscalizar eventuais irregularidades na execu\u00e7\u00e3o da presta\u00e7\u00e3o de servi\u00e7os de fornecimento de software cont\u00e1beis para gerenciamento do SIAFIC, e, se for o caso, sustar os respectivos contratos firmados pelo Poder Executivo, nos termos do art. 31 da Constitui\u00e7\u00e3o Federal e no art. 75, \u00a7 1\u00ba da Constitui\u00e7\u00e3o do Estado do Paran\u00e1 e notificar o gestor e fiscal do contrato para que adotem as provid\u00eancias cab\u00edveis previstas na Lei de Licita\u00e7\u00f5es.<\/span><span data-ccp-props=\"{&quot;134233117&quot;:false,&quot;134233118&quot;:false,&quot;201341983&quot;:0,&quot;335551550&quot;:6,&quot;335551620&quot;:6,&quot;335559685&quot;:0,&quot;335559737&quot;:0,&quot;335559738&quot;:0,&quot;335559739&quot;:160,&quot;335559740&quot;:360}\">\u00a0<\/span><\/p>\n<p><span data-contrast=\"auto\">Ap\u00f3s tr\u00e2nsito em julgado, o Relator determinou a remessa dos autos \u00e0 Supervis\u00e3o de Jurisprud\u00eancia e Biblioteca (SJB) para os registros pertinentes, no \u00e2mbito de suas compet\u00eancias regimentais e, posteriormente, \u00e0 Diretoria de Protocolo para o encerramento do processo, nos termos do art. 398, \u00a7 1\u00ba e art. 168, VII, do Regimento Interno.<\/span><span data-ccp-props=\"{&quot;134233117&quot;:false,&quot;134233118&quot;:false,&quot;201341983&quot;:0,&quot;335551550&quot;:6,&quot;335551620&quot;:6,&quot;335559685&quot;:0,&quot;335559737&quot;:0,&quot;335559738&quot;:0,&quot;335559739&quot;:160,&quot;335559740&quot;:360}\">\u00a0<\/span><\/p>\n<p>&nbsp;<\/p>\n<blockquote><p><span style=\"color: #820007;\"><strong><u>Informa\u00e7\u00e3o para consulta processual<\/u><\/strong><\/span><\/p>\n<table style=\"height: 183px;\" border=\"0\" width=\"478\" cellspacing=\"0\" cellpadding=\"0\">\n<tbody>\n<tr>\n<td><strong>Processo n\u00ba<\/strong>:<\/td>\n<td>98030\/24<\/td>\n<\/tr>\n<tr>\n<td><strong>Ac\u00f3rd\u00e3o n\u00ba<\/strong>:<\/td>\n<td>1692\/25<\/td>\n<\/tr>\n<tr>\n<td><strong>Assunto<\/strong>:<\/td>\n<td>Consulta<\/td>\n<\/tr>\n<tr>\n<td><strong>Entidade<\/strong>:<\/td>\n<td>C\u00e2mara Municipal de Ibipor\u00e3<\/td>\n<\/tr>\n<tr>\n<td><strong>Relator<\/strong>:<\/td>\n<td><span class=\"TextRun SCXW238999374 BCX0\" lang=\"PT-BR\" xml:lang=\"PT-BR\" data-contrast=\"auto\"><span class=\"NormalTextRun SCXW238999374 BCX0\">Conselheiro <span class=\"TextRun SCXW31104370 BCX0\" lang=\"PT-BR\" xml:lang=\"PT-BR\" data-contrast=\"auto\"><span class=\"NormalTextRun SCXW31104370 BCX0\">Augustinho Zucchi<\/span><\/span><\/span><\/span><\/td>\n<\/tr>\n<\/tbody>\n<\/table>\n<\/blockquote>\n","protected":false},"excerpt":{"rendered":"<p>\u00c9 vedada a exist\u00eancia paralela de sistemas computacionais para atendimento do Sistema \u00danico e Integrado de Execu\u00e7\u00e3o Or\u00e7ament\u00e1ria, Administra\u00e7\u00e3o Financeira e Controle (SIAFIC), competindo ao Poder Executivo implantar, manter e gerir o sistema (ou software) \u00fanico e integrado, conforme o art. 48, \u00a7 6\u00ba da LRF e do art. 1\u00ba, \u00a7 1\u00ba do Decreto n\u00ba [&hellip;]<\/p>\n","protected":false},"author":1,"featured_media":24059,"comment_status":"open","ping_status":"open","sticky":false,"template":"","format":"standard","meta":{"_monsterinsights_skip_tracking":false,"_monsterinsights_sitenote_active":false,"_monsterinsights_sitenote_note":"","_monsterinsights_sitenote_category":0,"footnotes":""},"categories":[7],"tags":[197,441,13,789,790,39,71],"class_list":["post-24055","post","type-post","status-publish","format-standard","has-post-thumbnail","hentry","category-todas-as-noticias","tag-consulta","tag-ibipora","tag-mpc-pr","tag-siafic","tag-software","tag-tce-pr","tag-tribunal-pleno","entry","has-media"],"yoast_head":"<!-- This site is optimized with the Yoast SEO plugin v27.3 - https:\/\/yoast.com\/product\/yoast-seo-wordpress\/ -->\n<title>Cabe ao Poder Executivo e Legislativo o acompanhamento da presta\u00e7\u00e3o de servi\u00e7os de software cont\u00e1bil para implementa\u00e7\u00e3o do sistema SIAFIC - Minist\u00e9rio P\u00fablico de Contas do Estado do Paran\u00e1<\/title>\n<meta name=\"robots\" content=\"index, follow, max-snippet:-1, max-image-preview:large, max-video-preview:-1\" \/>\n<link rel=\"canonical\" href=\"https:\/\/www.mpc.pr.gov.br\/index.php\/cabe-ao-poder-executivo-e-legislativo-o-acompanhamento-da-prestacao-de-servicos-de-software-contabil-para-implementacao-do-sistema-siafic\/\" \/>\n<meta property=\"og:locale\" content=\"pt_BR\" \/>\n<meta property=\"og:type\" content=\"article\" \/>\n<meta property=\"og:title\" content=\"Cabe ao Poder Executivo e Legislativo o acompanhamento da presta\u00e7\u00e3o de servi\u00e7os de software cont\u00e1bil para implementa\u00e7\u00e3o do sistema SIAFIC - Minist\u00e9rio P\u00fablico de Contas do Estado do Paran\u00e1\" \/>\n<meta property=\"og:description\" content=\"\u00c9 vedada a exist\u00eancia paralela de sistemas computacionais para atendimento do Sistema \u00danico e Integrado de Execu\u00e7\u00e3o Or\u00e7ament\u00e1ria, Administra\u00e7\u00e3o Financeira e Controle (SIAFIC), competindo ao Poder Executivo implantar, manter e gerir o sistema (ou software) \u00fanico e integrado, conforme o art. 48, \u00a7 6\u00ba da LRF e do art. 1\u00ba, \u00a7 1\u00ba do Decreto n\u00ba [&hellip;]\" \/>\n<meta property=\"og:url\" content=\"https:\/\/www.mpc.pr.gov.br\/index.php\/cabe-ao-poder-executivo-e-legislativo-o-acompanhamento-da-prestacao-de-servicos-de-software-contabil-para-implementacao-do-sistema-siafic\/\" \/>\n<meta property=\"og:site_name\" content=\"Minist\u00e9rio P\u00fablico de Contas do Estado do Paran\u00e1\" \/>\n<meta property=\"article:publisher\" content=\"https:\/\/www.facebook.com\/mpc.pr\" \/>\n<meta property=\"article:published_time\" content=\"2025-07-22T12:55:42+00:00\" \/>\n<meta property=\"article:modified_time\" content=\"2025-08-05T11:27:51+00:00\" \/>\n<meta property=\"og:image\" content=\"https:\/\/www.mpc.pr.gov.br\/wp-content\/uploads\/2025\/07\/ibipora-camara-DIRP-CMI.jpg\" \/>\n\t<meta property=\"og:image:width\" content=\"1500\" \/>\n\t<meta property=\"og:image:height\" content=\"1000\" \/>\n\t<meta property=\"og:image:type\" content=\"image\/jpeg\" \/>\n<meta name=\"author\" content=\"mpcontaspr\" \/>\n<meta name=\"twitter:card\" content=\"summary_large_image\" \/>\n<meta name=\"twitter:label1\" content=\"Escrito por\" \/>\n\t<meta name=\"twitter:data1\" content=\"mpcontaspr\" \/>\n\t<meta name=\"twitter:label2\" content=\"Est. tempo de leitura\" \/>\n\t<meta name=\"twitter:data2\" content=\"7 minutos\" \/>\n<script type=\"application\/ld+json\" class=\"yoast-schema-graph\">{\"@context\":\"https:\\\/\\\/schema.org\",\"@graph\":[{\"@type\":\"Article\",\"@id\":\"https:\\\/\\\/www.mpc.pr.gov.br\\\/index.php\\\/cabe-ao-poder-executivo-e-legislativo-o-acompanhamento-da-prestacao-de-servicos-de-software-contabil-para-implementacao-do-sistema-siafic\\\/#article\",\"isPartOf\":{\"@id\":\"https:\\\/\\\/www.mpc.pr.gov.br\\\/index.php\\\/cabe-ao-poder-executivo-e-legislativo-o-acompanhamento-da-prestacao-de-servicos-de-software-contabil-para-implementacao-do-sistema-siafic\\\/\"},\"author\":{\"name\":\"mpcontaspr\",\"@id\":\"https:\\\/\\\/www.mpc.pr.gov.br\\\/#\\\/schema\\\/person\\\/2d83cb8980538d0ec174e8a6284f5e11\"},\"headline\":\"Cabe ao Poder Executivo e Legislativo o acompanhamento da presta\u00e7\u00e3o de servi\u00e7os de software cont\u00e1bil para implementa\u00e7\u00e3o do sistema SIAFIC\",\"datePublished\":\"2025-07-22T12:55:42+00:00\",\"dateModified\":\"2025-08-05T11:27:51+00:00\",\"mainEntityOfPage\":{\"@id\":\"https:\\\/\\\/www.mpc.pr.gov.br\\\/index.php\\\/cabe-ao-poder-executivo-e-legislativo-o-acompanhamento-da-prestacao-de-servicos-de-software-contabil-para-implementacao-do-sistema-siafic\\\/\"},\"wordCount\":1349,\"commentCount\":0,\"publisher\":{\"@id\":\"https:\\\/\\\/www.mpc.pr.gov.br\\\/#organization\"},\"image\":{\"@id\":\"https:\\\/\\\/www.mpc.pr.gov.br\\\/index.php\\\/cabe-ao-poder-executivo-e-legislativo-o-acompanhamento-da-prestacao-de-servicos-de-software-contabil-para-implementacao-do-sistema-siafic\\\/#primaryimage\"},\"thumbnailUrl\":\"https:\\\/\\\/www.mpc.pr.gov.br\\\/wp-content\\\/uploads\\\/2025\\\/07\\\/ibipora-camara-DIRP-CMI.jpg\",\"keywords\":[\"Consulta\",\"Ibipor\u00e3\",\"MPC-PR\",\"SIAFIC\",\"Software\",\"TCE-PR\",\"Tribunal Pleno\"],\"articleSection\":[\"Todas as not\u00edcias\"],\"inLanguage\":\"pt-BR\",\"potentialAction\":[{\"@type\":\"CommentAction\",\"name\":\"Comment\",\"target\":[\"https:\\\/\\\/www.mpc.pr.gov.br\\\/index.php\\\/cabe-ao-poder-executivo-e-legislativo-o-acompanhamento-da-prestacao-de-servicos-de-software-contabil-para-implementacao-do-sistema-siafic\\\/#respond\"]}]},{\"@type\":\"WebPage\",\"@id\":\"https:\\\/\\\/www.mpc.pr.gov.br\\\/index.php\\\/cabe-ao-poder-executivo-e-legislativo-o-acompanhamento-da-prestacao-de-servicos-de-software-contabil-para-implementacao-do-sistema-siafic\\\/\",\"url\":\"https:\\\/\\\/www.mpc.pr.gov.br\\\/index.php\\\/cabe-ao-poder-executivo-e-legislativo-o-acompanhamento-da-prestacao-de-servicos-de-software-contabil-para-implementacao-do-sistema-siafic\\\/\",\"name\":\"Cabe ao Poder Executivo e Legislativo o acompanhamento da presta\u00e7\u00e3o de servi\u00e7os de software cont\u00e1bil para implementa\u00e7\u00e3o do sistema SIAFIC - Minist\u00e9rio P\u00fablico de Contas do Estado do Paran\u00e1\",\"isPartOf\":{\"@id\":\"https:\\\/\\\/www.mpc.pr.gov.br\\\/#website\"},\"primaryImageOfPage\":{\"@id\":\"https:\\\/\\\/www.mpc.pr.gov.br\\\/index.php\\\/cabe-ao-poder-executivo-e-legislativo-o-acompanhamento-da-prestacao-de-servicos-de-software-contabil-para-implementacao-do-sistema-siafic\\\/#primaryimage\"},\"image\":{\"@id\":\"https:\\\/\\\/www.mpc.pr.gov.br\\\/index.php\\\/cabe-ao-poder-executivo-e-legislativo-o-acompanhamento-da-prestacao-de-servicos-de-software-contabil-para-implementacao-do-sistema-siafic\\\/#primaryimage\"},\"thumbnailUrl\":\"https:\\\/\\\/www.mpc.pr.gov.br\\\/wp-content\\\/uploads\\\/2025\\\/07\\\/ibipora-camara-DIRP-CMI.jpg\",\"datePublished\":\"2025-07-22T12:55:42+00:00\",\"dateModified\":\"2025-08-05T11:27:51+00:00\",\"breadcrumb\":{\"@id\":\"https:\\\/\\\/www.mpc.pr.gov.br\\\/index.php\\\/cabe-ao-poder-executivo-e-legislativo-o-acompanhamento-da-prestacao-de-servicos-de-software-contabil-para-implementacao-do-sistema-siafic\\\/#breadcrumb\"},\"inLanguage\":\"pt-BR\",\"potentialAction\":[{\"@type\":\"ReadAction\",\"target\":[\"https:\\\/\\\/www.mpc.pr.gov.br\\\/index.php\\\/cabe-ao-poder-executivo-e-legislativo-o-acompanhamento-da-prestacao-de-servicos-de-software-contabil-para-implementacao-do-sistema-siafic\\\/\"]}]},{\"@type\":\"ImageObject\",\"inLanguage\":\"pt-BR\",\"@id\":\"https:\\\/\\\/www.mpc.pr.gov.br\\\/index.php\\\/cabe-ao-poder-executivo-e-legislativo-o-acompanhamento-da-prestacao-de-servicos-de-software-contabil-para-implementacao-do-sistema-siafic\\\/#primaryimage\",\"url\":\"https:\\\/\\\/www.mpc.pr.gov.br\\\/wp-content\\\/uploads\\\/2025\\\/07\\\/ibipora-camara-DIRP-CMI.jpg\",\"contentUrl\":\"https:\\\/\\\/www.mpc.pr.gov.br\\\/wp-content\\\/uploads\\\/2025\\\/07\\\/ibipora-camara-DIRP-CMI.jpg\",\"width\":1500,\"height\":1000,\"caption\":\"Sede da C\u00e2mara Municipal de Ibipor\u00e3. Foto: DIRP-CMI.\"},{\"@type\":\"BreadcrumbList\",\"@id\":\"https:\\\/\\\/www.mpc.pr.gov.br\\\/index.php\\\/cabe-ao-poder-executivo-e-legislativo-o-acompanhamento-da-prestacao-de-servicos-de-software-contabil-para-implementacao-do-sistema-siafic\\\/#breadcrumb\",\"itemListElement\":[{\"@type\":\"ListItem\",\"position\":1,\"name\":\"In\u00edcio\",\"item\":\"https:\\\/\\\/www.mpc.pr.gov.br\\\/\"},{\"@type\":\"ListItem\",\"position\":2,\"name\":\"Cabe ao Poder Executivo e Legislativo o acompanhamento da presta\u00e7\u00e3o de servi\u00e7os de software cont\u00e1bil para implementa\u00e7\u00e3o do sistema SIAFIC\"}]},{\"@type\":\"WebSite\",\"@id\":\"https:\\\/\\\/www.mpc.pr.gov.br\\\/#website\",\"url\":\"https:\\\/\\\/www.mpc.pr.gov.br\\\/\",\"name\":\"Minist\u00e9rio P\u00fablico de Contas do Estado do Paran\u00e1\",\"description\":\"\",\"publisher\":{\"@id\":\"https:\\\/\\\/www.mpc.pr.gov.br\\\/#organization\"},\"potentialAction\":[{\"@type\":\"SearchAction\",\"target\":{\"@type\":\"EntryPoint\",\"urlTemplate\":\"https:\\\/\\\/www.mpc.pr.gov.br\\\/?s={search_term_string}\"},\"query-input\":{\"@type\":\"PropertyValueSpecification\",\"valueRequired\":true,\"valueName\":\"search_term_string\"}}],\"inLanguage\":\"pt-BR\"},{\"@type\":\"Organization\",\"@id\":\"https:\\\/\\\/www.mpc.pr.gov.br\\\/#organization\",\"name\":\"Minist\u00e9rio P\u00fablico de Contas do Estado do Paran\u00e1\",\"url\":\"https:\\\/\\\/www.mpc.pr.gov.br\\\/\",\"logo\":{\"@type\":\"ImageObject\",\"inLanguage\":\"pt-BR\",\"@id\":\"https:\\\/\\\/www.mpc.pr.gov.br\\\/#\\\/schema\\\/logo\\\/image\\\/\",\"url\":\"https:\\\/\\\/www.mpc.pr.gov.br\\\/wp-content\\\/uploads\\\/2020\\\/06\\\/99423647_1593460364143890_6706793420720963584_n-1-e1591387983167.png\",\"contentUrl\":\"https:\\\/\\\/www.mpc.pr.gov.br\\\/wp-content\\\/uploads\\\/2020\\\/06\\\/99423647_1593460364143890_6706793420720963584_n-1-e1591387983167.png\",\"width\":243,\"height\":73,\"caption\":\"Minist\u00e9rio P\u00fablico de Contas do Estado do Paran\u00e1\"},\"image\":{\"@id\":\"https:\\\/\\\/www.mpc.pr.gov.br\\\/#\\\/schema\\\/logo\\\/image\\\/\"},\"sameAs\":[\"https:\\\/\\\/www.facebook.com\\\/mpc.pr\",\"https:\\\/\\\/www.instagram.com\\\/mpc.pr\\\/?hl=pt-br\",\"https:\\\/\\\/www.youtube.com\\\/channel\\\/UCHri5oEM8DV0ztX57E0sBSw\"]},{\"@type\":\"Person\",\"@id\":\"https:\\\/\\\/www.mpc.pr.gov.br\\\/#\\\/schema\\\/person\\\/2d83cb8980538d0ec174e8a6284f5e11\",\"name\":\"mpcontaspr\",\"image\":{\"@type\":\"ImageObject\",\"inLanguage\":\"pt-BR\",\"@id\":\"https:\\\/\\\/secure.gravatar.com\\\/avatar\\\/1aef51541db7622e05fd639336c9c9f312c2a618396e2b6ca96846362fc5403f?s=96&d=mm&r=g\",\"url\":\"https:\\\/\\\/secure.gravatar.com\\\/avatar\\\/1aef51541db7622e05fd639336c9c9f312c2a618396e2b6ca96846362fc5403f?s=96&d=mm&r=g\",\"contentUrl\":\"https:\\\/\\\/secure.gravatar.com\\\/avatar\\\/1aef51541db7622e05fd639336c9c9f312c2a618396e2b6ca96846362fc5403f?s=96&d=mm&r=g\",\"caption\":\"mpcontaspr\"},\"sameAs\":[\"http:\\\/\\\/www.mpc.pr.gov.br\"]}]}<\/script>\n<!-- \/ Yoast SEO plugin. -->","yoast_head_json":{"title":"Cabe ao Poder Executivo e Legislativo o acompanhamento da presta\u00e7\u00e3o de servi\u00e7os de software cont\u00e1bil para implementa\u00e7\u00e3o do sistema SIAFIC - Minist\u00e9rio P\u00fablico de Contas do Estado do Paran\u00e1","robots":{"index":"index","follow":"follow","max-snippet":"max-snippet:-1","max-image-preview":"max-image-preview:large","max-video-preview":"max-video-preview:-1"},"canonical":"https:\/\/www.mpc.pr.gov.br\/index.php\/cabe-ao-poder-executivo-e-legislativo-o-acompanhamento-da-prestacao-de-servicos-de-software-contabil-para-implementacao-do-sistema-siafic\/","og_locale":"pt_BR","og_type":"article","og_title":"Cabe ao Poder Executivo e Legislativo o acompanhamento da presta\u00e7\u00e3o de servi\u00e7os de software cont\u00e1bil para implementa\u00e7\u00e3o do sistema SIAFIC - Minist\u00e9rio P\u00fablico de Contas do Estado do Paran\u00e1","og_description":"\u00c9 vedada a exist\u00eancia paralela de sistemas computacionais para atendimento do Sistema \u00danico e Integrado de Execu\u00e7\u00e3o Or\u00e7ament\u00e1ria, Administra\u00e7\u00e3o Financeira e Controle (SIAFIC), competindo ao Poder Executivo implantar, manter e gerir o sistema (ou software) \u00fanico e integrado, conforme o art. 48, \u00a7 6\u00ba da LRF e do art. 1\u00ba, \u00a7 1\u00ba do Decreto n\u00ba [&hellip;]","og_url":"https:\/\/www.mpc.pr.gov.br\/index.php\/cabe-ao-poder-executivo-e-legislativo-o-acompanhamento-da-prestacao-de-servicos-de-software-contabil-para-implementacao-do-sistema-siafic\/","og_site_name":"Minist\u00e9rio P\u00fablico de Contas do Estado do Paran\u00e1","article_publisher":"https:\/\/www.facebook.com\/mpc.pr","article_published_time":"2025-07-22T12:55:42+00:00","article_modified_time":"2025-08-05T11:27:51+00:00","og_image":[{"width":1500,"height":1000,"url":"https:\/\/www.mpc.pr.gov.br\/wp-content\/uploads\/2025\/07\/ibipora-camara-DIRP-CMI.jpg","type":"image\/jpeg"}],"author":"mpcontaspr","twitter_card":"summary_large_image","twitter_misc":{"Escrito por":"mpcontaspr","Est. tempo de leitura":"7 minutos"},"schema":{"@context":"https:\/\/schema.org","@graph":[{"@type":"Article","@id":"https:\/\/www.mpc.pr.gov.br\/index.php\/cabe-ao-poder-executivo-e-legislativo-o-acompanhamento-da-prestacao-de-servicos-de-software-contabil-para-implementacao-do-sistema-siafic\/#article","isPartOf":{"@id":"https:\/\/www.mpc.pr.gov.br\/index.php\/cabe-ao-poder-executivo-e-legislativo-o-acompanhamento-da-prestacao-de-servicos-de-software-contabil-para-implementacao-do-sistema-siafic\/"},"author":{"name":"mpcontaspr","@id":"https:\/\/www.mpc.pr.gov.br\/#\/schema\/person\/2d83cb8980538d0ec174e8a6284f5e11"},"headline":"Cabe ao Poder Executivo e Legislativo o acompanhamento da presta\u00e7\u00e3o de servi\u00e7os de software cont\u00e1bil para implementa\u00e7\u00e3o do sistema SIAFIC","datePublished":"2025-07-22T12:55:42+00:00","dateModified":"2025-08-05T11:27:51+00:00","mainEntityOfPage":{"@id":"https:\/\/www.mpc.pr.gov.br\/index.php\/cabe-ao-poder-executivo-e-legislativo-o-acompanhamento-da-prestacao-de-servicos-de-software-contabil-para-implementacao-do-sistema-siafic\/"},"wordCount":1349,"commentCount":0,"publisher":{"@id":"https:\/\/www.mpc.pr.gov.br\/#organization"},"image":{"@id":"https:\/\/www.mpc.pr.gov.br\/index.php\/cabe-ao-poder-executivo-e-legislativo-o-acompanhamento-da-prestacao-de-servicos-de-software-contabil-para-implementacao-do-sistema-siafic\/#primaryimage"},"thumbnailUrl":"https:\/\/www.mpc.pr.gov.br\/wp-content\/uploads\/2025\/07\/ibipora-camara-DIRP-CMI.jpg","keywords":["Consulta","Ibipor\u00e3","MPC-PR","SIAFIC","Software","TCE-PR","Tribunal Pleno"],"articleSection":["Todas as not\u00edcias"],"inLanguage":"pt-BR","potentialAction":[{"@type":"CommentAction","name":"Comment","target":["https:\/\/www.mpc.pr.gov.br\/index.php\/cabe-ao-poder-executivo-e-legislativo-o-acompanhamento-da-prestacao-de-servicos-de-software-contabil-para-implementacao-do-sistema-siafic\/#respond"]}]},{"@type":"WebPage","@id":"https:\/\/www.mpc.pr.gov.br\/index.php\/cabe-ao-poder-executivo-e-legislativo-o-acompanhamento-da-prestacao-de-servicos-de-software-contabil-para-implementacao-do-sistema-siafic\/","url":"https:\/\/www.mpc.pr.gov.br\/index.php\/cabe-ao-poder-executivo-e-legislativo-o-acompanhamento-da-prestacao-de-servicos-de-software-contabil-para-implementacao-do-sistema-siafic\/","name":"Cabe ao Poder Executivo e Legislativo o acompanhamento da presta\u00e7\u00e3o de servi\u00e7os de software cont\u00e1bil para implementa\u00e7\u00e3o do sistema SIAFIC - Minist\u00e9rio P\u00fablico de Contas do Estado do Paran\u00e1","isPartOf":{"@id":"https:\/\/www.mpc.pr.gov.br\/#website"},"primaryImageOfPage":{"@id":"https:\/\/www.mpc.pr.gov.br\/index.php\/cabe-ao-poder-executivo-e-legislativo-o-acompanhamento-da-prestacao-de-servicos-de-software-contabil-para-implementacao-do-sistema-siafic\/#primaryimage"},"image":{"@id":"https:\/\/www.mpc.pr.gov.br\/index.php\/cabe-ao-poder-executivo-e-legislativo-o-acompanhamento-da-prestacao-de-servicos-de-software-contabil-para-implementacao-do-sistema-siafic\/#primaryimage"},"thumbnailUrl":"https:\/\/www.mpc.pr.gov.br\/wp-content\/uploads\/2025\/07\/ibipora-camara-DIRP-CMI.jpg","datePublished":"2025-07-22T12:55:42+00:00","dateModified":"2025-08-05T11:27:51+00:00","breadcrumb":{"@id":"https:\/\/www.mpc.pr.gov.br\/index.php\/cabe-ao-poder-executivo-e-legislativo-o-acompanhamento-da-prestacao-de-servicos-de-software-contabil-para-implementacao-do-sistema-siafic\/#breadcrumb"},"inLanguage":"pt-BR","potentialAction":[{"@type":"ReadAction","target":["https:\/\/www.mpc.pr.gov.br\/index.php\/cabe-ao-poder-executivo-e-legislativo-o-acompanhamento-da-prestacao-de-servicos-de-software-contabil-para-implementacao-do-sistema-siafic\/"]}]},{"@type":"ImageObject","inLanguage":"pt-BR","@id":"https:\/\/www.mpc.pr.gov.br\/index.php\/cabe-ao-poder-executivo-e-legislativo-o-acompanhamento-da-prestacao-de-servicos-de-software-contabil-para-implementacao-do-sistema-siafic\/#primaryimage","url":"https:\/\/www.mpc.pr.gov.br\/wp-content\/uploads\/2025\/07\/ibipora-camara-DIRP-CMI.jpg","contentUrl":"https:\/\/www.mpc.pr.gov.br\/wp-content\/uploads\/2025\/07\/ibipora-camara-DIRP-CMI.jpg","width":1500,"height":1000,"caption":"Sede da C\u00e2mara Municipal de Ibipor\u00e3. Foto: DIRP-CMI."},{"@type":"BreadcrumbList","@id":"https:\/\/www.mpc.pr.gov.br\/index.php\/cabe-ao-poder-executivo-e-legislativo-o-acompanhamento-da-prestacao-de-servicos-de-software-contabil-para-implementacao-do-sistema-siafic\/#breadcrumb","itemListElement":[{"@type":"ListItem","position":1,"name":"In\u00edcio","item":"https:\/\/www.mpc.pr.gov.br\/"},{"@type":"ListItem","position":2,"name":"Cabe ao Poder Executivo e Legislativo o acompanhamento da presta\u00e7\u00e3o de servi\u00e7os de software cont\u00e1bil para implementa\u00e7\u00e3o do sistema SIAFIC"}]},{"@type":"WebSite","@id":"https:\/\/www.mpc.pr.gov.br\/#website","url":"https:\/\/www.mpc.pr.gov.br\/","name":"Minist\u00e9rio P\u00fablico de Contas do Estado do Paran\u00e1","description":"","publisher":{"@id":"https:\/\/www.mpc.pr.gov.br\/#organization"},"potentialAction":[{"@type":"SearchAction","target":{"@type":"EntryPoint","urlTemplate":"https:\/\/www.mpc.pr.gov.br\/?s={search_term_string}"},"query-input":{"@type":"PropertyValueSpecification","valueRequired":true,"valueName":"search_term_string"}}],"inLanguage":"pt-BR"},{"@type":"Organization","@id":"https:\/\/www.mpc.pr.gov.br\/#organization","name":"Minist\u00e9rio P\u00fablico de Contas do Estado do Paran\u00e1","url":"https:\/\/www.mpc.pr.gov.br\/","logo":{"@type":"ImageObject","inLanguage":"pt-BR","@id":"https:\/\/www.mpc.pr.gov.br\/#\/schema\/logo\/image\/","url":"https:\/\/www.mpc.pr.gov.br\/wp-content\/uploads\/2020\/06\/99423647_1593460364143890_6706793420720963584_n-1-e1591387983167.png","contentUrl":"https:\/\/www.mpc.pr.gov.br\/wp-content\/uploads\/2020\/06\/99423647_1593460364143890_6706793420720963584_n-1-e1591387983167.png","width":243,"height":73,"caption":"Minist\u00e9rio P\u00fablico de Contas do Estado do Paran\u00e1"},"image":{"@id":"https:\/\/www.mpc.pr.gov.br\/#\/schema\/logo\/image\/"},"sameAs":["https:\/\/www.facebook.com\/mpc.pr","https:\/\/www.instagram.com\/mpc.pr\/?hl=pt-br","https:\/\/www.youtube.com\/channel\/UCHri5oEM8DV0ztX57E0sBSw"]},{"@type":"Person","@id":"https:\/\/www.mpc.pr.gov.br\/#\/schema\/person\/2d83cb8980538d0ec174e8a6284f5e11","name":"mpcontaspr","image":{"@type":"ImageObject","inLanguage":"pt-BR","@id":"https:\/\/secure.gravatar.com\/avatar\/1aef51541db7622e05fd639336c9c9f312c2a618396e2b6ca96846362fc5403f?s=96&d=mm&r=g","url":"https:\/\/secure.gravatar.com\/avatar\/1aef51541db7622e05fd639336c9c9f312c2a618396e2b6ca96846362fc5403f?s=96&d=mm&r=g","contentUrl":"https:\/\/secure.gravatar.com\/avatar\/1aef51541db7622e05fd639336c9c9f312c2a618396e2b6ca96846362fc5403f?s=96&d=mm&r=g","caption":"mpcontaspr"},"sameAs":["http:\/\/www.mpc.pr.gov.br"]}]}},"rttpg_featured_image_url":{"full":["https:\/\/www.mpc.pr.gov.br\/wp-content\/uploads\/2025\/07\/ibipora-camara-DIRP-CMI.jpg",1500,1000,false],"landscape":["https:\/\/www.mpc.pr.gov.br\/wp-content\/uploads\/2025\/07\/ibipora-camara-DIRP-CMI.jpg",1500,1000,false],"portraits":["https:\/\/www.mpc.pr.gov.br\/wp-content\/uploads\/2025\/07\/ibipora-camara-DIRP-CMI.jpg",1500,1000,false],"thumbnail":["https:\/\/www.mpc.pr.gov.br\/wp-content\/uploads\/2025\/07\/ibipora-camara-DIRP-CMI-150x150.jpg",150,150,true],"medium":["https:\/\/www.mpc.pr.gov.br\/wp-content\/uploads\/2025\/07\/ibipora-camara-DIRP-CMI-300x200.jpg",300,200,true],"large":["https:\/\/www.mpc.pr.gov.br\/wp-content\/uploads\/2025\/07\/ibipora-camara-DIRP-CMI-1024x683.jpg",1024,683,true],"1536x1536":["https:\/\/www.mpc.pr.gov.br\/wp-content\/uploads\/2025\/07\/ibipora-camara-DIRP-CMI.jpg",1500,1000,false],"2048x2048":["https:\/\/www.mpc.pr.gov.br\/wp-content\/uploads\/2025\/07\/ibipora-camara-DIRP-CMI.jpg",1500,1000,false],"ocean-thumb-m":["https:\/\/www.mpc.pr.gov.br\/wp-content\/uploads\/2025\/07\/ibipora-camara-DIRP-CMI-600x600.jpg",600,600,true],"ocean-thumb-ml":["https:\/\/www.mpc.pr.gov.br\/wp-content\/uploads\/2025\/07\/ibipora-camara-DIRP-CMI-800x450.jpg",800,450,true],"ocean-thumb-l":["https:\/\/www.mpc.pr.gov.br\/wp-content\/uploads\/2025\/07\/ibipora-camara-DIRP-CMI-1200x700.jpg",1200,700,true]},"rttpg_author":{"display_name":"mpcontaspr","author_link":"https:\/\/www.mpc.pr.gov.br\/index.php\/author\/mpcontaspr\/"},"rttpg_comment":0,"rttpg_category":"<a href=\"https:\/\/www.mpc.pr.gov.br\/index.php\/category\/todas-as-noticias\/\" rel=\"category tag\">Todas as not\u00edcias<\/a>","rttpg_excerpt":"\u00c9 vedada a exist\u00eancia paralela de sistemas computacionais para atendimento do Sistema \u00danico e Integrado de Execu\u00e7\u00e3o Or\u00e7ament\u00e1ria, Administra\u00e7\u00e3o Financeira e Controle (SIAFIC), competindo ao Poder Executivo implantar, manter e gerir o sistema (ou software) \u00fanico e integrado, conforme o art. 48, \u00a7 6\u00ba da LRF e do art. 1\u00ba, \u00a7 1\u00ba do Decreto n\u00ba&hellip;","_links":{"self":[{"href":"https:\/\/www.mpc.pr.gov.br\/index.php\/wp-json\/wp\/v2\/posts\/24055","targetHints":{"allow":["GET"]}}],"collection":[{"href":"https:\/\/www.mpc.pr.gov.br\/index.php\/wp-json\/wp\/v2\/posts"}],"about":[{"href":"https:\/\/www.mpc.pr.gov.br\/index.php\/wp-json\/wp\/v2\/types\/post"}],"author":[{"embeddable":true,"href":"https:\/\/www.mpc.pr.gov.br\/index.php\/wp-json\/wp\/v2\/users\/1"}],"replies":[{"embeddable":true,"href":"https:\/\/www.mpc.pr.gov.br\/index.php\/wp-json\/wp\/v2\/comments?post=24055"}],"version-history":[{"count":2,"href":"https:\/\/www.mpc.pr.gov.br\/index.php\/wp-json\/wp\/v2\/posts\/24055\/revisions"}],"predecessor-version":[{"id":24150,"href":"https:\/\/www.mpc.pr.gov.br\/index.php\/wp-json\/wp\/v2\/posts\/24055\/revisions\/24150"}],"wp:featuredmedia":[{"embeddable":true,"href":"https:\/\/www.mpc.pr.gov.br\/index.php\/wp-json\/wp\/v2\/media\/24059"}],"wp:attachment":[{"href":"https:\/\/www.mpc.pr.gov.br\/index.php\/wp-json\/wp\/v2\/media?parent=24055"}],"wp:term":[{"taxonomy":"category","embeddable":true,"href":"https:\/\/www.mpc.pr.gov.br\/index.php\/wp-json\/wp\/v2\/categories?post=24055"},{"taxonomy":"post_tag","embeddable":true,"href":"https:\/\/www.mpc.pr.gov.br\/index.php\/wp-json\/wp\/v2\/tags?post=24055"}],"curies":[{"name":"wp","href":"https:\/\/api.w.org\/{rel}","templated":true}]}}