{"id":24064,"date":"2025-07-24T14:32:22","date_gmt":"2025-07-24T17:32:22","guid":{"rendered":"https:\/\/www.mpc.pr.gov.br\/?p=24064"},"modified":"2025-08-05T14:01:54","modified_gmt":"2025-08-05T17:01:54","slug":"periodo-eleitoral-e-vedada-a-contratacao-de-operacoes-de-credito-nos-120-dias-anteriores-ao-final-do-mandato-dos-governadores-e-prefeitos","status":"publish","type":"post","link":"https:\/\/www.mpc.pr.gov.br\/index.php\/periodo-eleitoral-e-vedada-a-contratacao-de-operacoes-de-credito-nos-120-dias-anteriores-ao-final-do-mandato-dos-governadores-e-prefeitos\/","title":{"rendered":"Per\u00edodo eleitoral: \u00e9 vedada a contrata\u00e7\u00e3o de opera\u00e7\u00f5es de cr\u00e9dito nos 120 dias anteriores ao final do mandato dos Governadores e Prefeitos"},"content":{"rendered":"<figure id=\"attachment_24069\" aria-describedby=\"caption-attachment-24069\" style=\"width: 300px\" class=\"wp-caption alignright\"><img fetchpriority=\"high\" decoding=\"async\" class=\"size-medium wp-image-24069\" src=\"https:\/\/www.mpc.pr.gov.br\/wp-content\/uploads\/2025\/07\/cantagalo-prefeitura-foto-300x224.png\" alt=\"\" width=\"300\" height=\"224\" srcset=\"https:\/\/www.mpc.pr.gov.br\/wp-content\/uploads\/2025\/07\/cantagalo-prefeitura-foto-300x224.png 300w, https:\/\/www.mpc.pr.gov.br\/wp-content\/uploads\/2025\/07\/cantagalo-prefeitura-foto-768x574.png 768w, https:\/\/www.mpc.pr.gov.br\/wp-content\/uploads\/2025\/07\/cantagalo-prefeitura-foto.png 789w\" sizes=\"(max-width: 300px) 100vw, 300px\" \/><figcaption id=\"caption-attachment-24069\" class=\"wp-caption-text\">Sede da Prefeitura do Munic\u00edpio de Cantagalo, localizado pr\u00f3ximo a Guarapuava, no Centro-Sul do Estado. Foto: Prefeitura Municipal de Cantagalo.<\/figcaption><\/figure>\n<p><span data-contrast=\"auto\">\u00c9 vedada a contrata\u00e7\u00e3o de opera\u00e7\u00f5es de cr\u00e9dito nos 120\u00a0dias anteriores ao final do mandato dos Governadores e Prefeitos, salvo para refinanciamento de d\u00edvida mobili\u00e1ria e opera\u00e7\u00f5es de cr\u00e9dito autorizadas pelo Senado Federal (ou pelo Minist\u00e9rio da Fazenda, em nome do Senado), at\u00e9 120 (cento e vinte) dias antes do final dos respectivos mandatos. <\/span><span data-ccp-props=\"{&quot;201341983&quot;:0,&quot;335551550&quot;:6,&quot;335551620&quot;:6,&quot;335559740&quot;:360}\">\u00a0<\/span><\/p>\n<p><span data-contrast=\"auto\">Este \u00e9 o entendimento do Tribunal de Contas do Estado do Paran\u00e1 (TCE-PR) ao responder os questionamentos trazidos em processo de <a href=\"https:\/\/www.mpc.pr.gov.br\/wp-content\/uploads\/2025\/07\/cantagalo-consulta.pdf\">consulta<\/a> pelo <a href=\"https:\/\/cantagalo.pr.gov.br\/\">Munic\u00edpio de Cantagalo<\/a>, o qual indagou sobre a norma aplic\u00e1vel na defini\u00e7\u00e3o das condi\u00e7\u00f5es e prazos para contrata\u00e7\u00e3o de opera\u00e7\u00f5es de cr\u00e9dito, especificamente quando a Administra\u00e7\u00e3o P\u00fablica intenta assumir tal compromisso no \u00faltimo ano de mandato do Chefe do Poder Executivo.<\/span><span data-ccp-props=\"{&quot;201341983&quot;:0,&quot;335551550&quot;:6,&quot;335551620&quot;:6,&quot;335559740&quot;:360}\">\u00a0<\/span><\/p>\n<h4><b><span data-contrast=\"auto\">Parecer Jur\u00eddico<\/span><\/b><span data-ccp-props=\"{&quot;201341983&quot;:0,&quot;335551550&quot;:6,&quot;335551620&quot;:6,&quot;335559685&quot;:0,&quot;335559740&quot;:360}\">\u00a0<\/span><\/h4>\n<p><span data-contrast=\"auto\">Conforme peti\u00e7\u00e3o inicial, o Munic\u00edpio de Cantagalo apresentou as seguintes perguntas:<\/span><span data-ccp-props=\"{&quot;134233117&quot;:false,&quot;134233118&quot;:false,&quot;201341983&quot;:0,&quot;335551550&quot;:6,&quot;335551620&quot;:6,&quot;335559685&quot;:0,&quot;335559737&quot;:0,&quot;335559738&quot;:0,&quot;335559739&quot;:160,&quot;335559740&quot;:360}\">\u00a0<\/span><\/p>\n<ol>\n<li>\n<blockquote><p><span data-contrast=\"auto\">\u00c9 cab\u00edvel aplicar o artigo 42 da Lei de Responsabilidade Fiscal (LRF) como restri\u00e7\u00e3o absoluta para qualquer obriga\u00e7\u00e3o de cr\u00e9dito contra\u00edda pela administra\u00e7\u00e3o nos \u00faltimos dois quadrimestres do ano eleitoral?<\/span><span data-ccp-props=\"{&quot;201341983&quot;:0,&quot;335551550&quot;:6,&quot;335551620&quot;:6,&quot;335559740&quot;:360}\">\u00a0<\/span><\/p><\/blockquote>\n<\/li>\n<li aria-setsize=\"-1\" data-leveltext=\"%1)\" data-font=\"\" data-listid=\"1\" data-list-defn-props=\"{&quot;335551671&quot;:1,&quot;335552541&quot;:0,&quot;335559683&quot;:0,&quot;335559684&quot;:-1,&quot;335559685&quot;:720,&quot;335559991&quot;:360,&quot;469769242&quot;:[65533,0,46],&quot;469777803&quot;:&quot;left&quot;,&quot;469777804&quot;:&quot;%1)&quot;,&quot;469777815&quot;:&quot;hybridMultilevel&quot;}\" data-aria-posinset=\"2\" data-aria-level=\"1\">\n<blockquote><p><span data-contrast=\"auto\">Havendo a possibilidade e considerando as informa\u00e7\u00f5es constantes na pag. 17 do \u201cManual de Encerramento de Mandato\u201d emitido em 2024 pelo Tribunal de Contas do Estado do Paran\u00e11 (pg. 17), e Resolu\u00e7\u00e3o n\u00ba 43\/2001 do Senado Federal, artigo 15, n\u00e3o h\u00e1 veda\u00e7\u00e3o para a realiza\u00e7\u00e3o de opera\u00e7\u00e3o de cr\u00e9dito, desde que seja feito antes dos 120 dias que antecedem ao final do mandato?<\/span><\/p><\/blockquote>\n<p><span data-ccp-props=\"{&quot;201341983&quot;:0,&quot;335551550&quot;:6,&quot;335551620&quot;:6,&quot;335559740&quot;:360}\">\u00a0<\/span><\/li>\n<\/ol>\n<p><span data-contrast=\"auto\">A <a href=\"https:\/\/www.mpc.pr.gov.br\/wp-content\/uploads\/2025\/07\/cantagalo-par-juridico.pdf\">Procuradoria Municipal<\/a> apresentou parecer jur\u00eddico informando que <\/span><span data-contrast=\"auto\">a d\u00favida suscitada na consulta se refere \u00e0 possibilidade legal de contrata\u00e7\u00e3o de opera\u00e7\u00e3o de cr\u00e9dito diversa da destina \u00e0 antecipa\u00e7\u00e3o de receita or\u00e7ament\u00e1ria, disposto no artigo 38 da Lei de Responsabilidade Fiscal (LRF). Pontuou que o disposto no artigo 42 da LRF trata da assun\u00e7\u00e3o de obriga\u00e7\u00e3o de despesas do modo gen\u00e9rico, ao passo que a Resolu\u00e7\u00e3o n\u00ba 43\/2001 do Senado disp\u00f5e singularmente acerca das condi\u00e7\u00f5es para contrata\u00e7\u00e3o de opera\u00e7\u00e3o de cr\u00e9dito. <\/span><span data-ccp-props=\"{&quot;201341983&quot;:0,&quot;335551550&quot;:6,&quot;335551620&quot;:6,&quot;335559685&quot;:0,&quot;335559740&quot;:360}\">\u00a0<\/span><\/p>\n<p><span data-contrast=\"auto\">Destacou, ainda, que \u00e0 luz do princ\u00edpio da especialidade, sustenta-se que a interpreta\u00e7\u00e3o mais adequada \u00e9 a ado\u00e7\u00e3o do prazo previsto no artigo 15 da Resolu\u00e7\u00e3o n\u00ba 43\/2001 do Senado Federal, segundo a qual a contrata\u00e7\u00e3o de opera\u00e7\u00e3o de cr\u00e9dito, que n\u00e3o se destine \u00e0 antecipa\u00e7\u00e3o de receita, poder\u00e1 ser realizada at\u00e9 os 120 dias que antecedem o t\u00e9rmino do mandato.<\/span><span data-ccp-props=\"{&quot;201341983&quot;:0,&quot;335551550&quot;:6,&quot;335551620&quot;:6,&quot;335559685&quot;:0,&quot;335559740&quot;:360}\">\u00a0<\/span><\/p>\n<h4><b><span data-contrast=\"auto\">Instru\u00e7\u00e3o<\/span><\/b><span data-ccp-props=\"{&quot;201341983&quot;:0,&quot;335551550&quot;:6,&quot;335551620&quot;:6,&quot;335559685&quot;:0,&quot;335559740&quot;:360}\">\u00a0<\/span><\/h4>\n<p><span data-contrast=\"auto\">Presentes os requisitos de admissibilidade constantes do artigo 311, do Regimento Interno do TCE-PR, o<\/span><span data-contrast=\"auto\">s autos foram recebidos conforme <a href=\"https:\/\/www.mpc.pr.gov.br\/wp-content\/uploads\/2025\/07\/cantagaloDPD-1033_24-GCFSC.pdf\">Despacho do Relator n\u00ba 1033\/24<\/a> e, em seguida, encaminhados \u00e0 <\/span><span data-contrast=\"auto\">Supervis\u00e3o de Jurisprud\u00eancia e Biblioteca (SJB) para a juntada de informa\u00e7\u00e3o sobre a exist\u00eancia de prejulgado ou decis\u00f5es reiteradas sobre o tema da Consulta.<\/span><span data-ccp-props=\"{&quot;201341983&quot;:0,&quot;335551550&quot;:6,&quot;335551620&quot;:6,&quot;335559685&quot;:0,&quot;335559740&quot;:360}\">\u00a0<\/span><\/p>\n<p><span data-contrast=\"auto\">A SJB, por meio da Informa\u00e7\u00e3o n\u00ba 102\/24, apresentou decis\u00f5es espec\u00edficas sobre temas relacionados que podem contribuir na instru\u00e7\u00e3o do processo, destacando alguns prejulgados e dois processos de consulta, oriundos do TCE-PR.<\/span><span data-ccp-props=\"{&quot;201341983&quot;:0,&quot;335551550&quot;:6,&quot;335551620&quot;:6,&quot;335559685&quot;:0,&quot;335559740&quot;:360}\">\u00a0<\/span><\/p>\n<p><span data-contrast=\"auto\">Em seguida, a Coordenadoria de Gest\u00e3o Municipal, conforme fundamenta\u00e7\u00e3o contida na Instru\u00e7\u00e3o n\u00ba 744\/25, respondeu aos questionamentos apresentados pelo Munic\u00edpio nos seguintes termos:\u00a0<\/span><\/p>\n<p><span data-contrast=\"auto\">Questionamento 1) \u00c9 cab\u00edvel aplicar o artigo 42 da LRF como restri\u00e7\u00e3o absoluta para qualquer obriga\u00e7\u00e3o de cr\u00e9dito contra\u00edda pela administra\u00e7\u00e3o nos \u00faltimos dois quadrimestres do ano eleitoral? <strong>Resposta:<\/strong> N\u00e3o \u00e9 cab\u00edvel aplicar o artigo 42 da LRF como restri\u00e7\u00e3o absoluta para qualquer obriga\u00e7\u00e3o de cr\u00e9dito contra\u00edda pela administra\u00e7\u00e3o nos \u00faltimos dois quadrimestres do ano eleitoral, uma vez que, nos termos da jurisprud\u00eancia desta Casa, a norma aplic\u00e1vel \u00e9 a contida na Resolu\u00e7\u00e3o n\u00ba 43\/2001 do Senado, que disciplina especificamente as opera\u00e7\u00f5es de cr\u00e9dito e prev\u00ea prazo diferente daquele previsto no artigo 42 da LRF. <\/span><span data-ccp-props=\"{&quot;201341983&quot;:0,&quot;335551550&quot;:6,&quot;335551620&quot;:6,&quot;335559685&quot;:0,&quot;335559740&quot;:360}\">\u00a0<\/span><\/p>\n<p><span data-contrast=\"auto\">Questionamento 2) Havendo a possibilidade e considerando as informa\u00e7\u00f5es constantes na pag. 17 do \u201cManual de Encerramento de Mandato\u201d emitido em 2024 pelo Tribunal de Contas do Estado do Paran\u00e11 (pg. 17), e Resolu\u00e7\u00e3o 43\/2001 do Senado Federal, art.15, n\u00e3o h\u00e1 veda\u00e7\u00e3o para a realiza\u00e7\u00e3o de opera\u00e7\u00e3o de cr\u00e9dito, desde que seja feito antes dos 120 dias que antecedem ao final do mandato? <\/span><strong>Resposta<\/strong><span data-contrast=\"auto\"><strong>:<\/strong> H\u00e1 veda\u00e7\u00e3o na pr\u00f3pria Resolu\u00e7\u00e3o n\u00ba 43\/2001 que impede, no artigo 15, \u00a72\u00ba, que se fa\u00e7a contrata\u00e7\u00e3o de opera\u00e7\u00e3o de cr\u00e9dito por antecipa\u00e7\u00e3o de receita or\u00e7ament\u00e1ria \u201cno \u00faltimo ano de exerc\u00edcio do mandato do chefe do Poder Executivo\u201d.<\/span><span data-ccp-props=\"{&quot;201341983&quot;:0,&quot;335551550&quot;:6,&quot;335551620&quot;:6,&quot;335559685&quot;:0,&quot;335559740&quot;:360}\">\u00a0<\/span><\/p>\n<h4><b><span data-contrast=\"auto\">MPC-PR<\/span><\/b><span data-ccp-props=\"{&quot;201341983&quot;:0,&quot;335551550&quot;:6,&quot;335551620&quot;:6,&quot;335559685&quot;:0,&quot;335559740&quot;:360}\">\u00a0<\/span><\/h4>\n<p><span data-contrast=\"auto\">O Minist\u00e9rio P\u00fablico de Contas do Paran\u00e1 (MPC-PR), por sua vez, opinou pelo conhecimento da consulta, conforme fundamenta\u00e7\u00e3o contida no <a href=\"https:\/\/www.mpc.pr.gov.br\/wp-content\/uploads\/2025\/07\/cantagalo-PAR-70_25-PGC.pdf\">Parecer n\u00ba 70\/25<\/a>. A Procuradoria-Geral de Contas destacou que, <\/span><span data-contrast=\"auto\">conforme sublinhado no Parecer Jur\u00eddico Municipal, h\u00e1 que se circunscrever a resposta aos questionamentos feitos pelo consulente \u00e0s opera\u00e7\u00f5es de cr\u00e9dito lato sensu, posto que em rela\u00e7\u00e3o \u00e0 singular opera\u00e7\u00e3o de cr\u00e9dito por antecipa\u00e7\u00e3o de receita (ARO), tanto a LRF (artigo 38, IV, \u2018b\u2019), como a Resolu\u00e7\u00e3o n\u00ba 43\/2001 do Senado (artigo 15, \u00a7 2\u00ba), pro\u00edbem expressamente sua realiza\u00e7\u00e3o no \u00faltimo ano de mandato Presidente, Governador ou Prefeito.<\/span><span data-ccp-props=\"{&quot;201341983&quot;:0,&quot;335551550&quot;:6,&quot;335551620&quot;:6,&quot;335559740&quot;:360}\">\u00a0<\/span><\/p>\n<p><span data-contrast=\"auto\">Quanto \u00e0 defini\u00e7\u00e3o da legisla\u00e7\u00e3o que deve disciplinar as condi\u00e7\u00f5es e prazos para contrata\u00e7\u00e3o de opera\u00e7\u00f5es de cr\u00e9dito lato sensu, o MPC-PR alinha-se ao entendimento do citado Parecer Jur\u00eddico e da Instru\u00e7\u00e3o n\u00ba 744\/25-CGM, segundo a qual, pelo regramento constitucional e pelo princ\u00edpio da especialidade, a Resolu\u00e7\u00e3o n\u00ba 43\/2001 do Senado \u00e9 a norma jur\u00eddica aplic\u00e1vel. Nesse sentido destacou que a Coordenadoria de Gest\u00e3o Municipal (CGM) tamb\u00e9m apontou decis\u00f5es do TCE-PR que utilizam a Resolu\u00e7\u00e3o n\u00ba 43\/2001 do Senado como par\u00e2metro normativo da contrata\u00e7\u00e3o de opera\u00e7\u00f5es de cr\u00e9dito.<\/span><span data-ccp-props=\"{&quot;201341983&quot;:0,&quot;335551550&quot;:6,&quot;335551620&quot;:6,&quot;335559740&quot;:360}\">\u00a0<\/span><\/p>\n<p><span data-contrast=\"auto\">Logo, a reposta ao primeiro quesito formulado pelo consulente \u00e9 negativa, posto que o artigo 42 da LRF n\u00e3o \u00e9 o comando legal aplic\u00e1vel \u00e0s restri\u00e7\u00f5es para contrata\u00e7\u00e3o de opera\u00e7\u00f5es de cr\u00e9dito no \u00faltimo exerc\u00edcio do mandato do Chefe do Poder Executivo. <\/span><span data-ccp-props=\"{&quot;201341983&quot;:0,&quot;335551550&quot;:6,&quot;335551620&quot;:6,&quot;335559740&quot;:360}\">\u00a0<\/span><\/p>\n<p><span data-contrast=\"auto\">A respeito do prazo para realiza\u00e7\u00e3o de tal modalidade de obten\u00e7\u00e3o de receita, deve-se observar fielmente o disposto no artigo 15 da Resolu\u00e7\u00e3o n\u00ba 43\/2001 do Senado, cuja reda\u00e7\u00e3o veda a contrata\u00e7\u00e3o de opera\u00e7\u00e3o de cr\u00e9dito nos 120 dias anteriores ao final do mandato dos Governadores e Prefeitos, salvo para: (i) as hip\u00f3teses de refinanciamento da d\u00edvida mobili\u00e1ria; e (ii) para as opera\u00e7\u00f5es de cr\u00e9dito autorizadas pelo Senado Federal (ou pelo Minist\u00e9rio da Fazenda, em nome do Senado), at\u00e9 120 dias antes do final do mandato do Chefe do Poder Executivo.<\/span><span data-ccp-props=\"{&quot;201341983&quot;:0,&quot;335551550&quot;:6,&quot;335551620&quot;:6,&quot;335559740&quot;:360}\">\u00a0<\/span><\/p>\n<h4><b><span data-contrast=\"auto\">Decis\u00e3o<\/span><\/b><span data-ccp-props=\"{&quot;201341983&quot;:0,&quot;335551550&quot;:6,&quot;335551620&quot;:6,&quot;335559740&quot;:360}\">\u00a0<\/span><\/h4>\n<p><span data-contrast=\"auto\">Conforme voto contido no <a href=\"https:\/\/www.mpc.pr.gov.br\/wp-content\/uploads\/2025\/07\/cantagalo-ACO-1541_25-STP.pdf\">Ac\u00f3rd\u00e3o n\u00ba 1541\/25<\/a> do Pleno do TCE-PR, o Relator Conselheiro Fabio de Souza Camargo acolheu as sugest\u00f5es de respostas apresentadas pelo Minist\u00e9rio P\u00fablico de Contas (Parecer n\u00ba 70\/25), decidindo por responder \u00e0 consulta formulada pelo Munic\u00edpio de Cantagalo nos seguintes termos:<\/span><span data-ccp-props=\"{&quot;201341983&quot;:0,&quot;335551550&quot;:6,&quot;335551620&quot;:6,&quot;335559740&quot;:360}\">\u00a0<\/span><\/p>\n<p><span data-contrast=\"auto\">Questionamento 1) \u00c9 cab\u00edvel aplicar o artigo 42 da LRF como restri\u00e7\u00e3o absoluta para qualquer obriga\u00e7\u00e3o de cr\u00e9dito contra\u00edda pela administra\u00e7\u00e3o nos \u00faltimos dois quadrimestres do ano eleitoral? <\/span><span data-ccp-props=\"{&quot;201341983&quot;:0,&quot;335551550&quot;:6,&quot;335551620&quot;:6,&quot;335559740&quot;:360}\">\u00a0<\/span><\/p>\n<p><span data-contrast=\"auto\">Resposta: N\u00e3o. Nos termos do artigo 52, inciso VII, da Constitui\u00e7\u00e3o Federal, e do artigo 32, \u00a7 1\u00ba, inciso III, da Lei de Responsabilidade Fiscal, compete privativamente ao Senado dispor sobre os limites globais e condi\u00e7\u00f5es para contrata\u00e7\u00e3o de opera\u00e7\u00f5es de cr\u00e9dito por parte da Uni\u00e3o, Estados, Distrito Federal e Munic\u00edpios, compet\u00eancia exercida com a edi\u00e7\u00e3o da Resolu\u00e7\u00e3o n.\u00ba 43\/2001 e altera\u00e7\u00f5es posteriores, norma jur\u00eddica aplic\u00e1vel \u00e0 tal modalidade de obten\u00e7\u00e3o de receita.<\/span><span data-ccp-props=\"{&quot;201341983&quot;:0,&quot;335551550&quot;:6,&quot;335551620&quot;:6,&quot;335559740&quot;:360}\">\u00a0<\/span><\/p>\n<p><span data-contrast=\"auto\">Questionamento 2) Havendo a possibilidade e considerando as informa\u00e7\u00f5es constantes na pag. 17 do \u201cManual de Encerramento de Mandato\u201d emitido em 2024 pelo Tribunal de Contas do Estado do Paran\u00e11 (pg. 17), e Resolu\u00e7\u00e3o 43\/2001 do Senado Federal, art.15, n\u00e3o h\u00e1 veda\u00e7\u00e3o para a realiza\u00e7\u00e3o de opera\u00e7\u00e3o de cr\u00e9dito, desde que seja feito antes dos 120 dias que antecedem ao final do mandato?<\/span><span data-ccp-props=\"{&quot;201341983&quot;:0,&quot;335551550&quot;:6,&quot;335551620&quot;:6,&quot;335559740&quot;:360}\">\u00a0<\/span><\/p>\n<p><span data-contrast=\"auto\">Nos exatos termos do artigo 15 da Resolu\u00e7\u00e3o n.\u00ba 43\/2001 do Senado, \u00e9 vedada a contrata\u00e7\u00e3o de opera\u00e7\u00f5es de cr\u00e9dito nos 120 (cento e vinte) dias anteriores ao final do mandato dos Governadores e Prefeitos, salvo para (i) refinanciamento da d\u00edvida mobili\u00e1ria e (ii) opera\u00e7\u00f5es de cr\u00e9dito autorizadas pelo Senado Federal (ou pelo Minist\u00e9rio da Fazenda, em nome do Senado), at\u00e9 120 (cento e vinte) dias antes do final dos respectivos mandatos. Registre-se, por oportuno, que no caso da singular opera\u00e7\u00e3o de cr\u00e9dito por antecipa\u00e7\u00e3o de receita (ARO), tanto a Lei de Responsabilidade Fiscal (art. 38, inciso IV, \u2018b\u2019), como a Resolu\u00e7\u00e3o n.\u00ba 43\/2001 do Senado (art. 15, \u00a7 2\u00ba), pro\u00edbem expressamente sua realiza\u00e7\u00e3o no \u00faltimo ano de mandato do Presidente, Governador ou Prefeito.<\/span><span data-ccp-props=\"{&quot;201341983&quot;:0,&quot;335551550&quot;:6,&quot;335551620&quot;:6,&quot;335559740&quot;:360}\">\u00a0<\/span><\/p>\n<p><span data-contrast=\"auto\">Ap\u00f3s o tr\u00e2nsito em julgado os autos foram encaminhados \u00e0 Supervis\u00e3o de Jurisprud\u00eancia e Biblioteca (SJB) para os registros pertinentes, \u00e0 Coordenadoria-Geral de Fiscaliza\u00e7\u00e3o\u00a0e, na sequ\u00eancia, \u00e0 Diretoria de Protocolo para encerramento e arquivamento do expediente, nos termos dos arts. 398, \u00a7 1\u00ba, e 168, inciso VII, do Regimento Interno. <\/span><span data-ccp-props=\"{&quot;134233117&quot;:false,&quot;134233118&quot;:false,&quot;201341983&quot;:0,&quot;335551550&quot;:6,&quot;335551620&quot;:6,&quot;335559685&quot;:0,&quot;335559737&quot;:0,&quot;335559738&quot;:0,&quot;335559739&quot;:160,&quot;335559740&quot;:360}\">\u00a0<\/span><\/p>\n<blockquote><p><span style=\"color: #820007;\"><strong><u>Informa\u00e7\u00e3o para consulta processual<\/u><\/strong><\/span><\/p>\n<table style=\"height: 183px;\" border=\"0\" width=\"478\" cellspacing=\"0\" cellpadding=\"0\">\n<tbody>\n<tr>\n<td><strong>Processo n\u00ba<\/strong>:<\/td>\n<td>508071\/24<\/td>\n<\/tr>\n<tr>\n<td><strong>Ac\u00f3rd\u00e3o n\u00ba<\/strong>:<\/td>\n<td>1541\/25<\/td>\n<\/tr>\n<tr>\n<td><strong>Assunto<\/strong>:<\/td>\n<td>Consulta<\/td>\n<\/tr>\n<tr>\n<td><strong>Entidade<\/strong>:<\/td>\n<td>Munic\u00edpio de Cantagalo<\/td>\n<\/tr>\n<tr>\n<td><strong>Relator<\/strong>:<\/td>\n<td><span class=\"TextRun SCXW238999374 BCX0\" lang=\"PT-BR\" xml:lang=\"PT-BR\" data-contrast=\"auto\"><span class=\"NormalTextRun SCXW238999374 BCX0\">Conselheiro <span class=\"TextRun SCXW31104370 BCX0\" lang=\"PT-BR\" xml:lang=\"PT-BR\" data-contrast=\"auto\"><span class=\"NormalTextRun SCXW31104370 BCX0\">Fabio de Souza Camargo<\/span><\/span><\/span><\/span><\/td>\n<\/tr>\n<\/tbody>\n<\/table>\n<\/blockquote>\n","protected":false},"excerpt":{"rendered":"<p>\u00c9 vedada a contrata\u00e7\u00e3o de opera\u00e7\u00f5es de cr\u00e9dito nos 120\u00a0dias anteriores ao final do mandato dos Governadores e Prefeitos, salvo para refinanciamento de d\u00edvida mobili\u00e1ria e opera\u00e7\u00f5es de cr\u00e9dito autorizadas pelo Senado Federal (ou pelo Minist\u00e9rio da Fazenda, em nome do Senado), at\u00e9 120 (cento e vinte) dias antes do final dos respectivos mandatos. \u00a0 [&hellip;]<\/p>\n","protected":false},"author":1,"featured_media":24069,"comment_status":"open","ping_status":"open","sticky":false,"template":"","format":"standard","meta":{"_monsterinsights_skip_tracking":false,"_monsterinsights_sitenote_active":false,"_monsterinsights_sitenote_note":"","_monsterinsights_sitenote_category":0,"footnotes":""},"categories":[7],"tags":[400,197,195,13,791,643,538,39],"class_list":["post-24064","post","type-post","status-publish","format-standard","has-post-thumbnail","hentry","category-todas-as-noticias","tag-cantagalo","tag-consulta","tag-lei-de-responsabilidade-fiscal","tag-mpc-pr","tag-operacoes-de-credito","tag-periodo-eleitoral","tag-pleno","tag-tce-pr","entry","has-media"],"yoast_head":"<!-- This site is optimized with the Yoast SEO plugin v27.3 - https:\/\/yoast.com\/product\/yoast-seo-wordpress\/ -->\n<title>Per\u00edodo eleitoral: \u00e9 vedada a contrata\u00e7\u00e3o de opera\u00e7\u00f5es de cr\u00e9dito nos 120 dias anteriores ao final do mandato dos Governadores e Prefeitos - Minist\u00e9rio P\u00fablico de Contas do Estado do Paran\u00e1<\/title>\n<meta name=\"robots\" content=\"index, follow, max-snippet:-1, max-image-preview:large, max-video-preview:-1\" \/>\n<link rel=\"canonical\" href=\"https:\/\/www.mpc.pr.gov.br\/index.php\/periodo-eleitoral-e-vedada-a-contratacao-de-operacoes-de-credito-nos-120-dias-anteriores-ao-final-do-mandato-dos-governadores-e-prefeitos\/\" \/>\n<meta property=\"og:locale\" content=\"pt_BR\" \/>\n<meta property=\"og:type\" content=\"article\" \/>\n<meta property=\"og:title\" content=\"Per\u00edodo eleitoral: \u00e9 vedada a contrata\u00e7\u00e3o de opera\u00e7\u00f5es de cr\u00e9dito nos 120 dias anteriores ao final do mandato dos Governadores e Prefeitos - Minist\u00e9rio P\u00fablico de Contas do Estado do Paran\u00e1\" \/>\n<meta property=\"og:description\" content=\"\u00c9 vedada a contrata\u00e7\u00e3o de opera\u00e7\u00f5es de cr\u00e9dito nos 120\u00a0dias anteriores ao final do mandato dos Governadores e Prefeitos, salvo para refinanciamento de d\u00edvida mobili\u00e1ria e opera\u00e7\u00f5es de cr\u00e9dito autorizadas pelo Senado Federal (ou pelo Minist\u00e9rio da Fazenda, em nome do Senado), at\u00e9 120 (cento e vinte) dias antes do final dos respectivos mandatos. \u00a0 [&hellip;]\" \/>\n<meta property=\"og:url\" content=\"https:\/\/www.mpc.pr.gov.br\/index.php\/periodo-eleitoral-e-vedada-a-contratacao-de-operacoes-de-credito-nos-120-dias-anteriores-ao-final-do-mandato-dos-governadores-e-prefeitos\/\" \/>\n<meta property=\"og:site_name\" content=\"Minist\u00e9rio P\u00fablico de Contas do Estado do Paran\u00e1\" \/>\n<meta property=\"article:publisher\" content=\"https:\/\/www.facebook.com\/mpc.pr\" \/>\n<meta property=\"article:published_time\" content=\"2025-07-24T17:32:22+00:00\" \/>\n<meta property=\"article:modified_time\" content=\"2025-08-05T17:01:54+00:00\" \/>\n<meta property=\"og:image\" content=\"https:\/\/www.mpc.pr.gov.br\/wp-content\/uploads\/2025\/07\/cantagalo-prefeitura-foto.png\" \/>\n\t<meta property=\"og:image:width\" content=\"789\" \/>\n\t<meta property=\"og:image:height\" content=\"590\" \/>\n\t<meta property=\"og:image:type\" content=\"image\/png\" \/>\n<meta name=\"author\" content=\"mpcontaspr\" \/>\n<meta name=\"twitter:card\" content=\"summary_large_image\" \/>\n<meta name=\"twitter:label1\" content=\"Escrito por\" \/>\n\t<meta name=\"twitter:data1\" content=\"mpcontaspr\" \/>\n\t<meta name=\"twitter:label2\" content=\"Est. tempo de leitura\" \/>\n\t<meta name=\"twitter:data2\" content=\"8 minutos\" \/>\n<script type=\"application\/ld+json\" class=\"yoast-schema-graph\">{\"@context\":\"https:\\\/\\\/schema.org\",\"@graph\":[{\"@type\":\"Article\",\"@id\":\"https:\\\/\\\/www.mpc.pr.gov.br\\\/index.php\\\/periodo-eleitoral-e-vedada-a-contratacao-de-operacoes-de-credito-nos-120-dias-anteriores-ao-final-do-mandato-dos-governadores-e-prefeitos\\\/#article\",\"isPartOf\":{\"@id\":\"https:\\\/\\\/www.mpc.pr.gov.br\\\/index.php\\\/periodo-eleitoral-e-vedada-a-contratacao-de-operacoes-de-credito-nos-120-dias-anteriores-ao-final-do-mandato-dos-governadores-e-prefeitos\\\/\"},\"author\":{\"name\":\"mpcontaspr\",\"@id\":\"https:\\\/\\\/www.mpc.pr.gov.br\\\/#\\\/schema\\\/person\\\/2d83cb8980538d0ec174e8a6284f5e11\"},\"headline\":\"Per\u00edodo eleitoral: \u00e9 vedada a contrata\u00e7\u00e3o de opera\u00e7\u00f5es de cr\u00e9dito nos 120 dias anteriores ao final do mandato dos Governadores e Prefeitos\",\"datePublished\":\"2025-07-24T17:32:22+00:00\",\"dateModified\":\"2025-08-05T17:01:54+00:00\",\"mainEntityOfPage\":{\"@id\":\"https:\\\/\\\/www.mpc.pr.gov.br\\\/index.php\\\/periodo-eleitoral-e-vedada-a-contratacao-de-operacoes-de-credito-nos-120-dias-anteriores-ao-final-do-mandato-dos-governadores-e-prefeitos\\\/\"},\"wordCount\":1576,\"commentCount\":0,\"publisher\":{\"@id\":\"https:\\\/\\\/www.mpc.pr.gov.br\\\/#organization\"},\"image\":{\"@id\":\"https:\\\/\\\/www.mpc.pr.gov.br\\\/index.php\\\/periodo-eleitoral-e-vedada-a-contratacao-de-operacoes-de-credito-nos-120-dias-anteriores-ao-final-do-mandato-dos-governadores-e-prefeitos\\\/#primaryimage\"},\"thumbnailUrl\":\"https:\\\/\\\/www.mpc.pr.gov.br\\\/wp-content\\\/uploads\\\/2025\\\/07\\\/cantagalo-prefeitura-foto.png\",\"keywords\":[\"Cantagalo\",\"Consulta\",\"Lei de Responsabilidade Fiscal\",\"MPC-PR\",\"Opera\u00e7\u00f5es de Cr\u00e9dito\",\"Per\u00edodo eleitoral\",\"Pleno\",\"TCE-PR\"],\"articleSection\":[\"Todas as not\u00edcias\"],\"inLanguage\":\"pt-BR\",\"potentialAction\":[{\"@type\":\"CommentAction\",\"name\":\"Comment\",\"target\":[\"https:\\\/\\\/www.mpc.pr.gov.br\\\/index.php\\\/periodo-eleitoral-e-vedada-a-contratacao-de-operacoes-de-credito-nos-120-dias-anteriores-ao-final-do-mandato-dos-governadores-e-prefeitos\\\/#respond\"]}]},{\"@type\":\"WebPage\",\"@id\":\"https:\\\/\\\/www.mpc.pr.gov.br\\\/index.php\\\/periodo-eleitoral-e-vedada-a-contratacao-de-operacoes-de-credito-nos-120-dias-anteriores-ao-final-do-mandato-dos-governadores-e-prefeitos\\\/\",\"url\":\"https:\\\/\\\/www.mpc.pr.gov.br\\\/index.php\\\/periodo-eleitoral-e-vedada-a-contratacao-de-operacoes-de-credito-nos-120-dias-anteriores-ao-final-do-mandato-dos-governadores-e-prefeitos\\\/\",\"name\":\"Per\u00edodo eleitoral: \u00e9 vedada a contrata\u00e7\u00e3o de opera\u00e7\u00f5es de cr\u00e9dito nos 120 dias anteriores ao final do mandato dos Governadores e Prefeitos - Minist\u00e9rio P\u00fablico de Contas do Estado do Paran\u00e1\",\"isPartOf\":{\"@id\":\"https:\\\/\\\/www.mpc.pr.gov.br\\\/#website\"},\"primaryImageOfPage\":{\"@id\":\"https:\\\/\\\/www.mpc.pr.gov.br\\\/index.php\\\/periodo-eleitoral-e-vedada-a-contratacao-de-operacoes-de-credito-nos-120-dias-anteriores-ao-final-do-mandato-dos-governadores-e-prefeitos\\\/#primaryimage\"},\"image\":{\"@id\":\"https:\\\/\\\/www.mpc.pr.gov.br\\\/index.php\\\/periodo-eleitoral-e-vedada-a-contratacao-de-operacoes-de-credito-nos-120-dias-anteriores-ao-final-do-mandato-dos-governadores-e-prefeitos\\\/#primaryimage\"},\"thumbnailUrl\":\"https:\\\/\\\/www.mpc.pr.gov.br\\\/wp-content\\\/uploads\\\/2025\\\/07\\\/cantagalo-prefeitura-foto.png\",\"datePublished\":\"2025-07-24T17:32:22+00:00\",\"dateModified\":\"2025-08-05T17:01:54+00:00\",\"breadcrumb\":{\"@id\":\"https:\\\/\\\/www.mpc.pr.gov.br\\\/index.php\\\/periodo-eleitoral-e-vedada-a-contratacao-de-operacoes-de-credito-nos-120-dias-anteriores-ao-final-do-mandato-dos-governadores-e-prefeitos\\\/#breadcrumb\"},\"inLanguage\":\"pt-BR\",\"potentialAction\":[{\"@type\":\"ReadAction\",\"target\":[\"https:\\\/\\\/www.mpc.pr.gov.br\\\/index.php\\\/periodo-eleitoral-e-vedada-a-contratacao-de-operacoes-de-credito-nos-120-dias-anteriores-ao-final-do-mandato-dos-governadores-e-prefeitos\\\/\"]}]},{\"@type\":\"ImageObject\",\"inLanguage\":\"pt-BR\",\"@id\":\"https:\\\/\\\/www.mpc.pr.gov.br\\\/index.php\\\/periodo-eleitoral-e-vedada-a-contratacao-de-operacoes-de-credito-nos-120-dias-anteriores-ao-final-do-mandato-dos-governadores-e-prefeitos\\\/#primaryimage\",\"url\":\"https:\\\/\\\/www.mpc.pr.gov.br\\\/wp-content\\\/uploads\\\/2025\\\/07\\\/cantagalo-prefeitura-foto.png\",\"contentUrl\":\"https:\\\/\\\/www.mpc.pr.gov.br\\\/wp-content\\\/uploads\\\/2025\\\/07\\\/cantagalo-prefeitura-foto.png\",\"width\":789,\"height\":590,\"caption\":\"Sede da Prefeitura do Munic\u00edpio de Cantagalo, localizado na Mesorregi\u00e3o Centro\u2011Sul\u202fParanaense. Foto: Prefeitura Municipal de Cantagalo.\"},{\"@type\":\"BreadcrumbList\",\"@id\":\"https:\\\/\\\/www.mpc.pr.gov.br\\\/index.php\\\/periodo-eleitoral-e-vedada-a-contratacao-de-operacoes-de-credito-nos-120-dias-anteriores-ao-final-do-mandato-dos-governadores-e-prefeitos\\\/#breadcrumb\",\"itemListElement\":[{\"@type\":\"ListItem\",\"position\":1,\"name\":\"In\u00edcio\",\"item\":\"https:\\\/\\\/www.mpc.pr.gov.br\\\/\"},{\"@type\":\"ListItem\",\"position\":2,\"name\":\"Per\u00edodo eleitoral: \u00e9 vedada a contrata\u00e7\u00e3o de opera\u00e7\u00f5es de cr\u00e9dito nos 120 dias anteriores ao final do mandato dos Governadores e Prefeitos\"}]},{\"@type\":\"WebSite\",\"@id\":\"https:\\\/\\\/www.mpc.pr.gov.br\\\/#website\",\"url\":\"https:\\\/\\\/www.mpc.pr.gov.br\\\/\",\"name\":\"Minist\u00e9rio P\u00fablico de Contas do Estado do Paran\u00e1\",\"description\":\"\",\"publisher\":{\"@id\":\"https:\\\/\\\/www.mpc.pr.gov.br\\\/#organization\"},\"potentialAction\":[{\"@type\":\"SearchAction\",\"target\":{\"@type\":\"EntryPoint\",\"urlTemplate\":\"https:\\\/\\\/www.mpc.pr.gov.br\\\/?s={search_term_string}\"},\"query-input\":{\"@type\":\"PropertyValueSpecification\",\"valueRequired\":true,\"valueName\":\"search_term_string\"}}],\"inLanguage\":\"pt-BR\"},{\"@type\":\"Organization\",\"@id\":\"https:\\\/\\\/www.mpc.pr.gov.br\\\/#organization\",\"name\":\"Minist\u00e9rio P\u00fablico de Contas do Estado do Paran\u00e1\",\"url\":\"https:\\\/\\\/www.mpc.pr.gov.br\\\/\",\"logo\":{\"@type\":\"ImageObject\",\"inLanguage\":\"pt-BR\",\"@id\":\"https:\\\/\\\/www.mpc.pr.gov.br\\\/#\\\/schema\\\/logo\\\/image\\\/\",\"url\":\"https:\\\/\\\/www.mpc.pr.gov.br\\\/wp-content\\\/uploads\\\/2020\\\/06\\\/99423647_1593460364143890_6706793420720963584_n-1-e1591387983167.png\",\"contentUrl\":\"https:\\\/\\\/www.mpc.pr.gov.br\\\/wp-content\\\/uploads\\\/2020\\\/06\\\/99423647_1593460364143890_6706793420720963584_n-1-e1591387983167.png\",\"width\":243,\"height\":73,\"caption\":\"Minist\u00e9rio P\u00fablico de Contas do Estado do Paran\u00e1\"},\"image\":{\"@id\":\"https:\\\/\\\/www.mpc.pr.gov.br\\\/#\\\/schema\\\/logo\\\/image\\\/\"},\"sameAs\":[\"https:\\\/\\\/www.facebook.com\\\/mpc.pr\",\"https:\\\/\\\/www.instagram.com\\\/mpc.pr\\\/?hl=pt-br\",\"https:\\\/\\\/www.youtube.com\\\/channel\\\/UCHri5oEM8DV0ztX57E0sBSw\"]},{\"@type\":\"Person\",\"@id\":\"https:\\\/\\\/www.mpc.pr.gov.br\\\/#\\\/schema\\\/person\\\/2d83cb8980538d0ec174e8a6284f5e11\",\"name\":\"mpcontaspr\",\"image\":{\"@type\":\"ImageObject\",\"inLanguage\":\"pt-BR\",\"@id\":\"https:\\\/\\\/secure.gravatar.com\\\/avatar\\\/1aef51541db7622e05fd639336c9c9f312c2a618396e2b6ca96846362fc5403f?s=96&d=mm&r=g\",\"url\":\"https:\\\/\\\/secure.gravatar.com\\\/avatar\\\/1aef51541db7622e05fd639336c9c9f312c2a618396e2b6ca96846362fc5403f?s=96&d=mm&r=g\",\"contentUrl\":\"https:\\\/\\\/secure.gravatar.com\\\/avatar\\\/1aef51541db7622e05fd639336c9c9f312c2a618396e2b6ca96846362fc5403f?s=96&d=mm&r=g\",\"caption\":\"mpcontaspr\"},\"sameAs\":[\"http:\\\/\\\/www.mpc.pr.gov.br\"]}]}<\/script>\n<!-- \/ Yoast SEO plugin. -->","yoast_head_json":{"title":"Per\u00edodo eleitoral: \u00e9 vedada a contrata\u00e7\u00e3o de opera\u00e7\u00f5es de cr\u00e9dito nos 120 dias anteriores ao final do mandato dos Governadores e Prefeitos - Minist\u00e9rio P\u00fablico de Contas do Estado do Paran\u00e1","robots":{"index":"index","follow":"follow","max-snippet":"max-snippet:-1","max-image-preview":"max-image-preview:large","max-video-preview":"max-video-preview:-1"},"canonical":"https:\/\/www.mpc.pr.gov.br\/index.php\/periodo-eleitoral-e-vedada-a-contratacao-de-operacoes-de-credito-nos-120-dias-anteriores-ao-final-do-mandato-dos-governadores-e-prefeitos\/","og_locale":"pt_BR","og_type":"article","og_title":"Per\u00edodo eleitoral: \u00e9 vedada a contrata\u00e7\u00e3o de opera\u00e7\u00f5es de cr\u00e9dito nos 120 dias anteriores ao final do mandato dos Governadores e Prefeitos - Minist\u00e9rio P\u00fablico de Contas do Estado do Paran\u00e1","og_description":"\u00c9 vedada a contrata\u00e7\u00e3o de opera\u00e7\u00f5es de cr\u00e9dito nos 120\u00a0dias anteriores ao final do mandato dos Governadores e Prefeitos, salvo para refinanciamento de d\u00edvida mobili\u00e1ria e opera\u00e7\u00f5es de cr\u00e9dito autorizadas pelo Senado Federal (ou pelo Minist\u00e9rio da Fazenda, em nome do Senado), at\u00e9 120 (cento e vinte) dias antes do final dos respectivos mandatos. \u00a0 [&hellip;]","og_url":"https:\/\/www.mpc.pr.gov.br\/index.php\/periodo-eleitoral-e-vedada-a-contratacao-de-operacoes-de-credito-nos-120-dias-anteriores-ao-final-do-mandato-dos-governadores-e-prefeitos\/","og_site_name":"Minist\u00e9rio P\u00fablico de Contas do Estado do Paran\u00e1","article_publisher":"https:\/\/www.facebook.com\/mpc.pr","article_published_time":"2025-07-24T17:32:22+00:00","article_modified_time":"2025-08-05T17:01:54+00:00","og_image":[{"width":789,"height":590,"url":"https:\/\/www.mpc.pr.gov.br\/wp-content\/uploads\/2025\/07\/cantagalo-prefeitura-foto.png","type":"image\/png"}],"author":"mpcontaspr","twitter_card":"summary_large_image","twitter_misc":{"Escrito por":"mpcontaspr","Est. tempo de leitura":"8 minutos"},"schema":{"@context":"https:\/\/schema.org","@graph":[{"@type":"Article","@id":"https:\/\/www.mpc.pr.gov.br\/index.php\/periodo-eleitoral-e-vedada-a-contratacao-de-operacoes-de-credito-nos-120-dias-anteriores-ao-final-do-mandato-dos-governadores-e-prefeitos\/#article","isPartOf":{"@id":"https:\/\/www.mpc.pr.gov.br\/index.php\/periodo-eleitoral-e-vedada-a-contratacao-de-operacoes-de-credito-nos-120-dias-anteriores-ao-final-do-mandato-dos-governadores-e-prefeitos\/"},"author":{"name":"mpcontaspr","@id":"https:\/\/www.mpc.pr.gov.br\/#\/schema\/person\/2d83cb8980538d0ec174e8a6284f5e11"},"headline":"Per\u00edodo eleitoral: \u00e9 vedada a contrata\u00e7\u00e3o de opera\u00e7\u00f5es de cr\u00e9dito nos 120 dias anteriores ao final do mandato dos Governadores e Prefeitos","datePublished":"2025-07-24T17:32:22+00:00","dateModified":"2025-08-05T17:01:54+00:00","mainEntityOfPage":{"@id":"https:\/\/www.mpc.pr.gov.br\/index.php\/periodo-eleitoral-e-vedada-a-contratacao-de-operacoes-de-credito-nos-120-dias-anteriores-ao-final-do-mandato-dos-governadores-e-prefeitos\/"},"wordCount":1576,"commentCount":0,"publisher":{"@id":"https:\/\/www.mpc.pr.gov.br\/#organization"},"image":{"@id":"https:\/\/www.mpc.pr.gov.br\/index.php\/periodo-eleitoral-e-vedada-a-contratacao-de-operacoes-de-credito-nos-120-dias-anteriores-ao-final-do-mandato-dos-governadores-e-prefeitos\/#primaryimage"},"thumbnailUrl":"https:\/\/www.mpc.pr.gov.br\/wp-content\/uploads\/2025\/07\/cantagalo-prefeitura-foto.png","keywords":["Cantagalo","Consulta","Lei de Responsabilidade Fiscal","MPC-PR","Opera\u00e7\u00f5es de Cr\u00e9dito","Per\u00edodo eleitoral","Pleno","TCE-PR"],"articleSection":["Todas as not\u00edcias"],"inLanguage":"pt-BR","potentialAction":[{"@type":"CommentAction","name":"Comment","target":["https:\/\/www.mpc.pr.gov.br\/index.php\/periodo-eleitoral-e-vedada-a-contratacao-de-operacoes-de-credito-nos-120-dias-anteriores-ao-final-do-mandato-dos-governadores-e-prefeitos\/#respond"]}]},{"@type":"WebPage","@id":"https:\/\/www.mpc.pr.gov.br\/index.php\/periodo-eleitoral-e-vedada-a-contratacao-de-operacoes-de-credito-nos-120-dias-anteriores-ao-final-do-mandato-dos-governadores-e-prefeitos\/","url":"https:\/\/www.mpc.pr.gov.br\/index.php\/periodo-eleitoral-e-vedada-a-contratacao-de-operacoes-de-credito-nos-120-dias-anteriores-ao-final-do-mandato-dos-governadores-e-prefeitos\/","name":"Per\u00edodo eleitoral: \u00e9 vedada a contrata\u00e7\u00e3o de opera\u00e7\u00f5es de cr\u00e9dito nos 120 dias anteriores ao final do mandato dos Governadores e Prefeitos - Minist\u00e9rio P\u00fablico de Contas do Estado do Paran\u00e1","isPartOf":{"@id":"https:\/\/www.mpc.pr.gov.br\/#website"},"primaryImageOfPage":{"@id":"https:\/\/www.mpc.pr.gov.br\/index.php\/periodo-eleitoral-e-vedada-a-contratacao-de-operacoes-de-credito-nos-120-dias-anteriores-ao-final-do-mandato-dos-governadores-e-prefeitos\/#primaryimage"},"image":{"@id":"https:\/\/www.mpc.pr.gov.br\/index.php\/periodo-eleitoral-e-vedada-a-contratacao-de-operacoes-de-credito-nos-120-dias-anteriores-ao-final-do-mandato-dos-governadores-e-prefeitos\/#primaryimage"},"thumbnailUrl":"https:\/\/www.mpc.pr.gov.br\/wp-content\/uploads\/2025\/07\/cantagalo-prefeitura-foto.png","datePublished":"2025-07-24T17:32:22+00:00","dateModified":"2025-08-05T17:01:54+00:00","breadcrumb":{"@id":"https:\/\/www.mpc.pr.gov.br\/index.php\/periodo-eleitoral-e-vedada-a-contratacao-de-operacoes-de-credito-nos-120-dias-anteriores-ao-final-do-mandato-dos-governadores-e-prefeitos\/#breadcrumb"},"inLanguage":"pt-BR","potentialAction":[{"@type":"ReadAction","target":["https:\/\/www.mpc.pr.gov.br\/index.php\/periodo-eleitoral-e-vedada-a-contratacao-de-operacoes-de-credito-nos-120-dias-anteriores-ao-final-do-mandato-dos-governadores-e-prefeitos\/"]}]},{"@type":"ImageObject","inLanguage":"pt-BR","@id":"https:\/\/www.mpc.pr.gov.br\/index.php\/periodo-eleitoral-e-vedada-a-contratacao-de-operacoes-de-credito-nos-120-dias-anteriores-ao-final-do-mandato-dos-governadores-e-prefeitos\/#primaryimage","url":"https:\/\/www.mpc.pr.gov.br\/wp-content\/uploads\/2025\/07\/cantagalo-prefeitura-foto.png","contentUrl":"https:\/\/www.mpc.pr.gov.br\/wp-content\/uploads\/2025\/07\/cantagalo-prefeitura-foto.png","width":789,"height":590,"caption":"Sede da Prefeitura do Munic\u00edpio de Cantagalo, localizado na Mesorregi\u00e3o Centro\u2011Sul\u202fParanaense. Foto: Prefeitura Municipal de Cantagalo."},{"@type":"BreadcrumbList","@id":"https:\/\/www.mpc.pr.gov.br\/index.php\/periodo-eleitoral-e-vedada-a-contratacao-de-operacoes-de-credito-nos-120-dias-anteriores-ao-final-do-mandato-dos-governadores-e-prefeitos\/#breadcrumb","itemListElement":[{"@type":"ListItem","position":1,"name":"In\u00edcio","item":"https:\/\/www.mpc.pr.gov.br\/"},{"@type":"ListItem","position":2,"name":"Per\u00edodo eleitoral: \u00e9 vedada a contrata\u00e7\u00e3o de opera\u00e7\u00f5es de cr\u00e9dito nos 120 dias anteriores ao final do mandato dos Governadores e Prefeitos"}]},{"@type":"WebSite","@id":"https:\/\/www.mpc.pr.gov.br\/#website","url":"https:\/\/www.mpc.pr.gov.br\/","name":"Minist\u00e9rio P\u00fablico de Contas do Estado do Paran\u00e1","description":"","publisher":{"@id":"https:\/\/www.mpc.pr.gov.br\/#organization"},"potentialAction":[{"@type":"SearchAction","target":{"@type":"EntryPoint","urlTemplate":"https:\/\/www.mpc.pr.gov.br\/?s={search_term_string}"},"query-input":{"@type":"PropertyValueSpecification","valueRequired":true,"valueName":"search_term_string"}}],"inLanguage":"pt-BR"},{"@type":"Organization","@id":"https:\/\/www.mpc.pr.gov.br\/#organization","name":"Minist\u00e9rio P\u00fablico de Contas do Estado do Paran\u00e1","url":"https:\/\/www.mpc.pr.gov.br\/","logo":{"@type":"ImageObject","inLanguage":"pt-BR","@id":"https:\/\/www.mpc.pr.gov.br\/#\/schema\/logo\/image\/","url":"https:\/\/www.mpc.pr.gov.br\/wp-content\/uploads\/2020\/06\/99423647_1593460364143890_6706793420720963584_n-1-e1591387983167.png","contentUrl":"https:\/\/www.mpc.pr.gov.br\/wp-content\/uploads\/2020\/06\/99423647_1593460364143890_6706793420720963584_n-1-e1591387983167.png","width":243,"height":73,"caption":"Minist\u00e9rio P\u00fablico de Contas do Estado do Paran\u00e1"},"image":{"@id":"https:\/\/www.mpc.pr.gov.br\/#\/schema\/logo\/image\/"},"sameAs":["https:\/\/www.facebook.com\/mpc.pr","https:\/\/www.instagram.com\/mpc.pr\/?hl=pt-br","https:\/\/www.youtube.com\/channel\/UCHri5oEM8DV0ztX57E0sBSw"]},{"@type":"Person","@id":"https:\/\/www.mpc.pr.gov.br\/#\/schema\/person\/2d83cb8980538d0ec174e8a6284f5e11","name":"mpcontaspr","image":{"@type":"ImageObject","inLanguage":"pt-BR","@id":"https:\/\/secure.gravatar.com\/avatar\/1aef51541db7622e05fd639336c9c9f312c2a618396e2b6ca96846362fc5403f?s=96&d=mm&r=g","url":"https:\/\/secure.gravatar.com\/avatar\/1aef51541db7622e05fd639336c9c9f312c2a618396e2b6ca96846362fc5403f?s=96&d=mm&r=g","contentUrl":"https:\/\/secure.gravatar.com\/avatar\/1aef51541db7622e05fd639336c9c9f312c2a618396e2b6ca96846362fc5403f?s=96&d=mm&r=g","caption":"mpcontaspr"},"sameAs":["http:\/\/www.mpc.pr.gov.br"]}]}},"rttpg_featured_image_url":{"full":["https:\/\/www.mpc.pr.gov.br\/wp-content\/uploads\/2025\/07\/cantagalo-prefeitura-foto.png",789,590,false],"landscape":["https:\/\/www.mpc.pr.gov.br\/wp-content\/uploads\/2025\/07\/cantagalo-prefeitura-foto.png",789,590,false],"portraits":["https:\/\/www.mpc.pr.gov.br\/wp-content\/uploads\/2025\/07\/cantagalo-prefeitura-foto.png",789,590,false],"thumbnail":["https:\/\/www.mpc.pr.gov.br\/wp-content\/uploads\/2025\/07\/cantagalo-prefeitura-foto-150x150.png",150,150,true],"medium":["https:\/\/www.mpc.pr.gov.br\/wp-content\/uploads\/2025\/07\/cantagalo-prefeitura-foto-300x224.png",300,224,true],"large":["https:\/\/www.mpc.pr.gov.br\/wp-content\/uploads\/2025\/07\/cantagalo-prefeitura-foto.png",789,590,false],"1536x1536":["https:\/\/www.mpc.pr.gov.br\/wp-content\/uploads\/2025\/07\/cantagalo-prefeitura-foto.png",789,590,false],"2048x2048":["https:\/\/www.mpc.pr.gov.br\/wp-content\/uploads\/2025\/07\/cantagalo-prefeitura-foto.png",789,590,false],"ocean-thumb-m":["https:\/\/www.mpc.pr.gov.br\/wp-content\/uploads\/2025\/07\/cantagalo-prefeitura-foto-600x590.png",600,590,true],"ocean-thumb-ml":["https:\/\/www.mpc.pr.gov.br\/wp-content\/uploads\/2025\/07\/cantagalo-prefeitura-foto-789x450.png",789,450,true],"ocean-thumb-l":["https:\/\/www.mpc.pr.gov.br\/wp-content\/uploads\/2025\/07\/cantagalo-prefeitura-foto.png",789,590,false]},"rttpg_author":{"display_name":"mpcontaspr","author_link":"https:\/\/www.mpc.pr.gov.br\/index.php\/author\/mpcontaspr\/"},"rttpg_comment":0,"rttpg_category":"<a href=\"https:\/\/www.mpc.pr.gov.br\/index.php\/category\/todas-as-noticias\/\" rel=\"category tag\">Todas as not\u00edcias<\/a>","rttpg_excerpt":"\u00c9 vedada a contrata\u00e7\u00e3o de opera\u00e7\u00f5es de cr\u00e9dito nos 120\u00a0dias anteriores ao final do mandato dos Governadores e Prefeitos, salvo para refinanciamento de d\u00edvida mobili\u00e1ria e opera\u00e7\u00f5es de cr\u00e9dito autorizadas pelo Senado Federal (ou pelo Minist\u00e9rio da Fazenda, em nome do Senado), at\u00e9 120 (cento e vinte) dias antes do final dos respectivos mandatos. \u00a0&hellip;","_links":{"self":[{"href":"https:\/\/www.mpc.pr.gov.br\/index.php\/wp-json\/wp\/v2\/posts\/24064","targetHints":{"allow":["GET"]}}],"collection":[{"href":"https:\/\/www.mpc.pr.gov.br\/index.php\/wp-json\/wp\/v2\/posts"}],"about":[{"href":"https:\/\/www.mpc.pr.gov.br\/index.php\/wp-json\/wp\/v2\/types\/post"}],"author":[{"embeddable":true,"href":"https:\/\/www.mpc.pr.gov.br\/index.php\/wp-json\/wp\/v2\/users\/1"}],"replies":[{"embeddable":true,"href":"https:\/\/www.mpc.pr.gov.br\/index.php\/wp-json\/wp\/v2\/comments?post=24064"}],"version-history":[{"count":1,"href":"https:\/\/www.mpc.pr.gov.br\/index.php\/wp-json\/wp\/v2\/posts\/24064\/revisions"}],"predecessor-version":[{"id":24071,"href":"https:\/\/www.mpc.pr.gov.br\/index.php\/wp-json\/wp\/v2\/posts\/24064\/revisions\/24071"}],"wp:featuredmedia":[{"embeddable":true,"href":"https:\/\/www.mpc.pr.gov.br\/index.php\/wp-json\/wp\/v2\/media\/24069"}],"wp:attachment":[{"href":"https:\/\/www.mpc.pr.gov.br\/index.php\/wp-json\/wp\/v2\/media?parent=24064"}],"wp:term":[{"taxonomy":"category","embeddable":true,"href":"https:\/\/www.mpc.pr.gov.br\/index.php\/wp-json\/wp\/v2\/categories?post=24064"},{"taxonomy":"post_tag","embeddable":true,"href":"https:\/\/www.mpc.pr.gov.br\/index.php\/wp-json\/wp\/v2\/tags?post=24064"}],"curies":[{"name":"wp","href":"https:\/\/api.w.org\/{rel}","templated":true}]}}