{"id":24072,"date":"2025-07-25T10:37:51","date_gmt":"2025-07-25T13:37:51","guid":{"rendered":"https:\/\/www.mpc.pr.gov.br\/?p=24072"},"modified":"2025-08-07T09:33:23","modified_gmt":"2025-08-07T12:33:23","slug":"mpc-pr-emite-recomendacao-aos-399-municipios-do-parana-para-reestruturacao-das-carreiras-fiscais","status":"publish","type":"post","link":"https:\/\/www.mpc.pr.gov.br\/index.php\/mpc-pr-emite-recomendacao-aos-399-municipios-do-parana-para-reestruturacao-das-carreiras-fiscais\/","title":{"rendered":"MPC-PR emite Recomenda\u00e7\u00e3o aos 399 Munic\u00edpios do Paran\u00e1 para reestrutura\u00e7\u00e3o das carreiras fiscais"},"content":{"rendered":"<figure id=\"attachment_24075\" aria-describedby=\"caption-attachment-24075\" style=\"width: 300px\" class=\"wp-caption alignleft\"><img fetchpriority=\"high\" decoding=\"async\" class=\"size-medium wp-image-24075\" src=\"https:\/\/www.mpc.pr.gov.br\/wp-content\/uploads\/2025\/07\/ra399-gestor-tributario-300x188.png\" alt=\"\" width=\"300\" height=\"188\" srcset=\"https:\/\/www.mpc.pr.gov.br\/wp-content\/uploads\/2025\/07\/ra399-gestor-tributario-300x188.png 300w, https:\/\/www.mpc.pr.gov.br\/wp-content\/uploads\/2025\/07\/ra399-gestor-tributario.png 537w\" sizes=\"(max-width: 300px) 100vw, 300px\" \/><figcaption id=\"caption-attachment-24075\" class=\"wp-caption-text\">Imagem meramente ilustrativa. Fonte: IA.<\/figcaption><\/figure>\n<p style=\"padding-left: 40px;\"><strong><em><span style=\"color: #993300;\">O foco \u00e9 garantir qualifica\u00e7\u00e3o t\u00e9cnica, valoriza\u00e7\u00e3o da administra\u00e7\u00e3o tribut\u00e1ria e respeito ao concurso p\u00fablico\u00a0<\/span><\/em><\/strong><\/p>\n<p><span data-contrast=\"auto\">O Minist\u00e9rio P\u00fablico de Contas do Paran\u00e1 (MPC-PR) emitiu a <a href=\"https:\/\/www.mpc.pr.gov.br\/wp-content\/uploads\/2025\/07\/Recomendacao-Administrativa-01.2025-Fiscos-municipais-VF.pdf\">Recomenda\u00e7\u00e3o Administrativa n\u00ba 01\/2025<\/a> com orienta\u00e7\u00f5es importantes para Prefeitos, Procuradores, Controladores Internos e Presidentes de C\u00e2maras Municipais de todo o Estado. O objetivo: promover a reestrutura\u00e7\u00e3o da administra\u00e7\u00e3o tribut\u00e1ria nos Munic\u00edpios, com base em crit\u00e9rios t\u00e9cnicos, legais e constitucionais.<\/span><span data-ccp-props=\"{&quot;201341983&quot;:0,&quot;335551550&quot;:6,&quot;335551620&quot;:6,&quot;335559740&quot;:360}\">\u00a0<\/span><\/p>\n<p><span data-contrast=\"auto\">A Recomenda\u00e7\u00e3o, publicada hoje (25) no <a href=\"https:\/\/www.mpc.pr.gov.br\/wp-content\/uploads\/2025\/07\/Recomendacao-Administrativa-01-2025-PG-MPC-PR-Fisco-Municipal-AOTC-3491-de-25-de-julho-de-2025.pdf\">Di\u00e1rio Eletr\u00f4nico do Tribunal de Contas do Estado do Paran\u00e1 (TCE-PR) n\u00ba 3491<\/a>, destaca que os cargos voltados \u00e0 fiscaliza\u00e7\u00e3o e arrecada\u00e7\u00e3o de tributos devem ser exercidos por servidores de carreira espec\u00edfica, aprovados em concurso p\u00fablico, com forma\u00e7\u00e3o superior em \u00e1reas como Direito, Contabilidade, Administra\u00e7\u00e3o, Economia, Engenharia, TI, entre outras relacionadas \u00e0 \u00e1rea tribut\u00e1ria.<\/span><span data-ccp-props=\"{&quot;201341983&quot;:0,&quot;335551550&quot;:6,&quot;335551620&quot;:6,&quot;335559740&quot;:360}\">\u00a0<\/span><\/p>\n<p><span data-contrast=\"auto\">Segundo o MPC-PR, a atua\u00e7\u00e3o da administra\u00e7\u00e3o tribut\u00e1ria \u00e9 considerada essencial ao funcionamento do Estado, conforme define o artigo 37 da Constitui\u00e7\u00e3o Federal. Com a reforma tribut\u00e1ria e a cria\u00e7\u00e3o de novos tributos como o IBS, a CBS e o Imposto Seletivo (Lei Complementar n\u00ba 214\/2025), a demanda por estrutura t\u00e9cnica e servidores qualificados aumentou consideravelmente.<\/span><span data-ccp-props=\"{&quot;201341983&quot;:0,&quot;335551550&quot;:6,&quot;335551620&quot;:6,&quot;335559740&quot;:360}\">\u00a0<\/span><\/p>\n<h4><b><span data-contrast=\"auto\">Mudan\u00e7a de n\u00edvel m\u00e9dio para superior<\/span><\/b><span data-ccp-props=\"{&quot;201341983&quot;:0,&quot;335551550&quot;:6,&quot;335551620&quot;:6,&quot;335559740&quot;:360}\">\u00a0<\/span><\/h4>\n<p><span data-contrast=\"auto\">Um ponto central da Recomenda\u00e7\u00e3o \u00e9 o incentivo para que os Munic\u00edpios atualizem suas legisla\u00e7\u00f5es, exigindo n\u00edvel superior para cargos fiscais. Importante: a mudan\u00e7a no n\u00edvel de escolaridade n\u00e3o implica, por si s\u00f3, na exclus\u00e3o de servidores antigos nem na cria\u00e7\u00e3o autom\u00e1tica de novos cargos. Decis\u00f5es recentes do Supremo Tribunal Federal (STF) validam esse tipo de atualiza\u00e7\u00e3o quando n\u00e3o h\u00e1 altera\u00e7\u00e3o nas atribui\u00e7\u00f5es ou estrutura da carreira, ou seja, n\u00e3o h\u00e1 \u201cprovimento derivado\u201d \u2013 pr\u00e1tica proibida que consiste em promover servidores sem concurso p\u00fablico para cargos com novas exig\u00eancias.<\/span><span data-ccp-props=\"{&quot;201341983&quot;:0,&quot;335551550&quot;:6,&quot;335551620&quot;:6,&quot;335559740&quot;:360}\">\u00a0<\/span><\/p>\n<h4><b><span data-contrast=\"auto\">Padroniza\u00e7\u00e3o e valoriza\u00e7\u00e3o das carreiras<\/span><\/b><span data-ccp-props=\"{&quot;201341983&quot;:0,&quot;335551550&quot;:6,&quot;335551620&quot;:6,&quot;335559740&quot;:360}\">\u00a0<\/span><\/h4>\n<p><span data-contrast=\"auto\">O MPC-PR tamb\u00e9m recomenda que as cidades adotem a nomenclatura \u201cAuditor Fiscal da Receita Municipal\u201d, alinhando-se aos padr\u00f5es federal e estadual, e criem estruturas salariais compat\u00edveis com a complexidade das fun\u00e7\u00f5es exercidas.<\/span><span data-ccp-props=\"{&quot;201341983&quot;:0,&quot;335551550&quot;:6,&quot;335551620&quot;:6,&quot;335559740&quot;:360}\">\u00a0<\/span><\/p>\n<p><span data-contrast=\"auto\">Em casos em que a legisla\u00e7\u00e3o municipal agrupe m\u00faltiplas fun\u00e7\u00f5es (como fiscal de obras, meio ambiente, postura etc.), o \u00f3rg\u00e3o sugere que as atribui\u00e7\u00f5es sejam separadas por \u00e1rea t\u00e9cnica, promovendo maior especializa\u00e7\u00e3o e efici\u00eancia. No entanto, caso verificada a necessidade de\u00a0reestrutura\u00e7\u00e3o nas carreiras fiscais, com altera\u00e7\u00e3o das atribui\u00e7\u00f5es, por exemplo, ser\u00e1 o caso de cria\u00e7\u00e3o de novos, a serem promovidos mediante realiza\u00e7\u00e3o de concurso p\u00fablico, n\u00e3o sendo permitida a transforma\u00e7\u00e3o de cargos de n\u00edvel m\u00e9dio para novos cargos de n\u00edvel superior com novas fun\u00e7\u00f5es \u2013 o STF j\u00e1 se posicionou contra essa pr\u00e1tica. <\/span><span data-ccp-props=\"{&quot;134233117&quot;:false,&quot;134233118&quot;:false,&quot;201341983&quot;:0,&quot;335551550&quot;:6,&quot;335551620&quot;:6,&quot;335559685&quot;:0,&quot;335559737&quot;:0,&quot;335559738&quot;:0,&quot;335559739&quot;:160,&quot;335559740&quot;:360}\">\u00a0<\/span><\/p>\n<p><span data-contrast=\"auto\">A Recomenda\u00e7\u00e3o tamb\u00e9m sugere que cargos de chefia dentro da estrutura tribut\u00e1ria sejam ocupados apenas por servidores efetivos da pr\u00f3pria carreira fiscal, valorizando o conhecimento t\u00e9cnico e a continuidade administrativa. <\/span><span data-ccp-props=\"{&quot;201341983&quot;:0,&quot;335551550&quot;:6,&quot;335551620&quot;:6,&quot;335559740&quot;:360}\">\u00a0<\/span><\/p>\n<p><span data-contrast=\"auto\">Tal iniciativa reflete o posicionamento do MPC-PR frente \u00e0s mudan\u00e7as trazidas pela reforma tribut\u00e1ria e pelo fortalecimento das administra\u00e7\u00f5es tribut\u00e1rias locais. Mais do que uma orienta\u00e7\u00e3o legal, trata-se de um chamado \u00e0 profissionaliza\u00e7\u00e3o, valoriza\u00e7\u00e3o e organiza\u00e7\u00e3o da arrecada\u00e7\u00e3o Municipal, garantindo maior justi\u00e7a fiscal e efici\u00eancia na gest\u00e3o p\u00fablica.<\/span><span data-ccp-props=\"{&quot;201341983&quot;:0,&quot;335551550&quot;:6,&quot;335551620&quot;:6,&quot;335559740&quot;:360}\">\u00a0<\/span><\/p>\n","protected":false},"excerpt":{"rendered":"<p>O foco \u00e9 garantir qualifica\u00e7\u00e3o t\u00e9cnica, valoriza\u00e7\u00e3o da administra\u00e7\u00e3o tribut\u00e1ria e respeito ao concurso p\u00fablico\u00a0 O Minist\u00e9rio P\u00fablico de Contas do Paran\u00e1 (MPC-PR) emitiu a Recomenda\u00e7\u00e3o Administrativa n\u00ba 01\/2025 com orienta\u00e7\u00f5es importantes para Prefeitos, Procuradores, Controladores Internos e Presidentes de C\u00e2maras Municipais de todo o Estado. O objetivo: promover a reestrutura\u00e7\u00e3o da administra\u00e7\u00e3o tribut\u00e1ria nos [&hellip;]<\/p>\n","protected":false},"author":1,"featured_media":24075,"comment_status":"open","ping_status":"open","sticky":false,"template":"","format":"standard","meta":{"_monsterinsights_skip_tracking":false,"_monsterinsights_sitenote_active":false,"_monsterinsights_sitenote_note":"","_monsterinsights_sitenote_category":0,"footnotes":""},"categories":[7],"tags":[793,794,740,792,13,648],"class_list":["post-24072","post","type-post","status-publish","format-standard","has-post-thumbnail","hentry","category-todas-as-noticias","tag-399-municipios","tag-auditor-fiscal","tag-fiscal-tributario","tag-gestao-tributaria","tag-mpc-pr","tag-recomendacao-administrativa","entry","has-media"],"yoast_head":"<!-- This site is optimized with the Yoast SEO plugin v27.3 - https:\/\/yoast.com\/product\/yoast-seo-wordpress\/ -->\n<title>MPC-PR emite Recomenda\u00e7\u00e3o aos 399 Munic\u00edpios do Paran\u00e1 para reestrutura\u00e7\u00e3o das carreiras fiscais - Minist\u00e9rio P\u00fablico de Contas do Estado do Paran\u00e1<\/title>\n<meta name=\"robots\" content=\"index, follow, max-snippet:-1, max-image-preview:large, max-video-preview:-1\" \/>\n<link rel=\"canonical\" href=\"https:\/\/www.mpc.pr.gov.br\/index.php\/mpc-pr-emite-recomendacao-aos-399-municipios-do-parana-para-reestruturacao-das-carreiras-fiscais\/\" \/>\n<meta property=\"og:locale\" content=\"pt_BR\" \/>\n<meta property=\"og:type\" content=\"article\" \/>\n<meta property=\"og:title\" content=\"MPC-PR emite Recomenda\u00e7\u00e3o aos 399 Munic\u00edpios do Paran\u00e1 para reestrutura\u00e7\u00e3o das carreiras fiscais - Minist\u00e9rio P\u00fablico de Contas do Estado do Paran\u00e1\" \/>\n<meta property=\"og:description\" content=\"O foco \u00e9 garantir qualifica\u00e7\u00e3o t\u00e9cnica, valoriza\u00e7\u00e3o da administra\u00e7\u00e3o tribut\u00e1ria e respeito ao concurso p\u00fablico\u00a0 O Minist\u00e9rio P\u00fablico de Contas do Paran\u00e1 (MPC-PR) emitiu a Recomenda\u00e7\u00e3o Administrativa n\u00ba 01\/2025 com orienta\u00e7\u00f5es importantes para Prefeitos, Procuradores, Controladores Internos e Presidentes de C\u00e2maras Municipais de todo o Estado. O objetivo: promover a reestrutura\u00e7\u00e3o da administra\u00e7\u00e3o tribut\u00e1ria nos [&hellip;]\" \/>\n<meta property=\"og:url\" content=\"https:\/\/www.mpc.pr.gov.br\/index.php\/mpc-pr-emite-recomendacao-aos-399-municipios-do-parana-para-reestruturacao-das-carreiras-fiscais\/\" \/>\n<meta property=\"og:site_name\" content=\"Minist\u00e9rio P\u00fablico de Contas do Estado do Paran\u00e1\" \/>\n<meta property=\"article:publisher\" content=\"https:\/\/www.facebook.com\/mpc.pr\" \/>\n<meta property=\"article:published_time\" content=\"2025-07-25T13:37:51+00:00\" \/>\n<meta property=\"article:modified_time\" content=\"2025-08-07T12:33:23+00:00\" \/>\n<meta property=\"og:image\" content=\"https:\/\/www.mpc.pr.gov.br\/wp-content\/uploads\/2025\/07\/ra399-gestor-tributario.png\" \/>\n\t<meta property=\"og:image:width\" content=\"537\" \/>\n\t<meta property=\"og:image:height\" content=\"337\" \/>\n\t<meta property=\"og:image:type\" content=\"image\/png\" \/>\n<meta name=\"author\" content=\"mpcontaspr\" \/>\n<meta name=\"twitter:card\" content=\"summary_large_image\" \/>\n<meta name=\"twitter:label1\" content=\"Escrito por\" \/>\n\t<meta name=\"twitter:data1\" content=\"mpcontaspr\" \/>\n\t<meta name=\"twitter:label2\" content=\"Est. tempo de leitura\" \/>\n\t<meta name=\"twitter:data2\" content=\"4 minutos\" \/>\n<script type=\"application\/ld+json\" class=\"yoast-schema-graph\">{\"@context\":\"https:\\\/\\\/schema.org\",\"@graph\":[{\"@type\":\"Article\",\"@id\":\"https:\\\/\\\/www.mpc.pr.gov.br\\\/index.php\\\/mpc-pr-emite-recomendacao-aos-399-municipios-do-parana-para-reestruturacao-das-carreiras-fiscais\\\/#article\",\"isPartOf\":{\"@id\":\"https:\\\/\\\/www.mpc.pr.gov.br\\\/index.php\\\/mpc-pr-emite-recomendacao-aos-399-municipios-do-parana-para-reestruturacao-das-carreiras-fiscais\\\/\"},\"author\":{\"name\":\"mpcontaspr\",\"@id\":\"https:\\\/\\\/www.mpc.pr.gov.br\\\/#\\\/schema\\\/person\\\/2d83cb8980538d0ec174e8a6284f5e11\"},\"headline\":\"MPC-PR emite Recomenda\u00e7\u00e3o aos 399 Munic\u00edpios do Paran\u00e1 para reestrutura\u00e7\u00e3o das carreiras fiscais\",\"datePublished\":\"2025-07-25T13:37:51+00:00\",\"dateModified\":\"2025-08-07T12:33:23+00:00\",\"mainEntityOfPage\":{\"@id\":\"https:\\\/\\\/www.mpc.pr.gov.br\\\/index.php\\\/mpc-pr-emite-recomendacao-aos-399-municipios-do-parana-para-reestruturacao-das-carreiras-fiscais\\\/\"},\"wordCount\":599,\"commentCount\":2,\"publisher\":{\"@id\":\"https:\\\/\\\/www.mpc.pr.gov.br\\\/#organization\"},\"image\":{\"@id\":\"https:\\\/\\\/www.mpc.pr.gov.br\\\/index.php\\\/mpc-pr-emite-recomendacao-aos-399-municipios-do-parana-para-reestruturacao-das-carreiras-fiscais\\\/#primaryimage\"},\"thumbnailUrl\":\"https:\\\/\\\/www.mpc.pr.gov.br\\\/wp-content\\\/uploads\\\/2025\\\/07\\\/ra399-gestor-tributario.png\",\"keywords\":[\"399 Munic\u00edpios\",\"Auditor Fiscal\",\"Fiscal Tribut\u00e1rio\",\"Gest\u00e3o Tribut\u00e1ria\",\"MPC-PR\",\"Recomenda\u00e7\u00e3o Administrativa\"],\"articleSection\":[\"Todas as not\u00edcias\"],\"inLanguage\":\"pt-BR\",\"potentialAction\":[{\"@type\":\"CommentAction\",\"name\":\"Comment\",\"target\":[\"https:\\\/\\\/www.mpc.pr.gov.br\\\/index.php\\\/mpc-pr-emite-recomendacao-aos-399-municipios-do-parana-para-reestruturacao-das-carreiras-fiscais\\\/#respond\"]}]},{\"@type\":\"WebPage\",\"@id\":\"https:\\\/\\\/www.mpc.pr.gov.br\\\/index.php\\\/mpc-pr-emite-recomendacao-aos-399-municipios-do-parana-para-reestruturacao-das-carreiras-fiscais\\\/\",\"url\":\"https:\\\/\\\/www.mpc.pr.gov.br\\\/index.php\\\/mpc-pr-emite-recomendacao-aos-399-municipios-do-parana-para-reestruturacao-das-carreiras-fiscais\\\/\",\"name\":\"MPC-PR emite Recomenda\u00e7\u00e3o aos 399 Munic\u00edpios do Paran\u00e1 para reestrutura\u00e7\u00e3o das carreiras fiscais - Minist\u00e9rio P\u00fablico de Contas do Estado do Paran\u00e1\",\"isPartOf\":{\"@id\":\"https:\\\/\\\/www.mpc.pr.gov.br\\\/#website\"},\"primaryImageOfPage\":{\"@id\":\"https:\\\/\\\/www.mpc.pr.gov.br\\\/index.php\\\/mpc-pr-emite-recomendacao-aos-399-municipios-do-parana-para-reestruturacao-das-carreiras-fiscais\\\/#primaryimage\"},\"image\":{\"@id\":\"https:\\\/\\\/www.mpc.pr.gov.br\\\/index.php\\\/mpc-pr-emite-recomendacao-aos-399-municipios-do-parana-para-reestruturacao-das-carreiras-fiscais\\\/#primaryimage\"},\"thumbnailUrl\":\"https:\\\/\\\/www.mpc.pr.gov.br\\\/wp-content\\\/uploads\\\/2025\\\/07\\\/ra399-gestor-tributario.png\",\"datePublished\":\"2025-07-25T13:37:51+00:00\",\"dateModified\":\"2025-08-07T12:33:23+00:00\",\"breadcrumb\":{\"@id\":\"https:\\\/\\\/www.mpc.pr.gov.br\\\/index.php\\\/mpc-pr-emite-recomendacao-aos-399-municipios-do-parana-para-reestruturacao-das-carreiras-fiscais\\\/#breadcrumb\"},\"inLanguage\":\"pt-BR\",\"potentialAction\":[{\"@type\":\"ReadAction\",\"target\":[\"https:\\\/\\\/www.mpc.pr.gov.br\\\/index.php\\\/mpc-pr-emite-recomendacao-aos-399-municipios-do-parana-para-reestruturacao-das-carreiras-fiscais\\\/\"]}]},{\"@type\":\"ImageObject\",\"inLanguage\":\"pt-BR\",\"@id\":\"https:\\\/\\\/www.mpc.pr.gov.br\\\/index.php\\\/mpc-pr-emite-recomendacao-aos-399-municipios-do-parana-para-reestruturacao-das-carreiras-fiscais\\\/#primaryimage\",\"url\":\"https:\\\/\\\/www.mpc.pr.gov.br\\\/wp-content\\\/uploads\\\/2025\\\/07\\\/ra399-gestor-tributario.png\",\"contentUrl\":\"https:\\\/\\\/www.mpc.pr.gov.br\\\/wp-content\\\/uploads\\\/2025\\\/07\\\/ra399-gestor-tributario.png\",\"width\":537,\"height\":337,\"caption\":\"Imagem meramente ilustrativa. Fonte: IA.\"},{\"@type\":\"BreadcrumbList\",\"@id\":\"https:\\\/\\\/www.mpc.pr.gov.br\\\/index.php\\\/mpc-pr-emite-recomendacao-aos-399-municipios-do-parana-para-reestruturacao-das-carreiras-fiscais\\\/#breadcrumb\",\"itemListElement\":[{\"@type\":\"ListItem\",\"position\":1,\"name\":\"In\u00edcio\",\"item\":\"https:\\\/\\\/www.mpc.pr.gov.br\\\/\"},{\"@type\":\"ListItem\",\"position\":2,\"name\":\"MPC-PR emite Recomenda\u00e7\u00e3o aos 399 Munic\u00edpios do Paran\u00e1 para reestrutura\u00e7\u00e3o das carreiras fiscais\"}]},{\"@type\":\"WebSite\",\"@id\":\"https:\\\/\\\/www.mpc.pr.gov.br\\\/#website\",\"url\":\"https:\\\/\\\/www.mpc.pr.gov.br\\\/\",\"name\":\"Minist\u00e9rio P\u00fablico de Contas do Estado do Paran\u00e1\",\"description\":\"\",\"publisher\":{\"@id\":\"https:\\\/\\\/www.mpc.pr.gov.br\\\/#organization\"},\"potentialAction\":[{\"@type\":\"SearchAction\",\"target\":{\"@type\":\"EntryPoint\",\"urlTemplate\":\"https:\\\/\\\/www.mpc.pr.gov.br\\\/?s={search_term_string}\"},\"query-input\":{\"@type\":\"PropertyValueSpecification\",\"valueRequired\":true,\"valueName\":\"search_term_string\"}}],\"inLanguage\":\"pt-BR\"},{\"@type\":\"Organization\",\"@id\":\"https:\\\/\\\/www.mpc.pr.gov.br\\\/#organization\",\"name\":\"Minist\u00e9rio P\u00fablico de Contas do Estado do Paran\u00e1\",\"url\":\"https:\\\/\\\/www.mpc.pr.gov.br\\\/\",\"logo\":{\"@type\":\"ImageObject\",\"inLanguage\":\"pt-BR\",\"@id\":\"https:\\\/\\\/www.mpc.pr.gov.br\\\/#\\\/schema\\\/logo\\\/image\\\/\",\"url\":\"https:\\\/\\\/www.mpc.pr.gov.br\\\/wp-content\\\/uploads\\\/2020\\\/06\\\/99423647_1593460364143890_6706793420720963584_n-1-e1591387983167.png\",\"contentUrl\":\"https:\\\/\\\/www.mpc.pr.gov.br\\\/wp-content\\\/uploads\\\/2020\\\/06\\\/99423647_1593460364143890_6706793420720963584_n-1-e1591387983167.png\",\"width\":243,\"height\":73,\"caption\":\"Minist\u00e9rio P\u00fablico de Contas do Estado do Paran\u00e1\"},\"image\":{\"@id\":\"https:\\\/\\\/www.mpc.pr.gov.br\\\/#\\\/schema\\\/logo\\\/image\\\/\"},\"sameAs\":[\"https:\\\/\\\/www.facebook.com\\\/mpc.pr\",\"https:\\\/\\\/www.instagram.com\\\/mpc.pr\\\/?hl=pt-br\",\"https:\\\/\\\/www.youtube.com\\\/channel\\\/UCHri5oEM8DV0ztX57E0sBSw\"]},{\"@type\":\"Person\",\"@id\":\"https:\\\/\\\/www.mpc.pr.gov.br\\\/#\\\/schema\\\/person\\\/2d83cb8980538d0ec174e8a6284f5e11\",\"name\":\"mpcontaspr\",\"image\":{\"@type\":\"ImageObject\",\"inLanguage\":\"pt-BR\",\"@id\":\"https:\\\/\\\/secure.gravatar.com\\\/avatar\\\/1aef51541db7622e05fd639336c9c9f312c2a618396e2b6ca96846362fc5403f?s=96&d=mm&r=g\",\"url\":\"https:\\\/\\\/secure.gravatar.com\\\/avatar\\\/1aef51541db7622e05fd639336c9c9f312c2a618396e2b6ca96846362fc5403f?s=96&d=mm&r=g\",\"contentUrl\":\"https:\\\/\\\/secure.gravatar.com\\\/avatar\\\/1aef51541db7622e05fd639336c9c9f312c2a618396e2b6ca96846362fc5403f?s=96&d=mm&r=g\",\"caption\":\"mpcontaspr\"},\"sameAs\":[\"http:\\\/\\\/www.mpc.pr.gov.br\"]}]}<\/script>\n<!-- \/ Yoast SEO plugin. -->","yoast_head_json":{"title":"MPC-PR emite Recomenda\u00e7\u00e3o aos 399 Munic\u00edpios do Paran\u00e1 para reestrutura\u00e7\u00e3o das carreiras fiscais - Minist\u00e9rio P\u00fablico de Contas do Estado do Paran\u00e1","robots":{"index":"index","follow":"follow","max-snippet":"max-snippet:-1","max-image-preview":"max-image-preview:large","max-video-preview":"max-video-preview:-1"},"canonical":"https:\/\/www.mpc.pr.gov.br\/index.php\/mpc-pr-emite-recomendacao-aos-399-municipios-do-parana-para-reestruturacao-das-carreiras-fiscais\/","og_locale":"pt_BR","og_type":"article","og_title":"MPC-PR emite Recomenda\u00e7\u00e3o aos 399 Munic\u00edpios do Paran\u00e1 para reestrutura\u00e7\u00e3o das carreiras fiscais - Minist\u00e9rio P\u00fablico de Contas do Estado do Paran\u00e1","og_description":"O foco \u00e9 garantir qualifica\u00e7\u00e3o t\u00e9cnica, valoriza\u00e7\u00e3o da administra\u00e7\u00e3o tribut\u00e1ria e respeito ao concurso p\u00fablico\u00a0 O Minist\u00e9rio P\u00fablico de Contas do Paran\u00e1 (MPC-PR) emitiu a Recomenda\u00e7\u00e3o Administrativa n\u00ba 01\/2025 com orienta\u00e7\u00f5es importantes para Prefeitos, Procuradores, Controladores Internos e Presidentes de C\u00e2maras Municipais de todo o Estado. O objetivo: promover a reestrutura\u00e7\u00e3o da administra\u00e7\u00e3o tribut\u00e1ria nos [&hellip;]","og_url":"https:\/\/www.mpc.pr.gov.br\/index.php\/mpc-pr-emite-recomendacao-aos-399-municipios-do-parana-para-reestruturacao-das-carreiras-fiscais\/","og_site_name":"Minist\u00e9rio P\u00fablico de Contas do Estado do Paran\u00e1","article_publisher":"https:\/\/www.facebook.com\/mpc.pr","article_published_time":"2025-07-25T13:37:51+00:00","article_modified_time":"2025-08-07T12:33:23+00:00","og_image":[{"width":537,"height":337,"url":"https:\/\/www.mpc.pr.gov.br\/wp-content\/uploads\/2025\/07\/ra399-gestor-tributario.png","type":"image\/png"}],"author":"mpcontaspr","twitter_card":"summary_large_image","twitter_misc":{"Escrito por":"mpcontaspr","Est. tempo de leitura":"4 minutos"},"schema":{"@context":"https:\/\/schema.org","@graph":[{"@type":"Article","@id":"https:\/\/www.mpc.pr.gov.br\/index.php\/mpc-pr-emite-recomendacao-aos-399-municipios-do-parana-para-reestruturacao-das-carreiras-fiscais\/#article","isPartOf":{"@id":"https:\/\/www.mpc.pr.gov.br\/index.php\/mpc-pr-emite-recomendacao-aos-399-municipios-do-parana-para-reestruturacao-das-carreiras-fiscais\/"},"author":{"name":"mpcontaspr","@id":"https:\/\/www.mpc.pr.gov.br\/#\/schema\/person\/2d83cb8980538d0ec174e8a6284f5e11"},"headline":"MPC-PR emite Recomenda\u00e7\u00e3o aos 399 Munic\u00edpios do Paran\u00e1 para reestrutura\u00e7\u00e3o das carreiras fiscais","datePublished":"2025-07-25T13:37:51+00:00","dateModified":"2025-08-07T12:33:23+00:00","mainEntityOfPage":{"@id":"https:\/\/www.mpc.pr.gov.br\/index.php\/mpc-pr-emite-recomendacao-aos-399-municipios-do-parana-para-reestruturacao-das-carreiras-fiscais\/"},"wordCount":599,"commentCount":2,"publisher":{"@id":"https:\/\/www.mpc.pr.gov.br\/#organization"},"image":{"@id":"https:\/\/www.mpc.pr.gov.br\/index.php\/mpc-pr-emite-recomendacao-aos-399-municipios-do-parana-para-reestruturacao-das-carreiras-fiscais\/#primaryimage"},"thumbnailUrl":"https:\/\/www.mpc.pr.gov.br\/wp-content\/uploads\/2025\/07\/ra399-gestor-tributario.png","keywords":["399 Munic\u00edpios","Auditor Fiscal","Fiscal Tribut\u00e1rio","Gest\u00e3o Tribut\u00e1ria","MPC-PR","Recomenda\u00e7\u00e3o Administrativa"],"articleSection":["Todas as not\u00edcias"],"inLanguage":"pt-BR","potentialAction":[{"@type":"CommentAction","name":"Comment","target":["https:\/\/www.mpc.pr.gov.br\/index.php\/mpc-pr-emite-recomendacao-aos-399-municipios-do-parana-para-reestruturacao-das-carreiras-fiscais\/#respond"]}]},{"@type":"WebPage","@id":"https:\/\/www.mpc.pr.gov.br\/index.php\/mpc-pr-emite-recomendacao-aos-399-municipios-do-parana-para-reestruturacao-das-carreiras-fiscais\/","url":"https:\/\/www.mpc.pr.gov.br\/index.php\/mpc-pr-emite-recomendacao-aos-399-municipios-do-parana-para-reestruturacao-das-carreiras-fiscais\/","name":"MPC-PR emite Recomenda\u00e7\u00e3o aos 399 Munic\u00edpios do Paran\u00e1 para reestrutura\u00e7\u00e3o das carreiras fiscais - Minist\u00e9rio P\u00fablico de Contas do Estado do Paran\u00e1","isPartOf":{"@id":"https:\/\/www.mpc.pr.gov.br\/#website"},"primaryImageOfPage":{"@id":"https:\/\/www.mpc.pr.gov.br\/index.php\/mpc-pr-emite-recomendacao-aos-399-municipios-do-parana-para-reestruturacao-das-carreiras-fiscais\/#primaryimage"},"image":{"@id":"https:\/\/www.mpc.pr.gov.br\/index.php\/mpc-pr-emite-recomendacao-aos-399-municipios-do-parana-para-reestruturacao-das-carreiras-fiscais\/#primaryimage"},"thumbnailUrl":"https:\/\/www.mpc.pr.gov.br\/wp-content\/uploads\/2025\/07\/ra399-gestor-tributario.png","datePublished":"2025-07-25T13:37:51+00:00","dateModified":"2025-08-07T12:33:23+00:00","breadcrumb":{"@id":"https:\/\/www.mpc.pr.gov.br\/index.php\/mpc-pr-emite-recomendacao-aos-399-municipios-do-parana-para-reestruturacao-das-carreiras-fiscais\/#breadcrumb"},"inLanguage":"pt-BR","potentialAction":[{"@type":"ReadAction","target":["https:\/\/www.mpc.pr.gov.br\/index.php\/mpc-pr-emite-recomendacao-aos-399-municipios-do-parana-para-reestruturacao-das-carreiras-fiscais\/"]}]},{"@type":"ImageObject","inLanguage":"pt-BR","@id":"https:\/\/www.mpc.pr.gov.br\/index.php\/mpc-pr-emite-recomendacao-aos-399-municipios-do-parana-para-reestruturacao-das-carreiras-fiscais\/#primaryimage","url":"https:\/\/www.mpc.pr.gov.br\/wp-content\/uploads\/2025\/07\/ra399-gestor-tributario.png","contentUrl":"https:\/\/www.mpc.pr.gov.br\/wp-content\/uploads\/2025\/07\/ra399-gestor-tributario.png","width":537,"height":337,"caption":"Imagem meramente ilustrativa. Fonte: IA."},{"@type":"BreadcrumbList","@id":"https:\/\/www.mpc.pr.gov.br\/index.php\/mpc-pr-emite-recomendacao-aos-399-municipios-do-parana-para-reestruturacao-das-carreiras-fiscais\/#breadcrumb","itemListElement":[{"@type":"ListItem","position":1,"name":"In\u00edcio","item":"https:\/\/www.mpc.pr.gov.br\/"},{"@type":"ListItem","position":2,"name":"MPC-PR emite Recomenda\u00e7\u00e3o aos 399 Munic\u00edpios do Paran\u00e1 para reestrutura\u00e7\u00e3o das carreiras fiscais"}]},{"@type":"WebSite","@id":"https:\/\/www.mpc.pr.gov.br\/#website","url":"https:\/\/www.mpc.pr.gov.br\/","name":"Minist\u00e9rio P\u00fablico de Contas do Estado do Paran\u00e1","description":"","publisher":{"@id":"https:\/\/www.mpc.pr.gov.br\/#organization"},"potentialAction":[{"@type":"SearchAction","target":{"@type":"EntryPoint","urlTemplate":"https:\/\/www.mpc.pr.gov.br\/?s={search_term_string}"},"query-input":{"@type":"PropertyValueSpecification","valueRequired":true,"valueName":"search_term_string"}}],"inLanguage":"pt-BR"},{"@type":"Organization","@id":"https:\/\/www.mpc.pr.gov.br\/#organization","name":"Minist\u00e9rio P\u00fablico de Contas do Estado do Paran\u00e1","url":"https:\/\/www.mpc.pr.gov.br\/","logo":{"@type":"ImageObject","inLanguage":"pt-BR","@id":"https:\/\/www.mpc.pr.gov.br\/#\/schema\/logo\/image\/","url":"https:\/\/www.mpc.pr.gov.br\/wp-content\/uploads\/2020\/06\/99423647_1593460364143890_6706793420720963584_n-1-e1591387983167.png","contentUrl":"https:\/\/www.mpc.pr.gov.br\/wp-content\/uploads\/2020\/06\/99423647_1593460364143890_6706793420720963584_n-1-e1591387983167.png","width":243,"height":73,"caption":"Minist\u00e9rio P\u00fablico de Contas do Estado do Paran\u00e1"},"image":{"@id":"https:\/\/www.mpc.pr.gov.br\/#\/schema\/logo\/image\/"},"sameAs":["https:\/\/www.facebook.com\/mpc.pr","https:\/\/www.instagram.com\/mpc.pr\/?hl=pt-br","https:\/\/www.youtube.com\/channel\/UCHri5oEM8DV0ztX57E0sBSw"]},{"@type":"Person","@id":"https:\/\/www.mpc.pr.gov.br\/#\/schema\/person\/2d83cb8980538d0ec174e8a6284f5e11","name":"mpcontaspr","image":{"@type":"ImageObject","inLanguage":"pt-BR","@id":"https:\/\/secure.gravatar.com\/avatar\/1aef51541db7622e05fd639336c9c9f312c2a618396e2b6ca96846362fc5403f?s=96&d=mm&r=g","url":"https:\/\/secure.gravatar.com\/avatar\/1aef51541db7622e05fd639336c9c9f312c2a618396e2b6ca96846362fc5403f?s=96&d=mm&r=g","contentUrl":"https:\/\/secure.gravatar.com\/avatar\/1aef51541db7622e05fd639336c9c9f312c2a618396e2b6ca96846362fc5403f?s=96&d=mm&r=g","caption":"mpcontaspr"},"sameAs":["http:\/\/www.mpc.pr.gov.br"]}]}},"rttpg_featured_image_url":{"full":["https:\/\/www.mpc.pr.gov.br\/wp-content\/uploads\/2025\/07\/ra399-gestor-tributario.png",537,337,false],"landscape":["https:\/\/www.mpc.pr.gov.br\/wp-content\/uploads\/2025\/07\/ra399-gestor-tributario.png",537,337,false],"portraits":["https:\/\/www.mpc.pr.gov.br\/wp-content\/uploads\/2025\/07\/ra399-gestor-tributario.png",537,337,false],"thumbnail":["https:\/\/www.mpc.pr.gov.br\/wp-content\/uploads\/2025\/07\/ra399-gestor-tributario-150x150.png",150,150,true],"medium":["https:\/\/www.mpc.pr.gov.br\/wp-content\/uploads\/2025\/07\/ra399-gestor-tributario-300x188.png",300,188,true],"large":["https:\/\/www.mpc.pr.gov.br\/wp-content\/uploads\/2025\/07\/ra399-gestor-tributario.png",537,337,false],"1536x1536":["https:\/\/www.mpc.pr.gov.br\/wp-content\/uploads\/2025\/07\/ra399-gestor-tributario.png",537,337,false],"2048x2048":["https:\/\/www.mpc.pr.gov.br\/wp-content\/uploads\/2025\/07\/ra399-gestor-tributario.png",537,337,false],"ocean-thumb-m":["https:\/\/www.mpc.pr.gov.br\/wp-content\/uploads\/2025\/07\/ra399-gestor-tributario.png",537,337,false],"ocean-thumb-ml":["https:\/\/www.mpc.pr.gov.br\/wp-content\/uploads\/2025\/07\/ra399-gestor-tributario.png",537,337,false],"ocean-thumb-l":["https:\/\/www.mpc.pr.gov.br\/wp-content\/uploads\/2025\/07\/ra399-gestor-tributario.png",537,337,false]},"rttpg_author":{"display_name":"mpcontaspr","author_link":"https:\/\/www.mpc.pr.gov.br\/index.php\/author\/mpcontaspr\/"},"rttpg_comment":4,"rttpg_category":"<a href=\"https:\/\/www.mpc.pr.gov.br\/index.php\/category\/todas-as-noticias\/\" rel=\"category tag\">Todas as not\u00edcias<\/a>","rttpg_excerpt":"O foco \u00e9 garantir qualifica\u00e7\u00e3o t\u00e9cnica, valoriza\u00e7\u00e3o da administra\u00e7\u00e3o tribut\u00e1ria e respeito ao concurso p\u00fablico\u00a0 O Minist\u00e9rio P\u00fablico de Contas do Paran\u00e1 (MPC-PR) emitiu a Recomenda\u00e7\u00e3o Administrativa n\u00ba 01\/2025 com orienta\u00e7\u00f5es importantes para Prefeitos, Procuradores, Controladores Internos e Presidentes de C\u00e2maras Municipais de todo o Estado. O objetivo: promover a reestrutura\u00e7\u00e3o da administra\u00e7\u00e3o tribut\u00e1ria nos&hellip;","_links":{"self":[{"href":"https:\/\/www.mpc.pr.gov.br\/index.php\/wp-json\/wp\/v2\/posts\/24072","targetHints":{"allow":["GET"]}}],"collection":[{"href":"https:\/\/www.mpc.pr.gov.br\/index.php\/wp-json\/wp\/v2\/posts"}],"about":[{"href":"https:\/\/www.mpc.pr.gov.br\/index.php\/wp-json\/wp\/v2\/types\/post"}],"author":[{"embeddable":true,"href":"https:\/\/www.mpc.pr.gov.br\/index.php\/wp-json\/wp\/v2\/users\/1"}],"replies":[{"embeddable":true,"href":"https:\/\/www.mpc.pr.gov.br\/index.php\/wp-json\/wp\/v2\/comments?post=24072"}],"version-history":[{"count":4,"href":"https:\/\/www.mpc.pr.gov.br\/index.php\/wp-json\/wp\/v2\/posts\/24072\/revisions"}],"predecessor-version":[{"id":24079,"href":"https:\/\/www.mpc.pr.gov.br\/index.php\/wp-json\/wp\/v2\/posts\/24072\/revisions\/24079"}],"wp:featuredmedia":[{"embeddable":true,"href":"https:\/\/www.mpc.pr.gov.br\/index.php\/wp-json\/wp\/v2\/media\/24075"}],"wp:attachment":[{"href":"https:\/\/www.mpc.pr.gov.br\/index.php\/wp-json\/wp\/v2\/media?parent=24072"}],"wp:term":[{"taxonomy":"category","embeddable":true,"href":"https:\/\/www.mpc.pr.gov.br\/index.php\/wp-json\/wp\/v2\/categories?post=24072"},{"taxonomy":"post_tag","embeddable":true,"href":"https:\/\/www.mpc.pr.gov.br\/index.php\/wp-json\/wp\/v2\/tags?post=24072"}],"curies":[{"name":"wp","href":"https:\/\/api.w.org\/{rel}","templated":true}]}}