{"id":24307,"date":"2025-09-02T10:23:42","date_gmt":"2025-09-02T13:23:42","guid":{"rendered":"https:\/\/www.mpc.pr.gov.br\/?p=24307"},"modified":"2025-09-11T14:39:44","modified_gmt":"2025-09-11T17:39:44","slug":"prejulgado-do-tce-pr-esclarece-criterios-de-verificacao-das-situacoes-de-ascensao-funcional-no-exame-de-atos-de-inativacao","status":"publish","type":"post","link":"https:\/\/www.mpc.pr.gov.br\/index.php\/prejulgado-do-tce-pr-esclarece-criterios-de-verificacao-das-situacoes-de-ascensao-funcional-no-exame-de-atos-de-inativacao\/","title":{"rendered":"Prejulgado do TCE-PR esclarece crit\u00e9rios de verifica\u00e7\u00e3o das situa\u00e7\u00f5es de ascens\u00e3o funcional no exame de atos de inativa\u00e7\u00e3o"},"content":{"rendered":"<figure id=\"attachment_24310\" aria-describedby=\"caption-attachment-24310\" style=\"width: 300px\" class=\"wp-caption alignleft\"><img fetchpriority=\"high\" decoding=\"async\" class=\"size-medium wp-image-24310\" src=\"https:\/\/www.mpc.pr.gov.br\/wp-content\/uploads\/2025\/09\/tce-pr-300x264.jpg\" alt=\"\" width=\"300\" height=\"264\" srcset=\"https:\/\/www.mpc.pr.gov.br\/wp-content\/uploads\/2025\/09\/tce-pr-300x264.jpg 300w, https:\/\/www.mpc.pr.gov.br\/wp-content\/uploads\/2025\/09\/tce-pr.jpg 640w\" sizes=\"(max-width: 300px) 100vw, 300px\" \/><figcaption id=\"caption-attachment-24310\" class=\"wp-caption-text\">Rampa de acesso ao TCE-PR. Fonte: Diretoria de Comunica\u00e7\u00e3o Social.<\/figcaption><\/figure>\n<p><span data-contrast=\"auto\">Acompanhando integralmente o opinativo do Minist\u00e9rio P\u00fablico de Contas do Paran\u00e1 (MPC-PR), o Tribunal de Contas do Estado do Paran\u00e1 (TCE-PR) adotou um entendimento uniforme, por meio de processo de Prejulgado, a respeito da an\u00e1lise das situa\u00e7\u00f5es de ascens\u00e3o funcional no exame de atos de inativa\u00e7\u00e3o.\u00a0<\/span><span data-ccp-props=\"{&quot;201341983&quot;:0,&quot;335551550&quot;:6,&quot;335551620&quot;:6,&quot;335559740&quot;:360}\">\u00a0<\/span><\/p>\n<p><span data-contrast=\"auto\">Conforme o Of\u00edcio n\u00ba 82\/2024 do Gabinete da Presid\u00eancia, a discuss\u00e3o foi motivada devido aos desafios enfrentados pelo TCE-PR na an\u00e1lise de atos de pessoal, notadamente no que se refere ao prolongado tempo de an\u00e1lise dos processos por parte da Coordenadoria de Acompanhamento de Atos de Gest\u00e3o (CAGE), ressaltando que uma das principais causas da morosidade diz respeito \u00e0 verifica\u00e7\u00e3o de ascens\u00f5es funcionais dos servidores cujas inativa\u00e7\u00f5es se examina.<\/span><span data-ccp-props=\"{&quot;201341983&quot;:0,&quot;335551550&quot;:6,&quot;335551620&quot;:6,&quot;335559740&quot;:360}\">\u00a0<\/span><\/p>\n<h4><b><span data-contrast=\"auto\">Entenda o caso<\/span><\/b><span data-ccp-props=\"{&quot;201341983&quot;:0,&quot;335551550&quot;:6,&quot;335551620&quot;:6,&quot;335559740&quot;:360}\">\u00a0<\/span><\/h4>\n<p><span data-contrast=\"auto\">A instaura\u00e7\u00e3o do Prejulgado foi aprovada na Sess\u00e3o Ordin\u00e1ria n\u00ba 29, do dia 28 de agosto do Tribunal Pleno, a fim de esclarecer as seguintes quest\u00f5es:<\/span><span data-ccp-props=\"{&quot;201341983&quot;:0,&quot;335551550&quot;:6,&quot;335551620&quot;:6,&quot;335559740&quot;:360}\">\u00a0<\/span><\/p>\n<blockquote><p><b><i><span data-contrast=\"auto\">a) <\/span><\/i><\/b><i><span data-contrast=\"auto\">A jurisprud\u00eancia consolidada do TCE\/PR, que prioriza o princ\u00edpio da seguran\u00e7a jur\u00eddica no registro de atos de inativa\u00e7\u00e3o de servidores com ascens\u00e3o funcional, permite que a Coordenadoria de Acompanhamento de Atos de Gest\u00e3o (CAGE) exclua de seu escopo de an\u00e1lise, para fins de verifica\u00e7\u00e3o na aprecia\u00e7\u00e3o de aposentadorias e pens\u00f5es, o item relativo a altera\u00e7\u00f5es legislativas que caracterizem ascens\u00e3o funcional?\u00a0<\/span><\/i><\/p>\n<p><b><i><span data-contrast=\"auto\">b) <\/span><\/i><\/b><i><span data-contrast=\"auto\">Caso a resposta ao primeiro questionamento seja negativa, \u00e9 poss\u00edvel que a CAGE ajuste o crit\u00e9rio de an\u00e1lise para que sejam consideradas apenas as modifica\u00e7\u00f5es legislativas ocorridas nos \u00faltimos cinco anos?<\/span><\/i><\/p><\/blockquote>\n<p><span data-contrast=\"auto\">Como justificativa, a Presid\u00eancia do TCE-PR informou que j\u00e1 h\u00e1 jurisprud\u00eancia interna admitindo o registro de inativa\u00e7\u00e3o ainda que a ascens\u00e3o tenha ocorrido de forma irregular com fundamento no princ\u00edpio da seguran\u00e7a jur\u00eddica e da boa-f\u00e9, bem como relatou a dificuldade da unidade t\u00e9cnica em apreciar legisla\u00e7\u00f5es antigas, nem sempre facilmente acess\u00edveis aos t\u00e9cnicos, o que acaba gerando um ac\u00famulo de demandas.<\/span><span data-ccp-props=\"{&quot;201341983&quot;:0,&quot;335551550&quot;:6,&quot;335551620&quot;:6,&quot;335559685&quot;:0,&quot;335559731&quot;:0,&quot;335559740&quot;:360}\">\u00a0<\/span><\/p>\n<p><span data-contrast=\"auto\">Ap\u00f3s aprova\u00e7\u00e3o do processo, o Relator Conselheiro Augustinho Zucchi determinou o envio dos autos \u00e0 Diretoria Jur\u00eddica (DIJUR) e ao Minist\u00e9rio P\u00fablico de Contas para emiss\u00e3o de parecer.\u00a0<\/span><span data-ccp-props=\"{&quot;201341983&quot;:0,&quot;335551550&quot;:6,&quot;335551620&quot;:6,&quot;335559685&quot;:0,&quot;335559731&quot;:0,&quot;335559740&quot;:360}\">\u00a0<\/span><\/p>\n<p><span data-contrast=\"auto\">A DIJUR alegou, mediante o Parecer n\u00ba 287\/24, n\u00e3o possuir <\/span><span data-contrast=\"auto\">compet\u00eancia para manifestar-se acerca do tema em an\u00e1lise, uma vez que o objeto do presente incidente do prejulgado foge do seu \u00e2mbito de atribui\u00e7\u00f5es descritas nos artigos 159, 159-A e 159-B do Regimento Interno do TCE-PR. Dessa forma, os autos foram encaminhados para manifesta\u00e7\u00e3o exclusiva do MPC-PR.<\/span><span data-ccp-props=\"{&quot;201341983&quot;:0,&quot;335551550&quot;:6,&quot;335551620&quot;:6,&quot;335559685&quot;:0,&quot;335559731&quot;:0,&quot;335559740&quot;:360}\">\u00a0<\/span><\/p>\n<h4><b><span data-contrast=\"auto\">Parecer Ministerial<\/span><\/b><span data-ccp-props=\"{&quot;201341983&quot;:0,&quot;335551550&quot;:6,&quot;335551620&quot;:6,&quot;335559685&quot;:0,&quot;335559731&quot;:0,&quot;335559740&quot;:360}\">\u00a0<\/span><\/h4>\n<p><span data-contrast=\"auto\">Instado a se manifestar, o Minist\u00e9rio P\u00fablico de Contas emitiu o <a href=\"https:\/\/www.mpc.pr.gov.br\/wp-content\/uploads\/2025\/09\/prejulgado-PAR-302_24-PGC.pdf\">Parecer n\u00ba 302\/24<\/a>, por meio do qual se posicionou pela obrigatoriedade da an\u00e1lise com fundamento na S\u00famula Vinculante n\u00ba 43 do Supremo Tribunal Federal (STF), que estabelece que \u201c\u00e9<\/span><i><span data-contrast=\"auto\"> inconstitucional toda modalidade de provimento que propicie ao servidor investir-se, sem pr\u00e9via aprova\u00e7\u00e3o em concurso p\u00fablico destinado ao seu provimento, em cargo que n\u00e3o integra a carreira na qual anteriormente investido<\/span><\/i><span data-contrast=\"auto\">\u201d. Nesse sentido, refor\u00e7ou que tal entendimento vinculante originou-se da anterior S\u00famula n\u00ba 685 do STF, aprovada em 24 de setembro de 2003, com id\u00eantica reda\u00e7\u00e3o.<\/span><span data-ccp-props=\"{&quot;201341983&quot;:0,&quot;335551550&quot;:6,&quot;335551620&quot;:6,&quot;335559685&quot;:0,&quot;335559731&quot;:0,&quot;335559740&quot;:360}\">\u00a0<\/span><\/p>\n<p><span data-contrast=\"auto\">Ademais, observou que o TCE-PR possui decis\u00f5es que remontam ao ano de 2007, estipulando a data de aprova\u00e7\u00e3o da citada S\u00famula n\u00ba 685 como marco temporal para considera\u00e7\u00e3o de inconstitucionalidade das ascens\u00f5es, a exemplo do Ac\u00f3rd\u00e3o n\u00ba 1425\/07 do Tribunal Pleno.\u00a0<\/span><span data-ccp-props=\"{&quot;201341983&quot;:0,&quot;335551550&quot;:6,&quot;335551620&quot;:6,&quot;335559685&quot;:0,&quot;335559731&quot;:0,&quot;335559740&quot;:360}\">\u00a0<\/span><\/p>\n<p><span data-contrast=\"auto\">Por sua vez, com a consolida\u00e7\u00e3o da tese do prazo decadencial quinquenal para a an\u00e1lise de atos sujeitos a registro, nos termos do Prejulgado n\u00ba 31, que internalizou no \u00e2mbito da Corte o entendimento fixado pelo STF por ocasi\u00e3o da edi\u00e7\u00e3o do Tema n\u00ba 445, o MPC-PR destacou que restaram superados os questionamentos de ascens\u00e3o funcional em todos os expedientes de que o citado lapso temporal se fazia presente. De igual forma, mitigando o apontamento da ascens\u00e3o funcional ocorrido em lapso temporal superior a cinco ano, assim tem sido as decis\u00f5es do Supremo Tribunal Federal.<\/span><span data-ccp-props=\"{&quot;201341983&quot;:0,&quot;335551550&quot;:6,&quot;335551620&quot;:6,&quot;335559685&quot;:0,&quot;335559731&quot;:0,&quot;335559740&quot;:360}\">\u00a0<\/span><\/p>\n<p><span data-contrast=\"auto\">Nesta perspectiva, a preval\u00eancia do princ\u00edpio da seguran\u00e7a jur\u00eddica no registro de atos de inativa\u00e7\u00e3o de servidores com ascens\u00e3o funcional, aliada \u00e0 intangibilidade dos enunciados do Prejulgado n\u00ba 31, assentada pela jurisprud\u00eancia consolidada do TCE-PR, autoriza a interpreta\u00e7\u00e3o de que o per\u00edodo de verifica\u00e7\u00e3o das altera\u00e7\u00f5es de cargos e legislativas caracterizadora do provimento derivado deve levar em considera\u00e7\u00e3o a sujei\u00e7\u00e3o dos Tribunais de Contas ao mesmo prazo decadencial quinquenal considerado para julgamento da legalidade dos atos de concess\u00e3o inicial de aposentadorias, reformas ou pens\u00f5es.<\/span><span data-ccp-props=\"{&quot;201341983&quot;:0,&quot;335551550&quot;:6,&quot;335551620&quot;:6,&quot;335559685&quot;:0,&quot;335559731&quot;:0,&quot;335559740&quot;:360}\">\u00a0<\/span><\/p>\n<p><span data-contrast=\"auto\">Sendo assim, concluiu pela possibilidade de a CAGE adequar o crit\u00e9rio de an\u00e1lise das ascens\u00f5es, a fim de que sejam consideradas apenas as modifica\u00e7\u00f5es legislativas ocorridas nos \u00faltimos cinco anos.<\/span><span data-ccp-props=\"{&quot;201341983&quot;:0,&quot;335551550&quot;:6,&quot;335551620&quot;:6,&quot;335559685&quot;:0,&quot;335559731&quot;:0,&quot;335559740&quot;:360}\">\u00a0<\/span><\/p>\n<p><span data-contrast=\"auto\">Por outro lado, o MPC-PR entende que estabilizar, no plano f\u00e1tico-jur\u00eddico situa\u00e7\u00f5es que se encontram consolidadas no tempo, pelo transcurso do prazo quinquenal, n\u00e3o autoriza que o TCE-PR abdique de suas fun\u00e7\u00f5es constitucionais de controle desconsiderando viola\u00e7\u00f5es ao preceito do artigo 37, inciso II, da Constitui\u00e7\u00e3o Federal, que tenham ocorrido em lapso temporal inferior. Identificada tal situa\u00e7\u00e3o, dever\u00e1 ser invocado o entendimento firmado na S\u00famula n\u00ba 685, de 2003, e reafirmado na S\u00famula Vinculante n\u00ba 43, de 2015, para fins de corre\u00e7\u00e3o da irregularidade aferida.<\/span><span data-ccp-props=\"{&quot;201341983&quot;:0,&quot;335551550&quot;:6,&quot;335551620&quot;:6,&quot;335559685&quot;:0,&quot;335559731&quot;:0,&quot;335559740&quot;:360}\">\u00a0<\/span><\/p>\n<p><span data-contrast=\"auto\">Sobre isso, com vistas a evitar o indesej\u00e1vel ac\u00famulo de milhares de Requerimentos de An\u00e1lise T\u00e9cnicas junto \u00e0 CAGE, o MPC-PR defende que cabe exigir das administra\u00e7\u00f5es municipais e estadual a demonstra\u00e7\u00e3o de inexist\u00eancia de altera\u00e7\u00f5es legislativas e de cargos que possam caracterizar a situa\u00e7\u00e3o de ascens\u00e3o no transcurso do lapso temporal de cinco anos antes da submiss\u00e3o a registro dos atos de inativa\u00e7\u00f5es ou pens\u00f5es.<\/span><span data-ccp-props=\"{&quot;201341983&quot;:0,&quot;335551550&quot;:6,&quot;335551620&quot;:6,&quot;335559685&quot;:0,&quot;335559731&quot;:0,&quot;335559740&quot;:360}\">\u00a0<\/span><\/p>\n<h4><b><span data-contrast=\"auto\">Decis\u00e3o<\/span><\/b><span data-ccp-props=\"{&quot;201341983&quot;:0,&quot;335551550&quot;:6,&quot;335551620&quot;:6,&quot;335559685&quot;:0,&quot;335559731&quot;:0,&quot;335559740&quot;:360}\">\u00a0<\/span><\/h4>\n<p><span data-contrast=\"auto\">Em sede de julgamento houve diverg\u00eancia de votos, pois o Relator acompanhou integralmente o opinativo do MPC-PR, enquanto o Conselheiro Ivan Lelis Bonilha divergiu apenas em rela\u00e7\u00e3o ao estabelecimento de um corte temporal como crit\u00e9rio de an\u00e1lise das modifica\u00e7\u00f5es legislativas que examinam a ocorr\u00eancia de eventual ascens\u00e3o funcional.<\/span><span data-ccp-props=\"{&quot;201341983&quot;:0,&quot;335551550&quot;:6,&quot;335551620&quot;:6,&quot;335559685&quot;:0,&quot;335559731&quot;:0,&quot;335559740&quot;:360}\">\u00a0<\/span><\/p>\n<ul>\n<li aria-setsize=\"-1\" data-leveltext=\"\uf0d8\" data-font=\"Wingdings\" data-listid=\"1\" data-list-defn-props=\"{&quot;335552541&quot;:1,&quot;335559685&quot;:720,&quot;335559991&quot;:360,&quot;469769226&quot;:&quot;Wingdings&quot;,&quot;469769242&quot;:[8226],&quot;469777803&quot;:&quot;left&quot;,&quot;469777804&quot;:&quot;\uf0d8&quot;,&quot;469777815&quot;:&quot;hybridMultilevel&quot;}\" data-aria-posinset=\"1\" data-aria-level=\"1\">\n<h4><b><span data-contrast=\"auto\">Voto divergente (vencido)<\/span><\/b><span data-ccp-props=\"{&quot;201341983&quot;:0,&quot;335551550&quot;:6,&quot;335551620&quot;:6,&quot;335559740&quot;:360}\">\u00a0<\/span><\/h4>\n<\/li>\n<\/ul>\n<p><span data-contrast=\"auto\">Para Bonilha, a situa\u00e7\u00e3o n\u00e3o permite a aplica\u00e7\u00e3o do prazo decadencial, com fundamento do Artigo 54, da Lei 9784\/99, pois conforme j\u00e1 decidiu a Suprema Corte (STF), situa\u00e7\u00f5es flagrantemente inconstitucionais \u201cn\u00e3o podem e n\u00e3o devem ser superadas pela simples incid\u00eancia do que disp\u00f5e o art. 54 da Lei 9.784\/1999, sob pena de subvers\u00e3o das determina\u00e7\u00f5es insertas na Constitui\u00e7\u00e3o Federal\u201d (MANDADO DE SEGURAN\u00c7A N\u00ba 28279\/DF, REL. MIN. ELLEN GRACIE, DJE P. 29\/04\/2011).<\/span><span data-ccp-props=\"{&quot;201341983&quot;:0,&quot;335551550&quot;:6,&quot;335551620&quot;:6,&quot;335559685&quot;:0,&quot;335559731&quot;:0,&quot;335559740&quot;:360}\">\u00a0<\/span><\/p>\n<p><span data-contrast=\"auto\">Nesse sentido, pontuou que o prazo decadencial norteia a atua\u00e7\u00e3o do TCE-PR no sentido que concede o prazo de cinco anos para o julgamento da legalidade do ato de concess\u00e3o inicial de aposentadoria, reforma ou pens\u00e3o, a contar da chegada do processo nessa Corte, conforme estabeleceu nosso Prejulgado 31, que tratou da aplicabilidade do Tema 445 do STF.\u00a0<\/span><span data-ccp-props=\"{&quot;134233117&quot;:false,&quot;134233118&quot;:false,&quot;201341983&quot;:0,&quot;335551550&quot;:6,&quot;335551620&quot;:6,&quot;335559685&quot;:0,&quot;335559737&quot;:0,&quot;335559738&quot;:0,&quot;335559739&quot;:160,&quot;335559740&quot;:360}\">\u00a0<\/span><\/p>\n<p><span data-contrast=\"auto\">Desse modo, uma vez que o exame de legalidade da aposentadoria realizado pelo Tribunal de Contas n\u00e3o se limita \u00e0 simples verifica\u00e7\u00e3o do cumprimento dos requisitos exigidos nas normas que tratam de aposentadoria, mas tem como regra verificar se a admiss\u00e3o no cargo p\u00fablico se encontra devidamente registrada, sob pena de, em caso contr\u00e1rio, negar-se registro \u00e0 aposentadoria, tendo excepcionado apenas as situa\u00e7\u00f5es abrangidas pela S\u00famula 53 do TCE-PR, entende o Conselheiro Bonilha que, do ponto de vista t\u00e9cnico e jur\u00eddico, n\u00e3o seria adequado que a Corte abrisse m\u00e3o da sua compet\u00eancia de analisar o hist\u00f3rico funcional pertinente do servidor para apurar a regularidade do cargo ocupado, no qual o servidor se aposenta, passando a examinar apenas as modifica\u00e7\u00f5es legislativas ocorridas nos \u00faltimos cinco anos.<\/span><span data-ccp-props=\"{&quot;201341983&quot;:0,&quot;335551550&quot;:6,&quot;335551620&quot;:6,&quot;335559685&quot;:0,&quot;335559731&quot;:0,&quot;335559740&quot;:360}\">\u00a0<\/span><\/p>\n<p><span data-contrast=\"auto\">Ao final, pontuou que, recentemente, pela Resolu\u00e7\u00e3o 125\/2025, o TCE-PR reeditou a Coordenadoria de Atos de Pessoal, unidade t\u00e9cnica que assumiu a compet\u00eancia de an\u00e1lise dos procedimentos relacionados a atos de pessoal, a fim de possibilitar um melhor fluxo, al\u00e9m de an\u00e1lise completa realizada por equipe especializada. Sendo assim, Bonilha considera que a exig\u00eancia de an\u00e1lise do quesito ascens\u00e3o funcional se mostrar\u00e1 mais facilitada e vi\u00e1vel, n\u00e3o justificando esse corte temporal no crit\u00e9rio de an\u00e1lise.<\/span><span data-ccp-props=\"{&quot;201341983&quot;:0,&quot;335551550&quot;:6,&quot;335551620&quot;:6,&quot;335559685&quot;:0,&quot;335559731&quot;:0,&quot;335559740&quot;:360}\">\u00a0<\/span><\/p>\n<ul>\n<li aria-setsize=\"-1\" data-leveltext=\"\uf0d8\" data-font=\"Wingdings\" data-listid=\"2\" data-list-defn-props=\"{&quot;335552541&quot;:1,&quot;335559685&quot;:720,&quot;335559991&quot;:360,&quot;469769226&quot;:&quot;Wingdings&quot;,&quot;469769242&quot;:[8226],&quot;469777803&quot;:&quot;left&quot;,&quot;469777804&quot;:&quot;\uf0d8&quot;,&quot;469777815&quot;:&quot;hybridMultilevel&quot;}\" data-aria-posinset=\"1\" data-aria-level=\"1\">\n<h4><b><span data-contrast=\"auto\">Voto vencedor (decis\u00e3o final)<\/span><\/b><span data-ccp-props=\"{&quot;201341983&quot;:0,&quot;335551550&quot;:6,&quot;335551620&quot;:6,&quot;335559740&quot;:360}\">\u00a0<\/span><\/h4>\n<\/li>\n<\/ul>\n<p><span data-contrast=\"auto\">Conforme vota\u00e7\u00e3o plen\u00e1ria, de acordo com o<a href=\"https:\/\/www.mpc.pr.gov.br\/wp-content\/uploads\/2025\/09\/prejulgado-ACO-2040_25-STP.pdf\"> Ac\u00f3rd\u00e3o n\u00ba 2040\/25<\/a> do Tribunal Pleno, foi vencedor o voto do Conselheiro Augustinho Zucchi, o qual ponderou que embora o TCE-PR tenha reconhecido que em muitos casos o registro da aposentadoria era medida de justi\u00e7a, considerando o tempo decorrido e a boa-f\u00e9 do agente, mesmo que a ascens\u00e3o funcional tenha ocorrido de forma irregular, o princ\u00edpio da seguran\u00e7a jur\u00eddica n\u00e3o exclui a obrigatoriedade da an\u00e1lise.<\/span><span data-ccp-props=\"{&quot;201341983&quot;:0,&quot;335551550&quot;:6,&quot;335551620&quot;:6,&quot;335559685&quot;:0,&quot;335559740&quot;:360}\">\u00a0<\/span><\/p>\n<p><span data-contrast=\"auto\">Portanto, acompanhando a manifesta\u00e7\u00e3o do MPC-PR, os membros do Tribunal Pleno votaram para que seja fixado o seguinte Prejulgado:<\/span><span data-ccp-props=\"{&quot;201341983&quot;:0,&quot;335551550&quot;:6,&quot;335551620&quot;:6,&quot;335559685&quot;:0,&quot;335559740&quot;:360}\">\u00a0<\/span><\/p>\n<ol>\n<li><span data-contrast=\"auto\">A unidade t\u00e9cnica competente deve manter sua rotina de verifica\u00e7\u00e3o de altera\u00e7\u00f5es legislativas e de cargos que caracterizem ascens\u00e3o funcional na an\u00e1lise de aposentadorias e pens\u00f5es em respeito a norma constitucional vigente;\u00a0<\/span><span data-ccp-props=\"{&quot;201341983&quot;:0,&quot;335551550&quot;:6,&quot;335551620&quot;:6,&quot;335559740&quot;:360}\">\u00a0<\/span><\/li>\n<li><span data-contrast=\"auto\">O apontamento de eventual irregularidade, por ascens\u00e3o funcional, no exame da legalidade do ato de concess\u00e3o inicial de aposentadoria, reforma ou pens\u00e3o, deve levar em considera\u00e7\u00e3o apenas as modifica\u00e7\u00f5es legislativas e altera\u00e7\u00f5es de cargos ocorridas nos \u00faltimos cinco anos, em observ\u00e2ncia ao princ\u00edpio da boa-f\u00e9, da seguran\u00e7a jur\u00eddica e com fundamento no reconhecimento do prazo decadencial quinquenal, nos termos do Parecer Ministerial n\u00ba 302\/24.<\/span><span data-ccp-props=\"{&quot;201341983&quot;:0,&quot;335551550&quot;:6,&quot;335551620&quot;:6,&quot;335559740&quot;:360}\">\u00a0<\/span><\/li>\n<\/ol>\n<p><span data-contrast=\"auto\">Por fim, os Membros do TCE-PR tamb\u00e9m acolheram a sugest\u00e3o do Minist\u00e9rio P\u00fablico de Contas para que a instru\u00e7\u00e3o ou ato normativo regente do tr\u00e2mite dos expedientes de atos de inativa\u00e7\u00e3o e pens\u00f5es seja aperfei\u00e7oado, como \u00e9 o caso da declara\u00e7\u00e3o da pr\u00f3pria autoridade respons\u00e1vel sobre a inexist\u00eancia de altera\u00e7\u00e3o legislativa e de cargos, quando ocorrida nos \u00faltimos cinco anos e que possa caracterizar a ascens\u00e3o funcional.<\/span><span data-ccp-props=\"{&quot;201341983&quot;:0,&quot;335551550&quot;:6,&quot;335551620&quot;:6,&quot;335559685&quot;:0,&quot;335559740&quot;:360}\">\u00a0<\/span><\/p>\n<blockquote><p><span style=\"color: #820007;\"><strong><u>Informa\u00e7\u00e3o para consulta processual<\/u><\/strong><\/span><\/p>\n<table style=\"height: 183px;\" border=\"0\" width=\"478\" cellspacing=\"0\" cellpadding=\"0\">\n<tbody>\n<tr>\n<td><strong>Processo n\u00ba<\/strong>:<\/td>\n<td>618616\/24<\/td>\n<\/tr>\n<tr>\n<td><strong>Ac\u00f3rd\u00e3o n\u00ba<\/strong>:<\/td>\n<td>2040\/25<\/td>\n<\/tr>\n<tr>\n<td><strong>Assunto<\/strong>:<\/td>\n<td>Prejulgado<\/td>\n<\/tr>\n<tr>\n<td><strong>Entidade<\/strong>:<\/td>\n<td><span class=\"NormalTextRun SCXW187976841 BCX0\">Tribunal de Contas do Estado do Paran\u00e1<\/span><\/td>\n<\/tr>\n<tr>\n<td><strong>Relator<\/strong>:<\/td>\n<td><span class=\"TextRun SCXW238999374 BCX0\" lang=\"PT-BR\" xml:lang=\"PT-BR\" data-contrast=\"auto\"><span class=\"NormalTextRun SCXW238999374 BCX0\"><span class=\"TextRun SCXW79376537 BCX0\" lang=\"PT-BR\" xml:lang=\"PT-BR\" data-contrast=\"auto\"><span class=\"NormalTextRun SCXW79376537 BCX0\">Conselheiro Augustinho Zucchi<\/span><\/span><\/span><\/span><\/td>\n<\/tr>\n<\/tbody>\n<\/table>\n<\/blockquote>\n","protected":false},"excerpt":{"rendered":"<p>Acompanhando integralmente o opinativo do Minist\u00e9rio P\u00fablico de Contas do Paran\u00e1 (MPC-PR), o Tribunal de Contas do Estado do Paran\u00e1 (TCE-PR) adotou um entendimento uniforme, por meio de processo de Prejulgado, a respeito da an\u00e1lise das situa\u00e7\u00f5es de ascens\u00e3o funcional no exame de atos de inativa\u00e7\u00e3o.\u00a0\u00a0 Conforme o Of\u00edcio n\u00ba 82\/2024 do Gabinete da Presid\u00eancia, [&hellip;]<\/p>\n","protected":false},"author":1,"featured_media":24310,"comment_status":"open","ping_status":"open","sticky":false,"template":"","format":"standard","meta":{"_monsterinsights_skip_tracking":false,"_monsterinsights_sitenote_active":false,"_monsterinsights_sitenote_note":"","_monsterinsights_sitenote_category":0,"footnotes":""},"categories":[7],"tags":[815,13,390,39],"class_list":["post-24307","post","type-post","status-publish","format-standard","has-post-thumbnail","hentry","category-todas-as-noticias","tag-ascensao-funcional","tag-mpc-pr","tag-prejulgado","tag-tce-pr","entry","has-media"],"yoast_head":"<!-- This site is optimized with the Yoast SEO plugin v27.3 - https:\/\/yoast.com\/product\/yoast-seo-wordpress\/ -->\n<title>Prejulgado do TCE-PR esclarece crit\u00e9rios de verifica\u00e7\u00e3o das situa\u00e7\u00f5es de ascens\u00e3o funcional no exame de atos de inativa\u00e7\u00e3o - Minist\u00e9rio P\u00fablico de Contas do Estado do Paran\u00e1<\/title>\n<meta name=\"robots\" content=\"index, follow, max-snippet:-1, max-image-preview:large, max-video-preview:-1\" \/>\n<link rel=\"canonical\" href=\"https:\/\/www.mpc.pr.gov.br\/index.php\/prejulgado-do-tce-pr-esclarece-criterios-de-verificacao-das-situacoes-de-ascensao-funcional-no-exame-de-atos-de-inativacao\/\" \/>\n<meta property=\"og:locale\" content=\"pt_BR\" \/>\n<meta property=\"og:type\" content=\"article\" \/>\n<meta property=\"og:title\" content=\"Prejulgado do TCE-PR esclarece crit\u00e9rios de verifica\u00e7\u00e3o das situa\u00e7\u00f5es de ascens\u00e3o funcional no exame de atos de inativa\u00e7\u00e3o - Minist\u00e9rio P\u00fablico de Contas do Estado do Paran\u00e1\" \/>\n<meta property=\"og:description\" content=\"Acompanhando integralmente o opinativo do Minist\u00e9rio P\u00fablico de Contas do Paran\u00e1 (MPC-PR), o Tribunal de Contas do Estado do Paran\u00e1 (TCE-PR) adotou um entendimento uniforme, por meio de processo de Prejulgado, a respeito da an\u00e1lise das situa\u00e7\u00f5es de ascens\u00e3o funcional no exame de atos de inativa\u00e7\u00e3o.\u00a0\u00a0 Conforme o Of\u00edcio n\u00ba 82\/2024 do Gabinete da Presid\u00eancia, [&hellip;]\" \/>\n<meta property=\"og:url\" content=\"https:\/\/www.mpc.pr.gov.br\/index.php\/prejulgado-do-tce-pr-esclarece-criterios-de-verificacao-das-situacoes-de-ascensao-funcional-no-exame-de-atos-de-inativacao\/\" \/>\n<meta property=\"og:site_name\" content=\"Minist\u00e9rio P\u00fablico de Contas do Estado do Paran\u00e1\" \/>\n<meta property=\"article:publisher\" content=\"https:\/\/www.facebook.com\/mpc.pr\" \/>\n<meta property=\"article:published_time\" content=\"2025-09-02T13:23:42+00:00\" \/>\n<meta property=\"article:modified_time\" content=\"2025-09-11T17:39:44+00:00\" \/>\n<meta property=\"og:image\" content=\"https:\/\/www.mpc.pr.gov.br\/wp-content\/uploads\/2025\/09\/tce-pr.jpg\" \/>\n\t<meta property=\"og:image:width\" content=\"640\" \/>\n\t<meta property=\"og:image:height\" content=\"564\" \/>\n\t<meta property=\"og:image:type\" content=\"image\/jpeg\" \/>\n<meta name=\"author\" content=\"mpcontaspr\" \/>\n<meta name=\"twitter:card\" content=\"summary_large_image\" \/>\n<meta name=\"twitter:label1\" content=\"Escrito por\" \/>\n\t<meta name=\"twitter:data1\" content=\"mpcontaspr\" \/>\n\t<meta name=\"twitter:label2\" content=\"Est. tempo de leitura\" \/>\n\t<meta name=\"twitter:data2\" content=\"9 minutos\" \/>\n<script type=\"application\/ld+json\" class=\"yoast-schema-graph\">{\"@context\":\"https:\\\/\\\/schema.org\",\"@graph\":[{\"@type\":\"Article\",\"@id\":\"https:\\\/\\\/www.mpc.pr.gov.br\\\/index.php\\\/prejulgado-do-tce-pr-esclarece-criterios-de-verificacao-das-situacoes-de-ascensao-funcional-no-exame-de-atos-de-inativacao\\\/#article\",\"isPartOf\":{\"@id\":\"https:\\\/\\\/www.mpc.pr.gov.br\\\/index.php\\\/prejulgado-do-tce-pr-esclarece-criterios-de-verificacao-das-situacoes-de-ascensao-funcional-no-exame-de-atos-de-inativacao\\\/\"},\"author\":{\"name\":\"mpcontaspr\",\"@id\":\"https:\\\/\\\/www.mpc.pr.gov.br\\\/#\\\/schema\\\/person\\\/2d83cb8980538d0ec174e8a6284f5e11\"},\"headline\":\"Prejulgado do TCE-PR esclarece crit\u00e9rios de verifica\u00e7\u00e3o das situa\u00e7\u00f5es de ascens\u00e3o funcional no exame de atos de inativa\u00e7\u00e3o\",\"datePublished\":\"2025-09-02T13:23:42+00:00\",\"dateModified\":\"2025-09-11T17:39:44+00:00\",\"mainEntityOfPage\":{\"@id\":\"https:\\\/\\\/www.mpc.pr.gov.br\\\/index.php\\\/prejulgado-do-tce-pr-esclarece-criterios-de-verificacao-das-situacoes-de-ascensao-funcional-no-exame-de-atos-de-inativacao\\\/\"},\"wordCount\":1770,\"commentCount\":0,\"publisher\":{\"@id\":\"https:\\\/\\\/www.mpc.pr.gov.br\\\/#organization\"},\"image\":{\"@id\":\"https:\\\/\\\/www.mpc.pr.gov.br\\\/index.php\\\/prejulgado-do-tce-pr-esclarece-criterios-de-verificacao-das-situacoes-de-ascensao-funcional-no-exame-de-atos-de-inativacao\\\/#primaryimage\"},\"thumbnailUrl\":\"https:\\\/\\\/www.mpc.pr.gov.br\\\/wp-content\\\/uploads\\\/2025\\\/09\\\/tce-pr.jpg\",\"keywords\":[\"Ascens\u00e3o Funcional\",\"MPC-PR\",\"Prejulgado\",\"TCE-PR\"],\"articleSection\":[\"Todas as not\u00edcias\"],\"inLanguage\":\"pt-BR\",\"potentialAction\":[{\"@type\":\"CommentAction\",\"name\":\"Comment\",\"target\":[\"https:\\\/\\\/www.mpc.pr.gov.br\\\/index.php\\\/prejulgado-do-tce-pr-esclarece-criterios-de-verificacao-das-situacoes-de-ascensao-funcional-no-exame-de-atos-de-inativacao\\\/#respond\"]}]},{\"@type\":\"WebPage\",\"@id\":\"https:\\\/\\\/www.mpc.pr.gov.br\\\/index.php\\\/prejulgado-do-tce-pr-esclarece-criterios-de-verificacao-das-situacoes-de-ascensao-funcional-no-exame-de-atos-de-inativacao\\\/\",\"url\":\"https:\\\/\\\/www.mpc.pr.gov.br\\\/index.php\\\/prejulgado-do-tce-pr-esclarece-criterios-de-verificacao-das-situacoes-de-ascensao-funcional-no-exame-de-atos-de-inativacao\\\/\",\"name\":\"Prejulgado do TCE-PR esclarece crit\u00e9rios de verifica\u00e7\u00e3o das situa\u00e7\u00f5es de ascens\u00e3o funcional no exame de atos de inativa\u00e7\u00e3o - Minist\u00e9rio P\u00fablico de Contas do Estado do Paran\u00e1\",\"isPartOf\":{\"@id\":\"https:\\\/\\\/www.mpc.pr.gov.br\\\/#website\"},\"primaryImageOfPage\":{\"@id\":\"https:\\\/\\\/www.mpc.pr.gov.br\\\/index.php\\\/prejulgado-do-tce-pr-esclarece-criterios-de-verificacao-das-situacoes-de-ascensao-funcional-no-exame-de-atos-de-inativacao\\\/#primaryimage\"},\"image\":{\"@id\":\"https:\\\/\\\/www.mpc.pr.gov.br\\\/index.php\\\/prejulgado-do-tce-pr-esclarece-criterios-de-verificacao-das-situacoes-de-ascensao-funcional-no-exame-de-atos-de-inativacao\\\/#primaryimage\"},\"thumbnailUrl\":\"https:\\\/\\\/www.mpc.pr.gov.br\\\/wp-content\\\/uploads\\\/2025\\\/09\\\/tce-pr.jpg\",\"datePublished\":\"2025-09-02T13:23:42+00:00\",\"dateModified\":\"2025-09-11T17:39:44+00:00\",\"breadcrumb\":{\"@id\":\"https:\\\/\\\/www.mpc.pr.gov.br\\\/index.php\\\/prejulgado-do-tce-pr-esclarece-criterios-de-verificacao-das-situacoes-de-ascensao-funcional-no-exame-de-atos-de-inativacao\\\/#breadcrumb\"},\"inLanguage\":\"pt-BR\",\"potentialAction\":[{\"@type\":\"ReadAction\",\"target\":[\"https:\\\/\\\/www.mpc.pr.gov.br\\\/index.php\\\/prejulgado-do-tce-pr-esclarece-criterios-de-verificacao-das-situacoes-de-ascensao-funcional-no-exame-de-atos-de-inativacao\\\/\"]}]},{\"@type\":\"ImageObject\",\"inLanguage\":\"pt-BR\",\"@id\":\"https:\\\/\\\/www.mpc.pr.gov.br\\\/index.php\\\/prejulgado-do-tce-pr-esclarece-criterios-de-verificacao-das-situacoes-de-ascensao-funcional-no-exame-de-atos-de-inativacao\\\/#primaryimage\",\"url\":\"https:\\\/\\\/www.mpc.pr.gov.br\\\/wp-content\\\/uploads\\\/2025\\\/09\\\/tce-pr.jpg\",\"contentUrl\":\"https:\\\/\\\/www.mpc.pr.gov.br\\\/wp-content\\\/uploads\\\/2025\\\/09\\\/tce-pr.jpg\",\"width\":640,\"height\":564,\"caption\":\"Rampa de acesso ao TCE-PR. Fonte: Diretoria de Comunica\u00e7\u00e3o Social.\"},{\"@type\":\"BreadcrumbList\",\"@id\":\"https:\\\/\\\/www.mpc.pr.gov.br\\\/index.php\\\/prejulgado-do-tce-pr-esclarece-criterios-de-verificacao-das-situacoes-de-ascensao-funcional-no-exame-de-atos-de-inativacao\\\/#breadcrumb\",\"itemListElement\":[{\"@type\":\"ListItem\",\"position\":1,\"name\":\"In\u00edcio\",\"item\":\"https:\\\/\\\/www.mpc.pr.gov.br\\\/\"},{\"@type\":\"ListItem\",\"position\":2,\"name\":\"Prejulgado do TCE-PR esclarece crit\u00e9rios de verifica\u00e7\u00e3o das situa\u00e7\u00f5es de ascens\u00e3o funcional no exame de atos de inativa\u00e7\u00e3o\"}]},{\"@type\":\"WebSite\",\"@id\":\"https:\\\/\\\/www.mpc.pr.gov.br\\\/#website\",\"url\":\"https:\\\/\\\/www.mpc.pr.gov.br\\\/\",\"name\":\"Minist\u00e9rio P\u00fablico de Contas do Estado do Paran\u00e1\",\"description\":\"\",\"publisher\":{\"@id\":\"https:\\\/\\\/www.mpc.pr.gov.br\\\/#organization\"},\"potentialAction\":[{\"@type\":\"SearchAction\",\"target\":{\"@type\":\"EntryPoint\",\"urlTemplate\":\"https:\\\/\\\/www.mpc.pr.gov.br\\\/?s={search_term_string}\"},\"query-input\":{\"@type\":\"PropertyValueSpecification\",\"valueRequired\":true,\"valueName\":\"search_term_string\"}}],\"inLanguage\":\"pt-BR\"},{\"@type\":\"Organization\",\"@id\":\"https:\\\/\\\/www.mpc.pr.gov.br\\\/#organization\",\"name\":\"Minist\u00e9rio P\u00fablico de Contas do Estado do Paran\u00e1\",\"url\":\"https:\\\/\\\/www.mpc.pr.gov.br\\\/\",\"logo\":{\"@type\":\"ImageObject\",\"inLanguage\":\"pt-BR\",\"@id\":\"https:\\\/\\\/www.mpc.pr.gov.br\\\/#\\\/schema\\\/logo\\\/image\\\/\",\"url\":\"https:\\\/\\\/www.mpc.pr.gov.br\\\/wp-content\\\/uploads\\\/2020\\\/06\\\/99423647_1593460364143890_6706793420720963584_n-1-e1591387983167.png\",\"contentUrl\":\"https:\\\/\\\/www.mpc.pr.gov.br\\\/wp-content\\\/uploads\\\/2020\\\/06\\\/99423647_1593460364143890_6706793420720963584_n-1-e1591387983167.png\",\"width\":243,\"height\":73,\"caption\":\"Minist\u00e9rio P\u00fablico de Contas do Estado do Paran\u00e1\"},\"image\":{\"@id\":\"https:\\\/\\\/www.mpc.pr.gov.br\\\/#\\\/schema\\\/logo\\\/image\\\/\"},\"sameAs\":[\"https:\\\/\\\/www.facebook.com\\\/mpc.pr\",\"https:\\\/\\\/www.instagram.com\\\/mpc.pr\\\/?hl=pt-br\",\"https:\\\/\\\/www.youtube.com\\\/channel\\\/UCHri5oEM8DV0ztX57E0sBSw\"]},{\"@type\":\"Person\",\"@id\":\"https:\\\/\\\/www.mpc.pr.gov.br\\\/#\\\/schema\\\/person\\\/2d83cb8980538d0ec174e8a6284f5e11\",\"name\":\"mpcontaspr\",\"image\":{\"@type\":\"ImageObject\",\"inLanguage\":\"pt-BR\",\"@id\":\"https:\\\/\\\/secure.gravatar.com\\\/avatar\\\/1aef51541db7622e05fd639336c9c9f312c2a618396e2b6ca96846362fc5403f?s=96&d=mm&r=g\",\"url\":\"https:\\\/\\\/secure.gravatar.com\\\/avatar\\\/1aef51541db7622e05fd639336c9c9f312c2a618396e2b6ca96846362fc5403f?s=96&d=mm&r=g\",\"contentUrl\":\"https:\\\/\\\/secure.gravatar.com\\\/avatar\\\/1aef51541db7622e05fd639336c9c9f312c2a618396e2b6ca96846362fc5403f?s=96&d=mm&r=g\",\"caption\":\"mpcontaspr\"},\"sameAs\":[\"http:\\\/\\\/www.mpc.pr.gov.br\"]}]}<\/script>\n<!-- \/ Yoast SEO plugin. -->","yoast_head_json":{"title":"Prejulgado do TCE-PR esclarece crit\u00e9rios de verifica\u00e7\u00e3o das situa\u00e7\u00f5es de ascens\u00e3o funcional no exame de atos de inativa\u00e7\u00e3o - Minist\u00e9rio P\u00fablico de Contas do Estado do Paran\u00e1","robots":{"index":"index","follow":"follow","max-snippet":"max-snippet:-1","max-image-preview":"max-image-preview:large","max-video-preview":"max-video-preview:-1"},"canonical":"https:\/\/www.mpc.pr.gov.br\/index.php\/prejulgado-do-tce-pr-esclarece-criterios-de-verificacao-das-situacoes-de-ascensao-funcional-no-exame-de-atos-de-inativacao\/","og_locale":"pt_BR","og_type":"article","og_title":"Prejulgado do TCE-PR esclarece crit\u00e9rios de verifica\u00e7\u00e3o das situa\u00e7\u00f5es de ascens\u00e3o funcional no exame de atos de inativa\u00e7\u00e3o - Minist\u00e9rio P\u00fablico de Contas do Estado do Paran\u00e1","og_description":"Acompanhando integralmente o opinativo do Minist\u00e9rio P\u00fablico de Contas do Paran\u00e1 (MPC-PR), o Tribunal de Contas do Estado do Paran\u00e1 (TCE-PR) adotou um entendimento uniforme, por meio de processo de Prejulgado, a respeito da an\u00e1lise das situa\u00e7\u00f5es de ascens\u00e3o funcional no exame de atos de inativa\u00e7\u00e3o.\u00a0\u00a0 Conforme o Of\u00edcio n\u00ba 82\/2024 do Gabinete da Presid\u00eancia, [&hellip;]","og_url":"https:\/\/www.mpc.pr.gov.br\/index.php\/prejulgado-do-tce-pr-esclarece-criterios-de-verificacao-das-situacoes-de-ascensao-funcional-no-exame-de-atos-de-inativacao\/","og_site_name":"Minist\u00e9rio P\u00fablico de Contas do Estado do Paran\u00e1","article_publisher":"https:\/\/www.facebook.com\/mpc.pr","article_published_time":"2025-09-02T13:23:42+00:00","article_modified_time":"2025-09-11T17:39:44+00:00","og_image":[{"width":640,"height":564,"url":"https:\/\/www.mpc.pr.gov.br\/wp-content\/uploads\/2025\/09\/tce-pr.jpg","type":"image\/jpeg"}],"author":"mpcontaspr","twitter_card":"summary_large_image","twitter_misc":{"Escrito por":"mpcontaspr","Est. tempo de leitura":"9 minutos"},"schema":{"@context":"https:\/\/schema.org","@graph":[{"@type":"Article","@id":"https:\/\/www.mpc.pr.gov.br\/index.php\/prejulgado-do-tce-pr-esclarece-criterios-de-verificacao-das-situacoes-de-ascensao-funcional-no-exame-de-atos-de-inativacao\/#article","isPartOf":{"@id":"https:\/\/www.mpc.pr.gov.br\/index.php\/prejulgado-do-tce-pr-esclarece-criterios-de-verificacao-das-situacoes-de-ascensao-funcional-no-exame-de-atos-de-inativacao\/"},"author":{"name":"mpcontaspr","@id":"https:\/\/www.mpc.pr.gov.br\/#\/schema\/person\/2d83cb8980538d0ec174e8a6284f5e11"},"headline":"Prejulgado do TCE-PR esclarece crit\u00e9rios de verifica\u00e7\u00e3o das situa\u00e7\u00f5es de ascens\u00e3o funcional no exame de atos de inativa\u00e7\u00e3o","datePublished":"2025-09-02T13:23:42+00:00","dateModified":"2025-09-11T17:39:44+00:00","mainEntityOfPage":{"@id":"https:\/\/www.mpc.pr.gov.br\/index.php\/prejulgado-do-tce-pr-esclarece-criterios-de-verificacao-das-situacoes-de-ascensao-funcional-no-exame-de-atos-de-inativacao\/"},"wordCount":1770,"commentCount":0,"publisher":{"@id":"https:\/\/www.mpc.pr.gov.br\/#organization"},"image":{"@id":"https:\/\/www.mpc.pr.gov.br\/index.php\/prejulgado-do-tce-pr-esclarece-criterios-de-verificacao-das-situacoes-de-ascensao-funcional-no-exame-de-atos-de-inativacao\/#primaryimage"},"thumbnailUrl":"https:\/\/www.mpc.pr.gov.br\/wp-content\/uploads\/2025\/09\/tce-pr.jpg","keywords":["Ascens\u00e3o Funcional","MPC-PR","Prejulgado","TCE-PR"],"articleSection":["Todas as not\u00edcias"],"inLanguage":"pt-BR","potentialAction":[{"@type":"CommentAction","name":"Comment","target":["https:\/\/www.mpc.pr.gov.br\/index.php\/prejulgado-do-tce-pr-esclarece-criterios-de-verificacao-das-situacoes-de-ascensao-funcional-no-exame-de-atos-de-inativacao\/#respond"]}]},{"@type":"WebPage","@id":"https:\/\/www.mpc.pr.gov.br\/index.php\/prejulgado-do-tce-pr-esclarece-criterios-de-verificacao-das-situacoes-de-ascensao-funcional-no-exame-de-atos-de-inativacao\/","url":"https:\/\/www.mpc.pr.gov.br\/index.php\/prejulgado-do-tce-pr-esclarece-criterios-de-verificacao-das-situacoes-de-ascensao-funcional-no-exame-de-atos-de-inativacao\/","name":"Prejulgado do TCE-PR esclarece crit\u00e9rios de verifica\u00e7\u00e3o das situa\u00e7\u00f5es de ascens\u00e3o funcional no exame de atos de inativa\u00e7\u00e3o - Minist\u00e9rio P\u00fablico de Contas do Estado do Paran\u00e1","isPartOf":{"@id":"https:\/\/www.mpc.pr.gov.br\/#website"},"primaryImageOfPage":{"@id":"https:\/\/www.mpc.pr.gov.br\/index.php\/prejulgado-do-tce-pr-esclarece-criterios-de-verificacao-das-situacoes-de-ascensao-funcional-no-exame-de-atos-de-inativacao\/#primaryimage"},"image":{"@id":"https:\/\/www.mpc.pr.gov.br\/index.php\/prejulgado-do-tce-pr-esclarece-criterios-de-verificacao-das-situacoes-de-ascensao-funcional-no-exame-de-atos-de-inativacao\/#primaryimage"},"thumbnailUrl":"https:\/\/www.mpc.pr.gov.br\/wp-content\/uploads\/2025\/09\/tce-pr.jpg","datePublished":"2025-09-02T13:23:42+00:00","dateModified":"2025-09-11T17:39:44+00:00","breadcrumb":{"@id":"https:\/\/www.mpc.pr.gov.br\/index.php\/prejulgado-do-tce-pr-esclarece-criterios-de-verificacao-das-situacoes-de-ascensao-funcional-no-exame-de-atos-de-inativacao\/#breadcrumb"},"inLanguage":"pt-BR","potentialAction":[{"@type":"ReadAction","target":["https:\/\/www.mpc.pr.gov.br\/index.php\/prejulgado-do-tce-pr-esclarece-criterios-de-verificacao-das-situacoes-de-ascensao-funcional-no-exame-de-atos-de-inativacao\/"]}]},{"@type":"ImageObject","inLanguage":"pt-BR","@id":"https:\/\/www.mpc.pr.gov.br\/index.php\/prejulgado-do-tce-pr-esclarece-criterios-de-verificacao-das-situacoes-de-ascensao-funcional-no-exame-de-atos-de-inativacao\/#primaryimage","url":"https:\/\/www.mpc.pr.gov.br\/wp-content\/uploads\/2025\/09\/tce-pr.jpg","contentUrl":"https:\/\/www.mpc.pr.gov.br\/wp-content\/uploads\/2025\/09\/tce-pr.jpg","width":640,"height":564,"caption":"Rampa de acesso ao TCE-PR. Fonte: Diretoria de Comunica\u00e7\u00e3o Social."},{"@type":"BreadcrumbList","@id":"https:\/\/www.mpc.pr.gov.br\/index.php\/prejulgado-do-tce-pr-esclarece-criterios-de-verificacao-das-situacoes-de-ascensao-funcional-no-exame-de-atos-de-inativacao\/#breadcrumb","itemListElement":[{"@type":"ListItem","position":1,"name":"In\u00edcio","item":"https:\/\/www.mpc.pr.gov.br\/"},{"@type":"ListItem","position":2,"name":"Prejulgado do TCE-PR esclarece crit\u00e9rios de verifica\u00e7\u00e3o das situa\u00e7\u00f5es de ascens\u00e3o funcional no exame de atos de inativa\u00e7\u00e3o"}]},{"@type":"WebSite","@id":"https:\/\/www.mpc.pr.gov.br\/#website","url":"https:\/\/www.mpc.pr.gov.br\/","name":"Minist\u00e9rio P\u00fablico de Contas do Estado do Paran\u00e1","description":"","publisher":{"@id":"https:\/\/www.mpc.pr.gov.br\/#organization"},"potentialAction":[{"@type":"SearchAction","target":{"@type":"EntryPoint","urlTemplate":"https:\/\/www.mpc.pr.gov.br\/?s={search_term_string}"},"query-input":{"@type":"PropertyValueSpecification","valueRequired":true,"valueName":"search_term_string"}}],"inLanguage":"pt-BR"},{"@type":"Organization","@id":"https:\/\/www.mpc.pr.gov.br\/#organization","name":"Minist\u00e9rio P\u00fablico de Contas do Estado do Paran\u00e1","url":"https:\/\/www.mpc.pr.gov.br\/","logo":{"@type":"ImageObject","inLanguage":"pt-BR","@id":"https:\/\/www.mpc.pr.gov.br\/#\/schema\/logo\/image\/","url":"https:\/\/www.mpc.pr.gov.br\/wp-content\/uploads\/2020\/06\/99423647_1593460364143890_6706793420720963584_n-1-e1591387983167.png","contentUrl":"https:\/\/www.mpc.pr.gov.br\/wp-content\/uploads\/2020\/06\/99423647_1593460364143890_6706793420720963584_n-1-e1591387983167.png","width":243,"height":73,"caption":"Minist\u00e9rio P\u00fablico de Contas do Estado do Paran\u00e1"},"image":{"@id":"https:\/\/www.mpc.pr.gov.br\/#\/schema\/logo\/image\/"},"sameAs":["https:\/\/www.facebook.com\/mpc.pr","https:\/\/www.instagram.com\/mpc.pr\/?hl=pt-br","https:\/\/www.youtube.com\/channel\/UCHri5oEM8DV0ztX57E0sBSw"]},{"@type":"Person","@id":"https:\/\/www.mpc.pr.gov.br\/#\/schema\/person\/2d83cb8980538d0ec174e8a6284f5e11","name":"mpcontaspr","image":{"@type":"ImageObject","inLanguage":"pt-BR","@id":"https:\/\/secure.gravatar.com\/avatar\/1aef51541db7622e05fd639336c9c9f312c2a618396e2b6ca96846362fc5403f?s=96&d=mm&r=g","url":"https:\/\/secure.gravatar.com\/avatar\/1aef51541db7622e05fd639336c9c9f312c2a618396e2b6ca96846362fc5403f?s=96&d=mm&r=g","contentUrl":"https:\/\/secure.gravatar.com\/avatar\/1aef51541db7622e05fd639336c9c9f312c2a618396e2b6ca96846362fc5403f?s=96&d=mm&r=g","caption":"mpcontaspr"},"sameAs":["http:\/\/www.mpc.pr.gov.br"]}]}},"rttpg_featured_image_url":{"full":["https:\/\/www.mpc.pr.gov.br\/wp-content\/uploads\/2025\/09\/tce-pr.jpg",640,564,false],"landscape":["https:\/\/www.mpc.pr.gov.br\/wp-content\/uploads\/2025\/09\/tce-pr.jpg",640,564,false],"portraits":["https:\/\/www.mpc.pr.gov.br\/wp-content\/uploads\/2025\/09\/tce-pr.jpg",640,564,false],"thumbnail":["https:\/\/www.mpc.pr.gov.br\/wp-content\/uploads\/2025\/09\/tce-pr-150x150.jpg",150,150,true],"medium":["https:\/\/www.mpc.pr.gov.br\/wp-content\/uploads\/2025\/09\/tce-pr-300x264.jpg",300,264,true],"large":["https:\/\/www.mpc.pr.gov.br\/wp-content\/uploads\/2025\/09\/tce-pr.jpg",640,564,false],"1536x1536":["https:\/\/www.mpc.pr.gov.br\/wp-content\/uploads\/2025\/09\/tce-pr.jpg",640,564,false],"2048x2048":["https:\/\/www.mpc.pr.gov.br\/wp-content\/uploads\/2025\/09\/tce-pr.jpg",640,564,false],"ocean-thumb-m":["https:\/\/www.mpc.pr.gov.br\/wp-content\/uploads\/2025\/09\/tce-pr-600x564.jpg",600,564,true],"ocean-thumb-ml":["https:\/\/www.mpc.pr.gov.br\/wp-content\/uploads\/2025\/09\/tce-pr-640x450.jpg",640,450,true],"ocean-thumb-l":["https:\/\/www.mpc.pr.gov.br\/wp-content\/uploads\/2025\/09\/tce-pr.jpg",640,564,false]},"rttpg_author":{"display_name":"mpcontaspr","author_link":"https:\/\/www.mpc.pr.gov.br\/index.php\/author\/mpcontaspr\/"},"rttpg_comment":103,"rttpg_category":"<a href=\"https:\/\/www.mpc.pr.gov.br\/index.php\/category\/todas-as-noticias\/\" rel=\"category tag\">Todas as not\u00edcias<\/a>","rttpg_excerpt":"Acompanhando integralmente o opinativo do Minist\u00e9rio P\u00fablico de Contas do Paran\u00e1 (MPC-PR), o Tribunal de Contas do Estado do Paran\u00e1 (TCE-PR) adotou um entendimento uniforme, por meio de processo de Prejulgado, a respeito da an\u00e1lise das situa\u00e7\u00f5es de ascens\u00e3o funcional no exame de atos de inativa\u00e7\u00e3o.\u00a0\u00a0 Conforme o Of\u00edcio n\u00ba 82\/2024 do Gabinete da Presid\u00eancia,&hellip;","_links":{"self":[{"href":"https:\/\/www.mpc.pr.gov.br\/index.php\/wp-json\/wp\/v2\/posts\/24307","targetHints":{"allow":["GET"]}}],"collection":[{"href":"https:\/\/www.mpc.pr.gov.br\/index.php\/wp-json\/wp\/v2\/posts"}],"about":[{"href":"https:\/\/www.mpc.pr.gov.br\/index.php\/wp-json\/wp\/v2\/types\/post"}],"author":[{"embeddable":true,"href":"https:\/\/www.mpc.pr.gov.br\/index.php\/wp-json\/wp\/v2\/users\/1"}],"replies":[{"embeddable":true,"href":"https:\/\/www.mpc.pr.gov.br\/index.php\/wp-json\/wp\/v2\/comments?post=24307"}],"version-history":[{"count":1,"href":"https:\/\/www.mpc.pr.gov.br\/index.php\/wp-json\/wp\/v2\/posts\/24307\/revisions"}],"predecessor-version":[{"id":24311,"href":"https:\/\/www.mpc.pr.gov.br\/index.php\/wp-json\/wp\/v2\/posts\/24307\/revisions\/24311"}],"wp:featuredmedia":[{"embeddable":true,"href":"https:\/\/www.mpc.pr.gov.br\/index.php\/wp-json\/wp\/v2\/media\/24310"}],"wp:attachment":[{"href":"https:\/\/www.mpc.pr.gov.br\/index.php\/wp-json\/wp\/v2\/media?parent=24307"}],"wp:term":[{"taxonomy":"category","embeddable":true,"href":"https:\/\/www.mpc.pr.gov.br\/index.php\/wp-json\/wp\/v2\/categories?post=24307"},{"taxonomy":"post_tag","embeddable":true,"href":"https:\/\/www.mpc.pr.gov.br\/index.php\/wp-json\/wp\/v2\/tags?post=24307"}],"curies":[{"name":"wp","href":"https:\/\/api.w.org\/{rel}","templated":true}]}}