{"id":24326,"date":"2025-09-05T16:00:11","date_gmt":"2025-09-05T19:00:11","guid":{"rendered":"https:\/\/www.mpc.pr.gov.br\/?p=24326"},"modified":"2025-09-16T13:42:23","modified_gmt":"2025-09-16T16:42:23","slug":"mpc-pr-marca-presenca-no-xvi-congresso-nacional-do-ministerio-publico-de-contas-sediado-em-belo-horizonte-mg","status":"publish","type":"post","link":"https:\/\/www.mpc.pr.gov.br\/index.php\/mpc-pr-marca-presenca-no-xvi-congresso-nacional-do-ministerio-publico-de-contas-sediado-em-belo-horizonte-mg\/","title":{"rendered":"MPC-PR marca presen\u00e7a no XVI Congresso Nacional do Minist\u00e9rio P\u00fablico de Contas, sediado em Belo Horizonte (MG)"},"content":{"rendered":"<p class=\"cvGsUA direction-ltr align-justify para-style-body\"><span class=\"a_GcMg font-feature-liga-off font-feature-clig-off font-feature-calt-off text-decoration-none text-strikethrough-none\"><img fetchpriority=\"high\" decoding=\"async\" class=\"size-medium wp-image-24327 alignleft\" src=\"https:\/\/www.mpc.pr.gov.br\/wp-content\/uploads\/2025\/09\/WhatsApp-Image-2025-09-04-at-11.53.55-225x300.jpeg\" alt=\"\" width=\"225\" height=\"300\" \/>Teve in\u00edcio na noite desta quarta-feira (3 de setembro) o XVI Congresso Nacional do Minist\u00e9rio P\u00fablico de Contas, com o tema &#8220;Consensualismo e Intelig\u00eancia Artificial no Controle Externo&#8221;, em Belo Horizonte (MG). O evento, que acontece no Audit\u00f3rio Vivaldi, do Tribunal de Contas do Estado de Minas Gerais, marca os 40 anos da <a href=\"https:\/\/ampcon.org.br\/\">Associa\u00e7\u00e3o Nacional do Minist\u00e9rio P\u00fablico de Contas (Ampcon)<\/a> e ocorre at\u00e9 sexta-feira, 5\/9, com Visita Guiada \u00e0 Cidade hist\u00f3rica de Ouro Preto no s\u00e1bado, 6.<\/span><\/p>\n<p class=\"cvGsUA direction-ltr align-justify para-style-body\"><span class=\"a_GcMg font-feature-liga-off font-feature-clig-off font-feature-calt-off text-decoration-none text-strikethrough-none\">Representando o Minist\u00e9rio P\u00fablico de Contas do Paran\u00e1 (MPC-PR), participam do evento o Procurador-Geral Gabriel Guy L\u00e9ger; a Procuradora Katia Regina Puchaski; a Diretora-Geral Barbara Krysttal Motta Almeida Reis; e as assessoras Giovanna Menezes Faria (N\u00facleo de Comunica\u00e7\u00e3o); Luanda Anubha Iarek Silva (N\u00facleo de An\u00e1lise T\u00e9cnica); Renata Brindaroli Zelisnki (6\u00aa Procuradoria de Contas); e Sofia Duarte de Lima Moser (1\u00aa Procuradoria de Contas).<\/span><\/p>\n<h4>Reuni\u00f5es t\u00e9cnicas<\/h4>\n<ul>\n<li><strong>CNPGC<\/strong><\/li>\n<\/ul>\n<figure id=\"attachment_24328\" aria-describedby=\"caption-attachment-24328\" style=\"width: 300px\" class=\"wp-caption alignright\"><img decoding=\"async\" class=\"size-medium wp-image-24328\" src=\"https:\/\/www.mpc.pr.gov.br\/wp-content\/uploads\/2025\/09\/Autoridades-presentes-na-Reuniao-do-CNPGC.-Foto-Acervo-pessoal-300x196.png\" alt=\"\" width=\"300\" height=\"196\" srcset=\"https:\/\/www.mpc.pr.gov.br\/wp-content\/uploads\/2025\/09\/Autoridades-presentes-na-Reuniao-do-CNPGC.-Foto-Acervo-pessoal-300x196.png 300w, https:\/\/www.mpc.pr.gov.br\/wp-content\/uploads\/2025\/09\/Autoridades-presentes-na-Reuniao-do-CNPGC.-Foto-Acervo-pessoal-1024x670.png 1024w, https:\/\/www.mpc.pr.gov.br\/wp-content\/uploads\/2025\/09\/Autoridades-presentes-na-Reuniao-do-CNPGC.-Foto-Acervo-pessoal-768x503.png 768w, https:\/\/www.mpc.pr.gov.br\/wp-content\/uploads\/2025\/09\/Autoridades-presentes-na-Reuniao-do-CNPGC.-Foto-Acervo-pessoal.png 1066w\" sizes=\"(max-width: 300px) 100vw, 300px\" \/><figcaption id=\"caption-attachment-24328\" class=\"wp-caption-text\">Autoridades presentes na Reuni\u00e3o do CNPGC. Foto: Acervo pessoal\/Ampcon.<\/figcaption><\/figure>\n<p class=\"cvGsUA direction-ltr align-justify para-style-body\"><span class=\"a_GcMg font-feature-liga-off font-feature-clig-off font-feature-calt-off text-decoration-none text-strikethrough-none\">No \u00e2mbito da programa\u00e7\u00e3o oficial do Congresso, o Procurador-Geral do MPC-PR, Gabriel Guy L\u00e9ger, participou da reuni\u00e3o dos membros do <a href=\"https:\/\/cnpgc.org.br\/\">Conselho Nacional de Procuradores-Gerais de Contas (CNPGC)<\/a>, que se reuniram para discutir pautas institucionais.<\/span><\/p>\n<p class=\"cvGsUA direction-ltr align-justify para-style-body\"><span class=\"a_GcMg font-feature-liga-off font-feature-clig-off font-feature-calt-off text-decoration-none text-strikethrough-none\">Entre os pontos tratados, destacou-se a mudan\u00e7a na gest\u00e3o judicial dos processos do MPC, que passaram a ser administrados pelo gabinete do Vice-Presidente da Regi\u00e3o Sudeste e atual Presidente da Ampcon, Marc\u00edlio Barenco (Procurador-Geral do MPC-MG).<\/span><\/p>\n<p class=\"cvGsUA direction-ltr align-justify para-style-body\"><span class=\"a_GcMg font-feature-liga-off font-feature-clig-off font-feature-calt-off text-decoration-none text-strikethrough-none\">Durante o encontro, a Procuradora do MPC-RJ Aline Assuf tamb\u00e9m apresentou iniciativas da Coordenadoria de Meio Ambiente e Sustentabilidade. Foram expostas duas a\u00e7\u00f5es em desenvolvimento, com convite \u00e0 participa\u00e7\u00e3o de todos os MPCs: (i) a identifica\u00e7\u00e3o de pontos e potencialidades de fortalecimento da atua\u00e7\u00e3o ambiental e (ii) uma campanha voltada \u00e0 descarboniza\u00e7\u00e3o e \u00e0 melhoria clim\u00e1tica, refor\u00e7ando a import\u00e2ncia da atua\u00e7\u00e3o conjunta da institui\u00e7\u00e3o.<\/span><\/p>\n<ul>\n<li><strong>Ampcon<\/strong><\/li>\n<\/ul>\n<figure id=\"attachment_24329\" aria-describedby=\"caption-attachment-24329\" style=\"width: 300px\" class=\"wp-caption alignleft\"><img decoding=\"async\" class=\"size-medium wp-image-24329\" src=\"https:\/\/www.mpc.pr.gov.br\/wp-content\/uploads\/2025\/09\/54763790543_01e7886a98_k-300x200.jpg\" alt=\"\" width=\"300\" height=\"200\" srcset=\"https:\/\/www.mpc.pr.gov.br\/wp-content\/uploads\/2025\/09\/54763790543_01e7886a98_k-300x200.jpg 300w, https:\/\/www.mpc.pr.gov.br\/wp-content\/uploads\/2025\/09\/54763790543_01e7886a98_k-1024x683.jpg 1024w, https:\/\/www.mpc.pr.gov.br\/wp-content\/uploads\/2025\/09\/54763790543_01e7886a98_k-768x512.jpg 768w, https:\/\/www.mpc.pr.gov.br\/wp-content\/uploads\/2025\/09\/54763790543_01e7886a98_k-1536x1024.jpg 1536w, https:\/\/www.mpc.pr.gov.br\/wp-content\/uploads\/2025\/09\/54763790543_01e7886a98_k.jpg 2048w\" sizes=\"(max-width: 300px) 100vw, 300px\" \/><figcaption id=\"caption-attachment-24329\" class=\"wp-caption-text\">Participantes na Reuni\u00e3o dos Membros da Ampcon. Foto: Acervo pessoal\/Ampcon.<\/figcaption><\/figure>\n<p><span class=\"a_GcMg font-feature-liga-off font-feature-clig-off font-feature-calt-off text-decoration-none text-strikethrough-none\">Na sequ\u00eancia, o Procurador-Geral do MPC-PR Gabriel Guy L\u00e9ger participou da reuni\u00e3o dos membros da Ampcn, conduzida pelo Presidente Marc\u00edlio Barenco. A reuni\u00e3o foi marcada pelo lan\u00e7amento do livro comemorativo dos 40 anos da Associa\u00e7\u00e3o, al\u00e9m de delibera\u00e7\u00f5es administrativas.<\/span><\/p>\n<p><span class=\"a_GcMg font-feature-liga-off font-feature-clig-off font-feature-calt-off text-decoration-none text-strikethrough-none\">Na ocasi\u00e3o, foi destacada a necessidade de fortalecimento do quadro de associados, com o incentivo para que todos os Procuradores de Contas ainda n\u00e3o vinculados \u00e0 entidade passem a integr\u00e1-la, refor\u00e7ando a representatividade da Ampcon em \u00e2mbito nacional.<\/span><\/p>\n<ul>\n<li><strong>Comunica\u00e7\u00e3o p\u00fablica em pauta<\/strong><\/li>\n<\/ul>\n<figure id=\"attachment_24330\" aria-describedby=\"caption-attachment-24330\" style=\"width: 300px\" class=\"wp-caption alignright\"><img loading=\"lazy\" decoding=\"async\" class=\"size-medium wp-image-24330\" src=\"https:\/\/www.mpc.pr.gov.br\/wp-content\/uploads\/2025\/09\/WhatsApp-Image-2025-09-03-at-12.25.12-300x169.jpeg\" alt=\"\" width=\"300\" height=\"169\" srcset=\"https:\/\/www.mpc.pr.gov.br\/wp-content\/uploads\/2025\/09\/WhatsApp-Image-2025-09-03-at-12.25.12-300x169.jpeg 300w, https:\/\/www.mpc.pr.gov.br\/wp-content\/uploads\/2025\/09\/WhatsApp-Image-2025-09-03-at-12.25.12-1024x576.jpeg 1024w, https:\/\/www.mpc.pr.gov.br\/wp-content\/uploads\/2025\/09\/WhatsApp-Image-2025-09-03-at-12.25.12-768x432.jpeg 768w, https:\/\/www.mpc.pr.gov.br\/wp-content\/uploads\/2025\/09\/WhatsApp-Image-2025-09-03-at-12.25.12-1536x864.jpeg 1536w, https:\/\/www.mpc.pr.gov.br\/wp-content\/uploads\/2025\/09\/WhatsApp-Image-2025-09-03-at-12.25.12-2048x1152.jpeg 2048w, https:\/\/www.mpc.pr.gov.br\/wp-content\/uploads\/2025\/09\/WhatsApp-Image-2025-09-03-at-12.25.12-800x450.jpeg 800w\" sizes=\"(max-width: 300px) 100vw, 300px\" \/><figcaption id=\"caption-attachment-24330\" class=\"wp-caption-text\">Participantes da Reuni\u00e3o Institucional Preparat\u00f3ria das Redes de Comunica\u00e7\u00e3o dos MPCs. Foto: Acervo pessoal\/Ampcon.<\/figcaption><\/figure>\n<p><span class=\"a_GcMg font-feature-liga-off font-feature-clig-off font-feature-calt-off text-decoration-none text-strikethrough-none\">Tamb\u00e9m presentes no evento, as assessoras Giovanna Menezes Faria e Renata Brindaroli Zelinski representaram o MPC-PR na reuni\u00e3o do Grupo Nacional de Comunica\u00e7\u00e3o do Minist\u00e9rio P\u00fablico de Contas. No encontro, foram compartilhadas as boas pr\u00e1ticas realizadas por cada institui\u00e7\u00e3o e definidas estrat\u00e9gias para fortalecer a atua\u00e7\u00e3o do setor.<\/span><\/p>\n<p><span class=\"a_GcMg font-feature-liga-off font-feature-clig-off font-feature-calt-off font-size-modifier text-decoration-none text-strikethrough-none\">As servidoras destacaram as<\/span><span class=\"a_GcMg font-feature-liga-off font-feature-clig-off font-feature-calt-off text-decoration-none text-strikethrough-none\"> principais a\u00e7\u00f5es de comunica\u00e7\u00e3o desenvolvidas pelo MPC-PR ao longo deste ano, com destaque especial para <\/span><span class=\"a_GcMg font-feature-liga-off font-feature-clig-off font-feature-calt-off text-decoration-none text-strikethrough-none font-size-modifier\">os eventos e cursos que integram o<\/span><span class=\"a_GcMg font-feature-liga-off font-feature-clig-off font-feature-calt-off text-decoration-none text-strikethrough-none\"> programa<\/span><span class=\"a_GcMg font-feature-liga-off font-feature-clig-off font-feature-calt-off text-decoration-none text-strikethrough-none font-size-modifier\"> \u201c<\/span><span class=\"a_GcMg font-feature-liga-off font-feature-clig-off font-feature-calt-off text-decoration-none text-strikethrough-none\">Trilhas de Forma\u00e7\u00e3o e Especializa\u00e7\u00e3o Avan\u00e7ada\u201d, iniciativa voltada \u00e0 capacita\u00e7\u00e3o t\u00e9cnica, em especial, de membros, servidores e estagi\u00e1rios do MPC brasileiro, com foco nas \u00e1reas de Intelig\u00eancia, Inova\u00e7\u00e3o e Intelig\u00eancia Artificial e Transforma\u00e7\u00e3o Digital.<\/span><\/p>\n<ul>\n<li><strong>Ouvidorias dos MPC&#8217;s<\/strong><\/li>\n<\/ul>\n<figure id=\"attachment_24333\" aria-describedby=\"caption-attachment-24333\" style=\"width: 300px\" class=\"wp-caption alignleft\"><img loading=\"lazy\" decoding=\"async\" class=\"size-medium wp-image-24333\" src=\"https:\/\/www.mpc.pr.gov.br\/wp-content\/uploads\/2025\/09\/Image_19-e1757423503141-300x232.jpg\" alt=\"\" width=\"300\" height=\"232\" srcset=\"https:\/\/www.mpc.pr.gov.br\/wp-content\/uploads\/2025\/09\/Image_19-e1757423503141-300x232.jpg 300w, https:\/\/www.mpc.pr.gov.br\/wp-content\/uploads\/2025\/09\/Image_19-e1757423503141.jpg 600w\" sizes=\"(max-width: 300px) 100vw, 300px\" \/><figcaption id=\"caption-attachment-24333\" class=\"wp-caption-text\">Participantes da Reuni\u00e3o dos Ouvidores dos Ministerios P\u00fablicos de Contas brasileiros. Foto: Acervo pessoal\/Ampcon.<\/figcaption><\/figure>\n<p class=\"cvGsUA direction-ltr align-justify para-style-body\"><span class=\"a_GcMg font-feature-liga-off font-feature-clig-off font-feature-calt-off text-decoration-none text-strikethrough-none\">J\u00e1 a Coordenadora do N\u00facleo de An\u00e1lise T\u00e9cnica (NAT) do MPC-PR, Luanda Anubha Iarek Silva, participou da reuni\u00e3o dos Ouvidores dos Minist\u00e9rios P\u00fablicos de Contas. O encontro teve como pauta a proposta de cria\u00e7\u00e3o de ouvidorias nos MPCs, as dificuldades de implementa\u00e7\u00e3o dessas estruturas e a troca de experi\u00eancias entre as institui\u00e7\u00f5es.<\/span><\/p>\n<p class=\"cvGsUA direction-ltr align-justify para-style-body\"><span class=\"a_GcMg font-feature-liga-off font-feature-clig-off font-feature-calt-off text-decoration-none text-strikethrough-none\">Durante sua participa\u00e7\u00e3o, Luanda apresentou a experi\u00eancia do MPC-PR, que atualmente n\u00e3o possui ouvidoria formalizada, mas conta com o NAT, n\u00facleo respons\u00e1vel pelo recebimento e an\u00e1lise preliminar das den\u00fancias recebidas pela institui\u00e7\u00e3o.<\/span><\/p>\n<p><strong>Participa\u00e7\u00f5es especiais<\/strong><\/p>\n<figure id=\"attachment_24334\" aria-describedby=\"caption-attachment-24334\" style=\"width: 300px\" class=\"wp-caption alignright\"><img loading=\"lazy\" decoding=\"async\" class=\"size-medium wp-image-24334\" src=\"https:\/\/www.mpc.pr.gov.br\/wp-content\/uploads\/2025\/09\/Image_22_-_Editado-300x169.jpg\" alt=\"\" width=\"300\" height=\"169\" srcset=\"https:\/\/www.mpc.pr.gov.br\/wp-content\/uploads\/2025\/09\/Image_22_-_Editado-300x169.jpg 300w, https:\/\/www.mpc.pr.gov.br\/wp-content\/uploads\/2025\/09\/Image_22_-_Editado-768x432.jpg 768w, https:\/\/www.mpc.pr.gov.br\/wp-content\/uploads\/2025\/09\/Image_22_-_Editado.jpg 800w\" sizes=\"(max-width: 300px) 100vw, 300px\" \/><figcaption id=\"caption-attachment-24334\" class=\"wp-caption-text\">Gabriel Guy L\u00e9ger entregando os certificados aos participantes do painel. Foto: JK Freitas<\/figcaption><\/figure>\n<p>Durante o evento, o <span class=\"a_GcMg font-feature-liga-off font-feature-clig-off font-feature-calt-off text-decoration-none text-strikethrough-none\">Procurador-Geral do MPC-PR Gabriel Guy L\u00e9ger participor da entrega de certificados aos participantes do painel sobre &#8220;Consensualismo e Efici\u00eancia no Controle Externo&#8221;, realizado na tarde do dia 4 de setembro. Mediado pela Procuradora-Geral do MPC-SC, Cibelly Farias, o painel trouxe perspectivas diversas sobre o papel da Advocacia P\u00fablica, Tribunais de Contas e iniciativa privada na constru\u00e7\u00e3o de uma administra\u00e7\u00e3o p\u00fablica mais eficiente e colaborativa. Participaram como painelistas S\u00e9rgio Pessoa (Advogado-Geral do Estado de Minas Gerais), Let\u00edcia Formoso (Procuradora-Geral do MPC-SP) e Juliana Chequi (Diretora Regulat\u00f3ria e Compliance da BRK Ambiental).<\/span><\/p>\n<figure id=\"attachment_24335\" aria-describedby=\"caption-attachment-24335\" style=\"width: 300px\" class=\"wp-caption alignleft\"><img loading=\"lazy\" decoding=\"async\" class=\"size-medium wp-image-24335\" src=\"https:\/\/www.mpc.pr.gov.br\/wp-content\/uploads\/2025\/09\/NZ8_8842-2-300x200.jpg\" alt=\"\" width=\"300\" height=\"200\" srcset=\"https:\/\/www.mpc.pr.gov.br\/wp-content\/uploads\/2025\/09\/NZ8_8842-2-300x200.jpg 300w, https:\/\/www.mpc.pr.gov.br\/wp-content\/uploads\/2025\/09\/NZ8_8842-2.jpg 507w\" sizes=\"(max-width: 300px) 100vw, 300px\" \/><figcaption id=\"caption-attachment-24335\" class=\"wp-caption-text\">Gabriel Guy L\u00e9ger e Jeanine Benkenstein. Foto: Alexandre Rezende.<\/figcaption><\/figure>\n<p>Na manh\u00e3 do dia 5 de setembro, o Procurador-Geral tamb\u00e9m realizou a media\u00e7\u00e3o da p<span class=\"a_GcMg font-feature-liga-off font-feature-clig-off font-feature-calt-off text-decoration-none text-strikethrough-none\">alestra \u201cO poder da palavra p\u00fablica, sua interface com a neuroci\u00eancia e as novas possibilidades trazidas pela intelig\u00eancia artificial\u201d, ministrada pela neurocientista Jeanine Benkenstein.<\/span><\/p>\n","protected":false},"excerpt":{"rendered":"<p>Teve in\u00edcio na noite desta quarta-feira (3 de setembro) o XVI Congresso Nacional do Minist\u00e9rio P\u00fablico de Contas, com o tema &#8220;Consensualismo e Intelig\u00eancia Artificial no Controle Externo&#8221;, em Belo Horizonte (MG). O evento, que acontece no Audit\u00f3rio Vivaldi, do Tribunal de Contas do Estado de Minas Gerais, marca os 40 anos da Associa\u00e7\u00e3o Nacional [&hellip;]<\/p>\n","protected":false},"author":1,"featured_media":24327,"comment_status":"open","ping_status":"open","sticky":false,"template":"","format":"standard","meta":{"_monsterinsights_skip_tracking":false,"_monsterinsights_sitenote_active":false,"_monsterinsights_sitenote_note":"","_monsterinsights_sitenote_category":0,"footnotes":""},"categories":[7],"tags":[63,819,823,820,726,818,13,821,511,822],"class_list":["post-24326","post","type-post","status-publish","format-standard","has-post-thumbnail","hentry","category-todas-as-noticias","tag-ampcon","tag-congresso-nacional-do-ministerio-publico-de-contas","tag-consensualismo","tag-grupo-nacional-de-comunicacao","tag-inteligencia-artificial","tag-minas-gerais","tag-mpc-pr","tag-neurociencia","tag-nucleo-de-analise-tecnica","tag-poder-publico","entry","has-media"],"yoast_head":"<!-- This site is optimized with the Yoast SEO plugin v27.3 - https:\/\/yoast.com\/product\/yoast-seo-wordpress\/ -->\n<title>MPC-PR marca presen\u00e7a no XVI Congresso Nacional do Minist\u00e9rio P\u00fablico de Contas, sediado em Belo Horizonte (MG) - Minist\u00e9rio P\u00fablico de Contas do Estado do Paran\u00e1<\/title>\n<meta name=\"robots\" content=\"index, follow, max-snippet:-1, max-image-preview:large, max-video-preview:-1\" \/>\n<link rel=\"canonical\" href=\"https:\/\/www.mpc.pr.gov.br\/index.php\/mpc-pr-marca-presenca-no-xvi-congresso-nacional-do-ministerio-publico-de-contas-sediado-em-belo-horizonte-mg\/\" \/>\n<meta property=\"og:locale\" content=\"pt_BR\" \/>\n<meta property=\"og:type\" content=\"article\" \/>\n<meta property=\"og:title\" content=\"MPC-PR marca presen\u00e7a no XVI Congresso Nacional do Minist\u00e9rio P\u00fablico de Contas, sediado em Belo Horizonte (MG) - Minist\u00e9rio P\u00fablico de Contas do Estado do Paran\u00e1\" \/>\n<meta property=\"og:description\" content=\"Teve in\u00edcio na noite desta quarta-feira (3 de setembro) o XVI Congresso Nacional do Minist\u00e9rio P\u00fablico de Contas, com o tema &#8220;Consensualismo e Intelig\u00eancia Artificial no Controle Externo&#8221;, em Belo Horizonte (MG). O evento, que acontece no Audit\u00f3rio Vivaldi, do Tribunal de Contas do Estado de Minas Gerais, marca os 40 anos da Associa\u00e7\u00e3o Nacional [&hellip;]\" \/>\n<meta property=\"og:url\" content=\"https:\/\/www.mpc.pr.gov.br\/index.php\/mpc-pr-marca-presenca-no-xvi-congresso-nacional-do-ministerio-publico-de-contas-sediado-em-belo-horizonte-mg\/\" \/>\n<meta property=\"og:site_name\" content=\"Minist\u00e9rio P\u00fablico de Contas do Estado do Paran\u00e1\" \/>\n<meta property=\"article:publisher\" content=\"https:\/\/www.facebook.com\/mpc.pr\" \/>\n<meta property=\"article:published_time\" content=\"2025-09-05T19:00:11+00:00\" \/>\n<meta property=\"article:modified_time\" content=\"2025-09-16T16:42:23+00:00\" \/>\n<meta property=\"og:image\" content=\"https:\/\/www.mpc.pr.gov.br\/wp-content\/uploads\/2025\/09\/WhatsApp-Image-2025-09-04-at-11.53.55-e1757423218601.jpeg\" \/>\n\t<meta property=\"og:image:width\" content=\"960\" \/>\n\t<meta property=\"og:image:height\" content=\"764\" \/>\n\t<meta property=\"og:image:type\" content=\"image\/jpeg\" \/>\n<meta name=\"author\" content=\"mpcontaspr\" \/>\n<meta name=\"twitter:card\" content=\"summary_large_image\" \/>\n<meta name=\"twitter:label1\" content=\"Escrito por\" \/>\n\t<meta name=\"twitter:data1\" content=\"mpcontaspr\" \/>\n\t<meta name=\"twitter:label2\" content=\"Est. tempo de leitura\" \/>\n\t<meta name=\"twitter:data2\" content=\"6 minutos\" \/>\n<script type=\"application\/ld+json\" class=\"yoast-schema-graph\">{\"@context\":\"https:\\\/\\\/schema.org\",\"@graph\":[{\"@type\":\"Article\",\"@id\":\"https:\\\/\\\/www.mpc.pr.gov.br\\\/index.php\\\/mpc-pr-marca-presenca-no-xvi-congresso-nacional-do-ministerio-publico-de-contas-sediado-em-belo-horizonte-mg\\\/#article\",\"isPartOf\":{\"@id\":\"https:\\\/\\\/www.mpc.pr.gov.br\\\/index.php\\\/mpc-pr-marca-presenca-no-xvi-congresso-nacional-do-ministerio-publico-de-contas-sediado-em-belo-horizonte-mg\\\/\"},\"author\":{\"name\":\"mpcontaspr\",\"@id\":\"https:\\\/\\\/www.mpc.pr.gov.br\\\/#\\\/schema\\\/person\\\/2d83cb8980538d0ec174e8a6284f5e11\"},\"headline\":\"MPC-PR marca presen\u00e7a no XVI Congresso Nacional do Minist\u00e9rio P\u00fablico de Contas, sediado em Belo Horizonte (MG)\",\"datePublished\":\"2025-09-05T19:00:11+00:00\",\"dateModified\":\"2025-09-16T16:42:23+00:00\",\"mainEntityOfPage\":{\"@id\":\"https:\\\/\\\/www.mpc.pr.gov.br\\\/index.php\\\/mpc-pr-marca-presenca-no-xvi-congresso-nacional-do-ministerio-publico-de-contas-sediado-em-belo-horizonte-mg\\\/\"},\"wordCount\":927,\"commentCount\":0,\"publisher\":{\"@id\":\"https:\\\/\\\/www.mpc.pr.gov.br\\\/#organization\"},\"image\":{\"@id\":\"https:\\\/\\\/www.mpc.pr.gov.br\\\/index.php\\\/mpc-pr-marca-presenca-no-xvi-congresso-nacional-do-ministerio-publico-de-contas-sediado-em-belo-horizonte-mg\\\/#primaryimage\"},\"thumbnailUrl\":\"https:\\\/\\\/www.mpc.pr.gov.br\\\/wp-content\\\/uploads\\\/2025\\\/09\\\/WhatsApp-Image-2025-09-04-at-11.53.55-e1757423218601.jpeg\",\"keywords\":[\"AMPCON\",\"Congresso Nacional do Minist\u00e9rio P\u00fablico de Contas\",\"Consensualismo\u00b4\",\"Grupo Nacional de Comunica\u00e7\u00e3o\",\"Intelig\u00eancia Artificial\",\"Minas Gerais\",\"MPC-PR\",\"Neuroci\u00eancia\",\"N\u00facleo de An\u00e1lise T\u00e9cnica\",\"Poder p\u00fablico\"],\"articleSection\":[\"Todas as not\u00edcias\"],\"inLanguage\":\"pt-BR\",\"potentialAction\":[{\"@type\":\"CommentAction\",\"name\":\"Comment\",\"target\":[\"https:\\\/\\\/www.mpc.pr.gov.br\\\/index.php\\\/mpc-pr-marca-presenca-no-xvi-congresso-nacional-do-ministerio-publico-de-contas-sediado-em-belo-horizonte-mg\\\/#respond\"]}]},{\"@type\":\"WebPage\",\"@id\":\"https:\\\/\\\/www.mpc.pr.gov.br\\\/index.php\\\/mpc-pr-marca-presenca-no-xvi-congresso-nacional-do-ministerio-publico-de-contas-sediado-em-belo-horizonte-mg\\\/\",\"url\":\"https:\\\/\\\/www.mpc.pr.gov.br\\\/index.php\\\/mpc-pr-marca-presenca-no-xvi-congresso-nacional-do-ministerio-publico-de-contas-sediado-em-belo-horizonte-mg\\\/\",\"name\":\"MPC-PR marca presen\u00e7a no XVI Congresso Nacional do Minist\u00e9rio P\u00fablico de Contas, sediado em Belo Horizonte (MG) - Minist\u00e9rio P\u00fablico de Contas do Estado do Paran\u00e1\",\"isPartOf\":{\"@id\":\"https:\\\/\\\/www.mpc.pr.gov.br\\\/#website\"},\"primaryImageOfPage\":{\"@id\":\"https:\\\/\\\/www.mpc.pr.gov.br\\\/index.php\\\/mpc-pr-marca-presenca-no-xvi-congresso-nacional-do-ministerio-publico-de-contas-sediado-em-belo-horizonte-mg\\\/#primaryimage\"},\"image\":{\"@id\":\"https:\\\/\\\/www.mpc.pr.gov.br\\\/index.php\\\/mpc-pr-marca-presenca-no-xvi-congresso-nacional-do-ministerio-publico-de-contas-sediado-em-belo-horizonte-mg\\\/#primaryimage\"},\"thumbnailUrl\":\"https:\\\/\\\/www.mpc.pr.gov.br\\\/wp-content\\\/uploads\\\/2025\\\/09\\\/WhatsApp-Image-2025-09-04-at-11.53.55-e1757423218601.jpeg\",\"datePublished\":\"2025-09-05T19:00:11+00:00\",\"dateModified\":\"2025-09-16T16:42:23+00:00\",\"breadcrumb\":{\"@id\":\"https:\\\/\\\/www.mpc.pr.gov.br\\\/index.php\\\/mpc-pr-marca-presenca-no-xvi-congresso-nacional-do-ministerio-publico-de-contas-sediado-em-belo-horizonte-mg\\\/#breadcrumb\"},\"inLanguage\":\"pt-BR\",\"potentialAction\":[{\"@type\":\"ReadAction\",\"target\":[\"https:\\\/\\\/www.mpc.pr.gov.br\\\/index.php\\\/mpc-pr-marca-presenca-no-xvi-congresso-nacional-do-ministerio-publico-de-contas-sediado-em-belo-horizonte-mg\\\/\"]}]},{\"@type\":\"ImageObject\",\"inLanguage\":\"pt-BR\",\"@id\":\"https:\\\/\\\/www.mpc.pr.gov.br\\\/index.php\\\/mpc-pr-marca-presenca-no-xvi-congresso-nacional-do-ministerio-publico-de-contas-sediado-em-belo-horizonte-mg\\\/#primaryimage\",\"url\":\"https:\\\/\\\/www.mpc.pr.gov.br\\\/wp-content\\\/uploads\\\/2025\\\/09\\\/WhatsApp-Image-2025-09-04-at-11.53.55-e1757423218601.jpeg\",\"contentUrl\":\"https:\\\/\\\/www.mpc.pr.gov.br\\\/wp-content\\\/uploads\\\/2025\\\/09\\\/WhatsApp-Image-2025-09-04-at-11.53.55-e1757423218601.jpeg\",\"width\":960,\"height\":764},{\"@type\":\"BreadcrumbList\",\"@id\":\"https:\\\/\\\/www.mpc.pr.gov.br\\\/index.php\\\/mpc-pr-marca-presenca-no-xvi-congresso-nacional-do-ministerio-publico-de-contas-sediado-em-belo-horizonte-mg\\\/#breadcrumb\",\"itemListElement\":[{\"@type\":\"ListItem\",\"position\":1,\"name\":\"In\u00edcio\",\"item\":\"https:\\\/\\\/www.mpc.pr.gov.br\\\/\"},{\"@type\":\"ListItem\",\"position\":2,\"name\":\"MPC-PR marca presen\u00e7a no XVI Congresso Nacional do Minist\u00e9rio P\u00fablico de Contas, sediado em Belo Horizonte (MG)\"}]},{\"@type\":\"WebSite\",\"@id\":\"https:\\\/\\\/www.mpc.pr.gov.br\\\/#website\",\"url\":\"https:\\\/\\\/www.mpc.pr.gov.br\\\/\",\"name\":\"Minist\u00e9rio P\u00fablico de Contas do Estado do Paran\u00e1\",\"description\":\"\",\"publisher\":{\"@id\":\"https:\\\/\\\/www.mpc.pr.gov.br\\\/#organization\"},\"potentialAction\":[{\"@type\":\"SearchAction\",\"target\":{\"@type\":\"EntryPoint\",\"urlTemplate\":\"https:\\\/\\\/www.mpc.pr.gov.br\\\/?s={search_term_string}\"},\"query-input\":{\"@type\":\"PropertyValueSpecification\",\"valueRequired\":true,\"valueName\":\"search_term_string\"}}],\"inLanguage\":\"pt-BR\"},{\"@type\":\"Organization\",\"@id\":\"https:\\\/\\\/www.mpc.pr.gov.br\\\/#organization\",\"name\":\"Minist\u00e9rio P\u00fablico de Contas do Estado do Paran\u00e1\",\"url\":\"https:\\\/\\\/www.mpc.pr.gov.br\\\/\",\"logo\":{\"@type\":\"ImageObject\",\"inLanguage\":\"pt-BR\",\"@id\":\"https:\\\/\\\/www.mpc.pr.gov.br\\\/#\\\/schema\\\/logo\\\/image\\\/\",\"url\":\"https:\\\/\\\/www.mpc.pr.gov.br\\\/wp-content\\\/uploads\\\/2020\\\/06\\\/99423647_1593460364143890_6706793420720963584_n-1-e1591387983167.png\",\"contentUrl\":\"https:\\\/\\\/www.mpc.pr.gov.br\\\/wp-content\\\/uploads\\\/2020\\\/06\\\/99423647_1593460364143890_6706793420720963584_n-1-e1591387983167.png\",\"width\":243,\"height\":73,\"caption\":\"Minist\u00e9rio P\u00fablico de Contas do Estado do Paran\u00e1\"},\"image\":{\"@id\":\"https:\\\/\\\/www.mpc.pr.gov.br\\\/#\\\/schema\\\/logo\\\/image\\\/\"},\"sameAs\":[\"https:\\\/\\\/www.facebook.com\\\/mpc.pr\",\"https:\\\/\\\/www.instagram.com\\\/mpc.pr\\\/?hl=pt-br\",\"https:\\\/\\\/www.youtube.com\\\/channel\\\/UCHri5oEM8DV0ztX57E0sBSw\"]},{\"@type\":\"Person\",\"@id\":\"https:\\\/\\\/www.mpc.pr.gov.br\\\/#\\\/schema\\\/person\\\/2d83cb8980538d0ec174e8a6284f5e11\",\"name\":\"mpcontaspr\",\"image\":{\"@type\":\"ImageObject\",\"inLanguage\":\"pt-BR\",\"@id\":\"https:\\\/\\\/secure.gravatar.com\\\/avatar\\\/1aef51541db7622e05fd639336c9c9f312c2a618396e2b6ca96846362fc5403f?s=96&d=mm&r=g\",\"url\":\"https:\\\/\\\/secure.gravatar.com\\\/avatar\\\/1aef51541db7622e05fd639336c9c9f312c2a618396e2b6ca96846362fc5403f?s=96&d=mm&r=g\",\"contentUrl\":\"https:\\\/\\\/secure.gravatar.com\\\/avatar\\\/1aef51541db7622e05fd639336c9c9f312c2a618396e2b6ca96846362fc5403f?s=96&d=mm&r=g\",\"caption\":\"mpcontaspr\"},\"sameAs\":[\"http:\\\/\\\/www.mpc.pr.gov.br\"]}]}<\/script>\n<!-- \/ Yoast SEO plugin. -->","yoast_head_json":{"title":"MPC-PR marca presen\u00e7a no XVI Congresso Nacional do Minist\u00e9rio P\u00fablico de Contas, sediado em Belo Horizonte (MG) - Minist\u00e9rio P\u00fablico de Contas do Estado do Paran\u00e1","robots":{"index":"index","follow":"follow","max-snippet":"max-snippet:-1","max-image-preview":"max-image-preview:large","max-video-preview":"max-video-preview:-1"},"canonical":"https:\/\/www.mpc.pr.gov.br\/index.php\/mpc-pr-marca-presenca-no-xvi-congresso-nacional-do-ministerio-publico-de-contas-sediado-em-belo-horizonte-mg\/","og_locale":"pt_BR","og_type":"article","og_title":"MPC-PR marca presen\u00e7a no XVI Congresso Nacional do Minist\u00e9rio P\u00fablico de Contas, sediado em Belo Horizonte (MG) - Minist\u00e9rio P\u00fablico de Contas do Estado do Paran\u00e1","og_description":"Teve in\u00edcio na noite desta quarta-feira (3 de setembro) o XVI Congresso Nacional do Minist\u00e9rio P\u00fablico de Contas, com o tema &#8220;Consensualismo e Intelig\u00eancia Artificial no Controle Externo&#8221;, em Belo Horizonte (MG). O evento, que acontece no Audit\u00f3rio Vivaldi, do Tribunal de Contas do Estado de Minas Gerais, marca os 40 anos da Associa\u00e7\u00e3o Nacional [&hellip;]","og_url":"https:\/\/www.mpc.pr.gov.br\/index.php\/mpc-pr-marca-presenca-no-xvi-congresso-nacional-do-ministerio-publico-de-contas-sediado-em-belo-horizonte-mg\/","og_site_name":"Minist\u00e9rio P\u00fablico de Contas do Estado do Paran\u00e1","article_publisher":"https:\/\/www.facebook.com\/mpc.pr","article_published_time":"2025-09-05T19:00:11+00:00","article_modified_time":"2025-09-16T16:42:23+00:00","og_image":[{"width":960,"height":764,"url":"https:\/\/www.mpc.pr.gov.br\/wp-content\/uploads\/2025\/09\/WhatsApp-Image-2025-09-04-at-11.53.55-e1757423218601.jpeg","type":"image\/jpeg"}],"author":"mpcontaspr","twitter_card":"summary_large_image","twitter_misc":{"Escrito por":"mpcontaspr","Est. tempo de leitura":"6 minutos"},"schema":{"@context":"https:\/\/schema.org","@graph":[{"@type":"Article","@id":"https:\/\/www.mpc.pr.gov.br\/index.php\/mpc-pr-marca-presenca-no-xvi-congresso-nacional-do-ministerio-publico-de-contas-sediado-em-belo-horizonte-mg\/#article","isPartOf":{"@id":"https:\/\/www.mpc.pr.gov.br\/index.php\/mpc-pr-marca-presenca-no-xvi-congresso-nacional-do-ministerio-publico-de-contas-sediado-em-belo-horizonte-mg\/"},"author":{"name":"mpcontaspr","@id":"https:\/\/www.mpc.pr.gov.br\/#\/schema\/person\/2d83cb8980538d0ec174e8a6284f5e11"},"headline":"MPC-PR marca presen\u00e7a no XVI Congresso Nacional do Minist\u00e9rio P\u00fablico de Contas, sediado em Belo Horizonte (MG)","datePublished":"2025-09-05T19:00:11+00:00","dateModified":"2025-09-16T16:42:23+00:00","mainEntityOfPage":{"@id":"https:\/\/www.mpc.pr.gov.br\/index.php\/mpc-pr-marca-presenca-no-xvi-congresso-nacional-do-ministerio-publico-de-contas-sediado-em-belo-horizonte-mg\/"},"wordCount":927,"commentCount":0,"publisher":{"@id":"https:\/\/www.mpc.pr.gov.br\/#organization"},"image":{"@id":"https:\/\/www.mpc.pr.gov.br\/index.php\/mpc-pr-marca-presenca-no-xvi-congresso-nacional-do-ministerio-publico-de-contas-sediado-em-belo-horizonte-mg\/#primaryimage"},"thumbnailUrl":"https:\/\/www.mpc.pr.gov.br\/wp-content\/uploads\/2025\/09\/WhatsApp-Image-2025-09-04-at-11.53.55-e1757423218601.jpeg","keywords":["AMPCON","Congresso Nacional do Minist\u00e9rio P\u00fablico de Contas","Consensualismo\u00b4","Grupo Nacional de Comunica\u00e7\u00e3o","Intelig\u00eancia Artificial","Minas Gerais","MPC-PR","Neuroci\u00eancia","N\u00facleo de An\u00e1lise T\u00e9cnica","Poder p\u00fablico"],"articleSection":["Todas as not\u00edcias"],"inLanguage":"pt-BR","potentialAction":[{"@type":"CommentAction","name":"Comment","target":["https:\/\/www.mpc.pr.gov.br\/index.php\/mpc-pr-marca-presenca-no-xvi-congresso-nacional-do-ministerio-publico-de-contas-sediado-em-belo-horizonte-mg\/#respond"]}]},{"@type":"WebPage","@id":"https:\/\/www.mpc.pr.gov.br\/index.php\/mpc-pr-marca-presenca-no-xvi-congresso-nacional-do-ministerio-publico-de-contas-sediado-em-belo-horizonte-mg\/","url":"https:\/\/www.mpc.pr.gov.br\/index.php\/mpc-pr-marca-presenca-no-xvi-congresso-nacional-do-ministerio-publico-de-contas-sediado-em-belo-horizonte-mg\/","name":"MPC-PR marca presen\u00e7a no XVI Congresso Nacional do Minist\u00e9rio P\u00fablico de Contas, sediado em Belo Horizonte (MG) - Minist\u00e9rio P\u00fablico de Contas do Estado do Paran\u00e1","isPartOf":{"@id":"https:\/\/www.mpc.pr.gov.br\/#website"},"primaryImageOfPage":{"@id":"https:\/\/www.mpc.pr.gov.br\/index.php\/mpc-pr-marca-presenca-no-xvi-congresso-nacional-do-ministerio-publico-de-contas-sediado-em-belo-horizonte-mg\/#primaryimage"},"image":{"@id":"https:\/\/www.mpc.pr.gov.br\/index.php\/mpc-pr-marca-presenca-no-xvi-congresso-nacional-do-ministerio-publico-de-contas-sediado-em-belo-horizonte-mg\/#primaryimage"},"thumbnailUrl":"https:\/\/www.mpc.pr.gov.br\/wp-content\/uploads\/2025\/09\/WhatsApp-Image-2025-09-04-at-11.53.55-e1757423218601.jpeg","datePublished":"2025-09-05T19:00:11+00:00","dateModified":"2025-09-16T16:42:23+00:00","breadcrumb":{"@id":"https:\/\/www.mpc.pr.gov.br\/index.php\/mpc-pr-marca-presenca-no-xvi-congresso-nacional-do-ministerio-publico-de-contas-sediado-em-belo-horizonte-mg\/#breadcrumb"},"inLanguage":"pt-BR","potentialAction":[{"@type":"ReadAction","target":["https:\/\/www.mpc.pr.gov.br\/index.php\/mpc-pr-marca-presenca-no-xvi-congresso-nacional-do-ministerio-publico-de-contas-sediado-em-belo-horizonte-mg\/"]}]},{"@type":"ImageObject","inLanguage":"pt-BR","@id":"https:\/\/www.mpc.pr.gov.br\/index.php\/mpc-pr-marca-presenca-no-xvi-congresso-nacional-do-ministerio-publico-de-contas-sediado-em-belo-horizonte-mg\/#primaryimage","url":"https:\/\/www.mpc.pr.gov.br\/wp-content\/uploads\/2025\/09\/WhatsApp-Image-2025-09-04-at-11.53.55-e1757423218601.jpeg","contentUrl":"https:\/\/www.mpc.pr.gov.br\/wp-content\/uploads\/2025\/09\/WhatsApp-Image-2025-09-04-at-11.53.55-e1757423218601.jpeg","width":960,"height":764},{"@type":"BreadcrumbList","@id":"https:\/\/www.mpc.pr.gov.br\/index.php\/mpc-pr-marca-presenca-no-xvi-congresso-nacional-do-ministerio-publico-de-contas-sediado-em-belo-horizonte-mg\/#breadcrumb","itemListElement":[{"@type":"ListItem","position":1,"name":"In\u00edcio","item":"https:\/\/www.mpc.pr.gov.br\/"},{"@type":"ListItem","position":2,"name":"MPC-PR marca presen\u00e7a no XVI Congresso Nacional do Minist\u00e9rio P\u00fablico de Contas, sediado em Belo Horizonte (MG)"}]},{"@type":"WebSite","@id":"https:\/\/www.mpc.pr.gov.br\/#website","url":"https:\/\/www.mpc.pr.gov.br\/","name":"Minist\u00e9rio P\u00fablico de Contas do Estado do Paran\u00e1","description":"","publisher":{"@id":"https:\/\/www.mpc.pr.gov.br\/#organization"},"potentialAction":[{"@type":"SearchAction","target":{"@type":"EntryPoint","urlTemplate":"https:\/\/www.mpc.pr.gov.br\/?s={search_term_string}"},"query-input":{"@type":"PropertyValueSpecification","valueRequired":true,"valueName":"search_term_string"}}],"inLanguage":"pt-BR"},{"@type":"Organization","@id":"https:\/\/www.mpc.pr.gov.br\/#organization","name":"Minist\u00e9rio P\u00fablico de Contas do Estado do Paran\u00e1","url":"https:\/\/www.mpc.pr.gov.br\/","logo":{"@type":"ImageObject","inLanguage":"pt-BR","@id":"https:\/\/www.mpc.pr.gov.br\/#\/schema\/logo\/image\/","url":"https:\/\/www.mpc.pr.gov.br\/wp-content\/uploads\/2020\/06\/99423647_1593460364143890_6706793420720963584_n-1-e1591387983167.png","contentUrl":"https:\/\/www.mpc.pr.gov.br\/wp-content\/uploads\/2020\/06\/99423647_1593460364143890_6706793420720963584_n-1-e1591387983167.png","width":243,"height":73,"caption":"Minist\u00e9rio P\u00fablico de Contas do Estado do Paran\u00e1"},"image":{"@id":"https:\/\/www.mpc.pr.gov.br\/#\/schema\/logo\/image\/"},"sameAs":["https:\/\/www.facebook.com\/mpc.pr","https:\/\/www.instagram.com\/mpc.pr\/?hl=pt-br","https:\/\/www.youtube.com\/channel\/UCHri5oEM8DV0ztX57E0sBSw"]},{"@type":"Person","@id":"https:\/\/www.mpc.pr.gov.br\/#\/schema\/person\/2d83cb8980538d0ec174e8a6284f5e11","name":"mpcontaspr","image":{"@type":"ImageObject","inLanguage":"pt-BR","@id":"https:\/\/secure.gravatar.com\/avatar\/1aef51541db7622e05fd639336c9c9f312c2a618396e2b6ca96846362fc5403f?s=96&d=mm&r=g","url":"https:\/\/secure.gravatar.com\/avatar\/1aef51541db7622e05fd639336c9c9f312c2a618396e2b6ca96846362fc5403f?s=96&d=mm&r=g","contentUrl":"https:\/\/secure.gravatar.com\/avatar\/1aef51541db7622e05fd639336c9c9f312c2a618396e2b6ca96846362fc5403f?s=96&d=mm&r=g","caption":"mpcontaspr"},"sameAs":["http:\/\/www.mpc.pr.gov.br"]}]}},"rttpg_featured_image_url":{"full":["https:\/\/www.mpc.pr.gov.br\/wp-content\/uploads\/2025\/09\/WhatsApp-Image-2025-09-04-at-11.53.55-e1757423218601.jpeg",960,764,false],"landscape":["https:\/\/www.mpc.pr.gov.br\/wp-content\/uploads\/2025\/09\/WhatsApp-Image-2025-09-04-at-11.53.55-e1757423218601.jpeg",960,764,false],"portraits":["https:\/\/www.mpc.pr.gov.br\/wp-content\/uploads\/2025\/09\/WhatsApp-Image-2025-09-04-at-11.53.55-e1757423218601.jpeg",960,764,false],"thumbnail":["https:\/\/www.mpc.pr.gov.br\/wp-content\/uploads\/2025\/09\/WhatsApp-Image-2025-09-04-at-11.53.55-e1757423218601-150x150.jpeg",150,150,true],"medium":["https:\/\/www.mpc.pr.gov.br\/wp-content\/uploads\/2025\/09\/WhatsApp-Image-2025-09-04-at-11.53.55-e1757423218601-300x239.jpeg",300,239,true],"large":["https:\/\/www.mpc.pr.gov.br\/wp-content\/uploads\/2025\/09\/WhatsApp-Image-2025-09-04-at-11.53.55-768x1024.jpeg",768,1024,true],"1536x1536":["https:\/\/www.mpc.pr.gov.br\/wp-content\/uploads\/2025\/09\/WhatsApp-Image-2025-09-04-at-11.53.55-e1757423218601.jpeg",960,764,false],"2048x2048":["https:\/\/www.mpc.pr.gov.br\/wp-content\/uploads\/2025\/09\/WhatsApp-Image-2025-09-04-at-11.53.55-e1757423218601.jpeg",960,764,false],"ocean-thumb-m":["https:\/\/www.mpc.pr.gov.br\/wp-content\/uploads\/2025\/09\/WhatsApp-Image-2025-09-04-at-11.53.55-e1757423218601-600x600.jpeg",600,600,true],"ocean-thumb-ml":["https:\/\/www.mpc.pr.gov.br\/wp-content\/uploads\/2025\/09\/WhatsApp-Image-2025-09-04-at-11.53.55-e1757423218601-800x450.jpeg",800,450,true],"ocean-thumb-l":["https:\/\/www.mpc.pr.gov.br\/wp-content\/uploads\/2025\/09\/WhatsApp-Image-2025-09-04-at-11.53.55-e1757423218601-960x700.jpeg",960,700,true]},"rttpg_author":{"display_name":"mpcontaspr","author_link":"https:\/\/www.mpc.pr.gov.br\/index.php\/author\/mpcontaspr\/"},"rttpg_comment":0,"rttpg_category":"<a href=\"https:\/\/www.mpc.pr.gov.br\/index.php\/category\/todas-as-noticias\/\" rel=\"category tag\">Todas as not\u00edcias<\/a>","rttpg_excerpt":"Teve in\u00edcio na noite desta quarta-feira (3 de setembro) o XVI Congresso Nacional do Minist\u00e9rio P\u00fablico de Contas, com o tema &#8220;Consensualismo e Intelig\u00eancia Artificial no Controle Externo&#8221;, em Belo Horizonte (MG). O evento, que acontece no Audit\u00f3rio Vivaldi, do Tribunal de Contas do Estado de Minas Gerais, marca os 40 anos da Associa\u00e7\u00e3o Nacional&hellip;","_links":{"self":[{"href":"https:\/\/www.mpc.pr.gov.br\/index.php\/wp-json\/wp\/v2\/posts\/24326","targetHints":{"allow":["GET"]}}],"collection":[{"href":"https:\/\/www.mpc.pr.gov.br\/index.php\/wp-json\/wp\/v2\/posts"}],"about":[{"href":"https:\/\/www.mpc.pr.gov.br\/index.php\/wp-json\/wp\/v2\/types\/post"}],"author":[{"embeddable":true,"href":"https:\/\/www.mpc.pr.gov.br\/index.php\/wp-json\/wp\/v2\/users\/1"}],"replies":[{"embeddable":true,"href":"https:\/\/www.mpc.pr.gov.br\/index.php\/wp-json\/wp\/v2\/comments?post=24326"}],"version-history":[{"count":2,"href":"https:\/\/www.mpc.pr.gov.br\/index.php\/wp-json\/wp\/v2\/posts\/24326\/revisions"}],"predecessor-version":[{"id":24336,"href":"https:\/\/www.mpc.pr.gov.br\/index.php\/wp-json\/wp\/v2\/posts\/24326\/revisions\/24336"}],"wp:featuredmedia":[{"embeddable":true,"href":"https:\/\/www.mpc.pr.gov.br\/index.php\/wp-json\/wp\/v2\/media\/24327"}],"wp:attachment":[{"href":"https:\/\/www.mpc.pr.gov.br\/index.php\/wp-json\/wp\/v2\/media?parent=24326"}],"wp:term":[{"taxonomy":"category","embeddable":true,"href":"https:\/\/www.mpc.pr.gov.br\/index.php\/wp-json\/wp\/v2\/categories?post=24326"},{"taxonomy":"post_tag","embeddable":true,"href":"https:\/\/www.mpc.pr.gov.br\/index.php\/wp-json\/wp\/v2\/tags?post=24326"}],"curies":[{"name":"wp","href":"https:\/\/api.w.org\/{rel}","templated":true}]}}