{"id":24337,"date":"2025-09-09T11:08:35","date_gmt":"2025-09-09T14:08:35","guid":{"rendered":"https:\/\/www.mpc.pr.gov.br\/?p=24337"},"modified":"2025-09-17T14:06:35","modified_gmt":"2025-09-17T17:06:35","slug":"mpc-pr-debate-neurociencia-e-inteligencia-artificial-no-controle-externo-durante-o-xvi-congresso-nacional-do-ministerio-publico-de-contas","status":"publish","type":"post","link":"https:\/\/www.mpc.pr.gov.br\/index.php\/mpc-pr-debate-neurociencia-e-inteligencia-artificial-no-controle-externo-durante-o-xvi-congresso-nacional-do-ministerio-publico-de-contas\/","title":{"rendered":"MPC-PR debate neuroci\u00eancia e intelig\u00eancia artificial no controle externo durante o XVI Congresso Nacional do Minist\u00e9rio P\u00fablico de Contas"},"content":{"rendered":"<figure id=\"attachment_24338\" aria-describedby=\"caption-attachment-24338\" style=\"width: 300px\" class=\"wp-caption alignleft\"><img fetchpriority=\"high\" decoding=\"async\" class=\"size-medium wp-image-24338\" src=\"https:\/\/www.mpc.pr.gov.br\/wp-content\/uploads\/2025\/09\/WhatsApp-Image-2025-09-05-at-14.27.19-300x225.jpeg\" alt=\"\" width=\"300\" height=\"225\" srcset=\"https:\/\/www.mpc.pr.gov.br\/wp-content\/uploads\/2025\/09\/WhatsApp-Image-2025-09-05-at-14.27.19-300x225.jpeg 300w, https:\/\/www.mpc.pr.gov.br\/wp-content\/uploads\/2025\/09\/WhatsApp-Image-2025-09-05-at-14.27.19-1024x768.jpeg 1024w, https:\/\/www.mpc.pr.gov.br\/wp-content\/uploads\/2025\/09\/WhatsApp-Image-2025-09-05-at-14.27.19-768x576.jpeg 768w, https:\/\/www.mpc.pr.gov.br\/wp-content\/uploads\/2025\/09\/WhatsApp-Image-2025-09-05-at-14.27.19.jpeg 1280w\" sizes=\"(max-width: 300px) 100vw, 300px\" \/><figcaption id=\"caption-attachment-24338\" class=\"wp-caption-text\">Procurador-Geral do MPC-PR, Gabriel Guy L\u00e9ger e a neurocientista Jeanine Benkenstein. Foto: Acervo pessoal.<\/figcaption><\/figure>\n<p><span data-contrast=\"auto\">O Procurador-Geral do Minist\u00e9rio P\u00fablico de Contas do Paran\u00e1 (MPC-PR), Gabriel Guy L\u00e9ger, participou na manh\u00e3 do dia 5 de setembro da media\u00e7\u00e3o da palestra \u201cO poder da palavra p\u00fablica, sua interface com a neuroci\u00eancia e as novas possibilidades trazidas pela intelig\u00eancia artificial\u201d, ministrada pela neurocientista <a href=\"https:\/\/www.instagram.com\/jeaninebenkenstein\/\">Jeanine Benkenstein<\/a> durante o XVI Congresso Nacional do Minist\u00e9rio P\u00fablico de Contas, realizado em Belo Horizonte (MG).<\/span><span data-ccp-props=\"{&quot;201341983&quot;:0,&quot;335551550&quot;:6,&quot;335551620&quot;:6,&quot;335559740&quot;:360}\">\u00a0<\/span><\/p>\n<p><span data-contrast=\"auto\">Com o tema &#8220;Consensualismo e Intelig\u00eancia Artificial no Controle Externo&#8221;, o Congresso promovido pela <a href=\"https:\/\/ampcon.org.br\/\">Associa\u00e7\u00e3o Nacional do Minist\u00e9rio P\u00fablico de Contas (Ampcon)<\/a>, com o apoio do <a href=\"https:\/\/www.mpc.mg.gov.br\/\">Minist\u00e9rio P\u00fablico de Contas do Estado de Minas Gerais (MPC-MG)<\/a>, do <a href=\"https:\/\/www.tce.mg.gov.br\/\">Tribunal de Contas do Estado de Minas Gerais (TCE-MG)<\/a>, marcou os 40 anos da associa\u00e7\u00e3o.\u00a0\u00a0<\/span><span data-ccp-props=\"{&quot;201341983&quot;:0,&quot;335551550&quot;:6,&quot;335551620&quot;:6,&quot;335559740&quot;:360}\">\u00a0<\/span><\/p>\n<figure id=\"attachment_24341\" aria-describedby=\"caption-attachment-24341\" style=\"width: 300px\" class=\"wp-caption alignright\"><img decoding=\"async\" class=\"wp-image-24341 size-medium\" src=\"https:\/\/www.mpc.pr.gov.br\/wp-content\/uploads\/2025\/09\/WhatsApp-Image-2025-09-09-at-10.26.07-300x225.jpeg\" alt=\"\" width=\"300\" height=\"225\" srcset=\"https:\/\/www.mpc.pr.gov.br\/wp-content\/uploads\/2025\/09\/WhatsApp-Image-2025-09-09-at-10.26.07-300x225.jpeg 300w, https:\/\/www.mpc.pr.gov.br\/wp-content\/uploads\/2025\/09\/WhatsApp-Image-2025-09-09-at-10.26.07-1024x768.jpeg 1024w, https:\/\/www.mpc.pr.gov.br\/wp-content\/uploads\/2025\/09\/WhatsApp-Image-2025-09-09-at-10.26.07-768x576.jpeg 768w, https:\/\/www.mpc.pr.gov.br\/wp-content\/uploads\/2025\/09\/WhatsApp-Image-2025-09-09-at-10.26.07.jpeg 1280w\" sizes=\"(max-width: 300px) 100vw, 300px\" \/><figcaption id=\"caption-attachment-24341\" class=\"wp-caption-text\">Foto: Acervo pessoal.<\/figcaption><\/figure>\n<p><span data-contrast=\"auto\">Em breves palavras na abertura palestra, o Procurador-Geral Gabriel Guy L\u00e9ger refor\u00e7ou a import\u00e2ncia de trazer ao debate temas inovadores, que dialoguem com a atua\u00e7\u00e3o estrat\u00e9gica do Controle Externo. Para ele, aproximar ci\u00eancia, comunica\u00e7\u00e3o e tecnologia do trabalho dos Minist\u00e9rios P\u00fablicos de Contas \u00e9 fundamental para garantir a moderniza\u00e7\u00e3o e a efetividade das institui\u00e7\u00f5es.<\/span><span data-ccp-props=\"{&quot;201341983&quot;:0,&quot;335551550&quot;:6,&quot;335551620&quot;:6,&quot;335559740&quot;:360}\">\u00a0<\/span><\/p>\n<p><b><span data-contrast=\"auto\">Neuroci\u00eancia aplicada ao Controle Externo<\/span><\/b><span data-ccp-props=\"{&quot;201341983&quot;:0,&quot;335551550&quot;:6,&quot;335551620&quot;:6,&quot;335559740&quot;:360}\">\u00a0<\/span><\/p>\n<figure id=\"attachment_24339\" aria-describedby=\"caption-attachment-24339\" style=\"width: 300px\" class=\"wp-caption alignleft\"><img decoding=\"async\" class=\"size-medium wp-image-24339\" src=\"https:\/\/www.mpc.pr.gov.br\/wp-content\/uploads\/2025\/09\/NZ8_8867-300x200.jpg\" alt=\"\" width=\"300\" height=\"200\" srcset=\"https:\/\/www.mpc.pr.gov.br\/wp-content\/uploads\/2025\/09\/NZ8_8867-300x200.jpg 300w, https:\/\/www.mpc.pr.gov.br\/wp-content\/uploads\/2025\/09\/NZ8_8867.jpg 507w\" sizes=\"(max-width: 300px) 100vw, 300px\" \/><figcaption id=\"caption-attachment-24339\" class=\"wp-caption-text\">Jeanine Benkenstein durante sua palestra. Foto: Alexandre Rezende.<\/figcaption><\/figure>\n<p><span data-contrast=\"auto\">Mineira de nascimento e radicada no Rio Grande do Sul, Jeanine abriu a fala conectando ci\u00eancia e experi\u00eancia de vida. Segundo ela, 95% das decis\u00f5es humanas n\u00e3o s\u00e3o racionais, mas fruto de emo\u00e7\u00f5es, h\u00e1bitos e intui\u00e7\u00f5es. Pesquisas recentes indicam que cerca de 90% da nossa personalidade \u00e9 moldada pelo ambiente, o que explica a for\u00e7a de condicionamentos e cren\u00e7as herdadas. \u201cSe voc\u00ea n\u00e3o substitui o \u2018software\u2019, as mem\u00f3rias de longo prazo \u00e9 que v\u00e3o vencer\u201d, afirmou.<\/span><span data-ccp-props=\"{&quot;201341983&quot;:0,&quot;335551550&quot;:6,&quot;335551620&quot;:6,&quot;335559740&quot;:360}\">\u00a0<\/span><\/p>\n<p><span data-contrast=\"auto\">Entre os conceitos apresentados, a palestrante falou sobre as \u201chidrosferas de identidade\u201d, camadas de cren\u00e7as e experi\u00eancias que contaminam a forma como interpretamos a realidade e os outros. Como pr\u00e1tica de transforma\u00e7\u00e3o, ela sugeriu a \u201chigieniza\u00e7\u00e3o dessas hidrosferas\u201d, que consiste em trazer-se ao presente e reinterpretar significados herdados. Outro ponto abordado foram os chamados \u201cv\u00edrus mentais\u201d, express\u00f5es e narrativas populares que se instalam no subconsciente, como por exemplo \u201cem time que est\u00e1 ganhando n\u00e3o se mexe\u201d ou \u201cdedo podre\u201d, que se instalam no subconsciente e passam a guiar decis\u00f5es de forma autom\u00e1tica.<\/span><span data-ccp-props=\"{&quot;201341983&quot;:0,&quot;335551550&quot;:6,&quot;335551620&quot;:6,&quot;335559740&quot;:360}\">\u00a0<\/span><\/p>\n<figure id=\"attachment_24343\" aria-describedby=\"caption-attachment-24343\" style=\"width: 300px\" class=\"wp-caption alignright\"><img loading=\"lazy\" decoding=\"async\" class=\"size-medium wp-image-24343\" src=\"https:\/\/www.mpc.pr.gov.br\/wp-content\/uploads\/2025\/09\/NZ8_8872-2-300x202.jpg\" alt=\"\" width=\"300\" height=\"202\" srcset=\"https:\/\/www.mpc.pr.gov.br\/wp-content\/uploads\/2025\/09\/NZ8_8872-2-300x202.jpg 300w, https:\/\/www.mpc.pr.gov.br\/wp-content\/uploads\/2025\/09\/NZ8_8872-2.jpg 502w\" sizes=\"(max-width: 300px) 100vw, 300px\" \/><figcaption id=\"caption-attachment-24343\" class=\"wp-caption-text\">A palestra. Foto: Alexandre Rezende.<\/figcaption><\/figure>\n<p><span data-contrast=\"auto\">No \u00e2mbito do Controle Externo, a neurocientista foi enf\u00e1tica sobre o poder da palavra p\u00fablica: \u201cA palavra dos senhores cria a realidade administrativa\u201d. Segundo ela, a forma como procuradores e auditores enquadram relat\u00f3rios, pareceres ou recomenda\u00e7\u00f5es influencia diretamente a ades\u00e3o social e institucional. <\/span><span data-ccp-props=\"{&quot;201341983&quot;:0,&quot;335551550&quot;:6,&quot;335551620&quot;:6,&quot;335559740&quot;:360}\">\u00a0<\/span><\/p>\n<figure id=\"attachment_24340\" aria-describedby=\"caption-attachment-24340\" style=\"width: 280px\" class=\"wp-caption alignleft\"><img loading=\"lazy\" decoding=\"async\" class=\"size-medium wp-image-24340\" src=\"https:\/\/www.mpc.pr.gov.br\/wp-content\/uploads\/2025\/09\/WhatsApp-Image-2025-09-09-at-10.25.26-e1757425873114-280x300.jpeg\" alt=\"\" width=\"280\" height=\"300\" srcset=\"https:\/\/www.mpc.pr.gov.br\/wp-content\/uploads\/2025\/09\/WhatsApp-Image-2025-09-09-at-10.25.26-e1757425873114-280x300.jpeg 280w, https:\/\/www.mpc.pr.gov.br\/wp-content\/uploads\/2025\/09\/WhatsApp-Image-2025-09-09-at-10.25.26-e1757425873114-954x1024.jpeg 954w, https:\/\/www.mpc.pr.gov.br\/wp-content\/uploads\/2025\/09\/WhatsApp-Image-2025-09-09-at-10.25.26-e1757425873114-768x824.jpeg 768w, https:\/\/www.mpc.pr.gov.br\/wp-content\/uploads\/2025\/09\/WhatsApp-Image-2025-09-09-at-10.25.26-e1757425873114.jpeg 960w\" sizes=\"(max-width: 280px) 100vw, 280px\" \/><figcaption id=\"caption-attachment-24340\" class=\"wp-caption-text\">Na foto, a Procuradora Katia Regina Puchaski, o Procurador-Geral Gabriel Guy L\u00e9ger e a neurocientista Jeanine Benkenstein. Foto: Acervo pessoal.<\/figcaption><\/figure>\n<p><span data-contrast=\"auto\">Nessa perspectiva, Jeanine debateu os desafios de equilibrar governan\u00e7a t\u00e9cnica e empatia humana no exerc\u00edcio da fun\u00e7\u00e3o p\u00fablica e explicou o conceito de <\/span><i><span data-contrast=\"auto\">framing<\/span><\/i><span data-contrast=\"auto\"> (enquadramento), que seria a moldura mental com que cada pessoa recebe uma mensagem. Ao discutir relat\u00f3rios, irregularidades ou pol\u00edticas sens\u00edveis (como sa\u00fade), quem escuta j\u00e1 chega com um enquadramento pr\u00f3prio, muitas vezes associado a viv\u00eancias inconscientes. \u201cPor isso, fiscalizar bem \u00e9 fiscalizar com t\u00e9cnica e criar ades\u00e3o, pois sem comunica\u00e7\u00e3o, perde-se efetividade\u201d, ressaltou.\u00a0\u00a0<\/span><span data-ccp-props=\"{&quot;201341983&quot;:0,&quot;335551550&quot;:6,&quot;335551620&quot;:6,&quot;335559740&quot;:360}\">\u00a0<\/span><\/p>\n<p><span data-contrast=\"auto\">No encerramento, ela prop\u00f4s a converg\u00eancia entre evid\u00eancia, neuroci\u00eancia e intelig\u00eancia artificial para transformar o controle externo:\u202f<\/span><span data-ccp-props=\"{&quot;201341983&quot;:0,&quot;335551550&quot;:6,&quot;335551620&quot;:6,&quot;335559740&quot;:360}\">\u00a0<\/span><\/p>\n<p><span data-contrast=\"auto\">\u201cQue cada parecer seja um convite \u00e0 integridade. Que cada alerta do sistema seja uma m\u00e3o estendida, e n\u00e3o uma condena\u00e7\u00e3o. E cada decis\u00e3o, um espelho da sociedade que os senhores escolheram proteger. Vamos juntos, com ci\u00eancia, na mente e no cora\u00e7\u00e3o, cuidar do que \u00e9 de todos.\u201d\u202f<\/span><span data-ccp-props=\"{&quot;201341983&quot;:0,&quot;335551550&quot;:6,&quot;335551620&quot;:6,&quot;335559740&quot;:360}\">\u00a0<\/span><\/p>\n<figure id=\"attachment_24342\" aria-describedby=\"caption-attachment-24342\" style=\"width: 300px\" class=\"wp-caption alignright\"><img loading=\"lazy\" decoding=\"async\" class=\"wp-image-24342 size-medium\" src=\"https:\/\/www.mpc.pr.gov.br\/wp-content\/uploads\/2025\/09\/NZ8_9117-300x200.jpg\" alt=\"\" width=\"300\" height=\"200\" srcset=\"https:\/\/www.mpc.pr.gov.br\/wp-content\/uploads\/2025\/09\/NZ8_9117-300x200.jpg 300w, https:\/\/www.mpc.pr.gov.br\/wp-content\/uploads\/2025\/09\/NZ8_9117.jpg 507w\" sizes=\"(max-width: 300px) 100vw, 300px\" \/><figcaption id=\"caption-attachment-24342\" class=\"wp-caption-text\">Licurgo Mour\u00e3o entrega certificados para Jeanine Benkenstein e Gabriel Guy L\u00e9ger. Foto: Alexandre Rezende.<\/figcaption><\/figure>\n<p><span data-contrast=\"auto\">Ao final, o Conselheiro Substituto (Auditor) do Tribunal de Contas de Minas Gerais (TCE-MG), Licurgo Mour\u00e3o, realizou a entrega dos certificados \u00e0 palestrante e ao mediador, Gabriel Guy L\u00e9ger, em reconhecimento \u00e0 contribui\u00e7\u00e3o para o debate.<\/span><span data-ccp-props=\"{&quot;201341983&quot;:0,&quot;335551550&quot;:6,&quot;335551620&quot;:6,&quot;335559740&quot;:360}\">\u00a0<\/span><\/p>\n<p><b><i><span data-contrast=\"auto\">Fonte: <a href=\"https:\/\/ampcon.org.br\/comunicacao\/noticias\/1939-xvi-cnmpc-palavra-publica-neurociencia-e-inteligencia-artificial-no-controle-externo\">Com informa\u00e7\u00f5es da assessoria de comunica\u00e7\u00e3o da Associa\u00e7\u00e3o Nacional do Minist\u00e9rio P\u00fablico de Contas (Ampcon)<\/a>.<\/span><\/i><\/b><span data-ccp-props=\"{&quot;201341983&quot;:0,&quot;335551550&quot;:6,&quot;335551620&quot;:6,&quot;335559740&quot;:360}\">\u00a0<\/span><\/p>\n","protected":false},"excerpt":{"rendered":"<p>O Procurador-Geral do Minist\u00e9rio P\u00fablico de Contas do Paran\u00e1 (MPC-PR), Gabriel Guy L\u00e9ger, participou na manh\u00e3 do dia 5 de setembro da media\u00e7\u00e3o da palestra \u201cO poder da palavra p\u00fablica, sua interface com a neuroci\u00eancia e as novas possibilidades trazidas pela intelig\u00eancia artificial\u201d, ministrada pela neurocientista Jeanine Benkenstein durante o XVI Congresso Nacional do Minist\u00e9rio [&hellip;]<\/p>\n","protected":false},"author":1,"featured_media":24338,"comment_status":"open","ping_status":"open","sticky":false,"template":"","format":"standard","meta":{"_monsterinsights_skip_tracking":false,"_monsterinsights_sitenote_active":false,"_monsterinsights_sitenote_note":"","_monsterinsights_sitenote_category":0,"footnotes":""},"categories":[7],"tags":[63,819,128,13,821],"class_list":["post-24337","post","type-post","status-publish","format-standard","has-post-thumbnail","hentry","category-todas-as-noticias","tag-ampcon","tag-congresso-nacional-do-ministerio-publico-de-contas","tag-controle-externo","tag-mpc-pr","tag-neurociencia","entry","has-media"],"yoast_head":"<!-- This site is optimized with the Yoast SEO plugin v27.3 - https:\/\/yoast.com\/product\/yoast-seo-wordpress\/ -->\n<title>MPC-PR debate neuroci\u00eancia e intelig\u00eancia artificial no controle externo durante o XVI Congresso Nacional do Minist\u00e9rio P\u00fablico de Contas - Minist\u00e9rio P\u00fablico de Contas do Estado do Paran\u00e1<\/title>\n<meta name=\"robots\" content=\"index, follow, max-snippet:-1, max-image-preview:large, max-video-preview:-1\" \/>\n<link rel=\"canonical\" href=\"https:\/\/www.mpc.pr.gov.br\/index.php\/mpc-pr-debate-neurociencia-e-inteligencia-artificial-no-controle-externo-durante-o-xvi-congresso-nacional-do-ministerio-publico-de-contas\/\" \/>\n<meta property=\"og:locale\" content=\"pt_BR\" \/>\n<meta property=\"og:type\" content=\"article\" \/>\n<meta property=\"og:title\" content=\"MPC-PR debate neuroci\u00eancia e intelig\u00eancia artificial no controle externo durante o XVI Congresso Nacional do Minist\u00e9rio P\u00fablico de Contas - Minist\u00e9rio P\u00fablico de Contas do Estado do Paran\u00e1\" \/>\n<meta property=\"og:description\" content=\"O Procurador-Geral do Minist\u00e9rio P\u00fablico de Contas do Paran\u00e1 (MPC-PR), Gabriel Guy L\u00e9ger, participou na manh\u00e3 do dia 5 de setembro da media\u00e7\u00e3o da palestra \u201cO poder da palavra p\u00fablica, sua interface com a neuroci\u00eancia e as novas possibilidades trazidas pela intelig\u00eancia artificial\u201d, ministrada pela neurocientista Jeanine Benkenstein durante o XVI Congresso Nacional do Minist\u00e9rio [&hellip;]\" \/>\n<meta property=\"og:url\" content=\"https:\/\/www.mpc.pr.gov.br\/index.php\/mpc-pr-debate-neurociencia-e-inteligencia-artificial-no-controle-externo-durante-o-xvi-congresso-nacional-do-ministerio-publico-de-contas\/\" \/>\n<meta property=\"og:site_name\" content=\"Minist\u00e9rio P\u00fablico de Contas do Estado do Paran\u00e1\" \/>\n<meta property=\"article:publisher\" content=\"https:\/\/www.facebook.com\/mpc.pr\" \/>\n<meta property=\"article:published_time\" content=\"2025-09-09T14:08:35+00:00\" \/>\n<meta property=\"article:modified_time\" content=\"2025-09-17T17:06:35+00:00\" \/>\n<meta property=\"og:image\" content=\"https:\/\/www.mpc.pr.gov.br\/wp-content\/uploads\/2025\/09\/WhatsApp-Image-2025-09-05-at-14.27.19.jpeg\" \/>\n\t<meta property=\"og:image:width\" content=\"1280\" \/>\n\t<meta property=\"og:image:height\" content=\"960\" \/>\n\t<meta property=\"og:image:type\" content=\"image\/jpeg\" \/>\n<meta name=\"author\" content=\"mpcontaspr\" \/>\n<meta name=\"twitter:card\" content=\"summary_large_image\" \/>\n<meta name=\"twitter:label1\" content=\"Escrito por\" \/>\n\t<meta name=\"twitter:data1\" content=\"mpcontaspr\" \/>\n\t<meta name=\"twitter:label2\" content=\"Est. tempo de leitura\" \/>\n\t<meta name=\"twitter:data2\" content=\"6 minutos\" \/>\n<script type=\"application\/ld+json\" class=\"yoast-schema-graph\">{\"@context\":\"https:\\\/\\\/schema.org\",\"@graph\":[{\"@type\":\"Article\",\"@id\":\"https:\\\/\\\/www.mpc.pr.gov.br\\\/index.php\\\/mpc-pr-debate-neurociencia-e-inteligencia-artificial-no-controle-externo-durante-o-xvi-congresso-nacional-do-ministerio-publico-de-contas\\\/#article\",\"isPartOf\":{\"@id\":\"https:\\\/\\\/www.mpc.pr.gov.br\\\/index.php\\\/mpc-pr-debate-neurociencia-e-inteligencia-artificial-no-controle-externo-durante-o-xvi-congresso-nacional-do-ministerio-publico-de-contas\\\/\"},\"author\":{\"name\":\"mpcontaspr\",\"@id\":\"https:\\\/\\\/www.mpc.pr.gov.br\\\/#\\\/schema\\\/person\\\/2d83cb8980538d0ec174e8a6284f5e11\"},\"headline\":\"MPC-PR debate neuroci\u00eancia e intelig\u00eancia artificial no controle externo durante o XVI Congresso Nacional do Minist\u00e9rio P\u00fablico de Contas\",\"datePublished\":\"2025-09-09T14:08:35+00:00\",\"dateModified\":\"2025-09-17T17:06:35+00:00\",\"mainEntityOfPage\":{\"@id\":\"https:\\\/\\\/www.mpc.pr.gov.br\\\/index.php\\\/mpc-pr-debate-neurociencia-e-inteligencia-artificial-no-controle-externo-durante-o-xvi-congresso-nacional-do-ministerio-publico-de-contas\\\/\"},\"wordCount\":789,\"commentCount\":0,\"publisher\":{\"@id\":\"https:\\\/\\\/www.mpc.pr.gov.br\\\/#organization\"},\"image\":{\"@id\":\"https:\\\/\\\/www.mpc.pr.gov.br\\\/index.php\\\/mpc-pr-debate-neurociencia-e-inteligencia-artificial-no-controle-externo-durante-o-xvi-congresso-nacional-do-ministerio-publico-de-contas\\\/#primaryimage\"},\"thumbnailUrl\":\"https:\\\/\\\/www.mpc.pr.gov.br\\\/wp-content\\\/uploads\\\/2025\\\/09\\\/WhatsApp-Image-2025-09-05-at-14.27.19.jpeg\",\"keywords\":[\"AMPCON\",\"Congresso Nacional do Minist\u00e9rio P\u00fablico de Contas\",\"Controle Externo\",\"MPC-PR\",\"Neuroci\u00eancia\"],\"articleSection\":[\"Todas as not\u00edcias\"],\"inLanguage\":\"pt-BR\",\"potentialAction\":[{\"@type\":\"CommentAction\",\"name\":\"Comment\",\"target\":[\"https:\\\/\\\/www.mpc.pr.gov.br\\\/index.php\\\/mpc-pr-debate-neurociencia-e-inteligencia-artificial-no-controle-externo-durante-o-xvi-congresso-nacional-do-ministerio-publico-de-contas\\\/#respond\"]}]},{\"@type\":\"WebPage\",\"@id\":\"https:\\\/\\\/www.mpc.pr.gov.br\\\/index.php\\\/mpc-pr-debate-neurociencia-e-inteligencia-artificial-no-controle-externo-durante-o-xvi-congresso-nacional-do-ministerio-publico-de-contas\\\/\",\"url\":\"https:\\\/\\\/www.mpc.pr.gov.br\\\/index.php\\\/mpc-pr-debate-neurociencia-e-inteligencia-artificial-no-controle-externo-durante-o-xvi-congresso-nacional-do-ministerio-publico-de-contas\\\/\",\"name\":\"MPC-PR debate neuroci\u00eancia e intelig\u00eancia artificial no controle externo durante o XVI Congresso Nacional do Minist\u00e9rio P\u00fablico de Contas - Minist\u00e9rio P\u00fablico de Contas do Estado do Paran\u00e1\",\"isPartOf\":{\"@id\":\"https:\\\/\\\/www.mpc.pr.gov.br\\\/#website\"},\"primaryImageOfPage\":{\"@id\":\"https:\\\/\\\/www.mpc.pr.gov.br\\\/index.php\\\/mpc-pr-debate-neurociencia-e-inteligencia-artificial-no-controle-externo-durante-o-xvi-congresso-nacional-do-ministerio-publico-de-contas\\\/#primaryimage\"},\"image\":{\"@id\":\"https:\\\/\\\/www.mpc.pr.gov.br\\\/index.php\\\/mpc-pr-debate-neurociencia-e-inteligencia-artificial-no-controle-externo-durante-o-xvi-congresso-nacional-do-ministerio-publico-de-contas\\\/#primaryimage\"},\"thumbnailUrl\":\"https:\\\/\\\/www.mpc.pr.gov.br\\\/wp-content\\\/uploads\\\/2025\\\/09\\\/WhatsApp-Image-2025-09-05-at-14.27.19.jpeg\",\"datePublished\":\"2025-09-09T14:08:35+00:00\",\"dateModified\":\"2025-09-17T17:06:35+00:00\",\"breadcrumb\":{\"@id\":\"https:\\\/\\\/www.mpc.pr.gov.br\\\/index.php\\\/mpc-pr-debate-neurociencia-e-inteligencia-artificial-no-controle-externo-durante-o-xvi-congresso-nacional-do-ministerio-publico-de-contas\\\/#breadcrumb\"},\"inLanguage\":\"pt-BR\",\"potentialAction\":[{\"@type\":\"ReadAction\",\"target\":[\"https:\\\/\\\/www.mpc.pr.gov.br\\\/index.php\\\/mpc-pr-debate-neurociencia-e-inteligencia-artificial-no-controle-externo-durante-o-xvi-congresso-nacional-do-ministerio-publico-de-contas\\\/\"]}]},{\"@type\":\"ImageObject\",\"inLanguage\":\"pt-BR\",\"@id\":\"https:\\\/\\\/www.mpc.pr.gov.br\\\/index.php\\\/mpc-pr-debate-neurociencia-e-inteligencia-artificial-no-controle-externo-durante-o-xvi-congresso-nacional-do-ministerio-publico-de-contas\\\/#primaryimage\",\"url\":\"https:\\\/\\\/www.mpc.pr.gov.br\\\/wp-content\\\/uploads\\\/2025\\\/09\\\/WhatsApp-Image-2025-09-05-at-14.27.19.jpeg\",\"contentUrl\":\"https:\\\/\\\/www.mpc.pr.gov.br\\\/wp-content\\\/uploads\\\/2025\\\/09\\\/WhatsApp-Image-2025-09-05-at-14.27.19.jpeg\",\"width\":1280,\"height\":960,\"caption\":\"Procurador-Geral do MPC-PR, Gabriel Guy L\u00e9ger e a neurocientista Jeanine Benkenstein. Foto: Acervo pessoal.\"},{\"@type\":\"BreadcrumbList\",\"@id\":\"https:\\\/\\\/www.mpc.pr.gov.br\\\/index.php\\\/mpc-pr-debate-neurociencia-e-inteligencia-artificial-no-controle-externo-durante-o-xvi-congresso-nacional-do-ministerio-publico-de-contas\\\/#breadcrumb\",\"itemListElement\":[{\"@type\":\"ListItem\",\"position\":1,\"name\":\"In\u00edcio\",\"item\":\"https:\\\/\\\/www.mpc.pr.gov.br\\\/\"},{\"@type\":\"ListItem\",\"position\":2,\"name\":\"MPC-PR debate neuroci\u00eancia e intelig\u00eancia artificial no controle externo durante o XVI Congresso Nacional do Minist\u00e9rio P\u00fablico de Contas\"}]},{\"@type\":\"WebSite\",\"@id\":\"https:\\\/\\\/www.mpc.pr.gov.br\\\/#website\",\"url\":\"https:\\\/\\\/www.mpc.pr.gov.br\\\/\",\"name\":\"Minist\u00e9rio P\u00fablico de Contas do Estado do Paran\u00e1\",\"description\":\"\",\"publisher\":{\"@id\":\"https:\\\/\\\/www.mpc.pr.gov.br\\\/#organization\"},\"potentialAction\":[{\"@type\":\"SearchAction\",\"target\":{\"@type\":\"EntryPoint\",\"urlTemplate\":\"https:\\\/\\\/www.mpc.pr.gov.br\\\/?s={search_term_string}\"},\"query-input\":{\"@type\":\"PropertyValueSpecification\",\"valueRequired\":true,\"valueName\":\"search_term_string\"}}],\"inLanguage\":\"pt-BR\"},{\"@type\":\"Organization\",\"@id\":\"https:\\\/\\\/www.mpc.pr.gov.br\\\/#organization\",\"name\":\"Minist\u00e9rio P\u00fablico de Contas do Estado do Paran\u00e1\",\"url\":\"https:\\\/\\\/www.mpc.pr.gov.br\\\/\",\"logo\":{\"@type\":\"ImageObject\",\"inLanguage\":\"pt-BR\",\"@id\":\"https:\\\/\\\/www.mpc.pr.gov.br\\\/#\\\/schema\\\/logo\\\/image\\\/\",\"url\":\"https:\\\/\\\/www.mpc.pr.gov.br\\\/wp-content\\\/uploads\\\/2020\\\/06\\\/99423647_1593460364143890_6706793420720963584_n-1-e1591387983167.png\",\"contentUrl\":\"https:\\\/\\\/www.mpc.pr.gov.br\\\/wp-content\\\/uploads\\\/2020\\\/06\\\/99423647_1593460364143890_6706793420720963584_n-1-e1591387983167.png\",\"width\":243,\"height\":73,\"caption\":\"Minist\u00e9rio P\u00fablico de Contas do Estado do Paran\u00e1\"},\"image\":{\"@id\":\"https:\\\/\\\/www.mpc.pr.gov.br\\\/#\\\/schema\\\/logo\\\/image\\\/\"},\"sameAs\":[\"https:\\\/\\\/www.facebook.com\\\/mpc.pr\",\"https:\\\/\\\/www.instagram.com\\\/mpc.pr\\\/?hl=pt-br\",\"https:\\\/\\\/www.youtube.com\\\/channel\\\/UCHri5oEM8DV0ztX57E0sBSw\"]},{\"@type\":\"Person\",\"@id\":\"https:\\\/\\\/www.mpc.pr.gov.br\\\/#\\\/schema\\\/person\\\/2d83cb8980538d0ec174e8a6284f5e11\",\"name\":\"mpcontaspr\",\"image\":{\"@type\":\"ImageObject\",\"inLanguage\":\"pt-BR\",\"@id\":\"https:\\\/\\\/secure.gravatar.com\\\/avatar\\\/1aef51541db7622e05fd639336c9c9f312c2a618396e2b6ca96846362fc5403f?s=96&d=mm&r=g\",\"url\":\"https:\\\/\\\/secure.gravatar.com\\\/avatar\\\/1aef51541db7622e05fd639336c9c9f312c2a618396e2b6ca96846362fc5403f?s=96&d=mm&r=g\",\"contentUrl\":\"https:\\\/\\\/secure.gravatar.com\\\/avatar\\\/1aef51541db7622e05fd639336c9c9f312c2a618396e2b6ca96846362fc5403f?s=96&d=mm&r=g\",\"caption\":\"mpcontaspr\"},\"sameAs\":[\"http:\\\/\\\/www.mpc.pr.gov.br\"]}]}<\/script>\n<!-- \/ Yoast SEO plugin. -->","yoast_head_json":{"title":"MPC-PR debate neuroci\u00eancia e intelig\u00eancia artificial no controle externo durante o XVI Congresso Nacional do Minist\u00e9rio P\u00fablico de Contas - Minist\u00e9rio P\u00fablico de Contas do Estado do Paran\u00e1","robots":{"index":"index","follow":"follow","max-snippet":"max-snippet:-1","max-image-preview":"max-image-preview:large","max-video-preview":"max-video-preview:-1"},"canonical":"https:\/\/www.mpc.pr.gov.br\/index.php\/mpc-pr-debate-neurociencia-e-inteligencia-artificial-no-controle-externo-durante-o-xvi-congresso-nacional-do-ministerio-publico-de-contas\/","og_locale":"pt_BR","og_type":"article","og_title":"MPC-PR debate neuroci\u00eancia e intelig\u00eancia artificial no controle externo durante o XVI Congresso Nacional do Minist\u00e9rio P\u00fablico de Contas - Minist\u00e9rio P\u00fablico de Contas do Estado do Paran\u00e1","og_description":"O Procurador-Geral do Minist\u00e9rio P\u00fablico de Contas do Paran\u00e1 (MPC-PR), Gabriel Guy L\u00e9ger, participou na manh\u00e3 do dia 5 de setembro da media\u00e7\u00e3o da palestra \u201cO poder da palavra p\u00fablica, sua interface com a neuroci\u00eancia e as novas possibilidades trazidas pela intelig\u00eancia artificial\u201d, ministrada pela neurocientista Jeanine Benkenstein durante o XVI Congresso Nacional do Minist\u00e9rio [&hellip;]","og_url":"https:\/\/www.mpc.pr.gov.br\/index.php\/mpc-pr-debate-neurociencia-e-inteligencia-artificial-no-controle-externo-durante-o-xvi-congresso-nacional-do-ministerio-publico-de-contas\/","og_site_name":"Minist\u00e9rio P\u00fablico de Contas do Estado do Paran\u00e1","article_publisher":"https:\/\/www.facebook.com\/mpc.pr","article_published_time":"2025-09-09T14:08:35+00:00","article_modified_time":"2025-09-17T17:06:35+00:00","og_image":[{"width":1280,"height":960,"url":"https:\/\/www.mpc.pr.gov.br\/wp-content\/uploads\/2025\/09\/WhatsApp-Image-2025-09-05-at-14.27.19.jpeg","type":"image\/jpeg"}],"author":"mpcontaspr","twitter_card":"summary_large_image","twitter_misc":{"Escrito por":"mpcontaspr","Est. tempo de leitura":"6 minutos"},"schema":{"@context":"https:\/\/schema.org","@graph":[{"@type":"Article","@id":"https:\/\/www.mpc.pr.gov.br\/index.php\/mpc-pr-debate-neurociencia-e-inteligencia-artificial-no-controle-externo-durante-o-xvi-congresso-nacional-do-ministerio-publico-de-contas\/#article","isPartOf":{"@id":"https:\/\/www.mpc.pr.gov.br\/index.php\/mpc-pr-debate-neurociencia-e-inteligencia-artificial-no-controle-externo-durante-o-xvi-congresso-nacional-do-ministerio-publico-de-contas\/"},"author":{"name":"mpcontaspr","@id":"https:\/\/www.mpc.pr.gov.br\/#\/schema\/person\/2d83cb8980538d0ec174e8a6284f5e11"},"headline":"MPC-PR debate neuroci\u00eancia e intelig\u00eancia artificial no controle externo durante o XVI Congresso Nacional do Minist\u00e9rio P\u00fablico de Contas","datePublished":"2025-09-09T14:08:35+00:00","dateModified":"2025-09-17T17:06:35+00:00","mainEntityOfPage":{"@id":"https:\/\/www.mpc.pr.gov.br\/index.php\/mpc-pr-debate-neurociencia-e-inteligencia-artificial-no-controle-externo-durante-o-xvi-congresso-nacional-do-ministerio-publico-de-contas\/"},"wordCount":789,"commentCount":0,"publisher":{"@id":"https:\/\/www.mpc.pr.gov.br\/#organization"},"image":{"@id":"https:\/\/www.mpc.pr.gov.br\/index.php\/mpc-pr-debate-neurociencia-e-inteligencia-artificial-no-controle-externo-durante-o-xvi-congresso-nacional-do-ministerio-publico-de-contas\/#primaryimage"},"thumbnailUrl":"https:\/\/www.mpc.pr.gov.br\/wp-content\/uploads\/2025\/09\/WhatsApp-Image-2025-09-05-at-14.27.19.jpeg","keywords":["AMPCON","Congresso Nacional do Minist\u00e9rio P\u00fablico de Contas","Controle Externo","MPC-PR","Neuroci\u00eancia"],"articleSection":["Todas as not\u00edcias"],"inLanguage":"pt-BR","potentialAction":[{"@type":"CommentAction","name":"Comment","target":["https:\/\/www.mpc.pr.gov.br\/index.php\/mpc-pr-debate-neurociencia-e-inteligencia-artificial-no-controle-externo-durante-o-xvi-congresso-nacional-do-ministerio-publico-de-contas\/#respond"]}]},{"@type":"WebPage","@id":"https:\/\/www.mpc.pr.gov.br\/index.php\/mpc-pr-debate-neurociencia-e-inteligencia-artificial-no-controle-externo-durante-o-xvi-congresso-nacional-do-ministerio-publico-de-contas\/","url":"https:\/\/www.mpc.pr.gov.br\/index.php\/mpc-pr-debate-neurociencia-e-inteligencia-artificial-no-controle-externo-durante-o-xvi-congresso-nacional-do-ministerio-publico-de-contas\/","name":"MPC-PR debate neuroci\u00eancia e intelig\u00eancia artificial no controle externo durante o XVI Congresso Nacional do Minist\u00e9rio P\u00fablico de Contas - Minist\u00e9rio P\u00fablico de Contas do Estado do Paran\u00e1","isPartOf":{"@id":"https:\/\/www.mpc.pr.gov.br\/#website"},"primaryImageOfPage":{"@id":"https:\/\/www.mpc.pr.gov.br\/index.php\/mpc-pr-debate-neurociencia-e-inteligencia-artificial-no-controle-externo-durante-o-xvi-congresso-nacional-do-ministerio-publico-de-contas\/#primaryimage"},"image":{"@id":"https:\/\/www.mpc.pr.gov.br\/index.php\/mpc-pr-debate-neurociencia-e-inteligencia-artificial-no-controle-externo-durante-o-xvi-congresso-nacional-do-ministerio-publico-de-contas\/#primaryimage"},"thumbnailUrl":"https:\/\/www.mpc.pr.gov.br\/wp-content\/uploads\/2025\/09\/WhatsApp-Image-2025-09-05-at-14.27.19.jpeg","datePublished":"2025-09-09T14:08:35+00:00","dateModified":"2025-09-17T17:06:35+00:00","breadcrumb":{"@id":"https:\/\/www.mpc.pr.gov.br\/index.php\/mpc-pr-debate-neurociencia-e-inteligencia-artificial-no-controle-externo-durante-o-xvi-congresso-nacional-do-ministerio-publico-de-contas\/#breadcrumb"},"inLanguage":"pt-BR","potentialAction":[{"@type":"ReadAction","target":["https:\/\/www.mpc.pr.gov.br\/index.php\/mpc-pr-debate-neurociencia-e-inteligencia-artificial-no-controle-externo-durante-o-xvi-congresso-nacional-do-ministerio-publico-de-contas\/"]}]},{"@type":"ImageObject","inLanguage":"pt-BR","@id":"https:\/\/www.mpc.pr.gov.br\/index.php\/mpc-pr-debate-neurociencia-e-inteligencia-artificial-no-controle-externo-durante-o-xvi-congresso-nacional-do-ministerio-publico-de-contas\/#primaryimage","url":"https:\/\/www.mpc.pr.gov.br\/wp-content\/uploads\/2025\/09\/WhatsApp-Image-2025-09-05-at-14.27.19.jpeg","contentUrl":"https:\/\/www.mpc.pr.gov.br\/wp-content\/uploads\/2025\/09\/WhatsApp-Image-2025-09-05-at-14.27.19.jpeg","width":1280,"height":960,"caption":"Procurador-Geral do MPC-PR, Gabriel Guy L\u00e9ger e a neurocientista Jeanine Benkenstein. Foto: Acervo pessoal."},{"@type":"BreadcrumbList","@id":"https:\/\/www.mpc.pr.gov.br\/index.php\/mpc-pr-debate-neurociencia-e-inteligencia-artificial-no-controle-externo-durante-o-xvi-congresso-nacional-do-ministerio-publico-de-contas\/#breadcrumb","itemListElement":[{"@type":"ListItem","position":1,"name":"In\u00edcio","item":"https:\/\/www.mpc.pr.gov.br\/"},{"@type":"ListItem","position":2,"name":"MPC-PR debate neuroci\u00eancia e intelig\u00eancia artificial no controle externo durante o XVI Congresso Nacional do Minist\u00e9rio P\u00fablico de Contas"}]},{"@type":"WebSite","@id":"https:\/\/www.mpc.pr.gov.br\/#website","url":"https:\/\/www.mpc.pr.gov.br\/","name":"Minist\u00e9rio P\u00fablico de Contas do Estado do Paran\u00e1","description":"","publisher":{"@id":"https:\/\/www.mpc.pr.gov.br\/#organization"},"potentialAction":[{"@type":"SearchAction","target":{"@type":"EntryPoint","urlTemplate":"https:\/\/www.mpc.pr.gov.br\/?s={search_term_string}"},"query-input":{"@type":"PropertyValueSpecification","valueRequired":true,"valueName":"search_term_string"}}],"inLanguage":"pt-BR"},{"@type":"Organization","@id":"https:\/\/www.mpc.pr.gov.br\/#organization","name":"Minist\u00e9rio P\u00fablico de Contas do Estado do Paran\u00e1","url":"https:\/\/www.mpc.pr.gov.br\/","logo":{"@type":"ImageObject","inLanguage":"pt-BR","@id":"https:\/\/www.mpc.pr.gov.br\/#\/schema\/logo\/image\/","url":"https:\/\/www.mpc.pr.gov.br\/wp-content\/uploads\/2020\/06\/99423647_1593460364143890_6706793420720963584_n-1-e1591387983167.png","contentUrl":"https:\/\/www.mpc.pr.gov.br\/wp-content\/uploads\/2020\/06\/99423647_1593460364143890_6706793420720963584_n-1-e1591387983167.png","width":243,"height":73,"caption":"Minist\u00e9rio P\u00fablico de Contas do Estado do Paran\u00e1"},"image":{"@id":"https:\/\/www.mpc.pr.gov.br\/#\/schema\/logo\/image\/"},"sameAs":["https:\/\/www.facebook.com\/mpc.pr","https:\/\/www.instagram.com\/mpc.pr\/?hl=pt-br","https:\/\/www.youtube.com\/channel\/UCHri5oEM8DV0ztX57E0sBSw"]},{"@type":"Person","@id":"https:\/\/www.mpc.pr.gov.br\/#\/schema\/person\/2d83cb8980538d0ec174e8a6284f5e11","name":"mpcontaspr","image":{"@type":"ImageObject","inLanguage":"pt-BR","@id":"https:\/\/secure.gravatar.com\/avatar\/1aef51541db7622e05fd639336c9c9f312c2a618396e2b6ca96846362fc5403f?s=96&d=mm&r=g","url":"https:\/\/secure.gravatar.com\/avatar\/1aef51541db7622e05fd639336c9c9f312c2a618396e2b6ca96846362fc5403f?s=96&d=mm&r=g","contentUrl":"https:\/\/secure.gravatar.com\/avatar\/1aef51541db7622e05fd639336c9c9f312c2a618396e2b6ca96846362fc5403f?s=96&d=mm&r=g","caption":"mpcontaspr"},"sameAs":["http:\/\/www.mpc.pr.gov.br"]}]}},"rttpg_featured_image_url":{"full":["https:\/\/www.mpc.pr.gov.br\/wp-content\/uploads\/2025\/09\/WhatsApp-Image-2025-09-05-at-14.27.19.jpeg",1280,960,false],"landscape":["https:\/\/www.mpc.pr.gov.br\/wp-content\/uploads\/2025\/09\/WhatsApp-Image-2025-09-05-at-14.27.19.jpeg",1280,960,false],"portraits":["https:\/\/www.mpc.pr.gov.br\/wp-content\/uploads\/2025\/09\/WhatsApp-Image-2025-09-05-at-14.27.19.jpeg",1280,960,false],"thumbnail":["https:\/\/www.mpc.pr.gov.br\/wp-content\/uploads\/2025\/09\/WhatsApp-Image-2025-09-05-at-14.27.19-150x150.jpeg",150,150,true],"medium":["https:\/\/www.mpc.pr.gov.br\/wp-content\/uploads\/2025\/09\/WhatsApp-Image-2025-09-05-at-14.27.19-300x225.jpeg",300,225,true],"large":["https:\/\/www.mpc.pr.gov.br\/wp-content\/uploads\/2025\/09\/WhatsApp-Image-2025-09-05-at-14.27.19-1024x768.jpeg",1024,768,true],"1536x1536":["https:\/\/www.mpc.pr.gov.br\/wp-content\/uploads\/2025\/09\/WhatsApp-Image-2025-09-05-at-14.27.19.jpeg",1280,960,false],"2048x2048":["https:\/\/www.mpc.pr.gov.br\/wp-content\/uploads\/2025\/09\/WhatsApp-Image-2025-09-05-at-14.27.19.jpeg",1280,960,false],"ocean-thumb-m":["https:\/\/www.mpc.pr.gov.br\/wp-content\/uploads\/2025\/09\/WhatsApp-Image-2025-09-05-at-14.27.19-600x600.jpeg",600,600,true],"ocean-thumb-ml":["https:\/\/www.mpc.pr.gov.br\/wp-content\/uploads\/2025\/09\/WhatsApp-Image-2025-09-05-at-14.27.19-800x450.jpeg",800,450,true],"ocean-thumb-l":["https:\/\/www.mpc.pr.gov.br\/wp-content\/uploads\/2025\/09\/WhatsApp-Image-2025-09-05-at-14.27.19-1200x700.jpeg",1200,700,true]},"rttpg_author":{"display_name":"mpcontaspr","author_link":"https:\/\/www.mpc.pr.gov.br\/index.php\/author\/mpcontaspr\/"},"rttpg_comment":0,"rttpg_category":"<a href=\"https:\/\/www.mpc.pr.gov.br\/index.php\/category\/todas-as-noticias\/\" rel=\"category tag\">Todas as not\u00edcias<\/a>","rttpg_excerpt":"O Procurador-Geral do Minist\u00e9rio P\u00fablico de Contas do Paran\u00e1 (MPC-PR), Gabriel Guy L\u00e9ger, participou na manh\u00e3 do dia 5 de setembro da media\u00e7\u00e3o da palestra \u201cO poder da palavra p\u00fablica, sua interface com a neuroci\u00eancia e as novas possibilidades trazidas pela intelig\u00eancia artificial\u201d, ministrada pela neurocientista Jeanine Benkenstein durante o XVI Congresso Nacional do Minist\u00e9rio&hellip;","_links":{"self":[{"href":"https:\/\/www.mpc.pr.gov.br\/index.php\/wp-json\/wp\/v2\/posts\/24337","targetHints":{"allow":["GET"]}}],"collection":[{"href":"https:\/\/www.mpc.pr.gov.br\/index.php\/wp-json\/wp\/v2\/posts"}],"about":[{"href":"https:\/\/www.mpc.pr.gov.br\/index.php\/wp-json\/wp\/v2\/types\/post"}],"author":[{"embeddable":true,"href":"https:\/\/www.mpc.pr.gov.br\/index.php\/wp-json\/wp\/v2\/users\/1"}],"replies":[{"embeddable":true,"href":"https:\/\/www.mpc.pr.gov.br\/index.php\/wp-json\/wp\/v2\/comments?post=24337"}],"version-history":[{"count":4,"href":"https:\/\/www.mpc.pr.gov.br\/index.php\/wp-json\/wp\/v2\/posts\/24337\/revisions"}],"predecessor-version":[{"id":24347,"href":"https:\/\/www.mpc.pr.gov.br\/index.php\/wp-json\/wp\/v2\/posts\/24337\/revisions\/24347"}],"wp:featuredmedia":[{"embeddable":true,"href":"https:\/\/www.mpc.pr.gov.br\/index.php\/wp-json\/wp\/v2\/media\/24338"}],"wp:attachment":[{"href":"https:\/\/www.mpc.pr.gov.br\/index.php\/wp-json\/wp\/v2\/media?parent=24337"}],"wp:term":[{"taxonomy":"category","embeddable":true,"href":"https:\/\/www.mpc.pr.gov.br\/index.php\/wp-json\/wp\/v2\/categories?post=24337"},{"taxonomy":"post_tag","embeddable":true,"href":"https:\/\/www.mpc.pr.gov.br\/index.php\/wp-json\/wp\/v2\/tags?post=24337"}],"curies":[{"name":"wp","href":"https:\/\/api.w.org\/{rel}","templated":true}]}}