{"id":24360,"date":"2025-09-11T10:42:22","date_gmt":"2025-09-11T13:42:22","guid":{"rendered":"https:\/\/www.mpc.pr.gov.br\/?p=24360"},"modified":"2025-09-22T16:22:23","modified_gmt":"2025-09-22T19:22:23","slug":"comissao-julgadora-do-pgp-pr-define-os-melhores-projetos-da-13a-edicao","status":"publish","type":"post","link":"https:\/\/www.mpc.pr.gov.br\/index.php\/comissao-julgadora-do-pgp-pr-define-os-melhores-projetos-da-13a-edicao\/","title":{"rendered":"Comiss\u00e3o Julgadora do PGP-PR define os melhores projetos da 13\u00aa edi\u00e7\u00e3o"},"content":{"rendered":"<blockquote><p><em>Com o apoio t\u00e9cnico do MPC-PR na avalia\u00e7\u00e3o dos projetos, em breve a lista de premiados ser\u00e1 divulgada.<\/em><\/p><\/blockquote>\n<p><img fetchpriority=\"high\" decoding=\"async\" class=\"size-medium wp-image-24361 alignleft\" src=\"https:\/\/www.mpc.pr.gov.br\/wp-content\/uploads\/2025\/09\/WhatsApp-Image-2025-09-11-at-09.32.00-300x200.jpeg\" alt=\"\" width=\"300\" height=\"200\" srcset=\"https:\/\/www.mpc.pr.gov.br\/wp-content\/uploads\/2025\/09\/WhatsApp-Image-2025-09-11-at-09.32.00-300x200.jpeg 300w, https:\/\/www.mpc.pr.gov.br\/wp-content\/uploads\/2025\/09\/WhatsApp-Image-2025-09-11-at-09.32.00-1024x682.jpeg 1024w, https:\/\/www.mpc.pr.gov.br\/wp-content\/uploads\/2025\/09\/WhatsApp-Image-2025-09-11-at-09.32.00-768x512.jpeg 768w, https:\/\/www.mpc.pr.gov.br\/wp-content\/uploads\/2025\/09\/WhatsApp-Image-2025-09-11-at-09.32.00-1536x1023.jpeg 1536w, https:\/\/www.mpc.pr.gov.br\/wp-content\/uploads\/2025\/09\/WhatsApp-Image-2025-09-11-at-09.32.00.jpeg 1600w\" sizes=\"(max-width: 300px) 100vw, 300px\" \/>Representando o Minist\u00e9rio P\u00fablico de Contas do Paran\u00e1 (MPC-PR), a Diretora-Geral Barbara Krysttal Motta Almeida Reis participou nesta quarta-feira (10), da reuni\u00e3o das entidades patrocinadoras e apoiadoras da 13\u00aa edi\u00e7\u00e3o do <a href=\"https:\/\/pgp-pr.org.br\/\">Pr\u00eamio Gestor P\u00fablico Paran\u00e1 (PGP-PR)<\/a>. O encontro teve como pauta a escolha dos projetos premiados nas categorias Assist\u00eancia Social, Desenvolvimento Econ\u00f4mico, Educa\u00e7\u00e3o, Sa\u00fade, Sustentabilidade, Tecnologia e Inova\u00e7\u00e3o, Acessibilidade e Inclus\u00e3o e Melhor do Ano.<\/p>\n<p>Para chegar nesta etapa, todas\u00a0as iniciativas apresentadas j\u00e1 haviam recebido notas a partir de 9,0 pela avalia\u00e7\u00e3o do Comit\u00ea T\u00e9cnico. Sendo assim, estavam aptas a concorrerem aos trof\u00e9us especiais e j\u00e1 tinham garantido o Trof\u00e9u PGP-PR.<\/p>\n<p><strong>Fizeram as avalia\u00e7\u00f5es:<\/strong><\/p>\n<ul>\n<li><strong>CAROLINA CHAB <\/strong>da Associa\u00e7\u00e3o das Emissoras de Radiodifus\u00e3o do Paran\u00e1 (Aerp)<\/li>\n<li><strong>DYLLIARDI ALESSI <\/strong>da Assembleia Legislativa do Estado do Paran\u00e1 (Alep)<\/li>\n<li><strong>GINA GULINELI PALADINO <\/strong>do Conselho Regional de Economia do Paran\u00e1 (Corecon PR)<\/li>\n<li><strong>MIGUEL SANTOS <\/strong>do Conselho Regional de Administra\u00e7\u00e3o do Paran\u00e1 (CRA-PR)<\/li>\n<li><strong>RENATO MA\u00c7ANEIRO e LUCIANO MARTINS DE OLIVEIRA <\/strong>da Fomento Paran\u00e1<\/li>\n<li><strong>BARBARA KRYSTTAL <\/strong>do <strong>Minist\u00e9rio P\u00fablico de Contas do Estado do Paran\u00e1 <\/strong>(MPC-PR)<\/li>\n<li><strong>JOS\u00c9 HENRIQUE KLEINA e IZABELA CAMARGO <\/strong>da Ordem dos Advogados do Brasil &#8211; Se\u00e7\u00e3o Paran\u00e1 (OAB\/PR)<\/li>\n<li><strong>ROG\u00c9RIO ALLON DUENHA d<\/strong>o Programa de P\u00f3s-Gradua\u00e7\u00e3o em Planejamento e Governan\u00e7a P\u00fablica (PGP)<\/li>\n<li><strong>EDSON LUCIANI DE OLIVEIRA <\/strong>da Receita Estadual do Paran\u00e1<\/li>\n<li><strong>MAURICIO ROBERTO ALVES <\/strong>da Companhia de Saneamento do Paran\u00e1 (Sanepar)<\/li>\n<li><strong>SAMARA BASTOS DE OLIVEIRA <\/strong>da Secretaria da Fazenda do Paran\u00e1 (Sefa-PR)<\/li>\n<li><strong>AGENOR CARVALHO DIAS <\/strong>do Sindicato dos Auditores Fiscais da Receita do Estado do Paran\u00e1 (Sindafep)<\/li>\n<li><strong>RAFAEL MORAIS GON\u00c7ALVES AYRES <\/strong>do Tribunal de Contas do Estado do Paran\u00e1 (TCE-PR)<\/li>\n<li><strong>SAMIR TEFFEHA <\/strong>da Universidade Livre do Meio Ambiente (Unilivre)<\/li>\n<li><strong>FRANCISCO ANACLETO JUNIOR e EDSON DA SILVA PRACZYK <\/strong>da Companhia de Tecnologia da Informa\u00e7\u00e3o e Comunica\u00e7\u00e3o do Paran\u00e1 (Celepar)<\/li>\n<li><strong>PAULO RICARDO MAHLER <\/strong>do Sindicato dos Servidores P\u00fablicos da Administra\u00e7\u00e3o Tribut\u00e1ria do Estado do RS (Sindifisco-RS)<\/li>\n<\/ul>\n<p>O Coordenador-Geral do PGP-PR, Osmar de Ara\u00fajo Gomes, agradeceu a parceria de quem colabora para a premia\u00e7\u00e3o ser realizada. \u201cQuero agradecer imensamente ao trabalho realizado pelo Laerzio e pela Val\u00e9ria, cuja atua\u00e7\u00e3o foi fundamental no contato com voc\u00eas, avaliadores e patrocinadores. Este trabalho do Sindafep \u00e9 desenvolvido por Auditores Fiscais da Receita do Paran\u00e1, ativos e inativos, que se dedicam de forma volunt\u00e1ria. Deixo aqui meu sincero reconhecimento e gratid\u00e3o a todos os meus colegas\u201d, finalizou.<\/p>\n<p>O Vice-Presidente de Finan\u00e7as do Sindicato dos Auditores Fiscais da Receita Estadual do Paran\u00e1 (Sindafep), que \u00e9 a entidade realizadora do PGP-PR, Agenor Carvalho Dias, contou como o projeto iniciou-se.<\/p>\n<p>\u201cA partir do nosso contato com o Fisco Nacional, n\u00f3s conhecemos a experi\u00eancia do Rio Grande do Sul, que j\u00e1 vinha h\u00e1 muitos anos com o Pr\u00eamio Gestor. Fomos ent\u00e3o conhec\u00ea-lo e, na \u00e9poca, ficamos apaixonados pelo desenvolvimento realizado l\u00e1. Trouxemos essa experi\u00eancia para o Paran\u00e1 em 2012 e, em 2013, implantamos o projeto. Fizemos isso justamente para ter essa presen\u00e7a e um foco muito bonito, que \u00e9 verificar os projetos que est\u00e3o acontecendo dentro do Estado. Na \u00e9poca, fal\u00e1vamos: fazer pol\u00edtica \u00e9 f\u00e1cil, h\u00e1 muitos motivos para criar projetos. Mas tamb\u00e9m existem muitas coisas boas que est\u00e3o sendo feitas. Mostrar essas iniciativas com crit\u00e9rios \u2014 n\u00e3o pol\u00edticos, mas t\u00e9cnicos \u2014 permite reconhecer o que est\u00e1 sendo bem realizado, para que sirva de exemplo a outras administra\u00e7\u00f5es e possa ser replicado ao longo do tempo\u201d, pontuou Agenor.<\/p>\n<p>O Coordenador-Geral do PGP-PR at\u00e9 2024 e tamb\u00e9m Procurador aposentado do MPC-PR, Laerzio Chiesorin Junior, agradeceu a oportunidade de fazer parte da iniciativa. \u201cFoi uma grande oportunidade oferecida pelo presidente do sindicato da \u00e9poca, poder captar junto aos munic\u00edpios boas iniciativas e formar uma equipe dedicada. Posso dizer com certeza \u2014 vindo tanto da esfera p\u00fablica quanto da privada \u2014 que foi um grande privil\u00e9gio coordenar esse pr\u00eamio e descobrir o quanto de coisas maravilhosas s\u00e3o realizadas nos munic\u00edpios paranaenses\u201d, afirmou.<\/p>\n<p>A reuni\u00e3o da Comiss\u00e3o Julgadora foi realizada no Conselho Regional de Administra\u00e7\u00e3o do Paran\u00e1 (CRA-PR).<\/p>\n<p><strong>Apoio do MPC-PR<\/strong><\/p>\n<p>Com apoio t\u00e9cnico do Minist\u00e9rio P\u00fablico de Contas do Paran\u00e1, nesta edi\u00e7\u00e3o o pr\u00eamio buscou, em especial, projetos que promovam a \u201cAcessibilidade e Inclus\u00e3o\u201d, incentivando a apresenta\u00e7\u00e3o de projetos que promovam igualdade de oportunidades, participa\u00e7\u00e3o social e garantia de direitos para todas as pessoas, especialmente aquelas com defici\u00eancia ou em situa\u00e7\u00e3o de vulnerabilidade.<\/p>\n<p>Para o MPC-PR o tema \u00e9 de suma import\u00e2ncia, em especial, tendo em vista a articula\u00e7\u00e3o das entidades do controle externo em torno do projeto do Tribunal de Contas da Uni\u00e3o (TCU), o qual elegeu 2025\u00a0 como o \u201cAno da Pessoa com Defici\u00eancia no Controle Externo Brasileiro\u201d, bem como as a\u00e7\u00f5es do Comit\u00ea T\u00e9cnico de Acessibilidade e Inclus\u00e3o do Instituto Rui Barbosa (IRB), que re\u00fane membros dos MPCs e TCEs com o objetivo de estimular pol\u00edticas p\u00fablicas mais inclusivas e a ado\u00e7\u00e3o de medidas concretas para assegurar a acessibilidade em suas estruturas organizacionais.<\/p>\n","protected":false},"excerpt":{"rendered":"<p>Com o apoio t\u00e9cnico do MPC-PR na avalia\u00e7\u00e3o dos projetos, em breve a lista de premiados ser\u00e1 divulgada. Representando o Minist\u00e9rio P\u00fablico de Contas do Paran\u00e1 (MPC-PR), a Diretora-Geral Barbara Krysttal Motta Almeida Reis participou nesta quarta-feira (10), da reuni\u00e3o das entidades patrocinadoras e apoiadoras da 13\u00aa edi\u00e7\u00e3o do Pr\u00eamio Gestor P\u00fablico Paran\u00e1 (PGP-PR). O [&hellip;]<\/p>\n","protected":false},"author":1,"featured_media":24361,"comment_status":"open","ping_status":"open","sticky":false,"template":"","format":"standard","meta":{"_monsterinsights_skip_tracking":false,"_monsterinsights_sitenote_active":false,"_monsterinsights_sitenote_note":"","_monsterinsights_sitenote_category":0,"footnotes":""},"categories":[7],"tags":[115,114,13,633],"class_list":["post-24360","post","type-post","status-publish","format-standard","has-post-thumbnail","hentry","category-todas-as-noticias","tag-acessibilidade","tag-inclusao","tag-mpc-pr","tag-premio-gestor-publico","entry","has-media"],"yoast_head":"<!-- This site is optimized with the Yoast SEO plugin v27.3 - https:\/\/yoast.com\/product\/yoast-seo-wordpress\/ -->\n<title>Comiss\u00e3o Julgadora do PGP-PR define os melhores projetos da 13\u00aa edi\u00e7\u00e3o - Minist\u00e9rio P\u00fablico de Contas do Estado do Paran\u00e1<\/title>\n<meta name=\"robots\" content=\"index, follow, max-snippet:-1, max-image-preview:large, max-video-preview:-1\" \/>\n<link rel=\"canonical\" href=\"https:\/\/www.mpc.pr.gov.br\/index.php\/comissao-julgadora-do-pgp-pr-define-os-melhores-projetos-da-13a-edicao\/\" \/>\n<meta property=\"og:locale\" content=\"pt_BR\" \/>\n<meta property=\"og:type\" content=\"article\" \/>\n<meta property=\"og:title\" content=\"Comiss\u00e3o Julgadora do PGP-PR define os melhores projetos da 13\u00aa edi\u00e7\u00e3o - Minist\u00e9rio P\u00fablico de Contas do Estado do Paran\u00e1\" \/>\n<meta property=\"og:description\" content=\"Com o apoio t\u00e9cnico do MPC-PR na avalia\u00e7\u00e3o dos projetos, em breve a lista de premiados ser\u00e1 divulgada. Representando o Minist\u00e9rio P\u00fablico de Contas do Paran\u00e1 (MPC-PR), a Diretora-Geral Barbara Krysttal Motta Almeida Reis participou nesta quarta-feira (10), da reuni\u00e3o das entidades patrocinadoras e apoiadoras da 13\u00aa edi\u00e7\u00e3o do Pr\u00eamio Gestor P\u00fablico Paran\u00e1 (PGP-PR). O [&hellip;]\" \/>\n<meta property=\"og:url\" content=\"https:\/\/www.mpc.pr.gov.br\/index.php\/comissao-julgadora-do-pgp-pr-define-os-melhores-projetos-da-13a-edicao\/\" \/>\n<meta property=\"og:site_name\" content=\"Minist\u00e9rio P\u00fablico de Contas do Estado do Paran\u00e1\" \/>\n<meta property=\"article:publisher\" content=\"https:\/\/www.facebook.com\/mpc.pr\" \/>\n<meta property=\"article:published_time\" content=\"2025-09-11T13:42:22+00:00\" \/>\n<meta property=\"article:modified_time\" content=\"2025-09-22T19:22:23+00:00\" \/>\n<meta property=\"og:image\" content=\"https:\/\/www.mpc.pr.gov.br\/wp-content\/uploads\/2025\/09\/WhatsApp-Image-2025-09-11-at-09.32.00.jpeg\" \/>\n\t<meta property=\"og:image:width\" content=\"1600\" \/>\n\t<meta property=\"og:image:height\" content=\"1066\" \/>\n\t<meta property=\"og:image:type\" content=\"image\/jpeg\" \/>\n<meta name=\"author\" content=\"mpcontaspr\" \/>\n<meta name=\"twitter:card\" content=\"summary_large_image\" \/>\n<meta name=\"twitter:label1\" content=\"Escrito por\" \/>\n\t<meta name=\"twitter:data1\" content=\"mpcontaspr\" \/>\n\t<meta name=\"twitter:label2\" content=\"Est. tempo de leitura\" \/>\n\t<meta name=\"twitter:data2\" content=\"5 minutos\" \/>\n<script type=\"application\/ld+json\" class=\"yoast-schema-graph\">{\"@context\":\"https:\\\/\\\/schema.org\",\"@graph\":[{\"@type\":\"Article\",\"@id\":\"https:\\\/\\\/www.mpc.pr.gov.br\\\/index.php\\\/comissao-julgadora-do-pgp-pr-define-os-melhores-projetos-da-13a-edicao\\\/#article\",\"isPartOf\":{\"@id\":\"https:\\\/\\\/www.mpc.pr.gov.br\\\/index.php\\\/comissao-julgadora-do-pgp-pr-define-os-melhores-projetos-da-13a-edicao\\\/\"},\"author\":{\"name\":\"mpcontaspr\",\"@id\":\"https:\\\/\\\/www.mpc.pr.gov.br\\\/#\\\/schema\\\/person\\\/2d83cb8980538d0ec174e8a6284f5e11\"},\"headline\":\"Comiss\u00e3o Julgadora do PGP-PR define os melhores projetos da 13\u00aa edi\u00e7\u00e3o\",\"datePublished\":\"2025-09-11T13:42:22+00:00\",\"dateModified\":\"2025-09-22T19:22:23+00:00\",\"mainEntityOfPage\":{\"@id\":\"https:\\\/\\\/www.mpc.pr.gov.br\\\/index.php\\\/comissao-julgadora-do-pgp-pr-define-os-melhores-projetos-da-13a-edicao\\\/\"},\"wordCount\":898,\"commentCount\":0,\"publisher\":{\"@id\":\"https:\\\/\\\/www.mpc.pr.gov.br\\\/#organization\"},\"image\":{\"@id\":\"https:\\\/\\\/www.mpc.pr.gov.br\\\/index.php\\\/comissao-julgadora-do-pgp-pr-define-os-melhores-projetos-da-13a-edicao\\\/#primaryimage\"},\"thumbnailUrl\":\"https:\\\/\\\/www.mpc.pr.gov.br\\\/wp-content\\\/uploads\\\/2025\\\/09\\\/WhatsApp-Image-2025-09-11-at-09.32.00.jpeg\",\"keywords\":[\"Acessibilidade\",\"Inclus\u00e3o\",\"MPC-PR\",\"Pr\u00eamio Gestor P\u00fablico\"],\"articleSection\":[\"Todas as not\u00edcias\"],\"inLanguage\":\"pt-BR\",\"potentialAction\":[{\"@type\":\"CommentAction\",\"name\":\"Comment\",\"target\":[\"https:\\\/\\\/www.mpc.pr.gov.br\\\/index.php\\\/comissao-julgadora-do-pgp-pr-define-os-melhores-projetos-da-13a-edicao\\\/#respond\"]}]},{\"@type\":\"WebPage\",\"@id\":\"https:\\\/\\\/www.mpc.pr.gov.br\\\/index.php\\\/comissao-julgadora-do-pgp-pr-define-os-melhores-projetos-da-13a-edicao\\\/\",\"url\":\"https:\\\/\\\/www.mpc.pr.gov.br\\\/index.php\\\/comissao-julgadora-do-pgp-pr-define-os-melhores-projetos-da-13a-edicao\\\/\",\"name\":\"Comiss\u00e3o Julgadora do PGP-PR define os melhores projetos da 13\u00aa edi\u00e7\u00e3o - Minist\u00e9rio P\u00fablico de Contas do Estado do Paran\u00e1\",\"isPartOf\":{\"@id\":\"https:\\\/\\\/www.mpc.pr.gov.br\\\/#website\"},\"primaryImageOfPage\":{\"@id\":\"https:\\\/\\\/www.mpc.pr.gov.br\\\/index.php\\\/comissao-julgadora-do-pgp-pr-define-os-melhores-projetos-da-13a-edicao\\\/#primaryimage\"},\"image\":{\"@id\":\"https:\\\/\\\/www.mpc.pr.gov.br\\\/index.php\\\/comissao-julgadora-do-pgp-pr-define-os-melhores-projetos-da-13a-edicao\\\/#primaryimage\"},\"thumbnailUrl\":\"https:\\\/\\\/www.mpc.pr.gov.br\\\/wp-content\\\/uploads\\\/2025\\\/09\\\/WhatsApp-Image-2025-09-11-at-09.32.00.jpeg\",\"datePublished\":\"2025-09-11T13:42:22+00:00\",\"dateModified\":\"2025-09-22T19:22:23+00:00\",\"breadcrumb\":{\"@id\":\"https:\\\/\\\/www.mpc.pr.gov.br\\\/index.php\\\/comissao-julgadora-do-pgp-pr-define-os-melhores-projetos-da-13a-edicao\\\/#breadcrumb\"},\"inLanguage\":\"pt-BR\",\"potentialAction\":[{\"@type\":\"ReadAction\",\"target\":[\"https:\\\/\\\/www.mpc.pr.gov.br\\\/index.php\\\/comissao-julgadora-do-pgp-pr-define-os-melhores-projetos-da-13a-edicao\\\/\"]}]},{\"@type\":\"ImageObject\",\"inLanguage\":\"pt-BR\",\"@id\":\"https:\\\/\\\/www.mpc.pr.gov.br\\\/index.php\\\/comissao-julgadora-do-pgp-pr-define-os-melhores-projetos-da-13a-edicao\\\/#primaryimage\",\"url\":\"https:\\\/\\\/www.mpc.pr.gov.br\\\/wp-content\\\/uploads\\\/2025\\\/09\\\/WhatsApp-Image-2025-09-11-at-09.32.00.jpeg\",\"contentUrl\":\"https:\\\/\\\/www.mpc.pr.gov.br\\\/wp-content\\\/uploads\\\/2025\\\/09\\\/WhatsApp-Image-2025-09-11-at-09.32.00.jpeg\",\"width\":1600,\"height\":1066},{\"@type\":\"BreadcrumbList\",\"@id\":\"https:\\\/\\\/www.mpc.pr.gov.br\\\/index.php\\\/comissao-julgadora-do-pgp-pr-define-os-melhores-projetos-da-13a-edicao\\\/#breadcrumb\",\"itemListElement\":[{\"@type\":\"ListItem\",\"position\":1,\"name\":\"In\u00edcio\",\"item\":\"https:\\\/\\\/www.mpc.pr.gov.br\\\/\"},{\"@type\":\"ListItem\",\"position\":2,\"name\":\"Comiss\u00e3o Julgadora do PGP-PR define os melhores projetos da 13\u00aa edi\u00e7\u00e3o\"}]},{\"@type\":\"WebSite\",\"@id\":\"https:\\\/\\\/www.mpc.pr.gov.br\\\/#website\",\"url\":\"https:\\\/\\\/www.mpc.pr.gov.br\\\/\",\"name\":\"Minist\u00e9rio P\u00fablico de Contas do Estado do Paran\u00e1\",\"description\":\"\",\"publisher\":{\"@id\":\"https:\\\/\\\/www.mpc.pr.gov.br\\\/#organization\"},\"potentialAction\":[{\"@type\":\"SearchAction\",\"target\":{\"@type\":\"EntryPoint\",\"urlTemplate\":\"https:\\\/\\\/www.mpc.pr.gov.br\\\/?s={search_term_string}\"},\"query-input\":{\"@type\":\"PropertyValueSpecification\",\"valueRequired\":true,\"valueName\":\"search_term_string\"}}],\"inLanguage\":\"pt-BR\"},{\"@type\":\"Organization\",\"@id\":\"https:\\\/\\\/www.mpc.pr.gov.br\\\/#organization\",\"name\":\"Minist\u00e9rio P\u00fablico de Contas do Estado do Paran\u00e1\",\"url\":\"https:\\\/\\\/www.mpc.pr.gov.br\\\/\",\"logo\":{\"@type\":\"ImageObject\",\"inLanguage\":\"pt-BR\",\"@id\":\"https:\\\/\\\/www.mpc.pr.gov.br\\\/#\\\/schema\\\/logo\\\/image\\\/\",\"url\":\"https:\\\/\\\/www.mpc.pr.gov.br\\\/wp-content\\\/uploads\\\/2020\\\/06\\\/99423647_1593460364143890_6706793420720963584_n-1-e1591387983167.png\",\"contentUrl\":\"https:\\\/\\\/www.mpc.pr.gov.br\\\/wp-content\\\/uploads\\\/2020\\\/06\\\/99423647_1593460364143890_6706793420720963584_n-1-e1591387983167.png\",\"width\":243,\"height\":73,\"caption\":\"Minist\u00e9rio P\u00fablico de Contas do Estado do Paran\u00e1\"},\"image\":{\"@id\":\"https:\\\/\\\/www.mpc.pr.gov.br\\\/#\\\/schema\\\/logo\\\/image\\\/\"},\"sameAs\":[\"https:\\\/\\\/www.facebook.com\\\/mpc.pr\",\"https:\\\/\\\/www.instagram.com\\\/mpc.pr\\\/?hl=pt-br\",\"https:\\\/\\\/www.youtube.com\\\/channel\\\/UCHri5oEM8DV0ztX57E0sBSw\"]},{\"@type\":\"Person\",\"@id\":\"https:\\\/\\\/www.mpc.pr.gov.br\\\/#\\\/schema\\\/person\\\/2d83cb8980538d0ec174e8a6284f5e11\",\"name\":\"mpcontaspr\",\"image\":{\"@type\":\"ImageObject\",\"inLanguage\":\"pt-BR\",\"@id\":\"https:\\\/\\\/secure.gravatar.com\\\/avatar\\\/1aef51541db7622e05fd639336c9c9f312c2a618396e2b6ca96846362fc5403f?s=96&d=mm&r=g\",\"url\":\"https:\\\/\\\/secure.gravatar.com\\\/avatar\\\/1aef51541db7622e05fd639336c9c9f312c2a618396e2b6ca96846362fc5403f?s=96&d=mm&r=g\",\"contentUrl\":\"https:\\\/\\\/secure.gravatar.com\\\/avatar\\\/1aef51541db7622e05fd639336c9c9f312c2a618396e2b6ca96846362fc5403f?s=96&d=mm&r=g\",\"caption\":\"mpcontaspr\"},\"sameAs\":[\"http:\\\/\\\/www.mpc.pr.gov.br\"]}]}<\/script>\n<!-- \/ Yoast SEO plugin. -->","yoast_head_json":{"title":"Comiss\u00e3o Julgadora do PGP-PR define os melhores projetos da 13\u00aa edi\u00e7\u00e3o - Minist\u00e9rio P\u00fablico de Contas do Estado do Paran\u00e1","robots":{"index":"index","follow":"follow","max-snippet":"max-snippet:-1","max-image-preview":"max-image-preview:large","max-video-preview":"max-video-preview:-1"},"canonical":"https:\/\/www.mpc.pr.gov.br\/index.php\/comissao-julgadora-do-pgp-pr-define-os-melhores-projetos-da-13a-edicao\/","og_locale":"pt_BR","og_type":"article","og_title":"Comiss\u00e3o Julgadora do PGP-PR define os melhores projetos da 13\u00aa edi\u00e7\u00e3o - Minist\u00e9rio P\u00fablico de Contas do Estado do Paran\u00e1","og_description":"Com o apoio t\u00e9cnico do MPC-PR na avalia\u00e7\u00e3o dos projetos, em breve a lista de premiados ser\u00e1 divulgada. Representando o Minist\u00e9rio P\u00fablico de Contas do Paran\u00e1 (MPC-PR), a Diretora-Geral Barbara Krysttal Motta Almeida Reis participou nesta quarta-feira (10), da reuni\u00e3o das entidades patrocinadoras e apoiadoras da 13\u00aa edi\u00e7\u00e3o do Pr\u00eamio Gestor P\u00fablico Paran\u00e1 (PGP-PR). O [&hellip;]","og_url":"https:\/\/www.mpc.pr.gov.br\/index.php\/comissao-julgadora-do-pgp-pr-define-os-melhores-projetos-da-13a-edicao\/","og_site_name":"Minist\u00e9rio P\u00fablico de Contas do Estado do Paran\u00e1","article_publisher":"https:\/\/www.facebook.com\/mpc.pr","article_published_time":"2025-09-11T13:42:22+00:00","article_modified_time":"2025-09-22T19:22:23+00:00","og_image":[{"width":1600,"height":1066,"url":"https:\/\/www.mpc.pr.gov.br\/wp-content\/uploads\/2025\/09\/WhatsApp-Image-2025-09-11-at-09.32.00.jpeg","type":"image\/jpeg"}],"author":"mpcontaspr","twitter_card":"summary_large_image","twitter_misc":{"Escrito por":"mpcontaspr","Est. tempo de leitura":"5 minutos"},"schema":{"@context":"https:\/\/schema.org","@graph":[{"@type":"Article","@id":"https:\/\/www.mpc.pr.gov.br\/index.php\/comissao-julgadora-do-pgp-pr-define-os-melhores-projetos-da-13a-edicao\/#article","isPartOf":{"@id":"https:\/\/www.mpc.pr.gov.br\/index.php\/comissao-julgadora-do-pgp-pr-define-os-melhores-projetos-da-13a-edicao\/"},"author":{"name":"mpcontaspr","@id":"https:\/\/www.mpc.pr.gov.br\/#\/schema\/person\/2d83cb8980538d0ec174e8a6284f5e11"},"headline":"Comiss\u00e3o Julgadora do PGP-PR define os melhores projetos da 13\u00aa edi\u00e7\u00e3o","datePublished":"2025-09-11T13:42:22+00:00","dateModified":"2025-09-22T19:22:23+00:00","mainEntityOfPage":{"@id":"https:\/\/www.mpc.pr.gov.br\/index.php\/comissao-julgadora-do-pgp-pr-define-os-melhores-projetos-da-13a-edicao\/"},"wordCount":898,"commentCount":0,"publisher":{"@id":"https:\/\/www.mpc.pr.gov.br\/#organization"},"image":{"@id":"https:\/\/www.mpc.pr.gov.br\/index.php\/comissao-julgadora-do-pgp-pr-define-os-melhores-projetos-da-13a-edicao\/#primaryimage"},"thumbnailUrl":"https:\/\/www.mpc.pr.gov.br\/wp-content\/uploads\/2025\/09\/WhatsApp-Image-2025-09-11-at-09.32.00.jpeg","keywords":["Acessibilidade","Inclus\u00e3o","MPC-PR","Pr\u00eamio Gestor P\u00fablico"],"articleSection":["Todas as not\u00edcias"],"inLanguage":"pt-BR","potentialAction":[{"@type":"CommentAction","name":"Comment","target":["https:\/\/www.mpc.pr.gov.br\/index.php\/comissao-julgadora-do-pgp-pr-define-os-melhores-projetos-da-13a-edicao\/#respond"]}]},{"@type":"WebPage","@id":"https:\/\/www.mpc.pr.gov.br\/index.php\/comissao-julgadora-do-pgp-pr-define-os-melhores-projetos-da-13a-edicao\/","url":"https:\/\/www.mpc.pr.gov.br\/index.php\/comissao-julgadora-do-pgp-pr-define-os-melhores-projetos-da-13a-edicao\/","name":"Comiss\u00e3o Julgadora do PGP-PR define os melhores projetos da 13\u00aa edi\u00e7\u00e3o - Minist\u00e9rio P\u00fablico de Contas do Estado do Paran\u00e1","isPartOf":{"@id":"https:\/\/www.mpc.pr.gov.br\/#website"},"primaryImageOfPage":{"@id":"https:\/\/www.mpc.pr.gov.br\/index.php\/comissao-julgadora-do-pgp-pr-define-os-melhores-projetos-da-13a-edicao\/#primaryimage"},"image":{"@id":"https:\/\/www.mpc.pr.gov.br\/index.php\/comissao-julgadora-do-pgp-pr-define-os-melhores-projetos-da-13a-edicao\/#primaryimage"},"thumbnailUrl":"https:\/\/www.mpc.pr.gov.br\/wp-content\/uploads\/2025\/09\/WhatsApp-Image-2025-09-11-at-09.32.00.jpeg","datePublished":"2025-09-11T13:42:22+00:00","dateModified":"2025-09-22T19:22:23+00:00","breadcrumb":{"@id":"https:\/\/www.mpc.pr.gov.br\/index.php\/comissao-julgadora-do-pgp-pr-define-os-melhores-projetos-da-13a-edicao\/#breadcrumb"},"inLanguage":"pt-BR","potentialAction":[{"@type":"ReadAction","target":["https:\/\/www.mpc.pr.gov.br\/index.php\/comissao-julgadora-do-pgp-pr-define-os-melhores-projetos-da-13a-edicao\/"]}]},{"@type":"ImageObject","inLanguage":"pt-BR","@id":"https:\/\/www.mpc.pr.gov.br\/index.php\/comissao-julgadora-do-pgp-pr-define-os-melhores-projetos-da-13a-edicao\/#primaryimage","url":"https:\/\/www.mpc.pr.gov.br\/wp-content\/uploads\/2025\/09\/WhatsApp-Image-2025-09-11-at-09.32.00.jpeg","contentUrl":"https:\/\/www.mpc.pr.gov.br\/wp-content\/uploads\/2025\/09\/WhatsApp-Image-2025-09-11-at-09.32.00.jpeg","width":1600,"height":1066},{"@type":"BreadcrumbList","@id":"https:\/\/www.mpc.pr.gov.br\/index.php\/comissao-julgadora-do-pgp-pr-define-os-melhores-projetos-da-13a-edicao\/#breadcrumb","itemListElement":[{"@type":"ListItem","position":1,"name":"In\u00edcio","item":"https:\/\/www.mpc.pr.gov.br\/"},{"@type":"ListItem","position":2,"name":"Comiss\u00e3o Julgadora do PGP-PR define os melhores projetos da 13\u00aa edi\u00e7\u00e3o"}]},{"@type":"WebSite","@id":"https:\/\/www.mpc.pr.gov.br\/#website","url":"https:\/\/www.mpc.pr.gov.br\/","name":"Minist\u00e9rio P\u00fablico de Contas do Estado do Paran\u00e1","description":"","publisher":{"@id":"https:\/\/www.mpc.pr.gov.br\/#organization"},"potentialAction":[{"@type":"SearchAction","target":{"@type":"EntryPoint","urlTemplate":"https:\/\/www.mpc.pr.gov.br\/?s={search_term_string}"},"query-input":{"@type":"PropertyValueSpecification","valueRequired":true,"valueName":"search_term_string"}}],"inLanguage":"pt-BR"},{"@type":"Organization","@id":"https:\/\/www.mpc.pr.gov.br\/#organization","name":"Minist\u00e9rio P\u00fablico de Contas do Estado do Paran\u00e1","url":"https:\/\/www.mpc.pr.gov.br\/","logo":{"@type":"ImageObject","inLanguage":"pt-BR","@id":"https:\/\/www.mpc.pr.gov.br\/#\/schema\/logo\/image\/","url":"https:\/\/www.mpc.pr.gov.br\/wp-content\/uploads\/2020\/06\/99423647_1593460364143890_6706793420720963584_n-1-e1591387983167.png","contentUrl":"https:\/\/www.mpc.pr.gov.br\/wp-content\/uploads\/2020\/06\/99423647_1593460364143890_6706793420720963584_n-1-e1591387983167.png","width":243,"height":73,"caption":"Minist\u00e9rio P\u00fablico de Contas do Estado do Paran\u00e1"},"image":{"@id":"https:\/\/www.mpc.pr.gov.br\/#\/schema\/logo\/image\/"},"sameAs":["https:\/\/www.facebook.com\/mpc.pr","https:\/\/www.instagram.com\/mpc.pr\/?hl=pt-br","https:\/\/www.youtube.com\/channel\/UCHri5oEM8DV0ztX57E0sBSw"]},{"@type":"Person","@id":"https:\/\/www.mpc.pr.gov.br\/#\/schema\/person\/2d83cb8980538d0ec174e8a6284f5e11","name":"mpcontaspr","image":{"@type":"ImageObject","inLanguage":"pt-BR","@id":"https:\/\/secure.gravatar.com\/avatar\/1aef51541db7622e05fd639336c9c9f312c2a618396e2b6ca96846362fc5403f?s=96&d=mm&r=g","url":"https:\/\/secure.gravatar.com\/avatar\/1aef51541db7622e05fd639336c9c9f312c2a618396e2b6ca96846362fc5403f?s=96&d=mm&r=g","contentUrl":"https:\/\/secure.gravatar.com\/avatar\/1aef51541db7622e05fd639336c9c9f312c2a618396e2b6ca96846362fc5403f?s=96&d=mm&r=g","caption":"mpcontaspr"},"sameAs":["http:\/\/www.mpc.pr.gov.br"]}]}},"rttpg_featured_image_url":{"full":["https:\/\/www.mpc.pr.gov.br\/wp-content\/uploads\/2025\/09\/WhatsApp-Image-2025-09-11-at-09.32.00.jpeg",1600,1066,false],"landscape":["https:\/\/www.mpc.pr.gov.br\/wp-content\/uploads\/2025\/09\/WhatsApp-Image-2025-09-11-at-09.32.00.jpeg",1600,1066,false],"portraits":["https:\/\/www.mpc.pr.gov.br\/wp-content\/uploads\/2025\/09\/WhatsApp-Image-2025-09-11-at-09.32.00.jpeg",1600,1066,false],"thumbnail":["https:\/\/www.mpc.pr.gov.br\/wp-content\/uploads\/2025\/09\/WhatsApp-Image-2025-09-11-at-09.32.00-150x150.jpeg",150,150,true],"medium":["https:\/\/www.mpc.pr.gov.br\/wp-content\/uploads\/2025\/09\/WhatsApp-Image-2025-09-11-at-09.32.00-300x200.jpeg",300,200,true],"large":["https:\/\/www.mpc.pr.gov.br\/wp-content\/uploads\/2025\/09\/WhatsApp-Image-2025-09-11-at-09.32.00-1024x682.jpeg",1024,682,true],"1536x1536":["https:\/\/www.mpc.pr.gov.br\/wp-content\/uploads\/2025\/09\/WhatsApp-Image-2025-09-11-at-09.32.00-1536x1023.jpeg",1536,1023,true],"2048x2048":["https:\/\/www.mpc.pr.gov.br\/wp-content\/uploads\/2025\/09\/WhatsApp-Image-2025-09-11-at-09.32.00.jpeg",1600,1066,false],"ocean-thumb-m":["https:\/\/www.mpc.pr.gov.br\/wp-content\/uploads\/2025\/09\/WhatsApp-Image-2025-09-11-at-09.32.00-600x600.jpeg",600,600,true],"ocean-thumb-ml":["https:\/\/www.mpc.pr.gov.br\/wp-content\/uploads\/2025\/09\/WhatsApp-Image-2025-09-11-at-09.32.00-800x450.jpeg",800,450,true],"ocean-thumb-l":["https:\/\/www.mpc.pr.gov.br\/wp-content\/uploads\/2025\/09\/WhatsApp-Image-2025-09-11-at-09.32.00-1200x700.jpeg",1200,700,true]},"rttpg_author":{"display_name":"mpcontaspr","author_link":"https:\/\/www.mpc.pr.gov.br\/index.php\/author\/mpcontaspr\/"},"rttpg_comment":0,"rttpg_category":"<a href=\"https:\/\/www.mpc.pr.gov.br\/index.php\/category\/todas-as-noticias\/\" rel=\"category tag\">Todas as not\u00edcias<\/a>","rttpg_excerpt":"Com o apoio t\u00e9cnico do MPC-PR na avalia\u00e7\u00e3o dos projetos, em breve a lista de premiados ser\u00e1 divulgada. Representando o Minist\u00e9rio P\u00fablico de Contas do Paran\u00e1 (MPC-PR), a Diretora-Geral Barbara Krysttal Motta Almeida Reis participou nesta quarta-feira (10), da reuni\u00e3o das entidades patrocinadoras e apoiadoras da 13\u00aa edi\u00e7\u00e3o do Pr\u00eamio Gestor P\u00fablico Paran\u00e1 (PGP-PR). O&hellip;","_links":{"self":[{"href":"https:\/\/www.mpc.pr.gov.br\/index.php\/wp-json\/wp\/v2\/posts\/24360","targetHints":{"allow":["GET"]}}],"collection":[{"href":"https:\/\/www.mpc.pr.gov.br\/index.php\/wp-json\/wp\/v2\/posts"}],"about":[{"href":"https:\/\/www.mpc.pr.gov.br\/index.php\/wp-json\/wp\/v2\/types\/post"}],"author":[{"embeddable":true,"href":"https:\/\/www.mpc.pr.gov.br\/index.php\/wp-json\/wp\/v2\/users\/1"}],"replies":[{"embeddable":true,"href":"https:\/\/www.mpc.pr.gov.br\/index.php\/wp-json\/wp\/v2\/comments?post=24360"}],"version-history":[{"count":1,"href":"https:\/\/www.mpc.pr.gov.br\/index.php\/wp-json\/wp\/v2\/posts\/24360\/revisions"}],"predecessor-version":[{"id":24362,"href":"https:\/\/www.mpc.pr.gov.br\/index.php\/wp-json\/wp\/v2\/posts\/24360\/revisions\/24362"}],"wp:featuredmedia":[{"embeddable":true,"href":"https:\/\/www.mpc.pr.gov.br\/index.php\/wp-json\/wp\/v2\/media\/24361"}],"wp:attachment":[{"href":"https:\/\/www.mpc.pr.gov.br\/index.php\/wp-json\/wp\/v2\/media?parent=24360"}],"wp:term":[{"taxonomy":"category","embeddable":true,"href":"https:\/\/www.mpc.pr.gov.br\/index.php\/wp-json\/wp\/v2\/categories?post=24360"},{"taxonomy":"post_tag","embeddable":true,"href":"https:\/\/www.mpc.pr.gov.br\/index.php\/wp-json\/wp\/v2\/tags?post=24360"}],"curies":[{"name":"wp","href":"https:\/\/api.w.org\/{rel}","templated":true}]}}