{"id":24559,"date":"2025-10-15T15:41:46","date_gmt":"2025-10-15T18:41:46","guid":{"rendered":"https:\/\/www.mpc.pr.gov.br\/?p=24559"},"modified":"2025-10-30T15:48:45","modified_gmt":"2025-10-30T18:48:45","slug":"mpc-pr-e-pit-sjc-encerram-curso-de-capacitacao-sobre-cidades-inteligentes-sustentaveis-e-resilientes","status":"publish","type":"post","link":"https:\/\/www.mpc.pr.gov.br\/index.php\/mpc-pr-e-pit-sjc-encerram-curso-de-capacitacao-sobre-cidades-inteligentes-sustentaveis-e-resilientes\/","title":{"rendered":"MPC-PR e PIT-SJC encerram curso de capacita\u00e7\u00e3o sobre Cidades Inteligentes, Sustent\u00e1veis e Resilientes"},"content":{"rendered":"<p><span data-contrast=\"auto\"><img fetchpriority=\"high\" decoding=\"async\" class=\"size-medium wp-image-24560 alignleft\" src=\"https:\/\/www.mpc.pr.gov.br\/wp-content\/uploads\/2025\/10\/IMAGEM-SITE-curso-inovacidades-mpc-300x169.png\" alt=\"\" width=\"300\" height=\"169\" srcset=\"https:\/\/www.mpc.pr.gov.br\/wp-content\/uploads\/2025\/10\/IMAGEM-SITE-curso-inovacidades-mpc-300x169.png 300w, https:\/\/www.mpc.pr.gov.br\/wp-content\/uploads\/2025\/10\/IMAGEM-SITE-curso-inovacidades-mpc.png 560w\" sizes=\"(max-width: 300px) 100vw, 300px\" \/>O Minist\u00e9rio P\u00fablico de Contas do Estado do Paran\u00e1 (MPC-PR), em parceria com o Parque de Inova\u00e7\u00e3o Tecnol\u00f3gica de S\u00e3o Jos\u00e9 dos Campos (PIT-SJC), encerrou nesta ter\u00e7a-feira (14 de outubro) o Curso de Capacita\u00e7\u00e3o em Cidades Inteligentes, Sustent\u00e1veis e Resilientes, iniciativa que integra o Programa InovaCidades MPC.<\/span><span data-ccp-props=\"{&quot;201341983&quot;:0,&quot;335551550&quot;:6,&quot;335551620&quot;:6,&quot;335559740&quot;:360}\">\u00a0<\/span><\/p>\n<p><span data-contrast=\"auto\">O curso, totalmente online e gratuito, contou com quatro m\u00f3dulos ministrados por especialistas e reuniu gestores p\u00fablicos, t\u00e9cnicos e servidores de diversas \u00e1reas da administra\u00e7\u00e3o municipal. Com carga hor\u00e1ria total de 12 horas, a capacita\u00e7\u00e3o teve como objetivo disseminar conhecimentos pr\u00e1ticos e te\u00f3ricos sobre pol\u00edticas p\u00fablicas voltadas \u00e0 inova\u00e7\u00e3o urbana, sustentabilidade e governan\u00e7a inteligente, bem como normas t\u00e9cnicas e gest\u00e3o baseada em dados.<\/span><span data-ccp-props=\"{&quot;201341983&quot;:0,&quot;335551550&quot;:6,&quot;335551620&quot;:6,&quot;335559740&quot;:360}\">\u00a0<\/span><\/p>\n<p><b><span data-contrast=\"auto\">M\u00f3dulo 1 \u2013 Introdu\u00e7\u00e3o \u00e0s Cidades Inteligentes<\/span><\/b><span data-ccp-props=\"{&quot;201341983&quot;:0,&quot;335551550&quot;:6,&quot;335551620&quot;:6,&quot;335559740&quot;:360}\">\u00a0<\/span><\/p>\n<p><span data-contrast=\"auto\">O primeiro m\u00f3dulo, realizado em 3 de outubro, foi conduzido pelo especialista <\/span><b><span data-contrast=\"auto\">Felipe Hammel<\/span><\/b><span data-contrast=\"auto\">, Head de Smart Cities e Transforma\u00e7\u00e3o Digital do PIT-SJC. Com o tema \u201cIntrodu\u00e7\u00e3o \u00e0s Cidades Inteligentes\u201d, a aula abordou os conceitos centrais de cidades inteligentes, contextualizando sua evolu\u00e7\u00e3o hist\u00f3rica e destacando exemplos de boas pr\u00e1ticas no Brasil e no exterior.<\/span><span data-ccp-props=\"{&quot;201341983&quot;:0,&quot;335551550&quot;:6,&quot;335551620&quot;:6,&quot;335559740&quot;:360}\">\u00a0<\/span><\/p>\n<p><span data-contrast=\"auto\">O encontro marcou o in\u00edcio da jornada de aprendizado, enfatizando o papel da inova\u00e7\u00e3o e da tecnologia na melhoria da qualidade de vida nas cidades.<\/span><span data-ccp-props=\"{&quot;201341983&quot;:0,&quot;335551550&quot;:6,&quot;335551620&quot;:6,&quot;335559740&quot;:360}\">\u00a0<\/span><\/p>\n<p><b><span data-contrast=\"auto\">M\u00f3dulo 2 \u2013 Governan\u00e7a e Pol\u00edticas P\u00fablicas<\/span><\/b><span data-ccp-props=\"{&quot;201341983&quot;:0,&quot;335551550&quot;:6,&quot;335551620&quot;:6,&quot;335559740&quot;:360}\">\u00a0<\/span><\/p>\n<p><span data-contrast=\"auto\">Na sequ\u00eancia, em 7 de outubro, o segundo m\u00f3dulo tratou sobre \u201cGovernan\u00e7a e Pol\u00edticas P\u00fablicas nas Cidades Inteligentes\u201d, sob condu\u00e7\u00e3o do especialista em direito p\u00fablico, <\/span><b><span data-contrast=\"auto\">Pedro Portes<\/span><\/b><span data-contrast=\"auto\">, assessor t\u00e9cnico da Presid\u00eancia da Funda\u00e7\u00e3o Jo\u00e3o Pinheiro (MG).<\/span><span data-ccp-props=\"{&quot;201341983&quot;:0,&quot;335551550&quot;:6,&quot;335551620&quot;:6,&quot;335559740&quot;:360}\">\u00a0<\/span><\/p>\n<p><span data-contrast=\"auto\">A aula abordou a import\u00e2ncia da governan\u00e7a p\u00fablica e o papel dos instrumentos legais e <\/span><span data-contrast=\"none\">administrativos na estrutura\u00e7\u00e3o de pol\u00edticas inovadoras. Foram debatidos temas como a Carta Brasileira de Cidades Inteligentes, o Marco Legal das Startups, a Lei de Responsabilidade Fiscal (LRF) e o Planejamento Plurianual (PPA), refor\u00e7ando a necessidade de gest\u00e3o integrada e planejamento estrat\u00e9gico nos munic\u00edpios.<\/span><span data-ccp-props=\"{&quot;201341983&quot;:0,&quot;335551550&quot;:6,&quot;335551620&quot;:6,&quot;335559740&quot;:360}\">\u00a0<\/span><\/p>\n<p><span data-contrast=\"none\">Durante sua fala, Pedro refor\u00e7ou que \u00e9 importante que os agentes p\u00fablicos atuem de forma integrada, a fim de construir uma governan\u00e7a baseada em inova\u00e7\u00e3o, transpar\u00eancia e planejamento, de modo a criar condi\u00e7\u00f5es reais para que o desenvolvimento urbano seja sustent\u00e1vel e beneficie a todos.<\/span><span data-ccp-props=\"{&quot;201341983&quot;:0,&quot;335551550&quot;:6,&quot;335551620&quot;:6,&quot;335559740&quot;:360}\">\u00a0<\/span><\/p>\n<p><b><span data-contrast=\"auto\">M\u00f3dulo 3 \u2013 Normas ABNT ISO e Gest\u00e3o Baseada em Dados<\/span><\/b><span data-ccp-props=\"{&quot;201341983&quot;:0,&quot;335559740&quot;:360}\">\u00a0<\/span><\/p>\n<p><span data-contrast=\"auto\">No dia 13 de outubro, a especialista <\/span><b><span data-contrast=\"auto\">Maili Araujo<\/span><\/b><span data-contrast=\"auto\">, comunicadora e gestora de projetos com experi\u00eancia na certifica\u00e7\u00e3o de Cidades Inteligentes, conduziu o terceiro m\u00f3dulo, voltado \u00e0s \u201cNormas e Dados: Detalhamento das normas ABNT NBR ISSO 37120, 37122 e 37123 e implementa\u00e7\u00e3o da gest\u00e3o Data-Driven\u201d.\u00a0<\/span><span data-ccp-props=\"{&quot;201341983&quot;:0,&quot;335559740&quot;:360}\">\u00a0<\/span><\/p>\n<p><span data-contrast=\"auto\">Durante a aula, Maili destacou a relev\u00e2ncia da gest\u00e3o baseada em dados como ferramenta essencial para o planejamento, monitoramento e avalia\u00e7\u00e3o de pol\u00edticas p\u00fablicas, permitindo que as decis\u00f5es sejam mais assertivas e orientadas por evid\u00eancias. A especialista tamb\u00e9m ressaltou o papel estrat\u00e9gico das certifica\u00e7\u00f5es internacionais para o desenvolvimento sustent\u00e1vel dos munic\u00edpios, especialmente no que diz respeito \u00e0 atra\u00e7\u00e3o de investimentos, \u00e0 credibilidade institucional e ao alinhamento com padr\u00f5es globais de cidades inteligentes e resilientes.<\/span><span data-ccp-props=\"{&quot;201341983&quot;:0,&quot;335551550&quot;:6,&quot;335551620&quot;:6,&quot;335559740&quot;:360}\">\u00a0<\/span><\/p>\n<p><b><span data-contrast=\"auto\">M\u00f3dulo 4 \u2013 Melhores Pr\u00e1ticas e Planejamento Urbano Integrado<\/span><\/b><span data-ccp-props=\"{&quot;201341983&quot;:0,&quot;335551550&quot;:6,&quot;335551620&quot;:6,&quot;335559740&quot;:360}\">\u00a0<\/span><\/p>\n<p><span data-contrast=\"auto\">Encerrando a capacita\u00e7\u00e3o, no dia 14 de outubro, o quarto m\u00f3dulo contou com os especialistas do PIT-SJC, <\/span><b><span data-contrast=\"auto\">Thales Tito<\/span><\/b><span data-contrast=\"auto\"> e <\/span><b><span data-contrast=\"auto\">Sabrina Melchiades<\/span><\/b><span data-contrast=\"auto\">, que apresentaram o tema \u201cMelhores Pr\u00e1ticas para Planejamento Urbano Integrado, Mitiga\u00e7\u00e3o e Adapta\u00e7\u00e3o Clim\u00e1tica\u201d.<\/span><span data-ccp-props=\"{&quot;201341983&quot;:0,&quot;335551550&quot;:6,&quot;335551620&quot;:6,&quot;335559740&quot;:360}\">\u00a0<\/span><\/p>\n<p><span data-contrast=\"auto\">Os especialistas iniciaram a aula apresentando dados e evid\u00eancias sobre os efeitos das mudan\u00e7as clim\u00e1ticas, chamando aten\u00e7\u00e3o para o fen\u00f4meno da desigualdade clim\u00e1tica, que atinge com maior intensidade os pa\u00edses e regi\u00f5es que menos contribuem para as emiss\u00f5es de carbono. O debate refor\u00e7ou a necessidade de pol\u00edticas p\u00fablicas voltadas \u00e0 adapta\u00e7\u00e3o clim\u00e1tica, justi\u00e7a ambiental e redu\u00e7\u00e3o das vulnerabilidades urbanas.<\/span><span data-ccp-props=\"{&quot;201341983&quot;:0,&quot;335551550&quot;:6,&quot;335551620&quot;:6,&quot;335559740&quot;:360}\">\u00a0<\/span><\/p>\n<p><span data-contrast=\"auto\">Na sequ\u00eancia, foram apresentados cases e estudos de cidades que v\u00eam aplicando medidas inovadoras de planejamento urbano, destacando a\u00e7\u00f5es voltadas \u00e0 mobilidade sustent\u00e1vel, uso eficiente de recursos naturais e integra\u00e7\u00e3o de tecnologias inteligentes nos processos de urbaniza\u00e7\u00e3o.<\/span><span data-ccp-props=\"{&quot;201341983&quot;:0,&quot;335551550&quot;:6,&quot;335551620&quot;:6,&quot;335559740&quot;:360}\">\u00a0<\/span><\/p>\n<p><span data-contrast=\"auto\">A aula tamb\u00e9m enfatizou a import\u00e2ncia da governan\u00e7a participativa e da coopera\u00e7\u00e3o entre diferentes setores para garantir a constru\u00e7\u00e3o de cidades mais resilientes, inclusivas e sustent\u00e1veis.<\/span><span data-ccp-props=\"{&quot;201341983&quot;:0,&quot;335551550&quot;:6,&quot;335551620&quot;:6,&quot;335559740&quot;:360}\">\u00a0<\/span><\/p>\n<p><b><span data-contrast=\"auto\">Forma\u00e7\u00e3o estrat\u00e9gica para o futuro dos munic\u00edpios<\/span><\/b><span data-ccp-props=\"{&quot;201341983&quot;:0,&quot;335551550&quot;:6,&quot;335551620&quot;:6,&quot;335559740&quot;:360}\">\u00a0<\/span><\/p>\n<p><span data-contrast=\"auto\">O curso integra o conjunto de a\u00e7\u00f5es do Programa InovaCidades MPC, voltado a orientar gestores p\u00fablicos na ado\u00e7\u00e3o de pr\u00e1ticas que conciliem desenvolvimento urbano, efici\u00eancia administrativa e responsabilidade ambiental.<\/span><span data-ccp-props=\"{&quot;201341983&quot;:0,&quot;335551550&quot;:6,&quot;335551620&quot;:6,&quot;335559740&quot;:360}\">\u00a0<\/span><\/p>\n<p><span data-contrast=\"auto\">O Procurador-Geral do MPC-PR, Gabriel Guy L\u00e9ger, destacou a relev\u00e2ncia da parceria com o PIT-SJC para a promo\u00e7\u00e3o da qualifica\u00e7\u00e3o t\u00e9cnica e o fortalecimento da gest\u00e3o municipal, ressaltando que a capacita\u00e7\u00e3o cont\u00ednua de gestores e servidores \u00e9 essencial para a implementa\u00e7\u00e3o de solu\u00e7\u00f5es inovadoras e inteligentes que impactem positivamente a realidade das cidades. Ele tamb\u00e9m agradeceu o empenho dos envolvidos na organiza\u00e7\u00e3o e condu\u00e7\u00e3o das aulas, que reuniram mais de 660 inscritos e tiveram m\u00e9dia de 180 participantes ao vivo por m\u00f3dulo, evidenciando o interesse e o alcance da iniciativa.<\/span><span data-ccp-props=\"{&quot;201341983&quot;:0,&quot;335551550&quot;:6,&quot;335551620&quot;:6,&quot;335559740&quot;:360}\">\u00a0<\/span><\/p>\n<p><span data-contrast=\"auto\">Idealizadora do programa, a Diretora-Geral do MPC-PR, B\u00e1rbara Krysttal Motta Almeida Reis, refor\u00e7ou o papel da forma\u00e7\u00e3o como instrumento de transforma\u00e7\u00e3o da gest\u00e3o p\u00fablica municipal. Em sua fala, ressaltou o alinhamento do InovaCidades aos Objetivos de Desenvolvimento Sustent\u00e1vel (ODS) da Agenda 2030 da ONU, e destacou que a constru\u00e7\u00e3o de cidades mais humanas, sustent\u00e1veis e inteligentes depende da integra\u00e7\u00e3o institucional, da forma\u00e7\u00e3o t\u00e9cnica de qualidade e da coopera\u00e7\u00e3o em redes de conhecimento e inova\u00e7\u00e3o.<\/span><span data-ccp-props=\"{&quot;201341983&quot;:0,&quot;335551550&quot;:6,&quot;335551620&quot;:6,&quot;335559740&quot;:360}\">\u00a0<\/span><\/p>\n<p><span data-contrast=\"auto\">Com o apoio t\u00e9cnico do PIT-SJC, o programa amplia o acesso dos munic\u00edpios a metodologias reconhecidas internacionalmente, fortalecendo a capacidade local de planejar e implementar pol\u00edticas urbanas mais resilientes, inclusivas e preparadas para os desafios do futuro.<\/span><span data-ccp-props=\"{&quot;201341983&quot;:0,&quot;335551550&quot;:6,&quot;335551620&quot;:6,&quot;335559740&quot;:360}\">\u00a0<\/span><\/p>\n<p><b><span data-contrast=\"auto\">Acesso ao conte\u00fado<\/span><\/b><span data-ccp-props=\"{&quot;201341983&quot;:0,&quot;335551550&quot;:6,&quot;335551620&quot;:6,&quot;335559740&quot;:360}\">\u00a0<\/span><\/p>\n<p><span data-contrast=\"auto\">Pensando em alcan\u00e7ar ainda mais gestores, o conte\u00fado do curso ser\u00e1 disponibilizado futuramente em plataforma exclusiva, juntamente com as cartilhas tem\u00e1ticas do Programa InovaCidades MPC. Os participantes do curso tamb\u00e9m foram convidados a integrar a Comunidade InovaCidades, grupo permanente de troca de experi\u00eancias, materiais e informa\u00e7\u00f5es sobre novas capacita\u00e7\u00f5es e iniciativas relacionadas ao tema.<\/span><span data-ccp-props=\"{&quot;201341983&quot;:0,&quot;335551550&quot;:6,&quot;335551620&quot;:6,&quot;335559740&quot;:360}\">\u00a0<\/span><\/p>\n","protected":false},"excerpt":{"rendered":"<p>O Minist\u00e9rio P\u00fablico de Contas do Estado do Paran\u00e1 (MPC-PR), em parceria com o Parque de Inova\u00e7\u00e3o Tecnol\u00f3gica de S\u00e3o Jos\u00e9 dos Campos (PIT-SJC), encerrou nesta ter\u00e7a-feira (14 de outubro) o Curso de Capacita\u00e7\u00e3o em Cidades Inteligentes, Sustent\u00e1veis e Resilientes, iniciativa que integra o Programa InovaCidades MPC.\u00a0 O curso, totalmente online e gratuito, contou com [&hellip;]<\/p>\n","protected":false},"author":1,"featured_media":24560,"comment_status":"open","ping_status":"open","sticky":false,"template":"","format":"standard","meta":{"_monsterinsights_skip_tracking":false,"_monsterinsights_sitenote_active":false,"_monsterinsights_sitenote_note":"","_monsterinsights_sitenote_category":0,"footnotes":""},"categories":[7],"tags":[475,825,37,725,840,13,833,351],"class_list":["post-24559","post","type-post","status-publish","format-standard","has-post-thumbnail","hentry","category-todas-as-noticias","tag-capacitacao","tag-cidades-inteligentes","tag-curso","tag-inovacao","tag-inovacidades-mpc","tag-mpc-pr","tag-pit-sjc","tag-sustentabilidade","entry","has-media"],"yoast_head":"<!-- This site is optimized with the Yoast SEO plugin v27.3 - https:\/\/yoast.com\/product\/yoast-seo-wordpress\/ -->\n<title>MPC-PR e PIT-SJC encerram curso de capacita\u00e7\u00e3o sobre Cidades Inteligentes, Sustent\u00e1veis e Resilientes - Minist\u00e9rio P\u00fablico de Contas do Estado do Paran\u00e1<\/title>\n<meta name=\"robots\" content=\"index, follow, max-snippet:-1, max-image-preview:large, max-video-preview:-1\" \/>\n<link rel=\"canonical\" href=\"https:\/\/www.mpc.pr.gov.br\/index.php\/mpc-pr-e-pit-sjc-encerram-curso-de-capacitacao-sobre-cidades-inteligentes-sustentaveis-e-resilientes\/\" \/>\n<meta property=\"og:locale\" content=\"pt_BR\" \/>\n<meta property=\"og:type\" content=\"article\" \/>\n<meta property=\"og:title\" content=\"MPC-PR e PIT-SJC encerram curso de capacita\u00e7\u00e3o sobre Cidades Inteligentes, Sustent\u00e1veis e Resilientes - Minist\u00e9rio P\u00fablico de Contas do Estado do Paran\u00e1\" \/>\n<meta property=\"og:description\" content=\"O Minist\u00e9rio P\u00fablico de Contas do Estado do Paran\u00e1 (MPC-PR), em parceria com o Parque de Inova\u00e7\u00e3o Tecnol\u00f3gica de S\u00e3o Jos\u00e9 dos Campos (PIT-SJC), encerrou nesta ter\u00e7a-feira (14 de outubro) o Curso de Capacita\u00e7\u00e3o em Cidades Inteligentes, Sustent\u00e1veis e Resilientes, iniciativa que integra o Programa InovaCidades MPC.\u00a0 O curso, totalmente online e gratuito, contou com [&hellip;]\" \/>\n<meta property=\"og:url\" content=\"https:\/\/www.mpc.pr.gov.br\/index.php\/mpc-pr-e-pit-sjc-encerram-curso-de-capacitacao-sobre-cidades-inteligentes-sustentaveis-e-resilientes\/\" \/>\n<meta property=\"og:site_name\" content=\"Minist\u00e9rio P\u00fablico de Contas do Estado do Paran\u00e1\" \/>\n<meta property=\"article:publisher\" content=\"https:\/\/www.facebook.com\/mpc.pr\" \/>\n<meta property=\"article:published_time\" content=\"2025-10-15T18:41:46+00:00\" \/>\n<meta property=\"article:modified_time\" content=\"2025-10-30T18:48:45+00:00\" \/>\n<meta property=\"og:image\" content=\"https:\/\/www.mpc.pr.gov.br\/wp-content\/uploads\/2025\/10\/IMAGEM-SITE-curso-inovacidades-mpc.png\" \/>\n\t<meta property=\"og:image:width\" content=\"560\" \/>\n\t<meta property=\"og:image:height\" content=\"315\" \/>\n\t<meta property=\"og:image:type\" content=\"image\/png\" \/>\n<meta name=\"author\" content=\"mpcontaspr\" \/>\n<meta name=\"twitter:card\" content=\"summary_large_image\" \/>\n<meta name=\"twitter:label1\" content=\"Escrito por\" \/>\n\t<meta name=\"twitter:data1\" content=\"mpcontaspr\" \/>\n\t<meta name=\"twitter:label2\" content=\"Est. tempo de leitura\" \/>\n\t<meta name=\"twitter:data2\" content=\"6 minutos\" \/>\n<script type=\"application\/ld+json\" class=\"yoast-schema-graph\">{\"@context\":\"https:\\\/\\\/schema.org\",\"@graph\":[{\"@type\":\"Article\",\"@id\":\"https:\\\/\\\/www.mpc.pr.gov.br\\\/index.php\\\/mpc-pr-e-pit-sjc-encerram-curso-de-capacitacao-sobre-cidades-inteligentes-sustentaveis-e-resilientes\\\/#article\",\"isPartOf\":{\"@id\":\"https:\\\/\\\/www.mpc.pr.gov.br\\\/index.php\\\/mpc-pr-e-pit-sjc-encerram-curso-de-capacitacao-sobre-cidades-inteligentes-sustentaveis-e-resilientes\\\/\"},\"author\":{\"name\":\"mpcontaspr\",\"@id\":\"https:\\\/\\\/www.mpc.pr.gov.br\\\/#\\\/schema\\\/person\\\/2d83cb8980538d0ec174e8a6284f5e11\"},\"headline\":\"MPC-PR e PIT-SJC encerram curso de capacita\u00e7\u00e3o sobre Cidades Inteligentes, Sustent\u00e1veis e Resilientes\",\"datePublished\":\"2025-10-15T18:41:46+00:00\",\"dateModified\":\"2025-10-30T18:48:45+00:00\",\"mainEntityOfPage\":{\"@id\":\"https:\\\/\\\/www.mpc.pr.gov.br\\\/index.php\\\/mpc-pr-e-pit-sjc-encerram-curso-de-capacitacao-sobre-cidades-inteligentes-sustentaveis-e-resilientes\\\/\"},\"wordCount\":1089,\"commentCount\":0,\"publisher\":{\"@id\":\"https:\\\/\\\/www.mpc.pr.gov.br\\\/#organization\"},\"image\":{\"@id\":\"https:\\\/\\\/www.mpc.pr.gov.br\\\/index.php\\\/mpc-pr-e-pit-sjc-encerram-curso-de-capacitacao-sobre-cidades-inteligentes-sustentaveis-e-resilientes\\\/#primaryimage\"},\"thumbnailUrl\":\"https:\\\/\\\/www.mpc.pr.gov.br\\\/wp-content\\\/uploads\\\/2025\\\/10\\\/IMAGEM-SITE-curso-inovacidades-mpc.png\",\"keywords\":[\"Capacita\u00e7\u00e3o\",\"Cidades Inteligentes\",\"Curso\",\"Inova\u00e7\u00e3o\",\"InovaCidades MPC\",\"MPC-PR\",\"PIT-SJC\",\"Sustentabilidade\"],\"articleSection\":[\"Todas as not\u00edcias\"],\"inLanguage\":\"pt-BR\",\"potentialAction\":[{\"@type\":\"CommentAction\",\"name\":\"Comment\",\"target\":[\"https:\\\/\\\/www.mpc.pr.gov.br\\\/index.php\\\/mpc-pr-e-pit-sjc-encerram-curso-de-capacitacao-sobre-cidades-inteligentes-sustentaveis-e-resilientes\\\/#respond\"]}]},{\"@type\":\"WebPage\",\"@id\":\"https:\\\/\\\/www.mpc.pr.gov.br\\\/index.php\\\/mpc-pr-e-pit-sjc-encerram-curso-de-capacitacao-sobre-cidades-inteligentes-sustentaveis-e-resilientes\\\/\",\"url\":\"https:\\\/\\\/www.mpc.pr.gov.br\\\/index.php\\\/mpc-pr-e-pit-sjc-encerram-curso-de-capacitacao-sobre-cidades-inteligentes-sustentaveis-e-resilientes\\\/\",\"name\":\"MPC-PR e PIT-SJC encerram curso de capacita\u00e7\u00e3o sobre Cidades Inteligentes, Sustent\u00e1veis e Resilientes - Minist\u00e9rio P\u00fablico de Contas do Estado do Paran\u00e1\",\"isPartOf\":{\"@id\":\"https:\\\/\\\/www.mpc.pr.gov.br\\\/#website\"},\"primaryImageOfPage\":{\"@id\":\"https:\\\/\\\/www.mpc.pr.gov.br\\\/index.php\\\/mpc-pr-e-pit-sjc-encerram-curso-de-capacitacao-sobre-cidades-inteligentes-sustentaveis-e-resilientes\\\/#primaryimage\"},\"image\":{\"@id\":\"https:\\\/\\\/www.mpc.pr.gov.br\\\/index.php\\\/mpc-pr-e-pit-sjc-encerram-curso-de-capacitacao-sobre-cidades-inteligentes-sustentaveis-e-resilientes\\\/#primaryimage\"},\"thumbnailUrl\":\"https:\\\/\\\/www.mpc.pr.gov.br\\\/wp-content\\\/uploads\\\/2025\\\/10\\\/IMAGEM-SITE-curso-inovacidades-mpc.png\",\"datePublished\":\"2025-10-15T18:41:46+00:00\",\"dateModified\":\"2025-10-30T18:48:45+00:00\",\"breadcrumb\":{\"@id\":\"https:\\\/\\\/www.mpc.pr.gov.br\\\/index.php\\\/mpc-pr-e-pit-sjc-encerram-curso-de-capacitacao-sobre-cidades-inteligentes-sustentaveis-e-resilientes\\\/#breadcrumb\"},\"inLanguage\":\"pt-BR\",\"potentialAction\":[{\"@type\":\"ReadAction\",\"target\":[\"https:\\\/\\\/www.mpc.pr.gov.br\\\/index.php\\\/mpc-pr-e-pit-sjc-encerram-curso-de-capacitacao-sobre-cidades-inteligentes-sustentaveis-e-resilientes\\\/\"]}]},{\"@type\":\"ImageObject\",\"inLanguage\":\"pt-BR\",\"@id\":\"https:\\\/\\\/www.mpc.pr.gov.br\\\/index.php\\\/mpc-pr-e-pit-sjc-encerram-curso-de-capacitacao-sobre-cidades-inteligentes-sustentaveis-e-resilientes\\\/#primaryimage\",\"url\":\"https:\\\/\\\/www.mpc.pr.gov.br\\\/wp-content\\\/uploads\\\/2025\\\/10\\\/IMAGEM-SITE-curso-inovacidades-mpc.png\",\"contentUrl\":\"https:\\\/\\\/www.mpc.pr.gov.br\\\/wp-content\\\/uploads\\\/2025\\\/10\\\/IMAGEM-SITE-curso-inovacidades-mpc.png\",\"width\":560,\"height\":315},{\"@type\":\"BreadcrumbList\",\"@id\":\"https:\\\/\\\/www.mpc.pr.gov.br\\\/index.php\\\/mpc-pr-e-pit-sjc-encerram-curso-de-capacitacao-sobre-cidades-inteligentes-sustentaveis-e-resilientes\\\/#breadcrumb\",\"itemListElement\":[{\"@type\":\"ListItem\",\"position\":1,\"name\":\"In\u00edcio\",\"item\":\"https:\\\/\\\/www.mpc.pr.gov.br\\\/\"},{\"@type\":\"ListItem\",\"position\":2,\"name\":\"MPC-PR e PIT-SJC encerram curso de capacita\u00e7\u00e3o sobre Cidades Inteligentes, Sustent\u00e1veis e Resilientes\"}]},{\"@type\":\"WebSite\",\"@id\":\"https:\\\/\\\/www.mpc.pr.gov.br\\\/#website\",\"url\":\"https:\\\/\\\/www.mpc.pr.gov.br\\\/\",\"name\":\"Minist\u00e9rio P\u00fablico de Contas do Estado do Paran\u00e1\",\"description\":\"\",\"publisher\":{\"@id\":\"https:\\\/\\\/www.mpc.pr.gov.br\\\/#organization\"},\"potentialAction\":[{\"@type\":\"SearchAction\",\"target\":{\"@type\":\"EntryPoint\",\"urlTemplate\":\"https:\\\/\\\/www.mpc.pr.gov.br\\\/?s={search_term_string}\"},\"query-input\":{\"@type\":\"PropertyValueSpecification\",\"valueRequired\":true,\"valueName\":\"search_term_string\"}}],\"inLanguage\":\"pt-BR\"},{\"@type\":\"Organization\",\"@id\":\"https:\\\/\\\/www.mpc.pr.gov.br\\\/#organization\",\"name\":\"Minist\u00e9rio P\u00fablico de Contas do Estado do Paran\u00e1\",\"url\":\"https:\\\/\\\/www.mpc.pr.gov.br\\\/\",\"logo\":{\"@type\":\"ImageObject\",\"inLanguage\":\"pt-BR\",\"@id\":\"https:\\\/\\\/www.mpc.pr.gov.br\\\/#\\\/schema\\\/logo\\\/image\\\/\",\"url\":\"https:\\\/\\\/www.mpc.pr.gov.br\\\/wp-content\\\/uploads\\\/2020\\\/06\\\/99423647_1593460364143890_6706793420720963584_n-1-e1591387983167.png\",\"contentUrl\":\"https:\\\/\\\/www.mpc.pr.gov.br\\\/wp-content\\\/uploads\\\/2020\\\/06\\\/99423647_1593460364143890_6706793420720963584_n-1-e1591387983167.png\",\"width\":243,\"height\":73,\"caption\":\"Minist\u00e9rio P\u00fablico de Contas do Estado do Paran\u00e1\"},\"image\":{\"@id\":\"https:\\\/\\\/www.mpc.pr.gov.br\\\/#\\\/schema\\\/logo\\\/image\\\/\"},\"sameAs\":[\"https:\\\/\\\/www.facebook.com\\\/mpc.pr\",\"https:\\\/\\\/www.instagram.com\\\/mpc.pr\\\/?hl=pt-br\",\"https:\\\/\\\/www.youtube.com\\\/channel\\\/UCHri5oEM8DV0ztX57E0sBSw\"]},{\"@type\":\"Person\",\"@id\":\"https:\\\/\\\/www.mpc.pr.gov.br\\\/#\\\/schema\\\/person\\\/2d83cb8980538d0ec174e8a6284f5e11\",\"name\":\"mpcontaspr\",\"image\":{\"@type\":\"ImageObject\",\"inLanguage\":\"pt-BR\",\"@id\":\"https:\\\/\\\/secure.gravatar.com\\\/avatar\\\/1aef51541db7622e05fd639336c9c9f312c2a618396e2b6ca96846362fc5403f?s=96&d=mm&r=g\",\"url\":\"https:\\\/\\\/secure.gravatar.com\\\/avatar\\\/1aef51541db7622e05fd639336c9c9f312c2a618396e2b6ca96846362fc5403f?s=96&d=mm&r=g\",\"contentUrl\":\"https:\\\/\\\/secure.gravatar.com\\\/avatar\\\/1aef51541db7622e05fd639336c9c9f312c2a618396e2b6ca96846362fc5403f?s=96&d=mm&r=g\",\"caption\":\"mpcontaspr\"},\"sameAs\":[\"http:\\\/\\\/www.mpc.pr.gov.br\"]}]}<\/script>\n<!-- \/ Yoast SEO plugin. -->","yoast_head_json":{"title":"MPC-PR e PIT-SJC encerram curso de capacita\u00e7\u00e3o sobre Cidades Inteligentes, Sustent\u00e1veis e Resilientes - Minist\u00e9rio P\u00fablico de Contas do Estado do Paran\u00e1","robots":{"index":"index","follow":"follow","max-snippet":"max-snippet:-1","max-image-preview":"max-image-preview:large","max-video-preview":"max-video-preview:-1"},"canonical":"https:\/\/www.mpc.pr.gov.br\/index.php\/mpc-pr-e-pit-sjc-encerram-curso-de-capacitacao-sobre-cidades-inteligentes-sustentaveis-e-resilientes\/","og_locale":"pt_BR","og_type":"article","og_title":"MPC-PR e PIT-SJC encerram curso de capacita\u00e7\u00e3o sobre Cidades Inteligentes, Sustent\u00e1veis e Resilientes - Minist\u00e9rio P\u00fablico de Contas do Estado do Paran\u00e1","og_description":"O Minist\u00e9rio P\u00fablico de Contas do Estado do Paran\u00e1 (MPC-PR), em parceria com o Parque de Inova\u00e7\u00e3o Tecnol\u00f3gica de S\u00e3o Jos\u00e9 dos Campos (PIT-SJC), encerrou nesta ter\u00e7a-feira (14 de outubro) o Curso de Capacita\u00e7\u00e3o em Cidades Inteligentes, Sustent\u00e1veis e Resilientes, iniciativa que integra o Programa InovaCidades MPC.\u00a0 O curso, totalmente online e gratuito, contou com [&hellip;]","og_url":"https:\/\/www.mpc.pr.gov.br\/index.php\/mpc-pr-e-pit-sjc-encerram-curso-de-capacitacao-sobre-cidades-inteligentes-sustentaveis-e-resilientes\/","og_site_name":"Minist\u00e9rio P\u00fablico de Contas do Estado do Paran\u00e1","article_publisher":"https:\/\/www.facebook.com\/mpc.pr","article_published_time":"2025-10-15T18:41:46+00:00","article_modified_time":"2025-10-30T18:48:45+00:00","og_image":[{"width":560,"height":315,"url":"https:\/\/www.mpc.pr.gov.br\/wp-content\/uploads\/2025\/10\/IMAGEM-SITE-curso-inovacidades-mpc.png","type":"image\/png"}],"author":"mpcontaspr","twitter_card":"summary_large_image","twitter_misc":{"Escrito por":"mpcontaspr","Est. tempo de leitura":"6 minutos"},"schema":{"@context":"https:\/\/schema.org","@graph":[{"@type":"Article","@id":"https:\/\/www.mpc.pr.gov.br\/index.php\/mpc-pr-e-pit-sjc-encerram-curso-de-capacitacao-sobre-cidades-inteligentes-sustentaveis-e-resilientes\/#article","isPartOf":{"@id":"https:\/\/www.mpc.pr.gov.br\/index.php\/mpc-pr-e-pit-sjc-encerram-curso-de-capacitacao-sobre-cidades-inteligentes-sustentaveis-e-resilientes\/"},"author":{"name":"mpcontaspr","@id":"https:\/\/www.mpc.pr.gov.br\/#\/schema\/person\/2d83cb8980538d0ec174e8a6284f5e11"},"headline":"MPC-PR e PIT-SJC encerram curso de capacita\u00e7\u00e3o sobre Cidades Inteligentes, Sustent\u00e1veis e Resilientes","datePublished":"2025-10-15T18:41:46+00:00","dateModified":"2025-10-30T18:48:45+00:00","mainEntityOfPage":{"@id":"https:\/\/www.mpc.pr.gov.br\/index.php\/mpc-pr-e-pit-sjc-encerram-curso-de-capacitacao-sobre-cidades-inteligentes-sustentaveis-e-resilientes\/"},"wordCount":1089,"commentCount":0,"publisher":{"@id":"https:\/\/www.mpc.pr.gov.br\/#organization"},"image":{"@id":"https:\/\/www.mpc.pr.gov.br\/index.php\/mpc-pr-e-pit-sjc-encerram-curso-de-capacitacao-sobre-cidades-inteligentes-sustentaveis-e-resilientes\/#primaryimage"},"thumbnailUrl":"https:\/\/www.mpc.pr.gov.br\/wp-content\/uploads\/2025\/10\/IMAGEM-SITE-curso-inovacidades-mpc.png","keywords":["Capacita\u00e7\u00e3o","Cidades Inteligentes","Curso","Inova\u00e7\u00e3o","InovaCidades MPC","MPC-PR","PIT-SJC","Sustentabilidade"],"articleSection":["Todas as not\u00edcias"],"inLanguage":"pt-BR","potentialAction":[{"@type":"CommentAction","name":"Comment","target":["https:\/\/www.mpc.pr.gov.br\/index.php\/mpc-pr-e-pit-sjc-encerram-curso-de-capacitacao-sobre-cidades-inteligentes-sustentaveis-e-resilientes\/#respond"]}]},{"@type":"WebPage","@id":"https:\/\/www.mpc.pr.gov.br\/index.php\/mpc-pr-e-pit-sjc-encerram-curso-de-capacitacao-sobre-cidades-inteligentes-sustentaveis-e-resilientes\/","url":"https:\/\/www.mpc.pr.gov.br\/index.php\/mpc-pr-e-pit-sjc-encerram-curso-de-capacitacao-sobre-cidades-inteligentes-sustentaveis-e-resilientes\/","name":"MPC-PR e PIT-SJC encerram curso de capacita\u00e7\u00e3o sobre Cidades Inteligentes, Sustent\u00e1veis e Resilientes - Minist\u00e9rio P\u00fablico de Contas do Estado do Paran\u00e1","isPartOf":{"@id":"https:\/\/www.mpc.pr.gov.br\/#website"},"primaryImageOfPage":{"@id":"https:\/\/www.mpc.pr.gov.br\/index.php\/mpc-pr-e-pit-sjc-encerram-curso-de-capacitacao-sobre-cidades-inteligentes-sustentaveis-e-resilientes\/#primaryimage"},"image":{"@id":"https:\/\/www.mpc.pr.gov.br\/index.php\/mpc-pr-e-pit-sjc-encerram-curso-de-capacitacao-sobre-cidades-inteligentes-sustentaveis-e-resilientes\/#primaryimage"},"thumbnailUrl":"https:\/\/www.mpc.pr.gov.br\/wp-content\/uploads\/2025\/10\/IMAGEM-SITE-curso-inovacidades-mpc.png","datePublished":"2025-10-15T18:41:46+00:00","dateModified":"2025-10-30T18:48:45+00:00","breadcrumb":{"@id":"https:\/\/www.mpc.pr.gov.br\/index.php\/mpc-pr-e-pit-sjc-encerram-curso-de-capacitacao-sobre-cidades-inteligentes-sustentaveis-e-resilientes\/#breadcrumb"},"inLanguage":"pt-BR","potentialAction":[{"@type":"ReadAction","target":["https:\/\/www.mpc.pr.gov.br\/index.php\/mpc-pr-e-pit-sjc-encerram-curso-de-capacitacao-sobre-cidades-inteligentes-sustentaveis-e-resilientes\/"]}]},{"@type":"ImageObject","inLanguage":"pt-BR","@id":"https:\/\/www.mpc.pr.gov.br\/index.php\/mpc-pr-e-pit-sjc-encerram-curso-de-capacitacao-sobre-cidades-inteligentes-sustentaveis-e-resilientes\/#primaryimage","url":"https:\/\/www.mpc.pr.gov.br\/wp-content\/uploads\/2025\/10\/IMAGEM-SITE-curso-inovacidades-mpc.png","contentUrl":"https:\/\/www.mpc.pr.gov.br\/wp-content\/uploads\/2025\/10\/IMAGEM-SITE-curso-inovacidades-mpc.png","width":560,"height":315},{"@type":"BreadcrumbList","@id":"https:\/\/www.mpc.pr.gov.br\/index.php\/mpc-pr-e-pit-sjc-encerram-curso-de-capacitacao-sobre-cidades-inteligentes-sustentaveis-e-resilientes\/#breadcrumb","itemListElement":[{"@type":"ListItem","position":1,"name":"In\u00edcio","item":"https:\/\/www.mpc.pr.gov.br\/"},{"@type":"ListItem","position":2,"name":"MPC-PR e PIT-SJC encerram curso de capacita\u00e7\u00e3o sobre Cidades Inteligentes, Sustent\u00e1veis e Resilientes"}]},{"@type":"WebSite","@id":"https:\/\/www.mpc.pr.gov.br\/#website","url":"https:\/\/www.mpc.pr.gov.br\/","name":"Minist\u00e9rio P\u00fablico de Contas do Estado do Paran\u00e1","description":"","publisher":{"@id":"https:\/\/www.mpc.pr.gov.br\/#organization"},"potentialAction":[{"@type":"SearchAction","target":{"@type":"EntryPoint","urlTemplate":"https:\/\/www.mpc.pr.gov.br\/?s={search_term_string}"},"query-input":{"@type":"PropertyValueSpecification","valueRequired":true,"valueName":"search_term_string"}}],"inLanguage":"pt-BR"},{"@type":"Organization","@id":"https:\/\/www.mpc.pr.gov.br\/#organization","name":"Minist\u00e9rio P\u00fablico de Contas do Estado do Paran\u00e1","url":"https:\/\/www.mpc.pr.gov.br\/","logo":{"@type":"ImageObject","inLanguage":"pt-BR","@id":"https:\/\/www.mpc.pr.gov.br\/#\/schema\/logo\/image\/","url":"https:\/\/www.mpc.pr.gov.br\/wp-content\/uploads\/2020\/06\/99423647_1593460364143890_6706793420720963584_n-1-e1591387983167.png","contentUrl":"https:\/\/www.mpc.pr.gov.br\/wp-content\/uploads\/2020\/06\/99423647_1593460364143890_6706793420720963584_n-1-e1591387983167.png","width":243,"height":73,"caption":"Minist\u00e9rio P\u00fablico de Contas do Estado do Paran\u00e1"},"image":{"@id":"https:\/\/www.mpc.pr.gov.br\/#\/schema\/logo\/image\/"},"sameAs":["https:\/\/www.facebook.com\/mpc.pr","https:\/\/www.instagram.com\/mpc.pr\/?hl=pt-br","https:\/\/www.youtube.com\/channel\/UCHri5oEM8DV0ztX57E0sBSw"]},{"@type":"Person","@id":"https:\/\/www.mpc.pr.gov.br\/#\/schema\/person\/2d83cb8980538d0ec174e8a6284f5e11","name":"mpcontaspr","image":{"@type":"ImageObject","inLanguage":"pt-BR","@id":"https:\/\/secure.gravatar.com\/avatar\/1aef51541db7622e05fd639336c9c9f312c2a618396e2b6ca96846362fc5403f?s=96&d=mm&r=g","url":"https:\/\/secure.gravatar.com\/avatar\/1aef51541db7622e05fd639336c9c9f312c2a618396e2b6ca96846362fc5403f?s=96&d=mm&r=g","contentUrl":"https:\/\/secure.gravatar.com\/avatar\/1aef51541db7622e05fd639336c9c9f312c2a618396e2b6ca96846362fc5403f?s=96&d=mm&r=g","caption":"mpcontaspr"},"sameAs":["http:\/\/www.mpc.pr.gov.br"]}]}},"rttpg_featured_image_url":{"full":["https:\/\/www.mpc.pr.gov.br\/wp-content\/uploads\/2025\/10\/IMAGEM-SITE-curso-inovacidades-mpc.png",560,315,false],"landscape":["https:\/\/www.mpc.pr.gov.br\/wp-content\/uploads\/2025\/10\/IMAGEM-SITE-curso-inovacidades-mpc.png",560,315,false],"portraits":["https:\/\/www.mpc.pr.gov.br\/wp-content\/uploads\/2025\/10\/IMAGEM-SITE-curso-inovacidades-mpc.png",560,315,false],"thumbnail":["https:\/\/www.mpc.pr.gov.br\/wp-content\/uploads\/2025\/10\/IMAGEM-SITE-curso-inovacidades-mpc-150x150.png",150,150,true],"medium":["https:\/\/www.mpc.pr.gov.br\/wp-content\/uploads\/2025\/10\/IMAGEM-SITE-curso-inovacidades-mpc-300x169.png",300,169,true],"large":["https:\/\/www.mpc.pr.gov.br\/wp-content\/uploads\/2025\/10\/IMAGEM-SITE-curso-inovacidades-mpc.png",560,315,false],"1536x1536":["https:\/\/www.mpc.pr.gov.br\/wp-content\/uploads\/2025\/10\/IMAGEM-SITE-curso-inovacidades-mpc.png",560,315,false],"2048x2048":["https:\/\/www.mpc.pr.gov.br\/wp-content\/uploads\/2025\/10\/IMAGEM-SITE-curso-inovacidades-mpc.png",560,315,false],"ocean-thumb-m":["https:\/\/www.mpc.pr.gov.br\/wp-content\/uploads\/2025\/10\/IMAGEM-SITE-curso-inovacidades-mpc.png",560,315,false],"ocean-thumb-ml":["https:\/\/www.mpc.pr.gov.br\/wp-content\/uploads\/2025\/10\/IMAGEM-SITE-curso-inovacidades-mpc.png",560,315,false],"ocean-thumb-l":["https:\/\/www.mpc.pr.gov.br\/wp-content\/uploads\/2025\/10\/IMAGEM-SITE-curso-inovacidades-mpc.png",560,315,false]},"rttpg_author":{"display_name":"mpcontaspr","author_link":"https:\/\/www.mpc.pr.gov.br\/index.php\/author\/mpcontaspr\/"},"rttpg_comment":0,"rttpg_category":"<a href=\"https:\/\/www.mpc.pr.gov.br\/index.php\/category\/todas-as-noticias\/\" rel=\"category tag\">Todas as not\u00edcias<\/a>","rttpg_excerpt":"O Minist\u00e9rio P\u00fablico de Contas do Estado do Paran\u00e1 (MPC-PR), em parceria com o Parque de Inova\u00e7\u00e3o Tecnol\u00f3gica de S\u00e3o Jos\u00e9 dos Campos (PIT-SJC), encerrou nesta ter\u00e7a-feira (14 de outubro) o Curso de Capacita\u00e7\u00e3o em Cidades Inteligentes, Sustent\u00e1veis e Resilientes, iniciativa que integra o Programa InovaCidades MPC.\u00a0 O curso, totalmente online e gratuito, contou com&hellip;","_links":{"self":[{"href":"https:\/\/www.mpc.pr.gov.br\/index.php\/wp-json\/wp\/v2\/posts\/24559","targetHints":{"allow":["GET"]}}],"collection":[{"href":"https:\/\/www.mpc.pr.gov.br\/index.php\/wp-json\/wp\/v2\/posts"}],"about":[{"href":"https:\/\/www.mpc.pr.gov.br\/index.php\/wp-json\/wp\/v2\/types\/post"}],"author":[{"embeddable":true,"href":"https:\/\/www.mpc.pr.gov.br\/index.php\/wp-json\/wp\/v2\/users\/1"}],"replies":[{"embeddable":true,"href":"https:\/\/www.mpc.pr.gov.br\/index.php\/wp-json\/wp\/v2\/comments?post=24559"}],"version-history":[{"count":1,"href":"https:\/\/www.mpc.pr.gov.br\/index.php\/wp-json\/wp\/v2\/posts\/24559\/revisions"}],"predecessor-version":[{"id":24561,"href":"https:\/\/www.mpc.pr.gov.br\/index.php\/wp-json\/wp\/v2\/posts\/24559\/revisions\/24561"}],"wp:featuredmedia":[{"embeddable":true,"href":"https:\/\/www.mpc.pr.gov.br\/index.php\/wp-json\/wp\/v2\/media\/24560"}],"wp:attachment":[{"href":"https:\/\/www.mpc.pr.gov.br\/index.php\/wp-json\/wp\/v2\/media?parent=24559"}],"wp:term":[{"taxonomy":"category","embeddable":true,"href":"https:\/\/www.mpc.pr.gov.br\/index.php\/wp-json\/wp\/v2\/categories?post=24559"},{"taxonomy":"post_tag","embeddable":true,"href":"https:\/\/www.mpc.pr.gov.br\/index.php\/wp-json\/wp\/v2\/tags?post=24559"}],"curies":[{"name":"wp","href":"https:\/\/api.w.org\/{rel}","templated":true}]}}