{"id":24572,"date":"2025-10-22T15:33:38","date_gmt":"2025-10-22T18:33:38","guid":{"rendered":"https:\/\/www.mpc.pr.gov.br\/?p=24572"},"modified":"2025-11-03T15:54:20","modified_gmt":"2025-11-03T18:54:20","slug":"coracao-pulsante-dos-mpcs-encontro-nacional-de-secretarias-valoriza-e-promove-inovacao-nas-funcoes-de-apoio-tecnico-administrativas","status":"publish","type":"post","link":"https:\/\/www.mpc.pr.gov.br\/index.php\/coracao-pulsante-dos-mpcs-encontro-nacional-de-secretarias-valoriza-e-promove-inovacao-nas-funcoes-de-apoio-tecnico-administrativas\/","title":{"rendered":"\u201cCora\u00e7\u00e3o pulsante\u201d dos MPCs: Encontro Nacional de Secretarias valoriza e promove inova\u00e7\u00e3o nas fun\u00e7\u00f5es de apoio t\u00e9cnico-administrativas"},"content":{"rendered":"<p><span class=\"TextRun SCXW142993345 BCX0\" lang=\"PT-BR\" xml:lang=\"PT-BR\" data-contrast=\"auto\"><span class=\"NormalTextRun SCXW142993345 BCX0\"><img fetchpriority=\"high\" decoding=\"async\" class=\"size-medium wp-image-24573 alignleft\" src=\"https:\/\/www.mpc.pr.gov.br\/wp-content\/uploads\/2025\/10\/Apresentacao-Identidade-Visual-I-Encontro-Nacional-de-Secretarias-dos-MPCs-300x169.png\" alt=\"\" width=\"300\" height=\"169\" srcset=\"https:\/\/www.mpc.pr.gov.br\/wp-content\/uploads\/2025\/10\/Apresentacao-Identidade-Visual-I-Encontro-Nacional-de-Secretarias-dos-MPCs-300x169.png 300w, https:\/\/www.mpc.pr.gov.br\/wp-content\/uploads\/2025\/10\/Apresentacao-Identidade-Visual-I-Encontro-Nacional-de-Secretarias-dos-MPCs-1024x576.png 1024w, https:\/\/www.mpc.pr.gov.br\/wp-content\/uploads\/2025\/10\/Apresentacao-Identidade-Visual-I-Encontro-Nacional-de-Secretarias-dos-MPCs-768x432.png 768w, https:\/\/www.mpc.pr.gov.br\/wp-content\/uploads\/2025\/10\/Apresentacao-Identidade-Visual-I-Encontro-Nacional-de-Secretarias-dos-MPCs-1536x864.png 1536w, https:\/\/www.mpc.pr.gov.br\/wp-content\/uploads\/2025\/10\/Apresentacao-Identidade-Visual-I-Encontro-Nacional-de-Secretarias-dos-MPCs-800x450.png 800w, https:\/\/www.mpc.pr.gov.br\/wp-content\/uploads\/2025\/10\/Apresentacao-Identidade-Visual-I-Encontro-Nacional-de-Secretarias-dos-MPCs.png 1920w\" sizes=\"(max-width: 300px) 100vw, 300px\" \/><span style=\"color: #993300;\"><em>A express\u00e3o \u201cCora\u00e7\u00e3o pulsante\u201d foi utilizada pelos Procuradores do Minist\u00e9rio P\u00fablico de Contas do Estado de Pernambuco, o que conferiu especial cuidado e carinho com o evento.<\/em><\/span><\/span><\/span><span style=\"color: #993300;\"><em><span class=\"EOP SCXW142993345 BCX0\" data-ccp-props=\"{&quot;201341983&quot;:0,&quot;335551550&quot;:6,&quot;335551620&quot;:6,&quot;335559740&quot;:360}\">\u00a0<\/span><\/em><\/span><\/p>\n<p><span data-contrast=\"auto\">O I Encontro Nacional de Secretarias dos Minist\u00e9rios P\u00fablicos de Contas (MPCs) ocorreu nesta segunda-feira (20), reunindo autoridades e servidores de todos os Estados do Brasil. O encontro faz parte de uma iniciativa conjunta entre o MP de Contas do Paran\u00e1 (MPC-PR) e de Pernambuco (MPC-PE), e teve como objetivo discutir boas pr\u00e1ticas no \u00e2mbito das secretarias, a fim de contribuir para o fortalecimento e valoriza\u00e7\u00e3o das fun\u00e7\u00f5es t\u00e9cnicas e administrativas que s\u00e3o essenciais em cada \u00f3rg\u00e3o de controle.\u00a0<\/span><span data-ccp-props=\"{&quot;201341983&quot;:0,&quot;335551550&quot;:6,&quot;335551620&quot;:6,&quot;335559740&quot;:360}\">\u00a0<\/span><\/p>\n<p><span data-contrast=\"auto\">Idealizado pela Diretora-Geral do MPC-PR, Barbara Krysttal Motta Almeida Reis, o evento contou com a participa\u00e7\u00e3o de autoridades, servidores e palestrantes que puderam trazer diferentes perspectivas sobre inova\u00e7\u00e3o, pesquisa, desenvolvimento e tecnologia. O evento foi gravado e est\u00e1 dispon\u00edvel no Canal do Youtube do MPC-PR. Para assistir na \u00edntegra, <a href=\"https:\/\/www.youtube.com\/watch?v=7B3XhK-PVso\">clique aqui<\/a>.<\/span><span data-ccp-props=\"{&quot;201341983&quot;:0,&quot;335551550&quot;:6,&quot;335551620&quot;:6,&quot;335559740&quot;:360}\">\u00a0<\/span><\/p>\n<h4><b><span data-contrast=\"auto\">Mesa de abertura<\/span><\/b><span data-ccp-props=\"{&quot;201341983&quot;:0,&quot;335551550&quot;:6,&quot;335551620&quot;:6,&quot;335559740&quot;:360}\">\u00a0<\/span><\/h4>\n<p><span data-contrast=\"auto\">Na mesa de abertura, o Procurador-Geral do Minist\u00e9rio P\u00fablico de Contas do Paran\u00e1 (MPC-PR), Gabriel Guy L\u00e9ger, destacou a import\u00e2ncia do apoio das Secretarias, cujo trabalho contribui para que os Procuradores atuem com mais tranquilidade, efici\u00eancia e velocidade, sendo fundamental para o dia a dia da institui\u00e7\u00e3o.\u00a0<\/span><span data-ccp-props=\"{&quot;201341983&quot;:0,&quot;335551550&quot;:6,&quot;335551620&quot;:6,&quot;335559740&quot;:360}\">\u00a0<\/span><\/p>\n<p><span data-contrast=\"auto\">Por sua vez, o Procurador-Geral do Minist\u00e9rio P\u00fablico de Contas de Pernambuco, Ricardo Alexandre Almeida Santos, fez considera\u00e7\u00f5es sobre as oportunidades que o evento tem a proporcionar, servindo n\u00e3o somente para uma troca de experi\u00eancias, mas tamb\u00e9m para valoriza\u00e7\u00e3o do trabalho daqueles que por vezes acabam ficando no anonimato, al\u00e9m das oportunidades que podem surgir para coopera\u00e7\u00e3o institucional e networking.\u00a0<\/span><span data-ccp-props=\"{&quot;201341983&quot;:0,&quot;335551550&quot;:6,&quot;335551620&quot;:6,&quot;335559740&quot;:360}\">\u00a0<\/span><\/p>\n<p><span data-contrast=\"auto\">Representando o Paran\u00e1, a servidora Sirlei Volpato de Oliveira compartilhou um pouco sobre sua hist\u00f3ria, destacando acontecimentos marcantes ao longo dos 33 anos de carreira na Secretaria-geral do MPC-PR, e como os processos de trabalho foram sendo aprimorados ao longo do tempo diante do avan\u00e7o da tecnologia, \u201co que nos deixou mais r\u00e1pidos, transparentes e eficientes\u201d, conforme dito.\u00a0<\/span><span data-ccp-props=\"{&quot;201341983&quot;:0,&quot;335551550&quot;:6,&quot;335551620&quot;:6,&quot;335559740&quot;:360}\">\u00a0<\/span><\/p>\n<p><span data-contrast=\"auto\">Para concluir a mesa de abertura, foi passada a palavra para a Secretaria-Geral do MPC-PE, Raissa Castro Vilar. Em sua fala Raissa afirmou que para sua equipe cada processo deve ser tratado com cuidado, visando celeridade e seguran\u00e7a, o que contribui para que cada Procurador de Contas possa atuar sabendo que possui apoio e suporte.\u00a0<\/span><span data-ccp-props=\"{&quot;201341983&quot;:0,&quot;335551550&quot;:6,&quot;335551620&quot;:6,&quot;335559740&quot;:360}\">\u00a0<\/span><\/p>\n<h4><b><span data-contrast=\"auto\">Palestras das Autoridades<\/span><\/b><span data-ccp-props=\"{&quot;201341983&quot;:0,&quot;335551550&quot;:6,&quot;335551620&quot;:6,&quot;335559740&quot;:360}\">\u00a0<\/span><\/h4>\n<p><span data-contrast=\"auto\">O Procurador-Geral do MPC-PR, Gabriel Guy L\u00e9ger, apresentou a palestra \u201cProjetos especiais e atua\u00e7\u00f5es paradigm\u00e1ticas dos MPCs\u201d, da qual destacou alguns dos Projetos Especiais do MPC-PR e diversas outras a\u00e7\u00f5es realizadas por outros MPCs, como a de Goi\u00e1s, por exemplo, emancipada pela Procuradora Ma\u00edsa de Castro, que lan\u00e7ou a campanha Minist\u00e9rio P\u00fablico de Contas pela Acessibilidade Total, em 2011. Tamb\u00e9m destacou a atua\u00e7\u00e3o do MPC de Rond\u00f4nia, que criou um processo seletivo para cargos comissionados, dentre outras iniciativas conjuntas dos MPCs, como foi o caso do combate da crise h\u00eddrica, em que muitos Estados promoveram a coopera\u00e7\u00e3o institucional.\u00a0<\/span><span data-ccp-props=\"{&quot;201341983&quot;:0,&quot;335551550&quot;:6,&quot;335551620&quot;:6,&quot;335559740&quot;:360}\">\u00a0<\/span><\/p>\n<p><span data-contrast=\"auto\">Seguindo a programa\u00e7\u00e3o da manh\u00e3, a Procuradora-Geral Adjunta do MPC-PE, Eliana Lapenda Guerra, apreciou a oportunidade em que \u201cpodemos exaltar todas as qualidades desses combat\u00edveis servidores que no sil\u00eancio da voz d\u00e3o andamento ao bom trabalho do Minist\u00e9rio P\u00fablico de Contas\u201d. Durante a palestra, intitulada \u201cSecretaria: o cora\u00e7\u00e3o pulsante do Minist\u00e9rio P\u00fablico de Contas\u201d, compartilhou que em seus 48 anos de servi\u00e7o institucional, Lapenda destacou a import\u00e2ncia da ideia de pertencimento, afirmando que o MPC n\u00e3o \u00e9 formado unicamente por Procuradores, mas, sim, por todos, sendo a Secretaria o cora\u00e7\u00e3o pulsante da institui\u00e7\u00e3o.\u00a0\u00a0<\/span><span data-ccp-props=\"{&quot;201341983&quot;:0,&quot;335551550&quot;:6,&quot;335551620&quot;:6,&quot;335559740&quot;:360}\">\u00a0<\/span><\/p>\n<p><span data-contrast=\"auto\">A \u00faltima palestra da manh\u00e3 foi realizada pelo Conselheiro Presidente do Tribunal de Contas do Estado de Pernambuco (TCE-PE), Valdecir Pascoal, que teceu considera\u00e7\u00f5es sobre \u201cO Papel dos Tribunais de Contas no contexto da crise da democracia&#8221;. Em sua fala, o Conselheiro destacou um cen\u00e1rio de desconfian\u00e7a do qual a sociedade se encontra em rela\u00e7\u00e3o \u00e0 confiabilidade do servi\u00e7o p\u00fablico, de modo que cabe aos \u00f3rg\u00e3os de controle transcender o devido processo legal para uma abordagem que seja, al\u00e9m de t\u00e9cnica, \u00e9tica. Destacou tamb\u00e9m a import\u00e2ncia da comunica\u00e7\u00e3o p\u00fablica, e o quanto a confian\u00e7a est\u00e1 atrelada a maneira como os \u00f3rg\u00e3os conduzem os processos. Para ele, o uso da linguagem simples \u00e9, atualmente, imperativo, para que a sociedade se sinta parte ao receber informa\u00e7\u00e3o nivelada e, uma vez ao alcance de todos, contribui para o controle e combate \u00e0s desinforma\u00e7\u00f5es.\u00a0<\/span><span data-ccp-props=\"{&quot;201341983&quot;:0,&quot;335551550&quot;:6,&quot;335551620&quot;:6,&quot;335559740&quot;:360}\">\u00a0<\/span><\/p>\n<h4><b><span data-contrast=\"auto\">Painel de Boas Pr\u00e1ticas: MPC-PE, MPC-PR e MPC-SC<\/span><\/b><span data-ccp-props=\"{&quot;201341983&quot;:0,&quot;335551550&quot;:6,&quot;335551620&quot;:6,&quot;335559740&quot;:360}\">\u00a0<\/span><\/h4>\n<p><span data-contrast=\"auto\">Ainda no per\u00edodo da manh\u00e3, foi apresentado um painel sobre boas pr\u00e1ticas administrativas no \u00e2mbito das Secretarias dos MPCs, de modo que se inscreveram para a apresenta\u00e7\u00e3o os servidores de Pernambuco, Paran\u00e1 e Santa Catarina.\u00a0<\/span><span data-ccp-props=\"{&quot;201341983&quot;:0,&quot;335551550&quot;:6,&quot;335551620&quot;:6,&quot;335559740&quot;:360}\">\u00a0<\/span><\/p>\n<p><i><span data-contrast=\"auto\">\u201cAcompanhamento da documenta\u00e7\u00e3o comprobat\u00f3ria do p\u00f3s-julgamento dos legislativos municipais&#8221;<\/span><\/i><span data-ccp-props=\"{&quot;201341983&quot;:0,&quot;335551550&quot;:6,&quot;335551620&quot;:6,&quot;335559740&quot;:360}\">\u00a0<\/span><\/p>\n<p><span data-contrast=\"auto\">Inicialmente, a servidora Aparecida Morais, da Secretaria-Geral do MPC-PE, apresentou o sistema que utilizam para acompanhamento processual do recebimento de documenta\u00e7\u00e3o comprobat\u00f3ria na fase de p\u00f3s-julgamento, chamado \u201cSistema P\u00f3s Julgamento\u201d (SPJ). O sistema contribui para o encaminhamento e compartilhamento de documentos junto ao Legislativo (C\u00e2maras Municipais), o que promove mais celeridade processual e beneficia ambas as institui\u00e7\u00f5es. No entanto, destacou que a rotatividade de equipes, no \u00e2mbito municipal, por vezes dificulta a troca de informa\u00e7\u00f5es devido a dificuldades no manuseio correto da plataforma.<\/span><span data-ccp-props=\"{&quot;201341983&quot;:0,&quot;335551550&quot;:6,&quot;335551620&quot;:6,&quot;335559740&quot;:360}\">\u00a0<\/span><\/p>\n<p><i><span data-contrast=\"auto\">\u201cModerniza\u00e7\u00e3o Administrativa e Efici\u00eancia Institucional: A Experi\u00eancia do MPC-PR&#8221;<\/span><\/i><span data-ccp-props=\"{&quot;201341983&quot;:0,&quot;335551550&quot;:6,&quot;335551620&quot;:6,&quot;335559740&quot;:360}\">\u00a0<\/span><\/p>\n<p><span data-contrast=\"auto\">Na sequ\u00eancia foi passada a palavra \u00e0 servidora Suiane Volpato, que atua h\u00e1 muitos anos na Secretaria-Geral do MPC-PR. Inicialmente, Suiane destacou algumas mudan\u00e7as marcantes no fluxo de trabalho ao longo dos anos em decorr\u00eancia da digitaliza\u00e7\u00e3o dos processos f\u00edsicos, e o quanto contribuiu para um melhor desempenho das atividades internas, assim como a implementa\u00e7\u00e3o de um sistema de \u201cTr\u00e2mite Processual\u201d. Comentou, tamb\u00e9m, sobre a mudan\u00e7a nos crit\u00e9rios de distribui\u00e7\u00e3o de processos, que antes eram realizados por \u201cregionaliza\u00e7\u00e3o\u201d, em que cada Procurador era respons\u00e1vel por uma regi\u00e3o no Estado do Paran\u00e1, o que implicava em quantidade de processos e complexidades diferentes. No entanto, para uma distribui\u00e7\u00e3o mais justa e equilibrada, foi viabilizado um novo fluxo de distribui\u00e7\u00e3o, o qual \u00e9 aplicado atualmente e utiliza como base o tipo (assunto) do processo, sendo distribu\u00eddo ao Procurador da vez, conforme antiguidade.\u00a0<\/span><span data-ccp-props=\"{&quot;201341983&quot;:0,&quot;335551550&quot;:6,&quot;335551620&quot;:6,&quot;335559740&quot;:360}\">\u00a0<\/span><\/p>\n<p><i><span data-contrast=\"auto\">\u201cSIGEPROC: Sistema Integrado de Gest\u00e3o de Processos e Prazos\u201d e \u201cSistema Intregrado de Gest\u00e3o de Produtividade do MPC\/SC: Uso de Intelig\u00eancia Artificial para criar aplica\u00e7\u00f5es e solu\u00e7\u00f5es para a Administra\u00e7\u00e3o P\u00fablica\u201d<\/span><\/i><span data-ccp-props=\"{&quot;201341983&quot;:0,&quot;335551550&quot;:6,&quot;335551620&quot;:6,&quot;335559740&quot;:360}\">\u00a0<\/span><\/p>\n<p><span data-contrast=\"auto\">Para fechar o painel de boas pr\u00e1ticas, o MP de Contas de SC (MPC-SC) fez considera\u00e7\u00f5es a respeito do Sistema de Gest\u00e3o de Processos (SIGEPROC), apresentado pela Jacqueline de Melo Olinger e Anderson Martins. O sistema, que possui linguagem de programa\u00e7\u00e3o Python e utiliza um banco de dados SQL, revolucionou as atividades relacionadas \u00e0 gest\u00e3o de processos e prazos, pois possibilitou a padroniza\u00e7\u00e3o das informa\u00e7\u00f5es e criou mecanismos de alerta, gerando mais controle, confiabilidade, agilidade e transpar\u00eancia. Em seguida, o servidor Jonathan Artmann, deu continuidade \u00e0 apresenta\u00e7\u00e3o ao falar sobre a implementa\u00e7\u00e3o de um novo sistema que tem como base a Intelig\u00eancia Artificial (IA), cuja evolu\u00e7\u00e3o tem sido not\u00e1vel desde 2024. Al\u00e9m da capacidade anal\u00edtica gerada pela IA, o Sistema permite mais celeridade nos trabalhos rotineiros, pois, al\u00e9m de prover o uso compartilhado de informa\u00e7\u00f5es, consegue utilizar dados em tempo real, aprimorar relat\u00f3rios bimestrais, personalizar m\u00e9tricas para gest\u00e3o de processos, e pain\u00e9is interativos que podem ser acessados pelos servidores, cada um com seu perfil, o que tamb\u00e9m facilita o backup de informa\u00e7\u00f5es para quando o servidor entra em f\u00e9rias ou usufrui de licen\u00e7as, por exemplo.\u00a0<\/span><span data-ccp-props=\"{&quot;201341983&quot;:0,&quot;335551550&quot;:6,&quot;335551620&quot;:6,&quot;335559740&quot;:360}\">\u00a0<\/span><\/p>\n<h4><b><span data-contrast=\"auto\">Palestras com os especialistas<\/span><\/b><span data-ccp-props=\"{&quot;201341983&quot;:0,&quot;335551550&quot;:6,&quot;335551620&quot;:6,&quot;335559740&quot;:360}\">\u00a0<\/span><\/h4>\n<p><span data-contrast=\"auto\">Na programa\u00e7\u00e3o do evento, o per\u00edodo da tarde, que teve in\u00edcio \u00e0s 14h, ficou por conta de renomados especialistas, os quais puderam compartilhar suas experi\u00eancias, vieses e conhecimentos que podem ser aplicados ao setor p\u00fablico, atrav\u00e9s de apresenta\u00e7\u00f5es que abrangeram inova\u00e7\u00e3o, pesquisa e desenvolvimento, tecnologia e uso da intelig\u00eancia artificial.<\/span><span data-ccp-props=\"{&quot;201341983&quot;:0,&quot;335551550&quot;:6,&quot;335551620&quot;:6,&quot;335559740&quot;:360}\">\u00a0<\/span><\/p>\n<p><span data-contrast=\"auto\">Allan Kardec, renomado especialista na \u00e1rea de inova\u00e7\u00e3o e P&amp;D (Pesquisa e Desenvolvimento), trouxe conceitos importantes durante a palestra \u201c<\/span><i><span data-contrast=\"auto\">Din\u00e2mica de Inova\u00e7\u00e3o e Laborat\u00f3rio de Possibilidades<\/span><\/i><span data-contrast=\"auto\">\u201d, explicando as diferen\u00e7as entre<\/span> <span data-contrast=\"auto\">inova\u00e7\u00e3o ou produ\u00e7\u00e3o de novos conhecimentos, embora se tenha sempre como denominador comum a necessidade de se aplicar uma solu\u00e7\u00e3o a um problema. Ao adentrar no campo da inova\u00e7\u00e3o, Allan apresentou os tipos de inova\u00e7\u00e3o que podem ser aplicados ao setor p\u00fablico, seja para servi\u00e7os, processos, sistemas e at\u00e9 mesmo na pr\u00f3pria estrutura das organiza\u00e7\u00f5es (como defini\u00e7\u00e3o de responsabilidades e cria\u00e7\u00e3o de novas unidades internas).\u00a0<\/span><span data-ccp-props=\"{&quot;201341983&quot;:0,&quot;335551550&quot;:6,&quot;335551620&quot;:6,&quot;335559740&quot;:360}\">\u00a0<\/span><\/p>\n<p><span data-contrast=\"auto\">Dentre o conte\u00fado apresentado, Kardec mencionou que a inova\u00e7\u00e3o deve ser vista como algo cultural, isto \u00e9, uma iniciativa a ser abra\u00e7ada pela alta administra\u00e7\u00e3o que, dentro de seus processos, inclua a participa\u00e7\u00e3o dos servidores que ir\u00e3o trabalhar com o \u201cproduto\u201d da inova\u00e7\u00e3o na ponta. No \u00e2mbito da pesquisa e desenvolvimento (P&amp;D), existem processos padronizados, como: sele\u00e7\u00e3o, aprova\u00e7\u00e3o, revis\u00e3o e descontinua\u00e7\u00e3o de projetos. Destacou, ainda, que para a inova\u00e7\u00e3o ser eficiente \u00e9 necess\u00e1rio um \u201cambiente\u201d de aprendizado seguro, para experimenta\u00e7\u00e3o e prototipagem, tendo em mente que erros fazem parte do processo e servem para aprimoramento e ajustes pontuais.\u00a0<\/span><span data-ccp-props=\"{&quot;201341983&quot;:0,&quot;335551550&quot;:6,&quot;335551620&quot;:6,&quot;335559740&quot;:360}\">\u00a0<\/span><\/p>\n<p><span data-contrast=\"auto\">Em seguida, a palestra do Professor Cassiano Zeferino, realizada \u00e0s 15h00, tratou sobre a \u201c<\/span><i><span data-contrast=\"auto\">Compet\u00eancia, Tecnologia HI*AI e Inova\u00e7\u00e3o no Setor P\u00fablico<\/span><\/i><span data-contrast=\"auto\">\u201d, abordando temas da atualidade tecnol\u00f3gica e educacional e destacando a rela\u00e7\u00e3o que existe entre a Internet das Coisas (IoT) e os artefatos de m\u00eddia. O Professor enfatizou a import\u00e2ncia da Intelig\u00eancia Humana (HI), definindo-a como o processo que observa problemas e \u00e9 capaz de enxergar solu\u00e7\u00f5es, sendo este um dos pontos centrais da palestra ao enfatizar o di\u00e1logo de compet\u00eancias que existe entre a Intelig\u00eancia Humana (HI) e a Intelig\u00eancia Artificial (IA), ao passo que a IA \u00e9 regenerativa e reproduz o conhecimento humano ao aprender continuamente a partir dos prompts que recebe.\u00a0<\/span><span data-ccp-props=\"{&quot;201341983&quot;:0,&quot;335551550&quot;:6,&quot;335551620&quot;:6,&quot;335559740&quot;:360}\">\u00a0<\/span><\/p>\n<p><span data-contrast=\"auto\">Para aqueles interessados em aprofundar-se nos temas, o Professor Cassiano Zeferino disponibilizou o seu portal (carvalhonetocz.org) e mencionou sua plataforma na Hotmart como um canal de inova\u00e7\u00e3o, oferecendo o curso &#8220;Educa\u00e7\u00e3o da Compet\u00eancia&#8221;.<\/span><span data-ccp-props=\"{&quot;201341983&quot;:0,&quot;335551550&quot;:6,&quot;335551620&quot;:6,&quot;335559740&quot;:360}\">\u00a0<\/span><\/p>\n<p><span data-contrast=\"auto\">Ao final, concluindo o ciclo de palestras da tarde, o especialista Rodrigo Mota realizou a \u201c<\/span><i><span data-contrast=\"auto\">Oficina &#8211; T\u00e9cnicas e Ferramentas de Design Thinking e Cultura da Inova\u00e7\u00e3o<\/span><\/i><span data-contrast=\"auto\">\u201d<\/span><i><span data-contrast=\"auto\">, <\/span><\/i><span data-contrast=\"auto\">oportunidade em que compartilhou um documento para exemplos de prompts (comandos) que podem ser utilizados para melhor estrutura\u00e7\u00e3o de fluxos de trabalho e tomadas de decis\u00e3o. Para Rodrigo, a intelig\u00eancia deve ser utilizada ao nosso favor, cabendo aos servidores p\u00fablicos fomentarem a cultura da inova\u00e7\u00e3o. <\/span><span data-ccp-props=\"{&quot;201341983&quot;:0,&quot;335551550&quot;:6,&quot;335551620&quot;:6,&quot;335559740&quot;:360}\">\u00a0<\/span><\/p>\n<h4><b><span data-contrast=\"auto\">Encerramento e Conclus\u00e3o<\/span><\/b><span data-ccp-props=\"{&quot;201341983&quot;:0,&quot;335551550&quot;:6,&quot;335551620&quot;:6,&quot;335559740&quot;:360}\">\u00a0<\/span><\/h4>\n<p><span data-contrast=\"auto\">Ap\u00f3s encerrados os pain\u00e9is de apresenta\u00e7\u00e3o, a Diretora-Geral do MPC-PR, Barbara Krysttal, mencionou como foi estrat\u00e9gica a apresenta\u00e7\u00e3o das Secretarias ao trazer um panorama geral dos avan\u00e7os institucionais ao longo do tempo, o que contribui para refor\u00e7ar a identidade das Secretarias, visto o apoio que realizam em quase todas as fun\u00e7\u00f5es do MPC. A Diretora tamb\u00e9m agradeceu a parceria realizada com o MPC-PE, do qual foi poss\u00edvel aprender com o alto n\u00edvel intelectual das autoridades e palestrantes.\u00a0<\/span><span data-ccp-props=\"{&quot;201341983&quot;:0,&quot;335551550&quot;:6,&quot;335551620&quot;:6,&quot;335559740&quot;:360}\">\u00a0<\/span><\/p>\n<p><span data-contrast=\"auto\">Para encerrar com \u201cchave de ouro\u201d, foi destinado um momento de fala para aqueles que tivessem interesse de se manifestar, seja para sanar d\u00favidas ou considera\u00e7\u00f5es coloquiais. Dentre os agradecimentos, puderam se manifestar servidores do Distrito Federal, Piau\u00ed, Sergipe, Pernambuco e Par\u00e1, sendo este \u00faltimo, na pessoa da rec\u00e9m-empossada Procuradora de Contas, Vanessa Madeira.\u00a0\u00a0<\/span><span data-ccp-props=\"{&quot;201341983&quot;:0,&quot;335551550&quot;:6,&quot;335551620&quot;:6,&quot;335559740&quot;:360}\">\u00a0<\/span><\/p>\n<p><span data-contrast=\"auto\">Ao final, o sucesso do primeiro Encontro Nacional de Secretarias de MPCs foi celebrado com um sentimento de realiza\u00e7\u00e3o e conquista m\u00fatuos. O evento cumpriu e superou seu duplo prop\u00f3sito: serviu como um f\u00f3rum vital para o compartilhamento de boas pr\u00e1ticas e inova\u00e7\u00f5es, e, sobretudo, consolidou-se como um marco para fortalecer a conex\u00e3o e a colabora\u00e7\u00e3o entre os servidores dos Minist\u00e9rios P\u00fablicos de Contas de todo o pa\u00eds.<\/span><span data-ccp-props=\"{&quot;201341983&quot;:0,&quot;335551550&quot;:6,&quot;335551620&quot;:6,&quot;335559740&quot;:360}\">\u00a0<\/span><\/p>\n","protected":false},"excerpt":{"rendered":"<p>A express\u00e3o \u201cCora\u00e7\u00e3o pulsante\u201d foi utilizada pelos Procuradores do Minist\u00e9rio P\u00fablico de Contas do Estado de Pernambuco, o que conferiu especial cuidado e carinho com o evento.\u00a0 O I Encontro Nacional de Secretarias dos Minist\u00e9rios P\u00fablicos de Contas (MPCs) ocorreu nesta segunda-feira (20), reunindo autoridades e servidores de todos os Estados do Brasil. O encontro [&hellip;]<\/p>\n","protected":false},"author":1,"featured_media":24573,"comment_status":"open","ping_status":"open","sticky":false,"template":"","format":"standard","meta":{"_monsterinsights_skip_tracking":false,"_monsterinsights_sitenote_active":false,"_monsterinsights_sitenote_note":"","_monsterinsights_sitenote_category":0,"footnotes":""},"categories":[7],"tags":[634,843,725,13,845,844],"class_list":["post-24572","post","type-post","status-publish","format-standard","has-post-thumbnail","hentry","category-todas-as-noticias","tag-boas-praticas","tag-encontro-nacional-de-secretarias-dos-mpcs","tag-inovacao","tag-mpc-pr","tag-pesquisa-e-desenvolvimento","tag-secretaria-geral","entry","has-media"],"yoast_head":"<!-- This site is optimized with the Yoast SEO plugin v27.3 - https:\/\/yoast.com\/product\/yoast-seo-wordpress\/ -->\n<title>\u201cCora\u00e7\u00e3o pulsante\u201d dos MPCs: Encontro Nacional de Secretarias valoriza e promove inova\u00e7\u00e3o nas fun\u00e7\u00f5es de apoio t\u00e9cnico-administrativas - Minist\u00e9rio P\u00fablico de Contas do Estado do Paran\u00e1<\/title>\n<meta name=\"robots\" content=\"index, follow, max-snippet:-1, max-image-preview:large, max-video-preview:-1\" \/>\n<link rel=\"canonical\" href=\"https:\/\/www.mpc.pr.gov.br\/index.php\/coracao-pulsante-dos-mpcs-encontro-nacional-de-secretarias-valoriza-e-promove-inovacao-nas-funcoes-de-apoio-tecnico-administrativas\/\" \/>\n<meta property=\"og:locale\" content=\"pt_BR\" \/>\n<meta property=\"og:type\" content=\"article\" \/>\n<meta property=\"og:title\" content=\"\u201cCora\u00e7\u00e3o pulsante\u201d dos MPCs: Encontro Nacional de Secretarias valoriza e promove inova\u00e7\u00e3o nas fun\u00e7\u00f5es de apoio t\u00e9cnico-administrativas - Minist\u00e9rio P\u00fablico de Contas do Estado do Paran\u00e1\" \/>\n<meta property=\"og:description\" content=\"A express\u00e3o \u201cCora\u00e7\u00e3o pulsante\u201d foi utilizada pelos Procuradores do Minist\u00e9rio P\u00fablico de Contas do Estado de Pernambuco, o que conferiu especial cuidado e carinho com o evento.\u00a0 O I Encontro Nacional de Secretarias dos Minist\u00e9rios P\u00fablicos de Contas (MPCs) ocorreu nesta segunda-feira (20), reunindo autoridades e servidores de todos os Estados do Brasil. O encontro [&hellip;]\" \/>\n<meta property=\"og:url\" content=\"https:\/\/www.mpc.pr.gov.br\/index.php\/coracao-pulsante-dos-mpcs-encontro-nacional-de-secretarias-valoriza-e-promove-inovacao-nas-funcoes-de-apoio-tecnico-administrativas\/\" \/>\n<meta property=\"og:site_name\" content=\"Minist\u00e9rio P\u00fablico de Contas do Estado do Paran\u00e1\" \/>\n<meta property=\"article:publisher\" content=\"https:\/\/www.facebook.com\/mpc.pr\" \/>\n<meta property=\"article:published_time\" content=\"2025-10-22T18:33:38+00:00\" \/>\n<meta property=\"article:modified_time\" content=\"2025-11-03T18:54:20+00:00\" \/>\n<meta property=\"og:image\" content=\"https:\/\/www.mpc.pr.gov.br\/wp-content\/uploads\/2025\/10\/Apresentacao-Identidade-Visual-I-Encontro-Nacional-de-Secretarias-dos-MPCs.png\" \/>\n\t<meta property=\"og:image:width\" content=\"1920\" \/>\n\t<meta property=\"og:image:height\" content=\"1080\" \/>\n\t<meta property=\"og:image:type\" content=\"image\/png\" \/>\n<meta name=\"author\" content=\"mpcontaspr\" \/>\n<meta name=\"twitter:card\" content=\"summary_large_image\" \/>\n<meta name=\"twitter:label1\" content=\"Escrito por\" \/>\n\t<meta name=\"twitter:data1\" content=\"mpcontaspr\" \/>\n\t<meta name=\"twitter:label2\" content=\"Est. tempo de leitura\" \/>\n\t<meta name=\"twitter:data2\" content=\"11 minutos\" \/>\n<script type=\"application\/ld+json\" class=\"yoast-schema-graph\">{\"@context\":\"https:\\\/\\\/schema.org\",\"@graph\":[{\"@type\":\"Article\",\"@id\":\"https:\\\/\\\/www.mpc.pr.gov.br\\\/index.php\\\/coracao-pulsante-dos-mpcs-encontro-nacional-de-secretarias-valoriza-e-promove-inovacao-nas-funcoes-de-apoio-tecnico-administrativas\\\/#article\",\"isPartOf\":{\"@id\":\"https:\\\/\\\/www.mpc.pr.gov.br\\\/index.php\\\/coracao-pulsante-dos-mpcs-encontro-nacional-de-secretarias-valoriza-e-promove-inovacao-nas-funcoes-de-apoio-tecnico-administrativas\\\/\"},\"author\":{\"name\":\"mpcontaspr\",\"@id\":\"https:\\\/\\\/www.mpc.pr.gov.br\\\/#\\\/schema\\\/person\\\/2d83cb8980538d0ec174e8a6284f5e11\"},\"headline\":\"\u201cCora\u00e7\u00e3o pulsante\u201d dos MPCs: Encontro Nacional de Secretarias valoriza e promove inova\u00e7\u00e3o nas fun\u00e7\u00f5es de apoio t\u00e9cnico-administrativas\",\"datePublished\":\"2025-10-22T18:33:38+00:00\",\"dateModified\":\"2025-11-03T18:54:20+00:00\",\"mainEntityOfPage\":{\"@id\":\"https:\\\/\\\/www.mpc.pr.gov.br\\\/index.php\\\/coracao-pulsante-dos-mpcs-encontro-nacional-de-secretarias-valoriza-e-promove-inovacao-nas-funcoes-de-apoio-tecnico-administrativas\\\/\"},\"wordCount\":2127,\"commentCount\":0,\"publisher\":{\"@id\":\"https:\\\/\\\/www.mpc.pr.gov.br\\\/#organization\"},\"image\":{\"@id\":\"https:\\\/\\\/www.mpc.pr.gov.br\\\/index.php\\\/coracao-pulsante-dos-mpcs-encontro-nacional-de-secretarias-valoriza-e-promove-inovacao-nas-funcoes-de-apoio-tecnico-administrativas\\\/#primaryimage\"},\"thumbnailUrl\":\"https:\\\/\\\/www.mpc.pr.gov.br\\\/wp-content\\\/uploads\\\/2025\\\/10\\\/Apresentacao-Identidade-Visual-I-Encontro-Nacional-de-Secretarias-dos-MPCs.png\",\"keywords\":[\"Boas Pr\u00e1ticas\",\"Encontro Nacional de Secretarias dos MPCs\",\"Inova\u00e7\u00e3o\",\"MPC-PR\",\"Pesquisa e Desenvolvimento\",\"Secretaria-Geral\"],\"articleSection\":[\"Todas as not\u00edcias\"],\"inLanguage\":\"pt-BR\",\"potentialAction\":[{\"@type\":\"CommentAction\",\"name\":\"Comment\",\"target\":[\"https:\\\/\\\/www.mpc.pr.gov.br\\\/index.php\\\/coracao-pulsante-dos-mpcs-encontro-nacional-de-secretarias-valoriza-e-promove-inovacao-nas-funcoes-de-apoio-tecnico-administrativas\\\/#respond\"]}]},{\"@type\":\"WebPage\",\"@id\":\"https:\\\/\\\/www.mpc.pr.gov.br\\\/index.php\\\/coracao-pulsante-dos-mpcs-encontro-nacional-de-secretarias-valoriza-e-promove-inovacao-nas-funcoes-de-apoio-tecnico-administrativas\\\/\",\"url\":\"https:\\\/\\\/www.mpc.pr.gov.br\\\/index.php\\\/coracao-pulsante-dos-mpcs-encontro-nacional-de-secretarias-valoriza-e-promove-inovacao-nas-funcoes-de-apoio-tecnico-administrativas\\\/\",\"name\":\"\u201cCora\u00e7\u00e3o pulsante\u201d dos MPCs: Encontro Nacional de Secretarias valoriza e promove inova\u00e7\u00e3o nas fun\u00e7\u00f5es de apoio t\u00e9cnico-administrativas - Minist\u00e9rio P\u00fablico de Contas do Estado do Paran\u00e1\",\"isPartOf\":{\"@id\":\"https:\\\/\\\/www.mpc.pr.gov.br\\\/#website\"},\"primaryImageOfPage\":{\"@id\":\"https:\\\/\\\/www.mpc.pr.gov.br\\\/index.php\\\/coracao-pulsante-dos-mpcs-encontro-nacional-de-secretarias-valoriza-e-promove-inovacao-nas-funcoes-de-apoio-tecnico-administrativas\\\/#primaryimage\"},\"image\":{\"@id\":\"https:\\\/\\\/www.mpc.pr.gov.br\\\/index.php\\\/coracao-pulsante-dos-mpcs-encontro-nacional-de-secretarias-valoriza-e-promove-inovacao-nas-funcoes-de-apoio-tecnico-administrativas\\\/#primaryimage\"},\"thumbnailUrl\":\"https:\\\/\\\/www.mpc.pr.gov.br\\\/wp-content\\\/uploads\\\/2025\\\/10\\\/Apresentacao-Identidade-Visual-I-Encontro-Nacional-de-Secretarias-dos-MPCs.png\",\"datePublished\":\"2025-10-22T18:33:38+00:00\",\"dateModified\":\"2025-11-03T18:54:20+00:00\",\"breadcrumb\":{\"@id\":\"https:\\\/\\\/www.mpc.pr.gov.br\\\/index.php\\\/coracao-pulsante-dos-mpcs-encontro-nacional-de-secretarias-valoriza-e-promove-inovacao-nas-funcoes-de-apoio-tecnico-administrativas\\\/#breadcrumb\"},\"inLanguage\":\"pt-BR\",\"potentialAction\":[{\"@type\":\"ReadAction\",\"target\":[\"https:\\\/\\\/www.mpc.pr.gov.br\\\/index.php\\\/coracao-pulsante-dos-mpcs-encontro-nacional-de-secretarias-valoriza-e-promove-inovacao-nas-funcoes-de-apoio-tecnico-administrativas\\\/\"]}]},{\"@type\":\"ImageObject\",\"inLanguage\":\"pt-BR\",\"@id\":\"https:\\\/\\\/www.mpc.pr.gov.br\\\/index.php\\\/coracao-pulsante-dos-mpcs-encontro-nacional-de-secretarias-valoriza-e-promove-inovacao-nas-funcoes-de-apoio-tecnico-administrativas\\\/#primaryimage\",\"url\":\"https:\\\/\\\/www.mpc.pr.gov.br\\\/wp-content\\\/uploads\\\/2025\\\/10\\\/Apresentacao-Identidade-Visual-I-Encontro-Nacional-de-Secretarias-dos-MPCs.png\",\"contentUrl\":\"https:\\\/\\\/www.mpc.pr.gov.br\\\/wp-content\\\/uploads\\\/2025\\\/10\\\/Apresentacao-Identidade-Visual-I-Encontro-Nacional-de-Secretarias-dos-MPCs.png\",\"width\":1920,\"height\":1080},{\"@type\":\"BreadcrumbList\",\"@id\":\"https:\\\/\\\/www.mpc.pr.gov.br\\\/index.php\\\/coracao-pulsante-dos-mpcs-encontro-nacional-de-secretarias-valoriza-e-promove-inovacao-nas-funcoes-de-apoio-tecnico-administrativas\\\/#breadcrumb\",\"itemListElement\":[{\"@type\":\"ListItem\",\"position\":1,\"name\":\"In\u00edcio\",\"item\":\"https:\\\/\\\/www.mpc.pr.gov.br\\\/\"},{\"@type\":\"ListItem\",\"position\":2,\"name\":\"\u201cCora\u00e7\u00e3o pulsante\u201d dos MPCs: Encontro Nacional de Secretarias valoriza e promove inova\u00e7\u00e3o nas fun\u00e7\u00f5es de apoio t\u00e9cnico-administrativas\"}]},{\"@type\":\"WebSite\",\"@id\":\"https:\\\/\\\/www.mpc.pr.gov.br\\\/#website\",\"url\":\"https:\\\/\\\/www.mpc.pr.gov.br\\\/\",\"name\":\"Minist\u00e9rio P\u00fablico de Contas do Estado do Paran\u00e1\",\"description\":\"\",\"publisher\":{\"@id\":\"https:\\\/\\\/www.mpc.pr.gov.br\\\/#organization\"},\"potentialAction\":[{\"@type\":\"SearchAction\",\"target\":{\"@type\":\"EntryPoint\",\"urlTemplate\":\"https:\\\/\\\/www.mpc.pr.gov.br\\\/?s={search_term_string}\"},\"query-input\":{\"@type\":\"PropertyValueSpecification\",\"valueRequired\":true,\"valueName\":\"search_term_string\"}}],\"inLanguage\":\"pt-BR\"},{\"@type\":\"Organization\",\"@id\":\"https:\\\/\\\/www.mpc.pr.gov.br\\\/#organization\",\"name\":\"Minist\u00e9rio P\u00fablico de Contas do Estado do Paran\u00e1\",\"url\":\"https:\\\/\\\/www.mpc.pr.gov.br\\\/\",\"logo\":{\"@type\":\"ImageObject\",\"inLanguage\":\"pt-BR\",\"@id\":\"https:\\\/\\\/www.mpc.pr.gov.br\\\/#\\\/schema\\\/logo\\\/image\\\/\",\"url\":\"https:\\\/\\\/www.mpc.pr.gov.br\\\/wp-content\\\/uploads\\\/2020\\\/06\\\/99423647_1593460364143890_6706793420720963584_n-1-e1591387983167.png\",\"contentUrl\":\"https:\\\/\\\/www.mpc.pr.gov.br\\\/wp-content\\\/uploads\\\/2020\\\/06\\\/99423647_1593460364143890_6706793420720963584_n-1-e1591387983167.png\",\"width\":243,\"height\":73,\"caption\":\"Minist\u00e9rio P\u00fablico de Contas do Estado do Paran\u00e1\"},\"image\":{\"@id\":\"https:\\\/\\\/www.mpc.pr.gov.br\\\/#\\\/schema\\\/logo\\\/image\\\/\"},\"sameAs\":[\"https:\\\/\\\/www.facebook.com\\\/mpc.pr\",\"https:\\\/\\\/www.instagram.com\\\/mpc.pr\\\/?hl=pt-br\",\"https:\\\/\\\/www.youtube.com\\\/channel\\\/UCHri5oEM8DV0ztX57E0sBSw\"]},{\"@type\":\"Person\",\"@id\":\"https:\\\/\\\/www.mpc.pr.gov.br\\\/#\\\/schema\\\/person\\\/2d83cb8980538d0ec174e8a6284f5e11\",\"name\":\"mpcontaspr\",\"image\":{\"@type\":\"ImageObject\",\"inLanguage\":\"pt-BR\",\"@id\":\"https:\\\/\\\/secure.gravatar.com\\\/avatar\\\/1aef51541db7622e05fd639336c9c9f312c2a618396e2b6ca96846362fc5403f?s=96&d=mm&r=g\",\"url\":\"https:\\\/\\\/secure.gravatar.com\\\/avatar\\\/1aef51541db7622e05fd639336c9c9f312c2a618396e2b6ca96846362fc5403f?s=96&d=mm&r=g\",\"contentUrl\":\"https:\\\/\\\/secure.gravatar.com\\\/avatar\\\/1aef51541db7622e05fd639336c9c9f312c2a618396e2b6ca96846362fc5403f?s=96&d=mm&r=g\",\"caption\":\"mpcontaspr\"},\"sameAs\":[\"http:\\\/\\\/www.mpc.pr.gov.br\"]}]}<\/script>\n<!-- \/ Yoast SEO plugin. -->","yoast_head_json":{"title":"\u201cCora\u00e7\u00e3o pulsante\u201d dos MPCs: Encontro Nacional de Secretarias valoriza e promove inova\u00e7\u00e3o nas fun\u00e7\u00f5es de apoio t\u00e9cnico-administrativas - Minist\u00e9rio P\u00fablico de Contas do Estado do Paran\u00e1","robots":{"index":"index","follow":"follow","max-snippet":"max-snippet:-1","max-image-preview":"max-image-preview:large","max-video-preview":"max-video-preview:-1"},"canonical":"https:\/\/www.mpc.pr.gov.br\/index.php\/coracao-pulsante-dos-mpcs-encontro-nacional-de-secretarias-valoriza-e-promove-inovacao-nas-funcoes-de-apoio-tecnico-administrativas\/","og_locale":"pt_BR","og_type":"article","og_title":"\u201cCora\u00e7\u00e3o pulsante\u201d dos MPCs: Encontro Nacional de Secretarias valoriza e promove inova\u00e7\u00e3o nas fun\u00e7\u00f5es de apoio t\u00e9cnico-administrativas - Minist\u00e9rio P\u00fablico de Contas do Estado do Paran\u00e1","og_description":"A express\u00e3o \u201cCora\u00e7\u00e3o pulsante\u201d foi utilizada pelos Procuradores do Minist\u00e9rio P\u00fablico de Contas do Estado de Pernambuco, o que conferiu especial cuidado e carinho com o evento.\u00a0 O I Encontro Nacional de Secretarias dos Minist\u00e9rios P\u00fablicos de Contas (MPCs) ocorreu nesta segunda-feira (20), reunindo autoridades e servidores de todos os Estados do Brasil. O encontro [&hellip;]","og_url":"https:\/\/www.mpc.pr.gov.br\/index.php\/coracao-pulsante-dos-mpcs-encontro-nacional-de-secretarias-valoriza-e-promove-inovacao-nas-funcoes-de-apoio-tecnico-administrativas\/","og_site_name":"Minist\u00e9rio P\u00fablico de Contas do Estado do Paran\u00e1","article_publisher":"https:\/\/www.facebook.com\/mpc.pr","article_published_time":"2025-10-22T18:33:38+00:00","article_modified_time":"2025-11-03T18:54:20+00:00","og_image":[{"width":1920,"height":1080,"url":"https:\/\/www.mpc.pr.gov.br\/wp-content\/uploads\/2025\/10\/Apresentacao-Identidade-Visual-I-Encontro-Nacional-de-Secretarias-dos-MPCs.png","type":"image\/png"}],"author":"mpcontaspr","twitter_card":"summary_large_image","twitter_misc":{"Escrito por":"mpcontaspr","Est. tempo de leitura":"11 minutos"},"schema":{"@context":"https:\/\/schema.org","@graph":[{"@type":"Article","@id":"https:\/\/www.mpc.pr.gov.br\/index.php\/coracao-pulsante-dos-mpcs-encontro-nacional-de-secretarias-valoriza-e-promove-inovacao-nas-funcoes-de-apoio-tecnico-administrativas\/#article","isPartOf":{"@id":"https:\/\/www.mpc.pr.gov.br\/index.php\/coracao-pulsante-dos-mpcs-encontro-nacional-de-secretarias-valoriza-e-promove-inovacao-nas-funcoes-de-apoio-tecnico-administrativas\/"},"author":{"name":"mpcontaspr","@id":"https:\/\/www.mpc.pr.gov.br\/#\/schema\/person\/2d83cb8980538d0ec174e8a6284f5e11"},"headline":"\u201cCora\u00e7\u00e3o pulsante\u201d dos MPCs: Encontro Nacional de Secretarias valoriza e promove inova\u00e7\u00e3o nas fun\u00e7\u00f5es de apoio t\u00e9cnico-administrativas","datePublished":"2025-10-22T18:33:38+00:00","dateModified":"2025-11-03T18:54:20+00:00","mainEntityOfPage":{"@id":"https:\/\/www.mpc.pr.gov.br\/index.php\/coracao-pulsante-dos-mpcs-encontro-nacional-de-secretarias-valoriza-e-promove-inovacao-nas-funcoes-de-apoio-tecnico-administrativas\/"},"wordCount":2127,"commentCount":0,"publisher":{"@id":"https:\/\/www.mpc.pr.gov.br\/#organization"},"image":{"@id":"https:\/\/www.mpc.pr.gov.br\/index.php\/coracao-pulsante-dos-mpcs-encontro-nacional-de-secretarias-valoriza-e-promove-inovacao-nas-funcoes-de-apoio-tecnico-administrativas\/#primaryimage"},"thumbnailUrl":"https:\/\/www.mpc.pr.gov.br\/wp-content\/uploads\/2025\/10\/Apresentacao-Identidade-Visual-I-Encontro-Nacional-de-Secretarias-dos-MPCs.png","keywords":["Boas Pr\u00e1ticas","Encontro Nacional de Secretarias dos MPCs","Inova\u00e7\u00e3o","MPC-PR","Pesquisa e Desenvolvimento","Secretaria-Geral"],"articleSection":["Todas as not\u00edcias"],"inLanguage":"pt-BR","potentialAction":[{"@type":"CommentAction","name":"Comment","target":["https:\/\/www.mpc.pr.gov.br\/index.php\/coracao-pulsante-dos-mpcs-encontro-nacional-de-secretarias-valoriza-e-promove-inovacao-nas-funcoes-de-apoio-tecnico-administrativas\/#respond"]}]},{"@type":"WebPage","@id":"https:\/\/www.mpc.pr.gov.br\/index.php\/coracao-pulsante-dos-mpcs-encontro-nacional-de-secretarias-valoriza-e-promove-inovacao-nas-funcoes-de-apoio-tecnico-administrativas\/","url":"https:\/\/www.mpc.pr.gov.br\/index.php\/coracao-pulsante-dos-mpcs-encontro-nacional-de-secretarias-valoriza-e-promove-inovacao-nas-funcoes-de-apoio-tecnico-administrativas\/","name":"\u201cCora\u00e7\u00e3o pulsante\u201d dos MPCs: Encontro Nacional de Secretarias valoriza e promove inova\u00e7\u00e3o nas fun\u00e7\u00f5es de apoio t\u00e9cnico-administrativas - Minist\u00e9rio P\u00fablico de Contas do Estado do Paran\u00e1","isPartOf":{"@id":"https:\/\/www.mpc.pr.gov.br\/#website"},"primaryImageOfPage":{"@id":"https:\/\/www.mpc.pr.gov.br\/index.php\/coracao-pulsante-dos-mpcs-encontro-nacional-de-secretarias-valoriza-e-promove-inovacao-nas-funcoes-de-apoio-tecnico-administrativas\/#primaryimage"},"image":{"@id":"https:\/\/www.mpc.pr.gov.br\/index.php\/coracao-pulsante-dos-mpcs-encontro-nacional-de-secretarias-valoriza-e-promove-inovacao-nas-funcoes-de-apoio-tecnico-administrativas\/#primaryimage"},"thumbnailUrl":"https:\/\/www.mpc.pr.gov.br\/wp-content\/uploads\/2025\/10\/Apresentacao-Identidade-Visual-I-Encontro-Nacional-de-Secretarias-dos-MPCs.png","datePublished":"2025-10-22T18:33:38+00:00","dateModified":"2025-11-03T18:54:20+00:00","breadcrumb":{"@id":"https:\/\/www.mpc.pr.gov.br\/index.php\/coracao-pulsante-dos-mpcs-encontro-nacional-de-secretarias-valoriza-e-promove-inovacao-nas-funcoes-de-apoio-tecnico-administrativas\/#breadcrumb"},"inLanguage":"pt-BR","potentialAction":[{"@type":"ReadAction","target":["https:\/\/www.mpc.pr.gov.br\/index.php\/coracao-pulsante-dos-mpcs-encontro-nacional-de-secretarias-valoriza-e-promove-inovacao-nas-funcoes-de-apoio-tecnico-administrativas\/"]}]},{"@type":"ImageObject","inLanguage":"pt-BR","@id":"https:\/\/www.mpc.pr.gov.br\/index.php\/coracao-pulsante-dos-mpcs-encontro-nacional-de-secretarias-valoriza-e-promove-inovacao-nas-funcoes-de-apoio-tecnico-administrativas\/#primaryimage","url":"https:\/\/www.mpc.pr.gov.br\/wp-content\/uploads\/2025\/10\/Apresentacao-Identidade-Visual-I-Encontro-Nacional-de-Secretarias-dos-MPCs.png","contentUrl":"https:\/\/www.mpc.pr.gov.br\/wp-content\/uploads\/2025\/10\/Apresentacao-Identidade-Visual-I-Encontro-Nacional-de-Secretarias-dos-MPCs.png","width":1920,"height":1080},{"@type":"BreadcrumbList","@id":"https:\/\/www.mpc.pr.gov.br\/index.php\/coracao-pulsante-dos-mpcs-encontro-nacional-de-secretarias-valoriza-e-promove-inovacao-nas-funcoes-de-apoio-tecnico-administrativas\/#breadcrumb","itemListElement":[{"@type":"ListItem","position":1,"name":"In\u00edcio","item":"https:\/\/www.mpc.pr.gov.br\/"},{"@type":"ListItem","position":2,"name":"\u201cCora\u00e7\u00e3o pulsante\u201d dos MPCs: Encontro Nacional de Secretarias valoriza e promove inova\u00e7\u00e3o nas fun\u00e7\u00f5es de apoio t\u00e9cnico-administrativas"}]},{"@type":"WebSite","@id":"https:\/\/www.mpc.pr.gov.br\/#website","url":"https:\/\/www.mpc.pr.gov.br\/","name":"Minist\u00e9rio P\u00fablico de Contas do Estado do Paran\u00e1","description":"","publisher":{"@id":"https:\/\/www.mpc.pr.gov.br\/#organization"},"potentialAction":[{"@type":"SearchAction","target":{"@type":"EntryPoint","urlTemplate":"https:\/\/www.mpc.pr.gov.br\/?s={search_term_string}"},"query-input":{"@type":"PropertyValueSpecification","valueRequired":true,"valueName":"search_term_string"}}],"inLanguage":"pt-BR"},{"@type":"Organization","@id":"https:\/\/www.mpc.pr.gov.br\/#organization","name":"Minist\u00e9rio P\u00fablico de Contas do Estado do Paran\u00e1","url":"https:\/\/www.mpc.pr.gov.br\/","logo":{"@type":"ImageObject","inLanguage":"pt-BR","@id":"https:\/\/www.mpc.pr.gov.br\/#\/schema\/logo\/image\/","url":"https:\/\/www.mpc.pr.gov.br\/wp-content\/uploads\/2020\/06\/99423647_1593460364143890_6706793420720963584_n-1-e1591387983167.png","contentUrl":"https:\/\/www.mpc.pr.gov.br\/wp-content\/uploads\/2020\/06\/99423647_1593460364143890_6706793420720963584_n-1-e1591387983167.png","width":243,"height":73,"caption":"Minist\u00e9rio P\u00fablico de Contas do Estado do Paran\u00e1"},"image":{"@id":"https:\/\/www.mpc.pr.gov.br\/#\/schema\/logo\/image\/"},"sameAs":["https:\/\/www.facebook.com\/mpc.pr","https:\/\/www.instagram.com\/mpc.pr\/?hl=pt-br","https:\/\/www.youtube.com\/channel\/UCHri5oEM8DV0ztX57E0sBSw"]},{"@type":"Person","@id":"https:\/\/www.mpc.pr.gov.br\/#\/schema\/person\/2d83cb8980538d0ec174e8a6284f5e11","name":"mpcontaspr","image":{"@type":"ImageObject","inLanguage":"pt-BR","@id":"https:\/\/secure.gravatar.com\/avatar\/1aef51541db7622e05fd639336c9c9f312c2a618396e2b6ca96846362fc5403f?s=96&d=mm&r=g","url":"https:\/\/secure.gravatar.com\/avatar\/1aef51541db7622e05fd639336c9c9f312c2a618396e2b6ca96846362fc5403f?s=96&d=mm&r=g","contentUrl":"https:\/\/secure.gravatar.com\/avatar\/1aef51541db7622e05fd639336c9c9f312c2a618396e2b6ca96846362fc5403f?s=96&d=mm&r=g","caption":"mpcontaspr"},"sameAs":["http:\/\/www.mpc.pr.gov.br"]}]}},"rttpg_featured_image_url":{"full":["https:\/\/www.mpc.pr.gov.br\/wp-content\/uploads\/2025\/10\/Apresentacao-Identidade-Visual-I-Encontro-Nacional-de-Secretarias-dos-MPCs.png",1920,1080,false],"landscape":["https:\/\/www.mpc.pr.gov.br\/wp-content\/uploads\/2025\/10\/Apresentacao-Identidade-Visual-I-Encontro-Nacional-de-Secretarias-dos-MPCs.png",1920,1080,false],"portraits":["https:\/\/www.mpc.pr.gov.br\/wp-content\/uploads\/2025\/10\/Apresentacao-Identidade-Visual-I-Encontro-Nacional-de-Secretarias-dos-MPCs.png",1920,1080,false],"thumbnail":["https:\/\/www.mpc.pr.gov.br\/wp-content\/uploads\/2025\/10\/Apresentacao-Identidade-Visual-I-Encontro-Nacional-de-Secretarias-dos-MPCs-150x150.png",150,150,true],"medium":["https:\/\/www.mpc.pr.gov.br\/wp-content\/uploads\/2025\/10\/Apresentacao-Identidade-Visual-I-Encontro-Nacional-de-Secretarias-dos-MPCs-300x169.png",300,169,true],"large":["https:\/\/www.mpc.pr.gov.br\/wp-content\/uploads\/2025\/10\/Apresentacao-Identidade-Visual-I-Encontro-Nacional-de-Secretarias-dos-MPCs-1024x576.png",1024,576,true],"1536x1536":["https:\/\/www.mpc.pr.gov.br\/wp-content\/uploads\/2025\/10\/Apresentacao-Identidade-Visual-I-Encontro-Nacional-de-Secretarias-dos-MPCs-1536x864.png",1536,864,true],"2048x2048":["https:\/\/www.mpc.pr.gov.br\/wp-content\/uploads\/2025\/10\/Apresentacao-Identidade-Visual-I-Encontro-Nacional-de-Secretarias-dos-MPCs.png",1920,1080,false],"ocean-thumb-m":["https:\/\/www.mpc.pr.gov.br\/wp-content\/uploads\/2025\/10\/Apresentacao-Identidade-Visual-I-Encontro-Nacional-de-Secretarias-dos-MPCs-600x600.png",600,600,true],"ocean-thumb-ml":["https:\/\/www.mpc.pr.gov.br\/wp-content\/uploads\/2025\/10\/Apresentacao-Identidade-Visual-I-Encontro-Nacional-de-Secretarias-dos-MPCs-800x450.png",800,450,true],"ocean-thumb-l":["https:\/\/www.mpc.pr.gov.br\/wp-content\/uploads\/2025\/10\/Apresentacao-Identidade-Visual-I-Encontro-Nacional-de-Secretarias-dos-MPCs-1200x700.png",1200,700,true]},"rttpg_author":{"display_name":"mpcontaspr","author_link":"https:\/\/www.mpc.pr.gov.br\/index.php\/author\/mpcontaspr\/"},"rttpg_comment":0,"rttpg_category":"<a href=\"https:\/\/www.mpc.pr.gov.br\/index.php\/category\/todas-as-noticias\/\" rel=\"category tag\">Todas as not\u00edcias<\/a>","rttpg_excerpt":"A express\u00e3o \u201cCora\u00e7\u00e3o pulsante\u201d foi utilizada pelos Procuradores do Minist\u00e9rio P\u00fablico de Contas do Estado de Pernambuco, o que conferiu especial cuidado e carinho com o evento.\u00a0 O I Encontro Nacional de Secretarias dos Minist\u00e9rios P\u00fablicos de Contas (MPCs) ocorreu nesta segunda-feira (20), reunindo autoridades e servidores de todos os Estados do Brasil. O encontro&hellip;","_links":{"self":[{"href":"https:\/\/www.mpc.pr.gov.br\/index.php\/wp-json\/wp\/v2\/posts\/24572","targetHints":{"allow":["GET"]}}],"collection":[{"href":"https:\/\/www.mpc.pr.gov.br\/index.php\/wp-json\/wp\/v2\/posts"}],"about":[{"href":"https:\/\/www.mpc.pr.gov.br\/index.php\/wp-json\/wp\/v2\/types\/post"}],"author":[{"embeddable":true,"href":"https:\/\/www.mpc.pr.gov.br\/index.php\/wp-json\/wp\/v2\/users\/1"}],"replies":[{"embeddable":true,"href":"https:\/\/www.mpc.pr.gov.br\/index.php\/wp-json\/wp\/v2\/comments?post=24572"}],"version-history":[{"count":1,"href":"https:\/\/www.mpc.pr.gov.br\/index.php\/wp-json\/wp\/v2\/posts\/24572\/revisions"}],"predecessor-version":[{"id":24574,"href":"https:\/\/www.mpc.pr.gov.br\/index.php\/wp-json\/wp\/v2\/posts\/24572\/revisions\/24574"}],"wp:featuredmedia":[{"embeddable":true,"href":"https:\/\/www.mpc.pr.gov.br\/index.php\/wp-json\/wp\/v2\/media\/24573"}],"wp:attachment":[{"href":"https:\/\/www.mpc.pr.gov.br\/index.php\/wp-json\/wp\/v2\/media?parent=24572"}],"wp:term":[{"taxonomy":"category","embeddable":true,"href":"https:\/\/www.mpc.pr.gov.br\/index.php\/wp-json\/wp\/v2\/categories?post=24572"},{"taxonomy":"post_tag","embeddable":true,"href":"https:\/\/www.mpc.pr.gov.br\/index.php\/wp-json\/wp\/v2\/tags?post=24572"}],"curies":[{"name":"wp","href":"https:\/\/api.w.org\/{rel}","templated":true}]}}