{"id":24606,"date":"2025-10-23T15:13:41","date_gmt":"2025-10-23T18:13:41","guid":{"rendered":"https:\/\/www.mpc.pr.gov.br\/?p=24606"},"modified":"2025-11-04T09:37:50","modified_gmt":"2025-11-04T12:37:50","slug":"mpc-pr-e-afiscopr-realizam-cerimonia-de-premiacao-do-programa-de-educacao-fiscal-nas-escolas","status":"publish","type":"post","link":"https:\/\/www.mpc.pr.gov.br\/index.php\/mpc-pr-e-afiscopr-realizam-cerimonia-de-premiacao-do-programa-de-educacao-fiscal-nas-escolas\/","title":{"rendered":"MPC-PR e AFISCOPR realizam cerim\u00f4nia de premia\u00e7\u00e3o do Programa de Educa\u00e7\u00e3o Fiscal nas Escolas"},"content":{"rendered":"<blockquote><p><span class=\"TextRun SCXW183984573 BCX0\" lang=\"PT-BR\" xml:lang=\"PT-BR\" data-contrast=\"auto\"><span class=\"NormalTextRun SCXW183984573 BCX0\">O projeto-piloto foi desenvolvido com alunos e professores do <\/span><span class=\"NormalTextRun SCXW183984573 BCX0\">Munic\u00edpio de Jaguaria\u00edva<\/span><span class=\"NormalTextRun SCXW183984573 BCX0\">.<\/span><\/span><span class=\"EOP SCXW183984573 BCX0\" data-ccp-props=\"{&quot;201341983&quot;:0,&quot;335551550&quot;:6,&quot;335551620&quot;:6,&quot;335559740&quot;:360}\">\u00a0<\/span><\/p><\/blockquote>\n<p><span data-contrast=\"auto\"><img decoding=\"async\" class=\"size-medium wp-image-24620 alignleft\" src=\"https:\/\/www.mpc.pr.gov.br\/wp-content\/uploads\/2025\/10\/FOLDER-SYMPLA-300x157.png\" alt=\"\" width=\"300\" height=\"157\" srcset=\"https:\/\/www.mpc.pr.gov.br\/wp-content\/uploads\/2025\/10\/FOLDER-SYMPLA-300x157.png 300w, https:\/\/www.mpc.pr.gov.br\/wp-content\/uploads\/2025\/10\/FOLDER-SYMPLA-1024x536.png 1024w, https:\/\/www.mpc.pr.gov.br\/wp-content\/uploads\/2025\/10\/FOLDER-SYMPLA-768x402.png 768w, https:\/\/www.mpc.pr.gov.br\/wp-content\/uploads\/2025\/10\/FOLDER-SYMPLA-1536x804.png 1536w, https:\/\/www.mpc.pr.gov.br\/wp-content\/uploads\/2025\/10\/FOLDER-SYMPLA.png 1600w\" sizes=\"(max-width: 300px) 100vw, 300px\" \/>O Minist\u00e9rio P\u00fablico de Contas do Estado do Paran\u00e1 (MPC-PR) e a Associa\u00e7\u00e3o dos Auditores e Fiscais Tribut\u00e1rios Municipais do Paran\u00e1 (AFISCOPR) promovem, no pr\u00f3ximo dia 18 de novembro, o evento de premia\u00e7\u00e3o do \u201c<strong>Projeto-Piloto: Programa Municipal de Educa\u00e7\u00e3o Fiscal nas Escolas \u2013 Munic\u00edpio de Jaguaria\u00edva<\/strong>\u201d.<\/span><span data-ccp-props=\"{&quot;201341983&quot;:0,&quot;335551550&quot;:6,&quot;335551620&quot;:6,&quot;335559740&quot;:360}\">\u00a0<\/span><\/p>\n<p><span data-contrast=\"auto\">O evento ser\u00e1 realizado no <strong>dia 18 de novembro<\/strong>, das <strong>8h30 \u00e0s 12h<\/strong>, no <strong>Audit\u00f3rio do Tribunal de Contas do Estado do Paran\u00e1 (TCE-PR)<\/strong>, localizado na Pra\u00e7a Nossa Senhora de Salette s\/n, Centro C\u00edvico, Curitiba\/PR. Com <strong>150 vagas dispon\u00edveis<\/strong>, o evento reunir\u00e1 autoridades estaduais e municipais, gestores p\u00fablicos e representantes de entidades parceiras.<\/span><span data-ccp-props=\"{&quot;201341983&quot;:0,&quot;335551550&quot;:6,&quot;335551620&quot;:6,&quot;335559740&quot;:360}\">\u00a0<\/span><\/p>\n<p><span data-contrast=\"auto\">Durante o evento, ser\u00e3o premiados estudantes, professores e os diretores das escolas participantes do projeto em Jaguaria\u00edva, reconhecendo o engajamento e a dedica\u00e7\u00e3o de toda a comunidade escolar. Tamb\u00e9m haver\u00e1 homenagens a parceiros e apoiadores que contribu\u00edram para o sucesso da iniciativa.<\/span><span data-ccp-props=\"{&quot;201341983&quot;:0,&quot;335551550&quot;:6,&quot;335551620&quot;:6,&quot;335559740&quot;:360}\">\u00a0<\/span><\/p>\n<p><span data-contrast=\"auto\">O evento \u00e9 um marco importante na consolida\u00e7\u00e3o da Educa\u00e7\u00e3o Fiscal como ferramenta de cidadania e transpar\u00eancia na gest\u00e3o p\u00fablica. As <strong>inscri\u00e7\u00f5es s\u00e3o gratuitas<\/strong> e podem ser realizadas por meio do link: <\/span><strong><a href=\"https:\/\/www.sympla.com.br\/evento\/premio-projeto-piloto-programa-municipal-de-educacao-fiscal-nas-escolas---municipio-de-jaguariaiva\/3163866\">https:\/\/www.sympla.com.br\/evento\/premio-projeto-piloto-programa-municipal-de-educacao-fiscal-nas-escolas&#8212;municipio-de-jaguariaiva\/3163866<\/a><\/strong><span data-contrast=\"auto\">.<\/span><span data-ccp-props=\"{&quot;201341983&quot;:0,&quot;335551550&quot;:6,&quot;335551620&quot;:6,&quot;335559740&quot;:360}\">\u00a0<\/span><\/p>\n<h4><b><span data-contrast=\"auto\">Forma\u00e7\u00e3o cidad\u00e3 e controle social\u00a0<\/span><\/b><span data-ccp-props=\"{&quot;201341983&quot;:0,&quot;335551550&quot;:6,&quot;335551620&quot;:6,&quot;335559740&quot;:360}\">\u00a0<\/span><\/h4>\n<p><span data-contrast=\"auto\">O Programa Municipal de Educa\u00e7\u00e3o Fiscal \u00e9 resultado de um <a href=\"https:\/\/www.mpc.pr.gov.br\/wp-content\/uploads\/2025\/04\/Termo-de-Cooperacao-Tecnica-1-2025-MPC-PR-e-AFISCO-PR.2.pdf.pdf\">Acordo de Coopera\u00e7\u00e3o T\u00e9cnica entre o MPC-PR e a AFISCOPR<\/a>, e faz parte de um conjunto de a\u00e7\u00f5es que buscam levar a Educa\u00e7\u00e3o Fiscal aos 399 munic\u00edpios paranaenses, fortalecendo o exerc\u00edcio da cidadania, o controle social e a transpar\u00eancia na gest\u00e3o p\u00fablica.<\/span><span data-ccp-props=\"{&quot;201341983&quot;:0,&quot;335551550&quot;:6,&quot;335551620&quot;:6,&quot;335559740&quot;:360}\">\u00a0<\/span><\/p>\n<p><span data-contrast=\"auto\">O programa conta ainda com o apoio da <a href=\"https:\/\/www.fazenda.pr.gov.br\/Editoria\/Receita-Estadual\">Secretaria da Fazenda do Paran\u00e1 (SEFAZ)<\/a>, da <a href=\"https:\/\/efaz.fazenda.pr.gov.br\/\">Escola Fazend\u00e1ria do Paran\u00e1 (EFAZ)<\/a>, da <a href=\"https:\/\/www.fazenda.pr.gov.br\/Pagina\/Receita-Estadual-do-Parana-Reparticoes\">Receita Estadual do Paran\u00e1 (REPR)<\/a>, da <a href=\"https:\/\/ampr.org.br\/\">Associa\u00e7\u00e3o dos Munic\u00edpios do Paran\u00e1 (AMP)<\/a>, da <a href=\"https:\/\/assomec.org.br\/\">Associa\u00e7\u00e3o dos Munic\u00edpios da Regi\u00e3o Metropolitana de Curitiba (ASSOMEC)<\/a>, da <a href=\"https:\/\/www.amcg.com.br\/\">Associa\u00e7\u00e3o dos Munic\u00edpios dos Campos Gerais (AMCG)<\/a>, do <a href=\"https:\/\/sindafep.com.br\/\">Sindicato dos Auditores Fiscais da Receita Estadual do Paran\u00e1 (SINDAFEP)<\/a> e da <a href=\"https:\/\/www.jaguariaiva.pr.gov.br\/\">Prefeitura Municipal de Jaguaria\u00edva<\/a>.<\/span><span data-ccp-props=\"{&quot;201341983&quot;:0,&quot;335551550&quot;:6,&quot;335551620&quot;:6,&quot;335559740&quot;:360}\">\u00a0<\/span><\/p>\n<p><span data-contrast=\"auto\">Voltado principalmente a estudantes do 1\u00ba ao 5\u00ba ano do Ensino Fundamental, o programa objetiva estimular valores como responsabilidade, \u00e9tica e transpar\u00eancia, despertando o interesse das novas gera\u00e7\u00f5es pelo controle social e pela boa governan\u00e7a.\u00a0<\/span><span data-ccp-props=\"{&quot;201341983&quot;:0,&quot;335551550&quot;:6,&quot;335551620&quot;:6,&quot;335559740&quot;:360}\">\u00a0<\/span><\/p>\n<p><span data-contrast=\"auto\">Al\u00e9m do impacto educativo, o projeto assume um papel estrat\u00e9gico diante da <a href=\"https:\/\/www.planalto.gov.br\/ccivil_03\/constituicao\/emendas\/emc\/emc132.htm\">Reforma Tribut\u00e1ria (EC n\u00ba 132\/2023)<\/a> e das novas legisla\u00e7\u00f5es que exigem dos munic\u00edpios maior efici\u00eancia na arrecada\u00e7\u00e3o, transpar\u00eancia fiscal e fortalecimento das administra\u00e7\u00f5es tribut\u00e1rias locais.<\/span><span data-ccp-props=\"{&quot;201341983&quot;:0,&quot;335551550&quot;:6,&quot;335551620&quot;:6,&quot;335559740&quot;:360}\">\u00a0<\/span><\/p>\n<h4><b><span data-contrast=\"auto\">Reconhecimento e premia\u00e7\u00e3o<\/span><\/b><span data-ccp-props=\"{&quot;201341983&quot;:0,&quot;335551550&quot;:6,&quot;335551620&quot;:6,&quot;335559740&quot;:360}\">\u00a0<\/span><\/h4>\n<p><span data-contrast=\"auto\">Durante o evento, ser\u00e3o premiados estudantes, professores e diretores das escolas municipais que participaram da iniciativa, dentre elas: Escola M. Carlos Carneiro Sampaio, Escola M. Dalva de Azevedo Delgado, Escola M. Prefeito Aristides Soares, Escola M. J\u00falio de Mesquita Filho, Escola M. Elza Baptista Fonseca, Escola M. Antonio Fanchin, Escola M. Walqu\u00edria Carneiro Xavier da Silva, Escola M. Prof. Rosa Maria Collete da Rocha Leite, Escola M. Maria de Lourdes Oliveira Taques e Escola Rural Municipal Maria Nicoletti Ribas.<\/span><span data-ccp-props=\"{&quot;201341983&quot;:0,&quot;335551550&quot;:6,&quot;335551620&quot;:6,&quot;335559740&quot;:360}\">\u00a0<\/span><\/p>\n<p><span data-contrast=\"auto\">Al\u00e9m disso, a programa\u00e7\u00e3o conta<\/span><span data-contrast=\"auto\">r\u00e1 com um painel com integrantes do MPC-PR, homenagens a parceiros institucionais e uma palestra com represe<\/span><span data-contrast=\"auto\">ntantes do Grupo de Educa\u00e7\u00e3o Fiscal do Paran\u00e1 e da Nota Paran\u00e1, destacando boas pr\u00e1ticas e o papel da educa\u00e7\u00e3o como motor de transforma\u00e7\u00e3o social.<\/span><span data-ccp-props=\"{&quot;201341983&quot;:0,&quot;335551550&quot;:6,&quot;335551620&quot;:6,&quot;335559740&quot;:360}\">\u00a0<\/span><\/p>\n<h4><b><span data-contrast=\"auto\">Programa\u00e7\u00e3o oficial<\/span><\/b><span data-ccp-props=\"{&quot;201341983&quot;:0,&quot;335551550&quot;:6,&quot;335551620&quot;:6,&quot;335559740&quot;:360}\">\u00a0<\/span><\/h4>\n<p><b><span data-contrast=\"auto\">08h30 \u2013 09h00 | Recep\u00e7\u00e3o dos participantes e convidados<\/span><\/b><span data-ccp-props=\"{&quot;201341983&quot;:0,&quot;335551550&quot;:6,&quot;335551620&quot;:6,&quot;335559740&quot;:360}\">\u00a0<\/span><\/p>\n<p><b><span data-contrast=\"auto\">09h00 \u2013 09h30 | Abertura\u00a0<\/span><\/b><span data-ccp-props=\"{&quot;201341983&quot;:0,&quot;335551550&quot;:6,&quot;335551620&quot;:6,&quot;335559740&quot;:360}\">\u00a0<\/span><\/p>\n<ul>\n<li aria-setsize=\"-1\" data-leveltext=\"\uf0b7\" data-font=\"Symbol\" data-listid=\"4\" data-list-defn-props=\"{&quot;335552541&quot;:1,&quot;335559685&quot;:720,&quot;335559991&quot;:360,&quot;469769226&quot;:&quot;Symbol&quot;,&quot;469769242&quot;:[8226],&quot;469777803&quot;:&quot;left&quot;,&quot;469777804&quot;:&quot;\uf0b7&quot;,&quot;469777815&quot;:&quot;hybridMultilevel&quot;}\" data-aria-posinset=\"1\" data-aria-level=\"1\"><span data-contrast=\"auto\">Dr. Gabriel Guy L\u00e9ger &#8211; Procurador-Geral do Minist\u00e9rio P\u00fablico de Contas do Paran\u00e1 (MPC-PR);<\/span><span data-ccp-props=\"{&quot;201341983&quot;:0,&quot;335551550&quot;:6,&quot;335551620&quot;:6,&quot;335559740&quot;:360}\">\u00a0<\/span><\/li>\n<\/ul>\n<ul>\n<li aria-setsize=\"-1\" data-leveltext=\"\uf0b7\" data-font=\"Symbol\" data-listid=\"4\" data-list-defn-props=\"{&quot;335552541&quot;:1,&quot;335559685&quot;:720,&quot;335559991&quot;:360,&quot;469769226&quot;:&quot;Symbol&quot;,&quot;469769242&quot;:[8226],&quot;469777803&quot;:&quot;left&quot;,&quot;469777804&quot;:&quot;\uf0b7&quot;,&quot;469777815&quot;:&quot;hybridMultilevel&quot;}\" data-aria-posinset=\"2\" data-aria-level=\"1\"><span data-contrast=\"auto\">Dr. Ivens Zschoerper Linhares &#8211; Conselheiro Presidente do Tribunal de Contas do Paran\u00e1 (TCE-PR);<\/span><span data-ccp-props=\"{&quot;201341983&quot;:0,&quot;335551550&quot;:6,&quot;335551620&quot;:6,&quot;335559740&quot;:360}\">\u00a0<\/span><\/li>\n<\/ul>\n<ul>\n<li aria-setsize=\"-1\" data-leveltext=\"\uf0b7\" data-font=\"Symbol\" data-listid=\"4\" data-list-defn-props=\"{&quot;335552541&quot;:1,&quot;335559685&quot;:720,&quot;335559991&quot;:360,&quot;469769226&quot;:&quot;Symbol&quot;,&quot;469769242&quot;:[8226],&quot;469777803&quot;:&quot;left&quot;,&quot;469777804&quot;:&quot;\uf0b7&quot;,&quot;469777815&quot;:&quot;hybridMultilevel&quot;}\" data-aria-posinset=\"3\" data-aria-level=\"1\"><span data-contrast=\"auto\">Alexandre Amaro &#8211; Deputado Estadual do Paran\u00e1;<\/span><span data-ccp-props=\"{&quot;201341983&quot;:0,&quot;335551550&quot;:6,&quot;335551620&quot;:6,&quot;335559740&quot;:360}\">\u00a0<\/span><\/li>\n<\/ul>\n<ul>\n<li aria-setsize=\"-1\" data-leveltext=\"\uf0b7\" data-font=\"Symbol\" data-listid=\"4\" data-list-defn-props=\"{&quot;335552541&quot;:1,&quot;335559685&quot;:720,&quot;335559991&quot;:360,&quot;469769226&quot;:&quot;Symbol&quot;,&quot;469769242&quot;:[8226],&quot;469777803&quot;:&quot;left&quot;,&quot;469777804&quot;:&quot;\uf0b7&quot;,&quot;469777815&quot;:&quot;hybridMultilevel&quot;}\" data-aria-posinset=\"4\" data-aria-level=\"1\"><span data-contrast=\"auto\">Prefeito de Assis Chateaubriand, Marcel Micheletto &#8211; Presidente da Associa\u00e7\u00e3o dos Munic\u00edpios do Paran\u00e1 (AMP);<\/span><span data-ccp-props=\"{&quot;201341983&quot;:0,&quot;335551550&quot;:6,&quot;335551620&quot;:6,&quot;335559740&quot;:360}\">\u00a0<\/span><\/li>\n<\/ul>\n<ul>\n<li aria-setsize=\"-1\" data-leveltext=\"\uf0b7\" data-font=\"Symbol\" data-listid=\"4\" data-list-defn-props=\"{&quot;335552541&quot;:1,&quot;335559685&quot;:720,&quot;335559991&quot;:360,&quot;469769226&quot;:&quot;Symbol&quot;,&quot;469769242&quot;:[8226],&quot;469777803&quot;:&quot;left&quot;,&quot;469777804&quot;:&quot;\uf0b7&quot;,&quot;469777815&quot;:&quot;hybridMultilevel&quot;}\" data-aria-posinset=\"5\" data-aria-level=\"1\"><span data-contrast=\"auto\">Prefeito de Colombo, Helder Lazarotto &#8211; Presidente da Associa\u00e7\u00e3o dos Munic\u00edpios da Regi\u00e3o Metropolitana de Curitiba (Assomec);<\/span><span data-ccp-props=\"{&quot;201341983&quot;:0,&quot;335551550&quot;:6,&quot;335551620&quot;:6,&quot;335559740&quot;:360}\">\u00a0<\/span><\/li>\n<\/ul>\n<ul>\n<li aria-setsize=\"-1\" data-leveltext=\"\uf0b7\" data-font=\"Symbol\" data-listid=\"4\" data-list-defn-props=\"{&quot;335552541&quot;:1,&quot;335559685&quot;:720,&quot;335559991&quot;:360,&quot;469769226&quot;:&quot;Symbol&quot;,&quot;469769242&quot;:[8226],&quot;469777803&quot;:&quot;left&quot;,&quot;469777804&quot;:&quot;\uf0b7&quot;,&quot;469777815&quot;:&quot;hybridMultilevel&quot;}\" data-aria-posinset=\"6\" data-aria-level=\"1\"><span data-contrast=\"auto\">Prefeita de Imba\u00fa, Dayane Sovinsk &#8211; Presidente da Associa\u00e7\u00e3o dos Munic\u00edpios dos Campos Gerais (AMCG);<\/span><span data-ccp-props=\"{&quot;201341983&quot;:0,&quot;335551550&quot;:6,&quot;335551620&quot;:6,&quot;335559740&quot;:360}\">\u00a0<\/span><\/li>\n<\/ul>\n<ul>\n<li aria-setsize=\"-1\" data-leveltext=\"\uf0b7\" data-font=\"Symbol\" data-listid=\"4\" data-list-defn-props=\"{&quot;335552541&quot;:1,&quot;335559685&quot;:720,&quot;335559991&quot;:360,&quot;469769226&quot;:&quot;Symbol&quot;,&quot;469769242&quot;:[8226],&quot;469777803&quot;:&quot;left&quot;,&quot;469777804&quot;:&quot;\uf0b7&quot;,&quot;469777815&quot;:&quot;hybridMultilevel&quot;}\" data-aria-posinset=\"7\" data-aria-level=\"1\"><span data-contrast=\"auto\">Prefeito de Jaguaria\u00edva, Jose Sloboda &#8211; Projeto Piloto: Programa Municipal de Educa\u00e7\u00e3o Fiscal nas Escolas;<\/span><span data-ccp-props=\"{&quot;201341983&quot;:0,&quot;335551550&quot;:6,&quot;335551620&quot;:6,&quot;335559740&quot;:360}\">\u00a0<\/span><\/li>\n<\/ul>\n<ul>\n<li aria-setsize=\"-1\" data-leveltext=\"\uf0b7\" data-font=\"Symbol\" data-listid=\"4\" data-list-defn-props=\"{&quot;335552541&quot;:1,&quot;335559685&quot;:720,&quot;335559991&quot;:360,&quot;469769226&quot;:&quot;Symbol&quot;,&quot;469769242&quot;:[8226],&quot;469777803&quot;:&quot;left&quot;,&quot;469777804&quot;:&quot;\uf0b7&quot;,&quot;469777815&quot;:&quot;hybridMultilevel&quot;}\" data-aria-posinset=\"8\" data-aria-level=\"1\"><span data-contrast=\"auto\">Suzane A. Gambetta Dobjenski &#8211; Diretora da Receita Estadual do Paran\u00e1;<\/span><span data-ccp-props=\"{&quot;201341983&quot;:0,&quot;335551550&quot;:6,&quot;335551620&quot;:6,&quot;335559740&quot;:360}\">\u00a0<\/span><\/li>\n<\/ul>\n<ul>\n<li aria-setsize=\"-1\" data-leveltext=\"\uf0b7\" data-font=\"Symbol\" data-listid=\"4\" data-list-defn-props=\"{&quot;335552541&quot;:1,&quot;335559685&quot;:720,&quot;335559991&quot;:360,&quot;469769226&quot;:&quot;Symbol&quot;,&quot;469769242&quot;:[8226],&quot;469777803&quot;:&quot;left&quot;,&quot;469777804&quot;:&quot;\uf0b7&quot;,&quot;469777815&quot;:&quot;hybridMultilevel&quot;}\" data-aria-posinset=\"9\" data-aria-level=\"1\"><span data-contrast=\"auto\">Barbara Krysttal Motta Almeida Reis &#8211; Diretora Geral do Minist\u00e9rio P\u00fablico de Contas do Paran\u00e1 (MPC-PR);<\/span><span data-ccp-props=\"{&quot;201341983&quot;:0,&quot;335551550&quot;:6,&quot;335551620&quot;:6,&quot;335559740&quot;:360}\">\u00a0<\/span><\/li>\n<\/ul>\n<ul>\n<li aria-setsize=\"-1\" data-leveltext=\"\uf0b7\" data-font=\"Symbol\" data-listid=\"4\" data-list-defn-props=\"{&quot;335552541&quot;:1,&quot;335559685&quot;:720,&quot;335559991&quot;:360,&quot;469769226&quot;:&quot;Symbol&quot;,&quot;469769242&quot;:[8226],&quot;469777803&quot;:&quot;left&quot;,&quot;469777804&quot;:&quot;\uf0b7&quot;,&quot;469777815&quot;:&quot;hybridMultilevel&quot;}\" data-aria-posinset=\"10\" data-aria-level=\"1\"><span data-contrast=\"auto\">Fernades do Santos &#8211; Presidente do Sindicato dos Auditores Fiscais da Receita Estadual do Paran\u00e1 (SINDAFEP);<\/span><span data-ccp-props=\"{&quot;201341983&quot;:0,&quot;335551550&quot;:6,&quot;335551620&quot;:6,&quot;335559740&quot;:360}\">\u00a0<\/span><\/li>\n<\/ul>\n<ul>\n<li aria-setsize=\"-1\" data-leveltext=\"\uf0b7\" data-font=\"Symbol\" data-listid=\"4\" data-list-defn-props=\"{&quot;335552541&quot;:1,&quot;335559685&quot;:720,&quot;335559991&quot;:360,&quot;469769226&quot;:&quot;Symbol&quot;,&quot;469769242&quot;:[8226],&quot;469777803&quot;:&quot;left&quot;,&quot;469777804&quot;:&quot;\uf0b7&quot;,&quot;469777815&quot;:&quot;hybridMultilevel&quot;}\" data-aria-posinset=\"11\" data-aria-level=\"1\"><span data-contrast=\"auto\">Eliel Mendes dos Santos Sales Vieira &#8211; Presidente da Associa\u00e7\u00e3o dos Auditores e Fiscais Tribut\u00e1rios Municipais do Paran\u00e1 (AFISCOPR).<\/span><span data-ccp-props=\"{&quot;201341983&quot;:0,&quot;335551550&quot;:6,&quot;335551620&quot;:6,&quot;335559740&quot;:360}\">\u00a0<\/span><\/li>\n<\/ul>\n<p><b><span data-contrast=\"auto\">09h30 \u2013 10h10 | Painel MPC-PR<\/span><\/b><span data-ccp-props=\"{&quot;201341983&quot;:0,&quot;335551550&quot;:6,&quot;335551620&quot;:6,&quot;335559740&quot;:360}\">\u00a0<\/span><\/p>\n<ul>\n<li aria-setsize=\"-1\" data-leveltext=\"\uf0b7\" data-font=\"Symbol\" data-listid=\"3\" data-list-defn-props=\"{&quot;335552541&quot;:1,&quot;335559685&quot;:720,&quot;335559991&quot;:360,&quot;469769226&quot;:&quot;Symbol&quot;,&quot;469769242&quot;:[8226],&quot;469777803&quot;:&quot;left&quot;,&quot;469777804&quot;:&quot;\uf0b7&quot;,&quot;469777815&quot;:&quot;hybridMultilevel&quot;}\" data-aria-posinset=\"1\" data-aria-level=\"1\"><span data-contrast=\"auto\">Dr. Gabriel Guy L\u00e9ger &#8211; Procurador-Geral do Minist\u00e9rio P\u00fablico de Contas do Estado do Paran\u00e1 (MPC-PR);<\/span><span data-ccp-props=\"{&quot;201341983&quot;:0,&quot;335551550&quot;:6,&quot;335551620&quot;:6,&quot;335559740&quot;:360}\">\u00a0<\/span><\/li>\n<\/ul>\n<ul>\n<li aria-setsize=\"-1\" data-leveltext=\"\uf0b7\" data-font=\"Symbol\" data-listid=\"3\" data-list-defn-props=\"{&quot;335552541&quot;:1,&quot;335559685&quot;:720,&quot;335559991&quot;:360,&quot;469769226&quot;:&quot;Symbol&quot;,&quot;469769242&quot;:[8226],&quot;469777803&quot;:&quot;left&quot;,&quot;469777804&quot;:&quot;\uf0b7&quot;,&quot;469777815&quot;:&quot;hybridMultilevel&quot;}\" data-aria-posinset=\"2\" data-aria-level=\"1\"><span data-contrast=\"auto\">Dr. Fl\u00e1vio de Azambuja Berti &#8211; Procurador do Minist\u00e9rio P\u00fablico de Contas (MPC-PR);<\/span><span data-ccp-props=\"{&quot;201341983&quot;:0,&quot;335551550&quot;:6,&quot;335551620&quot;:6,&quot;335559740&quot;:360}\">\u00a0<\/span><\/li>\n<\/ul>\n<p><b><span data-contrast=\"auto\">10h10 \u2013 11h10 | Homenagens Especiais<\/span><\/b><span data-ccp-props=\"{&quot;201341983&quot;:0,&quot;335551550&quot;:6,&quot;335551620&quot;:6,&quot;335559740&quot;:360}\">\u00a0<\/span><\/p>\n<ul>\n<li aria-setsize=\"-1\" data-leveltext=\"\uf0b7\" data-font=\"Symbol\" data-listid=\"2\" data-list-defn-props=\"{&quot;335552541&quot;:1,&quot;335559685&quot;:720,&quot;335559991&quot;:360,&quot;469769226&quot;:&quot;Symbol&quot;,&quot;469769242&quot;:[8226],&quot;469777803&quot;:&quot;left&quot;,&quot;469777804&quot;:&quot;\uf0b7&quot;,&quot;469777815&quot;:&quot;hybridMultilevel&quot;}\" data-aria-posinset=\"1\" data-aria-level=\"1\"><span data-contrast=\"auto\">Reconhecimento a parceiros e institui\u00e7\u00f5es apoiadoras e demais participantes que contribu\u00edram para o sucesso do projeto.<\/span><span data-ccp-props=\"{&quot;201341983&quot;:0,&quot;335551550&quot;:6,&quot;335551620&quot;:6,&quot;335559740&quot;:360}\">\u00a0<\/span><\/li>\n<\/ul>\n<p><b><span data-contrast=\"auto\">11h10 \u2013 11h30 | Palestra<\/span><\/b><span data-ccp-props=\"{&quot;201341983&quot;:0,&quot;335551550&quot;:6,&quot;335551620&quot;:6,&quot;335559740&quot;:360}\">\u00a0<\/span><\/p>\n<ul>\n<li aria-setsize=\"-1\" data-leveltext=\"\uf0b7\" data-font=\"Symbol\" data-listid=\"1\" data-list-defn-props=\"{&quot;335552541&quot;:1,&quot;335559685&quot;:720,&quot;335559991&quot;:360,&quot;469769226&quot;:&quot;Symbol&quot;,&quot;469769242&quot;:[8226],&quot;469777803&quot;:&quot;left&quot;,&quot;469777804&quot;:&quot;\uf0b7&quot;,&quot;469777815&quot;:&quot;hybridMultilevel&quot;}\" data-aria-posinset=\"1\" data-aria-level=\"1\"><span data-contrast=\"auto\">Dra. Rosa F\u00e1tima dos Santos &#8211; Auditora Fiscal da Receita Estadual do Paran\u00e1, Membro do Grupo de Educa\u00e7\u00e3o Fiscal do Paran\u00e1;<\/span><span data-ccp-props=\"{&quot;201341983&quot;:0,&quot;335551550&quot;:6,&quot;335551620&quot;:6,&quot;335559740&quot;:360}\">\u00a0<\/span><\/li>\n<\/ul>\n<ul>\n<li aria-setsize=\"-1\" data-leveltext=\"\uf0b7\" data-font=\"Symbol\" data-listid=\"1\" data-list-defn-props=\"{&quot;335552541&quot;:1,&quot;335559685&quot;:720,&quot;335559991&quot;:360,&quot;469769226&quot;:&quot;Symbol&quot;,&quot;469769242&quot;:[8226],&quot;469777803&quot;:&quot;left&quot;,&quot;469777804&quot;:&quot;\uf0b7&quot;,&quot;469777815&quot;:&quot;hybridMultilevel&quot;}\" data-aria-posinset=\"2\" data-aria-level=\"1\"><span data-contrast=\"auto\">Marta Gambini &#8211; Auditora Fiscal da Receita Estadual do Paran\u00e1 e Coordenadora da Nota Paran\u00e1.<\/span><span data-ccp-props=\"{&quot;201341983&quot;:0,&quot;335551550&quot;:6,&quot;335551620&quot;:6,&quot;335559740&quot;:360}\">\u00a0<\/span><\/li>\n<\/ul>\n<p><b><span data-contrast=\"auto\">11h30 \u2013 12h00 | Cerim\u00f4nia de Premia\u00e7\u00e3o<\/span><\/b><span data-ccp-props=\"{&quot;201341983&quot;:0,&quot;335551550&quot;:6,&quot;335551620&quot;:6,&quot;335559740&quot;:360}\">\u00a0<\/span><\/p>\n<h4><b><span data-contrast=\"auto\">Educa\u00e7\u00e3o Fiscal como semente da cidadania<\/span><\/b><span data-ccp-props=\"{&quot;201341983&quot;:0,&quot;335551550&quot;:6,&quot;335551620&quot;:6,&quot;335559740&quot;:360}\">\u00a0<\/span><\/h4>\n<p><span data-contrast=\"auto\">O evento simboliza um importante passo na amplia\u00e7\u00e3o do Programa Municipal de Educa\u00e7\u00e3o Fiscal para os demais munic\u00edpios paranaenses. O objetivo \u00e9 que a experi\u00eancia de Jaguaria\u00edva inspire outras cidades a implementar o programa, criando uma rede de coopera\u00e7\u00e3o que fortale\u00e7a a consci\u00eancia cidad\u00e3 e a cultura de responsabilidade fiscal desde a inf\u00e2ncia.<\/span><span data-ccp-props=\"{&quot;201341983&quot;:0,&quot;335551550&quot;:6,&quot;335551620&quot;:6,&quot;335559740&quot;:360}\">\u00a0<\/span><\/p>\n","protected":false},"excerpt":{"rendered":"<p>O projeto-piloto foi desenvolvido com alunos e professores do Munic\u00edpio de Jaguaria\u00edva.\u00a0 O Minist\u00e9rio P\u00fablico de Contas do Estado do Paran\u00e1 (MPC-PR) e a Associa\u00e7\u00e3o dos Auditores e Fiscais Tribut\u00e1rios Municipais do Paran\u00e1 (AFISCOPR) promovem, no pr\u00f3ximo dia 18 de novembro, o evento de premia\u00e7\u00e3o do \u201cProjeto-Piloto: Programa Municipal de Educa\u00e7\u00e3o Fiscal nas Escolas \u2013 [&hellip;]<\/p>\n","protected":false},"author":1,"featured_media":24620,"comment_status":"open","ping_status":"open","sticky":false,"template":"","format":"standard","meta":{"_monsterinsights_skip_tracking":false,"_monsterinsights_sitenote_active":false,"_monsterinsights_sitenote_note":"","_monsterinsights_sitenote_category":0,"footnotes":""},"categories":[7],"tags":[739,104,847,792,267,13,30,846,260,39],"class_list":["post-24606","post","type-post","status-publish","format-standard","has-post-thumbnail","hentry","category-todas-as-noticias","tag-afiscopr","tag-educacao","tag-escola-municipal","tag-gestao-tributaria","tag-jaguariaiva","tag-mpc-pr","tag-parana","tag-projeto-educacao-fiscal-nas-escolas","tag-reforma-tributaria","tag-tce-pr","entry","has-media"],"yoast_head":"<!-- This site is optimized with the Yoast SEO plugin v27.3 - https:\/\/yoast.com\/product\/yoast-seo-wordpress\/ -->\n<title>MPC-PR e AFISCOPR realizam cerim\u00f4nia de premia\u00e7\u00e3o do Programa de Educa\u00e7\u00e3o Fiscal nas Escolas - Minist\u00e9rio P\u00fablico de Contas do Estado do Paran\u00e1<\/title>\n<meta name=\"robots\" content=\"index, follow, max-snippet:-1, max-image-preview:large, max-video-preview:-1\" \/>\n<link rel=\"canonical\" href=\"https:\/\/www.mpc.pr.gov.br\/index.php\/mpc-pr-e-afiscopr-realizam-cerimonia-de-premiacao-do-programa-de-educacao-fiscal-nas-escolas\/\" \/>\n<meta property=\"og:locale\" content=\"pt_BR\" \/>\n<meta property=\"og:type\" content=\"article\" \/>\n<meta property=\"og:title\" content=\"MPC-PR e AFISCOPR realizam cerim\u00f4nia de premia\u00e7\u00e3o do Programa de Educa\u00e7\u00e3o Fiscal nas Escolas - Minist\u00e9rio P\u00fablico de Contas do Estado do Paran\u00e1\" \/>\n<meta property=\"og:description\" content=\"O projeto-piloto foi desenvolvido com alunos e professores do Munic\u00edpio de Jaguaria\u00edva.\u00a0 O Minist\u00e9rio P\u00fablico de Contas do Estado do Paran\u00e1 (MPC-PR) e a Associa\u00e7\u00e3o dos Auditores e Fiscais Tribut\u00e1rios Municipais do Paran\u00e1 (AFISCOPR) promovem, no pr\u00f3ximo dia 18 de novembro, o evento de premia\u00e7\u00e3o do \u201cProjeto-Piloto: Programa Municipal de Educa\u00e7\u00e3o Fiscal nas Escolas \u2013 [&hellip;]\" \/>\n<meta property=\"og:url\" content=\"https:\/\/www.mpc.pr.gov.br\/index.php\/mpc-pr-e-afiscopr-realizam-cerimonia-de-premiacao-do-programa-de-educacao-fiscal-nas-escolas\/\" \/>\n<meta property=\"og:site_name\" content=\"Minist\u00e9rio P\u00fablico de Contas do Estado do Paran\u00e1\" \/>\n<meta property=\"article:publisher\" content=\"https:\/\/www.facebook.com\/mpc.pr\" \/>\n<meta property=\"article:published_time\" content=\"2025-10-23T18:13:41+00:00\" \/>\n<meta property=\"article:modified_time\" content=\"2025-11-04T12:37:50+00:00\" \/>\n<meta property=\"og:image\" content=\"https:\/\/www.mpc.pr.gov.br\/wp-content\/uploads\/2025\/10\/FOLDER-SYMPLA.png\" \/>\n\t<meta property=\"og:image:width\" content=\"1600\" \/>\n\t<meta property=\"og:image:height\" content=\"838\" \/>\n\t<meta property=\"og:image:type\" content=\"image\/png\" \/>\n<meta name=\"author\" content=\"mpcontaspr\" \/>\n<meta name=\"twitter:card\" content=\"summary_large_image\" \/>\n<meta name=\"twitter:label1\" content=\"Escrito por\" \/>\n\t<meta name=\"twitter:data1\" content=\"mpcontaspr\" \/>\n\t<meta name=\"twitter:label2\" content=\"Est. tempo de leitura\" \/>\n\t<meta name=\"twitter:data2\" content=\"5 minutos\" \/>\n<script type=\"application\/ld+json\" class=\"yoast-schema-graph\">{\"@context\":\"https:\\\/\\\/schema.org\",\"@graph\":[{\"@type\":\"Article\",\"@id\":\"https:\\\/\\\/www.mpc.pr.gov.br\\\/index.php\\\/mpc-pr-e-afiscopr-realizam-cerimonia-de-premiacao-do-programa-de-educacao-fiscal-nas-escolas\\\/#article\",\"isPartOf\":{\"@id\":\"https:\\\/\\\/www.mpc.pr.gov.br\\\/index.php\\\/mpc-pr-e-afiscopr-realizam-cerimonia-de-premiacao-do-programa-de-educacao-fiscal-nas-escolas\\\/\"},\"author\":{\"name\":\"mpcontaspr\",\"@id\":\"https:\\\/\\\/www.mpc.pr.gov.br\\\/#\\\/schema\\\/person\\\/2d83cb8980538d0ec174e8a6284f5e11\"},\"headline\":\"MPC-PR e AFISCOPR realizam cerim\u00f4nia de premia\u00e7\u00e3o do Programa de Educa\u00e7\u00e3o Fiscal nas Escolas\",\"datePublished\":\"2025-10-23T18:13:41+00:00\",\"dateModified\":\"2025-11-04T12:37:50+00:00\",\"mainEntityOfPage\":{\"@id\":\"https:\\\/\\\/www.mpc.pr.gov.br\\\/index.php\\\/mpc-pr-e-afiscopr-realizam-cerimonia-de-premiacao-do-programa-de-educacao-fiscal-nas-escolas\\\/\"},\"wordCount\":964,\"commentCount\":0,\"publisher\":{\"@id\":\"https:\\\/\\\/www.mpc.pr.gov.br\\\/#organization\"},\"image\":{\"@id\":\"https:\\\/\\\/www.mpc.pr.gov.br\\\/index.php\\\/mpc-pr-e-afiscopr-realizam-cerimonia-de-premiacao-do-programa-de-educacao-fiscal-nas-escolas\\\/#primaryimage\"},\"thumbnailUrl\":\"https:\\\/\\\/www.mpc.pr.gov.br\\\/wp-content\\\/uploads\\\/2025\\\/10\\\/FOLDER-SYMPLA.png\",\"keywords\":[\"AFISCOPR\",\"Educa\u00e7\u00e3o\",\"Escola Municipal\",\"Gest\u00e3o Tribut\u00e1ria\",\"Jaguaria\u00edva\",\"MPC-PR\",\"Paran\u00e1\",\"Projeto Educa\u00e7\u00e3o Fiscal nas Escolas\",\"Reforma Tribut\u00e1ria\",\"TCE-PR\"],\"articleSection\":[\"Todas as not\u00edcias\"],\"inLanguage\":\"pt-BR\",\"potentialAction\":[{\"@type\":\"CommentAction\",\"name\":\"Comment\",\"target\":[\"https:\\\/\\\/www.mpc.pr.gov.br\\\/index.php\\\/mpc-pr-e-afiscopr-realizam-cerimonia-de-premiacao-do-programa-de-educacao-fiscal-nas-escolas\\\/#respond\"]}]},{\"@type\":\"WebPage\",\"@id\":\"https:\\\/\\\/www.mpc.pr.gov.br\\\/index.php\\\/mpc-pr-e-afiscopr-realizam-cerimonia-de-premiacao-do-programa-de-educacao-fiscal-nas-escolas\\\/\",\"url\":\"https:\\\/\\\/www.mpc.pr.gov.br\\\/index.php\\\/mpc-pr-e-afiscopr-realizam-cerimonia-de-premiacao-do-programa-de-educacao-fiscal-nas-escolas\\\/\",\"name\":\"MPC-PR e AFISCOPR realizam cerim\u00f4nia de premia\u00e7\u00e3o do Programa de Educa\u00e7\u00e3o Fiscal nas Escolas - Minist\u00e9rio P\u00fablico de Contas do Estado do Paran\u00e1\",\"isPartOf\":{\"@id\":\"https:\\\/\\\/www.mpc.pr.gov.br\\\/#website\"},\"primaryImageOfPage\":{\"@id\":\"https:\\\/\\\/www.mpc.pr.gov.br\\\/index.php\\\/mpc-pr-e-afiscopr-realizam-cerimonia-de-premiacao-do-programa-de-educacao-fiscal-nas-escolas\\\/#primaryimage\"},\"image\":{\"@id\":\"https:\\\/\\\/www.mpc.pr.gov.br\\\/index.php\\\/mpc-pr-e-afiscopr-realizam-cerimonia-de-premiacao-do-programa-de-educacao-fiscal-nas-escolas\\\/#primaryimage\"},\"thumbnailUrl\":\"https:\\\/\\\/www.mpc.pr.gov.br\\\/wp-content\\\/uploads\\\/2025\\\/10\\\/FOLDER-SYMPLA.png\",\"datePublished\":\"2025-10-23T18:13:41+00:00\",\"dateModified\":\"2025-11-04T12:37:50+00:00\",\"breadcrumb\":{\"@id\":\"https:\\\/\\\/www.mpc.pr.gov.br\\\/index.php\\\/mpc-pr-e-afiscopr-realizam-cerimonia-de-premiacao-do-programa-de-educacao-fiscal-nas-escolas\\\/#breadcrumb\"},\"inLanguage\":\"pt-BR\",\"potentialAction\":[{\"@type\":\"ReadAction\",\"target\":[\"https:\\\/\\\/www.mpc.pr.gov.br\\\/index.php\\\/mpc-pr-e-afiscopr-realizam-cerimonia-de-premiacao-do-programa-de-educacao-fiscal-nas-escolas\\\/\"]}]},{\"@type\":\"ImageObject\",\"inLanguage\":\"pt-BR\",\"@id\":\"https:\\\/\\\/www.mpc.pr.gov.br\\\/index.php\\\/mpc-pr-e-afiscopr-realizam-cerimonia-de-premiacao-do-programa-de-educacao-fiscal-nas-escolas\\\/#primaryimage\",\"url\":\"https:\\\/\\\/www.mpc.pr.gov.br\\\/wp-content\\\/uploads\\\/2025\\\/10\\\/FOLDER-SYMPLA.png\",\"contentUrl\":\"https:\\\/\\\/www.mpc.pr.gov.br\\\/wp-content\\\/uploads\\\/2025\\\/10\\\/FOLDER-SYMPLA.png\",\"width\":1600,\"height\":838},{\"@type\":\"BreadcrumbList\",\"@id\":\"https:\\\/\\\/www.mpc.pr.gov.br\\\/index.php\\\/mpc-pr-e-afiscopr-realizam-cerimonia-de-premiacao-do-programa-de-educacao-fiscal-nas-escolas\\\/#breadcrumb\",\"itemListElement\":[{\"@type\":\"ListItem\",\"position\":1,\"name\":\"In\u00edcio\",\"item\":\"https:\\\/\\\/www.mpc.pr.gov.br\\\/\"},{\"@type\":\"ListItem\",\"position\":2,\"name\":\"MPC-PR e AFISCOPR realizam cerim\u00f4nia de premia\u00e7\u00e3o do Programa de Educa\u00e7\u00e3o Fiscal nas Escolas\"}]},{\"@type\":\"WebSite\",\"@id\":\"https:\\\/\\\/www.mpc.pr.gov.br\\\/#website\",\"url\":\"https:\\\/\\\/www.mpc.pr.gov.br\\\/\",\"name\":\"Minist\u00e9rio P\u00fablico de Contas do Estado do Paran\u00e1\",\"description\":\"\",\"publisher\":{\"@id\":\"https:\\\/\\\/www.mpc.pr.gov.br\\\/#organization\"},\"potentialAction\":[{\"@type\":\"SearchAction\",\"target\":{\"@type\":\"EntryPoint\",\"urlTemplate\":\"https:\\\/\\\/www.mpc.pr.gov.br\\\/?s={search_term_string}\"},\"query-input\":{\"@type\":\"PropertyValueSpecification\",\"valueRequired\":true,\"valueName\":\"search_term_string\"}}],\"inLanguage\":\"pt-BR\"},{\"@type\":\"Organization\",\"@id\":\"https:\\\/\\\/www.mpc.pr.gov.br\\\/#organization\",\"name\":\"Minist\u00e9rio P\u00fablico de Contas do Estado do Paran\u00e1\",\"url\":\"https:\\\/\\\/www.mpc.pr.gov.br\\\/\",\"logo\":{\"@type\":\"ImageObject\",\"inLanguage\":\"pt-BR\",\"@id\":\"https:\\\/\\\/www.mpc.pr.gov.br\\\/#\\\/schema\\\/logo\\\/image\\\/\",\"url\":\"https:\\\/\\\/www.mpc.pr.gov.br\\\/wp-content\\\/uploads\\\/2020\\\/06\\\/99423647_1593460364143890_6706793420720963584_n-1-e1591387983167.png\",\"contentUrl\":\"https:\\\/\\\/www.mpc.pr.gov.br\\\/wp-content\\\/uploads\\\/2020\\\/06\\\/99423647_1593460364143890_6706793420720963584_n-1-e1591387983167.png\",\"width\":243,\"height\":73,\"caption\":\"Minist\u00e9rio P\u00fablico de Contas do Estado do Paran\u00e1\"},\"image\":{\"@id\":\"https:\\\/\\\/www.mpc.pr.gov.br\\\/#\\\/schema\\\/logo\\\/image\\\/\"},\"sameAs\":[\"https:\\\/\\\/www.facebook.com\\\/mpc.pr\",\"https:\\\/\\\/www.instagram.com\\\/mpc.pr\\\/?hl=pt-br\",\"https:\\\/\\\/www.youtube.com\\\/channel\\\/UCHri5oEM8DV0ztX57E0sBSw\"]},{\"@type\":\"Person\",\"@id\":\"https:\\\/\\\/www.mpc.pr.gov.br\\\/#\\\/schema\\\/person\\\/2d83cb8980538d0ec174e8a6284f5e11\",\"name\":\"mpcontaspr\",\"image\":{\"@type\":\"ImageObject\",\"inLanguage\":\"pt-BR\",\"@id\":\"https:\\\/\\\/secure.gravatar.com\\\/avatar\\\/1aef51541db7622e05fd639336c9c9f312c2a618396e2b6ca96846362fc5403f?s=96&d=mm&r=g\",\"url\":\"https:\\\/\\\/secure.gravatar.com\\\/avatar\\\/1aef51541db7622e05fd639336c9c9f312c2a618396e2b6ca96846362fc5403f?s=96&d=mm&r=g\",\"contentUrl\":\"https:\\\/\\\/secure.gravatar.com\\\/avatar\\\/1aef51541db7622e05fd639336c9c9f312c2a618396e2b6ca96846362fc5403f?s=96&d=mm&r=g\",\"caption\":\"mpcontaspr\"},\"sameAs\":[\"http:\\\/\\\/www.mpc.pr.gov.br\"]}]}<\/script>\n<!-- \/ Yoast SEO plugin. -->","yoast_head_json":{"title":"MPC-PR e AFISCOPR realizam cerim\u00f4nia de premia\u00e7\u00e3o do Programa de Educa\u00e7\u00e3o Fiscal nas Escolas - Minist\u00e9rio P\u00fablico de Contas do Estado do Paran\u00e1","robots":{"index":"index","follow":"follow","max-snippet":"max-snippet:-1","max-image-preview":"max-image-preview:large","max-video-preview":"max-video-preview:-1"},"canonical":"https:\/\/www.mpc.pr.gov.br\/index.php\/mpc-pr-e-afiscopr-realizam-cerimonia-de-premiacao-do-programa-de-educacao-fiscal-nas-escolas\/","og_locale":"pt_BR","og_type":"article","og_title":"MPC-PR e AFISCOPR realizam cerim\u00f4nia de premia\u00e7\u00e3o do Programa de Educa\u00e7\u00e3o Fiscal nas Escolas - Minist\u00e9rio P\u00fablico de Contas do Estado do Paran\u00e1","og_description":"O projeto-piloto foi desenvolvido com alunos e professores do Munic\u00edpio de Jaguaria\u00edva.\u00a0 O Minist\u00e9rio P\u00fablico de Contas do Estado do Paran\u00e1 (MPC-PR) e a Associa\u00e7\u00e3o dos Auditores e Fiscais Tribut\u00e1rios Municipais do Paran\u00e1 (AFISCOPR) promovem, no pr\u00f3ximo dia 18 de novembro, o evento de premia\u00e7\u00e3o do \u201cProjeto-Piloto: Programa Municipal de Educa\u00e7\u00e3o Fiscal nas Escolas \u2013 [&hellip;]","og_url":"https:\/\/www.mpc.pr.gov.br\/index.php\/mpc-pr-e-afiscopr-realizam-cerimonia-de-premiacao-do-programa-de-educacao-fiscal-nas-escolas\/","og_site_name":"Minist\u00e9rio P\u00fablico de Contas do Estado do Paran\u00e1","article_publisher":"https:\/\/www.facebook.com\/mpc.pr","article_published_time":"2025-10-23T18:13:41+00:00","article_modified_time":"2025-11-04T12:37:50+00:00","og_image":[{"width":1600,"height":838,"url":"https:\/\/www.mpc.pr.gov.br\/wp-content\/uploads\/2025\/10\/FOLDER-SYMPLA.png","type":"image\/png"}],"author":"mpcontaspr","twitter_card":"summary_large_image","twitter_misc":{"Escrito por":"mpcontaspr","Est. tempo de leitura":"5 minutos"},"schema":{"@context":"https:\/\/schema.org","@graph":[{"@type":"Article","@id":"https:\/\/www.mpc.pr.gov.br\/index.php\/mpc-pr-e-afiscopr-realizam-cerimonia-de-premiacao-do-programa-de-educacao-fiscal-nas-escolas\/#article","isPartOf":{"@id":"https:\/\/www.mpc.pr.gov.br\/index.php\/mpc-pr-e-afiscopr-realizam-cerimonia-de-premiacao-do-programa-de-educacao-fiscal-nas-escolas\/"},"author":{"name":"mpcontaspr","@id":"https:\/\/www.mpc.pr.gov.br\/#\/schema\/person\/2d83cb8980538d0ec174e8a6284f5e11"},"headline":"MPC-PR e AFISCOPR realizam cerim\u00f4nia de premia\u00e7\u00e3o do Programa de Educa\u00e7\u00e3o Fiscal nas Escolas","datePublished":"2025-10-23T18:13:41+00:00","dateModified":"2025-11-04T12:37:50+00:00","mainEntityOfPage":{"@id":"https:\/\/www.mpc.pr.gov.br\/index.php\/mpc-pr-e-afiscopr-realizam-cerimonia-de-premiacao-do-programa-de-educacao-fiscal-nas-escolas\/"},"wordCount":964,"commentCount":0,"publisher":{"@id":"https:\/\/www.mpc.pr.gov.br\/#organization"},"image":{"@id":"https:\/\/www.mpc.pr.gov.br\/index.php\/mpc-pr-e-afiscopr-realizam-cerimonia-de-premiacao-do-programa-de-educacao-fiscal-nas-escolas\/#primaryimage"},"thumbnailUrl":"https:\/\/www.mpc.pr.gov.br\/wp-content\/uploads\/2025\/10\/FOLDER-SYMPLA.png","keywords":["AFISCOPR","Educa\u00e7\u00e3o","Escola Municipal","Gest\u00e3o Tribut\u00e1ria","Jaguaria\u00edva","MPC-PR","Paran\u00e1","Projeto Educa\u00e7\u00e3o Fiscal nas Escolas","Reforma Tribut\u00e1ria","TCE-PR"],"articleSection":["Todas as not\u00edcias"],"inLanguage":"pt-BR","potentialAction":[{"@type":"CommentAction","name":"Comment","target":["https:\/\/www.mpc.pr.gov.br\/index.php\/mpc-pr-e-afiscopr-realizam-cerimonia-de-premiacao-do-programa-de-educacao-fiscal-nas-escolas\/#respond"]}]},{"@type":"WebPage","@id":"https:\/\/www.mpc.pr.gov.br\/index.php\/mpc-pr-e-afiscopr-realizam-cerimonia-de-premiacao-do-programa-de-educacao-fiscal-nas-escolas\/","url":"https:\/\/www.mpc.pr.gov.br\/index.php\/mpc-pr-e-afiscopr-realizam-cerimonia-de-premiacao-do-programa-de-educacao-fiscal-nas-escolas\/","name":"MPC-PR e AFISCOPR realizam cerim\u00f4nia de premia\u00e7\u00e3o do Programa de Educa\u00e7\u00e3o Fiscal nas Escolas - Minist\u00e9rio P\u00fablico de Contas do Estado do Paran\u00e1","isPartOf":{"@id":"https:\/\/www.mpc.pr.gov.br\/#website"},"primaryImageOfPage":{"@id":"https:\/\/www.mpc.pr.gov.br\/index.php\/mpc-pr-e-afiscopr-realizam-cerimonia-de-premiacao-do-programa-de-educacao-fiscal-nas-escolas\/#primaryimage"},"image":{"@id":"https:\/\/www.mpc.pr.gov.br\/index.php\/mpc-pr-e-afiscopr-realizam-cerimonia-de-premiacao-do-programa-de-educacao-fiscal-nas-escolas\/#primaryimage"},"thumbnailUrl":"https:\/\/www.mpc.pr.gov.br\/wp-content\/uploads\/2025\/10\/FOLDER-SYMPLA.png","datePublished":"2025-10-23T18:13:41+00:00","dateModified":"2025-11-04T12:37:50+00:00","breadcrumb":{"@id":"https:\/\/www.mpc.pr.gov.br\/index.php\/mpc-pr-e-afiscopr-realizam-cerimonia-de-premiacao-do-programa-de-educacao-fiscal-nas-escolas\/#breadcrumb"},"inLanguage":"pt-BR","potentialAction":[{"@type":"ReadAction","target":["https:\/\/www.mpc.pr.gov.br\/index.php\/mpc-pr-e-afiscopr-realizam-cerimonia-de-premiacao-do-programa-de-educacao-fiscal-nas-escolas\/"]}]},{"@type":"ImageObject","inLanguage":"pt-BR","@id":"https:\/\/www.mpc.pr.gov.br\/index.php\/mpc-pr-e-afiscopr-realizam-cerimonia-de-premiacao-do-programa-de-educacao-fiscal-nas-escolas\/#primaryimage","url":"https:\/\/www.mpc.pr.gov.br\/wp-content\/uploads\/2025\/10\/FOLDER-SYMPLA.png","contentUrl":"https:\/\/www.mpc.pr.gov.br\/wp-content\/uploads\/2025\/10\/FOLDER-SYMPLA.png","width":1600,"height":838},{"@type":"BreadcrumbList","@id":"https:\/\/www.mpc.pr.gov.br\/index.php\/mpc-pr-e-afiscopr-realizam-cerimonia-de-premiacao-do-programa-de-educacao-fiscal-nas-escolas\/#breadcrumb","itemListElement":[{"@type":"ListItem","position":1,"name":"In\u00edcio","item":"https:\/\/www.mpc.pr.gov.br\/"},{"@type":"ListItem","position":2,"name":"MPC-PR e AFISCOPR realizam cerim\u00f4nia de premia\u00e7\u00e3o do Programa de Educa\u00e7\u00e3o Fiscal nas Escolas"}]},{"@type":"WebSite","@id":"https:\/\/www.mpc.pr.gov.br\/#website","url":"https:\/\/www.mpc.pr.gov.br\/","name":"Minist\u00e9rio P\u00fablico de Contas do Estado do Paran\u00e1","description":"","publisher":{"@id":"https:\/\/www.mpc.pr.gov.br\/#organization"},"potentialAction":[{"@type":"SearchAction","target":{"@type":"EntryPoint","urlTemplate":"https:\/\/www.mpc.pr.gov.br\/?s={search_term_string}"},"query-input":{"@type":"PropertyValueSpecification","valueRequired":true,"valueName":"search_term_string"}}],"inLanguage":"pt-BR"},{"@type":"Organization","@id":"https:\/\/www.mpc.pr.gov.br\/#organization","name":"Minist\u00e9rio P\u00fablico de Contas do Estado do Paran\u00e1","url":"https:\/\/www.mpc.pr.gov.br\/","logo":{"@type":"ImageObject","inLanguage":"pt-BR","@id":"https:\/\/www.mpc.pr.gov.br\/#\/schema\/logo\/image\/","url":"https:\/\/www.mpc.pr.gov.br\/wp-content\/uploads\/2020\/06\/99423647_1593460364143890_6706793420720963584_n-1-e1591387983167.png","contentUrl":"https:\/\/www.mpc.pr.gov.br\/wp-content\/uploads\/2020\/06\/99423647_1593460364143890_6706793420720963584_n-1-e1591387983167.png","width":243,"height":73,"caption":"Minist\u00e9rio P\u00fablico de Contas do Estado do Paran\u00e1"},"image":{"@id":"https:\/\/www.mpc.pr.gov.br\/#\/schema\/logo\/image\/"},"sameAs":["https:\/\/www.facebook.com\/mpc.pr","https:\/\/www.instagram.com\/mpc.pr\/?hl=pt-br","https:\/\/www.youtube.com\/channel\/UCHri5oEM8DV0ztX57E0sBSw"]},{"@type":"Person","@id":"https:\/\/www.mpc.pr.gov.br\/#\/schema\/person\/2d83cb8980538d0ec174e8a6284f5e11","name":"mpcontaspr","image":{"@type":"ImageObject","inLanguage":"pt-BR","@id":"https:\/\/secure.gravatar.com\/avatar\/1aef51541db7622e05fd639336c9c9f312c2a618396e2b6ca96846362fc5403f?s=96&d=mm&r=g","url":"https:\/\/secure.gravatar.com\/avatar\/1aef51541db7622e05fd639336c9c9f312c2a618396e2b6ca96846362fc5403f?s=96&d=mm&r=g","contentUrl":"https:\/\/secure.gravatar.com\/avatar\/1aef51541db7622e05fd639336c9c9f312c2a618396e2b6ca96846362fc5403f?s=96&d=mm&r=g","caption":"mpcontaspr"},"sameAs":["http:\/\/www.mpc.pr.gov.br"]}]}},"rttpg_featured_image_url":{"full":["https:\/\/www.mpc.pr.gov.br\/wp-content\/uploads\/2025\/10\/FOLDER-SYMPLA.png",1600,838,false],"landscape":["https:\/\/www.mpc.pr.gov.br\/wp-content\/uploads\/2025\/10\/FOLDER-SYMPLA.png",1600,838,false],"portraits":["https:\/\/www.mpc.pr.gov.br\/wp-content\/uploads\/2025\/10\/FOLDER-SYMPLA.png",1600,838,false],"thumbnail":["https:\/\/www.mpc.pr.gov.br\/wp-content\/uploads\/2025\/10\/FOLDER-SYMPLA-150x150.png",150,150,true],"medium":["https:\/\/www.mpc.pr.gov.br\/wp-content\/uploads\/2025\/10\/FOLDER-SYMPLA-300x157.png",300,157,true],"large":["https:\/\/www.mpc.pr.gov.br\/wp-content\/uploads\/2025\/10\/FOLDER-SYMPLA-1024x536.png",1024,536,true],"1536x1536":["https:\/\/www.mpc.pr.gov.br\/wp-content\/uploads\/2025\/10\/FOLDER-SYMPLA-1536x804.png",1536,804,true],"2048x2048":["https:\/\/www.mpc.pr.gov.br\/wp-content\/uploads\/2025\/10\/FOLDER-SYMPLA.png",1600,838,false],"ocean-thumb-m":["https:\/\/www.mpc.pr.gov.br\/wp-content\/uploads\/2025\/10\/FOLDER-SYMPLA-600x600.png",600,600,true],"ocean-thumb-ml":["https:\/\/www.mpc.pr.gov.br\/wp-content\/uploads\/2025\/10\/FOLDER-SYMPLA-800x450.png",800,450,true],"ocean-thumb-l":["https:\/\/www.mpc.pr.gov.br\/wp-content\/uploads\/2025\/10\/FOLDER-SYMPLA-1200x700.png",1200,700,true]},"rttpg_author":{"display_name":"mpcontaspr","author_link":"https:\/\/www.mpc.pr.gov.br\/index.php\/author\/mpcontaspr\/"},"rttpg_comment":0,"rttpg_category":"<a href=\"https:\/\/www.mpc.pr.gov.br\/index.php\/category\/todas-as-noticias\/\" rel=\"category tag\">Todas as not\u00edcias<\/a>","rttpg_excerpt":"O projeto-piloto foi desenvolvido com alunos e professores do Munic\u00edpio de Jaguaria\u00edva.\u00a0 O Minist\u00e9rio P\u00fablico de Contas do Estado do Paran\u00e1 (MPC-PR) e a Associa\u00e7\u00e3o dos Auditores e Fiscais Tribut\u00e1rios Municipais do Paran\u00e1 (AFISCOPR) promovem, no pr\u00f3ximo dia 18 de novembro, o evento de premia\u00e7\u00e3o do \u201cProjeto-Piloto: Programa Municipal de Educa\u00e7\u00e3o Fiscal nas Escolas \u2013&hellip;","_links":{"self":[{"href":"https:\/\/www.mpc.pr.gov.br\/index.php\/wp-json\/wp\/v2\/posts\/24606","targetHints":{"allow":["GET"]}}],"collection":[{"href":"https:\/\/www.mpc.pr.gov.br\/index.php\/wp-json\/wp\/v2\/posts"}],"about":[{"href":"https:\/\/www.mpc.pr.gov.br\/index.php\/wp-json\/wp\/v2\/types\/post"}],"author":[{"embeddable":true,"href":"https:\/\/www.mpc.pr.gov.br\/index.php\/wp-json\/wp\/v2\/users\/1"}],"replies":[{"embeddable":true,"href":"https:\/\/www.mpc.pr.gov.br\/index.php\/wp-json\/wp\/v2\/comments?post=24606"}],"version-history":[{"count":4,"href":"https:\/\/www.mpc.pr.gov.br\/index.php\/wp-json\/wp\/v2\/posts\/24606\/revisions"}],"predecessor-version":[{"id":24634,"href":"https:\/\/www.mpc.pr.gov.br\/index.php\/wp-json\/wp\/v2\/posts\/24606\/revisions\/24634"}],"wp:featuredmedia":[{"embeddable":true,"href":"https:\/\/www.mpc.pr.gov.br\/index.php\/wp-json\/wp\/v2\/media\/24620"}],"wp:attachment":[{"href":"https:\/\/www.mpc.pr.gov.br\/index.php\/wp-json\/wp\/v2\/media?parent=24606"}],"wp:term":[{"taxonomy":"category","embeddable":true,"href":"https:\/\/www.mpc.pr.gov.br\/index.php\/wp-json\/wp\/v2\/categories?post=24606"},{"taxonomy":"post_tag","embeddable":true,"href":"https:\/\/www.mpc.pr.gov.br\/index.php\/wp-json\/wp\/v2\/tags?post=24606"}],"curies":[{"name":"wp","href":"https:\/\/api.w.org\/{rel}","templated":true}]}}