{"id":24624,"date":"2025-10-28T14:00:00","date_gmt":"2025-10-28T17:00:00","guid":{"rendered":"https:\/\/www.mpc.pr.gov.br\/?p=24624"},"modified":"2025-11-07T15:32:25","modified_gmt":"2025-11-07T18:32:25","slug":"formacao-complementar-de-servidor-deve-ter-correlacao-com-atribuicoes-do-cargo-para-concessao-de-progressao-funcional-por-qualificacao","status":"publish","type":"post","link":"https:\/\/www.mpc.pr.gov.br\/index.php\/formacao-complementar-de-servidor-deve-ter-correlacao-com-atribuicoes-do-cargo-para-concessao-de-progressao-funcional-por-qualificacao\/","title":{"rendered":"Forma\u00e7\u00e3o complementar de servidor deve ter correla\u00e7\u00e3o com atribui\u00e7\u00f5es do cargo para concess\u00e3o de progress\u00e3o funcional por qualifica\u00e7\u00e3o"},"content":{"rendered":"<figure id=\"attachment_24625\" aria-describedby=\"caption-attachment-24625\" style=\"width: 300px\" class=\"wp-caption alignleft\"><img fetchpriority=\"high\" decoding=\"async\" class=\"size-medium wp-image-24625\" src=\"https:\/\/www.mpc.pr.gov.br\/wp-content\/uploads\/2025\/10\/arapongas-Igreja-Matriz-Santuario-Nossa-Senhora-Aparecida-Arapongas-300x170.jpg\" alt=\"\" width=\"300\" height=\"170\" srcset=\"https:\/\/www.mpc.pr.gov.br\/wp-content\/uploads\/2025\/10\/arapongas-Igreja-Matriz-Santuario-Nossa-Senhora-Aparecida-Arapongas-300x170.jpg 300w, https:\/\/www.mpc.pr.gov.br\/wp-content\/uploads\/2025\/10\/arapongas-Igreja-Matriz-Santuario-Nossa-Senhora-Aparecida-Arapongas.jpg 746w\" sizes=\"(max-width: 300px) 100vw, 300px\" \/><figcaption id=\"caption-attachment-24625\" class=\"wp-caption-text\">Igreja Matriz Santu\u00e1rio Nossa Senhora Aparecida, localizada no Munic\u00edpio de Arapongas, na regi\u00e3o Norte Central do Paran\u00e1. Foto: divulga\u00e7\u00e3o.<\/figcaption><\/figure>\n<p><span data-contrast=\"auto\">Acolhendo a proposta do Minist\u00e9rio P\u00fablico de Contas do Paran\u00e1 (MPC-PR), a Primeira C\u00e2mara do Tribunal de Contas do Estado (TCE-PR) determinou a expedi\u00e7\u00e3o de recomenda\u00e7\u00e3o \u00e0 <a href=\"https:\/\/www.cmarapongas.pr.gov.br\/\">C\u00e2mara Municipal de Arapongas<\/a>, a fim de que promova, nos futuros processos de concess\u00e3o de progress\u00e3o funcional por qualifica\u00e7\u00e3o, a an\u00e1lise minuciosa da pertin\u00eancia tem\u00e1tica dos cursos apresentados, em estrita observ\u00e2ncia ao disposto no art. 66, II, \u201c2\u201d, da Resolu\u00e7\u00e3o n\u00ba 320\/2022, bem como aos princ\u00edpios contidos no artigo 37 da Constitui\u00e7\u00e3o Federal. A medida visa mitigar o risco de interpreta\u00e7\u00f5es ampliativas que possam desvirtuar o objetivo da norma e comprometer a boa gest\u00e3o dos recursos p\u00fablicos.<\/span><span data-ccp-props=\"{&quot;201341983&quot;:0,&quot;335551550&quot;:6,&quot;335551620&quot;:6,&quot;335559739&quot;:160,&quot;335559740&quot;:360}\">\u00a0<\/span><\/p>\n<p><span data-contrast=\"auto\">A decis\u00e3o ocorreu em sede de an\u00e1lise de Tomada de Contas Extraordin\u00e1ria, instaurada por meio do <a href=\"https:\/\/www.mpc.pr.gov.br\/wp-content\/uploads\/2025\/10\/arapongas-DPD-404_25-GCDA.pdf\">Despacho n\u00ba 404\/25<\/a> e convertida a partir de Den\u00fancia apresentada em face do Poder Legislativo de Arapongas, por meio da qual alegava-se sup<\/span><span data-contrast=\"auto\">ostas irregularidades na concess\u00e3o de progress\u00e3o funcional \u00e0 servidora da procuradoria municipal.<\/span><span data-ccp-props=\"{&quot;201341983&quot;:0,&quot;335551550&quot;:6,&quot;335551620&quot;:6,&quot;335559739&quot;:160,&quot;335559740&quot;:360}\">\u00a0<\/span><\/p>\n<h4><b><span data-contrast=\"auto\">Entenda o caso<\/span><\/b><span data-ccp-props=\"{&quot;201341983&quot;:0,&quot;335551550&quot;:6,&quot;335551620&quot;:6,&quot;335559739&quot;:160,&quot;335559740&quot;:360}\">\u00a0<\/span><\/h4>\n<p><span data-contrast=\"auto\">Na pe\u00e7a inicial, o denunciante alegou, em s\u00edntese, que teria sido concedida progress\u00e3o funcional por qualifica\u00e7\u00e3o \u00e0 servidora da procuradoria municipal, ap\u00f3s conclus\u00e3o de p\u00f3s-gradua\u00e7\u00e3o no curso de <\/span><i><span data-contrast=\"auto\">\u201cNeuroci\u00eancia, Psicologia Positiva e Mindfulness\u201d<\/span><\/i><span data-contrast=\"auto\">. Aduziu que a \u00e1rea do curso seria distinta da forma\u00e7\u00e3o da servidora e sem qualquer rela\u00e7\u00e3o com os cargos existentes no quadro da C\u00e2mara Municipal, em suposta ofensa ao artigo 66, II da Resolu\u00e7\u00e3o n.\u00ba 320\/2022.<\/span><span data-ccp-props=\"{&quot;201341983&quot;:0,&quot;335551550&quot;:6,&quot;335551620&quot;:6,&quot;335559739&quot;:160,&quot;335559740&quot;:360}\">\u00a0<\/span><\/p>\n<p><span data-contrast=\"auto\">O processo foi autuado inicialmente como Den\u00fancia. Contudo, foram identificadas inconsist\u00eancias quanto \u00e0 legitimidade do denunciante, considerando a necessidade de apurar os fatos narrados e eventuais danos ao er\u00e1rio, de modo que os autos foram convertidos em Tomada de Contas Extraordin\u00e1ria para o seu regular processamento.<\/span><span data-ccp-props=\"{&quot;201341983&quot;:0,&quot;335551550&quot;:6,&quot;335551620&quot;:6,&quot;335559739&quot;:160,&quot;335559740&quot;:360}\">\u00a0<\/span><\/p>\n<p><span data-contrast=\"auto\">Oportunizada a apresenta\u00e7\u00e3o de contradit\u00f3rio, a C\u00e2mara Municipal de Arapongas defendeu a legalidade do ato de progress\u00e3o funcional em an\u00e1lise, ao afirmar que a servidora ocupa o cargo de Procuradora Jur\u00eddica e, \u00e0 \u00e9poca do requerimento de progress\u00e3o funcional, exercia a fun\u00e7\u00e3o de Presidente da Comiss\u00e3o de Avalia\u00e7\u00e3o de Desempenho.\u00a0<\/span><span data-ccp-props=\"{&quot;201341983&quot;:0,&quot;335551550&quot;:6,&quot;335551620&quot;:6,&quot;335559739&quot;:160,&quot;335559740&quot;:360}\">\u00a0<\/span><\/p>\n<p><span data-contrast=\"auto\">Quanto aos crit\u00e9rios para concess\u00e3o da progress\u00e3o, apontou que o Plano de Cargos e Carreiras do ente prev\u00ea a possibilidade de progress\u00e3o mediante qualifica\u00e7\u00e3o profissional, em tr\u00eas n\u00edveis, especificamente, desde que a p\u00f3s-gradua\u00e7\u00e3o seja em \u00e1rea com alguma correla\u00e7\u00e3o com os cargos existentes no quadro de pessoal da entidade, conforme consta do artigo 66, II, \u201cb\u201d da Resolu\u00e7\u00e3o n.\u00ba 320\/2022. Nesse sentido, a C\u00e2mara relacionou a pertin\u00eancia da tem\u00e1tica tratada na p\u00f3s-gradua\u00e7\u00e3o conclu\u00edda pela servidora com as fun\u00e7\u00f5es desempenhadas, que exigem \u201ccompet\u00eancias ligadas \u00e0 lideran\u00e7a estrat\u00e9gica, compreens\u00e3o de comportamento organizacional, motiva\u00e7\u00e3o de servidores, desenvolvimento de pol\u00edticas voltadas ao bem-estar, defini\u00e7\u00e3o de crit\u00e9rios de desempenho e media\u00e7\u00e3o de conflitos internos &#8211; todos temas centrais da especializa\u00e7\u00e3o lato sensu conclu\u00edda\u201d.\u00a0<\/span><span data-ccp-props=\"{&quot;201341983&quot;:0,&quot;335551550&quot;:6,&quot;335551620&quot;:6,&quot;335559739&quot;:160,&quot;335559740&quot;:360}\">\u00a0<\/span><\/p>\n<p><span data-contrast=\"auto\">Por fim, a C\u00e2mara concluiu que n\u00e3o h\u00e1 elementos suficientes que demonstrem a m\u00e1-f\u00e9 ou precariedade do ato, e que negar a correla\u00e7\u00e3o entre a forma\u00e7\u00e3o apresentada e o desempenho funcional sob o argumento de que a \u00e1rea n\u00e3o \u00e9 \u201cjur\u00eddica\u201d, seria ignorar a complexidade das atribui\u00e7\u00f5es p\u00fablicas modernas e desvalorizar o servidor que, de forma volunt\u00e1ria e comprometida, busca se aperfei\u00e7oar.<\/span><span data-ccp-props=\"{&quot;201341983&quot;:0,&quot;335551550&quot;:6,&quot;335551620&quot;:6,&quot;335559739&quot;:160,&quot;335559740&quot;:360}\">\u00a0<\/span><\/p>\n<h4><b><span data-contrast=\"auto\">Instru\u00e7\u00e3o do processo<\/span><\/b><span data-ccp-props=\"{&quot;201341983&quot;:0,&quot;335551550&quot;:6,&quot;335551620&quot;:6,&quot;335559739&quot;:160,&quot;335559740&quot;:360}\">\u00a0<\/span><\/h4>\n<p><span data-contrast=\"auto\">Instada a se manifestar, a Coordenadoria de Apoio e Instru\u00e7\u00e3o Suplementar (CAIS), opinou pela proced\u00eancia da Tomada de Contas Extraordin\u00e1ria, com a irregularidade das contas, ao considerar que embora a C\u00e2mara tenha defendido a natureza transversal dos conhecimentos adquiridos, n\u00e3o se evidenciou de forma inequ\u00edvoca a vincula\u00e7\u00e3o do conte\u00fado program\u00e1tico do curso com o n\u00facleo t\u00e9cnico jur\u00eddico que caracteriza o cargo de Procuradora Jur\u00eddica.<\/span><span data-ccp-props=\"{&quot;201341983&quot;:0,&quot;335551550&quot;:6,&quot;335551620&quot;:6,&quot;335559739&quot;:160,&quot;335559740&quot;:360}\">\u00a0<\/span><\/p>\n<p><span data-contrast=\"auto\">Dessa forma, a unidade t\u00e9cnica prop\u00f4s a determina\u00e7\u00e3o de restitui\u00e7\u00e3o dos valores a serem apurados em sede de execu\u00e7\u00e3o, devidamente atualizada e solid\u00e1ria, entre o Presidente da C\u00e2mara, M\u00e1rcio Ant\u00f4nio Nickenig e a servidora ocupante do cargo de Procuradora Jur\u00eddica, bem como aplica\u00e7\u00e3o de multas administrativas e proporcionais aos danos. Ao final, a CAIS sugeriu a expedi\u00e7\u00e3o de recomenda\u00e7\u00e3o \u00e0 C\u00e2mara Municipal para que revogue o ato que concedeu a progress\u00e3o por qualifica\u00e7\u00e3o \u00e0 servidora e promova nos futuros a an\u00e1lise minuciosa da pertin\u00eancia tem\u00e1tica dos cursos apresentados para concess\u00e3o das progress\u00f5es funcionais.<\/span><span data-ccp-props=\"{&quot;201341983&quot;:0,&quot;335551550&quot;:6,&quot;335551620&quot;:6,&quot;335559739&quot;:160,&quot;335559740&quot;:360}\">\u00a0<\/span><\/p>\n<h4><b><span data-contrast=\"auto\">Parecer Ministerial<\/span><\/b><span data-ccp-props=\"{&quot;201341983&quot;:0,&quot;335551550&quot;:6,&quot;335551620&quot;:6,&quot;335559739&quot;:160,&quot;335559740&quot;:360}\">\u00a0<\/span><\/h4>\n<p><span data-contrast=\"auto\">Por sua vez, mediante o <a href=\"https:\/\/www.mpc.pr.gov.br\/wp-content\/uploads\/2025\/10\/arapongas-PAR-649_25-3PC.pdf\">Parecer n\u00ba 649\/25,<\/a> o Minist\u00e9rio P\u00fablico de Contas observou que a interpreta\u00e7\u00e3o da progress\u00e3o funcional fundamentada no art. 66 da Resolu\u00e7\u00e3o n\u00ba 320\/2022 exige uma an\u00e1lise objetiva da pertin\u00eancia tem\u00e1tica da forma\u00e7\u00e3o complementar em rela\u00e7\u00e3o \u00e0s atribui\u00e7\u00f5es funcionais do servidor.<\/span><span data-ccp-props=\"{&quot;201341983&quot;:0,&quot;335551550&quot;:6,&quot;335551620&quot;:6,&quot;335559739&quot;:160,&quot;335559740&quot;:360}\">\u00a0<\/span><\/p>\n<p><span data-contrast=\"auto\">Sendo assim, ao analisar a Resolu\u00e7\u00e3o n\u00ba 320\/20222, o MPC-PR verificou que as compet\u00eancias atinentes \u00e0 Procuradoria Jur\u00eddica da C\u00e2mara Municipal de Arapongas s\u00e3o essencialmente jur\u00eddicas, voltadas \u00e0 interpreta\u00e7\u00e3o normativa, assessoramento legislativo, contencioso, consultoria e controle da legalidade dos atos do ente. Nesse sentido, o curso de especializa\u00e7\u00e3o em <\/span><i><span data-contrast=\"auto\">\u201cNeuroci\u00eancia, Psicologia Positiva e Mindfulness\u201d<\/span><\/i><span data-contrast=\"auto\">, embora contenha conte\u00fados modernos e potencialmente \u00fateis no contexto da Administra\u00e7\u00e3o P\u00fablica, n\u00e3o possui qualquer correla\u00e7\u00e3o t\u00e9cnica, tem\u00e1tica ou funcional com as atribui\u00e7\u00f5es do cargo de Procurador Jur\u00eddico.\u00a0<\/span><span data-ccp-props=\"{&quot;201341983&quot;:0,&quot;335551550&quot;:6,&quot;335551620&quot;:6,&quot;335559739&quot;:160,&quot;335559740&quot;:360}\">\u00a0<\/span><\/p>\n<p><span data-contrast=\"auto\">Para o MPC-PR, o argumento apresentado pela defesa, de que a servidora participou da Comiss\u00e3o de Avalia\u00e7\u00e3o de Desempenho ou teve fun\u00e7\u00f5es administrativas laterais, n\u00e3o altera o fato de que a progress\u00e3o funcional s\u00f3 pode decorrer de forma\u00e7\u00e3o compat\u00edvel com o cargo efetivo da C\u00e2mara Municipal, nesse caso, com a fun\u00e7\u00e3o de Procuradora Jur\u00eddica.\u00a0<\/span><span data-ccp-props=\"{&quot;201341983&quot;:0,&quot;335551550&quot;:6,&quot;335551620&quot;:6,&quot;335559739&quot;:160,&quot;335559740&quot;:360}\">\u00a0<\/span><\/p>\n<p><span data-contrast=\"auto\">Diante do exposto, o Minist\u00e9rio P\u00fablico de Contas concordou integralmente com o opinativo da CAIS pela proced\u00eancia da presente Tomada de Contas Extraordin\u00e1ria, com a aplica\u00e7\u00e3o de san\u00e7\u00f5es, da determina\u00e7\u00e3o para revoga\u00e7\u00e3o do ato e expedi\u00e7\u00e3o de recomenda\u00e7\u00e3o para que o ente promova nos futuros processos de concess\u00e3o de progress\u00e3o funcional por qualifica\u00e7\u00e3o a an\u00e1lise minuciosa da pertin\u00eancia tem\u00e1tica dos cursos apresentados, em estrita observ\u00e2ncia ao disposto no art. 66, II, \u201c2\u201d, da Resolu\u00e7\u00e3o n\u00ba 320\/2022, bem como aos princ\u00edpios esculpidos no art. 37 da Constitui\u00e7\u00e3o Federal, de modo a mitigar o risco de interpreta\u00e7\u00f5es ampliativas que possam desvirtuar o objetivo da norma e comprometer a boa gest\u00e3o dos recursos p\u00fablicos.<\/span><span data-ccp-props=\"{&quot;201341983&quot;:0,&quot;335551550&quot;:6,&quot;335551620&quot;:6,&quot;335559739&quot;:160,&quot;335559740&quot;:360}\">\u00a0<\/span><\/p>\n<h4><b><span data-contrast=\"auto\">Decis\u00e3o<\/span><\/b><span data-ccp-props=\"{&quot;201341983&quot;:0,&quot;335551550&quot;:6,&quot;335551620&quot;:6,&quot;335559739&quot;:160,&quot;335559740&quot;:360}\">\u00a0<\/span><\/h4>\n<p><span data-contrast=\"auto\">Em sede de julgamento, mediante o <a href=\"https:\/\/www.mpc.pr.gov.br\/wp-content\/uploads\/2025\/10\/arapongas-ACO-2784_25-S1C.pdf\">Ac\u00f3rd\u00e3o n\u00ba 2784\/25<\/a>, o Relator Conselheiro Jose Durval Mattos do Amaral, pontuou que, via de regra, \u00e9 exigida rela\u00e7\u00e3o direta entre a \u00e1rea de conhecimento do curso e as atribui\u00e7\u00f5es do cargo ocupado. Contudo, em situa\u00e7\u00f5es espec\u00edficas, existe a possibilidade de cursos de natureza transversal, desde que haja correla\u00e7\u00e3o e demonstra\u00e7\u00e3o de contribui\u00e7\u00e3o efetiva ao exerc\u00edcio das fun\u00e7\u00f5es.<\/span><span data-ccp-props=\"{&quot;201341983&quot;:0,&quot;335551550&quot;:6,&quot;335551620&quot;:6,&quot;335559739&quot;:160,&quot;335559740&quot;:360}\">\u00a0<\/span><\/p>\n<p><span data-contrast=\"auto\">No caso em an\u00e1lise, o Relator entendeu que embora n\u00e3o seja de conte\u00fado estritamente jur\u00eddico, a forma\u00e7\u00e3o em \u201cNeuroci\u00eancia, Psicologia Positiva e Mindfulness\u201d apresenta pertin\u00eancia indireta ao cargo analisado, uma vez que a capacita\u00e7\u00e3o aborda compet\u00eancias ligadas ao desenvolvimento humano, resolu\u00e7\u00e3o de conflitos, promo\u00e7\u00e3o do bem-estar, fortalecimento da motiva\u00e7\u00e3o e gest\u00e3o de relacionamentos. Nesse sentido, destacou que a atua\u00e7\u00e3o jur\u00eddica no \u00e2mbito do Legislativo envolve di\u00e1logo constante com agentes pol\u00edticos, servidores, \u00f3rg\u00e3os de controle e a pr\u00f3pria comunidade, de modo que o desenvolvimento de habilidades relacionadas \u00e0 gest\u00e3o de conflitos e aprimoramento de rela\u00e7\u00f5es interpessoais pode repercutir positivamente na qualidade e efici\u00eancia do servi\u00e7o prestado.<\/span><span data-ccp-props=\"{&quot;201341983&quot;:0,&quot;335551550&quot;:6,&quot;335551620&quot;:6,&quot;335559739&quot;:160,&quot;335559740&quot;:360}\">\u00a0<\/span><\/p>\n<p><span data-contrast=\"auto\">Somada a essa quest\u00e3o, o Relator ressaltou que, no exerc\u00edcio de 2024, al\u00e9m do cargo oficial de Procuradora Jur\u00eddica da C\u00e2mara, a servidora foi nomeada como Presidente da Comiss\u00e3o Permanente de Avalia\u00e7\u00e3o e Desempenho Funcional, a qual objetiva a \u201cavalia\u00e7\u00e3o de desempenho funcional de todos e quaisquer servidores do Quadro de Provimento Efetivo da C\u00e2mara Municipal de Arapongas, que estejam, ou n\u00e3o em est\u00e1gio probat\u00f3rio\u201d. Ou seja, nesse caso, admitir uma interpreta\u00e7\u00e3o abrangente da norma, n\u00e3o implicaria abrir margem para progress\u00f5es em \u00e1reas alheias ao interesse p\u00fablico, mas apenas reconhecer que determinadas forma\u00e7\u00f5es, mesmo n\u00e3o jur\u00eddicas, possuem potencial de aprimoramento funcional.\u00a0<\/span><span data-ccp-props=\"{&quot;201341983&quot;:0,&quot;335551550&quot;:6,&quot;335551620&quot;:6,&quot;335559739&quot;:160,&quot;335559740&quot;:360}\">\u00a0<\/span><\/p>\n<p><span data-contrast=\"auto\">Assim, concluiu o Relator que a progress\u00e3o funcional concedida encontra amparo legal e principiol\u00f3gico, raz\u00e3o pela qual votou pela proced\u00eancia parcial da presente Tomada de Contas Extraordin\u00e1ria, a fim de julgar regular com ressalva as contas.\u00a0<\/span><span data-ccp-props=\"{&quot;201341983&quot;:0,&quot;335551550&quot;:6,&quot;335551620&quot;:6,&quot;335559739&quot;:160,&quot;335559740&quot;:360}\">\u00a0<\/span><\/p>\n<p><span data-contrast=\"auto\">Por outro lado, o Relator tamb\u00e9m verificou a necessidade de aprimoramento da norma por parte da C\u00e2mara Municipal de Arapongas, uma vez que o conceito de \u201calguma correla\u00e7\u00e3o\u201d \u00e9 deveras simplificado e dificulta sua intepreta\u00e7\u00e3o. Dessa forma, acompanhou a manifesta\u00e7\u00e3o do MPC-PR quanto \u00e0 proposta de recomenda\u00e7\u00e3o para que o ente legislativo promova nos futuros processos de concess\u00e3o de progress\u00e3o funcional por qualifica\u00e7\u00e3o a an\u00e1lise minuciosa da pertin\u00eancia tem\u00e1tica dos cursos apresentados.\u00a0<\/span><span data-ccp-props=\"{&quot;201341983&quot;:0,&quot;335551550&quot;:6,&quot;335551620&quot;:6,&quot;335559739&quot;:160,&quot;335559740&quot;:360}\">\u00a0<\/span><\/p>\n<p><span data-contrast=\"auto\">Os membros do Primeira C\u00e2mara do TCE-PR acompanharam, por unanimidade, o voto do Relator. Ap\u00f3s o tr\u00e2nsito em julgado da decis\u00e3o, os autos ser\u00e3o encaminhados \u00e0 Coordenadoria de Medidas Execut\u00f3rias (CMEX) e posteriormente \u00e0 Diretoria do Protocolo para encerramento dos autos.<\/span><span data-ccp-props=\"{&quot;201341983&quot;:0,&quot;335551550&quot;:6,&quot;335551620&quot;:6,&quot;335559739&quot;:160,&quot;335559740&quot;:360}\">\u00a0<\/span><\/p>\n<blockquote><p><span style=\"color: #820007;\"><strong><u>Informa\u00e7\u00e3o para consulta processual<\/u><\/strong><\/span><\/p>\n<table style=\"height: 183px;\" border=\"0\" width=\"478\" cellspacing=\"0\" cellpadding=\"0\">\n<tbody>\n<tr>\n<td><strong>Processo n\u00ba<\/strong>:<\/td>\n<td>838071\/24<\/td>\n<\/tr>\n<tr>\n<td><strong>Ac\u00f3rd\u00e3o n\u00ba<\/strong>:<\/td>\n<td><span class=\"TextRun SCXW44987904 BCX0\" lang=\"PT-BR\" xml:lang=\"PT-BR\" data-contrast=\"auto\"><span class=\"NormalTextRun SCXW44987904 BCX0\">2784\/25<\/span><\/span><\/td>\n<\/tr>\n<tr>\n<td><strong>Assunto<\/strong>:<\/td>\n<td>Tomada de Contas Extraordin\u00e1ria<\/td>\n<\/tr>\n<tr>\n<td><strong>Entidade<\/strong>:<\/td>\n<td><span class=\"NormalTextRun SCXW187976841 BCX0\">C\u00e2mara Municipal de Arapongas<\/span><\/td>\n<\/tr>\n<tr>\n<td><strong>Relator<\/strong>:<\/td>\n<td><span class=\"TextRun SCXW238999374 BCX0\" lang=\"PT-BR\" xml:lang=\"PT-BR\" data-contrast=\"auto\"><span class=\"NormalTextRun SCXW238999374 BCX0\"><span class=\"TextRun SCXW79376537 BCX0\" lang=\"PT-BR\" xml:lang=\"PT-BR\" data-contrast=\"auto\"><span class=\"NormalTextRun SCXW79376537 BCX0\"><span class=\"TextRun SCXW240606707 BCX0\" lang=\"PT-BR\" xml:lang=\"PT-BR\" data-contrast=\"auto\"><span class=\"NormalTextRun SCXW240606707 BCX0\">Conselheiro Jose Durval Mattos do Amaral<\/span><\/span><\/span><\/span><\/span><\/span><\/td>\n<\/tr>\n<\/tbody>\n<\/table>\n<\/blockquote>\n<p>&nbsp;<\/p>\n","protected":false},"excerpt":{"rendered":"<p>Acolhendo a proposta do Minist\u00e9rio P\u00fablico de Contas do Paran\u00e1 (MPC-PR), a Primeira C\u00e2mara do Tribunal de Contas do Estado (TCE-PR) determinou a expedi\u00e7\u00e3o de recomenda\u00e7\u00e3o \u00e0 C\u00e2mara Municipal de Arapongas, a fim de que promova, nos futuros processos de concess\u00e3o de progress\u00e3o funcional por qualifica\u00e7\u00e3o, a an\u00e1lise minuciosa da pertin\u00eancia tem\u00e1tica dos cursos apresentados, [&hellip;]<\/p>\n","protected":false},"author":1,"featured_media":24625,"comment_status":"open","ping_status":"open","sticky":false,"template":"","format":"standard","meta":{"_monsterinsights_skip_tracking":false,"_monsterinsights_sitenote_active":false,"_monsterinsights_sitenote_note":"","_monsterinsights_sitenote_category":0,"footnotes":""},"categories":[7],"tags":[607,13,149,508,39,201],"class_list":["post-24624","post","type-post","status-publish","format-standard","has-post-thumbnail","hentry","category-todas-as-noticias","tag-arapongas","tag-mpc-pr","tag-primeira-camara","tag-progressao-funcional","tag-tce-pr","tag-tomada-de-contas-extraordinaria","entry","has-media"],"yoast_head":"<!-- This site is optimized with the Yoast SEO plugin v27.3 - https:\/\/yoast.com\/product\/yoast-seo-wordpress\/ -->\n<title>Forma\u00e7\u00e3o complementar de servidor deve ter correla\u00e7\u00e3o com atribui\u00e7\u00f5es do cargo para concess\u00e3o de progress\u00e3o funcional por qualifica\u00e7\u00e3o - Minist\u00e9rio P\u00fablico de Contas do Estado do Paran\u00e1<\/title>\n<meta name=\"robots\" content=\"index, follow, max-snippet:-1, max-image-preview:large, max-video-preview:-1\" \/>\n<link rel=\"canonical\" href=\"https:\/\/www.mpc.pr.gov.br\/index.php\/formacao-complementar-de-servidor-deve-ter-correlacao-com-atribuicoes-do-cargo-para-concessao-de-progressao-funcional-por-qualificacao\/\" \/>\n<meta property=\"og:locale\" content=\"pt_BR\" \/>\n<meta property=\"og:type\" content=\"article\" \/>\n<meta property=\"og:title\" content=\"Forma\u00e7\u00e3o complementar de servidor deve ter correla\u00e7\u00e3o com atribui\u00e7\u00f5es do cargo para concess\u00e3o de progress\u00e3o funcional por qualifica\u00e7\u00e3o - Minist\u00e9rio P\u00fablico de Contas do Estado do Paran\u00e1\" \/>\n<meta property=\"og:description\" content=\"Acolhendo a proposta do Minist\u00e9rio P\u00fablico de Contas do Paran\u00e1 (MPC-PR), a Primeira C\u00e2mara do Tribunal de Contas do Estado (TCE-PR) determinou a expedi\u00e7\u00e3o de recomenda\u00e7\u00e3o \u00e0 C\u00e2mara Municipal de Arapongas, a fim de que promova, nos futuros processos de concess\u00e3o de progress\u00e3o funcional por qualifica\u00e7\u00e3o, a an\u00e1lise minuciosa da pertin\u00eancia tem\u00e1tica dos cursos apresentados, [&hellip;]\" \/>\n<meta property=\"og:url\" content=\"https:\/\/www.mpc.pr.gov.br\/index.php\/formacao-complementar-de-servidor-deve-ter-correlacao-com-atribuicoes-do-cargo-para-concessao-de-progressao-funcional-por-qualificacao\/\" \/>\n<meta property=\"og:site_name\" content=\"Minist\u00e9rio P\u00fablico de Contas do Estado do Paran\u00e1\" \/>\n<meta property=\"article:publisher\" content=\"https:\/\/www.facebook.com\/mpc.pr\" \/>\n<meta property=\"article:published_time\" content=\"2025-10-28T17:00:00+00:00\" \/>\n<meta property=\"article:modified_time\" content=\"2025-11-07T18:32:25+00:00\" \/>\n<meta property=\"og:image\" content=\"https:\/\/www.mpc.pr.gov.br\/wp-content\/uploads\/2025\/10\/arapongas-Igreja-Matriz-Santuario-Nossa-Senhora-Aparecida-Arapongas.jpg\" \/>\n\t<meta property=\"og:image:width\" content=\"746\" \/>\n\t<meta property=\"og:image:height\" content=\"423\" \/>\n\t<meta property=\"og:image:type\" content=\"image\/jpeg\" \/>\n<meta name=\"author\" content=\"mpcontaspr\" \/>\n<meta name=\"twitter:card\" content=\"summary_large_image\" \/>\n<meta name=\"twitter:label1\" content=\"Escrito por\" \/>\n\t<meta name=\"twitter:data1\" content=\"mpcontaspr\" \/>\n\t<meta name=\"twitter:label2\" content=\"Est. tempo de leitura\" \/>\n\t<meta name=\"twitter:data2\" content=\"9 minutos\" \/>\n<script type=\"application\/ld+json\" class=\"yoast-schema-graph\">{\"@context\":\"https:\\\/\\\/schema.org\",\"@graph\":[{\"@type\":\"Article\",\"@id\":\"https:\\\/\\\/www.mpc.pr.gov.br\\\/index.php\\\/formacao-complementar-de-servidor-deve-ter-correlacao-com-atribuicoes-do-cargo-para-concessao-de-progressao-funcional-por-qualificacao\\\/#article\",\"isPartOf\":{\"@id\":\"https:\\\/\\\/www.mpc.pr.gov.br\\\/index.php\\\/formacao-complementar-de-servidor-deve-ter-correlacao-com-atribuicoes-do-cargo-para-concessao-de-progressao-funcional-por-qualificacao\\\/\"},\"author\":{\"name\":\"mpcontaspr\",\"@id\":\"https:\\\/\\\/www.mpc.pr.gov.br\\\/#\\\/schema\\\/person\\\/2d83cb8980538d0ec174e8a6284f5e11\"},\"headline\":\"Forma\u00e7\u00e3o complementar de servidor deve ter correla\u00e7\u00e3o com atribui\u00e7\u00f5es do cargo para concess\u00e3o de progress\u00e3o funcional por qualifica\u00e7\u00e3o\",\"datePublished\":\"2025-10-28T17:00:00+00:00\",\"dateModified\":\"2025-11-07T18:32:25+00:00\",\"mainEntityOfPage\":{\"@id\":\"https:\\\/\\\/www.mpc.pr.gov.br\\\/index.php\\\/formacao-complementar-de-servidor-deve-ter-correlacao-com-atribuicoes-do-cargo-para-concessao-de-progressao-funcional-por-qualificacao\\\/\"},\"wordCount\":1692,\"commentCount\":0,\"publisher\":{\"@id\":\"https:\\\/\\\/www.mpc.pr.gov.br\\\/#organization\"},\"image\":{\"@id\":\"https:\\\/\\\/www.mpc.pr.gov.br\\\/index.php\\\/formacao-complementar-de-servidor-deve-ter-correlacao-com-atribuicoes-do-cargo-para-concessao-de-progressao-funcional-por-qualificacao\\\/#primaryimage\"},\"thumbnailUrl\":\"https:\\\/\\\/www.mpc.pr.gov.br\\\/wp-content\\\/uploads\\\/2025\\\/10\\\/arapongas-Igreja-Matriz-Santuario-Nossa-Senhora-Aparecida-Arapongas.jpg\",\"keywords\":[\"Arapongas\",\"MPC-PR\",\"Primeira C\u00e2mara\",\"Progress\u00e3o Funcional\",\"TCE-PR\",\"Tomada de Contas Extraordin\u00e1ria\"],\"articleSection\":[\"Todas as not\u00edcias\"],\"inLanguage\":\"pt-BR\",\"potentialAction\":[{\"@type\":\"CommentAction\",\"name\":\"Comment\",\"target\":[\"https:\\\/\\\/www.mpc.pr.gov.br\\\/index.php\\\/formacao-complementar-de-servidor-deve-ter-correlacao-com-atribuicoes-do-cargo-para-concessao-de-progressao-funcional-por-qualificacao\\\/#respond\"]}]},{\"@type\":\"WebPage\",\"@id\":\"https:\\\/\\\/www.mpc.pr.gov.br\\\/index.php\\\/formacao-complementar-de-servidor-deve-ter-correlacao-com-atribuicoes-do-cargo-para-concessao-de-progressao-funcional-por-qualificacao\\\/\",\"url\":\"https:\\\/\\\/www.mpc.pr.gov.br\\\/index.php\\\/formacao-complementar-de-servidor-deve-ter-correlacao-com-atribuicoes-do-cargo-para-concessao-de-progressao-funcional-por-qualificacao\\\/\",\"name\":\"Forma\u00e7\u00e3o complementar de servidor deve ter correla\u00e7\u00e3o com atribui\u00e7\u00f5es do cargo para concess\u00e3o de progress\u00e3o funcional por qualifica\u00e7\u00e3o - Minist\u00e9rio P\u00fablico de Contas do Estado do Paran\u00e1\",\"isPartOf\":{\"@id\":\"https:\\\/\\\/www.mpc.pr.gov.br\\\/#website\"},\"primaryImageOfPage\":{\"@id\":\"https:\\\/\\\/www.mpc.pr.gov.br\\\/index.php\\\/formacao-complementar-de-servidor-deve-ter-correlacao-com-atribuicoes-do-cargo-para-concessao-de-progressao-funcional-por-qualificacao\\\/#primaryimage\"},\"image\":{\"@id\":\"https:\\\/\\\/www.mpc.pr.gov.br\\\/index.php\\\/formacao-complementar-de-servidor-deve-ter-correlacao-com-atribuicoes-do-cargo-para-concessao-de-progressao-funcional-por-qualificacao\\\/#primaryimage\"},\"thumbnailUrl\":\"https:\\\/\\\/www.mpc.pr.gov.br\\\/wp-content\\\/uploads\\\/2025\\\/10\\\/arapongas-Igreja-Matriz-Santuario-Nossa-Senhora-Aparecida-Arapongas.jpg\",\"datePublished\":\"2025-10-28T17:00:00+00:00\",\"dateModified\":\"2025-11-07T18:32:25+00:00\",\"breadcrumb\":{\"@id\":\"https:\\\/\\\/www.mpc.pr.gov.br\\\/index.php\\\/formacao-complementar-de-servidor-deve-ter-correlacao-com-atribuicoes-do-cargo-para-concessao-de-progressao-funcional-por-qualificacao\\\/#breadcrumb\"},\"inLanguage\":\"pt-BR\",\"potentialAction\":[{\"@type\":\"ReadAction\",\"target\":[\"https:\\\/\\\/www.mpc.pr.gov.br\\\/index.php\\\/formacao-complementar-de-servidor-deve-ter-correlacao-com-atribuicoes-do-cargo-para-concessao-de-progressao-funcional-por-qualificacao\\\/\"]}]},{\"@type\":\"ImageObject\",\"inLanguage\":\"pt-BR\",\"@id\":\"https:\\\/\\\/www.mpc.pr.gov.br\\\/index.php\\\/formacao-complementar-de-servidor-deve-ter-correlacao-com-atribuicoes-do-cargo-para-concessao-de-progressao-funcional-por-qualificacao\\\/#primaryimage\",\"url\":\"https:\\\/\\\/www.mpc.pr.gov.br\\\/wp-content\\\/uploads\\\/2025\\\/10\\\/arapongas-Igreja-Matriz-Santuario-Nossa-Senhora-Aparecida-Arapongas.jpg\",\"contentUrl\":\"https:\\\/\\\/www.mpc.pr.gov.br\\\/wp-content\\\/uploads\\\/2025\\\/10\\\/arapongas-Igreja-Matriz-Santuario-Nossa-Senhora-Aparecida-Arapongas.jpg\",\"width\":746,\"height\":423,\"caption\":\"Igreja Matriz Santu\u00e1rio Nossa Senhora Aparecida, localizada no Munic\u00edpio de Arapongas, na regi\u00e3o Norte Central do Paran\u00e1. Foto: divulga\u00e7\u00e3o.\"},{\"@type\":\"BreadcrumbList\",\"@id\":\"https:\\\/\\\/www.mpc.pr.gov.br\\\/index.php\\\/formacao-complementar-de-servidor-deve-ter-correlacao-com-atribuicoes-do-cargo-para-concessao-de-progressao-funcional-por-qualificacao\\\/#breadcrumb\",\"itemListElement\":[{\"@type\":\"ListItem\",\"position\":1,\"name\":\"In\u00edcio\",\"item\":\"https:\\\/\\\/www.mpc.pr.gov.br\\\/\"},{\"@type\":\"ListItem\",\"position\":2,\"name\":\"Forma\u00e7\u00e3o complementar de servidor deve ter correla\u00e7\u00e3o com atribui\u00e7\u00f5es do cargo para concess\u00e3o de progress\u00e3o funcional por qualifica\u00e7\u00e3o\"}]},{\"@type\":\"WebSite\",\"@id\":\"https:\\\/\\\/www.mpc.pr.gov.br\\\/#website\",\"url\":\"https:\\\/\\\/www.mpc.pr.gov.br\\\/\",\"name\":\"Minist\u00e9rio P\u00fablico de Contas do Estado do Paran\u00e1\",\"description\":\"\",\"publisher\":{\"@id\":\"https:\\\/\\\/www.mpc.pr.gov.br\\\/#organization\"},\"potentialAction\":[{\"@type\":\"SearchAction\",\"target\":{\"@type\":\"EntryPoint\",\"urlTemplate\":\"https:\\\/\\\/www.mpc.pr.gov.br\\\/?s={search_term_string}\"},\"query-input\":{\"@type\":\"PropertyValueSpecification\",\"valueRequired\":true,\"valueName\":\"search_term_string\"}}],\"inLanguage\":\"pt-BR\"},{\"@type\":\"Organization\",\"@id\":\"https:\\\/\\\/www.mpc.pr.gov.br\\\/#organization\",\"name\":\"Minist\u00e9rio P\u00fablico de Contas do Estado do Paran\u00e1\",\"url\":\"https:\\\/\\\/www.mpc.pr.gov.br\\\/\",\"logo\":{\"@type\":\"ImageObject\",\"inLanguage\":\"pt-BR\",\"@id\":\"https:\\\/\\\/www.mpc.pr.gov.br\\\/#\\\/schema\\\/logo\\\/image\\\/\",\"url\":\"https:\\\/\\\/www.mpc.pr.gov.br\\\/wp-content\\\/uploads\\\/2020\\\/06\\\/99423647_1593460364143890_6706793420720963584_n-1-e1591387983167.png\",\"contentUrl\":\"https:\\\/\\\/www.mpc.pr.gov.br\\\/wp-content\\\/uploads\\\/2020\\\/06\\\/99423647_1593460364143890_6706793420720963584_n-1-e1591387983167.png\",\"width\":243,\"height\":73,\"caption\":\"Minist\u00e9rio P\u00fablico de Contas do Estado do Paran\u00e1\"},\"image\":{\"@id\":\"https:\\\/\\\/www.mpc.pr.gov.br\\\/#\\\/schema\\\/logo\\\/image\\\/\"},\"sameAs\":[\"https:\\\/\\\/www.facebook.com\\\/mpc.pr\",\"https:\\\/\\\/www.instagram.com\\\/mpc.pr\\\/?hl=pt-br\",\"https:\\\/\\\/www.youtube.com\\\/channel\\\/UCHri5oEM8DV0ztX57E0sBSw\"]},{\"@type\":\"Person\",\"@id\":\"https:\\\/\\\/www.mpc.pr.gov.br\\\/#\\\/schema\\\/person\\\/2d83cb8980538d0ec174e8a6284f5e11\",\"name\":\"mpcontaspr\",\"image\":{\"@type\":\"ImageObject\",\"inLanguage\":\"pt-BR\",\"@id\":\"https:\\\/\\\/secure.gravatar.com\\\/avatar\\\/1aef51541db7622e05fd639336c9c9f312c2a618396e2b6ca96846362fc5403f?s=96&d=mm&r=g\",\"url\":\"https:\\\/\\\/secure.gravatar.com\\\/avatar\\\/1aef51541db7622e05fd639336c9c9f312c2a618396e2b6ca96846362fc5403f?s=96&d=mm&r=g\",\"contentUrl\":\"https:\\\/\\\/secure.gravatar.com\\\/avatar\\\/1aef51541db7622e05fd639336c9c9f312c2a618396e2b6ca96846362fc5403f?s=96&d=mm&r=g\",\"caption\":\"mpcontaspr\"},\"sameAs\":[\"http:\\\/\\\/www.mpc.pr.gov.br\"]}]}<\/script>\n<!-- \/ Yoast SEO plugin. -->","yoast_head_json":{"title":"Forma\u00e7\u00e3o complementar de servidor deve ter correla\u00e7\u00e3o com atribui\u00e7\u00f5es do cargo para concess\u00e3o de progress\u00e3o funcional por qualifica\u00e7\u00e3o - Minist\u00e9rio P\u00fablico de Contas do Estado do Paran\u00e1","robots":{"index":"index","follow":"follow","max-snippet":"max-snippet:-1","max-image-preview":"max-image-preview:large","max-video-preview":"max-video-preview:-1"},"canonical":"https:\/\/www.mpc.pr.gov.br\/index.php\/formacao-complementar-de-servidor-deve-ter-correlacao-com-atribuicoes-do-cargo-para-concessao-de-progressao-funcional-por-qualificacao\/","og_locale":"pt_BR","og_type":"article","og_title":"Forma\u00e7\u00e3o complementar de servidor deve ter correla\u00e7\u00e3o com atribui\u00e7\u00f5es do cargo para concess\u00e3o de progress\u00e3o funcional por qualifica\u00e7\u00e3o - Minist\u00e9rio P\u00fablico de Contas do Estado do Paran\u00e1","og_description":"Acolhendo a proposta do Minist\u00e9rio P\u00fablico de Contas do Paran\u00e1 (MPC-PR), a Primeira C\u00e2mara do Tribunal de Contas do Estado (TCE-PR) determinou a expedi\u00e7\u00e3o de recomenda\u00e7\u00e3o \u00e0 C\u00e2mara Municipal de Arapongas, a fim de que promova, nos futuros processos de concess\u00e3o de progress\u00e3o funcional por qualifica\u00e7\u00e3o, a an\u00e1lise minuciosa da pertin\u00eancia tem\u00e1tica dos cursos apresentados, [&hellip;]","og_url":"https:\/\/www.mpc.pr.gov.br\/index.php\/formacao-complementar-de-servidor-deve-ter-correlacao-com-atribuicoes-do-cargo-para-concessao-de-progressao-funcional-por-qualificacao\/","og_site_name":"Minist\u00e9rio P\u00fablico de Contas do Estado do Paran\u00e1","article_publisher":"https:\/\/www.facebook.com\/mpc.pr","article_published_time":"2025-10-28T17:00:00+00:00","article_modified_time":"2025-11-07T18:32:25+00:00","og_image":[{"width":746,"height":423,"url":"https:\/\/www.mpc.pr.gov.br\/wp-content\/uploads\/2025\/10\/arapongas-Igreja-Matriz-Santuario-Nossa-Senhora-Aparecida-Arapongas.jpg","type":"image\/jpeg"}],"author":"mpcontaspr","twitter_card":"summary_large_image","twitter_misc":{"Escrito por":"mpcontaspr","Est. tempo de leitura":"9 minutos"},"schema":{"@context":"https:\/\/schema.org","@graph":[{"@type":"Article","@id":"https:\/\/www.mpc.pr.gov.br\/index.php\/formacao-complementar-de-servidor-deve-ter-correlacao-com-atribuicoes-do-cargo-para-concessao-de-progressao-funcional-por-qualificacao\/#article","isPartOf":{"@id":"https:\/\/www.mpc.pr.gov.br\/index.php\/formacao-complementar-de-servidor-deve-ter-correlacao-com-atribuicoes-do-cargo-para-concessao-de-progressao-funcional-por-qualificacao\/"},"author":{"name":"mpcontaspr","@id":"https:\/\/www.mpc.pr.gov.br\/#\/schema\/person\/2d83cb8980538d0ec174e8a6284f5e11"},"headline":"Forma\u00e7\u00e3o complementar de servidor deve ter correla\u00e7\u00e3o com atribui\u00e7\u00f5es do cargo para concess\u00e3o de progress\u00e3o funcional por qualifica\u00e7\u00e3o","datePublished":"2025-10-28T17:00:00+00:00","dateModified":"2025-11-07T18:32:25+00:00","mainEntityOfPage":{"@id":"https:\/\/www.mpc.pr.gov.br\/index.php\/formacao-complementar-de-servidor-deve-ter-correlacao-com-atribuicoes-do-cargo-para-concessao-de-progressao-funcional-por-qualificacao\/"},"wordCount":1692,"commentCount":0,"publisher":{"@id":"https:\/\/www.mpc.pr.gov.br\/#organization"},"image":{"@id":"https:\/\/www.mpc.pr.gov.br\/index.php\/formacao-complementar-de-servidor-deve-ter-correlacao-com-atribuicoes-do-cargo-para-concessao-de-progressao-funcional-por-qualificacao\/#primaryimage"},"thumbnailUrl":"https:\/\/www.mpc.pr.gov.br\/wp-content\/uploads\/2025\/10\/arapongas-Igreja-Matriz-Santuario-Nossa-Senhora-Aparecida-Arapongas.jpg","keywords":["Arapongas","MPC-PR","Primeira C\u00e2mara","Progress\u00e3o Funcional","TCE-PR","Tomada de Contas Extraordin\u00e1ria"],"articleSection":["Todas as not\u00edcias"],"inLanguage":"pt-BR","potentialAction":[{"@type":"CommentAction","name":"Comment","target":["https:\/\/www.mpc.pr.gov.br\/index.php\/formacao-complementar-de-servidor-deve-ter-correlacao-com-atribuicoes-do-cargo-para-concessao-de-progressao-funcional-por-qualificacao\/#respond"]}]},{"@type":"WebPage","@id":"https:\/\/www.mpc.pr.gov.br\/index.php\/formacao-complementar-de-servidor-deve-ter-correlacao-com-atribuicoes-do-cargo-para-concessao-de-progressao-funcional-por-qualificacao\/","url":"https:\/\/www.mpc.pr.gov.br\/index.php\/formacao-complementar-de-servidor-deve-ter-correlacao-com-atribuicoes-do-cargo-para-concessao-de-progressao-funcional-por-qualificacao\/","name":"Forma\u00e7\u00e3o complementar de servidor deve ter correla\u00e7\u00e3o com atribui\u00e7\u00f5es do cargo para concess\u00e3o de progress\u00e3o funcional por qualifica\u00e7\u00e3o - Minist\u00e9rio P\u00fablico de Contas do Estado do Paran\u00e1","isPartOf":{"@id":"https:\/\/www.mpc.pr.gov.br\/#website"},"primaryImageOfPage":{"@id":"https:\/\/www.mpc.pr.gov.br\/index.php\/formacao-complementar-de-servidor-deve-ter-correlacao-com-atribuicoes-do-cargo-para-concessao-de-progressao-funcional-por-qualificacao\/#primaryimage"},"image":{"@id":"https:\/\/www.mpc.pr.gov.br\/index.php\/formacao-complementar-de-servidor-deve-ter-correlacao-com-atribuicoes-do-cargo-para-concessao-de-progressao-funcional-por-qualificacao\/#primaryimage"},"thumbnailUrl":"https:\/\/www.mpc.pr.gov.br\/wp-content\/uploads\/2025\/10\/arapongas-Igreja-Matriz-Santuario-Nossa-Senhora-Aparecida-Arapongas.jpg","datePublished":"2025-10-28T17:00:00+00:00","dateModified":"2025-11-07T18:32:25+00:00","breadcrumb":{"@id":"https:\/\/www.mpc.pr.gov.br\/index.php\/formacao-complementar-de-servidor-deve-ter-correlacao-com-atribuicoes-do-cargo-para-concessao-de-progressao-funcional-por-qualificacao\/#breadcrumb"},"inLanguage":"pt-BR","potentialAction":[{"@type":"ReadAction","target":["https:\/\/www.mpc.pr.gov.br\/index.php\/formacao-complementar-de-servidor-deve-ter-correlacao-com-atribuicoes-do-cargo-para-concessao-de-progressao-funcional-por-qualificacao\/"]}]},{"@type":"ImageObject","inLanguage":"pt-BR","@id":"https:\/\/www.mpc.pr.gov.br\/index.php\/formacao-complementar-de-servidor-deve-ter-correlacao-com-atribuicoes-do-cargo-para-concessao-de-progressao-funcional-por-qualificacao\/#primaryimage","url":"https:\/\/www.mpc.pr.gov.br\/wp-content\/uploads\/2025\/10\/arapongas-Igreja-Matriz-Santuario-Nossa-Senhora-Aparecida-Arapongas.jpg","contentUrl":"https:\/\/www.mpc.pr.gov.br\/wp-content\/uploads\/2025\/10\/arapongas-Igreja-Matriz-Santuario-Nossa-Senhora-Aparecida-Arapongas.jpg","width":746,"height":423,"caption":"Igreja Matriz Santu\u00e1rio Nossa Senhora Aparecida, localizada no Munic\u00edpio de Arapongas, na regi\u00e3o Norte Central do Paran\u00e1. Foto: divulga\u00e7\u00e3o."},{"@type":"BreadcrumbList","@id":"https:\/\/www.mpc.pr.gov.br\/index.php\/formacao-complementar-de-servidor-deve-ter-correlacao-com-atribuicoes-do-cargo-para-concessao-de-progressao-funcional-por-qualificacao\/#breadcrumb","itemListElement":[{"@type":"ListItem","position":1,"name":"In\u00edcio","item":"https:\/\/www.mpc.pr.gov.br\/"},{"@type":"ListItem","position":2,"name":"Forma\u00e7\u00e3o complementar de servidor deve ter correla\u00e7\u00e3o com atribui\u00e7\u00f5es do cargo para concess\u00e3o de progress\u00e3o funcional por qualifica\u00e7\u00e3o"}]},{"@type":"WebSite","@id":"https:\/\/www.mpc.pr.gov.br\/#website","url":"https:\/\/www.mpc.pr.gov.br\/","name":"Minist\u00e9rio P\u00fablico de Contas do Estado do Paran\u00e1","description":"","publisher":{"@id":"https:\/\/www.mpc.pr.gov.br\/#organization"},"potentialAction":[{"@type":"SearchAction","target":{"@type":"EntryPoint","urlTemplate":"https:\/\/www.mpc.pr.gov.br\/?s={search_term_string}"},"query-input":{"@type":"PropertyValueSpecification","valueRequired":true,"valueName":"search_term_string"}}],"inLanguage":"pt-BR"},{"@type":"Organization","@id":"https:\/\/www.mpc.pr.gov.br\/#organization","name":"Minist\u00e9rio P\u00fablico de Contas do Estado do Paran\u00e1","url":"https:\/\/www.mpc.pr.gov.br\/","logo":{"@type":"ImageObject","inLanguage":"pt-BR","@id":"https:\/\/www.mpc.pr.gov.br\/#\/schema\/logo\/image\/","url":"https:\/\/www.mpc.pr.gov.br\/wp-content\/uploads\/2020\/06\/99423647_1593460364143890_6706793420720963584_n-1-e1591387983167.png","contentUrl":"https:\/\/www.mpc.pr.gov.br\/wp-content\/uploads\/2020\/06\/99423647_1593460364143890_6706793420720963584_n-1-e1591387983167.png","width":243,"height":73,"caption":"Minist\u00e9rio P\u00fablico de Contas do Estado do Paran\u00e1"},"image":{"@id":"https:\/\/www.mpc.pr.gov.br\/#\/schema\/logo\/image\/"},"sameAs":["https:\/\/www.facebook.com\/mpc.pr","https:\/\/www.instagram.com\/mpc.pr\/?hl=pt-br","https:\/\/www.youtube.com\/channel\/UCHri5oEM8DV0ztX57E0sBSw"]},{"@type":"Person","@id":"https:\/\/www.mpc.pr.gov.br\/#\/schema\/person\/2d83cb8980538d0ec174e8a6284f5e11","name":"mpcontaspr","image":{"@type":"ImageObject","inLanguage":"pt-BR","@id":"https:\/\/secure.gravatar.com\/avatar\/1aef51541db7622e05fd639336c9c9f312c2a618396e2b6ca96846362fc5403f?s=96&d=mm&r=g","url":"https:\/\/secure.gravatar.com\/avatar\/1aef51541db7622e05fd639336c9c9f312c2a618396e2b6ca96846362fc5403f?s=96&d=mm&r=g","contentUrl":"https:\/\/secure.gravatar.com\/avatar\/1aef51541db7622e05fd639336c9c9f312c2a618396e2b6ca96846362fc5403f?s=96&d=mm&r=g","caption":"mpcontaspr"},"sameAs":["http:\/\/www.mpc.pr.gov.br"]}]}},"rttpg_featured_image_url":{"full":["https:\/\/www.mpc.pr.gov.br\/wp-content\/uploads\/2025\/10\/arapongas-Igreja-Matriz-Santuario-Nossa-Senhora-Aparecida-Arapongas.jpg",746,423,false],"landscape":["https:\/\/www.mpc.pr.gov.br\/wp-content\/uploads\/2025\/10\/arapongas-Igreja-Matriz-Santuario-Nossa-Senhora-Aparecida-Arapongas.jpg",746,423,false],"portraits":["https:\/\/www.mpc.pr.gov.br\/wp-content\/uploads\/2025\/10\/arapongas-Igreja-Matriz-Santuario-Nossa-Senhora-Aparecida-Arapongas.jpg",746,423,false],"thumbnail":["https:\/\/www.mpc.pr.gov.br\/wp-content\/uploads\/2025\/10\/arapongas-Igreja-Matriz-Santuario-Nossa-Senhora-Aparecida-Arapongas-150x150.jpg",150,150,true],"medium":["https:\/\/www.mpc.pr.gov.br\/wp-content\/uploads\/2025\/10\/arapongas-Igreja-Matriz-Santuario-Nossa-Senhora-Aparecida-Arapongas-300x170.jpg",300,170,true],"large":["https:\/\/www.mpc.pr.gov.br\/wp-content\/uploads\/2025\/10\/arapongas-Igreja-Matriz-Santuario-Nossa-Senhora-Aparecida-Arapongas.jpg",746,423,false],"1536x1536":["https:\/\/www.mpc.pr.gov.br\/wp-content\/uploads\/2025\/10\/arapongas-Igreja-Matriz-Santuario-Nossa-Senhora-Aparecida-Arapongas.jpg",746,423,false],"2048x2048":["https:\/\/www.mpc.pr.gov.br\/wp-content\/uploads\/2025\/10\/arapongas-Igreja-Matriz-Santuario-Nossa-Senhora-Aparecida-Arapongas.jpg",746,423,false],"ocean-thumb-m":["https:\/\/www.mpc.pr.gov.br\/wp-content\/uploads\/2025\/10\/arapongas-Igreja-Matriz-Santuario-Nossa-Senhora-Aparecida-Arapongas-600x423.jpg",600,423,true],"ocean-thumb-ml":["https:\/\/www.mpc.pr.gov.br\/wp-content\/uploads\/2025\/10\/arapongas-Igreja-Matriz-Santuario-Nossa-Senhora-Aparecida-Arapongas.jpg",746,423,false],"ocean-thumb-l":["https:\/\/www.mpc.pr.gov.br\/wp-content\/uploads\/2025\/10\/arapongas-Igreja-Matriz-Santuario-Nossa-Senhora-Aparecida-Arapongas.jpg",746,423,false]},"rttpg_author":{"display_name":"mpcontaspr","author_link":"https:\/\/www.mpc.pr.gov.br\/index.php\/author\/mpcontaspr\/"},"rttpg_comment":0,"rttpg_category":"<a href=\"https:\/\/www.mpc.pr.gov.br\/index.php\/category\/todas-as-noticias\/\" rel=\"category tag\">Todas as not\u00edcias<\/a>","rttpg_excerpt":"Acolhendo a proposta do Minist\u00e9rio P\u00fablico de Contas do Paran\u00e1 (MPC-PR), a Primeira C\u00e2mara do Tribunal de Contas do Estado (TCE-PR) determinou a expedi\u00e7\u00e3o de recomenda\u00e7\u00e3o \u00e0 C\u00e2mara Municipal de Arapongas, a fim de que promova, nos futuros processos de concess\u00e3o de progress\u00e3o funcional por qualifica\u00e7\u00e3o, a an\u00e1lise minuciosa da pertin\u00eancia tem\u00e1tica dos cursos apresentados,&hellip;","_links":{"self":[{"href":"https:\/\/www.mpc.pr.gov.br\/index.php\/wp-json\/wp\/v2\/posts\/24624","targetHints":{"allow":["GET"]}}],"collection":[{"href":"https:\/\/www.mpc.pr.gov.br\/index.php\/wp-json\/wp\/v2\/posts"}],"about":[{"href":"https:\/\/www.mpc.pr.gov.br\/index.php\/wp-json\/wp\/v2\/types\/post"}],"author":[{"embeddable":true,"href":"https:\/\/www.mpc.pr.gov.br\/index.php\/wp-json\/wp\/v2\/users\/1"}],"replies":[{"embeddable":true,"href":"https:\/\/www.mpc.pr.gov.br\/index.php\/wp-json\/wp\/v2\/comments?post=24624"}],"version-history":[{"count":1,"href":"https:\/\/www.mpc.pr.gov.br\/index.php\/wp-json\/wp\/v2\/posts\/24624\/revisions"}],"predecessor-version":[{"id":24629,"href":"https:\/\/www.mpc.pr.gov.br\/index.php\/wp-json\/wp\/v2\/posts\/24624\/revisions\/24629"}],"wp:featuredmedia":[{"embeddable":true,"href":"https:\/\/www.mpc.pr.gov.br\/index.php\/wp-json\/wp\/v2\/media\/24625"}],"wp:attachment":[{"href":"https:\/\/www.mpc.pr.gov.br\/index.php\/wp-json\/wp\/v2\/media?parent=24624"}],"wp:term":[{"taxonomy":"category","embeddable":true,"href":"https:\/\/www.mpc.pr.gov.br\/index.php\/wp-json\/wp\/v2\/categories?post=24624"},{"taxonomy":"post_tag","embeddable":true,"href":"https:\/\/www.mpc.pr.gov.br\/index.php\/wp-json\/wp\/v2\/tags?post=24624"}],"curies":[{"name":"wp","href":"https:\/\/api.w.org\/{rel}","templated":true}]}}