{"id":24934,"date":"2025-12-09T14:29:36","date_gmt":"2025-12-09T17:29:36","guid":{"rendered":"https:\/\/www.mpc.pr.gov.br\/?p=24934"},"modified":"2025-12-17T14:58:25","modified_gmt":"2025-12-17T17:58:25","slug":"mpc-pr-marca-presenca-no-iv-congresso-internacional-dos-tribunais-de-contas","status":"publish","type":"post","link":"https:\/\/www.mpc.pr.gov.br\/index.php\/mpc-pr-marca-presenca-no-iv-congresso-internacional-dos-tribunais-de-contas\/","title":{"rendered":"MPC-PR marca presen\u00e7a no IV Congresso Internacional dos Tribunais de Contas"},"content":{"rendered":"<figure id=\"attachment_24935\" aria-describedby=\"caption-attachment-24935\" style=\"width: 300px\" class=\"wp-caption alignleft\"><img fetchpriority=\"high\" decoding=\"async\" class=\"size-medium wp-image-24935\" src=\"https:\/\/www.mpc.pr.gov.br\/wp-content\/uploads\/2025\/12\/WhatsApp-Image-2025-12-04-at-09.41.02-300x225.jpeg\" alt=\"\" width=\"300\" height=\"225\" srcset=\"https:\/\/www.mpc.pr.gov.br\/wp-content\/uploads\/2025\/12\/WhatsApp-Image-2025-12-04-at-09.41.02-300x225.jpeg 300w, https:\/\/www.mpc.pr.gov.br\/wp-content\/uploads\/2025\/12\/WhatsApp-Image-2025-12-04-at-09.41.02-1024x768.jpeg 1024w, https:\/\/www.mpc.pr.gov.br\/wp-content\/uploads\/2025\/12\/WhatsApp-Image-2025-12-04-at-09.41.02-768x576.jpeg 768w, https:\/\/www.mpc.pr.gov.br\/wp-content\/uploads\/2025\/12\/WhatsApp-Image-2025-12-04-at-09.41.02.jpeg 1280w\" sizes=\"(max-width: 300px) 100vw, 300px\" \/><figcaption id=\"caption-attachment-24935\" class=\"wp-caption-text\">Vitor Henrique Pasini Fran\u00e7a (assessor do NAT), Amanda Gabriely Santos Pereira (Editora-Chefe da Revista do MPC-PR), Giovanna Menezes Faria (assessora do NuCom), Procuradora Katia Regina Puchaski, Presidente do TCE-PR Ivens Linhares, Renata Brindaroli Zelinski (assessora da 6PC), Procurador-Geral Gabriel Guy L\u00e9ger, Sofia Duarte de Lima Moser (assessora da 1PC) , Barbara Krysttal Motta Almeida Reis (Diretora-Geral), Carlos Volchan de Carvalho (Diretor de Gabinete da Procuradoria-Geral).<\/figcaption><\/figure>\n<p>Entre os dias 2 e 5 de dezembro, o Minist\u00e9rio P\u00fablico de Contas do Paran\u00e1 (MPC-PR) participou do <strong>IV Congresso Internacional dos Tribunais de Contas (IV CITC)<\/strong>, realizado no Centro de Conven\u00e7\u00f5es de Florian\u00f3polis (CentroSul). O evento reuniu cerca de 3 mil participantes e trouxe como tema central <strong>\u201cTribunais de Contas: Rep\u00fablica, Democracia, Governan\u00e7a e Sustentabilidade\u201d<\/strong>, promovendo debates sobre os principais desafios da administra\u00e7\u00e3o p\u00fablica contempor\u00e2nea.<\/p>\n<p>Com uma programa\u00e7\u00e3o extensa, o evento contou com nomes de destaque nacional e internacional, sendo organizado em seis pain\u00e9is tem\u00e1ticos, seis oficinas e 32 atividades paralelas, abordando assuntos como reforma tribut\u00e1ria, governan\u00e7a fiscal, cidades inteligentes, equidade racial e de g\u00eanero, meio ambiente e desafios clim\u00e1ticos. Tamb\u00e9m foram discutidas estrat\u00e9gias para fortalecer a transpar\u00eancia, a participa\u00e7\u00e3o social e a inova\u00e7\u00e3o tecnol\u00f3gica no setor p\u00fablico, bem como realizadas reuni\u00f5es t\u00e9cnicas dos grupos de trabalho das entidades que comp\u00f5e o Sistema de Controle Externo.<\/p>\n<h4><strong>Participa\u00e7\u00e3o do MPC-PR<\/strong><\/h4>\n<p>Representando o MPC-PR, participaram do IV CITC o Procurador-Geral Gabriel Guy L\u00e9ger, a Procuradora Katia Regina Puchaski, o Procurador Fl\u00e1vio de Azambuja Berti, a Diretora-Geral Barbara Krysttal Motta Almeida Reis, o Diretor de Gabinete da Procuradoria-Geral Carlos Volchan de Carvalho, a Editora-Chefe da Revista do MPC-PR Amanda Gabriely Santos Pereira, e as assessoras Gabriella Bernardi Negrini (7\u00aa Procuradoria de Contas), Giovanna Menezes Faria (N\u00facleo de Comunica\u00e7\u00e3o), Renata Brindaroli Zelinski (6\u00aa Procuradoria de Contas), Sofia Duarte de Lima Moser (1\u00aa Procuradoria de Contas) e o assessor Vitor Henrique Pasini Fran\u00e7a (N\u00facleo de An\u00e1lise T\u00e9cnica).<\/p>\n<figure id=\"attachment_24936\" aria-describedby=\"caption-attachment-24936\" style=\"width: 263px\" class=\"wp-caption alignright\"><img decoding=\"async\" class=\"wp-image-24936 size-medium\" src=\"https:\/\/www.mpc.pr.gov.br\/wp-content\/uploads\/2025\/12\/WhatsApp-Image-2025-12-04-at-17.05.32-e1765301154780-263x300.jpeg\" alt=\"\" width=\"263\" height=\"300\" srcset=\"https:\/\/www.mpc.pr.gov.br\/wp-content\/uploads\/2025\/12\/WhatsApp-Image-2025-12-04-at-17.05.32-e1765301154780-263x300.jpeg 263w, https:\/\/www.mpc.pr.gov.br\/wp-content\/uploads\/2025\/12\/WhatsApp-Image-2025-12-04-at-17.05.32-e1765301154780.jpeg 720w\" sizes=\"(max-width: 263px) 100vw, 263px\" \/><figcaption id=\"caption-attachment-24936\" class=\"wp-caption-text\">Procurador-Geral Gabriel Guy L\u00e9ger, Gabriella Bernardi Negrini (assessora da 7PC), Sofia Duarte de Lima Moser (assessora da 1PC), Carlos Volchan de Carvalho (Diretor de Gabinete da Procuradoria-Geral), Vitor Henrique Pasini Fran\u00e7a (assessor do NAT).<\/figcaption><\/figure>\n<p>No dia 2 (ter\u00e7a-feira), a programa\u00e7\u00e3o do evento contou com a realiza\u00e7\u00e3o de diversas reuni\u00f5es t\u00e9cnicas. Dentre elas, o Procurador-Geral Gabriel Guy L\u00e9ger participou da Reuni\u00e3o do Comit\u00ea T\u00e9cnico de Acessibilidade e Inclus\u00e3o do Instituto Rui Barbosa (IRB), presidido pelo Procurador de Contas S\u00e9rgio Carib\u00e9, do Minist\u00e9rio P\u00fablico de Contas junto ao Tribunal de Contas da Uni\u00e3o (MPTCU). O encontro tratou do fortalecimento de pol\u00edticas inclusivas no \u00e2mbito dos MPCs e Tribunais de Contas, al\u00e9m da apresenta\u00e7\u00e3o dos novos integrantes do comit\u00ea e as boas pr\u00e1ticas realizadas pelo entidades do Distrito Federal, Paran\u00e1, Piau\u00ed, Santa Catarina e Roraima ao longo do ano de 2025 em rela\u00e7\u00e3o ao tema de acessibilidade e inclus\u00e3o.<\/p>\n<p>J\u00e1 no dia 3 (quarta-feira), L\u00e9ger integrou a reuni\u00e3o de trabalho da Associa\u00e7\u00e3o Nacional do Minist\u00e9rio P\u00fablico de Contas (AMPCON). Na pauta, foi abordado o acompanhamento das principais pautas jur\u00eddicas e institucionais de interesse do MPC em n\u00edvel nacional, incluindo encaminhamentos sobre iniciativas futuras e organiza\u00e7\u00e3o de eventos voltados ao aprimoramento da atua\u00e7\u00e3o dos membros. Conduzida pelo Presidente da entidade, o Procurador-Geral do Minist\u00e9rio P\u00fablico de Minas Gerais Marc\u00edlio Barenco, a reuni\u00e3o encerrou-se com a entrega da Medalha de M\u00e9rito Funcional Ant\u00f4nio Maria Figueiredo Cavalcanti, homenagem concedida a membros que se destacaram por sua contribui\u00e7\u00e3o \u00e0 carreira e ao fortalecimento da institui\u00e7\u00e3o. Os agraciados foram os Ex-Presidentes da Ampcon, o Procurador do MPTCU J\u00falio Marcelo e o Procurador do MPC-SC Diogo Ringenberg.<\/p>\n<p>Paralelemente, sob a presid\u00eancia do Conselheiro Renato Rainha, Desembargador Regente da Escola de Contas do Tribunal de Contas do Distrito Federal (TC-DF), a Diretora-Geral do MPC-PR Barbara Krysttal participou da reuni\u00e3o do Comit\u00ea T\u00e9cnico de Seguran\u00e7a P\u00fablica do IRB, que apresentou o Relat\u00f3rio de Atividades 2025 e discutiu a proposta de uma auditoria nacional sobre a governan\u00e7a dos recursos do Fundo Nacional de Seguran\u00e7a P\u00fablica. Al\u00e9m disso, Barbara apresentou em conjunto com os integrantes do comit\u00ea Ricardo Pessoa (TCE-CE) e Reynaldo Alencar (TC-DF), o \u201cQuestion\u00e1rio Nacional de Seguran\u00e7a P\u00fablica nos Munic\u00edpios Brasileiros\u201d, que ir\u00e1 integrar o \u00cdndice de Efetividade da Gest\u00e3o Municipal\u00a0 (IEGM), bem como a Nota Recomendat\u00f3ria Conjunta n\u00ba 2\/2025, emitida pelas entidades do Sistema de Controle Externo, orientando os tribunais de contas e minist\u00e9rios p\u00fablicos brasileiros sobre a ado\u00e7\u00e3o de pol\u00edticas integradas de seguran\u00e7a institucional voltadas \u00e0 prote\u00e7\u00e3o de membros e servidores no exerc\u00edcio das atividades final\u00edsticas de controle externo.<\/p>\n<p>Em rela\u00e7\u00e3o as oficinas tem\u00e1ticas, os servidores e Membros do MPC-PR participaram das atividades tem\u00e1ticas sobre \u201cCidades e Comunidades Inteligentes, Sustent\u00e1veis e Resilientes\u201d, \u201cSa\u00fade\u201d e \u201cMeio Ambiente e Desafio Clim\u00e1tico\u201d, que abordaram auditorias de pol\u00edticas p\u00fablicas, indicadores de gest\u00e3o e estrat\u00e9gias para adapta\u00e7\u00e3o \u00e0s mudan\u00e7as clim\u00e1ticas. Essas atividades refor\u00e7am o compromisso do \u00f3rg\u00e3o com a inova\u00e7\u00e3o e a fiscaliza\u00e7\u00e3o eficiente dos recursos p\u00fablicos.<\/p>\n<p>Essas atividades dialogam diretamente com os Projetos de Atua\u00e7\u00e3o Especial desenvolvido pelo MPC-PR, como o InovaCidades MPC, voltado \u00e0 moderniza\u00e7\u00e3o da gest\u00e3o municipal com base em indicadores internacionais, e o projeto Estrutura de Prote\u00e7\u00e3o e Defesa Civil dos Munic\u00edpios, que avalia a capacidade operacional das administra\u00e7\u00f5es para preven\u00e7\u00e3o e resposta a desastres clim\u00e1ticos.<\/p>\n<h4><strong>Congresso Internacional dos Tribunais de Contas<\/strong><\/h4>\n<p>A quarta edi\u00e7\u00e3o do Congresso foi promovida pela Associa\u00e7\u00e3o dos Membros dos Tribunais de Contas do Brasil (Atricon), pelo Instituto Rui Barbosa (IRB), pelo Tribunal de Contas do Estado de Santa Catarina (TCE-SC), pelo Conselho Nacional de Presidentes dos Tribunais de Contas (CNPTC), pela Associa\u00e7\u00e3o Brasileira de Tribunais de Contas (Abracom) e pela Associa\u00e7\u00e3o Nacional dos Ministros e Conselheiros-Substitutos dos Tribunais de Contas (Audicon).<\/p>\n<p>A realiza\u00e7\u00e3o tamb\u00e9m contou com a parceria do governo do Estado de Santa Catarina, Prefeitura de Florian\u00f3polis, Prefeitura de Blumenau, Assembleia Legislativa e Grupo Ba\u00eda Sul e patroc\u00ednio de Aegea, BID, BRDE, Celesc, Codemge, Cemig, CFA, CFC, CNI, FIESC, Sebrae, TechBiz, ABDI, BNDES, Minist\u00e9rio do Desenvolvimento, Ind\u00fastria, Com\u00e9rcio e Servi\u00e7os e Minist\u00e9rio da Fazenda.<\/p>\n<p>Ao final do evento, as entidades promotoras apresentaram a \u201cCarta de Florian\u00f3polis\u201d refor\u00e7ando a miss\u00e3o institucional dos Tribunais de Contas na defesa da governan\u00e7a dial\u00f3gica, auditorias preventivas, redes colaborativas, pr\u00e1ticas inclusivas e o compromisso com os direitos humanos, transpar\u00eancia, sustentabilidade e redu\u00e7\u00e3o das desigualdades.<\/p>\n<div id='gallery-1' class='gallery galleryid-24934 gallery-columns-3 gallery-size-thumbnail'><figure class='gallery-item'>\n\t\t\t<div class='gallery-icon landscape'>\n\t\t\t\t<a href='https:\/\/www.mpc.pr.gov.br\/index.php\/mpc-pr-marca-presenca-no-iv-congresso-internacional-dos-tribunais-de-contas\/whatsapp-image-2025-12-08-at-11-36-40\/'><img decoding=\"async\" width=\"150\" height=\"150\" src=\"https:\/\/www.mpc.pr.gov.br\/wp-content\/uploads\/2025\/12\/WhatsApp-Image-2025-12-08-at-11.36.40-150x150.jpeg\" class=\"attachment-thumbnail size-thumbnail\" alt=\"\" aria-describedby=\"gallery-1-24937\" srcset=\"https:\/\/www.mpc.pr.gov.br\/wp-content\/uploads\/2025\/12\/WhatsApp-Image-2025-12-08-at-11.36.40-150x150.jpeg 150w, https:\/\/www.mpc.pr.gov.br\/wp-content\/uploads\/2025\/12\/WhatsApp-Image-2025-12-08-at-11.36.40-600x600.jpeg 600w\" sizes=\"(max-width: 150px) 100vw, 150px\" \/><\/a>\n\t\t\t<\/div>\n\t\t\t\t<figcaption class='wp-caption-text gallery-caption' id='gallery-1-24937'>\n\t\t\t\tOs participantes da reuni\u00e3o do Comit\u00ea de Acessibilidade e Inclus\u00e3o do Instituto Rui Barbosa. \n\t\t\t\t<\/figcaption><\/figure><figure class='gallery-item'>\n\t\t\t<div class='gallery-icon landscape'>\n\t\t\t\t<a href='https:\/\/www.mpc.pr.gov.br\/index.php\/mpc-pr-marca-presenca-no-iv-congresso-internacional-dos-tribunais-de-contas\/os-participantes-da-reuniao-da-ampcon-foto-jk-freitas-mpc-mg\/'><img loading=\"lazy\" decoding=\"async\" width=\"150\" height=\"150\" src=\"https:\/\/www.mpc.pr.gov.br\/wp-content\/uploads\/2025\/12\/Os-participantes-da-reuniao-da-Ampcon.-Foto-JK-Freitas-MPC-MG-150x150.jpg\" class=\"attachment-thumbnail size-thumbnail\" alt=\"\" aria-describedby=\"gallery-1-24938\" srcset=\"https:\/\/www.mpc.pr.gov.br\/wp-content\/uploads\/2025\/12\/Os-participantes-da-reuniao-da-Ampcon.-Foto-JK-Freitas-MPC-MG-150x150.jpg 150w, https:\/\/www.mpc.pr.gov.br\/wp-content\/uploads\/2025\/12\/Os-participantes-da-reuniao-da-Ampcon.-Foto-JK-Freitas-MPC-MG-600x600.jpg 600w\" sizes=\"(max-width: 150px) 100vw, 150px\" \/><\/a>\n\t\t\t<\/div>\n\t\t\t\t<figcaption class='wp-caption-text gallery-caption' id='gallery-1-24938'>\n\t\t\t\tOs participantes da reuni\u00e3o da Ampcon. Foto JK Freitas  MPC-MG.\n\t\t\t\t<\/figcaption><\/figure><figure class='gallery-item'>\n\t\t\t<div class='gallery-icon portrait'>\n\t\t\t\t<a href='https:\/\/www.mpc.pr.gov.br\/index.php\/mpc-pr-marca-presenca-no-iv-congresso-internacional-dos-tribunais-de-contas\/whatsapp-image-2025-12-08-at-11-30-04\/'><img loading=\"lazy\" decoding=\"async\" width=\"150\" height=\"150\" src=\"https:\/\/www.mpc.pr.gov.br\/wp-content\/uploads\/2025\/12\/WhatsApp-Image-2025-12-08-at-11.30.04-150x150.jpeg\" class=\"attachment-thumbnail size-thumbnail\" alt=\"\" aria-describedby=\"gallery-1-24939\" srcset=\"https:\/\/www.mpc.pr.gov.br\/wp-content\/uploads\/2025\/12\/WhatsApp-Image-2025-12-08-at-11.30.04-150x150.jpeg 150w, https:\/\/www.mpc.pr.gov.br\/wp-content\/uploads\/2025\/12\/WhatsApp-Image-2025-12-08-at-11.30.04-600x600.jpeg 600w\" sizes=\"(max-width: 150px) 100vw, 150px\" \/><\/a>\n\t\t\t<\/div>\n\t\t\t\t<figcaption class='wp-caption-text gallery-caption' id='gallery-1-24939'>\n\t\t\t\tProcurador-Geral Gabriel Guy L\u00e9ger, Procuradora Katia Regina Puchaski e o Coordenador da Comiss\u00e3o de Educa\u00e7\u00e3o da Atricon e Conselheiro do Tribunal de Contas do Rio Grande do Sul, Cezar Miola.\n\t\t\t\t<\/figcaption><\/figure><figure class='gallery-item'>\n\t\t\t<div class='gallery-icon landscape'>\n\t\t\t\t<a href='https:\/\/www.mpc.pr.gov.br\/index.php\/mpc-pr-marca-presenca-no-iv-congresso-internacional-dos-tribunais-de-contas\/whatsapp-image-2025-12-08-at-15-02-38\/'><img loading=\"lazy\" decoding=\"async\" width=\"150\" height=\"150\" src=\"https:\/\/www.mpc.pr.gov.br\/wp-content\/uploads\/2025\/12\/WhatsApp-Image-2025-12-08-at-15.02.38-150x150.jpeg\" class=\"attachment-thumbnail size-thumbnail\" alt=\"\" aria-describedby=\"gallery-1-24940\" srcset=\"https:\/\/www.mpc.pr.gov.br\/wp-content\/uploads\/2025\/12\/WhatsApp-Image-2025-12-08-at-15.02.38-150x150.jpeg 150w, https:\/\/www.mpc.pr.gov.br\/wp-content\/uploads\/2025\/12\/WhatsApp-Image-2025-12-08-at-15.02.38-600x600.jpeg 600w\" sizes=\"(max-width: 150px) 100vw, 150px\" \/><\/a>\n\t\t\t<\/div>\n\t\t\t\t<figcaption class='wp-caption-text gallery-caption' id='gallery-1-24940'>\n\t\t\t\tGilmar Lima (Procurador do MPC-PE), Yvonete Fontinelle de Melo (Procuradora do MPC-RO), Ra\u00efssa Maria Rezende de Deus Barbosa (Procuradora do MPC-PI), Gabriel Guy L\u00e9ger (Procurador-Geral do MPC-PR) e Marcos Ant\u00f4nio Modes (Procurador do MPC-TO).\n\t\t\t\t<\/figcaption><\/figure><figure class='gallery-item'>\n\t\t\t<div class='gallery-icon landscape'>\n\t\t\t\t<a href='https:\/\/www.mpc.pr.gov.br\/index.php\/mpc-pr-marca-presenca-no-iv-congresso-internacional-dos-tribunais-de-contas\/whatsapp-image-2025-12-03-at-09-56-10\/'><img loading=\"lazy\" decoding=\"async\" width=\"150\" height=\"150\" src=\"https:\/\/www.mpc.pr.gov.br\/wp-content\/uploads\/2025\/12\/WhatsApp-Image-2025-12-03-at-09.56.10-150x150.jpeg\" class=\"attachment-thumbnail size-thumbnail\" alt=\"\" aria-describedby=\"gallery-1-24941\" srcset=\"https:\/\/www.mpc.pr.gov.br\/wp-content\/uploads\/2025\/12\/WhatsApp-Image-2025-12-03-at-09.56.10-150x150.jpeg 150w, https:\/\/www.mpc.pr.gov.br\/wp-content\/uploads\/2025\/12\/WhatsApp-Image-2025-12-03-at-09.56.10-600x600.jpeg 600w\" sizes=\"(max-width: 150px) 100vw, 150px\" \/><\/a>\n\t\t\t<\/div>\n\t\t\t\t<figcaption class='wp-caption-text gallery-caption' id='gallery-1-24941'>\n\t\t\t\tErnesto Tavares Victoria (Procurador do MPC-RO), Marc\u00edlio Barenco (Procurador-Geral do MPC-MG), Yvonete Fontinelle de Melo (Procuradora do MPC-RO), Gabriel Guy L\u00e9ger (Procurador-Geral do MPC-PR), Carlos Gustavo Silva Rodrigues (Procurador-Geral do MPC-GO) e Felipe Rosa Cruz (Procurador do MPC-PA).\n\t\t\t\t<\/figcaption><\/figure><figure class='gallery-item'>\n\t\t\t<div class='gallery-icon landscape'>\n\t\t\t\t<a href='https:\/\/www.mpc.pr.gov.br\/index.php\/mpc-pr-marca-presenca-no-iv-congresso-internacional-dos-tribunais-de-contas\/whatsapp-image-2025-12-08-at-15-02-38-1\/'><img loading=\"lazy\" decoding=\"async\" width=\"150\" height=\"150\" src=\"https:\/\/www.mpc.pr.gov.br\/wp-content\/uploads\/2025\/12\/WhatsApp-Image-2025-12-08-at-15.02.38-1-150x150.jpeg\" class=\"attachment-thumbnail size-thumbnail\" alt=\"\" aria-describedby=\"gallery-1-24942\" srcset=\"https:\/\/www.mpc.pr.gov.br\/wp-content\/uploads\/2025\/12\/WhatsApp-Image-2025-12-08-at-15.02.38-1-150x150.jpeg 150w, https:\/\/www.mpc.pr.gov.br\/wp-content\/uploads\/2025\/12\/WhatsApp-Image-2025-12-08-at-15.02.38-1-600x600.jpeg 600w\" sizes=\"(max-width: 150px) 100vw, 150px\" \/><\/a>\n\t\t\t<\/div>\n\t\t\t\t<figcaption class='wp-caption-text gallery-caption' id='gallery-1-24942'>\n\t\t\t\tComitiva de servidores e membros do Tribunal de Contas do Estado (TCE-PR) e Minist\u00e9rio P\u00fablico de Contas do Paran\u00e1 (MPC-PR).\n\t\t\t\t<\/figcaption><\/figure><figure class='gallery-item'>\n\t\t\t<div class='gallery-icon landscape'>\n\t\t\t\t<a href='https:\/\/www.mpc.pr.gov.br\/index.php\/mpc-pr-marca-presenca-no-iv-congresso-internacional-dos-tribunais-de-contas\/v2_d9905286-909d-4613-ab45-2fd8801d9244\/'><img loading=\"lazy\" decoding=\"async\" width=\"150\" height=\"150\" src=\"https:\/\/www.mpc.pr.gov.br\/wp-content\/uploads\/2025\/12\/v2_d9905286-909d-4613-ab45-2fd8801d9244-150x150.jpg\" class=\"attachment-thumbnail size-thumbnail\" alt=\"\" aria-describedby=\"gallery-1-24943\" srcset=\"https:\/\/www.mpc.pr.gov.br\/wp-content\/uploads\/2025\/12\/v2_d9905286-909d-4613-ab45-2fd8801d9244-150x150.jpg 150w, https:\/\/www.mpc.pr.gov.br\/wp-content\/uploads\/2025\/12\/v2_d9905286-909d-4613-ab45-2fd8801d9244-600x600.jpg 600w\" sizes=\"(max-width: 150px) 100vw, 150px\" \/><\/a>\n\t\t\t<\/div>\n\t\t\t\t<figcaption class='wp-caption-text gallery-caption' id='gallery-1-24943'>\n\t\t\t\tComitiva de servidores e membros do Tribunal de Contas do Estado (TCE-PR) e Minist\u00e9rio P\u00fablico de Contas do Paran\u00e1 (MPC-PR).\n\t\t\t\t<\/figcaption><\/figure>\n\t\t<\/div>\n\n","protected":false},"excerpt":{"rendered":"<p>Entre os dias 2 e 5 de dezembro, o Minist\u00e9rio P\u00fablico de Contas do Paran\u00e1 (MPC-PR) participou do IV Congresso Internacional dos Tribunais de Contas (IV CITC), realizado no Centro de Conven\u00e7\u00f5es de Florian\u00f3polis (CentroSul). O evento reuniu cerca de 3 mil participantes e trouxe como tema central \u201cTribunais de Contas: Rep\u00fablica, Democracia, Governan\u00e7a e [&hellip;]<\/p>\n","protected":false},"author":1,"featured_media":24935,"comment_status":"open","ping_status":"open","sticky":false,"template":"","format":"standard","meta":{"_monsterinsights_skip_tracking":false,"_monsterinsights_sitenote_active":false,"_monsterinsights_sitenote_note":"","_monsterinsights_sitenote_category":0,"footnotes":""},"categories":[7],"tags":[866,864,865,13,39],"class_list":["post-24934","post","type-post","status-publish","format-standard","has-post-thumbnail","hentry","category-todas-as-noticias","tag-citc","tag-congresso-internacional-dos-tribunais-de-contas","tag-iv-citc","tag-mpc-pr","tag-tce-pr","entry","has-media"],"yoast_head":"<!-- This site is optimized with the Yoast SEO plugin v27.3 - https:\/\/yoast.com\/product\/yoast-seo-wordpress\/ -->\n<title>MPC-PR marca presen\u00e7a no IV Congresso Internacional dos Tribunais de Contas - Minist\u00e9rio P\u00fablico de Contas do Estado do Paran\u00e1<\/title>\n<meta name=\"robots\" content=\"index, follow, max-snippet:-1, max-image-preview:large, max-video-preview:-1\" \/>\n<link rel=\"canonical\" href=\"https:\/\/www.mpc.pr.gov.br\/index.php\/mpc-pr-marca-presenca-no-iv-congresso-internacional-dos-tribunais-de-contas\/\" \/>\n<meta property=\"og:locale\" content=\"pt_BR\" \/>\n<meta property=\"og:type\" content=\"article\" \/>\n<meta property=\"og:title\" content=\"MPC-PR marca presen\u00e7a no IV Congresso Internacional dos Tribunais de Contas - Minist\u00e9rio P\u00fablico de Contas do Estado do Paran\u00e1\" \/>\n<meta property=\"og:description\" content=\"Entre os dias 2 e 5 de dezembro, o Minist\u00e9rio P\u00fablico de Contas do Paran\u00e1 (MPC-PR) participou do IV Congresso Internacional dos Tribunais de Contas (IV CITC), realizado no Centro de Conven\u00e7\u00f5es de Florian\u00f3polis (CentroSul). O evento reuniu cerca de 3 mil participantes e trouxe como tema central \u201cTribunais de Contas: Rep\u00fablica, Democracia, Governan\u00e7a e [&hellip;]\" \/>\n<meta property=\"og:url\" content=\"https:\/\/www.mpc.pr.gov.br\/index.php\/mpc-pr-marca-presenca-no-iv-congresso-internacional-dos-tribunais-de-contas\/\" \/>\n<meta property=\"og:site_name\" content=\"Minist\u00e9rio P\u00fablico de Contas do Estado do Paran\u00e1\" \/>\n<meta property=\"article:publisher\" content=\"https:\/\/www.facebook.com\/mpc.pr\" \/>\n<meta property=\"article:published_time\" content=\"2025-12-09T17:29:36+00:00\" \/>\n<meta property=\"article:modified_time\" content=\"2025-12-17T17:58:25+00:00\" \/>\n<meta property=\"og:image\" content=\"https:\/\/www.mpc.pr.gov.br\/wp-content\/uploads\/2025\/12\/WhatsApp-Image-2025-12-04-at-09.41.02.jpeg\" \/>\n\t<meta property=\"og:image:width\" content=\"1280\" \/>\n\t<meta property=\"og:image:height\" content=\"960\" \/>\n\t<meta property=\"og:image:type\" content=\"image\/jpeg\" \/>\n<meta name=\"author\" content=\"mpcontaspr\" \/>\n<meta name=\"twitter:card\" content=\"summary_large_image\" \/>\n<meta name=\"twitter:label1\" content=\"Escrito por\" \/>\n\t<meta name=\"twitter:data1\" content=\"mpcontaspr\" \/>\n\t<meta name=\"twitter:label2\" content=\"Est. tempo de leitura\" \/>\n\t<meta name=\"twitter:data2\" content=\"7 minutos\" \/>\n<script type=\"application\/ld+json\" class=\"yoast-schema-graph\">{\"@context\":\"https:\\\/\\\/schema.org\",\"@graph\":[{\"@type\":\"Article\",\"@id\":\"https:\\\/\\\/www.mpc.pr.gov.br\\\/index.php\\\/mpc-pr-marca-presenca-no-iv-congresso-internacional-dos-tribunais-de-contas\\\/#article\",\"isPartOf\":{\"@id\":\"https:\\\/\\\/www.mpc.pr.gov.br\\\/index.php\\\/mpc-pr-marca-presenca-no-iv-congresso-internacional-dos-tribunais-de-contas\\\/\"},\"author\":{\"name\":\"mpcontaspr\",\"@id\":\"https:\\\/\\\/www.mpc.pr.gov.br\\\/#\\\/schema\\\/person\\\/2d83cb8980538d0ec174e8a6284f5e11\"},\"headline\":\"MPC-PR marca presen\u00e7a no IV Congresso Internacional dos Tribunais de Contas\",\"datePublished\":\"2025-12-09T17:29:36+00:00\",\"dateModified\":\"2025-12-17T17:58:25+00:00\",\"mainEntityOfPage\":{\"@id\":\"https:\\\/\\\/www.mpc.pr.gov.br\\\/index.php\\\/mpc-pr-marca-presenca-no-iv-congresso-internacional-dos-tribunais-de-contas\\\/\"},\"wordCount\":1172,\"commentCount\":0,\"publisher\":{\"@id\":\"https:\\\/\\\/www.mpc.pr.gov.br\\\/#organization\"},\"image\":{\"@id\":\"https:\\\/\\\/www.mpc.pr.gov.br\\\/index.php\\\/mpc-pr-marca-presenca-no-iv-congresso-internacional-dos-tribunais-de-contas\\\/#primaryimage\"},\"thumbnailUrl\":\"https:\\\/\\\/www.mpc.pr.gov.br\\\/wp-content\\\/uploads\\\/2025\\\/12\\\/WhatsApp-Image-2025-12-04-at-09.41.02.jpeg\",\"keywords\":[\"CITC\",\"Congresso Internacional dos Tribunais de Contas\",\"IV CITC\",\"MPC-PR\",\"TCE-PR\"],\"articleSection\":[\"Todas as not\u00edcias\"],\"inLanguage\":\"pt-BR\",\"potentialAction\":[{\"@type\":\"CommentAction\",\"name\":\"Comment\",\"target\":[\"https:\\\/\\\/www.mpc.pr.gov.br\\\/index.php\\\/mpc-pr-marca-presenca-no-iv-congresso-internacional-dos-tribunais-de-contas\\\/#respond\"]}]},{\"@type\":\"WebPage\",\"@id\":\"https:\\\/\\\/www.mpc.pr.gov.br\\\/index.php\\\/mpc-pr-marca-presenca-no-iv-congresso-internacional-dos-tribunais-de-contas\\\/\",\"url\":\"https:\\\/\\\/www.mpc.pr.gov.br\\\/index.php\\\/mpc-pr-marca-presenca-no-iv-congresso-internacional-dos-tribunais-de-contas\\\/\",\"name\":\"MPC-PR marca presen\u00e7a no IV Congresso Internacional dos Tribunais de Contas - Minist\u00e9rio P\u00fablico de Contas do Estado do Paran\u00e1\",\"isPartOf\":{\"@id\":\"https:\\\/\\\/www.mpc.pr.gov.br\\\/#website\"},\"primaryImageOfPage\":{\"@id\":\"https:\\\/\\\/www.mpc.pr.gov.br\\\/index.php\\\/mpc-pr-marca-presenca-no-iv-congresso-internacional-dos-tribunais-de-contas\\\/#primaryimage\"},\"image\":{\"@id\":\"https:\\\/\\\/www.mpc.pr.gov.br\\\/index.php\\\/mpc-pr-marca-presenca-no-iv-congresso-internacional-dos-tribunais-de-contas\\\/#primaryimage\"},\"thumbnailUrl\":\"https:\\\/\\\/www.mpc.pr.gov.br\\\/wp-content\\\/uploads\\\/2025\\\/12\\\/WhatsApp-Image-2025-12-04-at-09.41.02.jpeg\",\"datePublished\":\"2025-12-09T17:29:36+00:00\",\"dateModified\":\"2025-12-17T17:58:25+00:00\",\"breadcrumb\":{\"@id\":\"https:\\\/\\\/www.mpc.pr.gov.br\\\/index.php\\\/mpc-pr-marca-presenca-no-iv-congresso-internacional-dos-tribunais-de-contas\\\/#breadcrumb\"},\"inLanguage\":\"pt-BR\",\"potentialAction\":[{\"@type\":\"ReadAction\",\"target\":[\"https:\\\/\\\/www.mpc.pr.gov.br\\\/index.php\\\/mpc-pr-marca-presenca-no-iv-congresso-internacional-dos-tribunais-de-contas\\\/\"]}]},{\"@type\":\"ImageObject\",\"inLanguage\":\"pt-BR\",\"@id\":\"https:\\\/\\\/www.mpc.pr.gov.br\\\/index.php\\\/mpc-pr-marca-presenca-no-iv-congresso-internacional-dos-tribunais-de-contas\\\/#primaryimage\",\"url\":\"https:\\\/\\\/www.mpc.pr.gov.br\\\/wp-content\\\/uploads\\\/2025\\\/12\\\/WhatsApp-Image-2025-12-04-at-09.41.02.jpeg\",\"contentUrl\":\"https:\\\/\\\/www.mpc.pr.gov.br\\\/wp-content\\\/uploads\\\/2025\\\/12\\\/WhatsApp-Image-2025-12-04-at-09.41.02.jpeg\",\"width\":1280,\"height\":960,\"caption\":\"Vitor Henrique Pasini Fran\u00e7a (assessor do NAT), Amanda Gabriely Santos Pereira (Editora-Chefe da Revista do MPC-PR), Giovanna Menezes Faria (assessora do NuCom), Procuradora Katia Regina Puchaski, Presidente do TCE-PR Ivens Linhares, Renata Brindaroli Zelinski (assessora da 6PC), Procurador-Geral Gabriel Guy L\u00e9ger, Sofia Duarte de Lima Moser (assessora da 1PC) , Barbara Krysttal Motta Almeida Reis (Diretora-Geral), Carlos Volchan de Carvalho (Diretor de Gabinete da Procuradoria-Geral).\"},{\"@type\":\"BreadcrumbList\",\"@id\":\"https:\\\/\\\/www.mpc.pr.gov.br\\\/index.php\\\/mpc-pr-marca-presenca-no-iv-congresso-internacional-dos-tribunais-de-contas\\\/#breadcrumb\",\"itemListElement\":[{\"@type\":\"ListItem\",\"position\":1,\"name\":\"In\u00edcio\",\"item\":\"https:\\\/\\\/www.mpc.pr.gov.br\\\/\"},{\"@type\":\"ListItem\",\"position\":2,\"name\":\"MPC-PR marca presen\u00e7a no IV Congresso Internacional dos Tribunais de Contas\"}]},{\"@type\":\"WebSite\",\"@id\":\"https:\\\/\\\/www.mpc.pr.gov.br\\\/#website\",\"url\":\"https:\\\/\\\/www.mpc.pr.gov.br\\\/\",\"name\":\"Minist\u00e9rio P\u00fablico de Contas do Estado do Paran\u00e1\",\"description\":\"\",\"publisher\":{\"@id\":\"https:\\\/\\\/www.mpc.pr.gov.br\\\/#organization\"},\"potentialAction\":[{\"@type\":\"SearchAction\",\"target\":{\"@type\":\"EntryPoint\",\"urlTemplate\":\"https:\\\/\\\/www.mpc.pr.gov.br\\\/?s={search_term_string}\"},\"query-input\":{\"@type\":\"PropertyValueSpecification\",\"valueRequired\":true,\"valueName\":\"search_term_string\"}}],\"inLanguage\":\"pt-BR\"},{\"@type\":\"Organization\",\"@id\":\"https:\\\/\\\/www.mpc.pr.gov.br\\\/#organization\",\"name\":\"Minist\u00e9rio P\u00fablico de Contas do Estado do Paran\u00e1\",\"url\":\"https:\\\/\\\/www.mpc.pr.gov.br\\\/\",\"logo\":{\"@type\":\"ImageObject\",\"inLanguage\":\"pt-BR\",\"@id\":\"https:\\\/\\\/www.mpc.pr.gov.br\\\/#\\\/schema\\\/logo\\\/image\\\/\",\"url\":\"https:\\\/\\\/www.mpc.pr.gov.br\\\/wp-content\\\/uploads\\\/2020\\\/06\\\/99423647_1593460364143890_6706793420720963584_n-1-e1591387983167.png\",\"contentUrl\":\"https:\\\/\\\/www.mpc.pr.gov.br\\\/wp-content\\\/uploads\\\/2020\\\/06\\\/99423647_1593460364143890_6706793420720963584_n-1-e1591387983167.png\",\"width\":243,\"height\":73,\"caption\":\"Minist\u00e9rio P\u00fablico de Contas do Estado do Paran\u00e1\"},\"image\":{\"@id\":\"https:\\\/\\\/www.mpc.pr.gov.br\\\/#\\\/schema\\\/logo\\\/image\\\/\"},\"sameAs\":[\"https:\\\/\\\/www.facebook.com\\\/mpc.pr\",\"https:\\\/\\\/www.instagram.com\\\/mpc.pr\\\/?hl=pt-br\",\"https:\\\/\\\/www.youtube.com\\\/channel\\\/UCHri5oEM8DV0ztX57E0sBSw\"]},{\"@type\":\"Person\",\"@id\":\"https:\\\/\\\/www.mpc.pr.gov.br\\\/#\\\/schema\\\/person\\\/2d83cb8980538d0ec174e8a6284f5e11\",\"name\":\"mpcontaspr\",\"image\":{\"@type\":\"ImageObject\",\"inLanguage\":\"pt-BR\",\"@id\":\"https:\\\/\\\/secure.gravatar.com\\\/avatar\\\/1aef51541db7622e05fd639336c9c9f312c2a618396e2b6ca96846362fc5403f?s=96&d=mm&r=g\",\"url\":\"https:\\\/\\\/secure.gravatar.com\\\/avatar\\\/1aef51541db7622e05fd639336c9c9f312c2a618396e2b6ca96846362fc5403f?s=96&d=mm&r=g\",\"contentUrl\":\"https:\\\/\\\/secure.gravatar.com\\\/avatar\\\/1aef51541db7622e05fd639336c9c9f312c2a618396e2b6ca96846362fc5403f?s=96&d=mm&r=g\",\"caption\":\"mpcontaspr\"},\"sameAs\":[\"http:\\\/\\\/www.mpc.pr.gov.br\"]}]}<\/script>\n<!-- \/ Yoast SEO plugin. -->","yoast_head_json":{"title":"MPC-PR marca presen\u00e7a no IV Congresso Internacional dos Tribunais de Contas - Minist\u00e9rio P\u00fablico de Contas do Estado do Paran\u00e1","robots":{"index":"index","follow":"follow","max-snippet":"max-snippet:-1","max-image-preview":"max-image-preview:large","max-video-preview":"max-video-preview:-1"},"canonical":"https:\/\/www.mpc.pr.gov.br\/index.php\/mpc-pr-marca-presenca-no-iv-congresso-internacional-dos-tribunais-de-contas\/","og_locale":"pt_BR","og_type":"article","og_title":"MPC-PR marca presen\u00e7a no IV Congresso Internacional dos Tribunais de Contas - Minist\u00e9rio P\u00fablico de Contas do Estado do Paran\u00e1","og_description":"Entre os dias 2 e 5 de dezembro, o Minist\u00e9rio P\u00fablico de Contas do Paran\u00e1 (MPC-PR) participou do IV Congresso Internacional dos Tribunais de Contas (IV CITC), realizado no Centro de Conven\u00e7\u00f5es de Florian\u00f3polis (CentroSul). O evento reuniu cerca de 3 mil participantes e trouxe como tema central \u201cTribunais de Contas: Rep\u00fablica, Democracia, Governan\u00e7a e [&hellip;]","og_url":"https:\/\/www.mpc.pr.gov.br\/index.php\/mpc-pr-marca-presenca-no-iv-congresso-internacional-dos-tribunais-de-contas\/","og_site_name":"Minist\u00e9rio P\u00fablico de Contas do Estado do Paran\u00e1","article_publisher":"https:\/\/www.facebook.com\/mpc.pr","article_published_time":"2025-12-09T17:29:36+00:00","article_modified_time":"2025-12-17T17:58:25+00:00","og_image":[{"width":1280,"height":960,"url":"https:\/\/www.mpc.pr.gov.br\/wp-content\/uploads\/2025\/12\/WhatsApp-Image-2025-12-04-at-09.41.02.jpeg","type":"image\/jpeg"}],"author":"mpcontaspr","twitter_card":"summary_large_image","twitter_misc":{"Escrito por":"mpcontaspr","Est. tempo de leitura":"7 minutos"},"schema":{"@context":"https:\/\/schema.org","@graph":[{"@type":"Article","@id":"https:\/\/www.mpc.pr.gov.br\/index.php\/mpc-pr-marca-presenca-no-iv-congresso-internacional-dos-tribunais-de-contas\/#article","isPartOf":{"@id":"https:\/\/www.mpc.pr.gov.br\/index.php\/mpc-pr-marca-presenca-no-iv-congresso-internacional-dos-tribunais-de-contas\/"},"author":{"name":"mpcontaspr","@id":"https:\/\/www.mpc.pr.gov.br\/#\/schema\/person\/2d83cb8980538d0ec174e8a6284f5e11"},"headline":"MPC-PR marca presen\u00e7a no IV Congresso Internacional dos Tribunais de Contas","datePublished":"2025-12-09T17:29:36+00:00","dateModified":"2025-12-17T17:58:25+00:00","mainEntityOfPage":{"@id":"https:\/\/www.mpc.pr.gov.br\/index.php\/mpc-pr-marca-presenca-no-iv-congresso-internacional-dos-tribunais-de-contas\/"},"wordCount":1172,"commentCount":0,"publisher":{"@id":"https:\/\/www.mpc.pr.gov.br\/#organization"},"image":{"@id":"https:\/\/www.mpc.pr.gov.br\/index.php\/mpc-pr-marca-presenca-no-iv-congresso-internacional-dos-tribunais-de-contas\/#primaryimage"},"thumbnailUrl":"https:\/\/www.mpc.pr.gov.br\/wp-content\/uploads\/2025\/12\/WhatsApp-Image-2025-12-04-at-09.41.02.jpeg","keywords":["CITC","Congresso Internacional dos Tribunais de Contas","IV CITC","MPC-PR","TCE-PR"],"articleSection":["Todas as not\u00edcias"],"inLanguage":"pt-BR","potentialAction":[{"@type":"CommentAction","name":"Comment","target":["https:\/\/www.mpc.pr.gov.br\/index.php\/mpc-pr-marca-presenca-no-iv-congresso-internacional-dos-tribunais-de-contas\/#respond"]}]},{"@type":"WebPage","@id":"https:\/\/www.mpc.pr.gov.br\/index.php\/mpc-pr-marca-presenca-no-iv-congresso-internacional-dos-tribunais-de-contas\/","url":"https:\/\/www.mpc.pr.gov.br\/index.php\/mpc-pr-marca-presenca-no-iv-congresso-internacional-dos-tribunais-de-contas\/","name":"MPC-PR marca presen\u00e7a no IV Congresso Internacional dos Tribunais de Contas - Minist\u00e9rio P\u00fablico de Contas do Estado do Paran\u00e1","isPartOf":{"@id":"https:\/\/www.mpc.pr.gov.br\/#website"},"primaryImageOfPage":{"@id":"https:\/\/www.mpc.pr.gov.br\/index.php\/mpc-pr-marca-presenca-no-iv-congresso-internacional-dos-tribunais-de-contas\/#primaryimage"},"image":{"@id":"https:\/\/www.mpc.pr.gov.br\/index.php\/mpc-pr-marca-presenca-no-iv-congresso-internacional-dos-tribunais-de-contas\/#primaryimage"},"thumbnailUrl":"https:\/\/www.mpc.pr.gov.br\/wp-content\/uploads\/2025\/12\/WhatsApp-Image-2025-12-04-at-09.41.02.jpeg","datePublished":"2025-12-09T17:29:36+00:00","dateModified":"2025-12-17T17:58:25+00:00","breadcrumb":{"@id":"https:\/\/www.mpc.pr.gov.br\/index.php\/mpc-pr-marca-presenca-no-iv-congresso-internacional-dos-tribunais-de-contas\/#breadcrumb"},"inLanguage":"pt-BR","potentialAction":[{"@type":"ReadAction","target":["https:\/\/www.mpc.pr.gov.br\/index.php\/mpc-pr-marca-presenca-no-iv-congresso-internacional-dos-tribunais-de-contas\/"]}]},{"@type":"ImageObject","inLanguage":"pt-BR","@id":"https:\/\/www.mpc.pr.gov.br\/index.php\/mpc-pr-marca-presenca-no-iv-congresso-internacional-dos-tribunais-de-contas\/#primaryimage","url":"https:\/\/www.mpc.pr.gov.br\/wp-content\/uploads\/2025\/12\/WhatsApp-Image-2025-12-04-at-09.41.02.jpeg","contentUrl":"https:\/\/www.mpc.pr.gov.br\/wp-content\/uploads\/2025\/12\/WhatsApp-Image-2025-12-04-at-09.41.02.jpeg","width":1280,"height":960,"caption":"Vitor Henrique Pasini Fran\u00e7a (assessor do NAT), Amanda Gabriely Santos Pereira (Editora-Chefe da Revista do MPC-PR), Giovanna Menezes Faria (assessora do NuCom), Procuradora Katia Regina Puchaski, Presidente do TCE-PR Ivens Linhares, Renata Brindaroli Zelinski (assessora da 6PC), Procurador-Geral Gabriel Guy L\u00e9ger, Sofia Duarte de Lima Moser (assessora da 1PC) , Barbara Krysttal Motta Almeida Reis (Diretora-Geral), Carlos Volchan de Carvalho (Diretor de Gabinete da Procuradoria-Geral)."},{"@type":"BreadcrumbList","@id":"https:\/\/www.mpc.pr.gov.br\/index.php\/mpc-pr-marca-presenca-no-iv-congresso-internacional-dos-tribunais-de-contas\/#breadcrumb","itemListElement":[{"@type":"ListItem","position":1,"name":"In\u00edcio","item":"https:\/\/www.mpc.pr.gov.br\/"},{"@type":"ListItem","position":2,"name":"MPC-PR marca presen\u00e7a no IV Congresso Internacional dos Tribunais de Contas"}]},{"@type":"WebSite","@id":"https:\/\/www.mpc.pr.gov.br\/#website","url":"https:\/\/www.mpc.pr.gov.br\/","name":"Minist\u00e9rio P\u00fablico de Contas do Estado do Paran\u00e1","description":"","publisher":{"@id":"https:\/\/www.mpc.pr.gov.br\/#organization"},"potentialAction":[{"@type":"SearchAction","target":{"@type":"EntryPoint","urlTemplate":"https:\/\/www.mpc.pr.gov.br\/?s={search_term_string}"},"query-input":{"@type":"PropertyValueSpecification","valueRequired":true,"valueName":"search_term_string"}}],"inLanguage":"pt-BR"},{"@type":"Organization","@id":"https:\/\/www.mpc.pr.gov.br\/#organization","name":"Minist\u00e9rio P\u00fablico de Contas do Estado do Paran\u00e1","url":"https:\/\/www.mpc.pr.gov.br\/","logo":{"@type":"ImageObject","inLanguage":"pt-BR","@id":"https:\/\/www.mpc.pr.gov.br\/#\/schema\/logo\/image\/","url":"https:\/\/www.mpc.pr.gov.br\/wp-content\/uploads\/2020\/06\/99423647_1593460364143890_6706793420720963584_n-1-e1591387983167.png","contentUrl":"https:\/\/www.mpc.pr.gov.br\/wp-content\/uploads\/2020\/06\/99423647_1593460364143890_6706793420720963584_n-1-e1591387983167.png","width":243,"height":73,"caption":"Minist\u00e9rio P\u00fablico de Contas do Estado do Paran\u00e1"},"image":{"@id":"https:\/\/www.mpc.pr.gov.br\/#\/schema\/logo\/image\/"},"sameAs":["https:\/\/www.facebook.com\/mpc.pr","https:\/\/www.instagram.com\/mpc.pr\/?hl=pt-br","https:\/\/www.youtube.com\/channel\/UCHri5oEM8DV0ztX57E0sBSw"]},{"@type":"Person","@id":"https:\/\/www.mpc.pr.gov.br\/#\/schema\/person\/2d83cb8980538d0ec174e8a6284f5e11","name":"mpcontaspr","image":{"@type":"ImageObject","inLanguage":"pt-BR","@id":"https:\/\/secure.gravatar.com\/avatar\/1aef51541db7622e05fd639336c9c9f312c2a618396e2b6ca96846362fc5403f?s=96&d=mm&r=g","url":"https:\/\/secure.gravatar.com\/avatar\/1aef51541db7622e05fd639336c9c9f312c2a618396e2b6ca96846362fc5403f?s=96&d=mm&r=g","contentUrl":"https:\/\/secure.gravatar.com\/avatar\/1aef51541db7622e05fd639336c9c9f312c2a618396e2b6ca96846362fc5403f?s=96&d=mm&r=g","caption":"mpcontaspr"},"sameAs":["http:\/\/www.mpc.pr.gov.br"]}]}},"rttpg_featured_image_url":{"full":["https:\/\/www.mpc.pr.gov.br\/wp-content\/uploads\/2025\/12\/WhatsApp-Image-2025-12-04-at-09.41.02.jpeg",1280,960,false],"landscape":["https:\/\/www.mpc.pr.gov.br\/wp-content\/uploads\/2025\/12\/WhatsApp-Image-2025-12-04-at-09.41.02.jpeg",1280,960,false],"portraits":["https:\/\/www.mpc.pr.gov.br\/wp-content\/uploads\/2025\/12\/WhatsApp-Image-2025-12-04-at-09.41.02.jpeg",1280,960,false],"thumbnail":["https:\/\/www.mpc.pr.gov.br\/wp-content\/uploads\/2025\/12\/WhatsApp-Image-2025-12-04-at-09.41.02-150x150.jpeg",150,150,true],"medium":["https:\/\/www.mpc.pr.gov.br\/wp-content\/uploads\/2025\/12\/WhatsApp-Image-2025-12-04-at-09.41.02-300x225.jpeg",300,225,true],"large":["https:\/\/www.mpc.pr.gov.br\/wp-content\/uploads\/2025\/12\/WhatsApp-Image-2025-12-04-at-09.41.02-1024x768.jpeg",1024,768,true],"1536x1536":["https:\/\/www.mpc.pr.gov.br\/wp-content\/uploads\/2025\/12\/WhatsApp-Image-2025-12-04-at-09.41.02.jpeg",1280,960,false],"2048x2048":["https:\/\/www.mpc.pr.gov.br\/wp-content\/uploads\/2025\/12\/WhatsApp-Image-2025-12-04-at-09.41.02.jpeg",1280,960,false],"ocean-thumb-m":["https:\/\/www.mpc.pr.gov.br\/wp-content\/uploads\/2025\/12\/WhatsApp-Image-2025-12-04-at-09.41.02-600x600.jpeg",600,600,true],"ocean-thumb-ml":["https:\/\/www.mpc.pr.gov.br\/wp-content\/uploads\/2025\/12\/WhatsApp-Image-2025-12-04-at-09.41.02-800x450.jpeg",800,450,true],"ocean-thumb-l":["https:\/\/www.mpc.pr.gov.br\/wp-content\/uploads\/2025\/12\/WhatsApp-Image-2025-12-04-at-09.41.02-1200x700.jpeg",1200,700,true]},"rttpg_author":{"display_name":"mpcontaspr","author_link":"https:\/\/www.mpc.pr.gov.br\/index.php\/author\/mpcontaspr\/"},"rttpg_comment":0,"rttpg_category":"<a href=\"https:\/\/www.mpc.pr.gov.br\/index.php\/category\/todas-as-noticias\/\" rel=\"category tag\">Todas as not\u00edcias<\/a>","rttpg_excerpt":"Entre os dias 2 e 5 de dezembro, o Minist\u00e9rio P\u00fablico de Contas do Paran\u00e1 (MPC-PR) participou do IV Congresso Internacional dos Tribunais de Contas (IV CITC), realizado no Centro de Conven\u00e7\u00f5es de Florian\u00f3polis (CentroSul). O evento reuniu cerca de 3 mil participantes e trouxe como tema central \u201cTribunais de Contas: Rep\u00fablica, Democracia, Governan\u00e7a e&hellip;","_links":{"self":[{"href":"https:\/\/www.mpc.pr.gov.br\/index.php\/wp-json\/wp\/v2\/posts\/24934","targetHints":{"allow":["GET"]}}],"collection":[{"href":"https:\/\/www.mpc.pr.gov.br\/index.php\/wp-json\/wp\/v2\/posts"}],"about":[{"href":"https:\/\/www.mpc.pr.gov.br\/index.php\/wp-json\/wp\/v2\/types\/post"}],"author":[{"embeddable":true,"href":"https:\/\/www.mpc.pr.gov.br\/index.php\/wp-json\/wp\/v2\/users\/1"}],"replies":[{"embeddable":true,"href":"https:\/\/www.mpc.pr.gov.br\/index.php\/wp-json\/wp\/v2\/comments?post=24934"}],"version-history":[{"count":1,"href":"https:\/\/www.mpc.pr.gov.br\/index.php\/wp-json\/wp\/v2\/posts\/24934\/revisions"}],"predecessor-version":[{"id":24944,"href":"https:\/\/www.mpc.pr.gov.br\/index.php\/wp-json\/wp\/v2\/posts\/24934\/revisions\/24944"}],"wp:featuredmedia":[{"embeddable":true,"href":"https:\/\/www.mpc.pr.gov.br\/index.php\/wp-json\/wp\/v2\/media\/24935"}],"wp:attachment":[{"href":"https:\/\/www.mpc.pr.gov.br\/index.php\/wp-json\/wp\/v2\/media?parent=24934"}],"wp:term":[{"taxonomy":"category","embeddable":true,"href":"https:\/\/www.mpc.pr.gov.br\/index.php\/wp-json\/wp\/v2\/categories?post=24934"},{"taxonomy":"post_tag","embeddable":true,"href":"https:\/\/www.mpc.pr.gov.br\/index.php\/wp-json\/wp\/v2\/tags?post=24934"}],"curies":[{"name":"wp","href":"https:\/\/api.w.org\/{rel}","templated":true}]}}