{"id":24971,"date":"2025-12-10T09:30:41","date_gmt":"2025-12-10T12:30:41","guid":{"rendered":"https:\/\/www.mpc.pr.gov.br\/?p=24971"},"modified":"2025-12-18T09:33:22","modified_gmt":"2025-12-18T12:33:22","slug":"diretora-do-mpc-pr-reforca-a-importancia-da-governanca-de-dados-em-masterclass-do-programa-inovacidades","status":"publish","type":"post","link":"https:\/\/www.mpc.pr.gov.br\/index.php\/diretora-do-mpc-pr-reforca-a-importancia-da-governanca-de-dados-em-masterclass-do-programa-inovacidades\/","title":{"rendered":"Diretora do MPC-PR refor\u00e7a a import\u00e2ncia da governan\u00e7a de dados em Masterclass do Programa InovaCidades"},"content":{"rendered":"<figure id=\"attachment_24972\" aria-describedby=\"caption-attachment-24972\" style=\"width: 300px\" class=\"wp-caption alignleft\"><img fetchpriority=\"high\" decoding=\"async\" class=\"size-medium wp-image-24972\" src=\"https:\/\/www.mpc.pr.gov.br\/wp-content\/uploads\/2025\/12\/IMAGEM-SITE-masterclass-inovacidades-barbara-300x169.png\" alt=\"\" width=\"300\" height=\"169\" srcset=\"https:\/\/www.mpc.pr.gov.br\/wp-content\/uploads\/2025\/12\/IMAGEM-SITE-masterclass-inovacidades-barbara-300x169.png 300w, https:\/\/www.mpc.pr.gov.br\/wp-content\/uploads\/2025\/12\/IMAGEM-SITE-masterclass-inovacidades-barbara.png 560w\" sizes=\"(max-width: 300px) 100vw, 300px\" \/><figcaption id=\"caption-attachment-24972\" class=\"wp-caption-text\">A Diretora-Geral do Minist\u00e9rio P\u00fablico de Contas do Paran\u00e1 (MPC-PR), Barbara Krysttal Motta Almeida Reis, e Thales Tito, Especialista de Neg\u00f3cios do PIT.<\/figcaption><\/figure>\n<p>A Diretora-Geral do Minist\u00e9rio P\u00fablico de Contas do Paran\u00e1 (MPC-PR), Barbara Krysttal Motta Almeida Reis, participou nesta segunda-feira (8) do Masterclass on-line \u201cBoas pr\u00e1ticas de Gest\u00e3o de dados municipais e \u00f3rg\u00e3os de Controle, realizado pelo Parque de Inova\u00e7\u00e3o Tecnol\u00f3gica de S\u00e3o Jos\u00e9 dos Campos (PIT-SJC) em parceria com o MPC-PR.<\/p>\n<p>O evento integra o ciclo formativo do InovaCidades, iniciativa que busca modernizar administra\u00e7\u00f5es municipais por meio do uso de indicadores e pr\u00e1ticas inovadoras. O encontro foi mediado por Thales Tito, Especialista de Neg\u00f3cios do PIT, e destacou a import\u00e2ncia da governan\u00e7a de dados para promover transpar\u00eancia, efici\u00eancia e tomada de decis\u00e3o baseada em evid\u00eancias na gest\u00e3o p\u00fablica.<\/p>\n<h4><strong>Dados confi\u00e1veis e linguagem acess\u00edvel<\/strong><\/h4>\n<p>Durante a apresenta\u00e7\u00e3o, Barbara explicou que informa\u00e7\u00f5es p\u00fablicas precisam ser padronizadas, replic\u00e1veis e com origem segura. Tamb\u00e9m abordou a diferen\u00e7a entre dados estruturados e n\u00e3o estruturados e como essa organiza\u00e7\u00e3o permite an\u00e1lises mais precisas e decis\u00f5es qualificadas.<\/p>\n<p>Em rela\u00e7\u00e3o ao papel dos \u00f3rg\u00e3os de controle, destacou que ele vai muito al\u00e9m da fiscaliza\u00e7\u00e3o, pois envolve induzir boas pr\u00e1ticas e apoiar gestores na constru\u00e7\u00e3o de pol\u00edticas p\u00fablicas eficazes. \u201cO objetivo do Minist\u00e9rio P\u00fablico de Contas n\u00e3o \u00e9 apenas apontar irregularidades, mas garantir que as pol\u00edticas tenham maior efetividade e efici\u00eancia\u201d, afirmou.<\/p>\n<p>Entre os temas discutidos, Barbara tamb\u00e9m falou sobre a Lei de Acesso \u00e0 Informa\u00e7\u00e3o \u2013 LAI (Lei n\u00b0 12.527\/2011) e Lei Geral de Prote\u00e7\u00e3o de Dados \u2013 LGPD (Lei n\u00ba 13.709\/2018), refor\u00e7ando que ambas s\u00e3o complementares e exigem capacita\u00e7\u00e3o dos munic\u00edpios para evitar exposi\u00e7\u00e3o de dados sens\u00edveis.<\/p>\n<p>Ela citou, ainda, os projetos especiais do MPC-PR, como o monitoramento das estruturas de Defesa Civil e a\u00e7\u00f5es voltadas \u00e0 prepara\u00e7\u00e3o para eventos clim\u00e1ticos extremos, ressaltando a lideran\u00e7a do Procurador-Geral Gabriel Guy L\u00e9ger e o papel fundamental da equipe do MPC-PR, que, segundo Barbara, tem atuado com dedica\u00e7\u00e3o e excel\u00eancia para garantir avan\u00e7os significativos na gest\u00e3o p\u00fablica.<\/p>\n<p>Por fim, Barbara enfatizou que o InovaCidades n\u00e3o busca apenas certificar os munic\u00edpios, mas promover de forma significativa a melhoria da qualidade de vida da popula\u00e7\u00e3o.<\/p>\n<h4><strong>Pr\u00f3ximos passos<\/strong><\/h4>\n<p>O ciclo formativo do Programa InovaCidades MPC seguir\u00e1 com novos webinars em 2026, al\u00e9m de um hackathon GovTech no Estado Paran\u00e1, reunindo prefeitos e startups para desenvolver solu\u00e7\u00f5es tecnol\u00f3gicas. A iniciativa inclui ainda diagn\u00f3sticos, notas recomendat\u00f3rias e avalia\u00e7\u00e3o do avan\u00e7o dos munic\u00edpios em governan\u00e7a e inova\u00e7\u00e3o.<\/p>\n","protected":false},"excerpt":{"rendered":"<p>A Diretora-Geral do Minist\u00e9rio P\u00fablico de Contas do Paran\u00e1 (MPC-PR), Barbara Krysttal Motta Almeida Reis, participou nesta segunda-feira (8) do Masterclass on-line \u201cBoas pr\u00e1ticas de Gest\u00e3o de dados municipais e \u00f3rg\u00e3os de Controle, realizado pelo Parque de Inova\u00e7\u00e3o Tecnol\u00f3gica de S\u00e3o Jos\u00e9 dos Campos (PIT-SJC) em parceria com o MPC-PR. O evento integra o ciclo [&hellip;]<\/p>\n","protected":false},"author":1,"featured_media":24972,"comment_status":"open","ping_status":"open","sticky":false,"template":"","format":"standard","meta":{"_monsterinsights_skip_tracking":false,"_monsterinsights_sitenote_active":false,"_monsterinsights_sitenote_note":"","_monsterinsights_sitenote_category":0,"footnotes":""},"categories":[7],"tags":[825,867,725,840,13,833,868],"class_list":["post-24971","post","type-post","status-publish","format-standard","has-post-thumbnail","hentry","category-todas-as-noticias","tag-cidades-inteligentes","tag-governanca","tag-inovacao","tag-inovacidades-mpc","tag-mpc-pr","tag-pit-sjc","tag-transparencia","entry","has-media"],"yoast_head":"<!-- This site is optimized with the Yoast SEO plugin v27.3 - https:\/\/yoast.com\/product\/yoast-seo-wordpress\/ -->\n<title>Diretora do MPC-PR refor\u00e7a a import\u00e2ncia da governan\u00e7a de dados em Masterclass do Programa InovaCidades - Minist\u00e9rio P\u00fablico de Contas do Estado do Paran\u00e1<\/title>\n<meta name=\"robots\" content=\"index, follow, max-snippet:-1, max-image-preview:large, max-video-preview:-1\" \/>\n<link rel=\"canonical\" href=\"https:\/\/www.mpc.pr.gov.br\/index.php\/diretora-do-mpc-pr-reforca-a-importancia-da-governanca-de-dados-em-masterclass-do-programa-inovacidades\/\" \/>\n<meta property=\"og:locale\" content=\"pt_BR\" \/>\n<meta property=\"og:type\" content=\"article\" \/>\n<meta property=\"og:title\" content=\"Diretora do MPC-PR refor\u00e7a a import\u00e2ncia da governan\u00e7a de dados em Masterclass do Programa InovaCidades - Minist\u00e9rio P\u00fablico de Contas do Estado do Paran\u00e1\" \/>\n<meta property=\"og:description\" content=\"A Diretora-Geral do Minist\u00e9rio P\u00fablico de Contas do Paran\u00e1 (MPC-PR), Barbara Krysttal Motta Almeida Reis, participou nesta segunda-feira (8) do Masterclass on-line \u201cBoas pr\u00e1ticas de Gest\u00e3o de dados municipais e \u00f3rg\u00e3os de Controle, realizado pelo Parque de Inova\u00e7\u00e3o Tecnol\u00f3gica de S\u00e3o Jos\u00e9 dos Campos (PIT-SJC) em parceria com o MPC-PR. O evento integra o ciclo [&hellip;]\" \/>\n<meta property=\"og:url\" content=\"https:\/\/www.mpc.pr.gov.br\/index.php\/diretora-do-mpc-pr-reforca-a-importancia-da-governanca-de-dados-em-masterclass-do-programa-inovacidades\/\" \/>\n<meta property=\"og:site_name\" content=\"Minist\u00e9rio P\u00fablico de Contas do Estado do Paran\u00e1\" \/>\n<meta property=\"article:publisher\" content=\"https:\/\/www.facebook.com\/mpc.pr\" \/>\n<meta property=\"article:published_time\" content=\"2025-12-10T12:30:41+00:00\" \/>\n<meta property=\"article:modified_time\" content=\"2025-12-18T12:33:22+00:00\" \/>\n<meta property=\"og:image\" content=\"https:\/\/www.mpc.pr.gov.br\/wp-content\/uploads\/2025\/12\/IMAGEM-SITE-masterclass-inovacidades-barbara.png\" \/>\n\t<meta property=\"og:image:width\" content=\"560\" \/>\n\t<meta property=\"og:image:height\" content=\"315\" \/>\n\t<meta property=\"og:image:type\" content=\"image\/png\" \/>\n<meta name=\"author\" content=\"mpcontaspr\" \/>\n<meta name=\"twitter:card\" content=\"summary_large_image\" \/>\n<meta name=\"twitter:label1\" content=\"Escrito por\" \/>\n\t<meta name=\"twitter:data1\" content=\"mpcontaspr\" \/>\n\t<meta name=\"twitter:label2\" content=\"Est. tempo de leitura\" \/>\n\t<meta name=\"twitter:data2\" content=\"3 minutos\" \/>\n<script type=\"application\/ld+json\" class=\"yoast-schema-graph\">{\"@context\":\"https:\\\/\\\/schema.org\",\"@graph\":[{\"@type\":\"Article\",\"@id\":\"https:\\\/\\\/www.mpc.pr.gov.br\\\/index.php\\\/diretora-do-mpc-pr-reforca-a-importancia-da-governanca-de-dados-em-masterclass-do-programa-inovacidades\\\/#article\",\"isPartOf\":{\"@id\":\"https:\\\/\\\/www.mpc.pr.gov.br\\\/index.php\\\/diretora-do-mpc-pr-reforca-a-importancia-da-governanca-de-dados-em-masterclass-do-programa-inovacidades\\\/\"},\"author\":{\"name\":\"mpcontaspr\",\"@id\":\"https:\\\/\\\/www.mpc.pr.gov.br\\\/#\\\/schema\\\/person\\\/2d83cb8980538d0ec174e8a6284f5e11\"},\"headline\":\"Diretora do MPC-PR refor\u00e7a a import\u00e2ncia da governan\u00e7a de dados em Masterclass do Programa InovaCidades\",\"datePublished\":\"2025-12-10T12:30:41+00:00\",\"dateModified\":\"2025-12-18T12:33:22+00:00\",\"mainEntityOfPage\":{\"@id\":\"https:\\\/\\\/www.mpc.pr.gov.br\\\/index.php\\\/diretora-do-mpc-pr-reforca-a-importancia-da-governanca-de-dados-em-masterclass-do-programa-inovacidades\\\/\"},\"wordCount\":499,\"commentCount\":0,\"publisher\":{\"@id\":\"https:\\\/\\\/www.mpc.pr.gov.br\\\/#organization\"},\"image\":{\"@id\":\"https:\\\/\\\/www.mpc.pr.gov.br\\\/index.php\\\/diretora-do-mpc-pr-reforca-a-importancia-da-governanca-de-dados-em-masterclass-do-programa-inovacidades\\\/#primaryimage\"},\"thumbnailUrl\":\"https:\\\/\\\/www.mpc.pr.gov.br\\\/wp-content\\\/uploads\\\/2025\\\/12\\\/IMAGEM-SITE-masterclass-inovacidades-barbara.png\",\"keywords\":[\"Cidades Inteligentes\",\"Governan\u00e7a\",\"Inova\u00e7\u00e3o\",\"InovaCidades MPC\",\"MPC-PR\",\"PIT-SJC\",\"Transpar\u00eancia\"],\"articleSection\":[\"Todas as not\u00edcias\"],\"inLanguage\":\"pt-BR\",\"potentialAction\":[{\"@type\":\"CommentAction\",\"name\":\"Comment\",\"target\":[\"https:\\\/\\\/www.mpc.pr.gov.br\\\/index.php\\\/diretora-do-mpc-pr-reforca-a-importancia-da-governanca-de-dados-em-masterclass-do-programa-inovacidades\\\/#respond\"]}]},{\"@type\":\"WebPage\",\"@id\":\"https:\\\/\\\/www.mpc.pr.gov.br\\\/index.php\\\/diretora-do-mpc-pr-reforca-a-importancia-da-governanca-de-dados-em-masterclass-do-programa-inovacidades\\\/\",\"url\":\"https:\\\/\\\/www.mpc.pr.gov.br\\\/index.php\\\/diretora-do-mpc-pr-reforca-a-importancia-da-governanca-de-dados-em-masterclass-do-programa-inovacidades\\\/\",\"name\":\"Diretora do MPC-PR refor\u00e7a a import\u00e2ncia da governan\u00e7a de dados em Masterclass do Programa InovaCidades - Minist\u00e9rio P\u00fablico de Contas do Estado do Paran\u00e1\",\"isPartOf\":{\"@id\":\"https:\\\/\\\/www.mpc.pr.gov.br\\\/#website\"},\"primaryImageOfPage\":{\"@id\":\"https:\\\/\\\/www.mpc.pr.gov.br\\\/index.php\\\/diretora-do-mpc-pr-reforca-a-importancia-da-governanca-de-dados-em-masterclass-do-programa-inovacidades\\\/#primaryimage\"},\"image\":{\"@id\":\"https:\\\/\\\/www.mpc.pr.gov.br\\\/index.php\\\/diretora-do-mpc-pr-reforca-a-importancia-da-governanca-de-dados-em-masterclass-do-programa-inovacidades\\\/#primaryimage\"},\"thumbnailUrl\":\"https:\\\/\\\/www.mpc.pr.gov.br\\\/wp-content\\\/uploads\\\/2025\\\/12\\\/IMAGEM-SITE-masterclass-inovacidades-barbara.png\",\"datePublished\":\"2025-12-10T12:30:41+00:00\",\"dateModified\":\"2025-12-18T12:33:22+00:00\",\"breadcrumb\":{\"@id\":\"https:\\\/\\\/www.mpc.pr.gov.br\\\/index.php\\\/diretora-do-mpc-pr-reforca-a-importancia-da-governanca-de-dados-em-masterclass-do-programa-inovacidades\\\/#breadcrumb\"},\"inLanguage\":\"pt-BR\",\"potentialAction\":[{\"@type\":\"ReadAction\",\"target\":[\"https:\\\/\\\/www.mpc.pr.gov.br\\\/index.php\\\/diretora-do-mpc-pr-reforca-a-importancia-da-governanca-de-dados-em-masterclass-do-programa-inovacidades\\\/\"]}]},{\"@type\":\"ImageObject\",\"inLanguage\":\"pt-BR\",\"@id\":\"https:\\\/\\\/www.mpc.pr.gov.br\\\/index.php\\\/diretora-do-mpc-pr-reforca-a-importancia-da-governanca-de-dados-em-masterclass-do-programa-inovacidades\\\/#primaryimage\",\"url\":\"https:\\\/\\\/www.mpc.pr.gov.br\\\/wp-content\\\/uploads\\\/2025\\\/12\\\/IMAGEM-SITE-masterclass-inovacidades-barbara.png\",\"contentUrl\":\"https:\\\/\\\/www.mpc.pr.gov.br\\\/wp-content\\\/uploads\\\/2025\\\/12\\\/IMAGEM-SITE-masterclass-inovacidades-barbara.png\",\"width\":560,\"height\":315,\"caption\":\"A Diretora-Geral do Minist\u00e9rio P\u00fablico de Contas do Paran\u00e1 (MPC-PR), Barbara Krysttal Motta Almeida Reis, e Thales Tito, Especialista de Neg\u00f3cios do PIT.\"},{\"@type\":\"BreadcrumbList\",\"@id\":\"https:\\\/\\\/www.mpc.pr.gov.br\\\/index.php\\\/diretora-do-mpc-pr-reforca-a-importancia-da-governanca-de-dados-em-masterclass-do-programa-inovacidades\\\/#breadcrumb\",\"itemListElement\":[{\"@type\":\"ListItem\",\"position\":1,\"name\":\"In\u00edcio\",\"item\":\"https:\\\/\\\/www.mpc.pr.gov.br\\\/\"},{\"@type\":\"ListItem\",\"position\":2,\"name\":\"Diretora do MPC-PR refor\u00e7a a import\u00e2ncia da governan\u00e7a de dados em Masterclass do Programa InovaCidades\"}]},{\"@type\":\"WebSite\",\"@id\":\"https:\\\/\\\/www.mpc.pr.gov.br\\\/#website\",\"url\":\"https:\\\/\\\/www.mpc.pr.gov.br\\\/\",\"name\":\"Minist\u00e9rio P\u00fablico de Contas do Estado do Paran\u00e1\",\"description\":\"\",\"publisher\":{\"@id\":\"https:\\\/\\\/www.mpc.pr.gov.br\\\/#organization\"},\"potentialAction\":[{\"@type\":\"SearchAction\",\"target\":{\"@type\":\"EntryPoint\",\"urlTemplate\":\"https:\\\/\\\/www.mpc.pr.gov.br\\\/?s={search_term_string}\"},\"query-input\":{\"@type\":\"PropertyValueSpecification\",\"valueRequired\":true,\"valueName\":\"search_term_string\"}}],\"inLanguage\":\"pt-BR\"},{\"@type\":\"Organization\",\"@id\":\"https:\\\/\\\/www.mpc.pr.gov.br\\\/#organization\",\"name\":\"Minist\u00e9rio P\u00fablico de Contas do Estado do Paran\u00e1\",\"url\":\"https:\\\/\\\/www.mpc.pr.gov.br\\\/\",\"logo\":{\"@type\":\"ImageObject\",\"inLanguage\":\"pt-BR\",\"@id\":\"https:\\\/\\\/www.mpc.pr.gov.br\\\/#\\\/schema\\\/logo\\\/image\\\/\",\"url\":\"https:\\\/\\\/www.mpc.pr.gov.br\\\/wp-content\\\/uploads\\\/2020\\\/06\\\/99423647_1593460364143890_6706793420720963584_n-1-e1591387983167.png\",\"contentUrl\":\"https:\\\/\\\/www.mpc.pr.gov.br\\\/wp-content\\\/uploads\\\/2020\\\/06\\\/99423647_1593460364143890_6706793420720963584_n-1-e1591387983167.png\",\"width\":243,\"height\":73,\"caption\":\"Minist\u00e9rio P\u00fablico de Contas do Estado do Paran\u00e1\"},\"image\":{\"@id\":\"https:\\\/\\\/www.mpc.pr.gov.br\\\/#\\\/schema\\\/logo\\\/image\\\/\"},\"sameAs\":[\"https:\\\/\\\/www.facebook.com\\\/mpc.pr\",\"https:\\\/\\\/www.instagram.com\\\/mpc.pr\\\/?hl=pt-br\",\"https:\\\/\\\/www.youtube.com\\\/channel\\\/UCHri5oEM8DV0ztX57E0sBSw\"]},{\"@type\":\"Person\",\"@id\":\"https:\\\/\\\/www.mpc.pr.gov.br\\\/#\\\/schema\\\/person\\\/2d83cb8980538d0ec174e8a6284f5e11\",\"name\":\"mpcontaspr\",\"image\":{\"@type\":\"ImageObject\",\"inLanguage\":\"pt-BR\",\"@id\":\"https:\\\/\\\/secure.gravatar.com\\\/avatar\\\/1aef51541db7622e05fd639336c9c9f312c2a618396e2b6ca96846362fc5403f?s=96&d=mm&r=g\",\"url\":\"https:\\\/\\\/secure.gravatar.com\\\/avatar\\\/1aef51541db7622e05fd639336c9c9f312c2a618396e2b6ca96846362fc5403f?s=96&d=mm&r=g\",\"contentUrl\":\"https:\\\/\\\/secure.gravatar.com\\\/avatar\\\/1aef51541db7622e05fd639336c9c9f312c2a618396e2b6ca96846362fc5403f?s=96&d=mm&r=g\",\"caption\":\"mpcontaspr\"},\"sameAs\":[\"http:\\\/\\\/www.mpc.pr.gov.br\"]}]}<\/script>\n<!-- \/ Yoast SEO plugin. -->","yoast_head_json":{"title":"Diretora do MPC-PR refor\u00e7a a import\u00e2ncia da governan\u00e7a de dados em Masterclass do Programa InovaCidades - Minist\u00e9rio P\u00fablico de Contas do Estado do Paran\u00e1","robots":{"index":"index","follow":"follow","max-snippet":"max-snippet:-1","max-image-preview":"max-image-preview:large","max-video-preview":"max-video-preview:-1"},"canonical":"https:\/\/www.mpc.pr.gov.br\/index.php\/diretora-do-mpc-pr-reforca-a-importancia-da-governanca-de-dados-em-masterclass-do-programa-inovacidades\/","og_locale":"pt_BR","og_type":"article","og_title":"Diretora do MPC-PR refor\u00e7a a import\u00e2ncia da governan\u00e7a de dados em Masterclass do Programa InovaCidades - Minist\u00e9rio P\u00fablico de Contas do Estado do Paran\u00e1","og_description":"A Diretora-Geral do Minist\u00e9rio P\u00fablico de Contas do Paran\u00e1 (MPC-PR), Barbara Krysttal Motta Almeida Reis, participou nesta segunda-feira (8) do Masterclass on-line \u201cBoas pr\u00e1ticas de Gest\u00e3o de dados municipais e \u00f3rg\u00e3os de Controle, realizado pelo Parque de Inova\u00e7\u00e3o Tecnol\u00f3gica de S\u00e3o Jos\u00e9 dos Campos (PIT-SJC) em parceria com o MPC-PR. O evento integra o ciclo [&hellip;]","og_url":"https:\/\/www.mpc.pr.gov.br\/index.php\/diretora-do-mpc-pr-reforca-a-importancia-da-governanca-de-dados-em-masterclass-do-programa-inovacidades\/","og_site_name":"Minist\u00e9rio P\u00fablico de Contas do Estado do Paran\u00e1","article_publisher":"https:\/\/www.facebook.com\/mpc.pr","article_published_time":"2025-12-10T12:30:41+00:00","article_modified_time":"2025-12-18T12:33:22+00:00","og_image":[{"width":560,"height":315,"url":"https:\/\/www.mpc.pr.gov.br\/wp-content\/uploads\/2025\/12\/IMAGEM-SITE-masterclass-inovacidades-barbara.png","type":"image\/png"}],"author":"mpcontaspr","twitter_card":"summary_large_image","twitter_misc":{"Escrito por":"mpcontaspr","Est. tempo de leitura":"3 minutos"},"schema":{"@context":"https:\/\/schema.org","@graph":[{"@type":"Article","@id":"https:\/\/www.mpc.pr.gov.br\/index.php\/diretora-do-mpc-pr-reforca-a-importancia-da-governanca-de-dados-em-masterclass-do-programa-inovacidades\/#article","isPartOf":{"@id":"https:\/\/www.mpc.pr.gov.br\/index.php\/diretora-do-mpc-pr-reforca-a-importancia-da-governanca-de-dados-em-masterclass-do-programa-inovacidades\/"},"author":{"name":"mpcontaspr","@id":"https:\/\/www.mpc.pr.gov.br\/#\/schema\/person\/2d83cb8980538d0ec174e8a6284f5e11"},"headline":"Diretora do MPC-PR refor\u00e7a a import\u00e2ncia da governan\u00e7a de dados em Masterclass do Programa InovaCidades","datePublished":"2025-12-10T12:30:41+00:00","dateModified":"2025-12-18T12:33:22+00:00","mainEntityOfPage":{"@id":"https:\/\/www.mpc.pr.gov.br\/index.php\/diretora-do-mpc-pr-reforca-a-importancia-da-governanca-de-dados-em-masterclass-do-programa-inovacidades\/"},"wordCount":499,"commentCount":0,"publisher":{"@id":"https:\/\/www.mpc.pr.gov.br\/#organization"},"image":{"@id":"https:\/\/www.mpc.pr.gov.br\/index.php\/diretora-do-mpc-pr-reforca-a-importancia-da-governanca-de-dados-em-masterclass-do-programa-inovacidades\/#primaryimage"},"thumbnailUrl":"https:\/\/www.mpc.pr.gov.br\/wp-content\/uploads\/2025\/12\/IMAGEM-SITE-masterclass-inovacidades-barbara.png","keywords":["Cidades Inteligentes","Governan\u00e7a","Inova\u00e7\u00e3o","InovaCidades MPC","MPC-PR","PIT-SJC","Transpar\u00eancia"],"articleSection":["Todas as not\u00edcias"],"inLanguage":"pt-BR","potentialAction":[{"@type":"CommentAction","name":"Comment","target":["https:\/\/www.mpc.pr.gov.br\/index.php\/diretora-do-mpc-pr-reforca-a-importancia-da-governanca-de-dados-em-masterclass-do-programa-inovacidades\/#respond"]}]},{"@type":"WebPage","@id":"https:\/\/www.mpc.pr.gov.br\/index.php\/diretora-do-mpc-pr-reforca-a-importancia-da-governanca-de-dados-em-masterclass-do-programa-inovacidades\/","url":"https:\/\/www.mpc.pr.gov.br\/index.php\/diretora-do-mpc-pr-reforca-a-importancia-da-governanca-de-dados-em-masterclass-do-programa-inovacidades\/","name":"Diretora do MPC-PR refor\u00e7a a import\u00e2ncia da governan\u00e7a de dados em Masterclass do Programa InovaCidades - Minist\u00e9rio P\u00fablico de Contas do Estado do Paran\u00e1","isPartOf":{"@id":"https:\/\/www.mpc.pr.gov.br\/#website"},"primaryImageOfPage":{"@id":"https:\/\/www.mpc.pr.gov.br\/index.php\/diretora-do-mpc-pr-reforca-a-importancia-da-governanca-de-dados-em-masterclass-do-programa-inovacidades\/#primaryimage"},"image":{"@id":"https:\/\/www.mpc.pr.gov.br\/index.php\/diretora-do-mpc-pr-reforca-a-importancia-da-governanca-de-dados-em-masterclass-do-programa-inovacidades\/#primaryimage"},"thumbnailUrl":"https:\/\/www.mpc.pr.gov.br\/wp-content\/uploads\/2025\/12\/IMAGEM-SITE-masterclass-inovacidades-barbara.png","datePublished":"2025-12-10T12:30:41+00:00","dateModified":"2025-12-18T12:33:22+00:00","breadcrumb":{"@id":"https:\/\/www.mpc.pr.gov.br\/index.php\/diretora-do-mpc-pr-reforca-a-importancia-da-governanca-de-dados-em-masterclass-do-programa-inovacidades\/#breadcrumb"},"inLanguage":"pt-BR","potentialAction":[{"@type":"ReadAction","target":["https:\/\/www.mpc.pr.gov.br\/index.php\/diretora-do-mpc-pr-reforca-a-importancia-da-governanca-de-dados-em-masterclass-do-programa-inovacidades\/"]}]},{"@type":"ImageObject","inLanguage":"pt-BR","@id":"https:\/\/www.mpc.pr.gov.br\/index.php\/diretora-do-mpc-pr-reforca-a-importancia-da-governanca-de-dados-em-masterclass-do-programa-inovacidades\/#primaryimage","url":"https:\/\/www.mpc.pr.gov.br\/wp-content\/uploads\/2025\/12\/IMAGEM-SITE-masterclass-inovacidades-barbara.png","contentUrl":"https:\/\/www.mpc.pr.gov.br\/wp-content\/uploads\/2025\/12\/IMAGEM-SITE-masterclass-inovacidades-barbara.png","width":560,"height":315,"caption":"A Diretora-Geral do Minist\u00e9rio P\u00fablico de Contas do Paran\u00e1 (MPC-PR), Barbara Krysttal Motta Almeida Reis, e Thales Tito, Especialista de Neg\u00f3cios do PIT."},{"@type":"BreadcrumbList","@id":"https:\/\/www.mpc.pr.gov.br\/index.php\/diretora-do-mpc-pr-reforca-a-importancia-da-governanca-de-dados-em-masterclass-do-programa-inovacidades\/#breadcrumb","itemListElement":[{"@type":"ListItem","position":1,"name":"In\u00edcio","item":"https:\/\/www.mpc.pr.gov.br\/"},{"@type":"ListItem","position":2,"name":"Diretora do MPC-PR refor\u00e7a a import\u00e2ncia da governan\u00e7a de dados em Masterclass do Programa InovaCidades"}]},{"@type":"WebSite","@id":"https:\/\/www.mpc.pr.gov.br\/#website","url":"https:\/\/www.mpc.pr.gov.br\/","name":"Minist\u00e9rio P\u00fablico de Contas do Estado do Paran\u00e1","description":"","publisher":{"@id":"https:\/\/www.mpc.pr.gov.br\/#organization"},"potentialAction":[{"@type":"SearchAction","target":{"@type":"EntryPoint","urlTemplate":"https:\/\/www.mpc.pr.gov.br\/?s={search_term_string}"},"query-input":{"@type":"PropertyValueSpecification","valueRequired":true,"valueName":"search_term_string"}}],"inLanguage":"pt-BR"},{"@type":"Organization","@id":"https:\/\/www.mpc.pr.gov.br\/#organization","name":"Minist\u00e9rio P\u00fablico de Contas do Estado do Paran\u00e1","url":"https:\/\/www.mpc.pr.gov.br\/","logo":{"@type":"ImageObject","inLanguage":"pt-BR","@id":"https:\/\/www.mpc.pr.gov.br\/#\/schema\/logo\/image\/","url":"https:\/\/www.mpc.pr.gov.br\/wp-content\/uploads\/2020\/06\/99423647_1593460364143890_6706793420720963584_n-1-e1591387983167.png","contentUrl":"https:\/\/www.mpc.pr.gov.br\/wp-content\/uploads\/2020\/06\/99423647_1593460364143890_6706793420720963584_n-1-e1591387983167.png","width":243,"height":73,"caption":"Minist\u00e9rio P\u00fablico de Contas do Estado do Paran\u00e1"},"image":{"@id":"https:\/\/www.mpc.pr.gov.br\/#\/schema\/logo\/image\/"},"sameAs":["https:\/\/www.facebook.com\/mpc.pr","https:\/\/www.instagram.com\/mpc.pr\/?hl=pt-br","https:\/\/www.youtube.com\/channel\/UCHri5oEM8DV0ztX57E0sBSw"]},{"@type":"Person","@id":"https:\/\/www.mpc.pr.gov.br\/#\/schema\/person\/2d83cb8980538d0ec174e8a6284f5e11","name":"mpcontaspr","image":{"@type":"ImageObject","inLanguage":"pt-BR","@id":"https:\/\/secure.gravatar.com\/avatar\/1aef51541db7622e05fd639336c9c9f312c2a618396e2b6ca96846362fc5403f?s=96&d=mm&r=g","url":"https:\/\/secure.gravatar.com\/avatar\/1aef51541db7622e05fd639336c9c9f312c2a618396e2b6ca96846362fc5403f?s=96&d=mm&r=g","contentUrl":"https:\/\/secure.gravatar.com\/avatar\/1aef51541db7622e05fd639336c9c9f312c2a618396e2b6ca96846362fc5403f?s=96&d=mm&r=g","caption":"mpcontaspr"},"sameAs":["http:\/\/www.mpc.pr.gov.br"]}]}},"rttpg_featured_image_url":{"full":["https:\/\/www.mpc.pr.gov.br\/wp-content\/uploads\/2025\/12\/IMAGEM-SITE-masterclass-inovacidades-barbara.png",560,315,false],"landscape":["https:\/\/www.mpc.pr.gov.br\/wp-content\/uploads\/2025\/12\/IMAGEM-SITE-masterclass-inovacidades-barbara.png",560,315,false],"portraits":["https:\/\/www.mpc.pr.gov.br\/wp-content\/uploads\/2025\/12\/IMAGEM-SITE-masterclass-inovacidades-barbara.png",560,315,false],"thumbnail":["https:\/\/www.mpc.pr.gov.br\/wp-content\/uploads\/2025\/12\/IMAGEM-SITE-masterclass-inovacidades-barbara-150x150.png",150,150,true],"medium":["https:\/\/www.mpc.pr.gov.br\/wp-content\/uploads\/2025\/12\/IMAGEM-SITE-masterclass-inovacidades-barbara-300x169.png",300,169,true],"large":["https:\/\/www.mpc.pr.gov.br\/wp-content\/uploads\/2025\/12\/IMAGEM-SITE-masterclass-inovacidades-barbara.png",560,315,false],"1536x1536":["https:\/\/www.mpc.pr.gov.br\/wp-content\/uploads\/2025\/12\/IMAGEM-SITE-masterclass-inovacidades-barbara.png",560,315,false],"2048x2048":["https:\/\/www.mpc.pr.gov.br\/wp-content\/uploads\/2025\/12\/IMAGEM-SITE-masterclass-inovacidades-barbara.png",560,315,false],"ocean-thumb-m":["https:\/\/www.mpc.pr.gov.br\/wp-content\/uploads\/2025\/12\/IMAGEM-SITE-masterclass-inovacidades-barbara.png",560,315,false],"ocean-thumb-ml":["https:\/\/www.mpc.pr.gov.br\/wp-content\/uploads\/2025\/12\/IMAGEM-SITE-masterclass-inovacidades-barbara.png",560,315,false],"ocean-thumb-l":["https:\/\/www.mpc.pr.gov.br\/wp-content\/uploads\/2025\/12\/IMAGEM-SITE-masterclass-inovacidades-barbara.png",560,315,false]},"rttpg_author":{"display_name":"mpcontaspr","author_link":"https:\/\/www.mpc.pr.gov.br\/index.php\/author\/mpcontaspr\/"},"rttpg_comment":0,"rttpg_category":"<a href=\"https:\/\/www.mpc.pr.gov.br\/index.php\/category\/todas-as-noticias\/\" rel=\"category tag\">Todas as not\u00edcias<\/a>","rttpg_excerpt":"A Diretora-Geral do Minist\u00e9rio P\u00fablico de Contas do Paran\u00e1 (MPC-PR), Barbara Krysttal Motta Almeida Reis, participou nesta segunda-feira (8) do Masterclass on-line \u201cBoas pr\u00e1ticas de Gest\u00e3o de dados municipais e \u00f3rg\u00e3os de Controle, realizado pelo Parque de Inova\u00e7\u00e3o Tecnol\u00f3gica de S\u00e3o Jos\u00e9 dos Campos (PIT-SJC) em parceria com o MPC-PR. O evento integra o ciclo&hellip;","_links":{"self":[{"href":"https:\/\/www.mpc.pr.gov.br\/index.php\/wp-json\/wp\/v2\/posts\/24971","targetHints":{"allow":["GET"]}}],"collection":[{"href":"https:\/\/www.mpc.pr.gov.br\/index.php\/wp-json\/wp\/v2\/posts"}],"about":[{"href":"https:\/\/www.mpc.pr.gov.br\/index.php\/wp-json\/wp\/v2\/types\/post"}],"author":[{"embeddable":true,"href":"https:\/\/www.mpc.pr.gov.br\/index.php\/wp-json\/wp\/v2\/users\/1"}],"replies":[{"embeddable":true,"href":"https:\/\/www.mpc.pr.gov.br\/index.php\/wp-json\/wp\/v2\/comments?post=24971"}],"version-history":[{"count":1,"href":"https:\/\/www.mpc.pr.gov.br\/index.php\/wp-json\/wp\/v2\/posts\/24971\/revisions"}],"predecessor-version":[{"id":24973,"href":"https:\/\/www.mpc.pr.gov.br\/index.php\/wp-json\/wp\/v2\/posts\/24971\/revisions\/24973"}],"wp:featuredmedia":[{"embeddable":true,"href":"https:\/\/www.mpc.pr.gov.br\/index.php\/wp-json\/wp\/v2\/media\/24972"}],"wp:attachment":[{"href":"https:\/\/www.mpc.pr.gov.br\/index.php\/wp-json\/wp\/v2\/media?parent=24971"}],"wp:term":[{"taxonomy":"category","embeddable":true,"href":"https:\/\/www.mpc.pr.gov.br\/index.php\/wp-json\/wp\/v2\/categories?post=24971"},{"taxonomy":"post_tag","embeddable":true,"href":"https:\/\/www.mpc.pr.gov.br\/index.php\/wp-json\/wp\/v2\/tags?post=24971"}],"curies":[{"name":"wp","href":"https:\/\/api.w.org\/{rel}","templated":true}]}}